{"id":177524,"date":"2016-07-18T14:40:05","date_gmt":"2016-07-18T14:40:05","guid":{"rendered":"https:\/\/www.meydan.tv\/article\/sergey-markov-ermenistanda-siyasi-sferada-zorakiliq-seviyyesi-cox-yuksekdir\/"},"modified":"2016-07-18T14:40:05","modified_gmt":"2016-07-18T14:40:05","slug":"sergey-markov-ermenistanda-siyasi-sferada-zorakiliq-seviyyesi-cox-yuksekdir","status":"publish","type":"post","link":"https:\/\/www.meydan.tv\/az\/article\/sergey-markov-ermenistanda-siyasi-sferada-zorakiliq-seviyyesi-cox-yuksekdir\/","title":{"rendered":"Sergey Markov: Erm\u0259nistanda siyasi sferada zorak\u0131l\u0131q s\u0259viyy\u0259si \u00e7ox y\u00fcks\u0259kdir"},"content":{"rendered":"<figure class=\"wp-block-image size-large\">\n  <img decoding=\"async\" src=\"https:\/\/www.meydan.tv\/az\/sergey-markov\/\" alt=\"Sergey Markov\" class=\"wp-image-63455\"\/><figcaption>\n    Sergey Markov<br \/>\n  <\/figcaption><\/figure>\n<p>\n  Rauf Mirq\u0259dirov: M\u00fcnaqi\u015f\u0259nin h\u0259llin\u0259 ged\u0259n yol Kremlin regionda apard\u0131\u011f\u0131 siyas\u0259tin \u00e7\u0259r\u00e7iv\u0259sin\u0259 s\u0131\u011fm\u0131r\n<\/p>\n<p>\n  &#8220;Report&#8221; Rusiya K\u0130V-in\u0259 istinad\u0259n x\u0259b\u0259r verir ki, bu s\u00f6zl\u0259ri rusiyal\u0131 politoloq Sergey Markov m\u00fcxalif q\u00fcvv\u0259nin Yerevanda polis m\u0259nt\u0259q\u0259sini \u0259l\u0259 ke\u00e7irm\u0259sini \u015f\u0259rh ed\u0259rk\u0259n deyib.\n<\/p>\n<p>\n  O \u0259lav\u0259 edib ki, olaylar Serj Sarkisyan\u0131n prezident postundan m\u00fcmk\u00fcn uzaqla\u015fd\u0131r\u0131lmas\u0131 il\u0259 qorxusunu \u0259h\u0259miyy\u0259tli d\u0259r\u0259c\u0259d\u0259 art\u0131racaq.\n<\/p>\n<p>\n  &#8220;Ba\u015f ver\u0259nl\u0259r iki \u015feyd\u0259n x\u0259b\u0259r verir. Birincisi, Erm\u0259nistan\u0131n haz\u0131rk\u0131 prezidenti Serj Sarqsyanla ba\u011fl\u0131 geni\u015f naraz\u0131l\u0131q, o c\u00fcml\u0259d\u0259n onu prezident postundan salmaq niyy\u0259tind\u0259 olan t\u0259\u015fkilatlanm\u0131\u015f qruplar var. \u0130kincisi, Erm\u0259nistan siyas\u0259tind\u0259 zorak\u0131l\u0131q s\u0259viyy\u0259si \u00e7ox y\u00fcks\u0259kdir. \u018fvv\u0259ll\u0259r d\u0259 buna b\u0259nz\u0259r faktlar olub. Erm\u0259nistan maliyy\u0259 naziri Levon Barxudaryan\u0131n tribunada \u00e7\u0131x\u0131\u015f\u0131 zaman\u0131 terror\u00e7ular\u0131n i\u00e7\u0259ri daxil olub Erm\u0259nistan parlamentini, oraya topla\u015fan deputatlar\u0131 at\u0259\u015f\u0259 tutulmas\u0131n\u0131 xat\u0131rlamaq kifay\u0259tdir. Ba\u015fqa s\u00f6zl\u0259, Erm\u0259nistanda siyasi sferada zorak\u0131l\u0131q s\u0259viyy\u0259si \u00e7ox y\u00fcks\u0259kdir&#8221;, &#8211; dey\u0259 politoloq bildirib.\n<\/p>\n<p>\n  Sergey Markovun a\u00e7\u0131qkamas\u0131n\u0131 Meydan TV-y\u0259 \u015f\u0259rh ed\u0259n siyasi \u015f\u0259rh\u00e7i Rauf Mirq\u0259dirov deyib ki, Erm\u0259nistan v\u0259 Az\u0259rbaycana xarici t\u0259sirl\u0259r kifay\u0259t q\u0259d\u0259r g\u00fccl\u00fcd\u00fcr. D\u00fczd\u00fcr, Erm\u0259nistana daha g\u00fccl\u00fcd\u00fcr, bu \u00f6lk\u0259 daxilind\u0259 q\u00fcvv\u0259l\u0259r nisb\u0259ti Az\u0259rbaycandak\u0131 kimi deyil. Erm\u0259nistan daxilind\u0259 Serj Sarkisyana qar\u015f\u0131 g\u00fccl\u00fc m\u00fcxalif\u0259t var v\u0259 bu q\u00fcvv\u0259l\u0259rin xarici \u0259laq\u0259l\u0259ri d\u0259 yax\u015f\u0131d\u0131r. Bel\u0259 bir halda \u00f6lk\u0259 daxilind\u0259 g\u0259rginliyin yarad\u0131lmas\u0131yla Qaraba\u011fla ba\u011fl\u0131 dan\u0131\u015f\u0131qlar\u0131n l\u0259ngidilm\u0259si m\u00fcmk\u00fcn olan hald\u0131r: &#8220;Ancaq son hadis\u0259l\u0259rin Erm\u0259nistan\u0131n apar\u0131c\u0131 q\u00fcvv\u0259l\u0259rinin q\u0259rar\u0131 oldu\u011funa da inanm\u0131ram. Hesab edir\u0259m ki, dan\u0131\u015f\u0131qlar\u0131n s\u00fcr\u0259tinin azald\u0131lmas\u0131nda, g\u00fcz\u0259\u015ftl\u0259r\u0259 ged\u0259n yolun qapanmas\u0131nda maraql\u0131 olan xarici q\u00fcvv\u0259l\u0259r var v\u0259 bu, \u0259vv\u0259ll\u0259r oldu\u011fu kimi indi d\u0259 erm\u0259nil\u0259rin \u0259liyl\u0259 edilir. 1999-cu ilin oktyabr\u0131nda Erm\u0259nistan parlamentind\u0259 ba\u015f nazirin, spikerin, deputatlar\u0131n g\u00fcll\u0259l\u0259nm\u0259sini xat\u0131rlamaq yet\u0259r&#8221;.\n<\/p>\n<figure class=\"wp-block-image size-large\">\n  <img decoding=\"async\" src=\"https:\/\/www.meydan.tv\/az\/63462\/\" alt=\"\" class=\"wp-image-63462\"\/><figcaption>\n    Rauf Mirq\u0259dirov<br \/>\n  <\/figcaption><\/figure>\n<p>\n  Rauf Mirq\u0259dirov 17 iyulda Erubuni rayon polis idar\u0259sinin z\u0259bt olunmas\u0131n\u0131n geni\u015f miqyasl\u0131 aksiyalara \u00e7evril\u0259c\u0259yini d\u00fc\u015f\u00fcnm\u00fcr: &#8220;Amma m\u00fc\u0259yy\u0259n q\u00fcvv\u0259l\u0259r Sarkisyan\u0131 x\u0259b\u0259rdar edirl\u0259r ki, g\u00fcz\u0259\u015ft\u0259 ged\u0259rs\u0259, d\u00f6vl\u0259t \u00e7evrili\u015fi qa\u00e7\u0131lmaz olar. \u0130ndiki situasiya ondan ibar\u0259tdir ki, Az\u0259rbaycan 5, yaxud bir ne\u00e7\u0259 rayonu azad olunmas\u0131 v\u0259 ard\u0131nca Da\u011fl\u0131q Qaraba\u011f\u0131n aral\u0131q statusuyla ba\u011fl\u0131 m\u0259rh\u0259l\u0259li varianta haz\u0131rd\u0131r. M\u0259rh\u0259l\u0259li variantlardan biri regionda s\u00fclhm\u0259raml\u0131 q\u00fcvv\u0259l\u0259rin yerl\u0259\u015fdirilm\u0259si ola bil\u0259r. Ancaq Az\u0259rbaycan v\u0259 Erm\u0259nistan s\u00fclhm\u0259raml\u0131lar\u0131n Rusiya h\u0259rb\u00e7il\u0259rind\u0259n ibar\u0259t olmas\u0131nda maraql\u0131 deyill\u0259r. Bu halda m\u00fcnaqi\u015f\u0259nin h\u0259llin\u0259 ged\u0259n yol Kremlin regionda apard\u0131\u011f\u0131 siyas\u0259tin \u00e7\u0259r\u00e7iv\u0259sin\u0259 s\u0131\u011fm\u0131r. Ona g\u00f6r\u0259 Moskva m\u00fcnaqi\u015f\u0259nin h\u0259tta natamam h\u0259llin\u0259 ged\u0259n yolu da qapatmaq ist\u0259yir&#8221;.\n<\/p>\n<p>\n  Siyasi \u015f\u0259rh\u00e7i Rusiya m\u00fcdafi\u0259 naziri Sergey \u015eoyqunun \u00f6t\u0259n h\u0259ft\u0259nin sonunda &#8220;M\u0259rk\u0259z Asiya v\u0259 C\u0259nubi Qafqazda Suriya b\u00f6hran\u0131 t\u0259krarlana bil\u0259r&#8221; a\u00e7\u0131qlamas\u0131n\u0131 xat\u0131rladaraq bildirib ki, \u015fimal \u00f6lk\u0259nin iqtisadi durumunun getdikc\u0259 pisl\u0259\u015fm\u0259si Kremlin postsovet m\u0259kan\u0131ndak\u0131 \u0259n yax\u0131n t\u0259r\u0259fda\u015flar\u0131yla m\u00fcnasib\u0259tl\u0259rind\u0259ki istifad\u0259 ed\u0259 bil\u0259c\u0259k siyasi vasit\u0259l\u0259rin say\u0131n\u0131 azald\u0131b. Bu halda Rusiyan\u0131n xarici siyas\u0259tind\u0259 b\u0259zi probleml\u0259r yaran\u0131r. Bel\u0259 olanda Rusiyadak\u0131 b\u0259zi q\u00fcvv\u0259l\u0259r h\u0259min d\u00f6vl\u0259tl\u0259rd\u0259 daxili \u00e7axna\u015fmalar yaratma\u011fa maraql\u0131d\u0131rlar. \u00a0Qazax\u0131standa 18 iyulda ba\u015f ver\u0259n hadis\u0259l\u0259r d\u0259 s\u0131radan deyil. \u00a0Bununla da h\u0259min d\u00f6vl\u0259t r\u0259hb\u0259rl\u0259rini \u00f6zl\u0259rini m\u00fcdafi\u0259 etm\u0259k \u00fc\u00e7\u00fcn Moskvaya \u00fcz tutmaq m\u0259cburiyy\u0259tind\u0259 qoyurlar. Dem\u0259li, \u00a0Rusiyan\u0131n sosial-iqtisadi cazibadarl\u0131\u011f\u0131 olmad\u0131\u011f\u0131ndan bu resurslardan istifad\u0259 edir&#8221;.<\/p>\n","protected":false},"excerpt":{"rendered":"<p>Rauf Mirq\u0259dirov: M\u00fcnaqi\u015f\u0259nin h\u0259llin\u0259 ged\u0259n yol Kremlin regionda apard\u0131\u011f\u0131 siyas\u0259tin \u00e7\u0259r\u00e7iv\u0259sin\u0259 s\u0131\u011fm\u0131r<\/p>\n","protected":false},"author":11,"featured_media":63455,"comment_status":"closed","ping_status":"open","sticky":false,"template":"","format":"standard","meta":{"_acf_changed":false,"_sitemap_exclude":false,"_sitemap_priority":"","_sitemap_frequency":"","footnotes":""},"categories":[51],"tags":[],"class_list":["post-177524","post","type-post","status-publish","format-standard","has-post-thumbnail","hentry","category-analitika","infinite-scroll-item","generate-columns","tablet-grid-50","mobile-grid-100","grid-parent","grid-33","no-featured-image-padding"],"acf":[],"yoast_head":"<!-- This site is optimized with the Yoast SEO plugin v27.5 - https:\/\/yoast.com\/product\/yoast-seo-wordpress\/ -->\n<title>Sergey Markov: Erm\u0259nistanda siyasi sferada zorak\u0131l\u0131q s\u0259viyy\u0259si \u00e7ox y\u00fcks\u0259kdir - MEYDAN.TV<\/title>\n<meta name=\"robots\" content=\"index, follow, max-snippet:-1, max-image-preview:large, max-video-preview:-1\" \/>\n<link rel=\"canonical\" href=\"https:\/\/www.meydan.tv\/az\/article\/sergey-markov-ermenistanda-siyasi-sferada-zorakiliq-seviyyesi-cox-yuksekdir\/\" \/>\n<meta property=\"og:locale\" content=\"az_AZ\" \/>\n<meta property=\"og:type\" content=\"article\" \/>\n<meta property=\"og:title\" content=\"Sergey Markov: Erm\u0259nistanda siyasi sferada zorak\u0131l\u0131q s\u0259viyy\u0259si \u00e7ox y\u00fcks\u0259kdir - MEYDAN.TV\" \/>\n<meta property=\"og:description\" content=\"Rauf Mirq\u0259dirov: M\u00fcnaqi\u015f\u0259nin h\u0259llin\u0259 ged\u0259n yol Kremlin regionda apard\u0131\u011f\u0131 siyas\u0259tin \u00e7\u0259r\u00e7iv\u0259sin\u0259 s\u0131\u011fm\u0131r\" \/>\n<meta property=\"og:url\" content=\"https:\/\/www.meydan.tv\/az\/article\/sergey-markov-ermenistanda-siyasi-sferada-zorakiliq-seviyyesi-cox-yuksekdir\/\" \/>\n<meta property=\"og:site_name\" content=\"MEYDAN.TV\" \/>\n<meta property=\"article:published_time\" content=\"2016-07-18T14:40:05+00:00\" \/>\n<meta property=\"og:image\" content=\"https:\/\/www.meydan.tv\/wp-content\/uploads\/24189.jpg\" \/>\n\t<meta property=\"og:image:width\" content=\"750\" \/>\n\t<meta property=\"og:image:height\" content=\"500\" \/>\n\t<meta property=\"og:image:type\" content=\"image\/jpeg\" \/>\n<meta name=\"author\" content=\"user-manager\" \/>\n<meta name=\"twitter:card\" content=\"summary_large_image\" \/>\n<script type=\"application\/ld+json\" class=\"yoast-schema-graph\">{\"@context\":\"https:\\\/\\\/schema.org\",\"@graph\":[{\"@type\":\"Article\",\"@id\":\"https:\\\/\\\/www.meydan.tv\\\/az\\\/article\\\/sergey-markov-ermenistanda-siyasi-sferada-zorakiliq-seviyyesi-cox-yuksekdir\\\/#article\",\"isPartOf\":{\"@id\":\"https:\\\/\\\/www.meydan.tv\\\/az\\\/article\\\/sergey-markov-ermenistanda-siyasi-sferada-zorakiliq-seviyyesi-cox-yuksekdir\\\/\"},\"author\":{\"name\":\"user-manager\",\"@id\":\"https:\\\/\\\/www.meydan.tv\\\/az\\\/#\\\/schema\\\/person\\\/10d11eccf6da3662cf5fdab9806ea91a\"},\"headline\":\"Sergey Markov: Erm\u0259nistanda siyasi sferada zorak\u0131l\u0131q s\u0259viyy\u0259si \u00e7ox y\u00fcks\u0259kdir\",\"datePublished\":\"2016-07-18T14:40:05+00:00\",\"mainEntityOfPage\":{\"@id\":\"https:\\\/\\\/www.meydan.tv\\\/az\\\/article\\\/sergey-markov-ermenistanda-siyasi-sferada-zorakiliq-seviyyesi-cox-yuksekdir\\\/\"},\"wordCount\":761,\"publisher\":{\"@id\":\"https:\\\/\\\/www.meydan.tv\\\/az\\\/#organization\"},\"image\":{\"@id\":\"https:\\\/\\\/www.meydan.tv\\\/az\\\/article\\\/sergey-markov-ermenistanda-siyasi-sferada-zorakiliq-seviyyesi-cox-yuksekdir\\\/#primaryimage\"},\"thumbnailUrl\":\"https:\\\/\\\/www.meydan.tv\\\/wp-content\\\/uploads\\\/24189.jpg\",\"articleSection\":[\"Analitika\"],\"inLanguage\":\"az\"},{\"@type\":\"WebPage\",\"@id\":\"https:\\\/\\\/www.meydan.tv\\\/az\\\/article\\\/sergey-markov-ermenistanda-siyasi-sferada-zorakiliq-seviyyesi-cox-yuksekdir\\\/\",\"url\":\"https:\\\/\\\/www.meydan.tv\\\/az\\\/article\\\/sergey-markov-ermenistanda-siyasi-sferada-zorakiliq-seviyyesi-cox-yuksekdir\\\/\",\"name\":\"Sergey Markov: Erm\u0259nistanda siyasi sferada zorak\u0131l\u0131q s\u0259viyy\u0259si \u00e7ox y\u00fcks\u0259kdir - MEYDAN.TV\",\"isPartOf\":{\"@id\":\"https:\\\/\\\/www.meydan.tv\\\/az\\\/#website\"},\"primaryImageOfPage\":{\"@id\":\"https:\\\/\\\/www.meydan.tv\\\/az\\\/article\\\/sergey-markov-ermenistanda-siyasi-sferada-zorakiliq-seviyyesi-cox-yuksekdir\\\/#primaryimage\"},\"image\":{\"@id\":\"https:\\\/\\\/www.meydan.tv\\\/az\\\/article\\\/sergey-markov-ermenistanda-siyasi-sferada-zorakiliq-seviyyesi-cox-yuksekdir\\\/#primaryimage\"},\"thumbnailUrl\":\"https:\\\/\\\/www.meydan.tv\\\/wp-content\\\/uploads\\\/24189.jpg\",\"datePublished\":\"2016-07-18T14:40:05+00:00\",\"breadcrumb\":{\"@id\":\"https:\\\/\\\/www.meydan.tv\\\/az\\\/article\\\/sergey-markov-ermenistanda-siyasi-sferada-zorakiliq-seviyyesi-cox-yuksekdir\\\/#breadcrumb\"},\"inLanguage\":\"az\",\"potentialAction\":[{\"@type\":\"ReadAction\",\"target\":[\"https:\\\/\\\/www.meydan.tv\\\/az\\\/article\\\/sergey-markov-ermenistanda-siyasi-sferada-zorakiliq-seviyyesi-cox-yuksekdir\\\/\"]}]},{\"@type\":\"ImageObject\",\"inLanguage\":\"az\",\"@id\":\"https:\\\/\\\/www.meydan.tv\\\/az\\\/article\\\/sergey-markov-ermenistanda-siyasi-sferada-zorakiliq-seviyyesi-cox-yuksekdir\\\/#primaryimage\",\"url\":\"https:\\\/\\\/www.meydan.tv\\\/wp-content\\\/uploads\\\/24189.jpg\",\"contentUrl\":\"https:\\\/\\\/www.meydan.tv\\\/wp-content\\\/uploads\\\/24189.jpg\",\"width\":750,\"height\":500,\"caption\":\"Source:\"},{\"@type\":\"BreadcrumbList\",\"@id\":\"https:\\\/\\\/www.meydan.tv\\\/az\\\/article\\\/sergey-markov-ermenistanda-siyasi-sferada-zorakiliq-seviyyesi-cox-yuksekdir\\\/#breadcrumb\",\"itemListElement\":[{\"@type\":\"ListItem\",\"position\":1,\"name\":\"Ana s\u0259hif\u0259\",\"item\":\"https:\\\/\\\/www.meydan.tv\\\/az\\\/\"},{\"@type\":\"ListItem\",\"position\":2,\"name\":\"Analitika\",\"item\":\"https:\\\/\\\/www.meydan.tv\\\/az\\\/section\\\/analitika\\\/\"},{\"@type\":\"ListItem\",\"position\":3,\"name\":\"Sergey Markov: Erm\u0259nistanda siyasi sferada zorak\u0131l\u0131q s\u0259viyy\u0259si \u00e7ox y\u00fcks\u0259kdir\"}]},{\"@type\":\"WebSite\",\"@id\":\"https:\\\/\\\/www.meydan.tv\\\/az\\\/#website\",\"url\":\"https:\\\/\\\/www.meydan.tv\\\/az\\\/\",\"name\":\"MEYDAN.TV\",\"description\":\"Meydan TV Az\u0259rbaycan\u0131n media m\u0259kan\u0131ndak\u0131 alternativ s\u0259sidir\",\"publisher\":{\"@id\":\"https:\\\/\\\/www.meydan.tv\\\/az\\\/#organization\"},\"potentialAction\":[{\"@type\":\"SearchAction\",\"target\":{\"@type\":\"EntryPoint\",\"urlTemplate\":\"https:\\\/\\\/www.meydan.tv\\\/az\\\/?s={search_term_string}\"},\"query-input\":{\"@type\":\"PropertyValueSpecification\",\"valueRequired\":true,\"valueName\":\"search_term_string\"}}],\"inLanguage\":\"az\"},{\"@type\":\"Organization\",\"@id\":\"https:\\\/\\\/www.meydan.tv\\\/az\\\/#organization\",\"name\":\"Meydan TV\",\"url\":\"https:\\\/\\\/www.meydan.tv\\\/az\\\/\",\"logo\":{\"@type\":\"ImageObject\",\"inLanguage\":\"az\",\"@id\":\"https:\\\/\\\/www.meydan.tv\\\/az\\\/#\\\/schema\\\/logo\\\/image\\\/\",\"url\":\"https:\\\/\\\/www.meydan.tv\\\/wp-content\\\/uploads\\\/2021\\\/07\\\/meydan-logo.svg\",\"contentUrl\":\"https:\\\/\\\/www.meydan.tv\\\/wp-content\\\/uploads\\\/2021\\\/07\\\/meydan-logo.svg\",\"width\":195,\"height\":46,\"caption\":\"Meydan TV\"},\"image\":{\"@id\":\"https:\\\/\\\/www.meydan.tv\\\/az\\\/#\\\/schema\\\/logo\\\/image\\\/\"}},{\"@type\":\"Person\",\"@id\":\"https:\\\/\\\/www.meydan.tv\\\/az\\\/#\\\/schema\\\/person\\\/10d11eccf6da3662cf5fdab9806ea91a\",\"name\":\"user-manager\"}]}<\/script>\n<!-- \/ Yoast SEO plugin. -->","yoast_head_json":{"title":"Sergey Markov: Erm\u0259nistanda siyasi sferada zorak\u0131l\u0131q s\u0259viyy\u0259si \u00e7ox y\u00fcks\u0259kdir - MEYDAN.TV","robots":{"index":"index","follow":"follow","max-snippet":"max-snippet:-1","max-image-preview":"max-image-preview:large","max-video-preview":"max-video-preview:-1"},"canonical":"https:\/\/www.meydan.tv\/az\/article\/sergey-markov-ermenistanda-siyasi-sferada-zorakiliq-seviyyesi-cox-yuksekdir\/","og_locale":"az_AZ","og_type":"article","og_title":"Sergey Markov: Erm\u0259nistanda siyasi sferada zorak\u0131l\u0131q s\u0259viyy\u0259si \u00e7ox y\u00fcks\u0259kdir - MEYDAN.TV","og_description":"Rauf Mirq\u0259dirov: M\u00fcnaqi\u015f\u0259nin h\u0259llin\u0259 ged\u0259n yol Kremlin regionda apard\u0131\u011f\u0131 siyas\u0259tin \u00e7\u0259r\u00e7iv\u0259sin\u0259 s\u0131\u011fm\u0131r","og_url":"https:\/\/www.meydan.tv\/az\/article\/sergey-markov-ermenistanda-siyasi-sferada-zorakiliq-seviyyesi-cox-yuksekdir\/","og_site_name":"MEYDAN.TV","article_published_time":"2016-07-18T14:40:05+00:00","og_image":[{"width":750,"height":500,"url":"https:\/\/www.meydan.tv\/wp-content\/uploads\/24189.jpg","type":"image\/jpeg"}],"author":"user-manager","twitter_card":"summary_large_image","schema":{"@context":"https:\/\/schema.org","@graph":[{"@type":"Article","@id":"https:\/\/www.meydan.tv\/az\/article\/sergey-markov-ermenistanda-siyasi-sferada-zorakiliq-seviyyesi-cox-yuksekdir\/#article","isPartOf":{"@id":"https:\/\/www.meydan.tv\/az\/article\/sergey-markov-ermenistanda-siyasi-sferada-zorakiliq-seviyyesi-cox-yuksekdir\/"},"author":{"name":"user-manager","@id":"https:\/\/www.meydan.tv\/az\/#\/schema\/person\/10d11eccf6da3662cf5fdab9806ea91a"},"headline":"Sergey Markov: Erm\u0259nistanda siyasi sferada zorak\u0131l\u0131q s\u0259viyy\u0259si \u00e7ox y\u00fcks\u0259kdir","datePublished":"2016-07-18T14:40:05+00:00","mainEntityOfPage":{"@id":"https:\/\/www.meydan.tv\/az\/article\/sergey-markov-ermenistanda-siyasi-sferada-zorakiliq-seviyyesi-cox-yuksekdir\/"},"wordCount":761,"publisher":{"@id":"https:\/\/www.meydan.tv\/az\/#organization"},"image":{"@id":"https:\/\/www.meydan.tv\/az\/article\/sergey-markov-ermenistanda-siyasi-sferada-zorakiliq-seviyyesi-cox-yuksekdir\/#primaryimage"},"thumbnailUrl":"https:\/\/www.meydan.tv\/wp-content\/uploads\/24189.jpg","articleSection":["Analitika"],"inLanguage":"az"},{"@type":"WebPage","@id":"https:\/\/www.meydan.tv\/az\/article\/sergey-markov-ermenistanda-siyasi-sferada-zorakiliq-seviyyesi-cox-yuksekdir\/","url":"https:\/\/www.meydan.tv\/az\/article\/sergey-markov-ermenistanda-siyasi-sferada-zorakiliq-seviyyesi-cox-yuksekdir\/","name":"Sergey Markov: Erm\u0259nistanda siyasi sferada zorak\u0131l\u0131q s\u0259viyy\u0259si \u00e7ox y\u00fcks\u0259kdir - MEYDAN.TV","isPartOf":{"@id":"https:\/\/www.meydan.tv\/az\/#website"},"primaryImageOfPage":{"@id":"https:\/\/www.meydan.tv\/az\/article\/sergey-markov-ermenistanda-siyasi-sferada-zorakiliq-seviyyesi-cox-yuksekdir\/#primaryimage"},"image":{"@id":"https:\/\/www.meydan.tv\/az\/article\/sergey-markov-ermenistanda-siyasi-sferada-zorakiliq-seviyyesi-cox-yuksekdir\/#primaryimage"},"thumbnailUrl":"https:\/\/www.meydan.tv\/wp-content\/uploads\/24189.jpg","datePublished":"2016-07-18T14:40:05+00:00","breadcrumb":{"@id":"https:\/\/www.meydan.tv\/az\/article\/sergey-markov-ermenistanda-siyasi-sferada-zorakiliq-seviyyesi-cox-yuksekdir\/#breadcrumb"},"inLanguage":"az","potentialAction":[{"@type":"ReadAction","target":["https:\/\/www.meydan.tv\/az\/article\/sergey-markov-ermenistanda-siyasi-sferada-zorakiliq-seviyyesi-cox-yuksekdir\/"]}]},{"@type":"ImageObject","inLanguage":"az","@id":"https:\/\/www.meydan.tv\/az\/article\/sergey-markov-ermenistanda-siyasi-sferada-zorakiliq-seviyyesi-cox-yuksekdir\/#primaryimage","url":"https:\/\/www.meydan.tv\/wp-content\/uploads\/24189.jpg","contentUrl":"https:\/\/www.meydan.tv\/wp-content\/uploads\/24189.jpg","width":750,"height":500,"caption":"Source:"},{"@type":"BreadcrumbList","@id":"https:\/\/www.meydan.tv\/az\/article\/sergey-markov-ermenistanda-siyasi-sferada-zorakiliq-seviyyesi-cox-yuksekdir\/#breadcrumb","itemListElement":[{"@type":"ListItem","position":1,"name":"Ana s\u0259hif\u0259","item":"https:\/\/www.meydan.tv\/az\/"},{"@type":"ListItem","position":2,"name":"Analitika","item":"https:\/\/www.meydan.tv\/az\/section\/analitika\/"},{"@type":"ListItem","position":3,"name":"Sergey Markov: Erm\u0259nistanda siyasi sferada zorak\u0131l\u0131q s\u0259viyy\u0259si \u00e7ox y\u00fcks\u0259kdir"}]},{"@type":"WebSite","@id":"https:\/\/www.meydan.tv\/az\/#website","url":"https:\/\/www.meydan.tv\/az\/","name":"MEYDAN.TV","description":"Meydan TV Az\u0259rbaycan\u0131n media m\u0259kan\u0131ndak\u0131 alternativ s\u0259sidir","publisher":{"@id":"https:\/\/www.meydan.tv\/az\/#organization"},"potentialAction":[{"@type":"SearchAction","target":{"@type":"EntryPoint","urlTemplate":"https:\/\/www.meydan.tv\/az\/?s={search_term_string}"},"query-input":{"@type":"PropertyValueSpecification","valueRequired":true,"valueName":"search_term_string"}}],"inLanguage":"az"},{"@type":"Organization","@id":"https:\/\/www.meydan.tv\/az\/#organization","name":"Meydan TV","url":"https:\/\/www.meydan.tv\/az\/","logo":{"@type":"ImageObject","inLanguage":"az","@id":"https:\/\/www.meydan.tv\/az\/#\/schema\/logo\/image\/","url":"https:\/\/www.meydan.tv\/wp-content\/uploads\/2021\/07\/meydan-logo.svg","contentUrl":"https:\/\/www.meydan.tv\/wp-content\/uploads\/2021\/07\/meydan-logo.svg","width":195,"height":46,"caption":"Meydan TV"},"image":{"@id":"https:\/\/www.meydan.tv\/az\/#\/schema\/logo\/image\/"}},{"@type":"Person","@id":"https:\/\/www.meydan.tv\/az\/#\/schema\/person\/10d11eccf6da3662cf5fdab9806ea91a","name":"user-manager"}]}},"_links":{"self":[{"href":"https:\/\/www.meydan.tv\/az\/wp-json\/wp\/v2\/posts\/177524","targetHints":{"allow":["GET"]}}],"collection":[{"href":"https:\/\/www.meydan.tv\/az\/wp-json\/wp\/v2\/posts"}],"about":[{"href":"https:\/\/www.meydan.tv\/az\/wp-json\/wp\/v2\/types\/post"}],"author":[{"embeddable":true,"href":"https:\/\/www.meydan.tv\/az\/wp-json\/wp\/v2\/users\/11"}],"replies":[{"embeddable":true,"href":"https:\/\/www.meydan.tv\/az\/wp-json\/wp\/v2\/comments?post=177524"}],"version-history":[{"count":0,"href":"https:\/\/www.meydan.tv\/az\/wp-json\/wp\/v2\/posts\/177524\/revisions"}],"wp:featuredmedia":[{"embeddable":true,"href":"https:\/\/www.meydan.tv\/az\/wp-json\/wp\/v2\/media\/63455"}],"wp:attachment":[{"href":"https:\/\/www.meydan.tv\/az\/wp-json\/wp\/v2\/media?parent=177524"}],"wp:term":[{"taxonomy":"category","embeddable":true,"href":"https:\/\/www.meydan.tv\/az\/wp-json\/wp\/v2\/categories?post=177524"},{"taxonomy":"post_tag","embeddable":true,"href":"https:\/\/www.meydan.tv\/az\/wp-json\/wp\/v2\/tags?post=177524"}],"curies":[{"name":"wp","href":"https:\/\/api.w.org\/{rel}","templated":true}]}}