{"id":177028,"date":"2016-06-28T13:18:11","date_gmt":"2016-06-28T13:18:11","guid":{"rendered":"https:\/\/www.meydan.tv\/article\/munaqise-atet-in-illik-konfransinda-muzakireye-cixarilacaq\/"},"modified":"2016-06-28T13:18:11","modified_gmt":"2016-06-28T13:18:11","slug":"munaqise-atet-in-illik-konfransinda-muzakireye-cixarilacaq","status":"publish","type":"post","link":"https:\/\/www.meydan.tv\/az\/article\/munaqise-atet-in-illik-konfransinda-muzakireye-cixarilacaq\/","title":{"rendered":"M\u00fcnaqi\u015f\u0259 AT\u018fT-in illik konfrans\u0131nda m\u00fczakir\u0259y\u0259 \u00e7\u0131xar\u0131lacaq"},"content":{"rendered":"<figure class=\"wp-block-image size-large\">\n  <img decoding=\"async\" src=\"https:\/\/www.meydan.tv\/az\/61750\/\" alt=\"\" class=\"wp-image-61750\"\/><figcaption><\/figcaption><\/figure>\n<figure class=\"wp-block-image size-large\">\n  <img decoding=\"async\" src=\"https:\/\/www.meydan.tv\/az\/61750\/\" alt=\"\" class=\"wp-image-61750\"\/><figcaption><\/figcaption><\/figure>\n<p>\n  <i><br \/>\n    Ukrayna m\u00fcnaqi\u015f\u0259sin\u0259 dair ayr\u0131ca iclas ke\u00e7irilm\u0259si planla\u015fd\u0131r\u0131l\u0131r<br \/>\n  <\/i>\n<\/p>\n<p>\n  \u0130yunun 28-d\u0259 AT\u018fT-in Vyanadak\u0131 ba\u015f ofisind\u0259 t\u0259hl\u00fck\u0259sizlik sah\u0259sind\u0259 probleml\u0259rl\u0259 ba\u011fl\u0131 illik konfrans i\u015fin\u0259 ba\u015flayacaq.<\/p>\n<p>  \u00dc\u00e7 g\u00fcnl\u00fck konfrans\u0131n x\u00fcsusi sessiyas\u0131 AT\u018fT m\u0259kan\u0131nda m\u00fcnaqi\u015f\u0259li v\u0259ziyy\u0259tl\u0259r\u0259 v\u0259 onlar\u0131n region t\u0259hl\u00fck\u0259sizliyin\u0259 t\u0259sirl\u0259rin\u0259 h\u0259sr edil\u0259c\u0259k.<\/p>\n<p>  Bel\u0259 ki, Ukrayna, Da\u011fl\u0131q Qaraba\u011f, Dnestryan\u0131 m\u00fcnaqi\u015f\u0259l\u0259r konfrans\u0131n gedi\u015find\u0259 m\u00fczakir\u0259y\u0259 \u00e7\u0131xar\u0131lacaq.<\/p>\n<p>  Ukrayna m\u00fcnaqi\u015f\u0259sin\u0259 dair ayr\u0131ca iclas ke\u00e7irilm\u0259si planla\u015fd\u0131r\u0131l\u0131r.\n<\/p>\n<p>\n  <b><br \/>\n    <i><br \/>\n      APA<br \/>\n    <\/i><br \/>\n  <\/b><\/p>\n","protected":false},"excerpt":{"rendered":"<p>Ukrayna m\u00fcnaqi\u015f\u0259sin\u0259 dair ayr\u0131ca iclas ke\u00e7irilm\u0259si planla\u015fd\u0131r\u0131l\u0131r<\/p>\n","protected":false},"author":11,"featured_media":61750,"comment_status":"closed","ping_status":"open","sticky":false,"template":"","format":"standard","meta":{"_acf_changed":false,"_sitemap_exclude":false,"_sitemap_priority":"","_sitemap_frequency":"","footnotes":""},"categories":[51],"tags":[],"class_list":["post-177028","post","type-post","status-publish","format-standard","has-post-thumbnail","hentry","category-analitika","infinite-scroll-item","generate-columns","tablet-grid-50","mobile-grid-100","grid-parent","grid-33","no-featured-image-padding"],"acf":[],"yoast_head":"<!-- This site is optimized with the Yoast SEO plugin v27.5 - https:\/\/yoast.com\/product\/yoast-seo-wordpress\/ -->\n<title>M\u00fcnaqi\u015f\u0259 AT\u018fT-in illik konfrans\u0131nda m\u00fczakir\u0259y\u0259 \u00e7\u0131xar\u0131lacaq - MEYDAN.TV<\/title>\n<meta name=\"robots\" content=\"index, follow, max-snippet:-1, max-image-preview:large, max-video-preview:-1\" \/>\n<link rel=\"canonical\" href=\"https:\/\/www.meydan.tv\/az\/article\/munaqise-atet-in-illik-konfransinda-muzakireye-cixarilacaq\/\" \/>\n<meta property=\"og:locale\" content=\"az_AZ\" \/>\n<meta property=\"og:type\" content=\"article\" \/>\n<meta property=\"og:title\" content=\"M\u00fcnaqi\u015f\u0259 AT\u018fT-in illik konfrans\u0131nda m\u00fczakir\u0259y\u0259 \u00e7\u0131xar\u0131lacaq - MEYDAN.TV\" \/>\n<meta property=\"og:description\" content=\"Ukrayna m\u00fcnaqi\u015f\u0259sin\u0259 dair ayr\u0131ca iclas ke\u00e7irilm\u0259si planla\u015fd\u0131r\u0131l\u0131r\" \/>\n<meta property=\"og:url\" content=\"https:\/\/www.meydan.tv\/az\/article\/munaqise-atet-in-illik-konfransinda-muzakireye-cixarilacaq\/\" \/>\n<meta property=\"og:site_name\" content=\"MEYDAN.TV\" \/>\n<meta property=\"article:published_time\" content=\"2016-06-28T13:18:11+00:00\" \/>\n<meta property=\"og:image\" content=\"https:\/\/www.meydan.tv\/wp-content\/uploads\/23491.jpg\" \/>\n\t<meta property=\"og:image:width\" content=\"334\" \/>\n\t<meta property=\"og:image:height\" content=\"250\" \/>\n\t<meta property=\"og:image:type\" content=\"image\/jpeg\" \/>\n<meta name=\"author\" content=\"user-manager\" \/>\n<meta name=\"twitter:card\" content=\"summary_large_image\" \/>\n<script type=\"application\/ld+json\" class=\"yoast-schema-graph\">{\"@context\":\"https:\\\/\\\/schema.org\",\"@graph\":[{\"@type\":\"Article\",\"@id\":\"https:\\\/\\\/www.meydan.tv\\\/az\\\/article\\\/munaqise-atet-in-illik-konfransinda-muzakireye-cixarilacaq\\\/#article\",\"isPartOf\":{\"@id\":\"https:\\\/\\\/www.meydan.tv\\\/az\\\/article\\\/munaqise-atet-in-illik-konfransinda-muzakireye-cixarilacaq\\\/\"},\"author\":{\"name\":\"user-manager\",\"@id\":\"https:\\\/\\\/www.meydan.tv\\\/az\\\/#\\\/schema\\\/person\\\/10d11eccf6da3662cf5fdab9806ea91a\"},\"headline\":\"M\u00fcnaqi\u015f\u0259 AT\u018fT-in illik konfrans\u0131nda m\u00fczakir\u0259y\u0259 \u00e7\u0131xar\u0131lacaq\",\"datePublished\":\"2016-06-28T13:18:11+00:00\",\"mainEntityOfPage\":{\"@id\":\"https:\\\/\\\/www.meydan.tv\\\/az\\\/article\\\/munaqise-atet-in-illik-konfransinda-muzakireye-cixarilacaq\\\/\"},\"wordCount\":125,\"publisher\":{\"@id\":\"https:\\\/\\\/www.meydan.tv\\\/az\\\/#organization\"},\"image\":{\"@id\":\"https:\\\/\\\/www.meydan.tv\\\/az\\\/article\\\/munaqise-atet-in-illik-konfransinda-muzakireye-cixarilacaq\\\/#primaryimage\"},\"thumbnailUrl\":\"https:\\\/\\\/www.meydan.tv\\\/wp-content\\\/uploads\\\/23491.jpg\",\"articleSection\":[\"Analitika\"],\"inLanguage\":\"az\"},{\"@type\":\"WebPage\",\"@id\":\"https:\\\/\\\/www.meydan.tv\\\/az\\\/article\\\/munaqise-atet-in-illik-konfransinda-muzakireye-cixarilacaq\\\/\",\"url\":\"https:\\\/\\\/www.meydan.tv\\\/az\\\/article\\\/munaqise-atet-in-illik-konfransinda-muzakireye-cixarilacaq\\\/\",\"name\":\"M\u00fcnaqi\u015f\u0259 AT\u018fT-in illik konfrans\u0131nda m\u00fczakir\u0259y\u0259 \u00e7\u0131xar\u0131lacaq - MEYDAN.TV\",\"isPartOf\":{\"@id\":\"https:\\\/\\\/www.meydan.tv\\\/az\\\/#website\"},\"primaryImageOfPage\":{\"@id\":\"https:\\\/\\\/www.meydan.tv\\\/az\\\/article\\\/munaqise-atet-in-illik-konfransinda-muzakireye-cixarilacaq\\\/#primaryimage\"},\"image\":{\"@id\":\"https:\\\/\\\/www.meydan.tv\\\/az\\\/article\\\/munaqise-atet-in-illik-konfransinda-muzakireye-cixarilacaq\\\/#primaryimage\"},\"thumbnailUrl\":\"https:\\\/\\\/www.meydan.tv\\\/wp-content\\\/uploads\\\/23491.jpg\",\"datePublished\":\"2016-06-28T13:18:11+00:00\",\"breadcrumb\":{\"@id\":\"https:\\\/\\\/www.meydan.tv\\\/az\\\/article\\\/munaqise-atet-in-illik-konfransinda-muzakireye-cixarilacaq\\\/#breadcrumb\"},\"inLanguage\":\"az\",\"potentialAction\":[{\"@type\":\"ReadAction\",\"target\":[\"https:\\\/\\\/www.meydan.tv\\\/az\\\/article\\\/munaqise-atet-in-illik-konfransinda-muzakireye-cixarilacaq\\\/\"]}]},{\"@type\":\"ImageObject\",\"inLanguage\":\"az\",\"@id\":\"https:\\\/\\\/www.meydan.tv\\\/az\\\/article\\\/munaqise-atet-in-illik-konfransinda-muzakireye-cixarilacaq\\\/#primaryimage\",\"url\":\"https:\\\/\\\/www.meydan.tv\\\/wp-content\\\/uploads\\\/23491.jpg\",\"contentUrl\":\"https:\\\/\\\/www.meydan.tv\\\/wp-content\\\/uploads\\\/23491.jpg\",\"width\":334,\"height\":250,\"caption\":\"Source:\"},{\"@type\":\"BreadcrumbList\",\"@id\":\"https:\\\/\\\/www.meydan.tv\\\/az\\\/article\\\/munaqise-atet-in-illik-konfransinda-muzakireye-cixarilacaq\\\/#breadcrumb\",\"itemListElement\":[{\"@type\":\"ListItem\",\"position\":1,\"name\":\"Ana s\u0259hif\u0259\",\"item\":\"https:\\\/\\\/www.meydan.tv\\\/az\\\/\"},{\"@type\":\"ListItem\",\"position\":2,\"name\":\"Analitika\",\"item\":\"https:\\\/\\\/www.meydan.tv\\\/az\\\/section\\\/analitika\\\/\"},{\"@type\":\"ListItem\",\"position\":3,\"name\":\"M\u00fcnaqi\u015f\u0259 AT\u018fT-in illik konfrans\u0131nda m\u00fczakir\u0259y\u0259 \u00e7\u0131xar\u0131lacaq\"}]},{\"@type\":\"WebSite\",\"@id\":\"https:\\\/\\\/www.meydan.tv\\\/az\\\/#website\",\"url\":\"https:\\\/\\\/www.meydan.tv\\\/az\\\/\",\"name\":\"MEYDAN.TV\",\"description\":\"Meydan TV Az\u0259rbaycan\u0131n media m\u0259kan\u0131ndak\u0131 alternativ s\u0259sidir\",\"publisher\":{\"@id\":\"https:\\\/\\\/www.meydan.tv\\\/az\\\/#organization\"},\"potentialAction\":[{\"@type\":\"SearchAction\",\"target\":{\"@type\":\"EntryPoint\",\"urlTemplate\":\"https:\\\/\\\/www.meydan.tv\\\/az\\\/?s={search_term_string}\"},\"query-input\":{\"@type\":\"PropertyValueSpecification\",\"valueRequired\":true,\"valueName\":\"search_term_string\"}}],\"inLanguage\":\"az\"},{\"@type\":\"Organization\",\"@id\":\"https:\\\/\\\/www.meydan.tv\\\/az\\\/#organization\",\"name\":\"Meydan TV\",\"url\":\"https:\\\/\\\/www.meydan.tv\\\/az\\\/\",\"logo\":{\"@type\":\"ImageObject\",\"inLanguage\":\"az\",\"@id\":\"https:\\\/\\\/www.meydan.tv\\\/az\\\/#\\\/schema\\\/logo\\\/image\\\/\",\"url\":\"https:\\\/\\\/www.meydan.tv\\\/wp-content\\\/uploads\\\/2021\\\/07\\\/meydan-logo.svg\",\"contentUrl\":\"https:\\\/\\\/www.meydan.tv\\\/wp-content\\\/uploads\\\/2021\\\/07\\\/meydan-logo.svg\",\"width\":195,\"height\":46,\"caption\":\"Meydan TV\"},\"image\":{\"@id\":\"https:\\\/\\\/www.meydan.tv\\\/az\\\/#\\\/schema\\\/logo\\\/image\\\/\"}},{\"@type\":\"Person\",\"@id\":\"https:\\\/\\\/www.meydan.tv\\\/az\\\/#\\\/schema\\\/person\\\/10d11eccf6da3662cf5fdab9806ea91a\",\"name\":\"user-manager\"}]}<\/script>\n<!-- \/ Yoast SEO plugin. -->","yoast_head_json":{"title":"M\u00fcnaqi\u015f\u0259 AT\u018fT-in illik konfrans\u0131nda m\u00fczakir\u0259y\u0259 \u00e7\u0131xar\u0131lacaq - MEYDAN.TV","robots":{"index":"index","follow":"follow","max-snippet":"max-snippet:-1","max-image-preview":"max-image-preview:large","max-video-preview":"max-video-preview:-1"},"canonical":"https:\/\/www.meydan.tv\/az\/article\/munaqise-atet-in-illik-konfransinda-muzakireye-cixarilacaq\/","og_locale":"az_AZ","og_type":"article","og_title":"M\u00fcnaqi\u015f\u0259 AT\u018fT-in illik konfrans\u0131nda m\u00fczakir\u0259y\u0259 \u00e7\u0131xar\u0131lacaq - MEYDAN.TV","og_description":"Ukrayna m\u00fcnaqi\u015f\u0259sin\u0259 dair ayr\u0131ca iclas ke\u00e7irilm\u0259si planla\u015fd\u0131r\u0131l\u0131r","og_url":"https:\/\/www.meydan.tv\/az\/article\/munaqise-atet-in-illik-konfransinda-muzakireye-cixarilacaq\/","og_site_name":"MEYDAN.TV","article_published_time":"2016-06-28T13:18:11+00:00","og_image":[{"width":334,"height":250,"url":"https:\/\/www.meydan.tv\/wp-content\/uploads\/23491.jpg","type":"image\/jpeg"}],"author":"user-manager","twitter_card":"summary_large_image","schema":{"@context":"https:\/\/schema.org","@graph":[{"@type":"Article","@id":"https:\/\/www.meydan.tv\/az\/article\/munaqise-atet-in-illik-konfransinda-muzakireye-cixarilacaq\/#article","isPartOf":{"@id":"https:\/\/www.meydan.tv\/az\/article\/munaqise-atet-in-illik-konfransinda-muzakireye-cixarilacaq\/"},"author":{"name":"user-manager","@id":"https:\/\/www.meydan.tv\/az\/#\/schema\/person\/10d11eccf6da3662cf5fdab9806ea91a"},"headline":"M\u00fcnaqi\u015f\u0259 AT\u018fT-in illik konfrans\u0131nda m\u00fczakir\u0259y\u0259 \u00e7\u0131xar\u0131lacaq","datePublished":"2016-06-28T13:18:11+00:00","mainEntityOfPage":{"@id":"https:\/\/www.meydan.tv\/az\/article\/munaqise-atet-in-illik-konfransinda-muzakireye-cixarilacaq\/"},"wordCount":125,"publisher":{"@id":"https:\/\/www.meydan.tv\/az\/#organization"},"image":{"@id":"https:\/\/www.meydan.tv\/az\/article\/munaqise-atet-in-illik-konfransinda-muzakireye-cixarilacaq\/#primaryimage"},"thumbnailUrl":"https:\/\/www.meydan.tv\/wp-content\/uploads\/23491.jpg","articleSection":["Analitika"],"inLanguage":"az"},{"@type":"WebPage","@id":"https:\/\/www.meydan.tv\/az\/article\/munaqise-atet-in-illik-konfransinda-muzakireye-cixarilacaq\/","url":"https:\/\/www.meydan.tv\/az\/article\/munaqise-atet-in-illik-konfransinda-muzakireye-cixarilacaq\/","name":"M\u00fcnaqi\u015f\u0259 AT\u018fT-in illik konfrans\u0131nda m\u00fczakir\u0259y\u0259 \u00e7\u0131xar\u0131lacaq - MEYDAN.TV","isPartOf":{"@id":"https:\/\/www.meydan.tv\/az\/#website"},"primaryImageOfPage":{"@id":"https:\/\/www.meydan.tv\/az\/article\/munaqise-atet-in-illik-konfransinda-muzakireye-cixarilacaq\/#primaryimage"},"image":{"@id":"https:\/\/www.meydan.tv\/az\/article\/munaqise-atet-in-illik-konfransinda-muzakireye-cixarilacaq\/#primaryimage"},"thumbnailUrl":"https:\/\/www.meydan.tv\/wp-content\/uploads\/23491.jpg","datePublished":"2016-06-28T13:18:11+00:00","breadcrumb":{"@id":"https:\/\/www.meydan.tv\/az\/article\/munaqise-atet-in-illik-konfransinda-muzakireye-cixarilacaq\/#breadcrumb"},"inLanguage":"az","potentialAction":[{"@type":"ReadAction","target":["https:\/\/www.meydan.tv\/az\/article\/munaqise-atet-in-illik-konfransinda-muzakireye-cixarilacaq\/"]}]},{"@type":"ImageObject","inLanguage":"az","@id":"https:\/\/www.meydan.tv\/az\/article\/munaqise-atet-in-illik-konfransinda-muzakireye-cixarilacaq\/#primaryimage","url":"https:\/\/www.meydan.tv\/wp-content\/uploads\/23491.jpg","contentUrl":"https:\/\/www.meydan.tv\/wp-content\/uploads\/23491.jpg","width":334,"height":250,"caption":"Source:"},{"@type":"BreadcrumbList","@id":"https:\/\/www.meydan.tv\/az\/article\/munaqise-atet-in-illik-konfransinda-muzakireye-cixarilacaq\/#breadcrumb","itemListElement":[{"@type":"ListItem","position":1,"name":"Ana s\u0259hif\u0259","item":"https:\/\/www.meydan.tv\/az\/"},{"@type":"ListItem","position":2,"name":"Analitika","item":"https:\/\/www.meydan.tv\/az\/section\/analitika\/"},{"@type":"ListItem","position":3,"name":"M\u00fcnaqi\u015f\u0259 AT\u018fT-in illik konfrans\u0131nda m\u00fczakir\u0259y\u0259 \u00e7\u0131xar\u0131lacaq"}]},{"@type":"WebSite","@id":"https:\/\/www.meydan.tv\/az\/#website","url":"https:\/\/www.meydan.tv\/az\/","name":"MEYDAN.TV","description":"Meydan TV Az\u0259rbaycan\u0131n media m\u0259kan\u0131ndak\u0131 alternativ s\u0259sidir","publisher":{"@id":"https:\/\/www.meydan.tv\/az\/#organization"},"potentialAction":[{"@type":"SearchAction","target":{"@type":"EntryPoint","urlTemplate":"https:\/\/www.meydan.tv\/az\/?s={search_term_string}"},"query-input":{"@type":"PropertyValueSpecification","valueRequired":true,"valueName":"search_term_string"}}],"inLanguage":"az"},{"@type":"Organization","@id":"https:\/\/www.meydan.tv\/az\/#organization","name":"Meydan TV","url":"https:\/\/www.meydan.tv\/az\/","logo":{"@type":"ImageObject","inLanguage":"az","@id":"https:\/\/www.meydan.tv\/az\/#\/schema\/logo\/image\/","url":"https:\/\/www.meydan.tv\/wp-content\/uploads\/2021\/07\/meydan-logo.svg","contentUrl":"https:\/\/www.meydan.tv\/wp-content\/uploads\/2021\/07\/meydan-logo.svg","width":195,"height":46,"caption":"Meydan TV"},"image":{"@id":"https:\/\/www.meydan.tv\/az\/#\/schema\/logo\/image\/"}},{"@type":"Person","@id":"https:\/\/www.meydan.tv\/az\/#\/schema\/person\/10d11eccf6da3662cf5fdab9806ea91a","name":"user-manager"}]}},"_links":{"self":[{"href":"https:\/\/www.meydan.tv\/az\/wp-json\/wp\/v2\/posts\/177028","targetHints":{"allow":["GET"]}}],"collection":[{"href":"https:\/\/www.meydan.tv\/az\/wp-json\/wp\/v2\/posts"}],"about":[{"href":"https:\/\/www.meydan.tv\/az\/wp-json\/wp\/v2\/types\/post"}],"author":[{"embeddable":true,"href":"https:\/\/www.meydan.tv\/az\/wp-json\/wp\/v2\/users\/11"}],"replies":[{"embeddable":true,"href":"https:\/\/www.meydan.tv\/az\/wp-json\/wp\/v2\/comments?post=177028"}],"version-history":[{"count":0,"href":"https:\/\/www.meydan.tv\/az\/wp-json\/wp\/v2\/posts\/177028\/revisions"}],"wp:featuredmedia":[{"embeddable":true,"href":"https:\/\/www.meydan.tv\/az\/wp-json\/wp\/v2\/media\/61750"}],"wp:attachment":[{"href":"https:\/\/www.meydan.tv\/az\/wp-json\/wp\/v2\/media?parent=177028"}],"wp:term":[{"taxonomy":"category","embeddable":true,"href":"https:\/\/www.meydan.tv\/az\/wp-json\/wp\/v2\/categories?post=177028"},{"taxonomy":"post_tag","embeddable":true,"href":"https:\/\/www.meydan.tv\/az\/wp-json\/wp\/v2\/tags?post=177028"}],"curies":[{"name":"wp","href":"https:\/\/api.w.org\/{rel}","templated":true}]}}