{"id":177026,"date":"2016-06-28T11:18:26","date_gmt":"2016-06-28T11:18:26","guid":{"rendered":"https:\/\/www.meydan.tv\/article\/kosem-ve-argentinada-oliqarxiya\/"},"modified":"2016-06-28T11:18:26","modified_gmt":"2016-06-28T11:18:26","slug":"kosem-ve-argentinada-oliqarxiya","status":"publish","type":"post","link":"https:\/\/www.meydan.tv\/az\/article\/kosem-ve-argentinada-oliqarxiya\/","title":{"rendered":"K\u00f6sem v\u0259 Argentinada oliqarxiya"},"content":{"rendered":"<figure class=\"wp-block-image size-large\">\n  <img decoding=\"async\" src=\"https:\/\/www.meydan.tv\/az\/61693\/\" alt=\"\" class=\"wp-image-61693\"\/><figcaption><\/figcaption><\/figure>\n<figure class=\"wp-block-image size-large\">\n  <img decoding=\"async\" src=\"https:\/\/www.meydan.tv\/az\/61694\/\" alt=\"\" class=\"wp-image-61694\"\/><figcaption><\/figcaption><\/figure>\n<p>\n  Argentinada 1853-c\u00fc il Konstitusiyas\u0131 il\u0259 Ali M\u0259hk\u0259m\u0259 yarad\u0131lm\u0131\u015f, 1875-ci ild\u0259 is\u0259 ona AB\u015e Ali M\u0259hk\u0259m\u0259si kimi hakimiyy\u0259tin dig\u0259r qollar\u0131na n\u0259zar\u0259t funksiyas\u0131 h\u0259val\u0259 edilmi\u015fdi. O vaxtdan Argentina Ali M\u0259hk\u0259m\u0259si \u00f6lk\u0259d\u0259 demokratiyan\u0131n inki\u015faf\u0131n\u0131 t\u0259min ed\u0259n institutlardan biri olmu\u015fdu.\n<\/p>\n<p>\n  Ta ki, Xuan Dominqo Peron hakimiyy\u0259t\u0259 g\u0259l\u0259n\u0259 q\u0259d\u0259r. Peron demokratik se\u00e7ki yolu il\u0259 hakimiyy\u0259t\u0259 g\u0259l\u0259nd\u0259n (1946) q\u0131sa m\u00fcdd\u0259t sonra onun parlamentd\u0259ki t\u0259r\u0259fdarlar\u0131 Ali M\u0259hk\u0259m\u0259nin 5 hakimind\u0259n d\u00f6rd\u00fcn\u00fcn impi\u00e7ment\u0259 g\u00f6nd\u0259rilm\u0259si (v\u0259zif\u0259d\u0259n k\u0259narla\u015fd\u0131r\u0131lmas\u0131) bar\u0259d\u0259 m\u0259s\u0259l\u0259 qald\u0131rd\u0131lar.\n<\/p>\n<p>\n  Bu bar\u0259d\u0259 m\u00fcbahis\u0259l\u0259r v\u0259 inkluziv institutlar\u0131n t\u0259r\u0259fdarlar\u0131n\u0131n m\u00fcqavim\u0259tl\u0259ri \u00e7ox oldu, lakin Peron ist\u0259yin\u0259 nail oldu. Bu &#8220;nailiyy\u0259t&#8221; Argentina \u00fc\u00e7\u00fcn tarixi f\u0259lak\u0259t idi. Peron 1955-ci ild\u0259 h\u0259rbi \u00e7evrili\u015fl\u0259 devrildi, bundan sonra h\u0259bi v\u0259 m\u00fclki hakimiyy\u0259tl\u0259r Argentinada bir-birini \u0259v\u0259z etdi v\u0259 onlar\u0131n h\u0259r biri Ali M\u0259hk\u0259m\u0259y\u0259 \u00f6z hakiml\u0259rini yerl\u0259\u015fdirdi. Ali M\u0259hk\u0259m\u0259 h\u0259r yeni hakimiyy\u0259t qurulanda d\u0259yi\u015fil\u0259n v\u0259 \u0259lb\u0259tt\u0259 ki, h\u0259r bir m\u00f6vcud hakimiyy\u0259t\u0259 n\u00f6k\u0259r olan oyuncaq orqana \u00e7evrildi.\n<\/p>\n<p>\n  N\u0259tic\u0259d\u0259 Argentinan\u0131n inkluziv institutlar\u0131 s\u00fcqut etdi, siyasi v\u0259 iqtisadi b\u00f6hranlar ba\u015f verdi. H\u0259l\u0259 d\u0259 bu b\u00f6hranlar\u0131n alt\u0131ndan \u00e7\u0131xa bilm\u0259yibl\u0259r. Bir t\u0259\u015fkilatda (d\u00f6vl\u0259t d\u0259 siyasi t\u0259\u015fkilatd\u0131r) v\u0259zif\u0259li \u015f\u0259xsl\u0259r\u0259 h\u00fccum ed\u0259rk\u0259n, anlamaq laz\u0131md\u0131r ki, s\u0259n ora \u00f6z adam\u0131n\u0131 yerl\u0259\u015fdir\u0259nd\u0259 art\u0131q o orqan\u0131n n\u00fcfuzu, m\u00fcst\u0259qilliyi itir, o, s\u0259nin n\u00f6k\u0259rin\u0259 \u00e7evrilir, bu is\u0259 Argentinadak\u0131 kimi tarixi fiaskoya g\u0259tirib \u00e7\u0131xar\u0131r.\n<\/p>\n<p>\n  H\u00fcquqi se\u00e7ilmi\u015f v\u0259 ya t\u0259yin olunmu\u015f adam m\u0259hz h\u00fcquqi (qanuni yox, h\u00fcquqi) v\u0259 \u0259dal\u0259tli yolla v\u0259zif\u0259sind\u0259n k\u0259narla\u015fd\u0131r\u0131la bil\u0259r, h\u00fcquqi yol qanunvericilikd\u0259n daha ali bir \u015fey olmaqla \u0259dal\u0259ti d\u0259 ehtiva edir v\u0259 ya etm\u0259lidir. \u015e\u0259xsi q\u0259r\u0259z, f\u0259rdi m\u0259nafe toqqu\u015fmas\u0131 burada istisna olunur.\n<\/p>\n<p>\n  &#8220;K\u00f6sem&#8221; adl\u0131 serial gedirmi\u015f t\u00fcrk kanal\u0131ndan, onun bir ne\u00e7\u0259 d\u0259qiq\u0259sin\u0259 baxanda xat\u0131rlad\u0131m bunu. Osmanl\u0131 saray\u0131nda h\u0259r yeni g\u0259l\u0259n k\u00f6hn\u0259l\u0259ri v\u0259 onlar\u0131n d\u0259st\u0259k\u00e7il\u0259rini, eyni zamanda ehtimali davam\u00e7\u0131lar\u0131n\u0131 &#8211; qarda\u015f, u\u015faq, \u015fahzad\u0259 dem\u0259d\u0259n m\u0259hv edirdi.<br \/>\n  <br \/>\n  N\u0259tic\u0259d\u0259 he\u00e7 bir institut formala\u015fm\u0131r, formala\u015fanlar da ekstraktiv institutlar olur &#8211; sui-istifad\u0259y\u0259 a\u00e7\u0131q, oliqarxlara xidm\u0259t ed\u0259n. \u0130nkluziv institutlar\u0131n da\u011f\u0131d\u0131lmas\u0131 t\u0259\u015fkilat\u0131n m\u0259hvin\u0259 aparan \u0259n \u0259sas yoldur, qalan vasit\u0259l\u0259r bu yolda k\u00fc\u00e7\u0259 f\u0259n\u0259ri, s\u0259ki ola bil\u0259r. Osmanl\u0131 el\u0259 buna g\u00f6r\u0259 Q\u0259rbin inki\u015faf etmi\u015f d\u00f6vl\u0259tl\u0259rinin n\u00f6k\u0259ri oldu v\u0259 sonda da\u011f\u0131ld\u0131.\n<\/p>\n<p>\n  Ekstraktiv institutlar\u0131n, \u0259n\u0259n\u0259nin yarad\u0131lmas\u0131n\u0131n bir \u0259sas ziyan\u0131 da odur ki, bunlar bir d\u0259f\u0259 yarad\u0131landan sonra \u201cOliqarxiyan\u0131n d\u0259mir qanunu\u201d i\u015f\u0259 d\u00fc\u015f\u00fcr. \u201cOliqarxiyan\u0131n d\u0259mir qanunu\u201d Az\u0259rbaycan xalq\u0131n\u0131n anlayaca\u011f\u0131 dild\u0259 o dem\u0259kdir ki, \u201cbu gets\u0259, yerin\u0259 yax\u015f\u0131s\u0131 g\u0259lm\u0259y\u0259c\u0259k\u201d.\n<\/p>\n<p>\n  Y\u0259ni hakimiyy\u0259td\u0259ki oliqarx d\u0259yi\u015f\u0259nd\u0259 yeni hakimiyy\u0259t\u0259 g\u0259l\u0259n d\u0259 art\u0131q oturu\u015fmu\u015f institutlara m\u00fcvafiq olaraq, korrupsiyaya qur\u015fan\u0131r, h\u00fcquq v\u0259 azadl\u0131qlar\u0131 bo\u011fur, inkluziv (hakimiyy\u0259t b\u00f6lg\u00fcs\u00fcn\u0259, demokratiyaya, insan h\u00fcquq v\u0259 azadl\u0131qlar\u0131na \u0259saslanan) institutlar\u0131n qurulmas\u0131na mane olur.\n<\/p>\n<p>\n  \u018flb\u0259tt\u0259, \u201cOliqarxiyan\u0131n d\u0259mir qanunu\u201d ad\u0131 q\u0259d\u0259r m\u00f6hk\u0259m deyil. Tarixd\u0259 xeyli n\u00fcmun\u0259 var ki, oliqarxiyan\u0131 y\u0131xa bilib. Amma bu, asan deyil. H\u0259r halda bu \u201cd\u0259mir qanun\u201du s\u0131nd\u0131ra bilmi\u015f xalqlar bunu bacarmayanlardan d\u0259f\u0259l\u0259rl\u0259 azd\u0131r.<br \/>\n  <br \/>\n  Bir s\u00f6zl\u0259, \u0259sas m\u0259s\u0259l\u0259 institutla\u015fmad\u0131r. Hans\u0131sa t\u0259\u015fkilatda \u2013 f\u0259rqi yoxdur, bu, d\u00f6vl\u0259tdir, partiyad\u0131r, h\u0259r\u0259katd\u0131r, ya n\u0259dir \u2013 inkluziv institutlar formala\u015fmay\u0131bsa, h\u0259l\u0259 d\u0259 \u201cOliqarxiyan\u0131n d\u0259mir qanunu\u201d davam edirs\u0259, dem\u0259li, o t\u0259\u015fkilat f\u0259lak\u0259ti ya\u015famaqdad\u0131r.\n<\/p>\n<p>\n  M\u0259s\u0259l\u0259n, Q\u0131r\u011f\u0131z\u0131standa haz\u0131rda azad se\u00e7ki var. Amma hakimiyy\u0259td\u0259 eyni adamlar bir-birl\u0259rini \u0259v\u0259z edirl\u0259r, \u00e7\u00fcnki sistem d\u0259yi\u015fmir, ad v\u0259 soyadlar d\u0259yi\u015fir. Lap Putinl\u0259 Medvedev, Erdo\u011fanla Davuto\u011flu, Y\u0131ld\u0131r\u0131m kimi.\n<\/p>\n<p>\n  Yaxud kims\u0259 \u00f6z partiyas\u0131nda r\u0259hb\u0259r v\u0259zif\u0259d\u0259ki adam\u0131 d\u0259yi\u015fib, amma \u00f6z\u00fc faktiki idar\u0259 ed\u0259n kimi qal\u0131rsa, dem\u0259li, onun argentinal\u0131 Perondan bu sah\u0259d\u0259 f\u0259rqi yoxdur. H\u0259min adam \u00fc\u00e7\u00fcn d\u0259y\u0259rl\u0259r f\u0259rdi m\u0259nafed\u0259n a\u015fa\u011f\u0131dad\u0131r, Ali M\u0259hk\u0259m\u0259 daxil olmaqla m\u00fcst\u0259qil m\u0259hk\u0259m\u0259, azad m\u0259tbuat bu adam \u00fc\u00e7\u00fcn d\u00fc\u015fm\u0259n anlay\u0131\u015flard\u0131r.\n<\/p>\n<p>\n  B\u0259li, \u0259s\u0259rl\u0259 m\u00fc\u0259llif yaln\u0131z \u0259d\u0259biyyatda f\u0259rql\u0259nir. \u015e\u0259xsiyy\u0259tc\u0259 r\u0259zil m\u00fc\u0259llifin \u0259s\u0259ri g\u00f6z\u0259l ola bilir. Amma institutlarda bel\u0259 deyil. Bir adam t\u0259\u015fkilat\u0131nda, partiyas\u0131nda, evind\u0259, m\u0259clisd\u0259 inkluziv d\u0259y\u0259rl\u0259r\u0259, prinsipl\u0259r\u0259 h\u00f6rm\u0259t etmirs\u0259, o, inkluziv, insan h\u00fcquq v\u0259 azadl\u0131qlar\u0131n\u0131n t\u0259min edildiyi d\u00f6vl\u0259t, sistem qura bilm\u0259z. Onun qurdu\u011fu h\u0259r \u015fey \u00f6z\u00fcn\u00fcn f\u0259rdi mara\u011f\u0131na \u2013 KORRUPS\u0130YAya hesablan\u0131b.\n<\/p>\n<p>\n  <b><br \/>\n    Yaz\u0131 m\u00fc\u0259llifin \u015f\u0259xsi m\u00f6vqeyini \u0259ks etdirir. M\u00fc\u0259llifin m\u00f6vqeyi Meydan.Tv-nin m\u00f6vqeyi il\u0259 \u00fcst-\u00fcst\u0259 d\u00fc\u015fm\u0259y\u0259 bil\u0259r.<br \/>\n  <\/b>\n<\/p><\/p>\n","protected":false},"excerpt":{"rendered":"<p>R\u0259zil m\u00fc\u0259llifin \u0259s\u0259ri g\u00f6z\u0259l ola bilir<\/p>\n","protected":false},"author":11,"featured_media":61693,"comment_status":"closed","ping_status":"open","sticky":false,"template":"","format":"standard","meta":{"_acf_changed":false,"_sitemap_exclude":false,"_sitemap_priority":"","_sitemap_frequency":"","footnotes":""},"categories":[57],"tags":[],"class_list":["post-177026","post","type-post","status-publish","format-standard","has-post-thumbnail","hentry","category-menim-fikrimce","infinite-scroll-item","generate-columns","tablet-grid-50","mobile-grid-100","grid-parent","grid-33","no-featured-image-padding"],"acf":[],"yoast_head":"<!-- This site is optimized with the Yoast SEO plugin v27.5 - https:\/\/yoast.com\/product\/yoast-seo-wordpress\/ -->\n<title>K\u00f6sem v\u0259 Argentinada oliqarxiya - MEYDAN.TV<\/title>\n<meta name=\"robots\" content=\"index, follow, max-snippet:-1, max-image-preview:large, max-video-preview:-1\" \/>\n<link rel=\"canonical\" href=\"https:\/\/www.meydan.tv\/az\/article\/kosem-ve-argentinada-oliqarxiya\/\" \/>\n<meta property=\"og:locale\" content=\"az_AZ\" \/>\n<meta property=\"og:type\" content=\"article\" \/>\n<meta property=\"og:title\" content=\"K\u00f6sem v\u0259 Argentinada oliqarxiya - MEYDAN.TV\" \/>\n<meta property=\"og:description\" content=\"R\u0259zil m\u00fc\u0259llifin \u0259s\u0259ri g\u00f6z\u0259l ola bilir\" \/>\n<meta property=\"og:url\" content=\"https:\/\/www.meydan.tv\/az\/article\/kosem-ve-argentinada-oliqarxiya\/\" \/>\n<meta property=\"og:site_name\" content=\"MEYDAN.TV\" \/>\n<meta property=\"article:published_time\" content=\"2016-06-28T11:18:26+00:00\" \/>\n<meta property=\"og:image\" content=\"https:\/\/www.meydan.tv\/wp-content\/uploads\/23487.jpg\" \/>\n\t<meta property=\"og:image:width\" content=\"500\" \/>\n\t<meta property=\"og:image:height\" content=\"500\" \/>\n\t<meta property=\"og:image:type\" content=\"image\/jpeg\" \/>\n<meta name=\"author\" content=\"user-manager\" \/>\n<meta name=\"twitter:card\" content=\"summary_large_image\" \/>\n<script type=\"application\/ld+json\" class=\"yoast-schema-graph\">{\"@context\":\"https:\\\/\\\/schema.org\",\"@graph\":[{\"@type\":\"Article\",\"@id\":\"https:\\\/\\\/www.meydan.tv\\\/az\\\/article\\\/kosem-ve-argentinada-oliqarxiya\\\/#article\",\"isPartOf\":{\"@id\":\"https:\\\/\\\/www.meydan.tv\\\/az\\\/article\\\/kosem-ve-argentinada-oliqarxiya\\\/\"},\"author\":{\"name\":\"user-manager\",\"@id\":\"https:\\\/\\\/www.meydan.tv\\\/az\\\/#\\\/schema\\\/person\\\/10d11eccf6da3662cf5fdab9806ea91a\"},\"headline\":\"K\u00f6sem v\u0259 Argentinada oliqarxiya\",\"datePublished\":\"2016-06-28T11:18:26+00:00\",\"mainEntityOfPage\":{\"@id\":\"https:\\\/\\\/www.meydan.tv\\\/az\\\/article\\\/kosem-ve-argentinada-oliqarxiya\\\/\"},\"wordCount\":994,\"publisher\":{\"@id\":\"https:\\\/\\\/www.meydan.tv\\\/az\\\/#organization\"},\"image\":{\"@id\":\"https:\\\/\\\/www.meydan.tv\\\/az\\\/article\\\/kosem-ve-argentinada-oliqarxiya\\\/#primaryimage\"},\"thumbnailUrl\":\"https:\\\/\\\/www.meydan.tv\\\/wp-content\\\/uploads\\\/23487.jpg\",\"articleSection\":[\"M\u0259nim Fikrimc\u0259\"],\"inLanguage\":\"az\"},{\"@type\":\"WebPage\",\"@id\":\"https:\\\/\\\/www.meydan.tv\\\/az\\\/article\\\/kosem-ve-argentinada-oliqarxiya\\\/\",\"url\":\"https:\\\/\\\/www.meydan.tv\\\/az\\\/article\\\/kosem-ve-argentinada-oliqarxiya\\\/\",\"name\":\"K\u00f6sem v\u0259 Argentinada oliqarxiya - MEYDAN.TV\",\"isPartOf\":{\"@id\":\"https:\\\/\\\/www.meydan.tv\\\/az\\\/#website\"},\"primaryImageOfPage\":{\"@id\":\"https:\\\/\\\/www.meydan.tv\\\/az\\\/article\\\/kosem-ve-argentinada-oliqarxiya\\\/#primaryimage\"},\"image\":{\"@id\":\"https:\\\/\\\/www.meydan.tv\\\/az\\\/article\\\/kosem-ve-argentinada-oliqarxiya\\\/#primaryimage\"},\"thumbnailUrl\":\"https:\\\/\\\/www.meydan.tv\\\/wp-content\\\/uploads\\\/23487.jpg\",\"datePublished\":\"2016-06-28T11:18:26+00:00\",\"breadcrumb\":{\"@id\":\"https:\\\/\\\/www.meydan.tv\\\/az\\\/article\\\/kosem-ve-argentinada-oliqarxiya\\\/#breadcrumb\"},\"inLanguage\":\"az\",\"potentialAction\":[{\"@type\":\"ReadAction\",\"target\":[\"https:\\\/\\\/www.meydan.tv\\\/az\\\/article\\\/kosem-ve-argentinada-oliqarxiya\\\/\"]}]},{\"@type\":\"ImageObject\",\"inLanguage\":\"az\",\"@id\":\"https:\\\/\\\/www.meydan.tv\\\/az\\\/article\\\/kosem-ve-argentinada-oliqarxiya\\\/#primaryimage\",\"url\":\"https:\\\/\\\/www.meydan.tv\\\/wp-content\\\/uploads\\\/23487.jpg\",\"contentUrl\":\"https:\\\/\\\/www.meydan.tv\\\/wp-content\\\/uploads\\\/23487.jpg\",\"width\":500,\"height\":500,\"caption\":\"Source:\"},{\"@type\":\"BreadcrumbList\",\"@id\":\"https:\\\/\\\/www.meydan.tv\\\/az\\\/article\\\/kosem-ve-argentinada-oliqarxiya\\\/#breadcrumb\",\"itemListElement\":[{\"@type\":\"ListItem\",\"position\":1,\"name\":\"Ana s\u0259hif\u0259\",\"item\":\"https:\\\/\\\/www.meydan.tv\\\/az\\\/\"},{\"@type\":\"ListItem\",\"position\":2,\"name\":\"M\u0259nim Fikrimc\u0259\",\"item\":\"https:\\\/\\\/www.meydan.tv\\\/az\\\/section\\\/menim-fikrimce\\\/\"},{\"@type\":\"ListItem\",\"position\":3,\"name\":\"K\u00f6sem v\u0259 Argentinada oliqarxiya\"}]},{\"@type\":\"WebSite\",\"@id\":\"https:\\\/\\\/www.meydan.tv\\\/az\\\/#website\",\"url\":\"https:\\\/\\\/www.meydan.tv\\\/az\\\/\",\"name\":\"MEYDAN.TV\",\"description\":\"Meydan TV Az\u0259rbaycan\u0131n media m\u0259kan\u0131ndak\u0131 alternativ s\u0259sidir\",\"publisher\":{\"@id\":\"https:\\\/\\\/www.meydan.tv\\\/az\\\/#organization\"},\"potentialAction\":[{\"@type\":\"SearchAction\",\"target\":{\"@type\":\"EntryPoint\",\"urlTemplate\":\"https:\\\/\\\/www.meydan.tv\\\/az\\\/?s={search_term_string}\"},\"query-input\":{\"@type\":\"PropertyValueSpecification\",\"valueRequired\":true,\"valueName\":\"search_term_string\"}}],\"inLanguage\":\"az\"},{\"@type\":\"Organization\",\"@id\":\"https:\\\/\\\/www.meydan.tv\\\/az\\\/#organization\",\"name\":\"Meydan TV\",\"url\":\"https:\\\/\\\/www.meydan.tv\\\/az\\\/\",\"logo\":{\"@type\":\"ImageObject\",\"inLanguage\":\"az\",\"@id\":\"https:\\\/\\\/www.meydan.tv\\\/az\\\/#\\\/schema\\\/logo\\\/image\\\/\",\"url\":\"https:\\\/\\\/www.meydan.tv\\\/wp-content\\\/uploads\\\/2021\\\/07\\\/meydan-logo.svg\",\"contentUrl\":\"https:\\\/\\\/www.meydan.tv\\\/wp-content\\\/uploads\\\/2021\\\/07\\\/meydan-logo.svg\",\"width\":195,\"height\":46,\"caption\":\"Meydan TV\"},\"image\":{\"@id\":\"https:\\\/\\\/www.meydan.tv\\\/az\\\/#\\\/schema\\\/logo\\\/image\\\/\"}},{\"@type\":\"Person\",\"@id\":\"https:\\\/\\\/www.meydan.tv\\\/az\\\/#\\\/schema\\\/person\\\/10d11eccf6da3662cf5fdab9806ea91a\",\"name\":\"user-manager\"}]}<\/script>\n<!-- \/ Yoast SEO plugin. -->","yoast_head_json":{"title":"K\u00f6sem v\u0259 Argentinada oliqarxiya - MEYDAN.TV","robots":{"index":"index","follow":"follow","max-snippet":"max-snippet:-1","max-image-preview":"max-image-preview:large","max-video-preview":"max-video-preview:-1"},"canonical":"https:\/\/www.meydan.tv\/az\/article\/kosem-ve-argentinada-oliqarxiya\/","og_locale":"az_AZ","og_type":"article","og_title":"K\u00f6sem v\u0259 Argentinada oliqarxiya - MEYDAN.TV","og_description":"R\u0259zil m\u00fc\u0259llifin \u0259s\u0259ri g\u00f6z\u0259l ola bilir","og_url":"https:\/\/www.meydan.tv\/az\/article\/kosem-ve-argentinada-oliqarxiya\/","og_site_name":"MEYDAN.TV","article_published_time":"2016-06-28T11:18:26+00:00","og_image":[{"width":500,"height":500,"url":"https:\/\/www.meydan.tv\/wp-content\/uploads\/23487.jpg","type":"image\/jpeg"}],"author":"user-manager","twitter_card":"summary_large_image","schema":{"@context":"https:\/\/schema.org","@graph":[{"@type":"Article","@id":"https:\/\/www.meydan.tv\/az\/article\/kosem-ve-argentinada-oliqarxiya\/#article","isPartOf":{"@id":"https:\/\/www.meydan.tv\/az\/article\/kosem-ve-argentinada-oliqarxiya\/"},"author":{"name":"user-manager","@id":"https:\/\/www.meydan.tv\/az\/#\/schema\/person\/10d11eccf6da3662cf5fdab9806ea91a"},"headline":"K\u00f6sem v\u0259 Argentinada oliqarxiya","datePublished":"2016-06-28T11:18:26+00:00","mainEntityOfPage":{"@id":"https:\/\/www.meydan.tv\/az\/article\/kosem-ve-argentinada-oliqarxiya\/"},"wordCount":994,"publisher":{"@id":"https:\/\/www.meydan.tv\/az\/#organization"},"image":{"@id":"https:\/\/www.meydan.tv\/az\/article\/kosem-ve-argentinada-oliqarxiya\/#primaryimage"},"thumbnailUrl":"https:\/\/www.meydan.tv\/wp-content\/uploads\/23487.jpg","articleSection":["M\u0259nim Fikrimc\u0259"],"inLanguage":"az"},{"@type":"WebPage","@id":"https:\/\/www.meydan.tv\/az\/article\/kosem-ve-argentinada-oliqarxiya\/","url":"https:\/\/www.meydan.tv\/az\/article\/kosem-ve-argentinada-oliqarxiya\/","name":"K\u00f6sem v\u0259 Argentinada oliqarxiya - MEYDAN.TV","isPartOf":{"@id":"https:\/\/www.meydan.tv\/az\/#website"},"primaryImageOfPage":{"@id":"https:\/\/www.meydan.tv\/az\/article\/kosem-ve-argentinada-oliqarxiya\/#primaryimage"},"image":{"@id":"https:\/\/www.meydan.tv\/az\/article\/kosem-ve-argentinada-oliqarxiya\/#primaryimage"},"thumbnailUrl":"https:\/\/www.meydan.tv\/wp-content\/uploads\/23487.jpg","datePublished":"2016-06-28T11:18:26+00:00","breadcrumb":{"@id":"https:\/\/www.meydan.tv\/az\/article\/kosem-ve-argentinada-oliqarxiya\/#breadcrumb"},"inLanguage":"az","potentialAction":[{"@type":"ReadAction","target":["https:\/\/www.meydan.tv\/az\/article\/kosem-ve-argentinada-oliqarxiya\/"]}]},{"@type":"ImageObject","inLanguage":"az","@id":"https:\/\/www.meydan.tv\/az\/article\/kosem-ve-argentinada-oliqarxiya\/#primaryimage","url":"https:\/\/www.meydan.tv\/wp-content\/uploads\/23487.jpg","contentUrl":"https:\/\/www.meydan.tv\/wp-content\/uploads\/23487.jpg","width":500,"height":500,"caption":"Source:"},{"@type":"BreadcrumbList","@id":"https:\/\/www.meydan.tv\/az\/article\/kosem-ve-argentinada-oliqarxiya\/#breadcrumb","itemListElement":[{"@type":"ListItem","position":1,"name":"Ana s\u0259hif\u0259","item":"https:\/\/www.meydan.tv\/az\/"},{"@type":"ListItem","position":2,"name":"M\u0259nim Fikrimc\u0259","item":"https:\/\/www.meydan.tv\/az\/section\/menim-fikrimce\/"},{"@type":"ListItem","position":3,"name":"K\u00f6sem v\u0259 Argentinada oliqarxiya"}]},{"@type":"WebSite","@id":"https:\/\/www.meydan.tv\/az\/#website","url":"https:\/\/www.meydan.tv\/az\/","name":"MEYDAN.TV","description":"Meydan TV Az\u0259rbaycan\u0131n media m\u0259kan\u0131ndak\u0131 alternativ s\u0259sidir","publisher":{"@id":"https:\/\/www.meydan.tv\/az\/#organization"},"potentialAction":[{"@type":"SearchAction","target":{"@type":"EntryPoint","urlTemplate":"https:\/\/www.meydan.tv\/az\/?s={search_term_string}"},"query-input":{"@type":"PropertyValueSpecification","valueRequired":true,"valueName":"search_term_string"}}],"inLanguage":"az"},{"@type":"Organization","@id":"https:\/\/www.meydan.tv\/az\/#organization","name":"Meydan TV","url":"https:\/\/www.meydan.tv\/az\/","logo":{"@type":"ImageObject","inLanguage":"az","@id":"https:\/\/www.meydan.tv\/az\/#\/schema\/logo\/image\/","url":"https:\/\/www.meydan.tv\/wp-content\/uploads\/2021\/07\/meydan-logo.svg","contentUrl":"https:\/\/www.meydan.tv\/wp-content\/uploads\/2021\/07\/meydan-logo.svg","width":195,"height":46,"caption":"Meydan TV"},"image":{"@id":"https:\/\/www.meydan.tv\/az\/#\/schema\/logo\/image\/"}},{"@type":"Person","@id":"https:\/\/www.meydan.tv\/az\/#\/schema\/person\/10d11eccf6da3662cf5fdab9806ea91a","name":"user-manager"}]}},"_links":{"self":[{"href":"https:\/\/www.meydan.tv\/az\/wp-json\/wp\/v2\/posts\/177026","targetHints":{"allow":["GET"]}}],"collection":[{"href":"https:\/\/www.meydan.tv\/az\/wp-json\/wp\/v2\/posts"}],"about":[{"href":"https:\/\/www.meydan.tv\/az\/wp-json\/wp\/v2\/types\/post"}],"author":[{"embeddable":true,"href":"https:\/\/www.meydan.tv\/az\/wp-json\/wp\/v2\/users\/11"}],"replies":[{"embeddable":true,"href":"https:\/\/www.meydan.tv\/az\/wp-json\/wp\/v2\/comments?post=177026"}],"version-history":[{"count":0,"href":"https:\/\/www.meydan.tv\/az\/wp-json\/wp\/v2\/posts\/177026\/revisions"}],"wp:featuredmedia":[{"embeddable":true,"href":"https:\/\/www.meydan.tv\/az\/wp-json\/wp\/v2\/media\/61693"}],"wp:attachment":[{"href":"https:\/\/www.meydan.tv\/az\/wp-json\/wp\/v2\/media?parent=177026"}],"wp:term":[{"taxonomy":"category","embeddable":true,"href":"https:\/\/www.meydan.tv\/az\/wp-json\/wp\/v2\/categories?post=177026"},{"taxonomy":"post_tag","embeddable":true,"href":"https:\/\/www.meydan.tv\/az\/wp-json\/wp\/v2\/tags?post=177026"}],"curies":[{"name":"wp","href":"https:\/\/api.w.org\/{rel}","templated":true}]}}