{"id":177025,"date":"2016-06-28T00:24:48","date_gmt":"2016-06-28T00:24:48","guid":{"rendered":"https:\/\/www.meydan.tv\/article\/professor-douelin-basi\/"},"modified":"2016-06-28T00:24:48","modified_gmt":"2016-06-28T00:24:48","slug":"professor-douelin-basi","status":"publish","type":"post","link":"https:\/\/www.meydan.tv\/az\/article\/professor-douelin-basi\/","title":{"rendered":"Professor Douelin ba\u015f\u0131"},"content":{"rendered":"<figure class=\"wp-block-image size-large\">\n  <img decoding=\"async\" src=\"https:\/\/www.meydan.tv\/az\/61747\/\" alt=\"\" class=\"wp-image-61747\"\/><figcaption><\/figcaption><\/figure>\n<figure class=\"wp-block-image size-large\">\n  <img decoding=\"async\" src=\"https:\/\/www.meydan.tv\/az\/61744\/\" alt=\"\" class=\"wp-image-61744\"\/><figcaption><\/figcaption><\/figure>\n<p>\n  2017-ci ilin dekabr ay\u0131nda \u0130talyan c\u0259rrah Sergio Kanaveron Rusiyada ya\u015fayan v\u0259 irsi Verdniq-Hoffman x\u0259st\u0259liyind\u0259n \u0259ziyy\u0259t \u00e7\u0259k\u0259n 30 ya\u015fl\u0131 komp\u00fcter m\u00fct\u0259x\u0259ssisi Valeriy Spiridonovun ba\u015f n\u0259qli \u0259m\u0259liyyat\u0131n\u0131 h\u0259yata ke\u00e7ir\u0259c\u0259k. Bu tarixd\u0259 ilk d\u0259f\u0259 ba\u015f ver\u0259c\u0259k. \u00c7inli c\u0259rrah Ren Xiaoping, bu riskli \u0259m\u0259liyyatda Sergio Canaveroya k\u00f6m\u0259k\u00e7i olma\u011fa raz\u0131la\u015f\u0131b.<\/p>\n<p>  Bu x\u0259b\u0259ri e\u015fid\u0259nd\u0259 rus yaz\u0131\u00e7\u0131s\u0131 Aleksandr Belyayevin fantastik janrda q\u0259l\u0259m\u0259 ald\u0131\u011f\u0131 \u201cProfessor Douelin ba\u015f\u0131\u201d \u0259s\u0259ri g\u00f6z\u00fcm\u00fcn \u00f6n\u00fcn\u0259 g\u0259ldi. H\u0259min povestd\u0259 m\u00fc\u0259lliminin ba\u015f\u0131n\u0131 yenid\u0259n dirild\u0259n, onun a\u011fl\u0131n\u0131 \u00f6z\u00fcn\u00fc xidm\u0259t etm\u0259y\u0259 m\u0259cbur ed\u0259n v\u0259 bu yolla \u015f\u00f6hr\u0259tl\u0259nm\u0259k ist\u0259y\u0259n doktor Kernin insanl\u0131\u011fa uyu\u015fmayan \u0259m\u0259ll\u0259rind\u0259n dan\u0131\u015f\u0131l\u0131r.\n<\/p>\n<p>\n  Fantastika sev\u0259nl\u0259r \u00fc\u00e7\u00fcn ideal \u0259s\u0259r say\u0131lan \u201cProfessor Douelin ba\u015f\u0131\u201d kitab\u0131n\u0131 2014-c\u00fc ild\u0259 Kr\u0131mda m\u00fcalic\u0259d\u0259 olark\u0259n oxumu\u015fdum. M\u00fctali\u0259 vaxtlar\u0131m \u00e7ox vaxt sanatoriyada prosedurlar q\u0259bul etdiyim zamanlara d\u00fc\u015f\u00fcrd\u00fc. Kitab\u0131 oxuduqca q\u0259rib\u0259 hissl\u0259r ke\u00e7irirdim. \u018fs\u0259rd\u0259 t\u0259svir olunmu\u015f x\u0259st\u0259xana, t\u0259cr\u00fcb\u0259 otaqlar\u0131 m\u00fcalic\u0259 ald\u0131\u011f\u0131m sanatoriyan\u0131n otaqlar\u0131na \u00e7ox ox\u015fay\u0131rd\u0131. H\u0259min vaxt ald\u0131\u011f\u0131m m\u00fcalic\u0259l\u0259rin t\u0259siri m\u0259nd\u0259 psixoloji h\u0259ssasl\u0131q yaratd\u0131\u011f\u0131 \u00fc\u00e7\u00fcn \u0259s\u0259rd\u0259ki qorxulu m\u0259qamlar\u0131 daha qabar\u0131q q\u0259bul edirdim.\n<\/p>\n<p>\n  D\u0259hlizd\u0259 bir k\u00fcncd\u0259 dayan\u0131b, kitaba el\u0259 ba\u011flanm\u0131\u015fd\u0131m ki, n\u00f6vb\u0259ti prosedur \u00fc\u00e7\u00fcn t\u0259lim\u00e7il\u0259r ad\u0131m\u0131 bir ne\u00e7\u0259 d\u0259f\u0259 t\u0259krarlamal\u0131 olurdular. H\u0259tta b\u0259z\u0259n anid\u0259n ba\u015f\u0131m\u0131 qald\u0131r\u0131b, \u0259traf\u0131ma baxanda yan\u0131mdan ke\u00e7\u0259n a\u011f xalatl\u0131 ya\u015fl\u0131 h\u0259kiml\u0259ri g\u00f6r\u0259nd\u0259 t\u0259\u015fvi\u015f\u0259 d\u00fc\u015f\u00fcrd\u00fcm. Bir anl\u0131q \u00f6z\u00fcm\u00fc sanki \u0259s\u0259rin i\u00e7ind\u0259 hiss edir, oradak\u0131 pis xarakter\u0259 malik h\u0259kimi yan\u0131mdan \u00f6t\u0259n h\u0259kiml\u0259r\u0259 b\u0259nz\u0259dirdim.\n<\/p>\n<p>\n  Ordak\u0131 h\u0259yacanverici s\u00fcjet x\u0259tti v\u0259 hadis\u0259l\u0259r m\u0259n\u0259 ke\u00e7irdiyim q\u0259zadan sonra a\u011f\u0131r reanimasiyadak\u0131 v\u0259ziyy\u0259timi xat\u0131rlad\u0131rd\u0131. O vaxt v\u0259ziyy\u0259tim o q\u0259d\u0259r a\u011f\u0131r idi ki, eyni professor Douel kimi ancaq ba\u015f\u0131m\u0131 t\u0259rp\u0259d\u0259 bilirdim. Douelin ba\u015f\u0131n\u0131 h\u0259yatda saxlamaq \u00fc\u00e7\u00fcn ona qo\u015fulan silindir borulardan m\u0259nim d\u0259 burnuma, bo\u011faz\u0131ma salm\u0131\u015fd\u0131lar. Burnumdak\u0131 zond vasit\u0259si il\u0259 m\u0259d\u0259m\u0259 horra hal\u0131nda yem\u0259kl\u0259r \u00f6t\u00fcr\u00fcrd\u00fcl\u0259r.\n<\/p>\n<p>\n  Bo\u011faz\u0131mdak\u0131 boru is\u0259 s\u00fcni n\u0259f\u0259s aparat\u0131 idi. H\u0259min \u0259r\u0259f\u0259d\u0259 m\u0259n d\u0259 professor Douel kimi dan\u0131\u015fa bilmirdim. Professorun m\u0259n\u0259vi a\u011fr\u0131lar\u0131n\u0131 oxuduqca o g\u00fcnl\u0259ri xat\u0131rlay\u0131r, \u0259ziyy\u0259t \u00e7\u0259kirdim. Professora v\u0259 oradak\u0131 dig\u0259r pasiyentl\u0259r\u0259 xidm\u0259t ed\u0259n h\u0259kim, assistent Loran m\u0259n\u0259 reanimasiyadak\u0131 tibb bac\u0131lar\u0131 kimi xidm\u0259t edirdi.<\/p>\n<p>  \u018fs\u0259rd\u0259 q\u0259za n\u0259tic\u0259sind\u0259 h\u0259lak olmu\u015f f\u0259hl\u0259 Toma Bu\u015f v\u0259 silahl\u0131 at\u0131\u015fma n\u0259tic\u0259sind\u0259 \u00f6ld\u00fcr\u00fcl\u0259n bar m\u00fc\u011f\u0259nnisi Brikenin ba\u015flar\u0131 professor Kern t\u0259r\u0259find\u0259n dirildilir. Dem\u0259li, orada bir ne\u00e7\u0259 x\u00fcsusi m\u0259qamlar var ki, m\u0259n\u0259 a\u011f\u0131r reanimasiyadak\u0131 hadis\u0259l\u0259ri xat\u0131rlad\u0131r. S\u0259h\u0259rl\u0259r m\u0259nim \u0259l-\u00fcz\u00fcm\u00fc yuyark\u0259n toxunu\u015flardan, s\u00fcng\u0259rd\u0259n v\u0259 sudan ald\u0131\u011f\u0131m l\u0259zz\u0259t&#8230; Toma Bu\u015fun (Toma Bu\u015fun ba\u015f\u0131n\u0131n) da s\u0259h\u0259rl\u0259r yuyunark\u0259n h\u0259min duy\u011fular\u0131 ya\u015famas\u0131 m\u0259ni h\u0259min ill\u0259r\u0259 yenid\u0259n qaytard\u0131.\n<\/p>\n<p>\n  M\u0259n d\u0259 h\u0259min aciz ba\u015flar kimi he\u00e7 n\u0259 ed\u0259 bilmirdim. Brike kimi tibb bac\u0131lar\u0131ndan xahi\u015f edirdim ki, g\u00fczg\u00fcn\u00fc \u00fcz\u00fcm\u0259 tutsunlar, sa\u00e7\u0131m\u0131 daray\u0131b, qaydaya sals\u0131nlar. \u018fll\u0259rim s\u00f6z\u00fcm\u0259 baxm\u0131rd\u0131, g\u00fcc\u00fcm-heyim yox idi. Eyni h\u0259min personajlar kimi \u00f6z\u00fcm\u00fc b\u0259d\u0259nsiz ba\u015f kimi hiss edirdim.\n<\/p>\n<p>\n  S\u00fcni n\u0259f\u0259s aparat\u0131nda oldu\u011fum \u00fc\u00e7\u00fcn dan\u0131\u015fa bilmirdim. \u018fs\u0259rd\u0259 x\u00fcsusi kran var ki, h\u0259min kran\u0131n a\u00e7\u0131l\u0131b-ba\u011flanmas\u0131 ba\u015flar\u0131n dan\u0131\u015f\u0131q yollar\u0131n\u0131 a\u00e7\u0131b-ba\u011flama\u011fa xidm\u0259t edir. Kran\u0131 a\u00e7ark\u0259n ba\u015flar dan\u0131\u015fa bilir, ba\u011flayark\u0259n is\u0259 \u0259ksin\u0259 dan\u0131\u015f\u0131qdan m\u0259hrum olurlar. M\u0259n 23 g\u00fcn bel\u0259 v\u0259ziyy\u0259td\u0259 olmu\u015fam. Oradak\u0131 ba\u015flardan f\u0259rqli olaraq m\u0259nim dan\u0131\u015fmam \u00fc\u00e7\u00fcn hans\u0131sa h\u0259kimin, tibb bac\u0131s\u0131n\u0131n irad\u0259si v\u0259 ist\u0259yi il\u0259 hans\u0131sa kran a\u00e7\u0131l\u0131b-ba\u011flanm\u0131rd\u0131.\n<\/p>\n<p>\n  Bu hal davaml\u0131 oldu, taa o g\u00fcn\u0259 kimi ki, m\u0259n m\u00fcbariz\u0259 apararaq, s\u0259ras\u0259r n\u0259f\u0259s m\u0259\u015fql\u0259ri il\u0259 s\u00fcni n\u0259f\u0259s aparat\u0131ndan qurtulana q\u0259d\u0259r. Ona q\u0259d\u0259r tibbi personaj m\u0259ni dodaq jestikas\u0131 il\u0259 ba\u015fa d\u00fc\u015f\u00fcrd\u00fc. Sanki sudan \u00e7\u0131xar\u0131l\u0131b quruya at\u0131lm\u0131\u015f bal\u0131q idim. Dodaqlar\u0131m son n\u0259f\u0259sini ver\u0259n bal\u0131qlar\u0131n \u0259sn\u0259m\u0259yini t\u0259qlid edirmi\u015f kimi a\u00e7\u0131l\u0131b-yumulurdu. Dan\u0131\u015fmaq, n\u0259f\u0259s almaq nec\u0259 d\u0259 qiym\u0259tli nem\u0259tl\u0259rdir. O hal\u0131ma q\u0259d\u0259r m\u0259n\u0259 b\u0259x\u015f olunmu\u015f bu q\u0259d\u0259r g\u00f6z\u0259l nem\u0259tl\u0259rin d\u0259y\u0259rini layiqinc\u0259 anlamam\u0131\u015fd\u0131m. Do\u011frudan da, insan bir \u015feyin d\u0259y\u0259rini onu itir\u0259rk\u0259n daha yax\u015f\u0131 anlay\u0131r.<\/p>\n<p>  \u018fs\u0259rin \u0259n maraql\u0131 yerl\u0259rind\u0259n biri &#8211; professor Kern Brikey\u0259 yeni b\u0259d\u0259n tab\u0131b, n\u0259ql edir v\u0259 \u0259m\u0259liyyat u\u011furla ba\u015fa \u00e7at\u0131r. Brike \u00f6z yeni b\u0259d\u0259nini yava\u015f-yava\u015f idar\u0259 etm\u0259y\u0259 ba\u015flay\u0131r v\u0259 sonra s\u0259rb\u0259st, he\u00e7 n\u0259 olmam\u0131\u015f kimi h\u0259r\u0259k\u0259tl\u0259ri b\u0259rpa olur. Ard\u0131n\u0131 yazmayacam ki, kitabsev\u0259rl\u0259rin mara\u011f\u0131n\u0131 \u00f6ld\u00fcrm\u0259yim.\n<\/p>\n<p>\n  G\u0259l\u0259n il ba\u015f tutmas\u0131 planla\u015fd\u0131r\u0131lan \u0259m\u0259liyyat u\u011furla sonuclansa, bu yer \u00fcz\u00fcnd\u0259 ba\u015f tutan misli g\u00f6r\u00fcnm\u0259mi\u015f m\u00f6ht\u0259\u015f\u0259m bir n\u0259tic\u0259 say\u0131lacaq. T\u0259s\u0259vv\u00fcr\u00fc bel\u0259 insana qeyri-adi v\u0259 q\u0259rib\u0259 g\u0259l\u0259n \u0259m\u0259liyyat elmd\u0259 v\u0259 tibbd\u0259 super yenilik olacaq. Ba\u015fdan ayr\u0131lan b\u0259d\u0259n, onun yeni b\u0259d\u0259n\u0259 \u201ctikilm\u0259si\u201d, damarlar\u0131n, dig\u0259r orqanlar\u0131n h\u0259ssasl\u0131qla birl\u0259\u015fdirilm\u0259si v\u0259 \u0259n \u0259sas\u0131 insan\u0131n ya\u015fam v\u0259 h\u0259r\u0259k\u0259t n\u00fcv\u0259si hesab olunan onur\u011fa beyninin bir ba\u015fqa ba\u015fa calanmas\u0131 &#8211; bunlar ham\u0131s\u0131 adama fantastik g\u0259lir.\n<\/p>\n<p>\n  H\u0259r halda \u0259m\u0259liyyat\u0131 g\u00f6zl\u0259m\u0259kd\u0259n savay\u0131 \u0259limizd\u0259n h\u0259l\u0259 ki, bir \u015fey g\u0259lmir. Arzu edir\u0259m ki, bu fantastik \u0259m\u0259liyyat u\u011furla n\u0259tic\u0259l\u0259nib, reall\u0131q s\u0131ras\u0131na daxil olsun. Atam m\u0259n\u0259 zarafatla deyir ki, \u201cal\u0131nsa, s\u0259n d\u0259 gedib, ba\u015f\u0131na yeni b\u0259d\u0259n n\u0259ql etdir\u0259rs\u0259n.\u201d\n<\/p>\n<p>\n  B\u0259hs etdiyim bu \u0259s\u0259ri Aleksandr \u00f6z h\u0259yat yolda\u015f\u0131 Marqarita Konstantinovna Belyayevaya h\u0259sr edib. Povest ilk d\u0259f\u0259 1925-ci ild\u0259 \u201c\u0130\u015f\u00e7i q\u0259zeti\u201dnd\u0259 \u00e7ap edilib. Kitabda professor Kerrinin cinay\u0259ti v\u0259 ona elmi inqilabda k\u00f6m\u0259k etm\u0259y\u0259 m\u0259cbur olan professor Douelin \u00f6lm\u00fc\u015f b\u0259d\u0259ninin ba\u015f\u0131 il\u0259 m\u00fcbariz\u0259sind\u0259n b\u0259hs edilir. O, Douelin ba\u015f\u0131na can ver\u0259r\u0259k sanki onu ya\u015fad\u0131r. Kerrinin ars\u0131zl\u0131\u011f\u0131 qar\u015f\u0131s\u0131nda Douelin ba\u015f\u0131 ona t\u0259slim olmur, ona veril\u0259n z\u00fclml\u0259r qar\u015f\u0131s\u0131nda Kerrinin hiyl\u0259l\u0259rini d\u0259f edir.\n<\/p>\n<p>\n  \u018fs\u0259ri h\u0259r k\u0259s\u0259 oxuma\u011f\u0131 t\u00f6vsiyy\u0259 edir\u0259m.\n<\/p>\n<p>\n  <b><br \/>\n    Yaz\u0131 m\u00fc\u0259llifin \u015f\u0259xsi m\u00f6vqeyini \u0259ks etdirir. M\u00fc\u0259llifin m\u00f6vqeyi Meydan.Tv-nin m\u00f6vqeyi il\u0259 \u00fcst-\u00fcst\u0259 d\u00fc\u015fm\u0259y\u0259 bil\u0259r.<br \/>\n  <\/b><\/p>\n","protected":false},"excerpt":{"rendered":"<p>Atam dedi ki, s\u0259n\u0259 yeni b\u0259d\u0259n n\u0259ql etdir\u0259c\u0259m&#8230;<\/p>\n","protected":false},"author":11,"featured_media":61747,"comment_status":"closed","ping_status":"open","sticky":false,"template":"","format":"standard","meta":{"_acf_changed":false,"_sitemap_exclude":false,"_sitemap_priority":"","_sitemap_frequency":"","footnotes":""},"categories":[57],"tags":[],"class_list":["post-177025","post","type-post","status-publish","format-standard","has-post-thumbnail","hentry","category-menim-fikrimce","infinite-scroll-item","generate-columns","tablet-grid-50","mobile-grid-100","grid-parent","grid-33","no-featured-image-padding"],"acf":[],"yoast_head":"<!-- This site is optimized with the Yoast SEO plugin v27.5 - https:\/\/yoast.com\/product\/yoast-seo-wordpress\/ -->\n<title>Professor Douelin ba\u015f\u0131 - MEYDAN.TV<\/title>\n<meta name=\"robots\" content=\"index, follow, max-snippet:-1, max-image-preview:large, max-video-preview:-1\" \/>\n<link rel=\"canonical\" href=\"https:\/\/www.meydan.tv\/az\/article\/professor-douelin-basi\/\" \/>\n<meta property=\"og:locale\" content=\"az_AZ\" \/>\n<meta property=\"og:type\" content=\"article\" \/>\n<meta property=\"og:title\" content=\"Professor Douelin ba\u015f\u0131 - MEYDAN.TV\" \/>\n<meta property=\"og:description\" content=\"Atam dedi ki, s\u0259n\u0259 yeni b\u0259d\u0259n n\u0259ql etdir\u0259c\u0259m...\" \/>\n<meta property=\"og:url\" content=\"https:\/\/www.meydan.tv\/az\/article\/professor-douelin-basi\/\" \/>\n<meta property=\"og:site_name\" content=\"MEYDAN.TV\" \/>\n<meta property=\"article:published_time\" content=\"2016-06-28T00:24:48+00:00\" \/>\n<meta property=\"og:image\" content=\"https:\/\/www.meydan.tv\/wp-content\/uploads\/23483.jpg\" \/>\n\t<meta property=\"og:image:width\" content=\"500\" \/>\n\t<meta property=\"og:image:height\" content=\"500\" \/>\n\t<meta property=\"og:image:type\" content=\"image\/jpeg\" \/>\n<meta name=\"author\" content=\"user-manager\" \/>\n<meta name=\"twitter:card\" content=\"summary_large_image\" \/>\n<script type=\"application\/ld+json\" class=\"yoast-schema-graph\">{\"@context\":\"https:\\\/\\\/schema.org\",\"@graph\":[{\"@type\":\"Article\",\"@id\":\"https:\\\/\\\/www.meydan.tv\\\/az\\\/article\\\/professor-douelin-basi\\\/#article\",\"isPartOf\":{\"@id\":\"https:\\\/\\\/www.meydan.tv\\\/az\\\/article\\\/professor-douelin-basi\\\/\"},\"author\":{\"name\":\"user-manager\",\"@id\":\"https:\\\/\\\/www.meydan.tv\\\/az\\\/#\\\/schema\\\/person\\\/10d11eccf6da3662cf5fdab9806ea91a\"},\"headline\":\"Professor Douelin ba\u015f\u0131\",\"datePublished\":\"2016-06-28T00:24:48+00:00\",\"mainEntityOfPage\":{\"@id\":\"https:\\\/\\\/www.meydan.tv\\\/az\\\/article\\\/professor-douelin-basi\\\/\"},\"wordCount\":1327,\"publisher\":{\"@id\":\"https:\\\/\\\/www.meydan.tv\\\/az\\\/#organization\"},\"image\":{\"@id\":\"https:\\\/\\\/www.meydan.tv\\\/az\\\/article\\\/professor-douelin-basi\\\/#primaryimage\"},\"thumbnailUrl\":\"https:\\\/\\\/www.meydan.tv\\\/wp-content\\\/uploads\\\/23483.jpg\",\"articleSection\":[\"M\u0259nim Fikrimc\u0259\"],\"inLanguage\":\"az\"},{\"@type\":\"WebPage\",\"@id\":\"https:\\\/\\\/www.meydan.tv\\\/az\\\/article\\\/professor-douelin-basi\\\/\",\"url\":\"https:\\\/\\\/www.meydan.tv\\\/az\\\/article\\\/professor-douelin-basi\\\/\",\"name\":\"Professor Douelin ba\u015f\u0131 - MEYDAN.TV\",\"isPartOf\":{\"@id\":\"https:\\\/\\\/www.meydan.tv\\\/az\\\/#website\"},\"primaryImageOfPage\":{\"@id\":\"https:\\\/\\\/www.meydan.tv\\\/az\\\/article\\\/professor-douelin-basi\\\/#primaryimage\"},\"image\":{\"@id\":\"https:\\\/\\\/www.meydan.tv\\\/az\\\/article\\\/professor-douelin-basi\\\/#primaryimage\"},\"thumbnailUrl\":\"https:\\\/\\\/www.meydan.tv\\\/wp-content\\\/uploads\\\/23483.jpg\",\"datePublished\":\"2016-06-28T00:24:48+00:00\",\"breadcrumb\":{\"@id\":\"https:\\\/\\\/www.meydan.tv\\\/az\\\/article\\\/professor-douelin-basi\\\/#breadcrumb\"},\"inLanguage\":\"az\",\"potentialAction\":[{\"@type\":\"ReadAction\",\"target\":[\"https:\\\/\\\/www.meydan.tv\\\/az\\\/article\\\/professor-douelin-basi\\\/\"]}]},{\"@type\":\"ImageObject\",\"inLanguage\":\"az\",\"@id\":\"https:\\\/\\\/www.meydan.tv\\\/az\\\/article\\\/professor-douelin-basi\\\/#primaryimage\",\"url\":\"https:\\\/\\\/www.meydan.tv\\\/wp-content\\\/uploads\\\/23483.jpg\",\"contentUrl\":\"https:\\\/\\\/www.meydan.tv\\\/wp-content\\\/uploads\\\/23483.jpg\",\"width\":500,\"height\":500,\"caption\":\"Source:\"},{\"@type\":\"BreadcrumbList\",\"@id\":\"https:\\\/\\\/www.meydan.tv\\\/az\\\/article\\\/professor-douelin-basi\\\/#breadcrumb\",\"itemListElement\":[{\"@type\":\"ListItem\",\"position\":1,\"name\":\"Ana s\u0259hif\u0259\",\"item\":\"https:\\\/\\\/www.meydan.tv\\\/az\\\/\"},{\"@type\":\"ListItem\",\"position\":2,\"name\":\"M\u0259nim Fikrimc\u0259\",\"item\":\"https:\\\/\\\/www.meydan.tv\\\/az\\\/section\\\/menim-fikrimce\\\/\"},{\"@type\":\"ListItem\",\"position\":3,\"name\":\"Professor Douelin ba\u015f\u0131\"}]},{\"@type\":\"WebSite\",\"@id\":\"https:\\\/\\\/www.meydan.tv\\\/az\\\/#website\",\"url\":\"https:\\\/\\\/www.meydan.tv\\\/az\\\/\",\"name\":\"MEYDAN.TV\",\"description\":\"Meydan TV Az\u0259rbaycan\u0131n media m\u0259kan\u0131ndak\u0131 alternativ s\u0259sidir\",\"publisher\":{\"@id\":\"https:\\\/\\\/www.meydan.tv\\\/az\\\/#organization\"},\"potentialAction\":[{\"@type\":\"SearchAction\",\"target\":{\"@type\":\"EntryPoint\",\"urlTemplate\":\"https:\\\/\\\/www.meydan.tv\\\/az\\\/?s={search_term_string}\"},\"query-input\":{\"@type\":\"PropertyValueSpecification\",\"valueRequired\":true,\"valueName\":\"search_term_string\"}}],\"inLanguage\":\"az\"},{\"@type\":\"Organization\",\"@id\":\"https:\\\/\\\/www.meydan.tv\\\/az\\\/#organization\",\"name\":\"Meydan TV\",\"url\":\"https:\\\/\\\/www.meydan.tv\\\/az\\\/\",\"logo\":{\"@type\":\"ImageObject\",\"inLanguage\":\"az\",\"@id\":\"https:\\\/\\\/www.meydan.tv\\\/az\\\/#\\\/schema\\\/logo\\\/image\\\/\",\"url\":\"https:\\\/\\\/www.meydan.tv\\\/wp-content\\\/uploads\\\/2021\\\/07\\\/meydan-logo.svg\",\"contentUrl\":\"https:\\\/\\\/www.meydan.tv\\\/wp-content\\\/uploads\\\/2021\\\/07\\\/meydan-logo.svg\",\"width\":195,\"height\":46,\"caption\":\"Meydan TV\"},\"image\":{\"@id\":\"https:\\\/\\\/www.meydan.tv\\\/az\\\/#\\\/schema\\\/logo\\\/image\\\/\"}},{\"@type\":\"Person\",\"@id\":\"https:\\\/\\\/www.meydan.tv\\\/az\\\/#\\\/schema\\\/person\\\/10d11eccf6da3662cf5fdab9806ea91a\",\"name\":\"user-manager\"}]}<\/script>\n<!-- \/ Yoast SEO plugin. -->","yoast_head_json":{"title":"Professor Douelin ba\u015f\u0131 - MEYDAN.TV","robots":{"index":"index","follow":"follow","max-snippet":"max-snippet:-1","max-image-preview":"max-image-preview:large","max-video-preview":"max-video-preview:-1"},"canonical":"https:\/\/www.meydan.tv\/az\/article\/professor-douelin-basi\/","og_locale":"az_AZ","og_type":"article","og_title":"Professor Douelin ba\u015f\u0131 - MEYDAN.TV","og_description":"Atam dedi ki, s\u0259n\u0259 yeni b\u0259d\u0259n n\u0259ql etdir\u0259c\u0259m...","og_url":"https:\/\/www.meydan.tv\/az\/article\/professor-douelin-basi\/","og_site_name":"MEYDAN.TV","article_published_time":"2016-06-28T00:24:48+00:00","og_image":[{"width":500,"height":500,"url":"https:\/\/www.meydan.tv\/wp-content\/uploads\/23483.jpg","type":"image\/jpeg"}],"author":"user-manager","twitter_card":"summary_large_image","schema":{"@context":"https:\/\/schema.org","@graph":[{"@type":"Article","@id":"https:\/\/www.meydan.tv\/az\/article\/professor-douelin-basi\/#article","isPartOf":{"@id":"https:\/\/www.meydan.tv\/az\/article\/professor-douelin-basi\/"},"author":{"name":"user-manager","@id":"https:\/\/www.meydan.tv\/az\/#\/schema\/person\/10d11eccf6da3662cf5fdab9806ea91a"},"headline":"Professor Douelin ba\u015f\u0131","datePublished":"2016-06-28T00:24:48+00:00","mainEntityOfPage":{"@id":"https:\/\/www.meydan.tv\/az\/article\/professor-douelin-basi\/"},"wordCount":1327,"publisher":{"@id":"https:\/\/www.meydan.tv\/az\/#organization"},"image":{"@id":"https:\/\/www.meydan.tv\/az\/article\/professor-douelin-basi\/#primaryimage"},"thumbnailUrl":"https:\/\/www.meydan.tv\/wp-content\/uploads\/23483.jpg","articleSection":["M\u0259nim Fikrimc\u0259"],"inLanguage":"az"},{"@type":"WebPage","@id":"https:\/\/www.meydan.tv\/az\/article\/professor-douelin-basi\/","url":"https:\/\/www.meydan.tv\/az\/article\/professor-douelin-basi\/","name":"Professor Douelin ba\u015f\u0131 - MEYDAN.TV","isPartOf":{"@id":"https:\/\/www.meydan.tv\/az\/#website"},"primaryImageOfPage":{"@id":"https:\/\/www.meydan.tv\/az\/article\/professor-douelin-basi\/#primaryimage"},"image":{"@id":"https:\/\/www.meydan.tv\/az\/article\/professor-douelin-basi\/#primaryimage"},"thumbnailUrl":"https:\/\/www.meydan.tv\/wp-content\/uploads\/23483.jpg","datePublished":"2016-06-28T00:24:48+00:00","breadcrumb":{"@id":"https:\/\/www.meydan.tv\/az\/article\/professor-douelin-basi\/#breadcrumb"},"inLanguage":"az","potentialAction":[{"@type":"ReadAction","target":["https:\/\/www.meydan.tv\/az\/article\/professor-douelin-basi\/"]}]},{"@type":"ImageObject","inLanguage":"az","@id":"https:\/\/www.meydan.tv\/az\/article\/professor-douelin-basi\/#primaryimage","url":"https:\/\/www.meydan.tv\/wp-content\/uploads\/23483.jpg","contentUrl":"https:\/\/www.meydan.tv\/wp-content\/uploads\/23483.jpg","width":500,"height":500,"caption":"Source:"},{"@type":"BreadcrumbList","@id":"https:\/\/www.meydan.tv\/az\/article\/professor-douelin-basi\/#breadcrumb","itemListElement":[{"@type":"ListItem","position":1,"name":"Ana s\u0259hif\u0259","item":"https:\/\/www.meydan.tv\/az\/"},{"@type":"ListItem","position":2,"name":"M\u0259nim Fikrimc\u0259","item":"https:\/\/www.meydan.tv\/az\/section\/menim-fikrimce\/"},{"@type":"ListItem","position":3,"name":"Professor Douelin ba\u015f\u0131"}]},{"@type":"WebSite","@id":"https:\/\/www.meydan.tv\/az\/#website","url":"https:\/\/www.meydan.tv\/az\/","name":"MEYDAN.TV","description":"Meydan TV Az\u0259rbaycan\u0131n media m\u0259kan\u0131ndak\u0131 alternativ s\u0259sidir","publisher":{"@id":"https:\/\/www.meydan.tv\/az\/#organization"},"potentialAction":[{"@type":"SearchAction","target":{"@type":"EntryPoint","urlTemplate":"https:\/\/www.meydan.tv\/az\/?s={search_term_string}"},"query-input":{"@type":"PropertyValueSpecification","valueRequired":true,"valueName":"search_term_string"}}],"inLanguage":"az"},{"@type":"Organization","@id":"https:\/\/www.meydan.tv\/az\/#organization","name":"Meydan TV","url":"https:\/\/www.meydan.tv\/az\/","logo":{"@type":"ImageObject","inLanguage":"az","@id":"https:\/\/www.meydan.tv\/az\/#\/schema\/logo\/image\/","url":"https:\/\/www.meydan.tv\/wp-content\/uploads\/2021\/07\/meydan-logo.svg","contentUrl":"https:\/\/www.meydan.tv\/wp-content\/uploads\/2021\/07\/meydan-logo.svg","width":195,"height":46,"caption":"Meydan TV"},"image":{"@id":"https:\/\/www.meydan.tv\/az\/#\/schema\/logo\/image\/"}},{"@type":"Person","@id":"https:\/\/www.meydan.tv\/az\/#\/schema\/person\/10d11eccf6da3662cf5fdab9806ea91a","name":"user-manager"}]}},"_links":{"self":[{"href":"https:\/\/www.meydan.tv\/az\/wp-json\/wp\/v2\/posts\/177025","targetHints":{"allow":["GET"]}}],"collection":[{"href":"https:\/\/www.meydan.tv\/az\/wp-json\/wp\/v2\/posts"}],"about":[{"href":"https:\/\/www.meydan.tv\/az\/wp-json\/wp\/v2\/types\/post"}],"author":[{"embeddable":true,"href":"https:\/\/www.meydan.tv\/az\/wp-json\/wp\/v2\/users\/11"}],"replies":[{"embeddable":true,"href":"https:\/\/www.meydan.tv\/az\/wp-json\/wp\/v2\/comments?post=177025"}],"version-history":[{"count":0,"href":"https:\/\/www.meydan.tv\/az\/wp-json\/wp\/v2\/posts\/177025\/revisions"}],"wp:featuredmedia":[{"embeddable":true,"href":"https:\/\/www.meydan.tv\/az\/wp-json\/wp\/v2\/media\/61747"}],"wp:attachment":[{"href":"https:\/\/www.meydan.tv\/az\/wp-json\/wp\/v2\/media?parent=177025"}],"wp:term":[{"taxonomy":"category","embeddable":true,"href":"https:\/\/www.meydan.tv\/az\/wp-json\/wp\/v2\/categories?post=177025"},{"taxonomy":"post_tag","embeddable":true,"href":"https:\/\/www.meydan.tv\/az\/wp-json\/wp\/v2\/tags?post=177025"}],"curies":[{"name":"wp","href":"https:\/\/api.w.org\/{rel}","templated":true}]}}