{"id":177008,"date":"2016-06-27T14:08:19","date_gmt":"2016-06-27T14:08:19","guid":{"rendered":"https:\/\/www.meydan.tv\/article\/hekim-barede-bir-daha\/"},"modified":"2016-06-27T14:08:19","modified_gmt":"2016-06-27T14:08:19","slug":"hekim-barede-bir-daha","status":"publish","type":"post","link":"https:\/\/www.meydan.tv\/az\/article\/hekim-barede-bir-daha\/","title":{"rendered":"H\u0259kim bar\u0259d\u0259 bir daha"},"content":{"rendered":"<figure class=\"wp-block-image size-large\">\n  <img decoding=\"async\" src=\"https:\/\/www.meydan.tv\/az\/61486\/\" alt=\"\" class=\"wp-image-61486\"\/><figcaption><\/figcaption><\/figure>\n<figure class=\"wp-block-image size-large\">\n  <img decoding=\"async\" src=\"https:\/\/www.meydan.tv\/az\/61489\/\" alt=\"\" class=\"wp-image-61489\"\/><figcaption><\/figcaption><\/figure>\n<p>\n  Sosial \u015f\u0259b\u0259k\u0259l\u0259rd\u0259 m\u0259ni \u0259n \u00e7ox narahat ed\u0259n g\u00fcn \u0259rzind\u0259 bir \u00e7ox insandan yard\u0131m \u00fc\u00e7\u00fcn ald\u0131\u011f\u0131m mesajlar olur. Bunlar\u0131n i\u00e7ind\u0259n g\u00fcc\u00fcm \u00e7atan q\u0259d\u0259r m\u00fcxt\u0259lif yollarla k\u00f6m\u0259k ed\u0259 bildiyim olur. K\u00f6m\u0259k dediyim d\u0259 cibimd\u0259 olan q\u0259pik-quru\u015fla k\u00fclli miqdarda pula ehtiyac\u0131 olan insanlara yard\u0131m \u0259li uzatmaqd\u0131r. \u00c7oxu da sonradan m\u0259lum olur ki, he\u00e7 bir yard\u0131m k\u00f6m\u0259k etm\u0259yib, x\u0259st\u0259 h\u0259yat\u0131n\u0131 itirib.\n<\/p>\n<p>\n  Y\u0259qin bu m\u0259nz\u0259r\u0259 h\u0259r k\u0259s\u0259 tan\u0131\u015fd\u0131r. Bel\u0259 hallar\u0131n \u00e7oxu \u00f6z h\u0259llini tapm\u0131r dey\u0259, insanlar aras\u0131nda art\u0131q \u00e7oxdan \u00fcmidsizlik yaran\u0131b. Bu, haradasa ham\u0131m\u0131z\u0131n son \u00fcmid yeri idi. Hans\u0131sa x\u0259st\u0259likd\u0259n \u0259ziyy\u0259t \u00e7\u0259k\u0259n insanlar\u0131n az ya \u00e7ox pula ehtiyac\u0131 olur, insanlar bu pulu toplama\u011fa \u00e7al\u0131\u015f\u0131r v\u0259 ad\u0259t\u0259n n\u0259tic\u0259siz qal\u0131r. Bu i\u015fl\u0259rin \u00e7oxu il\u0259 d\u0259rind\u0259n maraqlananda m\u0259lum olur ki, h\u0259min x\u0259st\u0259likl\u0259rin \u00e7oxu el\u0259 h\u0259kim ehtiyats\u0131zl\u0131\u011f\u0131ndan \u0259m\u0259l\u0259 g\u0259lib, h\u0259kiml\u0259rin g\u00fcnah\u0131d\u0131r.\n<\/p>\n<p>\n  Y\u0259ni pulun olsa da, olmasa da, h\u0259kiml\u0259r s\u0259ni \u00f6ld\u00fcr\u0259 bil\u0259r. Bel\u0259 bir \u00f6lk\u0259d\u0259 tibbi s\u011fortadan, pulsuz, pulun olsa da ciddi m\u00fcayin\u0259 v\u0259 ya m\u00fcalic\u0259d\u0259n s\u00f6hb\u0259t ged\u0259 bilm\u0259z. Amma daha real dan\u0131\u015fsaq, bel\u0259 bir \u00f6lk\u0259d\u0259 \u00fcmumiyy\u0259tl\u0259 ya\u015famaqdan s\u00f6hb\u0259t ged\u0259 bilm\u0259z. Ax\u0131r-\u0259vv\u0259l ham\u0131 q\u0259bul edir ki, x\u0259st\u0259l\u0259ndins\u0259 bir h\u0259kimin \u0259lind\u0259 \u00f6lm\u0259k \u015fans\u0131n daha \u00e7oxdur, n\u0259inki ya\u015famaq. B\u0259s, bu q\u0259d\u0259r cinay\u0259tin c\u0259zas\u0131 harada \u00e7\u0259kilir v\u0259 ya kim \u00e7\u0259kir?! Bundan da \u00fcmidimiz \u00fcz\u00fcl\u00fcb y\u0259qin. M\u0259n h\u0259l\u0259 g\u00f6rm\u0259mi\u015f\u0259m ki, hans\u0131sa h\u0259kim etdiyi s\u0259hvl\u0259r\u0259 g\u00f6r\u0259 c\u0259za als\u0131n. C\u0259za al\u0131bsa da o q\u0259d\u0259r az olub ki, g\u00f6z\u0259 d\u0259ym\u0259yib.\n<\/p>\n<p>\n  Bir \u00e7oxlar\u0131n\u0131z dey\u0259 bil\u0259rsiniz, \u00f6lk\u0259d\u0259 savadl\u0131, \u00f6z i\u015fini m\u0259suliyy\u0259tl\u0259 yerin\u0259 yetir\u0259n h\u0259kiml\u0259r var. Bunun da s\u0259b\u0259bini izah edim. \u0130nsanlar o h\u0259kiml\u0259ri nec\u0259 tap\u0131r v\u0259 ya sizc\u0259 tapa bilirmi? Kiml\u0259rins\u0259 m\u0259sl\u0259h\u0259til\u0259. Bir n\u0259f\u0259r x\u0259st\u0259l\u0259nir v\u0259 tan\u0131d\u0131\u011f\u0131 b\u00fct\u00fcn insanlardan \u201cyax\u015f\u0131 h\u0259kim\u201d m\u0259sl\u0259h\u0259ti axtar\u0131r. Sizc\u0259 s\u0259hiyy\u0259y\u0259 bu q\u0259d\u0259r pul ayr\u0131lan \u00f6lk\u0259d\u0259 bel\u0259 \u00a0hallar\u0131n olmas\u0131 n\u0259 q\u0259d\u0259r normald\u0131r?\n<\/p>\n<p>\n  Niy\u0259 bir insan g\u00fcnl\u0259rl\u0259 h\u0259kim axtarmal\u0131d\u0131r? Kim \u0259min ed\u0259 bil\u0259r ki, m\u0259sl\u0259h\u0259t g\u00f6r\u00fcl\u0259n h\u0259kiml\u0259r etibarl\u0131d\u0131r?! Deyil etibarl\u0131! Bu \u00f6lk\u0259d\u0259 etibar edil\u0259c\u0259k he\u00e7 n\u0259 qalmay\u0131b, n\u0259 t\u0259hsili, n\u0259 h\u0259kimi&#8230; He\u00e7 yediyimiz \u0259rzaqlar da etibarl\u0131 deyil.\n<\/p>\n<p>\n  Y\u0259qin ki, bu d\u0259h\u015f\u0259tli g\u00fcnl\u0259ri he\u00e7 vaxt unutmar\u0131q. X\u0259st\u0259xanalar\u0131n h\u0259kiml\u0259rind\u0259n tutmu\u015f, cans\u0131z \u0259\u015fyalar\u0131na q\u0259d\u0259r h\u0259r \u015fey insan h\u0259yat\u0131 \u00fc\u00e7\u00fcn t\u0259hl\u00fck\u0259lidir.\n<\/p>\n<p>\n  \u0130ki g\u00fcn \u0259vv\u0259l Salyanda yeni do\u011fulan iki k\u00f6rp\u0259 h\u0259yat\u0131n\u0131 itirdi, \u00f6lk\u0259 g\u00fcnd\u0259mind\u0259n g\u00fcnl\u0259rl\u0259 d\u00fc\u015fm\u0259y\u0259n m\u0259nas\u0131z, baya\u011f\u0131, he\u00e7 bir ciddiyy\u0259ti olmayan x\u0259b\u0259rl\u0259rin i\u00e7ind\u0259 o x\u0259b\u0259r dem\u0259k olar ki, he\u00e7 g\u00f6z\u0259 g\u00f6r\u00fcnm\u0259di. \u0130nsanlar bu hadis\u0259y\u0259 g\u00f6r\u0259 narahatl\u0131q hissi ke\u00e7irm\u0259di. S\u0259hiyy\u0259 Nazirliyi yen\u0259 xalq\u0131 t\u0259hqir el\u0259di, yalan a\u00e7\u0131qlama verdi v\u0259 bel\u0259c\u0259 hadis\u0259 unuduldu.\n<\/p>\n<p>\n  Ya\u015famaq \u00fc\u00e7\u00fcn he\u00e7 bir \u015fans\u0131 olmayan xalq\u0131 bel\u0259 hadis\u0259l\u0259r he\u00e7 maraqland\u0131rm\u0131r. Sanki art\u0131q onlar \u00fc\u00e7\u00fcn bel\u0259 hadis\u0259l\u0259r tam oldu\u011fu kimi q\u0259bul edilib. Sanki bel\u0259 hadis\u0259l\u0259r h\u0259qiq\u0259t\u0259n d\u0259 olmal\u0131d\u0131r.\n<\/p>\n<p>\n  Bir ne\u00e7\u0259 g\u00fcn \u0259vv\u0259l Az\u0259rbaycanda h\u0259kim sol aya\u011f\u0131n\u0131n k\u0259silm\u0259si bar\u0259d\u0259 diaqnoz qoydu\u011fu x\u0259st\u0259nin sa\u011f aya\u011f\u0131n\u0131 k\u0259sib. H\u0259l\u0259 bizim bilm\u0259diyimiz, m\u0259tbuata \u00e7\u0131xmayan n\u0259 q\u0259d\u0259r bel\u0259 hadisl\u0259r var. Polisl\u0259rin, h\u0259kiml\u0259rin t\u0259yziqind\u0259n qorxub susanlar, m\u0259hk\u0259m\u0259l\u0259rin \u0259dal\u0259tsiz q\u0259rarlar\u0131nda haqq\u0131 tapdalananlar v\u0259 s.\n<\/p>\n<p>\n  B\u0259s bunlar niy\u0259 he\u00e7 kimin vecin\u0259 deyil? \u018fslind\u0259, g\u00fcnl\u0259rl\u0259 bir xan\u0131m\u0131n d\u00f6\u015fl\u0259rini m\u00fczakir\u0259 ed\u0259n, d\u00f6\u015f\u0259 etiraz ed\u0259n, s\u0259si batana q\u0259d\u0259r ba\u011f\u0131ran insanlar\u0131n i\u00e7ind\u0259yik. D\u00f6\u015f maraql\u0131d\u0131, amma normal ya\u015famaq haqq\u0131 maraql\u0131 deyil. Bu \u00f6lk\u0259d\u0259 insanlar axmaq mental d\u0259y\u0259rl\u0259rin qurban\u0131 olublar, t\u0259hsilsizliyin, d\u00fc\u015f\u00fcnc\u0259sizliyin qurban\u0131 olublar. Onlar \u00f6z ac\u0131lar\u0131n\u0131, etiraz hissl\u0259rini d\u0259 bel\u0259 m\u0259nas\u0131z d\u00fc\u015f\u00fcnc\u0259l\u0259rin\u0259 qurban veribl\u0259r. Normal ya\u015famaq haqqlar\u0131n\u0131 qorxular\u0131na, d\u00fc\u015f\u00fcnm\u0259m\u0259y\u0259 qurban veribl\u0259r. Bunlar nec\u0259 d\u0259 d\u0259h\u015f\u0259tlidir!\n<\/p>\n<p>\n  Normal dan\u0131\u015fa bilm\u0259y\u0259n, yeyib-i\u00e7ib gic-gic sa\u011fl\u0131qlar dem\u0259kl\u0259 h\u0259yat\u0131n\u0131 ya\u015fayan, d\u00fcnyadan x\u0259b\u0259rsiz, savads\u0131z h\u0259kiml\u0259ri r\u0259dd el\u0259m\u0259yin bir yolu var, o insanlar\u0131 bir-bir x\u0259st\u0259xanalardan qovmaq laz\u0131md\u0131r. O insanlar bizim c\u0259lladlar\u0131m\u0131zd\u0131r. Bunun ba\u015fqa ad\u0131 yoxdur.\n<\/p>\n<div>\n<p>\n      <b><br \/>\n        Yaz\u0131 m\u00fc\u0259llifin \u015f\u0259xsi m\u00f6vqeyini \u0259ks etdirir. M\u00fc\u0259llifin m\u00f6vqeyi Meydan.Tv-nin m\u00f6vqeyi il\u0259 \u00fcst-\u00fcst\u0259 d\u00fc\u015fm\u0259y\u0259 bil\u0259r.<br \/>\n      <\/b>\n    <\/p>\n<\/p><\/div><\/p>\n","protected":false},"excerpt":{"rendered":"<p>K\u0259sil\u0259n aya\u011fa yox, g\u00f6r\u00fcn\u0259n d\u00f6\u015f\u0259 etiraz&#8230;<\/p>\n","protected":false},"author":11,"featured_media":61486,"comment_status":"closed","ping_status":"open","sticky":false,"template":"","format":"standard","meta":{"_acf_changed":false,"_sitemap_exclude":false,"_sitemap_priority":"","_sitemap_frequency":"","footnotes":""},"categories":[57],"tags":[],"class_list":["post-177008","post","type-post","status-publish","format-standard","has-post-thumbnail","hentry","category-menim-fikrimce","infinite-scroll-item","generate-columns","tablet-grid-50","mobile-grid-100","grid-parent","grid-33","no-featured-image-padding"],"acf":[],"yoast_head":"<!-- This site is optimized with the Yoast SEO plugin v27.5 - https:\/\/yoast.com\/product\/yoast-seo-wordpress\/ -->\n<title>H\u0259kim bar\u0259d\u0259 bir daha - MEYDAN.TV<\/title>\n<meta name=\"robots\" content=\"index, follow, max-snippet:-1, max-image-preview:large, max-video-preview:-1\" \/>\n<link rel=\"canonical\" href=\"https:\/\/www.meydan.tv\/az\/article\/hekim-barede-bir-daha\/\" \/>\n<meta property=\"og:locale\" content=\"az_AZ\" \/>\n<meta property=\"og:type\" content=\"article\" \/>\n<meta property=\"og:title\" content=\"H\u0259kim bar\u0259d\u0259 bir daha - MEYDAN.TV\" \/>\n<meta property=\"og:description\" content=\"K\u0259sil\u0259n aya\u011fa yox, g\u00f6r\u00fcn\u0259n d\u00f6\u015f\u0259 etiraz...\" \/>\n<meta property=\"og:url\" content=\"https:\/\/www.meydan.tv\/az\/article\/hekim-barede-bir-daha\/\" \/>\n<meta property=\"og:site_name\" content=\"MEYDAN.TV\" \/>\n<meta property=\"article:published_time\" content=\"2016-06-27T14:08:19+00:00\" \/>\n<meta property=\"og:image\" content=\"https:\/\/www.meydan.tv\/wp-content\/uploads\/23443.jpg\" \/>\n\t<meta property=\"og:image:width\" content=\"500\" \/>\n\t<meta property=\"og:image:height\" content=\"500\" \/>\n\t<meta property=\"og:image:type\" content=\"image\/jpeg\" \/>\n<meta name=\"author\" content=\"user-manager\" \/>\n<meta name=\"twitter:card\" content=\"summary_large_image\" \/>\n<script type=\"application\/ld+json\" class=\"yoast-schema-graph\">{\"@context\":\"https:\\\/\\\/schema.org\",\"@graph\":[{\"@type\":\"Article\",\"@id\":\"https:\\\/\\\/www.meydan.tv\\\/az\\\/article\\\/hekim-barede-bir-daha\\\/#article\",\"isPartOf\":{\"@id\":\"https:\\\/\\\/www.meydan.tv\\\/az\\\/article\\\/hekim-barede-bir-daha\\\/\"},\"author\":{\"name\":\"user-manager\",\"@id\":\"https:\\\/\\\/www.meydan.tv\\\/az\\\/#\\\/schema\\\/person\\\/10d11eccf6da3662cf5fdab9806ea91a\"},\"headline\":\"H\u0259kim bar\u0259d\u0259 bir daha\",\"datePublished\":\"2016-06-27T14:08:19+00:00\",\"mainEntityOfPage\":{\"@id\":\"https:\\\/\\\/www.meydan.tv\\\/az\\\/article\\\/hekim-barede-bir-daha\\\/\"},\"wordCount\":952,\"publisher\":{\"@id\":\"https:\\\/\\\/www.meydan.tv\\\/az\\\/#organization\"},\"image\":{\"@id\":\"https:\\\/\\\/www.meydan.tv\\\/az\\\/article\\\/hekim-barede-bir-daha\\\/#primaryimage\"},\"thumbnailUrl\":\"https:\\\/\\\/www.meydan.tv\\\/wp-content\\\/uploads\\\/23443.jpg\",\"articleSection\":[\"M\u0259nim Fikrimc\u0259\"],\"inLanguage\":\"az\"},{\"@type\":\"WebPage\",\"@id\":\"https:\\\/\\\/www.meydan.tv\\\/az\\\/article\\\/hekim-barede-bir-daha\\\/\",\"url\":\"https:\\\/\\\/www.meydan.tv\\\/az\\\/article\\\/hekim-barede-bir-daha\\\/\",\"name\":\"H\u0259kim bar\u0259d\u0259 bir daha - MEYDAN.TV\",\"isPartOf\":{\"@id\":\"https:\\\/\\\/www.meydan.tv\\\/az\\\/#website\"},\"primaryImageOfPage\":{\"@id\":\"https:\\\/\\\/www.meydan.tv\\\/az\\\/article\\\/hekim-barede-bir-daha\\\/#primaryimage\"},\"image\":{\"@id\":\"https:\\\/\\\/www.meydan.tv\\\/az\\\/article\\\/hekim-barede-bir-daha\\\/#primaryimage\"},\"thumbnailUrl\":\"https:\\\/\\\/www.meydan.tv\\\/wp-content\\\/uploads\\\/23443.jpg\",\"datePublished\":\"2016-06-27T14:08:19+00:00\",\"breadcrumb\":{\"@id\":\"https:\\\/\\\/www.meydan.tv\\\/az\\\/article\\\/hekim-barede-bir-daha\\\/#breadcrumb\"},\"inLanguage\":\"az\",\"potentialAction\":[{\"@type\":\"ReadAction\",\"target\":[\"https:\\\/\\\/www.meydan.tv\\\/az\\\/article\\\/hekim-barede-bir-daha\\\/\"]}]},{\"@type\":\"ImageObject\",\"inLanguage\":\"az\",\"@id\":\"https:\\\/\\\/www.meydan.tv\\\/az\\\/article\\\/hekim-barede-bir-daha\\\/#primaryimage\",\"url\":\"https:\\\/\\\/www.meydan.tv\\\/wp-content\\\/uploads\\\/23443.jpg\",\"contentUrl\":\"https:\\\/\\\/www.meydan.tv\\\/wp-content\\\/uploads\\\/23443.jpg\",\"width\":500,\"height\":500,\"caption\":\"Source:\"},{\"@type\":\"BreadcrumbList\",\"@id\":\"https:\\\/\\\/www.meydan.tv\\\/az\\\/article\\\/hekim-barede-bir-daha\\\/#breadcrumb\",\"itemListElement\":[{\"@type\":\"ListItem\",\"position\":1,\"name\":\"Ana s\u0259hif\u0259\",\"item\":\"https:\\\/\\\/www.meydan.tv\\\/az\\\/\"},{\"@type\":\"ListItem\",\"position\":2,\"name\":\"M\u0259nim Fikrimc\u0259\",\"item\":\"https:\\\/\\\/www.meydan.tv\\\/az\\\/section\\\/menim-fikrimce\\\/\"},{\"@type\":\"ListItem\",\"position\":3,\"name\":\"H\u0259kim bar\u0259d\u0259 bir daha\"}]},{\"@type\":\"WebSite\",\"@id\":\"https:\\\/\\\/www.meydan.tv\\\/az\\\/#website\",\"url\":\"https:\\\/\\\/www.meydan.tv\\\/az\\\/\",\"name\":\"MEYDAN.TV\",\"description\":\"Meydan TV Az\u0259rbaycan\u0131n media m\u0259kan\u0131ndak\u0131 alternativ s\u0259sidir\",\"publisher\":{\"@id\":\"https:\\\/\\\/www.meydan.tv\\\/az\\\/#organization\"},\"potentialAction\":[{\"@type\":\"SearchAction\",\"target\":{\"@type\":\"EntryPoint\",\"urlTemplate\":\"https:\\\/\\\/www.meydan.tv\\\/az\\\/?s={search_term_string}\"},\"query-input\":{\"@type\":\"PropertyValueSpecification\",\"valueRequired\":true,\"valueName\":\"search_term_string\"}}],\"inLanguage\":\"az\"},{\"@type\":\"Organization\",\"@id\":\"https:\\\/\\\/www.meydan.tv\\\/az\\\/#organization\",\"name\":\"Meydan TV\",\"url\":\"https:\\\/\\\/www.meydan.tv\\\/az\\\/\",\"logo\":{\"@type\":\"ImageObject\",\"inLanguage\":\"az\",\"@id\":\"https:\\\/\\\/www.meydan.tv\\\/az\\\/#\\\/schema\\\/logo\\\/image\\\/\",\"url\":\"https:\\\/\\\/www.meydan.tv\\\/wp-content\\\/uploads\\\/2021\\\/07\\\/meydan-logo.svg\",\"contentUrl\":\"https:\\\/\\\/www.meydan.tv\\\/wp-content\\\/uploads\\\/2021\\\/07\\\/meydan-logo.svg\",\"width\":195,\"height\":46,\"caption\":\"Meydan TV\"},\"image\":{\"@id\":\"https:\\\/\\\/www.meydan.tv\\\/az\\\/#\\\/schema\\\/logo\\\/image\\\/\"}},{\"@type\":\"Person\",\"@id\":\"https:\\\/\\\/www.meydan.tv\\\/az\\\/#\\\/schema\\\/person\\\/10d11eccf6da3662cf5fdab9806ea91a\",\"name\":\"user-manager\"}]}<\/script>\n<!-- \/ Yoast SEO plugin. -->","yoast_head_json":{"title":"H\u0259kim bar\u0259d\u0259 bir daha - MEYDAN.TV","robots":{"index":"index","follow":"follow","max-snippet":"max-snippet:-1","max-image-preview":"max-image-preview:large","max-video-preview":"max-video-preview:-1"},"canonical":"https:\/\/www.meydan.tv\/az\/article\/hekim-barede-bir-daha\/","og_locale":"az_AZ","og_type":"article","og_title":"H\u0259kim bar\u0259d\u0259 bir daha - MEYDAN.TV","og_description":"K\u0259sil\u0259n aya\u011fa yox, g\u00f6r\u00fcn\u0259n d\u00f6\u015f\u0259 etiraz...","og_url":"https:\/\/www.meydan.tv\/az\/article\/hekim-barede-bir-daha\/","og_site_name":"MEYDAN.TV","article_published_time":"2016-06-27T14:08:19+00:00","og_image":[{"width":500,"height":500,"url":"https:\/\/www.meydan.tv\/wp-content\/uploads\/23443.jpg","type":"image\/jpeg"}],"author":"user-manager","twitter_card":"summary_large_image","schema":{"@context":"https:\/\/schema.org","@graph":[{"@type":"Article","@id":"https:\/\/www.meydan.tv\/az\/article\/hekim-barede-bir-daha\/#article","isPartOf":{"@id":"https:\/\/www.meydan.tv\/az\/article\/hekim-barede-bir-daha\/"},"author":{"name":"user-manager","@id":"https:\/\/www.meydan.tv\/az\/#\/schema\/person\/10d11eccf6da3662cf5fdab9806ea91a"},"headline":"H\u0259kim bar\u0259d\u0259 bir daha","datePublished":"2016-06-27T14:08:19+00:00","mainEntityOfPage":{"@id":"https:\/\/www.meydan.tv\/az\/article\/hekim-barede-bir-daha\/"},"wordCount":952,"publisher":{"@id":"https:\/\/www.meydan.tv\/az\/#organization"},"image":{"@id":"https:\/\/www.meydan.tv\/az\/article\/hekim-barede-bir-daha\/#primaryimage"},"thumbnailUrl":"https:\/\/www.meydan.tv\/wp-content\/uploads\/23443.jpg","articleSection":["M\u0259nim Fikrimc\u0259"],"inLanguage":"az"},{"@type":"WebPage","@id":"https:\/\/www.meydan.tv\/az\/article\/hekim-barede-bir-daha\/","url":"https:\/\/www.meydan.tv\/az\/article\/hekim-barede-bir-daha\/","name":"H\u0259kim bar\u0259d\u0259 bir daha - MEYDAN.TV","isPartOf":{"@id":"https:\/\/www.meydan.tv\/az\/#website"},"primaryImageOfPage":{"@id":"https:\/\/www.meydan.tv\/az\/article\/hekim-barede-bir-daha\/#primaryimage"},"image":{"@id":"https:\/\/www.meydan.tv\/az\/article\/hekim-barede-bir-daha\/#primaryimage"},"thumbnailUrl":"https:\/\/www.meydan.tv\/wp-content\/uploads\/23443.jpg","datePublished":"2016-06-27T14:08:19+00:00","breadcrumb":{"@id":"https:\/\/www.meydan.tv\/az\/article\/hekim-barede-bir-daha\/#breadcrumb"},"inLanguage":"az","potentialAction":[{"@type":"ReadAction","target":["https:\/\/www.meydan.tv\/az\/article\/hekim-barede-bir-daha\/"]}]},{"@type":"ImageObject","inLanguage":"az","@id":"https:\/\/www.meydan.tv\/az\/article\/hekim-barede-bir-daha\/#primaryimage","url":"https:\/\/www.meydan.tv\/wp-content\/uploads\/23443.jpg","contentUrl":"https:\/\/www.meydan.tv\/wp-content\/uploads\/23443.jpg","width":500,"height":500,"caption":"Source:"},{"@type":"BreadcrumbList","@id":"https:\/\/www.meydan.tv\/az\/article\/hekim-barede-bir-daha\/#breadcrumb","itemListElement":[{"@type":"ListItem","position":1,"name":"Ana s\u0259hif\u0259","item":"https:\/\/www.meydan.tv\/az\/"},{"@type":"ListItem","position":2,"name":"M\u0259nim Fikrimc\u0259","item":"https:\/\/www.meydan.tv\/az\/section\/menim-fikrimce\/"},{"@type":"ListItem","position":3,"name":"H\u0259kim bar\u0259d\u0259 bir daha"}]},{"@type":"WebSite","@id":"https:\/\/www.meydan.tv\/az\/#website","url":"https:\/\/www.meydan.tv\/az\/","name":"MEYDAN.TV","description":"Meydan TV Az\u0259rbaycan\u0131n media m\u0259kan\u0131ndak\u0131 alternativ s\u0259sidir","publisher":{"@id":"https:\/\/www.meydan.tv\/az\/#organization"},"potentialAction":[{"@type":"SearchAction","target":{"@type":"EntryPoint","urlTemplate":"https:\/\/www.meydan.tv\/az\/?s={search_term_string}"},"query-input":{"@type":"PropertyValueSpecification","valueRequired":true,"valueName":"search_term_string"}}],"inLanguage":"az"},{"@type":"Organization","@id":"https:\/\/www.meydan.tv\/az\/#organization","name":"Meydan TV","url":"https:\/\/www.meydan.tv\/az\/","logo":{"@type":"ImageObject","inLanguage":"az","@id":"https:\/\/www.meydan.tv\/az\/#\/schema\/logo\/image\/","url":"https:\/\/www.meydan.tv\/wp-content\/uploads\/2021\/07\/meydan-logo.svg","contentUrl":"https:\/\/www.meydan.tv\/wp-content\/uploads\/2021\/07\/meydan-logo.svg","width":195,"height":46,"caption":"Meydan TV"},"image":{"@id":"https:\/\/www.meydan.tv\/az\/#\/schema\/logo\/image\/"}},{"@type":"Person","@id":"https:\/\/www.meydan.tv\/az\/#\/schema\/person\/10d11eccf6da3662cf5fdab9806ea91a","name":"user-manager"}]}},"_links":{"self":[{"href":"https:\/\/www.meydan.tv\/az\/wp-json\/wp\/v2\/posts\/177008","targetHints":{"allow":["GET"]}}],"collection":[{"href":"https:\/\/www.meydan.tv\/az\/wp-json\/wp\/v2\/posts"}],"about":[{"href":"https:\/\/www.meydan.tv\/az\/wp-json\/wp\/v2\/types\/post"}],"author":[{"embeddable":true,"href":"https:\/\/www.meydan.tv\/az\/wp-json\/wp\/v2\/users\/11"}],"replies":[{"embeddable":true,"href":"https:\/\/www.meydan.tv\/az\/wp-json\/wp\/v2\/comments?post=177008"}],"version-history":[{"count":0,"href":"https:\/\/www.meydan.tv\/az\/wp-json\/wp\/v2\/posts\/177008\/revisions"}],"wp:featuredmedia":[{"embeddable":true,"href":"https:\/\/www.meydan.tv\/az\/wp-json\/wp\/v2\/media\/61486"}],"wp:attachment":[{"href":"https:\/\/www.meydan.tv\/az\/wp-json\/wp\/v2\/media?parent=177008"}],"wp:term":[{"taxonomy":"category","embeddable":true,"href":"https:\/\/www.meydan.tv\/az\/wp-json\/wp\/v2\/categories?post=177008"},{"taxonomy":"post_tag","embeddable":true,"href":"https:\/\/www.meydan.tv\/az\/wp-json\/wp\/v2\/tags?post=177008"}],"curies":[{"name":"wp","href":"https:\/\/api.w.org\/{rel}","templated":true}]}}