{"id":176990,"date":"2016-06-25T19:31:40","date_gmt":"2016-06-25T19:31:40","guid":{"rendered":"https:\/\/www.meydan.tv\/article\/ilham-eliyev-sankt-peterburq-gorusunun-musbet-neticeleri-var\/"},"modified":"2016-06-25T19:31:40","modified_gmt":"2016-06-25T19:31:40","slug":"ilham-eliyev-sankt-peterburq-gorusunun-musbet-neticeleri-var","status":"publish","type":"post","link":"https:\/\/www.meydan.tv\/az\/article\/ilham-eliyev-sankt-peterburq-gorusunun-musbet-neticeleri-var\/","title":{"rendered":"\u0130lham \u018fliyev: Sankt-Peterburq g\u00f6r\u00fc\u015f\u00fcn\u00fcn m\u00fcsb\u0259t n\u0259tic\u0259l\u0259ri var"},"content":{"rendered":"<figure class=\"wp-block-image size-large\">\n  <img decoding=\"async\" src=\"https:\/\/www.meydan.tv\/az\/ilham-eliyev-22\/\" alt=\"\u0130lham \u018fliyev\" class=\"wp-image-61591\"\/><figcaption>\n    \u0130lham \u018fliyev<br \/>\n  <\/figcaption><\/figure>\n<figure class=\"wp-block-image size-large\">\n  <img decoding=\"async\" src=\"https:\/\/www.meydan.tv\/az\/ilham-eliyev-22\/\" alt=\"\u0130lham \u018fliyev\" class=\"wp-image-61591\"\/><figcaption>\n    \u0130lham \u018fliyev<br \/>\n  <\/figcaption><\/figure>\n<p>\n  <i><br \/>\n    &#8221;M\u00fcnaqi\u015f\u0259 m\u0259rh\u0259l\u0259li \u015f\u0259kild\u0259 h\u0259ll olunmal\u0131d\u0131r&#8221;<br \/>\n  <\/i>\n<\/p>\n<p>\n  &#8220;Erm\u0259nistan-Az\u0259rbaycan, Da\u011fl\u0131q Qaraba\u011f m\u00fcnaqi\u015f\u0259sind\u0259 beyn\u0259lxalq h\u00fcquq i\u015fl\u0259mir. Lakin bununla bel\u0259, \u00f6lk\u0259miz diplomatik v\u0259 siyasi s\u0259yl\u0259rini davam etdir\u0259c\u0259k&#8221;.\n<\/p>\n<p>\n  \u201cReport\u201d x\u0259b\u0259r verir ki, bunu Az\u0259rbaycan Prezidenti, Silahl\u0131 Q\u00fcvv\u0259l\u0259rin Ali Ba\u015f komandan\u0131 \u0130lham \u018fliyev iyunun 25-d\u0259 Bak\u0131n\u0131n X\u0259tai rayonunda h\u0259rb\u00e7il\u0259r \u00fc\u00e7\u00fcn in\u015fa edil\u0259n binada yarad\u0131lan \u015f\u0259raitl\u0259 tan\u0131\u015f olduqdan sonra h\u0259rb\u00e7il\u0259rl\u0259 g\u00f6r\u00fc\u015f\u00fcnd\u0259 deyib.\n<\/p>\n<p>\n  D\u00f6vl\u0259t ba\u015f\u00e7\u0131s\u0131 26 \u0130yun &#8211; Silahl\u0131 Q\u00fcvv\u0259l\u0259r G\u00fcn\u00fc m\u00fcnasib\u0259til\u0259 t\u0259brikl\u0259rini \u00e7atd\u0131r\u0131b, \u015f\u0259xsi hey\u0259t\u0259 u\u011furlar arzulay\u0131b. H\u0259rb\u00e7il\u0259r \u00fc\u00e7\u00fcn yeni ya\u015fay\u0131\u015f binas\u0131n\u0131n q\u0131sa m\u00fcdd\u0259t\u0259 in\u015fa olundu\u011funu v\u0259 burada h\u0259r c\u00fcr \u015f\u0259raitin yarad\u0131ld\u0131\u011f\u0131n\u0131 dey\u0259n Prezident \u0130lham \u018fliyev indiy\u0259d\u0259k 900-\u0259 yax\u0131n h\u0259rbi qulluq\u00e7unun m\u0259nzill\u0259 t\u0259min edildiyini bildirib.\n<\/p>\n<p>\n  Az\u0259rbaycan ordusunun d\u00f6y\u00fc\u015f qabiliyy\u0259tinin, m\u0259n\u0259vi-psixoloji durumun, v\u0259t\u0259np\u0259rv\u0259rlik ruhunun \u00e7ox y\u00fcks\u0259k oldu\u011funu dey\u0259n Ali Ba\u015f Komandan bildirib ki, bunu aprel d\u00f6y\u00fc\u015fl\u0259ri d\u0259 g\u00f6st\u0259rdi. Erm\u0259nistan\u0131n aprel t\u0259xribat\u0131na ordumuzun layiqli cavab verdiyini bildir\u0259n Prezident \u0130lham \u018fliyev bu d\u00f6y\u00fc\u015fl\u0259ri tarixi q\u0259l\u0259b\u0259 kimi xarakteriz\u0259 edib.\n<\/p>\n<p>\n  D\u00f6vl\u0259t ba\u015f\u00e7\u0131s\u0131 deyib ki, Az\u0259rbaycan\u0131n h\u0259rbi q\u00fcdr\u0259tinin daha da art\u0131r\u0131lmas\u0131 \u0259h\u0259miyy\u0259tlidir.\n<\/p>\n<p>\n  Ali Ba\u015f Komandan qeyd edib ki, i\u015f\u011fal\u00e7\u0131 Erm\u0259nistana beyn\u0259lxalq t\u0259zyiq artanda daim t\u0259xribata \u0259l at\u0131r. Da\u011fl\u0131q Qaraba\u011f m\u00fcnaqi\u015f\u0259si yaln\u0131z Az\u0259rbaycan\u0131n \u0259razi b\u00fct\u00f6vl\u00fcy\u00fc \u00e7\u0259r\u00e7iv\u0259sind\u0259 h\u0259ll edilm\u0259lidir v\u0259 Az\u0259rbaycan \u00f6z \u0259razisind\u0259 ikinci erm\u0259ni d\u00f6vl\u0259tinin yarad\u0131lmas\u0131na imkan verm\u0259y\u0259c\u0259k.\n<\/p>\n<p>\n  Prezident \u0130lham \u018fliyev bildirib ki, m\u00fcnaqi\u015f\u0259 m\u0259rh\u0259l\u0259li \u015f\u0259kild\u0259 h\u0259ll olunmal\u0131d\u0131r. Vyana g\u00f6r\u00fc\u015f\u00fcnd\u0259 Erm\u0259nistan t\u0259r\u0259finin \u015f\u0259rtl\u0259rinin q\u0259bul edilm\u0259diyini vur\u011fulayan Prezident \u0130lham \u018fliyev deyib ki, Sankt-Peterburq g\u00f6r\u00fc\u015f\u00fcn\u00fcn m\u00fcsb\u0259t n\u0259tic\u0259l\u0259ri var.\n<\/p>\n<p>\n  Sonda Ali ba\u015f komandan bir daha vur\u011fulay\u0131b ki, ordu quruculu\u011fu sah\u0259sin\u0259 bundan sonra da x\u00fcsusi diqq\u0259t yetiril\u0259c\u0259k v\u0259 Az\u0259rbaycan Ordusu ist\u0259nil\u0259n v\u0259zif\u0259ni yerin\u0259 yetirm\u0259y\u0259 qadirdir.\n<\/p><\/p>\n","protected":false},"excerpt":{"rendered":"<p>&#8221;M\u00fcnaqi\u015f\u0259 m\u0259rh\u0259l\u0259li \u015f\u0259kild\u0259 h\u0259ll olunmal\u0131d\u0131r&#8221;<\/p>\n","protected":false},"author":11,"featured_media":61591,"comment_status":"closed","ping_status":"open","sticky":false,"template":"","format":"standard","meta":{"_acf_changed":false,"_sitemap_exclude":false,"_sitemap_priority":"","_sitemap_frequency":"","footnotes":""},"categories":[51],"tags":[],"class_list":["post-176990","post","type-post","status-publish","format-standard","has-post-thumbnail","hentry","category-analitika","infinite-scroll-item","generate-columns","tablet-grid-50","mobile-grid-100","grid-parent","grid-33","no-featured-image-padding"],"acf":[],"yoast_head":"<!-- This site is optimized with the Yoast SEO plugin v27.5 - https:\/\/yoast.com\/product\/yoast-seo-wordpress\/ -->\n<title>\u0130lham \u018fliyev: Sankt-Peterburq g\u00f6r\u00fc\u015f\u00fcn\u00fcn m\u00fcsb\u0259t n\u0259tic\u0259l\u0259ri var - MEYDAN.TV<\/title>\n<meta name=\"robots\" content=\"index, follow, max-snippet:-1, max-image-preview:large, max-video-preview:-1\" \/>\n<link rel=\"canonical\" href=\"https:\/\/www.meydan.tv\/az\/article\/ilham-eliyev-sankt-peterburq-gorusunun-musbet-neticeleri-var\/\" \/>\n<meta property=\"og:locale\" content=\"az_AZ\" \/>\n<meta property=\"og:type\" content=\"article\" \/>\n<meta property=\"og:title\" content=\"\u0130lham \u018fliyev: Sankt-Peterburq g\u00f6r\u00fc\u015f\u00fcn\u00fcn m\u00fcsb\u0259t n\u0259tic\u0259l\u0259ri var - MEYDAN.TV\" \/>\n<meta property=\"og:description\" content=\"&#039;&#039;M\u00fcnaqi\u015f\u0259 m\u0259rh\u0259l\u0259li \u015f\u0259kild\u0259 h\u0259ll olunmal\u0131d\u0131r&#039;&#039;\" \/>\n<meta property=\"og:url\" content=\"https:\/\/www.meydan.tv\/az\/article\/ilham-eliyev-sankt-peterburq-gorusunun-musbet-neticeleri-var\/\" \/>\n<meta property=\"og:site_name\" content=\"MEYDAN.TV\" \/>\n<meta property=\"article:published_time\" content=\"2016-06-25T19:31:40+00:00\" \/>\n<meta property=\"og:image\" content=\"https:\/\/www.meydan.tv\/wp-content\/uploads\/23427.jpg\" \/>\n\t<meta property=\"og:image:width\" content=\"512\" \/>\n\t<meta property=\"og:image:height\" content=\"400\" \/>\n\t<meta property=\"og:image:type\" content=\"image\/jpeg\" \/>\n<meta name=\"author\" content=\"user-manager\" \/>\n<meta name=\"twitter:card\" content=\"summary_large_image\" \/>\n<script type=\"application\/ld+json\" class=\"yoast-schema-graph\">{\"@context\":\"https:\\\/\\\/schema.org\",\"@graph\":[{\"@type\":\"Article\",\"@id\":\"https:\\\/\\\/www.meydan.tv\\\/az\\\/article\\\/ilham-eliyev-sankt-peterburq-gorusunun-musbet-neticeleri-var\\\/#article\",\"isPartOf\":{\"@id\":\"https:\\\/\\\/www.meydan.tv\\\/az\\\/article\\\/ilham-eliyev-sankt-peterburq-gorusunun-musbet-neticeleri-var\\\/\"},\"author\":{\"name\":\"user-manager\",\"@id\":\"https:\\\/\\\/www.meydan.tv\\\/az\\\/#\\\/schema\\\/person\\\/10d11eccf6da3662cf5fdab9806ea91a\"},\"headline\":\"\u0130lham \u018fliyev: Sankt-Peterburq g\u00f6r\u00fc\u015f\u00fcn\u00fcn m\u00fcsb\u0259t n\u0259tic\u0259l\u0259ri var\",\"datePublished\":\"2016-06-25T19:31:40+00:00\",\"mainEntityOfPage\":{\"@id\":\"https:\\\/\\\/www.meydan.tv\\\/az\\\/article\\\/ilham-eliyev-sankt-peterburq-gorusunun-musbet-neticeleri-var\\\/\"},\"wordCount\":442,\"publisher\":{\"@id\":\"https:\\\/\\\/www.meydan.tv\\\/az\\\/#organization\"},\"image\":{\"@id\":\"https:\\\/\\\/www.meydan.tv\\\/az\\\/article\\\/ilham-eliyev-sankt-peterburq-gorusunun-musbet-neticeleri-var\\\/#primaryimage\"},\"thumbnailUrl\":\"https:\\\/\\\/www.meydan.tv\\\/wp-content\\\/uploads\\\/23427.jpg\",\"articleSection\":[\"Analitika\"],\"inLanguage\":\"az\"},{\"@type\":\"WebPage\",\"@id\":\"https:\\\/\\\/www.meydan.tv\\\/az\\\/article\\\/ilham-eliyev-sankt-peterburq-gorusunun-musbet-neticeleri-var\\\/\",\"url\":\"https:\\\/\\\/www.meydan.tv\\\/az\\\/article\\\/ilham-eliyev-sankt-peterburq-gorusunun-musbet-neticeleri-var\\\/\",\"name\":\"\u0130lham \u018fliyev: Sankt-Peterburq g\u00f6r\u00fc\u015f\u00fcn\u00fcn m\u00fcsb\u0259t n\u0259tic\u0259l\u0259ri var - MEYDAN.TV\",\"isPartOf\":{\"@id\":\"https:\\\/\\\/www.meydan.tv\\\/az\\\/#website\"},\"primaryImageOfPage\":{\"@id\":\"https:\\\/\\\/www.meydan.tv\\\/az\\\/article\\\/ilham-eliyev-sankt-peterburq-gorusunun-musbet-neticeleri-var\\\/#primaryimage\"},\"image\":{\"@id\":\"https:\\\/\\\/www.meydan.tv\\\/az\\\/article\\\/ilham-eliyev-sankt-peterburq-gorusunun-musbet-neticeleri-var\\\/#primaryimage\"},\"thumbnailUrl\":\"https:\\\/\\\/www.meydan.tv\\\/wp-content\\\/uploads\\\/23427.jpg\",\"datePublished\":\"2016-06-25T19:31:40+00:00\",\"breadcrumb\":{\"@id\":\"https:\\\/\\\/www.meydan.tv\\\/az\\\/article\\\/ilham-eliyev-sankt-peterburq-gorusunun-musbet-neticeleri-var\\\/#breadcrumb\"},\"inLanguage\":\"az\",\"potentialAction\":[{\"@type\":\"ReadAction\",\"target\":[\"https:\\\/\\\/www.meydan.tv\\\/az\\\/article\\\/ilham-eliyev-sankt-peterburq-gorusunun-musbet-neticeleri-var\\\/\"]}]},{\"@type\":\"ImageObject\",\"inLanguage\":\"az\",\"@id\":\"https:\\\/\\\/www.meydan.tv\\\/az\\\/article\\\/ilham-eliyev-sankt-peterburq-gorusunun-musbet-neticeleri-var\\\/#primaryimage\",\"url\":\"https:\\\/\\\/www.meydan.tv\\\/wp-content\\\/uploads\\\/23427.jpg\",\"contentUrl\":\"https:\\\/\\\/www.meydan.tv\\\/wp-content\\\/uploads\\\/23427.jpg\",\"width\":512,\"height\":400,\"caption\":\"Source:\"},{\"@type\":\"BreadcrumbList\",\"@id\":\"https:\\\/\\\/www.meydan.tv\\\/az\\\/article\\\/ilham-eliyev-sankt-peterburq-gorusunun-musbet-neticeleri-var\\\/#breadcrumb\",\"itemListElement\":[{\"@type\":\"ListItem\",\"position\":1,\"name\":\"Ana s\u0259hif\u0259\",\"item\":\"https:\\\/\\\/www.meydan.tv\\\/az\\\/\"},{\"@type\":\"ListItem\",\"position\":2,\"name\":\"Analitika\",\"item\":\"https:\\\/\\\/www.meydan.tv\\\/az\\\/section\\\/analitika\\\/\"},{\"@type\":\"ListItem\",\"position\":3,\"name\":\"\u0130lham \u018fliyev: Sankt-Peterburq g\u00f6r\u00fc\u015f\u00fcn\u00fcn m\u00fcsb\u0259t n\u0259tic\u0259l\u0259ri var\"}]},{\"@type\":\"WebSite\",\"@id\":\"https:\\\/\\\/www.meydan.tv\\\/az\\\/#website\",\"url\":\"https:\\\/\\\/www.meydan.tv\\\/az\\\/\",\"name\":\"MEYDAN.TV\",\"description\":\"Meydan TV Az\u0259rbaycan\u0131n media m\u0259kan\u0131ndak\u0131 alternativ s\u0259sidir\",\"publisher\":{\"@id\":\"https:\\\/\\\/www.meydan.tv\\\/az\\\/#organization\"},\"potentialAction\":[{\"@type\":\"SearchAction\",\"target\":{\"@type\":\"EntryPoint\",\"urlTemplate\":\"https:\\\/\\\/www.meydan.tv\\\/az\\\/?s={search_term_string}\"},\"query-input\":{\"@type\":\"PropertyValueSpecification\",\"valueRequired\":true,\"valueName\":\"search_term_string\"}}],\"inLanguage\":\"az\"},{\"@type\":\"Organization\",\"@id\":\"https:\\\/\\\/www.meydan.tv\\\/az\\\/#organization\",\"name\":\"Meydan TV\",\"url\":\"https:\\\/\\\/www.meydan.tv\\\/az\\\/\",\"logo\":{\"@type\":\"ImageObject\",\"inLanguage\":\"az\",\"@id\":\"https:\\\/\\\/www.meydan.tv\\\/az\\\/#\\\/schema\\\/logo\\\/image\\\/\",\"url\":\"https:\\\/\\\/www.meydan.tv\\\/wp-content\\\/uploads\\\/2021\\\/07\\\/meydan-logo.svg\",\"contentUrl\":\"https:\\\/\\\/www.meydan.tv\\\/wp-content\\\/uploads\\\/2021\\\/07\\\/meydan-logo.svg\",\"width\":195,\"height\":46,\"caption\":\"Meydan TV\"},\"image\":{\"@id\":\"https:\\\/\\\/www.meydan.tv\\\/az\\\/#\\\/schema\\\/logo\\\/image\\\/\"}},{\"@type\":\"Person\",\"@id\":\"https:\\\/\\\/www.meydan.tv\\\/az\\\/#\\\/schema\\\/person\\\/10d11eccf6da3662cf5fdab9806ea91a\",\"name\":\"user-manager\"}]}<\/script>\n<!-- \/ Yoast SEO plugin. -->","yoast_head_json":{"title":"\u0130lham \u018fliyev: Sankt-Peterburq g\u00f6r\u00fc\u015f\u00fcn\u00fcn m\u00fcsb\u0259t n\u0259tic\u0259l\u0259ri var - MEYDAN.TV","robots":{"index":"index","follow":"follow","max-snippet":"max-snippet:-1","max-image-preview":"max-image-preview:large","max-video-preview":"max-video-preview:-1"},"canonical":"https:\/\/www.meydan.tv\/az\/article\/ilham-eliyev-sankt-peterburq-gorusunun-musbet-neticeleri-var\/","og_locale":"az_AZ","og_type":"article","og_title":"\u0130lham \u018fliyev: Sankt-Peterburq g\u00f6r\u00fc\u015f\u00fcn\u00fcn m\u00fcsb\u0259t n\u0259tic\u0259l\u0259ri var - MEYDAN.TV","og_description":"''M\u00fcnaqi\u015f\u0259 m\u0259rh\u0259l\u0259li \u015f\u0259kild\u0259 h\u0259ll olunmal\u0131d\u0131r''","og_url":"https:\/\/www.meydan.tv\/az\/article\/ilham-eliyev-sankt-peterburq-gorusunun-musbet-neticeleri-var\/","og_site_name":"MEYDAN.TV","article_published_time":"2016-06-25T19:31:40+00:00","og_image":[{"width":512,"height":400,"url":"https:\/\/www.meydan.tv\/wp-content\/uploads\/23427.jpg","type":"image\/jpeg"}],"author":"user-manager","twitter_card":"summary_large_image","schema":{"@context":"https:\/\/schema.org","@graph":[{"@type":"Article","@id":"https:\/\/www.meydan.tv\/az\/article\/ilham-eliyev-sankt-peterburq-gorusunun-musbet-neticeleri-var\/#article","isPartOf":{"@id":"https:\/\/www.meydan.tv\/az\/article\/ilham-eliyev-sankt-peterburq-gorusunun-musbet-neticeleri-var\/"},"author":{"name":"user-manager","@id":"https:\/\/www.meydan.tv\/az\/#\/schema\/person\/10d11eccf6da3662cf5fdab9806ea91a"},"headline":"\u0130lham \u018fliyev: Sankt-Peterburq g\u00f6r\u00fc\u015f\u00fcn\u00fcn m\u00fcsb\u0259t n\u0259tic\u0259l\u0259ri var","datePublished":"2016-06-25T19:31:40+00:00","mainEntityOfPage":{"@id":"https:\/\/www.meydan.tv\/az\/article\/ilham-eliyev-sankt-peterburq-gorusunun-musbet-neticeleri-var\/"},"wordCount":442,"publisher":{"@id":"https:\/\/www.meydan.tv\/az\/#organization"},"image":{"@id":"https:\/\/www.meydan.tv\/az\/article\/ilham-eliyev-sankt-peterburq-gorusunun-musbet-neticeleri-var\/#primaryimage"},"thumbnailUrl":"https:\/\/www.meydan.tv\/wp-content\/uploads\/23427.jpg","articleSection":["Analitika"],"inLanguage":"az"},{"@type":"WebPage","@id":"https:\/\/www.meydan.tv\/az\/article\/ilham-eliyev-sankt-peterburq-gorusunun-musbet-neticeleri-var\/","url":"https:\/\/www.meydan.tv\/az\/article\/ilham-eliyev-sankt-peterburq-gorusunun-musbet-neticeleri-var\/","name":"\u0130lham \u018fliyev: Sankt-Peterburq g\u00f6r\u00fc\u015f\u00fcn\u00fcn m\u00fcsb\u0259t n\u0259tic\u0259l\u0259ri var - MEYDAN.TV","isPartOf":{"@id":"https:\/\/www.meydan.tv\/az\/#website"},"primaryImageOfPage":{"@id":"https:\/\/www.meydan.tv\/az\/article\/ilham-eliyev-sankt-peterburq-gorusunun-musbet-neticeleri-var\/#primaryimage"},"image":{"@id":"https:\/\/www.meydan.tv\/az\/article\/ilham-eliyev-sankt-peterburq-gorusunun-musbet-neticeleri-var\/#primaryimage"},"thumbnailUrl":"https:\/\/www.meydan.tv\/wp-content\/uploads\/23427.jpg","datePublished":"2016-06-25T19:31:40+00:00","breadcrumb":{"@id":"https:\/\/www.meydan.tv\/az\/article\/ilham-eliyev-sankt-peterburq-gorusunun-musbet-neticeleri-var\/#breadcrumb"},"inLanguage":"az","potentialAction":[{"@type":"ReadAction","target":["https:\/\/www.meydan.tv\/az\/article\/ilham-eliyev-sankt-peterburq-gorusunun-musbet-neticeleri-var\/"]}]},{"@type":"ImageObject","inLanguage":"az","@id":"https:\/\/www.meydan.tv\/az\/article\/ilham-eliyev-sankt-peterburq-gorusunun-musbet-neticeleri-var\/#primaryimage","url":"https:\/\/www.meydan.tv\/wp-content\/uploads\/23427.jpg","contentUrl":"https:\/\/www.meydan.tv\/wp-content\/uploads\/23427.jpg","width":512,"height":400,"caption":"Source:"},{"@type":"BreadcrumbList","@id":"https:\/\/www.meydan.tv\/az\/article\/ilham-eliyev-sankt-peterburq-gorusunun-musbet-neticeleri-var\/#breadcrumb","itemListElement":[{"@type":"ListItem","position":1,"name":"Ana s\u0259hif\u0259","item":"https:\/\/www.meydan.tv\/az\/"},{"@type":"ListItem","position":2,"name":"Analitika","item":"https:\/\/www.meydan.tv\/az\/section\/analitika\/"},{"@type":"ListItem","position":3,"name":"\u0130lham \u018fliyev: Sankt-Peterburq g\u00f6r\u00fc\u015f\u00fcn\u00fcn m\u00fcsb\u0259t n\u0259tic\u0259l\u0259ri var"}]},{"@type":"WebSite","@id":"https:\/\/www.meydan.tv\/az\/#website","url":"https:\/\/www.meydan.tv\/az\/","name":"MEYDAN.TV","description":"Meydan TV Az\u0259rbaycan\u0131n media m\u0259kan\u0131ndak\u0131 alternativ s\u0259sidir","publisher":{"@id":"https:\/\/www.meydan.tv\/az\/#organization"},"potentialAction":[{"@type":"SearchAction","target":{"@type":"EntryPoint","urlTemplate":"https:\/\/www.meydan.tv\/az\/?s={search_term_string}"},"query-input":{"@type":"PropertyValueSpecification","valueRequired":true,"valueName":"search_term_string"}}],"inLanguage":"az"},{"@type":"Organization","@id":"https:\/\/www.meydan.tv\/az\/#organization","name":"Meydan TV","url":"https:\/\/www.meydan.tv\/az\/","logo":{"@type":"ImageObject","inLanguage":"az","@id":"https:\/\/www.meydan.tv\/az\/#\/schema\/logo\/image\/","url":"https:\/\/www.meydan.tv\/wp-content\/uploads\/2021\/07\/meydan-logo.svg","contentUrl":"https:\/\/www.meydan.tv\/wp-content\/uploads\/2021\/07\/meydan-logo.svg","width":195,"height":46,"caption":"Meydan TV"},"image":{"@id":"https:\/\/www.meydan.tv\/az\/#\/schema\/logo\/image\/"}},{"@type":"Person","@id":"https:\/\/www.meydan.tv\/az\/#\/schema\/person\/10d11eccf6da3662cf5fdab9806ea91a","name":"user-manager"}]}},"_links":{"self":[{"href":"https:\/\/www.meydan.tv\/az\/wp-json\/wp\/v2\/posts\/176990","targetHints":{"allow":["GET"]}}],"collection":[{"href":"https:\/\/www.meydan.tv\/az\/wp-json\/wp\/v2\/posts"}],"about":[{"href":"https:\/\/www.meydan.tv\/az\/wp-json\/wp\/v2\/types\/post"}],"author":[{"embeddable":true,"href":"https:\/\/www.meydan.tv\/az\/wp-json\/wp\/v2\/users\/11"}],"replies":[{"embeddable":true,"href":"https:\/\/www.meydan.tv\/az\/wp-json\/wp\/v2\/comments?post=176990"}],"version-history":[{"count":0,"href":"https:\/\/www.meydan.tv\/az\/wp-json\/wp\/v2\/posts\/176990\/revisions"}],"wp:featuredmedia":[{"embeddable":true,"href":"https:\/\/www.meydan.tv\/az\/wp-json\/wp\/v2\/media\/61591"}],"wp:attachment":[{"href":"https:\/\/www.meydan.tv\/az\/wp-json\/wp\/v2\/media?parent=176990"}],"wp:term":[{"taxonomy":"category","embeddable":true,"href":"https:\/\/www.meydan.tv\/az\/wp-json\/wp\/v2\/categories?post=176990"},{"taxonomy":"post_tag","embeddable":true,"href":"https:\/\/www.meydan.tv\/az\/wp-json\/wp\/v2\/tags?post=176990"}],"curies":[{"name":"wp","href":"https:\/\/api.w.org\/{rel}","templated":true}]}}