{"id":176982,"date":"2016-06-25T15:07:58","date_gmt":"2016-06-25T15:07:58","guid":{"rendered":"https:\/\/www.meydan.tv\/article\/qarabag-nizamlanmasinin-merheleli-helli\/"},"modified":"2016-06-25T15:07:58","modified_gmt":"2016-06-25T15:07:58","slug":"qarabag-nizamlanmasinin-merheleli-helli","status":"publish","type":"post","link":"https:\/\/www.meydan.tv\/az\/article\/qarabag-nizamlanmasinin-merheleli-helli\/","title":{"rendered":"Qaraba\u011f nizamlanmas\u0131n\u0131n m\u0259rh\u0259l\u0259li h\u0259lli"},"content":{"rendered":"<figure class=\"wp-block-image size-large\">\n  <img decoding=\"async\" src=\"https:\/\/www.meydan.tv\/az\/serj-sarkisyan-ve-ter-petrosyan\/\" alt=\"Serj Sarkisyan v\u0259 Ter-Petrosyan\" class=\"wp-image-61567\"\/><figcaption>\n    Serj Sarkisyan v\u0259 Ter-Petrosyan<br \/>\n  <\/figcaption><\/figure>\n<figure class=\"wp-block-image size-large\">\n  <img decoding=\"async\" src=\"https:\/\/www.meydan.tv\/az\/serj-sarkisyan-ve-ter-petrosyan\/\" alt=\"Serj Sarkisyan v\u0259 Ter-Petrosyan\" class=\"wp-image-61567\"\/><figcaption>\n    Serj Sarkisyan v\u0259 Ter-Petrosyan<br \/>\n  <\/figcaption><\/figure>\n<p>\n  <i><br \/>\n    Madrid prinsipl\u0259rinin hiyl\u0259si ondan ibar\u0259tdir ki, onlar bir n\u00f6v problemin m\u0259rh\u0259l\u0259li v\u0259 paket \u015f\u0259klind\u0259 h\u0259llinin sintezidir. S\u0259n\u0259dd\u0259 \u0259ksini tapm\u0131\u015f m\u00fcdd\u0259alar\u0131n m\u0259rh\u0259l\u0259li h\u0259yata ke\u00e7irilm\u0259si onlar\u0131n \u0259vv\u0259lc\u0259d\u0259n paket \u015f\u0259klind\u0259 q\u0259bul edilm\u0259sin\u0259 \u0259saslan\u0131r: bir \u015fey raz\u0131la\u015fd\u0131r\u0131lmay\u0131bsa, dem\u0259li he\u00e7 n\u0259 raz\u0131la\u015fd\u0131r\u0131lmay\u0131b<br \/>\n  <\/i>\n<\/p>\n<p>\n  Az\u0259rbaycan Prezident Administrasiyas\u0131 r\u0259hb\u0259rinin m\u00fcavini Novruz M\u0259mm\u0259dovun iyunun 22-d\u0259 ANS telekanal\u0131na iyunun 20-d\u0259 Az\u0259rbaycan, Erm\u0259nistan v\u0259 Rusiya prezidentl\u0259rinin Sankt-Peterburq g\u00f6r\u00fc\u015f\u00fcnd\u0259 Qaraba\u011f m\u00fcnaqi\u015f\u0259sinin m\u0259rh\u0259l\u0259li h\u0259lli haqq\u0131nda prinsipial raz\u0131l\u0131q \u0259ld\u0259 edildiyi bar\u0259d\u0259 b\u0259yanat\u0131 sensasiyal\u0131 x\u0259b\u0259r kimi q\u0259bul olundu.\n<\/p>\n<p>\n  \u201cBu g\u00f6r\u00fc\u015f zaman\u0131 m\u00fcnaqi\u015f\u0259nin m\u0259rh\u0259l\u0259li h\u0259llin\u0259 \u00fcst\u00fcnl\u00fck verildi. Y\u0259ni bundan sonra m\u00fcnaqi\u015f\u0259nin h\u0259llind\u0259 m\u0259rh\u0259l\u0259li \u015f\u0259kild\u0259 ir\u0259liy\u0259 getm\u0259k laz\u0131md\u0131r. \u018fvv\u0259lc\u0259 Az\u0259rbaycan\u0131n 5 rayonunun (A\u011fdam, F\u00fczuli, C\u0259bray\u0131l, Z\u0259ngilan v\u0259 Qubadl\u0131) azad olunmas\u0131, ondan sonra 2 rayonun (La\u00e7\u0131n v\u0259 K\u0259lb\u0259c\u0259r) azad olunmas\u0131 v\u0259 d\u0259hlizin (Erm\u0259nistan v\u0259 Da\u011fl\u0131q Qaraba\u011f aras\u0131nda) m\u00fc\u0259yy\u0259n edilm\u0259si. Daha sonra Da\u011fl\u0131q Qaraba\u011f\u0131n statusunun m\u00fc\u0259yy\u0259n edilm\u0259si. Bu istiqam\u0259td\u0259 t\u0259r\u0259fl\u0259r prinsip etibaril\u0259 raz\u0131l\u0131\u011fa g\u0259ldil\u0259r\u201d, dey\u0259 M\u0259mm\u0259dov bildirib.\n<\/p>\n<p>\n  Sensasiya c\u0259mi bir ne\u00e7\u0259 saat s\u00fcrd\u00fc v\u0259 Erm\u0259nistan X\u0130N r\u0259hb\u0259ri Edvard Nalbandyan operativ olaraq onu t\u0259kzib etdi. \u201cSankt-Peterburq sammitind\u0259 Qaraba\u011f probleminin h\u0259lli haqq\u0131nda he\u00e7 bir raz\u0131la\u015fma \u0259ld\u0259 olunmay\u0131b. M\u0259s\u0259l\u0259nin paket \u0259sas\u0131nda h\u0259llin\u0259 g\u0259linc\u0259, bunun \u0259sas\u0131nda ilk n\u00f6vb\u0259d\u0259, d\u0259f\u0259l\u0259rl\u0259 b\u0259yan edildiyi kimi, Az\u0259rbaycan\u0131n Da\u011fl\u0131q Qaraba\u011f xalq\u0131n\u0131n \u00f6z m\u00fcq\u0259dd\u0259rat\u0131n\u0131 t\u0259yin etm\u0259 h\u00fcququnu tan\u0131mas\u0131 v\u0259 onu h\u0259yata ke\u00e7irm\u0259si durmal\u0131d\u0131r\u201d, dey\u0259 Nalbandyan bildirib.\n<\/p>\n<p>\n  Nalbandyan\u0131n b\u0259yanat\u0131 g\u00f6st\u0259rib ki, nizamlanman\u0131n \u0259sas problemi olan iki ziddiyy\u0259tli beyn\u0259lxalq h\u00fcquq prinsipinin: \u0259razi b\u00fct\u00f6vl\u00fcy\u00fcn\u0259 h\u00f6rm\u0259t v\u0259 xalq\u0131n \u00f6z m\u00fcq\u0259dd\u0259rat\u0131n\u0131 h\u0259ll etm\u0259k h\u00fcququ prinsipl\u0259rinin sintezinin yarad\u0131lmas\u0131 problemi dan\u0131\u015f\u0131qlar\u0131n bu m\u0259rh\u0259l\u0259sind\u0259 d\u0259 h\u0259ll edilm\u0259yib.\n<\/p>\n<p>\n  Amma faktd\u0131r ki, nizamlanman\u0131n iki yana\u015fmas\u0131ndan: Erm\u0259nistan t\u0259r\u0259fin daha \u00e7ox israr etdiyi paket \u015f\u0259klind\u0259 h\u0259ll v\u0259 m\u0259rh\u0259l\u0259li h\u0259ld\u0259n sonuncuya \u00fcst\u00fcnl\u00fck verilib. M\u00fcnaqi\u015f\u0259nin davam etdiyi m\u00fcdd\u0259t \u0259rzind\u0259 m\u0259rh\u0259l\u0259li yana\u015fma beyn\u0259lxalq vasit\u0259\u00e7il\u0259r \u00fc\u00e7\u00fcn prioritet idi, nizamlanma xronikas\u0131n\u0131n g\u00f6st\u0259rdiyi kimi, onlar ard\u0131c\u0131l olaraq bu yana\u015fman\u0131 t\u0259kmill\u0259\u015fdiribl\u0259r.\n<\/p>\n<p>\n  Qaraba\u011f m\u00fcnaqi\u015f\u0259sinin m\u0259rh\u0259l\u0259li h\u0259lli t\u0259\u015f\u0259bb\u00fcs kimi 1994-c\u00fc ilin may\u0131nda c\u0259bh\u0259d\u0259 at\u0259\u015fk\u0259s sazi\u015fi imzaland\u0131qdan d\u0259rhal sonra AT\u018fT-in Misnk Qrupu \u00e7\u0259r\u00e7iv\u0259sind\u0259 m\u00fczakir\u0259 olunub. 1996-c\u0131 ilin may\u0131nda Erm\u0259nistan X\u0130N-in m\u0259tbuat katibi Armen Baqdasaryan bildirib ki, r\u0259smi Yerevan m\u0259s\u0259l\u0259nin paket \u015f\u0259klind\u0259 h\u0259lli variant\u0131n\u0131n (dan\u0131\u015f\u0131qlar\u0131n b\u00fct\u00fcn b\u0259ndl\u0259rinin eyni zamanda h\u0259lli) \u0259sass\u0131z oldu\u011funu ba\u015fa d\u00fc\u015f\u00fcr v\u0259 m\u00fcnaqi\u015f\u0259nin m\u0259rh\u0259l\u0259li h\u0259llinin t\u0259r\u0259fdar\u0131d\u0131r. Amma o, Da\u011fl\u0131q Qaraba\u011f\u0131n erm\u0259ni icmas\u0131n\u0131n paket \u015f\u0259klind\u0259 h\u0259ld\u0259 israr etdiyini qeyd edib.\n<\/p>\n<p>\n  1997-ci ild\u0259 AT\u018fT-in Lissabon sammitind\u0259n sonra r\u0259smi Bak\u0131 m\u0259rh\u0259l\u0259li nizamlanma prosesinin tezlikl\u0259 ba\u015flanaca\u011f\u0131n\u0131 bildirib. 1997-ci il sentyabr\u0131n 26-da prezident Levon Ter-Petrosyan da a\u00e7\u0131q-a\u015fkar m\u0259rh\u0259l\u0259li yana\u015fman\u0131 d\u0259st\u0259kl\u0259diyini bildirib ki, bu da \u201csaray \u00e7evrili\u015fin\u0259\u201d v\u0259 onun istefas\u0131na g\u0259tirib \u00e7\u0131xar\u0131b.\n<\/p>\n<p>\n  Problemin bu \u201cm\u0259rh\u0259l\u0259li h\u0259ll\u201d d\u00f6vr\u00fc Moskvan\u0131n \u00fcst\u00fcn rolu il\u0259 s\u00fclh yaratman\u0131n (1994-1999) Bi\u015fkek m\u0259rh\u0259l\u0259sin\u0259 d\u00fc\u015f\u00fcrd\u00fc. Amma sonradan proses uzun m\u00fcdd\u0259t dayand\u0131r\u0131ld\u0131: m\u00fcnaqi\u015f\u0259nin nizamlanmas\u0131n\u0131n AB\u015e-\u0131n \u00fcst\u00fcnl\u00fcy\u00fc il\u0259 yeni m\u0259rh\u0259l\u0259sinin b\u00fcn\u00f6vr\u0259si qoyuldu\u011fu anda m\u0259rh\u0259l\u0259li varinat q\u0131sa m\u00fcdd\u0259tliyin\u0259 yerini \u015f\u00fcbh\u0259li \u201c\u00fcmumi d\u00f6vl\u0259t\u201d ideyas\u0131na verib. Amma AB\u015e rolunun geddikc\u0259 g\u00fccl\u0259nm\u0259siil\u0259 r\u0259smi Bak\u0131 n\u00f6qsanl\u0131 \u201c\u00fcmumi d\u00f6vl\u0259t\u201d modelind\u0259n imt\u0131na edir.\n<\/p>\n<p>\n  2007-ci ilin noyabr\u0131nda Madridd\u0259 Minsk Qrupu nizamlanman\u0131n \u201cMadrid prinsipl\u0259ri\u201d ad\u0131n\u0131 alm\u0131\u015f d\u0259qiq ifad\u0259 olunmu\u015f ilk m\u0259rh\u0259l\u0259li prinsipl\u0259rini m\u00fcnaqi\u015f\u0259 t\u0259r\u0259fl\u0259rin\u0259 t\u0259qdim edir.\n<\/p>\n<p>\n  2008-ci ilin noyabr\u0131nda Az\u0259rbaycan, Erm\u0259nistan v\u0259 Rusiya prezidentl\u0259ri Mayendorf B\u0259yannam\u0259sini imzalay\u0131blar. S\u0259n\u0259dd\u0259 t\u0259r\u0259fl\u0259rin \u201cMadrid prinsipl\u0259ri\u201dn\u0259 sadiq olduqlar\u0131n\u0131 t\u0259sdiq etdikl\u0259ri bildirilirdi. Madrid Prinsipl\u0259rinin art\u0131q yenil\u0259nmi\u015f versiyas\u0131n\u0131n \u0259sas m\u00fcdd\u0259alar\u0131 10 iyul 2009-cu ild\u0259 \u201cB\u00f6y\u00fck S\u0259kkizliyin\u201d \u0130taliyan\u0131n L\u2019Akuila \u015f\u0259h\u0259rind\u0259 ke\u00e7iril\u0259n sammitind\u0259 AT\u018fT Minsk Qrupunun h\u0259ms\u0259dri olan d\u00f6vl\u0259tl\u0259rin verdiyi b\u0259yanatda a\u00e7\u0131qland\u0131.\n<\/p>\n<p>\n  Maraql\u0131d\u0131r ki, m\u0259rh\u0259l\u0259li nizamlama prosesinin g\u00fccl\u0259nm\u0259si 2009-cu ild\u0259 s\u00fclh haqq\u0131nda T\u00fcrkiy\u0259-Erm\u0259nistan \u201cyol kart\u0131\u201dn\u0131n formala\u015fd\u0131r\u0131lmas\u0131 prosesi il\u0259 paralel gedirdi. 2009-cu ilin avqustunda Az\u0259rbaycan t\u0259r\u0259fi ba\u015f nazirin m\u00fcavini \u018fli H\u0259s\u0259novun \u015f\u0259xsind\u0259 i\u015f\u011fal edilmi\u015f \u0259razil\u0259rin m\u0259rh\u0259l\u0259li \u015f\u0259kild\u0259 Az\u0259rbaycan\u0131n yurisdiksiyas\u0131 alt\u0131na qaytar\u0131lmas\u0131 plan\u0131n\u0131n d\u0259st\u0259kl\u0259nm\u0259si \u00fc\u00e7\u00fcn 60 mlrd. dollar d\u0259y\u0259rind\u0259 \u201cB\u00f6y\u00fck qay\u0131d\u0131\u015f\u201d proqram\u0131n\u0131 t\u0259qdim etdi. Amma Ankara v\u0259 Yerevan aras\u0131nda m\u00fcnasib\u0259tl\u0259rin b\u0259rpas\u0131 layih\u0259sinin u\u011fursuzlu\u011fundan sonra bu t\u0259\u015f\u0259bb\u00fcs d\u0259 arxa plana ke\u00e7di, baxmayaraq ki, m\u0259rh\u0259l\u0259li plan el\u0259 h\u0259min il oktyabr\u0131n 9-da Ki\u015finyovda prezidentl\u0259rin Minsk Qrupu h\u0259ms\u0259drl\u0259rinin i\u015ftirak\u0131 il\u0259 ke\u00e7iril\u0259n g\u00f6r\u00fc\u015f\u00fcnd\u0259 m\u00fczakir\u0259 olunub. Moldaviya paytaxt\u0131nda diqq\u0259t Madrid Prinsipl\u0259rinin yenil\u0259nmi\u015f versiyas\u0131n\u0131n \u0259sas m\u00fcdd\u0259alar\u0131na ayr\u0131l\u0131b.\n<\/p>\n<p>\n  Bak\u0131 v\u0259 Yerevan m\u0259sl\u0259h\u0259tl\u0259\u015fm\u0259l\u0259rin n\u0259tic\u0259l\u0259rind\u0259n m\u0259mnunluq ifad\u0259 edibl\u0259r v\u0259 h\u0259r k\u0259sin aktiv dialoqun davam etdirilm\u0259sind\u0259 q\u0259tiyy\u0259tli oldu\u011funu n\u00fcmayi\u015f etdiribl\u0259r, nizamlanma prosesind\u0259 tezlikl\u0259 s\u0131\u00e7ray\u0131\u015f\u0131n t\u0259min edil\u0259c\u0259yi haqq\u0131nda \u0259min proqnozlar veribl\u0259r. Amma m\u0259rh\u0259l\u0259li prosesin m\u00fczakir\u0259si yen\u0259 5 il m\u00fcdd\u0259tin\u0259 t\u0259xir\u0259 sal\u0131nd\u0131.\n<\/p>\n<p>\n  2014-c\u00fc il may\u0131n 7-d\u0259 Az\u0259rbaycan v\u0259 Erm\u0259nistan aras\u0131nda at\u0259\u015fk\u0259s sazi\u015fi ba\u011flanmas\u0131n\u0131n 20 illiyi \u0259r\u0259f\u0259sind\u0259 AT\u018fT Minsk Qrupunun amerikal\u0131 h\u0259ms\u0259dri Ceyms Uorlik Rusiyal\u0131 v\u0259 Fransal\u0131 h\u0259mkarlar\u0131n\u0131n i\u015ftirak\u0131 il\u0259 haz\u0131rlanm\u0131\u015f Erm\u0259nistan-Az\u0259rbaycan m\u00fcnaqi\u015f\u0259nin m\u0259rh\u0259l\u0259li h\u0259lli \u00fczr\u0259 6 b\u0259ndd\u0259n ibar\u0259t yeni t\u0259klifl\u0259ri a\u00e7\u0131qlay\u0131b. Yeni t\u0259\u015f\u0259bb\u00fcs \u201cyenil\u0259nmi\u015f Madrid prinsipl\u0259rin\u0259\u201d d\u00fcz\u0259li\u015fl\u0259r edib v\u0259 t\u0259r\u0259fl\u0259rin m\u00fcmk\u00fcn kompromisl\u0259rini yax\u0131nla\u015fd\u0131r\u0131b. Da\u011fl\u0131q Qaraba\u011f\u0131n g\u0259l\u0259c\u0259k statusunun Az\u0259rbaycan v\u0259 Erm\u0259nistan aras\u0131nda raz\u0131la\u015fd\u0131r\u0131lm\u0131\u015f s\u0259sverm\u0259 yolu il\u0259 h\u0259ll edil\u0259c\u0259yi m\u00fcsb\u0259t kompromis m\u0259qam\u0131 idi ki, bu da t\u0259kc\u0259 g\u0259l\u0259c\u0259kd\u0259 deyil, etimad\u0131n b\u0259rpas\u0131 prosesinin davam etdiyi b\u00fct\u00fcn m\u00fcdd\u0259t \u0259rzind\u0259 problem\u0259 tarazla\u015fd\u0131r\u0131lm\u0131\u015f yana\u015fma imkan\u0131 verir.\n<\/p>\n<p>\n  H\u0259ms\u0259dr \u00f6lk\u0259l\u0259r hesab edirl\u0259r ki, pat v\u0259ziyy\u0259tind\u0259n \u00e7\u0131x\u0131\u015f m\u00fcnaqi\u015f\u0259 t\u0259r\u0259fl\u0259rinin m\u00f6vqeyinin daha da yum\u015fald\u0131lmas\u0131 v\u0259 onlar\u0131n yeni g\u00fcz\u0259\u015ftl\u0259r\u0259 haz\u0131rl\u0131\u011f\u0131 \u0259sas\u0131nda m\u00fcmk\u00fcnd\u00fcr. \u018fslind\u0259 s\u00f6hb\u0259t faktiki olaraq \u0259n t\u0259m\u0259l prinsip\u0259rin (mill\u0259tl\u0259rin \u00f6z m\u00fcq\u0259dd\u0259rat\u0131n\u0131 h\u0259ll etm\u0259k h\u00fcququ v\u0259 d\u00f6vl\u0259tin \u0259razi b\u00fct\u00f6vl\u00fcy\u00fc) real olaraq raz\u0131la\u015fd\u0131r\u0131lmas\u0131 \u00fc\u00e7\u00fcn onlar haqq\u0131nda yenid\u0259n g\u00fcz\u0259\u015ftli \u015f\u0259kild\u0259 d\u00fc\u015f\u00fcnm\u0259kd\u0259n gedir. Y\u0259ni mill\u0259tin \u00f6z m\u00fcq\u0259dd\u0259rat\u0131n\u0131 h\u0259ll etm\u0259k h\u00fcququnun, formal da olsa, Az\u0259rbaycan\u0131n \u0259razi b\u00fct\u00f6vl\u00fcy\u00fc \u00e7\u0259r\u00e7iv\u0259l\u0259ri il\u0259 m\u0259hdudla\u015fd\u0131r\u0131lmas\u0131 z\u0259rur\u0259ti Erm\u0259nistana t\u0259lqin edilir. Az\u0259rbaycana is\u0259 formal da olsa d\u00f6vl\u0259tin \u0259razi b\u00fct\u00f6vl\u00fcy\u00fcn\u00fcn qorunub saxlanmas\u0131 v\u0259 Erm\u0259nistan t\u0259r\u0259fin i\u015f\u011fal etdiyi rayonlar\u0131n m\u0259rh\u0259l\u0259li \u015f\u0259kild\u0259 azad edilm\u0259si \u015f\u0259rti il\u0259 \u201c\u00f6z m\u00fcq\u0259dd\u0259rat\u0131n\u0131 h\u0259ll ed\u0259n zonada\u201d suverenliyin xeyli m\u0259hdudla\u015fd\u0131r\u0131lmas\u0131n\u0131n qa\u00e7\u0131lmaz oldu\u011fu q\u0259bul etdirilir.\n<\/p>\n<p>\n  \u201cYenil\u0259nmi\u015f Madrid prinsipl\u0259rinin\u201d h\u0259yata ke\u00e7irilm\u0259sinin m\u0259rh\u0259l\u0259liliyi \u0259vv\u0259lc\u0259 Az\u0259rbaycan \u0259razil\u0259rinin i\u015f\u011faldan azad olunmas\u0131n\u0131 v\u0259 yaln\u0131z bundan sonra Da\u011fl\u0131q Qaraba\u011f\u0131n statusunun m\u00fc\u0259yy\u0259n edilm\u0259sini n\u0259z\u0259rd\u0259 tutur. Bununla bel\u0259, Madrid prinsipl\u0259rinin hiyl\u0259si ondan ibar\u0259tdir ki, onlar bir n\u00f6v problemin m\u0259rh\u0259l\u0259li v\u0259 paket \u015f\u0259klind\u0259 h\u0259llinin sintezidir. S\u0259n\u0259dd\u0259 \u0259ksini tapm\u0131\u015f m\u00fcdd\u0259alar\u0131n m\u0259rh\u0259l\u0259li h\u0259yata ke\u00e7irilm\u0259si onlar\u0131n \u0259vv\u0259lc\u0259d\u0259n paket \u015f\u0259klind\u0259 q\u0259bul edilm\u0259sin\u0259 \u0259saslan\u0131r: bir \u015fey raz\u0131la\u015fd\u0131r\u0131lmay\u0131bsa, dem\u0259li he\u00e7 n\u0259 raz\u0131la\u015fd\u0131r\u0131lmay\u0131b. Bu is\u0259 o dem\u0259kdir ki, Az\u0259rbaycan \u00fc\u00e7\u00fcn bir \u00e7ox g\u0259l\u0259c\u0259k riskl\u0259r v\u0259 t\u0259hl\u00fck\u0259l\u0259r t\u0259m\u0259l sazi\u015fin ba\u011flanmas\u0131 m\u0259rh\u0259l\u0259sind\u0259 art\u0131q konkret hal ala bil\u0259r. Daha sonra onlara etiraz etm\u0259k v\u0259 ya onlar\u0131 yerin\u0259 yetirm\u0259kd\u0259n imtina etm\u0259k h\u0259ddind\u0259n art\u0131q \u00e7\u0259tin olacaq. Paket \u015f\u0259klind\u0259 q\u0259bul edilmi\u015f raz\u0131la\u015fmalar\u0131n m\u0259rh\u0259l\u0259li \u015f\u0259kild\u0259 h\u0259yata ke\u00e7irilm\u0259si Erm\u0259nistan \u00fc\u00e7\u00fcn \u0259n az Az\u0259rbaycan q\u0259d\u0259r, b\u0259lk\u0259 daha ciddi riskl\u0259r ehtiva edir \u2013 i\u015f\u011fal edilmi\u015f \u0259razil\u0259ri azad edildikc\u0259 Az\u0259rbaycan\u0131n siyasi manverl\u0259r v\u0259 v\u0259ziyy\u0259t\u0259 t\u0259sir etm\u0259k \u00fc\u00e7\u00fcn daha \u00e7ox imkan\u0131 olacaq.\n<\/p>\n<p>\n  Minsk qrupunun yeni t\u0259\u015f\u0259bb\u00fcs\u00fc 2014-c\u00fc il iyunun 17-d\u0259 Sankt-Peterburqda h\u0259r il ke\u00e7iril\u0259n beyn\u0259lxalq iqtisadi forum \u00e7\u0259r\u00e7iv\u0259sind\u0259 Az\u0259rbaycan, Rusiya v\u0259 Erm\u0259nistan prezidentl\u0259rinin n\u00f6vb\u0259ti \u00fc\u00e7t\u0259r\u0259fli g\u00f6r\u00fc\u015f\u00fcnd\u0259 m\u00fczakir\u0259 olunub. Bu s\u0259b\u0259bd\u0259n g\u00f6r\u00fc\u015f\u00fcn \u0259sas \u201ckonstruktiv\u201d yekunu kimi Az\u0259rbaycan v\u0259 Erm\u0259nistan prezidentl\u0259rinin dialoqu \u201cyenil\u0259nmi\u015f Madrid prinsipl\u0259rinin\u201d raz\u0131la\u015fd\u0131r\u0131lmas\u0131 \u00fczr\u0259 dialoqu davam etdirm\u0259y\u0259 haz\u0131r olduqlar\u0131 q\u0259bul edilib. Amma sonradan dialoqa t\u0259xmin\u0259n il yar\u0131m m\u00fcdd\u0259tin\u0259 fasil\u0259 verilib v\u0259 2016-c\u0131 ilin aprelind\u0259 1994-c\u00fc ild\u0259 at\u0259\u015fk\u0259s sazi\u015fi ba\u011fland\u0131qdan sonra \u0259n geni\u015f miqyasl\u0131 d\u00f6y\u00fc\u015f \u0259m\u0259liyyatlar\u0131 il\u0259 yada d\u00fc\u015f\u00fcb.\n<\/p>\n<p>\n  Aprel d\u00f6y\u00fc\u015f \u0259m\u0259liyyatlar\u0131 m\u0259rh\u0259l\u0259li nizamlanma prosesin\u0259 yeni \u00e7alar b\u0259x\u015f etdi, mayda Vyanada v\u0259 iyunda Sankt-Peterburqda prezidentl\u0259rin g\u00f6r\u00fc\u015fl\u0259rin\u0259 t\u0259kan verdi. Amma \u0259n maraql\u0131s\u0131 budur ki, \u00fc\u00e7g\u00fcnl\u00fck m\u00fcharib\u0259 Erm\u0259nistan c\u0259miyy\u0259tind\u0259 m\u00fcnaqi\u015f\u0259nin m\u0259rh\u0259l\u0259li h\u0259lli variant\u0131 haqq\u0131nda yeni m\u00fczakir\u0259l\u0259r\u0259 s\u0259b\u0259b olub. Bunu ilk d\u0259f\u0259 Erm\u0259nistan\u0131n birinci prezidenti Levon Ter-Petrosyan erm\u0259ni c\u0259miyy\u0259tin\u0259 t\u0259klif etmi\u015fdi v\u0259 bu, onun istefas\u0131na g\u0259tirib \u00e7\u0131xarm\u0131\u015fd\u0131.<\/p>\n","protected":false},"excerpt":{"rendered":"<p>Madrid prinsipl\u0259rinin hiyl\u0259si ondan ibar\u0259tdir ki, onlar bir n\u00f6v problemin m\u0259rh\u0259l\u0259li v\u0259 paket \u015f\u0259klind\u0259 h\u0259llinin sintezidir. S\u0259n\u0259dd\u0259 \u0259ksini tapm\u0131\u015f m\u00fcdd\u0259alar\u0131n m\u0259rh\u0259l\u0259li h\u0259yata ke\u00e7irilm\u0259si onlar\u0131n \u0259vv\u0259lc\u0259d\u0259n paket \u015f\u0259klind\u0259 q\u0259bul edilm\u0259sin\u0259 \u0259saslan\u0131r: bir \u015fey raz\u0131la\u015fd\u0131r\u0131lmay\u0131bsa, dem\u0259li he\u00e7 n\u0259 raz\u0131la\u015fd\u0131r\u0131lmay\u0131b<\/p>\n","protected":false},"author":11,"featured_media":61567,"comment_status":"closed","ping_status":"open","sticky":false,"template":"","format":"standard","meta":{"_acf_changed":false,"_sitemap_exclude":false,"_sitemap_priority":"","_sitemap_frequency":"","footnotes":""},"categories":[51],"tags":[],"class_list":["post-176982","post","type-post","status-publish","format-standard","has-post-thumbnail","hentry","category-analitika","infinite-scroll-item","generate-columns","tablet-grid-50","mobile-grid-100","grid-parent","grid-33","no-featured-image-padding"],"acf":[],"yoast_head":"<!-- This site is optimized with the Yoast SEO plugin v27.5 - https:\/\/yoast.com\/product\/yoast-seo-wordpress\/ -->\n<title>Qaraba\u011f nizamlanmas\u0131n\u0131n m\u0259rh\u0259l\u0259li h\u0259lli - MEYDAN.TV<\/title>\n<meta name=\"robots\" content=\"index, follow, max-snippet:-1, max-image-preview:large, max-video-preview:-1\" \/>\n<link rel=\"canonical\" href=\"https:\/\/www.meydan.tv\/az\/article\/qarabag-nizamlanmasinin-merheleli-helli\/\" \/>\n<meta property=\"og:locale\" content=\"az_AZ\" \/>\n<meta property=\"og:type\" content=\"article\" \/>\n<meta property=\"og:title\" content=\"Qaraba\u011f nizamlanmas\u0131n\u0131n m\u0259rh\u0259l\u0259li h\u0259lli - MEYDAN.TV\" \/>\n<meta property=\"og:description\" content=\"Madrid prinsipl\u0259rinin hiyl\u0259si ondan ibar\u0259tdir ki, onlar bir n\u00f6v problemin m\u0259rh\u0259l\u0259li v\u0259 paket \u015f\u0259klind\u0259 h\u0259llinin sintezidir. S\u0259n\u0259dd\u0259 \u0259ksini tapm\u0131\u015f m\u00fcdd\u0259alar\u0131n m\u0259rh\u0259l\u0259li h\u0259yata ke\u00e7irilm\u0259si onlar\u0131n \u0259vv\u0259lc\u0259d\u0259n paket \u015f\u0259klind\u0259 q\u0259bul edilm\u0259sin\u0259 \u0259saslan\u0131r: bir \u015fey raz\u0131la\u015fd\u0131r\u0131lmay\u0131bsa, dem\u0259li he\u00e7 n\u0259 raz\u0131la\u015fd\u0131r\u0131lmay\u0131b\" \/>\n<meta property=\"og:url\" content=\"https:\/\/www.meydan.tv\/az\/article\/qarabag-nizamlanmasinin-merheleli-helli\/\" \/>\n<meta property=\"og:site_name\" content=\"MEYDAN.TV\" \/>\n<meta property=\"article:published_time\" content=\"2016-06-25T15:07:58+00:00\" \/>\n<meta property=\"og:image\" content=\"https:\/\/www.meydan.tv\/wp-content\/uploads\/23417.jpg\" \/>\n\t<meta property=\"og:image:width\" content=\"680\" \/>\n\t<meta property=\"og:image:height\" content=\"365\" \/>\n\t<meta property=\"og:image:type\" content=\"image\/jpeg\" \/>\n<meta name=\"author\" content=\"user-manager\" \/>\n<meta name=\"twitter:card\" content=\"summary_large_image\" \/>\n<script type=\"application\/ld+json\" class=\"yoast-schema-graph\">{\"@context\":\"https:\\\/\\\/schema.org\",\"@graph\":[{\"@type\":\"Article\",\"@id\":\"https:\\\/\\\/www.meydan.tv\\\/az\\\/article\\\/qarabag-nizamlanmasinin-merheleli-helli\\\/#article\",\"isPartOf\":{\"@id\":\"https:\\\/\\\/www.meydan.tv\\\/az\\\/article\\\/qarabag-nizamlanmasinin-merheleli-helli\\\/\"},\"author\":{\"name\":\"user-manager\",\"@id\":\"https:\\\/\\\/www.meydan.tv\\\/az\\\/#\\\/schema\\\/person\\\/10d11eccf6da3662cf5fdab9806ea91a\"},\"headline\":\"Qaraba\u011f nizamlanmas\u0131n\u0131n m\u0259rh\u0259l\u0259li h\u0259lli\",\"datePublished\":\"2016-06-25T15:07:58+00:00\",\"mainEntityOfPage\":{\"@id\":\"https:\\\/\\\/www.meydan.tv\\\/az\\\/article\\\/qarabag-nizamlanmasinin-merheleli-helli\\\/\"},\"wordCount\":2039,\"publisher\":{\"@id\":\"https:\\\/\\\/www.meydan.tv\\\/az\\\/#organization\"},\"image\":{\"@id\":\"https:\\\/\\\/www.meydan.tv\\\/az\\\/article\\\/qarabag-nizamlanmasinin-merheleli-helli\\\/#primaryimage\"},\"thumbnailUrl\":\"https:\\\/\\\/www.meydan.tv\\\/wp-content\\\/uploads\\\/23417.jpg\",\"articleSection\":[\"Analitika\"],\"inLanguage\":\"az\"},{\"@type\":\"WebPage\",\"@id\":\"https:\\\/\\\/www.meydan.tv\\\/az\\\/article\\\/qarabag-nizamlanmasinin-merheleli-helli\\\/\",\"url\":\"https:\\\/\\\/www.meydan.tv\\\/az\\\/article\\\/qarabag-nizamlanmasinin-merheleli-helli\\\/\",\"name\":\"Qaraba\u011f nizamlanmas\u0131n\u0131n m\u0259rh\u0259l\u0259li h\u0259lli - MEYDAN.TV\",\"isPartOf\":{\"@id\":\"https:\\\/\\\/www.meydan.tv\\\/az\\\/#website\"},\"primaryImageOfPage\":{\"@id\":\"https:\\\/\\\/www.meydan.tv\\\/az\\\/article\\\/qarabag-nizamlanmasinin-merheleli-helli\\\/#primaryimage\"},\"image\":{\"@id\":\"https:\\\/\\\/www.meydan.tv\\\/az\\\/article\\\/qarabag-nizamlanmasinin-merheleli-helli\\\/#primaryimage\"},\"thumbnailUrl\":\"https:\\\/\\\/www.meydan.tv\\\/wp-content\\\/uploads\\\/23417.jpg\",\"datePublished\":\"2016-06-25T15:07:58+00:00\",\"breadcrumb\":{\"@id\":\"https:\\\/\\\/www.meydan.tv\\\/az\\\/article\\\/qarabag-nizamlanmasinin-merheleli-helli\\\/#breadcrumb\"},\"inLanguage\":\"az\",\"potentialAction\":[{\"@type\":\"ReadAction\",\"target\":[\"https:\\\/\\\/www.meydan.tv\\\/az\\\/article\\\/qarabag-nizamlanmasinin-merheleli-helli\\\/\"]}]},{\"@type\":\"ImageObject\",\"inLanguage\":\"az\",\"@id\":\"https:\\\/\\\/www.meydan.tv\\\/az\\\/article\\\/qarabag-nizamlanmasinin-merheleli-helli\\\/#primaryimage\",\"url\":\"https:\\\/\\\/www.meydan.tv\\\/wp-content\\\/uploads\\\/23417.jpg\",\"contentUrl\":\"https:\\\/\\\/www.meydan.tv\\\/wp-content\\\/uploads\\\/23417.jpg\",\"width\":680,\"height\":365,\"caption\":\"Source:\"},{\"@type\":\"BreadcrumbList\",\"@id\":\"https:\\\/\\\/www.meydan.tv\\\/az\\\/article\\\/qarabag-nizamlanmasinin-merheleli-helli\\\/#breadcrumb\",\"itemListElement\":[{\"@type\":\"ListItem\",\"position\":1,\"name\":\"Ana s\u0259hif\u0259\",\"item\":\"https:\\\/\\\/www.meydan.tv\\\/az\\\/\"},{\"@type\":\"ListItem\",\"position\":2,\"name\":\"Analitika\",\"item\":\"https:\\\/\\\/www.meydan.tv\\\/az\\\/section\\\/analitika\\\/\"},{\"@type\":\"ListItem\",\"position\":3,\"name\":\"Qaraba\u011f nizamlanmas\u0131n\u0131n m\u0259rh\u0259l\u0259li h\u0259lli\"}]},{\"@type\":\"WebSite\",\"@id\":\"https:\\\/\\\/www.meydan.tv\\\/az\\\/#website\",\"url\":\"https:\\\/\\\/www.meydan.tv\\\/az\\\/\",\"name\":\"MEYDAN.TV\",\"description\":\"Meydan TV Az\u0259rbaycan\u0131n media m\u0259kan\u0131ndak\u0131 alternativ s\u0259sidir\",\"publisher\":{\"@id\":\"https:\\\/\\\/www.meydan.tv\\\/az\\\/#organization\"},\"potentialAction\":[{\"@type\":\"SearchAction\",\"target\":{\"@type\":\"EntryPoint\",\"urlTemplate\":\"https:\\\/\\\/www.meydan.tv\\\/az\\\/?s={search_term_string}\"},\"query-input\":{\"@type\":\"PropertyValueSpecification\",\"valueRequired\":true,\"valueName\":\"search_term_string\"}}],\"inLanguage\":\"az\"},{\"@type\":\"Organization\",\"@id\":\"https:\\\/\\\/www.meydan.tv\\\/az\\\/#organization\",\"name\":\"Meydan TV\",\"url\":\"https:\\\/\\\/www.meydan.tv\\\/az\\\/\",\"logo\":{\"@type\":\"ImageObject\",\"inLanguage\":\"az\",\"@id\":\"https:\\\/\\\/www.meydan.tv\\\/az\\\/#\\\/schema\\\/logo\\\/image\\\/\",\"url\":\"https:\\\/\\\/www.meydan.tv\\\/wp-content\\\/uploads\\\/2021\\\/07\\\/meydan-logo.svg\",\"contentUrl\":\"https:\\\/\\\/www.meydan.tv\\\/wp-content\\\/uploads\\\/2021\\\/07\\\/meydan-logo.svg\",\"width\":195,\"height\":46,\"caption\":\"Meydan TV\"},\"image\":{\"@id\":\"https:\\\/\\\/www.meydan.tv\\\/az\\\/#\\\/schema\\\/logo\\\/image\\\/\"}},{\"@type\":\"Person\",\"@id\":\"https:\\\/\\\/www.meydan.tv\\\/az\\\/#\\\/schema\\\/person\\\/10d11eccf6da3662cf5fdab9806ea91a\",\"name\":\"user-manager\"}]}<\/script>\n<!-- \/ Yoast SEO plugin. -->","yoast_head_json":{"title":"Qaraba\u011f nizamlanmas\u0131n\u0131n m\u0259rh\u0259l\u0259li h\u0259lli - MEYDAN.TV","robots":{"index":"index","follow":"follow","max-snippet":"max-snippet:-1","max-image-preview":"max-image-preview:large","max-video-preview":"max-video-preview:-1"},"canonical":"https:\/\/www.meydan.tv\/az\/article\/qarabag-nizamlanmasinin-merheleli-helli\/","og_locale":"az_AZ","og_type":"article","og_title":"Qaraba\u011f nizamlanmas\u0131n\u0131n m\u0259rh\u0259l\u0259li h\u0259lli - MEYDAN.TV","og_description":"Madrid prinsipl\u0259rinin hiyl\u0259si ondan ibar\u0259tdir ki, onlar bir n\u00f6v problemin m\u0259rh\u0259l\u0259li v\u0259 paket \u015f\u0259klind\u0259 h\u0259llinin sintezidir. S\u0259n\u0259dd\u0259 \u0259ksini tapm\u0131\u015f m\u00fcdd\u0259alar\u0131n m\u0259rh\u0259l\u0259li h\u0259yata ke\u00e7irilm\u0259si onlar\u0131n \u0259vv\u0259lc\u0259d\u0259n paket \u015f\u0259klind\u0259 q\u0259bul edilm\u0259sin\u0259 \u0259saslan\u0131r: bir \u015fey raz\u0131la\u015fd\u0131r\u0131lmay\u0131bsa, dem\u0259li he\u00e7 n\u0259 raz\u0131la\u015fd\u0131r\u0131lmay\u0131b","og_url":"https:\/\/www.meydan.tv\/az\/article\/qarabag-nizamlanmasinin-merheleli-helli\/","og_site_name":"MEYDAN.TV","article_published_time":"2016-06-25T15:07:58+00:00","og_image":[{"width":680,"height":365,"url":"https:\/\/www.meydan.tv\/wp-content\/uploads\/23417.jpg","type":"image\/jpeg"}],"author":"user-manager","twitter_card":"summary_large_image","schema":{"@context":"https:\/\/schema.org","@graph":[{"@type":"Article","@id":"https:\/\/www.meydan.tv\/az\/article\/qarabag-nizamlanmasinin-merheleli-helli\/#article","isPartOf":{"@id":"https:\/\/www.meydan.tv\/az\/article\/qarabag-nizamlanmasinin-merheleli-helli\/"},"author":{"name":"user-manager","@id":"https:\/\/www.meydan.tv\/az\/#\/schema\/person\/10d11eccf6da3662cf5fdab9806ea91a"},"headline":"Qaraba\u011f nizamlanmas\u0131n\u0131n m\u0259rh\u0259l\u0259li h\u0259lli","datePublished":"2016-06-25T15:07:58+00:00","mainEntityOfPage":{"@id":"https:\/\/www.meydan.tv\/az\/article\/qarabag-nizamlanmasinin-merheleli-helli\/"},"wordCount":2039,"publisher":{"@id":"https:\/\/www.meydan.tv\/az\/#organization"},"image":{"@id":"https:\/\/www.meydan.tv\/az\/article\/qarabag-nizamlanmasinin-merheleli-helli\/#primaryimage"},"thumbnailUrl":"https:\/\/www.meydan.tv\/wp-content\/uploads\/23417.jpg","articleSection":["Analitika"],"inLanguage":"az"},{"@type":"WebPage","@id":"https:\/\/www.meydan.tv\/az\/article\/qarabag-nizamlanmasinin-merheleli-helli\/","url":"https:\/\/www.meydan.tv\/az\/article\/qarabag-nizamlanmasinin-merheleli-helli\/","name":"Qaraba\u011f nizamlanmas\u0131n\u0131n m\u0259rh\u0259l\u0259li h\u0259lli - MEYDAN.TV","isPartOf":{"@id":"https:\/\/www.meydan.tv\/az\/#website"},"primaryImageOfPage":{"@id":"https:\/\/www.meydan.tv\/az\/article\/qarabag-nizamlanmasinin-merheleli-helli\/#primaryimage"},"image":{"@id":"https:\/\/www.meydan.tv\/az\/article\/qarabag-nizamlanmasinin-merheleli-helli\/#primaryimage"},"thumbnailUrl":"https:\/\/www.meydan.tv\/wp-content\/uploads\/23417.jpg","datePublished":"2016-06-25T15:07:58+00:00","breadcrumb":{"@id":"https:\/\/www.meydan.tv\/az\/article\/qarabag-nizamlanmasinin-merheleli-helli\/#breadcrumb"},"inLanguage":"az","potentialAction":[{"@type":"ReadAction","target":["https:\/\/www.meydan.tv\/az\/article\/qarabag-nizamlanmasinin-merheleli-helli\/"]}]},{"@type":"ImageObject","inLanguage":"az","@id":"https:\/\/www.meydan.tv\/az\/article\/qarabag-nizamlanmasinin-merheleli-helli\/#primaryimage","url":"https:\/\/www.meydan.tv\/wp-content\/uploads\/23417.jpg","contentUrl":"https:\/\/www.meydan.tv\/wp-content\/uploads\/23417.jpg","width":680,"height":365,"caption":"Source:"},{"@type":"BreadcrumbList","@id":"https:\/\/www.meydan.tv\/az\/article\/qarabag-nizamlanmasinin-merheleli-helli\/#breadcrumb","itemListElement":[{"@type":"ListItem","position":1,"name":"Ana s\u0259hif\u0259","item":"https:\/\/www.meydan.tv\/az\/"},{"@type":"ListItem","position":2,"name":"Analitika","item":"https:\/\/www.meydan.tv\/az\/section\/analitika\/"},{"@type":"ListItem","position":3,"name":"Qaraba\u011f nizamlanmas\u0131n\u0131n m\u0259rh\u0259l\u0259li h\u0259lli"}]},{"@type":"WebSite","@id":"https:\/\/www.meydan.tv\/az\/#website","url":"https:\/\/www.meydan.tv\/az\/","name":"MEYDAN.TV","description":"Meydan TV Az\u0259rbaycan\u0131n media m\u0259kan\u0131ndak\u0131 alternativ s\u0259sidir","publisher":{"@id":"https:\/\/www.meydan.tv\/az\/#organization"},"potentialAction":[{"@type":"SearchAction","target":{"@type":"EntryPoint","urlTemplate":"https:\/\/www.meydan.tv\/az\/?s={search_term_string}"},"query-input":{"@type":"PropertyValueSpecification","valueRequired":true,"valueName":"search_term_string"}}],"inLanguage":"az"},{"@type":"Organization","@id":"https:\/\/www.meydan.tv\/az\/#organization","name":"Meydan TV","url":"https:\/\/www.meydan.tv\/az\/","logo":{"@type":"ImageObject","inLanguage":"az","@id":"https:\/\/www.meydan.tv\/az\/#\/schema\/logo\/image\/","url":"https:\/\/www.meydan.tv\/wp-content\/uploads\/2021\/07\/meydan-logo.svg","contentUrl":"https:\/\/www.meydan.tv\/wp-content\/uploads\/2021\/07\/meydan-logo.svg","width":195,"height":46,"caption":"Meydan TV"},"image":{"@id":"https:\/\/www.meydan.tv\/az\/#\/schema\/logo\/image\/"}},{"@type":"Person","@id":"https:\/\/www.meydan.tv\/az\/#\/schema\/person\/10d11eccf6da3662cf5fdab9806ea91a","name":"user-manager"}]}},"_links":{"self":[{"href":"https:\/\/www.meydan.tv\/az\/wp-json\/wp\/v2\/posts\/176982","targetHints":{"allow":["GET"]}}],"collection":[{"href":"https:\/\/www.meydan.tv\/az\/wp-json\/wp\/v2\/posts"}],"about":[{"href":"https:\/\/www.meydan.tv\/az\/wp-json\/wp\/v2\/types\/post"}],"author":[{"embeddable":true,"href":"https:\/\/www.meydan.tv\/az\/wp-json\/wp\/v2\/users\/11"}],"replies":[{"embeddable":true,"href":"https:\/\/www.meydan.tv\/az\/wp-json\/wp\/v2\/comments?post=176982"}],"version-history":[{"count":0,"href":"https:\/\/www.meydan.tv\/az\/wp-json\/wp\/v2\/posts\/176982\/revisions"}],"wp:featuredmedia":[{"embeddable":true,"href":"https:\/\/www.meydan.tv\/az\/wp-json\/wp\/v2\/media\/61567"}],"wp:attachment":[{"href":"https:\/\/www.meydan.tv\/az\/wp-json\/wp\/v2\/media?parent=176982"}],"wp:term":[{"taxonomy":"category","embeddable":true,"href":"https:\/\/www.meydan.tv\/az\/wp-json\/wp\/v2\/categories?post=176982"},{"taxonomy":"post_tag","embeddable":true,"href":"https:\/\/www.meydan.tv\/az\/wp-json\/wp\/v2\/tags?post=176982"}],"curies":[{"name":"wp","href":"https:\/\/api.w.org\/{rel}","templated":true}]}}