{"id":176977,"date":"2016-06-24T23:50:07","date_gmt":"2016-06-24T23:50:07","guid":{"rendered":"https:\/\/www.meydan.tv\/article\/minsk-qrupunun-hemsedrleri-birge-beyanatla-cixis-edibler\/"},"modified":"2016-06-24T23:50:07","modified_gmt":"2016-06-24T23:50:07","slug":"minsk-qrupunun-hemsedrleri-birge-beyanatla-cixis-edibler","status":"publish","type":"post","link":"https:\/\/www.meydan.tv\/az\/article\/minsk-qrupunun-hemsedrleri-birge-beyanatla-cixis-edibler\/","title":{"rendered":"Minsk qrupunun h\u0259ms\u0259drl\u0259ri birg\u0259 b\u0259yanatla \u00e7\u0131x\u0131\u015f edibl\u0259r"},"content":{"rendered":"<figure class=\"wp-block-image size-large\">\n  <img decoding=\"async\" src=\"https:\/\/www.meydan.tv\/az\/61552\/\" alt=\"\" class=\"wp-image-61552\"\/><figcaption><\/figcaption><\/figure>\n<figure class=\"wp-block-image size-large\">\n  <img decoding=\"async\" src=\"https:\/\/www.meydan.tv\/az\/61552\/\" alt=\"\" class=\"wp-image-61552\"\/><figcaption><\/figcaption><\/figure>\n<p>\n  <i><br \/>\n    &#8221;Biz h\u0259m\u00e7inin prezidentl\u0259rin son iki g\u00f6r\u00fc\u015f\u00fcn\u00fcn n\u0259tic\u0259l\u0259rinin ir\u0259lil\u0259m\u0259si \u00fc\u00e7\u00fcn h\u0259r iki t\u0259r\u0259fl\u0259 bu istiqam\u0259td\u0259 i\u015fi davam etdir\u0259c\u0259yik&#8221;<br \/>\n  <\/i>\n<\/p>\n<p>\n  AT\u018fT-in Minsk qrupunun h\u0259ms\u0259drl\u0259ri \u0130qor Popov, Ceyms Uorlik v\u0259 Pyer Andriyu t\u0259r\u0259fl\u0259ri may\u0131n 16-da Vyana v\u0259 iyunun 20-d\u0259 Sankt-Peterburqda ke\u00e7irilmi\u015f g\u00f6r\u00fc\u015fl\u0259rin n\u0259tic\u0259l\u0259rin\u0259 dair birg\u0259 b\u0259yanatla \u00e7\u0131x\u0131\u015f edibl\u0259r.<\/p>\n<p>  APA-n\u0131n m\u0259lumat\u0131na g\u00f6r\u0259, bu bar\u0259d\u0259 t\u0259\u015fkilat\u0131n yayd\u0131\u011f\u0131 m\u0259lumatda deyilir.<\/p>\n<p>  H\u0259ms\u0259drl\u0259r t\u0259r\u0259fl\u0259ri birg\u0259 b\u0259yanatda qeyd edilmi\u015f raz\u0131la\u015fmalara h\u00f6rm\u0259t etm\u0259y\u0259 \u00e7a\u011f\u0131r\u0131blar.<\/p>\n<p>  &#8220;Biz Az\u0259rbaycan v\u0259 Erm\u0259nistan\u0131 AT\u018fT-in haz\u0131rk\u0131 s\u0259drinin \u015f\u0259xsi n\u00fcmay\u0259nd\u0259si Anjey Kaspr\u015fikin missiyas\u0131n\u0131 geni\u015fl\u0259ndirm\u0259k \u00fc\u00e7\u00fcn m\u00f6vcud olan b\u00fct\u00fcn mane\u0259l\u0259ri aradan qald\u0131rma\u011fa v\u0259 h\u0259m\u00e7inin AT\u018fT-in ara\u015fd\u0131rma mexanizminin yarad\u0131lmas\u0131na dair t\u0259klif\u0259 v\u0259 substantiv dan\u0131\u015f\u0131qlarda ir\u0259lil\u0259yi\u015f\u0259 nail olma\u011fa \u00e7a\u011f\u0131r\u0131r\u0131q. Biz h\u0259m\u00e7inin prezidentl\u0259rin son iki g\u00f6r\u00fc\u015f\u00fcn\u00fcn n\u0259tic\u0259l\u0259rinin ir\u0259lil\u0259m\u0259si \u00fc\u00e7\u00fcn h\u0259r iki t\u0259r\u0259fl\u0259 bu istiqam\u0259td\u0259 i\u015fi davam etdir\u0259c\u0259yik\u201d, dey\u0259 b\u0259yanatda qeyd olunub.<\/p>\n","protected":false},"excerpt":{"rendered":"<p>&#8221;Biz h\u0259m\u00e7inin prezidentl\u0259rin son iki g\u00f6r\u00fc\u015f\u00fcn\u00fcn n\u0259tic\u0259l\u0259rinin ir\u0259lil\u0259m\u0259si \u00fc\u00e7\u00fcn h\u0259r iki t\u0259r\u0259fl\u0259 bu istiqam\u0259td\u0259 i\u015fi davam etdir\u0259c\u0259yik&#8221;<\/p>\n","protected":false},"author":11,"featured_media":61552,"comment_status":"closed","ping_status":"open","sticky":false,"template":"","format":"standard","meta":{"_acf_changed":false,"_sitemap_exclude":false,"_sitemap_priority":"","_sitemap_frequency":"","footnotes":""},"categories":[51],"tags":[],"class_list":["post-176977","post","type-post","status-publish","format-standard","has-post-thumbnail","hentry","category-analitika","infinite-scroll-item","generate-columns","tablet-grid-50","mobile-grid-100","grid-parent","grid-33","no-featured-image-padding"],"acf":[],"yoast_head":"<!-- This site is optimized with the Yoast SEO plugin v27.5 - https:\/\/yoast.com\/product\/yoast-seo-wordpress\/ -->\n<title>Minsk qrupunun h\u0259ms\u0259drl\u0259ri birg\u0259 b\u0259yanatla \u00e7\u0131x\u0131\u015f edibl\u0259r - MEYDAN.TV<\/title>\n<meta name=\"robots\" content=\"index, follow, max-snippet:-1, max-image-preview:large, max-video-preview:-1\" \/>\n<link rel=\"canonical\" href=\"https:\/\/www.meydan.tv\/az\/article\/minsk-qrupunun-hemsedrleri-birge-beyanatla-cixis-edibler\/\" \/>\n<meta property=\"og:locale\" content=\"az_AZ\" \/>\n<meta property=\"og:type\" content=\"article\" \/>\n<meta property=\"og:title\" content=\"Minsk qrupunun h\u0259ms\u0259drl\u0259ri birg\u0259 b\u0259yanatla \u00e7\u0131x\u0131\u015f edibl\u0259r - MEYDAN.TV\" \/>\n<meta property=\"og:description\" content=\"&#039;&#039;Biz h\u0259m\u00e7inin prezidentl\u0259rin son iki g\u00f6r\u00fc\u015f\u00fcn\u00fcn n\u0259tic\u0259l\u0259rinin ir\u0259lil\u0259m\u0259si \u00fc\u00e7\u00fcn h\u0259r iki t\u0259r\u0259fl\u0259 bu istiqam\u0259td\u0259 i\u015fi davam etdir\u0259c\u0259yik&#039;&#039;\" \/>\n<meta property=\"og:url\" content=\"https:\/\/www.meydan.tv\/az\/article\/minsk-qrupunun-hemsedrleri-birge-beyanatla-cixis-edibler\/\" \/>\n<meta property=\"og:site_name\" content=\"MEYDAN.TV\" \/>\n<meta property=\"article:published_time\" content=\"2016-06-24T23:50:07+00:00\" \/>\n<meta property=\"og:image\" content=\"https:\/\/www.meydan.tv\/wp-content\/uploads\/23413.jpg\" \/>\n\t<meta property=\"og:image:width\" content=\"400\" \/>\n\t<meta property=\"og:image:height\" content=\"226\" \/>\n\t<meta property=\"og:image:type\" content=\"image\/jpeg\" \/>\n<meta name=\"author\" content=\"user-manager\" \/>\n<meta name=\"twitter:card\" content=\"summary_large_image\" \/>\n<script type=\"application\/ld+json\" class=\"yoast-schema-graph\">{\"@context\":\"https:\\\/\\\/schema.org\",\"@graph\":[{\"@type\":\"Article\",\"@id\":\"https:\\\/\\\/www.meydan.tv\\\/az\\\/article\\\/minsk-qrupunun-hemsedrleri-birge-beyanatla-cixis-edibler\\\/#article\",\"isPartOf\":{\"@id\":\"https:\\\/\\\/www.meydan.tv\\\/az\\\/article\\\/minsk-qrupunun-hemsedrleri-birge-beyanatla-cixis-edibler\\\/\"},\"author\":{\"name\":\"user-manager\",\"@id\":\"https:\\\/\\\/www.meydan.tv\\\/az\\\/#\\\/schema\\\/person\\\/10d11eccf6da3662cf5fdab9806ea91a\"},\"headline\":\"Minsk qrupunun h\u0259ms\u0259drl\u0259ri birg\u0259 b\u0259yanatla \u00e7\u0131x\u0131\u015f edibl\u0259r\",\"datePublished\":\"2016-06-24T23:50:07+00:00\",\"mainEntityOfPage\":{\"@id\":\"https:\\\/\\\/www.meydan.tv\\\/az\\\/article\\\/minsk-qrupunun-hemsedrleri-birge-beyanatla-cixis-edibler\\\/\"},\"wordCount\":244,\"publisher\":{\"@id\":\"https:\\\/\\\/www.meydan.tv\\\/az\\\/#organization\"},\"image\":{\"@id\":\"https:\\\/\\\/www.meydan.tv\\\/az\\\/article\\\/minsk-qrupunun-hemsedrleri-birge-beyanatla-cixis-edibler\\\/#primaryimage\"},\"thumbnailUrl\":\"https:\\\/\\\/www.meydan.tv\\\/wp-content\\\/uploads\\\/23413.jpg\",\"articleSection\":[\"Analitika\"],\"inLanguage\":\"az\"},{\"@type\":\"WebPage\",\"@id\":\"https:\\\/\\\/www.meydan.tv\\\/az\\\/article\\\/minsk-qrupunun-hemsedrleri-birge-beyanatla-cixis-edibler\\\/\",\"url\":\"https:\\\/\\\/www.meydan.tv\\\/az\\\/article\\\/minsk-qrupunun-hemsedrleri-birge-beyanatla-cixis-edibler\\\/\",\"name\":\"Minsk qrupunun h\u0259ms\u0259drl\u0259ri birg\u0259 b\u0259yanatla \u00e7\u0131x\u0131\u015f edibl\u0259r - MEYDAN.TV\",\"isPartOf\":{\"@id\":\"https:\\\/\\\/www.meydan.tv\\\/az\\\/#website\"},\"primaryImageOfPage\":{\"@id\":\"https:\\\/\\\/www.meydan.tv\\\/az\\\/article\\\/minsk-qrupunun-hemsedrleri-birge-beyanatla-cixis-edibler\\\/#primaryimage\"},\"image\":{\"@id\":\"https:\\\/\\\/www.meydan.tv\\\/az\\\/article\\\/minsk-qrupunun-hemsedrleri-birge-beyanatla-cixis-edibler\\\/#primaryimage\"},\"thumbnailUrl\":\"https:\\\/\\\/www.meydan.tv\\\/wp-content\\\/uploads\\\/23413.jpg\",\"datePublished\":\"2016-06-24T23:50:07+00:00\",\"breadcrumb\":{\"@id\":\"https:\\\/\\\/www.meydan.tv\\\/az\\\/article\\\/minsk-qrupunun-hemsedrleri-birge-beyanatla-cixis-edibler\\\/#breadcrumb\"},\"inLanguage\":\"az\",\"potentialAction\":[{\"@type\":\"ReadAction\",\"target\":[\"https:\\\/\\\/www.meydan.tv\\\/az\\\/article\\\/minsk-qrupunun-hemsedrleri-birge-beyanatla-cixis-edibler\\\/\"]}]},{\"@type\":\"ImageObject\",\"inLanguage\":\"az\",\"@id\":\"https:\\\/\\\/www.meydan.tv\\\/az\\\/article\\\/minsk-qrupunun-hemsedrleri-birge-beyanatla-cixis-edibler\\\/#primaryimage\",\"url\":\"https:\\\/\\\/www.meydan.tv\\\/wp-content\\\/uploads\\\/23413.jpg\",\"contentUrl\":\"https:\\\/\\\/www.meydan.tv\\\/wp-content\\\/uploads\\\/23413.jpg\",\"width\":400,\"height\":226,\"caption\":\"Source:\"},{\"@type\":\"BreadcrumbList\",\"@id\":\"https:\\\/\\\/www.meydan.tv\\\/az\\\/article\\\/minsk-qrupunun-hemsedrleri-birge-beyanatla-cixis-edibler\\\/#breadcrumb\",\"itemListElement\":[{\"@type\":\"ListItem\",\"position\":1,\"name\":\"Ana s\u0259hif\u0259\",\"item\":\"https:\\\/\\\/www.meydan.tv\\\/az\\\/\"},{\"@type\":\"ListItem\",\"position\":2,\"name\":\"Analitika\",\"item\":\"https:\\\/\\\/www.meydan.tv\\\/az\\\/section\\\/analitika\\\/\"},{\"@type\":\"ListItem\",\"position\":3,\"name\":\"Minsk qrupunun h\u0259ms\u0259drl\u0259ri birg\u0259 b\u0259yanatla \u00e7\u0131x\u0131\u015f edibl\u0259r\"}]},{\"@type\":\"WebSite\",\"@id\":\"https:\\\/\\\/www.meydan.tv\\\/az\\\/#website\",\"url\":\"https:\\\/\\\/www.meydan.tv\\\/az\\\/\",\"name\":\"MEYDAN.TV\",\"description\":\"Meydan TV Az\u0259rbaycan\u0131n media m\u0259kan\u0131ndak\u0131 alternativ s\u0259sidir\",\"publisher\":{\"@id\":\"https:\\\/\\\/www.meydan.tv\\\/az\\\/#organization\"},\"potentialAction\":[{\"@type\":\"SearchAction\",\"target\":{\"@type\":\"EntryPoint\",\"urlTemplate\":\"https:\\\/\\\/www.meydan.tv\\\/az\\\/?s={search_term_string}\"},\"query-input\":{\"@type\":\"PropertyValueSpecification\",\"valueRequired\":true,\"valueName\":\"search_term_string\"}}],\"inLanguage\":\"az\"},{\"@type\":\"Organization\",\"@id\":\"https:\\\/\\\/www.meydan.tv\\\/az\\\/#organization\",\"name\":\"Meydan TV\",\"url\":\"https:\\\/\\\/www.meydan.tv\\\/az\\\/\",\"logo\":{\"@type\":\"ImageObject\",\"inLanguage\":\"az\",\"@id\":\"https:\\\/\\\/www.meydan.tv\\\/az\\\/#\\\/schema\\\/logo\\\/image\\\/\",\"url\":\"https:\\\/\\\/www.meydan.tv\\\/wp-content\\\/uploads\\\/2021\\\/07\\\/meydan-logo.svg\",\"contentUrl\":\"https:\\\/\\\/www.meydan.tv\\\/wp-content\\\/uploads\\\/2021\\\/07\\\/meydan-logo.svg\",\"width\":195,\"height\":46,\"caption\":\"Meydan TV\"},\"image\":{\"@id\":\"https:\\\/\\\/www.meydan.tv\\\/az\\\/#\\\/schema\\\/logo\\\/image\\\/\"}},{\"@type\":\"Person\",\"@id\":\"https:\\\/\\\/www.meydan.tv\\\/az\\\/#\\\/schema\\\/person\\\/10d11eccf6da3662cf5fdab9806ea91a\",\"name\":\"user-manager\"}]}<\/script>\n<!-- \/ Yoast SEO plugin. -->","yoast_head_json":{"title":"Minsk qrupunun h\u0259ms\u0259drl\u0259ri birg\u0259 b\u0259yanatla \u00e7\u0131x\u0131\u015f edibl\u0259r - MEYDAN.TV","robots":{"index":"index","follow":"follow","max-snippet":"max-snippet:-1","max-image-preview":"max-image-preview:large","max-video-preview":"max-video-preview:-1"},"canonical":"https:\/\/www.meydan.tv\/az\/article\/minsk-qrupunun-hemsedrleri-birge-beyanatla-cixis-edibler\/","og_locale":"az_AZ","og_type":"article","og_title":"Minsk qrupunun h\u0259ms\u0259drl\u0259ri birg\u0259 b\u0259yanatla \u00e7\u0131x\u0131\u015f edibl\u0259r - MEYDAN.TV","og_description":"''Biz h\u0259m\u00e7inin prezidentl\u0259rin son iki g\u00f6r\u00fc\u015f\u00fcn\u00fcn n\u0259tic\u0259l\u0259rinin ir\u0259lil\u0259m\u0259si \u00fc\u00e7\u00fcn h\u0259r iki t\u0259r\u0259fl\u0259 bu istiqam\u0259td\u0259 i\u015fi davam etdir\u0259c\u0259yik''","og_url":"https:\/\/www.meydan.tv\/az\/article\/minsk-qrupunun-hemsedrleri-birge-beyanatla-cixis-edibler\/","og_site_name":"MEYDAN.TV","article_published_time":"2016-06-24T23:50:07+00:00","og_image":[{"width":400,"height":226,"url":"https:\/\/www.meydan.tv\/wp-content\/uploads\/23413.jpg","type":"image\/jpeg"}],"author":"user-manager","twitter_card":"summary_large_image","schema":{"@context":"https:\/\/schema.org","@graph":[{"@type":"Article","@id":"https:\/\/www.meydan.tv\/az\/article\/minsk-qrupunun-hemsedrleri-birge-beyanatla-cixis-edibler\/#article","isPartOf":{"@id":"https:\/\/www.meydan.tv\/az\/article\/minsk-qrupunun-hemsedrleri-birge-beyanatla-cixis-edibler\/"},"author":{"name":"user-manager","@id":"https:\/\/www.meydan.tv\/az\/#\/schema\/person\/10d11eccf6da3662cf5fdab9806ea91a"},"headline":"Minsk qrupunun h\u0259ms\u0259drl\u0259ri birg\u0259 b\u0259yanatla \u00e7\u0131x\u0131\u015f edibl\u0259r","datePublished":"2016-06-24T23:50:07+00:00","mainEntityOfPage":{"@id":"https:\/\/www.meydan.tv\/az\/article\/minsk-qrupunun-hemsedrleri-birge-beyanatla-cixis-edibler\/"},"wordCount":244,"publisher":{"@id":"https:\/\/www.meydan.tv\/az\/#organization"},"image":{"@id":"https:\/\/www.meydan.tv\/az\/article\/minsk-qrupunun-hemsedrleri-birge-beyanatla-cixis-edibler\/#primaryimage"},"thumbnailUrl":"https:\/\/www.meydan.tv\/wp-content\/uploads\/23413.jpg","articleSection":["Analitika"],"inLanguage":"az"},{"@type":"WebPage","@id":"https:\/\/www.meydan.tv\/az\/article\/minsk-qrupunun-hemsedrleri-birge-beyanatla-cixis-edibler\/","url":"https:\/\/www.meydan.tv\/az\/article\/minsk-qrupunun-hemsedrleri-birge-beyanatla-cixis-edibler\/","name":"Minsk qrupunun h\u0259ms\u0259drl\u0259ri birg\u0259 b\u0259yanatla \u00e7\u0131x\u0131\u015f edibl\u0259r - MEYDAN.TV","isPartOf":{"@id":"https:\/\/www.meydan.tv\/az\/#website"},"primaryImageOfPage":{"@id":"https:\/\/www.meydan.tv\/az\/article\/minsk-qrupunun-hemsedrleri-birge-beyanatla-cixis-edibler\/#primaryimage"},"image":{"@id":"https:\/\/www.meydan.tv\/az\/article\/minsk-qrupunun-hemsedrleri-birge-beyanatla-cixis-edibler\/#primaryimage"},"thumbnailUrl":"https:\/\/www.meydan.tv\/wp-content\/uploads\/23413.jpg","datePublished":"2016-06-24T23:50:07+00:00","breadcrumb":{"@id":"https:\/\/www.meydan.tv\/az\/article\/minsk-qrupunun-hemsedrleri-birge-beyanatla-cixis-edibler\/#breadcrumb"},"inLanguage":"az","potentialAction":[{"@type":"ReadAction","target":["https:\/\/www.meydan.tv\/az\/article\/minsk-qrupunun-hemsedrleri-birge-beyanatla-cixis-edibler\/"]}]},{"@type":"ImageObject","inLanguage":"az","@id":"https:\/\/www.meydan.tv\/az\/article\/minsk-qrupunun-hemsedrleri-birge-beyanatla-cixis-edibler\/#primaryimage","url":"https:\/\/www.meydan.tv\/wp-content\/uploads\/23413.jpg","contentUrl":"https:\/\/www.meydan.tv\/wp-content\/uploads\/23413.jpg","width":400,"height":226,"caption":"Source:"},{"@type":"BreadcrumbList","@id":"https:\/\/www.meydan.tv\/az\/article\/minsk-qrupunun-hemsedrleri-birge-beyanatla-cixis-edibler\/#breadcrumb","itemListElement":[{"@type":"ListItem","position":1,"name":"Ana s\u0259hif\u0259","item":"https:\/\/www.meydan.tv\/az\/"},{"@type":"ListItem","position":2,"name":"Analitika","item":"https:\/\/www.meydan.tv\/az\/section\/analitika\/"},{"@type":"ListItem","position":3,"name":"Minsk qrupunun h\u0259ms\u0259drl\u0259ri birg\u0259 b\u0259yanatla \u00e7\u0131x\u0131\u015f edibl\u0259r"}]},{"@type":"WebSite","@id":"https:\/\/www.meydan.tv\/az\/#website","url":"https:\/\/www.meydan.tv\/az\/","name":"MEYDAN.TV","description":"Meydan TV Az\u0259rbaycan\u0131n media m\u0259kan\u0131ndak\u0131 alternativ s\u0259sidir","publisher":{"@id":"https:\/\/www.meydan.tv\/az\/#organization"},"potentialAction":[{"@type":"SearchAction","target":{"@type":"EntryPoint","urlTemplate":"https:\/\/www.meydan.tv\/az\/?s={search_term_string}"},"query-input":{"@type":"PropertyValueSpecification","valueRequired":true,"valueName":"search_term_string"}}],"inLanguage":"az"},{"@type":"Organization","@id":"https:\/\/www.meydan.tv\/az\/#organization","name":"Meydan TV","url":"https:\/\/www.meydan.tv\/az\/","logo":{"@type":"ImageObject","inLanguage":"az","@id":"https:\/\/www.meydan.tv\/az\/#\/schema\/logo\/image\/","url":"https:\/\/www.meydan.tv\/wp-content\/uploads\/2021\/07\/meydan-logo.svg","contentUrl":"https:\/\/www.meydan.tv\/wp-content\/uploads\/2021\/07\/meydan-logo.svg","width":195,"height":46,"caption":"Meydan TV"},"image":{"@id":"https:\/\/www.meydan.tv\/az\/#\/schema\/logo\/image\/"}},{"@type":"Person","@id":"https:\/\/www.meydan.tv\/az\/#\/schema\/person\/10d11eccf6da3662cf5fdab9806ea91a","name":"user-manager"}]}},"_links":{"self":[{"href":"https:\/\/www.meydan.tv\/az\/wp-json\/wp\/v2\/posts\/176977","targetHints":{"allow":["GET"]}}],"collection":[{"href":"https:\/\/www.meydan.tv\/az\/wp-json\/wp\/v2\/posts"}],"about":[{"href":"https:\/\/www.meydan.tv\/az\/wp-json\/wp\/v2\/types\/post"}],"author":[{"embeddable":true,"href":"https:\/\/www.meydan.tv\/az\/wp-json\/wp\/v2\/users\/11"}],"replies":[{"embeddable":true,"href":"https:\/\/www.meydan.tv\/az\/wp-json\/wp\/v2\/comments?post=176977"}],"version-history":[{"count":0,"href":"https:\/\/www.meydan.tv\/az\/wp-json\/wp\/v2\/posts\/176977\/revisions"}],"wp:featuredmedia":[{"embeddable":true,"href":"https:\/\/www.meydan.tv\/az\/wp-json\/wp\/v2\/media\/61552"}],"wp:attachment":[{"href":"https:\/\/www.meydan.tv\/az\/wp-json\/wp\/v2\/media?parent=176977"}],"wp:term":[{"taxonomy":"category","embeddable":true,"href":"https:\/\/www.meydan.tv\/az\/wp-json\/wp\/v2\/categories?post=176977"},{"taxonomy":"post_tag","embeddable":true,"href":"https:\/\/www.meydan.tv\/az\/wp-json\/wp\/v2\/tags?post=176977"}],"curies":[{"name":"wp","href":"https:\/\/api.w.org\/{rel}","templated":true}]}}