{"id":176972,"date":"2016-06-24T20:45:44","date_gmt":"2016-06-24T20:45:44","guid":{"rendered":"https:\/\/www.meydan.tv\/article\/xeste-bu-ayagim-meni-oldurur-axi\/"},"modified":"2016-06-24T20:45:44","modified_gmt":"2016-06-24T20:45:44","slug":"xeste-bu-ayagim-meni-oldurur-axi","status":"publish","type":"post","link":"https:\/\/www.meydan.tv\/az\/article\/xeste-bu-ayagim-meni-oldurur-axi\/","title":{"rendered":"X\u0259st\u0259 : Bu aya\u011f\u0131m m\u0259ni \u00f6ld\u00fcr\u00fcr ax\u0131&#8230;"},"content":{"rendered":"<figure class=\"wp-block-embed is-type-video is-provider-youtube wp-block-embed-youtube wp-embed-aspect-16-9 wp-has-aspect-ratio\">\n<div class=\"wp-block-embed__wrapper\">\n    <iframe\ttitle=\"\" width=\"1200\" height=\"675\" data-src=\"https:\/\/www.youtube.com\/embed\/ErP3knecPeM\"\tframeborder=\"0\"\tallow=\"accelerometer; autoplay; clipboard-write; encrypted-media; gyroscope; picture-in-picture\" allowfullscreen src=\"data:image\/svg+xml;base64,PHN2ZyB3aWR0aD0iMSIgaGVpZ2h0PSIxIiB4bWxucz0iaHR0cDovL3d3dy53My5vcmcvMjAwMC9zdmciPjwvc3ZnPg==\" class=\"lazyload\" data-load-mode=\"1\"><\/iframe>\n  <\/div><figcaption><\/figcaption><\/figure>\n<p>\n  &#8220;S\u0259h\u0259rd\u0259n \u00f6z\u00fcm\u00fc \u00f6ld\u00fcr\u00fcr\u0259m ki, bu aya\u011f\u0131m salamat idi ax\u0131&#8230;(amputasiya edilmi\u015f aya\u011f\u0131n\u0131 qucaqlay\u0131r) Bunu niy\u0259 k\u0259sibl\u0259r? Bu aya\u011f\u0131m sallan\u0131r ax\u0131, (qanqrena ver\u0259n aya\u011f\u0131n\u0131 g\u00f6st\u0259rir), bu aya\u011f\u0131m m\u0259ni \u00f6ld\u00fcr\u00fcr ax\u0131&#8230;&#8221;\n<\/p>\n<p>\n  Diabet x\u0259st\u0259si olan T\u0259rlan M\u0259mm\u0259dova sol aya\u011f\u0131n\u0131n k\u0259silm\u0259li oldu\u011fu bar\u0259d\u0259 diaqnoz qoyulub v\u0259 qad\u0131n bu g\u00fcn S\u0259hiyy\u0259 Nazirliyi Angioloji v\u0259 Mikroc\u0259rrahiyy\u0259 M\u0259rk\u0259zind\u0259 \u0259m\u0259liyyat edilib.<br \/>\n  <br \/>\n  Lakin \u0259m\u0259liyyatdan \u00e7\u0131xan 87 ya\u015fl\u0131 qad\u0131n\u0131 g\u00f6r\u0259n yax\u0131nlar\u0131 g\u00f6zl\u0259rin\u0259 inanmay\u0131blar. Bel\u0259 ki, ya\u015fl\u0131 qad\u0131n\u0131n iltihabl\u0131 olan sol aya\u011f\u0131 \u0259v\u0259zin\u0259 sa\u011flam olan sa\u011f aya\u011f\u0131 k\u0259silib.\n<\/p>\n<p>\n  &#8220;Dedil\u0259r ki, sol aya\u011f\u0131n topuqdan k\u0259sil\u0259c\u0259k. \u00d6zl\u0259ri d\u0259 sar\u0131m\u0131\u015fd\u0131lar aya\u011f\u0131m\u0131. X\u0259st\u0259 aya\u011f\u0131m qal\u0131b k\u0259narda, salamat aya\u011f\u0131m\u0131 tutub k\u0259sibl\u0259r&#8221;- T\u0259rlan \u018fliyeva Meydan TV-y\u0259 dan\u0131\u015f\u0131r.\n<\/p>\n<p>\n  Dan\u0131\u015fd\u0131qca q\u0259h\u0259rl\u0259nir, \u0259m\u0259liyyat olunan salamat aya\u011f\u0131n qucaqlay\u0131r sonra \u0259lini ondan k\u0259sib h\u0259l\u0259 d\u0259 a\u011fr\u0131yan v\u0259 \u0259m\u0259liyyat olunmayan sol aya\u011f\u0131na uzad\u0131r. X\u0259st\u0259nin q\u0131z\u0131 Tahir\u0259 \u018fliyeva dan\u0131\u015f\u0131r ki:\u00a0&#8220;H\u0259kim dedi, o biri aya\u011f\u0131nda (sa\u011f ayaq) \u00a0he\u00e7 n\u0259 yoxdur. Biz dedik ki, b\u0259lk\u0259 bu aya\u011f\u0131nda da n\u0259s\u0259 var ( sa\u011f aya\u011f\u0131n g\u00f6st\u0259rir) dedi he\u00e7 n\u0259yi yoxdur, budur. ( sol aya\u011f\u0131n g\u00f6st\u0259rir) H\u0259kim bu s\u00f6z\u00fc\u00a0\u00f6z\u00fc deyib. H\u0259l\u0259 biz fikirl\u0259\u015fdik ki, bu biri aya\u011f\u0131na da ke\u00e7\u0259r g\u00f6t\u00fcr\u00fcb aparar\u0131q. H\u0259kim baxd\u0131, dedi yox, bu, (sa\u011f aya\u011f\u0131n g\u00f6st\u0259rir) salamat ayaqd\u0131r. Dedi, bu aya\u011f\u0131n\u0131 da (sol ayaq) k\u0259s\u0259c\u0259m ana, lap da yax\u015f\u0131 olacaq. Biz d\u0259 dedik, daha a\u011fr\u0131ya d\u00f6zm\u00fcr&#8221;.\n<\/p>\n<p>\n  Onlar c\u0259rrah h\u0259kim Valeh K\u0259rimovla tibbi xidm\u0259t m\u00fcqavil\u0259si d\u0259 ba\u011flay\u0131blar. Amma \u0259m\u0259liyyatdan sonra h\u0259kimi g\u00f6r\u0259n olmay\u0131b. X\u0259st\u0259nin qohumlar\u0131 deyir ki, V.K\u0259rimovun onlara ver\u0259c\u0259k cavab\u0131 yoxdur dey\u0259 qa\u00e7\u0131b.\n<\/p>\n<p>\n  &#8220;\u018fm\u0259liyyatdan \u00e7\u0131xandan sonra h\u0259kim qarda\u015f\u0131m\u0131 \u00e7a\u011f\u0131rd\u0131. \u00d6z\u00fc d\u0259 he\u00e7 yax\u015f\u0131 \u00e7\u0131xmad\u0131 i\u00e7\u0259rid\u0259n, m\u0259n \u015f\u00fcbh\u0259l\u0259ndim. Lap birinci bac\u0131m g\u00f6rd\u00fc, dedi s\u0259hv edibl\u0259r. He\u00e7 m\u0259nim a\u011fl\u0131ma g\u0259lmirdi ki, bel\u0259 bir \u015fey ola bil\u0259r. Baxan kimi dedi ki, anam\u0131n sa\u011flam aya\u011f\u0131 gedib. Biz he\u00e7 bilm\u0259dik neyl\u0259y\u0259k&#8221;- Tahir\u0259 \u018fliyeva bildirir.\n<\/p>\n<p>\n  \u00a0T\u0259rlan M\u0259mm\u0259dova ha edir toxtaxtl\u0131q tapa bilmir. Onun sol aya\u011f\u0131 h\u0259l\u0259 d\u0259 a\u011fr\u0131y\u0131r. &#8220;H\u0259l\u0259 bu gec\u0259 s\u0259h\u0259r\u0259 q\u0259d\u0259r sol aya\u011f\u0131m\u0131n a\u011fr\u0131s\u0131ndan yatmam\u0131\u015fam. Bu, qal\u0131b, g\u0259tirib salamat aya\u011f\u0131m\u0131 k\u0259sibl\u0259r, \u00f6z\u00fc d\u0259 k\u00f6k\u00fcnd\u0259n k\u0259sibl\u0259r. M\u0259n h\u0259kim\u0259 dey\u0259c\u0259m ki, m\u0259n s\u0259n\u0259 demi\u015f\u0259m, bu aya\u011f\u0131m\u0131 k\u0259s, s\u0259n g\u00f6t\u00fcr\u00fcb bunu k\u0259smis\u0259n?! M\u0259nim sar\u0131ql\u0131 aya\u011f\u0131m qal\u0131b burada, g\u0259tirib salamat aya\u011f\u0131m\u0131 k\u0259smis\u0259n&#8221;.\n<\/p>\n<p>\n  &#8220;Az\u0259rbaycan bu hadis\u0259y\u0259 baxmal\u0131d\u0131r. Q\u0259hr\u0259man anad\u0131r, 80-\u0259 yax\u0131n n\u0259v\u0259si var, 40-a yax\u0131n n\u0259v\u0259sin m\u00fcharib\u0259y\u0259 verib, m\u00fcharib\u0259d\u0259 i\u015ftirak edibl\u0259r, \u0259sg\u0259r gedibl\u0259r. 11 u\u015faq anas\u0131d\u0131r, veteran qad\u0131nd\u0131r, arxa c\u0259bh\u0259d\u0259 \u00e7al\u0131\u015f\u0131b. Bu anaya nec\u0259 laz\u0131md\u0131r xidm\u0259t ed\u0259c\u0259kl\u0259r. Xidm\u0259t el\u0259m\u0259s\u0259l\u0259r, m\u0259n xarici \u00f6lk\u0259l\u0259r\u0259 \u00e7\u0131xacam. N\u0259 laz\u0131md\u0131r, ham\u0131s\u0131 yaz\u0131l\u0131b xarici \u00f6lk\u0259l\u0259r\u0259 veril\u0259c\u0259k&#8221;- x\u0259st\u0259nin q\u0131z\u0131 Tahir\u0259 \u018fliyeva vur\u011fulay\u0131r.\n<\/p>\n<p>\n  S\u0259hiyy\u0259 Nazirliyind\u0259n Meydan TV-y\u0259 bildirilib ki, hadis\u0259ni ara\u015fd\u0131rmaq \u00fc\u00e7\u00fcn komissiya yarad\u0131l\u0131b. Komissiyan\u0131n t\u0259rkibind\u0259 h\u0259m h\u0259kim hey\u0259ti, h\u0259m d\u0259 h\u00fcquq-m\u00fchafiz\u0259 orqanlar\u0131n\u0131n n\u00fcmay\u0259nd\u0259l\u0259ri var.<\/p>\n","protected":false},"excerpt":{"rendered":"<p>Yaln\u0131\u015f \u0259m\u0259liyyatla ba\u011fl\u0131 komissiya yarad\u0131l\u0131b<\/p>\n","protected":false},"author":11,"featured_media":61537,"comment_status":"closed","ping_status":"open","sticky":false,"template":"","format":"standard","meta":{"_acf_changed":false,"_sitemap_exclude":false,"_sitemap_priority":"","_sitemap_frequency":"","footnotes":""},"categories":[63],"tags":[],"class_list":["post-176972","post","type-post","status-publish","format-standard","has-post-thumbnail","hentry","category-video-2","infinite-scroll-item","generate-columns","tablet-grid-50","mobile-grid-100","grid-parent","grid-33","no-featured-image-padding"],"acf":[],"yoast_head":"<!-- This site is optimized with the Yoast SEO plugin v27.4 - https:\/\/yoast.com\/product\/yoast-seo-wordpress\/ -->\n<title>X\u0259st\u0259 : Bu aya\u011f\u0131m m\u0259ni \u00f6ld\u00fcr\u00fcr ax\u0131... - MEYDAN.TV<\/title>\n<meta name=\"robots\" content=\"index, follow, max-snippet:-1, max-image-preview:large, max-video-preview:-1\" \/>\n<link rel=\"canonical\" href=\"https:\/\/www.meydan.tv\/az\/article\/xeste-bu-ayagim-meni-oldurur-axi\/\" \/>\n<meta property=\"og:locale\" content=\"az_AZ\" \/>\n<meta property=\"og:type\" content=\"article\" \/>\n<meta property=\"og:title\" content=\"X\u0259st\u0259 : Bu aya\u011f\u0131m m\u0259ni \u00f6ld\u00fcr\u00fcr ax\u0131... - MEYDAN.TV\" \/>\n<meta property=\"og:description\" content=\"Yaln\u0131\u015f \u0259m\u0259liyyatla ba\u011fl\u0131 komissiya yarad\u0131l\u0131b\" \/>\n<meta property=\"og:url\" content=\"https:\/\/www.meydan.tv\/az\/article\/xeste-bu-ayagim-meni-oldurur-axi\/\" \/>\n<meta property=\"og:site_name\" content=\"MEYDAN.TV\" \/>\n<meta property=\"article:published_time\" content=\"2016-06-24T20:45:44+00:00\" \/>\n<meta property=\"og:image\" content=\"https:\/\/www.meydan.tv\/wp-content\/uploads\/23408-scaled.jpg\" \/>\n\t<meta property=\"og:image:width\" content=\"2560\" \/>\n\t<meta property=\"og:image:height\" content=\"1439\" \/>\n\t<meta property=\"og:image:type\" content=\"image\/jpeg\" \/>\n<meta name=\"author\" content=\"user-manager\" \/>\n<meta name=\"twitter:card\" content=\"summary_large_image\" \/>\n<script type=\"application\/ld+json\" class=\"yoast-schema-graph\">{\"@context\":\"https:\\\/\\\/schema.org\",\"@graph\":[{\"@type\":\"Article\",\"@id\":\"https:\\\/\\\/www.meydan.tv\\\/az\\\/article\\\/xeste-bu-ayagim-meni-oldurur-axi\\\/#article\",\"isPartOf\":{\"@id\":\"https:\\\/\\\/www.meydan.tv\\\/az\\\/article\\\/xeste-bu-ayagim-meni-oldurur-axi\\\/\"},\"author\":{\"name\":\"user-manager\",\"@id\":\"https:\\\/\\\/www.meydan.tv\\\/az\\\/#\\\/schema\\\/person\\\/10d11eccf6da3662cf5fdab9806ea91a\"},\"headline\":\"X\u0259st\u0259 : Bu aya\u011f\u0131m m\u0259ni \u00f6ld\u00fcr\u00fcr ax\u0131&#8230;\",\"datePublished\":\"2016-06-24T20:45:44+00:00\",\"mainEntityOfPage\":{\"@id\":\"https:\\\/\\\/www.meydan.tv\\\/az\\\/article\\\/xeste-bu-ayagim-meni-oldurur-axi\\\/\"},\"wordCount\":715,\"publisher\":{\"@id\":\"https:\\\/\\\/www.meydan.tv\\\/az\\\/#organization\"},\"image\":{\"@id\":\"https:\\\/\\\/www.meydan.tv\\\/az\\\/article\\\/xeste-bu-ayagim-meni-oldurur-axi\\\/#primaryimage\"},\"thumbnailUrl\":\"https:\\\/\\\/www.meydan.tv\\\/wp-content\\\/uploads\\\/23408-scaled.jpg\",\"articleSection\":[\"Video\"],\"inLanguage\":\"az\"},{\"@type\":\"WebPage\",\"@id\":\"https:\\\/\\\/www.meydan.tv\\\/az\\\/article\\\/xeste-bu-ayagim-meni-oldurur-axi\\\/\",\"url\":\"https:\\\/\\\/www.meydan.tv\\\/az\\\/article\\\/xeste-bu-ayagim-meni-oldurur-axi\\\/\",\"name\":\"X\u0259st\u0259 : Bu aya\u011f\u0131m m\u0259ni \u00f6ld\u00fcr\u00fcr ax\u0131... - MEYDAN.TV\",\"isPartOf\":{\"@id\":\"https:\\\/\\\/www.meydan.tv\\\/az\\\/#website\"},\"primaryImageOfPage\":{\"@id\":\"https:\\\/\\\/www.meydan.tv\\\/az\\\/article\\\/xeste-bu-ayagim-meni-oldurur-axi\\\/#primaryimage\"},\"image\":{\"@id\":\"https:\\\/\\\/www.meydan.tv\\\/az\\\/article\\\/xeste-bu-ayagim-meni-oldurur-axi\\\/#primaryimage\"},\"thumbnailUrl\":\"https:\\\/\\\/www.meydan.tv\\\/wp-content\\\/uploads\\\/23408-scaled.jpg\",\"datePublished\":\"2016-06-24T20:45:44+00:00\",\"breadcrumb\":{\"@id\":\"https:\\\/\\\/www.meydan.tv\\\/az\\\/article\\\/xeste-bu-ayagim-meni-oldurur-axi\\\/#breadcrumb\"},\"inLanguage\":\"az\",\"potentialAction\":[{\"@type\":\"ReadAction\",\"target\":[\"https:\\\/\\\/www.meydan.tv\\\/az\\\/article\\\/xeste-bu-ayagim-meni-oldurur-axi\\\/\"]}]},{\"@type\":\"ImageObject\",\"inLanguage\":\"az\",\"@id\":\"https:\\\/\\\/www.meydan.tv\\\/az\\\/article\\\/xeste-bu-ayagim-meni-oldurur-axi\\\/#primaryimage\",\"url\":\"https:\\\/\\\/www.meydan.tv\\\/wp-content\\\/uploads\\\/23408-scaled.jpg\",\"contentUrl\":\"https:\\\/\\\/www.meydan.tv\\\/wp-content\\\/uploads\\\/23408-scaled.jpg\",\"width\":2560,\"height\":1439,\"caption\":\"Source:\"},{\"@type\":\"BreadcrumbList\",\"@id\":\"https:\\\/\\\/www.meydan.tv\\\/az\\\/article\\\/xeste-bu-ayagim-meni-oldurur-axi\\\/#breadcrumb\",\"itemListElement\":[{\"@type\":\"ListItem\",\"position\":1,\"name\":\"Ana s\u0259hif\u0259\",\"item\":\"https:\\\/\\\/www.meydan.tv\\\/az\\\/\"},{\"@type\":\"ListItem\",\"position\":2,\"name\":\"Video\",\"item\":\"https:\\\/\\\/www.meydan.tv\\\/az\\\/section\\\/video-2\\\/\"},{\"@type\":\"ListItem\",\"position\":3,\"name\":\"X\u0259st\u0259 : Bu aya\u011f\u0131m m\u0259ni \u00f6ld\u00fcr\u00fcr ax\u0131&#8230;\"}]},{\"@type\":\"WebSite\",\"@id\":\"https:\\\/\\\/www.meydan.tv\\\/az\\\/#website\",\"url\":\"https:\\\/\\\/www.meydan.tv\\\/az\\\/\",\"name\":\"MEYDAN.TV\",\"description\":\"Meydan TV Az\u0259rbaycan\u0131n media m\u0259kan\u0131ndak\u0131 alternativ s\u0259sidir\",\"publisher\":{\"@id\":\"https:\\\/\\\/www.meydan.tv\\\/az\\\/#organization\"},\"potentialAction\":[{\"@type\":\"SearchAction\",\"target\":{\"@type\":\"EntryPoint\",\"urlTemplate\":\"https:\\\/\\\/www.meydan.tv\\\/az\\\/?s={search_term_string}\"},\"query-input\":{\"@type\":\"PropertyValueSpecification\",\"valueRequired\":true,\"valueName\":\"search_term_string\"}}],\"inLanguage\":\"az\"},{\"@type\":\"Organization\",\"@id\":\"https:\\\/\\\/www.meydan.tv\\\/az\\\/#organization\",\"name\":\"Meydan TV\",\"url\":\"https:\\\/\\\/www.meydan.tv\\\/az\\\/\",\"logo\":{\"@type\":\"ImageObject\",\"inLanguage\":\"az\",\"@id\":\"https:\\\/\\\/www.meydan.tv\\\/az\\\/#\\\/schema\\\/logo\\\/image\\\/\",\"url\":\"https:\\\/\\\/www.meydan.tv\\\/wp-content\\\/uploads\\\/2021\\\/07\\\/meydan-logo.svg\",\"contentUrl\":\"https:\\\/\\\/www.meydan.tv\\\/wp-content\\\/uploads\\\/2021\\\/07\\\/meydan-logo.svg\",\"width\":195,\"height\":46,\"caption\":\"Meydan TV\"},\"image\":{\"@id\":\"https:\\\/\\\/www.meydan.tv\\\/az\\\/#\\\/schema\\\/logo\\\/image\\\/\"}},{\"@type\":\"Person\",\"@id\":\"https:\\\/\\\/www.meydan.tv\\\/az\\\/#\\\/schema\\\/person\\\/10d11eccf6da3662cf5fdab9806ea91a\",\"name\":\"user-manager\"}]}<\/script>\n<!-- \/ Yoast SEO plugin. -->","yoast_head_json":{"title":"X\u0259st\u0259 : Bu aya\u011f\u0131m m\u0259ni \u00f6ld\u00fcr\u00fcr ax\u0131... - MEYDAN.TV","robots":{"index":"index","follow":"follow","max-snippet":"max-snippet:-1","max-image-preview":"max-image-preview:large","max-video-preview":"max-video-preview:-1"},"canonical":"https:\/\/www.meydan.tv\/az\/article\/xeste-bu-ayagim-meni-oldurur-axi\/","og_locale":"az_AZ","og_type":"article","og_title":"X\u0259st\u0259 : Bu aya\u011f\u0131m m\u0259ni \u00f6ld\u00fcr\u00fcr ax\u0131... - MEYDAN.TV","og_description":"Yaln\u0131\u015f \u0259m\u0259liyyatla ba\u011fl\u0131 komissiya yarad\u0131l\u0131b","og_url":"https:\/\/www.meydan.tv\/az\/article\/xeste-bu-ayagim-meni-oldurur-axi\/","og_site_name":"MEYDAN.TV","article_published_time":"2016-06-24T20:45:44+00:00","og_image":[{"width":2560,"height":1439,"url":"https:\/\/www.meydan.tv\/wp-content\/uploads\/23408-scaled.jpg","type":"image\/jpeg"}],"author":"user-manager","twitter_card":"summary_large_image","schema":{"@context":"https:\/\/schema.org","@graph":[{"@type":"Article","@id":"https:\/\/www.meydan.tv\/az\/article\/xeste-bu-ayagim-meni-oldurur-axi\/#article","isPartOf":{"@id":"https:\/\/www.meydan.tv\/az\/article\/xeste-bu-ayagim-meni-oldurur-axi\/"},"author":{"name":"user-manager","@id":"https:\/\/www.meydan.tv\/az\/#\/schema\/person\/10d11eccf6da3662cf5fdab9806ea91a"},"headline":"X\u0259st\u0259 : Bu aya\u011f\u0131m m\u0259ni \u00f6ld\u00fcr\u00fcr ax\u0131&#8230;","datePublished":"2016-06-24T20:45:44+00:00","mainEntityOfPage":{"@id":"https:\/\/www.meydan.tv\/az\/article\/xeste-bu-ayagim-meni-oldurur-axi\/"},"wordCount":715,"publisher":{"@id":"https:\/\/www.meydan.tv\/az\/#organization"},"image":{"@id":"https:\/\/www.meydan.tv\/az\/article\/xeste-bu-ayagim-meni-oldurur-axi\/#primaryimage"},"thumbnailUrl":"https:\/\/www.meydan.tv\/wp-content\/uploads\/23408-scaled.jpg","articleSection":["Video"],"inLanguage":"az"},{"@type":"WebPage","@id":"https:\/\/www.meydan.tv\/az\/article\/xeste-bu-ayagim-meni-oldurur-axi\/","url":"https:\/\/www.meydan.tv\/az\/article\/xeste-bu-ayagim-meni-oldurur-axi\/","name":"X\u0259st\u0259 : Bu aya\u011f\u0131m m\u0259ni \u00f6ld\u00fcr\u00fcr ax\u0131... - MEYDAN.TV","isPartOf":{"@id":"https:\/\/www.meydan.tv\/az\/#website"},"primaryImageOfPage":{"@id":"https:\/\/www.meydan.tv\/az\/article\/xeste-bu-ayagim-meni-oldurur-axi\/#primaryimage"},"image":{"@id":"https:\/\/www.meydan.tv\/az\/article\/xeste-bu-ayagim-meni-oldurur-axi\/#primaryimage"},"thumbnailUrl":"https:\/\/www.meydan.tv\/wp-content\/uploads\/23408-scaled.jpg","datePublished":"2016-06-24T20:45:44+00:00","breadcrumb":{"@id":"https:\/\/www.meydan.tv\/az\/article\/xeste-bu-ayagim-meni-oldurur-axi\/#breadcrumb"},"inLanguage":"az","potentialAction":[{"@type":"ReadAction","target":["https:\/\/www.meydan.tv\/az\/article\/xeste-bu-ayagim-meni-oldurur-axi\/"]}]},{"@type":"ImageObject","inLanguage":"az","@id":"https:\/\/www.meydan.tv\/az\/article\/xeste-bu-ayagim-meni-oldurur-axi\/#primaryimage","url":"https:\/\/www.meydan.tv\/wp-content\/uploads\/23408-scaled.jpg","contentUrl":"https:\/\/www.meydan.tv\/wp-content\/uploads\/23408-scaled.jpg","width":2560,"height":1439,"caption":"Source:"},{"@type":"BreadcrumbList","@id":"https:\/\/www.meydan.tv\/az\/article\/xeste-bu-ayagim-meni-oldurur-axi\/#breadcrumb","itemListElement":[{"@type":"ListItem","position":1,"name":"Ana s\u0259hif\u0259","item":"https:\/\/www.meydan.tv\/az\/"},{"@type":"ListItem","position":2,"name":"Video","item":"https:\/\/www.meydan.tv\/az\/section\/video-2\/"},{"@type":"ListItem","position":3,"name":"X\u0259st\u0259 : Bu aya\u011f\u0131m m\u0259ni \u00f6ld\u00fcr\u00fcr ax\u0131&#8230;"}]},{"@type":"WebSite","@id":"https:\/\/www.meydan.tv\/az\/#website","url":"https:\/\/www.meydan.tv\/az\/","name":"MEYDAN.TV","description":"Meydan TV Az\u0259rbaycan\u0131n media m\u0259kan\u0131ndak\u0131 alternativ s\u0259sidir","publisher":{"@id":"https:\/\/www.meydan.tv\/az\/#organization"},"potentialAction":[{"@type":"SearchAction","target":{"@type":"EntryPoint","urlTemplate":"https:\/\/www.meydan.tv\/az\/?s={search_term_string}"},"query-input":{"@type":"PropertyValueSpecification","valueRequired":true,"valueName":"search_term_string"}}],"inLanguage":"az"},{"@type":"Organization","@id":"https:\/\/www.meydan.tv\/az\/#organization","name":"Meydan TV","url":"https:\/\/www.meydan.tv\/az\/","logo":{"@type":"ImageObject","inLanguage":"az","@id":"https:\/\/www.meydan.tv\/az\/#\/schema\/logo\/image\/","url":"https:\/\/www.meydan.tv\/wp-content\/uploads\/2021\/07\/meydan-logo.svg","contentUrl":"https:\/\/www.meydan.tv\/wp-content\/uploads\/2021\/07\/meydan-logo.svg","width":195,"height":46,"caption":"Meydan TV"},"image":{"@id":"https:\/\/www.meydan.tv\/az\/#\/schema\/logo\/image\/"}},{"@type":"Person","@id":"https:\/\/www.meydan.tv\/az\/#\/schema\/person\/10d11eccf6da3662cf5fdab9806ea91a","name":"user-manager"}]}},"_links":{"self":[{"href":"https:\/\/www.meydan.tv\/az\/wp-json\/wp\/v2\/posts\/176972","targetHints":{"allow":["GET"]}}],"collection":[{"href":"https:\/\/www.meydan.tv\/az\/wp-json\/wp\/v2\/posts"}],"about":[{"href":"https:\/\/www.meydan.tv\/az\/wp-json\/wp\/v2\/types\/post"}],"author":[{"embeddable":true,"href":"https:\/\/www.meydan.tv\/az\/wp-json\/wp\/v2\/users\/11"}],"replies":[{"embeddable":true,"href":"https:\/\/www.meydan.tv\/az\/wp-json\/wp\/v2\/comments?post=176972"}],"version-history":[{"count":0,"href":"https:\/\/www.meydan.tv\/az\/wp-json\/wp\/v2\/posts\/176972\/revisions"}],"wp:featuredmedia":[{"embeddable":true,"href":"https:\/\/www.meydan.tv\/az\/wp-json\/wp\/v2\/media\/61537"}],"wp:attachment":[{"href":"https:\/\/www.meydan.tv\/az\/wp-json\/wp\/v2\/media?parent=176972"}],"wp:term":[{"taxonomy":"category","embeddable":true,"href":"https:\/\/www.meydan.tv\/az\/wp-json\/wp\/v2\/categories?post=176972"},{"taxonomy":"post_tag","embeddable":true,"href":"https:\/\/www.meydan.tv\/az\/wp-json\/wp\/v2\/tags?post=176972"}],"curies":[{"name":"wp","href":"https:\/\/api.w.org\/{rel}","templated":true}]}}