{"id":176947,"date":"2016-06-24T13:08:35","date_gmt":"2016-06-24T13:08:35","guid":{"rendered":"https:\/\/www.meydan.tv\/article\/valden-ve-ya-tebii-heyat-2\/"},"modified":"2016-06-24T13:08:35","modified_gmt":"2016-06-24T13:08:35","slug":"valden-ve-ya-tebii-heyat-2","status":"publish","type":"post","link":"https:\/\/www.meydan.tv\/az\/article\/valden-ve-ya-tebii-heyat-2\/","title":{"rendered":"Valden v\u0259 ya T\u0259bii H\u0259yat &#8211; 2"},"content":{"rendered":"<figure class=\"wp-block-image size-large\">\n  <img decoding=\"async\" src=\"https:\/\/www.meydan.tv\/az\/61462\/\" alt=\"\" class=\"wp-image-61462\"\/><figcaption><\/figcaption><\/figure>\n<figure class=\"wp-block-image size-large\">\n  <img decoding=\"async\" src=\"https:\/\/www.meydan.tv\/az\/61459\/\" alt=\"\" class=\"wp-image-61459\"\/><figcaption><\/figcaption><\/figure>\n<\/p>\n<p>\n  <i><br \/>\n    Birinci yaz\u0131n\u0131<br \/>\n    <a href=\"\/az\/article\/valden-ve-ya-tebii-heyat\/\" target=\"_blank\" rel=\"noopener\"><br \/>\n      burda<br \/>\n    <\/a><br \/>\n    oxu<br \/>\n  <\/i>\n<\/p>\n<p>\n  Can s\u0131x\u0131nt\u0131s\u0131ndan \u015feir yazmaq deyil m\u0259qs\u0259dim;<br \/>\n  <br \/>\n  Dan yeri a\u011farmam\u0131\u015f boynunu uzad\u0131b lov\u011falanaraq ququldayan xoruz kimi<br \/>\n  <br \/>\n  B\u0259rkd\u0259n ba\u011f\u0131rmaq ist\u0259yir\u0259m<br \/>\n  <br \/>\n  Qon\u015fular\u0131m\u0131 oyatsam, yet\u0259r\n<\/p>\n<p>\n  <br \/>\n  <b><br \/>\n    \u201cYa\u015fad\u0131\u011f\u0131m Yer v\u0259 v\u0259 Ya\u015fama S\u0259b\u0259bim\u201d:<br \/>\n  <\/b>\n<\/p>\n<p>\n  \u201cN\u0259 d\u0259 olsa, insan imtina etdikl\u0259ri \u015feyl\u0259rin miqdar\u0131 nisb\u0259tind\u0259 z\u0259ngindir.\u201d\n<\/p>\n<p>\n  \u0130nsan\u0131n \u00f6z\u00fcn\u00fc v\u0259 azadl\u0131\u011f\u0131n\u0131 itirm\u0259sin\u0259, onun pulun v\u0259 mal-m\u00fclk\u00fcn \u0259sirin\u0259 \u00e7evrilm\u0259sin\u0259 etiraz ed\u0259n Toro deyir: \u201cM\u00fcmk\u00fcn oldu\u011fu q\u0259d\u0259r azad v\u0259 y\u00fck alt\u0131na girm\u0259d\u0259n, n\u0259y\u0259s\u0259 ba\u011flanmadan ya\u015fay\u0131n. Ya bir fermaya ba\u011flanm\u0131s\u0131z, ya da h\u0259bs\u0259 d\u00fc\u015fm\u00fcs\u00fcn\u00fcz, bunlar\u0131n he\u00e7 bir f\u0259rqi yoxdur.\u201d\n<\/p>\n<p>\n  T\u0259bi\u0259td\u0259 ya\u015fayan v\u0259 a\u00e7\u0131q hava alt\u0131nda \u015f\u0259f\u0259q vaxt\u0131n\u0131 seyr ed\u0259n yaz\u0131\u00e7\u0131 qeyd edir: \u201cQ\u0259dim yunanlar kimi \u015f\u0259f\u0259q vaxt\u0131na i\u00e7d\u0259n v\u0259 s\u0259daq\u0259tl\u0259 ba\u011fl\u0131 insanam. Erk\u0259nd\u0259n qalx\u0131r v\u0259 g\u00f6ld\u0259 \u00e7im\u0259rdim. M\u0259nim \u00fc\u00e7\u00fcn bir ibad\u0259t idi bu v\u0259 g\u00f6rd\u00fcy\u00fcm \u0259n yax\u015f\u0131 i\u015fl\u0259rd\u0259n biri idi.\u201d\n<\/p>\n<p>\n  \u201cS\u0259h\u0259r yeli durmadan \u0259sdi, yarad\u0131l\u0131\u015f\u0131n \u015feiri bitm\u0259zdir, heyf ki, \u00e7ox az insan bunu duya bilir. Olimpus yer k\u00fcr\u0259sind\u0259n k\u0259nar h\u0259r yerd\u0259dir.\u201d\n<\/p>\n<p>\n  \u201cBir xidm\u0259t\u00e7inin sizi oyatmas\u0131 yerin\u0259, \u00f6z B\u00f6y\u00fck M\u0259nliyimiz, fabrik s\u0259sl\u0259ri yerin\u0259, dal\u011fa-dal\u011fa yay\u0131lan s\u0259mavi musiqinin v\u0259 havan\u0131 dolduran xo\u015f bir qoxunun g\u0259tirdiyi, yeni qazan\u0131lm\u0131\u015f i\u00e7d\u0259n arzu v\u0259 g\u00fcc\u00fcm\u00fczl\u0259 daha \u00fclvi bir h\u0259yata g\u00f6z a\u00e7a bilm\u0259yib, yat\u0131b qald\u0131\u011f\u0131m\u0131z g\u00fcnd\u0259n, \u0259g\u0259r buna bir g\u00fcn dem\u0259k olarsa, he\u00e7 bir \u015fey g\u00f6zl\u0259nilm\u0259sin. Bel\u0259likl\u0259, qaranl\u0131q, meyv\u0259sini verir v\u0259 ayd\u0131nl\u0131qdan daha yax\u015f\u0131 olmad\u0131\u011f\u0131n\u0131 g\u00f6st\u0259r\u0259r.\u201d\n<\/p>\n<p>\n  \u201cG\u00fcn\u0259 d\u0259y\u0259r qata bilm\u0259k, s\u0259n\u0259tl\u0259rin \u0259n \u00fclvisi bax, budur!\u201d\n<\/p>\n<p>\n  \u201cSad\u0259lik! Sad\u0259lik! Sad\u0259lik! \u0130\u015fl\u0259riniz y\u00fczl\u0259rc\u0259, minl\u0259rc\u0259 olaca\u011f\u0131na, bir d\u0259n\u0259 olsun, deyir\u0259m; bir milyon yerin\u0259 ona q\u0259d\u0259r say\u0131n, hesablar\u0131n\u0131z\u0131 barmaqlar\u0131n\u0131z\u0131n ucunda tutun!\u201d\n<\/p>\n<p>\n  \u201c\u00d6z ad\u0131ma, po\u00e7t xidm\u0259tl\u0259ri olmadan da ya\u015faya bil\u0259r\u0259m. M\u0259nc\u0259, po\u00e7t nadir hallarda i\u015f\u0259 yaray\u0131r, vacib m\u0259s\u0259l\u0259l\u0259rd\u0259 \u0259laq\u0259ni qurar. S\u0259mimi olmaq laz\u0131md\u0131rsa, h\u0259yat\u0131mda po\u00e7tla g\u00f6nd\u0259rilm\u0259y\u0259 d\u0259y\u0259r bir-iki m\u0259ktubdan ar\u0131tq m\u0259ktub almam\u0131\u015fam.\u201d\n<\/p>\n<p>\n  \u201cErk\u0259nd\u0259n v\u0259 s\u00fcr\u0259tl\u0259 yuxudan duraq. S\u0259h\u0259r yem\u0259yimizi yum\u015faq v\u0259 t\u0259la\u015fs\u0131z ed\u0259k. Dostlar g\u0259lib- getsinl\u0259r, zill\u0259r \u00e7al\u0131ns\u0131n, u\u015faqlar a\u011flas\u0131n. G\u00fcn\u0259 haqq\u0131n\u0131 ver\u0259k. N\u0259 \u00fc\u00e7\u00fcn ax\u0131nt\u0131ya ili\u015fib s\u00fcr\u00fckl\u0259nm\u0259liyik ki? Ax\u015fam yem\u0259yi deyil\u0259n o s\u00fcr\u0259tli d\u00f6n\u0259n girdaba qap\u0131l\u0131b dib\u0259 \u00e7\u00f6km\u0259y\u0259k.\u201d\n<\/p>\n<p>\n  <b><br \/>\n    \u201cOxumaq\u201d hiss\u0259si:<br \/>\n  <\/b>\n<\/p>\n<p>\n  \u201c\u00d6z\u00fcm\u00fcz ya da g\u0259l\u0259c\u0259k n\u0259sill\u0259r \u00fc\u00e7\u00fcn mal-m\u00fclk \u0259ld\u0259 ed\u0259rk\u0259n, bir ail\u0259 v\u0259 ya bir d\u00f6vl\u0259t qurark\u0259n, \u015f\u00f6hr\u0259t\u0259 can atd\u0131qca bir \u00f6l\u00fcml\u00fcy\u00fck. Amma h\u0259qiq\u0259tl\u0259 m\u0259\u015f\u011ful olark\u0259n \u00f6l\u00fcms\u00fcz\u00fck, d\u0259yi\u015fiklikd\u0259n v\u0259 ya q\u0259zadan qorxma\u011fa ehtiyac yoxdur.\u201d\n<\/p>\n<p>\n  <b><br \/>\n    Hans\u0131 kitablar\u0131 oxumal\u0131:<br \/>\n  <\/b>\n<\/p>\n<p>\n  \u201cMac\u0259rap\u0259r\u0259st bir oxucu, hans\u0131 dild\u0259 olursa olsun, antik bel\u0259 olsalar, h\u0259r zaman klassikl\u0259ri oxuyacaq. Klassikl\u0259r, insanl\u0131\u011f\u0131n qeyd\u0259 al\u0131nm\u0131\u015f \u0259n n\u0259cib d\u00fc\u015f\u00fcnc\u0259l\u0259ri deyilmi?\u201d\n<\/p>\n<p>\n  <b><br \/>\n    Nec\u0259 oxumal\u0131:<br \/>\n  <\/b>\n<\/p>\n<p>\n  \u201cYax\u015f\u0131 oxumaq, y\u0259ni, ger\u00e7\u0259k bir ruha sahib, ger\u00e7\u0259k kitablar oxumaq n\u0259cib ad\u0259t\u0259 sahibl\u0259nm\u0259k dem\u0259kdir. Bu ad\u0259t, oxucuya g\u00fcnd\u0259lik h\u0259yat\u0131n t\u0259qdim etdiyind\u0259n \u00e7ox daha a\u011f\u0131r m\u0259suliyy\u0259t y\u00fckl\u0259y\u0259r. Yax\u015f\u0131 oxumaq, idman\u00e7\u0131lar\u0131n m\u0259\u015fql\u0259rd\u0259 etdiyi kimi, ciddi disiplind\u0259n ke\u00e7m\u0259yi t\u0259l\u0259b edir. \u0130nsan, b\u00fct\u00fcn h\u0259yat\u0131n\u0131 bu m\u0259qs\u0259d\u0259 istiqam\u0259tl\u0259ndir\u0259n sa\u011flam bir niyy\u0259t\u0259 ehtiyac duyar. Kitablar, q\u0259l\u0259m\u0259 al\u0131nd\u0131qlar\u0131 kimi, \u015f\u00fcurlu v\u0259 dig\u0259r m\u0259\u015f\u011fuliyy\u0259tl\u0259rd\u0259n ayr\u0131lm\u0131\u015f \u015f\u0259kild\u0259 oxunmal\u0131d\u0131r.\u201d\n<\/p>\n<p>\n  \u00c7ox insan g\u00fcnl\u00fck h\u0259yat\u0131nda i\u015f\u0259 yaras\u0131n dey\u0259, oxuma\u011f\u0131 \u00f6yr\u0259nib; hesab apara bilm\u0259k v\u0259 ya ticar\u0259td\u0259 aldanmamaq \u00fc\u00e7\u00fcn vurma c\u0259dv\u0259lini \u00f6yr\u0259ndiyi kimi&#8230;Amma n\u0259cib bir a\u011fl\u0131n ad\u0259t ed\u0259r\u0259k oxumas\u0131 haq\u0131nda \u00e7ox az \u015fey v\u0259 ya he\u00e7 bir \u015fey bilm\u0259zl\u0259r. Halbuki, y\u00fcks\u0259k m\u0259nada oxumaq, m\u0259hz bu c\u00fcr olur. Yoxsa oxumaq, bir l\u00fcks kimi bizi rahatladan v\u0259 inki\u015faf etmi\u015f anlama qabiliyy\u0259timizi bir m\u00fcdd\u0259tlik yuxuya ver\u0259n f\u0259aliyy\u0259t deyil. Ayaq barmaqlar\u0131m\u0131z\u0131n ucunda y\u00fcks\u0259lib, \u0259n ay\u0131q hal\u0131m\u0131zla, zaman s\u0259rf ed\u0259r\u0259k, \u00f6z\u00fcm\u00fcz\u00fc b\u00fct\u00fcnl\u00fckl\u0259 ver\u0259c\u0259yimiz bir f\u0259aliyy\u0259tdir oxumaq. M\u0259nc\u0259, h\u0259rfl\u0259ri \u00f6yr\u0259nmi\u015f h\u0259r bir insan, \u0259d\u0259biyyat\u0131n \u0259n yax\u015f\u0131 \u0259s\u0259rl\u0259rini oxumal\u0131d\u0131r.\u201d\n<\/p>\n<p>\n  <b><br \/>\n    \u201cYaln\u0131zl\u0131q\u201d:<br \/>\n  <\/b>\n<\/p>\n<p>\n  \u201cZaman\u0131n b\u00f6y\u00fck bir qismind\u0259 t\u0259k olma\u011f\u0131n daha faydal\u0131 oldu\u011funu d\u00fc\u015f\u00fcn\u00fcr\u0259m. Biri il\u0259 bir yerd\u0259 olmaq, \u00e7ox yax\u015f\u0131 insan bel\u0259 olsa, bir m\u00fcdd\u0259t sonra yorucu olur v\u0259 zehni buland\u0131r\u0131r. T\u0259nha olma\u011f\u0131 sevir\u0259m. T\u0259nhal\u0131qdan daha s\u0259mimi v\u0259 istiqanl\u0131 bir dost tan\u0131mam\u0131\u015fam. Bay\u0131ra \u00e7\u0131x\u0131b, insanlar\u0131n aras\u0131na girdikd\u0259, evimizd\u0259 oldu\u011fumuzdan da \u00e7ox t\u0259nha oluruq.\n<\/p>\n<p>\n  D\u00fc\u015f\u00fcn\u0259n v\u0259 i\u015fl\u0259y\u0259n insan harda olursa olsun, h\u0259r zaman t\u0259nhad\u0131r. T\u0259nhal\u0131q, bir insanla yax\u0131nlar\u0131 aras\u0131ndak\u0131 olan m\u0259saf\u0259nin kilometrl\u0259rl\u0259 say\u0131lmas\u0131 il\u0259 \u00f6l\u00e7\u00fcl\u0259 bilm\u0259z. Kembric Universitetind\u0259, ar\u0131 p\u0259t\u0259yi kimi bir-birin\u0259 biti\u015fik m\u0259nzill\u0259rd\u0259n birind\u0259 oturan, h\u0259qiq\u0259t\u0259n, \u00e7al\u0131\u015fqan bir t\u0259l\u0259b\u0259 \u00e7\u00f6ld\u0259ki d\u0259rvi\u015f q\u0259d\u0259r t\u0259nhad\u0131r.\n<\/p>\n<p>\n  C\u0259miyy\u0259t ad\u0259t\u0259n baya\u011f\u0131d\u0131r. Tez-tez g\u00f6r\u00fc\u015fd\u00fcy\u00fcm\u00fcz \u00fc\u00e7\u00fcn, arada qalan vaxtda, bir-birimiz \u00fc\u00e7\u00fcn yeni bir d\u0259y\u0259r qazanaca\u011f\u0131m\u0131z zaman olmur. G\u00fcnd\u0259 \u00fc\u00e7 d\u0259f\u0259 yem\u0259k yey\u0259rk\u0259n g\u00f6r\u00fc\u015f\u00fcr\u00fck, h\u0259r d\u0259f\u0259sind\u0259 kifl\u0259nmi\u015f bir pendir kimi \u00f6z\u00fcm\u00fczd\u0259n yeni dadlar verm\u0259y\u0259 ba\u015flay\u0131r\u0131q. \u018fd\u0259b v\u0259 etik qaydalar ad\u0131 alt\u0131nda bir xeyli qayda m\u0259nims\u0259y\u0259r\u0259k, bu, tez-tez g\u00f6r\u00fc\u015fm\u0259yi d\u00f6z\u00fcl\u0259 bil\u0259n hala g\u0259tirir, bel\u0259likl\u0259, bir-birimiz\u0259 m\u00fcharib\u0259 elan etm\u0259mi\u015f oluruq.\n<\/p>\n<p>\n  H\u0259r g\u00fcn m\u00fcxt\u0259lif yerl\u0259rd\u0259, c\u0259miyy\u0259t i\u00e7ind\u0259 v\u0259 ax\u015famlar\u0131 da oca\u011f\u0131n \u0259traf\u0131nda g\u00f6r\u00fc\u015f\u00fcr\u00fck. S\u0131x ya\u015fad\u0131\u011f\u0131m\u0131z \u00fc\u00e7\u00fcn bir-birimizin yolunun \u00fcz\u0259rind\u0259 durur, ayaqlar\u0131m\u0131z bir-birin\u0259 ili\u015fir v\u0259 m\u0259nc\u0259, bu s\u0259b\u0259bd\u0259n qar\u015f\u0131l\u0131ql\u0131 h\u00f6rm\u0259td\u0259n n\u0259l\u0259ris\u0259 itiririk. Daha az g\u00f6r\u00fc\u015f\u0259r\u0259k d\u0259, vacib v\u0259 duy\u011fusal m\u00f6vzularda yet\u0259rli m\u00fcnasib\u0259ti qura bil\u0259rik.\n<\/p>\n<p>\n  <b><br \/>\n    \u201cK\u0259nd\u201d:<br \/>\n  <\/b>\n<\/p>\n<p>\n  \u201cMe\u015f\u0259d\u0259 azmaq a\u011f\u0131llarda qalan h\u0259m heyr\u0259tl\u0259ndirici, h\u0259m d\u0259 faydal\u0131 bir t\u0259cr\u00fcb\u0259dir\u201d<br \/>\n  <br \/>\n  \u201cAncaq azd\u0131\u011f\u0131m\u0131zda, ya da d\u00fcnyan\u0131 itirdiyimizd\u0259 \u00f6z\u00fcm\u00fcz\u00fc axtarma\u011fa ba\u015flay\u0131r\u0131q; harda oldu\u011fumuzun f\u0259rqin\u0259 var\u0131r, m\u00fcnasib\u0259tl\u0259rimizin ucsuz-bucaqs\u0131z yay\u0131ld\u0131\u011f\u0131n\u0131 g\u00f6r\u00fcr\u00fck\u201d\n<\/p>\n<p>\n  <b><br \/>\n    \u201cG\u00f6l\u201d:<br \/>\n  <\/b>\n<\/p>\n<p>\n  Bir g\u00fcn yax\u0131n \u0259trafda ya\u015fayan fermerin evin\u0259 uzaqdan baxan, fermerin gec\u0259-g\u00fcnd\u00fcz i\u015fl\u0259m\u0259sini seyr ed\u0259n yaz\u0131\u00e7\u0131 yaz\u0131r: \u201cN\u0259 i\u015fl\u0259m\u0259sini, n\u0259 d\u0259 i\u00e7\u0259risind\u0259ki h\u0259r \u015feyin qiym\u0259tl\u0259ndirilm\u0259sini sevmir\u0259m; pul g\u0259tir\u0259c\u0259ks\u0259, i\u00e7ind\u0259 ya\u015fad\u0131\u011f\u0131 t\u0259bi\u0259ti v\u0259 ya inand\u0131\u011f\u0131 tanr\u0131n\u0131 bazara apar\u0131b satan; tarlas\u0131nda yeti\u015f\u0259n he\u00e7 bir \u015feyin pulsuz olmad\u0131\u011f\u0131, tarlas\u0131 m\u0259hsul verm\u0259y\u0259n, yamaclar\u0131nda \u00e7i\u00e7\u0259k bitm\u0259y\u0259n, a\u011faclar\u0131 meyv\u0259 verm\u0259y\u0259n, meyv\u0259l\u0259rin g\u00f6z\u0259lliyind\u0259n h\u0259zz duymayan, meyv\u0259l\u0259rin ancaq dollara \u00e7evrildiyind\u0259 d\u0259y\u0259r qazand\u0131\u011f\u0131na inanan biridir bu. H\u0259qiqi z\u0259nginliyi ya\u015fayan kas\u0131bl\u0131\u011f\u0131n m\u0259nim olmas\u0131n\u0131 ist\u0259rdim.\u201d\n<\/p>\n<p>\n  <b><br \/>\n    \u201c\u00c7\u00f6r\u0259k\u00e7i Q\u0259s\u0259b\u0259si\u201d:<br \/>\n  <\/b>\n<\/p>\n<p>\n  \u201cTicar\u0259tl\u0259 deyil, \u0259yl\u0259n\u0259r\u0259k g\u00f6rd\u00fcy\u00fcn i\u015fl\u0259rl\u0259 h\u0259yat\u0131n\u0131 t\u0259min el\u0259! Torpa\u011f\u0131n dad\u0131n\u0131 \u00e7\u0131xart, amma ona sahib olma! T\u0259\u015f\u0259bb\u00fcskarl\u0131qlar\u0131 v\u0259 inanclar\u0131 s\u0259b\u0259bi il\u0259 insanlar bu an m\u00f6vcud olduqlar\u0131 yer\u0259 g\u0259lib \u00e7\u0131x\u0131blar. Al\u0131b-sat\u0131rlar v\u0259 h\u0259yatlar\u0131n\u0131 bir qul kimi ya\u015fay\u0131rlar.\u201d\n<\/p>\n<p>\n  <b><br \/>\n    Kitab\u0131n sonunda, \u201cN\u0259tic\u0259\u201d b\u00f6l\u00fcm\u00fcnd\u0259n qeydl\u0259r:<br \/>\n  <\/b>\n<\/p>\n<p>\n  \u201cT\u0259cr\u00fcb\u0259m m\u0259n\u0259 \u0259n az\u0131ndan bunlar\u0131 \u00f6yr\u0259tdi: Bir adam, \u0259g\u0259r \u00f6z\u00fcn\u0259 inanaraq arzular\u0131n\u0131n arxas\u0131nca ged\u0259rs\u0259 v\u0259 x\u0259yal etdiyi h\u0259yat\u0131 realla\u015fd\u0131rma\u011fa \u00e7al\u0131\u015farsa, bilin\u0259n saatlarla \u00f6l\u00e7\u00fcl\u0259 bilm\u0259y\u0259c\u0259k bir zaman i\u00e7ind\u0259 u\u011fura \u00e7atacaqd\u0131r. B\u0259zi \u015feyl\u0259ri gerid\u0259 qoyacaq, g\u00f6r\u00fcnm\u0259y\u0259n s\u0259rh\u0259di a\u015facaqd\u0131r; \u0259traf\u0131nda v\u0259 \u00f6z daxilind\u0259 yeni, universal, \u00e7ox daha liberal qaydalar yerl\u0259\u015fm\u0259y\u0259 ba\u015flayacaq ya da q\u0259dim qaydalar geni\u015fl\u0259nib \u00f6z yarar\u0131na olan daha liberal bir formada \u015f\u0259rh olunacaqd\u0131; adam daha y\u00fcks\u0259k bir sinfin m\u0259nsubu olma\u011fa haqq qazanacaqd\u0131r. H\u0259yat\u0131n\u0131 sad\u0259l\u0259\u015fdirdiyi d\u0259r\u0259c\u0259d\u0259, d\u00fcnya daha az qatmaqar\u0131\u015f\u0131q g\u00f6r\u00fcn\u0259c\u0259k, t\u0259nhal\u0131q, t\u0259nhal\u0131q olmaqdan \u00e7\u0131xacaqd\u0131r. Havada qalalar in\u015fa edirsiz, etdikl\u0259riniz bo\u015fa getmir; qalalar\u0131n yerl\u0259ri el\u0259 orad\u0131r. \u0130ndi d\u0259, altlar\u0131na t\u0259m\u0259ll\u0259rini in\u015fa edin!\u201d\n<\/p>\n<div>\n<p>\n      <b><br \/>\n        Yaz\u0131 m\u00fc\u0259llifin \u015f\u0259xsi m\u00f6vqeyini \u0259ks etdirir. M\u00fc\u0259llifin m\u00f6vqeyi Meydan.Tv-nin m\u00f6vqeyi il\u0259 \u00fcst-\u00fcst\u0259 d\u00fc\u015fm\u0259y\u0259 bil\u0259r.<br \/>\n      <\/b>\n    <\/p>\n<\/p><\/div>\n<\/p>\n<p><div><\/div><\/p>\n","protected":false},"excerpt":{"rendered":"<p>Dostlarla s\u0259h\u0259r yem\u0259yi yey\u0259k&#8230;<\/p>\n","protected":false},"author":11,"featured_media":61462,"comment_status":"closed","ping_status":"open","sticky":false,"template":"","format":"standard","meta":{"_acf_changed":false,"_sitemap_exclude":false,"_sitemap_priority":"","_sitemap_frequency":"","footnotes":""},"categories":[57],"tags":[],"class_list":["post-176947","post","type-post","status-publish","format-standard","has-post-thumbnail","hentry","category-menim-fikrimce","infinite-scroll-item","generate-columns","tablet-grid-50","mobile-grid-100","grid-parent","grid-33","no-featured-image-padding"],"acf":[],"yoast_head":"<!-- This site is optimized with the Yoast SEO plugin v27.5 - https:\/\/yoast.com\/product\/yoast-seo-wordpress\/ -->\n<title>Valden v\u0259 ya T\u0259bii H\u0259yat - 2 - MEYDAN.TV<\/title>\n<meta name=\"robots\" content=\"index, follow, max-snippet:-1, max-image-preview:large, max-video-preview:-1\" \/>\n<link rel=\"canonical\" href=\"https:\/\/www.meydan.tv\/az\/article\/valden-ve-ya-tebii-heyat-2\/\" \/>\n<meta property=\"og:locale\" content=\"az_AZ\" \/>\n<meta property=\"og:type\" content=\"article\" \/>\n<meta property=\"og:title\" content=\"Valden v\u0259 ya T\u0259bii H\u0259yat - 2 - MEYDAN.TV\" \/>\n<meta property=\"og:description\" content=\"Dostlarla s\u0259h\u0259r yem\u0259yi yey\u0259k...\" \/>\n<meta property=\"og:url\" content=\"https:\/\/www.meydan.tv\/az\/article\/valden-ve-ya-tebii-heyat-2\/\" \/>\n<meta property=\"og:site_name\" content=\"MEYDAN.TV\" \/>\n<meta property=\"article:published_time\" content=\"2016-06-24T13:08:35+00:00\" \/>\n<meta property=\"og:image\" content=\"https:\/\/www.meydan.tv\/wp-content\/uploads\/23386.jpg\" \/>\n\t<meta property=\"og:image:width\" content=\"500\" \/>\n\t<meta property=\"og:image:height\" content=\"500\" \/>\n\t<meta property=\"og:image:type\" content=\"image\/jpeg\" \/>\n<meta name=\"author\" content=\"user-manager\" \/>\n<meta name=\"twitter:card\" content=\"summary_large_image\" \/>\n<script type=\"application\/ld+json\" class=\"yoast-schema-graph\">{\"@context\":\"https:\\\/\\\/schema.org\",\"@graph\":[{\"@type\":\"Article\",\"@id\":\"https:\\\/\\\/www.meydan.tv\\\/az\\\/article\\\/valden-ve-ya-tebii-heyat-2\\\/#article\",\"isPartOf\":{\"@id\":\"https:\\\/\\\/www.meydan.tv\\\/az\\\/article\\\/valden-ve-ya-tebii-heyat-2\\\/\"},\"author\":{\"name\":\"user-manager\",\"@id\":\"https:\\\/\\\/www.meydan.tv\\\/az\\\/#\\\/schema\\\/person\\\/10d11eccf6da3662cf5fdab9806ea91a\"},\"headline\":\"Valden v\u0259 ya T\u0259bii H\u0259yat &#8211; 2\",\"datePublished\":\"2016-06-24T13:08:35+00:00\",\"mainEntityOfPage\":{\"@id\":\"https:\\\/\\\/www.meydan.tv\\\/az\\\/article\\\/valden-ve-ya-tebii-heyat-2\\\/\"},\"wordCount\":1739,\"publisher\":{\"@id\":\"https:\\\/\\\/www.meydan.tv\\\/az\\\/#organization\"},\"image\":{\"@id\":\"https:\\\/\\\/www.meydan.tv\\\/az\\\/article\\\/valden-ve-ya-tebii-heyat-2\\\/#primaryimage\"},\"thumbnailUrl\":\"https:\\\/\\\/www.meydan.tv\\\/wp-content\\\/uploads\\\/23386.jpg\",\"articleSection\":[\"M\u0259nim Fikrimc\u0259\"],\"inLanguage\":\"az\"},{\"@type\":\"WebPage\",\"@id\":\"https:\\\/\\\/www.meydan.tv\\\/az\\\/article\\\/valden-ve-ya-tebii-heyat-2\\\/\",\"url\":\"https:\\\/\\\/www.meydan.tv\\\/az\\\/article\\\/valden-ve-ya-tebii-heyat-2\\\/\",\"name\":\"Valden v\u0259 ya T\u0259bii H\u0259yat - 2 - MEYDAN.TV\",\"isPartOf\":{\"@id\":\"https:\\\/\\\/www.meydan.tv\\\/az\\\/#website\"},\"primaryImageOfPage\":{\"@id\":\"https:\\\/\\\/www.meydan.tv\\\/az\\\/article\\\/valden-ve-ya-tebii-heyat-2\\\/#primaryimage\"},\"image\":{\"@id\":\"https:\\\/\\\/www.meydan.tv\\\/az\\\/article\\\/valden-ve-ya-tebii-heyat-2\\\/#primaryimage\"},\"thumbnailUrl\":\"https:\\\/\\\/www.meydan.tv\\\/wp-content\\\/uploads\\\/23386.jpg\",\"datePublished\":\"2016-06-24T13:08:35+00:00\",\"breadcrumb\":{\"@id\":\"https:\\\/\\\/www.meydan.tv\\\/az\\\/article\\\/valden-ve-ya-tebii-heyat-2\\\/#breadcrumb\"},\"inLanguage\":\"az\",\"potentialAction\":[{\"@type\":\"ReadAction\",\"target\":[\"https:\\\/\\\/www.meydan.tv\\\/az\\\/article\\\/valden-ve-ya-tebii-heyat-2\\\/\"]}]},{\"@type\":\"ImageObject\",\"inLanguage\":\"az\",\"@id\":\"https:\\\/\\\/www.meydan.tv\\\/az\\\/article\\\/valden-ve-ya-tebii-heyat-2\\\/#primaryimage\",\"url\":\"https:\\\/\\\/www.meydan.tv\\\/wp-content\\\/uploads\\\/23386.jpg\",\"contentUrl\":\"https:\\\/\\\/www.meydan.tv\\\/wp-content\\\/uploads\\\/23386.jpg\",\"width\":500,\"height\":500,\"caption\":\"Source:\"},{\"@type\":\"BreadcrumbList\",\"@id\":\"https:\\\/\\\/www.meydan.tv\\\/az\\\/article\\\/valden-ve-ya-tebii-heyat-2\\\/#breadcrumb\",\"itemListElement\":[{\"@type\":\"ListItem\",\"position\":1,\"name\":\"Ana s\u0259hif\u0259\",\"item\":\"https:\\\/\\\/www.meydan.tv\\\/az\\\/\"},{\"@type\":\"ListItem\",\"position\":2,\"name\":\"M\u0259nim Fikrimc\u0259\",\"item\":\"https:\\\/\\\/www.meydan.tv\\\/az\\\/section\\\/menim-fikrimce\\\/\"},{\"@type\":\"ListItem\",\"position\":3,\"name\":\"Valden v\u0259 ya T\u0259bii H\u0259yat &#8211; 2\"}]},{\"@type\":\"WebSite\",\"@id\":\"https:\\\/\\\/www.meydan.tv\\\/az\\\/#website\",\"url\":\"https:\\\/\\\/www.meydan.tv\\\/az\\\/\",\"name\":\"MEYDAN.TV\",\"description\":\"Meydan TV Az\u0259rbaycan\u0131n media m\u0259kan\u0131ndak\u0131 alternativ s\u0259sidir\",\"publisher\":{\"@id\":\"https:\\\/\\\/www.meydan.tv\\\/az\\\/#organization\"},\"potentialAction\":[{\"@type\":\"SearchAction\",\"target\":{\"@type\":\"EntryPoint\",\"urlTemplate\":\"https:\\\/\\\/www.meydan.tv\\\/az\\\/?s={search_term_string}\"},\"query-input\":{\"@type\":\"PropertyValueSpecification\",\"valueRequired\":true,\"valueName\":\"search_term_string\"}}],\"inLanguage\":\"az\"},{\"@type\":\"Organization\",\"@id\":\"https:\\\/\\\/www.meydan.tv\\\/az\\\/#organization\",\"name\":\"Meydan TV\",\"url\":\"https:\\\/\\\/www.meydan.tv\\\/az\\\/\",\"logo\":{\"@type\":\"ImageObject\",\"inLanguage\":\"az\",\"@id\":\"https:\\\/\\\/www.meydan.tv\\\/az\\\/#\\\/schema\\\/logo\\\/image\\\/\",\"url\":\"https:\\\/\\\/www.meydan.tv\\\/wp-content\\\/uploads\\\/2021\\\/07\\\/meydan-logo.svg\",\"contentUrl\":\"https:\\\/\\\/www.meydan.tv\\\/wp-content\\\/uploads\\\/2021\\\/07\\\/meydan-logo.svg\",\"width\":195,\"height\":46,\"caption\":\"Meydan TV\"},\"image\":{\"@id\":\"https:\\\/\\\/www.meydan.tv\\\/az\\\/#\\\/schema\\\/logo\\\/image\\\/\"}},{\"@type\":\"Person\",\"@id\":\"https:\\\/\\\/www.meydan.tv\\\/az\\\/#\\\/schema\\\/person\\\/10d11eccf6da3662cf5fdab9806ea91a\",\"name\":\"user-manager\"}]}<\/script>\n<!-- \/ Yoast SEO plugin. -->","yoast_head_json":{"title":"Valden v\u0259 ya T\u0259bii H\u0259yat - 2 - MEYDAN.TV","robots":{"index":"index","follow":"follow","max-snippet":"max-snippet:-1","max-image-preview":"max-image-preview:large","max-video-preview":"max-video-preview:-1"},"canonical":"https:\/\/www.meydan.tv\/az\/article\/valden-ve-ya-tebii-heyat-2\/","og_locale":"az_AZ","og_type":"article","og_title":"Valden v\u0259 ya T\u0259bii H\u0259yat - 2 - MEYDAN.TV","og_description":"Dostlarla s\u0259h\u0259r yem\u0259yi yey\u0259k...","og_url":"https:\/\/www.meydan.tv\/az\/article\/valden-ve-ya-tebii-heyat-2\/","og_site_name":"MEYDAN.TV","article_published_time":"2016-06-24T13:08:35+00:00","og_image":[{"width":500,"height":500,"url":"https:\/\/www.meydan.tv\/wp-content\/uploads\/23386.jpg","type":"image\/jpeg"}],"author":"user-manager","twitter_card":"summary_large_image","schema":{"@context":"https:\/\/schema.org","@graph":[{"@type":"Article","@id":"https:\/\/www.meydan.tv\/az\/article\/valden-ve-ya-tebii-heyat-2\/#article","isPartOf":{"@id":"https:\/\/www.meydan.tv\/az\/article\/valden-ve-ya-tebii-heyat-2\/"},"author":{"name":"user-manager","@id":"https:\/\/www.meydan.tv\/az\/#\/schema\/person\/10d11eccf6da3662cf5fdab9806ea91a"},"headline":"Valden v\u0259 ya T\u0259bii H\u0259yat &#8211; 2","datePublished":"2016-06-24T13:08:35+00:00","mainEntityOfPage":{"@id":"https:\/\/www.meydan.tv\/az\/article\/valden-ve-ya-tebii-heyat-2\/"},"wordCount":1739,"publisher":{"@id":"https:\/\/www.meydan.tv\/az\/#organization"},"image":{"@id":"https:\/\/www.meydan.tv\/az\/article\/valden-ve-ya-tebii-heyat-2\/#primaryimage"},"thumbnailUrl":"https:\/\/www.meydan.tv\/wp-content\/uploads\/23386.jpg","articleSection":["M\u0259nim Fikrimc\u0259"],"inLanguage":"az"},{"@type":"WebPage","@id":"https:\/\/www.meydan.tv\/az\/article\/valden-ve-ya-tebii-heyat-2\/","url":"https:\/\/www.meydan.tv\/az\/article\/valden-ve-ya-tebii-heyat-2\/","name":"Valden v\u0259 ya T\u0259bii H\u0259yat - 2 - MEYDAN.TV","isPartOf":{"@id":"https:\/\/www.meydan.tv\/az\/#website"},"primaryImageOfPage":{"@id":"https:\/\/www.meydan.tv\/az\/article\/valden-ve-ya-tebii-heyat-2\/#primaryimage"},"image":{"@id":"https:\/\/www.meydan.tv\/az\/article\/valden-ve-ya-tebii-heyat-2\/#primaryimage"},"thumbnailUrl":"https:\/\/www.meydan.tv\/wp-content\/uploads\/23386.jpg","datePublished":"2016-06-24T13:08:35+00:00","breadcrumb":{"@id":"https:\/\/www.meydan.tv\/az\/article\/valden-ve-ya-tebii-heyat-2\/#breadcrumb"},"inLanguage":"az","potentialAction":[{"@type":"ReadAction","target":["https:\/\/www.meydan.tv\/az\/article\/valden-ve-ya-tebii-heyat-2\/"]}]},{"@type":"ImageObject","inLanguage":"az","@id":"https:\/\/www.meydan.tv\/az\/article\/valden-ve-ya-tebii-heyat-2\/#primaryimage","url":"https:\/\/www.meydan.tv\/wp-content\/uploads\/23386.jpg","contentUrl":"https:\/\/www.meydan.tv\/wp-content\/uploads\/23386.jpg","width":500,"height":500,"caption":"Source:"},{"@type":"BreadcrumbList","@id":"https:\/\/www.meydan.tv\/az\/article\/valden-ve-ya-tebii-heyat-2\/#breadcrumb","itemListElement":[{"@type":"ListItem","position":1,"name":"Ana s\u0259hif\u0259","item":"https:\/\/www.meydan.tv\/az\/"},{"@type":"ListItem","position":2,"name":"M\u0259nim Fikrimc\u0259","item":"https:\/\/www.meydan.tv\/az\/section\/menim-fikrimce\/"},{"@type":"ListItem","position":3,"name":"Valden v\u0259 ya T\u0259bii H\u0259yat &#8211; 2"}]},{"@type":"WebSite","@id":"https:\/\/www.meydan.tv\/az\/#website","url":"https:\/\/www.meydan.tv\/az\/","name":"MEYDAN.TV","description":"Meydan TV Az\u0259rbaycan\u0131n media m\u0259kan\u0131ndak\u0131 alternativ s\u0259sidir","publisher":{"@id":"https:\/\/www.meydan.tv\/az\/#organization"},"potentialAction":[{"@type":"SearchAction","target":{"@type":"EntryPoint","urlTemplate":"https:\/\/www.meydan.tv\/az\/?s={search_term_string}"},"query-input":{"@type":"PropertyValueSpecification","valueRequired":true,"valueName":"search_term_string"}}],"inLanguage":"az"},{"@type":"Organization","@id":"https:\/\/www.meydan.tv\/az\/#organization","name":"Meydan TV","url":"https:\/\/www.meydan.tv\/az\/","logo":{"@type":"ImageObject","inLanguage":"az","@id":"https:\/\/www.meydan.tv\/az\/#\/schema\/logo\/image\/","url":"https:\/\/www.meydan.tv\/wp-content\/uploads\/2021\/07\/meydan-logo.svg","contentUrl":"https:\/\/www.meydan.tv\/wp-content\/uploads\/2021\/07\/meydan-logo.svg","width":195,"height":46,"caption":"Meydan TV"},"image":{"@id":"https:\/\/www.meydan.tv\/az\/#\/schema\/logo\/image\/"}},{"@type":"Person","@id":"https:\/\/www.meydan.tv\/az\/#\/schema\/person\/10d11eccf6da3662cf5fdab9806ea91a","name":"user-manager"}]}},"_links":{"self":[{"href":"https:\/\/www.meydan.tv\/az\/wp-json\/wp\/v2\/posts\/176947","targetHints":{"allow":["GET"]}}],"collection":[{"href":"https:\/\/www.meydan.tv\/az\/wp-json\/wp\/v2\/posts"}],"about":[{"href":"https:\/\/www.meydan.tv\/az\/wp-json\/wp\/v2\/types\/post"}],"author":[{"embeddable":true,"href":"https:\/\/www.meydan.tv\/az\/wp-json\/wp\/v2\/users\/11"}],"replies":[{"embeddable":true,"href":"https:\/\/www.meydan.tv\/az\/wp-json\/wp\/v2\/comments?post=176947"}],"version-history":[{"count":0,"href":"https:\/\/www.meydan.tv\/az\/wp-json\/wp\/v2\/posts\/176947\/revisions"}],"wp:featuredmedia":[{"embeddable":true,"href":"https:\/\/www.meydan.tv\/az\/wp-json\/wp\/v2\/media\/61462"}],"wp:attachment":[{"href":"https:\/\/www.meydan.tv\/az\/wp-json\/wp\/v2\/media?parent=176947"}],"wp:term":[{"taxonomy":"category","embeddable":true,"href":"https:\/\/www.meydan.tv\/az\/wp-json\/wp\/v2\/categories?post=176947"},{"taxonomy":"post_tag","embeddable":true,"href":"https:\/\/www.meydan.tv\/az\/wp-json\/wp\/v2\/tags?post=176947"}],"curies":[{"name":"wp","href":"https:\/\/api.w.org\/{rel}","templated":true}]}}