{"id":176923,"date":"2016-06-23T14:47:57","date_gmt":"2016-06-23T14:47:57","guid":{"rendered":"https:\/\/www.meydan.tv\/article\/azer-mehtiyev-rufet-aslanlinin-aciqladigi-4-istiqamet-dogrudur\/"},"modified":"2016-06-23T14:47:57","modified_gmt":"2016-06-23T14:47:57","slug":"azer-mehtiyev-rufet-aslanlinin-aciqladigi-4-istiqamet-dogrudur","status":"publish","type":"post","link":"https:\/\/www.meydan.tv\/az\/article\/azer-mehtiyev-rufet-aslanlinin-aciqladigi-4-istiqamet-dogrudur\/","title":{"rendered":"Az\u0259r Mehtiyev: R\u00fcf\u0259t Aslanl\u0131n\u0131n a\u00e7\u0131qlad\u0131\u011f\u0131 4 istiqam\u0259t do\u011frudur"},"content":{"rendered":"<figure class=\"wp-block-image size-large\">\n  <img decoding=\"async\" src=\"https:\/\/www.meydan.tv\/az\/61366\/\" alt=\"\" class=\"wp-image-61366\"\/><figcaption><\/figcaption><\/figure>\n<p>\n  <i><br \/>\n    &#8221;\u018fsas m\u0259s\u0259l\u0259 at\u0131lacaq add\u0131mlar\u0131n n\u0259 d\u0259r\u0259c\u0259d\u0259 sistemli olaca\u011f\u0131d\u0131r&#8221;<br \/>\n  <\/i>\n<\/p>\n<p>\n  <br \/>\n  &#8220;Enerji da\u015f\u0131y\u0131c\u0131lar\u0131n\u0131n qiym\u0259tinin \u0259h\u0259miyy\u0259tli d\u0259r\u0259c\u0259d\u0259 d\u00fc\u015fm\u0259si Az\u0259rbaycan iqtisadiyyat\u0131na t\u0259sir edib. Bu, milli valyutaya \u0259lav\u0259 t\u0259zyiql\u0259rin artmas\u0131 v\u0259 n\u0259tic\u0259d\u0259 qa\u00e7\u0131lmaz devalvasiya, \u0259halinin v\u0259 biznesin, d\u00f6vl\u0259tin g\u0259lirl\u0259rinin azalmas\u0131 il\u0259 n\u0259tic\u0259l\u0259nib&#8221;.\n<\/p>\n<p>\n  APA-n\u0131n m\u0259lumat\u0131na g\u00f6r\u0259, bunu Bak\u0131da ke\u00e7iril\u0259n VII Az\u0259rbaycan Beyn\u0259lxalq S\u0131\u011forta Forumunda (AIIF-2016) Maliyy\u0259 Bazarlar\u0131na N\u0259zar\u0259t Palatas\u0131n\u0131n Direktorlar \u015euras\u0131n\u0131n s\u0259dri R\u00fcf\u0259t Aslanl\u0131 deyib.<\/p>\n<p>  Onun s\u00f6zl\u0259rin\u0259 g\u00f6r\u0259, bu g\u00fcn h\u0259yata ke\u00e7iril\u0259n islahatlar \u0259vv\u0259lki d\u00f6vrd\u0259 \u0259ld\u0259 olunan rifah\u0131n t\u0259min olunmas\u0131na y\u00f6n\u0259lib: &#8220;B\u00fct\u00f6vl\u00fckd\u0259 iqtisadi islahatlar v\u0259 d\u0259yi\u015fiklikl\u0259r 4 istiqam\u0259ti \u0259hat\u0259 edir. Birincisi, dayan\u0131ql\u0131 makroiqtisadi m\u00fchitin yarad\u0131lmas\u0131 \u00fcz\u0259rind\u0259 \u00e7al\u0131\u015f\u0131r\u0131q. H\u0259m M\u0259rk\u0259zi Bank, Maliyy\u0259 Nazirliyi, h\u0259m d\u0259 Maliyy\u0259 Bazarlar\u0131na N\u0259zar\u0259t Palatas\u0131 bu istiqam\u0259td\u0259 tandem formala\u015fd\u0131r\u0131blar. Bu g\u00fcn h\u0259m manat\u0131n m\u0259z\u0259nn\u0259si, h\u0259m inflyasiya v\u0259 \u00fcmumilikd\u0259 makroiqtisadi g\u00f6st\u0259ricil\u0259r iqtisadi vasit\u0259l\u0259rl\u0259 idar\u0259olunan \u00e7\u0259r\u00e7iv\u0259d\u0259dir. \u0130kinci istiqam\u0259t biznesin tranzaksiya x\u0259rcl\u0259rinin azald\u0131lmas\u0131 il\u0259 m\u0259qbul s\u0259viyy\u0259y\u0259 \u00e7atd\u0131r\u0131lacaq i\u015fg\u00fczar m\u00fchitin formala\u015fd\u0131r\u0131lmas\u0131d\u0131r. \u00dc\u00e7\u00fcnc\u00fc istiqam\u0259t s\u0259rmay\u0259 v\u0259 maliyy\u0259 xidm\u0259tl\u0259rin\u0259 geni\u015fi \u00e7\u0131x\u0131\u015f\u0131n t\u0259min edilm\u0259sidir. \u00c7\u00fcnki stabil makroiqtisadi v\u0259ziyy\u0259t s\u0259rmay\u0259 v\u0259 maliyy\u0259y\u0259 \u00e7\u0131x\u0131\u015f olmadan i\u015fg\u00fczar aktivliyi v\u0259 rifah\u0131 t\u0259min ed\u0259 bilmir. Bu f\u0259aliyy\u0259timizd\u0259 h\u00f6kum\u0259tin iqtisadi qanad il\u0259 qar\u015f\u0131l\u0131ql\u0131 \u0259m\u0259kda\u015fl\u0131q h\u0259yata ke\u00e7irm\u0259liyik. D\u00f6rd\u00fcnc\u00fc istiqam\u0259t is\u0259 \u00e7evik v\u0259 effektiv h\u00fcquqi islahat\u0131n formala\u015fd\u0131r\u0131lmas\u0131d\u0131r. Bu islahatlar\u0131n m\u0259qs\u0259di qanunun aliliyi, b\u00fct\u00f6vl\u00fckd\u0259 h\u00fcquq institutlar\u0131n\u0131n effektiv f\u0259aliyy\u0259tin\u0259 nail olunmas\u0131d\u0131r&#8221;.<\/p>\n<p>  R\u00fcf\u0259t Aslanl\u0131n\u0131n s\u00f6yl\u0259dikl\u0259rini Meydan TV-y\u0259 \u015f\u0259rh ed\u0259n iqtisad\u00e7\u0131 Az\u0259r Mehtiyev g\u00f6st\u0259ril\u0259n istiqam\u0259tl\u0259rin do\u011fru oldu\u011funu v\u0259 uzun m\u00fcdd\u0259tdir m\u00fct\u0259x\u0259ssisl\u0259rin bunlar\u0131n vacibliyini vur\u011fulad\u0131qlar\u0131n\u0131 qeyd etdi.\n<\/p>\n<p>\n  Ancaq Az\u0259r Mehtiyev hesab edir ki, h\u0259r d\u00f6rd istiqam\u0259td\u0259 ciddi add\u0131mlar\u0131n n\u0259 d\u0259r\u0259c\u0259d\u0259 at\u0131laca\u011f\u0131n\u0131 bilm\u0259k vacibdir: &#8220;X\u00fcsusil\u0259 uzunm\u00fcdd\u0259tli v\u0259 dayanaql\u0131 inki\u015faf ist\u0259yiriks\u0259, qeyri-neft sektorunun, azad sahibkarl\u0131\u011f\u0131n inki\u015faf\u0131n\u0131 g\u00f6zl\u0259yiriks\u0259, ikinci v\u0259 d\u00f6d\u00fcnc\u00fc istiqam\u0259t \u00e7ox m\u00fch\u00fcmd\u00fcr. Y\u0259ni at\u0131lan add\u0131mlar texniki s\u0259ciyy\u0259 da\u015f\u0131mamal\u0131d\u0131r. Son vaxtlar lisenziyalar\u0131n say\u0131, biznesin qeydiyyata al\u0131nma m\u00fcdd\u0259ti azald\u0131l\u0131r, bu c\u00fcr \u015f\u0259rtl\u0259r yerin\u0259 yetirilir v\u0259 bunlar D\u00fcnya Bank\u0131n\u0131n indeksind\u0259 qeyd olunan g\u00f6st\u0259ricil\u0259rdir. Daha iki m\u0259qam bu istiqam\u0259td\u0259 qanunlar\u0131n q\u0259bulu v\u0259 onlara \u0259m\u0259l edilm\u0259sidir. Bizim \u0259n \u00e7ox \u00fczl\u0259\u015fdiyimiz problem q\u0259bul olunan qanunlar\u0131n do\u011fru i\u015fl\u0259m\u0259m\u0259sidir ki, bu da idar\u0259etm\u0259d\u0259n do\u011fur. Qanunlar ham\u0131 \u00fc\u00e7\u00fcn b\u0259rab\u0259r i\u015fl\u0259mir, \u0259sas\u0259n hakim elita qanunlara \u0259m\u0259l etmir, h\u0259tta nazirl\u0259r \u00f6z f\u0259aliyy\u0259tl\u0259rind\u0259 bir \u00e7ox halda qanunlara texniki qayda kimi bax\u0131rlar, qanunun aliliyini g\u00f6zl\u0259mirl\u0259r&#8221;.<\/p>\n<p>  \u0130qtisad\u00e7\u0131 hesab edir ki, \u0259g\u0259r Az\u0259rbaycanda m\u00fclkiyy\u0259t toxunulmazl\u0131\u011f\u0131na t\u0259minat olmayacaqsa, insanlar\u0131n m\u00fclkiyy\u0259ti zor g\u00fcc\u00fcn\u0259 al\u0131nacaqsa, he\u00e7 bir halda biznesin dig\u0259r \u015f\u0259rtl\u0259rinin yax\u015f\u0131la\u015fd\u0131r\u0131lmas\u0131 \u00fcmumi durumu yax\u015f\u0131la\u015fd\u0131rmayacaq: &#8220;Y\u0259ni m\u0259s\u0259l\u0259nin t\u0259m\u0259lind\u0259 m\u00fclkiyy\u0259t toxunulmazl\u0131\u011f\u0131na z\u0259man\u0259t dayan\u0131r. Hans\u0131 ki, uzun ill\u0259rdir Az\u0259rbaycanda buna \u0259m\u0259l olunmur v\u0259 bel\u0259 davam ed\u0259rs\u0259, buznesin inki\u015faf\u0131ndan dan\u0131\u015fmaq m\u00fcmk\u00fcn deyil. M\u0259s\u0259l\u0259n, ist\u0259nil\u0259n d\u00f6vl\u0259t qurumu sahibkar\u0131n obyektind\u0259 ist\u0259nil\u0259n vaxt yoxlama apara bilm\u0259z, bunun proseduru olmal\u0131d\u0131r, birinci n\u00f6vb\u0259d\u0259, m\u0259hk\u0259m\u0259 q\u0259rar\u0131 vacibdir. Dem\u0259li, m\u0259hk\u0259m\u0259 sisteminin m\u00fcst\u0259qill\u0259\u015fm\u0259sin\u0259, icra hakimiyy\u0259tinin s\u0259lahiyy\u0259tind\u0259n k\u0259narla\u015fd\u0131r\u0131lmas\u0131na ehtiyac yaran\u0131r. Bel\u0259likl\u0259, h\u00fcquqi v\u0259 institusional islahatlar\u0131n \u0259sas qay\u0259si d\u0259 burdan ke\u00e7ir. Y\u0259ni m\u00fclkiyy\u0259t toxunulmazl\u0131\u011f\u0131, \u0259dal\u0259tli m\u0259hk\u0259m\u0259 sistemi b\u0259rq\u0259rar olacaq v\u0259 qanun qar\u015f\u0131s\u0131nda ham\u0131n\u0131n b\u0259rab\u0259rliyi t\u0259min olunacaq. Bundan sonra insanlar h\u0259r hans\u0131 m\u00fcnaqi\u015f\u0259 yaranaca\u011f\u0131 t\u0259qdird\u0259 h\u00fcquqlar\u0131n\u0131 m\u00fcdafi\u0259 \u00fc\u00e7\u00fcn m\u0259hk\u0259m\u0259y\u0259 m\u00fcraci\u0259t etm\u0259li olacaqlar. T\u0259bii ki, bu amill\u0259r n\u0259hay\u0259td\u0259 insan haqlar\u0131n\u0131n toxunulmazl\u0131\u011f\u0131na \u00e7\u0131x\u0131r. \u018fg\u0259r islahatlar sadalad\u0131qlar\u0131m\u0131 \u0259hat\u0259 etm\u0259zs\u0259, biznes m\u00fchitinin yax\u015f\u0131la\u015fd\u0131r\u0131lmas\u0131ndan, xarici investorlar\u0131n v\u0259sait y\u00f6n\u0259ltm\u0259sind\u0259n dan\u0131\u015fa bilm\u0259rik&#8221;.<\/p>\n<p>  \u0130qtisad\u00e7\u0131 deyib ki, M\u0259rk\u0259zi Bank v\u0259 Maliyy\u0259 Bazarlar\u0131na N\u0259zar\u0259t Palatas\u0131n\u0131n milli valyuta v\u0259 banklarla ba\u011fl\u0131 atd\u0131\u011f\u0131 add\u0131mlar daha \u00e7ox texniki xarakter da\u015f\u0131y\u0131r: &#8220;Bu add\u0131mlar v\u0259ziyy\u0259tin inzibati \u00fcsulla n\u0259zar\u0259td\u0259 saxlan\u0131lmas\u0131na \u00e7al\u0131\u015f\u0131rlar ki, uzunm\u00fcdd\u0259tliu d\u00f6vr \u00fc\u00e7\u00fcn bunun effektiv olaca\u011f\u0131n\u0131 s\u00f6yl\u0259m\u0259k m\u00fcmk\u00fcn deyil. T\u0259bii ki, b\u00f6hran zaman\u0131 m\u00fc\u0259yy\u0259n inzibati add\u0131mlar atmaq olar, amma bunlar getdikc\u0259 daha \u00e7ox prosesin iqtisadi t\u0259nziml\u0259nm\u0259sin\u0259 do\u011fru ke\u00e7m\u0259li v\u0259 real bazar qanunlar\u0131 \u00fczr\u0259 ger\u00e7\u0259kl\u0259\u015fm\u0259lidir. Bir daha deyir\u0259m, R\u00fcf\u0259t Aslanl\u0131n\u0131n a\u00e7\u0131qlad\u0131\u011f\u0131 4 istiqam\u0259t do\u011frudur, bunlarla raz\u0131la\u015f\u0131r\u0131q, \u0259sas m\u0259s\u0259l\u0259 at\u0131lacaq add\u0131mlar\u0131n n\u0259 d\u0259r\u0259c\u0259d\u0259 sistemli olaca\u011f\u0131d\u0131r. Bunun \u00fc\u00e7\u00fcn h\u00f6kum\u0259tin c\u0259miyy\u0259t\u0259 v\u0259 i\u015f adamlar\u0131na uzunm\u00fcdd\u0259tli yol x\u0259rit\u0259si t\u0259qdim etm\u0259si laz\u0131md\u0131r. \u00c7\u00fcnki bel\u0259 olanda ictimaiyy\u0259t hakimiyy\u0259tin n\u0259y\u0259 haz\u0131rla\u015fd\u0131\u011f\u0131na \u0259min olur v\u0259 h\u00f6kum\u0259tin \u00f6z\u00fcn\u0259 etimad\u0131 da g\u00fcnd\u0259m\u0259 g\u0259lir&#8221;.<\/p>\n","protected":false},"excerpt":{"rendered":"<p>&#8221;\u018fsas m\u0259s\u0259l\u0259 at\u0131lacaq add\u0131mlar\u0131n n\u0259 d\u0259r\u0259c\u0259d\u0259 sistemli olaca\u011f\u0131d\u0131r&#8221;<\/p>\n","protected":false},"author":11,"featured_media":61366,"comment_status":"closed","ping_status":"open","sticky":false,"template":"","format":"standard","meta":{"_acf_changed":false,"_sitemap_exclude":false,"_sitemap_priority":"","_sitemap_frequency":"","footnotes":""},"categories":[51],"tags":[],"class_list":["post-176923","post","type-post","status-publish","format-standard","has-post-thumbnail","hentry","category-analitika","infinite-scroll-item","generate-columns","tablet-grid-50","mobile-grid-100","grid-parent","grid-33","no-featured-image-padding"],"acf":[],"yoast_head":"<!-- This site is optimized with the Yoast SEO plugin v27.5 - https:\/\/yoast.com\/product\/yoast-seo-wordpress\/ -->\n<title>Az\u0259r Mehtiyev: R\u00fcf\u0259t Aslanl\u0131n\u0131n a\u00e7\u0131qlad\u0131\u011f\u0131 4 istiqam\u0259t do\u011frudur - MEYDAN.TV<\/title>\n<meta name=\"robots\" content=\"index, follow, max-snippet:-1, max-image-preview:large, max-video-preview:-1\" \/>\n<link rel=\"canonical\" href=\"https:\/\/www.meydan.tv\/az\/article\/azer-mehtiyev-rufet-aslanlinin-aciqladigi-4-istiqamet-dogrudur\/\" \/>\n<meta property=\"og:locale\" content=\"az_AZ\" \/>\n<meta property=\"og:type\" content=\"article\" \/>\n<meta property=\"og:title\" content=\"Az\u0259r Mehtiyev: R\u00fcf\u0259t Aslanl\u0131n\u0131n a\u00e7\u0131qlad\u0131\u011f\u0131 4 istiqam\u0259t do\u011frudur - MEYDAN.TV\" \/>\n<meta property=\"og:description\" content=\"&#039;&#039;\u018fsas m\u0259s\u0259l\u0259 at\u0131lacaq add\u0131mlar\u0131n n\u0259 d\u0259r\u0259c\u0259d\u0259 sistemli olaca\u011f\u0131d\u0131r&#039;&#039;\" \/>\n<meta property=\"og:url\" content=\"https:\/\/www.meydan.tv\/az\/article\/azer-mehtiyev-rufet-aslanlinin-aciqladigi-4-istiqamet-dogrudur\/\" \/>\n<meta property=\"og:site_name\" content=\"MEYDAN.TV\" \/>\n<meta property=\"article:published_time\" content=\"2016-06-23T14:47:57+00:00\" \/>\n<meta property=\"og:image\" content=\"https:\/\/www.meydan.tv\/wp-content\/uploads\/23348.jpg\" \/>\n\t<meta property=\"og:image:width\" content=\"705\" \/>\n\t<meta property=\"og:image:height\" content=\"375\" \/>\n\t<meta property=\"og:image:type\" content=\"image\/jpeg\" \/>\n<meta name=\"author\" content=\"user-manager\" \/>\n<meta name=\"twitter:card\" content=\"summary_large_image\" \/>\n<script type=\"application\/ld+json\" class=\"yoast-schema-graph\">{\"@context\":\"https:\\\/\\\/schema.org\",\"@graph\":[{\"@type\":\"Article\",\"@id\":\"https:\\\/\\\/www.meydan.tv\\\/az\\\/article\\\/azer-mehtiyev-rufet-aslanlinin-aciqladigi-4-istiqamet-dogrudur\\\/#article\",\"isPartOf\":{\"@id\":\"https:\\\/\\\/www.meydan.tv\\\/az\\\/article\\\/azer-mehtiyev-rufet-aslanlinin-aciqladigi-4-istiqamet-dogrudur\\\/\"},\"author\":{\"name\":\"user-manager\",\"@id\":\"https:\\\/\\\/www.meydan.tv\\\/az\\\/#\\\/schema\\\/person\\\/10d11eccf6da3662cf5fdab9806ea91a\"},\"headline\":\"Az\u0259r Mehtiyev: R\u00fcf\u0259t Aslanl\u0131n\u0131n a\u00e7\u0131qlad\u0131\u011f\u0131 4 istiqam\u0259t do\u011frudur\",\"datePublished\":\"2016-06-23T14:47:57+00:00\",\"mainEntityOfPage\":{\"@id\":\"https:\\\/\\\/www.meydan.tv\\\/az\\\/article\\\/azer-mehtiyev-rufet-aslanlinin-aciqladigi-4-istiqamet-dogrudur\\\/\"},\"wordCount\":1104,\"publisher\":{\"@id\":\"https:\\\/\\\/www.meydan.tv\\\/az\\\/#organization\"},\"image\":{\"@id\":\"https:\\\/\\\/www.meydan.tv\\\/az\\\/article\\\/azer-mehtiyev-rufet-aslanlinin-aciqladigi-4-istiqamet-dogrudur\\\/#primaryimage\"},\"thumbnailUrl\":\"https:\\\/\\\/www.meydan.tv\\\/wp-content\\\/uploads\\\/23348.jpg\",\"articleSection\":[\"Analitika\"],\"inLanguage\":\"az\"},{\"@type\":\"WebPage\",\"@id\":\"https:\\\/\\\/www.meydan.tv\\\/az\\\/article\\\/azer-mehtiyev-rufet-aslanlinin-aciqladigi-4-istiqamet-dogrudur\\\/\",\"url\":\"https:\\\/\\\/www.meydan.tv\\\/az\\\/article\\\/azer-mehtiyev-rufet-aslanlinin-aciqladigi-4-istiqamet-dogrudur\\\/\",\"name\":\"Az\u0259r Mehtiyev: R\u00fcf\u0259t Aslanl\u0131n\u0131n a\u00e7\u0131qlad\u0131\u011f\u0131 4 istiqam\u0259t do\u011frudur - MEYDAN.TV\",\"isPartOf\":{\"@id\":\"https:\\\/\\\/www.meydan.tv\\\/az\\\/#website\"},\"primaryImageOfPage\":{\"@id\":\"https:\\\/\\\/www.meydan.tv\\\/az\\\/article\\\/azer-mehtiyev-rufet-aslanlinin-aciqladigi-4-istiqamet-dogrudur\\\/#primaryimage\"},\"image\":{\"@id\":\"https:\\\/\\\/www.meydan.tv\\\/az\\\/article\\\/azer-mehtiyev-rufet-aslanlinin-aciqladigi-4-istiqamet-dogrudur\\\/#primaryimage\"},\"thumbnailUrl\":\"https:\\\/\\\/www.meydan.tv\\\/wp-content\\\/uploads\\\/23348.jpg\",\"datePublished\":\"2016-06-23T14:47:57+00:00\",\"breadcrumb\":{\"@id\":\"https:\\\/\\\/www.meydan.tv\\\/az\\\/article\\\/azer-mehtiyev-rufet-aslanlinin-aciqladigi-4-istiqamet-dogrudur\\\/#breadcrumb\"},\"inLanguage\":\"az\",\"potentialAction\":[{\"@type\":\"ReadAction\",\"target\":[\"https:\\\/\\\/www.meydan.tv\\\/az\\\/article\\\/azer-mehtiyev-rufet-aslanlinin-aciqladigi-4-istiqamet-dogrudur\\\/\"]}]},{\"@type\":\"ImageObject\",\"inLanguage\":\"az\",\"@id\":\"https:\\\/\\\/www.meydan.tv\\\/az\\\/article\\\/azer-mehtiyev-rufet-aslanlinin-aciqladigi-4-istiqamet-dogrudur\\\/#primaryimage\",\"url\":\"https:\\\/\\\/www.meydan.tv\\\/wp-content\\\/uploads\\\/23348.jpg\",\"contentUrl\":\"https:\\\/\\\/www.meydan.tv\\\/wp-content\\\/uploads\\\/23348.jpg\",\"width\":705,\"height\":375,\"caption\":\"Source:\"},{\"@type\":\"BreadcrumbList\",\"@id\":\"https:\\\/\\\/www.meydan.tv\\\/az\\\/article\\\/azer-mehtiyev-rufet-aslanlinin-aciqladigi-4-istiqamet-dogrudur\\\/#breadcrumb\",\"itemListElement\":[{\"@type\":\"ListItem\",\"position\":1,\"name\":\"Ana s\u0259hif\u0259\",\"item\":\"https:\\\/\\\/www.meydan.tv\\\/az\\\/\"},{\"@type\":\"ListItem\",\"position\":2,\"name\":\"Analitika\",\"item\":\"https:\\\/\\\/www.meydan.tv\\\/az\\\/section\\\/analitika\\\/\"},{\"@type\":\"ListItem\",\"position\":3,\"name\":\"Az\u0259r Mehtiyev: R\u00fcf\u0259t Aslanl\u0131n\u0131n a\u00e7\u0131qlad\u0131\u011f\u0131 4 istiqam\u0259t do\u011frudur\"}]},{\"@type\":\"WebSite\",\"@id\":\"https:\\\/\\\/www.meydan.tv\\\/az\\\/#website\",\"url\":\"https:\\\/\\\/www.meydan.tv\\\/az\\\/\",\"name\":\"MEYDAN.TV\",\"description\":\"Meydan TV Az\u0259rbaycan\u0131n media m\u0259kan\u0131ndak\u0131 alternativ s\u0259sidir\",\"publisher\":{\"@id\":\"https:\\\/\\\/www.meydan.tv\\\/az\\\/#organization\"},\"potentialAction\":[{\"@type\":\"SearchAction\",\"target\":{\"@type\":\"EntryPoint\",\"urlTemplate\":\"https:\\\/\\\/www.meydan.tv\\\/az\\\/?s={search_term_string}\"},\"query-input\":{\"@type\":\"PropertyValueSpecification\",\"valueRequired\":true,\"valueName\":\"search_term_string\"}}],\"inLanguage\":\"az\"},{\"@type\":\"Organization\",\"@id\":\"https:\\\/\\\/www.meydan.tv\\\/az\\\/#organization\",\"name\":\"Meydan TV\",\"url\":\"https:\\\/\\\/www.meydan.tv\\\/az\\\/\",\"logo\":{\"@type\":\"ImageObject\",\"inLanguage\":\"az\",\"@id\":\"https:\\\/\\\/www.meydan.tv\\\/az\\\/#\\\/schema\\\/logo\\\/image\\\/\",\"url\":\"https:\\\/\\\/www.meydan.tv\\\/wp-content\\\/uploads\\\/2021\\\/07\\\/meydan-logo.svg\",\"contentUrl\":\"https:\\\/\\\/www.meydan.tv\\\/wp-content\\\/uploads\\\/2021\\\/07\\\/meydan-logo.svg\",\"width\":195,\"height\":46,\"caption\":\"Meydan TV\"},\"image\":{\"@id\":\"https:\\\/\\\/www.meydan.tv\\\/az\\\/#\\\/schema\\\/logo\\\/image\\\/\"}},{\"@type\":\"Person\",\"@id\":\"https:\\\/\\\/www.meydan.tv\\\/az\\\/#\\\/schema\\\/person\\\/10d11eccf6da3662cf5fdab9806ea91a\",\"name\":\"user-manager\"}]}<\/script>\n<!-- \/ Yoast SEO plugin. -->","yoast_head_json":{"title":"Az\u0259r Mehtiyev: R\u00fcf\u0259t Aslanl\u0131n\u0131n a\u00e7\u0131qlad\u0131\u011f\u0131 4 istiqam\u0259t do\u011frudur - MEYDAN.TV","robots":{"index":"index","follow":"follow","max-snippet":"max-snippet:-1","max-image-preview":"max-image-preview:large","max-video-preview":"max-video-preview:-1"},"canonical":"https:\/\/www.meydan.tv\/az\/article\/azer-mehtiyev-rufet-aslanlinin-aciqladigi-4-istiqamet-dogrudur\/","og_locale":"az_AZ","og_type":"article","og_title":"Az\u0259r Mehtiyev: R\u00fcf\u0259t Aslanl\u0131n\u0131n a\u00e7\u0131qlad\u0131\u011f\u0131 4 istiqam\u0259t do\u011frudur - MEYDAN.TV","og_description":"''\u018fsas m\u0259s\u0259l\u0259 at\u0131lacaq add\u0131mlar\u0131n n\u0259 d\u0259r\u0259c\u0259d\u0259 sistemli olaca\u011f\u0131d\u0131r''","og_url":"https:\/\/www.meydan.tv\/az\/article\/azer-mehtiyev-rufet-aslanlinin-aciqladigi-4-istiqamet-dogrudur\/","og_site_name":"MEYDAN.TV","article_published_time":"2016-06-23T14:47:57+00:00","og_image":[{"width":705,"height":375,"url":"https:\/\/www.meydan.tv\/wp-content\/uploads\/23348.jpg","type":"image\/jpeg"}],"author":"user-manager","twitter_card":"summary_large_image","schema":{"@context":"https:\/\/schema.org","@graph":[{"@type":"Article","@id":"https:\/\/www.meydan.tv\/az\/article\/azer-mehtiyev-rufet-aslanlinin-aciqladigi-4-istiqamet-dogrudur\/#article","isPartOf":{"@id":"https:\/\/www.meydan.tv\/az\/article\/azer-mehtiyev-rufet-aslanlinin-aciqladigi-4-istiqamet-dogrudur\/"},"author":{"name":"user-manager","@id":"https:\/\/www.meydan.tv\/az\/#\/schema\/person\/10d11eccf6da3662cf5fdab9806ea91a"},"headline":"Az\u0259r Mehtiyev: R\u00fcf\u0259t Aslanl\u0131n\u0131n a\u00e7\u0131qlad\u0131\u011f\u0131 4 istiqam\u0259t do\u011frudur","datePublished":"2016-06-23T14:47:57+00:00","mainEntityOfPage":{"@id":"https:\/\/www.meydan.tv\/az\/article\/azer-mehtiyev-rufet-aslanlinin-aciqladigi-4-istiqamet-dogrudur\/"},"wordCount":1104,"publisher":{"@id":"https:\/\/www.meydan.tv\/az\/#organization"},"image":{"@id":"https:\/\/www.meydan.tv\/az\/article\/azer-mehtiyev-rufet-aslanlinin-aciqladigi-4-istiqamet-dogrudur\/#primaryimage"},"thumbnailUrl":"https:\/\/www.meydan.tv\/wp-content\/uploads\/23348.jpg","articleSection":["Analitika"],"inLanguage":"az"},{"@type":"WebPage","@id":"https:\/\/www.meydan.tv\/az\/article\/azer-mehtiyev-rufet-aslanlinin-aciqladigi-4-istiqamet-dogrudur\/","url":"https:\/\/www.meydan.tv\/az\/article\/azer-mehtiyev-rufet-aslanlinin-aciqladigi-4-istiqamet-dogrudur\/","name":"Az\u0259r Mehtiyev: R\u00fcf\u0259t Aslanl\u0131n\u0131n a\u00e7\u0131qlad\u0131\u011f\u0131 4 istiqam\u0259t do\u011frudur - MEYDAN.TV","isPartOf":{"@id":"https:\/\/www.meydan.tv\/az\/#website"},"primaryImageOfPage":{"@id":"https:\/\/www.meydan.tv\/az\/article\/azer-mehtiyev-rufet-aslanlinin-aciqladigi-4-istiqamet-dogrudur\/#primaryimage"},"image":{"@id":"https:\/\/www.meydan.tv\/az\/article\/azer-mehtiyev-rufet-aslanlinin-aciqladigi-4-istiqamet-dogrudur\/#primaryimage"},"thumbnailUrl":"https:\/\/www.meydan.tv\/wp-content\/uploads\/23348.jpg","datePublished":"2016-06-23T14:47:57+00:00","breadcrumb":{"@id":"https:\/\/www.meydan.tv\/az\/article\/azer-mehtiyev-rufet-aslanlinin-aciqladigi-4-istiqamet-dogrudur\/#breadcrumb"},"inLanguage":"az","potentialAction":[{"@type":"ReadAction","target":["https:\/\/www.meydan.tv\/az\/article\/azer-mehtiyev-rufet-aslanlinin-aciqladigi-4-istiqamet-dogrudur\/"]}]},{"@type":"ImageObject","inLanguage":"az","@id":"https:\/\/www.meydan.tv\/az\/article\/azer-mehtiyev-rufet-aslanlinin-aciqladigi-4-istiqamet-dogrudur\/#primaryimage","url":"https:\/\/www.meydan.tv\/wp-content\/uploads\/23348.jpg","contentUrl":"https:\/\/www.meydan.tv\/wp-content\/uploads\/23348.jpg","width":705,"height":375,"caption":"Source:"},{"@type":"BreadcrumbList","@id":"https:\/\/www.meydan.tv\/az\/article\/azer-mehtiyev-rufet-aslanlinin-aciqladigi-4-istiqamet-dogrudur\/#breadcrumb","itemListElement":[{"@type":"ListItem","position":1,"name":"Ana s\u0259hif\u0259","item":"https:\/\/www.meydan.tv\/az\/"},{"@type":"ListItem","position":2,"name":"Analitika","item":"https:\/\/www.meydan.tv\/az\/section\/analitika\/"},{"@type":"ListItem","position":3,"name":"Az\u0259r Mehtiyev: R\u00fcf\u0259t Aslanl\u0131n\u0131n a\u00e7\u0131qlad\u0131\u011f\u0131 4 istiqam\u0259t do\u011frudur"}]},{"@type":"WebSite","@id":"https:\/\/www.meydan.tv\/az\/#website","url":"https:\/\/www.meydan.tv\/az\/","name":"MEYDAN.TV","description":"Meydan TV Az\u0259rbaycan\u0131n media m\u0259kan\u0131ndak\u0131 alternativ s\u0259sidir","publisher":{"@id":"https:\/\/www.meydan.tv\/az\/#organization"},"potentialAction":[{"@type":"SearchAction","target":{"@type":"EntryPoint","urlTemplate":"https:\/\/www.meydan.tv\/az\/?s={search_term_string}"},"query-input":{"@type":"PropertyValueSpecification","valueRequired":true,"valueName":"search_term_string"}}],"inLanguage":"az"},{"@type":"Organization","@id":"https:\/\/www.meydan.tv\/az\/#organization","name":"Meydan TV","url":"https:\/\/www.meydan.tv\/az\/","logo":{"@type":"ImageObject","inLanguage":"az","@id":"https:\/\/www.meydan.tv\/az\/#\/schema\/logo\/image\/","url":"https:\/\/www.meydan.tv\/wp-content\/uploads\/2021\/07\/meydan-logo.svg","contentUrl":"https:\/\/www.meydan.tv\/wp-content\/uploads\/2021\/07\/meydan-logo.svg","width":195,"height":46,"caption":"Meydan TV"},"image":{"@id":"https:\/\/www.meydan.tv\/az\/#\/schema\/logo\/image\/"}},{"@type":"Person","@id":"https:\/\/www.meydan.tv\/az\/#\/schema\/person\/10d11eccf6da3662cf5fdab9806ea91a","name":"user-manager"}]}},"_links":{"self":[{"href":"https:\/\/www.meydan.tv\/az\/wp-json\/wp\/v2\/posts\/176923","targetHints":{"allow":["GET"]}}],"collection":[{"href":"https:\/\/www.meydan.tv\/az\/wp-json\/wp\/v2\/posts"}],"about":[{"href":"https:\/\/www.meydan.tv\/az\/wp-json\/wp\/v2\/types\/post"}],"author":[{"embeddable":true,"href":"https:\/\/www.meydan.tv\/az\/wp-json\/wp\/v2\/users\/11"}],"replies":[{"embeddable":true,"href":"https:\/\/www.meydan.tv\/az\/wp-json\/wp\/v2\/comments?post=176923"}],"version-history":[{"count":0,"href":"https:\/\/www.meydan.tv\/az\/wp-json\/wp\/v2\/posts\/176923\/revisions"}],"wp:featuredmedia":[{"embeddable":true,"href":"https:\/\/www.meydan.tv\/az\/wp-json\/wp\/v2\/media\/61366"}],"wp:attachment":[{"href":"https:\/\/www.meydan.tv\/az\/wp-json\/wp\/v2\/media?parent=176923"}],"wp:term":[{"taxonomy":"category","embeddable":true,"href":"https:\/\/www.meydan.tv\/az\/wp-json\/wp\/v2\/categories?post=176923"},{"taxonomy":"post_tag","embeddable":true,"href":"https:\/\/www.meydan.tv\/az\/wp-json\/wp\/v2\/tags?post=176923"}],"curies":[{"name":"wp","href":"https:\/\/api.w.org\/{rel}","templated":true}]}}