{"id":176913,"date":"2016-06-23T01:08:12","date_gmt":"2016-06-23T01:08:12","guid":{"rendered":"https:\/\/www.meydan.tv\/article\/stratfor-rusiya-qarabagda-veziyyeti-idareolunan-bohrana-cevirmeye-calisir\/"},"modified":"2016-06-23T01:08:12","modified_gmt":"2016-06-23T01:08:12","slug":"stratfor-rusiya-qarabagda-veziyyeti-idareolunan-bohrana-cevirmeye-calisir","status":"publish","type":"post","link":"https:\/\/www.meydan.tv\/az\/article\/stratfor-rusiya-qarabagda-veziyyeti-idareolunan-bohrana-cevirmeye-calisir\/","title":{"rendered":"&#8221;Stratfor&#8221;: Rusiya Qaraba\u011fda v\u0259ziyy\u0259ti idar\u0259olunan b\u00f6hrana \u00e7evirm\u0259y\u0259 \u00e7al\u0131\u015f\u0131r"},"content":{"rendered":"<figure class=\"wp-block-image size-large\">\n  <img decoding=\"async\" src=\"https:\/\/www.meydan.tv\/az\/61169\/\" alt=\"\" class=\"wp-image-61169\"\/><figcaption><\/figcaption><\/figure>\n<p>\n  <i><br \/>\n    &#8221;G\u00f6r\u00fcn\u00fcr, Moskva ist\u0259yir arbitr rolunda \u00e7\u0131x\u0131\u015f etsin&#8221;<br \/>\n  <\/i>\n<\/p>\n<p>\n  &#8220;Da\u011fl\u0131q Qaraba\u011f m\u00fcnaqi\u015f\u0259si il\u0259 ba\u011fl\u0131 Erm\u0259nistan v\u0259 Az\u0259rbaycan liderl\u0259ri aras\u0131nda son dan\u0131\u015f\u0131qlar az da olsa \u00fcmid yarad\u0131r&#8221;. Bu bar\u0259d\u0259 \u201cStratfor\u201d Ara\u015fd\u0131rmalar M\u0259rk\u0259zi \u00fc\u00e7 prezidentin Da\u011fl\u0131q Qaraba\u011fla ba\u011fl\u0131 Sankt-Peterburq g\u00f6r\u00fc\u015f\u00fcn\u00fcn yekunlar\u0131na dair analitik m\u0259qal\u0259sind\u0259 bildirir.\n<\/p>\n<p>\n  Daha sonra qeyd edilir: &#8220;G\u00f6r\u00fc\u015f\u00fcn yekunlar\u0131na dair birg\u0259 b\u0259yanatda m\u00fcnaqi\u015f\u0259 zonas\u0131na daha \u00e7ox beyn\u0259lxalq m\u00fc\u015fahid\u0259\u00e7inin c\u0259lbin\u0259 \u00e7a\u011f\u0131r\u0131l\u0131r v\u0259 dan\u0131\u015f\u0131qlar\u0131n b\u00fct\u00fcn t\u0259r\u0259fl\u0259rinin m\u00f6vcud at\u0259\u015fk\u0259s sazi\u015find\u0259n raz\u0131 olduqlar\u0131 vur\u011fulan\u0131r. Ancaq s\u00fclh\u0259 y\u00f6n\u0259l\u0259n bu diplomatik gedi\u015fl\u0259r\u0259 baxmayaraq, m\u00fcnaqi\u015f\u0259nin k\u00f6k\u00fcnd\u0259 duran m\u0259s\u0259l\u0259l\u0259r h\u0259ll edilm\u0259mi\u015f qal\u0131r.\n<\/p>\n<p>\n  Aprel d\u00f6y\u00fc\u015fl\u0259rind\u0259n sonra Bak\u0131 nisb\u0259t\u0259n ki\u00e7ik \u0259razini tutsa da, bu toqqu\u015fmalar dondurulmu\u015f m\u00fcnaqi\u015f\u0259ni alovland\u0131rd\u0131, diplomatik vasit\u0259\u00e7ilik prosesini d\u0259 g\u00fccl\u0259ndirdi&#8221;.\n<\/p>\n<p>\n  \u201cRusiyan\u0131n m\u00fcnaqi\u015f\u0259 il\u0259 ba\u011fl\u0131 m\u00f6vqeyi daha bir \u00e7\u0259tinlik yarad\u0131r. Erm\u0259nistan\u0131n strateji m\u00fctt\u0259fiqi olan Rusiya son aylar Az\u0259rbaycanla s\u0131x \u0259laq\u0259l\u0259r qurub v\u0259 aprel d\u00f6y\u00fc\u015fl\u0259ri zaman\u0131 Erm\u0259nistan t\u0259r\u0259fd\u0259n m\u00fcdaxil\u0259 etm\u0259yib.\n<\/p>\n<p>\n  Moskva he\u00e7 bir t\u0259r\u0259fi tutmay\u0131b v\u0259 \u00f6z\u00fcn\u00fc dan\u0131\u015f\u0131qlara h\u0259sr edib. G\u00f6r\u00fcn\u00fcr, Rusiya Da\u011fl\u0131q Qaraba\u011fda v\u0259ziyy\u0259ti idar\u0259olunan b\u00f6hrana \u00e7evirm\u0259k ist\u0259yir. El\u0259 bir b\u00f6hrana ki, da\u015f\u0131b t\u00f6k\u00fclm\u0259d\u0259n qaynamada olsun, Moskva is\u0259 arbitr rolunda \u00e7\u0131x\u0131\u015f etsin. Bu strategiya ikili funksiya da\u015f\u0131y\u0131r. Bir t\u0259r\u0259fd\u0259n T\u00fcrkiy\u0259 v\u0259 Q\u0259rb kimi xarici q\u00fcvv\u0259l\u0259rin t\u0259sirini azald\u0131r, dig\u0259r t\u0259r\u0259fd\u0259n, Moskvan\u0131n Erm\u0259nistan v\u0259 Az\u0259rbaycan \u00fc\u00e7\u00fcn \u0259h\u0259miyy\u0259tini t\u0259sdiql\u0259yir\u201d, &#8211; yaz\u0131da deyilir.\n<\/p>\n<p>\n  &#8220;H\u0259l\u0259lik bu vasit\u0259\u00e7ilik c\u0259hdl\u0259ri s\u0259m\u0259r\u0259li olub. At\u0259\u015fk\u0259sin pozulmas\u0131 hallar\u0131 azal\u0131b, d\u00f6y\u00fc\u015fl\u0259r s\u0259ngiyib. Ancaq bu nisbi sakitliyin saxlanmas\u0131na z\u0259man\u0259t yoxdur.\n<\/p>\n<p>\n  Dan\u0131\u015f\u0131qlar bir az vaxt qazand\u0131rd\u0131, n\u0259f\u0259s alma\u011fa imkan verir. Amma onlar\u0131n n\u0259tic\u0259siz qald\u0131\u011f\u0131n\u0131 g\u00f6r\u0259n Az\u0259rbaycan\u0131n s\u0259bri t\u00fck\u0259n\u0259 bil\u0259r. S\u00fclh dan\u0131\u015f\u0131qlar\u0131 m\u00fcbahis\u0259li \u0259razil\u0259r \u0259traf\u0131nda strateji ziddiyy\u0259ti aradan qald\u0131rmay\u0131nca regionda zorak\u0131l\u0131\u011f\u0131n eskalasiyas\u0131 potensial\u0131 qalacaq\u201d, &#8211; \u201cStratfor\u201d yaz\u0131r.\n<\/p>\n<p>\n  <b><br \/>\n    <i><br \/>\n      Turan IA<br \/>\n    <\/i><br \/>\n  <\/b><\/p>\n","protected":false},"excerpt":{"rendered":"<p>&#8221;G\u00f6r\u00fcn\u00fcr, Moskva ist\u0259yir arbitr rolunda \u00e7\u0131x\u0131\u015f etsin&#8221;<\/p>\n","protected":false},"author":11,"featured_media":61169,"comment_status":"closed","ping_status":"open","sticky":false,"template":"","format":"standard","meta":{"_acf_changed":false,"_sitemap_exclude":false,"_sitemap_priority":"","_sitemap_frequency":"","footnotes":""},"categories":[51],"tags":[],"class_list":["post-176913","post","type-post","status-publish","format-standard","has-post-thumbnail","hentry","category-analitika","infinite-scroll-item","generate-columns","tablet-grid-50","mobile-grid-100","grid-parent","grid-33","no-featured-image-padding"],"acf":[],"yoast_head":"<!-- This site is optimized with the Yoast SEO plugin v27.5 - https:\/\/yoast.com\/product\/yoast-seo-wordpress\/ -->\n<title>&#039;&#039;Stratfor&#039;&#039;: Rusiya Qaraba\u011fda v\u0259ziyy\u0259ti idar\u0259olunan b\u00f6hrana \u00e7evirm\u0259y\u0259 \u00e7al\u0131\u015f\u0131r - MEYDAN.TV<\/title>\n<meta name=\"robots\" content=\"index, follow, max-snippet:-1, max-image-preview:large, max-video-preview:-1\" \/>\n<link rel=\"canonical\" href=\"https:\/\/www.meydan.tv\/az\/article\/stratfor-rusiya-qarabagda-veziyyeti-idareolunan-bohrana-cevirmeye-calisir\/\" \/>\n<meta property=\"og:locale\" content=\"az_AZ\" \/>\n<meta property=\"og:type\" content=\"article\" \/>\n<meta property=\"og:title\" content=\"&#039;&#039;Stratfor&#039;&#039;: Rusiya Qaraba\u011fda v\u0259ziyy\u0259ti idar\u0259olunan b\u00f6hrana \u00e7evirm\u0259y\u0259 \u00e7al\u0131\u015f\u0131r - MEYDAN.TV\" \/>\n<meta property=\"og:description\" content=\"&#039;&#039;G\u00f6r\u00fcn\u00fcr, Moskva ist\u0259yir arbitr rolunda \u00e7\u0131x\u0131\u015f etsin&#039;&#039;\" \/>\n<meta property=\"og:url\" content=\"https:\/\/www.meydan.tv\/az\/article\/stratfor-rusiya-qarabagda-veziyyeti-idareolunan-bohrana-cevirmeye-calisir\/\" \/>\n<meta property=\"og:site_name\" content=\"MEYDAN.TV\" \/>\n<meta property=\"article:published_time\" content=\"2016-06-23T01:08:12+00:00\" \/>\n<meta property=\"og:image\" content=\"https:\/\/www.meydan.tv\/wp-content\/uploads\/23343.jpg\" \/>\n\t<meta property=\"og:image:width\" content=\"768\" \/>\n\t<meta property=\"og:image:height\" content=\"432\" \/>\n\t<meta property=\"og:image:type\" content=\"image\/jpeg\" \/>\n<meta name=\"author\" content=\"user-manager\" \/>\n<meta name=\"twitter:card\" content=\"summary_large_image\" \/>\n<script type=\"application\/ld+json\" class=\"yoast-schema-graph\">{\"@context\":\"https:\\\/\\\/schema.org\",\"@graph\":[{\"@type\":\"Article\",\"@id\":\"https:\\\/\\\/www.meydan.tv\\\/az\\\/article\\\/stratfor-rusiya-qarabagda-veziyyeti-idareolunan-bohrana-cevirmeye-calisir\\\/#article\",\"isPartOf\":{\"@id\":\"https:\\\/\\\/www.meydan.tv\\\/az\\\/article\\\/stratfor-rusiya-qarabagda-veziyyeti-idareolunan-bohrana-cevirmeye-calisir\\\/\"},\"author\":{\"name\":\"user-manager\",\"@id\":\"https:\\\/\\\/www.meydan.tv\\\/az\\\/#\\\/schema\\\/person\\\/10d11eccf6da3662cf5fdab9806ea91a\"},\"headline\":\"&#8221;Stratfor&#8221;: Rusiya Qaraba\u011fda v\u0259ziyy\u0259ti idar\u0259olunan b\u00f6hrana \u00e7evirm\u0259y\u0259 \u00e7al\u0131\u015f\u0131r\",\"datePublished\":\"2016-06-23T01:08:12+00:00\",\"mainEntityOfPage\":{\"@id\":\"https:\\\/\\\/www.meydan.tv\\\/az\\\/article\\\/stratfor-rusiya-qarabagda-veziyyeti-idareolunan-bohrana-cevirmeye-calisir\\\/\"},\"wordCount\":464,\"publisher\":{\"@id\":\"https:\\\/\\\/www.meydan.tv\\\/az\\\/#organization\"},\"image\":{\"@id\":\"https:\\\/\\\/www.meydan.tv\\\/az\\\/article\\\/stratfor-rusiya-qarabagda-veziyyeti-idareolunan-bohrana-cevirmeye-calisir\\\/#primaryimage\"},\"thumbnailUrl\":\"https:\\\/\\\/www.meydan.tv\\\/wp-content\\\/uploads\\\/23343.jpg\",\"articleSection\":[\"Analitika\"],\"inLanguage\":\"az\"},{\"@type\":\"WebPage\",\"@id\":\"https:\\\/\\\/www.meydan.tv\\\/az\\\/article\\\/stratfor-rusiya-qarabagda-veziyyeti-idareolunan-bohrana-cevirmeye-calisir\\\/\",\"url\":\"https:\\\/\\\/www.meydan.tv\\\/az\\\/article\\\/stratfor-rusiya-qarabagda-veziyyeti-idareolunan-bohrana-cevirmeye-calisir\\\/\",\"name\":\"''Stratfor'': Rusiya Qaraba\u011fda v\u0259ziyy\u0259ti idar\u0259olunan b\u00f6hrana \u00e7evirm\u0259y\u0259 \u00e7al\u0131\u015f\u0131r - MEYDAN.TV\",\"isPartOf\":{\"@id\":\"https:\\\/\\\/www.meydan.tv\\\/az\\\/#website\"},\"primaryImageOfPage\":{\"@id\":\"https:\\\/\\\/www.meydan.tv\\\/az\\\/article\\\/stratfor-rusiya-qarabagda-veziyyeti-idareolunan-bohrana-cevirmeye-calisir\\\/#primaryimage\"},\"image\":{\"@id\":\"https:\\\/\\\/www.meydan.tv\\\/az\\\/article\\\/stratfor-rusiya-qarabagda-veziyyeti-idareolunan-bohrana-cevirmeye-calisir\\\/#primaryimage\"},\"thumbnailUrl\":\"https:\\\/\\\/www.meydan.tv\\\/wp-content\\\/uploads\\\/23343.jpg\",\"datePublished\":\"2016-06-23T01:08:12+00:00\",\"breadcrumb\":{\"@id\":\"https:\\\/\\\/www.meydan.tv\\\/az\\\/article\\\/stratfor-rusiya-qarabagda-veziyyeti-idareolunan-bohrana-cevirmeye-calisir\\\/#breadcrumb\"},\"inLanguage\":\"az\",\"potentialAction\":[{\"@type\":\"ReadAction\",\"target\":[\"https:\\\/\\\/www.meydan.tv\\\/az\\\/article\\\/stratfor-rusiya-qarabagda-veziyyeti-idareolunan-bohrana-cevirmeye-calisir\\\/\"]}]},{\"@type\":\"ImageObject\",\"inLanguage\":\"az\",\"@id\":\"https:\\\/\\\/www.meydan.tv\\\/az\\\/article\\\/stratfor-rusiya-qarabagda-veziyyeti-idareolunan-bohrana-cevirmeye-calisir\\\/#primaryimage\",\"url\":\"https:\\\/\\\/www.meydan.tv\\\/wp-content\\\/uploads\\\/23343.jpg\",\"contentUrl\":\"https:\\\/\\\/www.meydan.tv\\\/wp-content\\\/uploads\\\/23343.jpg\",\"width\":768,\"height\":432,\"caption\":\"Source:\"},{\"@type\":\"BreadcrumbList\",\"@id\":\"https:\\\/\\\/www.meydan.tv\\\/az\\\/article\\\/stratfor-rusiya-qarabagda-veziyyeti-idareolunan-bohrana-cevirmeye-calisir\\\/#breadcrumb\",\"itemListElement\":[{\"@type\":\"ListItem\",\"position\":1,\"name\":\"Ana s\u0259hif\u0259\",\"item\":\"https:\\\/\\\/www.meydan.tv\\\/az\\\/\"},{\"@type\":\"ListItem\",\"position\":2,\"name\":\"Analitika\",\"item\":\"https:\\\/\\\/www.meydan.tv\\\/az\\\/section\\\/analitika\\\/\"},{\"@type\":\"ListItem\",\"position\":3,\"name\":\"&#8221;Stratfor&#8221;: Rusiya Qaraba\u011fda v\u0259ziyy\u0259ti idar\u0259olunan b\u00f6hrana \u00e7evirm\u0259y\u0259 \u00e7al\u0131\u015f\u0131r\"}]},{\"@type\":\"WebSite\",\"@id\":\"https:\\\/\\\/www.meydan.tv\\\/az\\\/#website\",\"url\":\"https:\\\/\\\/www.meydan.tv\\\/az\\\/\",\"name\":\"MEYDAN.TV\",\"description\":\"Meydan TV Az\u0259rbaycan\u0131n media m\u0259kan\u0131ndak\u0131 alternativ s\u0259sidir\",\"publisher\":{\"@id\":\"https:\\\/\\\/www.meydan.tv\\\/az\\\/#organization\"},\"potentialAction\":[{\"@type\":\"SearchAction\",\"target\":{\"@type\":\"EntryPoint\",\"urlTemplate\":\"https:\\\/\\\/www.meydan.tv\\\/az\\\/?s={search_term_string}\"},\"query-input\":{\"@type\":\"PropertyValueSpecification\",\"valueRequired\":true,\"valueName\":\"search_term_string\"}}],\"inLanguage\":\"az\"},{\"@type\":\"Organization\",\"@id\":\"https:\\\/\\\/www.meydan.tv\\\/az\\\/#organization\",\"name\":\"Meydan TV\",\"url\":\"https:\\\/\\\/www.meydan.tv\\\/az\\\/\",\"logo\":{\"@type\":\"ImageObject\",\"inLanguage\":\"az\",\"@id\":\"https:\\\/\\\/www.meydan.tv\\\/az\\\/#\\\/schema\\\/logo\\\/image\\\/\",\"url\":\"https:\\\/\\\/www.meydan.tv\\\/wp-content\\\/uploads\\\/2021\\\/07\\\/meydan-logo.svg\",\"contentUrl\":\"https:\\\/\\\/www.meydan.tv\\\/wp-content\\\/uploads\\\/2021\\\/07\\\/meydan-logo.svg\",\"width\":195,\"height\":46,\"caption\":\"Meydan TV\"},\"image\":{\"@id\":\"https:\\\/\\\/www.meydan.tv\\\/az\\\/#\\\/schema\\\/logo\\\/image\\\/\"}},{\"@type\":\"Person\",\"@id\":\"https:\\\/\\\/www.meydan.tv\\\/az\\\/#\\\/schema\\\/person\\\/10d11eccf6da3662cf5fdab9806ea91a\",\"name\":\"user-manager\"}]}<\/script>\n<!-- \/ Yoast SEO plugin. -->","yoast_head_json":{"title":"''Stratfor'': Rusiya Qaraba\u011fda v\u0259ziyy\u0259ti idar\u0259olunan b\u00f6hrana \u00e7evirm\u0259y\u0259 \u00e7al\u0131\u015f\u0131r - MEYDAN.TV","robots":{"index":"index","follow":"follow","max-snippet":"max-snippet:-1","max-image-preview":"max-image-preview:large","max-video-preview":"max-video-preview:-1"},"canonical":"https:\/\/www.meydan.tv\/az\/article\/stratfor-rusiya-qarabagda-veziyyeti-idareolunan-bohrana-cevirmeye-calisir\/","og_locale":"az_AZ","og_type":"article","og_title":"''Stratfor'': Rusiya Qaraba\u011fda v\u0259ziyy\u0259ti idar\u0259olunan b\u00f6hrana \u00e7evirm\u0259y\u0259 \u00e7al\u0131\u015f\u0131r - MEYDAN.TV","og_description":"''G\u00f6r\u00fcn\u00fcr, Moskva ist\u0259yir arbitr rolunda \u00e7\u0131x\u0131\u015f etsin''","og_url":"https:\/\/www.meydan.tv\/az\/article\/stratfor-rusiya-qarabagda-veziyyeti-idareolunan-bohrana-cevirmeye-calisir\/","og_site_name":"MEYDAN.TV","article_published_time":"2016-06-23T01:08:12+00:00","og_image":[{"width":768,"height":432,"url":"https:\/\/www.meydan.tv\/wp-content\/uploads\/23343.jpg","type":"image\/jpeg"}],"author":"user-manager","twitter_card":"summary_large_image","schema":{"@context":"https:\/\/schema.org","@graph":[{"@type":"Article","@id":"https:\/\/www.meydan.tv\/az\/article\/stratfor-rusiya-qarabagda-veziyyeti-idareolunan-bohrana-cevirmeye-calisir\/#article","isPartOf":{"@id":"https:\/\/www.meydan.tv\/az\/article\/stratfor-rusiya-qarabagda-veziyyeti-idareolunan-bohrana-cevirmeye-calisir\/"},"author":{"name":"user-manager","@id":"https:\/\/www.meydan.tv\/az\/#\/schema\/person\/10d11eccf6da3662cf5fdab9806ea91a"},"headline":"&#8221;Stratfor&#8221;: Rusiya Qaraba\u011fda v\u0259ziyy\u0259ti idar\u0259olunan b\u00f6hrana \u00e7evirm\u0259y\u0259 \u00e7al\u0131\u015f\u0131r","datePublished":"2016-06-23T01:08:12+00:00","mainEntityOfPage":{"@id":"https:\/\/www.meydan.tv\/az\/article\/stratfor-rusiya-qarabagda-veziyyeti-idareolunan-bohrana-cevirmeye-calisir\/"},"wordCount":464,"publisher":{"@id":"https:\/\/www.meydan.tv\/az\/#organization"},"image":{"@id":"https:\/\/www.meydan.tv\/az\/article\/stratfor-rusiya-qarabagda-veziyyeti-idareolunan-bohrana-cevirmeye-calisir\/#primaryimage"},"thumbnailUrl":"https:\/\/www.meydan.tv\/wp-content\/uploads\/23343.jpg","articleSection":["Analitika"],"inLanguage":"az"},{"@type":"WebPage","@id":"https:\/\/www.meydan.tv\/az\/article\/stratfor-rusiya-qarabagda-veziyyeti-idareolunan-bohrana-cevirmeye-calisir\/","url":"https:\/\/www.meydan.tv\/az\/article\/stratfor-rusiya-qarabagda-veziyyeti-idareolunan-bohrana-cevirmeye-calisir\/","name":"''Stratfor'': Rusiya Qaraba\u011fda v\u0259ziyy\u0259ti idar\u0259olunan b\u00f6hrana \u00e7evirm\u0259y\u0259 \u00e7al\u0131\u015f\u0131r - MEYDAN.TV","isPartOf":{"@id":"https:\/\/www.meydan.tv\/az\/#website"},"primaryImageOfPage":{"@id":"https:\/\/www.meydan.tv\/az\/article\/stratfor-rusiya-qarabagda-veziyyeti-idareolunan-bohrana-cevirmeye-calisir\/#primaryimage"},"image":{"@id":"https:\/\/www.meydan.tv\/az\/article\/stratfor-rusiya-qarabagda-veziyyeti-idareolunan-bohrana-cevirmeye-calisir\/#primaryimage"},"thumbnailUrl":"https:\/\/www.meydan.tv\/wp-content\/uploads\/23343.jpg","datePublished":"2016-06-23T01:08:12+00:00","breadcrumb":{"@id":"https:\/\/www.meydan.tv\/az\/article\/stratfor-rusiya-qarabagda-veziyyeti-idareolunan-bohrana-cevirmeye-calisir\/#breadcrumb"},"inLanguage":"az","potentialAction":[{"@type":"ReadAction","target":["https:\/\/www.meydan.tv\/az\/article\/stratfor-rusiya-qarabagda-veziyyeti-idareolunan-bohrana-cevirmeye-calisir\/"]}]},{"@type":"ImageObject","inLanguage":"az","@id":"https:\/\/www.meydan.tv\/az\/article\/stratfor-rusiya-qarabagda-veziyyeti-idareolunan-bohrana-cevirmeye-calisir\/#primaryimage","url":"https:\/\/www.meydan.tv\/wp-content\/uploads\/23343.jpg","contentUrl":"https:\/\/www.meydan.tv\/wp-content\/uploads\/23343.jpg","width":768,"height":432,"caption":"Source:"},{"@type":"BreadcrumbList","@id":"https:\/\/www.meydan.tv\/az\/article\/stratfor-rusiya-qarabagda-veziyyeti-idareolunan-bohrana-cevirmeye-calisir\/#breadcrumb","itemListElement":[{"@type":"ListItem","position":1,"name":"Ana s\u0259hif\u0259","item":"https:\/\/www.meydan.tv\/az\/"},{"@type":"ListItem","position":2,"name":"Analitika","item":"https:\/\/www.meydan.tv\/az\/section\/analitika\/"},{"@type":"ListItem","position":3,"name":"&#8221;Stratfor&#8221;: Rusiya Qaraba\u011fda v\u0259ziyy\u0259ti idar\u0259olunan b\u00f6hrana \u00e7evirm\u0259y\u0259 \u00e7al\u0131\u015f\u0131r"}]},{"@type":"WebSite","@id":"https:\/\/www.meydan.tv\/az\/#website","url":"https:\/\/www.meydan.tv\/az\/","name":"MEYDAN.TV","description":"Meydan TV Az\u0259rbaycan\u0131n media m\u0259kan\u0131ndak\u0131 alternativ s\u0259sidir","publisher":{"@id":"https:\/\/www.meydan.tv\/az\/#organization"},"potentialAction":[{"@type":"SearchAction","target":{"@type":"EntryPoint","urlTemplate":"https:\/\/www.meydan.tv\/az\/?s={search_term_string}"},"query-input":{"@type":"PropertyValueSpecification","valueRequired":true,"valueName":"search_term_string"}}],"inLanguage":"az"},{"@type":"Organization","@id":"https:\/\/www.meydan.tv\/az\/#organization","name":"Meydan TV","url":"https:\/\/www.meydan.tv\/az\/","logo":{"@type":"ImageObject","inLanguage":"az","@id":"https:\/\/www.meydan.tv\/az\/#\/schema\/logo\/image\/","url":"https:\/\/www.meydan.tv\/wp-content\/uploads\/2021\/07\/meydan-logo.svg","contentUrl":"https:\/\/www.meydan.tv\/wp-content\/uploads\/2021\/07\/meydan-logo.svg","width":195,"height":46,"caption":"Meydan TV"},"image":{"@id":"https:\/\/www.meydan.tv\/az\/#\/schema\/logo\/image\/"}},{"@type":"Person","@id":"https:\/\/www.meydan.tv\/az\/#\/schema\/person\/10d11eccf6da3662cf5fdab9806ea91a","name":"user-manager"}]}},"_links":{"self":[{"href":"https:\/\/www.meydan.tv\/az\/wp-json\/wp\/v2\/posts\/176913","targetHints":{"allow":["GET"]}}],"collection":[{"href":"https:\/\/www.meydan.tv\/az\/wp-json\/wp\/v2\/posts"}],"about":[{"href":"https:\/\/www.meydan.tv\/az\/wp-json\/wp\/v2\/types\/post"}],"author":[{"embeddable":true,"href":"https:\/\/www.meydan.tv\/az\/wp-json\/wp\/v2\/users\/11"}],"replies":[{"embeddable":true,"href":"https:\/\/www.meydan.tv\/az\/wp-json\/wp\/v2\/comments?post=176913"}],"version-history":[{"count":0,"href":"https:\/\/www.meydan.tv\/az\/wp-json\/wp\/v2\/posts\/176913\/revisions"}],"wp:featuredmedia":[{"embeddable":true,"href":"https:\/\/www.meydan.tv\/az\/wp-json\/wp\/v2\/media\/61169"}],"wp:attachment":[{"href":"https:\/\/www.meydan.tv\/az\/wp-json\/wp\/v2\/media?parent=176913"}],"wp:term":[{"taxonomy":"category","embeddable":true,"href":"https:\/\/www.meydan.tv\/az\/wp-json\/wp\/v2\/categories?post=176913"},{"taxonomy":"post_tag","embeddable":true,"href":"https:\/\/www.meydan.tv\/az\/wp-json\/wp\/v2\/tags?post=176913"}],"curies":[{"name":"wp","href":"https:\/\/api.w.org\/{rel}","templated":true}]}}