{"id":176901,"date":"2016-06-22T17:36:49","date_gmt":"2016-06-22T17:36:49","guid":{"rendered":"https:\/\/www.meydan.tv\/article\/enrikenin-qucagina-atlayan-qiz\/"},"modified":"2016-06-22T17:36:49","modified_gmt":"2016-06-22T17:36:49","slug":"enrikenin-qucagina-atlayan-qiz","status":"publish","type":"post","link":"https:\/\/www.meydan.tv\/az\/article\/enrikenin-qucagina-atlayan-qiz\/","title":{"rendered":"Enrikenin quca\u011f\u0131na atlayan q\u0131z"},"content":{"rendered":"<figure class=\"wp-block-image size-large\">\n  <img decoding=\"async\" src=\"https:\/\/www.meydan.tv\/az\/kemale-musazade\/\" alt=\"K\u0259mal\u0259 Musazad\u0259\" class=\"wp-image-61187\"\/><figcaption>\n    K\u0259mal\u0259 Musazad\u0259<br \/>\n  <\/figcaption><\/figure>\n<p>\n  Formula 1-in he\u00e7 \u015f\u00fcbh\u0259siz \u0259n \u00e7ox m\u00fczakir\u0259 edil\u0259n m\u00f6vzusu Enrike \u0130qlesias\u0131n quca\u011f\u0131na atlayan q\u0131z oldu. B\u0259zi insanlar \u00fc\u00e7\u00fcn bundan g\u00f6z\u0259l m\u00fczakir\u0259 m\u00f6vzusu tap\u0131lmazd\u0131. G\u00fcnl\u0259rl\u0259 sosial \u015f\u0259b\u0259k\u0259l\u0259rd\u0259 m\u00fczakir\u0259l\u0259r\u0259 s\u0259b\u0259b olan q\u0131z\u0131n \u0259cn\u0259bi oldu\u011fu anla\u015f\u0131ld\u0131qdan sonra q\u0131z\u011f\u0131n m\u00fcbahis\u0259l\u0259r bitdi. Az\u0259rbaycan\u0131n \u201cnamusu t\u0259mizl\u0259ndi\u201d, q\u0131z-qad\u0131nlar\u0131n \u00fcst\u00fcnd\u0259 dola\u015fan qara buludlar \u00e7\u0259kildi, q\u0131naq ya\u011f\u0131\u015f\u0131 biraz da olsun, s\u0259ngidi.\n<\/p>\n<p>\n  Tutaq ki, bu q\u0131z az\u0259rbaycanl\u0131 olsa, n\u0259 olard\u0131?\n<\/p>\n<p>\n  Y\u0259qin ki, onun g\u0259l\u0259c\u0259k h\u0259yat\u0131 he\u00e7 d\u0259 yax\u015f\u0131 olmayacaqd\u0131. O q\u0131z qohumun, qon\u015funun barmaqla g\u00f6st\u0259rdiyi \u0259n aciz insan fiquruna \u00e7evril\u0259c\u0259kdi. Az\u0259rbaycan qad\u0131n\u0131n\u0131n \u00f6z sevdiyi m\u00fc\u011f\u0259nniy\u0259 sar\u0131lmas\u0131 ba\u011f\u0131\u015flanmaz bir \u015feydir. Devalvasiyadan sonra insanlar\u0131n i\u015fsiz qalmas\u0131, Formula 1 yar\u0131\u015f\u0131na x\u0259rcl\u0259n\u0259n milyonlar, havaya sovrulan pullar ba\u011f\u0131\u015flana bil\u0259rdi, ancaq bunu ba\u011f\u0131\u015flamaq olmazd\u0131.\n<\/p>\n<p>\n  Bu g\u00fcnah\u0131 Az\u0259rbaycan ki\u015fisinin bir qad\u0131na ba\u011f\u0131\u015flamas\u0131 el\u0259 \u00f6z\u00fc b\u00f6y\u00fck g\u00fcnah say\u0131lard\u0131. Bu q\u0131z\u0131 q\u0131namayanlar\u0131 dost-tan\u0131\u015flar q\u0131nayacaqd\u0131. B\u0259lk\u0259 d\u0259 \u201cbiz ax\u0131 m\u00fcs\u0259lman\u0131q, q\u0131z avropal\u0131lar\u0131n i\u00e7ind\u0259 bizi biabr etdi, s\u0259n d\u0259 bir status yaz\u0131b, namusumuzu t\u0259mizl\u0259m\u0259din\u201d dey\u0259c\u0259kdil\u0259r bir-birl\u0259rin\u0259. Bu q\u0131naqdan qurtulmaq \u00fc\u00e7\u00fcn Az\u0259rbaycan ki\u015fisin\u0259 bir yol qal\u0131rd\u0131. S\u00f6z\u00fcged\u0259n qad\u0131n\u0131 \u201cif\u015fa\u201d edib, dig\u0259r Az\u0259rbaycan qad\u0131n\u0131n\u0131n g\u0259l\u0259c\u0259kd\u0259 bel\u0259 s\u0259hv\u0259 yol verm\u0259sinin qar\u015f\u0131s\u0131n\u0131 almaq.\n<\/p>\n<p>\n  Q\u0131namay\u0131n ki\u015fil\u0259rimizi, ya da \u00f6z\u00fcn\u00fc \u0259sl evdar xan\u0131m kimi g\u00f6st\u0259rm\u0259k ist\u0259y\u0259n, bunun \u00fc\u00e7\u00fcn d\u0259 bir q\u0131zc\u0131\u011faz\u0131 q\u0131naq at\u0259\u015fin\u0259 tutan xan\u0131mlar\u0131m\u0131z\u0131. Ax\u0131 onlar\u0131n ba\u015fqa \u00e7\u0131x\u0131\u015f\u0131 yolu yox idi. Onlar namusumuzun ke\u015fiyind\u0259 dayanan, sad\u0259l\u00f6hv, v\u0259t\u0259nsev\u0259r xalqd\u0131r. Bizd\u0259 ax\u0131 m\u00fcs\u0259lman\u00e7\u0131l\u0131qd\u0131, mentalitet var, ana-bac\u0131 var. Biz\u0259 bu ay\u0131b yara\u015fmazd\u0131.\n<\/p>\n<p>\n  N\u0259 is\u0259, yan\u0131lm\u0131\u015f\u0131q. Haqq\u0131nda dan\u0131\u015f\u0131lan q\u0131z \u0259cn\u0259bi imi\u015f. Az\u0259rbaycan qad\u0131n\u0131 bu s\u0259hv\u0259 yol verm\u0259zdi. O ill\u0259rdir ki, \u201cbird\u0259n m\u0259n\u0259 pis baxar\u201d deyib h\u0259yat yolda\u015f\u0131na qar\u015f\u0131 olan hissl\u0259rini bel\u0259 bast\u0131ra bilib. Bir qad\u0131n kimi b\u00fct\u00fcn arzu-ist\u0259kl\u0259rini \u00fcr\u0259yinin d\u0259rinlikl\u0259rind\u0259 saxlay\u0131b. \u0130ndi yad, \u0259cn\u0259bi ki\u015finin quca\u011f\u0131na atlamaq kimi bir ay\u0131b\u0131 bizim qad\u0131nlar\u0131m\u0131z etm\u0259zdi. B\u0259li, Az\u0259rbaycan qad\u0131n\u0131 \u00f6z ist\u0259kl\u0259rini, arzular\u0131n\u0131, hissl\u0259rini gizl\u0259tm\u0259kd\u0259 mahirdir. \u0130ll\u0259rdir, mentalitetimizl\u0259 onlar\u0131 h\u0259d\u0259l\u0259y\u0259r\u0259k buna nail ola bilmi\u015fik. M\u00fcs\u0259lmanlar demi\u015f, \u015f\u00fck\u00fcr Allaha.\n<\/p>\n<p>\n  Hans\u0131 \u00f6lk\u0259d\u0259n oldu\u011fu geni\u015f m\u00fczakir\u0259l\u0259r\u0259 s\u0259b\u0259b olan \u0259cn\u0259bi qad\u0131n is\u0259 sosial \u015f\u0259b\u0259k\u0259l\u0259rd\u0259 \u00f6z \u015f\u0259klini payla\u015fd\u0131, rahatla\u015fd\u0131q. Bu namus el\u0259 bir b\u0259lad\u0131r ki, adam onun a\u011fr\u0131s\u0131na d\u00f6z\u0259 bilmir. N\u0259 is\u0259 ki, biz\u0259 ehtiyac qalmadan namusumuz \u00f6z-\u00f6z\u00fcn\u0259 t\u0259mizl\u0259ndi. Enrikeni qucaqlayan qad\u0131n is\u0259 avropal\u0131d\u0131r, iranl\u0131d\u0131r-turanl\u0131d\u0131r, f\u0259rqi yoxdur. \u00d6z\u00fc bil\u0259r. Ruslar demi\u015f, onlar \u00fc\u00e7\u00fcn h\u0259r \u015fey \u201cpalojnudur\u201d. T\u0259ki m\u00fcs\u0259lman Az\u0259rbaycan qad\u0131n\u0131 bunu etm\u0259sin.\n<\/p>\n<p>\n  Haqq\u0131nda s\u00f6hb\u0259t etdiyimiz xan\u0131m sad\u0259c\u0259 sevdiyi m\u00fc\u011f\u0259nniy\u0259 sar\u0131lm\u0131\u015fd\u0131 v\u0259 bununla \u00f6z arzusunu ger\u00e7\u0259kl\u0259\u015fdir\u0259 bilmi\u015fdi. \u00d6z sevincini d\u0259 sosial \u015f\u0259b\u0259k\u0259d\u0259 b\u00f6l\u00fc\u015fd\u00fc. Bizim qad\u0131n\u0131m\u0131z buna c\u0259sar\u0259t ed\u0259 bil\u0259rdimi? Y\u0259qin ki, yox. Bu arzuya g\u00f6r\u0259 bu q\u0259d\u0259r insan\u0131n t\u0259nqidin\u0259 tu\u015f g\u0259l\u0259c\u0259yini bil\u0259-bil\u0259 hans\u0131 Az\u0259rbaycan qad\u0131n\u0131 bunu ed\u0259rdi? Y\u0259qin ki, he\u00e7 biri.\n<\/p>\n<p>\n  Arzular, arzular&#8230; B\u0259li, adi, h\u0259yata ke\u00e7m\u0259y\u0259n, \u00fcr\u0259kl\u0259rd\u0259 qalan arzular Az\u0259rbaycan qad\u0131n\u0131na xasd\u0131r. \u0130ll\u0259rdir qad\u0131n\u0131m\u0131za \u201ca\u011f\u0131r ol, anasan, bac\u0131san, h\u0259yat yolda\u015f\u0131san\u201d deyib onlar\u0131 m\u0259hdudla\u015fd\u0131rma\u011f\u0131 bacarm\u0131\u015f\u0131q. \u00d6z \u0259rl\u0259rin\u0259 bel\u0259 c\u0259miyy\u0259t i\u00e7\u0259risind\u0259 \u00fcr\u0259kd\u0259n sar\u0131la bilm\u0259y\u0259n, sar\u0131lsa bel\u0259 bunu q\u0131raqdan \u201cy\u00fcng\u00fcll\u00fck\u201d kimi q\u0259bul ed\u0259n bir c\u0259miyy\u0259td\u0259 ya\u015fayan bir qad\u0131n nec\u0259 yad ki\u015fiy\u0259 sar\u0131lma\u011fa c\u0259sar\u0259t ed\u0259 bil\u0259r? \u0130st\u0259dikl\u0259ri kimi ya\u015famaq bizim qad\u0131nlara yaramaz.<\/p>\n","protected":false},"excerpt":{"rendered":"<p>O q\u0131z az\u0259rbaycanl\u0131 olsa n\u0259 olard\u0131?<\/p>\n","protected":false},"author":11,"featured_media":61187,"comment_status":"closed","ping_status":"open","sticky":false,"template":"","format":"standard","meta":{"_acf_changed":false,"_sitemap_exclude":false,"_sitemap_priority":"","_sitemap_frequency":"","footnotes":""},"categories":[57],"tags":[],"class_list":["post-176901","post","type-post","status-publish","format-standard","has-post-thumbnail","hentry","category-menim-fikrimce","infinite-scroll-item","generate-columns","tablet-grid-50","mobile-grid-100","grid-parent","grid-33","no-featured-image-padding"],"acf":[],"yoast_head":"<!-- This site is optimized with the Yoast SEO plugin v27.5 - https:\/\/yoast.com\/product\/yoast-seo-wordpress\/ -->\n<title>Enrikenin quca\u011f\u0131na atlayan q\u0131z - MEYDAN.TV<\/title>\n<meta name=\"robots\" content=\"index, follow, max-snippet:-1, max-image-preview:large, max-video-preview:-1\" \/>\n<link rel=\"canonical\" href=\"https:\/\/www.meydan.tv\/az\/article\/enrikenin-qucagina-atlayan-qiz\/\" \/>\n<meta property=\"og:locale\" content=\"az_AZ\" \/>\n<meta property=\"og:type\" content=\"article\" \/>\n<meta property=\"og:title\" content=\"Enrikenin quca\u011f\u0131na atlayan q\u0131z - MEYDAN.TV\" \/>\n<meta property=\"og:description\" content=\"O q\u0131z az\u0259rbaycanl\u0131 olsa n\u0259 olard\u0131?\" \/>\n<meta property=\"og:url\" content=\"https:\/\/www.meydan.tv\/az\/article\/enrikenin-qucagina-atlayan-qiz\/\" \/>\n<meta property=\"og:site_name\" content=\"MEYDAN.TV\" \/>\n<meta property=\"article:published_time\" content=\"2016-06-22T17:36:49+00:00\" \/>\n<meta property=\"og:image\" content=\"https:\/\/www.meydan.tv\/wp-content\/uploads\/23325.jpg\" \/>\n\t<meta property=\"og:image:width\" content=\"500\" \/>\n\t<meta property=\"og:image:height\" content=\"500\" \/>\n\t<meta property=\"og:image:type\" content=\"image\/jpeg\" \/>\n<meta name=\"author\" content=\"user-manager\" \/>\n<meta name=\"twitter:card\" content=\"summary_large_image\" \/>\n<script type=\"application\/ld+json\" class=\"yoast-schema-graph\">{\"@context\":\"https:\\\/\\\/schema.org\",\"@graph\":[{\"@type\":\"Article\",\"@id\":\"https:\\\/\\\/www.meydan.tv\\\/az\\\/article\\\/enrikenin-qucagina-atlayan-qiz\\\/#article\",\"isPartOf\":{\"@id\":\"https:\\\/\\\/www.meydan.tv\\\/az\\\/article\\\/enrikenin-qucagina-atlayan-qiz\\\/\"},\"author\":{\"name\":\"user-manager\",\"@id\":\"https:\\\/\\\/www.meydan.tv\\\/az\\\/#\\\/schema\\\/person\\\/10d11eccf6da3662cf5fdab9806ea91a\"},\"headline\":\"Enrikenin quca\u011f\u0131na atlayan q\u0131z\",\"datePublished\":\"2016-06-22T17:36:49+00:00\",\"mainEntityOfPage\":{\"@id\":\"https:\\\/\\\/www.meydan.tv\\\/az\\\/article\\\/enrikenin-qucagina-atlayan-qiz\\\/\"},\"wordCount\":798,\"publisher\":{\"@id\":\"https:\\\/\\\/www.meydan.tv\\\/az\\\/#organization\"},\"image\":{\"@id\":\"https:\\\/\\\/www.meydan.tv\\\/az\\\/article\\\/enrikenin-qucagina-atlayan-qiz\\\/#primaryimage\"},\"thumbnailUrl\":\"https:\\\/\\\/www.meydan.tv\\\/wp-content\\\/uploads\\\/23325.jpg\",\"articleSection\":[\"M\u0259nim Fikrimc\u0259\"],\"inLanguage\":\"az\"},{\"@type\":\"WebPage\",\"@id\":\"https:\\\/\\\/www.meydan.tv\\\/az\\\/article\\\/enrikenin-qucagina-atlayan-qiz\\\/\",\"url\":\"https:\\\/\\\/www.meydan.tv\\\/az\\\/article\\\/enrikenin-qucagina-atlayan-qiz\\\/\",\"name\":\"Enrikenin quca\u011f\u0131na atlayan q\u0131z - MEYDAN.TV\",\"isPartOf\":{\"@id\":\"https:\\\/\\\/www.meydan.tv\\\/az\\\/#website\"},\"primaryImageOfPage\":{\"@id\":\"https:\\\/\\\/www.meydan.tv\\\/az\\\/article\\\/enrikenin-qucagina-atlayan-qiz\\\/#primaryimage\"},\"image\":{\"@id\":\"https:\\\/\\\/www.meydan.tv\\\/az\\\/article\\\/enrikenin-qucagina-atlayan-qiz\\\/#primaryimage\"},\"thumbnailUrl\":\"https:\\\/\\\/www.meydan.tv\\\/wp-content\\\/uploads\\\/23325.jpg\",\"datePublished\":\"2016-06-22T17:36:49+00:00\",\"breadcrumb\":{\"@id\":\"https:\\\/\\\/www.meydan.tv\\\/az\\\/article\\\/enrikenin-qucagina-atlayan-qiz\\\/#breadcrumb\"},\"inLanguage\":\"az\",\"potentialAction\":[{\"@type\":\"ReadAction\",\"target\":[\"https:\\\/\\\/www.meydan.tv\\\/az\\\/article\\\/enrikenin-qucagina-atlayan-qiz\\\/\"]}]},{\"@type\":\"ImageObject\",\"inLanguage\":\"az\",\"@id\":\"https:\\\/\\\/www.meydan.tv\\\/az\\\/article\\\/enrikenin-qucagina-atlayan-qiz\\\/#primaryimage\",\"url\":\"https:\\\/\\\/www.meydan.tv\\\/wp-content\\\/uploads\\\/23325.jpg\",\"contentUrl\":\"https:\\\/\\\/www.meydan.tv\\\/wp-content\\\/uploads\\\/23325.jpg\",\"width\":500,\"height\":500,\"caption\":\"Source:\"},{\"@type\":\"BreadcrumbList\",\"@id\":\"https:\\\/\\\/www.meydan.tv\\\/az\\\/article\\\/enrikenin-qucagina-atlayan-qiz\\\/#breadcrumb\",\"itemListElement\":[{\"@type\":\"ListItem\",\"position\":1,\"name\":\"Ana s\u0259hif\u0259\",\"item\":\"https:\\\/\\\/www.meydan.tv\\\/az\\\/\"},{\"@type\":\"ListItem\",\"position\":2,\"name\":\"M\u0259nim Fikrimc\u0259\",\"item\":\"https:\\\/\\\/www.meydan.tv\\\/az\\\/section\\\/menim-fikrimce\\\/\"},{\"@type\":\"ListItem\",\"position\":3,\"name\":\"Enrikenin quca\u011f\u0131na atlayan q\u0131z\"}]},{\"@type\":\"WebSite\",\"@id\":\"https:\\\/\\\/www.meydan.tv\\\/az\\\/#website\",\"url\":\"https:\\\/\\\/www.meydan.tv\\\/az\\\/\",\"name\":\"MEYDAN.TV\",\"description\":\"Meydan TV Az\u0259rbaycan\u0131n media m\u0259kan\u0131ndak\u0131 alternativ s\u0259sidir\",\"publisher\":{\"@id\":\"https:\\\/\\\/www.meydan.tv\\\/az\\\/#organization\"},\"potentialAction\":[{\"@type\":\"SearchAction\",\"target\":{\"@type\":\"EntryPoint\",\"urlTemplate\":\"https:\\\/\\\/www.meydan.tv\\\/az\\\/?s={search_term_string}\"},\"query-input\":{\"@type\":\"PropertyValueSpecification\",\"valueRequired\":true,\"valueName\":\"search_term_string\"}}],\"inLanguage\":\"az\"},{\"@type\":\"Organization\",\"@id\":\"https:\\\/\\\/www.meydan.tv\\\/az\\\/#organization\",\"name\":\"Meydan TV\",\"url\":\"https:\\\/\\\/www.meydan.tv\\\/az\\\/\",\"logo\":{\"@type\":\"ImageObject\",\"inLanguage\":\"az\",\"@id\":\"https:\\\/\\\/www.meydan.tv\\\/az\\\/#\\\/schema\\\/logo\\\/image\\\/\",\"url\":\"https:\\\/\\\/www.meydan.tv\\\/wp-content\\\/uploads\\\/2021\\\/07\\\/meydan-logo.svg\",\"contentUrl\":\"https:\\\/\\\/www.meydan.tv\\\/wp-content\\\/uploads\\\/2021\\\/07\\\/meydan-logo.svg\",\"width\":195,\"height\":46,\"caption\":\"Meydan TV\"},\"image\":{\"@id\":\"https:\\\/\\\/www.meydan.tv\\\/az\\\/#\\\/schema\\\/logo\\\/image\\\/\"}},{\"@type\":\"Person\",\"@id\":\"https:\\\/\\\/www.meydan.tv\\\/az\\\/#\\\/schema\\\/person\\\/10d11eccf6da3662cf5fdab9806ea91a\",\"name\":\"user-manager\"}]}<\/script>\n<!-- \/ Yoast SEO plugin. -->","yoast_head_json":{"title":"Enrikenin quca\u011f\u0131na atlayan q\u0131z - MEYDAN.TV","robots":{"index":"index","follow":"follow","max-snippet":"max-snippet:-1","max-image-preview":"max-image-preview:large","max-video-preview":"max-video-preview:-1"},"canonical":"https:\/\/www.meydan.tv\/az\/article\/enrikenin-qucagina-atlayan-qiz\/","og_locale":"az_AZ","og_type":"article","og_title":"Enrikenin quca\u011f\u0131na atlayan q\u0131z - MEYDAN.TV","og_description":"O q\u0131z az\u0259rbaycanl\u0131 olsa n\u0259 olard\u0131?","og_url":"https:\/\/www.meydan.tv\/az\/article\/enrikenin-qucagina-atlayan-qiz\/","og_site_name":"MEYDAN.TV","article_published_time":"2016-06-22T17:36:49+00:00","og_image":[{"width":500,"height":500,"url":"https:\/\/www.meydan.tv\/wp-content\/uploads\/23325.jpg","type":"image\/jpeg"}],"author":"user-manager","twitter_card":"summary_large_image","schema":{"@context":"https:\/\/schema.org","@graph":[{"@type":"Article","@id":"https:\/\/www.meydan.tv\/az\/article\/enrikenin-qucagina-atlayan-qiz\/#article","isPartOf":{"@id":"https:\/\/www.meydan.tv\/az\/article\/enrikenin-qucagina-atlayan-qiz\/"},"author":{"name":"user-manager","@id":"https:\/\/www.meydan.tv\/az\/#\/schema\/person\/10d11eccf6da3662cf5fdab9806ea91a"},"headline":"Enrikenin quca\u011f\u0131na atlayan q\u0131z","datePublished":"2016-06-22T17:36:49+00:00","mainEntityOfPage":{"@id":"https:\/\/www.meydan.tv\/az\/article\/enrikenin-qucagina-atlayan-qiz\/"},"wordCount":798,"publisher":{"@id":"https:\/\/www.meydan.tv\/az\/#organization"},"image":{"@id":"https:\/\/www.meydan.tv\/az\/article\/enrikenin-qucagina-atlayan-qiz\/#primaryimage"},"thumbnailUrl":"https:\/\/www.meydan.tv\/wp-content\/uploads\/23325.jpg","articleSection":["M\u0259nim Fikrimc\u0259"],"inLanguage":"az"},{"@type":"WebPage","@id":"https:\/\/www.meydan.tv\/az\/article\/enrikenin-qucagina-atlayan-qiz\/","url":"https:\/\/www.meydan.tv\/az\/article\/enrikenin-qucagina-atlayan-qiz\/","name":"Enrikenin quca\u011f\u0131na atlayan q\u0131z - MEYDAN.TV","isPartOf":{"@id":"https:\/\/www.meydan.tv\/az\/#website"},"primaryImageOfPage":{"@id":"https:\/\/www.meydan.tv\/az\/article\/enrikenin-qucagina-atlayan-qiz\/#primaryimage"},"image":{"@id":"https:\/\/www.meydan.tv\/az\/article\/enrikenin-qucagina-atlayan-qiz\/#primaryimage"},"thumbnailUrl":"https:\/\/www.meydan.tv\/wp-content\/uploads\/23325.jpg","datePublished":"2016-06-22T17:36:49+00:00","breadcrumb":{"@id":"https:\/\/www.meydan.tv\/az\/article\/enrikenin-qucagina-atlayan-qiz\/#breadcrumb"},"inLanguage":"az","potentialAction":[{"@type":"ReadAction","target":["https:\/\/www.meydan.tv\/az\/article\/enrikenin-qucagina-atlayan-qiz\/"]}]},{"@type":"ImageObject","inLanguage":"az","@id":"https:\/\/www.meydan.tv\/az\/article\/enrikenin-qucagina-atlayan-qiz\/#primaryimage","url":"https:\/\/www.meydan.tv\/wp-content\/uploads\/23325.jpg","contentUrl":"https:\/\/www.meydan.tv\/wp-content\/uploads\/23325.jpg","width":500,"height":500,"caption":"Source:"},{"@type":"BreadcrumbList","@id":"https:\/\/www.meydan.tv\/az\/article\/enrikenin-qucagina-atlayan-qiz\/#breadcrumb","itemListElement":[{"@type":"ListItem","position":1,"name":"Ana s\u0259hif\u0259","item":"https:\/\/www.meydan.tv\/az\/"},{"@type":"ListItem","position":2,"name":"M\u0259nim Fikrimc\u0259","item":"https:\/\/www.meydan.tv\/az\/section\/menim-fikrimce\/"},{"@type":"ListItem","position":3,"name":"Enrikenin quca\u011f\u0131na atlayan q\u0131z"}]},{"@type":"WebSite","@id":"https:\/\/www.meydan.tv\/az\/#website","url":"https:\/\/www.meydan.tv\/az\/","name":"MEYDAN.TV","description":"Meydan TV Az\u0259rbaycan\u0131n media m\u0259kan\u0131ndak\u0131 alternativ s\u0259sidir","publisher":{"@id":"https:\/\/www.meydan.tv\/az\/#organization"},"potentialAction":[{"@type":"SearchAction","target":{"@type":"EntryPoint","urlTemplate":"https:\/\/www.meydan.tv\/az\/?s={search_term_string}"},"query-input":{"@type":"PropertyValueSpecification","valueRequired":true,"valueName":"search_term_string"}}],"inLanguage":"az"},{"@type":"Organization","@id":"https:\/\/www.meydan.tv\/az\/#organization","name":"Meydan TV","url":"https:\/\/www.meydan.tv\/az\/","logo":{"@type":"ImageObject","inLanguage":"az","@id":"https:\/\/www.meydan.tv\/az\/#\/schema\/logo\/image\/","url":"https:\/\/www.meydan.tv\/wp-content\/uploads\/2021\/07\/meydan-logo.svg","contentUrl":"https:\/\/www.meydan.tv\/wp-content\/uploads\/2021\/07\/meydan-logo.svg","width":195,"height":46,"caption":"Meydan TV"},"image":{"@id":"https:\/\/www.meydan.tv\/az\/#\/schema\/logo\/image\/"}},{"@type":"Person","@id":"https:\/\/www.meydan.tv\/az\/#\/schema\/person\/10d11eccf6da3662cf5fdab9806ea91a","name":"user-manager"}]}},"_links":{"self":[{"href":"https:\/\/www.meydan.tv\/az\/wp-json\/wp\/v2\/posts\/176901","targetHints":{"allow":["GET"]}}],"collection":[{"href":"https:\/\/www.meydan.tv\/az\/wp-json\/wp\/v2\/posts"}],"about":[{"href":"https:\/\/www.meydan.tv\/az\/wp-json\/wp\/v2\/types\/post"}],"author":[{"embeddable":true,"href":"https:\/\/www.meydan.tv\/az\/wp-json\/wp\/v2\/users\/11"}],"replies":[{"embeddable":true,"href":"https:\/\/www.meydan.tv\/az\/wp-json\/wp\/v2\/comments?post=176901"}],"version-history":[{"count":0,"href":"https:\/\/www.meydan.tv\/az\/wp-json\/wp\/v2\/posts\/176901\/revisions"}],"wp:featuredmedia":[{"embeddable":true,"href":"https:\/\/www.meydan.tv\/az\/wp-json\/wp\/v2\/media\/61187"}],"wp:attachment":[{"href":"https:\/\/www.meydan.tv\/az\/wp-json\/wp\/v2\/media?parent=176901"}],"wp:term":[{"taxonomy":"category","embeddable":true,"href":"https:\/\/www.meydan.tv\/az\/wp-json\/wp\/v2\/categories?post=176901"},{"taxonomy":"post_tag","embeddable":true,"href":"https:\/\/www.meydan.tv\/az\/wp-json\/wp\/v2\/tags?post=176901"}],"curies":[{"name":"wp","href":"https:\/\/api.w.org\/{rel}","templated":true}]}}