{"id":176899,"date":"2016-06-22T17:19:57","date_gmt":"2016-06-22T17:19:57","guid":{"rendered":"https:\/\/www.meydan.tv\/article\/qiyasla-bayramin-qoydugu-son\/"},"modified":"2016-06-22T17:19:57","modified_gmt":"2016-06-22T17:19:57","slug":"qiyasla-bayramin-qoydugu-son","status":"publish","type":"post","link":"https:\/\/www.meydan.tv\/az\/article\/qiyasla-bayramin-qoydugu-son\/","title":{"rendered":"Qiyasla Bayram\u0131n qoydu\u011fu son"},"content":{"rendered":"<figure class=\"wp-block-image size-large\">\n  <img decoding=\"async\" src=\"https:\/\/www.meydan.tv\/az\/61272\/\" alt=\"\" class=\"wp-image-61272\"\/><figcaption><\/figcaption><\/figure>\n<figure class=\"wp-block-image size-large\">\n  <img decoding=\"async\" src=\"https:\/\/www.meydan.tv\/az\/61266\/\" alt=\"\" class=\"wp-image-61266\"\/><figcaption><\/figcaption><\/figure>\n<\/p>\n<p>\n  Ax\u0131r vaxtlar Az\u0259rbaycanda siyasi m\u0259hbuslardan dan\u0131\u015fmaq v\u0259 yazmaq bir xeyli riskli hal al\u0131b. \u00c7\u00fcnki h\u0259bsd\u0259n \u00e7\u0131xacaq siyasi m\u0259hbusun sonra hans\u0131 m\u0259ns\u0259b\u0259 qulluq ed\u0259c\u0259yini bilm\u0259k olmur. Bu ill\u0259r \u0259rzind\u0259 h\u0259bsd\u0259n \u00e7\u0131x\u0131b ke\u00e7mi\u015f yolda\u015flar\u0131n\u0131 m\u0259yus ed\u0259nl\u0259rin say\u0131 yar\u0131-yar\u0131ya oldu. Bir \u00e7ox siyasi m\u0259hbusun h\u0259yat yolu g\u00f6st\u0259rir ki, h\u00f6kum\u0259t bir ne\u00e7\u0259 illik h\u0259bsl\u0259 ist\u0259diyi \u015fey\u0259 nail olur.\n<\/p>\n<p>\n  Bir d\u0259 bax\u0131rsan ki, yax\u0131n zaman\u0131n ham\u0131 t\u0259r\u0259find\u0259n sevil\u0259n g\u0259nc v\u0259 alovlu lideri h\u0259bsd\u0259n \u00e7\u0131x\u0131b h\u00f6k\u00fcm\u0259t medal\u0131 alan media orqan\u0131na m\u00fcsahib\u0259 verir v\u0259 bu m\u00fcsahib\u0259 az qala kameralar qar\u015f\u0131s\u0131ndak\u0131 pe\u015fman\u00e7\u0131l\u0131q v\u0259 \u00fczr nitqin\u0259 ox\u015fay\u0131r. Ya ba\u015fqa bir siyasi aktivist h\u0259bsd\u0259n \u00e7\u0131x\u0131b, n\u0259 is\u0259 anla\u015f\u0131lmaz, \u00e7ox uzaq m\u0259tl\u0259bl\u0259rd\u0259n dan\u0131\u015f\u0131r. H\u0259d\u0259fl\u0259rini, fikirl\u0259rini tamamil\u0259 d\u0259yi\u015fib.\n<\/p>\n<p>\n  Ona g\u00f6r\u0259 d\u0259 bir vaxtlar haqq\u0131nda q\u0259hraman kimi b\u0259hs edil\u0259n adamlar\u0131n h\u0259bsd\u0259n \u00e7\u0131x\u0131b d\u0259yili\u015fm\u0259si siyasi m\u0259hbuslar haqq\u0131nda dan\u0131\u015fma\u011f\u0131 \u00e7\u0259tin edir. \u018flb\u0259tt\u0259, sonradan n\u0259 ba\u015f verm\u0259sind\u0259n as\u0131l\u0131 olmayaraq, Az\u0259rbaycan kimi \u00f6lk\u0259d\u0259 h\u0259r bir siyasi m\u0259hbusun f\u0259aliyy\u0259ti v\u0259 m\u0259hbus h\u0259yat\u0131 \u00fcmumi anlamda b\u00f6y\u00fck \u0259h\u0259miyy\u0259t k\u0259sb edir. He\u00e7 biri d\u0259y\u0259rsiz v\u0259 t\u0259sirsiz deyildir.\n<\/p>\n<p>\n  Ancaq bu m\u0259nada bu g\u00fcn sonuncu siyasi m\u0259hbuslar var ki, onlar haqq\u0131nda b\u00fct\u00fcn ola bil\u0259c\u0259k riskl\u0259ri g\u00f6z\u0259 alaraq dan\u0131\u015fmaq vacibdir. Bunu pafoslu s\u0259sl\u0259ns\u0259 d\u0259, tarix t\u0259l\u0259b edir. Bu ki\u00e7ik v\u0259 g\u0259nc \u00f6lk\u0259nin ki\u00e7ik v\u0259 q\u0131sa tarixi bu g\u0259ncl\u0259ri onlara \u00e7ox baha ba\u015fa g\u0259l\u0259n \u0259m\u0259ll\u0259rin\u0259 g\u00f6r\u0259 \u00f6z ictimai-siyasi tarixind\u0259 uzun m\u00fcdd\u0259t saxlayacaq.\n<\/p>\n<p>\n  Qiyas\u0259ddin \u0130brahimov v\u0259 Bayram M\u0259mm\u0259dov c\u0259sar\u0259tl\u0259ri il\u0259, el\u0259 bir \u00e7\u0131x\u0131\u015f etdil\u0259r ki, bu q\u0259d\u0259r g\u0259nc ya\u015fda bel\u0259 bir \u00f6lk\u0259d\u0259, bunun nec\u0259 ger\u00e7\u0259k olmas\u0131na uzun zaman he\u00e7 birimiz inanmad\u0131q. \u0130ndiy\u0259 q\u0259d\u0259r d\u0259 a\u011fl\u0131m\u0131z alm\u0131r ki, onlar bunu hans\u0131 a\u011f\u0131lla etdil\u0259r? El\u0259 ona g\u00f6r\u0259 d\u0259, ilkin reaksiyalar \u00e7a\u015f-ba\u015fl\u0131q i\u00e7ind\u0259, panikada onlar\u0131 g\u00fcnahland\u0131rma\u011f\u0131m\u0131z oldu. \u201cNiy\u0259 bel\u0259 el\u0259dil\u0259r\u201d, \u201cn\u0259y\u0259 laz\u0131m idi\u201d v\u0259 s.\n<\/p>\n<p>\n  G\u0259ncl\u0259rin h\u0259bs x\u0259b\u0259ri \u00e7\u0131xan g\u00fcnl\u0259rd\u0259 Az\u0259rbaycanda yegan\u0259 a\u00e7\u0131q m\u00fczakir\u0259si olan Facebook c\u0259miyy\u0259tind\u0259 \u0259ks\u0259riyy\u0259t hadis\u0259nin \u0259sl mahiyy\u0259tini d\u0259rk ed\u0259 bilm\u0259di. \u018fn yax\u015f\u0131 halda g\u0259ncl\u0259rin \u00f6zl\u0259rinin g\u00f6zl\u0259rini q\u0131rpmadan, d\u0259rk ed\u0259r\u0259k getdikl\u0259ri i\u015f\u0259 g\u00f6r\u0259 onlar \u00fc\u00e7\u00fcn t\u0259ss\u00fcfl\u0259ndil\u0259r.\n<\/p>\n<p>\n  Az\u0259rbaycanda son ill\u0259rd\u0259 v\u0259ziyy\u0259tl\u0259 bar\u0131\u015fm\u0131\u015f xalq, kiml\u0259rins\u0259 h\u0259l\u0259 d\u0259 v\u0259ziyy\u0259tl\u0259 bar\u0131\u015fmay\u0131b, bu h\u0259yati t\u0259hl\u00fck\u0259li siyasi proses\u0259 ba\u015f qo\u015fma\u011f\u0131n\u0131 anlaya bilmir. Do\u011frudan da, xalq\u0131n i\u015ftirak etm\u0259diyi, k\u0259nardan sakitc\u0259 m\u00fc\u015fahid\u0259 etdiyi prosesd\u0259 i\u015ftirak etm\u0259k, orda azadl\u0131\u011f\u0131n\u0131, h\u0259yat\u0131n\u0131 risk\u0259 atmaq \u00e7oxlar\u0131 \u00fc\u00e7\u00fcn d\u0259lilik hesab edilir. Ancaq el\u0259 bel\u0259 bir m\u00fchitd\u0259 d\u0259 zaman-zaman m\u0259hz bel\u0259 a\u011flas\u0131\u011fmaz, m\u0259ntiqsiz \u015feyl\u0259r ba\u015f verdi.\n<\/p>\n<p>\n  O \u015feyl\u0259r ki, insanlar\u0131n f\u0259rdi m\u00fcbariz\u0259 \u0259zmi, c\u0259sar\u0259ti idi v\u0259 onlar g\u0259l\u0259c\u0259kd\u0259 xalq\u0131n tam s\u0131nmad\u0131\u011f\u0131n\u0131n g\u00f6st\u0259ricisi kimi t\u0259qdim edil\u0259c\u0259k, sabah b\u00fct\u00f6v bir xalq\u0131n l\u0259yaq\u0259tini xilas ed\u0259c\u0259k.\n<\/p>\n<p>\n  Bu bax\u0131mdan Qiyas\u0131n bel\u0259 bir vaxtda ictimai-siyasi s\u0259hn\u0259y\u0259 \u00e7\u0131xmas\u0131 t\u0259kc\u0259 yeni n\u0259slin yarad\u0131c\u0131 etiraz\u0131 kimi maraql\u0131 deyil. Bu hadis\u0259nin \u0259h\u0259miyy\u0259ti he\u00e7 t\u0259kc\u0259 onda da deyil ki, Az\u0259rbaycan h\u00f6kum\u0259ti n\u00f6vb\u0259ti d\u0259f\u0259 beyn\u0259lxalq t\u0259\u015fkilatlara hesabatlar\u0131 \u00fc\u00e7\u00fcn \u00f6z\u00fcn\u00fcn xarakteristikas\u0131n\u0131 verdi. Daxili auditoriya bir daha polisi, m\u0259hk\u0259m\u0259ni, obdusman\u0131n kim oldu\u011funu, nec\u0259 xidm\u0259t etdiyini g\u00f6rd\u00fc.\n<\/p>\n<p>\n  M\u0259s\u0259l\u0259nin mahiyy\u0259ti ondad\u0131r ki, G\u00fcl Bayram\u0131 adland\u0131r\u0131lan bu g\u00fcn, \u0259lsind\u0259 is\u0259 r\u00fcsvay\u00e7\u0131l\u0131q g\u00fcn\u00fc art\u0131q 14 ildir ki, ke\u00e7irilirdi. Bu ill\u0259r \u0259rzind\u0259 onlar milyonlarla pulu bizim-y\u0259ni v\u0259t\u0259nda\u015flar\u0131n cibi olan b\u00fcdc\u0259d\u0259n g\u00f6t\u00fcr\u00fcb bu b\u00fct \u015f\u0259nliyin\u0259 x\u0259rcl\u0259yir v\u0259 bunu da biz\u0259 toy-bayram kimi t\u0259qdim edirdi. Bunu h\u0259m d\u0259 Az\u0259rbaycan xalq\u0131n\u0131n xo\u015fb\u0259xtliyi v\u0259 firvanl\u0131\u011f\u0131n\u0131n \u0259sas\u0131 hesab edirdil\u0259r.\n<\/p>\n<p>\n  Camaat &#8211; yek\u0259-yek\u0259 ki\u015fil\u0259r, qad\u0131nlar b\u0259z\u0259nib-d\u00fcz\u0259nir, k\u00f6hn\u0259sin-c\u0131r\u0131\u011f\u0131n geyinib, u\u015faqlar\u0131n\u0131 da yan\u0131na al\u0131b, o parklara dolu\u015fur, a\u011fz\u0131 a\u00e7\u0131q g\u00fcll\u0259r\u0259 bax\u0131rd\u0131. Bel\u0259c\u0259, bir qul xalq yeti\u015fdirilir, bir b\u00fct a\u015f\u0131lan\u0131rd\u0131. Gec\u0259 d\u00fc\u015f\u0259n kimi d\u0259 v\u0259h\u015fic\u0259sin\u0259 g\u00fcll\u0259r\u0259 dar\u0131\u015f\u0131b didib-t\u00f6k\u00fcrd\u00fcl\u0259r. \u0130ll\u0259rd\u0259 h\u00f6k\u00fcm\u0259tin apard\u0131\u011f\u0131 siyas\u0259tin yaratd\u0131\u011f\u0131 cahil bir toplum.\n<\/p>\n<p>\n  H\u0259r d\u0259f\u0259 o m\u0259nz\u0259r\u0259l\u0259ri g\u00f6rd\u00fckc\u0259 yad\u0131ma \u015eimali Koreyada adamlar\u0131n m\u0259rhum prezidentl\u0259ri \u00fc\u00e7\u00fcn a\u011fla\u015fma s\u0259hn\u0259l\u0259ri d\u00fc\u015f\u00fcrd\u00fc. Bizd\u0259 adamlar\u0131 parklara, k\u00fc\u00e7\u0259l\u0259r\u0259 t\u00f6k\u00fcb, televiziyalara dan\u0131\u015fd\u0131rmaq, onlar\u0131 bundan xo\u015fb\u0259xt etm\u0259k \u015eimal\u0131 Koreyada insanlar\u0131n k\u00fc\u00e7\u0259l\u0259r\u0259 t\u00f6k\u00fcl\u00fcb a\u011flad\u0131lmas\u0131n\u0131n ba\u015fqa formas\u0131 idi.\n<\/p>\n<p>\n  H\u0259min o 10 may g\u00fcn\u00fc indiy\u0259 q\u0259d\u0259r d\u0259 bizim bir xalq kimi h\u0259r il t\u0259nt\u0259n\u0259li \u015f\u0259kild\u0259 al\u00e7ald\u0131ld\u0131\u011f\u0131m\u0131z g\u00fcnl\u0259rd\u0259n biridi. Ancaq m\u0259hz bu il Qiyas v\u0259 Bayram laz\u0131m\u0131 m\u0259qamda v\u0259 laz\u0131m\u0131 yerd\u0259 ill\u0259r sonra bu \u00fcmumxalq al\u00e7almas\u0131n\u0131n \u0259sl mahiyy\u0259tini m\u0259hk\u0259m\u0259 zal\u0131ndan v\u00fcqarla qalxan \u0259ll\u0259ril\u0259 xalq\u0131n v\u0259 h\u00f6k\u00fcm\u0259tin sif\u0259tin\u0259 sill\u0259 kimi \u00e7\u0131rpd\u0131.\n<\/p>\n<p>\n  M\u0259s\u0259l\u0259nin mahiyy\u0259ti, onu tarix\u0259 yazan fakt da bundan ibar\u0259tdir. \u0130ll\u0259rl\u0259 bu \u00f6lk\u0259d\u0259 bu \u015f\u0259kild\u0259 insanlar\u0131n pulunu x\u0259rcl\u0259yir v\u0259 onlar\u0131 axmaq yerin\u0259 qoyurdular. Ya\u015fad\u0131\u011f\u0131m\u0131z 21-ci \u0259sr d\u0259y\u0259rl\u0259rin\u0259, m\u00fcasir insan l\u0259yaq\u0259tin\u0259 yara\u015fmayan ibtidai bir bayram ad\u0131na h\u0259r il bir xalq al\u00e7al\u0131rd\u0131. K\u00f6rp\u0259 ba\u011f\u00e7a u\u015faqlar\u0131ndan tutmu\u015f, yek\u0259 ki\u015fil\u0259r\u0259, qad\u0131nlara q\u0259d\u0259r ham\u0131n\u0131 m\u0259cburi ora y\u0131\u011f\u0131b yalandan sevincli g\u00f6r\u00fcnm\u0259y\u0259, g\u00fcya bayramdan feyziyab olma\u011fa v\u0259 \u0259lb\u0259tt\u0259ki b\u00fct haqq\u0131nda t\u0259rifl\u0259r ya\u011fd\u0131rma\u011fa, yaltaqlanma\u011fa m\u0259cbur edirdil\u0259r.\n<\/p>\n<p>\n  13 il idi. Bu il is\u0259, he\u00e7 g\u00f6zl\u0259nilm\u0259d\u0259n, 20 ya\u015flar\u0131nda bir g\u0259nc ortaya \u00e7\u0131x\u0131b, laz\u0131mi vaxtda v\u0259 \u0259sl yerind\u0259 bu hadis\u0259y\u0259 \u00f6z tarixi qiym\u0259tini verdi. \u201cQul Bayram\u0131\u201d, F.ck the system. Bu h\u0259m d\u0259, ona g\u00f6r\u0259 tarixi \u0259h\u0259miyy\u0259t bax\u0131m\u0131ndan qiym\u0259tlidir ki, g\u00f6z\u00fcn\u00fc a\u00e7\u0131b yaltaql\u0131q, qorxaql\u0131q, qorxu v\u0259 repressiya g\u00f6rm\u00fc\u015f g\u0259nc n\u0259sil he\u00e7 d\u0259 onlar g\u00f6rm\u0259k ist\u0259diyi q\u0259d\u0259r avam deyil, h\u0259r \u015feyi ba\u015fa d\u00fc\u015f\u00fcr v\u0259 h\u0259tta onu bu q\u0259d\u0259r a\u00e7\u0131q dem\u0259y\u0259 c\u0259sar\u0259ti d\u0259 \u00e7at\u0131r.\n<\/p>\n<div>\n<p>\n      <b><br \/>\n        Yaz\u0131 m\u00fc\u0259llifin \u015f\u0259xsi m\u00f6vqeyini \u0259ks etdirir. M\u00fc\u0259llifin m\u00f6vqeyi Meydan.Tv-nin m\u00f6vqeyi il\u0259 \u00fcst-\u00fcst\u0259 d\u00fc\u015fm\u0259y\u0259 bil\u0259r.<br \/>\n      <\/b>\n    <\/p>\n<\/p><\/div>\n<\/p>\n<p><div><\/div><\/p>\n","protected":false},"excerpt":{"rendered":"<p>\u00dcmumxalq al\u00e7almas\u0131na son<\/p>\n","protected":false},"author":11,"featured_media":61272,"comment_status":"closed","ping_status":"open","sticky":false,"template":"","format":"standard","meta":{"_acf_changed":false,"_sitemap_exclude":false,"_sitemap_priority":"","_sitemap_frequency":"","footnotes":""},"categories":[57],"tags":[],"class_list":["post-176899","post","type-post","status-publish","format-standard","has-post-thumbnail","hentry","category-menim-fikrimce","infinite-scroll-item","generate-columns","tablet-grid-50","mobile-grid-100","grid-parent","grid-33","no-featured-image-padding"],"acf":[],"yoast_head":"<!-- This site is optimized with the Yoast SEO plugin v27.5 - https:\/\/yoast.com\/product\/yoast-seo-wordpress\/ -->\n<title>Qiyasla Bayram\u0131n qoydu\u011fu son - MEYDAN.TV<\/title>\n<meta name=\"robots\" content=\"index, follow, max-snippet:-1, max-image-preview:large, max-video-preview:-1\" \/>\n<link rel=\"canonical\" href=\"https:\/\/www.meydan.tv\/az\/article\/qiyasla-bayramin-qoydugu-son\/\" \/>\n<meta property=\"og:locale\" content=\"az_AZ\" \/>\n<meta property=\"og:type\" content=\"article\" \/>\n<meta property=\"og:title\" content=\"Qiyasla Bayram\u0131n qoydu\u011fu son - MEYDAN.TV\" \/>\n<meta property=\"og:description\" content=\"\u00dcmumxalq al\u00e7almas\u0131na son\" \/>\n<meta property=\"og:url\" content=\"https:\/\/www.meydan.tv\/az\/article\/qiyasla-bayramin-qoydugu-son\/\" \/>\n<meta property=\"og:site_name\" content=\"MEYDAN.TV\" \/>\n<meta property=\"article:published_time\" content=\"2016-06-22T17:19:57+00:00\" \/>\n<meta property=\"og:image\" content=\"https:\/\/www.meydan.tv\/wp-content\/uploads\/23324.png\" \/>\n\t<meta property=\"og:image:width\" content=\"615\" \/>\n\t<meta property=\"og:image:height\" content=\"617\" \/>\n\t<meta property=\"og:image:type\" content=\"image\/png\" \/>\n<meta name=\"author\" content=\"user-manager\" \/>\n<meta name=\"twitter:card\" content=\"summary_large_image\" \/>\n<script type=\"application\/ld+json\" class=\"yoast-schema-graph\">{\"@context\":\"https:\\\/\\\/schema.org\",\"@graph\":[{\"@type\":\"Article\",\"@id\":\"https:\\\/\\\/www.meydan.tv\\\/az\\\/article\\\/qiyasla-bayramin-qoydugu-son\\\/#article\",\"isPartOf\":{\"@id\":\"https:\\\/\\\/www.meydan.tv\\\/az\\\/article\\\/qiyasla-bayramin-qoydugu-son\\\/\"},\"author\":{\"name\":\"user-manager\",\"@id\":\"https:\\\/\\\/www.meydan.tv\\\/az\\\/#\\\/schema\\\/person\\\/10d11eccf6da3662cf5fdab9806ea91a\"},\"headline\":\"Qiyasla Bayram\u0131n qoydu\u011fu son\",\"datePublished\":\"2016-06-22T17:19:57+00:00\",\"mainEntityOfPage\":{\"@id\":\"https:\\\/\\\/www.meydan.tv\\\/az\\\/article\\\/qiyasla-bayramin-qoydugu-son\\\/\"},\"wordCount\":1326,\"publisher\":{\"@id\":\"https:\\\/\\\/www.meydan.tv\\\/az\\\/#organization\"},\"image\":{\"@id\":\"https:\\\/\\\/www.meydan.tv\\\/az\\\/article\\\/qiyasla-bayramin-qoydugu-son\\\/#primaryimage\"},\"thumbnailUrl\":\"https:\\\/\\\/www.meydan.tv\\\/wp-content\\\/uploads\\\/23324.png\",\"articleSection\":[\"M\u0259nim Fikrimc\u0259\"],\"inLanguage\":\"az\"},{\"@type\":\"WebPage\",\"@id\":\"https:\\\/\\\/www.meydan.tv\\\/az\\\/article\\\/qiyasla-bayramin-qoydugu-son\\\/\",\"url\":\"https:\\\/\\\/www.meydan.tv\\\/az\\\/article\\\/qiyasla-bayramin-qoydugu-son\\\/\",\"name\":\"Qiyasla Bayram\u0131n qoydu\u011fu son - MEYDAN.TV\",\"isPartOf\":{\"@id\":\"https:\\\/\\\/www.meydan.tv\\\/az\\\/#website\"},\"primaryImageOfPage\":{\"@id\":\"https:\\\/\\\/www.meydan.tv\\\/az\\\/article\\\/qiyasla-bayramin-qoydugu-son\\\/#primaryimage\"},\"image\":{\"@id\":\"https:\\\/\\\/www.meydan.tv\\\/az\\\/article\\\/qiyasla-bayramin-qoydugu-son\\\/#primaryimage\"},\"thumbnailUrl\":\"https:\\\/\\\/www.meydan.tv\\\/wp-content\\\/uploads\\\/23324.png\",\"datePublished\":\"2016-06-22T17:19:57+00:00\",\"breadcrumb\":{\"@id\":\"https:\\\/\\\/www.meydan.tv\\\/az\\\/article\\\/qiyasla-bayramin-qoydugu-son\\\/#breadcrumb\"},\"inLanguage\":\"az\",\"potentialAction\":[{\"@type\":\"ReadAction\",\"target\":[\"https:\\\/\\\/www.meydan.tv\\\/az\\\/article\\\/qiyasla-bayramin-qoydugu-son\\\/\"]}]},{\"@type\":\"ImageObject\",\"inLanguage\":\"az\",\"@id\":\"https:\\\/\\\/www.meydan.tv\\\/az\\\/article\\\/qiyasla-bayramin-qoydugu-son\\\/#primaryimage\",\"url\":\"https:\\\/\\\/www.meydan.tv\\\/wp-content\\\/uploads\\\/23324.png\",\"contentUrl\":\"https:\\\/\\\/www.meydan.tv\\\/wp-content\\\/uploads\\\/23324.png\",\"width\":615,\"height\":617,\"caption\":\"Source:\"},{\"@type\":\"BreadcrumbList\",\"@id\":\"https:\\\/\\\/www.meydan.tv\\\/az\\\/article\\\/qiyasla-bayramin-qoydugu-son\\\/#breadcrumb\",\"itemListElement\":[{\"@type\":\"ListItem\",\"position\":1,\"name\":\"Ana s\u0259hif\u0259\",\"item\":\"https:\\\/\\\/www.meydan.tv\\\/az\\\/\"},{\"@type\":\"ListItem\",\"position\":2,\"name\":\"M\u0259nim Fikrimc\u0259\",\"item\":\"https:\\\/\\\/www.meydan.tv\\\/az\\\/section\\\/menim-fikrimce\\\/\"},{\"@type\":\"ListItem\",\"position\":3,\"name\":\"Qiyasla Bayram\u0131n qoydu\u011fu son\"}]},{\"@type\":\"WebSite\",\"@id\":\"https:\\\/\\\/www.meydan.tv\\\/az\\\/#website\",\"url\":\"https:\\\/\\\/www.meydan.tv\\\/az\\\/\",\"name\":\"MEYDAN.TV\",\"description\":\"Meydan TV Az\u0259rbaycan\u0131n media m\u0259kan\u0131ndak\u0131 alternativ s\u0259sidir\",\"publisher\":{\"@id\":\"https:\\\/\\\/www.meydan.tv\\\/az\\\/#organization\"},\"potentialAction\":[{\"@type\":\"SearchAction\",\"target\":{\"@type\":\"EntryPoint\",\"urlTemplate\":\"https:\\\/\\\/www.meydan.tv\\\/az\\\/?s={search_term_string}\"},\"query-input\":{\"@type\":\"PropertyValueSpecification\",\"valueRequired\":true,\"valueName\":\"search_term_string\"}}],\"inLanguage\":\"az\"},{\"@type\":\"Organization\",\"@id\":\"https:\\\/\\\/www.meydan.tv\\\/az\\\/#organization\",\"name\":\"Meydan TV\",\"url\":\"https:\\\/\\\/www.meydan.tv\\\/az\\\/\",\"logo\":{\"@type\":\"ImageObject\",\"inLanguage\":\"az\",\"@id\":\"https:\\\/\\\/www.meydan.tv\\\/az\\\/#\\\/schema\\\/logo\\\/image\\\/\",\"url\":\"https:\\\/\\\/www.meydan.tv\\\/wp-content\\\/uploads\\\/2021\\\/07\\\/meydan-logo.svg\",\"contentUrl\":\"https:\\\/\\\/www.meydan.tv\\\/wp-content\\\/uploads\\\/2021\\\/07\\\/meydan-logo.svg\",\"width\":195,\"height\":46,\"caption\":\"Meydan TV\"},\"image\":{\"@id\":\"https:\\\/\\\/www.meydan.tv\\\/az\\\/#\\\/schema\\\/logo\\\/image\\\/\"}},{\"@type\":\"Person\",\"@id\":\"https:\\\/\\\/www.meydan.tv\\\/az\\\/#\\\/schema\\\/person\\\/10d11eccf6da3662cf5fdab9806ea91a\",\"name\":\"user-manager\"}]}<\/script>\n<!-- \/ Yoast SEO plugin. -->","yoast_head_json":{"title":"Qiyasla Bayram\u0131n qoydu\u011fu son - MEYDAN.TV","robots":{"index":"index","follow":"follow","max-snippet":"max-snippet:-1","max-image-preview":"max-image-preview:large","max-video-preview":"max-video-preview:-1"},"canonical":"https:\/\/www.meydan.tv\/az\/article\/qiyasla-bayramin-qoydugu-son\/","og_locale":"az_AZ","og_type":"article","og_title":"Qiyasla Bayram\u0131n qoydu\u011fu son - MEYDAN.TV","og_description":"\u00dcmumxalq al\u00e7almas\u0131na son","og_url":"https:\/\/www.meydan.tv\/az\/article\/qiyasla-bayramin-qoydugu-son\/","og_site_name":"MEYDAN.TV","article_published_time":"2016-06-22T17:19:57+00:00","og_image":[{"width":615,"height":617,"url":"https:\/\/www.meydan.tv\/wp-content\/uploads\/23324.png","type":"image\/png"}],"author":"user-manager","twitter_card":"summary_large_image","schema":{"@context":"https:\/\/schema.org","@graph":[{"@type":"Article","@id":"https:\/\/www.meydan.tv\/az\/article\/qiyasla-bayramin-qoydugu-son\/#article","isPartOf":{"@id":"https:\/\/www.meydan.tv\/az\/article\/qiyasla-bayramin-qoydugu-son\/"},"author":{"name":"user-manager","@id":"https:\/\/www.meydan.tv\/az\/#\/schema\/person\/10d11eccf6da3662cf5fdab9806ea91a"},"headline":"Qiyasla Bayram\u0131n qoydu\u011fu son","datePublished":"2016-06-22T17:19:57+00:00","mainEntityOfPage":{"@id":"https:\/\/www.meydan.tv\/az\/article\/qiyasla-bayramin-qoydugu-son\/"},"wordCount":1326,"publisher":{"@id":"https:\/\/www.meydan.tv\/az\/#organization"},"image":{"@id":"https:\/\/www.meydan.tv\/az\/article\/qiyasla-bayramin-qoydugu-son\/#primaryimage"},"thumbnailUrl":"https:\/\/www.meydan.tv\/wp-content\/uploads\/23324.png","articleSection":["M\u0259nim Fikrimc\u0259"],"inLanguage":"az"},{"@type":"WebPage","@id":"https:\/\/www.meydan.tv\/az\/article\/qiyasla-bayramin-qoydugu-son\/","url":"https:\/\/www.meydan.tv\/az\/article\/qiyasla-bayramin-qoydugu-son\/","name":"Qiyasla Bayram\u0131n qoydu\u011fu son - MEYDAN.TV","isPartOf":{"@id":"https:\/\/www.meydan.tv\/az\/#website"},"primaryImageOfPage":{"@id":"https:\/\/www.meydan.tv\/az\/article\/qiyasla-bayramin-qoydugu-son\/#primaryimage"},"image":{"@id":"https:\/\/www.meydan.tv\/az\/article\/qiyasla-bayramin-qoydugu-son\/#primaryimage"},"thumbnailUrl":"https:\/\/www.meydan.tv\/wp-content\/uploads\/23324.png","datePublished":"2016-06-22T17:19:57+00:00","breadcrumb":{"@id":"https:\/\/www.meydan.tv\/az\/article\/qiyasla-bayramin-qoydugu-son\/#breadcrumb"},"inLanguage":"az","potentialAction":[{"@type":"ReadAction","target":["https:\/\/www.meydan.tv\/az\/article\/qiyasla-bayramin-qoydugu-son\/"]}]},{"@type":"ImageObject","inLanguage":"az","@id":"https:\/\/www.meydan.tv\/az\/article\/qiyasla-bayramin-qoydugu-son\/#primaryimage","url":"https:\/\/www.meydan.tv\/wp-content\/uploads\/23324.png","contentUrl":"https:\/\/www.meydan.tv\/wp-content\/uploads\/23324.png","width":615,"height":617,"caption":"Source:"},{"@type":"BreadcrumbList","@id":"https:\/\/www.meydan.tv\/az\/article\/qiyasla-bayramin-qoydugu-son\/#breadcrumb","itemListElement":[{"@type":"ListItem","position":1,"name":"Ana s\u0259hif\u0259","item":"https:\/\/www.meydan.tv\/az\/"},{"@type":"ListItem","position":2,"name":"M\u0259nim Fikrimc\u0259","item":"https:\/\/www.meydan.tv\/az\/section\/menim-fikrimce\/"},{"@type":"ListItem","position":3,"name":"Qiyasla Bayram\u0131n qoydu\u011fu son"}]},{"@type":"WebSite","@id":"https:\/\/www.meydan.tv\/az\/#website","url":"https:\/\/www.meydan.tv\/az\/","name":"MEYDAN.TV","description":"Meydan TV Az\u0259rbaycan\u0131n media m\u0259kan\u0131ndak\u0131 alternativ s\u0259sidir","publisher":{"@id":"https:\/\/www.meydan.tv\/az\/#organization"},"potentialAction":[{"@type":"SearchAction","target":{"@type":"EntryPoint","urlTemplate":"https:\/\/www.meydan.tv\/az\/?s={search_term_string}"},"query-input":{"@type":"PropertyValueSpecification","valueRequired":true,"valueName":"search_term_string"}}],"inLanguage":"az"},{"@type":"Organization","@id":"https:\/\/www.meydan.tv\/az\/#organization","name":"Meydan TV","url":"https:\/\/www.meydan.tv\/az\/","logo":{"@type":"ImageObject","inLanguage":"az","@id":"https:\/\/www.meydan.tv\/az\/#\/schema\/logo\/image\/","url":"https:\/\/www.meydan.tv\/wp-content\/uploads\/2021\/07\/meydan-logo.svg","contentUrl":"https:\/\/www.meydan.tv\/wp-content\/uploads\/2021\/07\/meydan-logo.svg","width":195,"height":46,"caption":"Meydan TV"},"image":{"@id":"https:\/\/www.meydan.tv\/az\/#\/schema\/logo\/image\/"}},{"@type":"Person","@id":"https:\/\/www.meydan.tv\/az\/#\/schema\/person\/10d11eccf6da3662cf5fdab9806ea91a","name":"user-manager"}]}},"_links":{"self":[{"href":"https:\/\/www.meydan.tv\/az\/wp-json\/wp\/v2\/posts\/176899","targetHints":{"allow":["GET"]}}],"collection":[{"href":"https:\/\/www.meydan.tv\/az\/wp-json\/wp\/v2\/posts"}],"about":[{"href":"https:\/\/www.meydan.tv\/az\/wp-json\/wp\/v2\/types\/post"}],"author":[{"embeddable":true,"href":"https:\/\/www.meydan.tv\/az\/wp-json\/wp\/v2\/users\/11"}],"replies":[{"embeddable":true,"href":"https:\/\/www.meydan.tv\/az\/wp-json\/wp\/v2\/comments?post=176899"}],"version-history":[{"count":0,"href":"https:\/\/www.meydan.tv\/az\/wp-json\/wp\/v2\/posts\/176899\/revisions"}],"wp:featuredmedia":[{"embeddable":true,"href":"https:\/\/www.meydan.tv\/az\/wp-json\/wp\/v2\/media\/61272"}],"wp:attachment":[{"href":"https:\/\/www.meydan.tv\/az\/wp-json\/wp\/v2\/media?parent=176899"}],"wp:term":[{"taxonomy":"category","embeddable":true,"href":"https:\/\/www.meydan.tv\/az\/wp-json\/wp\/v2\/categories?post=176899"},{"taxonomy":"post_tag","embeddable":true,"href":"https:\/\/www.meydan.tv\/az\/wp-json\/wp\/v2\/tags?post=176899"}],"curies":[{"name":"wp","href":"https:\/\/api.w.org\/{rel}","templated":true}]}}