{"id":176898,"date":"2016-06-22T17:08:44","date_gmt":"2016-06-22T17:08:44","guid":{"rendered":"https:\/\/www.meydan.tv\/article\/novruz-memmedov-evvelce-azerbaycanin-5-sonra-2-rayon-azad-olunacaq\/"},"modified":"2016-06-22T17:08:44","modified_gmt":"2016-06-22T17:08:44","slug":"novruz-memmedov-evvelce-azerbaycanin-5-sonra-2-rayon-azad-olunacaq","status":"publish","type":"post","link":"https:\/\/www.meydan.tv\/az\/article\/novruz-memmedov-evvelce-azerbaycanin-5-sonra-2-rayon-azad-olunacaq\/","title":{"rendered":"Novruz M\u0259mm\u0259dov: \u018fvv\u0259lc\u0259 Az\u0259rbaycan\u0131n 5, sonra 2 rayon azad olunacaq"},"content":{"rendered":"<figure class=\"wp-block-image size-large\">\n  <img decoding=\"async\" src=\"https:\/\/www.meydan.tv\/az\/61320\/\" alt=\"\" class=\"wp-image-61320\"\/><figcaption><\/figcaption><\/figure>\n<p>\n  <i><br \/>\n    Z\u0259rd\u00fc\u015ft \u018flizad\u0259: &#8221;T\u0259r\u0259fl\u0259r 10 il \u0259vv\u0259l Madrid Prinsipl\u0259rin\u0259 m\u00fcsb\u0259t m\u00fcnasib\u0259t s\u0259rgil\u0259y\u0259nd\u0259 bu bar\u0259d\u0259 raz\u0131l\u0131\u011fa g\u0259libl\u0259r, amma ortada he\u00e7 n\u0259 yoxdur&#8221;<br \/>\n  <\/i>\n<\/p>\n<p>\n  R\u0259smi Bak\u0131 ilk d\u0259f\u0259 prezidentl\u0259rin\u00a0Sankt-Peterburq\u00a0g\u00f6r\u00fc\u015f\u00fcnd\u0259\u00a0Da\u011fl\u0131q Qaraba\u011f probleminin h\u0259llind\u0259 t\u0259r\u0259fl\u0259rin raz\u0131l\u0131\u011fa g\u0259ldiyi m\u0259qamlar\u0131 a\u00e7\u0131qlay\u0131b. ANS TV-nin m\u0259lumat\u0131na g\u00f6r\u0259, bu bar\u0259d\u0259 prezident administrasiyas\u0131 r\u0259hb\u0259rinin m\u00fcavini Novruz M\u0259mm\u0259dov dan\u0131\u015f\u0131b.\n<\/p>\n<p>\n  Onun s\u00f6zl\u0259rin\u0259 g\u00f6r\u0259, g\u00f6r\u00fc\u015fd\u0259 Da\u011fl\u0131q Qaraba\u011f m\u00fcnaqi\u015f\u0259sinin m\u0259rh\u0259l\u0259li h\u0259lli il\u0259 ba\u011fl\u0131 raz\u0131l\u0131q \u0259ld\u0259 olunub.\n<\/p>\n<p>\n  &#8220;Bu g\u00f6r\u00fc\u015f zaman\u0131 m\u00fcnaqi\u015f\u0259nin m\u0259rh\u0259l\u0259li h\u0259llin\u0259 \u00fcst\u00fcnl\u00fck verildi. Y\u0259ni bundan sonra m\u00fcnaqi\u015f\u0259nin h\u0259llind\u0259 m\u0259rh\u0259l\u0259li \u015f\u0259kild\u0259 ir\u0259liy\u0259 getm\u0259k laz\u0131md\u0131r. \u018fvv\u0259lc\u0259 Az\u0259rbaycan\u0131n 5 rayonunun azad olunmas\u0131, ondan sonra 2 rayonun azad olunmas\u0131 v\u0259 d\u0259hlizin m\u00fc\u0259yy\u0259n edilm\u0259si. Daha sonra\u00a0Da\u011fl\u0131q Qaraba\u011f\u0131n\u00a0statusunun m\u00fc\u0259yy\u0259n edilm\u0259si. Bu istiqam\u0259td\u0259 t\u0259r\u0259fl\u0259r prinsip etibaril\u0259 raz\u0131l\u0131\u011fa g\u0259ldil\u0259r&#8221;, &#8211; dey\u0259 administrasiya r\u0259hb\u0259rinin m\u00fcavini bildirib.\n<\/p>\n<p>\n  Novruz M\u0259mm\u0259dovun fikirl\u0259rini Meydan TV-y\u0259 \u015f\u0259rh ed\u0259n siyasi \u015f\u0259rh\u00e7i Z\u0259rd\u00fc\u015ft \u018flizad\u0259 bildirib ki, \u0259slind\u0259, t\u0259r\u0259fl\u0259r t\u0259xmin\u0259n 10 il \u0259vv\u0259l Madrid Prinsipl\u0259rin\u0259 m\u00fcsb\u0259t m\u00fcnasib\u0259t s\u0259rgil\u0259y\u0259nd\u0259 bu bar\u0259d\u0259 raz\u0131l\u0131\u011fa g\u0259libl\u0259r. 10 ildir bu m\u00fcsb\u0259t m\u00fcnasib\u0259t s\u0259rgil\u0259ns\u0259 d\u0259, ortada he\u00e7 n\u0259 yoxdur.\n<\/p>\n<figure class=\"wp-block-image size-large\">\n  <img decoding=\"async\" src=\"https:\/\/www.meydan.tv\/az\/61323\/\" alt=\"\" class=\"wp-image-61323\"\/><figcaption>\n    Z\u0259rd\u00fc\u015ft \u018flizad\u0259<br \/>\n  <\/figcaption><\/figure>\n<p>\n  Z.\u018flizad\u0259 hesab edir ki, Rusiyan\u0131n m\u0259qs\u0259di h\u0259r iki t\u0259r\u0259fi ita\u0259td\u0259 saxlamaq \u00fc\u00e7\u00fcn \u00a0m\u00fcnaqi\u015f\u0259nin h\u0259ll olunmamas\u0131na \u00e7al\u0131\u015fmaqd\u0131r: &#8220;Bax\u0131n, Az\u0259rbaycan deyir ki, \u0259vv\u0259l 5, sonra 2 rayon al\u0131nacaq. Erm\u0259nistan is\u0259 referendum ke\u00e7iril\u0259c\u0259k v\u0259 Da\u011fl\u0131q Qaraba\u011f\u0131n m\u00fcst\u0259qilliyi tan\u0131nacaq. H\u0259r bir t\u0259r\u0259f Madrid Prinsipl\u0259rind\u0259 g\u00f6rm\u0259k ist\u0259diyini xalq\u0131na \u00e7atd\u0131r\u0131r. H\u0259qiq\u0259t is\u0259 ondan ibar\u0259tdir ki, Rusiya m\u00fcnaqi\u015f\u0259nin h\u0259ll olunmas\u0131na imkan vermir. N\u0259 zamana q\u0259d\u0259r sual\u0131 verils\u0259, bak\u0131l\u0131lar\u0131n &#8220;ya\u015f\u0131l ay\u0131n ba\u015f\u0131nda q\u0131rm\u0131z\u0131 \u00e7\u0259r\u015f\u0259nb\u0259d\u0259&#8221; s\u00f6zl\u0259ri yada d\u00fc\u015f\u00fcr. Bel\u0259 adda ay v\u0259 q\u0131rm\u0131z\u0131 \u00e7\u0259r\u015f\u0259nb\u0259 d\u0259 yoxdur. Bu, o dem\u0259kdir ki, Kreml nam\u0259lum zamana q\u0259d\u0259r m\u00fcnaqi\u015f\u0259nin donmu\u015f qalmas\u0131nda maraql\u0131d\u0131r&#8221;.<\/p>\n","protected":false},"excerpt":{"rendered":"<p>Z\u0259rd\u00fc\u015ft \u018flizad\u0259: &#8221;T\u0259r\u0259fl\u0259r 10 il \u0259vv\u0259l Madrid Prinsipl\u0259rin\u0259 m\u00fcsb\u0259t m\u00fcnasib\u0259t s\u0259rgil\u0259y\u0259nd\u0259 bu bar\u0259d\u0259 raz\u0131l\u0131\u011fa g\u0259libl\u0259r, amma ortada he\u00e7 n\u0259 yoxdur&#8221;<\/p>\n","protected":false},"author":11,"featured_media":61320,"comment_status":"closed","ping_status":"open","sticky":false,"template":"","format":"standard","meta":{"_acf_changed":false,"_sitemap_exclude":false,"_sitemap_priority":"","_sitemap_frequency":"","footnotes":""},"categories":[51],"tags":[],"class_list":["post-176898","post","type-post","status-publish","format-standard","has-post-thumbnail","hentry","category-analitika","infinite-scroll-item","generate-columns","tablet-grid-50","mobile-grid-100","grid-parent","grid-33","no-featured-image-padding"],"acf":[],"yoast_head":"<!-- This site is optimized with the Yoast SEO plugin v27.5 - https:\/\/yoast.com\/product\/yoast-seo-wordpress\/ -->\n<title>Novruz M\u0259mm\u0259dov: \u018fvv\u0259lc\u0259 Az\u0259rbaycan\u0131n 5, sonra 2 rayon azad olunacaq - MEYDAN.TV<\/title>\n<meta name=\"robots\" content=\"index, follow, max-snippet:-1, max-image-preview:large, max-video-preview:-1\" \/>\n<link rel=\"canonical\" href=\"https:\/\/www.meydan.tv\/az\/article\/novruz-memmedov-evvelce-azerbaycanin-5-sonra-2-rayon-azad-olunacaq\/\" \/>\n<meta property=\"og:locale\" content=\"az_AZ\" \/>\n<meta property=\"og:type\" content=\"article\" \/>\n<meta property=\"og:title\" content=\"Novruz M\u0259mm\u0259dov: \u018fvv\u0259lc\u0259 Az\u0259rbaycan\u0131n 5, sonra 2 rayon azad olunacaq - MEYDAN.TV\" \/>\n<meta property=\"og:description\" content=\"Z\u0259rd\u00fc\u015ft \u018flizad\u0259: &#039;&#039;T\u0259r\u0259fl\u0259r 10 il \u0259vv\u0259l Madrid Prinsipl\u0259rin\u0259 m\u00fcsb\u0259t m\u00fcnasib\u0259t s\u0259rgil\u0259y\u0259nd\u0259 bu bar\u0259d\u0259 raz\u0131l\u0131\u011fa g\u0259libl\u0259r, amma ortada he\u00e7 n\u0259 yoxdur&#039;&#039;\" \/>\n<meta property=\"og:url\" content=\"https:\/\/www.meydan.tv\/az\/article\/novruz-memmedov-evvelce-azerbaycanin-5-sonra-2-rayon-azad-olunacaq\/\" \/>\n<meta property=\"og:site_name\" content=\"MEYDAN.TV\" \/>\n<meta property=\"article:published_time\" content=\"2016-06-22T17:08:44+00:00\" \/>\n<meta property=\"og:image\" content=\"https:\/\/www.meydan.tv\/wp-content\/uploads\/23320.jpg\" \/>\n\t<meta property=\"og:image:width\" content=\"691\" \/>\n\t<meta property=\"og:image:height\" content=\"479\" \/>\n\t<meta property=\"og:image:type\" content=\"image\/jpeg\" \/>\n<meta name=\"author\" content=\"user-manager\" \/>\n<meta name=\"twitter:card\" content=\"summary_large_image\" \/>\n<script type=\"application\/ld+json\" class=\"yoast-schema-graph\">{\"@context\":\"https:\\\/\\\/schema.org\",\"@graph\":[{\"@type\":\"Article\",\"@id\":\"https:\\\/\\\/www.meydan.tv\\\/az\\\/article\\\/novruz-memmedov-evvelce-azerbaycanin-5-sonra-2-rayon-azad-olunacaq\\\/#article\",\"isPartOf\":{\"@id\":\"https:\\\/\\\/www.meydan.tv\\\/az\\\/article\\\/novruz-memmedov-evvelce-azerbaycanin-5-sonra-2-rayon-azad-olunacaq\\\/\"},\"author\":{\"name\":\"user-manager\",\"@id\":\"https:\\\/\\\/www.meydan.tv\\\/az\\\/#\\\/schema\\\/person\\\/10d11eccf6da3662cf5fdab9806ea91a\"},\"headline\":\"Novruz M\u0259mm\u0259dov: \u018fvv\u0259lc\u0259 Az\u0259rbaycan\u0131n 5, sonra 2 rayon azad olunacaq\",\"datePublished\":\"2016-06-22T17:08:44+00:00\",\"mainEntityOfPage\":{\"@id\":\"https:\\\/\\\/www.meydan.tv\\\/az\\\/article\\\/novruz-memmedov-evvelce-azerbaycanin-5-sonra-2-rayon-azad-olunacaq\\\/\"},\"wordCount\":465,\"publisher\":{\"@id\":\"https:\\\/\\\/www.meydan.tv\\\/az\\\/#organization\"},\"image\":{\"@id\":\"https:\\\/\\\/www.meydan.tv\\\/az\\\/article\\\/novruz-memmedov-evvelce-azerbaycanin-5-sonra-2-rayon-azad-olunacaq\\\/#primaryimage\"},\"thumbnailUrl\":\"https:\\\/\\\/www.meydan.tv\\\/wp-content\\\/uploads\\\/23320.jpg\",\"articleSection\":[\"Analitika\"],\"inLanguage\":\"az\"},{\"@type\":\"WebPage\",\"@id\":\"https:\\\/\\\/www.meydan.tv\\\/az\\\/article\\\/novruz-memmedov-evvelce-azerbaycanin-5-sonra-2-rayon-azad-olunacaq\\\/\",\"url\":\"https:\\\/\\\/www.meydan.tv\\\/az\\\/article\\\/novruz-memmedov-evvelce-azerbaycanin-5-sonra-2-rayon-azad-olunacaq\\\/\",\"name\":\"Novruz M\u0259mm\u0259dov: \u018fvv\u0259lc\u0259 Az\u0259rbaycan\u0131n 5, sonra 2 rayon azad olunacaq - MEYDAN.TV\",\"isPartOf\":{\"@id\":\"https:\\\/\\\/www.meydan.tv\\\/az\\\/#website\"},\"primaryImageOfPage\":{\"@id\":\"https:\\\/\\\/www.meydan.tv\\\/az\\\/article\\\/novruz-memmedov-evvelce-azerbaycanin-5-sonra-2-rayon-azad-olunacaq\\\/#primaryimage\"},\"image\":{\"@id\":\"https:\\\/\\\/www.meydan.tv\\\/az\\\/article\\\/novruz-memmedov-evvelce-azerbaycanin-5-sonra-2-rayon-azad-olunacaq\\\/#primaryimage\"},\"thumbnailUrl\":\"https:\\\/\\\/www.meydan.tv\\\/wp-content\\\/uploads\\\/23320.jpg\",\"datePublished\":\"2016-06-22T17:08:44+00:00\",\"breadcrumb\":{\"@id\":\"https:\\\/\\\/www.meydan.tv\\\/az\\\/article\\\/novruz-memmedov-evvelce-azerbaycanin-5-sonra-2-rayon-azad-olunacaq\\\/#breadcrumb\"},\"inLanguage\":\"az\",\"potentialAction\":[{\"@type\":\"ReadAction\",\"target\":[\"https:\\\/\\\/www.meydan.tv\\\/az\\\/article\\\/novruz-memmedov-evvelce-azerbaycanin-5-sonra-2-rayon-azad-olunacaq\\\/\"]}]},{\"@type\":\"ImageObject\",\"inLanguage\":\"az\",\"@id\":\"https:\\\/\\\/www.meydan.tv\\\/az\\\/article\\\/novruz-memmedov-evvelce-azerbaycanin-5-sonra-2-rayon-azad-olunacaq\\\/#primaryimage\",\"url\":\"https:\\\/\\\/www.meydan.tv\\\/wp-content\\\/uploads\\\/23320.jpg\",\"contentUrl\":\"https:\\\/\\\/www.meydan.tv\\\/wp-content\\\/uploads\\\/23320.jpg\",\"width\":691,\"height\":479,\"caption\":\"Source:\"},{\"@type\":\"BreadcrumbList\",\"@id\":\"https:\\\/\\\/www.meydan.tv\\\/az\\\/article\\\/novruz-memmedov-evvelce-azerbaycanin-5-sonra-2-rayon-azad-olunacaq\\\/#breadcrumb\",\"itemListElement\":[{\"@type\":\"ListItem\",\"position\":1,\"name\":\"Ana s\u0259hif\u0259\",\"item\":\"https:\\\/\\\/www.meydan.tv\\\/az\\\/\"},{\"@type\":\"ListItem\",\"position\":2,\"name\":\"Analitika\",\"item\":\"https:\\\/\\\/www.meydan.tv\\\/az\\\/section\\\/analitika\\\/\"},{\"@type\":\"ListItem\",\"position\":3,\"name\":\"Novruz M\u0259mm\u0259dov: \u018fvv\u0259lc\u0259 Az\u0259rbaycan\u0131n 5, sonra 2 rayon azad olunacaq\"}]},{\"@type\":\"WebSite\",\"@id\":\"https:\\\/\\\/www.meydan.tv\\\/az\\\/#website\",\"url\":\"https:\\\/\\\/www.meydan.tv\\\/az\\\/\",\"name\":\"MEYDAN.TV\",\"description\":\"Meydan TV Az\u0259rbaycan\u0131n media m\u0259kan\u0131ndak\u0131 alternativ s\u0259sidir\",\"publisher\":{\"@id\":\"https:\\\/\\\/www.meydan.tv\\\/az\\\/#organization\"},\"potentialAction\":[{\"@type\":\"SearchAction\",\"target\":{\"@type\":\"EntryPoint\",\"urlTemplate\":\"https:\\\/\\\/www.meydan.tv\\\/az\\\/?s={search_term_string}\"},\"query-input\":{\"@type\":\"PropertyValueSpecification\",\"valueRequired\":true,\"valueName\":\"search_term_string\"}}],\"inLanguage\":\"az\"},{\"@type\":\"Organization\",\"@id\":\"https:\\\/\\\/www.meydan.tv\\\/az\\\/#organization\",\"name\":\"Meydan TV\",\"url\":\"https:\\\/\\\/www.meydan.tv\\\/az\\\/\",\"logo\":{\"@type\":\"ImageObject\",\"inLanguage\":\"az\",\"@id\":\"https:\\\/\\\/www.meydan.tv\\\/az\\\/#\\\/schema\\\/logo\\\/image\\\/\",\"url\":\"https:\\\/\\\/www.meydan.tv\\\/wp-content\\\/uploads\\\/2021\\\/07\\\/meydan-logo.svg\",\"contentUrl\":\"https:\\\/\\\/www.meydan.tv\\\/wp-content\\\/uploads\\\/2021\\\/07\\\/meydan-logo.svg\",\"width\":195,\"height\":46,\"caption\":\"Meydan TV\"},\"image\":{\"@id\":\"https:\\\/\\\/www.meydan.tv\\\/az\\\/#\\\/schema\\\/logo\\\/image\\\/\"}},{\"@type\":\"Person\",\"@id\":\"https:\\\/\\\/www.meydan.tv\\\/az\\\/#\\\/schema\\\/person\\\/10d11eccf6da3662cf5fdab9806ea91a\",\"name\":\"user-manager\"}]}<\/script>\n<!-- \/ Yoast SEO plugin. -->","yoast_head_json":{"title":"Novruz M\u0259mm\u0259dov: \u018fvv\u0259lc\u0259 Az\u0259rbaycan\u0131n 5, sonra 2 rayon azad olunacaq - MEYDAN.TV","robots":{"index":"index","follow":"follow","max-snippet":"max-snippet:-1","max-image-preview":"max-image-preview:large","max-video-preview":"max-video-preview:-1"},"canonical":"https:\/\/www.meydan.tv\/az\/article\/novruz-memmedov-evvelce-azerbaycanin-5-sonra-2-rayon-azad-olunacaq\/","og_locale":"az_AZ","og_type":"article","og_title":"Novruz M\u0259mm\u0259dov: \u018fvv\u0259lc\u0259 Az\u0259rbaycan\u0131n 5, sonra 2 rayon azad olunacaq - MEYDAN.TV","og_description":"Z\u0259rd\u00fc\u015ft \u018flizad\u0259: ''T\u0259r\u0259fl\u0259r 10 il \u0259vv\u0259l Madrid Prinsipl\u0259rin\u0259 m\u00fcsb\u0259t m\u00fcnasib\u0259t s\u0259rgil\u0259y\u0259nd\u0259 bu bar\u0259d\u0259 raz\u0131l\u0131\u011fa g\u0259libl\u0259r, amma ortada he\u00e7 n\u0259 yoxdur''","og_url":"https:\/\/www.meydan.tv\/az\/article\/novruz-memmedov-evvelce-azerbaycanin-5-sonra-2-rayon-azad-olunacaq\/","og_site_name":"MEYDAN.TV","article_published_time":"2016-06-22T17:08:44+00:00","og_image":[{"width":691,"height":479,"url":"https:\/\/www.meydan.tv\/wp-content\/uploads\/23320.jpg","type":"image\/jpeg"}],"author":"user-manager","twitter_card":"summary_large_image","schema":{"@context":"https:\/\/schema.org","@graph":[{"@type":"Article","@id":"https:\/\/www.meydan.tv\/az\/article\/novruz-memmedov-evvelce-azerbaycanin-5-sonra-2-rayon-azad-olunacaq\/#article","isPartOf":{"@id":"https:\/\/www.meydan.tv\/az\/article\/novruz-memmedov-evvelce-azerbaycanin-5-sonra-2-rayon-azad-olunacaq\/"},"author":{"name":"user-manager","@id":"https:\/\/www.meydan.tv\/az\/#\/schema\/person\/10d11eccf6da3662cf5fdab9806ea91a"},"headline":"Novruz M\u0259mm\u0259dov: \u018fvv\u0259lc\u0259 Az\u0259rbaycan\u0131n 5, sonra 2 rayon azad olunacaq","datePublished":"2016-06-22T17:08:44+00:00","mainEntityOfPage":{"@id":"https:\/\/www.meydan.tv\/az\/article\/novruz-memmedov-evvelce-azerbaycanin-5-sonra-2-rayon-azad-olunacaq\/"},"wordCount":465,"publisher":{"@id":"https:\/\/www.meydan.tv\/az\/#organization"},"image":{"@id":"https:\/\/www.meydan.tv\/az\/article\/novruz-memmedov-evvelce-azerbaycanin-5-sonra-2-rayon-azad-olunacaq\/#primaryimage"},"thumbnailUrl":"https:\/\/www.meydan.tv\/wp-content\/uploads\/23320.jpg","articleSection":["Analitika"],"inLanguage":"az"},{"@type":"WebPage","@id":"https:\/\/www.meydan.tv\/az\/article\/novruz-memmedov-evvelce-azerbaycanin-5-sonra-2-rayon-azad-olunacaq\/","url":"https:\/\/www.meydan.tv\/az\/article\/novruz-memmedov-evvelce-azerbaycanin-5-sonra-2-rayon-azad-olunacaq\/","name":"Novruz M\u0259mm\u0259dov: \u018fvv\u0259lc\u0259 Az\u0259rbaycan\u0131n 5, sonra 2 rayon azad olunacaq - MEYDAN.TV","isPartOf":{"@id":"https:\/\/www.meydan.tv\/az\/#website"},"primaryImageOfPage":{"@id":"https:\/\/www.meydan.tv\/az\/article\/novruz-memmedov-evvelce-azerbaycanin-5-sonra-2-rayon-azad-olunacaq\/#primaryimage"},"image":{"@id":"https:\/\/www.meydan.tv\/az\/article\/novruz-memmedov-evvelce-azerbaycanin-5-sonra-2-rayon-azad-olunacaq\/#primaryimage"},"thumbnailUrl":"https:\/\/www.meydan.tv\/wp-content\/uploads\/23320.jpg","datePublished":"2016-06-22T17:08:44+00:00","breadcrumb":{"@id":"https:\/\/www.meydan.tv\/az\/article\/novruz-memmedov-evvelce-azerbaycanin-5-sonra-2-rayon-azad-olunacaq\/#breadcrumb"},"inLanguage":"az","potentialAction":[{"@type":"ReadAction","target":["https:\/\/www.meydan.tv\/az\/article\/novruz-memmedov-evvelce-azerbaycanin-5-sonra-2-rayon-azad-olunacaq\/"]}]},{"@type":"ImageObject","inLanguage":"az","@id":"https:\/\/www.meydan.tv\/az\/article\/novruz-memmedov-evvelce-azerbaycanin-5-sonra-2-rayon-azad-olunacaq\/#primaryimage","url":"https:\/\/www.meydan.tv\/wp-content\/uploads\/23320.jpg","contentUrl":"https:\/\/www.meydan.tv\/wp-content\/uploads\/23320.jpg","width":691,"height":479,"caption":"Source:"},{"@type":"BreadcrumbList","@id":"https:\/\/www.meydan.tv\/az\/article\/novruz-memmedov-evvelce-azerbaycanin-5-sonra-2-rayon-azad-olunacaq\/#breadcrumb","itemListElement":[{"@type":"ListItem","position":1,"name":"Ana s\u0259hif\u0259","item":"https:\/\/www.meydan.tv\/az\/"},{"@type":"ListItem","position":2,"name":"Analitika","item":"https:\/\/www.meydan.tv\/az\/section\/analitika\/"},{"@type":"ListItem","position":3,"name":"Novruz M\u0259mm\u0259dov: \u018fvv\u0259lc\u0259 Az\u0259rbaycan\u0131n 5, sonra 2 rayon azad olunacaq"}]},{"@type":"WebSite","@id":"https:\/\/www.meydan.tv\/az\/#website","url":"https:\/\/www.meydan.tv\/az\/","name":"MEYDAN.TV","description":"Meydan TV Az\u0259rbaycan\u0131n media m\u0259kan\u0131ndak\u0131 alternativ s\u0259sidir","publisher":{"@id":"https:\/\/www.meydan.tv\/az\/#organization"},"potentialAction":[{"@type":"SearchAction","target":{"@type":"EntryPoint","urlTemplate":"https:\/\/www.meydan.tv\/az\/?s={search_term_string}"},"query-input":{"@type":"PropertyValueSpecification","valueRequired":true,"valueName":"search_term_string"}}],"inLanguage":"az"},{"@type":"Organization","@id":"https:\/\/www.meydan.tv\/az\/#organization","name":"Meydan TV","url":"https:\/\/www.meydan.tv\/az\/","logo":{"@type":"ImageObject","inLanguage":"az","@id":"https:\/\/www.meydan.tv\/az\/#\/schema\/logo\/image\/","url":"https:\/\/www.meydan.tv\/wp-content\/uploads\/2021\/07\/meydan-logo.svg","contentUrl":"https:\/\/www.meydan.tv\/wp-content\/uploads\/2021\/07\/meydan-logo.svg","width":195,"height":46,"caption":"Meydan TV"},"image":{"@id":"https:\/\/www.meydan.tv\/az\/#\/schema\/logo\/image\/"}},{"@type":"Person","@id":"https:\/\/www.meydan.tv\/az\/#\/schema\/person\/10d11eccf6da3662cf5fdab9806ea91a","name":"user-manager"}]}},"_links":{"self":[{"href":"https:\/\/www.meydan.tv\/az\/wp-json\/wp\/v2\/posts\/176898","targetHints":{"allow":["GET"]}}],"collection":[{"href":"https:\/\/www.meydan.tv\/az\/wp-json\/wp\/v2\/posts"}],"about":[{"href":"https:\/\/www.meydan.tv\/az\/wp-json\/wp\/v2\/types\/post"}],"author":[{"embeddable":true,"href":"https:\/\/www.meydan.tv\/az\/wp-json\/wp\/v2\/users\/11"}],"replies":[{"embeddable":true,"href":"https:\/\/www.meydan.tv\/az\/wp-json\/wp\/v2\/comments?post=176898"}],"version-history":[{"count":0,"href":"https:\/\/www.meydan.tv\/az\/wp-json\/wp\/v2\/posts\/176898\/revisions"}],"wp:featuredmedia":[{"embeddable":true,"href":"https:\/\/www.meydan.tv\/az\/wp-json\/wp\/v2\/media\/61320"}],"wp:attachment":[{"href":"https:\/\/www.meydan.tv\/az\/wp-json\/wp\/v2\/media?parent=176898"}],"wp:term":[{"taxonomy":"category","embeddable":true,"href":"https:\/\/www.meydan.tv\/az\/wp-json\/wp\/v2\/categories?post=176898"},{"taxonomy":"post_tag","embeddable":true,"href":"https:\/\/www.meydan.tv\/az\/wp-json\/wp\/v2\/tags?post=176898"}],"curies":[{"name":"wp","href":"https:\/\/api.w.org\/{rel}","templated":true}]}}