{"id":176893,"date":"2016-06-22T15:07:01","date_gmt":"2016-06-22T15:07:01","guid":{"rendered":"https:\/\/www.meydan.tv\/article\/metyu-brayza-rusiya-cenubi-qafqazda-sulhmeramli-rol-oynamaga-calisir\/"},"modified":"2016-06-22T15:07:01","modified_gmt":"2016-06-22T15:07:01","slug":"metyu-brayza-rusiya-cenubi-qafqazda-sulhmeramli-rol-oynamaga-calisir","status":"publish","type":"post","link":"https:\/\/www.meydan.tv\/az\/article\/metyu-brayza-rusiya-cenubi-qafqazda-sulhmeramli-rol-oynamaga-calisir\/","title":{"rendered":"Metyu Brayza: Rusiya C\u0259nubi Qafqazda s\u00fclhm\u0259raml\u0131 rol oynama\u011fa \u00e7al\u0131\u015f\u0131r"},"content":{"rendered":"<figure class=\"wp-block-image size-large\">\n  <img decoding=\"async\" src=\"https:\/\/www.meydan.tv\/az\/metyu-brayza-2\/\" alt=\"Metyu Brayza\" class=\"wp-image-61275\"\/><figcaption>\n    Metyu Brayza<br \/>\n  <\/figcaption><\/figure>\n<figure class=\"wp-block-image size-large\">\n  <img decoding=\"async\" src=\"https:\/\/www.meydan.tv\/az\/metyu-brayza-2\/\" alt=\"Metyu Brayza\" class=\"wp-image-61275\"\/><figcaption>\n    Metyu Brayza<br \/>\n  <\/figcaption><\/figure>\n<p>\n  <i><br \/>\n    &#8221;20 iyun g\u00f6r\u00fc\u015f\u00fcn\u00fcn \u0259sas n\u0259tic\u0259l\u0259rind\u0259n biri bu olub ki, y\u00fcks\u0259k s\u0259viyy\u0259li g\u00f6r\u00fc\u015fl\u0259r h\u0259ms\u0259drl\u0259rin r\u0259hb\u0259rliyi il\u0259 Minsk Qrupu \u00e7\u0259r\u00e7iv\u0259sind\u0259 davam etdiril\u0259c\u0259k&#8221;<br \/>\n  <\/i>\n<\/p>\n<p>\n  \u201cAz\u0259rbaycan, Erm\u0259nistan v\u0259 Rusiya prezidentl\u0259ri aras\u0131nda Sankt-Peterburqda ke\u00e7iril\u0259n g\u00f6r\u00fc\u015f iki C\u0259nubi Qafqaz \u00f6lk\u0259si aras\u0131nda ab-havan\u0131 yax\u015f\u0131la\u015fd\u0131rd\u0131 v\u0259 h\u0259r iki prezident v\u0259 xarici i\u015fl\u0259r nazirl\u0259ri aras\u0131nda g\u0259l\u0259c\u0259k m\u00fczakir\u0259l\u0259rd\u0259 AT\u018fT-in Minsk Qrupunun m\u0259rk\u0259zi rolunu b\u0259rpa etdi\u201d.<\/p>\n<p>  Bu s\u00f6zl\u0259ri APA-ya a\u00e7\u0131qlamas\u0131nda AT\u018fT-in Minsk Qrupunun ke\u00e7mi\u015f amerikal\u0131 h\u0259ms\u0259dri, AB\u015e-\u0131n Az\u0259rbaycandak\u0131 sabiq s\u0259firi, Estoniya Beyn\u0259lxalq M\u00fcdafi\u0259 v\u0259 T\u0259hl\u00fck\u0259sizlik M\u0259rk\u0259zinin direktoru Metyu Brayza deyib. O bildirib ki, Sankt-Peterburq g\u00f6r\u00fc\u015f\u00fcnd\u0259 Az\u0259rbaycan v\u0259 Erm\u0259nistan prezidentl\u0259ri may\u0131n 16-da Vyanada raz\u0131la\u015fd\u0131qlar\u0131 kimi, t\u0259mas x\u0259ttind\u0259 h\u0259rbi g\u0259rginliyi azalmaqla ba\u011fl\u0131 t\u0259dbirl\u0259rin h\u0259yata ke\u00e7irilm\u0259si v\u0259 m\u00fcnaqi\u015f\u0259nin siyasi h\u0259lli il\u0259 ba\u011fl\u0131 dan\u0131\u015f\u0131qlar\u0131n b\u0259rpas\u0131 \u00fc\u00e7\u00fcn t\u0259l\u0259b olunan atmosferin yarad\u0131lmas\u0131 \u00f6hd\u0259liyini \u00fcz\u0259ril\u0259rin\u0259 g\u00f6t\u00fcr\u00fcbl\u0259r: \u201cB\u00fct\u00fcn bunlar \u00fcmumilikd\u0259 Az\u0259rbaycanla Erm\u0259nistan aras\u0131nda m\u00fcnasib\u0259tl\u0259r bax\u0131m\u0131ndan ir\u0259lil\u0259yi\u015fl\u0259rdir, lakin m\u00fcnaqi\u015f\u0259nin h\u0259lli istiqam\u0259tind\u0259 \u0259sasl\u0131 (substantiv) nailiyy\u0259tl\u0259rin oldu\u011funa i\u015far\u0259 etmir. B\u00fct\u00fcn hallarda Sankt-Peterburq g\u00f6r\u00fc\u015f\u00fc t\u0259r\u0259fl\u0259ri t\u0259hl\u00fck\u0259siz v\u0259 daha stabil v\u0259ziyy\u0259t\u0259 do\u011fru apar\u0131b\u201d.<\/p>\n<p>  M. Brayza AB\u015e-\u0131n Rusiya prezidenti Vladimir Putinin ev sahibliyi il\u0259 ke\u00e7iril\u0259n g\u00f6r\u00fc\u015fd\u0259n k\u0259narda qalmad\u0131\u011f\u0131n\u0131 s\u00f6yl\u0259yib. Onun s\u00f6zl\u0259rin\u0259 g\u00f6r\u0259, m\u0259hz g\u00f6r\u00fc\u015f\u00fcn \u0259sas n\u0259tic\u0259l\u0259rind\u0259n biri bu olub ki, y\u00fcks\u0259k s\u0259viyy\u0259li g\u00f6r\u00fc\u015fl\u0259r h\u0259ms\u0259drl\u0259rin r\u0259hb\u0259rliyi il\u0259 Minsk Qrupu \u00e7\u0259r\u00e7iv\u0259sind\u0259 davam etdiril\u0259c\u0259k.<\/p>\n<p>  Ke\u00e7mi\u015f h\u0259ms\u0259drin fikrinc\u0259, Rusiya bu \u00f6lk\u0259y\u0259 qar\u015f\u0131 sanksiyalar\u0131 davam etdir\u0259n A\u0130 liderl\u0259rin\u0259 g\u00f6st\u0259rm\u0259k ist\u0259yir ki, C\u0259nubi Qafqazda s\u00fclhm\u0259raml\u0131 rol oynama\u011fa \u00e7al\u0131\u015f\u0131r.<\/p>\n<p>  M. Brayza hesab edir ki, m\u00fcnaqi\u015f\u0259nin h\u0259lli yolu 2007-ci ild\u0259n masa \u00fcz\u0259rind\u0259 olan, m\u00fcnaqi\u015f\u0259nin h\u0259lli il\u0259 ba\u011fl\u0131 t\u0259m\u0259l prinsipl\u0259ri \u00f6z\u00fcnd\u0259 \u0259ks etdir\u0259n Madrid s\u0259n\u0259di \u00fcz\u0259rind\u0259 i\u015fi yekunla\u015fd\u0131rmaqdam ke\u00e7ir: &#8220;Bunun ba\u015f verm\u0259si \u00fc\u00e7\u00fcn h\u0259ms\u0259dr \u00f6lk\u0259l\u0259rin prezidentl\u0259rinin, x\u00fcsusil\u0259 AB\u015e prezidentinin bu i\u015f\u0259 c\u0259lb edilm\u0259si lab\u00fcd olacaq\u201d.<\/p>\n","protected":false},"excerpt":{"rendered":"<p>&#8221;20 iyun g\u00f6r\u00fc\u015f\u00fcn\u00fcn \u0259sas n\u0259tic\u0259l\u0259rind\u0259n biri bu olub ki, y\u00fcks\u0259k s\u0259viyy\u0259li g\u00f6r\u00fc\u015fl\u0259r h\u0259ms\u0259drl\u0259rin r\u0259hb\u0259rliyi il\u0259 Minsk Qrupu \u00e7\u0259r\u00e7iv\u0259sind\u0259 davam etdiril\u0259c\u0259k&#8221;<\/p>\n","protected":false},"author":11,"featured_media":61275,"comment_status":"closed","ping_status":"open","sticky":false,"template":"","format":"standard","meta":{"_acf_changed":false,"_sitemap_exclude":false,"_sitemap_priority":"","_sitemap_frequency":"","footnotes":""},"categories":[51],"tags":[],"class_list":["post-176893","post","type-post","status-publish","format-standard","has-post-thumbnail","hentry","category-analitika","infinite-scroll-item","generate-columns","tablet-grid-50","mobile-grid-100","grid-parent","grid-33","no-featured-image-padding"],"acf":[],"yoast_head":"<!-- This site is optimized with the Yoast SEO plugin v27.5 - https:\/\/yoast.com\/product\/yoast-seo-wordpress\/ -->\n<title>Metyu Brayza: Rusiya C\u0259nubi Qafqazda s\u00fclhm\u0259raml\u0131 rol oynama\u011fa \u00e7al\u0131\u015f\u0131r - MEYDAN.TV<\/title>\n<meta name=\"robots\" content=\"index, follow, max-snippet:-1, max-image-preview:large, max-video-preview:-1\" \/>\n<link rel=\"canonical\" href=\"https:\/\/www.meydan.tv\/az\/article\/metyu-brayza-rusiya-cenubi-qafqazda-sulhmeramli-rol-oynamaga-calisir\/\" \/>\n<meta property=\"og:locale\" content=\"az_AZ\" \/>\n<meta property=\"og:type\" content=\"article\" \/>\n<meta property=\"og:title\" content=\"Metyu Brayza: Rusiya C\u0259nubi Qafqazda s\u00fclhm\u0259raml\u0131 rol oynama\u011fa \u00e7al\u0131\u015f\u0131r - MEYDAN.TV\" \/>\n<meta property=\"og:description\" content=\"&#039;&#039;20 iyun g\u00f6r\u00fc\u015f\u00fcn\u00fcn \u0259sas n\u0259tic\u0259l\u0259rind\u0259n biri bu olub ki, y\u00fcks\u0259k s\u0259viyy\u0259li g\u00f6r\u00fc\u015fl\u0259r h\u0259ms\u0259drl\u0259rin r\u0259hb\u0259rliyi il\u0259 Minsk Qrupu \u00e7\u0259r\u00e7iv\u0259sind\u0259 davam etdiril\u0259c\u0259k&#039;&#039;\" \/>\n<meta property=\"og:url\" content=\"https:\/\/www.meydan.tv\/az\/article\/metyu-brayza-rusiya-cenubi-qafqazda-sulhmeramli-rol-oynamaga-calisir\/\" \/>\n<meta property=\"og:site_name\" content=\"MEYDAN.TV\" \/>\n<meta property=\"article:published_time\" content=\"2016-06-22T15:07:01+00:00\" \/>\n<meta property=\"og:image\" content=\"https:\/\/www.meydan.tv\/wp-content\/uploads\/23293.jpg\" \/>\n\t<meta property=\"og:image:width\" content=\"768\" \/>\n\t<meta property=\"og:image:height\" content=\"333\" \/>\n\t<meta property=\"og:image:type\" content=\"image\/jpeg\" \/>\n<meta name=\"author\" content=\"user-manager\" \/>\n<meta name=\"twitter:card\" content=\"summary_large_image\" \/>\n<script type=\"application\/ld+json\" class=\"yoast-schema-graph\">{\"@context\":\"https:\\\/\\\/schema.org\",\"@graph\":[{\"@type\":\"Article\",\"@id\":\"https:\\\/\\\/www.meydan.tv\\\/az\\\/article\\\/metyu-brayza-rusiya-cenubi-qafqazda-sulhmeramli-rol-oynamaga-calisir\\\/#article\",\"isPartOf\":{\"@id\":\"https:\\\/\\\/www.meydan.tv\\\/az\\\/article\\\/metyu-brayza-rusiya-cenubi-qafqazda-sulhmeramli-rol-oynamaga-calisir\\\/\"},\"author\":{\"name\":\"user-manager\",\"@id\":\"https:\\\/\\\/www.meydan.tv\\\/az\\\/#\\\/schema\\\/person\\\/10d11eccf6da3662cf5fdab9806ea91a\"},\"headline\":\"Metyu Brayza: Rusiya C\u0259nubi Qafqazda s\u00fclhm\u0259raml\u0131 rol oynama\u011fa \u00e7al\u0131\u015f\u0131r\",\"datePublished\":\"2016-06-22T15:07:01+00:00\",\"mainEntityOfPage\":{\"@id\":\"https:\\\/\\\/www.meydan.tv\\\/az\\\/article\\\/metyu-brayza-rusiya-cenubi-qafqazda-sulhmeramli-rol-oynamaga-calisir\\\/\"},\"wordCount\":491,\"publisher\":{\"@id\":\"https:\\\/\\\/www.meydan.tv\\\/az\\\/#organization\"},\"image\":{\"@id\":\"https:\\\/\\\/www.meydan.tv\\\/az\\\/article\\\/metyu-brayza-rusiya-cenubi-qafqazda-sulhmeramli-rol-oynamaga-calisir\\\/#primaryimage\"},\"thumbnailUrl\":\"https:\\\/\\\/www.meydan.tv\\\/wp-content\\\/uploads\\\/23293.jpg\",\"articleSection\":[\"Analitika\"],\"inLanguage\":\"az\"},{\"@type\":\"WebPage\",\"@id\":\"https:\\\/\\\/www.meydan.tv\\\/az\\\/article\\\/metyu-brayza-rusiya-cenubi-qafqazda-sulhmeramli-rol-oynamaga-calisir\\\/\",\"url\":\"https:\\\/\\\/www.meydan.tv\\\/az\\\/article\\\/metyu-brayza-rusiya-cenubi-qafqazda-sulhmeramli-rol-oynamaga-calisir\\\/\",\"name\":\"Metyu Brayza: Rusiya C\u0259nubi Qafqazda s\u00fclhm\u0259raml\u0131 rol oynama\u011fa \u00e7al\u0131\u015f\u0131r - MEYDAN.TV\",\"isPartOf\":{\"@id\":\"https:\\\/\\\/www.meydan.tv\\\/az\\\/#website\"},\"primaryImageOfPage\":{\"@id\":\"https:\\\/\\\/www.meydan.tv\\\/az\\\/article\\\/metyu-brayza-rusiya-cenubi-qafqazda-sulhmeramli-rol-oynamaga-calisir\\\/#primaryimage\"},\"image\":{\"@id\":\"https:\\\/\\\/www.meydan.tv\\\/az\\\/article\\\/metyu-brayza-rusiya-cenubi-qafqazda-sulhmeramli-rol-oynamaga-calisir\\\/#primaryimage\"},\"thumbnailUrl\":\"https:\\\/\\\/www.meydan.tv\\\/wp-content\\\/uploads\\\/23293.jpg\",\"datePublished\":\"2016-06-22T15:07:01+00:00\",\"breadcrumb\":{\"@id\":\"https:\\\/\\\/www.meydan.tv\\\/az\\\/article\\\/metyu-brayza-rusiya-cenubi-qafqazda-sulhmeramli-rol-oynamaga-calisir\\\/#breadcrumb\"},\"inLanguage\":\"az\",\"potentialAction\":[{\"@type\":\"ReadAction\",\"target\":[\"https:\\\/\\\/www.meydan.tv\\\/az\\\/article\\\/metyu-brayza-rusiya-cenubi-qafqazda-sulhmeramli-rol-oynamaga-calisir\\\/\"]}]},{\"@type\":\"ImageObject\",\"inLanguage\":\"az\",\"@id\":\"https:\\\/\\\/www.meydan.tv\\\/az\\\/article\\\/metyu-brayza-rusiya-cenubi-qafqazda-sulhmeramli-rol-oynamaga-calisir\\\/#primaryimage\",\"url\":\"https:\\\/\\\/www.meydan.tv\\\/wp-content\\\/uploads\\\/23293.jpg\",\"contentUrl\":\"https:\\\/\\\/www.meydan.tv\\\/wp-content\\\/uploads\\\/23293.jpg\",\"width\":768,\"height\":333,\"caption\":\"Source:\"},{\"@type\":\"BreadcrumbList\",\"@id\":\"https:\\\/\\\/www.meydan.tv\\\/az\\\/article\\\/metyu-brayza-rusiya-cenubi-qafqazda-sulhmeramli-rol-oynamaga-calisir\\\/#breadcrumb\",\"itemListElement\":[{\"@type\":\"ListItem\",\"position\":1,\"name\":\"Ana s\u0259hif\u0259\",\"item\":\"https:\\\/\\\/www.meydan.tv\\\/az\\\/\"},{\"@type\":\"ListItem\",\"position\":2,\"name\":\"Analitika\",\"item\":\"https:\\\/\\\/www.meydan.tv\\\/az\\\/section\\\/analitika\\\/\"},{\"@type\":\"ListItem\",\"position\":3,\"name\":\"Metyu Brayza: Rusiya C\u0259nubi Qafqazda s\u00fclhm\u0259raml\u0131 rol oynama\u011fa \u00e7al\u0131\u015f\u0131r\"}]},{\"@type\":\"WebSite\",\"@id\":\"https:\\\/\\\/www.meydan.tv\\\/az\\\/#website\",\"url\":\"https:\\\/\\\/www.meydan.tv\\\/az\\\/\",\"name\":\"MEYDAN.TV\",\"description\":\"Meydan TV Az\u0259rbaycan\u0131n media m\u0259kan\u0131ndak\u0131 alternativ s\u0259sidir\",\"publisher\":{\"@id\":\"https:\\\/\\\/www.meydan.tv\\\/az\\\/#organization\"},\"potentialAction\":[{\"@type\":\"SearchAction\",\"target\":{\"@type\":\"EntryPoint\",\"urlTemplate\":\"https:\\\/\\\/www.meydan.tv\\\/az\\\/?s={search_term_string}\"},\"query-input\":{\"@type\":\"PropertyValueSpecification\",\"valueRequired\":true,\"valueName\":\"search_term_string\"}}],\"inLanguage\":\"az\"},{\"@type\":\"Organization\",\"@id\":\"https:\\\/\\\/www.meydan.tv\\\/az\\\/#organization\",\"name\":\"Meydan TV\",\"url\":\"https:\\\/\\\/www.meydan.tv\\\/az\\\/\",\"logo\":{\"@type\":\"ImageObject\",\"inLanguage\":\"az\",\"@id\":\"https:\\\/\\\/www.meydan.tv\\\/az\\\/#\\\/schema\\\/logo\\\/image\\\/\",\"url\":\"https:\\\/\\\/www.meydan.tv\\\/wp-content\\\/uploads\\\/2021\\\/07\\\/meydan-logo.svg\",\"contentUrl\":\"https:\\\/\\\/www.meydan.tv\\\/wp-content\\\/uploads\\\/2021\\\/07\\\/meydan-logo.svg\",\"width\":195,\"height\":46,\"caption\":\"Meydan TV\"},\"image\":{\"@id\":\"https:\\\/\\\/www.meydan.tv\\\/az\\\/#\\\/schema\\\/logo\\\/image\\\/\"}},{\"@type\":\"Person\",\"@id\":\"https:\\\/\\\/www.meydan.tv\\\/az\\\/#\\\/schema\\\/person\\\/10d11eccf6da3662cf5fdab9806ea91a\",\"name\":\"user-manager\"}]}<\/script>\n<!-- \/ Yoast SEO plugin. -->","yoast_head_json":{"title":"Metyu Brayza: Rusiya C\u0259nubi Qafqazda s\u00fclhm\u0259raml\u0131 rol oynama\u011fa \u00e7al\u0131\u015f\u0131r - MEYDAN.TV","robots":{"index":"index","follow":"follow","max-snippet":"max-snippet:-1","max-image-preview":"max-image-preview:large","max-video-preview":"max-video-preview:-1"},"canonical":"https:\/\/www.meydan.tv\/az\/article\/metyu-brayza-rusiya-cenubi-qafqazda-sulhmeramli-rol-oynamaga-calisir\/","og_locale":"az_AZ","og_type":"article","og_title":"Metyu Brayza: Rusiya C\u0259nubi Qafqazda s\u00fclhm\u0259raml\u0131 rol oynama\u011fa \u00e7al\u0131\u015f\u0131r - MEYDAN.TV","og_description":"''20 iyun g\u00f6r\u00fc\u015f\u00fcn\u00fcn \u0259sas n\u0259tic\u0259l\u0259rind\u0259n biri bu olub ki, y\u00fcks\u0259k s\u0259viyy\u0259li g\u00f6r\u00fc\u015fl\u0259r h\u0259ms\u0259drl\u0259rin r\u0259hb\u0259rliyi il\u0259 Minsk Qrupu \u00e7\u0259r\u00e7iv\u0259sind\u0259 davam etdiril\u0259c\u0259k''","og_url":"https:\/\/www.meydan.tv\/az\/article\/metyu-brayza-rusiya-cenubi-qafqazda-sulhmeramli-rol-oynamaga-calisir\/","og_site_name":"MEYDAN.TV","article_published_time":"2016-06-22T15:07:01+00:00","og_image":[{"width":768,"height":333,"url":"https:\/\/www.meydan.tv\/wp-content\/uploads\/23293.jpg","type":"image\/jpeg"}],"author":"user-manager","twitter_card":"summary_large_image","schema":{"@context":"https:\/\/schema.org","@graph":[{"@type":"Article","@id":"https:\/\/www.meydan.tv\/az\/article\/metyu-brayza-rusiya-cenubi-qafqazda-sulhmeramli-rol-oynamaga-calisir\/#article","isPartOf":{"@id":"https:\/\/www.meydan.tv\/az\/article\/metyu-brayza-rusiya-cenubi-qafqazda-sulhmeramli-rol-oynamaga-calisir\/"},"author":{"name":"user-manager","@id":"https:\/\/www.meydan.tv\/az\/#\/schema\/person\/10d11eccf6da3662cf5fdab9806ea91a"},"headline":"Metyu Brayza: Rusiya C\u0259nubi Qafqazda s\u00fclhm\u0259raml\u0131 rol oynama\u011fa \u00e7al\u0131\u015f\u0131r","datePublished":"2016-06-22T15:07:01+00:00","mainEntityOfPage":{"@id":"https:\/\/www.meydan.tv\/az\/article\/metyu-brayza-rusiya-cenubi-qafqazda-sulhmeramli-rol-oynamaga-calisir\/"},"wordCount":491,"publisher":{"@id":"https:\/\/www.meydan.tv\/az\/#organization"},"image":{"@id":"https:\/\/www.meydan.tv\/az\/article\/metyu-brayza-rusiya-cenubi-qafqazda-sulhmeramli-rol-oynamaga-calisir\/#primaryimage"},"thumbnailUrl":"https:\/\/www.meydan.tv\/wp-content\/uploads\/23293.jpg","articleSection":["Analitika"],"inLanguage":"az"},{"@type":"WebPage","@id":"https:\/\/www.meydan.tv\/az\/article\/metyu-brayza-rusiya-cenubi-qafqazda-sulhmeramli-rol-oynamaga-calisir\/","url":"https:\/\/www.meydan.tv\/az\/article\/metyu-brayza-rusiya-cenubi-qafqazda-sulhmeramli-rol-oynamaga-calisir\/","name":"Metyu Brayza: Rusiya C\u0259nubi Qafqazda s\u00fclhm\u0259raml\u0131 rol oynama\u011fa \u00e7al\u0131\u015f\u0131r - MEYDAN.TV","isPartOf":{"@id":"https:\/\/www.meydan.tv\/az\/#website"},"primaryImageOfPage":{"@id":"https:\/\/www.meydan.tv\/az\/article\/metyu-brayza-rusiya-cenubi-qafqazda-sulhmeramli-rol-oynamaga-calisir\/#primaryimage"},"image":{"@id":"https:\/\/www.meydan.tv\/az\/article\/metyu-brayza-rusiya-cenubi-qafqazda-sulhmeramli-rol-oynamaga-calisir\/#primaryimage"},"thumbnailUrl":"https:\/\/www.meydan.tv\/wp-content\/uploads\/23293.jpg","datePublished":"2016-06-22T15:07:01+00:00","breadcrumb":{"@id":"https:\/\/www.meydan.tv\/az\/article\/metyu-brayza-rusiya-cenubi-qafqazda-sulhmeramli-rol-oynamaga-calisir\/#breadcrumb"},"inLanguage":"az","potentialAction":[{"@type":"ReadAction","target":["https:\/\/www.meydan.tv\/az\/article\/metyu-brayza-rusiya-cenubi-qafqazda-sulhmeramli-rol-oynamaga-calisir\/"]}]},{"@type":"ImageObject","inLanguage":"az","@id":"https:\/\/www.meydan.tv\/az\/article\/metyu-brayza-rusiya-cenubi-qafqazda-sulhmeramli-rol-oynamaga-calisir\/#primaryimage","url":"https:\/\/www.meydan.tv\/wp-content\/uploads\/23293.jpg","contentUrl":"https:\/\/www.meydan.tv\/wp-content\/uploads\/23293.jpg","width":768,"height":333,"caption":"Source:"},{"@type":"BreadcrumbList","@id":"https:\/\/www.meydan.tv\/az\/article\/metyu-brayza-rusiya-cenubi-qafqazda-sulhmeramli-rol-oynamaga-calisir\/#breadcrumb","itemListElement":[{"@type":"ListItem","position":1,"name":"Ana s\u0259hif\u0259","item":"https:\/\/www.meydan.tv\/az\/"},{"@type":"ListItem","position":2,"name":"Analitika","item":"https:\/\/www.meydan.tv\/az\/section\/analitika\/"},{"@type":"ListItem","position":3,"name":"Metyu Brayza: Rusiya C\u0259nubi Qafqazda s\u00fclhm\u0259raml\u0131 rol oynama\u011fa \u00e7al\u0131\u015f\u0131r"}]},{"@type":"WebSite","@id":"https:\/\/www.meydan.tv\/az\/#website","url":"https:\/\/www.meydan.tv\/az\/","name":"MEYDAN.TV","description":"Meydan TV Az\u0259rbaycan\u0131n media m\u0259kan\u0131ndak\u0131 alternativ s\u0259sidir","publisher":{"@id":"https:\/\/www.meydan.tv\/az\/#organization"},"potentialAction":[{"@type":"SearchAction","target":{"@type":"EntryPoint","urlTemplate":"https:\/\/www.meydan.tv\/az\/?s={search_term_string}"},"query-input":{"@type":"PropertyValueSpecification","valueRequired":true,"valueName":"search_term_string"}}],"inLanguage":"az"},{"@type":"Organization","@id":"https:\/\/www.meydan.tv\/az\/#organization","name":"Meydan TV","url":"https:\/\/www.meydan.tv\/az\/","logo":{"@type":"ImageObject","inLanguage":"az","@id":"https:\/\/www.meydan.tv\/az\/#\/schema\/logo\/image\/","url":"https:\/\/www.meydan.tv\/wp-content\/uploads\/2021\/07\/meydan-logo.svg","contentUrl":"https:\/\/www.meydan.tv\/wp-content\/uploads\/2021\/07\/meydan-logo.svg","width":195,"height":46,"caption":"Meydan TV"},"image":{"@id":"https:\/\/www.meydan.tv\/az\/#\/schema\/logo\/image\/"}},{"@type":"Person","@id":"https:\/\/www.meydan.tv\/az\/#\/schema\/person\/10d11eccf6da3662cf5fdab9806ea91a","name":"user-manager"}]}},"_links":{"self":[{"href":"https:\/\/www.meydan.tv\/az\/wp-json\/wp\/v2\/posts\/176893","targetHints":{"allow":["GET"]}}],"collection":[{"href":"https:\/\/www.meydan.tv\/az\/wp-json\/wp\/v2\/posts"}],"about":[{"href":"https:\/\/www.meydan.tv\/az\/wp-json\/wp\/v2\/types\/post"}],"author":[{"embeddable":true,"href":"https:\/\/www.meydan.tv\/az\/wp-json\/wp\/v2\/users\/11"}],"replies":[{"embeddable":true,"href":"https:\/\/www.meydan.tv\/az\/wp-json\/wp\/v2\/comments?post=176893"}],"version-history":[{"count":0,"href":"https:\/\/www.meydan.tv\/az\/wp-json\/wp\/v2\/posts\/176893\/revisions"}],"wp:featuredmedia":[{"embeddable":true,"href":"https:\/\/www.meydan.tv\/az\/wp-json\/wp\/v2\/media\/61275"}],"wp:attachment":[{"href":"https:\/\/www.meydan.tv\/az\/wp-json\/wp\/v2\/media?parent=176893"}],"wp:term":[{"taxonomy":"category","embeddable":true,"href":"https:\/\/www.meydan.tv\/az\/wp-json\/wp\/v2\/categories?post=176893"},{"taxonomy":"post_tag","embeddable":true,"href":"https:\/\/www.meydan.tv\/az\/wp-json\/wp\/v2\/tags?post=176893"}],"curies":[{"name":"wp","href":"https:\/\/api.w.org\/{rel}","templated":true}]}}