{"id":176892,"date":"2016-06-22T13:54:07","date_gmt":"2016-06-22T13:54:07","guid":{"rendered":"https:\/\/www.meydan.tv\/article\/ingiltere-ab-munasibetleri\/"},"modified":"2016-06-22T13:54:07","modified_gmt":"2016-06-22T13:54:07","slug":"ingiltere-ab-munasibetleri","status":"publish","type":"post","link":"https:\/\/www.meydan.tv\/az\/article\/ingiltere-ab-munasibetleri\/","title":{"rendered":"\u0130ngilt\u0259r\u0259-AB m\u00fcnasib\u0259tl\u0259ri"},"content":{"rendered":"<figure class=\"wp-block-image size-large\">\n  <img decoding=\"async\" src=\"https:\/\/www.meydan.tv\/az\/61263\/\" alt=\"\" class=\"wp-image-61263\"\/><figcaption><\/figcaption><\/figure>\n<figure class=\"wp-block-image size-large\">\n  <img decoding=\"async\" src=\"https:\/\/www.meydan.tv\/az\/61260\/\" alt=\"\" class=\"wp-image-61260\"\/><figcaption><\/figcaption><\/figure>\n<p>\n  Avropa Birliyi miqrasiya b\u00f6hran\u0131 il\u0259 \u00e7alxalanmaqda ik\u0259n, Birliyin qurulu\u015funun tamamil\u0259 yenil\u0259nm\u0259sin\u0259 yol a\u00e7a bil\u0259c\u0259k h\u0259lledici hadis\u0259y\u0259 &#8211; \u0130ngilt\u0259r\u0259d\u0259 ke\u00e7iril\u0259c\u0259k referenduma 1 g\u00fcn qal\u0131r. 23 uyun 2016-c\u0131 ild\u0259 ba\u015f tutacaq referendum \u0130ngilt\u0259r\u0259nin AB \u00fczv\u00fc olaraq qal\u0131b-qalmayaca\u011f\u0131na ayd\u0131nl\u0131q g\u0259tir\u0259c\u0259k. \u0130ngilt\u0259r\u0259nin Almaniya v\u0259 Fransayla birlikd\u0259 AB-nin \u0259n g\u00fccl\u00fc \u00fc\u00e7 iqtisadiyyat\u0131ndan biri oldu\u011fu d\u00fc\u015f\u00fcn\u00fcl\u00fcrs\u0259, Dumanl\u0131 Albionsuz bug\u00fcnki kimi bir AB-d\u0259n dan\u0131\u015fmaq m\u00fcmk\u00fcn olmayacaq.\n<\/p>\n<p>\n  \u018fslind\u0259 bu referendum \u0130ngilt\u0259r\u0259-AB \u0259laq\u0259l\u0259ri bax\u0131m\u0131ndan ilk deyil. O zamank\u0131 ad\u0131yla Avropa \u0130qtisadi Birliyin\u0259 qat\u0131ld\u0131qdan iki il sonra da, 1975-ci ild\u0259 ingilisl\u0259r referenduma getmi\u015f v\u0259 \u201c\u00dcmumi Bazar\u201dda qalma\u011fa q\u0259rar vermi\u015fdil\u0259r. AB m\u00f6vzusunu t\u0259qib ed\u0259nl\u0259rin yax\u015f\u0131 bil\u0259c\u0259yi kimi \u0130ngilt\u0259r\u0259nin \u00fczvl\u00fcy\u00fc onsuz da h\u0259r zaman \u201cistisnalarla\u201d dolu idi.\n<\/p>\n<p>\n  M\u0259s\u0259l\u0259n, \u0130ngilt\u0259r\u0259 AB-nin \u00f6z tarixi boyunca \u00e7atd\u0131\u011f\u0131 \u0259n \u0259h\u0259miyy\u0259tli iki u\u011fur olaraq qiym\u0259tl\u0259ndiril\u0259n \u015eengen zonas\u0131na v\u0259 Avrom\u0259kan\u0131na qo\u015fulmay\u0131b. Dig\u0259r \u00fczvl\u0259r d\u0259 bu q\u0259rara h\u00f6rm\u0259t g\u00f6st\u0259rm\u0259k m\u0259cburiyy\u0259tind\u0259 qalm\u0131\u015fd\u0131lar. H\u0259tta \u0130ngilt\u0259r\u0259nin \u201coyun pozan\u201d r\u0259ftar\u0131 s\u0259b\u0259biyl\u0259 1997-ci ild\u0259 AB-nin qurucu Nizamnam\u0259sin\u0259 \u201c\u0259l g\u0259zdiril\u0259r\u0259k\u201d s\u0259sverm\u0259 sistemind\u0259 \u00e7ox \u0259h\u0259miyy\u0259tli bir d\u0259yi\u015fiklik edilmi\u015fdi. Bel\u0259c\u0259, \u0130ngilt\u0259r\u0259 \u0259ld\u0259 etdiyi \u201cbizlik deyil&#8217; yana\u015fmas\u0131 il\u0259 h\u00fcquqi \u00e7\u0259r\u00e7iv\u0259d\u0259 AB-nin b\u0259zi sah\u0259l\u0259rd\u0259ki ortaq siyas\u0259tin\u0259 qat\u0131lmama imkan\u0131 \u0259ld\u0259 etmi\u015fdi.\n<\/p>\n<p>\n  X\u00fcsusil\u0259 2008-ci ild\u0259 ba\u015f ver\u0259n qlobal maliyy\u0259 b\u00f6hran\u0131 sonras\u0131 \u0130ngilt\u0259r\u0259d\u0259 AB \u0259leyhdarlar\u0131n\u0131n say\u0131nda ciddi art\u0131m m\u00fc\u015fahid\u0259 edildi. Anti-AB yana\u015fmas\u0131n\u0131 \u00f6z varl\u0131q s\u0259b\u0259bi olaraq m\u0259nims\u0259y\u0259n \u201cM\u00fcst\u0259qillik Partiyas\u0131\u201dn\u0131n ke\u00e7\u0259n il may ay\u0131nda ke\u00e7iril\u0259n se\u00e7kil\u0259rd\u0259 s\u0259sl\u0259rin t\u0259xmin\u0259n 13% -ni almas\u0131, \u00fcst\u0259lik, h\u0259m M\u00fchafiz\u0259kar , h\u0259m d\u0259 \u0130\u015f\u00e7i Partiyas\u0131 i\u00e7ind\u0259 \u00e7ox sayda n\u00fcfuzlu siyas\u0259t\u00e7inin AB-d\u0259n \u00e7\u0131xmaq ist\u0259dikl\u0259rini dil\u0259 g\u0259tirm\u0259l\u0259ri ba\u015f nazir Kameronu se\u00e7kil\u0259rd\u0259 s\u00f6z verdiyi referendumu n\u0259hay\u0259t t\u0259yin etm\u0259y\u0259 vadar etdi.\n<\/p>\n<p>\n  \u0130ngilisl\u0259rin bir hiss\u0259sinin Avropa Birliyin\u0259 qar\u015f\u0131 \u00e7\u0131xmalar\u0131n\u0131n \u0259n \u0259h\u0259miyy\u0259tli s\u0259b\u0259bl\u0259ri aras\u0131nda, \u0130ngilt\u0259r\u0259nin AB-y\u0259 faydas\u0131n\u0131n, AB-nin \u0130ngilt\u0259r\u0259y\u0259 faydas\u0131ndan xeyli \u00e7ox olmas\u0131 ger\u00e7\u0259yi yat\u0131r. Dig\u0259r \u00fczv \u00f6lk\u0259l\u0259r kimi \u0130ngilt\u0259r\u0259 d\u0259 toplanan vergil\u0259rin bir hiss\u0259si AB-nin b\u00fcdc\u0259sin\u0259 k\u00f6\u00e7\u00fcr\u00fcr. 2014-ci ild\u0259 116 milyard avro s\u0259viyy\u0259sind\u0259ki AB b\u00fcdc\u0259sinin 11.3 milyardl\u0131q hiss\u0259sini \u0130ngilt\u0259r\u0259 qar\u015f\u0131lay\u0131b.\n<\/p>\n<p>\n  Y\u0259ni \u0130ngilt\u0259r\u0259 Almaniya, Fransa v\u0259 \u0130taliyadan sonra birlik b\u00fcdc\u0259sin\u0259 \u0259n \u00e7ox \u00f6d\u0259ni\u015f ed\u0259n \u00f6lk\u0259dir. (M\u00fcst\u0259qillik Partiyas\u0131n\u0131n se\u00e7ki t\u0259bli\u011fat\u0131 bro\u015furalar\u0131nda is\u0259 bu r\u0259q\u0259m xeyli \u015fi\u015firdilib.)\n<\/p>\n<p>\n  \u00dczvl\u00fckd\u0259n \u00e7\u0131xma m\u00f6vzusunda israrl\u0131 olan ingilisl\u0259rin ir\u0259li s\u00fcrd\u00fcy\u00fc bir dig\u0259r s\u0259b\u0259b is\u0259 AB-nin ir\u0259lid\u0259 \u201cAvropa Birl\u0259\u015fmi\u015f \u015etatlar\u0131\u201dna \u00e7evrilm\u0259 arzusunun davam etm\u0259sidir. \u018fsas\u0259n son b\u00f6hranlardan sonra indiki vaxtda Avropa Birl\u0259\u015fmi\u015f \u015etatlar\u0131 ideyas\u0131ndan b\u0259hs ed\u0259n AB v\u0259t\u0259nda\u015flar\u0131n\u0131n say\u0131nda \u0259h\u0259miyy\u0259tli bir eni\u015f olsa da, AB \u0259leyhdar\u0131 \u0130ngilisl\u0259r bu m\u00f6vzunu g\u00fcnd\u0259md\u0259 tutma\u011fa v\u0259 \u015fidd\u0259tl\u0259 etiraz etm\u0259y\u0259 davam edirl\u0259r.\n<\/p>\n<p>\n  \u00c7\u0131x\u0131\u015f giri\u015fd\u0259n d\u0259 \u00e7\u0259tindir\n<\/p>\n<p>\n  Lissabon m\u00fcqavil\u0259si il\u0259 edil\u0259n d\u0259yi\u015fiklikl\u0259rd\u0259n sonra m\u00f6vcud AB nizamnam\u0259sin\u0259 g\u00f6r\u0259 \u00fczv d\u00f6vl\u0259t ist\u0259diyi vaxt \u0259lini-qolunu sallayaraq AB-d\u0259n ayr\u0131la bilm\u0259z. Anla\u015fman\u0131n 50-ci madd\u0259sin\u0259 g\u00f6r\u0259 \u00fczv \u00f6lk\u0259nin ayr\u0131lma t\u0259l\u0259bini bildirm\u0259sind\u0259n etibar\u0259n iki il \u0259rzind\u0259 AB il\u0259 o \u00f6lk\u0259 aras\u0131nda apar\u0131lacaq m\u00fczakir\u0259l\u0259rin n\u0259tic\u0259sind\u0259 bir ayr\u0131lma m\u00fcqavil\u0259sinin imzalanmas\u0131 laz\u0131md\u0131r.<br \/>\n  <br \/>\n  Bu m\u00fcdd\u0259t t\u0259r\u0259fl\u0259rin qar\u015f\u0131l\u0131ql\u0131 raz\u0131l\u0131\u011f\u0131 il\u0259 uzana da bil\u0259r. \u0130mzalanacaq m\u00fcqavil\u0259nin d\u0259, AB Parlamentind\u0259n al\u0131nacaq m\u00fcsb\u0259t r\u0259yin ard\u0131ndan AB \u015euras\u0131 t\u0259r\u0259find\u0259n \u0259ks\u0259riyy\u0259tin s\u0259si il\u0259 t\u0259sdiql\u0259nm\u0259si z\u0259ruridir.\n<\/p>\n<p>\n  Lissabon m\u00fcqavil\u0259si (oktyabr 2007) 50-ci madd\u0259:\n<\/p>\n<p>\n  Lissabon M\u00fcqavil\u0259sinin 50-ci madd\u0259si bir \u00fczv\u00fcn AB-d\u0259n ayr\u0131lma prosesini bu \u015f\u0259kild\u0259 t\u0259nziml\u0259yir:\n<\/p>\n<p>\n  1. H\u0259r \u00fczv d\u00f6vl\u0259t, \u00f6z konstitusiya qaydalar\u0131na uy\u011fun olaraq Birlikd\u0259n \u00e7\u0131xmaq haqda q\u0259rar (Denonsasiya) ver\u0259 bil\u0259r.\n<\/p>\n<p>\n  2. Denonsasiya q\u0259rar\u0131 alan \u00fczv d\u00f6vl\u0259t, niyy\u0259tini Avropa Birliyi sammitind\u0259 bildirir. Birlik, m\u00fcvafiq d\u00f6vl\u0259tl\u0259 Avropa Birliyi sammiti t\u0259r\u0259find\u0259n t\u0259yin olunan prinsipl\u0259rin i\u015f\u0131\u011f\u0131nda, bu d\u00f6vl\u0259tin birlik il\u0259 g\u0259l\u0259c\u0259kd\u0259ki \u0259laq\u0259sinin \u00e7\u0259r\u00e7iv\u0259sini n\u0259z\u0259r\u0259 alaraq, Denonsasiya prosesini\u0131 m\u00fc\u0259yy\u0259n ed\u0259n qar\u015f\u0131l\u0131ql\u0131 raz\u0131la\u015fman\u0131 m\u00fczakir\u0259 edir . Bu raz\u0131la\u015fma Avropa Birliyinin f\u0259aliyy\u0259ti haqq\u0131nda Anla\u015fman\u0131n 218-ci madd\u0259sinin 3-c\u00fc b\u0259ndin\u0259 uy\u011fun olaraq m\u00fczakir\u0259 edilir. Raz\u0131la\u015fma Birlik ad\u0131na Avropa Parlamentinin raz\u0131l\u0131\u011f\u0131n\u0131 ald\u0131qdan sonra, \u015eura t\u0259r\u0259find\u0259n s\u0259sverm\u0259 il\u0259 t\u0259sdiq edilir.\n<\/p>\n<p>\n  Bremain\u201d \u201cBrexit\u201d \u201c\u0259 qar\u015f\u0131\n<\/p>\n<p>\n  \u0130ngilt\u0259r\u0259d\u0259 Avropa Birliyi \u00fczvl\u00fcy\u00fcnd\u0259n ayr\u0131lma\u011f\u0131 m\u00fcdafi\u0259 ed\u0259nl\u0259r &#8220;Brexit&#8221; olaraq adland\u0131r\u0131l\u0131r. Britaniyan\u0131n \u0130ngilisc\u0259si &#8220;Britain&#8221; il\u0259 &#8220;\u00e7\u0131x\u0131\u015f&#8221; s\u00f6z\u00fcn\u00fcn \u0130ngilisc\u0259si olan &#8216;exit&#8217;d\u0259n ibar\u0259t d\u00fcz\u0259ltm\u0259 s\u00f6z. AB \u00fczvl\u00fcy\u00fcnd\u0259 qalma\u011f\u0131 m\u00fcdafi\u0259 ed\u0259nl\u0259r\u0259 is\u0259 &#8220;Bremain&#8221; deyilir. Yen\u0259 Britaniya ingilisc\u0259sind\u0259ki &#8216;qalma&#8217; &#8212; &#8216;remain&#8217; s\u00f6z\u00fcnd\u0259n ibar\u0259t d\u00fcz\u0259ltm\u0259 s\u00f6z.\n<\/p>\n<p>\n  Bu hiss\u0259d\u0259 \u0130ngilt\u0259r\u0259nin Avropa Birliyi (AB) \u00fczvl\u00fcy\u00fcnd\u0259n \u00e7\u0131x\u0131b \u00e7\u0131xmayaca\u011f\u0131n\u0131 t\u0259yin ed\u0259n xalq referendumu \u00e7\u0259r\u00e7iv\u0259sind\u0259 &#8220;Brexit&#8221; v\u0259 &#8220;Bremain&#8221; m\u00fcdafi\u0259\u00e7il\u0259rinin \u00f6n\u0259 s\u00fcrd\u00fcy\u00fc arqumentl\u0259r\u0259 diqq\u0259t yetir\u0259k, h\u0259m d\u0259 v\u0259ziyy\u0259t haqda q\u0259na\u0259tl\u0259rimizi dey\u0259k.\n<\/p>\n<p>\n  \u0130ngilt\u0259r\u0259 Ba\u015f naziri David Kameron \u00e7\u0131x\u0131\u015flar\u0131nda Avropa Birliyind\u0259n \u00e7\u0131xma\u011f\u0131n \u0130ngilt\u0259r\u0259 \u00fc\u00e7\u00fcn &#8220;geriy\u0259 d\u00f6n\u00fc\u015f&#8221; v\u0259 \u0130\u015e\u0130D\u0130 xo\u015fb\u0259xt ed\u0259c\u0259k hadis\u0259 olaca\u011f\u0131n\u0131 vur\u011fulay\u0131r.\n<\/p>\n<p>\n  Londonun sabiq meri Boris Conson is\u0259 sabitliyi (!) yoxedici v\u0259 kosmopolitizmi t\u0259\u015fviqedici meyll\u0259r\u0259 y\u00f6n\u0259ldiyi iddias\u0131yla Br\u00fcsseli ittiham edir. \u0130ngilt\u0259r\u0259nin XIX \u0259srin \u201cMill\u0259t-D\u00f6vl\u0259t\u201d d\u00f6vr\u00fcn\u0259 qay\u0131tmas\u0131n\u0131 arzu ed\u0259n Consona g\u00f6r\u0259 \u0130ngilt\u0259r\u0259 AB-d\u0259n \u00e7\u0131xarsa \u00f6lk\u0259 t\u0259hl\u00fck\u0259sizliyi daha \u0259min hala g\u0259l\u0259c\u0259k.\n<\/p>\n<p>\n  Yax\u015f\u0131, Birlik i\u00e7ind\u0259 qalmaqm\u0131, yoxsa Birlikd\u0259n \u00e7\u0131xmaqm\u0131 \u0130ngilt\u0259r\u0259ni daha etibarl\u0131 hala g\u0259tir\u0259c\u0259k?\n<\/p>\n<p>\n  Problem d\u0259 ondad\u0131r ki, m\u0259hz bu sual\u0131n cavab\u0131n\u0131 kims\u0259 bilmir. Brexit realla\u015farsa \u0130ngilt\u0259r\u0259nin m\u00fcdafi\u0259 v\u0259 t\u0259hl\u00fck\u0259sizlik \u0259laq\u0259l\u0259ri \u0259h\u0259miyy\u0259tli \u00f6l\u00e7\u00fcd\u0259 inki\u015faf ed\u0259c\u0259k, ya da pozulacaq dey\u0259 bir \u015fey yoxdur. Ayd\u0131n olan t\u0259k h\u0259qiq\u0259t budur ki, n\u0259tic\u0259 n\u0259 olarsa olsun, \u0130ngilt\u0259r\u0259 Avropal\u0131 m\u00fctt\u0259fiql\u0259ri il\u0259 ikit\u0259r\u0259fli yax\u015f\u0131 m\u00fcdafi\u0259 \u0259laq\u0259l\u0259riyl\u0259 NATO-nun \u0259sas \u00fczv\u00fc olma\u011fa davam ed\u0259c\u0259k.<br \/>\n  <br \/>\n  \u00c7\u00fcnki \u201csuverenliyi\u201d \u00f6zl\u0259rin\u0259 ba\u015f \u015f\u00fcar se\u00e7mi\u015f Brexit t\u0259r\u0259fdarlar\u0131 da yax\u015f\u0131 bilir ki, xarici t\u0259hdidl\u0259r\u0259 qar\u015f\u0131 Avropaya \u0259n g\u00fccl\u00fc z\u0259man\u0259t ver\u0259n t\u0259\u015fkilat NATO-dur.\n<\/p>\n<p>\n  Birlikd\u0259 qalma kampaniyas\u0131n\u0131n m\u00fcdafi\u0259\u00e7il\u0259ri \u0130ngilt\u0259r\u0259nin g\u0259l\u0259c\u0259k iqtisadiyyat\u0131 m\u00f6vzusunda daha inand\u0131r\u0131c\u0131 tezisl\u0259r\u0259 sahibdir. \u0130ngilt\u0259r\u0259 M\u0259rk\u0259zi Bank\u0131, BMF v\u0259 ya OECD kimi bir \u00e7ox beyn\u0259lxalq maliyy\u0259 t\u0259\u015fkilat\u0131 \u00f6lk\u0259nin AB-d\u0259 qalmas\u0131n\u0131n iqtisadi inki\u015faf bax\u0131m\u0131ndan daha yax\u015f\u0131 imkan a\u00e7aca\u011f\u0131 y\u00f6n\u00fcnd\u0259 q\u0259na\u0259tl\u0259rini b\u0259yan edibl\u0259r.\n<\/p>\n<p>\n  Brexit t\u0259r\u0259fdar\u0131 iqtisad\u00e7\u0131lar is\u0259 AB-d\u0259n ayr\u0131lma realla\u015fd\u0131\u011f\u0131nda \u0130ngilt\u0259r\u0259nin Avropa xarici ticar\u0259t h\u0259cminin artaca\u011f\u0131n\u0131 m\u00fcdafi\u0259 edirl\u0259r. Halbuki, \u0259g\u0259r q\u0259rar birlikd\u0259n \u00e7\u0131xmaq y\u00f6n\u00fcnd\u0259 olarsa mallar\u0131n v\u0259 insanlar\u0131n s\u0259rb\u0259st d\u00f6vriyy\u0259si il\u0259 \u0259laq\u0259dar vahid bazar m\u00fcqavil\u0259l\u0259rinin ham\u0131s\u0131 q\u00fcvv\u0259d\u0259n d\u00fc\u015fm\u00fc\u015f olacaq. \u0130ngilt\u0259r\u0259 50-d\u0259n \u00e7ox ticar\u0259t raz\u0131la\u015fmas\u0131n\u0131 t\u0259k-t\u0259k h\u0259r \u00fczv \u00f6lk\u0259 il\u0259 yenid\u0259n imzalamal\u0131d\u0131r. Bu is\u0259 ill\u0259r alacaq uzun bir m\u00fcdd\u0259t dem\u0259kdir.\n<\/p>\n<p>\n  Miqrasiya problemi\n<\/p>\n<p>\n  Miqrasiya problemi \u0130ngilis se\u00e7icinin s\u0259sin\u0259 t\u0259sir ed\u0259c\u0259k \u0259n \u0259h\u0259miyy\u0259tli faktorlardan biri olacaq. Brexit\u00e7il\u0259r AB-nin \u201cs\u0259rb\u0259st h\u0259r\u0259k\u0259t\u201d qanunu say\u0259sind\u0259 miqrasiya probleminin idar\u0259olunmaz hala g\u0259ldiyini iddia edirl\u0259r.\n<\/p>\n<p>\n  Geopolitik t\u0259siri\n<\/p>\n<p>\n  \u0130ngilt\u0259r\u0259nin bu g\u00fcn\u00fcn d\u00fcnya siyas\u0259ti \u00fcz\u0259rind\u0259ki m\u00f6vqeyi referendumda m\u00fczakir\u0259y\u0259 a\u00e7\u0131lan bir ba\u015fqa m\u00f6vzu. Brexit\u00e7il\u0259r Birl\u0259\u015fmi\u015f Krall\u0131\u011f\u0131n AB-d\u0259n ayr\u0131lmas\u0131yla yenid\u0259n m\u00fcst\u0259qilliyin\u0259 qovu\u015faca\u011f\u0131n\u0131 v\u0259 \u201c\u00dcz\u0259rind\u0259 g\u00fcn\u0259\u015f batmayan imperatorluq\u201d g\u00fcnl\u0259rin\u0259 geri d\u00f6n\u0259c\u0259yini iddia edir.\n<\/p>\n<p>\n  AB-d\u0259 qalma t\u0259r\u0259fdarlar\u0131 is\u0259 \u0259g\u0259r birlikd\u0259n \u00e7\u0131x\u0131l\u0131rsa \u0130ngilt\u0259r\u0259nin beyn\u0259lxalq m\u00f6vzularda t\u0259sirini itir\u0259c\u0259yini bildirirl\u0259r. AB\u015e prezidenti Barak Obama daxil bir \u00e7ox d\u00fcnya lideri \u0130ngilt\u0259r\u0259nin AB-d\u0259 qalmas\u0131 laz\u0131m oldu\u011fu istiqam\u0259tind\u0259 a\u00e7\u0131qlamalar verib. Almaniya xarici i\u015fl\u0259r naziri \u015etanmayer is\u0259 \u0130ngilt\u0259r\u0259nin birlikd\u0259n ayr\u0131lmas\u0131 v\u0259ziyy\u0259tind\u0259 AB-nin d\u0259 \u00e7ox ke\u00e7m\u0259d\u0259n da\u011f\u0131la bil\u0259c\u0259yi x\u0259b\u0259rdarl\u0131\u011f\u0131n\u0131 edib. Fransa is\u0259, h\u0259r zamank\u0131 kimi \u00f6z \u201coptimist\u201dliyini qoruyur. T\u0259xmin\u0259n \u201c\u00e7\u0131xsa n\u0259 olur, \u00e7\u0131xmasa n\u0259 olur?!\u201d \u015f\u0259klind\u0259.\n<\/p>\n<p>\n  Bir s\u00f6zl\u0259, \u0130ngilt\u0259r\u0259d\u0259 ba\u015f tutacaq referendumun n\u0259tic\u0259si t\u0259kc\u0259 \u0130ngilt\u0259r\u0259nin, Avropa Birliyinin yox, b\u00fct\u00fcn d\u00fcnyan\u0131n indiki xaotik d\u00fcz\u0259nin\u0259 h\u0259lledici d\u0259r\u0259c\u0259d\u0259 t\u0259sir ed\u0259c\u0259kdir. Bu t\u0259sir is\u0259 AB-nin m\u00f6vcudlu\u011funu hans\u0131 parametrl\u0259r\u0259 endir\u0259c\u0259yind\u0259n v\u0259 ya y\u00fcks\u0259ld\u0259c\u0259yind\u0259n, y\u0259ni referendum sonras\u0131 \u0130ngilt\u0259r\u0259nin AB-d\u0259 qal\u0131b-qalmayaca\u011f\u0131ndan as\u0131l\u0131 olacaq.\n<\/p>\n<p>\n  <b><br \/>\n    Yaz\u0131 m\u00fc\u0259llifin \u015f\u0259xsi m\u00f6vqeyini \u0259ks etdirir. M\u00fc\u0259llifin m\u00f6vqeyi Meydan.Tv-nin m\u00f6vqeyi il\u0259 \u00fcst-\u00fcst\u0259 d\u00fc\u015fm\u0259y\u0259 bil\u0259r.<br \/>\n  <\/b><\/p>\n","protected":false},"excerpt":{"rendered":"<p>\u201cBremain\u201d \u201cBrexit\u201d \u0259 qar\u015f\u0131<\/p>\n","protected":false},"author":11,"featured_media":61263,"comment_status":"closed","ping_status":"open","sticky":false,"template":"","format":"standard","meta":{"_acf_changed":false,"_sitemap_exclude":false,"_sitemap_priority":"","_sitemap_frequency":"","footnotes":""},"categories":[57],"tags":[],"class_list":["post-176892","post","type-post","status-publish","format-standard","has-post-thumbnail","hentry","category-menim-fikrimce","infinite-scroll-item","generate-columns","tablet-grid-50","mobile-grid-100","grid-parent","grid-33","no-featured-image-padding"],"acf":[],"yoast_head":"<!-- This site is optimized with the Yoast SEO plugin v27.5 - https:\/\/yoast.com\/product\/yoast-seo-wordpress\/ -->\n<title>\u0130ngilt\u0259r\u0259-AB m\u00fcnasib\u0259tl\u0259ri - MEYDAN.TV<\/title>\n<meta name=\"robots\" content=\"index, follow, max-snippet:-1, max-image-preview:large, max-video-preview:-1\" \/>\n<link rel=\"canonical\" href=\"https:\/\/www.meydan.tv\/az\/article\/ingiltere-ab-munasibetleri\/\" \/>\n<meta property=\"og:locale\" content=\"az_AZ\" \/>\n<meta property=\"og:type\" content=\"article\" \/>\n<meta property=\"og:title\" content=\"\u0130ngilt\u0259r\u0259-AB m\u00fcnasib\u0259tl\u0259ri - MEYDAN.TV\" \/>\n<meta property=\"og:description\" content=\"\u201cBremain\u201d \u201cBrexit\u201d \u0259 qar\u015f\u0131\" \/>\n<meta property=\"og:url\" content=\"https:\/\/www.meydan.tv\/az\/article\/ingiltere-ab-munasibetleri\/\" \/>\n<meta property=\"og:site_name\" content=\"MEYDAN.TV\" \/>\n<meta property=\"article:published_time\" content=\"2016-06-22T13:54:07+00:00\" \/>\n<meta property=\"og:image\" content=\"https:\/\/www.meydan.tv\/wp-content\/uploads\/23327.png\" \/>\n\t<meta property=\"og:image:width\" content=\"793\" \/>\n\t<meta property=\"og:image:height\" content=\"668\" \/>\n\t<meta property=\"og:image:type\" content=\"image\/png\" \/>\n<meta name=\"author\" content=\"user-manager\" \/>\n<meta name=\"twitter:card\" content=\"summary_large_image\" \/>\n<script type=\"application\/ld+json\" class=\"yoast-schema-graph\">{\"@context\":\"https:\\\/\\\/schema.org\",\"@graph\":[{\"@type\":\"Article\",\"@id\":\"https:\\\/\\\/www.meydan.tv\\\/az\\\/article\\\/ingiltere-ab-munasibetleri\\\/#article\",\"isPartOf\":{\"@id\":\"https:\\\/\\\/www.meydan.tv\\\/az\\\/article\\\/ingiltere-ab-munasibetleri\\\/\"},\"author\":{\"name\":\"user-manager\",\"@id\":\"https:\\\/\\\/www.meydan.tv\\\/az\\\/#\\\/schema\\\/person\\\/10d11eccf6da3662cf5fdab9806ea91a\"},\"headline\":\"\u0130ngilt\u0259r\u0259-AB m\u00fcnasib\u0259tl\u0259ri\",\"datePublished\":\"2016-06-22T13:54:07+00:00\",\"mainEntityOfPage\":{\"@id\":\"https:\\\/\\\/www.meydan.tv\\\/az\\\/article\\\/ingiltere-ab-munasibetleri\\\/\"},\"wordCount\":1817,\"publisher\":{\"@id\":\"https:\\\/\\\/www.meydan.tv\\\/az\\\/#organization\"},\"image\":{\"@id\":\"https:\\\/\\\/www.meydan.tv\\\/az\\\/article\\\/ingiltere-ab-munasibetleri\\\/#primaryimage\"},\"thumbnailUrl\":\"https:\\\/\\\/www.meydan.tv\\\/wp-content\\\/uploads\\\/23327.png\",\"articleSection\":[\"M\u0259nim Fikrimc\u0259\"],\"inLanguage\":\"az\"},{\"@type\":\"WebPage\",\"@id\":\"https:\\\/\\\/www.meydan.tv\\\/az\\\/article\\\/ingiltere-ab-munasibetleri\\\/\",\"url\":\"https:\\\/\\\/www.meydan.tv\\\/az\\\/article\\\/ingiltere-ab-munasibetleri\\\/\",\"name\":\"\u0130ngilt\u0259r\u0259-AB m\u00fcnasib\u0259tl\u0259ri - MEYDAN.TV\",\"isPartOf\":{\"@id\":\"https:\\\/\\\/www.meydan.tv\\\/az\\\/#website\"},\"primaryImageOfPage\":{\"@id\":\"https:\\\/\\\/www.meydan.tv\\\/az\\\/article\\\/ingiltere-ab-munasibetleri\\\/#primaryimage\"},\"image\":{\"@id\":\"https:\\\/\\\/www.meydan.tv\\\/az\\\/article\\\/ingiltere-ab-munasibetleri\\\/#primaryimage\"},\"thumbnailUrl\":\"https:\\\/\\\/www.meydan.tv\\\/wp-content\\\/uploads\\\/23327.png\",\"datePublished\":\"2016-06-22T13:54:07+00:00\",\"breadcrumb\":{\"@id\":\"https:\\\/\\\/www.meydan.tv\\\/az\\\/article\\\/ingiltere-ab-munasibetleri\\\/#breadcrumb\"},\"inLanguage\":\"az\",\"potentialAction\":[{\"@type\":\"ReadAction\",\"target\":[\"https:\\\/\\\/www.meydan.tv\\\/az\\\/article\\\/ingiltere-ab-munasibetleri\\\/\"]}]},{\"@type\":\"ImageObject\",\"inLanguage\":\"az\",\"@id\":\"https:\\\/\\\/www.meydan.tv\\\/az\\\/article\\\/ingiltere-ab-munasibetleri\\\/#primaryimage\",\"url\":\"https:\\\/\\\/www.meydan.tv\\\/wp-content\\\/uploads\\\/23327.png\",\"contentUrl\":\"https:\\\/\\\/www.meydan.tv\\\/wp-content\\\/uploads\\\/23327.png\",\"width\":793,\"height\":668,\"caption\":\"Source:\"},{\"@type\":\"BreadcrumbList\",\"@id\":\"https:\\\/\\\/www.meydan.tv\\\/az\\\/article\\\/ingiltere-ab-munasibetleri\\\/#breadcrumb\",\"itemListElement\":[{\"@type\":\"ListItem\",\"position\":1,\"name\":\"Ana s\u0259hif\u0259\",\"item\":\"https:\\\/\\\/www.meydan.tv\\\/az\\\/\"},{\"@type\":\"ListItem\",\"position\":2,\"name\":\"M\u0259nim Fikrimc\u0259\",\"item\":\"https:\\\/\\\/www.meydan.tv\\\/az\\\/section\\\/menim-fikrimce\\\/\"},{\"@type\":\"ListItem\",\"position\":3,\"name\":\"\u0130ngilt\u0259r\u0259-AB m\u00fcnasib\u0259tl\u0259ri\"}]},{\"@type\":\"WebSite\",\"@id\":\"https:\\\/\\\/www.meydan.tv\\\/az\\\/#website\",\"url\":\"https:\\\/\\\/www.meydan.tv\\\/az\\\/\",\"name\":\"MEYDAN.TV\",\"description\":\"Meydan TV Az\u0259rbaycan\u0131n media m\u0259kan\u0131ndak\u0131 alternativ s\u0259sidir\",\"publisher\":{\"@id\":\"https:\\\/\\\/www.meydan.tv\\\/az\\\/#organization\"},\"potentialAction\":[{\"@type\":\"SearchAction\",\"target\":{\"@type\":\"EntryPoint\",\"urlTemplate\":\"https:\\\/\\\/www.meydan.tv\\\/az\\\/?s={search_term_string}\"},\"query-input\":{\"@type\":\"PropertyValueSpecification\",\"valueRequired\":true,\"valueName\":\"search_term_string\"}}],\"inLanguage\":\"az\"},{\"@type\":\"Organization\",\"@id\":\"https:\\\/\\\/www.meydan.tv\\\/az\\\/#organization\",\"name\":\"Meydan TV\",\"url\":\"https:\\\/\\\/www.meydan.tv\\\/az\\\/\",\"logo\":{\"@type\":\"ImageObject\",\"inLanguage\":\"az\",\"@id\":\"https:\\\/\\\/www.meydan.tv\\\/az\\\/#\\\/schema\\\/logo\\\/image\\\/\",\"url\":\"https:\\\/\\\/www.meydan.tv\\\/wp-content\\\/uploads\\\/2021\\\/07\\\/meydan-logo.svg\",\"contentUrl\":\"https:\\\/\\\/www.meydan.tv\\\/wp-content\\\/uploads\\\/2021\\\/07\\\/meydan-logo.svg\",\"width\":195,\"height\":46,\"caption\":\"Meydan TV\"},\"image\":{\"@id\":\"https:\\\/\\\/www.meydan.tv\\\/az\\\/#\\\/schema\\\/logo\\\/image\\\/\"}},{\"@type\":\"Person\",\"@id\":\"https:\\\/\\\/www.meydan.tv\\\/az\\\/#\\\/schema\\\/person\\\/10d11eccf6da3662cf5fdab9806ea91a\",\"name\":\"user-manager\"}]}<\/script>\n<!-- \/ Yoast SEO plugin. -->","yoast_head_json":{"title":"\u0130ngilt\u0259r\u0259-AB m\u00fcnasib\u0259tl\u0259ri - MEYDAN.TV","robots":{"index":"index","follow":"follow","max-snippet":"max-snippet:-1","max-image-preview":"max-image-preview:large","max-video-preview":"max-video-preview:-1"},"canonical":"https:\/\/www.meydan.tv\/az\/article\/ingiltere-ab-munasibetleri\/","og_locale":"az_AZ","og_type":"article","og_title":"\u0130ngilt\u0259r\u0259-AB m\u00fcnasib\u0259tl\u0259ri - MEYDAN.TV","og_description":"\u201cBremain\u201d \u201cBrexit\u201d \u0259 qar\u015f\u0131","og_url":"https:\/\/www.meydan.tv\/az\/article\/ingiltere-ab-munasibetleri\/","og_site_name":"MEYDAN.TV","article_published_time":"2016-06-22T13:54:07+00:00","og_image":[{"width":793,"height":668,"url":"https:\/\/www.meydan.tv\/wp-content\/uploads\/23327.png","type":"image\/png"}],"author":"user-manager","twitter_card":"summary_large_image","schema":{"@context":"https:\/\/schema.org","@graph":[{"@type":"Article","@id":"https:\/\/www.meydan.tv\/az\/article\/ingiltere-ab-munasibetleri\/#article","isPartOf":{"@id":"https:\/\/www.meydan.tv\/az\/article\/ingiltere-ab-munasibetleri\/"},"author":{"name":"user-manager","@id":"https:\/\/www.meydan.tv\/az\/#\/schema\/person\/10d11eccf6da3662cf5fdab9806ea91a"},"headline":"\u0130ngilt\u0259r\u0259-AB m\u00fcnasib\u0259tl\u0259ri","datePublished":"2016-06-22T13:54:07+00:00","mainEntityOfPage":{"@id":"https:\/\/www.meydan.tv\/az\/article\/ingiltere-ab-munasibetleri\/"},"wordCount":1817,"publisher":{"@id":"https:\/\/www.meydan.tv\/az\/#organization"},"image":{"@id":"https:\/\/www.meydan.tv\/az\/article\/ingiltere-ab-munasibetleri\/#primaryimage"},"thumbnailUrl":"https:\/\/www.meydan.tv\/wp-content\/uploads\/23327.png","articleSection":["M\u0259nim Fikrimc\u0259"],"inLanguage":"az"},{"@type":"WebPage","@id":"https:\/\/www.meydan.tv\/az\/article\/ingiltere-ab-munasibetleri\/","url":"https:\/\/www.meydan.tv\/az\/article\/ingiltere-ab-munasibetleri\/","name":"\u0130ngilt\u0259r\u0259-AB m\u00fcnasib\u0259tl\u0259ri - MEYDAN.TV","isPartOf":{"@id":"https:\/\/www.meydan.tv\/az\/#website"},"primaryImageOfPage":{"@id":"https:\/\/www.meydan.tv\/az\/article\/ingiltere-ab-munasibetleri\/#primaryimage"},"image":{"@id":"https:\/\/www.meydan.tv\/az\/article\/ingiltere-ab-munasibetleri\/#primaryimage"},"thumbnailUrl":"https:\/\/www.meydan.tv\/wp-content\/uploads\/23327.png","datePublished":"2016-06-22T13:54:07+00:00","breadcrumb":{"@id":"https:\/\/www.meydan.tv\/az\/article\/ingiltere-ab-munasibetleri\/#breadcrumb"},"inLanguage":"az","potentialAction":[{"@type":"ReadAction","target":["https:\/\/www.meydan.tv\/az\/article\/ingiltere-ab-munasibetleri\/"]}]},{"@type":"ImageObject","inLanguage":"az","@id":"https:\/\/www.meydan.tv\/az\/article\/ingiltere-ab-munasibetleri\/#primaryimage","url":"https:\/\/www.meydan.tv\/wp-content\/uploads\/23327.png","contentUrl":"https:\/\/www.meydan.tv\/wp-content\/uploads\/23327.png","width":793,"height":668,"caption":"Source:"},{"@type":"BreadcrumbList","@id":"https:\/\/www.meydan.tv\/az\/article\/ingiltere-ab-munasibetleri\/#breadcrumb","itemListElement":[{"@type":"ListItem","position":1,"name":"Ana s\u0259hif\u0259","item":"https:\/\/www.meydan.tv\/az\/"},{"@type":"ListItem","position":2,"name":"M\u0259nim Fikrimc\u0259","item":"https:\/\/www.meydan.tv\/az\/section\/menim-fikrimce\/"},{"@type":"ListItem","position":3,"name":"\u0130ngilt\u0259r\u0259-AB m\u00fcnasib\u0259tl\u0259ri"}]},{"@type":"WebSite","@id":"https:\/\/www.meydan.tv\/az\/#website","url":"https:\/\/www.meydan.tv\/az\/","name":"MEYDAN.TV","description":"Meydan TV Az\u0259rbaycan\u0131n media m\u0259kan\u0131ndak\u0131 alternativ s\u0259sidir","publisher":{"@id":"https:\/\/www.meydan.tv\/az\/#organization"},"potentialAction":[{"@type":"SearchAction","target":{"@type":"EntryPoint","urlTemplate":"https:\/\/www.meydan.tv\/az\/?s={search_term_string}"},"query-input":{"@type":"PropertyValueSpecification","valueRequired":true,"valueName":"search_term_string"}}],"inLanguage":"az"},{"@type":"Organization","@id":"https:\/\/www.meydan.tv\/az\/#organization","name":"Meydan TV","url":"https:\/\/www.meydan.tv\/az\/","logo":{"@type":"ImageObject","inLanguage":"az","@id":"https:\/\/www.meydan.tv\/az\/#\/schema\/logo\/image\/","url":"https:\/\/www.meydan.tv\/wp-content\/uploads\/2021\/07\/meydan-logo.svg","contentUrl":"https:\/\/www.meydan.tv\/wp-content\/uploads\/2021\/07\/meydan-logo.svg","width":195,"height":46,"caption":"Meydan TV"},"image":{"@id":"https:\/\/www.meydan.tv\/az\/#\/schema\/logo\/image\/"}},{"@type":"Person","@id":"https:\/\/www.meydan.tv\/az\/#\/schema\/person\/10d11eccf6da3662cf5fdab9806ea91a","name":"user-manager"}]}},"_links":{"self":[{"href":"https:\/\/www.meydan.tv\/az\/wp-json\/wp\/v2\/posts\/176892","targetHints":{"allow":["GET"]}}],"collection":[{"href":"https:\/\/www.meydan.tv\/az\/wp-json\/wp\/v2\/posts"}],"about":[{"href":"https:\/\/www.meydan.tv\/az\/wp-json\/wp\/v2\/types\/post"}],"author":[{"embeddable":true,"href":"https:\/\/www.meydan.tv\/az\/wp-json\/wp\/v2\/users\/11"}],"replies":[{"embeddable":true,"href":"https:\/\/www.meydan.tv\/az\/wp-json\/wp\/v2\/comments?post=176892"}],"version-history":[{"count":0,"href":"https:\/\/www.meydan.tv\/az\/wp-json\/wp\/v2\/posts\/176892\/revisions"}],"wp:featuredmedia":[{"embeddable":true,"href":"https:\/\/www.meydan.tv\/az\/wp-json\/wp\/v2\/media\/61263"}],"wp:attachment":[{"href":"https:\/\/www.meydan.tv\/az\/wp-json\/wp\/v2\/media?parent=176892"}],"wp:term":[{"taxonomy":"category","embeddable":true,"href":"https:\/\/www.meydan.tv\/az\/wp-json\/wp\/v2\/categories?post=176892"},{"taxonomy":"post_tag","embeddable":true,"href":"https:\/\/www.meydan.tv\/az\/wp-json\/wp\/v2\/tags?post=176892"}],"curies":[{"name":"wp","href":"https:\/\/api.w.org\/{rel}","templated":true}]}}