{"id":176885,"date":"2016-06-21T23:38:43","date_gmt":"2016-06-21T23:38:43","guid":{"rendered":"https:\/\/www.meydan.tv\/article\/puntinin-yanginsondurme-missiyasi\/"},"modified":"2016-06-21T23:38:43","modified_gmt":"2016-06-21T23:38:43","slug":"puntinin-yanginsondurme-missiyasi","status":"publish","type":"post","link":"https:\/\/www.meydan.tv\/az\/article\/puntinin-yanginsondurme-missiyasi\/","title":{"rendered":"Puntinin yan\u011f\u0131ns\u00f6nd\u00fcrm\u0259 missiyas\u0131"},"content":{"rendered":"<figure class=\"wp-block-image size-large\">\n  <img decoding=\"async\" src=\"https:\/\/www.meydan.tv\/az\/61236\/\" alt=\"\" class=\"wp-image-61236\"\/><figcaption><\/figcaption><\/figure>\n<figure class=\"wp-block-image size-large\">\n  <img decoding=\"async\" src=\"https:\/\/www.meydan.tv\/az\/61236\/\" alt=\"\" class=\"wp-image-61236\"\/><figcaption><\/figcaption><\/figure>\n<p>\n  <i><br \/>\n    Sonrak\u0131 hadis\u0259l\u0259rd\u0259n g\u00f6r\u00fcnd\u00fc ki, prezident Vladimir Putin bu s\u00fclhm\u0259raml\u0131 missiyaya x\u00fcsusi h\u0259v\u0259sl\u0259 qo\u015fulmay\u0131b&#8230;<br \/>\n  <\/i>\n<\/p>\n<p>\n  Sentyabr\u0131n 20-d\u0259 Rusiya, Az\u0259rbaycan v\u0259 Erm\u0259nistan prezidentl\u0259rinin Sankt-Peterburqda ke\u00e7irilmi\u015f \u00fc\u00e7t\u0259r\u0259fli g\u00f6r\u00fc\u015f\u00fc at\u0259\u015fk\u0259s rejiminin m\u00fc\u0259yy\u0259n d\u0259r\u0259c\u0259d\u0259 haz\u0131rki \u015f\u0259kild\u0259 saxlanmas\u0131na, ayr\u0131-ayr\u0131 lokal at\u0259\u015f duell\u0259rinin geni\u015fmiqyasl\u0131 h\u0259rbi \u0259m\u0259liyyatlara ke\u00e7m\u0259m\u0259sin\u0259 z\u0259man\u0259t verm\u0259lidir.\n<\/p>\n<p>\n  Rusiya X\u0130N r\u0259hb\u0259ri Sergey Lavrovdan sitat:<br \/>\n  <i><br \/>\n    \u201cDan\u0131\u015f\u0131qlar prosesinin f\u0259alla\u015fd\u0131r\u0131lmas\u0131 \u00fczr\u0259 konkret add\u0131mlar n\u0259z\u0259rd\u0259 tutmaqla yana\u015f\u0131, prezidentl\u0259r \u00fc\u00e7t\u0259r\u0259fli b\u0259yanat\u0131 raz\u0131la\u015fd\u0131r\u0131blar. S\u0259n\u0259dd\u0259 t\u0259mas x\u0259ttind\u0259 v\u0259ziyy\u0259tin normalla\u015fd\u0131r\u0131lmas\u0131na sadiqlik d\u0259st\u0259kl\u0259nir, onlar\u0131n m\u00fcnaqi\u015f\u0259 zonas\u0131nda i\u015fl\u0259y\u0259n AT\u018fT m\u00fc\u015fahid\u0259\u00e7il\u0259rinin say\u0131n\u0131n art\u0131r\u0131lmas\u0131na raz\u0131l\u0131\u011f\u0131 yer al\u0131r v\u0259 m\u00fcnaqi\u015f\u0259nin siyasi yolla h\u0259lli \u00fczr\u0259 dan\u0131\u015f\u0131qlarda sabit ir\u0259lil\u0259yi\u015f olmas\u0131 \u00fc\u00e7\u00fcn \u015f\u0259rait yarad\u0131lmas\u0131na sadiqlik ifad\u0259 olunur\u201d.<br \/>\n  <\/i>\n<\/p>\n<p>\n  Peterburq g\u00f6r\u00fc\u015f\u00fc ba\u015f tutmaya da bil\u0259rdi, yaln\u0131z ona g\u00f6r\u0259 ki, bu g\u00f6r\u00fc\u015f\u0259 prezidentl\u0259r \u0130lham \u018fliyev v\u0259 Serj Sarkisyan\u0131n Vyanada ke\u00e7irilmi\u015f may g\u00f6r\u00fc\u015f\u00fcn\u00fcn davam\u0131 kimi baxmaq olmaz. Vyanada Az\u0259rbaycan v\u0259 Erm\u0259nistan liderl\u0259ri<br \/>\n  <b><br \/>\n    D<br \/>\n  <\/b><br \/>\n  <b><br \/>\n    a\u011fl\u0131q Qaraba\u011f probleminin h\u0259rt\u0259r\u0259fli h\u0259lli haqq\u0131nda<br \/>\n  <\/b><br \/>\n  \u00a0dan\u0131\u015f\u0131qlar\u0131n b\u0259rpas\u0131 m\u0259qs\u0259di il\u0259 iyunda dan\u0131\u015f\u0131qlar\u0131n n\u00f6vb\u0259ti m\u0259rh\u0259l\u0259sinin qar\u015f\u0131l\u0131ql\u0131 olaraq raz\u0131la\u015fd\u0131r\u0131lm\u0131\u015f yerd\u0259 ke\u00e7irilm\u0259si haqq\u0131nda raz\u0131l\u0131q \u0259ld\u0259 edibl\u0259r. Amma m\u00fcnaqi\u015f\u0259 zonas\u0131nda at\u0259\u015fk\u0259s rejiminin sistemli \u015f\u0259kild\u0259 pozulmas\u0131 il\u0259 s\u0259ciyy\u0259l\u0259n\u0259n\u0259n b\u00fct\u00fcn sonrak\u0131 proses v\u0259 d\u00fc\u015fm\u0259n ordular\u0131n ba\u015f komandanlar\u0131n\u0131n aqressiv b\u0259yanatlar\u0131 b\u00fct\u00fcn bu m\u00fcdd\u0259t \u0259rzind\u0259 t\u0259r\u0259fl\u0259rin Vyana raz\u0131la\u015fmalar\u0131n\u0131 h\u0259yata ke\u00e7irm\u0259k \u00fc\u00e7\u00fcn s\u0259y g\u00f6st\u0259rdiyi bar\u0259d\u0259 n\u0259tic\u0259y\u0259 g\u0259lm\u0259y\u0259 \u0259sas vermir. Bel\u0259 olan halda iyun g\u00f6r\u00fc\u015f\u00fcn\u00fcn \u00fc\u00e7t\u0259r\u0259fli Minsk format\u0131 m\u0259nas\u0131z olur. Vasit\u0259\u00e7i \u00f6lk\u0259l\u0259rin \u2013 AB\u015e, Rusiya v\u0259 Fransan\u0131n haz\u0131rki m\u0259rh\u0259l\u0259d\u0259 s\u00fclh prosesini g\u00fccl\u0259ndirm\u0259y\u0259 haz\u0131r olamamas\u0131 da bu tezis\u0259 m\u0259na qazand\u0131r\u0131r. \u0130st\u0259nil\u0259n halda, h\u0259ms\u0259drl\u0259rin g\u00f6r\u00fc\u015f ke\u00e7irilm\u0259si istiqam\u0259tind\u0259 he\u00e7 bir s\u0259yi m\u00fc\u015fahid\u0259 olunmurdu. Vyana g\u00f6r\u00fc\u015f\u00fcn\u00fcn t\u0259\u015f\u0259bb\u00fcs\u00e7\u00fcs\u00fc olan AB\u015e bu ilin pay\u0131z\u0131nda ke\u00e7iril\u0259c\u0259k prezident se\u00e7kil\u0259ri v\u0259 Ki\u00e7ik Qafqaz Da\u011flar\u0131ndan c\u0259nubda daha m\u00fch\u00fcm m\u0259s\u0259l\u0259l\u0259rin h\u0259lli il\u0259 m\u0259\u015f\u011fuldur.\n<\/p>\n<p>\n  Minsk format\u0131n\u0131n Rusiya format\u0131 il\u0259 \u0259v\u0259z olunmas\u0131 haz\u0131rki m\u0259rh\u0259l\u0259d\u0259 status-kvonun saxlanmas\u0131n\u0131n \u0259n m\u0259qbul variant kimi g\u00f6r\u00fcld\u00fcy\u00fc m\u0259nas\u0131na g\u0259l\u0259 bil\u0259r. Bak\u0131 v\u0259 Yerevan\u0131 geni\u015fmiqyasl\u0131 h\u0259rbi \u0259m\u0259liyyatlara ba\u015flamaq ideyas\u0131ndan yay\u0131nd\u0131rmaq laz\u0131m g\u0259ldikd\u0259 Kreml \u0259n\u0259n\u0259vi olaraq Minsk prosesi \u00e7\u0259r\u00e7iv\u0259sind\u0259 bel\u0259 muxtar nizamlanmaya \u0259l at\u0131r. Haz\u0131rki halda s\u00f6hb\u0259t bundan gedirdi. 1994-c\u00fc ild\u0259 at\u0259\u015fk\u0259s sazi\u015fi imzaland\u0131\u011f\u0131 andan etibar\u0259n Moskvan\u0131n himay\u0259si alt\u0131nda Rusiya liderl\u0259ri m\u00fcnt\u0259z\u0259m olaraq Qaraba\u011f h\u0259rbi-siyasi \u0259m\u0259liyyatlar teatr\u0131nda g\u0259rginliyi azaltmaq \u00fc\u00e7\u00fcn bel\u0259 g\u00f6r\u00fc\u015fl\u0259r ke\u00e7iribl\u0259r.\n<\/p>\n<p>\n  Rusiyan\u0131n sakitl\u0259\u015fdirm\u0259 missiyas\u0131 Minsk \u00fc\u00e7l\u00fcy\u00fcn\u00fcn Az\u0259rbaycan v\u0259 Erm\u0259nistan prezidentl\u0259rinin Vyana g\u00f6r\u00fc\u015f\u00fcn\u00fc konstruktiv \u015f\u0259kild\u0259 davam etdirm\u0259y\u0259 haz\u0131r olmad\u0131qlar\u0131n\u0131 d\u0259rk etdikd\u0259n sonra z\u0259ruri oldu. Almaniya kansleri Angela Merkelin (AT\u018fT-in s\u0259dri olan \u00f6lk\u0259nin n\u00fcmay\u0259nd\u0259si kimi) Sarkisyan v\u0259 \u018fliyevl\u0259 ilkin m\u0259sl\u0259h\u0259tl\u0259\u015fm\u0259l\u0259ri vasit\u0259\u00e7il\u0259ri t\u0259r\u0259fl\u0259rin dan\u0131\u015f\u0131qlara haz\u0131r olmad\u0131\u011f\u0131na inand\u0131rd\u0131. Merkelin iyunun \u0259vv\u0259ll\u0259rind\u0259 \u018fliyevl\u0259 g\u00f6r\u00fc\u015fd\u0259 Qaraba\u011f prosesind\u0259 Rusiyan\u0131n m\u00fch\u00fcm rolu haqq\u0131nda diplomatik mesaj\u0131 da bununla ba\u011fl\u0131 idi. Bu, o dem\u0259k idi ki, AT\u018fT Minsk prosesi \u00e7\u0259r\u00e7iv\u0259sind\u0259 haz\u0131rki m\u0259rh\u0259l\u0259d\u0259 Putinin t\u0259r\u0259fl\u0259ri sakitl\u0259\u015fdirm\u0259k prosesin\u0259 qo\u015fulmas\u0131n\u0131 ist\u0259rdi.\n<\/p>\n<p>\n  Sonrak\u0131 hadis\u0259l\u0259rd\u0259n g\u00f6r\u00fcnd\u00fc ki, prezident Vladimir Putin bu s\u00fclhm\u0259raml\u0131 missiyaya x\u00fcsusi h\u0259v\u0259sl\u0259 qo\u015fulmay\u0131b. Kremlin iyunun 10-da \u00fc\u00e7t\u0259r\u0259fli g\u00f6r\u00fc\u015f\u00fcn reall\u0131\u011f\u0131 haqq\u0131nda m\u0259lumatlar\u0131n anons edilm\u0259si v\u0259 t\u0259kzib olunmas\u0131 bir ne\u00e7\u0259 saat ara il\u0259 operativ \u015f\u0259kild\u0259 h\u0259yata ke\u00e7irilib ki, bu da Kremlin daha \u00e7ox b\u00f6hran i\u00e7ind\u0259 olan Rusiya \u00fc\u00e7\u00fcn daha m\u00fch\u00fcm olan m\u0259s\u0259l\u0259 &#8211; Peterburq \u0130qtisadi Forumu il\u0259 m\u0259\u015f\u011ful oldu\u011funu a\u00e7\u0131q-a\u015fkar g\u00f6st\u0259rirdi.\n<\/p>\n<p>\n  Qaraba\u011f dan\u0131\u015f\u0131qlar\u0131 i\u015ftirak\u00e7\u0131lar\u0131n\u0131n Rusiyan\u0131n \u015fimal paytaxt\u0131ndan \u00e7ox az \u0259minlikl\u0259 ayr\u0131lmas\u0131ndan sonra pay\u0131za q\u0259d\u0259r Az\u0259rbaycan v\u0259 Erm\u0259nistan prezidentl\u0259rinin Vyana g\u00f6r\u00fc\u015f\u00fcn\u00fcn yekun:\n<\/p>\n<p>\n  1. At\u0259\u015fk\u0259s rejimin\u0259 v\u0259 m\u00fcnaqi\u015f\u0259nin s\u00fclh yolu il\u0259 nizamlanmas\u0131na sadiqliyi t\u0259sdiq etm\u0259k;\n<\/p>\n<p>\n  2. AT\u018fT-in at\u0259\u015fk\u0259s rejiminin pozulmas\u0131 \u00fczr\u0259 ara\u015fd\u0131rmalar mexanizmi sisteminin yarad\u0131lmas\u0131n\u0131 yekunla\u015fd\u0131rmaq;\n<\/p>\n<p>\n  3. AT\u018fT-in f\u0259aliyy\u0259td\u0259 olan s\u0259drinin \u015f\u0259xsi n\u00fcmay\u0259nd\u0259sinin haz\u0131rki ofisini geni\u015fl\u0259ndirm\u0259k;\n<\/p>\n<p>\n  4. Q\u0131rm\u0131z\u0131 Xa\u00e7 Komit\u0259sinin himay\u0259si alt\u0131nda itkin d\u00fc\u015fm\u00fc\u015fl\u0259r haqq\u0131nda m\u0259lumat m\u00fcbadil\u0259si h\u0259yata ke\u00e7irm\u0259k g\u00f6st\u0259ri\u015fl\u0259rini yerin\u0259 yetir\u0259c\u0259kl\u0259rini arzulamaq qal\u0131r.<\/p>\n","protected":false},"excerpt":{"rendered":"<p>Sonrak\u0131 hadis\u0259l\u0259rd\u0259n g\u00f6r\u00fcnd\u00fc ki, prezident Vladimir Putin bu s\u00fclhm\u0259raml\u0131 missiyaya x\u00fcsusi h\u0259v\u0259sl\u0259 qo\u015fulmay\u0131b&#8230;<\/p>\n","protected":false},"author":11,"featured_media":61236,"comment_status":"closed","ping_status":"open","sticky":false,"template":"","format":"standard","meta":{"_acf_changed":false,"_sitemap_exclude":false,"_sitemap_priority":"","_sitemap_frequency":"","footnotes":""},"categories":[51],"tags":[],"class_list":["post-176885","post","type-post","status-publish","format-standard","has-post-thumbnail","hentry","category-analitika","infinite-scroll-item","generate-columns","tablet-grid-50","mobile-grid-100","grid-parent","grid-33","no-featured-image-padding"],"acf":[],"yoast_head":"<!-- This site is optimized with the Yoast SEO plugin v27.5 - https:\/\/yoast.com\/product\/yoast-seo-wordpress\/ -->\n<title>Puntinin yan\u011f\u0131ns\u00f6nd\u00fcrm\u0259 missiyas\u0131 - MEYDAN.TV<\/title>\n<meta name=\"robots\" content=\"index, follow, max-snippet:-1, max-image-preview:large, max-video-preview:-1\" \/>\n<link rel=\"canonical\" href=\"https:\/\/www.meydan.tv\/az\/article\/puntinin-yanginsondurme-missiyasi\/\" \/>\n<meta property=\"og:locale\" content=\"az_AZ\" \/>\n<meta property=\"og:type\" content=\"article\" \/>\n<meta property=\"og:title\" content=\"Puntinin yan\u011f\u0131ns\u00f6nd\u00fcrm\u0259 missiyas\u0131 - MEYDAN.TV\" \/>\n<meta property=\"og:description\" content=\"Sonrak\u0131 hadis\u0259l\u0259rd\u0259n g\u00f6r\u00fcnd\u00fc ki, prezident Vladimir Putin bu s\u00fclhm\u0259raml\u0131 missiyaya x\u00fcsusi h\u0259v\u0259sl\u0259 qo\u015fulmay\u0131b...\" \/>\n<meta property=\"og:url\" content=\"https:\/\/www.meydan.tv\/az\/article\/puntinin-yanginsondurme-missiyasi\/\" \/>\n<meta property=\"og:site_name\" content=\"MEYDAN.TV\" \/>\n<meta property=\"article:published_time\" content=\"2016-06-21T23:38:43+00:00\" \/>\n<meta property=\"og:image\" content=\"https:\/\/www.meydan.tv\/wp-content\/uploads\/23284.jpg\" \/>\n\t<meta property=\"og:image:width\" content=\"600\" \/>\n\t<meta property=\"og:image:height\" content=\"400\" \/>\n\t<meta property=\"og:image:type\" content=\"image\/jpeg\" \/>\n<meta name=\"author\" content=\"user-manager\" \/>\n<meta name=\"twitter:card\" content=\"summary_large_image\" \/>\n<script type=\"application\/ld+json\" class=\"yoast-schema-graph\">{\"@context\":\"https:\\\/\\\/schema.org\",\"@graph\":[{\"@type\":\"Article\",\"@id\":\"https:\\\/\\\/www.meydan.tv\\\/az\\\/article\\\/puntinin-yanginsondurme-missiyasi\\\/#article\",\"isPartOf\":{\"@id\":\"https:\\\/\\\/www.meydan.tv\\\/az\\\/article\\\/puntinin-yanginsondurme-missiyasi\\\/\"},\"author\":{\"name\":\"user-manager\",\"@id\":\"https:\\\/\\\/www.meydan.tv\\\/az\\\/#\\\/schema\\\/person\\\/10d11eccf6da3662cf5fdab9806ea91a\"},\"headline\":\"Puntinin yan\u011f\u0131ns\u00f6nd\u00fcrm\u0259 missiyas\u0131\",\"datePublished\":\"2016-06-21T23:38:43+00:00\",\"mainEntityOfPage\":{\"@id\":\"https:\\\/\\\/www.meydan.tv\\\/az\\\/article\\\/puntinin-yanginsondurme-missiyasi\\\/\"},\"wordCount\":986,\"publisher\":{\"@id\":\"https:\\\/\\\/www.meydan.tv\\\/az\\\/#organization\"},\"image\":{\"@id\":\"https:\\\/\\\/www.meydan.tv\\\/az\\\/article\\\/puntinin-yanginsondurme-missiyasi\\\/#primaryimage\"},\"thumbnailUrl\":\"https:\\\/\\\/www.meydan.tv\\\/wp-content\\\/uploads\\\/23284.jpg\",\"articleSection\":[\"Analitika\"],\"inLanguage\":\"az\"},{\"@type\":\"WebPage\",\"@id\":\"https:\\\/\\\/www.meydan.tv\\\/az\\\/article\\\/puntinin-yanginsondurme-missiyasi\\\/\",\"url\":\"https:\\\/\\\/www.meydan.tv\\\/az\\\/article\\\/puntinin-yanginsondurme-missiyasi\\\/\",\"name\":\"Puntinin yan\u011f\u0131ns\u00f6nd\u00fcrm\u0259 missiyas\u0131 - MEYDAN.TV\",\"isPartOf\":{\"@id\":\"https:\\\/\\\/www.meydan.tv\\\/az\\\/#website\"},\"primaryImageOfPage\":{\"@id\":\"https:\\\/\\\/www.meydan.tv\\\/az\\\/article\\\/puntinin-yanginsondurme-missiyasi\\\/#primaryimage\"},\"image\":{\"@id\":\"https:\\\/\\\/www.meydan.tv\\\/az\\\/article\\\/puntinin-yanginsondurme-missiyasi\\\/#primaryimage\"},\"thumbnailUrl\":\"https:\\\/\\\/www.meydan.tv\\\/wp-content\\\/uploads\\\/23284.jpg\",\"datePublished\":\"2016-06-21T23:38:43+00:00\",\"breadcrumb\":{\"@id\":\"https:\\\/\\\/www.meydan.tv\\\/az\\\/article\\\/puntinin-yanginsondurme-missiyasi\\\/#breadcrumb\"},\"inLanguage\":\"az\",\"potentialAction\":[{\"@type\":\"ReadAction\",\"target\":[\"https:\\\/\\\/www.meydan.tv\\\/az\\\/article\\\/puntinin-yanginsondurme-missiyasi\\\/\"]}]},{\"@type\":\"ImageObject\",\"inLanguage\":\"az\",\"@id\":\"https:\\\/\\\/www.meydan.tv\\\/az\\\/article\\\/puntinin-yanginsondurme-missiyasi\\\/#primaryimage\",\"url\":\"https:\\\/\\\/www.meydan.tv\\\/wp-content\\\/uploads\\\/23284.jpg\",\"contentUrl\":\"https:\\\/\\\/www.meydan.tv\\\/wp-content\\\/uploads\\\/23284.jpg\",\"width\":600,\"height\":400,\"caption\":\"Source:\"},{\"@type\":\"BreadcrumbList\",\"@id\":\"https:\\\/\\\/www.meydan.tv\\\/az\\\/article\\\/puntinin-yanginsondurme-missiyasi\\\/#breadcrumb\",\"itemListElement\":[{\"@type\":\"ListItem\",\"position\":1,\"name\":\"Ana s\u0259hif\u0259\",\"item\":\"https:\\\/\\\/www.meydan.tv\\\/az\\\/\"},{\"@type\":\"ListItem\",\"position\":2,\"name\":\"Analitika\",\"item\":\"https:\\\/\\\/www.meydan.tv\\\/az\\\/section\\\/analitika\\\/\"},{\"@type\":\"ListItem\",\"position\":3,\"name\":\"Puntinin yan\u011f\u0131ns\u00f6nd\u00fcrm\u0259 missiyas\u0131\"}]},{\"@type\":\"WebSite\",\"@id\":\"https:\\\/\\\/www.meydan.tv\\\/az\\\/#website\",\"url\":\"https:\\\/\\\/www.meydan.tv\\\/az\\\/\",\"name\":\"MEYDAN.TV\",\"description\":\"Meydan TV Az\u0259rbaycan\u0131n media m\u0259kan\u0131ndak\u0131 alternativ s\u0259sidir\",\"publisher\":{\"@id\":\"https:\\\/\\\/www.meydan.tv\\\/az\\\/#organization\"},\"potentialAction\":[{\"@type\":\"SearchAction\",\"target\":{\"@type\":\"EntryPoint\",\"urlTemplate\":\"https:\\\/\\\/www.meydan.tv\\\/az\\\/?s={search_term_string}\"},\"query-input\":{\"@type\":\"PropertyValueSpecification\",\"valueRequired\":true,\"valueName\":\"search_term_string\"}}],\"inLanguage\":\"az\"},{\"@type\":\"Organization\",\"@id\":\"https:\\\/\\\/www.meydan.tv\\\/az\\\/#organization\",\"name\":\"Meydan TV\",\"url\":\"https:\\\/\\\/www.meydan.tv\\\/az\\\/\",\"logo\":{\"@type\":\"ImageObject\",\"inLanguage\":\"az\",\"@id\":\"https:\\\/\\\/www.meydan.tv\\\/az\\\/#\\\/schema\\\/logo\\\/image\\\/\",\"url\":\"https:\\\/\\\/www.meydan.tv\\\/wp-content\\\/uploads\\\/2021\\\/07\\\/meydan-logo.svg\",\"contentUrl\":\"https:\\\/\\\/www.meydan.tv\\\/wp-content\\\/uploads\\\/2021\\\/07\\\/meydan-logo.svg\",\"width\":195,\"height\":46,\"caption\":\"Meydan TV\"},\"image\":{\"@id\":\"https:\\\/\\\/www.meydan.tv\\\/az\\\/#\\\/schema\\\/logo\\\/image\\\/\"}},{\"@type\":\"Person\",\"@id\":\"https:\\\/\\\/www.meydan.tv\\\/az\\\/#\\\/schema\\\/person\\\/10d11eccf6da3662cf5fdab9806ea91a\",\"name\":\"user-manager\"}]}<\/script>\n<!-- \/ Yoast SEO plugin. -->","yoast_head_json":{"title":"Puntinin yan\u011f\u0131ns\u00f6nd\u00fcrm\u0259 missiyas\u0131 - MEYDAN.TV","robots":{"index":"index","follow":"follow","max-snippet":"max-snippet:-1","max-image-preview":"max-image-preview:large","max-video-preview":"max-video-preview:-1"},"canonical":"https:\/\/www.meydan.tv\/az\/article\/puntinin-yanginsondurme-missiyasi\/","og_locale":"az_AZ","og_type":"article","og_title":"Puntinin yan\u011f\u0131ns\u00f6nd\u00fcrm\u0259 missiyas\u0131 - MEYDAN.TV","og_description":"Sonrak\u0131 hadis\u0259l\u0259rd\u0259n g\u00f6r\u00fcnd\u00fc ki, prezident Vladimir Putin bu s\u00fclhm\u0259raml\u0131 missiyaya x\u00fcsusi h\u0259v\u0259sl\u0259 qo\u015fulmay\u0131b...","og_url":"https:\/\/www.meydan.tv\/az\/article\/puntinin-yanginsondurme-missiyasi\/","og_site_name":"MEYDAN.TV","article_published_time":"2016-06-21T23:38:43+00:00","og_image":[{"width":600,"height":400,"url":"https:\/\/www.meydan.tv\/wp-content\/uploads\/23284.jpg","type":"image\/jpeg"}],"author":"user-manager","twitter_card":"summary_large_image","schema":{"@context":"https:\/\/schema.org","@graph":[{"@type":"Article","@id":"https:\/\/www.meydan.tv\/az\/article\/puntinin-yanginsondurme-missiyasi\/#article","isPartOf":{"@id":"https:\/\/www.meydan.tv\/az\/article\/puntinin-yanginsondurme-missiyasi\/"},"author":{"name":"user-manager","@id":"https:\/\/www.meydan.tv\/az\/#\/schema\/person\/10d11eccf6da3662cf5fdab9806ea91a"},"headline":"Puntinin yan\u011f\u0131ns\u00f6nd\u00fcrm\u0259 missiyas\u0131","datePublished":"2016-06-21T23:38:43+00:00","mainEntityOfPage":{"@id":"https:\/\/www.meydan.tv\/az\/article\/puntinin-yanginsondurme-missiyasi\/"},"wordCount":986,"publisher":{"@id":"https:\/\/www.meydan.tv\/az\/#organization"},"image":{"@id":"https:\/\/www.meydan.tv\/az\/article\/puntinin-yanginsondurme-missiyasi\/#primaryimage"},"thumbnailUrl":"https:\/\/www.meydan.tv\/wp-content\/uploads\/23284.jpg","articleSection":["Analitika"],"inLanguage":"az"},{"@type":"WebPage","@id":"https:\/\/www.meydan.tv\/az\/article\/puntinin-yanginsondurme-missiyasi\/","url":"https:\/\/www.meydan.tv\/az\/article\/puntinin-yanginsondurme-missiyasi\/","name":"Puntinin yan\u011f\u0131ns\u00f6nd\u00fcrm\u0259 missiyas\u0131 - MEYDAN.TV","isPartOf":{"@id":"https:\/\/www.meydan.tv\/az\/#website"},"primaryImageOfPage":{"@id":"https:\/\/www.meydan.tv\/az\/article\/puntinin-yanginsondurme-missiyasi\/#primaryimage"},"image":{"@id":"https:\/\/www.meydan.tv\/az\/article\/puntinin-yanginsondurme-missiyasi\/#primaryimage"},"thumbnailUrl":"https:\/\/www.meydan.tv\/wp-content\/uploads\/23284.jpg","datePublished":"2016-06-21T23:38:43+00:00","breadcrumb":{"@id":"https:\/\/www.meydan.tv\/az\/article\/puntinin-yanginsondurme-missiyasi\/#breadcrumb"},"inLanguage":"az","potentialAction":[{"@type":"ReadAction","target":["https:\/\/www.meydan.tv\/az\/article\/puntinin-yanginsondurme-missiyasi\/"]}]},{"@type":"ImageObject","inLanguage":"az","@id":"https:\/\/www.meydan.tv\/az\/article\/puntinin-yanginsondurme-missiyasi\/#primaryimage","url":"https:\/\/www.meydan.tv\/wp-content\/uploads\/23284.jpg","contentUrl":"https:\/\/www.meydan.tv\/wp-content\/uploads\/23284.jpg","width":600,"height":400,"caption":"Source:"},{"@type":"BreadcrumbList","@id":"https:\/\/www.meydan.tv\/az\/article\/puntinin-yanginsondurme-missiyasi\/#breadcrumb","itemListElement":[{"@type":"ListItem","position":1,"name":"Ana s\u0259hif\u0259","item":"https:\/\/www.meydan.tv\/az\/"},{"@type":"ListItem","position":2,"name":"Analitika","item":"https:\/\/www.meydan.tv\/az\/section\/analitika\/"},{"@type":"ListItem","position":3,"name":"Puntinin yan\u011f\u0131ns\u00f6nd\u00fcrm\u0259 missiyas\u0131"}]},{"@type":"WebSite","@id":"https:\/\/www.meydan.tv\/az\/#website","url":"https:\/\/www.meydan.tv\/az\/","name":"MEYDAN.TV","description":"Meydan TV Az\u0259rbaycan\u0131n media m\u0259kan\u0131ndak\u0131 alternativ s\u0259sidir","publisher":{"@id":"https:\/\/www.meydan.tv\/az\/#organization"},"potentialAction":[{"@type":"SearchAction","target":{"@type":"EntryPoint","urlTemplate":"https:\/\/www.meydan.tv\/az\/?s={search_term_string}"},"query-input":{"@type":"PropertyValueSpecification","valueRequired":true,"valueName":"search_term_string"}}],"inLanguage":"az"},{"@type":"Organization","@id":"https:\/\/www.meydan.tv\/az\/#organization","name":"Meydan TV","url":"https:\/\/www.meydan.tv\/az\/","logo":{"@type":"ImageObject","inLanguage":"az","@id":"https:\/\/www.meydan.tv\/az\/#\/schema\/logo\/image\/","url":"https:\/\/www.meydan.tv\/wp-content\/uploads\/2021\/07\/meydan-logo.svg","contentUrl":"https:\/\/www.meydan.tv\/wp-content\/uploads\/2021\/07\/meydan-logo.svg","width":195,"height":46,"caption":"Meydan TV"},"image":{"@id":"https:\/\/www.meydan.tv\/az\/#\/schema\/logo\/image\/"}},{"@type":"Person","@id":"https:\/\/www.meydan.tv\/az\/#\/schema\/person\/10d11eccf6da3662cf5fdab9806ea91a","name":"user-manager"}]}},"_links":{"self":[{"href":"https:\/\/www.meydan.tv\/az\/wp-json\/wp\/v2\/posts\/176885","targetHints":{"allow":["GET"]}}],"collection":[{"href":"https:\/\/www.meydan.tv\/az\/wp-json\/wp\/v2\/posts"}],"about":[{"href":"https:\/\/www.meydan.tv\/az\/wp-json\/wp\/v2\/types\/post"}],"author":[{"embeddable":true,"href":"https:\/\/www.meydan.tv\/az\/wp-json\/wp\/v2\/users\/11"}],"replies":[{"embeddable":true,"href":"https:\/\/www.meydan.tv\/az\/wp-json\/wp\/v2\/comments?post=176885"}],"version-history":[{"count":0,"href":"https:\/\/www.meydan.tv\/az\/wp-json\/wp\/v2\/posts\/176885\/revisions"}],"wp:featuredmedia":[{"embeddable":true,"href":"https:\/\/www.meydan.tv\/az\/wp-json\/wp\/v2\/media\/61236"}],"wp:attachment":[{"href":"https:\/\/www.meydan.tv\/az\/wp-json\/wp\/v2\/media?parent=176885"}],"wp:term":[{"taxonomy":"category","embeddable":true,"href":"https:\/\/www.meydan.tv\/az\/wp-json\/wp\/v2\/categories?post=176885"},{"taxonomy":"post_tag","embeddable":true,"href":"https:\/\/www.meydan.tv\/az\/wp-json\/wp\/v2\/tags?post=176885"}],"curies":[{"name":"wp","href":"https:\/\/api.w.org\/{rel}","templated":true}]}}