{"id":176876,"date":"2016-06-21T18:51:05","date_gmt":"2016-06-21T18:51:05","guid":{"rendered":"https:\/\/www.meydan.tv\/article\/her-hansi-razilasma-elde-olunmayibsa-bu-netice-etibariyla-muharibeye-geden-yoldur\/"},"modified":"2016-06-21T18:51:05","modified_gmt":"2016-06-21T18:51:05","slug":"her-hansi-razilasma-elde-olunmayibsa-bu-netice-etibariyla-muharibeye-geden-yoldur","status":"publish","type":"post","link":"https:\/\/www.meydan.tv\/az\/article\/her-hansi-razilasma-elde-olunmayibsa-bu-netice-etibariyla-muharibeye-geden-yoldur\/","title":{"rendered":"&#8221;H\u0259r hans\u0131 raz\u0131la\u015fma \u0259ld\u0259 olunmay\u0131bsa, bu, n\u0259tic\u0259 etibar\u0131yla m\u00fcharib\u0259y\u0259 ged\u0259n yoldur&#8221;"},"content":{"rendered":"<figure class=\"wp-block-image size-large\">\n  <img decoding=\"async\" src=\"https:\/\/www.meydan.tv\/az\/61218\/\" alt=\"\" class=\"wp-image-61218\"\/><figcaption><\/figcaption><\/figure>\n<p>\n  <i><br \/>\n    Rauf Mirq\u0259dirov: &#8221;Putinin vasit\u0259\u00e7iliyi il\u0259 ke\u00e7iril\u0259n g\u00f6r\u00fc\u015fd\u0259n \u00e7\u0131xan t\u0259r\u0259fl\u0259r t\u0259\u015f\u0259bb\u00fcs\u00fcn iflasa u\u011framas\u0131 haqda b\u0259yanat ver\u0259 bilm\u0259zdil\u0259r&#8221;<br \/>\n  <\/i><\/p>\n<p>  Rusiya, Az\u0259rbaycan v\u0259 Erm\u0259nistan prezidentl\u0259rinin Sankt-Peterburq g\u00f6r\u00fc\u015f\u00fcn\u00fcn yekun n\u0259tic\u0259si o oldu ki, \u00fc\u00e7t\u0259r\u0259fli g\u00f6r\u00fc\u015fl\u0259r davam etdirilsin. Eyni zamanda, m\u00fc\u015fahid\u0259\u00e7il\u0259rin say\u0131 art\u0131r\u0131ls\u0131n. H\u0259r \u00fc\u00e7 t\u0259r\u0259f g\u00f6r\u00fc\u015fd\u0259n raz\u0131 qald\u0131\u011f\u0131n\u0131 bildirdi.<br \/>\n  <br \/>\n  20 iyun g\u00f6r\u00fc\u015f\u00fcn\u00fc Meydan TV-y\u0259 \u015f\u0259rh ed\u0259n &#8220;Zerkalo&#8221; q\u0259zetinin icmal\u00e7\u0131s\u0131 Rauf Mirq\u0259dirov hesab edir ki, prezidentl\u0259rin Sank-Peterburq g\u00f6r\u00fc\u015f\u00fc ciddi u\u011furla yekunla\u015fmay\u0131b: &#8220;G\u00f6r\u00fc\u015fd\u0259n sonra s\u0259sl\u0259n\u0259n b\u0259yanatda da, bu, \u00f6z\u00fcn\u00fc b\u00fcruz\u0259 verir. Faktiki olaraq, real n\u0259tic\u0259 m\u00fc\u015fahid\u0259\u00e7il\u0259rin say\u0131n\u0131n art\u0131r\u0131lmas\u0131d\u0131r. Bu raz\u0131la\u015fma is\u0259 \u0259vv\u0259lki g\u00f6r\u00fc\u015fl\u0259rin n\u0259tic\u0259sidir. \u00c7\u00fcnki Vyana g\u00f6r\u00fc\u015f\u00fcnd\u0259 d\u0259 bu m\u0259s\u0259l\u0259 qald\u0131r\u0131lm\u0131\u015fd\u0131 v\u0259 t\u0259r\u0259fl\u0259r \u00fcmumi raz\u0131la\u015fma \u0259ld\u0259 etmi\u015fdil\u0259r&#8221;.\n<\/p>\n<p>\n  Rauf Mirq\u0259dirov hesab edir ki, b\u0259yanatlar\u0131n \u00fcmumi \u0259hval-ruhiyy\u0259sinin pozitiv olmas\u0131 ciddi g\u00f6st\u0259rici deyil: &#8220;S\u00f6zs\u00fcz ki, Putinin vasit\u0259\u00e7iliyi il\u0259 ke\u00e7iril\u0259n g\u00f6r\u00fc\u015fd\u0259n \u00e7\u0131xan t\u0259r\u0259fl\u0259r t\u0259\u015f\u0259bb\u00fcs\u00fcn iflasa u\u011framas\u0131 haqda b\u0259yanat ver\u0259 bilm\u0259zdil\u0259r. Bu, ilk n\u00f6vb\u0259d\u0259, Putinin n\u00fcfuzuna x\u0259l\u0259l g\u0259tir\u0259rdi. Y\u0259ni g\u00f6r\u00fc\u015f\u00fcn m\u00fcsb\u0259t n\u0259tic\u0259l\u0259nm\u0259si haqda b\u0259yanatlar\u0131 ciddi q\u0259bul etm\u0259k olmaz&#8221;.\n<\/p>\n<p>\n  Onun s\u00f6zl\u0259rin\u0259 g\u00f6r\u0259, 20 iyun g\u00f6r\u00fc\u015f\u00fcnd\u0259 ba\u011fl\u0131 qap\u0131lar arxas\u0131nda h\u0259r hans\u0131 raz\u0131la\u015fma \u0259ld\u0259 olunmay\u0131bsa, bu, n\u0259tic\u0259 etibar\u0131yla m\u00fcharib\u0259y\u0259 ged\u0259n yoldur: &#8220;\u018fmin\u0259m ki, Rusiya v\u0259 dig\u0259r vasit\u0259\u00e7il\u0259r m\u00fcnaqi\u015f\u0259nin h\u0259llini s\u00fcr\u0259tl\u0259ndir\u0259 bil\u0259rdi. Daha \u00e7ox Rusiyan\u0131n m\u00f6vqeyind\u0259n \u00e7ox \u015fey as\u0131l\u0131d\u0131r, s\u0259b\u0259b d\u0259 Moskvan\u0131n \u0130r\u0259vana t\u0259zyiq imkanlar\u0131n\u0131n \u00e7ox geni\u015f olmas\u0131d\u0131r. \u018fn az\u0131ndan 5 rayonun Az\u0259rbaycana qaytar\u0131lmas\u0131 Rusiya il\u0259 b\u0259rab\u0259r dig\u0259r vasit\u0259\u00e7il\u0259rin d\u0259 Erm\u0259nistana kifay\u0259t q\u0259d\u0259r t\u0259zyiq imkanlar\u0131 var. \u018fg\u0259r bu, ba\u015f verm\u0259s\u0259, beyn\u0259lxalq vasit\u0259\u00e7il\u0259r hadis\u0259l\u0259rin bu istiqam\u0259td\u0259 inki\u015faf\u0131nda maraql\u0131 deyill\u0259r. \u00c7\u00fcnki hadis\u0259l\u0259rin bu istiqam\u0259td\u0259 inki\u015faf\u0131 C\u0259nubi Qafqaz\u0131n tamamil\u0259 Rusiyan\u0131n n\u0259zar\u0259tin\u0259 ke\u00e7m\u0259sini t\u0259min etmir. Bununla Rusiya b\u00f6y\u00fck m\u00fcharib\u0259 variant\u0131n\u0131 istisna etmir. Vaxt bax\u0131m\u0131ndan b\u00f6y\u00fck m\u00fcharib\u0259 variant\u0131 yax\u0131n d\u00f6vrl\u0259rd\u0259 d\u0259 ola bil\u0259r. Birinci variantda Rusiyada D\u00f6vl\u0259t Dumas\u0131na se\u00e7kil\u0259rd\u0259 bu m\u00fcmk\u00fcnd\u00fcr, y\u0259ni regionda &#8220;\u0259m\u0259liyyat&#8221; ke\u00e7irilir v\u0259 bu, Putinin partiyas\u0131n\u0131n reytinqini art\u0131r\u0131r. \u0130kinci variant Rusiyada 2018-ci ild\u0259 g\u00f6zl\u0259nil\u0259n prezident se\u00e7kil\u0259ril\u0259 ba\u011fl\u0131d\u0131r, gedi\u015fat se\u00e7kil\u0259r \u0259r\u0259f\u0259sind\u0259 \u015fimal \u00f6lk\u0259d\u0259 daxili situasiyadan as\u0131l\u0131 olacaq. Daxili v\u0259ziyy\u0259t g\u0259rginl\u0259\u015f\u0259rs\u0259, iqtisadi durum a\u011f\u0131rla\u015farsa, Putin m\u00fcxalifl\u0259rinin i\u015ftirak\u0131na daha geni\u015f imkan yaranarsa, Kreml b\u00f6lg\u0259d\u0259 qaynar n\u00f6qt\u0259nin yaranmas\u0131nda v\u0259 orda i\u015ftirak etm\u0259y\u0259 c\u0259hd ed\u0259r&#8221;.\n<\/p>\n<p>\n  Rauf Mirq\u0259dirov bir s\u0131ra daxili v\u0259 xarici ekspertl\u0259rin &#8220;Erm\u0259nistan prezidenti \u00fc\u00e7\u00fcn haz\u0131rda \u00e7\u0259tindir, bu bax\u0131mdan h\u0259r hans\u0131 raz\u0131la\u015fmaya ged\u0259c\u0259k&#8221; fikirl\u0259rini bel\u0259 \u015f\u0259rh etdi: &#8220;Guya, beyn\u0259lxalq g\u00fccl\u0259r m\u00fcnaqi\u015f\u0259nin qism\u0259n Az\u0259rbaycan\u0131n maraqlar\u0131 \u00e7\u0259r\u00e7iv\u0259sind\u0259 olmaqla lokal m\u00fcharib\u0259nin t\u0259r\u0259fdar\u0131d\u0131rlar. Y\u0259ni Az\u0259rbaycan m\u00fcharib\u0259 vasit\u0259sil\u0259 m\u00fc\u0259yy\u0259n \u0259razil\u0259ri azad edir v\u0259 Erm\u0259nistanda \u00e7evrili\u015f ba\u015f verir, hakimiyy\u0259t\u0259 g\u0259l\u0259n q\u00fcvv\u0259yl\u0259 ba\u015fqa m\u00fcst\u0259vid\u0259 dan\u0131\u015f\u0131qlar davam etdirilir, bununla problemin siyasi h\u0259ll yolu tap\u0131l\u0131r. Bu varianta \u00e7ox pessimist yana\u015f\u0131ram, inanm\u0131ram. \u00c7\u00fcnki geosiyasi ger\u00e7\u0259klikl\u0259r bu variant\u0131n \u0259ksini deyir, C\u0259nubi Qafqaz Moskva il\u0259 Va\u015finqton aras\u0131nda m\u00fcbariz\u0259 meydan\u0131d\u0131r, Ankara v\u0259 Tehran\u0131 da bura daxil ets\u0259niz, m\u0259nz\u0259r\u0259 ayd\u0131n olar. \u00dcmumiyy\u0259tl\u0259, C\u0259nubi Qafqaz tam b\u00f6l\u00fcnm\u0259mi\u015f \u0259razidir, bel\u0259 olanda regionda m\u00fcxt\u0259lif maraqlara malik q\u00fcvv\u0259l\u0259\u0131rin dil tapmas\u0131 m\u00fcmk\u00fcn deyil. Hesab edir\u0259m ki, bu variant\u0131n t\u0259r\u0259fdarlar\u0131 ist\u0259dikl\u0259rini ger\u00e7\u0259klik kimi t\u0259qdim edirl\u0259r&#8221;.<\/p>\n","protected":false},"excerpt":{"rendered":"<p>Rauf Mirq\u0259dirov: &#8221;Putinin vasit\u0259\u00e7iliyi il\u0259 ke\u00e7iril\u0259n g\u00f6r\u00fc\u015fd\u0259n \u00e7\u0131xan t\u0259r\u0259fl\u0259r t\u0259\u015f\u0259bb\u00fcs\u00fcn iflasa u\u011framas\u0131 haqda b\u0259yanat ver\u0259 bilm\u0259zdil\u0259r&#8221;<\/p>\n","protected":false},"author":11,"featured_media":61218,"comment_status":"closed","ping_status":"open","sticky":false,"template":"","format":"standard","meta":{"_acf_changed":false,"_sitemap_exclude":false,"_sitemap_priority":"","_sitemap_frequency":"","footnotes":""},"categories":[51],"tags":[],"class_list":["post-176876","post","type-post","status-publish","format-standard","has-post-thumbnail","hentry","category-analitika","infinite-scroll-item","generate-columns","tablet-grid-50","mobile-grid-100","grid-parent","grid-33","no-featured-image-padding"],"acf":[],"yoast_head":"<!-- This site is optimized with the Yoast SEO plugin v27.5 - https:\/\/yoast.com\/product\/yoast-seo-wordpress\/ -->\n<title>&#039;&#039;H\u0259r hans\u0131 raz\u0131la\u015fma \u0259ld\u0259 olunmay\u0131bsa, bu, n\u0259tic\u0259 etibar\u0131yla m\u00fcharib\u0259y\u0259 ged\u0259n yoldur&#039;&#039; - MEYDAN.TV<\/title>\n<meta name=\"robots\" content=\"index, follow, max-snippet:-1, max-image-preview:large, max-video-preview:-1\" \/>\n<link rel=\"canonical\" href=\"https:\/\/www.meydan.tv\/az\/article\/her-hansi-razilasma-elde-olunmayibsa-bu-netice-etibariyla-muharibeye-geden-yoldur\/\" \/>\n<meta property=\"og:locale\" content=\"az_AZ\" \/>\n<meta property=\"og:type\" content=\"article\" \/>\n<meta property=\"og:title\" content=\"&#039;&#039;H\u0259r hans\u0131 raz\u0131la\u015fma \u0259ld\u0259 olunmay\u0131bsa, bu, n\u0259tic\u0259 etibar\u0131yla m\u00fcharib\u0259y\u0259 ged\u0259n yoldur&#039;&#039; - MEYDAN.TV\" \/>\n<meta property=\"og:description\" content=\"Rauf Mirq\u0259dirov: &#039;&#039;Putinin vasit\u0259\u00e7iliyi il\u0259 ke\u00e7iril\u0259n g\u00f6r\u00fc\u015fd\u0259n \u00e7\u0131xan t\u0259r\u0259fl\u0259r t\u0259\u015f\u0259bb\u00fcs\u00fcn iflasa u\u011framas\u0131 haqda b\u0259yanat ver\u0259 bilm\u0259zdil\u0259r&#039;&#039;\" \/>\n<meta property=\"og:url\" content=\"https:\/\/www.meydan.tv\/az\/article\/her-hansi-razilasma-elde-olunmayibsa-bu-netice-etibariyla-muharibeye-geden-yoldur\/\" \/>\n<meta property=\"og:site_name\" content=\"MEYDAN.TV\" \/>\n<meta property=\"article:published_time\" content=\"2016-06-21T18:51:05+00:00\" \/>\n<meta property=\"og:image\" content=\"https:\/\/www.meydan.tv\/wp-content\/uploads\/23274.jpg\" \/>\n\t<meta property=\"og:image:width\" content=\"856\" \/>\n\t<meta property=\"og:image:height\" content=\"480\" \/>\n\t<meta property=\"og:image:type\" content=\"image\/jpeg\" \/>\n<meta name=\"author\" content=\"user-manager\" \/>\n<meta name=\"twitter:card\" content=\"summary_large_image\" \/>\n<script type=\"application\/ld+json\" class=\"yoast-schema-graph\">{\"@context\":\"https:\\\/\\\/schema.org\",\"@graph\":[{\"@type\":\"Article\",\"@id\":\"https:\\\/\\\/www.meydan.tv\\\/az\\\/article\\\/her-hansi-razilasma-elde-olunmayibsa-bu-netice-etibariyla-muharibeye-geden-yoldur\\\/#article\",\"isPartOf\":{\"@id\":\"https:\\\/\\\/www.meydan.tv\\\/az\\\/article\\\/her-hansi-razilasma-elde-olunmayibsa-bu-netice-etibariyla-muharibeye-geden-yoldur\\\/\"},\"author\":{\"name\":\"user-manager\",\"@id\":\"https:\\\/\\\/www.meydan.tv\\\/az\\\/#\\\/schema\\\/person\\\/10d11eccf6da3662cf5fdab9806ea91a\"},\"headline\":\"&#8221;H\u0259r hans\u0131 raz\u0131la\u015fma \u0259ld\u0259 olunmay\u0131bsa, bu, n\u0259tic\u0259 etibar\u0131yla m\u00fcharib\u0259y\u0259 ged\u0259n yoldur&#8221;\",\"datePublished\":\"2016-06-21T18:51:05+00:00\",\"mainEntityOfPage\":{\"@id\":\"https:\\\/\\\/www.meydan.tv\\\/az\\\/article\\\/her-hansi-razilasma-elde-olunmayibsa-bu-netice-etibariyla-muharibeye-geden-yoldur\\\/\"},\"wordCount\":812,\"publisher\":{\"@id\":\"https:\\\/\\\/www.meydan.tv\\\/az\\\/#organization\"},\"image\":{\"@id\":\"https:\\\/\\\/www.meydan.tv\\\/az\\\/article\\\/her-hansi-razilasma-elde-olunmayibsa-bu-netice-etibariyla-muharibeye-geden-yoldur\\\/#primaryimage\"},\"thumbnailUrl\":\"https:\\\/\\\/www.meydan.tv\\\/wp-content\\\/uploads\\\/23274.jpg\",\"articleSection\":[\"Analitika\"],\"inLanguage\":\"az\"},{\"@type\":\"WebPage\",\"@id\":\"https:\\\/\\\/www.meydan.tv\\\/az\\\/article\\\/her-hansi-razilasma-elde-olunmayibsa-bu-netice-etibariyla-muharibeye-geden-yoldur\\\/\",\"url\":\"https:\\\/\\\/www.meydan.tv\\\/az\\\/article\\\/her-hansi-razilasma-elde-olunmayibsa-bu-netice-etibariyla-muharibeye-geden-yoldur\\\/\",\"name\":\"''H\u0259r hans\u0131 raz\u0131la\u015fma \u0259ld\u0259 olunmay\u0131bsa, bu, n\u0259tic\u0259 etibar\u0131yla m\u00fcharib\u0259y\u0259 ged\u0259n yoldur'' - MEYDAN.TV\",\"isPartOf\":{\"@id\":\"https:\\\/\\\/www.meydan.tv\\\/az\\\/#website\"},\"primaryImageOfPage\":{\"@id\":\"https:\\\/\\\/www.meydan.tv\\\/az\\\/article\\\/her-hansi-razilasma-elde-olunmayibsa-bu-netice-etibariyla-muharibeye-geden-yoldur\\\/#primaryimage\"},\"image\":{\"@id\":\"https:\\\/\\\/www.meydan.tv\\\/az\\\/article\\\/her-hansi-razilasma-elde-olunmayibsa-bu-netice-etibariyla-muharibeye-geden-yoldur\\\/#primaryimage\"},\"thumbnailUrl\":\"https:\\\/\\\/www.meydan.tv\\\/wp-content\\\/uploads\\\/23274.jpg\",\"datePublished\":\"2016-06-21T18:51:05+00:00\",\"breadcrumb\":{\"@id\":\"https:\\\/\\\/www.meydan.tv\\\/az\\\/article\\\/her-hansi-razilasma-elde-olunmayibsa-bu-netice-etibariyla-muharibeye-geden-yoldur\\\/#breadcrumb\"},\"inLanguage\":\"az\",\"potentialAction\":[{\"@type\":\"ReadAction\",\"target\":[\"https:\\\/\\\/www.meydan.tv\\\/az\\\/article\\\/her-hansi-razilasma-elde-olunmayibsa-bu-netice-etibariyla-muharibeye-geden-yoldur\\\/\"]}]},{\"@type\":\"ImageObject\",\"inLanguage\":\"az\",\"@id\":\"https:\\\/\\\/www.meydan.tv\\\/az\\\/article\\\/her-hansi-razilasma-elde-olunmayibsa-bu-netice-etibariyla-muharibeye-geden-yoldur\\\/#primaryimage\",\"url\":\"https:\\\/\\\/www.meydan.tv\\\/wp-content\\\/uploads\\\/23274.jpg\",\"contentUrl\":\"https:\\\/\\\/www.meydan.tv\\\/wp-content\\\/uploads\\\/23274.jpg\",\"width\":856,\"height\":480,\"caption\":\"Source:\"},{\"@type\":\"BreadcrumbList\",\"@id\":\"https:\\\/\\\/www.meydan.tv\\\/az\\\/article\\\/her-hansi-razilasma-elde-olunmayibsa-bu-netice-etibariyla-muharibeye-geden-yoldur\\\/#breadcrumb\",\"itemListElement\":[{\"@type\":\"ListItem\",\"position\":1,\"name\":\"Ana s\u0259hif\u0259\",\"item\":\"https:\\\/\\\/www.meydan.tv\\\/az\\\/\"},{\"@type\":\"ListItem\",\"position\":2,\"name\":\"Analitika\",\"item\":\"https:\\\/\\\/www.meydan.tv\\\/az\\\/section\\\/analitika\\\/\"},{\"@type\":\"ListItem\",\"position\":3,\"name\":\"&#8221;H\u0259r hans\u0131 raz\u0131la\u015fma \u0259ld\u0259 olunmay\u0131bsa, bu, n\u0259tic\u0259 etibar\u0131yla m\u00fcharib\u0259y\u0259 ged\u0259n yoldur&#8221;\"}]},{\"@type\":\"WebSite\",\"@id\":\"https:\\\/\\\/www.meydan.tv\\\/az\\\/#website\",\"url\":\"https:\\\/\\\/www.meydan.tv\\\/az\\\/\",\"name\":\"MEYDAN.TV\",\"description\":\"Meydan TV Az\u0259rbaycan\u0131n media m\u0259kan\u0131ndak\u0131 alternativ s\u0259sidir\",\"publisher\":{\"@id\":\"https:\\\/\\\/www.meydan.tv\\\/az\\\/#organization\"},\"potentialAction\":[{\"@type\":\"SearchAction\",\"target\":{\"@type\":\"EntryPoint\",\"urlTemplate\":\"https:\\\/\\\/www.meydan.tv\\\/az\\\/?s={search_term_string}\"},\"query-input\":{\"@type\":\"PropertyValueSpecification\",\"valueRequired\":true,\"valueName\":\"search_term_string\"}}],\"inLanguage\":\"az\"},{\"@type\":\"Organization\",\"@id\":\"https:\\\/\\\/www.meydan.tv\\\/az\\\/#organization\",\"name\":\"Meydan TV\",\"url\":\"https:\\\/\\\/www.meydan.tv\\\/az\\\/\",\"logo\":{\"@type\":\"ImageObject\",\"inLanguage\":\"az\",\"@id\":\"https:\\\/\\\/www.meydan.tv\\\/az\\\/#\\\/schema\\\/logo\\\/image\\\/\",\"url\":\"https:\\\/\\\/www.meydan.tv\\\/wp-content\\\/uploads\\\/2021\\\/07\\\/meydan-logo.svg\",\"contentUrl\":\"https:\\\/\\\/www.meydan.tv\\\/wp-content\\\/uploads\\\/2021\\\/07\\\/meydan-logo.svg\",\"width\":195,\"height\":46,\"caption\":\"Meydan TV\"},\"image\":{\"@id\":\"https:\\\/\\\/www.meydan.tv\\\/az\\\/#\\\/schema\\\/logo\\\/image\\\/\"}},{\"@type\":\"Person\",\"@id\":\"https:\\\/\\\/www.meydan.tv\\\/az\\\/#\\\/schema\\\/person\\\/10d11eccf6da3662cf5fdab9806ea91a\",\"name\":\"user-manager\"}]}<\/script>\n<!-- \/ Yoast SEO plugin. -->","yoast_head_json":{"title":"''H\u0259r hans\u0131 raz\u0131la\u015fma \u0259ld\u0259 olunmay\u0131bsa, bu, n\u0259tic\u0259 etibar\u0131yla m\u00fcharib\u0259y\u0259 ged\u0259n yoldur'' - MEYDAN.TV","robots":{"index":"index","follow":"follow","max-snippet":"max-snippet:-1","max-image-preview":"max-image-preview:large","max-video-preview":"max-video-preview:-1"},"canonical":"https:\/\/www.meydan.tv\/az\/article\/her-hansi-razilasma-elde-olunmayibsa-bu-netice-etibariyla-muharibeye-geden-yoldur\/","og_locale":"az_AZ","og_type":"article","og_title":"''H\u0259r hans\u0131 raz\u0131la\u015fma \u0259ld\u0259 olunmay\u0131bsa, bu, n\u0259tic\u0259 etibar\u0131yla m\u00fcharib\u0259y\u0259 ged\u0259n yoldur'' - MEYDAN.TV","og_description":"Rauf Mirq\u0259dirov: ''Putinin vasit\u0259\u00e7iliyi il\u0259 ke\u00e7iril\u0259n g\u00f6r\u00fc\u015fd\u0259n \u00e7\u0131xan t\u0259r\u0259fl\u0259r t\u0259\u015f\u0259bb\u00fcs\u00fcn iflasa u\u011framas\u0131 haqda b\u0259yanat ver\u0259 bilm\u0259zdil\u0259r''","og_url":"https:\/\/www.meydan.tv\/az\/article\/her-hansi-razilasma-elde-olunmayibsa-bu-netice-etibariyla-muharibeye-geden-yoldur\/","og_site_name":"MEYDAN.TV","article_published_time":"2016-06-21T18:51:05+00:00","og_image":[{"width":856,"height":480,"url":"https:\/\/www.meydan.tv\/wp-content\/uploads\/23274.jpg","type":"image\/jpeg"}],"author":"user-manager","twitter_card":"summary_large_image","schema":{"@context":"https:\/\/schema.org","@graph":[{"@type":"Article","@id":"https:\/\/www.meydan.tv\/az\/article\/her-hansi-razilasma-elde-olunmayibsa-bu-netice-etibariyla-muharibeye-geden-yoldur\/#article","isPartOf":{"@id":"https:\/\/www.meydan.tv\/az\/article\/her-hansi-razilasma-elde-olunmayibsa-bu-netice-etibariyla-muharibeye-geden-yoldur\/"},"author":{"name":"user-manager","@id":"https:\/\/www.meydan.tv\/az\/#\/schema\/person\/10d11eccf6da3662cf5fdab9806ea91a"},"headline":"&#8221;H\u0259r hans\u0131 raz\u0131la\u015fma \u0259ld\u0259 olunmay\u0131bsa, bu, n\u0259tic\u0259 etibar\u0131yla m\u00fcharib\u0259y\u0259 ged\u0259n yoldur&#8221;","datePublished":"2016-06-21T18:51:05+00:00","mainEntityOfPage":{"@id":"https:\/\/www.meydan.tv\/az\/article\/her-hansi-razilasma-elde-olunmayibsa-bu-netice-etibariyla-muharibeye-geden-yoldur\/"},"wordCount":812,"publisher":{"@id":"https:\/\/www.meydan.tv\/az\/#organization"},"image":{"@id":"https:\/\/www.meydan.tv\/az\/article\/her-hansi-razilasma-elde-olunmayibsa-bu-netice-etibariyla-muharibeye-geden-yoldur\/#primaryimage"},"thumbnailUrl":"https:\/\/www.meydan.tv\/wp-content\/uploads\/23274.jpg","articleSection":["Analitika"],"inLanguage":"az"},{"@type":"WebPage","@id":"https:\/\/www.meydan.tv\/az\/article\/her-hansi-razilasma-elde-olunmayibsa-bu-netice-etibariyla-muharibeye-geden-yoldur\/","url":"https:\/\/www.meydan.tv\/az\/article\/her-hansi-razilasma-elde-olunmayibsa-bu-netice-etibariyla-muharibeye-geden-yoldur\/","name":"''H\u0259r hans\u0131 raz\u0131la\u015fma \u0259ld\u0259 olunmay\u0131bsa, bu, n\u0259tic\u0259 etibar\u0131yla m\u00fcharib\u0259y\u0259 ged\u0259n yoldur'' - MEYDAN.TV","isPartOf":{"@id":"https:\/\/www.meydan.tv\/az\/#website"},"primaryImageOfPage":{"@id":"https:\/\/www.meydan.tv\/az\/article\/her-hansi-razilasma-elde-olunmayibsa-bu-netice-etibariyla-muharibeye-geden-yoldur\/#primaryimage"},"image":{"@id":"https:\/\/www.meydan.tv\/az\/article\/her-hansi-razilasma-elde-olunmayibsa-bu-netice-etibariyla-muharibeye-geden-yoldur\/#primaryimage"},"thumbnailUrl":"https:\/\/www.meydan.tv\/wp-content\/uploads\/23274.jpg","datePublished":"2016-06-21T18:51:05+00:00","breadcrumb":{"@id":"https:\/\/www.meydan.tv\/az\/article\/her-hansi-razilasma-elde-olunmayibsa-bu-netice-etibariyla-muharibeye-geden-yoldur\/#breadcrumb"},"inLanguage":"az","potentialAction":[{"@type":"ReadAction","target":["https:\/\/www.meydan.tv\/az\/article\/her-hansi-razilasma-elde-olunmayibsa-bu-netice-etibariyla-muharibeye-geden-yoldur\/"]}]},{"@type":"ImageObject","inLanguage":"az","@id":"https:\/\/www.meydan.tv\/az\/article\/her-hansi-razilasma-elde-olunmayibsa-bu-netice-etibariyla-muharibeye-geden-yoldur\/#primaryimage","url":"https:\/\/www.meydan.tv\/wp-content\/uploads\/23274.jpg","contentUrl":"https:\/\/www.meydan.tv\/wp-content\/uploads\/23274.jpg","width":856,"height":480,"caption":"Source:"},{"@type":"BreadcrumbList","@id":"https:\/\/www.meydan.tv\/az\/article\/her-hansi-razilasma-elde-olunmayibsa-bu-netice-etibariyla-muharibeye-geden-yoldur\/#breadcrumb","itemListElement":[{"@type":"ListItem","position":1,"name":"Ana s\u0259hif\u0259","item":"https:\/\/www.meydan.tv\/az\/"},{"@type":"ListItem","position":2,"name":"Analitika","item":"https:\/\/www.meydan.tv\/az\/section\/analitika\/"},{"@type":"ListItem","position":3,"name":"&#8221;H\u0259r hans\u0131 raz\u0131la\u015fma \u0259ld\u0259 olunmay\u0131bsa, bu, n\u0259tic\u0259 etibar\u0131yla m\u00fcharib\u0259y\u0259 ged\u0259n yoldur&#8221;"}]},{"@type":"WebSite","@id":"https:\/\/www.meydan.tv\/az\/#website","url":"https:\/\/www.meydan.tv\/az\/","name":"MEYDAN.TV","description":"Meydan TV Az\u0259rbaycan\u0131n media m\u0259kan\u0131ndak\u0131 alternativ s\u0259sidir","publisher":{"@id":"https:\/\/www.meydan.tv\/az\/#organization"},"potentialAction":[{"@type":"SearchAction","target":{"@type":"EntryPoint","urlTemplate":"https:\/\/www.meydan.tv\/az\/?s={search_term_string}"},"query-input":{"@type":"PropertyValueSpecification","valueRequired":true,"valueName":"search_term_string"}}],"inLanguage":"az"},{"@type":"Organization","@id":"https:\/\/www.meydan.tv\/az\/#organization","name":"Meydan TV","url":"https:\/\/www.meydan.tv\/az\/","logo":{"@type":"ImageObject","inLanguage":"az","@id":"https:\/\/www.meydan.tv\/az\/#\/schema\/logo\/image\/","url":"https:\/\/www.meydan.tv\/wp-content\/uploads\/2021\/07\/meydan-logo.svg","contentUrl":"https:\/\/www.meydan.tv\/wp-content\/uploads\/2021\/07\/meydan-logo.svg","width":195,"height":46,"caption":"Meydan TV"},"image":{"@id":"https:\/\/www.meydan.tv\/az\/#\/schema\/logo\/image\/"}},{"@type":"Person","@id":"https:\/\/www.meydan.tv\/az\/#\/schema\/person\/10d11eccf6da3662cf5fdab9806ea91a","name":"user-manager"}]}},"_links":{"self":[{"href":"https:\/\/www.meydan.tv\/az\/wp-json\/wp\/v2\/posts\/176876","targetHints":{"allow":["GET"]}}],"collection":[{"href":"https:\/\/www.meydan.tv\/az\/wp-json\/wp\/v2\/posts"}],"about":[{"href":"https:\/\/www.meydan.tv\/az\/wp-json\/wp\/v2\/types\/post"}],"author":[{"embeddable":true,"href":"https:\/\/www.meydan.tv\/az\/wp-json\/wp\/v2\/users\/11"}],"replies":[{"embeddable":true,"href":"https:\/\/www.meydan.tv\/az\/wp-json\/wp\/v2\/comments?post=176876"}],"version-history":[{"count":0,"href":"https:\/\/www.meydan.tv\/az\/wp-json\/wp\/v2\/posts\/176876\/revisions"}],"wp:featuredmedia":[{"embeddable":true,"href":"https:\/\/www.meydan.tv\/az\/wp-json\/wp\/v2\/media\/61218"}],"wp:attachment":[{"href":"https:\/\/www.meydan.tv\/az\/wp-json\/wp\/v2\/media?parent=176876"}],"wp:term":[{"taxonomy":"category","embeddable":true,"href":"https:\/\/www.meydan.tv\/az\/wp-json\/wp\/v2\/categories?post=176876"},{"taxonomy":"post_tag","embeddable":true,"href":"https:\/\/www.meydan.tv\/az\/wp-json\/wp\/v2\/tags?post=176876"}],"curies":[{"name":"wp","href":"https:\/\/api.w.org\/{rel}","templated":true}]}}