{"id":176875,"date":"2016-06-21T17:16:18","date_gmt":"2016-06-21T17:16:18","guid":{"rendered":"https:\/\/www.meydan.tv\/article\/savasin-aslanli-qadin-tanrilari\/"},"modified":"2016-06-21T17:16:18","modified_gmt":"2016-06-21T17:16:18","slug":"savasin-aslanli-qadin-tanrilari","status":"publish","type":"post","link":"https:\/\/www.meydan.tv\/az\/article\/savasin-aslanli-qadin-tanrilari\/","title":{"rendered":"Sava\u015f\u0131n aslanl\u0131 qad\u0131n-tanr\u0131lar\u0131"},"content":{"rendered":"<figure class=\"wp-block-image size-large\">\n  <img decoding=\"async\" src=\"https:\/\/www.meydan.tv\/az\/61196\/\" alt=\"\" class=\"wp-image-61196\"\/><figcaption><\/figcaption><\/figure>\n<figure class=\"wp-block-image size-large\">\n  <img decoding=\"async\" src=\"https:\/\/www.meydan.tv\/az\/61193\/\" alt=\"\" class=\"wp-image-61193\"\/><figcaption><\/figcaption><\/figure>\n<p>\n  Ke\u00e7\u0259n yaz\u0131da dediyim kimi \u0130nanna yaz\u0131l\u0131 tarixin ilk sava\u015f tanr\u0131s\u0131d\u0131r. Bu yaz\u0131da onun \u0130\u015ftar ad\u0131yla qon\u015fu \u00f6lk\u0259l\u0259r\u0259, ordan da Avropaya yay\u0131lmas\u0131ndan, h\u0259m\u00e7inin Orta v\u0259 Yax\u0131n \u015e\u0259rqd\u0259 g\u00fcc, c\u0259sar\u0259t, hakimiyy\u0259t, q\u0259l\u0259b\u0259 v\u0259 ilahi irad\u0259ni simvoliz\u0259 ed\u0259n aslanlarla birg\u0259 t\u0259svir edil\u0259n sava\u015f\u0131n qad\u0131n tanr\u0131lar\u0131ndan b\u0259hs ed\u0259c\u0259m.\n<\/p>\n<p>\n  <b><br \/>\n    \u0130\u015ftardan Ester\u0259c\u0259n\u2026<br \/>\n  <\/b>\n<\/p>\n<p>\n  E.\u0259 2400-c\u00fc ill\u0259rd\u0259 semitik irql\u0259r sumerlil\u0259rin ya\u015fad\u0131\u011f\u0131 yerl\u0259ri i\u015f\u011fal etm\u0259y\u0259 ba\u015flay\u0131rlar. Akkad\u00a0kral\u0131 I Sarqon burada Akkad krall\u0131\u011f\u0131n\u0131 qurur. Akkadlardan sonra astronomiya elmind\u0259 ir\u0259lil\u0259m\u0259 m\u00fc\u015fahid\u0259 olunur. Qabaqlar sumerlil\u0259r tanr\u0131lar\u0131n v\u0259 onlar\u0131n ya\u015fad\u0131\u011f\u0131 Dilmun \u00f6lk\u0259sinin (sonralar h\u0259min yer c\u0259nn\u0259t anlay\u0131\u015f\u0131n\u0131n meydana g\u0259lm\u0259sin\u0259 k\u00f6m\u0259k ed\u0259c\u0259k) yer \u00fcz\u00fcnd\u0259 oldu\u011funa inan\u0131rd\u0131lar. Akkadlardan sonra g\u00f6y\u00fcn g\u00fczg\u00fc kimi yerd\u0259 n\u0259 varsa \u0259ks etdirdiyi d\u00fc\u015f\u00fcn\u00fclm\u0259y\u0259 ba\u015flan\u0131r. Dini ekipaj da art\u0131q g\u00f6y\u0259 yerl\u0259\u015fdirilir v\u0259 h\u0259r tanr\u0131n\u0131n g\u00f6yd\u0259 bir ulduzu olur. (T\u0259kc\u0259 tanr\u0131lar\u0131n deyil, insanlar\u0131n da h\u0259r\u0259sinin bir ulduzu oldu\u011funa inam bizim k\u00fclt\u00fcr\u00fcm\u00fczd\u0259 d\u0259 indiy\u0259d\u0259k ya\u015fay\u0131r. Ulduz axmas\u0131n\u0131 (komet) kimins\u0259 \u00f6l\u00fcm\u00fc saymaq burdan ir\u0259li g\u0259lir).\n<\/p>\n<p>\n  \u0130nannan\u0131n ax\u015fam ulduzu- Venera (Z\u00f6hr\u0259) sevgini, s\u0259h\u0259r (dan) ulduzu is\u0259 sava\u015f\u0131 t\u0259msil edirdi. Akkadlar \u0130nannan\u0131 \u0130\u015ftar adland\u0131r\u0131rlar, bu ad\u0131n m\u0259nas\u0131 \u201cstar\u201d, y\u0259ni ulduz dem\u0259kdir. Sonralar \u0130\u015ftar \u2013 Astarte, A\u015ftoret, Afrodita, Oaster, Ostara, Ostern, Ester adlar\u0131yla ta Avropayacan yay\u0131lm\u0131\u015fd\u0131r.\n<\/p>\n<figure class=\"wp-block-image size-large\">\n  <img decoding=\"async\" src=\"https:\/\/www.meydan.tv\/az\/ayagini-aslanin-beline-qoyan-istar\/\" alt=\"Aya\u011f\u0131n\u0131 aslan\u0131n belin\u0259 qoyan \u0130\u015ftar\" class=\"wp-image-61197\"\/><figcaption>\n    Aya\u011f\u0131n\u0131 aslan\u0131n belin\u0259 qoyan \u0130\u015ftar<br \/>\n  <\/figcaption><\/figure>\n<p>\n  Sumer t\u0259sirl\u0259ri Akkadlar\u0131n q\u0259rb\u0259 do\u011fru geni\u015fl\u0259m\u0259siyl\u0259 Finikiyaya, Liviyaya, F\u0259l\u0259stin\u0259 y\u00f6n al\u0131r. Finikiyada \u0130\u015ftar Astarte adland\u0131r\u0131l\u0131r v\u0259 burada da ona sevi\u015fm\u0259 v\u0259 sava\u015fma tanr\u0131s\u0131 kimi s\u0259cd\u0259 etm\u0259y\u0259 ba\u015flay\u0131rlar. Ona Liviyan\u0131n \u0259n y\u00fcks\u0259k da\u011f zirv\u0259l\u0259rind\u0259 m\u0259b\u0259d qururlar.O da \u0130\u015ftar kimi h\u0259m sava\u015f tanr\u0131s\u0131, h\u0259m d\u0259 b\u0259r\u0259k\u0259t v\u0259 e\u015fq tanr\u0131s\u0131 idi.\n<\/p>\n<p>\n  Akkadlar\u0131n yerini alan aramil\u0259r d\u0259 intiqam, sava\u015f v\u0259 sevgi tanr\u0131s\u0131 Astartey\u0259 y\u00fcz ill\u0259rl\u0259 ibad\u0259t etdil\u0259r. Anadoluda Kibele \u00fc\u00e7\u00fcn ke\u015fi\u015fl\u0259r \u00f6zl\u0259rini x\u0259dim etdikl\u0259ri kimi, Astarte \u00fc\u00e7\u00fcn d\u0259 x\u0259dimetm\u0259 rituallar\u0131 vard\u0131. (Yeri g\u0259lmi\u015fk\u0259n, m\u00fcs\u0259lmanl\u0131q v\u0259 y\u0259hudilik ritual\u0131 say\u0131lan s\u00fcnn\u0259tin izl\u0259rini burada ayd\u0131n g\u00f6rm\u0259k olur).\n<\/p>\n<p>\n  G\u00fcney Mesopotomiyada Uruk \u015f\u0259h\u0259rinin tanr\u0131s\u0131 Nanayya da \u0130nanna il\u0259 ox\u015far c\u0259h\u0259tl\u0259r\u0259 malik olub, g\u00f6z\u0259llik, sevgi v\u0259 sava\u015f tanr\u0131s\u0131 idi.\n<\/p>\n<p>\n  Misird\u0259n Mesopotamiyaya q\u0259d\u0259r \u0259razil\u0259rd\u0259 Suriya k\u00f6kl\u00fc Anat adl\u0131 b\u0259r\u0259k\u0259t, sevgi, sava\u015f v\u0259 q\u0259l\u0259b\u0259 tanr\u0131s\u0131 olmu\u015fdur. Bu tanr\u0131-qad\u0131n q\u0259dim Misird\u0259 orta krall\u0131qlar d\u00f6vr\u00fcnd\u0259 x\u00fcsusil\u0259 n\u00fcfuz qazanm\u0131\u015fd\u0131. Anat d\u00f6y\u00fc\u015fl\u0259rd\u0259 kral\u0131 v\u0259 sava\u015f arabalar\u0131n\u0131 qoruyan d\u00f6y\u00fc\u015f\u00e7\u00fc qad\u0131n-tanr\u0131 kimi t\u0259svir olunurdu. Finikiyada Anatla b\u0259rab\u0259r, Kade\u015f deyil\u0259n qad\u0131n-tanr\u0131 da vard\u0131 v\u0259 onun Misir yaz\u0131lar\u0131ndak\u0131 simvolu aslan idi.\n<\/p>\n<p>\n  Quzey Suriyada Atargatis m\u0259hsuldarl\u0131\u011fa v\u0259 xalq\u0131n\u0131n d\u00fc\u015fm\u0259nl\u0259rd\u0259n qorunmas\u0131na cavabdeh idi. Onun oturdu\u011fu taxt\u0131 aslanlar da\u015f\u0131y\u0131rd\u0131.\n<\/p>\n<p>\n  G\u00fcney Mesopotomiyada Uruk \u015f\u0259h\u0259rinin tanr\u0131s\u0131 Nanayya da \u0130nanna il\u0259 ox\u015far c\u0259h\u0259tl\u0259r\u0259 malik idi, g\u00f6z\u0259llik, e\u015fq tanr\u0131s\u0131 olmaqla b\u0259rab\u0259r, h\u0259m d\u0259 sava\u015f tanr\u0131s\u0131 idi.\n<\/p>\n<p>\n  Erm\u0259nil\u0259rin yiy\u0259l\u0259ndiyi Anahit (elaml\u0131lar\u0131n Nahunta-s\u0131) d\u0259 b\u0259r\u0259k\u0259t, m\u0259hsuldarl\u0131q, sevgi, h\u0259m d\u0259 sava\u015f tanr\u0131s\u0131 olmu\u015fdur.<br \/>\n  <br \/>\n  D\u00f6y\u00fc\u015fl\u0259rd\u0259 d\u00fc\u015fm\u0259nl\u0259ri qorxutmaq \u00fc\u00e7\u00fcn n\u0259r\u0259 \u00e7\u0259klirdi v\u0259 q\u0259rib\u0259 buras\u0131d\u0131r ki, n\u0259r\u0259 tanr\u0131lar\u0131 da qad\u0131n cinsind\u0259 t\u0259s\u0259vv\u00fcr edilirdil\u0259r. Semitl\u0259rin daha bir qad\u0131n-tanr\u0131s\u0131 Aqasaya \u201cn\u0259r\u0259 \u00e7\u0259k\u0259n\u201d tanr\u0131 x\u00fcsusiyy\u0259til\u0259 \u201eg\u00f6yl\u0259rin d\u00f6y\u00fc\u015f\u00e7\u00fcs\u00fc\u201c adlan\u0131rd\u0131. (Sonralar yunanlarda Alala, keltl\u0259rd\u0259 Neman bu v\u0259zif\u0259ni h\u0259yata ke\u00e7ir\u0259n tanr\u0131-qad\u0131nlar say\u0131ld\u0131lar.)\n<\/p>\n<p>\n  <b><br \/>\n    Misird\u0259 sava\u015f\u0131n qad\u0131n-tanr\u0131lar\u0131<br \/>\n  <\/b>\n<\/p>\n<p>\n  Misirin bilin\u0259n \u0259n q\u0259dim tanr\u0131lar\u0131ndan biri \u2013 Neit hakimiyy\u0259t g\u00fcc\u00fc, m\u00fcharib\u0259 v\u0259 ov tanr\u0131s\u0131 idi. Ad\u0131n\u0131n m\u0259nas\u0131 \u201cqorxunc\u201d dem\u0259k olan bu di\u015fi tanr\u0131n\u0131n, daha q\u0259dim m\u0259tnl\u0259rd\u0259 daim ox v\u0259 yayla g\u0259zdiyi g\u00f6st\u0259rilir. Ona h\u0259m d\u0259 ana-tanr\u0131, yarad\u0131c\u0131-tanr\u0131 v\u0259 \u00f6l\u00fcm tanr\u0131s\u0131 kimi d\u0259 sitayi\u015f edilmi\u015fdir. Neit d\u00f6y\u00fc\u015f\u00e7\u00fcl\u0259rin silahlar\u0131n\u0131 d\u00fcz\u0259ldir v\u0259 onlar \u00f6l\u0259nd\u0259 d\u00f6y\u00fc\u015f meydan\u0131nda onlar\u0131n b\u0259d\u0259nini qoruyurdu. (Misirlil\u0259r \u00f6l\u00fcn\u00fc mumiyalad\u0131qlar\u0131na g\u00f6r\u0259 c\u0259s\u0259d da\u011f\u0131lmam\u0131\u015f olmal\u0131yd\u0131.)\n<\/p>\n<p>\n  Q\u0259dim misirlil\u0259rin ba\u015fqa bir sava\u015f tanr\u0131s\u0131 Saxmet adlan\u0131rd\u0131. Aslan ba\u015fl\u0131 bu qad\u0131n-tanr\u0131n\u0131n ad\u0131n\u0131n m\u0259nas\u0131 \u201cq\u00fcdr\u0259tli\u201d dem\u0259k idi. Saxmetin t\u0259x\u0259ll\u00fcs\u00fc d\u0259 vard\u0131: \u201ctitr\u0259d\u0259n xan\u0131m\u201d, yaxud, \u201cd\u0259h\u015f\u0259tli sahib\u0259\u201d. O, Firon v\u0259 onun ordular\u0131n\u0131n qoruyucusu say\u0131l\u0131rd\u0131. Saxmet q\u0259dim misirlil\u0259r \u00fc\u00e7\u00fcn sa\u011faltma g\u00fcc\u00fcn\u0259 malik oldu\u011funa g\u00f6r\u0259 ona sar\u011f\u0131lar\u0131n tanr\u0131s\u0131 da deyilirdi. Q\u0259dim misirlil\u0259r intiqam, f\u0259th v\u0259 sava\u015f tanr\u0131s\u0131 Saxmetd\u0259n h\u0259m d\u0259 kafirl\u0259rin q\u0259nimi kimi d\u0259 qorxurdular.\n<\/p>\n<p>\n  Mifl\u0259rin birind\u0259 deyilir ki, ki\u015fi-tanr\u0131 Ra vaxtil\u0259 ona inan\u0131b sonra inanmayanlar\u0131 \u00f6ld\u00fcrm\u0259yi Saxmet\u0259 \u0259mr edir. \u0130nsanlar\u0131 \u00f6ld\u00fcr\u0259rk\u0259n onlar\u0131n qan\u0131n\u0131n dad\u0131 Saxmetin el\u0259 xo\u015funa g\u0259lir ki, art\u0131q Ran\u0131n rahibl\u0259ri qar\u0131\u015f\u0131q qaba\u011f\u0131na kim g\u0259ldi \u00f6ld\u00fcr\u00fcrm\u00fc\u015f. \u0130\u015fi bel\u0259 g\u00f6r\u0259nd\u0259 Ra Nil \u00e7ay\u0131na sehrli q\u0131rm\u0131z\u0131 r\u0259ng qat\u0131r, \u00e7ay\u0131n suyunu qan z\u0259nn edib i\u00e7\u0259n Saxmet sehrin g\u00fcc\u00fcyl\u0259 \u00f6z\u00fcn\u0259 g\u0259lir v\u0259 insan qan\u0131 i\u00e7m\u0259yi t\u0259rgidir. Saxmet sava\u015f c\u0259sar\u0259tinin d\u0259 simvolu olmu\u015fdur.\n<\/p>\n<figure class=\"wp-block-image size-large\">\n  <img decoding=\"async\" src=\"https:\/\/www.meydan.tv\/az\/61200\/\" alt=\"\" class=\"wp-image-61200\"\/><figcaption><\/figcaption><\/figure>\n<p>\n  Misird\u0259 \u2013 Nubiyada, ad\u0131n\u0131n m\u0259nas\u0131 \u201cq\u0131r\u011f\u0131n\u201d olan qad\u0131n-tanr\u0131 Menhitin d\u0259 sava\u015f tanr\u0131lar\u0131na m\u0259xsus aqressiv v\u0259 da\u011f\u0131d\u0131c\u0131 c\u0259h\u0259tl\u0259ri vard\u0131. Di\u015fi aslanlar\u0131n istifad\u0259 etdiyi ov \u00fcsullar\u0131na yiy\u0259l\u0259ndiyin\u0259 g\u00f6r\u0259 onu da aslan-tanr\u0131 formas\u0131nda t\u0259s\u0259vv\u00fcr edirdil\u0259r. Q\u0259dim m\u0259tnl\u0259rd\u0259 Menhit haqq\u0131nda Misir ordusunun \u00f6n\u00fcnd\u0259 ir\u0259lil\u0259y\u0259n, alovlu oxlarla onlar\u0131n d\u00fc\u015fm\u0259nl\u0259rini q\u0131ran sava\u015f tanr\u0131s\u0131 kimi yaz\u0131l\u0131r.\n<\/p>\n<figure class=\"wp-block-image size-large\">\n  <img decoding=\"async\" src=\"https:\/\/www.meydan.tv\/az\/61215\/\" alt=\"\" class=\"wp-image-61215\"\/><figcaption><\/figcaption><\/figure>\n<p>\n  Misirlil\u0259rin daha bir qad\u0131n sava\u015f tanr\u0131s\u0131 da var: Pakhet. O, h\u0259m d\u0259 \u201cvadi a\u011fz\u0131n\u0131n di\u015fi aslan tanr\u0131s\u0131\u201d adlan\u0131rd\u0131, s\u0259hra qurtaraca\u011f\u0131ndak\u0131 vadid\u0259 ov ed\u0259nl\u0259rin tanr\u0131s\u0131 idi.\n<\/p>\n<p>\n  <b><br \/>\n    Hindlil\u0259rd\u0259 sava\u015f\u0131n qad\u0131n-tanr\u0131lar\u0131<br \/>\n  <\/b>\n<\/p>\n<p>\n  Hinduzimd\u0259 qad\u0131n-tanr\u0131 Durqa \u0259n y\u00fcks\u0259k m\u00f6vqey\u0259 malik tanr\u0131lardan biri hesab olunurdu. Durqa ad\u0131n\u0131n m\u0259nas\u0131 sanskritc\u0259 \u201cm\u0259\u011flubedilm\u0259z\u201d dem\u0259kdir. Hindlil\u0259r\u0259 g\u00f6r\u0259 o, h\u0259m yarad\u0131l\u0131\u015f\u0131n, b\u0259r\u0259k\u0259tin, h\u0259m d\u0259 yoxetm\u0259nin v\u0259 acl\u0131\u011f\u0131n tanr\u0131s\u0131d\u0131r. \u00c7oxlu qollar\u0131 olan Durqa, p\u0259l\u0259ng\u0259 minmi\u015f halda qorxunc silahlarla birg\u0259 t\u0259svir edilir:<br \/>\n  \n<\/p>\n<figure class=\"wp-block-image size-large\">\n  <img decoding=\"async\" src=\"https:\/\/www.meydan.tv\/az\/61206\/\" alt=\"\" class=\"wp-image-61206\"\/><figcaption><\/figcaption><\/figure>\n<p>\n  Durqa h\u0259m d\u0259 di\u015fi yarad\u0131c\u0131 enerjinin (\u015eakti) simvolu v\u0259 b\u0259d\u0259nl\u0259\u015fm\u0259sidir. Onun be\u015finci g\u00f6r\u00fcn\u00fc\u015f\u00fc olan Skandamata aslan belind\u0259 t\u0259svir edilir:\n<\/p>\n<figure class=\"wp-block-image size-large\">\n  <img decoding=\"async\" src=\"https:\/\/www.meydan.tv\/az\/61221\/\" alt=\"\" class=\"wp-image-61221\"\/><figcaption><\/figcaption><\/figure>\n<p>\n  Q\u0259dim hindlil\u0259rin x\u0259st\u0259lik v\u0259 sava\u015f tanr\u0131s\u0131 Chamunda qorxu t\u0259lqin ed\u0259n deva-qad\u0131n-tanr\u0131 say\u0131l\u0131rd\u0131.\n<\/p>\n<p>\n  Ba\u015fqa qad\u0131n tanr\u0131 Kalinin bir \u00e7ox funksiyalar\u0131 i\u00e7\u0259risind\u0259 \u00f6l\u00fcm, da\u011f\u0131tma v\u0259 sava\u015f tanr\u0131\u00e7\u0131l\u0131\u011f\u0131 da vard\u0131.\n<\/p>\n<p>\n  Durqan\u0131n formalar\u0131ndan biri \u2013 Kathyayini is\u0259 h\u0259m intiqam, h\u0259m d\u0259 q\u0259l\u0259b\u0259 tanr\u0131s\u0131 idi.\n<\/p>\n<p>\n  Hindlil\u0259rin 7 ana Matara-lar\u0131 (Matrikaslar \u2013 analar) h\u0259m u\u015faq, h\u0259m azadl\u0131q, b\u0259rab\u0259rlik, h\u0259m d\u0259 sava\u015f tanr\u0131-analar\u0131 idi.<br \/>\n  <br \/>\n  Q\u0259dim dravid mifologiyas\u0131nda tamil xalq\u0131n\u0131n sava\u015f, q\u0259l\u0259b\u0259 v\u0259 ov tanr\u0131s\u0131 Kottravey adlan\u0131rd\u0131. Bu qad\u0131n tanr\u0131 h\u0259m d\u0259 seksual qad\u0131n enerjisini ifad\u0259 edirdi. Ov\u00e7u q\u0259bil\u0259l\u0259r aras\u0131nda ke\u00e7iril\u0259n Durqa kultunda Kottravey d\u0259 an\u0131l\u0131rd\u0131.\n<\/p>\n<p>\n  <b><br \/>\n    Ke\u00e7\u0259k Anadoluya<br \/>\n  <\/b>\n<\/p>\n<p>\n  Anadoluda tap\u0131lan Kibele fiqurlar\u0131n\u0131n toppuz, iki a\u011f\u0131zl\u0131 balta v\u0259 s. kimi d\u00f6y\u00fc\u015f al\u0259tl\u0259ri il\u0259 birg\u0259 t\u0259svir edilm\u0259si onun bir zamanlar h\u0259m d\u0259 sava\u015f tanr\u0131s\u0131 olmas\u0131n\u0131 da a\u011fla g\u0259tirir.\n<\/p>\n<p>\n  Anadolunun q\u0259hr\u0259man qad\u0131n d\u00f6y\u00fc\u015f\u00e7\u00fcl\u0259r \u2013 amazonlar yurdu olmas\u0131 da t\u0259sad\u00fcfi deyil.<br \/>\n  \n<\/p>\n<figure class=\"wp-block-image size-large\">\n  <img decoding=\"async\" src=\"https:\/\/www.meydan.tv\/az\/61203\/\" alt=\"\" class=\"wp-image-61203\"\/><figcaption><\/figcaption><\/figure>\n<p>\n  \n<\/p>\n<figure class=\"wp-block-image size-large\">\n  <img decoding=\"async\" src=\"https:\/\/www.meydan.tv\/az\/61212\/\" alt=\"\" class=\"wp-image-61212\"\/><figcaption><\/figcaption><\/figure>\n<p>\n  Q\u0259dim Anadolu xalqlar\u0131ndan biri \u2013 hithitl\u0259rin ana-tanr\u0131s\u0131 Soska tale, al\u0131n yaz\u0131s\u0131 tanr\u0131s\u0131 olmaqla b\u0259rab\u0259r sava\u015f v\u0259 q\u0259l\u0259b\u0259 tanr\u0131s\u0131yd\u0131. O, \u0259lind\u0259ki qo\u015faa\u011f\u0131zl\u0131 baltas\u0131yla, toppuzuyla,yunanlar\u0131n q\u0259l\u0259b\u0259y\u0259 m\u0259sul qad\u0131n-tanr\u0131s\u0131 Nike il\u0259 eyni g\u00f6r\u00fcn\u00fc\u015fd\u0259dir.Nike v\u0259 Soskan\u0131n geyim v\u0259 simvollar\u0131nda da b\u0259nz\u0259rlik var.\n<\/p>\n<p>\n  Hititl\u0259r\u0259d\u0259 ba\u015fqa bir qad\u0131n-tanr\u0131 \u015eau\u015fka do\u011fum, \u015f\u0259fa, sevgi v\u0259 m\u00fcharib\u0259 tanr\u0131s\u0131yd\u0131.\n<\/p>\n<p>\n  (<br \/>\n  <i><br \/>\n    ard\u0131 var<br \/>\n  <\/i><br \/>\n  )\n<\/p>\n<p>\n  <b><br \/>\n    Yaz\u0131 m\u00fc\u0259llifin \u015f\u0259xsi m\u00f6vqeyini \u0259ks etdirir. M\u00fc\u0259llifin m\u00f6vqeyi Meydan.Tv-nin m\u00f6vqeyi il\u0259 \u00fcst-\u00fcst\u0259 d\u00fc\u015fm\u0259y\u0259 bil\u0259r.<br \/>\n  <\/b><\/p>\n","protected":false},"excerpt":{"rendered":"<p>\u0130\u015ftardan Ester\u0259c\u0259n\u2026(2-ci yaz\u0131)<\/p>\n","protected":false},"author":11,"featured_media":61196,"comment_status":"closed","ping_status":"open","sticky":false,"template":"","format":"standard","meta":{"_acf_changed":false,"_sitemap_exclude":false,"_sitemap_priority":"","_sitemap_frequency":"","footnotes":""},"categories":[57],"tags":[],"class_list":["post-176875","post","type-post","status-publish","format-standard","has-post-thumbnail","hentry","category-menim-fikrimce","infinite-scroll-item","generate-columns","tablet-grid-50","mobile-grid-100","grid-parent","grid-33","no-featured-image-padding"],"acf":[],"yoast_head":"<!-- This site is optimized with the Yoast SEO plugin v27.5 - https:\/\/yoast.com\/product\/yoast-seo-wordpress\/ -->\n<title>Sava\u015f\u0131n aslanl\u0131 qad\u0131n-tanr\u0131lar\u0131 - MEYDAN.TV<\/title>\n<meta name=\"robots\" content=\"index, follow, max-snippet:-1, max-image-preview:large, max-video-preview:-1\" \/>\n<link rel=\"canonical\" href=\"https:\/\/www.meydan.tv\/az\/article\/savasin-aslanli-qadin-tanrilari\/\" \/>\n<meta property=\"og:locale\" content=\"az_AZ\" \/>\n<meta property=\"og:type\" content=\"article\" \/>\n<meta property=\"og:title\" content=\"Sava\u015f\u0131n aslanl\u0131 qad\u0131n-tanr\u0131lar\u0131 - MEYDAN.TV\" \/>\n<meta property=\"og:description\" content=\"\u0130\u015ftardan Ester\u0259c\u0259n\u2026(2-ci yaz\u0131)\" \/>\n<meta property=\"og:url\" content=\"https:\/\/www.meydan.tv\/az\/article\/savasin-aslanli-qadin-tanrilari\/\" \/>\n<meta property=\"og:site_name\" content=\"MEYDAN.TV\" \/>\n<meta property=\"article:published_time\" content=\"2016-06-21T17:16:18+00:00\" \/>\n<meta property=\"og:image\" content=\"https:\/\/www.meydan.tv\/wp-content\/uploads\/23257.jpg\" \/>\n\t<meta property=\"og:image:width\" content=\"500\" \/>\n\t<meta property=\"og:image:height\" content=\"500\" \/>\n\t<meta property=\"og:image:type\" content=\"image\/jpeg\" \/>\n<meta name=\"author\" content=\"user-manager\" \/>\n<meta name=\"twitter:card\" content=\"summary_large_image\" \/>\n<script type=\"application\/ld+json\" class=\"yoast-schema-graph\">{\"@context\":\"https:\\\/\\\/schema.org\",\"@graph\":[{\"@type\":\"Article\",\"@id\":\"https:\\\/\\\/www.meydan.tv\\\/az\\\/article\\\/savasin-aslanli-qadin-tanrilari\\\/#article\",\"isPartOf\":{\"@id\":\"https:\\\/\\\/www.meydan.tv\\\/az\\\/article\\\/savasin-aslanli-qadin-tanrilari\\\/\"},\"author\":{\"name\":\"user-manager\",\"@id\":\"https:\\\/\\\/www.meydan.tv\\\/az\\\/#\\\/schema\\\/person\\\/10d11eccf6da3662cf5fdab9806ea91a\"},\"headline\":\"Sava\u015f\u0131n aslanl\u0131 qad\u0131n-tanr\u0131lar\u0131\",\"datePublished\":\"2016-06-21T17:16:18+00:00\",\"mainEntityOfPage\":{\"@id\":\"https:\\\/\\\/www.meydan.tv\\\/az\\\/article\\\/savasin-aslanli-qadin-tanrilari\\\/\"},\"wordCount\":1636,\"publisher\":{\"@id\":\"https:\\\/\\\/www.meydan.tv\\\/az\\\/#organization\"},\"image\":{\"@id\":\"https:\\\/\\\/www.meydan.tv\\\/az\\\/article\\\/savasin-aslanli-qadin-tanrilari\\\/#primaryimage\"},\"thumbnailUrl\":\"https:\\\/\\\/www.meydan.tv\\\/wp-content\\\/uploads\\\/23257.jpg\",\"articleSection\":[\"M\u0259nim Fikrimc\u0259\"],\"inLanguage\":\"az\"},{\"@type\":\"WebPage\",\"@id\":\"https:\\\/\\\/www.meydan.tv\\\/az\\\/article\\\/savasin-aslanli-qadin-tanrilari\\\/\",\"url\":\"https:\\\/\\\/www.meydan.tv\\\/az\\\/article\\\/savasin-aslanli-qadin-tanrilari\\\/\",\"name\":\"Sava\u015f\u0131n aslanl\u0131 qad\u0131n-tanr\u0131lar\u0131 - MEYDAN.TV\",\"isPartOf\":{\"@id\":\"https:\\\/\\\/www.meydan.tv\\\/az\\\/#website\"},\"primaryImageOfPage\":{\"@id\":\"https:\\\/\\\/www.meydan.tv\\\/az\\\/article\\\/savasin-aslanli-qadin-tanrilari\\\/#primaryimage\"},\"image\":{\"@id\":\"https:\\\/\\\/www.meydan.tv\\\/az\\\/article\\\/savasin-aslanli-qadin-tanrilari\\\/#primaryimage\"},\"thumbnailUrl\":\"https:\\\/\\\/www.meydan.tv\\\/wp-content\\\/uploads\\\/23257.jpg\",\"datePublished\":\"2016-06-21T17:16:18+00:00\",\"breadcrumb\":{\"@id\":\"https:\\\/\\\/www.meydan.tv\\\/az\\\/article\\\/savasin-aslanli-qadin-tanrilari\\\/#breadcrumb\"},\"inLanguage\":\"az\",\"potentialAction\":[{\"@type\":\"ReadAction\",\"target\":[\"https:\\\/\\\/www.meydan.tv\\\/az\\\/article\\\/savasin-aslanli-qadin-tanrilari\\\/\"]}]},{\"@type\":\"ImageObject\",\"inLanguage\":\"az\",\"@id\":\"https:\\\/\\\/www.meydan.tv\\\/az\\\/article\\\/savasin-aslanli-qadin-tanrilari\\\/#primaryimage\",\"url\":\"https:\\\/\\\/www.meydan.tv\\\/wp-content\\\/uploads\\\/23257.jpg\",\"contentUrl\":\"https:\\\/\\\/www.meydan.tv\\\/wp-content\\\/uploads\\\/23257.jpg\",\"width\":500,\"height\":500,\"caption\":\"Source:\"},{\"@type\":\"BreadcrumbList\",\"@id\":\"https:\\\/\\\/www.meydan.tv\\\/az\\\/article\\\/savasin-aslanli-qadin-tanrilari\\\/#breadcrumb\",\"itemListElement\":[{\"@type\":\"ListItem\",\"position\":1,\"name\":\"Ana s\u0259hif\u0259\",\"item\":\"https:\\\/\\\/www.meydan.tv\\\/az\\\/\"},{\"@type\":\"ListItem\",\"position\":2,\"name\":\"M\u0259nim Fikrimc\u0259\",\"item\":\"https:\\\/\\\/www.meydan.tv\\\/az\\\/section\\\/menim-fikrimce\\\/\"},{\"@type\":\"ListItem\",\"position\":3,\"name\":\"Sava\u015f\u0131n aslanl\u0131 qad\u0131n-tanr\u0131lar\u0131\"}]},{\"@type\":\"WebSite\",\"@id\":\"https:\\\/\\\/www.meydan.tv\\\/az\\\/#website\",\"url\":\"https:\\\/\\\/www.meydan.tv\\\/az\\\/\",\"name\":\"MEYDAN.TV\",\"description\":\"Meydan TV Az\u0259rbaycan\u0131n media m\u0259kan\u0131ndak\u0131 alternativ s\u0259sidir\",\"publisher\":{\"@id\":\"https:\\\/\\\/www.meydan.tv\\\/az\\\/#organization\"},\"potentialAction\":[{\"@type\":\"SearchAction\",\"target\":{\"@type\":\"EntryPoint\",\"urlTemplate\":\"https:\\\/\\\/www.meydan.tv\\\/az\\\/?s={search_term_string}\"},\"query-input\":{\"@type\":\"PropertyValueSpecification\",\"valueRequired\":true,\"valueName\":\"search_term_string\"}}],\"inLanguage\":\"az\"},{\"@type\":\"Organization\",\"@id\":\"https:\\\/\\\/www.meydan.tv\\\/az\\\/#organization\",\"name\":\"Meydan TV\",\"url\":\"https:\\\/\\\/www.meydan.tv\\\/az\\\/\",\"logo\":{\"@type\":\"ImageObject\",\"inLanguage\":\"az\",\"@id\":\"https:\\\/\\\/www.meydan.tv\\\/az\\\/#\\\/schema\\\/logo\\\/image\\\/\",\"url\":\"https:\\\/\\\/www.meydan.tv\\\/wp-content\\\/uploads\\\/2021\\\/07\\\/meydan-logo.svg\",\"contentUrl\":\"https:\\\/\\\/www.meydan.tv\\\/wp-content\\\/uploads\\\/2021\\\/07\\\/meydan-logo.svg\",\"width\":195,\"height\":46,\"caption\":\"Meydan TV\"},\"image\":{\"@id\":\"https:\\\/\\\/www.meydan.tv\\\/az\\\/#\\\/schema\\\/logo\\\/image\\\/\"}},{\"@type\":\"Person\",\"@id\":\"https:\\\/\\\/www.meydan.tv\\\/az\\\/#\\\/schema\\\/person\\\/10d11eccf6da3662cf5fdab9806ea91a\",\"name\":\"user-manager\"}]}<\/script>\n<!-- \/ Yoast SEO plugin. -->","yoast_head_json":{"title":"Sava\u015f\u0131n aslanl\u0131 qad\u0131n-tanr\u0131lar\u0131 - MEYDAN.TV","robots":{"index":"index","follow":"follow","max-snippet":"max-snippet:-1","max-image-preview":"max-image-preview:large","max-video-preview":"max-video-preview:-1"},"canonical":"https:\/\/www.meydan.tv\/az\/article\/savasin-aslanli-qadin-tanrilari\/","og_locale":"az_AZ","og_type":"article","og_title":"Sava\u015f\u0131n aslanl\u0131 qad\u0131n-tanr\u0131lar\u0131 - MEYDAN.TV","og_description":"\u0130\u015ftardan Ester\u0259c\u0259n\u2026(2-ci yaz\u0131)","og_url":"https:\/\/www.meydan.tv\/az\/article\/savasin-aslanli-qadin-tanrilari\/","og_site_name":"MEYDAN.TV","article_published_time":"2016-06-21T17:16:18+00:00","og_image":[{"width":500,"height":500,"url":"https:\/\/www.meydan.tv\/wp-content\/uploads\/23257.jpg","type":"image\/jpeg"}],"author":"user-manager","twitter_card":"summary_large_image","schema":{"@context":"https:\/\/schema.org","@graph":[{"@type":"Article","@id":"https:\/\/www.meydan.tv\/az\/article\/savasin-aslanli-qadin-tanrilari\/#article","isPartOf":{"@id":"https:\/\/www.meydan.tv\/az\/article\/savasin-aslanli-qadin-tanrilari\/"},"author":{"name":"user-manager","@id":"https:\/\/www.meydan.tv\/az\/#\/schema\/person\/10d11eccf6da3662cf5fdab9806ea91a"},"headline":"Sava\u015f\u0131n aslanl\u0131 qad\u0131n-tanr\u0131lar\u0131","datePublished":"2016-06-21T17:16:18+00:00","mainEntityOfPage":{"@id":"https:\/\/www.meydan.tv\/az\/article\/savasin-aslanli-qadin-tanrilari\/"},"wordCount":1636,"publisher":{"@id":"https:\/\/www.meydan.tv\/az\/#organization"},"image":{"@id":"https:\/\/www.meydan.tv\/az\/article\/savasin-aslanli-qadin-tanrilari\/#primaryimage"},"thumbnailUrl":"https:\/\/www.meydan.tv\/wp-content\/uploads\/23257.jpg","articleSection":["M\u0259nim Fikrimc\u0259"],"inLanguage":"az"},{"@type":"WebPage","@id":"https:\/\/www.meydan.tv\/az\/article\/savasin-aslanli-qadin-tanrilari\/","url":"https:\/\/www.meydan.tv\/az\/article\/savasin-aslanli-qadin-tanrilari\/","name":"Sava\u015f\u0131n aslanl\u0131 qad\u0131n-tanr\u0131lar\u0131 - MEYDAN.TV","isPartOf":{"@id":"https:\/\/www.meydan.tv\/az\/#website"},"primaryImageOfPage":{"@id":"https:\/\/www.meydan.tv\/az\/article\/savasin-aslanli-qadin-tanrilari\/#primaryimage"},"image":{"@id":"https:\/\/www.meydan.tv\/az\/article\/savasin-aslanli-qadin-tanrilari\/#primaryimage"},"thumbnailUrl":"https:\/\/www.meydan.tv\/wp-content\/uploads\/23257.jpg","datePublished":"2016-06-21T17:16:18+00:00","breadcrumb":{"@id":"https:\/\/www.meydan.tv\/az\/article\/savasin-aslanli-qadin-tanrilari\/#breadcrumb"},"inLanguage":"az","potentialAction":[{"@type":"ReadAction","target":["https:\/\/www.meydan.tv\/az\/article\/savasin-aslanli-qadin-tanrilari\/"]}]},{"@type":"ImageObject","inLanguage":"az","@id":"https:\/\/www.meydan.tv\/az\/article\/savasin-aslanli-qadin-tanrilari\/#primaryimage","url":"https:\/\/www.meydan.tv\/wp-content\/uploads\/23257.jpg","contentUrl":"https:\/\/www.meydan.tv\/wp-content\/uploads\/23257.jpg","width":500,"height":500,"caption":"Source:"},{"@type":"BreadcrumbList","@id":"https:\/\/www.meydan.tv\/az\/article\/savasin-aslanli-qadin-tanrilari\/#breadcrumb","itemListElement":[{"@type":"ListItem","position":1,"name":"Ana s\u0259hif\u0259","item":"https:\/\/www.meydan.tv\/az\/"},{"@type":"ListItem","position":2,"name":"M\u0259nim Fikrimc\u0259","item":"https:\/\/www.meydan.tv\/az\/section\/menim-fikrimce\/"},{"@type":"ListItem","position":3,"name":"Sava\u015f\u0131n aslanl\u0131 qad\u0131n-tanr\u0131lar\u0131"}]},{"@type":"WebSite","@id":"https:\/\/www.meydan.tv\/az\/#website","url":"https:\/\/www.meydan.tv\/az\/","name":"MEYDAN.TV","description":"Meydan TV Az\u0259rbaycan\u0131n media m\u0259kan\u0131ndak\u0131 alternativ s\u0259sidir","publisher":{"@id":"https:\/\/www.meydan.tv\/az\/#organization"},"potentialAction":[{"@type":"SearchAction","target":{"@type":"EntryPoint","urlTemplate":"https:\/\/www.meydan.tv\/az\/?s={search_term_string}"},"query-input":{"@type":"PropertyValueSpecification","valueRequired":true,"valueName":"search_term_string"}}],"inLanguage":"az"},{"@type":"Organization","@id":"https:\/\/www.meydan.tv\/az\/#organization","name":"Meydan TV","url":"https:\/\/www.meydan.tv\/az\/","logo":{"@type":"ImageObject","inLanguage":"az","@id":"https:\/\/www.meydan.tv\/az\/#\/schema\/logo\/image\/","url":"https:\/\/www.meydan.tv\/wp-content\/uploads\/2021\/07\/meydan-logo.svg","contentUrl":"https:\/\/www.meydan.tv\/wp-content\/uploads\/2021\/07\/meydan-logo.svg","width":195,"height":46,"caption":"Meydan TV"},"image":{"@id":"https:\/\/www.meydan.tv\/az\/#\/schema\/logo\/image\/"}},{"@type":"Person","@id":"https:\/\/www.meydan.tv\/az\/#\/schema\/person\/10d11eccf6da3662cf5fdab9806ea91a","name":"user-manager"}]}},"_links":{"self":[{"href":"https:\/\/www.meydan.tv\/az\/wp-json\/wp\/v2\/posts\/176875","targetHints":{"allow":["GET"]}}],"collection":[{"href":"https:\/\/www.meydan.tv\/az\/wp-json\/wp\/v2\/posts"}],"about":[{"href":"https:\/\/www.meydan.tv\/az\/wp-json\/wp\/v2\/types\/post"}],"author":[{"embeddable":true,"href":"https:\/\/www.meydan.tv\/az\/wp-json\/wp\/v2\/users\/11"}],"replies":[{"embeddable":true,"href":"https:\/\/www.meydan.tv\/az\/wp-json\/wp\/v2\/comments?post=176875"}],"version-history":[{"count":0,"href":"https:\/\/www.meydan.tv\/az\/wp-json\/wp\/v2\/posts\/176875\/revisions"}],"wp:featuredmedia":[{"embeddable":true,"href":"https:\/\/www.meydan.tv\/az\/wp-json\/wp\/v2\/media\/61196"}],"wp:attachment":[{"href":"https:\/\/www.meydan.tv\/az\/wp-json\/wp\/v2\/media?parent=176875"}],"wp:term":[{"taxonomy":"category","embeddable":true,"href":"https:\/\/www.meydan.tv\/az\/wp-json\/wp\/v2\/categories?post=176875"},{"taxonomy":"post_tag","embeddable":true,"href":"https:\/\/www.meydan.tv\/az\/wp-json\/wp\/v2\/tags?post=176875"}],"curies":[{"name":"wp","href":"https:\/\/api.w.org\/{rel}","templated":true}]}}