{"id":176863,"date":"2016-06-20T23:27:14","date_gmt":"2016-06-20T23:27:14","guid":{"rendered":"https:\/\/www.meydan.tv\/article\/elmar-memmedyarov-peterburq-gorusunun-neticelerini-musbet-qiymetlendiririk\/"},"modified":"2016-06-20T23:27:14","modified_gmt":"2016-06-20T23:27:14","slug":"elmar-memmedyarov-peterburq-gorusunun-neticelerini-musbet-qiymetlendiririk","status":"publish","type":"post","link":"https:\/\/www.meydan.tv\/az\/article\/elmar-memmedyarov-peterburq-gorusunun-neticelerini-musbet-qiymetlendiririk\/","title":{"rendered":"Elmar M\u0259mm\u0259dyarov: Peterburq g\u00f6r\u00fc\u015f\u00fcn\u00fcn n\u0259tic\u0259l\u0259rini m\u00fcsb\u0259t qiym\u0259tl\u0259ndiririk"},"content":{"rendered":"<figure class=\"wp-block-image size-large\">\n  <img decoding=\"async\" src=\"https:\/\/www.meydan.tv\/az\/59920\/\" alt=\"\" class=\"wp-image-59920\"\/><figcaption><\/figcaption><\/figure>\n<p>\n  <i><br \/>\n    &#8221;Prezidentl\u0259r Qaraba\u011f m\u00fcnaqi\u015f\u0259sinin nizamlanmas\u0131nda inki\u015fafa \u015f\u0259rait yaratma\u011fa icaz\u0259 ver\u0259n bir s\u0131ra m\u0259s\u0259l\u0259l\u0259rd\u0259 qar\u015f\u0131l\u0131ql\u0131 anla\u015fman\u0131n \u0259ld\u0259 olundu\u011funu ifad\u0259 edibl\u0259r&#8221;<br \/>\n  <\/i>\n<\/p>\n<p>\n  Rusiya, Az\u0259rbaycan v\u0259 Erm\u0259nistan prezidentl\u0259ri Da\u011fl\u0131q Qaraba\u011f m\u00fcnaqi\u015f\u0259si il\u0259 ba\u011fl\u0131 m\u00fcnt\u0259z\u0259m olaraq \u00fc\u00e7t\u0259r\u0259fli g\u00f6r\u00fc\u015fl\u0259ri davam etdirm\u0259k bar\u0259d\u0259 raz\u0131l\u0131\u011fa g\u0259libl\u0259r.<\/p>\n<p>  Bu bar\u0259d\u0259 prezidentl\u0259rin Sankt-Peterburq sammitinin yekunlar\u0131 il\u0259 ba\u011fl\u0131 q\u0259bul olunan birg\u0259 b\u0259yanat\u0131nda bildirilib.<\/p>\n<p>  &#8220;Prezidentl\u0259r Da\u011fl\u0131q Qaraba\u011f problemi il\u0259 ba\u011fl\u0131 m\u00fcnt\u0259z\u0259m \u0259laq\u0259l\u0259rinin \u0259h\u0259miyy\u0259tli oldu\u011funu, AT\u018fT-in Minsk qrupunun i\u015fin\u0259 tamamlama olaraq bu formatda \u0259laq\u0259l\u0259rini davam etdirm\u0259k bar\u0259d\u0259 raz\u0131l\u0131\u011fa g\u0259libl\u0259r. Prezidentl\u0259r Qaraba\u011f m\u00fcnaqi\u015f\u0259sinin nizamlanmas\u0131nda inki\u015fafa \u015f\u0259rait yaratma\u011fa icaz\u0259 ver\u0259n bir s\u0131ra m\u0259s\u0259l\u0259l\u0259rd\u0259 qar\u015f\u0131l\u0131ql\u0131 anla\u015fman\u0131n \u0259ld\u0259 olundu\u011funu ifad\u0259 edibl\u0259r&#8221;,-dey\u0259 b\u0259yanatda qeyd olunub.<\/p>\n<p>  Birg\u0259 b\u0259yanatda h\u0259ms\u0259drl\u0259rin prezidentl\u0259rin g\u00f6r\u00fc\u015f\u00fcn\u00fcn yekun hiss\u0259sin\u0259 qat\u0131ld\u0131qlar\u0131 vur\u011fulan\u0131b.\n<\/p>\n<p>\n  Az\u0259rbaycan xarici i\u015fl\u0259r naziri Elmar M\u0259mm\u0259dyarov g\u00f6r\u00fc\u015f\u00fcn konstruktiv ke\u00e7irildiyini deyib: &#8220;Az\u0259rbaycan t\u0259r\u0259fi g\u00f6r\u00fc\u015f\u00fcn n\u0259tic\u0259l\u0259rini m\u00fcsb\u0259t qiym\u0259tl\u0259ndirir\u201d.<\/p>\n<p>  \u201c\u0130nan\u0131r\u0131q ki, g\u00f6r\u00fc\u015f Erm\u0259nistan-Az\u0259rbaycan Da\u011fl\u0131q Qaraba\u011f m\u00fcnaqi\u015f\u0259sinin h\u0259llin\u0259 dair dan\u0131\u015f\u0131qlar prosesind\u0259 tezlikl\u0259 ir\u0259lil\u0259yi\u015f\u0259 nail olmaq \u00fc\u00e7\u00fcn imkanlar yaradacaq\u201d, &#8211; dey\u0259 o vur\u011fulay\u0131b.\n<\/p>\n<p>\n  Rusiya xarici i\u015fl\u0259r naziri Sergey Lavrov is\u0259 bildirib ki,\u00a0prezidentl\u0259r Da\u011fl\u0131q Qaraba\u011f m\u00fcnaqi\u015f\u0259sinin nizamlanmas\u0131na \u0259lav\u0259 dinamika verm\u0259k bar\u0259d\u0259 raz\u0131l\u0131\u011fa g\u0259libl\u0259r.\n<\/p>\n<p>\n  &#8220;Putin, \u018fliyev v\u0259 Sarkisyan \u00fc\u00e7t\u0259r\u0259fli b\u0259yanat\u0131 raz\u0131la\u015fd\u0131r\u0131blar. Bu b\u0259yanatda siyasi nizamlanmada dayan\u0131ql\u0131 proqresin olmas\u0131na \u00f6hd\u0259lik ifad\u0259 olunub&#8221;, &#8211; dey\u0259 Rusiya X\u0130N ba\u015f\u00e7\u0131s\u0131 qeyd edib.<\/p>\n<p>  Onun s\u00f6zl\u0259rin\u0259 g\u00f6r\u0259, son g\u00fcnl\u0259r Da\u011fl\u0131q Qaraba\u011fda at\u0259\u015fk\u0259s qorunub saxlan\u0131l\u0131r. S. Lavrov d\u00f6vl\u0259t ba\u015f\u00e7\u0131lar\u0131n\u0131n m\u00fc\u015fayi\u0259tsiz v\u0259 k\u00f6m\u0259k\u00e7isiz g\u00f6r\u00fc\u015fd\u00fcy\u00fcn\u00fc d\u0259 s\u00f6yl\u0259yib.\n<\/p><\/p>\n","protected":false},"excerpt":{"rendered":"<p>&#8221;Prezidentl\u0259r Qaraba\u011f m\u00fcnaqi\u015f\u0259sinin nizamlanmas\u0131nda inki\u015fafa \u015f\u0259rait yaratma\u011fa icaz\u0259 ver\u0259n bir s\u0131ra m\u0259s\u0259l\u0259l\u0259rd\u0259 qar\u015f\u0131l\u0131ql\u0131 anla\u015fman\u0131n \u0259ld\u0259 olundu\u011funu ifad\u0259 edibl\u0259r&#8221;<\/p>\n","protected":false},"author":11,"featured_media":59920,"comment_status":"closed","ping_status":"open","sticky":false,"template":"","format":"standard","meta":{"_acf_changed":false,"_sitemap_exclude":false,"_sitemap_priority":"","_sitemap_frequency":"","footnotes":""},"categories":[51],"tags":[],"class_list":["post-176863","post","type-post","status-publish","format-standard","has-post-thumbnail","hentry","category-analitika","infinite-scroll-item","generate-columns","tablet-grid-50","mobile-grid-100","grid-parent","grid-33","no-featured-image-padding"],"acf":[],"yoast_head":"<!-- This site is optimized with the Yoast SEO plugin v27.5 - https:\/\/yoast.com\/product\/yoast-seo-wordpress\/ -->\n<title>Elmar M\u0259mm\u0259dyarov: Peterburq g\u00f6r\u00fc\u015f\u00fcn\u00fcn n\u0259tic\u0259l\u0259rini m\u00fcsb\u0259t qiym\u0259tl\u0259ndiririk - MEYDAN.TV<\/title>\n<meta name=\"robots\" content=\"index, follow, max-snippet:-1, max-image-preview:large, max-video-preview:-1\" \/>\n<link rel=\"canonical\" href=\"https:\/\/www.meydan.tv\/az\/article\/elmar-memmedyarov-peterburq-gorusunun-neticelerini-musbet-qiymetlendiririk\/\" \/>\n<meta property=\"og:locale\" content=\"az_AZ\" \/>\n<meta property=\"og:type\" content=\"article\" \/>\n<meta property=\"og:title\" content=\"Elmar M\u0259mm\u0259dyarov: Peterburq g\u00f6r\u00fc\u015f\u00fcn\u00fcn n\u0259tic\u0259l\u0259rini m\u00fcsb\u0259t qiym\u0259tl\u0259ndiririk - MEYDAN.TV\" \/>\n<meta property=\"og:description\" content=\"&#039;&#039;Prezidentl\u0259r Qaraba\u011f m\u00fcnaqi\u015f\u0259sinin nizamlanmas\u0131nda inki\u015fafa \u015f\u0259rait yaratma\u011fa icaz\u0259 ver\u0259n bir s\u0131ra m\u0259s\u0259l\u0259l\u0259rd\u0259 qar\u015f\u0131l\u0131ql\u0131 anla\u015fman\u0131n \u0259ld\u0259 olundu\u011funu ifad\u0259 edibl\u0259r&#039;&#039;\" \/>\n<meta property=\"og:url\" content=\"https:\/\/www.meydan.tv\/az\/article\/elmar-memmedyarov-peterburq-gorusunun-neticelerini-musbet-qiymetlendiririk\/\" \/>\n<meta property=\"og:site_name\" content=\"MEYDAN.TV\" \/>\n<meta property=\"article:published_time\" content=\"2016-06-20T23:27:14+00:00\" \/>\n<meta property=\"og:image\" content=\"https:\/\/www.meydan.tv\/wp-content\/uploads\/23245.jpg\" \/>\n\t<meta property=\"og:image:width\" content=\"750\" \/>\n\t<meta property=\"og:image:height\" content=\"475\" \/>\n\t<meta property=\"og:image:type\" content=\"image\/jpeg\" \/>\n<meta name=\"author\" content=\"user-manager\" \/>\n<meta name=\"twitter:card\" content=\"summary_large_image\" \/>\n<script type=\"application\/ld+json\" class=\"yoast-schema-graph\">{\"@context\":\"https:\\\/\\\/schema.org\",\"@graph\":[{\"@type\":\"Article\",\"@id\":\"https:\\\/\\\/www.meydan.tv\\\/az\\\/article\\\/elmar-memmedyarov-peterburq-gorusunun-neticelerini-musbet-qiymetlendiririk\\\/#article\",\"isPartOf\":{\"@id\":\"https:\\\/\\\/www.meydan.tv\\\/az\\\/article\\\/elmar-memmedyarov-peterburq-gorusunun-neticelerini-musbet-qiymetlendiririk\\\/\"},\"author\":{\"name\":\"user-manager\",\"@id\":\"https:\\\/\\\/www.meydan.tv\\\/az\\\/#\\\/schema\\\/person\\\/10d11eccf6da3662cf5fdab9806ea91a\"},\"headline\":\"Elmar M\u0259mm\u0259dyarov: Peterburq g\u00f6r\u00fc\u015f\u00fcn\u00fcn n\u0259tic\u0259l\u0259rini m\u00fcsb\u0259t qiym\u0259tl\u0259ndiririk\",\"datePublished\":\"2016-06-20T23:27:14+00:00\",\"mainEntityOfPage\":{\"@id\":\"https:\\\/\\\/www.meydan.tv\\\/az\\\/article\\\/elmar-memmedyarov-peterburq-gorusunun-neticelerini-musbet-qiymetlendiririk\\\/\"},\"wordCount\":416,\"publisher\":{\"@id\":\"https:\\\/\\\/www.meydan.tv\\\/az\\\/#organization\"},\"image\":{\"@id\":\"https:\\\/\\\/www.meydan.tv\\\/az\\\/article\\\/elmar-memmedyarov-peterburq-gorusunun-neticelerini-musbet-qiymetlendiririk\\\/#primaryimage\"},\"thumbnailUrl\":\"https:\\\/\\\/www.meydan.tv\\\/wp-content\\\/uploads\\\/23245.jpg\",\"articleSection\":[\"Analitika\"],\"inLanguage\":\"az\"},{\"@type\":\"WebPage\",\"@id\":\"https:\\\/\\\/www.meydan.tv\\\/az\\\/article\\\/elmar-memmedyarov-peterburq-gorusunun-neticelerini-musbet-qiymetlendiririk\\\/\",\"url\":\"https:\\\/\\\/www.meydan.tv\\\/az\\\/article\\\/elmar-memmedyarov-peterburq-gorusunun-neticelerini-musbet-qiymetlendiririk\\\/\",\"name\":\"Elmar M\u0259mm\u0259dyarov: Peterburq g\u00f6r\u00fc\u015f\u00fcn\u00fcn n\u0259tic\u0259l\u0259rini m\u00fcsb\u0259t qiym\u0259tl\u0259ndiririk - MEYDAN.TV\",\"isPartOf\":{\"@id\":\"https:\\\/\\\/www.meydan.tv\\\/az\\\/#website\"},\"primaryImageOfPage\":{\"@id\":\"https:\\\/\\\/www.meydan.tv\\\/az\\\/article\\\/elmar-memmedyarov-peterburq-gorusunun-neticelerini-musbet-qiymetlendiririk\\\/#primaryimage\"},\"image\":{\"@id\":\"https:\\\/\\\/www.meydan.tv\\\/az\\\/article\\\/elmar-memmedyarov-peterburq-gorusunun-neticelerini-musbet-qiymetlendiririk\\\/#primaryimage\"},\"thumbnailUrl\":\"https:\\\/\\\/www.meydan.tv\\\/wp-content\\\/uploads\\\/23245.jpg\",\"datePublished\":\"2016-06-20T23:27:14+00:00\",\"breadcrumb\":{\"@id\":\"https:\\\/\\\/www.meydan.tv\\\/az\\\/article\\\/elmar-memmedyarov-peterburq-gorusunun-neticelerini-musbet-qiymetlendiririk\\\/#breadcrumb\"},\"inLanguage\":\"az\",\"potentialAction\":[{\"@type\":\"ReadAction\",\"target\":[\"https:\\\/\\\/www.meydan.tv\\\/az\\\/article\\\/elmar-memmedyarov-peterburq-gorusunun-neticelerini-musbet-qiymetlendiririk\\\/\"]}]},{\"@type\":\"ImageObject\",\"inLanguage\":\"az\",\"@id\":\"https:\\\/\\\/www.meydan.tv\\\/az\\\/article\\\/elmar-memmedyarov-peterburq-gorusunun-neticelerini-musbet-qiymetlendiririk\\\/#primaryimage\",\"url\":\"https:\\\/\\\/www.meydan.tv\\\/wp-content\\\/uploads\\\/23245.jpg\",\"contentUrl\":\"https:\\\/\\\/www.meydan.tv\\\/wp-content\\\/uploads\\\/23245.jpg\",\"width\":750,\"height\":475,\"caption\":\"Source:\"},{\"@type\":\"BreadcrumbList\",\"@id\":\"https:\\\/\\\/www.meydan.tv\\\/az\\\/article\\\/elmar-memmedyarov-peterburq-gorusunun-neticelerini-musbet-qiymetlendiririk\\\/#breadcrumb\",\"itemListElement\":[{\"@type\":\"ListItem\",\"position\":1,\"name\":\"Ana s\u0259hif\u0259\",\"item\":\"https:\\\/\\\/www.meydan.tv\\\/az\\\/\"},{\"@type\":\"ListItem\",\"position\":2,\"name\":\"Analitika\",\"item\":\"https:\\\/\\\/www.meydan.tv\\\/az\\\/section\\\/analitika\\\/\"},{\"@type\":\"ListItem\",\"position\":3,\"name\":\"Elmar M\u0259mm\u0259dyarov: Peterburq g\u00f6r\u00fc\u015f\u00fcn\u00fcn n\u0259tic\u0259l\u0259rini m\u00fcsb\u0259t qiym\u0259tl\u0259ndiririk\"}]},{\"@type\":\"WebSite\",\"@id\":\"https:\\\/\\\/www.meydan.tv\\\/az\\\/#website\",\"url\":\"https:\\\/\\\/www.meydan.tv\\\/az\\\/\",\"name\":\"MEYDAN.TV\",\"description\":\"Meydan TV Az\u0259rbaycan\u0131n media m\u0259kan\u0131ndak\u0131 alternativ s\u0259sidir\",\"publisher\":{\"@id\":\"https:\\\/\\\/www.meydan.tv\\\/az\\\/#organization\"},\"potentialAction\":[{\"@type\":\"SearchAction\",\"target\":{\"@type\":\"EntryPoint\",\"urlTemplate\":\"https:\\\/\\\/www.meydan.tv\\\/az\\\/?s={search_term_string}\"},\"query-input\":{\"@type\":\"PropertyValueSpecification\",\"valueRequired\":true,\"valueName\":\"search_term_string\"}}],\"inLanguage\":\"az\"},{\"@type\":\"Organization\",\"@id\":\"https:\\\/\\\/www.meydan.tv\\\/az\\\/#organization\",\"name\":\"Meydan TV\",\"url\":\"https:\\\/\\\/www.meydan.tv\\\/az\\\/\",\"logo\":{\"@type\":\"ImageObject\",\"inLanguage\":\"az\",\"@id\":\"https:\\\/\\\/www.meydan.tv\\\/az\\\/#\\\/schema\\\/logo\\\/image\\\/\",\"url\":\"https:\\\/\\\/www.meydan.tv\\\/wp-content\\\/uploads\\\/2021\\\/07\\\/meydan-logo.svg\",\"contentUrl\":\"https:\\\/\\\/www.meydan.tv\\\/wp-content\\\/uploads\\\/2021\\\/07\\\/meydan-logo.svg\",\"width\":195,\"height\":46,\"caption\":\"Meydan TV\"},\"image\":{\"@id\":\"https:\\\/\\\/www.meydan.tv\\\/az\\\/#\\\/schema\\\/logo\\\/image\\\/\"}},{\"@type\":\"Person\",\"@id\":\"https:\\\/\\\/www.meydan.tv\\\/az\\\/#\\\/schema\\\/person\\\/10d11eccf6da3662cf5fdab9806ea91a\",\"name\":\"user-manager\"}]}<\/script>\n<!-- \/ Yoast SEO plugin. -->","yoast_head_json":{"title":"Elmar M\u0259mm\u0259dyarov: Peterburq g\u00f6r\u00fc\u015f\u00fcn\u00fcn n\u0259tic\u0259l\u0259rini m\u00fcsb\u0259t qiym\u0259tl\u0259ndiririk - MEYDAN.TV","robots":{"index":"index","follow":"follow","max-snippet":"max-snippet:-1","max-image-preview":"max-image-preview:large","max-video-preview":"max-video-preview:-1"},"canonical":"https:\/\/www.meydan.tv\/az\/article\/elmar-memmedyarov-peterburq-gorusunun-neticelerini-musbet-qiymetlendiririk\/","og_locale":"az_AZ","og_type":"article","og_title":"Elmar M\u0259mm\u0259dyarov: Peterburq g\u00f6r\u00fc\u015f\u00fcn\u00fcn n\u0259tic\u0259l\u0259rini m\u00fcsb\u0259t qiym\u0259tl\u0259ndiririk - MEYDAN.TV","og_description":"''Prezidentl\u0259r Qaraba\u011f m\u00fcnaqi\u015f\u0259sinin nizamlanmas\u0131nda inki\u015fafa \u015f\u0259rait yaratma\u011fa icaz\u0259 ver\u0259n bir s\u0131ra m\u0259s\u0259l\u0259l\u0259rd\u0259 qar\u015f\u0131l\u0131ql\u0131 anla\u015fman\u0131n \u0259ld\u0259 olundu\u011funu ifad\u0259 edibl\u0259r''","og_url":"https:\/\/www.meydan.tv\/az\/article\/elmar-memmedyarov-peterburq-gorusunun-neticelerini-musbet-qiymetlendiririk\/","og_site_name":"MEYDAN.TV","article_published_time":"2016-06-20T23:27:14+00:00","og_image":[{"width":750,"height":475,"url":"https:\/\/www.meydan.tv\/wp-content\/uploads\/23245.jpg","type":"image\/jpeg"}],"author":"user-manager","twitter_card":"summary_large_image","schema":{"@context":"https:\/\/schema.org","@graph":[{"@type":"Article","@id":"https:\/\/www.meydan.tv\/az\/article\/elmar-memmedyarov-peterburq-gorusunun-neticelerini-musbet-qiymetlendiririk\/#article","isPartOf":{"@id":"https:\/\/www.meydan.tv\/az\/article\/elmar-memmedyarov-peterburq-gorusunun-neticelerini-musbet-qiymetlendiririk\/"},"author":{"name":"user-manager","@id":"https:\/\/www.meydan.tv\/az\/#\/schema\/person\/10d11eccf6da3662cf5fdab9806ea91a"},"headline":"Elmar M\u0259mm\u0259dyarov: Peterburq g\u00f6r\u00fc\u015f\u00fcn\u00fcn n\u0259tic\u0259l\u0259rini m\u00fcsb\u0259t qiym\u0259tl\u0259ndiririk","datePublished":"2016-06-20T23:27:14+00:00","mainEntityOfPage":{"@id":"https:\/\/www.meydan.tv\/az\/article\/elmar-memmedyarov-peterburq-gorusunun-neticelerini-musbet-qiymetlendiririk\/"},"wordCount":416,"publisher":{"@id":"https:\/\/www.meydan.tv\/az\/#organization"},"image":{"@id":"https:\/\/www.meydan.tv\/az\/article\/elmar-memmedyarov-peterburq-gorusunun-neticelerini-musbet-qiymetlendiririk\/#primaryimage"},"thumbnailUrl":"https:\/\/www.meydan.tv\/wp-content\/uploads\/23245.jpg","articleSection":["Analitika"],"inLanguage":"az"},{"@type":"WebPage","@id":"https:\/\/www.meydan.tv\/az\/article\/elmar-memmedyarov-peterburq-gorusunun-neticelerini-musbet-qiymetlendiririk\/","url":"https:\/\/www.meydan.tv\/az\/article\/elmar-memmedyarov-peterburq-gorusunun-neticelerini-musbet-qiymetlendiririk\/","name":"Elmar M\u0259mm\u0259dyarov: Peterburq g\u00f6r\u00fc\u015f\u00fcn\u00fcn n\u0259tic\u0259l\u0259rini m\u00fcsb\u0259t qiym\u0259tl\u0259ndiririk - MEYDAN.TV","isPartOf":{"@id":"https:\/\/www.meydan.tv\/az\/#website"},"primaryImageOfPage":{"@id":"https:\/\/www.meydan.tv\/az\/article\/elmar-memmedyarov-peterburq-gorusunun-neticelerini-musbet-qiymetlendiririk\/#primaryimage"},"image":{"@id":"https:\/\/www.meydan.tv\/az\/article\/elmar-memmedyarov-peterburq-gorusunun-neticelerini-musbet-qiymetlendiririk\/#primaryimage"},"thumbnailUrl":"https:\/\/www.meydan.tv\/wp-content\/uploads\/23245.jpg","datePublished":"2016-06-20T23:27:14+00:00","breadcrumb":{"@id":"https:\/\/www.meydan.tv\/az\/article\/elmar-memmedyarov-peterburq-gorusunun-neticelerini-musbet-qiymetlendiririk\/#breadcrumb"},"inLanguage":"az","potentialAction":[{"@type":"ReadAction","target":["https:\/\/www.meydan.tv\/az\/article\/elmar-memmedyarov-peterburq-gorusunun-neticelerini-musbet-qiymetlendiririk\/"]}]},{"@type":"ImageObject","inLanguage":"az","@id":"https:\/\/www.meydan.tv\/az\/article\/elmar-memmedyarov-peterburq-gorusunun-neticelerini-musbet-qiymetlendiririk\/#primaryimage","url":"https:\/\/www.meydan.tv\/wp-content\/uploads\/23245.jpg","contentUrl":"https:\/\/www.meydan.tv\/wp-content\/uploads\/23245.jpg","width":750,"height":475,"caption":"Source:"},{"@type":"BreadcrumbList","@id":"https:\/\/www.meydan.tv\/az\/article\/elmar-memmedyarov-peterburq-gorusunun-neticelerini-musbet-qiymetlendiririk\/#breadcrumb","itemListElement":[{"@type":"ListItem","position":1,"name":"Ana s\u0259hif\u0259","item":"https:\/\/www.meydan.tv\/az\/"},{"@type":"ListItem","position":2,"name":"Analitika","item":"https:\/\/www.meydan.tv\/az\/section\/analitika\/"},{"@type":"ListItem","position":3,"name":"Elmar M\u0259mm\u0259dyarov: Peterburq g\u00f6r\u00fc\u015f\u00fcn\u00fcn n\u0259tic\u0259l\u0259rini m\u00fcsb\u0259t qiym\u0259tl\u0259ndiririk"}]},{"@type":"WebSite","@id":"https:\/\/www.meydan.tv\/az\/#website","url":"https:\/\/www.meydan.tv\/az\/","name":"MEYDAN.TV","description":"Meydan TV Az\u0259rbaycan\u0131n media m\u0259kan\u0131ndak\u0131 alternativ s\u0259sidir","publisher":{"@id":"https:\/\/www.meydan.tv\/az\/#organization"},"potentialAction":[{"@type":"SearchAction","target":{"@type":"EntryPoint","urlTemplate":"https:\/\/www.meydan.tv\/az\/?s={search_term_string}"},"query-input":{"@type":"PropertyValueSpecification","valueRequired":true,"valueName":"search_term_string"}}],"inLanguage":"az"},{"@type":"Organization","@id":"https:\/\/www.meydan.tv\/az\/#organization","name":"Meydan TV","url":"https:\/\/www.meydan.tv\/az\/","logo":{"@type":"ImageObject","inLanguage":"az","@id":"https:\/\/www.meydan.tv\/az\/#\/schema\/logo\/image\/","url":"https:\/\/www.meydan.tv\/wp-content\/uploads\/2021\/07\/meydan-logo.svg","contentUrl":"https:\/\/www.meydan.tv\/wp-content\/uploads\/2021\/07\/meydan-logo.svg","width":195,"height":46,"caption":"Meydan TV"},"image":{"@id":"https:\/\/www.meydan.tv\/az\/#\/schema\/logo\/image\/"}},{"@type":"Person","@id":"https:\/\/www.meydan.tv\/az\/#\/schema\/person\/10d11eccf6da3662cf5fdab9806ea91a","name":"user-manager"}]}},"_links":{"self":[{"href":"https:\/\/www.meydan.tv\/az\/wp-json\/wp\/v2\/posts\/176863","targetHints":{"allow":["GET"]}}],"collection":[{"href":"https:\/\/www.meydan.tv\/az\/wp-json\/wp\/v2\/posts"}],"about":[{"href":"https:\/\/www.meydan.tv\/az\/wp-json\/wp\/v2\/types\/post"}],"author":[{"embeddable":true,"href":"https:\/\/www.meydan.tv\/az\/wp-json\/wp\/v2\/users\/11"}],"replies":[{"embeddable":true,"href":"https:\/\/www.meydan.tv\/az\/wp-json\/wp\/v2\/comments?post=176863"}],"version-history":[{"count":0,"href":"https:\/\/www.meydan.tv\/az\/wp-json\/wp\/v2\/posts\/176863\/revisions"}],"wp:featuredmedia":[{"embeddable":true,"href":"https:\/\/www.meydan.tv\/az\/wp-json\/wp\/v2\/media\/59920"}],"wp:attachment":[{"href":"https:\/\/www.meydan.tv\/az\/wp-json\/wp\/v2\/media?parent=176863"}],"wp:term":[{"taxonomy":"category","embeddable":true,"href":"https:\/\/www.meydan.tv\/az\/wp-json\/wp\/v2\/categories?post=176863"},{"taxonomy":"post_tag","embeddable":true,"href":"https:\/\/www.meydan.tv\/az\/wp-json\/wp\/v2\/tags?post=176863"}],"curies":[{"name":"wp","href":"https:\/\/api.w.org\/{rel}","templated":true}]}}