{"id":176853,"date":"2016-06-20T17:02:45","date_gmt":"2016-06-20T17:02:45","guid":{"rendered":"https:\/\/www.meydan.tv\/article\/peskov-danisiqlar-murekkeb-olacaq\/"},"modified":"2016-06-20T17:02:45","modified_gmt":"2016-06-20T17:02:45","slug":"peskov-danisiqlar-murekkeb-olacaq","status":"publish","type":"post","link":"https:\/\/www.meydan.tv\/az\/article\/peskov-danisiqlar-murekkeb-olacaq\/","title":{"rendered":"Peskov: Dan\u0131\u015f\u0131qlar m\u00fcr\u0259kk\u0259b olacaq"},"content":{"rendered":"<figure class=\"wp-block-image size-large\">\n  <img decoding=\"async\" src=\"https:\/\/www.meydan.tv\/az\/dmitri-peskov-3\/\" alt=\"Dmitri Peskov\" class=\"wp-image-61112\"\/><figcaption>\n    Dmitri Peskov<br \/>\n  <\/figcaption><\/figure>\n<p>\n  <i><br \/>\n    &#8221;Prezidentl\u0259r m\u00fczakir\u0259l\u0259r aparacaq v\u0259 birlikd\u0259 yem\u0259k yey\u0259c\u0259k&#8221;<br \/>\n  <\/i>\n<\/p>\n<p>\n  &#8221;Haz\u0131rda \u0259sas v\u0259zif\u0259 h\u0259rbi \u0259m\u0259liyyatlar\u0131n b\u0259rpas\u0131ndan s\u0131\u011fortalanmaqd\u0131r. Qaraba\u011f \u0259traf\u0131nda zorak\u0131l\u0131\u011f\u0131n b\u0259rpas\u0131ndan \u0259vv\u0259l \u0259ld\u0259 edilmi\u015f n\u0259tic\u0259l\u0259rin itm\u0259sin\u0259 yol verm\u0259k olmaz\u201d.<\/p>\n<p>  APA-n\u0131n Rusiya b\u00fcrosunun m\u0259lumat\u0131na g\u00f6r\u0259, bu s\u00f6zl\u0259ri Rusiya prezidentinin m\u0259tbuat katibi Dmitri Peskov Az\u0259rbaycan v\u0259 Erm\u0259nistan prezidentl\u0259rinin bu g\u00fcn Sankt-Peterburq \u015f\u0259h\u0259rind\u0259 ke\u00e7iril\u0259c\u0259k g\u00f6r\u00fc\u015f\u00fcn\u00fcn \u0259sas m\u0259qs\u0259dini a\u00e7\u0131qlayark\u0259n deyib.<\/p>\n<p>  D. Peskov bildirib ki, dan\u0131\u015f\u0131qlar m\u00fcr\u0259kk\u0259b olacaq: \u201cPrezident ayr\u0131-ayr\u0131 g\u00f6r\u00fc\u015fl\u0259r ke\u00e7ir\u0259c\u0259k. O, \u0259vv\u0259lc\u0259 Erm\u0259nistan prezidenti Serj Sarkisyan, sonra Az\u0259rbaycan prezidenti \u0130lham \u018fliyevl\u0259 s\u00f6hb\u0259t aparacaq. Daha sonra \u00fc\u00e7 t\u0259r\u0259fin i\u015ftirak\u0131 il\u0259 m\u00fczakir\u0259l\u0259r ke\u00e7iril\u0259c\u0259k v\u0259 prezidentl\u0259r birlikd\u0259 yem\u0259k yey\u0259c\u0259k\u201d.<\/p>\n","protected":false},"excerpt":{"rendered":"<p>&#8221;Prezidentl\u0259r m\u00fczakir\u0259l\u0259r aparacaq v\u0259 birlikd\u0259 yem\u0259k yey\u0259c\u0259k&#8221;<\/p>\n","protected":false},"author":11,"featured_media":61112,"comment_status":"closed","ping_status":"open","sticky":false,"template":"","format":"standard","meta":{"_acf_changed":false,"_sitemap_exclude":false,"_sitemap_priority":"","_sitemap_frequency":"","footnotes":""},"categories":[51],"tags":[],"class_list":["post-176853","post","type-post","status-publish","format-standard","has-post-thumbnail","hentry","category-analitika","infinite-scroll-item","generate-columns","tablet-grid-50","mobile-grid-100","grid-parent","grid-33","no-featured-image-padding"],"acf":[],"yoast_head":"<!-- This site is optimized with the Yoast SEO plugin v27.5 - https:\/\/yoast.com\/product\/yoast-seo-wordpress\/ -->\n<title>Peskov: Dan\u0131\u015f\u0131qlar m\u00fcr\u0259kk\u0259b olacaq - MEYDAN.TV<\/title>\n<meta name=\"robots\" content=\"index, follow, max-snippet:-1, max-image-preview:large, max-video-preview:-1\" \/>\n<link rel=\"canonical\" href=\"https:\/\/www.meydan.tv\/az\/article\/peskov-danisiqlar-murekkeb-olacaq\/\" \/>\n<meta property=\"og:locale\" content=\"az_AZ\" \/>\n<meta property=\"og:type\" content=\"article\" \/>\n<meta property=\"og:title\" content=\"Peskov: Dan\u0131\u015f\u0131qlar m\u00fcr\u0259kk\u0259b olacaq - MEYDAN.TV\" \/>\n<meta property=\"og:description\" content=\"&#039;&#039;Prezidentl\u0259r m\u00fczakir\u0259l\u0259r aparacaq v\u0259 birlikd\u0259 yem\u0259k yey\u0259c\u0259k&#039;&#039;\" \/>\n<meta property=\"og:url\" content=\"https:\/\/www.meydan.tv\/az\/article\/peskov-danisiqlar-murekkeb-olacaq\/\" \/>\n<meta property=\"og:site_name\" content=\"MEYDAN.TV\" \/>\n<meta property=\"article:published_time\" content=\"2016-06-20T17:02:45+00:00\" \/>\n<meta property=\"og:image\" content=\"https:\/\/www.meydan.tv\/wp-content\/uploads\/23234.jpg\" \/>\n\t<meta property=\"og:image:width\" content=\"768\" \/>\n\t<meta property=\"og:image:height\" content=\"430\" \/>\n\t<meta property=\"og:image:type\" content=\"image\/jpeg\" \/>\n<meta name=\"author\" content=\"user-manager\" \/>\n<meta name=\"twitter:card\" content=\"summary_large_image\" \/>\n<script type=\"application\/ld+json\" class=\"yoast-schema-graph\">{\"@context\":\"https:\\\/\\\/schema.org\",\"@graph\":[{\"@type\":\"Article\",\"@id\":\"https:\\\/\\\/www.meydan.tv\\\/az\\\/article\\\/peskov-danisiqlar-murekkeb-olacaq\\\/#article\",\"isPartOf\":{\"@id\":\"https:\\\/\\\/www.meydan.tv\\\/az\\\/article\\\/peskov-danisiqlar-murekkeb-olacaq\\\/\"},\"author\":{\"name\":\"user-manager\",\"@id\":\"https:\\\/\\\/www.meydan.tv\\\/az\\\/#\\\/schema\\\/person\\\/10d11eccf6da3662cf5fdab9806ea91a\"},\"headline\":\"Peskov: Dan\u0131\u015f\u0131qlar m\u00fcr\u0259kk\u0259b olacaq\",\"datePublished\":\"2016-06-20T17:02:45+00:00\",\"mainEntityOfPage\":{\"@id\":\"https:\\\/\\\/www.meydan.tv\\\/az\\\/article\\\/peskov-danisiqlar-murekkeb-olacaq\\\/\"},\"wordCount\":178,\"publisher\":{\"@id\":\"https:\\\/\\\/www.meydan.tv\\\/az\\\/#organization\"},\"image\":{\"@id\":\"https:\\\/\\\/www.meydan.tv\\\/az\\\/article\\\/peskov-danisiqlar-murekkeb-olacaq\\\/#primaryimage\"},\"thumbnailUrl\":\"https:\\\/\\\/www.meydan.tv\\\/wp-content\\\/uploads\\\/23234.jpg\",\"articleSection\":[\"Analitika\"],\"inLanguage\":\"az\"},{\"@type\":\"WebPage\",\"@id\":\"https:\\\/\\\/www.meydan.tv\\\/az\\\/article\\\/peskov-danisiqlar-murekkeb-olacaq\\\/\",\"url\":\"https:\\\/\\\/www.meydan.tv\\\/az\\\/article\\\/peskov-danisiqlar-murekkeb-olacaq\\\/\",\"name\":\"Peskov: Dan\u0131\u015f\u0131qlar m\u00fcr\u0259kk\u0259b olacaq - MEYDAN.TV\",\"isPartOf\":{\"@id\":\"https:\\\/\\\/www.meydan.tv\\\/az\\\/#website\"},\"primaryImageOfPage\":{\"@id\":\"https:\\\/\\\/www.meydan.tv\\\/az\\\/article\\\/peskov-danisiqlar-murekkeb-olacaq\\\/#primaryimage\"},\"image\":{\"@id\":\"https:\\\/\\\/www.meydan.tv\\\/az\\\/article\\\/peskov-danisiqlar-murekkeb-olacaq\\\/#primaryimage\"},\"thumbnailUrl\":\"https:\\\/\\\/www.meydan.tv\\\/wp-content\\\/uploads\\\/23234.jpg\",\"datePublished\":\"2016-06-20T17:02:45+00:00\",\"breadcrumb\":{\"@id\":\"https:\\\/\\\/www.meydan.tv\\\/az\\\/article\\\/peskov-danisiqlar-murekkeb-olacaq\\\/#breadcrumb\"},\"inLanguage\":\"az\",\"potentialAction\":[{\"@type\":\"ReadAction\",\"target\":[\"https:\\\/\\\/www.meydan.tv\\\/az\\\/article\\\/peskov-danisiqlar-murekkeb-olacaq\\\/\"]}]},{\"@type\":\"ImageObject\",\"inLanguage\":\"az\",\"@id\":\"https:\\\/\\\/www.meydan.tv\\\/az\\\/article\\\/peskov-danisiqlar-murekkeb-olacaq\\\/#primaryimage\",\"url\":\"https:\\\/\\\/www.meydan.tv\\\/wp-content\\\/uploads\\\/23234.jpg\",\"contentUrl\":\"https:\\\/\\\/www.meydan.tv\\\/wp-content\\\/uploads\\\/23234.jpg\",\"width\":768,\"height\":430,\"caption\":\"Source:\"},{\"@type\":\"BreadcrumbList\",\"@id\":\"https:\\\/\\\/www.meydan.tv\\\/az\\\/article\\\/peskov-danisiqlar-murekkeb-olacaq\\\/#breadcrumb\",\"itemListElement\":[{\"@type\":\"ListItem\",\"position\":1,\"name\":\"Ana s\u0259hif\u0259\",\"item\":\"https:\\\/\\\/www.meydan.tv\\\/az\\\/\"},{\"@type\":\"ListItem\",\"position\":2,\"name\":\"Analitika\",\"item\":\"https:\\\/\\\/www.meydan.tv\\\/az\\\/section\\\/analitika\\\/\"},{\"@type\":\"ListItem\",\"position\":3,\"name\":\"Peskov: Dan\u0131\u015f\u0131qlar m\u00fcr\u0259kk\u0259b olacaq\"}]},{\"@type\":\"WebSite\",\"@id\":\"https:\\\/\\\/www.meydan.tv\\\/az\\\/#website\",\"url\":\"https:\\\/\\\/www.meydan.tv\\\/az\\\/\",\"name\":\"MEYDAN.TV\",\"description\":\"Meydan TV Az\u0259rbaycan\u0131n media m\u0259kan\u0131ndak\u0131 alternativ s\u0259sidir\",\"publisher\":{\"@id\":\"https:\\\/\\\/www.meydan.tv\\\/az\\\/#organization\"},\"potentialAction\":[{\"@type\":\"SearchAction\",\"target\":{\"@type\":\"EntryPoint\",\"urlTemplate\":\"https:\\\/\\\/www.meydan.tv\\\/az\\\/?s={search_term_string}\"},\"query-input\":{\"@type\":\"PropertyValueSpecification\",\"valueRequired\":true,\"valueName\":\"search_term_string\"}}],\"inLanguage\":\"az\"},{\"@type\":\"Organization\",\"@id\":\"https:\\\/\\\/www.meydan.tv\\\/az\\\/#organization\",\"name\":\"Meydan TV\",\"url\":\"https:\\\/\\\/www.meydan.tv\\\/az\\\/\",\"logo\":{\"@type\":\"ImageObject\",\"inLanguage\":\"az\",\"@id\":\"https:\\\/\\\/www.meydan.tv\\\/az\\\/#\\\/schema\\\/logo\\\/image\\\/\",\"url\":\"https:\\\/\\\/www.meydan.tv\\\/wp-content\\\/uploads\\\/2021\\\/07\\\/meydan-logo.svg\",\"contentUrl\":\"https:\\\/\\\/www.meydan.tv\\\/wp-content\\\/uploads\\\/2021\\\/07\\\/meydan-logo.svg\",\"width\":195,\"height\":46,\"caption\":\"Meydan TV\"},\"image\":{\"@id\":\"https:\\\/\\\/www.meydan.tv\\\/az\\\/#\\\/schema\\\/logo\\\/image\\\/\"}},{\"@type\":\"Person\",\"@id\":\"https:\\\/\\\/www.meydan.tv\\\/az\\\/#\\\/schema\\\/person\\\/10d11eccf6da3662cf5fdab9806ea91a\",\"name\":\"user-manager\"}]}<\/script>\n<!-- \/ Yoast SEO plugin. -->","yoast_head_json":{"title":"Peskov: Dan\u0131\u015f\u0131qlar m\u00fcr\u0259kk\u0259b olacaq - MEYDAN.TV","robots":{"index":"index","follow":"follow","max-snippet":"max-snippet:-1","max-image-preview":"max-image-preview:large","max-video-preview":"max-video-preview:-1"},"canonical":"https:\/\/www.meydan.tv\/az\/article\/peskov-danisiqlar-murekkeb-olacaq\/","og_locale":"az_AZ","og_type":"article","og_title":"Peskov: Dan\u0131\u015f\u0131qlar m\u00fcr\u0259kk\u0259b olacaq - MEYDAN.TV","og_description":"''Prezidentl\u0259r m\u00fczakir\u0259l\u0259r aparacaq v\u0259 birlikd\u0259 yem\u0259k yey\u0259c\u0259k''","og_url":"https:\/\/www.meydan.tv\/az\/article\/peskov-danisiqlar-murekkeb-olacaq\/","og_site_name":"MEYDAN.TV","article_published_time":"2016-06-20T17:02:45+00:00","og_image":[{"width":768,"height":430,"url":"https:\/\/www.meydan.tv\/wp-content\/uploads\/23234.jpg","type":"image\/jpeg"}],"author":"user-manager","twitter_card":"summary_large_image","schema":{"@context":"https:\/\/schema.org","@graph":[{"@type":"Article","@id":"https:\/\/www.meydan.tv\/az\/article\/peskov-danisiqlar-murekkeb-olacaq\/#article","isPartOf":{"@id":"https:\/\/www.meydan.tv\/az\/article\/peskov-danisiqlar-murekkeb-olacaq\/"},"author":{"name":"user-manager","@id":"https:\/\/www.meydan.tv\/az\/#\/schema\/person\/10d11eccf6da3662cf5fdab9806ea91a"},"headline":"Peskov: Dan\u0131\u015f\u0131qlar m\u00fcr\u0259kk\u0259b olacaq","datePublished":"2016-06-20T17:02:45+00:00","mainEntityOfPage":{"@id":"https:\/\/www.meydan.tv\/az\/article\/peskov-danisiqlar-murekkeb-olacaq\/"},"wordCount":178,"publisher":{"@id":"https:\/\/www.meydan.tv\/az\/#organization"},"image":{"@id":"https:\/\/www.meydan.tv\/az\/article\/peskov-danisiqlar-murekkeb-olacaq\/#primaryimage"},"thumbnailUrl":"https:\/\/www.meydan.tv\/wp-content\/uploads\/23234.jpg","articleSection":["Analitika"],"inLanguage":"az"},{"@type":"WebPage","@id":"https:\/\/www.meydan.tv\/az\/article\/peskov-danisiqlar-murekkeb-olacaq\/","url":"https:\/\/www.meydan.tv\/az\/article\/peskov-danisiqlar-murekkeb-olacaq\/","name":"Peskov: Dan\u0131\u015f\u0131qlar m\u00fcr\u0259kk\u0259b olacaq - MEYDAN.TV","isPartOf":{"@id":"https:\/\/www.meydan.tv\/az\/#website"},"primaryImageOfPage":{"@id":"https:\/\/www.meydan.tv\/az\/article\/peskov-danisiqlar-murekkeb-olacaq\/#primaryimage"},"image":{"@id":"https:\/\/www.meydan.tv\/az\/article\/peskov-danisiqlar-murekkeb-olacaq\/#primaryimage"},"thumbnailUrl":"https:\/\/www.meydan.tv\/wp-content\/uploads\/23234.jpg","datePublished":"2016-06-20T17:02:45+00:00","breadcrumb":{"@id":"https:\/\/www.meydan.tv\/az\/article\/peskov-danisiqlar-murekkeb-olacaq\/#breadcrumb"},"inLanguage":"az","potentialAction":[{"@type":"ReadAction","target":["https:\/\/www.meydan.tv\/az\/article\/peskov-danisiqlar-murekkeb-olacaq\/"]}]},{"@type":"ImageObject","inLanguage":"az","@id":"https:\/\/www.meydan.tv\/az\/article\/peskov-danisiqlar-murekkeb-olacaq\/#primaryimage","url":"https:\/\/www.meydan.tv\/wp-content\/uploads\/23234.jpg","contentUrl":"https:\/\/www.meydan.tv\/wp-content\/uploads\/23234.jpg","width":768,"height":430,"caption":"Source:"},{"@type":"BreadcrumbList","@id":"https:\/\/www.meydan.tv\/az\/article\/peskov-danisiqlar-murekkeb-olacaq\/#breadcrumb","itemListElement":[{"@type":"ListItem","position":1,"name":"Ana s\u0259hif\u0259","item":"https:\/\/www.meydan.tv\/az\/"},{"@type":"ListItem","position":2,"name":"Analitika","item":"https:\/\/www.meydan.tv\/az\/section\/analitika\/"},{"@type":"ListItem","position":3,"name":"Peskov: Dan\u0131\u015f\u0131qlar m\u00fcr\u0259kk\u0259b olacaq"}]},{"@type":"WebSite","@id":"https:\/\/www.meydan.tv\/az\/#website","url":"https:\/\/www.meydan.tv\/az\/","name":"MEYDAN.TV","description":"Meydan TV Az\u0259rbaycan\u0131n media m\u0259kan\u0131ndak\u0131 alternativ s\u0259sidir","publisher":{"@id":"https:\/\/www.meydan.tv\/az\/#organization"},"potentialAction":[{"@type":"SearchAction","target":{"@type":"EntryPoint","urlTemplate":"https:\/\/www.meydan.tv\/az\/?s={search_term_string}"},"query-input":{"@type":"PropertyValueSpecification","valueRequired":true,"valueName":"search_term_string"}}],"inLanguage":"az"},{"@type":"Organization","@id":"https:\/\/www.meydan.tv\/az\/#organization","name":"Meydan TV","url":"https:\/\/www.meydan.tv\/az\/","logo":{"@type":"ImageObject","inLanguage":"az","@id":"https:\/\/www.meydan.tv\/az\/#\/schema\/logo\/image\/","url":"https:\/\/www.meydan.tv\/wp-content\/uploads\/2021\/07\/meydan-logo.svg","contentUrl":"https:\/\/www.meydan.tv\/wp-content\/uploads\/2021\/07\/meydan-logo.svg","width":195,"height":46,"caption":"Meydan TV"},"image":{"@id":"https:\/\/www.meydan.tv\/az\/#\/schema\/logo\/image\/"}},{"@type":"Person","@id":"https:\/\/www.meydan.tv\/az\/#\/schema\/person\/10d11eccf6da3662cf5fdab9806ea91a","name":"user-manager"}]}},"_links":{"self":[{"href":"https:\/\/www.meydan.tv\/az\/wp-json\/wp\/v2\/posts\/176853","targetHints":{"allow":["GET"]}}],"collection":[{"href":"https:\/\/www.meydan.tv\/az\/wp-json\/wp\/v2\/posts"}],"about":[{"href":"https:\/\/www.meydan.tv\/az\/wp-json\/wp\/v2\/types\/post"}],"author":[{"embeddable":true,"href":"https:\/\/www.meydan.tv\/az\/wp-json\/wp\/v2\/users\/11"}],"replies":[{"embeddable":true,"href":"https:\/\/www.meydan.tv\/az\/wp-json\/wp\/v2\/comments?post=176853"}],"version-history":[{"count":0,"href":"https:\/\/www.meydan.tv\/az\/wp-json\/wp\/v2\/posts\/176853\/revisions"}],"wp:featuredmedia":[{"embeddable":true,"href":"https:\/\/www.meydan.tv\/az\/wp-json\/wp\/v2\/media\/61112"}],"wp:attachment":[{"href":"https:\/\/www.meydan.tv\/az\/wp-json\/wp\/v2\/media?parent=176853"}],"wp:term":[{"taxonomy":"category","embeddable":true,"href":"https:\/\/www.meydan.tv\/az\/wp-json\/wp\/v2\/categories?post=176853"},{"taxonomy":"post_tag","embeddable":true,"href":"https:\/\/www.meydan.tv\/az\/wp-json\/wp\/v2\/tags?post=176853"}],"curies":[{"name":"wp","href":"https:\/\/api.w.org\/{rel}","templated":true}]}}