{"id":176849,"date":"2016-06-20T15:53:12","date_gmt":"2016-06-20T15:53:12","guid":{"rendered":"https:\/\/www.meydan.tv\/article\/prezidentlerin-novbeti-gorusunun-ruscasi\/"},"modified":"2016-06-20T15:53:12","modified_gmt":"2016-06-20T15:53:12","slug":"prezidentlerin-novbeti-gorusunun-ruscasi","status":"publish","type":"post","link":"https:\/\/www.meydan.tv\/az\/article\/prezidentlerin-novbeti-gorusunun-ruscasi\/","title":{"rendered":"Prezidentl\u0259rin n\u00f6vb\u0259ti g\u00f6r\u00fc\u015f\u00fcn\u00fcn &#8221;ruscas\u0131&#8221;"},"content":{"rendered":"<figure class=\"wp-block-image size-large\">\n  <img decoding=\"async\" src=\"https:\/\/www.meydan.tv\/az\/61091\/\" alt=\"\" class=\"wp-image-61091\"\/><figcaption><\/figcaption><\/figure>\n<figure class=\"wp-block-image size-large\">\n  <img decoding=\"async\" src=\"https:\/\/www.meydan.tv\/az\/61093\/\" alt=\"\" class=\"wp-image-61093\"\/><figcaption><\/figcaption><\/figure>\n<p>\n  <i><br \/>\n    R\u0259smi Moskva t\u0259r\u0259fl\u0259ri n\u0259tic\u0259si olmayan dan\u0131\u015f\u0131qlar masas\u0131na oturdur<br \/>\n  <\/i>\n<\/p>\n<p>\n  <b><br \/>\n    Kreml yenid\u0259n Qaraba\u011f dan\u0131\u015f\u0131qlar\u0131nda t\u0259\u015f\u0259bb\u00fcs\u00fc \u0259l\u0259 alma\u011fa c\u0259hd g\u00f6st\u0259rir. Bel\u0259 ki, Rusiya prezidenti Vladimir Putinin t\u0259\u015f\u0259bb\u00fcs\u00fc il\u0259 Sankt-Peterburqda Az\u0259rbaycan v\u0259 Erm\u0259nistan liderl\u0259ri \u0130lham \u018fliyev v\u0259 Serj Sarkisyanla Da\u011fl\u0131q Qaraba\u011f m\u00fcnaqi\u015f\u0259sinin nizamlanmas\u0131 yollar\u0131n\u0131 m\u00fczakir\u0259sin\u0259 ba\u015flan\u0131l\u0131b. R\u0259smi t\u0259bli\u011fat i\u015f\u011fal alt\u0131nda olan 5 rayonun qaytar\u0131laca\u011f\u0131n\u0131 v\u0259 m\u00fcnaqi\u015f\u0259nin Az\u0259rbaycan\u0131n xeyrin\u0259 h\u0259ll edil\u0259c\u0259yini bildirir. Odur ki, bel\u0259 bir sual yaran\u0131r \u2013 Kreml Qaraba\u011f m\u00fcnaqi\u015f\u0259sinin h\u0259llind\u0259 maraql\u0131d\u0131rm\u0131?<br \/>\n  <\/b>\n<\/p>\n<p>\n  Rusiya i\u015f\u011fal alt\u0131nda olan Da\u011fl\u0131q Qaraba\u011fa v\u0259 Erm\u0259nistana n\u0259zar\u0259ti tam h\u0259yata ke\u00e7irir v\u0259 bel\u0259 status-kvo Moskvaya s\u0259rf edir. \u0130st\u0259nil\u0259n anda Erm\u0259nistan v\u0259 Da\u011fl\u0131q Qaraba\u011f separat\u00e7\u0131lar\u0131 Kremlin dikt\u0259si il\u0259 h\u0259r\u0259k\u0259t\u0259 g\u0259tiril\u0259 bil\u0259r. Qaraba\u011f m\u00fcnaqi\u015f\u0259sinin m\u00f6vcudlu\u011fu Rusiyan\u0131n C\u0259nubi Qafqazda m\u00f6vcudlu\u011fu dem\u0259kdir.<br \/>\n  <br \/>\n  Odur ki, Kremlin vasit\u0259\u00e7iliyi il\u0259 ke\u00e7iril\u0259n g\u00f6r\u00fc\u015fl\u0259r\u0259 \u00fcmid b\u0259sl\u0259m\u0259k do\u011fru olmazd\u0131.\n<\/p>\n<p>\n  Burada bir m\u0259s\u0259l\u0259y\u0259 d\u0259 diqq\u0259t yetirm\u0259k laz\u0131m g\u0259lir. R\u0259smi Bak\u0131 Xank\u0259ndi il\u0259 v\u0259 yaxud vasit\u0259\u00e7il\u0259r olmadan \u0130r\u0259vanla dan\u0131\u015f\u0131qlar prosesin\u0259 qo\u015fula bil\u0259rmi v\u0259 bu n\u0259 d\u0259r\u0259c\u0259d\u0259 effektli ola bil\u0259r?\n<\/p>\n<p>\n  \u0130lk n\u00f6vb\u0259d\u0259 vasit\u0259\u00e7il\u0259r olmadan apar\u0131la bil\u0259c\u0259k Bak\u0131 v\u0259 \u0130r\u0259van dan\u0131\u015f\u0131qlar\u0131na diqq\u0259t yetir\u0259k. B\u0259llidir ki, u\u011fursuzlu\u011fu ba\u015fqalar\u0131n\u0131n \u00e7iynin\u0259 y\u00fckl\u0259m\u0259k cavabdehlikd\u0259n daha asand\u0131r. \u0130ndi diplomatiyan\u0131n \u00fczl\u0259\u015fdiyi h\u0259r bir u\u011fursuzlu\u011fu Minsk Qrupunun \u00fcz\u0259rin\u0259 y\u0131xmaq m\u00fcmk\u00fcnd\u00fcr. T\u0259r\u0259fl\u0259r birba\u015fa dan\u0131\u015f\u0131qlara \u00fcst\u00fcnl\u00fck vers\u0259l\u0259r, o zaman yeni \u201cqurbanl\u0131q ke\u00e7i\u201d tapmaq laz\u0131m olacaq v\u0259 yenid\u0259n erm\u0259nil\u0259r az\u0259rbaycanl\u0131lar\u0131, az\u0259rbaycanl\u0131lar is\u0259 erm\u0259nil\u0259ri ittiham ed\u0259c\u0259k; h\u0259r k\u0259s sava\u015fdan dan\u0131\u015facaq, amma kims\u0259 bu bar\u0259d\u0259 fikirl\u0259\u015f\u0259 bel\u0259 bilm\u0259y\u0259c\u0259k. \u018fn az\u0131 ona g\u00f6r\u0259 ki, m\u00fcharib\u0259 yeni probleml\u0259r dem\u0259kdir. Yeni probleml\u0259r is\u0259 t\u0259hl\u00fck\u0259 m\u0259nb\u0259yidir. Bel\u0259 bir t\u0259hl\u00fck\u0259ni is\u0259 t\u0259r\u0259fl\u0259r g\u00f6z \u00f6n\u00fcn\u0259 ala bilm\u0259z.\n<\/p>\n<p>\n  Daha bir vacib detala da diqq\u0259t yetir\u0259k. \u201cYeni Qaraba\u011f sava\u015f\u0131\u201dnda yuxar\u0131da da qeyd etdiyimiz kimi, Moskva maraql\u0131 deyil, dem\u0259li, n\u0259 Bak\u0131, n\u0259 d\u0259 \u0130r\u0259van \u201cc\u0131z\u0131qdan\u201d k\u0259nara \u00e7\u0131xa bilm\u0259z. Bu g\u00fcn Rusiyaya m\u00fcnaqi\u015f\u0259nin dondurulmas\u0131 g\u0259r\u0259kdir, dem\u0259li, m\u00fcnaqi\u015f\u0259 dondurulmu\u015f v\u0259ziyy\u0259td\u0259 qalacaq. Buna n\u0259 Bak\u0131, n\u0259 d\u0259 \u0130r\u0259van etiraz ed\u0259 bilm\u0259z. Bu bar\u0259d\u0259 bir q\u0259d\u0259r sonra.<br \/>\n  <br \/>\n  Dig\u0259r variant Bak\u0131 v\u0259 Xank\u0259ndi aras\u0131nda m\u00fcmk\u00fcn dialoq perspektividir. Qaraba\u011f\u0131n erm\u0259ni icmas\u0131 il\u0259 dan\u0131\u015f\u0131qlar iki istiqam\u0259td\u0259 apar\u0131la bil\u0259r &#8211; xalq diplomatiyas\u0131 v\u0259 Az\u0259rbaycan hakimiyy\u0259ti n\u00fcmay\u0259nd\u0259l\u0259rinin \u00f6z v\u0259t\u0259nda\u015flar\u0131 olan erm\u0259ni sakinl\u0259rl\u0259 dan\u0131\u015f\u0131qlara ba\u015flamas\u0131 yolu il\u0259.<br \/>\n  <br \/>\n  Lakin bu g\u00fcn b\u0259zi erm\u0259nil\u0259rin yalan\u00e7\u0131 mill\u0259t\u00e7iliyi bu \u00f6lk\u0259nin g\u0259l\u0259c\u0259yini m\u0259hv etdiyi kimi, s\u00fclh\u0259 yax\u0131nla\u015fma\u011fa da imkan vermir. Erm\u0259nil\u0259rin mill\u0259t\u00e7i \u015f\u00fcarlarla silahlanmas\u0131 Bak\u0131n\u0131n \u015fanslar\u0131n\u0131 art\u0131r\u0131r. \u0130ndiki m\u0259rh\u0259l\u0259d\u0259 he\u00e7 kim\u0259 laz\u0131m olmayan mill\u0259t\u00e7\u0131 \u00e7\u0131x\u0131\u015flara son qoyma\u011f\u0131n v\u0259 d\u00fcnyan\u0131n g\u00f6z\u00fcnd\u0259 daha konstruktiv g\u00f6r\u00fcnm\u0259yin vaxt\u0131 \u00e7at\u0131b. Bak\u0131 \u0259n az\u0131 bu m\u00f6vqed\u0259 u\u011fur \u0259ld\u0259 ed\u0259 bil\u0259r.\n<\/p>\n<p>\n  Burada yuxar\u0131da da qeyd etdiyimiz kimi, daha bir sual \u00fcz\u0259rind\u0259 d\u00fc\u015f\u00fcnm\u0259k laz\u0131m g\u0259lir &#8211; Az\u0259rbaycan m\u00fcnaqi\u015f\u0259ni h\u0259rbi yolla h\u0259ll ed\u0259 bil\u0259rmi? Bak\u0131n\u0131n silaha \u0259l ataraq, i\u015f\u011fal olunmu\u015f \u0259razil\u0259rd\u0259n bir qismini azad etm\u0259si m\u00fcmk\u00fcn g\u00f6r\u00fcn\u00fcr. Lakin bu m\u0259s\u0259l\u0259 g\u00f6r\u00fcnd\u00fcy\u00fc q\u0259d\u0259r d\u0259 sad\u0259 deyil. M\u0259hz erm\u0259nil\u0259r Bak\u0131n\u0131 bel\u0259 add\u0131m atma\u011fa s\u00f6vq edir. Az\u0259rbaycan\u0131n silaha \u0259l atmas\u0131 \u0130r\u0259van\u0131n maraqlar\u0131na cavab verir. Erm\u0259nistan uzun m\u00fcdd\u0259tdir ki, m\u00fcnaqi\u015f\u0259nin etnik z\u0259mind\u0259 ba\u015f verdiyini b\u0259yan edir. \u201cMill\u0259tl\u0259rin \u00f6z\u00fcn\u00fc t\u0259yin etm\u0259 h\u00fcququna\u201d Bak\u0131n\u0131n etnik t\u0259mizl\u0259m\u0259 cavab\u0131 kimi. Erm\u0259ni t\u0259bli\u011fat\u0131 n\u00f6vb\u0259ti \u201czavall\u0131 erm\u0259ni xalq\u0131n\u0131n\u201d \u201csoyq\u0131r\u0131m\u0131\u201d bar\u0259d\u0259 a\u011fla\u015fma qurmaq \u00fc\u00e7\u00fcn bu f\u00fcrs\u0259td\u0259n istifad\u0259 ed\u0259 bil\u0259r. D\u00fcnyadak\u0131 reall\u0131q \u00e7oxunun Az\u0259rbaycana s\u0259rf etm\u0259y\u0259c\u0259k m\u00f6vqed\u0259n \u00e7\u0131x\u0131\u015f ed\u0259c\u0259yini ehtimal etm\u0259y\u0259 \u0259sas verir.<br \/>\n  <br \/>\n  B\u00fct\u00fcn sadalanan faktlardan bel\u0259 bir n\u0259tic\u0259y\u0259 g\u0259lm\u0259k olar ki, yax\u0131n ill\u0259r \u0259rzind\u0259 Qaraba\u011f m\u00fcnaqi\u015f\u0259si il\u0259 ba\u011fl\u0131 Bak\u0131 v\u0259 \u0130r\u0259van yenil\u0259nmi\u015f Madrid prinsipl\u0259ri \u00fcz\u0259rind\u0259 dan\u0131\u015f\u0131qlar\u0131 davam etdir\u0259c\u0259kl\u0259r. Bu s\u0259n\u0259d \u00f6z\u00fcnd\u0259 n\u0259yi ehtiva edir?<br \/>\n  <br \/>\n  Madrid prinsipl\u0259rinin t\u0259qdim olunmas\u0131ndan uzun m\u00fcdd\u0259t ke\u00e7m\u0259sin\u0259 baxmayaraq, h\u0259ms\u0259drl\u0259r t\u0259r\u0259fl\u0259rin aras\u0131nda m\u00f6vcud olan ziddiyy\u0259tl\u0259r bar\u0259d\u0259 anla\u015f\u0131ql\u0131 fikir s\u00f6yl\u0259m\u0259yibl\u0259r. Bak\u0131 v\u0259 \u0130r\u0259van\u0131n hans\u0131 m\u0259s\u0259l\u0259d\u0259 raz\u0131la\u015fd\u0131\u011f\u0131, hans\u0131 m\u0259s\u0259l\u0259d\u0259 is\u0259 kompromis\u0259 g\u0259l\u0259 bilm\u0259diyi geni\u015f ictimaiyy\u0259td\u0259n gizl\u0259dilir. H\u0259ms\u0259drl\u0259rin f\u0259aliyy\u0259ti daha \u00e7ox g\u00f6zd\u0259n p\u0259rd\u0259 asmaq siyas\u0259tini xat\u0131rlad\u0131r. Baxmayaraq ki, vasit\u0259\u00e7il\u0259r \u201cortaq m\u0259xr\u0259c\u201dd\u0259n dan\u0131\u015f\u0131r, Bak\u0131 v\u0259 \u0130r\u0259van\u0131n davran\u0131\u015flar\u0131 onu dem\u0259y\u0259 \u0259sas verir ki, m\u00fcnaqi\u015f\u0259 t\u0259r\u0259fl\u0259ri aras\u0131nda h\u0259tta n\u0259z\u0259ri bax\u0131mdan raz\u0131la\u015fd\u0131rma \u0259ld\u0259 olunmay\u0131b. Maraql\u0131d\u0131r ki, h\u0259ms\u0259drl\u0259rin aras\u0131nda da yekdil fikir yoxdur. C\u0259nubi Qafqaz u\u011frunda m\u00fcbariz\u0259 aparan \u00f6lk\u0259l\u0259rin maraqlar\u0131n\u0131n toqqu\u015fmas\u0131 bu m\u00fcnaqi\u015f\u0259nin t\u0259nziml\u0259nm\u0259sin\u0259 \u00e7\u0259tinlik yarad\u0131r.\u00a0 Kreml Qaraba\u011f m\u00fcnaqi\u015f\u0259sinin h\u0259llind\u0259 \u0259sas s\u00f6z sahibi oldu\u011funu n\u00fcmayi\u015f etdirm\u0259k ist\u0259yir. Rusiyan\u0131n r\u0259smi Bak\u0131 v\u0259 \u0130r\u0259van\u0131 dan\u0131\u015f\u0131qlar masas\u0131na \u0259yl\u0259\u015fm\u0259y\u0259 israr etm\u0259sinin s\u0259b\u0259bi d\u0259 budur&#8230;<\/p>\n","protected":false},"excerpt":{"rendered":"<p>R\u0259smi Moskva t\u0259r\u0259fl\u0259ri n\u0259tic\u0259si olmayan dan\u0131\u015f\u0131qlar masas\u0131na oturdur<\/p>\n","protected":false},"author":11,"featured_media":61091,"comment_status":"closed","ping_status":"open","sticky":false,"template":"","format":"standard","meta":{"_acf_changed":false,"_sitemap_exclude":false,"_sitemap_priority":"","_sitemap_frequency":"","footnotes":""},"categories":[51],"tags":[],"class_list":["post-176849","post","type-post","status-publish","format-standard","has-post-thumbnail","hentry","category-analitika","infinite-scroll-item","generate-columns","tablet-grid-50","mobile-grid-100","grid-parent","grid-33","no-featured-image-padding"],"acf":[],"yoast_head":"<!-- This site is optimized with the Yoast SEO plugin v27.5 - https:\/\/yoast.com\/product\/yoast-seo-wordpress\/ -->\n<title>Prezidentl\u0259rin n\u00f6vb\u0259ti g\u00f6r\u00fc\u015f\u00fcn\u00fcn &#039;&#039;ruscas\u0131&#039;&#039; - MEYDAN.TV<\/title>\n<meta name=\"robots\" content=\"index, follow, max-snippet:-1, max-image-preview:large, max-video-preview:-1\" \/>\n<link rel=\"canonical\" href=\"https:\/\/www.meydan.tv\/az\/article\/prezidentlerin-novbeti-gorusunun-ruscasi\/\" \/>\n<meta property=\"og:locale\" content=\"az_AZ\" \/>\n<meta property=\"og:type\" content=\"article\" \/>\n<meta property=\"og:title\" content=\"Prezidentl\u0259rin n\u00f6vb\u0259ti g\u00f6r\u00fc\u015f\u00fcn\u00fcn &#039;&#039;ruscas\u0131&#039;&#039; - MEYDAN.TV\" \/>\n<meta property=\"og:description\" content=\"R\u0259smi Moskva t\u0259r\u0259fl\u0259ri n\u0259tic\u0259si olmayan dan\u0131\u015f\u0131qlar masas\u0131na oturdur\" \/>\n<meta property=\"og:url\" content=\"https:\/\/www.meydan.tv\/az\/article\/prezidentlerin-novbeti-gorusunun-ruscasi\/\" \/>\n<meta property=\"og:site_name\" content=\"MEYDAN.TV\" \/>\n<meta property=\"article:published_time\" content=\"2016-06-20T15:53:12+00:00\" \/>\n<meta property=\"og:image\" content=\"https:\/\/www.meydan.tv\/wp-content\/uploads\/23226.jpg\" \/>\n\t<meta property=\"og:image:width\" content=\"500\" \/>\n\t<meta property=\"og:image:height\" content=\"304\" \/>\n\t<meta property=\"og:image:type\" content=\"image\/jpeg\" \/>\n<meta name=\"author\" content=\"user-manager\" \/>\n<meta name=\"twitter:card\" content=\"summary_large_image\" \/>\n<script type=\"application\/ld+json\" class=\"yoast-schema-graph\">{\"@context\":\"https:\\\/\\\/schema.org\",\"@graph\":[{\"@type\":\"Article\",\"@id\":\"https:\\\/\\\/www.meydan.tv\\\/az\\\/article\\\/prezidentlerin-novbeti-gorusunun-ruscasi\\\/#article\",\"isPartOf\":{\"@id\":\"https:\\\/\\\/www.meydan.tv\\\/az\\\/article\\\/prezidentlerin-novbeti-gorusunun-ruscasi\\\/\"},\"author\":{\"name\":\"user-manager\",\"@id\":\"https:\\\/\\\/www.meydan.tv\\\/az\\\/#\\\/schema\\\/person\\\/10d11eccf6da3662cf5fdab9806ea91a\"},\"headline\":\"Prezidentl\u0259rin n\u00f6vb\u0259ti g\u00f6r\u00fc\u015f\u00fcn\u00fcn &#8221;ruscas\u0131&#8221;\",\"datePublished\":\"2016-06-20T15:53:12+00:00\",\"mainEntityOfPage\":{\"@id\":\"https:\\\/\\\/www.meydan.tv\\\/az\\\/article\\\/prezidentlerin-novbeti-gorusunun-ruscasi\\\/\"},\"wordCount\":1139,\"publisher\":{\"@id\":\"https:\\\/\\\/www.meydan.tv\\\/az\\\/#organization\"},\"image\":{\"@id\":\"https:\\\/\\\/www.meydan.tv\\\/az\\\/article\\\/prezidentlerin-novbeti-gorusunun-ruscasi\\\/#primaryimage\"},\"thumbnailUrl\":\"https:\\\/\\\/www.meydan.tv\\\/wp-content\\\/uploads\\\/23226.jpg\",\"articleSection\":[\"Analitika\"],\"inLanguage\":\"az\"},{\"@type\":\"WebPage\",\"@id\":\"https:\\\/\\\/www.meydan.tv\\\/az\\\/article\\\/prezidentlerin-novbeti-gorusunun-ruscasi\\\/\",\"url\":\"https:\\\/\\\/www.meydan.tv\\\/az\\\/article\\\/prezidentlerin-novbeti-gorusunun-ruscasi\\\/\",\"name\":\"Prezidentl\u0259rin n\u00f6vb\u0259ti g\u00f6r\u00fc\u015f\u00fcn\u00fcn ''ruscas\u0131'' - MEYDAN.TV\",\"isPartOf\":{\"@id\":\"https:\\\/\\\/www.meydan.tv\\\/az\\\/#website\"},\"primaryImageOfPage\":{\"@id\":\"https:\\\/\\\/www.meydan.tv\\\/az\\\/article\\\/prezidentlerin-novbeti-gorusunun-ruscasi\\\/#primaryimage\"},\"image\":{\"@id\":\"https:\\\/\\\/www.meydan.tv\\\/az\\\/article\\\/prezidentlerin-novbeti-gorusunun-ruscasi\\\/#primaryimage\"},\"thumbnailUrl\":\"https:\\\/\\\/www.meydan.tv\\\/wp-content\\\/uploads\\\/23226.jpg\",\"datePublished\":\"2016-06-20T15:53:12+00:00\",\"breadcrumb\":{\"@id\":\"https:\\\/\\\/www.meydan.tv\\\/az\\\/article\\\/prezidentlerin-novbeti-gorusunun-ruscasi\\\/#breadcrumb\"},\"inLanguage\":\"az\",\"potentialAction\":[{\"@type\":\"ReadAction\",\"target\":[\"https:\\\/\\\/www.meydan.tv\\\/az\\\/article\\\/prezidentlerin-novbeti-gorusunun-ruscasi\\\/\"]}]},{\"@type\":\"ImageObject\",\"inLanguage\":\"az\",\"@id\":\"https:\\\/\\\/www.meydan.tv\\\/az\\\/article\\\/prezidentlerin-novbeti-gorusunun-ruscasi\\\/#primaryimage\",\"url\":\"https:\\\/\\\/www.meydan.tv\\\/wp-content\\\/uploads\\\/23226.jpg\",\"contentUrl\":\"https:\\\/\\\/www.meydan.tv\\\/wp-content\\\/uploads\\\/23226.jpg\",\"width\":500,\"height\":304,\"caption\":\"Source:\"},{\"@type\":\"BreadcrumbList\",\"@id\":\"https:\\\/\\\/www.meydan.tv\\\/az\\\/article\\\/prezidentlerin-novbeti-gorusunun-ruscasi\\\/#breadcrumb\",\"itemListElement\":[{\"@type\":\"ListItem\",\"position\":1,\"name\":\"Ana s\u0259hif\u0259\",\"item\":\"https:\\\/\\\/www.meydan.tv\\\/az\\\/\"},{\"@type\":\"ListItem\",\"position\":2,\"name\":\"Analitika\",\"item\":\"https:\\\/\\\/www.meydan.tv\\\/az\\\/section\\\/analitika\\\/\"},{\"@type\":\"ListItem\",\"position\":3,\"name\":\"Prezidentl\u0259rin n\u00f6vb\u0259ti g\u00f6r\u00fc\u015f\u00fcn\u00fcn &#8221;ruscas\u0131&#8221;\"}]},{\"@type\":\"WebSite\",\"@id\":\"https:\\\/\\\/www.meydan.tv\\\/az\\\/#website\",\"url\":\"https:\\\/\\\/www.meydan.tv\\\/az\\\/\",\"name\":\"MEYDAN.TV\",\"description\":\"Meydan TV Az\u0259rbaycan\u0131n media m\u0259kan\u0131ndak\u0131 alternativ s\u0259sidir\",\"publisher\":{\"@id\":\"https:\\\/\\\/www.meydan.tv\\\/az\\\/#organization\"},\"potentialAction\":[{\"@type\":\"SearchAction\",\"target\":{\"@type\":\"EntryPoint\",\"urlTemplate\":\"https:\\\/\\\/www.meydan.tv\\\/az\\\/?s={search_term_string}\"},\"query-input\":{\"@type\":\"PropertyValueSpecification\",\"valueRequired\":true,\"valueName\":\"search_term_string\"}}],\"inLanguage\":\"az\"},{\"@type\":\"Organization\",\"@id\":\"https:\\\/\\\/www.meydan.tv\\\/az\\\/#organization\",\"name\":\"Meydan TV\",\"url\":\"https:\\\/\\\/www.meydan.tv\\\/az\\\/\",\"logo\":{\"@type\":\"ImageObject\",\"inLanguage\":\"az\",\"@id\":\"https:\\\/\\\/www.meydan.tv\\\/az\\\/#\\\/schema\\\/logo\\\/image\\\/\",\"url\":\"https:\\\/\\\/www.meydan.tv\\\/wp-content\\\/uploads\\\/2021\\\/07\\\/meydan-logo.svg\",\"contentUrl\":\"https:\\\/\\\/www.meydan.tv\\\/wp-content\\\/uploads\\\/2021\\\/07\\\/meydan-logo.svg\",\"width\":195,\"height\":46,\"caption\":\"Meydan TV\"},\"image\":{\"@id\":\"https:\\\/\\\/www.meydan.tv\\\/az\\\/#\\\/schema\\\/logo\\\/image\\\/\"}},{\"@type\":\"Person\",\"@id\":\"https:\\\/\\\/www.meydan.tv\\\/az\\\/#\\\/schema\\\/person\\\/10d11eccf6da3662cf5fdab9806ea91a\",\"name\":\"user-manager\"}]}<\/script>\n<!-- \/ Yoast SEO plugin. -->","yoast_head_json":{"title":"Prezidentl\u0259rin n\u00f6vb\u0259ti g\u00f6r\u00fc\u015f\u00fcn\u00fcn ''ruscas\u0131'' - MEYDAN.TV","robots":{"index":"index","follow":"follow","max-snippet":"max-snippet:-1","max-image-preview":"max-image-preview:large","max-video-preview":"max-video-preview:-1"},"canonical":"https:\/\/www.meydan.tv\/az\/article\/prezidentlerin-novbeti-gorusunun-ruscasi\/","og_locale":"az_AZ","og_type":"article","og_title":"Prezidentl\u0259rin n\u00f6vb\u0259ti g\u00f6r\u00fc\u015f\u00fcn\u00fcn ''ruscas\u0131'' - MEYDAN.TV","og_description":"R\u0259smi Moskva t\u0259r\u0259fl\u0259ri n\u0259tic\u0259si olmayan dan\u0131\u015f\u0131qlar masas\u0131na oturdur","og_url":"https:\/\/www.meydan.tv\/az\/article\/prezidentlerin-novbeti-gorusunun-ruscasi\/","og_site_name":"MEYDAN.TV","article_published_time":"2016-06-20T15:53:12+00:00","og_image":[{"width":500,"height":304,"url":"https:\/\/www.meydan.tv\/wp-content\/uploads\/23226.jpg","type":"image\/jpeg"}],"author":"user-manager","twitter_card":"summary_large_image","schema":{"@context":"https:\/\/schema.org","@graph":[{"@type":"Article","@id":"https:\/\/www.meydan.tv\/az\/article\/prezidentlerin-novbeti-gorusunun-ruscasi\/#article","isPartOf":{"@id":"https:\/\/www.meydan.tv\/az\/article\/prezidentlerin-novbeti-gorusunun-ruscasi\/"},"author":{"name":"user-manager","@id":"https:\/\/www.meydan.tv\/az\/#\/schema\/person\/10d11eccf6da3662cf5fdab9806ea91a"},"headline":"Prezidentl\u0259rin n\u00f6vb\u0259ti g\u00f6r\u00fc\u015f\u00fcn\u00fcn &#8221;ruscas\u0131&#8221;","datePublished":"2016-06-20T15:53:12+00:00","mainEntityOfPage":{"@id":"https:\/\/www.meydan.tv\/az\/article\/prezidentlerin-novbeti-gorusunun-ruscasi\/"},"wordCount":1139,"publisher":{"@id":"https:\/\/www.meydan.tv\/az\/#organization"},"image":{"@id":"https:\/\/www.meydan.tv\/az\/article\/prezidentlerin-novbeti-gorusunun-ruscasi\/#primaryimage"},"thumbnailUrl":"https:\/\/www.meydan.tv\/wp-content\/uploads\/23226.jpg","articleSection":["Analitika"],"inLanguage":"az"},{"@type":"WebPage","@id":"https:\/\/www.meydan.tv\/az\/article\/prezidentlerin-novbeti-gorusunun-ruscasi\/","url":"https:\/\/www.meydan.tv\/az\/article\/prezidentlerin-novbeti-gorusunun-ruscasi\/","name":"Prezidentl\u0259rin n\u00f6vb\u0259ti g\u00f6r\u00fc\u015f\u00fcn\u00fcn ''ruscas\u0131'' - MEYDAN.TV","isPartOf":{"@id":"https:\/\/www.meydan.tv\/az\/#website"},"primaryImageOfPage":{"@id":"https:\/\/www.meydan.tv\/az\/article\/prezidentlerin-novbeti-gorusunun-ruscasi\/#primaryimage"},"image":{"@id":"https:\/\/www.meydan.tv\/az\/article\/prezidentlerin-novbeti-gorusunun-ruscasi\/#primaryimage"},"thumbnailUrl":"https:\/\/www.meydan.tv\/wp-content\/uploads\/23226.jpg","datePublished":"2016-06-20T15:53:12+00:00","breadcrumb":{"@id":"https:\/\/www.meydan.tv\/az\/article\/prezidentlerin-novbeti-gorusunun-ruscasi\/#breadcrumb"},"inLanguage":"az","potentialAction":[{"@type":"ReadAction","target":["https:\/\/www.meydan.tv\/az\/article\/prezidentlerin-novbeti-gorusunun-ruscasi\/"]}]},{"@type":"ImageObject","inLanguage":"az","@id":"https:\/\/www.meydan.tv\/az\/article\/prezidentlerin-novbeti-gorusunun-ruscasi\/#primaryimage","url":"https:\/\/www.meydan.tv\/wp-content\/uploads\/23226.jpg","contentUrl":"https:\/\/www.meydan.tv\/wp-content\/uploads\/23226.jpg","width":500,"height":304,"caption":"Source:"},{"@type":"BreadcrumbList","@id":"https:\/\/www.meydan.tv\/az\/article\/prezidentlerin-novbeti-gorusunun-ruscasi\/#breadcrumb","itemListElement":[{"@type":"ListItem","position":1,"name":"Ana s\u0259hif\u0259","item":"https:\/\/www.meydan.tv\/az\/"},{"@type":"ListItem","position":2,"name":"Analitika","item":"https:\/\/www.meydan.tv\/az\/section\/analitika\/"},{"@type":"ListItem","position":3,"name":"Prezidentl\u0259rin n\u00f6vb\u0259ti g\u00f6r\u00fc\u015f\u00fcn\u00fcn &#8221;ruscas\u0131&#8221;"}]},{"@type":"WebSite","@id":"https:\/\/www.meydan.tv\/az\/#website","url":"https:\/\/www.meydan.tv\/az\/","name":"MEYDAN.TV","description":"Meydan TV Az\u0259rbaycan\u0131n media m\u0259kan\u0131ndak\u0131 alternativ s\u0259sidir","publisher":{"@id":"https:\/\/www.meydan.tv\/az\/#organization"},"potentialAction":[{"@type":"SearchAction","target":{"@type":"EntryPoint","urlTemplate":"https:\/\/www.meydan.tv\/az\/?s={search_term_string}"},"query-input":{"@type":"PropertyValueSpecification","valueRequired":true,"valueName":"search_term_string"}}],"inLanguage":"az"},{"@type":"Organization","@id":"https:\/\/www.meydan.tv\/az\/#organization","name":"Meydan TV","url":"https:\/\/www.meydan.tv\/az\/","logo":{"@type":"ImageObject","inLanguage":"az","@id":"https:\/\/www.meydan.tv\/az\/#\/schema\/logo\/image\/","url":"https:\/\/www.meydan.tv\/wp-content\/uploads\/2021\/07\/meydan-logo.svg","contentUrl":"https:\/\/www.meydan.tv\/wp-content\/uploads\/2021\/07\/meydan-logo.svg","width":195,"height":46,"caption":"Meydan TV"},"image":{"@id":"https:\/\/www.meydan.tv\/az\/#\/schema\/logo\/image\/"}},{"@type":"Person","@id":"https:\/\/www.meydan.tv\/az\/#\/schema\/person\/10d11eccf6da3662cf5fdab9806ea91a","name":"user-manager"}]}},"_links":{"self":[{"href":"https:\/\/www.meydan.tv\/az\/wp-json\/wp\/v2\/posts\/176849","targetHints":{"allow":["GET"]}}],"collection":[{"href":"https:\/\/www.meydan.tv\/az\/wp-json\/wp\/v2\/posts"}],"about":[{"href":"https:\/\/www.meydan.tv\/az\/wp-json\/wp\/v2\/types\/post"}],"author":[{"embeddable":true,"href":"https:\/\/www.meydan.tv\/az\/wp-json\/wp\/v2\/users\/11"}],"replies":[{"embeddable":true,"href":"https:\/\/www.meydan.tv\/az\/wp-json\/wp\/v2\/comments?post=176849"}],"version-history":[{"count":0,"href":"https:\/\/www.meydan.tv\/az\/wp-json\/wp\/v2\/posts\/176849\/revisions"}],"wp:featuredmedia":[{"embeddable":true,"href":"https:\/\/www.meydan.tv\/az\/wp-json\/wp\/v2\/media\/61091"}],"wp:attachment":[{"href":"https:\/\/www.meydan.tv\/az\/wp-json\/wp\/v2\/media?parent=176849"}],"wp:term":[{"taxonomy":"category","embeddable":true,"href":"https:\/\/www.meydan.tv\/az\/wp-json\/wp\/v2\/categories?post=176849"},{"taxonomy":"post_tag","embeddable":true,"href":"https:\/\/www.meydan.tv\/az\/wp-json\/wp\/v2\/tags?post=176849"}],"curies":[{"name":"wp","href":"https:\/\/api.w.org\/{rel}","templated":true}]}}