{"id":176827,"date":"2016-06-19T15:35:58","date_gmt":"2016-06-19T15:35:58","guid":{"rendered":"https:\/\/www.meydan.tv\/article\/ilham-eliyev-kimse-fikirlesir-ki-novbeti-20-il-de-menasiz-danisiqlar-aparacagiq-sehv-edir\/"},"modified":"2016-06-19T15:35:58","modified_gmt":"2016-06-19T15:35:58","slug":"ilham-eliyev-kimse-fikirlesir-ki-novbeti-20-il-de-menasiz-danisiqlar-aparacagiq-sehv-edir","status":"publish","type":"post","link":"https:\/\/www.meydan.tv\/az\/article\/ilham-eliyev-kimse-fikirlesir-ki-novbeti-20-il-de-menasiz-danisiqlar-aparacagiq-sehv-edir\/","title":{"rendered":"\u0130lham \u018fliyev: Kims\u0259 fikirl\u0259\u015fir ki, n\u00f6vb\u0259ti 20 il d\u0259 m\u0259nas\u0131z dan\u0131\u015f\u0131qlar aparaca\u011f\u0131q, s\u0259hv edir"},"content":{"rendered":"<figure class=\"wp-block-image size-large\">\n  <img decoding=\"async\" src=\"https:\/\/www.meydan.tv\/az\/60992\/\" alt=\"\" class=\"wp-image-60992\"\/><figcaption><\/figcaption><\/figure>\n<p>\n  <i><br \/>\n    &#8221;Bizim \u00fcmidl\u0259rimiz var ki, bu m\u0259s\u0259l\u0259 s\u00fclh yolu il\u0259 \u00f6z h\u0259llini tapa bil\u0259r v\u0259 tapmal\u0131d\u0131r&#8221;<br \/>\n  <\/i>\n<\/p>\n<p>\n  \u018fg\u0259r kims\u0259 fikirl\u0259\u015fir ki, biz n\u00f6vb\u0259ti iyirmi il d\u0259 m\u0259nas\u0131z dan\u0131\u015f\u0131qlar aparaca\u011f\u0131q, s\u0259hv edir. Bu fikiri prezidenti \u0130lham \u018fliyev m\u00fcq\u0259dd\u0259s Ramazan ay\u0131 m\u00fcnasib\u0259til\u0259 iftar m\u0259rasimind\u0259 s\u00f6yl\u0259diyi nitqi zaman\u0131 s\u0259sl\u0259ndirib.\n<\/p>\n<p>\n  D\u00f6vl\u0259t ba\u015fc\u0131s\u0131 vurgulad\u0131 ki, Erm\u0259nistan-Az\u0259rbaycan, Da\u011fl\u0131q Qaraba\u011f m\u00fcnaqi\u015f\u0259sinin h\u0259lli i\u015find\u0259 d\u0259 Az\u0259rbaycanda ya\u015fayan b\u00fct\u00fcn mill\u0259tl\u0259rin, konfessiyalar\u0131n n\u00fcmay\u0259nd\u0259l\u0259ri bir n\u00f6qt\u0259y\u0259 vurur: &#8220;Y\u0259ni, bu, bizim \u00fcmummilli m\u0259s\u0259l\u0259mizdir. H\u0259r bir Az\u0259rbaycan v\u0259t\u0259nda\u015f\u0131 h\u0259r g\u00fcn \u00e7al\u0131\u015fmal\u0131d\u0131r v\u0259 \u0259min\u0259m, \u00e7al\u0131\u015f\u0131r ki, bu m\u0259s\u0259l\u0259 tezlikl\u0259 \u00f6z h\u0259llini taps\u0131n. Az\u0259rbaycan \u0259razisinin bir hiss\u0259si uzun ill\u0259rdir ki, i\u015f\u011fal alt\u0131ndad\u0131r, torpaqlar\u0131m\u0131z z\u0259bt edilib. Xalq\u0131m\u0131za qar\u015f\u0131 etnik t\u0259mizl\u0259m\u0259 siyas\u0259ti apar\u0131l\u0131b, Xocal\u0131 soyq\u0131r\u0131m\u0131 t\u00f6r\u0259dilib. AT\u018fT-in faktara\u015fd\u0131r\u0131c\u0131 missiyas\u0131n\u0131n hesabatlar\u0131na g\u00f6r\u0259, i\u015f\u011fal edilmi\u015f torpaqlarda b\u00fct\u00fcn binalar da\u011f\u0131d\u0131l\u0131b. Bizim tarixi binalar\u0131m\u0131z, q\u0259birl\u0259r, m\u0259scidl\u0259r erm\u0259nil\u0259r t\u0259r\u0259find\u0259n da\u011f\u0131d\u0131l\u0131bd\u0131r. Bu, misli g\u00f6r\u00fcnm\u0259mi\u015f v\u0259h\u015filikdir. Az\u0259rbaycanda is\u0259 Bak\u0131n\u0131n m\u0259rk\u0259zind\u0259 erm\u0259ni kils\u0259si yerl\u0259\u015fir. He\u00e7 kim ona toxunmur, \u0259ksin\u0259, t\u0259mir olunubdur. Az\u0259rbaycanda kils\u0259l\u0259r, sinaqoqlar, m\u0259scidl\u0259r tikilir. Bax, f\u0259rq bundan ibar\u0259tdir&#8221;.\n<\/p>\n<p>\n  Prezident \u0130lham \u018fliyev bildirib ki, Erm\u0259nistan-Az\u0259rbaycan, Da\u011fl\u0131q Qaraba\u011f m\u00fcnaqi\u015f\u0259si tezlikl\u0259 \u00f6z h\u0259llini tapmal\u0131d\u0131r: &#8220;Beyn\u0259lxalq h\u00fcquq normalar\u0131 bizim m\u00f6vqeyimizi m\u00fcdafi\u0259 edir. Tarixi \u0259dal\u0259t d\u0259 bizim t\u0259r\u0259fimizd\u0259dir. Son vaxtlar bu m\u0259s\u0259l\u0259 il\u0259 m\u0259\u015f\u011ful olan vasit\u0259\u00e7il\u0259r, onlar\u0131n r\u0259hb\u0259r \u015f\u0259xsl\u0259ri qeyd edirl\u0259r ki, m\u0259s\u0259l\u0259 tezlikl\u0259 h\u0259ll olunmal\u0131d\u0131r, status-kvo q\u0259buledilm\u0259zdir, d\u0259yi\u015fdirilm\u0259lidir. Biz bunu m\u00fcsb\u0259t qar\u015f\u0131lay\u0131r\u0131q. Ancaq bel\u0259 b\u0259yanatlar \u0259vv\u0259ll\u0259r d\u0259 verilmi\u015fdir. Status-kvonun q\u0259buledilm\u0259zliyi haqq\u0131nda art\u0131q ne\u00e7\u0259 ildir ki, b\u0259yanatlar verilir, amma b\u0259yanatlardan sonra he\u00e7 bir add\u0131m at\u0131lm\u0131r. Vaxt g\u0259lib \u00e7at\u0131b ki, konkret add\u0131mlar at\u0131lmal\u0131d\u0131r. \u0130\u015f\u011fal\u00e7\u0131ya \u00e7ox ciddi t\u0259zyiql\u0259r g\u00f6st\u0259rilm\u0259lidir ki, bu m\u0259s\u0259l\u0259 s\u00fclh yolu il\u0259 \u00f6z h\u0259llini taps\u0131n. Biz bunun t\u0259r\u0259fdar\u0131y\u0131q. H\u0259mi\u015f\u0259 bunun t\u0259r\u0259fdar\u0131 olmu\u015fuq.\n<\/p>\n<p>\n  Ancaq bununla b\u0259rab\u0259r, he\u00e7 k\u0259s \u00fc\u00e7\u00fcn sirr deyil ki, bu g\u00fcn regionda v\u0259 x\u00fcsusil\u0259 Erm\u0259nistan il\u0259 Az\u0259rbaycan aras\u0131nda q\u00fcvv\u0259l\u0259r nisb\u0259ti k\u0259skin d\u0259yi\u015filib. Az\u0259rbaycan h\u0259r bir sah\u0259d\u0259 b\u00f6y\u00fck \u00fcst\u00fcnl\u00fcy\u0259 nail olub v\u0259 bu \u00fcst\u00fcnl\u00fcy\u00fc \u0259ld\u0259n verm\u0259y\u0259c\u0259k. Erm\u0259nistan il\u0259 Az\u0259rbaycan aras\u0131nda b\u00fct\u00fcn sah\u0259l\u0259rd\u0259 f\u0259rq daha da b\u00f6y\u00fcy\u0259c\u0259k. \u00c7\u00fcnki biz inki\u015faf yolu il\u0259 gedirik. Bizim g\u0259l\u0259c\u0259y\u0259 \u00e7ox d\u0259qiq v\u0259 ayd\u0131n bax\u0131\u015flar\u0131m\u0131z, proqramlar\u0131m\u0131z var. Erm\u0259nistan is\u0259 xarici ian\u0259, d\u0259st\u0259k olmasa ya\u015faya bilm\u0259z. Bunu art\u0131q onlar\u0131n iqtisadi v\u0259ziyy\u0259ti g\u00f6st\u0259rir. Bunu aprel hadis\u0259l\u0259ri g\u00f6st\u0259rir. Ona g\u00f6r\u0259 biz g\u00fcc\u00fcm\u00fcz\u00fc bilirik v\u0259 \u00f6z g\u00fcc\u00fcm\u00fcz\u0259 arxalan\u0131r\u0131q. M\u0259n bunu qeyd etmi\u015f\u0259m, o c\u00fcml\u0259d\u0259n h\u0259rbi g\u00fcc\u00fcm\u00fcz\u00fc bilirik v\u0259 aprel ay\u0131nda d\u00f6y\u00fc\u015fl\u0259r zaman\u0131 h\u0259rbi potensial\u0131m\u0131z\u0131n ancaq ki\u00e7ik bir hiss\u0259si n\u00fcmayi\u015f etdirildi.\n<\/p>\n<p>\n  M\u0259n hesab edir\u0259m ki, bu, Erm\u0259nistan r\u0259hb\u0259rliyi \u00fc\u00e7\u00fcn yax\u015f\u0131 bir d\u0259rs oldu. Eyni zamanda, vasit\u0259\u00e7il\u0259r\u0259 d\u0259, d\u00fcnya ictimaiyy\u0259tin\u0259 d\u0259 siqnal oldu ki, bu, dondurulmu\u015f m\u00fcnaqi\u015f\u0259 deyil. \u018fg\u0259r kims\u0259 fikirl\u0259\u015fir ki, biz n\u00f6vb\u0259ti iyirmi il d\u0259 m\u0259nas\u0131z dan\u0131\u015f\u0131qlar aparaca\u011f\u0131q, s\u0259hv edir. Biz m\u0259nas\u0131z dan\u0131\u015f\u0131qlar aparmaq fikrind\u0259 deyilik. \u0130mitasiya namin\u0259 dan\u0131\u015f\u0131qlar aparmayaca\u011f\u0131q. M\u0259nal\u0131, m\u0259zmunlu dan\u0131\u015f\u0131qlar d\u0259rhal, qeyd-\u015f\u0259rtsiz ba\u015flanmal\u0131d\u0131r. \u018fg\u0259r bel\u0259 olarsa, m\u0259s\u0259l\u0259nin s\u00fclh yolu il\u0259 h\u0259lli yax\u0131nla\u015fa bil\u0259r&#8221;.\n<\/p>\n<p>\n  Daha sonra prezidenti g\u0259l\u0259n h\u0259ft\u0259 Rusiyada, Sankt-Peterburq \u015f\u0259h\u0259rind\u0259 g\u00f6r\u00fc\u015f ke\u00e7iril\u0259c\u0259yini bildirib: &#8220;Bizim \u00fcmidl\u0259rimiz var ki, bu m\u0259s\u0259l\u0259 s\u00fclh yolu il\u0259 \u00f6z h\u0259llini tapa bil\u0259r v\u0259 tapmal\u0131d\u0131r. Buna nail olmaq \u00fc\u00e7\u00fcn Erm\u0259nistan \u00f6z i\u015f\u011fal\u00e7\u0131 siyas\u0259tind\u0259n \u0259l \u00e7\u0259km\u0259lidir v\u0259 bizim torpaqlar\u0131m\u0131zdan \u00e7\u0131xmal\u0131d\u0131r.\n<\/p>\n<p>\n  Bir daha qeyd etm\u0259k ist\u0259yir\u0259m ki, Erm\u0259nistan-Az\u0259rbaycan, Da\u011fl\u0131q Qaraba\u011f m\u0259s\u0259l\u0259si il\u0259 ba\u011fl\u0131 Az\u0259rbaycan c\u0259miyy\u0259tind\u0259 fikir birliyi var. Aprel hadis\u0259l\u0259ri xalq\u0131m\u0131z\u0131 daha da birl\u0259\u015fdirdi. Az\u0259rbaycan xalq\u0131 d\u00f6vl\u0259t\u0259, ordumuza \u00e7ox b\u00f6y\u00fck d\u0259st\u0259k g\u00f6st\u0259rdi. Bu, xalq\u0131m\u0131z\u0131n m\u0259tinliyini, s\u0259viyy\u0259sini g\u00f6st\u0259rir&#8221;.<\/p>\n","protected":false},"excerpt":{"rendered":"<p>&#8221;Bizim \u00fcmidl\u0259rimiz var ki, bu m\u0259s\u0259l\u0259 s\u00fclh yolu il\u0259 \u00f6z h\u0259llini tapa bil\u0259r v\u0259 tapmal\u0131d\u0131r&#8221;<\/p>\n","protected":false},"author":11,"featured_media":60992,"comment_status":"closed","ping_status":"open","sticky":false,"template":"","format":"standard","meta":{"_acf_changed":false,"_sitemap_exclude":false,"_sitemap_priority":"","_sitemap_frequency":"","footnotes":""},"categories":[51],"tags":[],"class_list":["post-176827","post","type-post","status-publish","format-standard","has-post-thumbnail","hentry","category-analitika","infinite-scroll-item","generate-columns","tablet-grid-50","mobile-grid-100","grid-parent","grid-33","no-featured-image-padding"],"acf":[],"yoast_head":"<!-- This site is optimized with the Yoast SEO plugin v27.5 - https:\/\/yoast.com\/product\/yoast-seo-wordpress\/ -->\n<title>\u0130lham \u018fliyev: Kims\u0259 fikirl\u0259\u015fir ki, n\u00f6vb\u0259ti 20 il d\u0259 m\u0259nas\u0131z dan\u0131\u015f\u0131qlar aparaca\u011f\u0131q, s\u0259hv edir - MEYDAN.TV<\/title>\n<meta name=\"robots\" content=\"index, follow, max-snippet:-1, max-image-preview:large, max-video-preview:-1\" \/>\n<link rel=\"canonical\" href=\"https:\/\/www.meydan.tv\/az\/article\/ilham-eliyev-kimse-fikirlesir-ki-novbeti-20-il-de-menasiz-danisiqlar-aparacagiq-sehv-edir\/\" \/>\n<meta property=\"og:locale\" content=\"az_AZ\" \/>\n<meta property=\"og:type\" content=\"article\" \/>\n<meta property=\"og:title\" content=\"\u0130lham \u018fliyev: Kims\u0259 fikirl\u0259\u015fir ki, n\u00f6vb\u0259ti 20 il d\u0259 m\u0259nas\u0131z dan\u0131\u015f\u0131qlar aparaca\u011f\u0131q, s\u0259hv edir - MEYDAN.TV\" \/>\n<meta property=\"og:description\" content=\"&#039;&#039;Bizim \u00fcmidl\u0259rimiz var ki, bu m\u0259s\u0259l\u0259 s\u00fclh yolu il\u0259 \u00f6z h\u0259llini tapa bil\u0259r v\u0259 tapmal\u0131d\u0131r&#039;&#039;\" \/>\n<meta property=\"og:url\" content=\"https:\/\/www.meydan.tv\/az\/article\/ilham-eliyev-kimse-fikirlesir-ki-novbeti-20-il-de-menasiz-danisiqlar-aparacagiq-sehv-edir\/\" \/>\n<meta property=\"og:site_name\" content=\"MEYDAN.TV\" \/>\n<meta property=\"article:published_time\" content=\"2016-06-19T15:35:58+00:00\" \/>\n<meta property=\"og:image\" content=\"https:\/\/www.meydan.tv\/wp-content\/uploads\/23190.jpg\" \/>\n\t<meta property=\"og:image:width\" content=\"983\" \/>\n\t<meta property=\"og:image:height\" content=\"669\" \/>\n\t<meta property=\"og:image:type\" content=\"image\/jpeg\" \/>\n<meta name=\"author\" content=\"user-manager\" \/>\n<meta name=\"twitter:card\" content=\"summary_large_image\" \/>\n<script type=\"application\/ld+json\" class=\"yoast-schema-graph\">{\"@context\":\"https:\\\/\\\/schema.org\",\"@graph\":[{\"@type\":\"Article\",\"@id\":\"https:\\\/\\\/www.meydan.tv\\\/az\\\/article\\\/ilham-eliyev-kimse-fikirlesir-ki-novbeti-20-il-de-menasiz-danisiqlar-aparacagiq-sehv-edir\\\/#article\",\"isPartOf\":{\"@id\":\"https:\\\/\\\/www.meydan.tv\\\/az\\\/article\\\/ilham-eliyev-kimse-fikirlesir-ki-novbeti-20-il-de-menasiz-danisiqlar-aparacagiq-sehv-edir\\\/\"},\"author\":{\"name\":\"user-manager\",\"@id\":\"https:\\\/\\\/www.meydan.tv\\\/az\\\/#\\\/schema\\\/person\\\/10d11eccf6da3662cf5fdab9806ea91a\"},\"headline\":\"\u0130lham \u018fliyev: Kims\u0259 fikirl\u0259\u015fir ki, n\u00f6vb\u0259ti 20 il d\u0259 m\u0259nas\u0131z dan\u0131\u015f\u0131qlar aparaca\u011f\u0131q, s\u0259hv edir\",\"datePublished\":\"2016-06-19T15:35:58+00:00\",\"mainEntityOfPage\":{\"@id\":\"https:\\\/\\\/www.meydan.tv\\\/az\\\/article\\\/ilham-eliyev-kimse-fikirlesir-ki-novbeti-20-il-de-menasiz-danisiqlar-aparacagiq-sehv-edir\\\/\"},\"wordCount\":944,\"publisher\":{\"@id\":\"https:\\\/\\\/www.meydan.tv\\\/az\\\/#organization\"},\"image\":{\"@id\":\"https:\\\/\\\/www.meydan.tv\\\/az\\\/article\\\/ilham-eliyev-kimse-fikirlesir-ki-novbeti-20-il-de-menasiz-danisiqlar-aparacagiq-sehv-edir\\\/#primaryimage\"},\"thumbnailUrl\":\"https:\\\/\\\/www.meydan.tv\\\/wp-content\\\/uploads\\\/23190.jpg\",\"articleSection\":[\"Analitika\"],\"inLanguage\":\"az\"},{\"@type\":\"WebPage\",\"@id\":\"https:\\\/\\\/www.meydan.tv\\\/az\\\/article\\\/ilham-eliyev-kimse-fikirlesir-ki-novbeti-20-il-de-menasiz-danisiqlar-aparacagiq-sehv-edir\\\/\",\"url\":\"https:\\\/\\\/www.meydan.tv\\\/az\\\/article\\\/ilham-eliyev-kimse-fikirlesir-ki-novbeti-20-il-de-menasiz-danisiqlar-aparacagiq-sehv-edir\\\/\",\"name\":\"\u0130lham \u018fliyev: Kims\u0259 fikirl\u0259\u015fir ki, n\u00f6vb\u0259ti 20 il d\u0259 m\u0259nas\u0131z dan\u0131\u015f\u0131qlar aparaca\u011f\u0131q, s\u0259hv edir - MEYDAN.TV\",\"isPartOf\":{\"@id\":\"https:\\\/\\\/www.meydan.tv\\\/az\\\/#website\"},\"primaryImageOfPage\":{\"@id\":\"https:\\\/\\\/www.meydan.tv\\\/az\\\/article\\\/ilham-eliyev-kimse-fikirlesir-ki-novbeti-20-il-de-menasiz-danisiqlar-aparacagiq-sehv-edir\\\/#primaryimage\"},\"image\":{\"@id\":\"https:\\\/\\\/www.meydan.tv\\\/az\\\/article\\\/ilham-eliyev-kimse-fikirlesir-ki-novbeti-20-il-de-menasiz-danisiqlar-aparacagiq-sehv-edir\\\/#primaryimage\"},\"thumbnailUrl\":\"https:\\\/\\\/www.meydan.tv\\\/wp-content\\\/uploads\\\/23190.jpg\",\"datePublished\":\"2016-06-19T15:35:58+00:00\",\"breadcrumb\":{\"@id\":\"https:\\\/\\\/www.meydan.tv\\\/az\\\/article\\\/ilham-eliyev-kimse-fikirlesir-ki-novbeti-20-il-de-menasiz-danisiqlar-aparacagiq-sehv-edir\\\/#breadcrumb\"},\"inLanguage\":\"az\",\"potentialAction\":[{\"@type\":\"ReadAction\",\"target\":[\"https:\\\/\\\/www.meydan.tv\\\/az\\\/article\\\/ilham-eliyev-kimse-fikirlesir-ki-novbeti-20-il-de-menasiz-danisiqlar-aparacagiq-sehv-edir\\\/\"]}]},{\"@type\":\"ImageObject\",\"inLanguage\":\"az\",\"@id\":\"https:\\\/\\\/www.meydan.tv\\\/az\\\/article\\\/ilham-eliyev-kimse-fikirlesir-ki-novbeti-20-il-de-menasiz-danisiqlar-aparacagiq-sehv-edir\\\/#primaryimage\",\"url\":\"https:\\\/\\\/www.meydan.tv\\\/wp-content\\\/uploads\\\/23190.jpg\",\"contentUrl\":\"https:\\\/\\\/www.meydan.tv\\\/wp-content\\\/uploads\\\/23190.jpg\",\"width\":983,\"height\":669,\"caption\":\"Source:\"},{\"@type\":\"BreadcrumbList\",\"@id\":\"https:\\\/\\\/www.meydan.tv\\\/az\\\/article\\\/ilham-eliyev-kimse-fikirlesir-ki-novbeti-20-il-de-menasiz-danisiqlar-aparacagiq-sehv-edir\\\/#breadcrumb\",\"itemListElement\":[{\"@type\":\"ListItem\",\"position\":1,\"name\":\"Ana s\u0259hif\u0259\",\"item\":\"https:\\\/\\\/www.meydan.tv\\\/az\\\/\"},{\"@type\":\"ListItem\",\"position\":2,\"name\":\"Analitika\",\"item\":\"https:\\\/\\\/www.meydan.tv\\\/az\\\/section\\\/analitika\\\/\"},{\"@type\":\"ListItem\",\"position\":3,\"name\":\"\u0130lham \u018fliyev: Kims\u0259 fikirl\u0259\u015fir ki, n\u00f6vb\u0259ti 20 il d\u0259 m\u0259nas\u0131z dan\u0131\u015f\u0131qlar aparaca\u011f\u0131q, s\u0259hv edir\"}]},{\"@type\":\"WebSite\",\"@id\":\"https:\\\/\\\/www.meydan.tv\\\/az\\\/#website\",\"url\":\"https:\\\/\\\/www.meydan.tv\\\/az\\\/\",\"name\":\"MEYDAN.TV\",\"description\":\"Meydan TV Az\u0259rbaycan\u0131n media m\u0259kan\u0131ndak\u0131 alternativ s\u0259sidir\",\"publisher\":{\"@id\":\"https:\\\/\\\/www.meydan.tv\\\/az\\\/#organization\"},\"potentialAction\":[{\"@type\":\"SearchAction\",\"target\":{\"@type\":\"EntryPoint\",\"urlTemplate\":\"https:\\\/\\\/www.meydan.tv\\\/az\\\/?s={search_term_string}\"},\"query-input\":{\"@type\":\"PropertyValueSpecification\",\"valueRequired\":true,\"valueName\":\"search_term_string\"}}],\"inLanguage\":\"az\"},{\"@type\":\"Organization\",\"@id\":\"https:\\\/\\\/www.meydan.tv\\\/az\\\/#organization\",\"name\":\"Meydan TV\",\"url\":\"https:\\\/\\\/www.meydan.tv\\\/az\\\/\",\"logo\":{\"@type\":\"ImageObject\",\"inLanguage\":\"az\",\"@id\":\"https:\\\/\\\/www.meydan.tv\\\/az\\\/#\\\/schema\\\/logo\\\/image\\\/\",\"url\":\"https:\\\/\\\/www.meydan.tv\\\/wp-content\\\/uploads\\\/2021\\\/07\\\/meydan-logo.svg\",\"contentUrl\":\"https:\\\/\\\/www.meydan.tv\\\/wp-content\\\/uploads\\\/2021\\\/07\\\/meydan-logo.svg\",\"width\":195,\"height\":46,\"caption\":\"Meydan TV\"},\"image\":{\"@id\":\"https:\\\/\\\/www.meydan.tv\\\/az\\\/#\\\/schema\\\/logo\\\/image\\\/\"}},{\"@type\":\"Person\",\"@id\":\"https:\\\/\\\/www.meydan.tv\\\/az\\\/#\\\/schema\\\/person\\\/10d11eccf6da3662cf5fdab9806ea91a\",\"name\":\"user-manager\"}]}<\/script>\n<!-- \/ Yoast SEO plugin. -->","yoast_head_json":{"title":"\u0130lham \u018fliyev: Kims\u0259 fikirl\u0259\u015fir ki, n\u00f6vb\u0259ti 20 il d\u0259 m\u0259nas\u0131z dan\u0131\u015f\u0131qlar aparaca\u011f\u0131q, s\u0259hv edir - MEYDAN.TV","robots":{"index":"index","follow":"follow","max-snippet":"max-snippet:-1","max-image-preview":"max-image-preview:large","max-video-preview":"max-video-preview:-1"},"canonical":"https:\/\/www.meydan.tv\/az\/article\/ilham-eliyev-kimse-fikirlesir-ki-novbeti-20-il-de-menasiz-danisiqlar-aparacagiq-sehv-edir\/","og_locale":"az_AZ","og_type":"article","og_title":"\u0130lham \u018fliyev: Kims\u0259 fikirl\u0259\u015fir ki, n\u00f6vb\u0259ti 20 il d\u0259 m\u0259nas\u0131z dan\u0131\u015f\u0131qlar aparaca\u011f\u0131q, s\u0259hv edir - MEYDAN.TV","og_description":"''Bizim \u00fcmidl\u0259rimiz var ki, bu m\u0259s\u0259l\u0259 s\u00fclh yolu il\u0259 \u00f6z h\u0259llini tapa bil\u0259r v\u0259 tapmal\u0131d\u0131r''","og_url":"https:\/\/www.meydan.tv\/az\/article\/ilham-eliyev-kimse-fikirlesir-ki-novbeti-20-il-de-menasiz-danisiqlar-aparacagiq-sehv-edir\/","og_site_name":"MEYDAN.TV","article_published_time":"2016-06-19T15:35:58+00:00","og_image":[{"width":983,"height":669,"url":"https:\/\/www.meydan.tv\/wp-content\/uploads\/23190.jpg","type":"image\/jpeg"}],"author":"user-manager","twitter_card":"summary_large_image","schema":{"@context":"https:\/\/schema.org","@graph":[{"@type":"Article","@id":"https:\/\/www.meydan.tv\/az\/article\/ilham-eliyev-kimse-fikirlesir-ki-novbeti-20-il-de-menasiz-danisiqlar-aparacagiq-sehv-edir\/#article","isPartOf":{"@id":"https:\/\/www.meydan.tv\/az\/article\/ilham-eliyev-kimse-fikirlesir-ki-novbeti-20-il-de-menasiz-danisiqlar-aparacagiq-sehv-edir\/"},"author":{"name":"user-manager","@id":"https:\/\/www.meydan.tv\/az\/#\/schema\/person\/10d11eccf6da3662cf5fdab9806ea91a"},"headline":"\u0130lham \u018fliyev: Kims\u0259 fikirl\u0259\u015fir ki, n\u00f6vb\u0259ti 20 il d\u0259 m\u0259nas\u0131z dan\u0131\u015f\u0131qlar aparaca\u011f\u0131q, s\u0259hv edir","datePublished":"2016-06-19T15:35:58+00:00","mainEntityOfPage":{"@id":"https:\/\/www.meydan.tv\/az\/article\/ilham-eliyev-kimse-fikirlesir-ki-novbeti-20-il-de-menasiz-danisiqlar-aparacagiq-sehv-edir\/"},"wordCount":944,"publisher":{"@id":"https:\/\/www.meydan.tv\/az\/#organization"},"image":{"@id":"https:\/\/www.meydan.tv\/az\/article\/ilham-eliyev-kimse-fikirlesir-ki-novbeti-20-il-de-menasiz-danisiqlar-aparacagiq-sehv-edir\/#primaryimage"},"thumbnailUrl":"https:\/\/www.meydan.tv\/wp-content\/uploads\/23190.jpg","articleSection":["Analitika"],"inLanguage":"az"},{"@type":"WebPage","@id":"https:\/\/www.meydan.tv\/az\/article\/ilham-eliyev-kimse-fikirlesir-ki-novbeti-20-il-de-menasiz-danisiqlar-aparacagiq-sehv-edir\/","url":"https:\/\/www.meydan.tv\/az\/article\/ilham-eliyev-kimse-fikirlesir-ki-novbeti-20-il-de-menasiz-danisiqlar-aparacagiq-sehv-edir\/","name":"\u0130lham \u018fliyev: Kims\u0259 fikirl\u0259\u015fir ki, n\u00f6vb\u0259ti 20 il d\u0259 m\u0259nas\u0131z dan\u0131\u015f\u0131qlar aparaca\u011f\u0131q, s\u0259hv edir - MEYDAN.TV","isPartOf":{"@id":"https:\/\/www.meydan.tv\/az\/#website"},"primaryImageOfPage":{"@id":"https:\/\/www.meydan.tv\/az\/article\/ilham-eliyev-kimse-fikirlesir-ki-novbeti-20-il-de-menasiz-danisiqlar-aparacagiq-sehv-edir\/#primaryimage"},"image":{"@id":"https:\/\/www.meydan.tv\/az\/article\/ilham-eliyev-kimse-fikirlesir-ki-novbeti-20-il-de-menasiz-danisiqlar-aparacagiq-sehv-edir\/#primaryimage"},"thumbnailUrl":"https:\/\/www.meydan.tv\/wp-content\/uploads\/23190.jpg","datePublished":"2016-06-19T15:35:58+00:00","breadcrumb":{"@id":"https:\/\/www.meydan.tv\/az\/article\/ilham-eliyev-kimse-fikirlesir-ki-novbeti-20-il-de-menasiz-danisiqlar-aparacagiq-sehv-edir\/#breadcrumb"},"inLanguage":"az","potentialAction":[{"@type":"ReadAction","target":["https:\/\/www.meydan.tv\/az\/article\/ilham-eliyev-kimse-fikirlesir-ki-novbeti-20-il-de-menasiz-danisiqlar-aparacagiq-sehv-edir\/"]}]},{"@type":"ImageObject","inLanguage":"az","@id":"https:\/\/www.meydan.tv\/az\/article\/ilham-eliyev-kimse-fikirlesir-ki-novbeti-20-il-de-menasiz-danisiqlar-aparacagiq-sehv-edir\/#primaryimage","url":"https:\/\/www.meydan.tv\/wp-content\/uploads\/23190.jpg","contentUrl":"https:\/\/www.meydan.tv\/wp-content\/uploads\/23190.jpg","width":983,"height":669,"caption":"Source:"},{"@type":"BreadcrumbList","@id":"https:\/\/www.meydan.tv\/az\/article\/ilham-eliyev-kimse-fikirlesir-ki-novbeti-20-il-de-menasiz-danisiqlar-aparacagiq-sehv-edir\/#breadcrumb","itemListElement":[{"@type":"ListItem","position":1,"name":"Ana s\u0259hif\u0259","item":"https:\/\/www.meydan.tv\/az\/"},{"@type":"ListItem","position":2,"name":"Analitika","item":"https:\/\/www.meydan.tv\/az\/section\/analitika\/"},{"@type":"ListItem","position":3,"name":"\u0130lham \u018fliyev: Kims\u0259 fikirl\u0259\u015fir ki, n\u00f6vb\u0259ti 20 il d\u0259 m\u0259nas\u0131z dan\u0131\u015f\u0131qlar aparaca\u011f\u0131q, s\u0259hv edir"}]},{"@type":"WebSite","@id":"https:\/\/www.meydan.tv\/az\/#website","url":"https:\/\/www.meydan.tv\/az\/","name":"MEYDAN.TV","description":"Meydan TV Az\u0259rbaycan\u0131n media m\u0259kan\u0131ndak\u0131 alternativ s\u0259sidir","publisher":{"@id":"https:\/\/www.meydan.tv\/az\/#organization"},"potentialAction":[{"@type":"SearchAction","target":{"@type":"EntryPoint","urlTemplate":"https:\/\/www.meydan.tv\/az\/?s={search_term_string}"},"query-input":{"@type":"PropertyValueSpecification","valueRequired":true,"valueName":"search_term_string"}}],"inLanguage":"az"},{"@type":"Organization","@id":"https:\/\/www.meydan.tv\/az\/#organization","name":"Meydan TV","url":"https:\/\/www.meydan.tv\/az\/","logo":{"@type":"ImageObject","inLanguage":"az","@id":"https:\/\/www.meydan.tv\/az\/#\/schema\/logo\/image\/","url":"https:\/\/www.meydan.tv\/wp-content\/uploads\/2021\/07\/meydan-logo.svg","contentUrl":"https:\/\/www.meydan.tv\/wp-content\/uploads\/2021\/07\/meydan-logo.svg","width":195,"height":46,"caption":"Meydan TV"},"image":{"@id":"https:\/\/www.meydan.tv\/az\/#\/schema\/logo\/image\/"}},{"@type":"Person","@id":"https:\/\/www.meydan.tv\/az\/#\/schema\/person\/10d11eccf6da3662cf5fdab9806ea91a","name":"user-manager"}]}},"_links":{"self":[{"href":"https:\/\/www.meydan.tv\/az\/wp-json\/wp\/v2\/posts\/176827","targetHints":{"allow":["GET"]}}],"collection":[{"href":"https:\/\/www.meydan.tv\/az\/wp-json\/wp\/v2\/posts"}],"about":[{"href":"https:\/\/www.meydan.tv\/az\/wp-json\/wp\/v2\/types\/post"}],"author":[{"embeddable":true,"href":"https:\/\/www.meydan.tv\/az\/wp-json\/wp\/v2\/users\/11"}],"replies":[{"embeddable":true,"href":"https:\/\/www.meydan.tv\/az\/wp-json\/wp\/v2\/comments?post=176827"}],"version-history":[{"count":0,"href":"https:\/\/www.meydan.tv\/az\/wp-json\/wp\/v2\/posts\/176827\/revisions"}],"wp:featuredmedia":[{"embeddable":true,"href":"https:\/\/www.meydan.tv\/az\/wp-json\/wp\/v2\/media\/60992"}],"wp:attachment":[{"href":"https:\/\/www.meydan.tv\/az\/wp-json\/wp\/v2\/media?parent=176827"}],"wp:term":[{"taxonomy":"category","embeddable":true,"href":"https:\/\/www.meydan.tv\/az\/wp-json\/wp\/v2\/categories?post=176827"},{"taxonomy":"post_tag","embeddable":true,"href":"https:\/\/www.meydan.tv\/az\/wp-json\/wp\/v2\/tags?post=176827"}],"curies":[{"name":"wp","href":"https:\/\/api.w.org\/{rel}","templated":true}]}}