{"id":176763,"date":"2016-06-16T17:56:23","date_gmt":"2016-06-16T17:56:23","guid":{"rendered":"https:\/\/www.meydan.tv\/article\/sefir-qarabag-munaqisesi-felestin-meselesine-benzemir\/"},"modified":"2016-06-16T17:56:23","modified_gmt":"2016-06-16T17:56:23","slug":"sefir-qarabag-munaqisesi-felestin-meselesine-benzemir","status":"publish","type":"post","link":"https:\/\/www.meydan.tv\/az\/article\/sefir-qarabag-munaqisesi-felestin-meselesine-benzemir\/","title":{"rendered":"S\u0259fir: &#8221;Qaraba\u011f m\u00fcnaqi\u015f\u0259si F\u0259l\u0259stin m\u0259s\u0259l\u0259sin\u0259 b\u0259nz\u0259mir&#8221;"},"content":{"rendered":"<figure class=\"wp-block-image size-large\">\n  <img decoding=\"async\" src=\"https:\/\/www.meydan.tv\/az\/mohsun-pakayin\/\" alt=\"M\u00f6hs\u00fcn Pakayin\" class=\"wp-image-60769\"\/><figcaption>\n    M\u00f6hs\u00fcn Pakayin<br \/>\n  <\/figcaption><\/figure>\n<p>\n  <i><br \/>\n    &#8221;\u0130srail rejiminin orada t\u00f6r\u0259tdiyi q\u0131r\u011f\u0131nlar v\u0259 insanlara veril\u0259n z\u00fcl\u00fcml\u0259r Qaraba\u011fda ba\u015f ver\u0259n hadis\u0259l\u0259rl\u0259 m\u00fcqayis\u0259 olunmaz d\u0259r\u0259c\u0259d\u0259dir&#8221;<br \/>\n  <\/i>\n<\/p>\n<p>\n  &#8220;Az\u0259rbaycan parlamentinin son iclas\u0131nda parlamentaril\u0259r \u00fcmumilikd\u0259 \u0130ran-Az\u0259rbaycan m\u00fcnasib\u0259tin\u0259 m\u00fcsb\u0259t yana\u015f\u0131blar. Yaln\u0131z \u00fc\u00e7 deputat t\u0259nqidi dan\u0131\u015f\u0131b. Amma biz bunlar\u0131 n\u0259z\u0259r\u0259 alaraq, parlamenti \u0130ran-Az\u0259rbaycan m\u00fcnasib\u0259tl\u0259rin\u0259 x\u0259l\u0259l g\u0259tir\u0259c\u0259k qurum kimi t\u0259qdim etm\u0259m\u0259liyik&#8221;.<\/p>\n<p>  APA-n\u0131n m\u0259lumat\u0131na g\u00f6r\u0259, bunu \u0130ran\u0131n Az\u0259rbaycandak\u0131 s\u0259firi M\u00f6hs\u00fcn Pakayin Erm\u0259nistanla viza rejimini l\u0259\u011fv etdiyin\u0259, el\u0259c\u0259 d\u0259 m\u00fcnasib\u0259tl\u0259rin d\u0259rinl\u0259\u015fm\u0259sin\u0259 y\u00f6n\u0259lik add\u0131mlar atd\u0131\u011f\u0131 \u00fc\u00e7\u00fcn Milli M\u0259clisin son iclas\u0131nda deputatlar\u0131n \u0130ran\u0131n \u00fcnvan\u0131na s\u0259sl\u0259ndirdikl\u0259ri fikirl\u0259r\u0259 m\u00fcnasib\u0259t bildir\u0259rk\u0259n deyib.<\/p>\n<p>  S\u0259fir bildirib ki, Az\u0259rbaycan Milli M\u0259clisi iki \u00f6lk\u0259 m\u00fcnasib\u0259tl\u0259rin\u0259 \u00fcmumilikd\u0259 m\u00fcsb\u0259t yana\u015f\u0131b.<\/p>\n<p>  &#8220;Parlamentd\u0259 \u0130ranla imzalanm\u0131\u015f s\u0259n\u0259dl\u0259rin t\u0259sdiq olunmas\u0131 da m\u00fcnasib\u0259tl\u0259r\u0259 m\u00fcsb\u0259t yana\u015fman\u0131n oldu\u011funu g\u00f6st\u0259rir&#8221;, &#8211; dey\u0259 o qeyd edib.<\/p>\n<p>  Diplomat \u0130ran\u0131n Qaraba\u011f m\u00fcnaqi\u015f\u0259si il\u0259 ba\u011fl\u0131 ikili m\u00f6vqe n\u00fcmayi\u015f etdirdiyini d\u00fc\u015f\u00fcnm\u0259diyini vur\u011fulay\u0131b: &#8220;Bizim uzun ill\u0259r \u0259rzind\u0259 m\u00fcnaqi\u015f\u0259 il\u0259 ba\u011fl\u0131 m\u00f6vqeyimiz eyni olub. Biz beyn\u0259lxalq t\u0259\u015fkilatlarda daim Az\u0259rbaycan\u0131n yan\u0131nda olmu\u015fuq. \u0130ran\u0131n prinsipial m\u00f6vqeyi ondan ibar\u0259tdir ki, b\u00fct\u00fcn \u00f6lk\u0259l\u0259rin, o c\u00fcml\u0259d\u0259n Az\u0259rbaycan\u0131n \u0259razi b\u00fct\u00f6vl\u00fcy\u00fcn\u00fc, m\u00fcnaqi\u015f\u0259nin s\u00fclh yolu il\u0259 h\u0259llini d\u0259st\u0259kl\u0259yirik, regionda m\u00fcharib\u0259nin yenid\u0259n alovlanmas\u0131n\u0131 ist\u0259mirik. \u00c7\u00fcnki bu, regionun da xeyrin\u0259 deyil. \u0130srail rejimi is\u0259 F\u0259l\u0259stin torpaqlar\u0131n\u0131 i\u015f\u011fal edib, oradak\u0131 \u0259haliy\u0259 i\u015fg\u0259nc\u0259l\u0259r verir, z\u00fclm\u0259 m\u0259ruz qoyur. F\u0259l\u0259stin v\u0259 Qaraba\u011f m\u0259s\u0259l\u0259si tamamil\u0259 f\u0259rqlidir. Biz d\u00fc\u015f\u00fcn\u00fcr\u00fck ki, \u0130srail rejimi saxta rejimdir v\u0259 b\u00fct\u00fcn d\u00fcnya \u00fc\u00e7\u00fcn t\u0259hl\u00fck\u0259dir. Bu s\u0259b\u0259bd\u0259n d\u0259 bu rejim d\u0259yi\u015fm\u0259li, F\u0259l\u0259stin xalq\u0131 \u00f6z torpaqlar\u0131na sahib olmal\u0131d\u0131r. Bu g\u00fcn Q\u0259zza \u0259halisi blokada \u015f\u0259raitind\u0259dir. \u0130srail rejimi onlara qida v\u0259 d\u0259rmanlar\u0131n \u00e7atd\u0131r\u0131lmas\u0131na mane olur. El\u0259c\u0259 d\u0259 \u0130ordaniya \u00e7ay\u0131n\u0131n q\u0259rb sahill\u0259rind\u0259 \u0259hali \u0130srailin t\u0259zyiql\u0259ri il\u0259 \u00fcz-\u00fcz\u0259 qal\u0131b. M\u0259n hesab edir\u0259m ki, bu iki m\u00fcnaqi\u015f\u0259sini m\u00fcqayis\u0259 etm\u0259k d\u00fczg\u00fcn deyil. Biz d\u00fcnyan\u0131n ist\u0259nil\u0259n yerind\u0259 m\u00fcs\u0259lman qad\u0131n v\u0259 u\u015faqlar\u0131n \u00f6ld\u00fcr\u00fclm\u0259sin\u0259 g\u00f6r\u0259 narahat oluruq, bunun qar\u015f\u0131s\u0131n\u0131 almaq \u00fc\u00e7\u00fcn c\u0259hdl\u0259r edirik.<\/p>\n<p>  Bir daha qeyd edim ki, Qaraba\u011f m\u00fcnaqi\u015f\u0259si F\u0259l\u0259stin m\u00fcnaqi\u015f\u0259sin\u0259 b\u0259nz\u0259mir. \u0130srail rejiminin orada t\u00f6r\u0259tdiyi q\u0131r\u011f\u0131nlar v\u0259 insanlara veril\u0259n z\u00fcl\u00fcml\u0259r Qaraba\u011fda ba\u015f ver\u0259n hadis\u0259l\u0259rl\u0259 m\u00fcqayis\u0259 olunmaz d\u0259r\u0259c\u0259d\u0259dir. Ba\u015fqa m\u0259s\u0259l\u0259 ondan ibar\u0259tdir ki, Qaraba\u011f m\u00fcnaqi\u015f\u0259sinin h\u0259lli \u00fc\u00e7\u00fcn \u00f6lk\u0259 r\u0259hb\u0259rl\u0259ri dan\u0131\u015f\u0131qlar apar\u0131rlar v\u0259 biz \u00fcmid edirik ki, bu dan\u0131\u015f\u0131qlar b\u0259hr\u0259 ver\u0259c\u0259k. F\u0259l\u0259stin m\u0259s\u0259l\u0259sinin is\u0259 s\u00fclh yolu il\u0259 h\u0259ll olunaca\u011f\u0131n\u0131 g\u00f6rm\u00fcr\u00fck v\u0259 buna inanm\u0131r\u0131q&#8221;.<\/p>\n","protected":false},"excerpt":{"rendered":"<p>&#8221;\u0130srail rejiminin orada t\u00f6r\u0259tdiyi q\u0131r\u011f\u0131nlar v\u0259 insanlara veril\u0259n z\u00fcl\u00fcml\u0259r Qaraba\u011fda ba\u015f ver\u0259n hadis\u0259l\u0259rl\u0259 m\u00fcqayis\u0259 olunmaz d\u0259r\u0259c\u0259d\u0259dir&#8221;<\/p>\n","protected":false},"author":11,"featured_media":60769,"comment_status":"closed","ping_status":"open","sticky":false,"template":"","format":"standard","meta":{"_acf_changed":false,"_sitemap_exclude":false,"_sitemap_priority":"","_sitemap_frequency":"","footnotes":""},"categories":[51],"tags":[],"class_list":["post-176763","post","type-post","status-publish","format-standard","has-post-thumbnail","hentry","category-analitika","infinite-scroll-item","generate-columns","tablet-grid-50","mobile-grid-100","grid-parent","grid-33","no-featured-image-padding"],"acf":[],"yoast_head":"<!-- This site is optimized with the Yoast SEO plugin v27.5 - https:\/\/yoast.com\/product\/yoast-seo-wordpress\/ -->\n<title>S\u0259fir: &#039;&#039;Qaraba\u011f m\u00fcnaqi\u015f\u0259si F\u0259l\u0259stin m\u0259s\u0259l\u0259sin\u0259 b\u0259nz\u0259mir&#039;&#039; - MEYDAN.TV<\/title>\n<meta name=\"robots\" content=\"index, follow, max-snippet:-1, max-image-preview:large, max-video-preview:-1\" \/>\n<link rel=\"canonical\" href=\"https:\/\/www.meydan.tv\/az\/article\/sefir-qarabag-munaqisesi-felestin-meselesine-benzemir\/\" \/>\n<meta property=\"og:locale\" content=\"az_AZ\" \/>\n<meta property=\"og:type\" content=\"article\" \/>\n<meta property=\"og:title\" content=\"S\u0259fir: &#039;&#039;Qaraba\u011f m\u00fcnaqi\u015f\u0259si F\u0259l\u0259stin m\u0259s\u0259l\u0259sin\u0259 b\u0259nz\u0259mir&#039;&#039; - MEYDAN.TV\" \/>\n<meta property=\"og:description\" content=\"&#039;&#039;\u0130srail rejiminin orada t\u00f6r\u0259tdiyi q\u0131r\u011f\u0131nlar v\u0259 insanlara veril\u0259n z\u00fcl\u00fcml\u0259r Qaraba\u011fda ba\u015f ver\u0259n hadis\u0259l\u0259rl\u0259 m\u00fcqayis\u0259 olunmaz d\u0259r\u0259c\u0259d\u0259dir&#039;&#039;\" \/>\n<meta property=\"og:url\" content=\"https:\/\/www.meydan.tv\/az\/article\/sefir-qarabag-munaqisesi-felestin-meselesine-benzemir\/\" \/>\n<meta property=\"og:site_name\" content=\"MEYDAN.TV\" \/>\n<meta property=\"article:published_time\" content=\"2016-06-16T17:56:23+00:00\" \/>\n<meta property=\"og:image\" content=\"https:\/\/www.meydan.tv\/wp-content\/uploads\/23098.jpg\" \/>\n\t<meta property=\"og:image:width\" content=\"750\" \/>\n\t<meta property=\"og:image:height\" content=\"500\" \/>\n\t<meta property=\"og:image:type\" content=\"image\/jpeg\" \/>\n<meta name=\"author\" content=\"user-manager\" \/>\n<meta name=\"twitter:card\" content=\"summary_large_image\" \/>\n<script type=\"application\/ld+json\" class=\"yoast-schema-graph\">{\"@context\":\"https:\\\/\\\/schema.org\",\"@graph\":[{\"@type\":\"Article\",\"@id\":\"https:\\\/\\\/www.meydan.tv\\\/az\\\/article\\\/sefir-qarabag-munaqisesi-felestin-meselesine-benzemir\\\/#article\",\"isPartOf\":{\"@id\":\"https:\\\/\\\/www.meydan.tv\\\/az\\\/article\\\/sefir-qarabag-munaqisesi-felestin-meselesine-benzemir\\\/\"},\"author\":{\"name\":\"user-manager\",\"@id\":\"https:\\\/\\\/www.meydan.tv\\\/az\\\/#\\\/schema\\\/person\\\/10d11eccf6da3662cf5fdab9806ea91a\"},\"headline\":\"S\u0259fir: &#8221;Qaraba\u011f m\u00fcnaqi\u015f\u0259si F\u0259l\u0259stin m\u0259s\u0259l\u0259sin\u0259 b\u0259nz\u0259mir&#8221;\",\"datePublished\":\"2016-06-16T17:56:23+00:00\",\"mainEntityOfPage\":{\"@id\":\"https:\\\/\\\/www.meydan.tv\\\/az\\\/article\\\/sefir-qarabag-munaqisesi-felestin-meselesine-benzemir\\\/\"},\"wordCount\":626,\"publisher\":{\"@id\":\"https:\\\/\\\/www.meydan.tv\\\/az\\\/#organization\"},\"image\":{\"@id\":\"https:\\\/\\\/www.meydan.tv\\\/az\\\/article\\\/sefir-qarabag-munaqisesi-felestin-meselesine-benzemir\\\/#primaryimage\"},\"thumbnailUrl\":\"https:\\\/\\\/www.meydan.tv\\\/wp-content\\\/uploads\\\/23098.jpg\",\"articleSection\":[\"Analitika\"],\"inLanguage\":\"az\"},{\"@type\":\"WebPage\",\"@id\":\"https:\\\/\\\/www.meydan.tv\\\/az\\\/article\\\/sefir-qarabag-munaqisesi-felestin-meselesine-benzemir\\\/\",\"url\":\"https:\\\/\\\/www.meydan.tv\\\/az\\\/article\\\/sefir-qarabag-munaqisesi-felestin-meselesine-benzemir\\\/\",\"name\":\"S\u0259fir: ''Qaraba\u011f m\u00fcnaqi\u015f\u0259si F\u0259l\u0259stin m\u0259s\u0259l\u0259sin\u0259 b\u0259nz\u0259mir'' - MEYDAN.TV\",\"isPartOf\":{\"@id\":\"https:\\\/\\\/www.meydan.tv\\\/az\\\/#website\"},\"primaryImageOfPage\":{\"@id\":\"https:\\\/\\\/www.meydan.tv\\\/az\\\/article\\\/sefir-qarabag-munaqisesi-felestin-meselesine-benzemir\\\/#primaryimage\"},\"image\":{\"@id\":\"https:\\\/\\\/www.meydan.tv\\\/az\\\/article\\\/sefir-qarabag-munaqisesi-felestin-meselesine-benzemir\\\/#primaryimage\"},\"thumbnailUrl\":\"https:\\\/\\\/www.meydan.tv\\\/wp-content\\\/uploads\\\/23098.jpg\",\"datePublished\":\"2016-06-16T17:56:23+00:00\",\"breadcrumb\":{\"@id\":\"https:\\\/\\\/www.meydan.tv\\\/az\\\/article\\\/sefir-qarabag-munaqisesi-felestin-meselesine-benzemir\\\/#breadcrumb\"},\"inLanguage\":\"az\",\"potentialAction\":[{\"@type\":\"ReadAction\",\"target\":[\"https:\\\/\\\/www.meydan.tv\\\/az\\\/article\\\/sefir-qarabag-munaqisesi-felestin-meselesine-benzemir\\\/\"]}]},{\"@type\":\"ImageObject\",\"inLanguage\":\"az\",\"@id\":\"https:\\\/\\\/www.meydan.tv\\\/az\\\/article\\\/sefir-qarabag-munaqisesi-felestin-meselesine-benzemir\\\/#primaryimage\",\"url\":\"https:\\\/\\\/www.meydan.tv\\\/wp-content\\\/uploads\\\/23098.jpg\",\"contentUrl\":\"https:\\\/\\\/www.meydan.tv\\\/wp-content\\\/uploads\\\/23098.jpg\",\"width\":750,\"height\":500,\"caption\":\"Source:\"},{\"@type\":\"BreadcrumbList\",\"@id\":\"https:\\\/\\\/www.meydan.tv\\\/az\\\/article\\\/sefir-qarabag-munaqisesi-felestin-meselesine-benzemir\\\/#breadcrumb\",\"itemListElement\":[{\"@type\":\"ListItem\",\"position\":1,\"name\":\"Ana s\u0259hif\u0259\",\"item\":\"https:\\\/\\\/www.meydan.tv\\\/az\\\/\"},{\"@type\":\"ListItem\",\"position\":2,\"name\":\"Analitika\",\"item\":\"https:\\\/\\\/www.meydan.tv\\\/az\\\/section\\\/analitika\\\/\"},{\"@type\":\"ListItem\",\"position\":3,\"name\":\"S\u0259fir: &#8221;Qaraba\u011f m\u00fcnaqi\u015f\u0259si F\u0259l\u0259stin m\u0259s\u0259l\u0259sin\u0259 b\u0259nz\u0259mir&#8221;\"}]},{\"@type\":\"WebSite\",\"@id\":\"https:\\\/\\\/www.meydan.tv\\\/az\\\/#website\",\"url\":\"https:\\\/\\\/www.meydan.tv\\\/az\\\/\",\"name\":\"MEYDAN.TV\",\"description\":\"Meydan TV Az\u0259rbaycan\u0131n media m\u0259kan\u0131ndak\u0131 alternativ s\u0259sidir\",\"publisher\":{\"@id\":\"https:\\\/\\\/www.meydan.tv\\\/az\\\/#organization\"},\"potentialAction\":[{\"@type\":\"SearchAction\",\"target\":{\"@type\":\"EntryPoint\",\"urlTemplate\":\"https:\\\/\\\/www.meydan.tv\\\/az\\\/?s={search_term_string}\"},\"query-input\":{\"@type\":\"PropertyValueSpecification\",\"valueRequired\":true,\"valueName\":\"search_term_string\"}}],\"inLanguage\":\"az\"},{\"@type\":\"Organization\",\"@id\":\"https:\\\/\\\/www.meydan.tv\\\/az\\\/#organization\",\"name\":\"Meydan TV\",\"url\":\"https:\\\/\\\/www.meydan.tv\\\/az\\\/\",\"logo\":{\"@type\":\"ImageObject\",\"inLanguage\":\"az\",\"@id\":\"https:\\\/\\\/www.meydan.tv\\\/az\\\/#\\\/schema\\\/logo\\\/image\\\/\",\"url\":\"https:\\\/\\\/www.meydan.tv\\\/wp-content\\\/uploads\\\/2021\\\/07\\\/meydan-logo.svg\",\"contentUrl\":\"https:\\\/\\\/www.meydan.tv\\\/wp-content\\\/uploads\\\/2021\\\/07\\\/meydan-logo.svg\",\"width\":195,\"height\":46,\"caption\":\"Meydan TV\"},\"image\":{\"@id\":\"https:\\\/\\\/www.meydan.tv\\\/az\\\/#\\\/schema\\\/logo\\\/image\\\/\"}},{\"@type\":\"Person\",\"@id\":\"https:\\\/\\\/www.meydan.tv\\\/az\\\/#\\\/schema\\\/person\\\/10d11eccf6da3662cf5fdab9806ea91a\",\"name\":\"user-manager\"}]}<\/script>\n<!-- \/ Yoast SEO plugin. -->","yoast_head_json":{"title":"S\u0259fir: ''Qaraba\u011f m\u00fcnaqi\u015f\u0259si F\u0259l\u0259stin m\u0259s\u0259l\u0259sin\u0259 b\u0259nz\u0259mir'' - MEYDAN.TV","robots":{"index":"index","follow":"follow","max-snippet":"max-snippet:-1","max-image-preview":"max-image-preview:large","max-video-preview":"max-video-preview:-1"},"canonical":"https:\/\/www.meydan.tv\/az\/article\/sefir-qarabag-munaqisesi-felestin-meselesine-benzemir\/","og_locale":"az_AZ","og_type":"article","og_title":"S\u0259fir: ''Qaraba\u011f m\u00fcnaqi\u015f\u0259si F\u0259l\u0259stin m\u0259s\u0259l\u0259sin\u0259 b\u0259nz\u0259mir'' - MEYDAN.TV","og_description":"''\u0130srail rejiminin orada t\u00f6r\u0259tdiyi q\u0131r\u011f\u0131nlar v\u0259 insanlara veril\u0259n z\u00fcl\u00fcml\u0259r Qaraba\u011fda ba\u015f ver\u0259n hadis\u0259l\u0259rl\u0259 m\u00fcqayis\u0259 olunmaz d\u0259r\u0259c\u0259d\u0259dir''","og_url":"https:\/\/www.meydan.tv\/az\/article\/sefir-qarabag-munaqisesi-felestin-meselesine-benzemir\/","og_site_name":"MEYDAN.TV","article_published_time":"2016-06-16T17:56:23+00:00","og_image":[{"width":750,"height":500,"url":"https:\/\/www.meydan.tv\/wp-content\/uploads\/23098.jpg","type":"image\/jpeg"}],"author":"user-manager","twitter_card":"summary_large_image","schema":{"@context":"https:\/\/schema.org","@graph":[{"@type":"Article","@id":"https:\/\/www.meydan.tv\/az\/article\/sefir-qarabag-munaqisesi-felestin-meselesine-benzemir\/#article","isPartOf":{"@id":"https:\/\/www.meydan.tv\/az\/article\/sefir-qarabag-munaqisesi-felestin-meselesine-benzemir\/"},"author":{"name":"user-manager","@id":"https:\/\/www.meydan.tv\/az\/#\/schema\/person\/10d11eccf6da3662cf5fdab9806ea91a"},"headline":"S\u0259fir: &#8221;Qaraba\u011f m\u00fcnaqi\u015f\u0259si F\u0259l\u0259stin m\u0259s\u0259l\u0259sin\u0259 b\u0259nz\u0259mir&#8221;","datePublished":"2016-06-16T17:56:23+00:00","mainEntityOfPage":{"@id":"https:\/\/www.meydan.tv\/az\/article\/sefir-qarabag-munaqisesi-felestin-meselesine-benzemir\/"},"wordCount":626,"publisher":{"@id":"https:\/\/www.meydan.tv\/az\/#organization"},"image":{"@id":"https:\/\/www.meydan.tv\/az\/article\/sefir-qarabag-munaqisesi-felestin-meselesine-benzemir\/#primaryimage"},"thumbnailUrl":"https:\/\/www.meydan.tv\/wp-content\/uploads\/23098.jpg","articleSection":["Analitika"],"inLanguage":"az"},{"@type":"WebPage","@id":"https:\/\/www.meydan.tv\/az\/article\/sefir-qarabag-munaqisesi-felestin-meselesine-benzemir\/","url":"https:\/\/www.meydan.tv\/az\/article\/sefir-qarabag-munaqisesi-felestin-meselesine-benzemir\/","name":"S\u0259fir: ''Qaraba\u011f m\u00fcnaqi\u015f\u0259si F\u0259l\u0259stin m\u0259s\u0259l\u0259sin\u0259 b\u0259nz\u0259mir'' - MEYDAN.TV","isPartOf":{"@id":"https:\/\/www.meydan.tv\/az\/#website"},"primaryImageOfPage":{"@id":"https:\/\/www.meydan.tv\/az\/article\/sefir-qarabag-munaqisesi-felestin-meselesine-benzemir\/#primaryimage"},"image":{"@id":"https:\/\/www.meydan.tv\/az\/article\/sefir-qarabag-munaqisesi-felestin-meselesine-benzemir\/#primaryimage"},"thumbnailUrl":"https:\/\/www.meydan.tv\/wp-content\/uploads\/23098.jpg","datePublished":"2016-06-16T17:56:23+00:00","breadcrumb":{"@id":"https:\/\/www.meydan.tv\/az\/article\/sefir-qarabag-munaqisesi-felestin-meselesine-benzemir\/#breadcrumb"},"inLanguage":"az","potentialAction":[{"@type":"ReadAction","target":["https:\/\/www.meydan.tv\/az\/article\/sefir-qarabag-munaqisesi-felestin-meselesine-benzemir\/"]}]},{"@type":"ImageObject","inLanguage":"az","@id":"https:\/\/www.meydan.tv\/az\/article\/sefir-qarabag-munaqisesi-felestin-meselesine-benzemir\/#primaryimage","url":"https:\/\/www.meydan.tv\/wp-content\/uploads\/23098.jpg","contentUrl":"https:\/\/www.meydan.tv\/wp-content\/uploads\/23098.jpg","width":750,"height":500,"caption":"Source:"},{"@type":"BreadcrumbList","@id":"https:\/\/www.meydan.tv\/az\/article\/sefir-qarabag-munaqisesi-felestin-meselesine-benzemir\/#breadcrumb","itemListElement":[{"@type":"ListItem","position":1,"name":"Ana s\u0259hif\u0259","item":"https:\/\/www.meydan.tv\/az\/"},{"@type":"ListItem","position":2,"name":"Analitika","item":"https:\/\/www.meydan.tv\/az\/section\/analitika\/"},{"@type":"ListItem","position":3,"name":"S\u0259fir: &#8221;Qaraba\u011f m\u00fcnaqi\u015f\u0259si F\u0259l\u0259stin m\u0259s\u0259l\u0259sin\u0259 b\u0259nz\u0259mir&#8221;"}]},{"@type":"WebSite","@id":"https:\/\/www.meydan.tv\/az\/#website","url":"https:\/\/www.meydan.tv\/az\/","name":"MEYDAN.TV","description":"Meydan TV Az\u0259rbaycan\u0131n media m\u0259kan\u0131ndak\u0131 alternativ s\u0259sidir","publisher":{"@id":"https:\/\/www.meydan.tv\/az\/#organization"},"potentialAction":[{"@type":"SearchAction","target":{"@type":"EntryPoint","urlTemplate":"https:\/\/www.meydan.tv\/az\/?s={search_term_string}"},"query-input":{"@type":"PropertyValueSpecification","valueRequired":true,"valueName":"search_term_string"}}],"inLanguage":"az"},{"@type":"Organization","@id":"https:\/\/www.meydan.tv\/az\/#organization","name":"Meydan TV","url":"https:\/\/www.meydan.tv\/az\/","logo":{"@type":"ImageObject","inLanguage":"az","@id":"https:\/\/www.meydan.tv\/az\/#\/schema\/logo\/image\/","url":"https:\/\/www.meydan.tv\/wp-content\/uploads\/2021\/07\/meydan-logo.svg","contentUrl":"https:\/\/www.meydan.tv\/wp-content\/uploads\/2021\/07\/meydan-logo.svg","width":195,"height":46,"caption":"Meydan TV"},"image":{"@id":"https:\/\/www.meydan.tv\/az\/#\/schema\/logo\/image\/"}},{"@type":"Person","@id":"https:\/\/www.meydan.tv\/az\/#\/schema\/person\/10d11eccf6da3662cf5fdab9806ea91a","name":"user-manager"}]}},"_links":{"self":[{"href":"https:\/\/www.meydan.tv\/az\/wp-json\/wp\/v2\/posts\/176763","targetHints":{"allow":["GET"]}}],"collection":[{"href":"https:\/\/www.meydan.tv\/az\/wp-json\/wp\/v2\/posts"}],"about":[{"href":"https:\/\/www.meydan.tv\/az\/wp-json\/wp\/v2\/types\/post"}],"author":[{"embeddable":true,"href":"https:\/\/www.meydan.tv\/az\/wp-json\/wp\/v2\/users\/11"}],"replies":[{"embeddable":true,"href":"https:\/\/www.meydan.tv\/az\/wp-json\/wp\/v2\/comments?post=176763"}],"version-history":[{"count":0,"href":"https:\/\/www.meydan.tv\/az\/wp-json\/wp\/v2\/posts\/176763\/revisions"}],"wp:featuredmedia":[{"embeddable":true,"href":"https:\/\/www.meydan.tv\/az\/wp-json\/wp\/v2\/media\/60769"}],"wp:attachment":[{"href":"https:\/\/www.meydan.tv\/az\/wp-json\/wp\/v2\/media?parent=176763"}],"wp:term":[{"taxonomy":"category","embeddable":true,"href":"https:\/\/www.meydan.tv\/az\/wp-json\/wp\/v2\/categories?post=176763"},{"taxonomy":"post_tag","embeddable":true,"href":"https:\/\/www.meydan.tv\/az\/wp-json\/wp\/v2\/tags?post=176763"}],"curies":[{"name":"wp","href":"https:\/\/api.w.org\/{rel}","templated":true}]}}