{"id":176755,"date":"2016-06-16T15:42:49","date_gmt":"2016-06-16T15:42:49","guid":{"rendered":"https:\/\/www.meydan.tv\/article\/3803-nefer-esir-ve-girov-kimi-qeydiyyatdadir\/"},"modified":"2016-06-16T15:42:49","modified_gmt":"2016-06-16T15:42:49","slug":"3803-nefer-esir-ve-girov-kimi-qeydiyyatdadir","status":"publish","type":"post","link":"https:\/\/www.meydan.tv\/az\/article\/3803-nefer-esir-ve-girov-kimi-qeydiyyatdadir\/","title":{"rendered":"3803 n\u0259f\u0259r \u0259sir v\u0259 girov kimi qeydiyyatdad\u0131r"},"content":{"rendered":"<figure class=\"wp-block-image size-large\">\n  <img decoding=\"async\" src=\"https:\/\/www.meydan.tv\/az\/60744\/\" alt=\"\" class=\"wp-image-60744\"\/><figcaption><\/figcaption><\/figure>\n<p>\n  <i><br \/>\n    &#8221;H\u0259lak olmu\u015f 19 erm\u0259ni h\u0259rb\u00e7inin meyiti qar\u015f\u0131 t\u0259r\u0259f\u0259 verilib, 13 Az\u0259rbaycan h\u0259rb\u00e7isinin meyiti al\u0131n\u0131b&#8221;<br \/>\n  <\/i>\n<\/p>\n<p>\n  \u201c\u0130\u015f\u011fal\u00e7\u0131 Erm\u0259nistan d\u00f6vl\u0259ti t\u0259r\u0259find\u0259n K\u0259lb\u0259c\u0259r rayonunda \u015eahbaz Quliyev v\u0259 Dilq\u0259m \u018fsg\u0259rov girov g\u00f6t\u00fcr\u00fcl\u00fcb, bir v\u0259t\u0259nda\u015f\u0131m\u0131z is\u0259 q\u0259tl\u0259 yetirilib. H\u0259r iki \u015f\u0259xsin azad edilm\u0259si istiqam\u0259tind\u0259 Komissiya t\u0259r\u0259find\u0259n aidiyy\u0259ti beyn\u0259lxalq t\u0259\u015fkilatlarla i\u015f davam etdirilir\u201d.<\/p>\n<p>  Bu fikirl\u0259ri \u018fsir v\u0259 itkin d\u00fc\u015fm\u00fc\u015f, girov g\u00f6t\u00fcr\u00fclm\u00fc\u015f v\u0259t\u0259nda\u015flarla \u0259laq\u0259dar D\u00f6vl\u0259t Komissiyas\u0131n\u0131n \u0130\u015f\u00e7i Qrupunun r\u0259hb\u0259ri \u0130smay\u0131l Axundov deyib.<\/p>\n<p>  \u0130. Axundov bildirib ki, bu il aprelin 2-5-d\u0259 itkin d\u00fc\u015fm\u00fc\u015f h\u0259rb\u00e7il\u0259rl\u0259 ba\u011fl\u0131 \u0130\u015f\u00e7i Qrupu fasil\u0259siz i\u015f rejimind\u0259 \u00e7al\u0131\u015f\u0131b: \u201cH\u0259lak olmu\u015f 19 erm\u0259ni h\u0259rb\u00e7inin meyiti qar\u015f\u0131 t\u0259r\u0259f\u0259 verilib, 13 Az\u0259rbaycan h\u0259rb\u00e7isinin meyiti al\u0131n\u0131b\u201d.<\/p>\n<p>  Onun s\u00f6zl\u0259rin\u0259 g\u00f6r\u0259, haz\u0131rda \u0130\u015f\u00e7i Qrupu Erm\u0259nistan\u0131n insan haqlar\u0131n\u0131 pozmas\u0131 m\u0259s\u0259l\u0259sini beyn\u0259lxalq t\u0259\u015fkilatlarda g\u00fcnd\u0259liy\u0259 g\u0259tirm\u0259y\u0259 \u00e7al\u0131\u015f\u0131r: \u201cBu m\u0259qs\u0259dl\u0259 GUAM-a da m\u00fcraci\u0259t edilib. G\u00dcAM-da \u0130\u015f\u00e7i Qrupun yarad\u0131lmas\u0131 da n\u0259z\u0259rd\u0259 tutulub. Haz\u0131rda 3803 n\u0259f\u0259r \u0259sir v\u0259 girov kimi Komissiyada qeydiyyatdad\u0131r, onlardan 252 n\u0259f\u0259ri qad\u0131n olmaqla, 709 n\u0259f\u0259ri m\u00fclki \u015f\u0259xsdir. Erm\u0259nistan t\u0259r\u0259fi \u0259sir v\u0259 girovlarla ba\u011fl\u0131 statistikan\u0131 gizl\u0259dir, inkar edir. Bununla bel\u0259, Komissiya \u0259sir v\u0259 girovlar\u0131n azad edilm\u0259si istiqam\u0259tind\u0259 f\u0259aliyy\u0259tini davam etdirir\u201d.<\/p>\n","protected":false},"excerpt":{"rendered":"<p>&#8221;H\u0259lak olmu\u015f 19 erm\u0259ni h\u0259rb\u00e7inin meyiti qar\u015f\u0131 t\u0259r\u0259f\u0259 verilib, 13 Az\u0259rbaycan h\u0259rb\u00e7isinin meyiti al\u0131n\u0131b&#8221;<\/p>\n","protected":false},"author":11,"featured_media":60744,"comment_status":"closed","ping_status":"open","sticky":false,"template":"","format":"standard","meta":{"_acf_changed":false,"_sitemap_exclude":false,"_sitemap_priority":"","_sitemap_frequency":"","footnotes":""},"categories":[51],"tags":[],"class_list":["post-176755","post","type-post","status-publish","format-standard","has-post-thumbnail","hentry","category-analitika","infinite-scroll-item","generate-columns","tablet-grid-50","mobile-grid-100","grid-parent","grid-33","no-featured-image-padding"],"acf":[],"yoast_head":"<!-- This site is optimized with the Yoast SEO plugin v27.5 - https:\/\/yoast.com\/product\/yoast-seo-wordpress\/ -->\n<title>3803 n\u0259f\u0259r \u0259sir v\u0259 girov kimi qeydiyyatdad\u0131r - MEYDAN.TV<\/title>\n<meta name=\"robots\" content=\"index, follow, max-snippet:-1, max-image-preview:large, max-video-preview:-1\" \/>\n<link rel=\"canonical\" href=\"https:\/\/www.meydan.tv\/az\/article\/3803-nefer-esir-ve-girov-kimi-qeydiyyatdadir\/\" \/>\n<meta property=\"og:locale\" content=\"az_AZ\" \/>\n<meta property=\"og:type\" content=\"article\" \/>\n<meta property=\"og:title\" content=\"3803 n\u0259f\u0259r \u0259sir v\u0259 girov kimi qeydiyyatdad\u0131r - MEYDAN.TV\" \/>\n<meta property=\"og:description\" content=\"&#039;&#039;H\u0259lak olmu\u015f 19 erm\u0259ni h\u0259rb\u00e7inin meyiti qar\u015f\u0131 t\u0259r\u0259f\u0259 verilib, 13 Az\u0259rbaycan h\u0259rb\u00e7isinin meyiti al\u0131n\u0131b&#039;&#039;\" \/>\n<meta property=\"og:url\" content=\"https:\/\/www.meydan.tv\/az\/article\/3803-nefer-esir-ve-girov-kimi-qeydiyyatdadir\/\" \/>\n<meta property=\"og:site_name\" content=\"MEYDAN.TV\" \/>\n<meta property=\"article:published_time\" content=\"2016-06-16T15:42:49+00:00\" \/>\n<meta property=\"og:image\" content=\"https:\/\/www.meydan.tv\/wp-content\/uploads\/23093.jpg\" \/>\n\t<meta property=\"og:image:width\" content=\"750\" \/>\n\t<meta property=\"og:image:height\" content=\"561\" \/>\n\t<meta property=\"og:image:type\" content=\"image\/jpeg\" \/>\n<meta name=\"author\" content=\"user-manager\" \/>\n<meta name=\"twitter:card\" content=\"summary_large_image\" \/>\n<script type=\"application\/ld+json\" class=\"yoast-schema-graph\">{\"@context\":\"https:\\\/\\\/schema.org\",\"@graph\":[{\"@type\":\"Article\",\"@id\":\"https:\\\/\\\/www.meydan.tv\\\/az\\\/article\\\/3803-nefer-esir-ve-girov-kimi-qeydiyyatdadir\\\/#article\",\"isPartOf\":{\"@id\":\"https:\\\/\\\/www.meydan.tv\\\/az\\\/article\\\/3803-nefer-esir-ve-girov-kimi-qeydiyyatdadir\\\/\"},\"author\":{\"name\":\"user-manager\",\"@id\":\"https:\\\/\\\/www.meydan.tv\\\/az\\\/#\\\/schema\\\/person\\\/10d11eccf6da3662cf5fdab9806ea91a\"},\"headline\":\"3803 n\u0259f\u0259r \u0259sir v\u0259 girov kimi qeydiyyatdad\u0131r\",\"datePublished\":\"2016-06-16T15:42:49+00:00\",\"mainEntityOfPage\":{\"@id\":\"https:\\\/\\\/www.meydan.tv\\\/az\\\/article\\\/3803-nefer-esir-ve-girov-kimi-qeydiyyatdadir\\\/\"},\"wordCount\":286,\"publisher\":{\"@id\":\"https:\\\/\\\/www.meydan.tv\\\/az\\\/#organization\"},\"image\":{\"@id\":\"https:\\\/\\\/www.meydan.tv\\\/az\\\/article\\\/3803-nefer-esir-ve-girov-kimi-qeydiyyatdadir\\\/#primaryimage\"},\"thumbnailUrl\":\"https:\\\/\\\/www.meydan.tv\\\/wp-content\\\/uploads\\\/23093.jpg\",\"articleSection\":[\"Analitika\"],\"inLanguage\":\"az\"},{\"@type\":\"WebPage\",\"@id\":\"https:\\\/\\\/www.meydan.tv\\\/az\\\/article\\\/3803-nefer-esir-ve-girov-kimi-qeydiyyatdadir\\\/\",\"url\":\"https:\\\/\\\/www.meydan.tv\\\/az\\\/article\\\/3803-nefer-esir-ve-girov-kimi-qeydiyyatdadir\\\/\",\"name\":\"3803 n\u0259f\u0259r \u0259sir v\u0259 girov kimi qeydiyyatdad\u0131r - MEYDAN.TV\",\"isPartOf\":{\"@id\":\"https:\\\/\\\/www.meydan.tv\\\/az\\\/#website\"},\"primaryImageOfPage\":{\"@id\":\"https:\\\/\\\/www.meydan.tv\\\/az\\\/article\\\/3803-nefer-esir-ve-girov-kimi-qeydiyyatdadir\\\/#primaryimage\"},\"image\":{\"@id\":\"https:\\\/\\\/www.meydan.tv\\\/az\\\/article\\\/3803-nefer-esir-ve-girov-kimi-qeydiyyatdadir\\\/#primaryimage\"},\"thumbnailUrl\":\"https:\\\/\\\/www.meydan.tv\\\/wp-content\\\/uploads\\\/23093.jpg\",\"datePublished\":\"2016-06-16T15:42:49+00:00\",\"breadcrumb\":{\"@id\":\"https:\\\/\\\/www.meydan.tv\\\/az\\\/article\\\/3803-nefer-esir-ve-girov-kimi-qeydiyyatdadir\\\/#breadcrumb\"},\"inLanguage\":\"az\",\"potentialAction\":[{\"@type\":\"ReadAction\",\"target\":[\"https:\\\/\\\/www.meydan.tv\\\/az\\\/article\\\/3803-nefer-esir-ve-girov-kimi-qeydiyyatdadir\\\/\"]}]},{\"@type\":\"ImageObject\",\"inLanguage\":\"az\",\"@id\":\"https:\\\/\\\/www.meydan.tv\\\/az\\\/article\\\/3803-nefer-esir-ve-girov-kimi-qeydiyyatdadir\\\/#primaryimage\",\"url\":\"https:\\\/\\\/www.meydan.tv\\\/wp-content\\\/uploads\\\/23093.jpg\",\"contentUrl\":\"https:\\\/\\\/www.meydan.tv\\\/wp-content\\\/uploads\\\/23093.jpg\",\"width\":750,\"height\":561,\"caption\":\"Source:\"},{\"@type\":\"BreadcrumbList\",\"@id\":\"https:\\\/\\\/www.meydan.tv\\\/az\\\/article\\\/3803-nefer-esir-ve-girov-kimi-qeydiyyatdadir\\\/#breadcrumb\",\"itemListElement\":[{\"@type\":\"ListItem\",\"position\":1,\"name\":\"Ana s\u0259hif\u0259\",\"item\":\"https:\\\/\\\/www.meydan.tv\\\/az\\\/\"},{\"@type\":\"ListItem\",\"position\":2,\"name\":\"Analitika\",\"item\":\"https:\\\/\\\/www.meydan.tv\\\/az\\\/section\\\/analitika\\\/\"},{\"@type\":\"ListItem\",\"position\":3,\"name\":\"3803 n\u0259f\u0259r \u0259sir v\u0259 girov kimi qeydiyyatdad\u0131r\"}]},{\"@type\":\"WebSite\",\"@id\":\"https:\\\/\\\/www.meydan.tv\\\/az\\\/#website\",\"url\":\"https:\\\/\\\/www.meydan.tv\\\/az\\\/\",\"name\":\"MEYDAN.TV\",\"description\":\"Meydan TV Az\u0259rbaycan\u0131n media m\u0259kan\u0131ndak\u0131 alternativ s\u0259sidir\",\"publisher\":{\"@id\":\"https:\\\/\\\/www.meydan.tv\\\/az\\\/#organization\"},\"potentialAction\":[{\"@type\":\"SearchAction\",\"target\":{\"@type\":\"EntryPoint\",\"urlTemplate\":\"https:\\\/\\\/www.meydan.tv\\\/az\\\/?s={search_term_string}\"},\"query-input\":{\"@type\":\"PropertyValueSpecification\",\"valueRequired\":true,\"valueName\":\"search_term_string\"}}],\"inLanguage\":\"az\"},{\"@type\":\"Organization\",\"@id\":\"https:\\\/\\\/www.meydan.tv\\\/az\\\/#organization\",\"name\":\"Meydan TV\",\"url\":\"https:\\\/\\\/www.meydan.tv\\\/az\\\/\",\"logo\":{\"@type\":\"ImageObject\",\"inLanguage\":\"az\",\"@id\":\"https:\\\/\\\/www.meydan.tv\\\/az\\\/#\\\/schema\\\/logo\\\/image\\\/\",\"url\":\"https:\\\/\\\/www.meydan.tv\\\/wp-content\\\/uploads\\\/2021\\\/07\\\/meydan-logo.svg\",\"contentUrl\":\"https:\\\/\\\/www.meydan.tv\\\/wp-content\\\/uploads\\\/2021\\\/07\\\/meydan-logo.svg\",\"width\":195,\"height\":46,\"caption\":\"Meydan TV\"},\"image\":{\"@id\":\"https:\\\/\\\/www.meydan.tv\\\/az\\\/#\\\/schema\\\/logo\\\/image\\\/\"}},{\"@type\":\"Person\",\"@id\":\"https:\\\/\\\/www.meydan.tv\\\/az\\\/#\\\/schema\\\/person\\\/10d11eccf6da3662cf5fdab9806ea91a\",\"name\":\"user-manager\"}]}<\/script>\n<!-- \/ Yoast SEO plugin. -->","yoast_head_json":{"title":"3803 n\u0259f\u0259r \u0259sir v\u0259 girov kimi qeydiyyatdad\u0131r - MEYDAN.TV","robots":{"index":"index","follow":"follow","max-snippet":"max-snippet:-1","max-image-preview":"max-image-preview:large","max-video-preview":"max-video-preview:-1"},"canonical":"https:\/\/www.meydan.tv\/az\/article\/3803-nefer-esir-ve-girov-kimi-qeydiyyatdadir\/","og_locale":"az_AZ","og_type":"article","og_title":"3803 n\u0259f\u0259r \u0259sir v\u0259 girov kimi qeydiyyatdad\u0131r - MEYDAN.TV","og_description":"''H\u0259lak olmu\u015f 19 erm\u0259ni h\u0259rb\u00e7inin meyiti qar\u015f\u0131 t\u0259r\u0259f\u0259 verilib, 13 Az\u0259rbaycan h\u0259rb\u00e7isinin meyiti al\u0131n\u0131b''","og_url":"https:\/\/www.meydan.tv\/az\/article\/3803-nefer-esir-ve-girov-kimi-qeydiyyatdadir\/","og_site_name":"MEYDAN.TV","article_published_time":"2016-06-16T15:42:49+00:00","og_image":[{"width":750,"height":561,"url":"https:\/\/www.meydan.tv\/wp-content\/uploads\/23093.jpg","type":"image\/jpeg"}],"author":"user-manager","twitter_card":"summary_large_image","schema":{"@context":"https:\/\/schema.org","@graph":[{"@type":"Article","@id":"https:\/\/www.meydan.tv\/az\/article\/3803-nefer-esir-ve-girov-kimi-qeydiyyatdadir\/#article","isPartOf":{"@id":"https:\/\/www.meydan.tv\/az\/article\/3803-nefer-esir-ve-girov-kimi-qeydiyyatdadir\/"},"author":{"name":"user-manager","@id":"https:\/\/www.meydan.tv\/az\/#\/schema\/person\/10d11eccf6da3662cf5fdab9806ea91a"},"headline":"3803 n\u0259f\u0259r \u0259sir v\u0259 girov kimi qeydiyyatdad\u0131r","datePublished":"2016-06-16T15:42:49+00:00","mainEntityOfPage":{"@id":"https:\/\/www.meydan.tv\/az\/article\/3803-nefer-esir-ve-girov-kimi-qeydiyyatdadir\/"},"wordCount":286,"publisher":{"@id":"https:\/\/www.meydan.tv\/az\/#organization"},"image":{"@id":"https:\/\/www.meydan.tv\/az\/article\/3803-nefer-esir-ve-girov-kimi-qeydiyyatdadir\/#primaryimage"},"thumbnailUrl":"https:\/\/www.meydan.tv\/wp-content\/uploads\/23093.jpg","articleSection":["Analitika"],"inLanguage":"az"},{"@type":"WebPage","@id":"https:\/\/www.meydan.tv\/az\/article\/3803-nefer-esir-ve-girov-kimi-qeydiyyatdadir\/","url":"https:\/\/www.meydan.tv\/az\/article\/3803-nefer-esir-ve-girov-kimi-qeydiyyatdadir\/","name":"3803 n\u0259f\u0259r \u0259sir v\u0259 girov kimi qeydiyyatdad\u0131r - MEYDAN.TV","isPartOf":{"@id":"https:\/\/www.meydan.tv\/az\/#website"},"primaryImageOfPage":{"@id":"https:\/\/www.meydan.tv\/az\/article\/3803-nefer-esir-ve-girov-kimi-qeydiyyatdadir\/#primaryimage"},"image":{"@id":"https:\/\/www.meydan.tv\/az\/article\/3803-nefer-esir-ve-girov-kimi-qeydiyyatdadir\/#primaryimage"},"thumbnailUrl":"https:\/\/www.meydan.tv\/wp-content\/uploads\/23093.jpg","datePublished":"2016-06-16T15:42:49+00:00","breadcrumb":{"@id":"https:\/\/www.meydan.tv\/az\/article\/3803-nefer-esir-ve-girov-kimi-qeydiyyatdadir\/#breadcrumb"},"inLanguage":"az","potentialAction":[{"@type":"ReadAction","target":["https:\/\/www.meydan.tv\/az\/article\/3803-nefer-esir-ve-girov-kimi-qeydiyyatdadir\/"]}]},{"@type":"ImageObject","inLanguage":"az","@id":"https:\/\/www.meydan.tv\/az\/article\/3803-nefer-esir-ve-girov-kimi-qeydiyyatdadir\/#primaryimage","url":"https:\/\/www.meydan.tv\/wp-content\/uploads\/23093.jpg","contentUrl":"https:\/\/www.meydan.tv\/wp-content\/uploads\/23093.jpg","width":750,"height":561,"caption":"Source:"},{"@type":"BreadcrumbList","@id":"https:\/\/www.meydan.tv\/az\/article\/3803-nefer-esir-ve-girov-kimi-qeydiyyatdadir\/#breadcrumb","itemListElement":[{"@type":"ListItem","position":1,"name":"Ana s\u0259hif\u0259","item":"https:\/\/www.meydan.tv\/az\/"},{"@type":"ListItem","position":2,"name":"Analitika","item":"https:\/\/www.meydan.tv\/az\/section\/analitika\/"},{"@type":"ListItem","position":3,"name":"3803 n\u0259f\u0259r \u0259sir v\u0259 girov kimi qeydiyyatdad\u0131r"}]},{"@type":"WebSite","@id":"https:\/\/www.meydan.tv\/az\/#website","url":"https:\/\/www.meydan.tv\/az\/","name":"MEYDAN.TV","description":"Meydan TV Az\u0259rbaycan\u0131n media m\u0259kan\u0131ndak\u0131 alternativ s\u0259sidir","publisher":{"@id":"https:\/\/www.meydan.tv\/az\/#organization"},"potentialAction":[{"@type":"SearchAction","target":{"@type":"EntryPoint","urlTemplate":"https:\/\/www.meydan.tv\/az\/?s={search_term_string}"},"query-input":{"@type":"PropertyValueSpecification","valueRequired":true,"valueName":"search_term_string"}}],"inLanguage":"az"},{"@type":"Organization","@id":"https:\/\/www.meydan.tv\/az\/#organization","name":"Meydan TV","url":"https:\/\/www.meydan.tv\/az\/","logo":{"@type":"ImageObject","inLanguage":"az","@id":"https:\/\/www.meydan.tv\/az\/#\/schema\/logo\/image\/","url":"https:\/\/www.meydan.tv\/wp-content\/uploads\/2021\/07\/meydan-logo.svg","contentUrl":"https:\/\/www.meydan.tv\/wp-content\/uploads\/2021\/07\/meydan-logo.svg","width":195,"height":46,"caption":"Meydan TV"},"image":{"@id":"https:\/\/www.meydan.tv\/az\/#\/schema\/logo\/image\/"}},{"@type":"Person","@id":"https:\/\/www.meydan.tv\/az\/#\/schema\/person\/10d11eccf6da3662cf5fdab9806ea91a","name":"user-manager"}]}},"_links":{"self":[{"href":"https:\/\/www.meydan.tv\/az\/wp-json\/wp\/v2\/posts\/176755","targetHints":{"allow":["GET"]}}],"collection":[{"href":"https:\/\/www.meydan.tv\/az\/wp-json\/wp\/v2\/posts"}],"about":[{"href":"https:\/\/www.meydan.tv\/az\/wp-json\/wp\/v2\/types\/post"}],"author":[{"embeddable":true,"href":"https:\/\/www.meydan.tv\/az\/wp-json\/wp\/v2\/users\/11"}],"replies":[{"embeddable":true,"href":"https:\/\/www.meydan.tv\/az\/wp-json\/wp\/v2\/comments?post=176755"}],"version-history":[{"count":0,"href":"https:\/\/www.meydan.tv\/az\/wp-json\/wp\/v2\/posts\/176755\/revisions"}],"wp:featuredmedia":[{"embeddable":true,"href":"https:\/\/www.meydan.tv\/az\/wp-json\/wp\/v2\/media\/60744"}],"wp:attachment":[{"href":"https:\/\/www.meydan.tv\/az\/wp-json\/wp\/v2\/media?parent=176755"}],"wp:term":[{"taxonomy":"category","embeddable":true,"href":"https:\/\/www.meydan.tv\/az\/wp-json\/wp\/v2\/categories?post=176755"},{"taxonomy":"post_tag","embeddable":true,"href":"https:\/\/www.meydan.tv\/az\/wp-json\/wp\/v2\/tags?post=176755"}],"curies":[{"name":"wp","href":"https:\/\/api.w.org\/{rel}","templated":true}]}}