{"id":176747,"date":"2016-06-16T14:24:05","date_gmt":"2016-06-16T14:24:05","guid":{"rendered":"https:\/\/www.meydan.tv\/article\/bu-videolar-hakimiyyetin-exlaqinin-gostericisidir\/"},"modified":"2016-06-16T14:24:05","modified_gmt":"2016-06-16T14:24:05","slug":"bu-videolar-hakimiyyetin-exlaqinin-gostericisidir","status":"publish","type":"post","link":"https:\/\/www.meydan.tv\/az\/article\/bu-videolar-hakimiyyetin-exlaqinin-gostericisidir\/","title":{"rendered":"Bu videolar hakimiyy\u0259tin \u0259xlaq\u0131n\u0131n g\u00f6st\u0259ricisidir\u2026"},"content":{"rendered":"<figure class=\"wp-block-image size-large\">\n  <img decoding=\"async\" src=\"https:\/\/www.meydan.tv\/az\/60670\/\" alt=\"\" class=\"wp-image-60670\"\/><figcaption><\/figcaption><\/figure>\n<figure class=\"wp-block-image size-large\">\n  <img decoding=\"async\" src=\"https:\/\/www.meydan.tv\/az\/60682\/\" alt=\"\" class=\"wp-image-60682\"\/><figcaption><\/figcaption><\/figure>\n<p>\n  Ay\u0131b i\u015f g\u00f6r\u0259n adam g\u00f6r\u0259s\u0259n, utan\u0131rm\u0131? \u00c7ox m\u00fcbahis\u0259li m\u0259s\u0259l\u0259dir. H\u0259r\u0259 bir c\u00fcr cavab ver\u0259 bil\u0259r.\n<\/p>\n<p>\n  Fitri humanist dey\u0259c\u0259k ki, vicdans\u0131z insan yoxdur, sad\u0259c\u0259 m\u00fchit bu vicdan\u0131 susdurub v\u0259 ya bo\u011fub. Dey\u0259c\u0259k: \u201cEl\u0259 \u015f\u0259rait yaranar ki, vicdan ya oyanar, ya xortlay\u0131b durar v\u0259 ay\u0131b i\u015fi g\u00f6r\u0259n adam m\u00fctl\u0259q utanar, t\u00f6vb\u0259 ed\u0259r v\u0259 d\u00fcz\u0259lm\u0259y\u0259 \u00e7al\u0131\u015far.\u201d\n<\/p>\n<p>\n  Bu, humanistin m\u00f6vqeyidir v\u0259 bel\u0259l\u0259ri bizl\u0259rd\u0259 nadir tap\u0131l\u0131r.<br \/>\n  <br \/>\n  \u0130nsan \u00f6vlad\u0131n\u0131n \u00e7iy s\u00fcd \u0259mdiyin\u0259 d\u0259rind\u0259n inanan \u0259ks\u0259riyy\u0259t is\u0259 dey\u0259r ki: \u201cAy\u0131b i\u015fi g\u00f6r\u0259n adamlarda vicdan yerli-dibli olmur, olsayd\u0131, onlar\u0131 b\u0259d \u0259m\u0259ld\u0259n saxlayard\u0131.\u201d H\u0259l\u0259 \u0259lav\u0259 d\u0259 ed\u0259r ki: \u201cVicdans\u0131z adamda \u015f\u0259r\u0259f v\u0259 l\u0259yaq\u0259t olmur, \u00fcst\u0259lik h\u0259ya da olmur v\u0259 onlar o q\u0259d\u0259r s\u0131rt\u0131q olurlar ki, b\u00fct\u00fcn c\u0259miyy\u0259ti zorlay\u0131b insanlar\u0131 d\u00f6y\u0259-d\u00f6y\u0259 \u00f6z \u0259yri i\u015fl\u0259rini d\u00fcz, b\u0259d \u0259m\u0259ll\u0259rini n\u0259ciblik kimi q\u0259bul el\u0259tdirirl\u0259r.\u201d\n<\/p>\n<p>\n  \u201cAy\u0131b i\u015f\u201d dey\u0259nd\u0259 bizim b\u00fct\u00fcn d\u0259y\u0259rl\u0259rd\u0259n, o c\u00fcml\u0259d\u0259n Konstitusion h\u00fcquqdan v\u0259 k\u00f6hn\u0259 ab\u0131r-h\u0259yadan qurtulmu\u015f hakimiyy\u0259timizin qul kimi susmaqdan imtina ed\u0259n v\u0259t\u0259nda\u015flara qar\u015f\u0131 m\u00fcnt\u0259z\u0259m t\u0259\u015fkil etdiyi yataq s\u0259hn\u0259l\u0259rinin TV-d\u0259 v\u0259 \u0130nternetd\u0259 yay\u0131m\u0131n\u0131 n\u0259z\u0259rd\u0259 tutmuram. Bu yay\u0131mlar hakimiyy\u0259timizin simas\u0131n\u0131n v\u0259 \u0259xlaq\u0131n\u0131n g\u00f6st\u0259ricisidir. Bel\u0259 \u00e7\u0259kili\u015fl\u0259ri onlar ortaya qoyanda dem\u0259k ist\u0259yirl\u0259r ki, bax\u0131n, bizi t\u0259nqid ed\u0259nl\u0259r \u0259td\u0259n v\u0259 s\u00fcm\u00fckd\u0259n olan adi insanlard\u0131r, biz is\u0259 bir ki\u015fi il\u0259 bir qad\u0131n\u0131n yataqda sevi\u015fm\u0259sind\u0259n \u0259m\u0259l\u0259 g\u0259lm\u0259mi\u015fik, biz s\u0259ma laboratoriyas\u0131nda \u015f\u00fc\u015f\u0259 qabda emal olunub, g\u00f6yd\u0259n z\u0259nbill\u0259 yer\u0259 d\u00fc\u015fm\u00fc\u015f\u00fck.\n<\/p>\n<p>\n  Ay\u0131b i\u015fl\u0259ri sadalayaqm\u0131? M\u0259s\u0259l\u0259n, siz bil\u0259n, r\u00fc\u015fv\u0259t almaq, b\u00fcdc\u0259 pullar\u0131n\u0131 o\u011furlamaq, avam v\u0259 aciz v\u0259t\u0259nda\u015flar\u0131 xamlay\u0131b onlar\u0131n cibin\u0259 girm\u0259k ay\u0131b i\u015f say\u0131l\u0131rm\u0131? Sad\u0259l\u00f6vh insan h\u0259min an dey\u0259c\u0259k ki: \u201c\u018flb\u0259tt\u0259, say\u0131l\u0131r! \u201c Onda da bu sadl\u00f6vh v\u0259t\u0259nda\u015fdan soru\u015fmaq yerin\u0259 d\u00fc\u015f\u0259r ki: \u201cAya, bu \u0259m\u0259ll\u0259r ay\u0131b i\u015fdirs\u0259, b\u0259s n\u0259 \u00fc\u00e7\u00fcn onlar\u0131n sahibl\u0259ri m\u0259hb\u0259sd\u0259 deyil, hakimiyy\u0259tin yuxar\u0131 pill\u0259sind\u0259 \u0259yl\u0259\u015fir? N\u0259 \u00fc\u00e7\u00fcn c\u0259miyy\u0259t onlar\u0131 l\u0259n\u0259tl\u0259mir, \u0259ksin\u0259, qurban-sada\u011fa gedib t\u0259zim edir?\u201d\n<\/p>\n<p>\n  Cavab b\u0259llidirmi? Ya c\u0259miyy\u0259tin meyarlar\u0131 pozulub, \u0259yriy\u0259 d\u00fcz, d\u00fcz\u0259 \u0259yri deyir, ya da z\u0259man\u0259 d\u0259yi\u015fib, \u0259yri d\u00fcz\u00fcn, d\u00fcz \u0259yrinin yerini halalca tutub.\n<\/p>\n<p>\n  N\u0259 \u00fc\u00e7\u00fcn c\u0259miyy\u0259t c\u0259mi bir n\u0259slin h\u0259yat\u0131 boyunca bel\u0259 m\u0259n\u0259vi t\u0259n\u0259zz\u00fcl\u0259 u\u011frad\u0131, \u0259n a\u015fkar cinay\u0259tl\u0259ri ay\u0131b i\u015f deyil, h\u0259yat\u0131n adi t\u0259zah\u00fcr\u00fc kimi q\u0259bul etdi? Ax\u0131 \u201cmilli-azadl\u0131q m\u00fcbariz\u0259si\u201d adlanan \u015f\u0259b\u0259d\u0259 zaman\u0131 meydana topla\u015fm\u0131\u015f m\u0259xluqat\u0131n hissl\u0259rini \u201cpartokratlar\u0131n r\u00fc\u015fv\u0259txorlu\u011fu v\u0259 d\u0259bd\u0259b\u0259li h\u0259yat\u0131\u201d hekay\u0259tl\u0259ri il\u0259 co\u015fdururdular.\n<\/p>\n<p>\n  Budur, \u201cpartokrat\u201d qeyb\u0259 \u00e7\u0259kilib, xalq\u0131m\u0131z\u0131n milli m\u0259murlar\u0131n\u0131n tikdiyi v\u0259 ya\u015fad\u0131\u011f\u0131 imar\u0259tl\u0259r, g\u0259zdiyi ma\u015f\u0131nlar, \u00f6lk\u0259l\u0259r, h\u0259yat t\u0259rzi \u0259hali t\u0259r\u0259find\u0259n tam bigan\u0259 qar\u015f\u0131lan\u0131r, sanki h\u0259r \u015fey el\u0259 bel\u0259 d\u0259 olmal\u0131d\u0131r.\n<\/p>\n<p>\n  Xalq\u0131m\u0131z\u0131n yeni, m\u00fcst\u0259qil \u0259xlaq meyarlar\u0131na g\u00f6r\u0259 r\u00fc\u015fv\u0259txorluq v\u0259 o\u011furluq ay\u0131b i\u015f say\u0131lm\u0131r. \u00d6lk\u0259d\u0259 ham\u0131 bilir v\u0259 g\u00f6r\u00fcr ki, kim ham\u0131dan \u00e7ox o\u011furlay\u0131r v\u0259 xalq\u0131n mal\u0131n\u0131 bas\u0131b-yeyir, lakin buna etiraz ed\u0259n\u0259 xor bax\u0131rlar, onu az\u0131 \u0259d\u0259bsiz, ya da s\u0259feh say\u0131rlar.\n<\/p>\n<p>\n  Bel\u0259 olmasayd\u0131, hakimiyy\u0259t xalqdan \u00e7\u0259kinib sabiq k\u0259nd t\u0259s\u0259rr\u00fcfat\u0131 naziri \u0130sm\u0259t Abbasovdan soru\u015fa bil\u0259rdi ki: \u201cO\u011flunun Britaniyadak\u0131 y\u00fcz milyonluq d\u0259bd\u0259b\u0259li h\u0259yat\u0131n\u0131 t\u0259min etm\u0259k \u00fc\u00e7\u00fcn Az\u0259rbaycan k\u0259ndlisinin ne\u00e7\u0259 milyard pulunu o\u011furlam\u0131san?\u201d\n<\/p>\n<p>\n  Ya da h\u0259l\u0259 d\u0259 n\u0259qliyyat naziri v\u0259zif\u0259sind\u0259 oturan Ziya M\u0259mm\u0259dovdan soru\u015fard\u0131 ki: \u201cB\u0259s s\u0259n o\u011flunun Britaniyadak\u0131 d\u0259bd\u0259b\u0259li h\u0259yat\u0131n\u0131 t\u0259min etm\u0259k \u00fc\u00e7\u00fcn xalq\u0131n cibind\u0259n ne\u00e7\u0259 milyard o\u011furlam\u0131san?\u201d\n<\/p>\n<p>\n  Ay\u0131b i\u015f d\u0259xi ay\u0131b say\u0131lm\u0131r. V\u0259t\u0259n\u0259 x\u0259yan\u0259t, b\u00fcdc\u0259 o\u011furlu\u011fu, v\u0259t\u0259nda\u015f\u0131n \u015f\u0259rl\u0259nib damlanmas\u0131, mill\u0259tin zorlanmas\u0131 ay\u0131b i\u015f deyil, bacar\u0131q v\u0259 qabiliyy\u0259t say\u0131l\u0131r. M\u00fcst\u0259qil d\u00f6vl\u0259timizin h\u0259yat \u015f\u00fcar\u0131 \u201cbacarana can qurban\u201dd\u0131r.\n<\/p>\n<p>\n  Yalan dan\u0131\u015fmaq, tarixi saxtala\u015fd\u0131rmaq, casusdan b\u00fct d\u00fcz\u0259ltm\u0259k, a\u015fkar m\u0259\u011flubiyy\u0259t\u0259 q\u0259l\u0259b\u0259 dem\u0259k ay\u0131b i\u015fdirmi? \u018fg\u0259r ay\u0131bd\u0131rsa, onda n\u0259 \u00fc\u00e7\u00fcn bizim son 25 ilin tarixi bar\u0259d\u0259 yazanda, g\u00f6st\u0259r\u0259nd\u0259, yaln\u0131z q\u0259hr\u0259manl\u0131q \u00fcvertyuras\u0131 \u00e7al\u0131n\u0131r?\n<\/p>\n<p>\n  Bu \u00f6lk\u0259d\u0259 ya\u015fayan \u0259halinin \u015f\u0259r\u0259f v\u0259 l\u0259yaq\u0259t m\u0259fhumu d\u0259yi\u015fib. Onun yaln\u0131z z\u0259if i\u015fart\u0131lar\u0131 qal\u0131b. M\u0259hz bu i\u015fart\u0131lar\u0131n t\u0259siridir ki, t\u0259k-t\u00fck adamlar a\u011f\u0131zlar\u0131n\u0131 a\u00e7\u0131b mill\u0259ti d\u00fczg\u00fcnl\u00fcy\u0259, halala, qanaca\u011fa, m\u0259rif\u0259t\u0259 v\u0259 \u015f\u00fcura d\u0259v\u0259t edirl\u0259r.\n<\/p>\n<p>\n  Lakin bu i\u015fart\u0131lara da d\u00f6zm\u0259y\u0259n \u0259ks\u0259riyy\u0259t v\u0259 hakimiyy\u0259t bu a\u011f\u0131zlar\u0131 yumub \u00f6z ay\u0131b i\u015fl\u0259rini tam v\u0259 m\u00fctl\u0259q s\u00fckut i\u00e7ind\u0259 g\u00f6rm\u0259k ist\u0259yirl\u0259r.\n<\/p>\n<p>\n  <b><br \/>\n    Yaz\u0131 m\u00fc\u0259llifin \u015f\u0259xsi m\u00f6vqeyini \u0259ks etdirir. M\u00fc\u0259llifin m\u00f6vqeyi Meydan.Tv-nin m\u00f6vqeyi il\u0259 \u00fcst-\u00fcst\u0259 d\u00fc\u015fm\u0259y\u0259 bil\u0259r.<br \/>\n  <\/b><\/p>\n","protected":false},"excerpt":{"rendered":"<p>Ay\u0131b olan n\u0259dir?<\/p>\n","protected":false},"author":11,"featured_media":60670,"comment_status":"closed","ping_status":"open","sticky":false,"template":"","format":"standard","meta":{"_acf_changed":false,"_sitemap_exclude":false,"_sitemap_priority":"","_sitemap_frequency":"","footnotes":""},"categories":[57],"tags":[],"class_list":["post-176747","post","type-post","status-publish","format-standard","has-post-thumbnail","hentry","category-menim-fikrimce","infinite-scroll-item","generate-columns","tablet-grid-50","mobile-grid-100","grid-parent","grid-33","no-featured-image-padding"],"acf":[],"yoast_head":"<!-- This site is optimized with the Yoast SEO plugin v27.5 - https:\/\/yoast.com\/product\/yoast-seo-wordpress\/ -->\n<title>Bu videolar hakimiyy\u0259tin \u0259xlaq\u0131n\u0131n g\u00f6st\u0259ricisidir\u2026 - MEYDAN.TV<\/title>\n<meta name=\"robots\" content=\"index, follow, max-snippet:-1, max-image-preview:large, max-video-preview:-1\" \/>\n<link rel=\"canonical\" href=\"https:\/\/www.meydan.tv\/az\/article\/bu-videolar-hakimiyyetin-exlaqinin-gostericisidir\/\" \/>\n<meta property=\"og:locale\" content=\"az_AZ\" \/>\n<meta property=\"og:type\" content=\"article\" \/>\n<meta property=\"og:title\" content=\"Bu videolar hakimiyy\u0259tin \u0259xlaq\u0131n\u0131n g\u00f6st\u0259ricisidir\u2026 - MEYDAN.TV\" \/>\n<meta property=\"og:description\" content=\"Ay\u0131b olan n\u0259dir?\" \/>\n<meta property=\"og:url\" content=\"https:\/\/www.meydan.tv\/az\/article\/bu-videolar-hakimiyyetin-exlaqinin-gostericisidir\/\" \/>\n<meta property=\"og:site_name\" content=\"MEYDAN.TV\" \/>\n<meta property=\"article:published_time\" content=\"2016-06-16T14:24:05+00:00\" \/>\n<meta property=\"og:image\" content=\"https:\/\/www.meydan.tv\/wp-content\/uploads\/23085.jpg\" \/>\n\t<meta property=\"og:image:width\" content=\"500\" \/>\n\t<meta property=\"og:image:height\" content=\"500\" \/>\n\t<meta property=\"og:image:type\" content=\"image\/jpeg\" \/>\n<meta name=\"author\" content=\"user-manager\" \/>\n<meta name=\"twitter:card\" content=\"summary_large_image\" \/>\n<script type=\"application\/ld+json\" class=\"yoast-schema-graph\">{\"@context\":\"https:\\\/\\\/schema.org\",\"@graph\":[{\"@type\":\"Article\",\"@id\":\"https:\\\/\\\/www.meydan.tv\\\/az\\\/article\\\/bu-videolar-hakimiyyetin-exlaqinin-gostericisidir\\\/#article\",\"isPartOf\":{\"@id\":\"https:\\\/\\\/www.meydan.tv\\\/az\\\/article\\\/bu-videolar-hakimiyyetin-exlaqinin-gostericisidir\\\/\"},\"author\":{\"name\":\"user-manager\",\"@id\":\"https:\\\/\\\/www.meydan.tv\\\/az\\\/#\\\/schema\\\/person\\\/10d11eccf6da3662cf5fdab9806ea91a\"},\"headline\":\"Bu videolar hakimiyy\u0259tin \u0259xlaq\u0131n\u0131n g\u00f6st\u0259ricisidir\u2026\",\"datePublished\":\"2016-06-16T14:24:05+00:00\",\"mainEntityOfPage\":{\"@id\":\"https:\\\/\\\/www.meydan.tv\\\/az\\\/article\\\/bu-videolar-hakimiyyetin-exlaqinin-gostericisidir\\\/\"},\"wordCount\":1058,\"publisher\":{\"@id\":\"https:\\\/\\\/www.meydan.tv\\\/az\\\/#organization\"},\"image\":{\"@id\":\"https:\\\/\\\/www.meydan.tv\\\/az\\\/article\\\/bu-videolar-hakimiyyetin-exlaqinin-gostericisidir\\\/#primaryimage\"},\"thumbnailUrl\":\"https:\\\/\\\/www.meydan.tv\\\/wp-content\\\/uploads\\\/23085.jpg\",\"articleSection\":[\"M\u0259nim Fikrimc\u0259\"],\"inLanguage\":\"az\"},{\"@type\":\"WebPage\",\"@id\":\"https:\\\/\\\/www.meydan.tv\\\/az\\\/article\\\/bu-videolar-hakimiyyetin-exlaqinin-gostericisidir\\\/\",\"url\":\"https:\\\/\\\/www.meydan.tv\\\/az\\\/article\\\/bu-videolar-hakimiyyetin-exlaqinin-gostericisidir\\\/\",\"name\":\"Bu videolar hakimiyy\u0259tin \u0259xlaq\u0131n\u0131n g\u00f6st\u0259ricisidir\u2026 - MEYDAN.TV\",\"isPartOf\":{\"@id\":\"https:\\\/\\\/www.meydan.tv\\\/az\\\/#website\"},\"primaryImageOfPage\":{\"@id\":\"https:\\\/\\\/www.meydan.tv\\\/az\\\/article\\\/bu-videolar-hakimiyyetin-exlaqinin-gostericisidir\\\/#primaryimage\"},\"image\":{\"@id\":\"https:\\\/\\\/www.meydan.tv\\\/az\\\/article\\\/bu-videolar-hakimiyyetin-exlaqinin-gostericisidir\\\/#primaryimage\"},\"thumbnailUrl\":\"https:\\\/\\\/www.meydan.tv\\\/wp-content\\\/uploads\\\/23085.jpg\",\"datePublished\":\"2016-06-16T14:24:05+00:00\",\"breadcrumb\":{\"@id\":\"https:\\\/\\\/www.meydan.tv\\\/az\\\/article\\\/bu-videolar-hakimiyyetin-exlaqinin-gostericisidir\\\/#breadcrumb\"},\"inLanguage\":\"az\",\"potentialAction\":[{\"@type\":\"ReadAction\",\"target\":[\"https:\\\/\\\/www.meydan.tv\\\/az\\\/article\\\/bu-videolar-hakimiyyetin-exlaqinin-gostericisidir\\\/\"]}]},{\"@type\":\"ImageObject\",\"inLanguage\":\"az\",\"@id\":\"https:\\\/\\\/www.meydan.tv\\\/az\\\/article\\\/bu-videolar-hakimiyyetin-exlaqinin-gostericisidir\\\/#primaryimage\",\"url\":\"https:\\\/\\\/www.meydan.tv\\\/wp-content\\\/uploads\\\/23085.jpg\",\"contentUrl\":\"https:\\\/\\\/www.meydan.tv\\\/wp-content\\\/uploads\\\/23085.jpg\",\"width\":500,\"height\":500,\"caption\":\"Source:\"},{\"@type\":\"BreadcrumbList\",\"@id\":\"https:\\\/\\\/www.meydan.tv\\\/az\\\/article\\\/bu-videolar-hakimiyyetin-exlaqinin-gostericisidir\\\/#breadcrumb\",\"itemListElement\":[{\"@type\":\"ListItem\",\"position\":1,\"name\":\"Ana s\u0259hif\u0259\",\"item\":\"https:\\\/\\\/www.meydan.tv\\\/az\\\/\"},{\"@type\":\"ListItem\",\"position\":2,\"name\":\"M\u0259nim Fikrimc\u0259\",\"item\":\"https:\\\/\\\/www.meydan.tv\\\/az\\\/section\\\/menim-fikrimce\\\/\"},{\"@type\":\"ListItem\",\"position\":3,\"name\":\"Bu videolar hakimiyy\u0259tin \u0259xlaq\u0131n\u0131n g\u00f6st\u0259ricisidir\u2026\"}]},{\"@type\":\"WebSite\",\"@id\":\"https:\\\/\\\/www.meydan.tv\\\/az\\\/#website\",\"url\":\"https:\\\/\\\/www.meydan.tv\\\/az\\\/\",\"name\":\"MEYDAN.TV\",\"description\":\"Meydan TV Az\u0259rbaycan\u0131n media m\u0259kan\u0131ndak\u0131 alternativ s\u0259sidir\",\"publisher\":{\"@id\":\"https:\\\/\\\/www.meydan.tv\\\/az\\\/#organization\"},\"potentialAction\":[{\"@type\":\"SearchAction\",\"target\":{\"@type\":\"EntryPoint\",\"urlTemplate\":\"https:\\\/\\\/www.meydan.tv\\\/az\\\/?s={search_term_string}\"},\"query-input\":{\"@type\":\"PropertyValueSpecification\",\"valueRequired\":true,\"valueName\":\"search_term_string\"}}],\"inLanguage\":\"az\"},{\"@type\":\"Organization\",\"@id\":\"https:\\\/\\\/www.meydan.tv\\\/az\\\/#organization\",\"name\":\"Meydan TV\",\"url\":\"https:\\\/\\\/www.meydan.tv\\\/az\\\/\",\"logo\":{\"@type\":\"ImageObject\",\"inLanguage\":\"az\",\"@id\":\"https:\\\/\\\/www.meydan.tv\\\/az\\\/#\\\/schema\\\/logo\\\/image\\\/\",\"url\":\"https:\\\/\\\/www.meydan.tv\\\/wp-content\\\/uploads\\\/2021\\\/07\\\/meydan-logo.svg\",\"contentUrl\":\"https:\\\/\\\/www.meydan.tv\\\/wp-content\\\/uploads\\\/2021\\\/07\\\/meydan-logo.svg\",\"width\":195,\"height\":46,\"caption\":\"Meydan TV\"},\"image\":{\"@id\":\"https:\\\/\\\/www.meydan.tv\\\/az\\\/#\\\/schema\\\/logo\\\/image\\\/\"}},{\"@type\":\"Person\",\"@id\":\"https:\\\/\\\/www.meydan.tv\\\/az\\\/#\\\/schema\\\/person\\\/10d11eccf6da3662cf5fdab9806ea91a\",\"name\":\"user-manager\"}]}<\/script>\n<!-- \/ Yoast SEO plugin. -->","yoast_head_json":{"title":"Bu videolar hakimiyy\u0259tin \u0259xlaq\u0131n\u0131n g\u00f6st\u0259ricisidir\u2026 - MEYDAN.TV","robots":{"index":"index","follow":"follow","max-snippet":"max-snippet:-1","max-image-preview":"max-image-preview:large","max-video-preview":"max-video-preview:-1"},"canonical":"https:\/\/www.meydan.tv\/az\/article\/bu-videolar-hakimiyyetin-exlaqinin-gostericisidir\/","og_locale":"az_AZ","og_type":"article","og_title":"Bu videolar hakimiyy\u0259tin \u0259xlaq\u0131n\u0131n g\u00f6st\u0259ricisidir\u2026 - MEYDAN.TV","og_description":"Ay\u0131b olan n\u0259dir?","og_url":"https:\/\/www.meydan.tv\/az\/article\/bu-videolar-hakimiyyetin-exlaqinin-gostericisidir\/","og_site_name":"MEYDAN.TV","article_published_time":"2016-06-16T14:24:05+00:00","og_image":[{"width":500,"height":500,"url":"https:\/\/www.meydan.tv\/wp-content\/uploads\/23085.jpg","type":"image\/jpeg"}],"author":"user-manager","twitter_card":"summary_large_image","schema":{"@context":"https:\/\/schema.org","@graph":[{"@type":"Article","@id":"https:\/\/www.meydan.tv\/az\/article\/bu-videolar-hakimiyyetin-exlaqinin-gostericisidir\/#article","isPartOf":{"@id":"https:\/\/www.meydan.tv\/az\/article\/bu-videolar-hakimiyyetin-exlaqinin-gostericisidir\/"},"author":{"name":"user-manager","@id":"https:\/\/www.meydan.tv\/az\/#\/schema\/person\/10d11eccf6da3662cf5fdab9806ea91a"},"headline":"Bu videolar hakimiyy\u0259tin \u0259xlaq\u0131n\u0131n g\u00f6st\u0259ricisidir\u2026","datePublished":"2016-06-16T14:24:05+00:00","mainEntityOfPage":{"@id":"https:\/\/www.meydan.tv\/az\/article\/bu-videolar-hakimiyyetin-exlaqinin-gostericisidir\/"},"wordCount":1058,"publisher":{"@id":"https:\/\/www.meydan.tv\/az\/#organization"},"image":{"@id":"https:\/\/www.meydan.tv\/az\/article\/bu-videolar-hakimiyyetin-exlaqinin-gostericisidir\/#primaryimage"},"thumbnailUrl":"https:\/\/www.meydan.tv\/wp-content\/uploads\/23085.jpg","articleSection":["M\u0259nim Fikrimc\u0259"],"inLanguage":"az"},{"@type":"WebPage","@id":"https:\/\/www.meydan.tv\/az\/article\/bu-videolar-hakimiyyetin-exlaqinin-gostericisidir\/","url":"https:\/\/www.meydan.tv\/az\/article\/bu-videolar-hakimiyyetin-exlaqinin-gostericisidir\/","name":"Bu videolar hakimiyy\u0259tin \u0259xlaq\u0131n\u0131n g\u00f6st\u0259ricisidir\u2026 - MEYDAN.TV","isPartOf":{"@id":"https:\/\/www.meydan.tv\/az\/#website"},"primaryImageOfPage":{"@id":"https:\/\/www.meydan.tv\/az\/article\/bu-videolar-hakimiyyetin-exlaqinin-gostericisidir\/#primaryimage"},"image":{"@id":"https:\/\/www.meydan.tv\/az\/article\/bu-videolar-hakimiyyetin-exlaqinin-gostericisidir\/#primaryimage"},"thumbnailUrl":"https:\/\/www.meydan.tv\/wp-content\/uploads\/23085.jpg","datePublished":"2016-06-16T14:24:05+00:00","breadcrumb":{"@id":"https:\/\/www.meydan.tv\/az\/article\/bu-videolar-hakimiyyetin-exlaqinin-gostericisidir\/#breadcrumb"},"inLanguage":"az","potentialAction":[{"@type":"ReadAction","target":["https:\/\/www.meydan.tv\/az\/article\/bu-videolar-hakimiyyetin-exlaqinin-gostericisidir\/"]}]},{"@type":"ImageObject","inLanguage":"az","@id":"https:\/\/www.meydan.tv\/az\/article\/bu-videolar-hakimiyyetin-exlaqinin-gostericisidir\/#primaryimage","url":"https:\/\/www.meydan.tv\/wp-content\/uploads\/23085.jpg","contentUrl":"https:\/\/www.meydan.tv\/wp-content\/uploads\/23085.jpg","width":500,"height":500,"caption":"Source:"},{"@type":"BreadcrumbList","@id":"https:\/\/www.meydan.tv\/az\/article\/bu-videolar-hakimiyyetin-exlaqinin-gostericisidir\/#breadcrumb","itemListElement":[{"@type":"ListItem","position":1,"name":"Ana s\u0259hif\u0259","item":"https:\/\/www.meydan.tv\/az\/"},{"@type":"ListItem","position":2,"name":"M\u0259nim Fikrimc\u0259","item":"https:\/\/www.meydan.tv\/az\/section\/menim-fikrimce\/"},{"@type":"ListItem","position":3,"name":"Bu videolar hakimiyy\u0259tin \u0259xlaq\u0131n\u0131n g\u00f6st\u0259ricisidir\u2026"}]},{"@type":"WebSite","@id":"https:\/\/www.meydan.tv\/az\/#website","url":"https:\/\/www.meydan.tv\/az\/","name":"MEYDAN.TV","description":"Meydan TV Az\u0259rbaycan\u0131n media m\u0259kan\u0131ndak\u0131 alternativ s\u0259sidir","publisher":{"@id":"https:\/\/www.meydan.tv\/az\/#organization"},"potentialAction":[{"@type":"SearchAction","target":{"@type":"EntryPoint","urlTemplate":"https:\/\/www.meydan.tv\/az\/?s={search_term_string}"},"query-input":{"@type":"PropertyValueSpecification","valueRequired":true,"valueName":"search_term_string"}}],"inLanguage":"az"},{"@type":"Organization","@id":"https:\/\/www.meydan.tv\/az\/#organization","name":"Meydan TV","url":"https:\/\/www.meydan.tv\/az\/","logo":{"@type":"ImageObject","inLanguage":"az","@id":"https:\/\/www.meydan.tv\/az\/#\/schema\/logo\/image\/","url":"https:\/\/www.meydan.tv\/wp-content\/uploads\/2021\/07\/meydan-logo.svg","contentUrl":"https:\/\/www.meydan.tv\/wp-content\/uploads\/2021\/07\/meydan-logo.svg","width":195,"height":46,"caption":"Meydan TV"},"image":{"@id":"https:\/\/www.meydan.tv\/az\/#\/schema\/logo\/image\/"}},{"@type":"Person","@id":"https:\/\/www.meydan.tv\/az\/#\/schema\/person\/10d11eccf6da3662cf5fdab9806ea91a","name":"user-manager"}]}},"_links":{"self":[{"href":"https:\/\/www.meydan.tv\/az\/wp-json\/wp\/v2\/posts\/176747","targetHints":{"allow":["GET"]}}],"collection":[{"href":"https:\/\/www.meydan.tv\/az\/wp-json\/wp\/v2\/posts"}],"about":[{"href":"https:\/\/www.meydan.tv\/az\/wp-json\/wp\/v2\/types\/post"}],"author":[{"embeddable":true,"href":"https:\/\/www.meydan.tv\/az\/wp-json\/wp\/v2\/users\/11"}],"replies":[{"embeddable":true,"href":"https:\/\/www.meydan.tv\/az\/wp-json\/wp\/v2\/comments?post=176747"}],"version-history":[{"count":0,"href":"https:\/\/www.meydan.tv\/az\/wp-json\/wp\/v2\/posts\/176747\/revisions"}],"wp:featuredmedia":[{"embeddable":true,"href":"https:\/\/www.meydan.tv\/az\/wp-json\/wp\/v2\/media\/60670"}],"wp:attachment":[{"href":"https:\/\/www.meydan.tv\/az\/wp-json\/wp\/v2\/media?parent=176747"}],"wp:term":[{"taxonomy":"category","embeddable":true,"href":"https:\/\/www.meydan.tv\/az\/wp-json\/wp\/v2\/categories?post=176747"},{"taxonomy":"post_tag","embeddable":true,"href":"https:\/\/www.meydan.tv\/az\/wp-json\/wp\/v2\/tags?post=176747"}],"curies":[{"name":"wp","href":"https:\/\/api.w.org\/{rel}","templated":true}]}}