{"id":176629,"date":"2016-06-11T15:26:22","date_gmt":"2016-06-11T15:26:22","guid":{"rendered":"https:\/\/www.meydan.tv\/article\/yeni-quvve-toplumun-feallasmasina-tekan-ola-biler-ii-yazi\/"},"modified":"2016-06-11T15:26:22","modified_gmt":"2016-06-11T15:26:22","slug":"yeni-quvve-toplumun-feallasmasina-tekan-ola-biler-ii-yazi","status":"publish","type":"post","link":"https:\/\/www.meydan.tv\/az\/article\/yeni-quvve-toplumun-feallasmasina-tekan-ola-biler-ii-yazi\/","title":{"rendered":"&#8221;Yeni q\u00fcvv\u0259&#8221; toplumun f\u0259alla\u015fmas\u0131na t\u0259kan ola bil\u0259r? II yaz\u0131"},"content":{"rendered":"<figure class=\"wp-block-image size-large\">\n  <img decoding=\"async\" src=\"https:\/\/www.meydan.tv\/az\/60237\/\" alt=\"\" class=\"wp-image-60237\"\/><figcaption><\/figcaption><\/figure>\n<p>\n  <i><\/i>\n<\/p>\n<figure class=\"wp-block-image size-large\">\n  <img decoding=\"async\" src=\"https:\/\/www.meydan.tv\/az\/60240\/\" alt=\"\" class=\"wp-image-60240\"\/><figcaption><\/figcaption><\/figure>\n<p>\n  <i><br \/>\n    T\u0259zyiql\u0259r\u0259, m\u0259rhumiyy\u0259tl\u0259r\u0259 v\u0259 h\u0259bsl\u0259r\u0259 baxmayaraq hakimiyy\u0259ti z\u0259ifl\u0259tm\u0259k, demokratik d\u0259yi\u015fiklikl\u0259r\u0259 m\u0259cbur etm\u0259k istiqam\u0259tind\u0259 g\u00f6st\u0259rdikl\u0259ri siyasi f\u0259aliyy\u0259td\u0259n bir add\u0131m da geri \u00e7\u0259kilmirl\u0259r<br \/>\n  <\/i>\n<\/p>\n<p>\n  \u201cK\u00f6hn\u0259 iqtidar\u0131n \u201cyeni m\u00fcxalif\u0259t\u201d arzusu d\u0259yi\u015fm\u0259yib\u201d ba\u015fl\u0131ql\u0131 yaz\u0131n\u0131n davam\u0131n\u0131 oxucular\u0131m\u0131z\u0131n r\u0259yin\u0259 t\u0259qdim edir v\u0259 m\u00f6vzu \u0259traf\u0131nda \u0259sas\u0259n siyasi haz\u0131rl\u0131ql\u0131 \u015f\u0259xsl\u0259rin m\u00fczakir\u0259l\u0259rinin faydal\u0131 olaca\u011f\u0131n\u0131 d\u00fc\u015f\u00fcn\u00fcr\u00fck. Bu yaz\u0131da \u201cyeni q\u00fcvv\u0259\u201d haqq\u0131nda hakimiyy\u0259tin, toplumun f\u0259al k\u0259siminin v\u0259 \u201cyeni q\u00fcvv\u0259\u201d iddias\u0131nda olanlar\u0131n bir-birind\u0259n f\u0259rql\u0259n\u0259n yana\u015fmalar\u0131n\u0131 g\u00f6st\u0259rm\u0259y\u0259 \u00e7al\u0131\u015faca\u011f\u0131q. H\u0259m\u00e7inin, m\u00fcxalif\u0259t ad\u0131na iddial\u0131lar\u0131n real t\u0259snifat\u0131na v\u0259 \u201cyeni q\u00fcvv\u0259\u201d nin nec\u0259 t\u0259s\u0259vv\u00fcr olundu\u011funa birlikd\u0259 n\u0259z\u0259r salma\u011f\u0131m\u0131z m\u0259qs\u0259d\u0259 uy\u011fun olar.\n<\/p>\n<\/p>\n<p>\n  <b><br \/>\n    Hakimiyy\u0259tin g\u00f6rm\u0259k ist\u0259diyi \u201cyeni q\u00fcvv\u0259\u201d<br \/>\n  <\/b>\n<\/p>\n<p>\n  Hakimiyy\u0259t birm\u0259nal\u0131 olaraq \u201cyeni q\u00fcvv\u0259\u201dd\u0259n toplumu siyasi bax\u0131mdan manipulyasiya etm\u0259k \u00fc\u00e7\u00fcn yararlanmaq niyy\u0259tind\u0259dir. Onun t\u0259s\u0259vv\u00fcr\u00fc v\u0259 arzusu budur ki, toplumun ictimai \u015f\u00fcurunda q\u0259bul edil\u0259n m\u00fcxalif\u0259t\u0259 qar\u015f\u0131 istifad\u0259 ed\u0259c\u0259yi yeni, daha c\u0259lbedici bir m\u00fcxalif platforma ortaya \u00e7\u0131xs\u0131n. Demokratiyadan \u0259s\u0259r-\u0259lam\u0259t olmayan bir sistemd\u0259 m\u00fcxalif\u0259t daxili \u00e7oxt\u0259r\u0259fli siyasi r\u0259qab\u0259tin, demaqogiyadan ba\u015fqa n\u0259tic\u0259 do\u011furmad\u0131\u011f\u0131 t\u0259cr\u00fcb\u0259l\u0259ri u\u011furla s\u0131naqdan ke\u00e7ib.\n<\/p>\n<p>\n  M\u00fcxalif\u0259t ad\u0131na iddial\u0131lar\u0131n r\u0259ngar\u0259ngliyi hakimiyy\u0259tin uzun ill\u0259rdir b\u00f6y\u00fck maliyy\u0259 s\u0259rf ed\u0259r\u0259k t\u0259tbiq etdiyi sistemli siyas\u0259tinin t\u0259rkib hiss\u0259sidir. Hakimiyy\u0259t m\u00fcxalif\u0259tin s\u0131ras\u0131n\u0131 geni\u015f g\u00f6st\u0259rm\u0259k \u00fc\u00e7\u00fcn siyas\u0259t vitrinin\u0259 s\u00fcni \u015f\u0259kild\u0259 s\u0131r\u0131nm\u0131\u015f \u015f\u0259xsl\u0259ri v\u0259 qurumlar\u0131 m\u00fcxt\u0259lif \u00fcsullarla ayaqda tutma\u011fa \u00e7al\u0131\u015f\u0131r. Bu siyas\u0259tl\u0259 real alternativl\u0259rin t\u0259sir g\u00fcc\u00fcn\u00fc azaltmaq, siyasi yetkinliyi a\u015fa\u011f\u0131 olan \u0259halid\u0259 t\u0259r\u0259dd\u00fcd yaratmaq, toplumun f\u0259al k\u0259simind\u0259 is\u0259 \u00fcmidsizliyi d\u0259rinl\u0259\u015fdirm\u0259y\u0259 \u0259sas\u0259n nail olur.\n<\/p>\n<p>\n  M\u00fc\u015fahid\u0259l\u0259r g\u00f6st\u0259rir ki, avtoritar rejiml\u0259rin m\u00f6vcud oldu\u011fu he\u00e7 bir \u00f6lk\u0259d\u0259 yeni demokratik q\u00fcvv\u0259l\u0259rin yaranmas\u0131 ba\u015f verm\u0259yib. Demokratiyan\u0131 imitasiya ed\u0259n \u00f6lk\u0259l\u0259rd\u0259 is\u0259 h\u00f6kum\u0259t \u201cyeni q\u00fcvv\u0259\u201d tezisi il\u0259 ya \u00f6z korporativ maraqlar\u0131n\u0131 t\u0259min etm\u0259k, ya da diqq\u0259ti siyasi bax\u0131mdan \u00f6z\u00fcn\u0259 t\u0259hl\u00fck\u0259 hesab etdiyi \u0259sas q\u00fcvv\u0259d\u0259n yay\u0131nd\u0131rmaq m\u0259qs\u0259dil\u0259 yararlan\u0131b.\n<\/p>\n<p>\n  Avtoritar idar\u0259etm\u0259 t\u0259f\u0259kk\u00fcr\u00fcn\u00fc m\u0259nims\u0259y\u0259n rejiml\u0259r \u00f6lk\u0259nin demokratikl\u0259\u015fm\u0259si v\u0259 inki\u015faf\u0131 namin\u0259 yeni q\u00fcvv\u0259nin formala\u015fmas\u0131na q\u0259tiyy\u0259n imkan verm\u0259z. Bel\u0259 \u201ct\u0259hl\u00fck\u0259\u201dni hiss etdiyi andan m\u00fctl\u0259q onun sonuna \u00e7\u0131xmaq ist\u0259y\u0259c\u0259k.\n<\/p>\n<p>\n  <b><\/b>\n<\/p>\n<p>\n  <b><br \/>\n    \u201cYeni q\u00fcvv\u0259\u201d iddias\u0131nda olanlar\u0131n \u0259n\u0259n\u0259vi bax\u0131\u015f\u0131<br \/>\n  <\/b>\n<\/p>\n<p>\n  Siyasi f\u0259aliyy\u0259tin qanunvericiliy\u0259 s\u00f6yk\u0259n\u0259n demokratik m\u00fcst\u0259visi yoxdursa, bel\u0259 \u015f\u0259raitd\u0259 yeni v\u0259 k\u00fctl\u0259vi demokratik q\u00fcvv\u0259nin yaranmas\u0131 olduqca \u00e7\u0259tindir. H\u0259yat\u0131n davaml\u0131l\u0131\u011f\u0131 t\u0259dric\u0259n n\u0259sil d\u0259yi\u015fm\u0259l\u0259ri il\u0259 siyasi elitada t\u0259bii d\u0259yi\u015fiklikl\u0259r\u0259 g\u0259tirib \u00e7\u0131xarsa da, bu d\u0259yi\u015fiklik yeni siyasi q\u00fcvv\u0259nin do\u011fulmas\u0131 anlam\u0131na g\u0259l\u0259 bilm\u0259z.\n<\/p>\n<p>\n  \u0130ndiy\u0259 kimi \u00f6z\u00fcn\u00fc \u201cyeni q\u00fcvv\u0259\u201d adland\u0131raraq meydana at\u0131lan \u015f\u0259xsl\u0259rin v\u0259 qurumlar\u0131n \u00f6nc\u0259likl\u0259 h\u0259d\u0259fi \u0259sas\u0259n m\u00fcxalif\u0259t olub. Sanki h\u0259r d\u0259f\u0259 meydana yeni at\u0131lan \u015f\u0259xsl\u0259rin v\u0259 qurumlar\u0131n siyas\u0259td\u0259 ilk s\u0131na\u011f\u0131 \u0259n\u0259n\u0259vi m\u00fcxalif\u0259t\u0259 vurdu\u011fu z\u0259rb\u0259l\u0259rl\u0259 \u00f6l\u00e7\u00fcl\u00fcr. \u201cYeni q\u00fcvv\u0259\u201d iddias\u0131nda olanlar\u0131n m\u00fcxalif\u0259tin indiy\u0259 kimi t\u0259tbiq etdiyi siyasi-t\u0259\u015fkilati metodlardan k\u0259skin \u015f\u0259kild\u0259 f\u0259rql\u0259n\u0259n h\u0259r hans\u0131 yeniliy\u0259 imza atd\u0131\u011f\u0131n\u0131 da m\u00fc\u015fahid\u0259 etm\u0259mi\u015fik.\n<\/p>\n<p>\n  Bu t\u0259sisatlar h\u0259m d\u0259 toplumu inand\u0131rma\u011fa \u00e7al\u0131\u015f\u0131r ki, siyasi d\u0259yi\u015fiklikl\u0259rin u\u011fursuzlu\u011fa d\u00fc\u00e7ar olmas\u0131n\u0131n s\u0259b\u0259bi el\u0259 m\u00fcxalif\u0259tdir. M\u00fcxalif\u0259tin t\u0259nqidin\u0259 istiqam\u0259tl\u0259n\u0259n tezisl\u0259r is\u0259 istisnas\u0131z olaraq hakimiyy\u0259t t\u0259r\u0259find\u0259n haz\u0131rlanan v\u0259 topluma t\u0259lqin edil\u0259n total anti-t\u0259bli\u011fat\u0131n qalib g\u0259l\u0259n n\u00fcmun\u0259sidir.\n<\/p>\n<p>\n  \u00d6z\u00fcn\u00fc t\u0259sdiq etm\u0259k \u00fc\u00e7\u00fcn m\u00f6vcud \u015f\u0259rtl\u0259r alt\u0131nda siyasi u\u011fur qazanmaq xeyli \u00e7\u0259tin olsa da, m\u00fcmk\u00fcns\u00fcz deyil. Siyas\u0259t m\u00fcst\u0259visind\u0259 bel\u0259 u\u011furlu n\u00fcmun\u0259l\u0259r d\u0259 var. M\u00fcxalif\u0259t ad\u0131na iddia ed\u0259r\u0259k h\u0259r add\u0131mba\u015f\u0131 m\u00fcxalif\u0259ti h\u0259d\u0259f\u0259 almaqla siyasi g\u00fcnd\u0259md\u0259 m\u00f6vcud olmaq ac\u0131 istehza il\u0259 qar\u015f\u0131lan\u0131r.\n<\/p>\n<p>\n  X\u00fcsusil\u0259 d\u0259, AXCP-M\u00fcsavat iqtidar\u0131nda t\u0259msil olunmama\u011f\u0131 hans\u0131sa \u00fcst\u00fcnl\u00fck kimi t\u0259qdim ed\u0259r\u0259k siyasi iddia ir\u0259li s\u00fcrm\u0259k, tamamil\u0259 hakimiyy\u0259tin m\u00fcxalif\u0259t\u0259 qar\u015f\u0131 anti-tezisl\u0259rini g\u00fccl\u0259ndirm\u0259k \u00fc\u00e7\u00fcn s\u0259rgil\u0259n\u0259n davran\u0131\u015f kimi g\u00f6r\u00fcn\u00fcr.\n<\/p>\n<p>\n  Ger\u00e7\u0259kd\u0259n s\u0259mimi \u015f\u0259kild\u0259 yeni q\u00fcvv\u0259 olmaq iddias\u0131nda olanlar hakimiyy\u0259t\u0259 s\u0259rf ed\u0259n \u0259n\u0259n\u0259vi bax\u0131\u015f buca\u011f\u0131n\u0131 d\u0259yi\u015fm\u0259lidir. M\u00fcxalif\u0259ti q\u0259tiyy\u0259n h\u0259d\u0259f almamal\u0131d\u0131r. \u018fvv\u0259lki d\u00f6vr\u00fcn \u015f\u0259rtl\u0259ri indi \u00e7ox d\u0259yi\u015fib. Sosial media, sosial \u015f\u0259b\u0259k\u0259l\u0259r yeni ictimai m\u00fchit yarad\u0131b. Toplumu manipulyasiya etm\u0259k \u00fc\u00e7\u00fcn meydana \u00e7\u0131xan \u201cyeni q\u00fcvv\u0259\u201d \u00e7ox da n\u0259z\u0259r\u0259 \u00e7arpacaq u\u011fur qazana bilm\u0259z v\u0259 q\u0131sa m\u00fcdd\u0259t i\u00e7\u0259risind\u0259 if\u015fa olunacaq.\n<\/p>\n<p>\n  <b><\/b>\n<\/p>\n<p>\n  <b><br \/>\n    Toplumun f\u0259al k\u0259simi \u201cyeni q\u00fcvv\u0259\u201d axtar\u0131r?<br \/>\n  <\/b>\n<\/p>\n<p>\n  Real siyasi q\u00fcvv\u0259l\u0259rin uzun ill\u0259r m\u00fcxalif\u0259td\u0259 qalmas\u0131 toplumda bel\u0259 t\u0259s\u0259vv\u00fcr yarad\u0131b ki, b\u0259lk\u0259 d\u0259 yeni demokratik q\u00fcvv\u0259nin meydana \u00e7\u0131xmas\u0131 siyasi durumu k\u00f6kl\u00fc sur\u0259td\u0259 d\u0259yi\u015f\u0259 bil\u0259r. H\u0259tta iqtidar\u0131n yeni q\u00fcvv\u0259l\u0259rl\u0259 dil tapaca\u011f\u0131na v\u0259 siyasi islahatlara meyll\u0259n\u0259c\u0259yin\u0259 h\u0259l\u0259 d\u0259 sad\u0259l\u00f6vc\u0259sin\u0259 inanan insanlar var. \u0130qtidar yetkilil\u0259ri d\u0259 toplumun bu yana\u015fmas\u0131ndan faydalanmaq, \u0259sas m\u00fcxalif\u0259ti siyasi s\u0259hn\u0259d\u0259n s\u0131x\u0131\u015fd\u0131rmaq v\u0259 m\u00fcxalif elektoratda t\u0259r\u0259dd\u00fcd yaratmaq \u00fc\u00e7\u00fcn yararlanma\u011fa c\u0259hd edir.\n<\/p>\n<\/p>\n<p>\n  T\u0259\u0259ss\u00fcf ki, b\u0259z\u0259n toplumun f\u0259al k\u0259simi d\u0259 prinsipial m\u00fcxalif\u0259t\u00e7iliyin m\u00fcsb\u0259t \u0259n\u0259n\u0259si il\u0259 \u0259n\u0259n\u0259vi m\u00fcxalif\u0259ti ucdantutma eynil\u0259\u015fdirir. \u018fslind\u0259 is\u0259 \u0259n\u0259n\u0259vi m\u00fcxalif\u0259t kimi t\u0259qdim edil\u0259nl\u0259rin he\u00e7 d\u0259 ham\u0131s\u0131 prinsipial m\u00fcxalif\u0259t\u00e7ilik \u0259n\u0259n\u0259sin\u0259 sadiq deyil. \u00d6lk\u0259d\u0259 m\u00f6vcud olan prinsipial m\u00fcxalif\u0259t\u00e7ilik \u0259n\u0259n\u0259si kifay\u0259t q\u0259d\u0259r d\u0259rin k\u00f6kl\u0259r\u0259 v\u0259 n\u00fcfuza malikdir. T\u0259sad\u00fcfi deyil ki, toplumun siyasi haz\u0131rl\u0131ql\u0131 f\u0259al k\u0259simi \u00fc\u00e7\u00fcn d\u0259 yeni q\u00fcvv\u0259 deyil, \u0259sas q\u00fcvv\u0259 daha c\u0259lbedicidir.\n<\/p>\n<p>\n  Hakimiyy\u0259ti \u0259n\u0259n\u0259vi m\u00fcxalif\u0259t deyil, prinsipial m\u00fcxalif\u0259t\u00e7ilik \u0259n\u0259n\u0259si daha \u00e7ox narahat edir v\u0259 he\u00e7 bir vasit\u0259 il\u0259 bu yana\u015fman\u0131 d\u0259yi\u015fdirm\u0259y\u0259 nail ola bilm\u0259yib. H\u0259tta tamamil\u0259 g\u0259nc n\u0259slin n\u00fcmay\u0259nd\u0259l\u0259rind\u0259n ibar\u0259t yeni simalar var ki, \u0259n a\u011f\u0131r \u015f\u0259rtl\u0259r alt\u0131nda bel\u0259 prinsipial m\u00fcxalif\u0259t\u00e7ilik \u0259n\u0259n\u0259sini u\u011furla davam etdirirl\u0259r.\n<\/p>\n<\/p>\n<p>\n  <b><br \/>\n    M\u00fcxalif\u0259t ad\u0131na iddia ed\u0259nl\u0259rin real t\u0259snifat\u0131<br \/>\n  <\/b>\n<\/p>\n<p>\n  F\u00fcrs\u0259td\u0259n istifad\u0259 ed\u0259r\u0259k m\u00fcxalif\u0259ti \u00fcmumi \u015f\u0259kild\u0259 t\u0259snifatla\u015fd\u0131rmaqla qeyd etm\u0259k ist\u0259yirik ki, yeni yaranacaq ist\u0259nil\u0259n q\u00fcvv\u0259 bu m\u00f6vcud t\u0259snifatdan k\u0259narda ola bilm\u0259z. Q\u0131sa zaman i\u00e7\u0259risind\u0259 onun harda oldu\u011funu m\u00fc\u0259yy\u0259n etm\u0259k m\u00fcmk\u00fcn olacaq.\n<\/p>\n<p>\n  <b><br \/>\n    Birincisi,<br \/>\n  <\/b><br \/>\n  m\u00f6vcud rejimi d\u0259yi\u015fm\u0259k u\u011frunda prinsipial v\u0259 g\u00fcz\u0259\u015ftsiz m\u00fcbariz\u0259 aparanlard\u0131r. Bunlar hakimiyy\u0259ti b\u00fct\u00f6vl\u00fckd\u0259 s\u0259rt t\u0259nqid ed\u0259r\u0259k b\u00fct\u00fcn resurslar\u0131n\u0131 naraz\u0131 insanlar\u0131 s\u0259f\u0259rb\u0259r etm\u0259y\u0259 v\u0259 f\u00fcrs\u0259t d\u00fc\u015fd\u00fckc\u0259 etirazlar\u0131n t\u0259\u015fkil olunmas\u0131na \u00e7al\u0131\u015f\u0131rlar. T\u0259zyiql\u0259r\u0259, m\u0259rhumiyy\u0259tl\u0259r\u0259 v\u0259 h\u0259bsl\u0259r\u0259 baxmayaraq hakimiyy\u0259ti z\u0259ifl\u0259tm\u0259k, demokratik d\u0259yi\u015fiklikl\u0259r\u0259 m\u0259cbur etm\u0259k istiqam\u0259tind\u0259 g\u00f6st\u0259rdikl\u0259ri siyasi f\u0259aliyy\u0259td\u0259n bir add\u0131m da geri \u00e7\u0259kilmirl\u0259r. Toplumun maraqlar\u0131n\u0131 \u00f6z siyasi maraqlar\u0131ndan \u00fcst\u00fcn tutma\u011fa \u00e7al\u0131\u015fan bu q\u00fcvv\u0259l\u0259r\u0259 qar\u015f\u0131 h\u00f6kum\u0259t v\u0259 ona yax\u0131n q\u00fcvv\u0259l\u0259r \u0259n bar\u0131\u015fmaz m\u00f6vqe s\u0259rgil\u0259yir.\n<\/p>\n<p>\n  <b><br \/>\n    \u0130kincisi,<br \/>\n  <\/b><br \/>\n  hakimiyy\u0259t\u0259 a\u00e7\u0131q m\u00fcxalif\u0259t\u00e7\u0131l\u0131k etm\u0259kl\u0259 yana\u015f\u0131, onun d\u0259yi\u015fm\u0259sind\u0259 d\u0259 maraql\u0131d\u0131rlar. Lakin, iqtidar davam etdiyi m\u00fcdd\u0259td\u0259 onun z\u0259rb\u0259l\u0259rind\u0259n maksimum yay\u0131nma\u011fa v\u0259 h\u0259tta f\u00fcrs\u0259t d\u00fc\u015fd\u00fckc\u0259 ondan yararlanaraq \u00f6z mararaqlar\u0131n\u0131 t\u0259min etm\u0259y\u0259 \u00e7al\u0131\u015f\u0131rlar. Maraqlar\u0131na uy\u011fun g\u0259ldikd\u0259 gah prinsipial m\u00fcxalif\u0259tl\u0259 birg\u0259 m\u00fcbariz\u0259d\u0259 yer al\u0131r, gah da hakimiyy\u0259tin imitasiya siyas\u0259tind\u0259 vasit\u0259y\u0259 \u00e7evrilirl\u0259r. Bu q\u00fcvv\u0259l\u0259ri h\u0259r bir cinahda m\u00fc\u015fahid\u0259 etm\u0259k m\u00fcmk\u00fcnd\u00fcr. Onlar m\u00fcxalif\u0259tin b\u00fct\u00fcn spektri il\u0259 \u0259m\u0259kda\u015fl\u0131\u011fa v\u0259 dialoqa a\u00e7\u0131qd\u0131rlar.\n<\/p>\n<p>\n  <b><br \/>\n    \u00dc\u00e7\u00fcnc\u00fcs\u00fc<br \/>\n  <\/b><br \/>\n  is\u0259 m\u00fcxalif\u0259t ad\u0131 alt\u0131nda rejim\u0259 xidm\u0259t ed\u0259nl\u0259rdir. Onlar hakimiyy\u0259ti g\u00fccl\u0259ndirm\u0259k m\u0259qs\u0259dil\u0259 a\u00e7\u0131q v\u0259 gizli f\u0259aliyy\u0259t g\u00f6st\u0259rirl\u0259r. H\u0259r bir strateji add\u0131mlar\u0131 h\u00f6kum\u0259t\u0259 d\u0259st\u0259k \u00fc\u00e7\u00fcn at\u0131l\u0131r. \u018fsas h\u0259d\u0259fl\u0259ri is\u0259 prinsipial m\u00fcxalif\u0259t\u00e7ilik \u0259n\u0259n\u0259sin\u0259 sadiq olan m\u00fcxalif\u0259tdir.\n<\/p>\n<\/p>\n<p>\n  <b><br \/>\n    \u201cYeni q\u00fcvv\u0259\u201d tezisl\u0259ri kimin mara\u011f\u0131ndad\u0131r?<br \/>\n  <\/b>\n<\/p>\n<p>\n  M\u0259qs\u0259dimiz yeni q\u00fcvv\u0259l\u0259rin yaranmas\u0131na k\u00f6lg\u0259 salmaq yox, onun daha sa\u011flam \u0259saslar \u00fcz\u0259rind\u0259 formala\u015fmas\u0131na yard\u0131m\u00e7\u0131 olmaqd\u0131r. N\u0259 q\u0259d\u0259r ki, \u201cyeni q\u00fcvv\u0259\u201d anlay\u0131\u015f\u0131 yeni yana\u015fmalarla deyil, yeni simalarla v\u0259 qurumlarla t\u0259s\u0259vv\u00fcr edilir, hans\u0131sa yeni q\u00fcvv\u0259d\u0259n dan\u0131\u015fmaq \u0259b\u0259sdir.\n<\/p>\n<p>\n  \u00d6lk\u0259d\u0259 yeni q\u00fcvv\u0259 varm\u0131 v\u0259 onlar hans\u0131d\u0131r? 2018-ci ilin Prezident se\u00e7kisind\u0259 \u201cyeni q\u00fcvv\u0259\u201d tezisi aktual olacaqm\u0131? Yax\u0131n vaxtlarda meydana yeni demokratik q\u00fcvv\u0259l\u0259r \u00e7\u0131xa bil\u0259rmi? Hakimiyy\u0259t daxilind\u0259n v\u0259 ya radikal dini q\u00fcvv\u0259l\u0259rin s\u0131ras\u0131ndan meydana yeni q\u00fcvv\u0259 \u00e7\u0131xmas\u0131 perspektivi varm\u0131? Anti-demokratik \u015f\u0259raitd\u0259 yeni q\u00fcvv\u0259 t\u0259dric\u0259n formala\u015facaq, yoxsa anid\u0259n meydana \u00e7\u0131xacaq? Bu kimi suallar \u0259traf\u0131nda b\u0259zi ayd\u0131n cavablar olsa da, pe\u015f\u0259kar m\u00fczakir\u0259l\u0259rin h\u0259l\u0259 davam ed\u0259c\u0259yini d\u0259 istisna etmirik.\n<\/p>\n<p>\n  \u0130lkin q\u0259na\u0259timiz budur ki, \u201cyeni q\u00fcvv\u0259\u201d tezisl\u0259ri daha \u00e7ox iqtidar\u0131n v\u0259 ona yax\u0131n \u00e7evr\u0259l\u0259rin t\u0259qdimat\u0131nda qabard\u0131lacaq. Tamamil\u0259 t\u0259sad\u00fcfi se\u00e7m\u0259 \u00fcsullar\u0131 il\u0259 apard\u0131\u011f\u0131m\u0131z monitorinql\u0259r \u0259sas\u0131nda dey\u0259 bil\u0259rik ki, probleml\u0259rd\u0259n, h\u00fcquqsuzluqdan, qanunsuzluqdan \u0259ziyy\u0259t \u00e7\u0259k\u0259n naraz\u0131 toplumun siyasi m\u00fczakir\u0259l\u0259rind\u0259 yeni m\u00fcxalif q\u00fcvv\u0259 axtar\u0131\u015flar\u0131na \u00e7ox az rast g\u0259linir.\n<\/p>\n<\/p>\n<p>\n  <b><br \/>\n    (Bu m\u00f6vzu \u0259traf\u0131nda ara\u015fd\u0131rmalar\u0131m\u0131z davam ed\u0259c\u0259k)<br \/>\n  <\/b><\/p>\n","protected":false},"excerpt":{"rendered":"<p>T\u0259zyiql\u0259r\u0259, m\u0259rhumiyy\u0259tl\u0259r\u0259 v\u0259 h\u0259bsl\u0259r\u0259 baxmayaraq hakimiyy\u0259ti z\u0259ifl\u0259tm\u0259k, demokratik d\u0259yi\u015fiklikl\u0259r\u0259 m\u0259cbur etm\u0259k istiqam\u0259tind\u0259 g\u00f6st\u0259rdikl\u0259ri siyasi f\u0259aliyy\u0259td\u0259n bir add\u0131m da geri \u00e7\u0259kilmirl\u0259r<\/p>\n","protected":false},"author":11,"featured_media":60237,"comment_status":"closed","ping_status":"open","sticky":false,"template":"","format":"standard","meta":{"_acf_changed":false,"_sitemap_exclude":false,"_sitemap_priority":"","_sitemap_frequency":"","footnotes":""},"categories":[51],"tags":[],"class_list":["post-176629","post","type-post","status-publish","format-standard","has-post-thumbnail","hentry","category-analitika","infinite-scroll-item","generate-columns","tablet-grid-50","mobile-grid-100","grid-parent","grid-33","no-featured-image-padding"],"acf":[],"yoast_head":"<!-- This site is optimized with the Yoast SEO plugin v27.5 - https:\/\/yoast.com\/product\/yoast-seo-wordpress\/ -->\n<title>&#039;&#039;Yeni q\u00fcvv\u0259&#039;&#039; toplumun f\u0259alla\u015fmas\u0131na t\u0259kan ola bil\u0259r? II yaz\u0131 - MEYDAN.TV<\/title>\n<meta name=\"robots\" content=\"index, follow, max-snippet:-1, max-image-preview:large, max-video-preview:-1\" \/>\n<link rel=\"canonical\" href=\"https:\/\/www.meydan.tv\/az\/article\/yeni-quvve-toplumun-feallasmasina-tekan-ola-biler-ii-yazi\/\" \/>\n<meta property=\"og:locale\" content=\"az_AZ\" \/>\n<meta property=\"og:type\" content=\"article\" \/>\n<meta property=\"og:title\" content=\"&#039;&#039;Yeni q\u00fcvv\u0259&#039;&#039; toplumun f\u0259alla\u015fmas\u0131na t\u0259kan ola bil\u0259r? II yaz\u0131 - MEYDAN.TV\" \/>\n<meta property=\"og:description\" content=\"T\u0259zyiql\u0259r\u0259, m\u0259rhumiyy\u0259tl\u0259r\u0259 v\u0259 h\u0259bsl\u0259r\u0259 baxmayaraq hakimiyy\u0259ti z\u0259ifl\u0259tm\u0259k, demokratik d\u0259yi\u015fiklikl\u0259r\u0259 m\u0259cbur etm\u0259k istiqam\u0259tind\u0259 g\u00f6st\u0259rdikl\u0259ri siyasi f\u0259aliyy\u0259td\u0259n bir add\u0131m da geri \u00e7\u0259kilmirl\u0259r\" \/>\n<meta property=\"og:url\" content=\"https:\/\/www.meydan.tv\/az\/article\/yeni-quvve-toplumun-feallasmasina-tekan-ola-biler-ii-yazi\/\" \/>\n<meta property=\"og:site_name\" content=\"MEYDAN.TV\" \/>\n<meta property=\"article:published_time\" content=\"2016-06-11T15:26:22+00:00\" \/>\n<meta property=\"og:image\" content=\"https:\/\/www.meydan.tv\/wp-content\/uploads\/22884.jpg\" \/>\n\t<meta property=\"og:image:width\" content=\"576\" \/>\n\t<meta property=\"og:image:height\" content=\"350\" \/>\n\t<meta property=\"og:image:type\" content=\"image\/jpeg\" \/>\n<meta name=\"author\" content=\"user-manager\" \/>\n<meta name=\"twitter:card\" content=\"summary_large_image\" \/>\n<script type=\"application\/ld+json\" class=\"yoast-schema-graph\">{\"@context\":\"https:\\\/\\\/schema.org\",\"@graph\":[{\"@type\":\"Article\",\"@id\":\"https:\\\/\\\/www.meydan.tv\\\/az\\\/article\\\/yeni-quvve-toplumun-feallasmasina-tekan-ola-biler-ii-yazi\\\/#article\",\"isPartOf\":{\"@id\":\"https:\\\/\\\/www.meydan.tv\\\/az\\\/article\\\/yeni-quvve-toplumun-feallasmasina-tekan-ola-biler-ii-yazi\\\/\"},\"author\":{\"name\":\"user-manager\",\"@id\":\"https:\\\/\\\/www.meydan.tv\\\/az\\\/#\\\/schema\\\/person\\\/10d11eccf6da3662cf5fdab9806ea91a\"},\"headline\":\"&#8221;Yeni q\u00fcvv\u0259&#8221; toplumun f\u0259alla\u015fmas\u0131na t\u0259kan ola bil\u0259r? II yaz\u0131\",\"datePublished\":\"2016-06-11T15:26:22+00:00\",\"mainEntityOfPage\":{\"@id\":\"https:\\\/\\\/www.meydan.tv\\\/az\\\/article\\\/yeni-quvve-toplumun-feallasmasina-tekan-ola-biler-ii-yazi\\\/\"},\"wordCount\":2000,\"publisher\":{\"@id\":\"https:\\\/\\\/www.meydan.tv\\\/az\\\/#organization\"},\"image\":{\"@id\":\"https:\\\/\\\/www.meydan.tv\\\/az\\\/article\\\/yeni-quvve-toplumun-feallasmasina-tekan-ola-biler-ii-yazi\\\/#primaryimage\"},\"thumbnailUrl\":\"https:\\\/\\\/www.meydan.tv\\\/wp-content\\\/uploads\\\/22884.jpg\",\"articleSection\":[\"Analitika\"],\"inLanguage\":\"az\"},{\"@type\":\"WebPage\",\"@id\":\"https:\\\/\\\/www.meydan.tv\\\/az\\\/article\\\/yeni-quvve-toplumun-feallasmasina-tekan-ola-biler-ii-yazi\\\/\",\"url\":\"https:\\\/\\\/www.meydan.tv\\\/az\\\/article\\\/yeni-quvve-toplumun-feallasmasina-tekan-ola-biler-ii-yazi\\\/\",\"name\":\"''Yeni q\u00fcvv\u0259'' toplumun f\u0259alla\u015fmas\u0131na t\u0259kan ola bil\u0259r? II yaz\u0131 - MEYDAN.TV\",\"isPartOf\":{\"@id\":\"https:\\\/\\\/www.meydan.tv\\\/az\\\/#website\"},\"primaryImageOfPage\":{\"@id\":\"https:\\\/\\\/www.meydan.tv\\\/az\\\/article\\\/yeni-quvve-toplumun-feallasmasina-tekan-ola-biler-ii-yazi\\\/#primaryimage\"},\"image\":{\"@id\":\"https:\\\/\\\/www.meydan.tv\\\/az\\\/article\\\/yeni-quvve-toplumun-feallasmasina-tekan-ola-biler-ii-yazi\\\/#primaryimage\"},\"thumbnailUrl\":\"https:\\\/\\\/www.meydan.tv\\\/wp-content\\\/uploads\\\/22884.jpg\",\"datePublished\":\"2016-06-11T15:26:22+00:00\",\"breadcrumb\":{\"@id\":\"https:\\\/\\\/www.meydan.tv\\\/az\\\/article\\\/yeni-quvve-toplumun-feallasmasina-tekan-ola-biler-ii-yazi\\\/#breadcrumb\"},\"inLanguage\":\"az\",\"potentialAction\":[{\"@type\":\"ReadAction\",\"target\":[\"https:\\\/\\\/www.meydan.tv\\\/az\\\/article\\\/yeni-quvve-toplumun-feallasmasina-tekan-ola-biler-ii-yazi\\\/\"]}]},{\"@type\":\"ImageObject\",\"inLanguage\":\"az\",\"@id\":\"https:\\\/\\\/www.meydan.tv\\\/az\\\/article\\\/yeni-quvve-toplumun-feallasmasina-tekan-ola-biler-ii-yazi\\\/#primaryimage\",\"url\":\"https:\\\/\\\/www.meydan.tv\\\/wp-content\\\/uploads\\\/22884.jpg\",\"contentUrl\":\"https:\\\/\\\/www.meydan.tv\\\/wp-content\\\/uploads\\\/22884.jpg\",\"width\":576,\"height\":350,\"caption\":\"Source:\"},{\"@type\":\"BreadcrumbList\",\"@id\":\"https:\\\/\\\/www.meydan.tv\\\/az\\\/article\\\/yeni-quvve-toplumun-feallasmasina-tekan-ola-biler-ii-yazi\\\/#breadcrumb\",\"itemListElement\":[{\"@type\":\"ListItem\",\"position\":1,\"name\":\"Ana s\u0259hif\u0259\",\"item\":\"https:\\\/\\\/www.meydan.tv\\\/az\\\/\"},{\"@type\":\"ListItem\",\"position\":2,\"name\":\"Analitika\",\"item\":\"https:\\\/\\\/www.meydan.tv\\\/az\\\/section\\\/analitika\\\/\"},{\"@type\":\"ListItem\",\"position\":3,\"name\":\"&#8221;Yeni q\u00fcvv\u0259&#8221; toplumun f\u0259alla\u015fmas\u0131na t\u0259kan ola bil\u0259r? II yaz\u0131\"}]},{\"@type\":\"WebSite\",\"@id\":\"https:\\\/\\\/www.meydan.tv\\\/az\\\/#website\",\"url\":\"https:\\\/\\\/www.meydan.tv\\\/az\\\/\",\"name\":\"MEYDAN.TV\",\"description\":\"Meydan TV Az\u0259rbaycan\u0131n media m\u0259kan\u0131ndak\u0131 alternativ s\u0259sidir\",\"publisher\":{\"@id\":\"https:\\\/\\\/www.meydan.tv\\\/az\\\/#organization\"},\"potentialAction\":[{\"@type\":\"SearchAction\",\"target\":{\"@type\":\"EntryPoint\",\"urlTemplate\":\"https:\\\/\\\/www.meydan.tv\\\/az\\\/?s={search_term_string}\"},\"query-input\":{\"@type\":\"PropertyValueSpecification\",\"valueRequired\":true,\"valueName\":\"search_term_string\"}}],\"inLanguage\":\"az\"},{\"@type\":\"Organization\",\"@id\":\"https:\\\/\\\/www.meydan.tv\\\/az\\\/#organization\",\"name\":\"Meydan TV\",\"url\":\"https:\\\/\\\/www.meydan.tv\\\/az\\\/\",\"logo\":{\"@type\":\"ImageObject\",\"inLanguage\":\"az\",\"@id\":\"https:\\\/\\\/www.meydan.tv\\\/az\\\/#\\\/schema\\\/logo\\\/image\\\/\",\"url\":\"https:\\\/\\\/www.meydan.tv\\\/wp-content\\\/uploads\\\/2021\\\/07\\\/meydan-logo.svg\",\"contentUrl\":\"https:\\\/\\\/www.meydan.tv\\\/wp-content\\\/uploads\\\/2021\\\/07\\\/meydan-logo.svg\",\"width\":195,\"height\":46,\"caption\":\"Meydan TV\"},\"image\":{\"@id\":\"https:\\\/\\\/www.meydan.tv\\\/az\\\/#\\\/schema\\\/logo\\\/image\\\/\"}},{\"@type\":\"Person\",\"@id\":\"https:\\\/\\\/www.meydan.tv\\\/az\\\/#\\\/schema\\\/person\\\/10d11eccf6da3662cf5fdab9806ea91a\",\"name\":\"user-manager\"}]}<\/script>\n<!-- \/ Yoast SEO plugin. -->","yoast_head_json":{"title":"''Yeni q\u00fcvv\u0259'' toplumun f\u0259alla\u015fmas\u0131na t\u0259kan ola bil\u0259r? II yaz\u0131 - MEYDAN.TV","robots":{"index":"index","follow":"follow","max-snippet":"max-snippet:-1","max-image-preview":"max-image-preview:large","max-video-preview":"max-video-preview:-1"},"canonical":"https:\/\/www.meydan.tv\/az\/article\/yeni-quvve-toplumun-feallasmasina-tekan-ola-biler-ii-yazi\/","og_locale":"az_AZ","og_type":"article","og_title":"''Yeni q\u00fcvv\u0259'' toplumun f\u0259alla\u015fmas\u0131na t\u0259kan ola bil\u0259r? II yaz\u0131 - MEYDAN.TV","og_description":"T\u0259zyiql\u0259r\u0259, m\u0259rhumiyy\u0259tl\u0259r\u0259 v\u0259 h\u0259bsl\u0259r\u0259 baxmayaraq hakimiyy\u0259ti z\u0259ifl\u0259tm\u0259k, demokratik d\u0259yi\u015fiklikl\u0259r\u0259 m\u0259cbur etm\u0259k istiqam\u0259tind\u0259 g\u00f6st\u0259rdikl\u0259ri siyasi f\u0259aliyy\u0259td\u0259n bir add\u0131m da geri \u00e7\u0259kilmirl\u0259r","og_url":"https:\/\/www.meydan.tv\/az\/article\/yeni-quvve-toplumun-feallasmasina-tekan-ola-biler-ii-yazi\/","og_site_name":"MEYDAN.TV","article_published_time":"2016-06-11T15:26:22+00:00","og_image":[{"width":576,"height":350,"url":"https:\/\/www.meydan.tv\/wp-content\/uploads\/22884.jpg","type":"image\/jpeg"}],"author":"user-manager","twitter_card":"summary_large_image","schema":{"@context":"https:\/\/schema.org","@graph":[{"@type":"Article","@id":"https:\/\/www.meydan.tv\/az\/article\/yeni-quvve-toplumun-feallasmasina-tekan-ola-biler-ii-yazi\/#article","isPartOf":{"@id":"https:\/\/www.meydan.tv\/az\/article\/yeni-quvve-toplumun-feallasmasina-tekan-ola-biler-ii-yazi\/"},"author":{"name":"user-manager","@id":"https:\/\/www.meydan.tv\/az\/#\/schema\/person\/10d11eccf6da3662cf5fdab9806ea91a"},"headline":"&#8221;Yeni q\u00fcvv\u0259&#8221; toplumun f\u0259alla\u015fmas\u0131na t\u0259kan ola bil\u0259r? II yaz\u0131","datePublished":"2016-06-11T15:26:22+00:00","mainEntityOfPage":{"@id":"https:\/\/www.meydan.tv\/az\/article\/yeni-quvve-toplumun-feallasmasina-tekan-ola-biler-ii-yazi\/"},"wordCount":2000,"publisher":{"@id":"https:\/\/www.meydan.tv\/az\/#organization"},"image":{"@id":"https:\/\/www.meydan.tv\/az\/article\/yeni-quvve-toplumun-feallasmasina-tekan-ola-biler-ii-yazi\/#primaryimage"},"thumbnailUrl":"https:\/\/www.meydan.tv\/wp-content\/uploads\/22884.jpg","articleSection":["Analitika"],"inLanguage":"az"},{"@type":"WebPage","@id":"https:\/\/www.meydan.tv\/az\/article\/yeni-quvve-toplumun-feallasmasina-tekan-ola-biler-ii-yazi\/","url":"https:\/\/www.meydan.tv\/az\/article\/yeni-quvve-toplumun-feallasmasina-tekan-ola-biler-ii-yazi\/","name":"''Yeni q\u00fcvv\u0259'' toplumun f\u0259alla\u015fmas\u0131na t\u0259kan ola bil\u0259r? II yaz\u0131 - MEYDAN.TV","isPartOf":{"@id":"https:\/\/www.meydan.tv\/az\/#website"},"primaryImageOfPage":{"@id":"https:\/\/www.meydan.tv\/az\/article\/yeni-quvve-toplumun-feallasmasina-tekan-ola-biler-ii-yazi\/#primaryimage"},"image":{"@id":"https:\/\/www.meydan.tv\/az\/article\/yeni-quvve-toplumun-feallasmasina-tekan-ola-biler-ii-yazi\/#primaryimage"},"thumbnailUrl":"https:\/\/www.meydan.tv\/wp-content\/uploads\/22884.jpg","datePublished":"2016-06-11T15:26:22+00:00","breadcrumb":{"@id":"https:\/\/www.meydan.tv\/az\/article\/yeni-quvve-toplumun-feallasmasina-tekan-ola-biler-ii-yazi\/#breadcrumb"},"inLanguage":"az","potentialAction":[{"@type":"ReadAction","target":["https:\/\/www.meydan.tv\/az\/article\/yeni-quvve-toplumun-feallasmasina-tekan-ola-biler-ii-yazi\/"]}]},{"@type":"ImageObject","inLanguage":"az","@id":"https:\/\/www.meydan.tv\/az\/article\/yeni-quvve-toplumun-feallasmasina-tekan-ola-biler-ii-yazi\/#primaryimage","url":"https:\/\/www.meydan.tv\/wp-content\/uploads\/22884.jpg","contentUrl":"https:\/\/www.meydan.tv\/wp-content\/uploads\/22884.jpg","width":576,"height":350,"caption":"Source:"},{"@type":"BreadcrumbList","@id":"https:\/\/www.meydan.tv\/az\/article\/yeni-quvve-toplumun-feallasmasina-tekan-ola-biler-ii-yazi\/#breadcrumb","itemListElement":[{"@type":"ListItem","position":1,"name":"Ana s\u0259hif\u0259","item":"https:\/\/www.meydan.tv\/az\/"},{"@type":"ListItem","position":2,"name":"Analitika","item":"https:\/\/www.meydan.tv\/az\/section\/analitika\/"},{"@type":"ListItem","position":3,"name":"&#8221;Yeni q\u00fcvv\u0259&#8221; toplumun f\u0259alla\u015fmas\u0131na t\u0259kan ola bil\u0259r? II yaz\u0131"}]},{"@type":"WebSite","@id":"https:\/\/www.meydan.tv\/az\/#website","url":"https:\/\/www.meydan.tv\/az\/","name":"MEYDAN.TV","description":"Meydan TV Az\u0259rbaycan\u0131n media m\u0259kan\u0131ndak\u0131 alternativ s\u0259sidir","publisher":{"@id":"https:\/\/www.meydan.tv\/az\/#organization"},"potentialAction":[{"@type":"SearchAction","target":{"@type":"EntryPoint","urlTemplate":"https:\/\/www.meydan.tv\/az\/?s={search_term_string}"},"query-input":{"@type":"PropertyValueSpecification","valueRequired":true,"valueName":"search_term_string"}}],"inLanguage":"az"},{"@type":"Organization","@id":"https:\/\/www.meydan.tv\/az\/#organization","name":"Meydan TV","url":"https:\/\/www.meydan.tv\/az\/","logo":{"@type":"ImageObject","inLanguage":"az","@id":"https:\/\/www.meydan.tv\/az\/#\/schema\/logo\/image\/","url":"https:\/\/www.meydan.tv\/wp-content\/uploads\/2021\/07\/meydan-logo.svg","contentUrl":"https:\/\/www.meydan.tv\/wp-content\/uploads\/2021\/07\/meydan-logo.svg","width":195,"height":46,"caption":"Meydan TV"},"image":{"@id":"https:\/\/www.meydan.tv\/az\/#\/schema\/logo\/image\/"}},{"@type":"Person","@id":"https:\/\/www.meydan.tv\/az\/#\/schema\/person\/10d11eccf6da3662cf5fdab9806ea91a","name":"user-manager"}]}},"_links":{"self":[{"href":"https:\/\/www.meydan.tv\/az\/wp-json\/wp\/v2\/posts\/176629","targetHints":{"allow":["GET"]}}],"collection":[{"href":"https:\/\/www.meydan.tv\/az\/wp-json\/wp\/v2\/posts"}],"about":[{"href":"https:\/\/www.meydan.tv\/az\/wp-json\/wp\/v2\/types\/post"}],"author":[{"embeddable":true,"href":"https:\/\/www.meydan.tv\/az\/wp-json\/wp\/v2\/users\/11"}],"replies":[{"embeddable":true,"href":"https:\/\/www.meydan.tv\/az\/wp-json\/wp\/v2\/comments?post=176629"}],"version-history":[{"count":0,"href":"https:\/\/www.meydan.tv\/az\/wp-json\/wp\/v2\/posts\/176629\/revisions"}],"wp:featuredmedia":[{"embeddable":true,"href":"https:\/\/www.meydan.tv\/az\/wp-json\/wp\/v2\/media\/60237"}],"wp:attachment":[{"href":"https:\/\/www.meydan.tv\/az\/wp-json\/wp\/v2\/media?parent=176629"}],"wp:term":[{"taxonomy":"category","embeddable":true,"href":"https:\/\/www.meydan.tv\/az\/wp-json\/wp\/v2\/categories?post=176629"},{"taxonomy":"post_tag","embeddable":true,"href":"https:\/\/www.meydan.tv\/az\/wp-json\/wp\/v2\/tags?post=176629"}],"curies":[{"name":"wp","href":"https:\/\/api.w.org\/{rel}","templated":true}]}}