{"id":176574,"date":"2016-06-09T17:41:08","date_gmt":"2016-06-09T17:41:08","guid":{"rendered":"https:\/\/www.meydan.tv\/article\/ilham-eliyevin-hedefde-menem-mesajinin-gizlinleri\/"},"modified":"2016-06-09T17:41:08","modified_gmt":"2016-06-09T17:41:08","slug":"ilham-eliyevin-hedefde-menem-mesajinin-gizlinleri","status":"publish","type":"post","link":"https:\/\/www.meydan.tv\/az\/article\/ilham-eliyevin-hedefde-menem-mesajinin-gizlinleri\/","title":{"rendered":"\u0130lham \u018fliyevin &#8221;H\u0259d\u0259fd\u0259 m\u0259n\u0259m&#8221; mesaj\u0131n\u0131n gizlinl\u0259ri"},"content":{"rendered":"<figure class=\"wp-block-image size-large\">\n  <img decoding=\"async\" src=\"https:\/\/www.meydan.tv\/az\/60019\/\" alt=\"\" class=\"wp-image-60019\"\/><figcaption><\/figcaption><\/figure>\n<figure class=\"wp-block-image size-large\">\n  <img decoding=\"async\" src=\"https:\/\/www.meydan.tv\/az\/60025\/\" alt=\"\" class=\"wp-image-60025\"\/><figcaption><\/figcaption><\/figure>\n<p>\n  <i><br \/>\n    D\u00f6vl\u0259t ba\u015f\u00e7\u0131s\u0131n\u0131 h\u0259d\u0259f se\u00e7\u0259n hans\u0131 q\u00fcvv\u0259dir?<br \/>\n  <\/i>\n<\/p>\n<p>\n  Hakimiyy\u0259t daxilind\u0259 ya\u015fanan intriqalar endi\u015fpil m\u0259rh\u0259l\u0259sin\u0259 yax\u0131nla\u015fmaqdad\u0131r. Art\u0131q proses klassik \u00fcslubda c\u0259r\u0259yan edir \u2013 kim kimin sonunu yax\u0131nla\u015fd\u0131racaq? B\u00fct\u00fcn bunlar\u0131n fonunda prezident \u0130lham \u018fliyevin verdiyi mesaj \u00f6n\u0259mli idi \u2013 h\u0259d\u0259fd\u0259 m\u0259n\u0259m. Lakin sual qaranl\u0131q qald\u0131 \u2013 kimin h\u0259d\u0259find\u0259? \u0130lham \u018fliyevi kim h\u0259d\u0259f se\u00e7ib v\u0259 d\u00f6vl\u0259t ba\u015f\u00e7\u0131s\u0131n\u0131n bu mesaj\u0131 kim\u0259 \u00fcnvanlanm\u0131\u015fd\u0131?\n<\/p>\n<p>\n  Diqq\u0259t yetirs\u0259k, g\u00f6r\u0259rik ki, \u00f6lk\u0259 r\u0259hb\u0259rinin mesaj\u0131 s\u0259sl\u0259n\u0259n kimi Prezident Administrasiyas\u0131n\u0131n r\u0259hb\u0259ri Ramiz Mehdiyevin Q\u0259rb\u0259 barmaq silk\u0259l\u0259y\u0259n v\u0259 Rusiyaya reverans hesab edil\u0259n kitab\u0131ndan m\u0259lumatlar m\u0259tbuata \u00f6t\u00fcr\u00fcld\u00fc. Bunlar t\u0259sad\u00fcfi deyildi, h\u0259r halda PA- n\u0131n r\u0259hb\u0259rini h\u0259d\u0259f\u0259 g\u0259tirm\u0259k m\u0259qs\u0259di g\u00fcd\u00fcrd\u00fc. G\u00f6r\u00fcn\u0259n budur ki, \u201ch\u0259d\u0259fd\u0259 m\u0259n\u0259m\u201d tezisi gizlinind\u0259 \u00f6lk\u0259 r\u0259hb\u0259rin\u0259 qar\u015f\u0131 planla\u015fd\u0131r\u0131lan hakimiyy\u0259tdaxili plan\u0131 if\u015faya y\u00f6n\u0259lmi\u015fdi. \u018fn inc\u0259 m\u0259qam is\u0259 ondan ibar\u0259tdir ki, AB\u015e prezidenti Barak Obaman\u0131n Bak\u0131da ke\u00e7iril\u0259n neft &#8211; qaz s\u0259rgisin\u0259 m\u0259ktubu oxunan kimi Ramiz Mehdiyevin Q\u0259rbi h\u0259d\u0259f se\u00e7\u0259n m\u0259qal\u0259si d\u0259rc edildi. \u201cH\u0259d\u0259fd\u0259 m\u0259n\u0259m\u201d b\u0259yanat\u0131 \u0259traf\u0131nda \u015f\u0259rhl\u0259r davam etdiyi bir zamanda \u00f6lk\u0259 medias\u0131nda kifay\u0259t q\u0259d\u0259r ciddi bir m\u0259lumat d\u0259rc edildi &#8211; \u0130lham \u018fliyevin bac\u0131s\u0131, \u201cd\u0259rin Heyd\u0259r \u018fliyev klan\u0131\u201dn\u0131n r\u0259\u011fb\u0259tl\u0259 yana\u015fd\u0131\u011f\u0131 Sevil \u018fliyevan\u0131n o\u011flu Az\u0259r \u018fliyev Bak\u0131ya g\u0259ldi, ona v\u0259zif\u0259 verildi. Sevil \u018fliyeva is\u0259 o\u011flunun Avropada ald\u0131\u011f\u0131 parlaq t\u0259hsili bar\u0259d\u0259 kifay\u0259t q\u0259d\u0259r ciddi mesajlar verm\u0259y\u0259 ba\u015flad\u0131 v\u0259 bu m\u0259lumatlar siyasi m\u00fcst\u0259vid\u0259 g\u00fccl\u00fc effekt yarada bildi. Daha bir n\u00fcansa xiidm\u0259t yetir\u0259k. Bak\u0131da tarixi binalar s\u00f6k\u00fcl\u00fcr v\u0259 hakim elitadan buna yaln\u0131z bir \u015f\u0259xs etiraz edir \u2013 N\u0259rgiz Pa\u015fayeva. Maraql\u0131d\u0131r ki, bir q\u0259d\u0259r \u0259vv\u0259l M\u0259h\u0259mm\u0259d \u018fmin R\u0259sulzad\u0259nin siyasi m\u00fcbariz\u0259sini m\u00fcdafi\u0259 ed\u0259n v\u0259 akademik t\u0259hsilli \u015f\u0259xsl\u0259rin hakimiyy\u0259td\u0259 olmasinin t\u0259r\u0259fdar\u0131 olan N\u0259rgiz Pa\u015fayeva mediada pozitiv g\u00f6rk\u0259md\u0259 g\u00f6r\u00fcnm\u0259y\u0259 ba\u015flay\u0131r. B\u00fct\u00fcn bunlar\u0131n fonunda N. Pa\u015fayeva Londona s\u0259f\u0259r edir, ciddi g\u00f6r\u00fc\u015fl\u0259r ke\u00e7irir. London s\u0259f\u0259rind\u0259 N. Pa\u015fayevan\u0131 \u00f6lk\u0259 r\u0259hb\u0259rinin q\u0131z\u0131 m\u00fc\u015fayi\u0259t edir v\u0259 onlar\u0131n fotolar\u0131 yay\u0131mlan\u0131r. R. Mehdiyevin anti-Q\u0259rb tezisl\u0259ri fonunda N.Pa\u015fayevan\u0131n R\u0259sulzad\u0259ni t\u0259rifl\u0259m\u0259si, Avropa t\u0259hsilinin \u00fcst\u00fcnl\u00fcy\u00fcn\u00fc bildirm\u0259si, Londona s\u0259f\u0259ri v\u0259 g\u00f6r\u00fc\u015fl\u0259ri konkret siyasi texnologiyadan x\u0259b\u0259r verirdi.\n<\/p>\n<p>\n  B\u00fct\u00fcn bunlar fonunda prezident \u018fliyevin d\u0259 informasiya siyas\u0259tini s\u0259rt t\u0259nqid etm\u0259si d\u0259 \u201ch\u0259d\u0259f m\u0259n\u0259m\u201d mesaj\u0131na veril\u0259n cavab idi. N\u0259z\u0259r\u0259 almaq laz\u0131md\u0131r ki, AB\u015e s\u0259f\u0259rind\u0259n sonra \u00f6lk\u0259 r\u0259hb\u0259rinin \u00e7\u0131x\u0131\u015f\u0131nda anti- Q\u0259rb ritorikas\u0131na rast g\u0259linmirdi v\u0259 h\u0259tta \u201cAz\u0259rbaycan\u201d q\u0259zeti d\u0259 Birl\u0259\u015fmi\u015f \u015etatlar\u0131n \u00fcnvan\u0131na t\u0259rifl\u0259r ya\u011fd\u0131r\u0131rd\u0131. D\u00f6vl\u0259t q\u0259zetind\u0259 bel\u0259 bir m\u0259qal\u0259 \u00e7ap edildikd\u0259n d\u0259rhal sonra R. Mehdiyevin anti-Q\u0259rb yaz\u0131s\u0131n\u0131n d\u0259rci d\u0259 sad\u0259 m\u0259s\u0259l\u0259 deyil. B\u00fct\u00fcn add\u0131mlar \u201cikinci hakim ail\u0259\u201dnin Q\u0259rb il\u0259 \u0259laq\u0259l\u0259rin\u0259 vurulan z\u0259rb\u0259 kimi d\u0259 d\u0259y\u0259rl\u0259ndiril\u0259 bil\u0259r. Maraql\u0131d\u0131r ki, bu arada \u201cAz\u0259riqaz\u201d \u0131n s\u0259lahiyytl\u0259ri al\u0131nd\u0131, FHN-\u0259 v\u0259 Energetika nazirliyin\u0259 verildi. N\u0259z\u0259r\u0259 almaq laz\u0131md\u0131r ki, SOCAR T\u00fcrkiy\u0259d\u0259ki paylar\u0131n bir hiss\u0259sini satma\u011fa vadar olmu\u015fdu v\u0259 T\u00fcrkiy\u0259 m\u0259tbuat\u0131ndak\u0131 m\u0259lumatlara g\u00f6r\u0259, buna s\u0259b\u0259b R\u00f6vn\u0259q Abdullayeva yax\u0131n olan \u00e7evr\u0259nin \u018frdo\u011fan\u0131n \u015f\u0259xsi d\u00fc\u015fm\u0259ni olan F\u0259tullah G\u00fcl\u0259n il\u0259 i\u015fbirliyind\u0259 olmas\u0131 idi. Unutmaq olmaz ki, F. G\u00fcl\u0259nin AB\u015e-da h\u0259dd\u0259n ziyad\u0259 g\u00fccl\u00fc \u015f\u0259b\u0259k\u0259si var. Bu g\u00fcn d\u00fcnyada yegan\u0259 real siyasi g\u00fcc m\u0259rk\u0259zi olan Va\u015finqtonla \u0259laq\u0259l\u0259rin F. G\u00fcl\u0259n\u0259 yax\u0131n simalar\u0131n vasit\u0259sil\u0259 formala\u015fd\u0131r\u0131lmas\u0131 c\u0259hdi s\u0131radan bir m\u0259s\u0259l\u0259 deyil.\n<\/p>\n<p>\n  Lakin g\u00f6r\u00fcn\u0259n budur ki, xarici siyas\u0259t kursu b\u00fct\u00f6vl\u00fckd\u0259 PA-n\u0131n \u015f\u00f6b\u0259 r\u0259hb\u0259ri Novruz M\u0259mm\u0259dova verilib. Bu g\u00fcn Strateji Ara\u015fd\u0131rmalar M\u0259rk\u0259zin\u0259 faktiki olaraq r\u0259hb\u0259rlik ed\u0259n N. M\u0259mm\u0259dov art\u0131q bir ne\u00e7\u0259 sayt\u0131, ASAN radionu, o c\u00fcml\u0259d\u0259n ilk erm\u0259nidilli median\u0131 kurasiya edir. G\u00f6r\u00fcn\u0259n budur ki, PA-n\u0131n ictimai &#8211; siyasi \u015f\u00f6b\u0259sini v\u0259 eyni zamanda \u201c\u0130kinci hakim ail\u0259\u201dni mediadan s\u0131x\u0131\u015fd\u0131rmaq prosesin\u0259 r\u0259hb\u0259rlik N. M\u0259mm\u0259dova h\u0259val\u0259 edilib. Bu s\u0131radan bir m\u0259s\u0259l\u0259 deyil. Zaman- zaman Rusiyaya y\u00f6n\u0259li b\u0259yanatlar ver\u0259n N. M\u0259mm\u0259dov \u201cikinci hakim ail\u0259\u201d il\u0259 yana\u015f\u0131 PA-n\u0131n dig\u0259r \u015f\u00f6b\u0259l\u0259rin\u0259 qar\u015f\u0131 da sava\u015f a\u00e7m\u0131\u015f olur&#8230;\n<\/p>\n<p>\n  Daha bir sual a\u00e7\u0131q qal\u0131r. Az\u0259rbaycan hakimiyy\u0259ti \u00fc\u00e7\u00fcn uzun m\u00fcdd\u0259tdir ki, ba\u015fa\u011fr\u0131s\u0131na \u00e7evril\u0259n ara\u015fd\u0131rma\u00e7\u0131 \u2013 jurnalist X\u0259dic\u0259 \u0130smay\u0131l\u0131n azad olunmasina kim nail oldu? G\u00f6r\u00fcn\u0259n bu idi ki, siyasi elita X. \u0130smay\u0131l\u0131 \u015f\u0259xsi d\u00fc\u015fm\u0259ni hesab edir v\u0259 b\u00fct\u00fcn t\u0259zyiql\u0259r\u0259 etinas\u0131z yana\u015f\u0131rd\u0131. Amma \u00f6lk\u0259nin birinci xan\u0131m\u0131n\u0131n UNESCO s\u0259firi olmas\u0131 il\u0259 ba\u011fl\u0131 ba\u015flanan m\u00fczakir\u0259l\u0259r X\u0259dic\u0259nin azadl\u0131\u011fa \u00e7\u0131xmas\u0131 il\u0259 sonucland\u0131. V\u0259 bu add\u0131m normal qar\u015f\u0131land\u0131. Eyni il\u0259 Leyla v\u0259 Arif Yunuslar\u0131n\u00a0 \u00f6lk\u0259d\u0259n burax\u0131lmas\u0131 kimi.\n<\/p>\n<p>\n  K\u0259nardan g\u00f6r\u00fcn\u0259n budur ki, novb\u0259ti prezident se\u00e7kil\u0259rind\u0259 \u201cikinci hakim ail\u0259\u201dnin rolu b\u00f6y\u00fck olacaq. D\u00fczd\u00fcr, Sevil \u018fliyeva amilini d\u0259 n\u0259z\u0259r\u0259 almamaq m\u00fcmk\u00fcn deyil&#8230;<\/p>\n","protected":false},"excerpt":{"rendered":"<p>D\u00f6vl\u0259t ba\u015f\u00e7\u0131s\u0131n\u0131 h\u0259d\u0259f se\u00e7\u0259n hans\u0131 q\u00fcvv\u0259dir?<\/p>\n","protected":false},"author":11,"featured_media":60019,"comment_status":"closed","ping_status":"open","sticky":false,"template":"","format":"standard","meta":{"_acf_changed":false,"_sitemap_exclude":false,"_sitemap_priority":"","_sitemap_frequency":"","footnotes":""},"categories":[51],"tags":[],"class_list":["post-176574","post","type-post","status-publish","format-standard","has-post-thumbnail","hentry","category-analitika","infinite-scroll-item","generate-columns","tablet-grid-50","mobile-grid-100","grid-parent","grid-33","no-featured-image-padding"],"acf":[],"yoast_head":"<!-- This site is optimized with the Yoast SEO plugin v27.5 - https:\/\/yoast.com\/product\/yoast-seo-wordpress\/ -->\n<title>\u0130lham \u018fliyevin &#039;&#039;H\u0259d\u0259fd\u0259 m\u0259n\u0259m&#039;&#039; mesaj\u0131n\u0131n gizlinl\u0259ri - MEYDAN.TV<\/title>\n<meta name=\"robots\" content=\"index, follow, max-snippet:-1, max-image-preview:large, max-video-preview:-1\" \/>\n<link rel=\"canonical\" href=\"https:\/\/www.meydan.tv\/az\/article\/ilham-eliyevin-hedefde-menem-mesajinin-gizlinleri\/\" \/>\n<meta property=\"og:locale\" content=\"az_AZ\" \/>\n<meta property=\"og:type\" content=\"article\" \/>\n<meta property=\"og:title\" content=\"\u0130lham \u018fliyevin &#039;&#039;H\u0259d\u0259fd\u0259 m\u0259n\u0259m&#039;&#039; mesaj\u0131n\u0131n gizlinl\u0259ri - MEYDAN.TV\" \/>\n<meta property=\"og:description\" content=\"D\u00f6vl\u0259t ba\u015f\u00e7\u0131s\u0131n\u0131 h\u0259d\u0259f se\u00e7\u0259n hans\u0131 q\u00fcvv\u0259dir?\" \/>\n<meta property=\"og:url\" content=\"https:\/\/www.meydan.tv\/az\/article\/ilham-eliyevin-hedefde-menem-mesajinin-gizlinleri\/\" \/>\n<meta property=\"og:site_name\" content=\"MEYDAN.TV\" \/>\n<meta property=\"article:published_time\" content=\"2016-06-09T17:41:08+00:00\" \/>\n<meta property=\"og:image\" content=\"https:\/\/www.meydan.tv\/wp-content\/uploads\/22805.jpg\" \/>\n\t<meta property=\"og:image:width\" content=\"500\" \/>\n\t<meta property=\"og:image:height\" content=\"304\" \/>\n\t<meta property=\"og:image:type\" content=\"image\/jpeg\" \/>\n<meta name=\"author\" content=\"user-manager\" \/>\n<meta name=\"twitter:card\" content=\"summary_large_image\" \/>\n<script type=\"application\/ld+json\" class=\"yoast-schema-graph\">{\"@context\":\"https:\\\/\\\/schema.org\",\"@graph\":[{\"@type\":\"Article\",\"@id\":\"https:\\\/\\\/www.meydan.tv\\\/az\\\/article\\\/ilham-eliyevin-hedefde-menem-mesajinin-gizlinleri\\\/#article\",\"isPartOf\":{\"@id\":\"https:\\\/\\\/www.meydan.tv\\\/az\\\/article\\\/ilham-eliyevin-hedefde-menem-mesajinin-gizlinleri\\\/\"},\"author\":{\"name\":\"user-manager\",\"@id\":\"https:\\\/\\\/www.meydan.tv\\\/az\\\/#\\\/schema\\\/person\\\/10d11eccf6da3662cf5fdab9806ea91a\"},\"headline\":\"\u0130lham \u018fliyevin &#8221;H\u0259d\u0259fd\u0259 m\u0259n\u0259m&#8221; mesaj\u0131n\u0131n gizlinl\u0259ri\",\"datePublished\":\"2016-06-09T17:41:08+00:00\",\"mainEntityOfPage\":{\"@id\":\"https:\\\/\\\/www.meydan.tv\\\/az\\\/article\\\/ilham-eliyevin-hedefde-menem-mesajinin-gizlinleri\\\/\"},\"wordCount\":1109,\"publisher\":{\"@id\":\"https:\\\/\\\/www.meydan.tv\\\/az\\\/#organization\"},\"image\":{\"@id\":\"https:\\\/\\\/www.meydan.tv\\\/az\\\/article\\\/ilham-eliyevin-hedefde-menem-mesajinin-gizlinleri\\\/#primaryimage\"},\"thumbnailUrl\":\"https:\\\/\\\/www.meydan.tv\\\/wp-content\\\/uploads\\\/22805.jpg\",\"articleSection\":[\"Analitika\"],\"inLanguage\":\"az\"},{\"@type\":\"WebPage\",\"@id\":\"https:\\\/\\\/www.meydan.tv\\\/az\\\/article\\\/ilham-eliyevin-hedefde-menem-mesajinin-gizlinleri\\\/\",\"url\":\"https:\\\/\\\/www.meydan.tv\\\/az\\\/article\\\/ilham-eliyevin-hedefde-menem-mesajinin-gizlinleri\\\/\",\"name\":\"\u0130lham \u018fliyevin ''H\u0259d\u0259fd\u0259 m\u0259n\u0259m'' mesaj\u0131n\u0131n gizlinl\u0259ri - MEYDAN.TV\",\"isPartOf\":{\"@id\":\"https:\\\/\\\/www.meydan.tv\\\/az\\\/#website\"},\"primaryImageOfPage\":{\"@id\":\"https:\\\/\\\/www.meydan.tv\\\/az\\\/article\\\/ilham-eliyevin-hedefde-menem-mesajinin-gizlinleri\\\/#primaryimage\"},\"image\":{\"@id\":\"https:\\\/\\\/www.meydan.tv\\\/az\\\/article\\\/ilham-eliyevin-hedefde-menem-mesajinin-gizlinleri\\\/#primaryimage\"},\"thumbnailUrl\":\"https:\\\/\\\/www.meydan.tv\\\/wp-content\\\/uploads\\\/22805.jpg\",\"datePublished\":\"2016-06-09T17:41:08+00:00\",\"breadcrumb\":{\"@id\":\"https:\\\/\\\/www.meydan.tv\\\/az\\\/article\\\/ilham-eliyevin-hedefde-menem-mesajinin-gizlinleri\\\/#breadcrumb\"},\"inLanguage\":\"az\",\"potentialAction\":[{\"@type\":\"ReadAction\",\"target\":[\"https:\\\/\\\/www.meydan.tv\\\/az\\\/article\\\/ilham-eliyevin-hedefde-menem-mesajinin-gizlinleri\\\/\"]}]},{\"@type\":\"ImageObject\",\"inLanguage\":\"az\",\"@id\":\"https:\\\/\\\/www.meydan.tv\\\/az\\\/article\\\/ilham-eliyevin-hedefde-menem-mesajinin-gizlinleri\\\/#primaryimage\",\"url\":\"https:\\\/\\\/www.meydan.tv\\\/wp-content\\\/uploads\\\/22805.jpg\",\"contentUrl\":\"https:\\\/\\\/www.meydan.tv\\\/wp-content\\\/uploads\\\/22805.jpg\",\"width\":500,\"height\":304,\"caption\":\"Source:\"},{\"@type\":\"BreadcrumbList\",\"@id\":\"https:\\\/\\\/www.meydan.tv\\\/az\\\/article\\\/ilham-eliyevin-hedefde-menem-mesajinin-gizlinleri\\\/#breadcrumb\",\"itemListElement\":[{\"@type\":\"ListItem\",\"position\":1,\"name\":\"Ana s\u0259hif\u0259\",\"item\":\"https:\\\/\\\/www.meydan.tv\\\/az\\\/\"},{\"@type\":\"ListItem\",\"position\":2,\"name\":\"Analitika\",\"item\":\"https:\\\/\\\/www.meydan.tv\\\/az\\\/section\\\/analitika\\\/\"},{\"@type\":\"ListItem\",\"position\":3,\"name\":\"\u0130lham \u018fliyevin &#8221;H\u0259d\u0259fd\u0259 m\u0259n\u0259m&#8221; mesaj\u0131n\u0131n gizlinl\u0259ri\"}]},{\"@type\":\"WebSite\",\"@id\":\"https:\\\/\\\/www.meydan.tv\\\/az\\\/#website\",\"url\":\"https:\\\/\\\/www.meydan.tv\\\/az\\\/\",\"name\":\"MEYDAN.TV\",\"description\":\"Meydan TV Az\u0259rbaycan\u0131n media m\u0259kan\u0131ndak\u0131 alternativ s\u0259sidir\",\"publisher\":{\"@id\":\"https:\\\/\\\/www.meydan.tv\\\/az\\\/#organization\"},\"potentialAction\":[{\"@type\":\"SearchAction\",\"target\":{\"@type\":\"EntryPoint\",\"urlTemplate\":\"https:\\\/\\\/www.meydan.tv\\\/az\\\/?s={search_term_string}\"},\"query-input\":{\"@type\":\"PropertyValueSpecification\",\"valueRequired\":true,\"valueName\":\"search_term_string\"}}],\"inLanguage\":\"az\"},{\"@type\":\"Organization\",\"@id\":\"https:\\\/\\\/www.meydan.tv\\\/az\\\/#organization\",\"name\":\"Meydan TV\",\"url\":\"https:\\\/\\\/www.meydan.tv\\\/az\\\/\",\"logo\":{\"@type\":\"ImageObject\",\"inLanguage\":\"az\",\"@id\":\"https:\\\/\\\/www.meydan.tv\\\/az\\\/#\\\/schema\\\/logo\\\/image\\\/\",\"url\":\"https:\\\/\\\/www.meydan.tv\\\/wp-content\\\/uploads\\\/2021\\\/07\\\/meydan-logo.svg\",\"contentUrl\":\"https:\\\/\\\/www.meydan.tv\\\/wp-content\\\/uploads\\\/2021\\\/07\\\/meydan-logo.svg\",\"width\":195,\"height\":46,\"caption\":\"Meydan TV\"},\"image\":{\"@id\":\"https:\\\/\\\/www.meydan.tv\\\/az\\\/#\\\/schema\\\/logo\\\/image\\\/\"}},{\"@type\":\"Person\",\"@id\":\"https:\\\/\\\/www.meydan.tv\\\/az\\\/#\\\/schema\\\/person\\\/10d11eccf6da3662cf5fdab9806ea91a\",\"name\":\"user-manager\"}]}<\/script>\n<!-- \/ Yoast SEO plugin. -->","yoast_head_json":{"title":"\u0130lham \u018fliyevin ''H\u0259d\u0259fd\u0259 m\u0259n\u0259m'' mesaj\u0131n\u0131n gizlinl\u0259ri - MEYDAN.TV","robots":{"index":"index","follow":"follow","max-snippet":"max-snippet:-1","max-image-preview":"max-image-preview:large","max-video-preview":"max-video-preview:-1"},"canonical":"https:\/\/www.meydan.tv\/az\/article\/ilham-eliyevin-hedefde-menem-mesajinin-gizlinleri\/","og_locale":"az_AZ","og_type":"article","og_title":"\u0130lham \u018fliyevin ''H\u0259d\u0259fd\u0259 m\u0259n\u0259m'' mesaj\u0131n\u0131n gizlinl\u0259ri - MEYDAN.TV","og_description":"D\u00f6vl\u0259t ba\u015f\u00e7\u0131s\u0131n\u0131 h\u0259d\u0259f se\u00e7\u0259n hans\u0131 q\u00fcvv\u0259dir?","og_url":"https:\/\/www.meydan.tv\/az\/article\/ilham-eliyevin-hedefde-menem-mesajinin-gizlinleri\/","og_site_name":"MEYDAN.TV","article_published_time":"2016-06-09T17:41:08+00:00","og_image":[{"width":500,"height":304,"url":"https:\/\/www.meydan.tv\/wp-content\/uploads\/22805.jpg","type":"image\/jpeg"}],"author":"user-manager","twitter_card":"summary_large_image","schema":{"@context":"https:\/\/schema.org","@graph":[{"@type":"Article","@id":"https:\/\/www.meydan.tv\/az\/article\/ilham-eliyevin-hedefde-menem-mesajinin-gizlinleri\/#article","isPartOf":{"@id":"https:\/\/www.meydan.tv\/az\/article\/ilham-eliyevin-hedefde-menem-mesajinin-gizlinleri\/"},"author":{"name":"user-manager","@id":"https:\/\/www.meydan.tv\/az\/#\/schema\/person\/10d11eccf6da3662cf5fdab9806ea91a"},"headline":"\u0130lham \u018fliyevin &#8221;H\u0259d\u0259fd\u0259 m\u0259n\u0259m&#8221; mesaj\u0131n\u0131n gizlinl\u0259ri","datePublished":"2016-06-09T17:41:08+00:00","mainEntityOfPage":{"@id":"https:\/\/www.meydan.tv\/az\/article\/ilham-eliyevin-hedefde-menem-mesajinin-gizlinleri\/"},"wordCount":1109,"publisher":{"@id":"https:\/\/www.meydan.tv\/az\/#organization"},"image":{"@id":"https:\/\/www.meydan.tv\/az\/article\/ilham-eliyevin-hedefde-menem-mesajinin-gizlinleri\/#primaryimage"},"thumbnailUrl":"https:\/\/www.meydan.tv\/wp-content\/uploads\/22805.jpg","articleSection":["Analitika"],"inLanguage":"az"},{"@type":"WebPage","@id":"https:\/\/www.meydan.tv\/az\/article\/ilham-eliyevin-hedefde-menem-mesajinin-gizlinleri\/","url":"https:\/\/www.meydan.tv\/az\/article\/ilham-eliyevin-hedefde-menem-mesajinin-gizlinleri\/","name":"\u0130lham \u018fliyevin ''H\u0259d\u0259fd\u0259 m\u0259n\u0259m'' mesaj\u0131n\u0131n gizlinl\u0259ri - MEYDAN.TV","isPartOf":{"@id":"https:\/\/www.meydan.tv\/az\/#website"},"primaryImageOfPage":{"@id":"https:\/\/www.meydan.tv\/az\/article\/ilham-eliyevin-hedefde-menem-mesajinin-gizlinleri\/#primaryimage"},"image":{"@id":"https:\/\/www.meydan.tv\/az\/article\/ilham-eliyevin-hedefde-menem-mesajinin-gizlinleri\/#primaryimage"},"thumbnailUrl":"https:\/\/www.meydan.tv\/wp-content\/uploads\/22805.jpg","datePublished":"2016-06-09T17:41:08+00:00","breadcrumb":{"@id":"https:\/\/www.meydan.tv\/az\/article\/ilham-eliyevin-hedefde-menem-mesajinin-gizlinleri\/#breadcrumb"},"inLanguage":"az","potentialAction":[{"@type":"ReadAction","target":["https:\/\/www.meydan.tv\/az\/article\/ilham-eliyevin-hedefde-menem-mesajinin-gizlinleri\/"]}]},{"@type":"ImageObject","inLanguage":"az","@id":"https:\/\/www.meydan.tv\/az\/article\/ilham-eliyevin-hedefde-menem-mesajinin-gizlinleri\/#primaryimage","url":"https:\/\/www.meydan.tv\/wp-content\/uploads\/22805.jpg","contentUrl":"https:\/\/www.meydan.tv\/wp-content\/uploads\/22805.jpg","width":500,"height":304,"caption":"Source:"},{"@type":"BreadcrumbList","@id":"https:\/\/www.meydan.tv\/az\/article\/ilham-eliyevin-hedefde-menem-mesajinin-gizlinleri\/#breadcrumb","itemListElement":[{"@type":"ListItem","position":1,"name":"Ana s\u0259hif\u0259","item":"https:\/\/www.meydan.tv\/az\/"},{"@type":"ListItem","position":2,"name":"Analitika","item":"https:\/\/www.meydan.tv\/az\/section\/analitika\/"},{"@type":"ListItem","position":3,"name":"\u0130lham \u018fliyevin &#8221;H\u0259d\u0259fd\u0259 m\u0259n\u0259m&#8221; mesaj\u0131n\u0131n gizlinl\u0259ri"}]},{"@type":"WebSite","@id":"https:\/\/www.meydan.tv\/az\/#website","url":"https:\/\/www.meydan.tv\/az\/","name":"MEYDAN.TV","description":"Meydan TV Az\u0259rbaycan\u0131n media m\u0259kan\u0131ndak\u0131 alternativ s\u0259sidir","publisher":{"@id":"https:\/\/www.meydan.tv\/az\/#organization"},"potentialAction":[{"@type":"SearchAction","target":{"@type":"EntryPoint","urlTemplate":"https:\/\/www.meydan.tv\/az\/?s={search_term_string}"},"query-input":{"@type":"PropertyValueSpecification","valueRequired":true,"valueName":"search_term_string"}}],"inLanguage":"az"},{"@type":"Organization","@id":"https:\/\/www.meydan.tv\/az\/#organization","name":"Meydan TV","url":"https:\/\/www.meydan.tv\/az\/","logo":{"@type":"ImageObject","inLanguage":"az","@id":"https:\/\/www.meydan.tv\/az\/#\/schema\/logo\/image\/","url":"https:\/\/www.meydan.tv\/wp-content\/uploads\/2021\/07\/meydan-logo.svg","contentUrl":"https:\/\/www.meydan.tv\/wp-content\/uploads\/2021\/07\/meydan-logo.svg","width":195,"height":46,"caption":"Meydan TV"},"image":{"@id":"https:\/\/www.meydan.tv\/az\/#\/schema\/logo\/image\/"}},{"@type":"Person","@id":"https:\/\/www.meydan.tv\/az\/#\/schema\/person\/10d11eccf6da3662cf5fdab9806ea91a","name":"user-manager"}]}},"_links":{"self":[{"href":"https:\/\/www.meydan.tv\/az\/wp-json\/wp\/v2\/posts\/176574","targetHints":{"allow":["GET"]}}],"collection":[{"href":"https:\/\/www.meydan.tv\/az\/wp-json\/wp\/v2\/posts"}],"about":[{"href":"https:\/\/www.meydan.tv\/az\/wp-json\/wp\/v2\/types\/post"}],"author":[{"embeddable":true,"href":"https:\/\/www.meydan.tv\/az\/wp-json\/wp\/v2\/users\/11"}],"replies":[{"embeddable":true,"href":"https:\/\/www.meydan.tv\/az\/wp-json\/wp\/v2\/comments?post=176574"}],"version-history":[{"count":0,"href":"https:\/\/www.meydan.tv\/az\/wp-json\/wp\/v2\/posts\/176574\/revisions"}],"wp:featuredmedia":[{"embeddable":true,"href":"https:\/\/www.meydan.tv\/az\/wp-json\/wp\/v2\/media\/60019"}],"wp:attachment":[{"href":"https:\/\/www.meydan.tv\/az\/wp-json\/wp\/v2\/media?parent=176574"}],"wp:term":[{"taxonomy":"category","embeddable":true,"href":"https:\/\/www.meydan.tv\/az\/wp-json\/wp\/v2\/categories?post=176574"},{"taxonomy":"post_tag","embeddable":true,"href":"https:\/\/www.meydan.tv\/az\/wp-json\/wp\/v2\/tags?post=176574"}],"curies":[{"name":"wp","href":"https:\/\/api.w.org\/{rel}","templated":true}]}}