{"id":176559,"date":"2016-06-09T13:47:23","date_gmt":"2016-06-09T13:47:23","guid":{"rendered":"https:\/\/www.meydan.tv\/article\/litvali-jurnalist-azerbaycan-xalqindan-uzr-isteyib\/"},"modified":"2016-06-09T13:47:23","modified_gmt":"2016-06-09T13:47:23","slug":"litvali-jurnalist-azerbaycan-xalqindan-uzr-isteyib","status":"publish","type":"post","link":"https:\/\/www.meydan.tv\/az\/article\/litvali-jurnalist-azerbaycan-xalqindan-uzr-isteyib\/","title":{"rendered":"Litval\u0131 jurnalist Az\u0259rbaycan xalq\u0131ndan \u00fczr ist\u0259yib"},"content":{"rendered":"<figure class=\"wp-block-image size-large\">\n  <img decoding=\"async\" src=\"https:\/\/www.meydan.tv\/az\/audrys-antanaitis\/\" alt=\"Audrys Antanaitis\" class=\"wp-image-59968\"\/><figcaption>\n    Audrys Antanaitis<br \/>\n  <\/figcaption><\/figure>\n<p>\n  <i><br \/>\n    Audrys Antanaitisin ad\u0131n\u0131n arzuolunmaz \u015f\u0259xsl\u0259r siyah\u0131s\u0131ndan \u00e7\u0131xar\u0131lmas\u0131na dair q\u0259rar q\u0259bul edilib<br \/>\n  <\/i>\n<\/p>\n<p>\n  Litva Respublikas\u0131n\u0131n v\u0259t\u0259nda\u015f\u0131, Litvan\u0131n Jurnalistl\u0259r \u0130ttifaq\u0131n\u0131n s\u0259dr m\u00fcavini, \u201cAlkas\u201d internet portal\u0131n\u0131n redaktoru Audrys Antanaitis Az\u0259rbaycan Respublikas\u0131n\u0131n Litva Respublikas\u0131ndak\u0131 s\u0259firliyin\u0259 m\u0259ktubla m\u00fcraci\u0259t ed\u0259r\u0259k, ad\u0131n\u0131n \u201cAz\u0259rbaycan Respublikas\u0131n\u0131n i\u015f\u011fal edilmi\u015f \u0259razil\u0259rin\u0259 qanunsuz s\u0259f\u0259r etmi\u015f \u0259cn\u0259bil\u0259rin siyah\u0131s\u0131\u201dndan \u00e7\u0131xar\u0131lmas\u0131n\u0131 xahi\u015f edib.\n<\/p>\n<p>\n  Bu bar\u0259d\u0259 \u201cReport\u201da Az\u0259rbaycan Xarici \u0130\u015fl\u0259r Nazirliyinin m\u0259tbuat xidm\u0259tind\u0259n bildirilib.\n<\/p>\n<p>\n  M\u0259ktubunda A.Antanaitis cari ilin 7-10 may tarixl\u0259rind\u0259 operator Arunas Sartanavi\u00e7yus il\u0259 birlikd\u0259 Erm\u0259nistan t\u0259r\u0259find\u0259n i\u015f\u011fal edilmi\u015f Az\u0259rbaycan \u0259razil\u0259rin\u0259 bil\u0259r\u0259kd\u0259n qeyri-qanuni s\u0259f\u0259r etdiyini v\u0259 s\u0259f\u0259r bar\u0259d\u0259 Az\u0259rbaycan t\u0259r\u0259fini \u00f6nc\u0259d\u0259n m\u0259lumatland\u0131rmad\u0131\u011f\u0131n\u0131 etiraf ed\u0259r\u0259k, s\u0259f\u0259rl\u0259 \u0259laq\u0259dar Az\u0259rbaycan h\u00f6kum\u0259ti v\u0259 xalq\u0131ndan \u00fczr ist\u0259diyini bildirib.\n<\/p>\n<p>\n  \u0130\u015f\u011fal olunmu\u015f \u0259razil\u0259rimiz\u0259 dair haz\u0131rlad\u0131qlar\u0131 reportajlar\u0131n birt\u0259r\u0259fli olmas\u0131 il\u0259 \u0259laq\u0259dar t\u0259\u0259ss\u00fcf\u00fcn\u00fc bildir\u0259n A.Antanaitis, \u00f6lk\u0259miz v\u0259 m\u00fcnaqi\u015f\u0259 haqq\u0131nda daha do\u011fru v\u0259 obyektiv m\u0259lumatlar\u0131n Litva ictimaiyy\u0259tin\u0259 \u00e7atd\u0131r\u0131lmas\u0131 m\u0259qs\u0259dil\u0259 Az\u0259rbaycana s\u0259f\u0259r etm\u0259k niyy\u0259tini ifad\u0259 edib.\n<\/p>\n<p>\n  A.Antanaitisin m\u00fcraci\u0259ti m\u00fcvafiq qaydada n\u0259z\u0259rd\u0259n ke\u00e7irilib v\u0259 onun ad\u0131n\u0131n arzuolunmaz \u015f\u0259xsl\u0259r siyah\u0131s\u0131ndan \u00e7\u0131xar\u0131lmas\u0131na dair q\u0259rar q\u0259bul edilib.\n<\/p><\/p>\n","protected":false},"excerpt":{"rendered":"<p>Audrys Antanaitisin ad\u0131n\u0131n arzuolunmaz \u015f\u0259xsl\u0259r siyah\u0131s\u0131ndan \u00e7\u0131xar\u0131lmas\u0131na dair q\u0259rar q\u0259bul edilib<\/p>\n","protected":false},"author":11,"featured_media":59968,"comment_status":"closed","ping_status":"open","sticky":false,"template":"","format":"standard","meta":{"_acf_changed":false,"_sitemap_exclude":false,"_sitemap_priority":"","_sitemap_frequency":"","footnotes":""},"categories":[51],"tags":[],"class_list":["post-176559","post","type-post","status-publish","format-standard","has-post-thumbnail","hentry","category-analitika","infinite-scroll-item","generate-columns","tablet-grid-50","mobile-grid-100","grid-parent","grid-33","no-featured-image-padding"],"acf":[],"yoast_head":"<!-- This site is optimized with the Yoast SEO plugin v27.5 - https:\/\/yoast.com\/product\/yoast-seo-wordpress\/ -->\n<title>Litval\u0131 jurnalist Az\u0259rbaycan xalq\u0131ndan \u00fczr ist\u0259yib - MEYDAN.TV<\/title>\n<meta name=\"robots\" content=\"index, follow, max-snippet:-1, max-image-preview:large, max-video-preview:-1\" \/>\n<link rel=\"canonical\" href=\"https:\/\/www.meydan.tv\/az\/article\/litvali-jurnalist-azerbaycan-xalqindan-uzr-isteyib\/\" \/>\n<meta property=\"og:locale\" content=\"az_AZ\" \/>\n<meta property=\"og:type\" content=\"article\" \/>\n<meta property=\"og:title\" content=\"Litval\u0131 jurnalist Az\u0259rbaycan xalq\u0131ndan \u00fczr ist\u0259yib - MEYDAN.TV\" \/>\n<meta property=\"og:description\" content=\"Audrys Antanaitisin ad\u0131n\u0131n arzuolunmaz \u015f\u0259xsl\u0259r siyah\u0131s\u0131ndan \u00e7\u0131xar\u0131lmas\u0131na dair q\u0259rar q\u0259bul edilib\" \/>\n<meta property=\"og:url\" content=\"https:\/\/www.meydan.tv\/az\/article\/litvali-jurnalist-azerbaycan-xalqindan-uzr-isteyib\/\" \/>\n<meta property=\"og:site_name\" content=\"MEYDAN.TV\" \/>\n<meta property=\"article:published_time\" content=\"2016-06-09T13:47:23+00:00\" \/>\n<meta property=\"og:image\" content=\"https:\/\/www.meydan.tv\/wp-content\/uploads\/22784.jpg\" \/>\n\t<meta property=\"og:image:width\" content=\"749\" \/>\n\t<meta property=\"og:image:height\" content=\"500\" \/>\n\t<meta property=\"og:image:type\" content=\"image\/jpeg\" \/>\n<meta name=\"author\" content=\"user-manager\" \/>\n<meta name=\"twitter:card\" content=\"summary_large_image\" \/>\n<script type=\"application\/ld+json\" class=\"yoast-schema-graph\">{\"@context\":\"https:\\\/\\\/schema.org\",\"@graph\":[{\"@type\":\"Article\",\"@id\":\"https:\\\/\\\/www.meydan.tv\\\/az\\\/article\\\/litvali-jurnalist-azerbaycan-xalqindan-uzr-isteyib\\\/#article\",\"isPartOf\":{\"@id\":\"https:\\\/\\\/www.meydan.tv\\\/az\\\/article\\\/litvali-jurnalist-azerbaycan-xalqindan-uzr-isteyib\\\/\"},\"author\":{\"name\":\"user-manager\",\"@id\":\"https:\\\/\\\/www.meydan.tv\\\/az\\\/#\\\/schema\\\/person\\\/10d11eccf6da3662cf5fdab9806ea91a\"},\"headline\":\"Litval\u0131 jurnalist Az\u0259rbaycan xalq\u0131ndan \u00fczr ist\u0259yib\",\"datePublished\":\"2016-06-09T13:47:23+00:00\",\"mainEntityOfPage\":{\"@id\":\"https:\\\/\\\/www.meydan.tv\\\/az\\\/article\\\/litvali-jurnalist-azerbaycan-xalqindan-uzr-isteyib\\\/\"},\"wordCount\":292,\"publisher\":{\"@id\":\"https:\\\/\\\/www.meydan.tv\\\/az\\\/#organization\"},\"image\":{\"@id\":\"https:\\\/\\\/www.meydan.tv\\\/az\\\/article\\\/litvali-jurnalist-azerbaycan-xalqindan-uzr-isteyib\\\/#primaryimage\"},\"thumbnailUrl\":\"https:\\\/\\\/www.meydan.tv\\\/wp-content\\\/uploads\\\/22784.jpg\",\"articleSection\":[\"Analitika\"],\"inLanguage\":\"az\"},{\"@type\":\"WebPage\",\"@id\":\"https:\\\/\\\/www.meydan.tv\\\/az\\\/article\\\/litvali-jurnalist-azerbaycan-xalqindan-uzr-isteyib\\\/\",\"url\":\"https:\\\/\\\/www.meydan.tv\\\/az\\\/article\\\/litvali-jurnalist-azerbaycan-xalqindan-uzr-isteyib\\\/\",\"name\":\"Litval\u0131 jurnalist Az\u0259rbaycan xalq\u0131ndan \u00fczr ist\u0259yib - MEYDAN.TV\",\"isPartOf\":{\"@id\":\"https:\\\/\\\/www.meydan.tv\\\/az\\\/#website\"},\"primaryImageOfPage\":{\"@id\":\"https:\\\/\\\/www.meydan.tv\\\/az\\\/article\\\/litvali-jurnalist-azerbaycan-xalqindan-uzr-isteyib\\\/#primaryimage\"},\"image\":{\"@id\":\"https:\\\/\\\/www.meydan.tv\\\/az\\\/article\\\/litvali-jurnalist-azerbaycan-xalqindan-uzr-isteyib\\\/#primaryimage\"},\"thumbnailUrl\":\"https:\\\/\\\/www.meydan.tv\\\/wp-content\\\/uploads\\\/22784.jpg\",\"datePublished\":\"2016-06-09T13:47:23+00:00\",\"breadcrumb\":{\"@id\":\"https:\\\/\\\/www.meydan.tv\\\/az\\\/article\\\/litvali-jurnalist-azerbaycan-xalqindan-uzr-isteyib\\\/#breadcrumb\"},\"inLanguage\":\"az\",\"potentialAction\":[{\"@type\":\"ReadAction\",\"target\":[\"https:\\\/\\\/www.meydan.tv\\\/az\\\/article\\\/litvali-jurnalist-azerbaycan-xalqindan-uzr-isteyib\\\/\"]}]},{\"@type\":\"ImageObject\",\"inLanguage\":\"az\",\"@id\":\"https:\\\/\\\/www.meydan.tv\\\/az\\\/article\\\/litvali-jurnalist-azerbaycan-xalqindan-uzr-isteyib\\\/#primaryimage\",\"url\":\"https:\\\/\\\/www.meydan.tv\\\/wp-content\\\/uploads\\\/22784.jpg\",\"contentUrl\":\"https:\\\/\\\/www.meydan.tv\\\/wp-content\\\/uploads\\\/22784.jpg\",\"width\":749,\"height\":500,\"caption\":\"Source:\"},{\"@type\":\"BreadcrumbList\",\"@id\":\"https:\\\/\\\/www.meydan.tv\\\/az\\\/article\\\/litvali-jurnalist-azerbaycan-xalqindan-uzr-isteyib\\\/#breadcrumb\",\"itemListElement\":[{\"@type\":\"ListItem\",\"position\":1,\"name\":\"Ana s\u0259hif\u0259\",\"item\":\"https:\\\/\\\/www.meydan.tv\\\/az\\\/\"},{\"@type\":\"ListItem\",\"position\":2,\"name\":\"Analitika\",\"item\":\"https:\\\/\\\/www.meydan.tv\\\/az\\\/section\\\/analitika\\\/\"},{\"@type\":\"ListItem\",\"position\":3,\"name\":\"Litval\u0131 jurnalist Az\u0259rbaycan xalq\u0131ndan \u00fczr ist\u0259yib\"}]},{\"@type\":\"WebSite\",\"@id\":\"https:\\\/\\\/www.meydan.tv\\\/az\\\/#website\",\"url\":\"https:\\\/\\\/www.meydan.tv\\\/az\\\/\",\"name\":\"MEYDAN.TV\",\"description\":\"Meydan TV Az\u0259rbaycan\u0131n media m\u0259kan\u0131ndak\u0131 alternativ s\u0259sidir\",\"publisher\":{\"@id\":\"https:\\\/\\\/www.meydan.tv\\\/az\\\/#organization\"},\"potentialAction\":[{\"@type\":\"SearchAction\",\"target\":{\"@type\":\"EntryPoint\",\"urlTemplate\":\"https:\\\/\\\/www.meydan.tv\\\/az\\\/?s={search_term_string}\"},\"query-input\":{\"@type\":\"PropertyValueSpecification\",\"valueRequired\":true,\"valueName\":\"search_term_string\"}}],\"inLanguage\":\"az\"},{\"@type\":\"Organization\",\"@id\":\"https:\\\/\\\/www.meydan.tv\\\/az\\\/#organization\",\"name\":\"Meydan TV\",\"url\":\"https:\\\/\\\/www.meydan.tv\\\/az\\\/\",\"logo\":{\"@type\":\"ImageObject\",\"inLanguage\":\"az\",\"@id\":\"https:\\\/\\\/www.meydan.tv\\\/az\\\/#\\\/schema\\\/logo\\\/image\\\/\",\"url\":\"https:\\\/\\\/www.meydan.tv\\\/wp-content\\\/uploads\\\/2021\\\/07\\\/meydan-logo.svg\",\"contentUrl\":\"https:\\\/\\\/www.meydan.tv\\\/wp-content\\\/uploads\\\/2021\\\/07\\\/meydan-logo.svg\",\"width\":195,\"height\":46,\"caption\":\"Meydan TV\"},\"image\":{\"@id\":\"https:\\\/\\\/www.meydan.tv\\\/az\\\/#\\\/schema\\\/logo\\\/image\\\/\"}},{\"@type\":\"Person\",\"@id\":\"https:\\\/\\\/www.meydan.tv\\\/az\\\/#\\\/schema\\\/person\\\/10d11eccf6da3662cf5fdab9806ea91a\",\"name\":\"user-manager\"}]}<\/script>\n<!-- \/ Yoast SEO plugin. -->","yoast_head_json":{"title":"Litval\u0131 jurnalist Az\u0259rbaycan xalq\u0131ndan \u00fczr ist\u0259yib - MEYDAN.TV","robots":{"index":"index","follow":"follow","max-snippet":"max-snippet:-1","max-image-preview":"max-image-preview:large","max-video-preview":"max-video-preview:-1"},"canonical":"https:\/\/www.meydan.tv\/az\/article\/litvali-jurnalist-azerbaycan-xalqindan-uzr-isteyib\/","og_locale":"az_AZ","og_type":"article","og_title":"Litval\u0131 jurnalist Az\u0259rbaycan xalq\u0131ndan \u00fczr ist\u0259yib - MEYDAN.TV","og_description":"Audrys Antanaitisin ad\u0131n\u0131n arzuolunmaz \u015f\u0259xsl\u0259r siyah\u0131s\u0131ndan \u00e7\u0131xar\u0131lmas\u0131na dair q\u0259rar q\u0259bul edilib","og_url":"https:\/\/www.meydan.tv\/az\/article\/litvali-jurnalist-azerbaycan-xalqindan-uzr-isteyib\/","og_site_name":"MEYDAN.TV","article_published_time":"2016-06-09T13:47:23+00:00","og_image":[{"width":749,"height":500,"url":"https:\/\/www.meydan.tv\/wp-content\/uploads\/22784.jpg","type":"image\/jpeg"}],"author":"user-manager","twitter_card":"summary_large_image","schema":{"@context":"https:\/\/schema.org","@graph":[{"@type":"Article","@id":"https:\/\/www.meydan.tv\/az\/article\/litvali-jurnalist-azerbaycan-xalqindan-uzr-isteyib\/#article","isPartOf":{"@id":"https:\/\/www.meydan.tv\/az\/article\/litvali-jurnalist-azerbaycan-xalqindan-uzr-isteyib\/"},"author":{"name":"user-manager","@id":"https:\/\/www.meydan.tv\/az\/#\/schema\/person\/10d11eccf6da3662cf5fdab9806ea91a"},"headline":"Litval\u0131 jurnalist Az\u0259rbaycan xalq\u0131ndan \u00fczr ist\u0259yib","datePublished":"2016-06-09T13:47:23+00:00","mainEntityOfPage":{"@id":"https:\/\/www.meydan.tv\/az\/article\/litvali-jurnalist-azerbaycan-xalqindan-uzr-isteyib\/"},"wordCount":292,"publisher":{"@id":"https:\/\/www.meydan.tv\/az\/#organization"},"image":{"@id":"https:\/\/www.meydan.tv\/az\/article\/litvali-jurnalist-azerbaycan-xalqindan-uzr-isteyib\/#primaryimage"},"thumbnailUrl":"https:\/\/www.meydan.tv\/wp-content\/uploads\/22784.jpg","articleSection":["Analitika"],"inLanguage":"az"},{"@type":"WebPage","@id":"https:\/\/www.meydan.tv\/az\/article\/litvali-jurnalist-azerbaycan-xalqindan-uzr-isteyib\/","url":"https:\/\/www.meydan.tv\/az\/article\/litvali-jurnalist-azerbaycan-xalqindan-uzr-isteyib\/","name":"Litval\u0131 jurnalist Az\u0259rbaycan xalq\u0131ndan \u00fczr ist\u0259yib - MEYDAN.TV","isPartOf":{"@id":"https:\/\/www.meydan.tv\/az\/#website"},"primaryImageOfPage":{"@id":"https:\/\/www.meydan.tv\/az\/article\/litvali-jurnalist-azerbaycan-xalqindan-uzr-isteyib\/#primaryimage"},"image":{"@id":"https:\/\/www.meydan.tv\/az\/article\/litvali-jurnalist-azerbaycan-xalqindan-uzr-isteyib\/#primaryimage"},"thumbnailUrl":"https:\/\/www.meydan.tv\/wp-content\/uploads\/22784.jpg","datePublished":"2016-06-09T13:47:23+00:00","breadcrumb":{"@id":"https:\/\/www.meydan.tv\/az\/article\/litvali-jurnalist-azerbaycan-xalqindan-uzr-isteyib\/#breadcrumb"},"inLanguage":"az","potentialAction":[{"@type":"ReadAction","target":["https:\/\/www.meydan.tv\/az\/article\/litvali-jurnalist-azerbaycan-xalqindan-uzr-isteyib\/"]}]},{"@type":"ImageObject","inLanguage":"az","@id":"https:\/\/www.meydan.tv\/az\/article\/litvali-jurnalist-azerbaycan-xalqindan-uzr-isteyib\/#primaryimage","url":"https:\/\/www.meydan.tv\/wp-content\/uploads\/22784.jpg","contentUrl":"https:\/\/www.meydan.tv\/wp-content\/uploads\/22784.jpg","width":749,"height":500,"caption":"Source:"},{"@type":"BreadcrumbList","@id":"https:\/\/www.meydan.tv\/az\/article\/litvali-jurnalist-azerbaycan-xalqindan-uzr-isteyib\/#breadcrumb","itemListElement":[{"@type":"ListItem","position":1,"name":"Ana s\u0259hif\u0259","item":"https:\/\/www.meydan.tv\/az\/"},{"@type":"ListItem","position":2,"name":"Analitika","item":"https:\/\/www.meydan.tv\/az\/section\/analitika\/"},{"@type":"ListItem","position":3,"name":"Litval\u0131 jurnalist Az\u0259rbaycan xalq\u0131ndan \u00fczr ist\u0259yib"}]},{"@type":"WebSite","@id":"https:\/\/www.meydan.tv\/az\/#website","url":"https:\/\/www.meydan.tv\/az\/","name":"MEYDAN.TV","description":"Meydan TV Az\u0259rbaycan\u0131n media m\u0259kan\u0131ndak\u0131 alternativ s\u0259sidir","publisher":{"@id":"https:\/\/www.meydan.tv\/az\/#organization"},"potentialAction":[{"@type":"SearchAction","target":{"@type":"EntryPoint","urlTemplate":"https:\/\/www.meydan.tv\/az\/?s={search_term_string}"},"query-input":{"@type":"PropertyValueSpecification","valueRequired":true,"valueName":"search_term_string"}}],"inLanguage":"az"},{"@type":"Organization","@id":"https:\/\/www.meydan.tv\/az\/#organization","name":"Meydan TV","url":"https:\/\/www.meydan.tv\/az\/","logo":{"@type":"ImageObject","inLanguage":"az","@id":"https:\/\/www.meydan.tv\/az\/#\/schema\/logo\/image\/","url":"https:\/\/www.meydan.tv\/wp-content\/uploads\/2021\/07\/meydan-logo.svg","contentUrl":"https:\/\/www.meydan.tv\/wp-content\/uploads\/2021\/07\/meydan-logo.svg","width":195,"height":46,"caption":"Meydan TV"},"image":{"@id":"https:\/\/www.meydan.tv\/az\/#\/schema\/logo\/image\/"}},{"@type":"Person","@id":"https:\/\/www.meydan.tv\/az\/#\/schema\/person\/10d11eccf6da3662cf5fdab9806ea91a","name":"user-manager"}]}},"_links":{"self":[{"href":"https:\/\/www.meydan.tv\/az\/wp-json\/wp\/v2\/posts\/176559","targetHints":{"allow":["GET"]}}],"collection":[{"href":"https:\/\/www.meydan.tv\/az\/wp-json\/wp\/v2\/posts"}],"about":[{"href":"https:\/\/www.meydan.tv\/az\/wp-json\/wp\/v2\/types\/post"}],"author":[{"embeddable":true,"href":"https:\/\/www.meydan.tv\/az\/wp-json\/wp\/v2\/users\/11"}],"replies":[{"embeddable":true,"href":"https:\/\/www.meydan.tv\/az\/wp-json\/wp\/v2\/comments?post=176559"}],"version-history":[{"count":0,"href":"https:\/\/www.meydan.tv\/az\/wp-json\/wp\/v2\/posts\/176559\/revisions"}],"wp:featuredmedia":[{"embeddable":true,"href":"https:\/\/www.meydan.tv\/az\/wp-json\/wp\/v2\/media\/59968"}],"wp:attachment":[{"href":"https:\/\/www.meydan.tv\/az\/wp-json\/wp\/v2\/media?parent=176559"}],"wp:term":[{"taxonomy":"category","embeddable":true,"href":"https:\/\/www.meydan.tv\/az\/wp-json\/wp\/v2\/categories?post=176559"},{"taxonomy":"post_tag","embeddable":true,"href":"https:\/\/www.meydan.tv\/az\/wp-json\/wp\/v2\/tags?post=176559"}],"curies":[{"name":"wp","href":"https:\/\/api.w.org\/{rel}","templated":true}]}}