{"id":176510,"date":"2016-06-07T18:51:12","date_gmt":"2016-06-07T18:51:12","guid":{"rendered":"https:\/\/www.meydan.tv\/article\/ana-deyer\/"},"modified":"2016-06-07T18:51:12","modified_gmt":"2016-06-07T18:51:12","slug":"ana-deyer","status":"publish","type":"post","link":"https:\/\/www.meydan.tv\/az\/article\/ana-deyer\/","title":{"rendered":"Ana d\u0259y\u0259r"},"content":{"rendered":"<figure class=\"wp-block-image size-large\">\n  <img decoding=\"async\" src=\"https:\/\/www.meydan.tv\/az\/59593\/\" alt=\"\" class=\"wp-image-59593\"\/><figcaption><\/figcaption><\/figure>\n<figure class=\"wp-block-image size-large\">\n  <img decoding=\"async\" src=\"https:\/\/www.meydan.tv\/az\/59596\/\" alt=\"\" class=\"wp-image-59596\"\/><figcaption><\/figcaption><\/figure>\n<p>\n  D\u0259y\u0259rl\u0259rin milliliyi n\u0259 il\u0259 \u00f6l\u00e7\u00fcl\u00fcr? M\u0259nc\u0259, mill\u0259tin i\u00e7ind\u0259 h\u0259min d\u0259y\u0259rl\u0259rl\u0259 ya\u015fayanlar\u0131n nisb\u0259ti il\u0259. \u018fg\u0259r bir mill\u0259tin 90%-i bir d\u0259y\u0259rl\u0259, 10%-i ba\u015fqa d\u0259y\u0259rl\u0259 ya\u015fay\u0131rsa, onlardan hans\u0131s\u0131 milli say\u0131la bil\u0259r? M\u00fctl\u0259q \u0259ks\u0259riyy\u0259tin m\u00f6hk\u0259m sar\u0131nd\u0131\u011f\u0131, yoxsa \u00e7\u00fczi azl\u0131\u011f\u0131n sad\u0259l\u00f6vhl\u00fckl\u0259 inand\u0131\u011f\u0131?\n<\/p>\n<p>\n  Uza\u011fa getm\u0259y\u0259k, g\u00f6t\u00fcr\u0259k \u0259n d\u0259rin, \u0259n k\u00f6kl\u00fc, \u0259n ri\u015f\u0259li, \u0259n sars\u0131lmaz v\u0259 \u0259n sevimli milli d\u0259y\u0259rimiz olan r\u00fc\u015fv\u0259txorlu\u011fu. M\u0259n \u0259sla zarafat etmir\u0259m, bu d\u0259y\u0259r\u0259 sar\u0131nanlar mill\u0259tin \u0259ks\u0259riyy\u0259ti, onun qayma\u011f\u0131, onun f\u0259q\u0259r\u0259 s\u00fctunu, onun n\u00fcv\u0259sidir. Bir anl\u0131q t\u0259s\u0259vv\u00fcr\u00fcn\u00fcz\u0259 g\u0259tirin ki, Allah-taala bir i\u015far\u0259 il\u0259 mill\u0259timizin i\u00e7ind\u0259 r\u00fc\u015fv\u0259t alan, r\u00fc\u015fv\u0259t ver\u0259n, almay\u0131b, lakin alma\u011f\u0131 arzulayan insanlar\u0131 qeyb\u0259 \u00e7\u0259kir.\n<\/p>\n<p>\n  Aman Allah! Bizim yuxar\u0131, lap yuxar\u0131, ondan bir az a\u015fa\u011f\u0131, bir az da a\u015fa\u011f\u0131, orta a\u015fa\u011f\u0131, lap a\u015fa\u011f\u0131, a\u015fa\u011f\u0131dan a\u015fa\u011f\u0131 m\u0259murlar\u0131m\u0131z qeyb\u0259 \u00e7\u0259kilir! Onlarla birlikd\u0259, b\u0259lk\u0259 d\u0259 onlardan \u0259vv\u0259l, onlara dinm\u0259z-s\u00f6yl\u0259m\u0259z \u00f6z halal pullar\u0131n\u0131 verib h\u0259tta s\u0259ssiz etiraza c\u00fcr\u0259t etm\u0259y\u0259n s\u0131ravi r\u00fc\u015fv\u0259t \u00f6d\u0259yicil\u0259ri yoxa \u00e7\u0131x\u0131r.\n<\/p>\n<p>\n  Bu n\u0259 d\u00f6vl\u0259tdir? Prezident Aparat\u0131 yox. Prezidentin yerl\u0259rd\u0259ki s\u0259lahiyy\u0259tli n\u00fcmay\u0259nd\u0259l\u0259ri olan icra hakimiyy\u0259ti ba\u015f\u00e7\u0131lar\u0131 yox. He\u00e7 biri! Nazirl\u0259r kabineti yox. Milli M\u0259clis yox. Birinci qeyb\u0259 Oqtay \u018fs\u0259dov c\u0259nablar\u0131 \u00e7\u0259kilib. Ard\u0131yca qalan mill\u0259t v\u0259kill\u0259ri. Han\u0131 Daxili \u0130\u015fl\u0259r Nazirliyi? Yoxdur. Han\u0131 D\u00f6vl\u0259t T\u0259hl\u00fck\u0259sizliyi Xidm\u0259ti? Yoxdur. B\u0259s, he\u00e7 olmasa K\u0259nd T\u0259ss\u0259rr\u00fcfat\u0131 Nazirliyi? Yerli-dibli yoxdur. Han\u0131 Vergil\u0259r Nazirliyi? Onun binas\u0131 qal\u0131b, i\u00e7ind\u0259 bir n\u0259f\u0259r bel\u0259 yoxdur. Ora neytron bombas\u0131 at\u0131blar.\n<\/p>\n<p>\n  Han\u0131 bizim banklar\u0131m\u0131z? Yoxdur. \u018fman\u0259t\u00e7il\u0259rin d\u0259 \u0259ks\u0259riyy\u0259ti qeyb\u0259 \u00e7\u0259kilib.\n<\/p>\n<p>\n  \u018fhali haradad\u0131r? Bo\u015f k\u00fc\u00e7\u0259l\u0259rd\u0259 seyr\u0259k, t\u0259k-t\u00fck \u00e7a\u015fm\u0131\u015f adamlar avara-s\u0259rk\u0259rdan dola\u015f\u0131r, n\u0259 ed\u0259c\u0259yini, kim\u0259 r\u00fc\u015fv\u0259t ver\u0259c\u0259yini bilmir. \u0130ctimai-siyasi h\u0259yat\u0131n mayas\u0131, c\u00f6vh\u0259ri itib.\n<\/p>\n<p>\n  M\u00fcxalif\u0259t yoxdur! Bir hiss\u0259si Allah\u0131n irad\u0259si il\u0259 yoxa \u00e7\u0131x\u0131b, bir hiss\u0259si r\u00fc\u015fv\u0259tin m\u00fcmk\u00fcns\u00fczl\u00fcy\u00fcn\u00fc d\u0259rk ed\u0259nd\u0259n sonra etiraz \u0259lam\u0259ti olaraq siyasi f\u0259aliyy\u0259tini dondurub.\n<\/p>\n<p>\n  Vaxxsey!!! Az\u0259rbaycanda dem\u0259k olar ki, he\u00e7 k\u0259s qalmay\u0131b! Qalsa, qalsa, be\u015f-on min ba\u015fdan xarab, milli d\u0259y\u0259rl\u0259r\u0259 yad, indi ham\u0131n\u0131n x\u0259st\u0259 v\u0259 bivec sayd\u0131\u011f\u0131 m\u0259xluqat qal\u0131b. M\u0259kt\u0259bl\u0259r ba\u011flan\u0131b, ali t\u0259hsil ocaqlar\u0131nda bo\u015f d\u0259hlizl\u0259rd\u0259 \u00f6z\u00fcn\u00fc itirmi\u015f \u0259la\u00e7\u0131 t\u0259l\u0259b\u0259l\u0259r v\u0259 vicdanl\u0131 m\u00fc\u0259lliml\u0259r ba\u015f\u0131bo\u015f t\u0259l\u0259b\u0259l\u0259rsiz v\u0259 r\u00fc\u015fv\u0259txor m\u00fc\u0259lliml\u0259rsiz t\u0259dris prosesini t\u0259nziml\u0259m\u0259yin n\u0259h\u0259ng m\u00fc\u015fk\u00fcll\u0259ri qar\u015f\u0131s\u0131nda aciz qal\u0131b, \u00e7a\u015fq\u0131n dola\u015f\u0131rlar.\n<\/p>\n<p>\n  H\u0259qiq\u0259t\u0259n, \u0259g\u0259r r\u00fc\u015fv\u0259txor m\u0259mur laz\u0131m deyils\u0259, onda bu q\u0259d\u0259r ali m\u0259kt\u0259b, m\u0259nas\u0131z diplom kimin n\u0259yin\u0259 g\u0259r\u0259kdir?..<br \/>\n  <br \/>\n  Lakin Allah bilir n\u0259 edir, milli d\u0259y\u0259rl\u0259r\u0259 sadiq insanlar\u0131m\u0131za d\u0259ymir, onlar da qal\u0131b do\u011fur-t\u00f6r\u0259yir, \u00f6zl\u0259ri kimi milli d\u0259y\u0259rl\u0259rd\u0259n iki\u0259lli m\u00f6hk\u0259m yap\u0131\u015fm\u0131\u015f yeni n\u0259sil az\u0259ril\u0259r yeti\u015fdirir.\n<\/p>\n<p>\n  Bel\u0259 mill\u0259t\u0259 \u00f6l\u00fcm yoxdur, zira \u0259g\u0259r milli d\u0259y\u0259rl\u0259r M\u0259h\u0259mm\u0259d F\u00fczulid\u0259n ba\u015flam\u0131\u015f Sabir R\u00fcst\u0259mxanl\u0131ya q\u0259d\u0259r b\u00fct\u00fcn \u015fairl\u0259rimizin \u0259s\u0259rl\u0259rind\u0259 \u00f6z \u0259ksini tap\u0131rsa, dem\u0259li, mill\u0259t \u00f6z ana x\u0259ttind\u0259n sa\u011fa-sola d\u00f6nm\u0259d\u0259n inamla g\u0259l\u0259c\u0259y\u0259 y\u00fcy\u00fcr\u00fcr.<br \/>\n  <br \/>\n  Biri d\u0259 diqq\u0259t verm\u0259di\n<\/p>\n<p>\n  Tifil n\u0259v\u0259m g\u00f6y\u0259r\u00e7inl\u0259r\u0259 yem verm\u0259k ist\u0259yir. Gedib d\u0259n al\u0131r\u0131q, ba\u011fda skamyaya \u0259yl\u0259\u015fib qu\u015flara sevinc\u0259k d\u0259n s\u0259p\u0259n n\u0259v\u0259m\u0259 tama\u015fa edir\u0259m.\n<\/p>\n<p>\n  Ba\u011f geni\u015fdir, haradan ist\u0259s\u0259n ke\u00e7\u0259 bil\u0259rs\u0259n, amma adamlar n\u0259d\u0259ns\u0259 yem d\u0259nl\u0259y\u0259n g\u00f6y\u0259r\u00e7inl\u0259rin \u00fcst\u00fcn\u0259 gedir.<br \/>\n  <br \/>\n  Budur, ah\u0131l bir ki\u015fi d\u00fcnyan\u0131 sanki g\u00f6rm\u00fcrm\u00fc\u015f kimi, d\u00fcz qu\u015flar\u0131n yem d\u0259nl\u0259diyi yerd\u0259n ke\u00e7ir. Qu\u015flar h\u00fcrk\u00fcr, u\u00e7ub da\u011f\u0131l\u0131\u015f\u0131r, yenid\u0259n skamyan\u0131n \u00f6n\u00fcn\u0259 topla\u015fan kimi budur ha, iki cavan u\u015faq he\u00e7 n\u0259y\u0259 fikir verm\u0259d\u0259n onlar\u0131n \u00fcst\u00fcn\u0259 gedir, qu\u015flar p\u0259r\u0259n-p\u0259r\u0259n olur.\n<\/p>\n<p>\n  Adamlar qu\u015flar\u0131 g\u00f6rm\u00fcr, g\u00f6r\u0259nd\u0259 saym\u0131r, onlara d\u0259nl\u0259m\u0259k \u00fc\u00e7\u00fcn macal vermir, onlar\u0131n ya\u015famaq h\u00fcququnu v\u0259 m\u0259kan\u0131n\u0131 tan\u0131m\u0131r.\n<\/p>\n<p>\n  M\u0259n d\u0259 oturub fikirl\u0259\u015fir\u0259m ki, bizim ali m\u0259qaml\u0131 m\u0259murlar da bel\u0259c\u0259 ki\u00e7ik adamlar\u0131 g\u00f6rm\u00fcrl\u0259r, g\u00f6r\u0259nd\u0259 saym\u0131rlar, saymayanda qovub da\u011f\u0131d\u0131rlar.\n<\/p>\n<p>\n  Bu, bizim milli d\u0259y\u0259rl\u0259r sistemin\u0259 daxildir: ki\u00e7ikl\u0259ri, z\u0259ifl\u0259ri, acizl\u0259ri g\u00f6rm\u0259m\u0259k, saymamamq, \u00fcstl\u0259rind\u0259n vurub ke\u00e7m\u0259k&#8230;<br \/>\n  <br \/>\n  Ya&#8230;ya&#8230;\n<\/p>\n<p>\n  D\u00f6rd ay bundan \u0259qd\u0259m m\u0259n y\u00fcks\u0259k qan t\u0259zyiqi m\u0259r\u0259zin\u0259 tutuldu\u011fumu a\u015fkar etdim. Neyn\u0259k, vaxt\u0131d\u0131r x\u0259st\u0259liyin, ya\u015f g\u0259ldikc\u0259 s\u0259hh\u0259t gedir, olaca\u011fa \u00e7ar\u0259 yoxdur.\n<\/p>\n<p>\n  H\u0259kim m\u0259n\u0259 iki d\u0259rman yaz\u0131r, g\u00fcl\u0259-g\u00fcl\u0259 deyir: \u201c\u00d6mr\u00fcn\u00fcn sonuna q\u0259d\u0259r h\u0259r s\u0259h\u0259r bu iki h\u0259bi atsan, s\u0259n\u0259 zaval yoxdur.\u201d Zarafat\u0131n inc\u0259liyini anlay\u0131b g\u00fcl\u00fcms\u0259yir\u0259m.\n<\/p>\n<p>\n  D\u0259rmanlardan birinin ad\u0131 \u201cPrestarium\u201ddur. 30 h\u0259blik qutunun qiym\u0259ti 15 manatd\u0131r. Dig\u0259r d\u0259rman\u0131n ad\u0131 \u201cNormodipin\u201ddir. 30 h\u0259blik qutu 4 manatd\u0131r. Bel\u0259c\u0259, iki ay bu h\u0259bl\u0259ri h\u0259r s\u0259h\u0259r q\u0259bul edir\u0259m, t\u0259zyiqimi n\u0259zar\u0259td\u0259 saxlay\u0131ram.<br \/>\n  <br \/>\n  Aptek\u0259 gedib \u201cNormodipin\u201d almaq ist\u0259yir\u0259m. Deyirl\u0259r ki, ondan daha g\u0259tirmirl\u0259r, onun \u0259v\u0259zl\u0259yicil\u0259ri var. Qiym\u0259ti 12 manatd\u0131r.\n<\/p>\n<p>\n  Anlay\u0131ram ki, s\u0259hiyy\u0259 sistemini, o c\u00fcml\u0259d\u0259n d\u0259rman ticar\u0259tini inhisara alm\u0131\u015f mafiya t\u0259zyiq x\u0259st\u0259l\u0259rinin cibin\u0259 girm\u0259yi q\u0259rara al\u0131b. N\u0259 q\u0259d\u0259r? \u00c7ox yox, bir d\u0259rmanda c\u0259mi 300%!!!\n<\/p>\n<p>\n  Manat\u0131 100% devalvasiya ed\u0259n h\u00f6kum\u0259t d\u0259rman mafiyas\u0131 il\u0259 m\u00fcqayis\u0259d\u0259 insafl\u0131 g\u00f6r\u00fcn\u0259 bil\u0259r. \u018fg\u0259r bilm\u0259s\u0259k ki, h\u00f6kum\u0259t d\u0259, d\u0259rman mafiyas\u0131 da el\u0259 bir d\u0259st\u0259dir.\n<\/p>\n<p>\n  \u0130ndi sad\u0259l\u00f6vh adam fikirl\u0259\u015f\u0259 bil\u0259r ki, v\u0259zif\u0259si v\u0259t\u0259nda\u015flar\u0131n sa\u011flaml\u0131\u011f\u0131n\u0131n qorunmas\u0131 olan S\u0259hiyy\u0259 naziri c\u0259nab \u015eir\u0259liyev ya bu qiym\u0259t f\u0131r\u0131ldaqlar\u0131ndan bix\u0259b\u0259rdir, dem\u0259li v\u0259zif\u0259sinin \u00f6hd\u0259sind\u0259n g\u0259lmir, ya da bilir, y\u0259ni h\u0259min bu d\u0259l\u0259duz d\u0259st\u0259si il\u0259 \u0259lbirdir v\u0259 onlardan bac al\u0131r.\n<\/p>\n<p>\n  \u00d6z\u00fc se\u00e7sin, hans\u0131ndand\u0131r, \u00fc\u00e7\u00fcnc\u00fc variant yoxdur. H\u0259r iki halda, s\u0259hl\u0259nkarl\u0131q da, v\u0259zif\u0259d\u0259n sui-istifad\u0259 d\u0259, kamali-s\u0259liq\u0259 il\u0259 Cinay\u0259t M\u0259c\u0259ll\u0259sind\u0259 t\u00f6vsif edilib.\n<\/p>\n<p>\n  Kim\u0259 inan\u0131m?\n<\/p>\n<p>\n  Aprel qov\u011fas\u0131 arxada qald\u0131. Az\u0259rbaycan d\u00f6vl\u0259tinin \u0259razisi 800 hektar artd\u0131, m\u0259kt\u0259b l\u0259vazimat\u0131 d\u00fckanlar\u0131 b\u00fct\u00fcn milli bayraq ehtiyat\u0131n\u0131 sat\u0131b qurtard\u0131, q\u0259zet v\u0259 TV jurnalistl\u0259ri b\u00fct\u00fcn bar\u0131tlar\u0131n\u0131 atd\u0131 v\u0259 qov\u011fan\u0131n yeni m\u0259rh\u0259l\u0259sini g\u00f6zl\u0259m\u0259y\u0259 ba\u015flad\u0131.<br \/>\n  <br \/>\n  \u201cSputnik\u201d rus x\u0259b\u0259r agentliyi iki erm\u0259ni, iki az\u0259ri ekspertini virtual masa arxas\u0131na \u0259yl\u0259\u015fdirib soru\u015fdu ki, \u201cSizc\u0259, Rusiya Erm\u0259nistan\u0131n v\u0259 Az\u0259rbaycan\u0131n qab\u0131r\u011falar\u0131na ke\u00e7irdiyi Qaraba\u011f qarma\u011f\u0131n\u0131 daha nec\u0259 t\u0259klill\u0259\u015fdir\u0259 bil\u0259r?\u201d\n<\/p>\n<p>\n  \u0130ki erm\u0259ni v\u0259 iki az\u0259ri ekspert bir-birinin can\u0131na d\u00f6\u015f\u0259di v\u0259 Rusiyaya qarma\u011f\u0131n t\u0259kmill\u0259\u015fdirilm\u0259si bar\u0259d\u0259 yeni bir m\u0259sl\u0259h\u0259t verm\u0259di. H\u0259r d\u00f6rd\u00fcn\u0259 ay\u0131b olsun! Rusiyan\u0131n biz qafqazl\u0131lara etdiyi yax\u015f\u0131l\u0131qlar\u0131 burnumuzdan g\u0259lsin!\n<\/p>\n<p>\n  B\u00fct\u00fcn bu dilxo\u015fluqlar \u00f6z yerind\u0259, amma m\u0259nim diqq\u0259timi bir m\u0259qam \u00e7\u0259kdi. Da\u011fl\u0131q Qaraba\u011f h\u0259r\u0259kat\u0131n\u0131n \u00f6nc\u00fcll\u0259rind\u0259n birinin o\u011flu, Erm\u0259nistan parlamentinin \u00fczv\u00fc Tevan Poqosyan iki d\u0259f\u0259 dedi ki, 4 g\u00fcnl\u00fck d\u00f6y\u00fc\u015fl\u0259rd\u0259 Az\u0259rbaycan ordusu 800 n\u0259f\u0259r itki verib, buna g\u00f6r\u0259 sizin t\u0259r\u0259f Rusiyadan xahi\u015f edib ki, qov\u011fan\u0131 saxlas\u0131n. Bizim ekspertl\u0259r d\u0259 ona ba\u015f qo\u015fmad\u0131lar, h\u0259r\u00e7\u0259nd ki, ba\u015fqa m\u0259s\u0259l\u0259l\u0259rd\u0259 onlar\u0131n ciy\u0259rl\u0259rini \u00e7\u0131xar\u0131rd\u0131lar.\n<\/p>\n<p>\n  M\u0259n m\u00fclki \u015f\u0259xs\u0259m v\u0259 Rauf Mirq\u0259dirovla Leyla Yunusdan f\u0259rqli olaraq d\u00f6vl\u0259t sirl\u0259rin\u0259 \u0259lim \u00e7atm\u0131r. Ona g\u00f6r\u0259 d\u0259 bu verili\u015fd\u0259n sonra el\u0259 hey d\u00fc\u015f\u00fcn\u00fcr\u0259n: kim\u0259 inan\u0131m?\n<\/p>\n<p>\n  Bu pe\u015f\u0259kar yalan\u00e7\u0131 Tevana, ya bizim pe\u015f\u0259kar r\u0259smi yalan\u00e7\u0131lara?\n<\/p>\n<p>\n  <b><br \/>\n    Yaz\u0131 m\u00fc\u0259llifin \u015f\u0259xsi m\u00f6vqeyini \u0259ks etdirir. M\u00fc\u0259llifin m\u00f6vqeyi Meydan.Tv-nin m\u00f6vqeyi il\u0259 \u00fcst-\u00fcst\u0259 d\u00fc\u015fm\u0259y\u0259 bil\u0259r.<br \/>\n  <\/b><\/p>\n","protected":false},"excerpt":{"rendered":"<p>Bizim milli d\u0259y\u0259rl\u0259rimiz&#8230;<\/p>\n","protected":false},"author":11,"featured_media":59593,"comment_status":"closed","ping_status":"open","sticky":false,"template":"","format":"standard","meta":{"_acf_changed":false,"_sitemap_exclude":false,"_sitemap_priority":"","_sitemap_frequency":"","footnotes":""},"categories":[57],"tags":[],"class_list":["post-176510","post","type-post","status-publish","format-standard","has-post-thumbnail","hentry","category-menim-fikrimce","infinite-scroll-item","generate-columns","tablet-grid-50","mobile-grid-100","grid-parent","grid-33","no-featured-image-padding"],"acf":[],"yoast_head":"<!-- This site is optimized with the Yoast SEO plugin v27.5 - https:\/\/yoast.com\/product\/yoast-seo-wordpress\/ -->\n<title>Ana d\u0259y\u0259r - MEYDAN.TV<\/title>\n<meta name=\"robots\" content=\"index, follow, max-snippet:-1, max-image-preview:large, max-video-preview:-1\" \/>\n<link rel=\"canonical\" href=\"https:\/\/www.meydan.tv\/az\/article\/ana-deyer\/\" \/>\n<meta property=\"og:locale\" content=\"az_AZ\" \/>\n<meta property=\"og:type\" content=\"article\" \/>\n<meta property=\"og:title\" content=\"Ana d\u0259y\u0259r - MEYDAN.TV\" \/>\n<meta property=\"og:description\" content=\"Bizim milli d\u0259y\u0259rl\u0259rimiz...\" \/>\n<meta property=\"og:url\" content=\"https:\/\/www.meydan.tv\/az\/article\/ana-deyer\/\" \/>\n<meta property=\"og:site_name\" content=\"MEYDAN.TV\" \/>\n<meta property=\"article:published_time\" content=\"2016-06-07T18:51:12+00:00\" \/>\n<meta property=\"og:image\" content=\"https:\/\/www.meydan.tv\/wp-content\/uploads\/22717.jpg\" \/>\n\t<meta property=\"og:image:width\" content=\"500\" \/>\n\t<meta property=\"og:image:height\" content=\"500\" \/>\n\t<meta property=\"og:image:type\" content=\"image\/jpeg\" \/>\n<meta name=\"author\" content=\"user-manager\" \/>\n<meta name=\"twitter:card\" content=\"summary_large_image\" \/>\n<script type=\"application\/ld+json\" class=\"yoast-schema-graph\">{\"@context\":\"https:\\\/\\\/schema.org\",\"@graph\":[{\"@type\":\"Article\",\"@id\":\"https:\\\/\\\/www.meydan.tv\\\/az\\\/article\\\/ana-deyer\\\/#article\",\"isPartOf\":{\"@id\":\"https:\\\/\\\/www.meydan.tv\\\/az\\\/article\\\/ana-deyer\\\/\"},\"author\":{\"name\":\"user-manager\",\"@id\":\"https:\\\/\\\/www.meydan.tv\\\/az\\\/#\\\/schema\\\/person\\\/10d11eccf6da3662cf5fdab9806ea91a\"},\"headline\":\"Ana d\u0259y\u0259r\",\"datePublished\":\"2016-06-07T18:51:12+00:00\",\"mainEntityOfPage\":{\"@id\":\"https:\\\/\\\/www.meydan.tv\\\/az\\\/article\\\/ana-deyer\\\/\"},\"wordCount\":1646,\"publisher\":{\"@id\":\"https:\\\/\\\/www.meydan.tv\\\/az\\\/#organization\"},\"image\":{\"@id\":\"https:\\\/\\\/www.meydan.tv\\\/az\\\/article\\\/ana-deyer\\\/#primaryimage\"},\"thumbnailUrl\":\"https:\\\/\\\/www.meydan.tv\\\/wp-content\\\/uploads\\\/22717.jpg\",\"articleSection\":[\"M\u0259nim Fikrimc\u0259\"],\"inLanguage\":\"az\"},{\"@type\":\"WebPage\",\"@id\":\"https:\\\/\\\/www.meydan.tv\\\/az\\\/article\\\/ana-deyer\\\/\",\"url\":\"https:\\\/\\\/www.meydan.tv\\\/az\\\/article\\\/ana-deyer\\\/\",\"name\":\"Ana d\u0259y\u0259r - MEYDAN.TV\",\"isPartOf\":{\"@id\":\"https:\\\/\\\/www.meydan.tv\\\/az\\\/#website\"},\"primaryImageOfPage\":{\"@id\":\"https:\\\/\\\/www.meydan.tv\\\/az\\\/article\\\/ana-deyer\\\/#primaryimage\"},\"image\":{\"@id\":\"https:\\\/\\\/www.meydan.tv\\\/az\\\/article\\\/ana-deyer\\\/#primaryimage\"},\"thumbnailUrl\":\"https:\\\/\\\/www.meydan.tv\\\/wp-content\\\/uploads\\\/22717.jpg\",\"datePublished\":\"2016-06-07T18:51:12+00:00\",\"breadcrumb\":{\"@id\":\"https:\\\/\\\/www.meydan.tv\\\/az\\\/article\\\/ana-deyer\\\/#breadcrumb\"},\"inLanguage\":\"az\",\"potentialAction\":[{\"@type\":\"ReadAction\",\"target\":[\"https:\\\/\\\/www.meydan.tv\\\/az\\\/article\\\/ana-deyer\\\/\"]}]},{\"@type\":\"ImageObject\",\"inLanguage\":\"az\",\"@id\":\"https:\\\/\\\/www.meydan.tv\\\/az\\\/article\\\/ana-deyer\\\/#primaryimage\",\"url\":\"https:\\\/\\\/www.meydan.tv\\\/wp-content\\\/uploads\\\/22717.jpg\",\"contentUrl\":\"https:\\\/\\\/www.meydan.tv\\\/wp-content\\\/uploads\\\/22717.jpg\",\"width\":500,\"height\":500,\"caption\":\"Source:\"},{\"@type\":\"BreadcrumbList\",\"@id\":\"https:\\\/\\\/www.meydan.tv\\\/az\\\/article\\\/ana-deyer\\\/#breadcrumb\",\"itemListElement\":[{\"@type\":\"ListItem\",\"position\":1,\"name\":\"Ana s\u0259hif\u0259\",\"item\":\"https:\\\/\\\/www.meydan.tv\\\/az\\\/\"},{\"@type\":\"ListItem\",\"position\":2,\"name\":\"M\u0259nim Fikrimc\u0259\",\"item\":\"https:\\\/\\\/www.meydan.tv\\\/az\\\/section\\\/menim-fikrimce\\\/\"},{\"@type\":\"ListItem\",\"position\":3,\"name\":\"Ana d\u0259y\u0259r\"}]},{\"@type\":\"WebSite\",\"@id\":\"https:\\\/\\\/www.meydan.tv\\\/az\\\/#website\",\"url\":\"https:\\\/\\\/www.meydan.tv\\\/az\\\/\",\"name\":\"MEYDAN.TV\",\"description\":\"Meydan TV Az\u0259rbaycan\u0131n media m\u0259kan\u0131ndak\u0131 alternativ s\u0259sidir\",\"publisher\":{\"@id\":\"https:\\\/\\\/www.meydan.tv\\\/az\\\/#organization\"},\"potentialAction\":[{\"@type\":\"SearchAction\",\"target\":{\"@type\":\"EntryPoint\",\"urlTemplate\":\"https:\\\/\\\/www.meydan.tv\\\/az\\\/?s={search_term_string}\"},\"query-input\":{\"@type\":\"PropertyValueSpecification\",\"valueRequired\":true,\"valueName\":\"search_term_string\"}}],\"inLanguage\":\"az\"},{\"@type\":\"Organization\",\"@id\":\"https:\\\/\\\/www.meydan.tv\\\/az\\\/#organization\",\"name\":\"Meydan TV\",\"url\":\"https:\\\/\\\/www.meydan.tv\\\/az\\\/\",\"logo\":{\"@type\":\"ImageObject\",\"inLanguage\":\"az\",\"@id\":\"https:\\\/\\\/www.meydan.tv\\\/az\\\/#\\\/schema\\\/logo\\\/image\\\/\",\"url\":\"https:\\\/\\\/www.meydan.tv\\\/wp-content\\\/uploads\\\/2021\\\/07\\\/meydan-logo.svg\",\"contentUrl\":\"https:\\\/\\\/www.meydan.tv\\\/wp-content\\\/uploads\\\/2021\\\/07\\\/meydan-logo.svg\",\"width\":195,\"height\":46,\"caption\":\"Meydan TV\"},\"image\":{\"@id\":\"https:\\\/\\\/www.meydan.tv\\\/az\\\/#\\\/schema\\\/logo\\\/image\\\/\"}},{\"@type\":\"Person\",\"@id\":\"https:\\\/\\\/www.meydan.tv\\\/az\\\/#\\\/schema\\\/person\\\/10d11eccf6da3662cf5fdab9806ea91a\",\"name\":\"user-manager\"}]}<\/script>\n<!-- \/ Yoast SEO plugin. -->","yoast_head_json":{"title":"Ana d\u0259y\u0259r - MEYDAN.TV","robots":{"index":"index","follow":"follow","max-snippet":"max-snippet:-1","max-image-preview":"max-image-preview:large","max-video-preview":"max-video-preview:-1"},"canonical":"https:\/\/www.meydan.tv\/az\/article\/ana-deyer\/","og_locale":"az_AZ","og_type":"article","og_title":"Ana d\u0259y\u0259r - MEYDAN.TV","og_description":"Bizim milli d\u0259y\u0259rl\u0259rimiz...","og_url":"https:\/\/www.meydan.tv\/az\/article\/ana-deyer\/","og_site_name":"MEYDAN.TV","article_published_time":"2016-06-07T18:51:12+00:00","og_image":[{"width":500,"height":500,"url":"https:\/\/www.meydan.tv\/wp-content\/uploads\/22717.jpg","type":"image\/jpeg"}],"author":"user-manager","twitter_card":"summary_large_image","schema":{"@context":"https:\/\/schema.org","@graph":[{"@type":"Article","@id":"https:\/\/www.meydan.tv\/az\/article\/ana-deyer\/#article","isPartOf":{"@id":"https:\/\/www.meydan.tv\/az\/article\/ana-deyer\/"},"author":{"name":"user-manager","@id":"https:\/\/www.meydan.tv\/az\/#\/schema\/person\/10d11eccf6da3662cf5fdab9806ea91a"},"headline":"Ana d\u0259y\u0259r","datePublished":"2016-06-07T18:51:12+00:00","mainEntityOfPage":{"@id":"https:\/\/www.meydan.tv\/az\/article\/ana-deyer\/"},"wordCount":1646,"publisher":{"@id":"https:\/\/www.meydan.tv\/az\/#organization"},"image":{"@id":"https:\/\/www.meydan.tv\/az\/article\/ana-deyer\/#primaryimage"},"thumbnailUrl":"https:\/\/www.meydan.tv\/wp-content\/uploads\/22717.jpg","articleSection":["M\u0259nim Fikrimc\u0259"],"inLanguage":"az"},{"@type":"WebPage","@id":"https:\/\/www.meydan.tv\/az\/article\/ana-deyer\/","url":"https:\/\/www.meydan.tv\/az\/article\/ana-deyer\/","name":"Ana d\u0259y\u0259r - MEYDAN.TV","isPartOf":{"@id":"https:\/\/www.meydan.tv\/az\/#website"},"primaryImageOfPage":{"@id":"https:\/\/www.meydan.tv\/az\/article\/ana-deyer\/#primaryimage"},"image":{"@id":"https:\/\/www.meydan.tv\/az\/article\/ana-deyer\/#primaryimage"},"thumbnailUrl":"https:\/\/www.meydan.tv\/wp-content\/uploads\/22717.jpg","datePublished":"2016-06-07T18:51:12+00:00","breadcrumb":{"@id":"https:\/\/www.meydan.tv\/az\/article\/ana-deyer\/#breadcrumb"},"inLanguage":"az","potentialAction":[{"@type":"ReadAction","target":["https:\/\/www.meydan.tv\/az\/article\/ana-deyer\/"]}]},{"@type":"ImageObject","inLanguage":"az","@id":"https:\/\/www.meydan.tv\/az\/article\/ana-deyer\/#primaryimage","url":"https:\/\/www.meydan.tv\/wp-content\/uploads\/22717.jpg","contentUrl":"https:\/\/www.meydan.tv\/wp-content\/uploads\/22717.jpg","width":500,"height":500,"caption":"Source:"},{"@type":"BreadcrumbList","@id":"https:\/\/www.meydan.tv\/az\/article\/ana-deyer\/#breadcrumb","itemListElement":[{"@type":"ListItem","position":1,"name":"Ana s\u0259hif\u0259","item":"https:\/\/www.meydan.tv\/az\/"},{"@type":"ListItem","position":2,"name":"M\u0259nim Fikrimc\u0259","item":"https:\/\/www.meydan.tv\/az\/section\/menim-fikrimce\/"},{"@type":"ListItem","position":3,"name":"Ana d\u0259y\u0259r"}]},{"@type":"WebSite","@id":"https:\/\/www.meydan.tv\/az\/#website","url":"https:\/\/www.meydan.tv\/az\/","name":"MEYDAN.TV","description":"Meydan TV Az\u0259rbaycan\u0131n media m\u0259kan\u0131ndak\u0131 alternativ s\u0259sidir","publisher":{"@id":"https:\/\/www.meydan.tv\/az\/#organization"},"potentialAction":[{"@type":"SearchAction","target":{"@type":"EntryPoint","urlTemplate":"https:\/\/www.meydan.tv\/az\/?s={search_term_string}"},"query-input":{"@type":"PropertyValueSpecification","valueRequired":true,"valueName":"search_term_string"}}],"inLanguage":"az"},{"@type":"Organization","@id":"https:\/\/www.meydan.tv\/az\/#organization","name":"Meydan TV","url":"https:\/\/www.meydan.tv\/az\/","logo":{"@type":"ImageObject","inLanguage":"az","@id":"https:\/\/www.meydan.tv\/az\/#\/schema\/logo\/image\/","url":"https:\/\/www.meydan.tv\/wp-content\/uploads\/2021\/07\/meydan-logo.svg","contentUrl":"https:\/\/www.meydan.tv\/wp-content\/uploads\/2021\/07\/meydan-logo.svg","width":195,"height":46,"caption":"Meydan TV"},"image":{"@id":"https:\/\/www.meydan.tv\/az\/#\/schema\/logo\/image\/"}},{"@type":"Person","@id":"https:\/\/www.meydan.tv\/az\/#\/schema\/person\/10d11eccf6da3662cf5fdab9806ea91a","name":"user-manager"}]}},"_links":{"self":[{"href":"https:\/\/www.meydan.tv\/az\/wp-json\/wp\/v2\/posts\/176510","targetHints":{"allow":["GET"]}}],"collection":[{"href":"https:\/\/www.meydan.tv\/az\/wp-json\/wp\/v2\/posts"}],"about":[{"href":"https:\/\/www.meydan.tv\/az\/wp-json\/wp\/v2\/types\/post"}],"author":[{"embeddable":true,"href":"https:\/\/www.meydan.tv\/az\/wp-json\/wp\/v2\/users\/11"}],"replies":[{"embeddable":true,"href":"https:\/\/www.meydan.tv\/az\/wp-json\/wp\/v2\/comments?post=176510"}],"version-history":[{"count":0,"href":"https:\/\/www.meydan.tv\/az\/wp-json\/wp\/v2\/posts\/176510\/revisions"}],"wp:featuredmedia":[{"embeddable":true,"href":"https:\/\/www.meydan.tv\/az\/wp-json\/wp\/v2\/media\/59593"}],"wp:attachment":[{"href":"https:\/\/www.meydan.tv\/az\/wp-json\/wp\/v2\/media?parent=176510"}],"wp:term":[{"taxonomy":"category","embeddable":true,"href":"https:\/\/www.meydan.tv\/az\/wp-json\/wp\/v2\/categories?post=176510"},{"taxonomy":"post_tag","embeddable":true,"href":"https:\/\/www.meydan.tv\/az\/wp-json\/wp\/v2\/tags?post=176510"}],"curies":[{"name":"wp","href":"https:\/\/api.w.org\/{rel}","templated":true}]}}