{"id":176503,"date":"2016-06-07T16:44:39","date_gmt":"2016-06-07T16:44:39","guid":{"rendered":"https:\/\/www.meydan.tv\/article\/ilham-eliyev-ateskes-olduqca-kovrekdir-ermenistan-veziyyete-nezaret-ede-bilmir\/"},"modified":"2016-06-07T16:44:39","modified_gmt":"2016-06-07T16:44:39","slug":"ilham-eliyev-ateskes-olduqca-kovrekdir-ermenistan-veziyyete-nezaret-ede-bilmir","status":"publish","type":"post","link":"https:\/\/www.meydan.tv\/az\/article\/ilham-eliyev-ateskes-olduqca-kovrekdir-ermenistan-veziyyete-nezaret-ede-bilmir\/","title":{"rendered":"\u0130lham \u018fliyev: At\u0259\u015fk\u0259s olduqca k\u00f6vr\u0259kdir, Erm\u0259nistan v\u0259ziyy\u0259t\u0259 n\u0259zar\u0259t ed\u0259 bilmir"},"content":{"rendered":"<figure class=\"wp-block-image size-large\">\n  <img decoding=\"async\" src=\"https:\/\/www.meydan.tv\/az\/ilham-eliyev-20\/\" alt=\"\u0130lham \u018fliyev\" class=\"wp-image-59770\"\/><figcaption>\n    \u0130lham \u018fliyev<br \/>\n  <\/figcaption><\/figure>\n<p>\n  <i><br \/>\n    &#8221;M\u00fcnaqi\u015f\u0259nin tezlikl\u0259 h\u0259ll olunmas\u0131 regionun sabitliyin\u0259 xidm\u0259t ed\u0259c\u0259k&#8221;<br \/>\n  <\/i>\n<\/p>\n<p>\n  &#8220;At\u0259\u015fk\u0259s olduqca k\u00f6vr\u0259kdir, Erm\u0259nistan v\u0259ziyy\u0259t\u0259 n\u0259zar\u0259t ed\u0259 bilmir v\u0259 status-kvo bu c\u00fcr davam ed\u0259 bilm\u0259z&#8221;.<\/p>\n<p>  Bunu prezident \u0130lham \u018fliyev bu g\u00fcn Berlind\u0259 Az\u0259rbaycan-Almaniya \u0130qtisadi Forumunun a\u00e7\u0131l\u0131\u015f\u0131nda deyib<\/p>\n<p>  \u0130\u015f\u011fal olunmu\u015f \u0259razil\u0259rd\u0259n b\u00fct\u00fcn i\u015f\u011fal\u00e7\u0131 q\u00fcvv\u0259l\u0259rin \u00e7\u0131xar\u0131lmas\u0131n\u0131n vacibliyini vur\u011fulayan d\u00f6vl\u0259t ba\u015f\u00e7\u0131s\u0131 Avropan\u0131n indi \u00fczl\u0259\u015fdiyi miqrasiya problemi n\u0259tic\u0259sind\u0259 yaranan humanitar b\u00f6hran\u0131 Az\u0259rbaycan\u0131n 20 il \u0259vv\u0259l ya\u015fad\u0131\u011f\u0131n\u0131 qeyd edib, BMT T\u0259hl\u00fck\u0259sizlik \u015euras\u0131n\u0131n q\u0259tnam\u0259l\u0259rini icra etm\u0259diyi \u00fc\u00e7\u00fcn Erm\u0259nistana sanksiyalar\u0131n t\u0259tbiq olunmamas\u0131ndan t\u0259\u0259ss\u00fcfl\u0259ndiyini bildirib.<\/p>\n<p>  \u201cM\u00fcnaqi\u015f\u0259nin tezlikl\u0259 h\u0259ll olunmas\u0131 regionun sabitliyin\u0259 xidm\u0259t ed\u0259c\u0259k\u201d, &#8211; dey\u0259n prezident \u0130lham \u018fliyev bildirib ki, bu \u00e7\u0259tin v\u0259ziyy\u0259t\u0259 baxmayaraq, Az\u0259rbaycan u\u011furla inki\u015faf edir.<\/p>\n<p>  Son 25 ild\u0259 \u00f6lk\u0259d\u0259 \u00e7ox g\u00fccl\u00fc siyasi v\u0259 iqtisadi islahatlar h\u0259yata ke\u00e7irilib, b\u00fct\u00fcn azadl\u0131qlar t\u0259min olunub.<\/p>\n<p>  \u201cBiz Erm\u0259nistanla at\u0259\u015fk\u0259s m\u00fcdd\u0259tini \u00f6lk\u0259mizin inki\u015faf\u0131na s\u0259rf etmi\u015fik\u201d, &#8211; dey\u0259n d\u00f6vl\u0259t ba\u015f\u00e7\u0131s\u0131 Az\u0259rbaycan\u0131n haz\u0131rda qlobal enerji layih\u0259l\u0259rinin h\u0259yata ke\u00e7irilm\u0259sind\u0259 m\u00fch\u00fcm rol oynad\u0131\u011f\u0131n\u0131 vur\u011fulay\u0131b.\n<\/p>\n<p>\n  <b><br \/>\n    APA<br \/>\n  <\/b>\n<\/p><\/p>\n","protected":false},"excerpt":{"rendered":"<p>&#8221;M\u00fcnaqi\u015f\u0259nin tezlikl\u0259 h\u0259ll olunmas\u0131 regionun sabitliyin\u0259 xidm\u0259t ed\u0259c\u0259k&#8221;<\/p>\n","protected":false},"author":11,"featured_media":59770,"comment_status":"closed","ping_status":"open","sticky":false,"template":"","format":"standard","meta":{"_acf_changed":false,"_sitemap_exclude":false,"_sitemap_priority":"","_sitemap_frequency":"","footnotes":""},"categories":[51],"tags":[],"class_list":["post-176503","post","type-post","status-publish","format-standard","has-post-thumbnail","hentry","category-analitika","infinite-scroll-item","generate-columns","tablet-grid-50","mobile-grid-100","grid-parent","grid-33","no-featured-image-padding"],"acf":[],"yoast_head":"<!-- This site is optimized with the Yoast SEO plugin v27.5 - https:\/\/yoast.com\/product\/yoast-seo-wordpress\/ -->\n<title>\u0130lham \u018fliyev: At\u0259\u015fk\u0259s olduqca k\u00f6vr\u0259kdir, Erm\u0259nistan v\u0259ziyy\u0259t\u0259 n\u0259zar\u0259t ed\u0259 bilmir - MEYDAN.TV<\/title>\n<meta name=\"robots\" content=\"index, follow, max-snippet:-1, max-image-preview:large, max-video-preview:-1\" \/>\n<link rel=\"canonical\" href=\"https:\/\/www.meydan.tv\/az\/article\/ilham-eliyev-ateskes-olduqca-kovrekdir-ermenistan-veziyyete-nezaret-ede-bilmir\/\" \/>\n<meta property=\"og:locale\" content=\"az_AZ\" \/>\n<meta property=\"og:type\" content=\"article\" \/>\n<meta property=\"og:title\" content=\"\u0130lham \u018fliyev: At\u0259\u015fk\u0259s olduqca k\u00f6vr\u0259kdir, Erm\u0259nistan v\u0259ziyy\u0259t\u0259 n\u0259zar\u0259t ed\u0259 bilmir - MEYDAN.TV\" \/>\n<meta property=\"og:description\" content=\"&#039;&#039;M\u00fcnaqi\u015f\u0259nin tezlikl\u0259 h\u0259ll olunmas\u0131 regionun sabitliyin\u0259 xidm\u0259t ed\u0259c\u0259k&#039;&#039;\" \/>\n<meta property=\"og:url\" content=\"https:\/\/www.meydan.tv\/az\/article\/ilham-eliyev-ateskes-olduqca-kovrekdir-ermenistan-veziyyete-nezaret-ede-bilmir\/\" \/>\n<meta property=\"og:site_name\" content=\"MEYDAN.TV\" \/>\n<meta property=\"article:published_time\" content=\"2016-06-07T16:44:39+00:00\" \/>\n<meta property=\"og:image\" content=\"https:\/\/www.meydan.tv\/wp-content\/uploads\/22701.jpg\" \/>\n\t<meta property=\"og:image:width\" content=\"750\" \/>\n\t<meta property=\"og:image:height\" content=\"524\" \/>\n\t<meta property=\"og:image:type\" content=\"image\/jpeg\" \/>\n<meta name=\"author\" content=\"user-manager\" \/>\n<meta name=\"twitter:card\" content=\"summary_large_image\" \/>\n<script type=\"application\/ld+json\" class=\"yoast-schema-graph\">{\"@context\":\"https:\\\/\\\/schema.org\",\"@graph\":[{\"@type\":\"Article\",\"@id\":\"https:\\\/\\\/www.meydan.tv\\\/az\\\/article\\\/ilham-eliyev-ateskes-olduqca-kovrekdir-ermenistan-veziyyete-nezaret-ede-bilmir\\\/#article\",\"isPartOf\":{\"@id\":\"https:\\\/\\\/www.meydan.tv\\\/az\\\/article\\\/ilham-eliyev-ateskes-olduqca-kovrekdir-ermenistan-veziyyete-nezaret-ede-bilmir\\\/\"},\"author\":{\"name\":\"user-manager\",\"@id\":\"https:\\\/\\\/www.meydan.tv\\\/az\\\/#\\\/schema\\\/person\\\/10d11eccf6da3662cf5fdab9806ea91a\"},\"headline\":\"\u0130lham \u018fliyev: At\u0259\u015fk\u0259s olduqca k\u00f6vr\u0259kdir, Erm\u0259nistan v\u0259ziyy\u0259t\u0259 n\u0259zar\u0259t ed\u0259 bilmir\",\"datePublished\":\"2016-06-07T16:44:39+00:00\",\"mainEntityOfPage\":{\"@id\":\"https:\\\/\\\/www.meydan.tv\\\/az\\\/article\\\/ilham-eliyev-ateskes-olduqca-kovrekdir-ermenistan-veziyyete-nezaret-ede-bilmir\\\/\"},\"wordCount\":266,\"publisher\":{\"@id\":\"https:\\\/\\\/www.meydan.tv\\\/az\\\/#organization\"},\"image\":{\"@id\":\"https:\\\/\\\/www.meydan.tv\\\/az\\\/article\\\/ilham-eliyev-ateskes-olduqca-kovrekdir-ermenistan-veziyyete-nezaret-ede-bilmir\\\/#primaryimage\"},\"thumbnailUrl\":\"https:\\\/\\\/www.meydan.tv\\\/wp-content\\\/uploads\\\/22701.jpg\",\"articleSection\":[\"Analitika\"],\"inLanguage\":\"az\"},{\"@type\":\"WebPage\",\"@id\":\"https:\\\/\\\/www.meydan.tv\\\/az\\\/article\\\/ilham-eliyev-ateskes-olduqca-kovrekdir-ermenistan-veziyyete-nezaret-ede-bilmir\\\/\",\"url\":\"https:\\\/\\\/www.meydan.tv\\\/az\\\/article\\\/ilham-eliyev-ateskes-olduqca-kovrekdir-ermenistan-veziyyete-nezaret-ede-bilmir\\\/\",\"name\":\"\u0130lham \u018fliyev: At\u0259\u015fk\u0259s olduqca k\u00f6vr\u0259kdir, Erm\u0259nistan v\u0259ziyy\u0259t\u0259 n\u0259zar\u0259t ed\u0259 bilmir - MEYDAN.TV\",\"isPartOf\":{\"@id\":\"https:\\\/\\\/www.meydan.tv\\\/az\\\/#website\"},\"primaryImageOfPage\":{\"@id\":\"https:\\\/\\\/www.meydan.tv\\\/az\\\/article\\\/ilham-eliyev-ateskes-olduqca-kovrekdir-ermenistan-veziyyete-nezaret-ede-bilmir\\\/#primaryimage\"},\"image\":{\"@id\":\"https:\\\/\\\/www.meydan.tv\\\/az\\\/article\\\/ilham-eliyev-ateskes-olduqca-kovrekdir-ermenistan-veziyyete-nezaret-ede-bilmir\\\/#primaryimage\"},\"thumbnailUrl\":\"https:\\\/\\\/www.meydan.tv\\\/wp-content\\\/uploads\\\/22701.jpg\",\"datePublished\":\"2016-06-07T16:44:39+00:00\",\"breadcrumb\":{\"@id\":\"https:\\\/\\\/www.meydan.tv\\\/az\\\/article\\\/ilham-eliyev-ateskes-olduqca-kovrekdir-ermenistan-veziyyete-nezaret-ede-bilmir\\\/#breadcrumb\"},\"inLanguage\":\"az\",\"potentialAction\":[{\"@type\":\"ReadAction\",\"target\":[\"https:\\\/\\\/www.meydan.tv\\\/az\\\/article\\\/ilham-eliyev-ateskes-olduqca-kovrekdir-ermenistan-veziyyete-nezaret-ede-bilmir\\\/\"]}]},{\"@type\":\"ImageObject\",\"inLanguage\":\"az\",\"@id\":\"https:\\\/\\\/www.meydan.tv\\\/az\\\/article\\\/ilham-eliyev-ateskes-olduqca-kovrekdir-ermenistan-veziyyete-nezaret-ede-bilmir\\\/#primaryimage\",\"url\":\"https:\\\/\\\/www.meydan.tv\\\/wp-content\\\/uploads\\\/22701.jpg\",\"contentUrl\":\"https:\\\/\\\/www.meydan.tv\\\/wp-content\\\/uploads\\\/22701.jpg\",\"width\":750,\"height\":524,\"caption\":\"Source:\"},{\"@type\":\"BreadcrumbList\",\"@id\":\"https:\\\/\\\/www.meydan.tv\\\/az\\\/article\\\/ilham-eliyev-ateskes-olduqca-kovrekdir-ermenistan-veziyyete-nezaret-ede-bilmir\\\/#breadcrumb\",\"itemListElement\":[{\"@type\":\"ListItem\",\"position\":1,\"name\":\"Ana s\u0259hif\u0259\",\"item\":\"https:\\\/\\\/www.meydan.tv\\\/az\\\/\"},{\"@type\":\"ListItem\",\"position\":2,\"name\":\"Analitika\",\"item\":\"https:\\\/\\\/www.meydan.tv\\\/az\\\/section\\\/analitika\\\/\"},{\"@type\":\"ListItem\",\"position\":3,\"name\":\"\u0130lham \u018fliyev: At\u0259\u015fk\u0259s olduqca k\u00f6vr\u0259kdir, Erm\u0259nistan v\u0259ziyy\u0259t\u0259 n\u0259zar\u0259t ed\u0259 bilmir\"}]},{\"@type\":\"WebSite\",\"@id\":\"https:\\\/\\\/www.meydan.tv\\\/az\\\/#website\",\"url\":\"https:\\\/\\\/www.meydan.tv\\\/az\\\/\",\"name\":\"MEYDAN.TV\",\"description\":\"Meydan TV Az\u0259rbaycan\u0131n media m\u0259kan\u0131ndak\u0131 alternativ s\u0259sidir\",\"publisher\":{\"@id\":\"https:\\\/\\\/www.meydan.tv\\\/az\\\/#organization\"},\"potentialAction\":[{\"@type\":\"SearchAction\",\"target\":{\"@type\":\"EntryPoint\",\"urlTemplate\":\"https:\\\/\\\/www.meydan.tv\\\/az\\\/?s={search_term_string}\"},\"query-input\":{\"@type\":\"PropertyValueSpecification\",\"valueRequired\":true,\"valueName\":\"search_term_string\"}}],\"inLanguage\":\"az\"},{\"@type\":\"Organization\",\"@id\":\"https:\\\/\\\/www.meydan.tv\\\/az\\\/#organization\",\"name\":\"Meydan TV\",\"url\":\"https:\\\/\\\/www.meydan.tv\\\/az\\\/\",\"logo\":{\"@type\":\"ImageObject\",\"inLanguage\":\"az\",\"@id\":\"https:\\\/\\\/www.meydan.tv\\\/az\\\/#\\\/schema\\\/logo\\\/image\\\/\",\"url\":\"https:\\\/\\\/www.meydan.tv\\\/wp-content\\\/uploads\\\/2021\\\/07\\\/meydan-logo.svg\",\"contentUrl\":\"https:\\\/\\\/www.meydan.tv\\\/wp-content\\\/uploads\\\/2021\\\/07\\\/meydan-logo.svg\",\"width\":195,\"height\":46,\"caption\":\"Meydan TV\"},\"image\":{\"@id\":\"https:\\\/\\\/www.meydan.tv\\\/az\\\/#\\\/schema\\\/logo\\\/image\\\/\"}},{\"@type\":\"Person\",\"@id\":\"https:\\\/\\\/www.meydan.tv\\\/az\\\/#\\\/schema\\\/person\\\/10d11eccf6da3662cf5fdab9806ea91a\",\"name\":\"user-manager\"}]}<\/script>\n<!-- \/ Yoast SEO plugin. -->","yoast_head_json":{"title":"\u0130lham \u018fliyev: At\u0259\u015fk\u0259s olduqca k\u00f6vr\u0259kdir, Erm\u0259nistan v\u0259ziyy\u0259t\u0259 n\u0259zar\u0259t ed\u0259 bilmir - MEYDAN.TV","robots":{"index":"index","follow":"follow","max-snippet":"max-snippet:-1","max-image-preview":"max-image-preview:large","max-video-preview":"max-video-preview:-1"},"canonical":"https:\/\/www.meydan.tv\/az\/article\/ilham-eliyev-ateskes-olduqca-kovrekdir-ermenistan-veziyyete-nezaret-ede-bilmir\/","og_locale":"az_AZ","og_type":"article","og_title":"\u0130lham \u018fliyev: At\u0259\u015fk\u0259s olduqca k\u00f6vr\u0259kdir, Erm\u0259nistan v\u0259ziyy\u0259t\u0259 n\u0259zar\u0259t ed\u0259 bilmir - MEYDAN.TV","og_description":"''M\u00fcnaqi\u015f\u0259nin tezlikl\u0259 h\u0259ll olunmas\u0131 regionun sabitliyin\u0259 xidm\u0259t ed\u0259c\u0259k''","og_url":"https:\/\/www.meydan.tv\/az\/article\/ilham-eliyev-ateskes-olduqca-kovrekdir-ermenistan-veziyyete-nezaret-ede-bilmir\/","og_site_name":"MEYDAN.TV","article_published_time":"2016-06-07T16:44:39+00:00","og_image":[{"width":750,"height":524,"url":"https:\/\/www.meydan.tv\/wp-content\/uploads\/22701.jpg","type":"image\/jpeg"}],"author":"user-manager","twitter_card":"summary_large_image","schema":{"@context":"https:\/\/schema.org","@graph":[{"@type":"Article","@id":"https:\/\/www.meydan.tv\/az\/article\/ilham-eliyev-ateskes-olduqca-kovrekdir-ermenistan-veziyyete-nezaret-ede-bilmir\/#article","isPartOf":{"@id":"https:\/\/www.meydan.tv\/az\/article\/ilham-eliyev-ateskes-olduqca-kovrekdir-ermenistan-veziyyete-nezaret-ede-bilmir\/"},"author":{"name":"user-manager","@id":"https:\/\/www.meydan.tv\/az\/#\/schema\/person\/10d11eccf6da3662cf5fdab9806ea91a"},"headline":"\u0130lham \u018fliyev: At\u0259\u015fk\u0259s olduqca k\u00f6vr\u0259kdir, Erm\u0259nistan v\u0259ziyy\u0259t\u0259 n\u0259zar\u0259t ed\u0259 bilmir","datePublished":"2016-06-07T16:44:39+00:00","mainEntityOfPage":{"@id":"https:\/\/www.meydan.tv\/az\/article\/ilham-eliyev-ateskes-olduqca-kovrekdir-ermenistan-veziyyete-nezaret-ede-bilmir\/"},"wordCount":266,"publisher":{"@id":"https:\/\/www.meydan.tv\/az\/#organization"},"image":{"@id":"https:\/\/www.meydan.tv\/az\/article\/ilham-eliyev-ateskes-olduqca-kovrekdir-ermenistan-veziyyete-nezaret-ede-bilmir\/#primaryimage"},"thumbnailUrl":"https:\/\/www.meydan.tv\/wp-content\/uploads\/22701.jpg","articleSection":["Analitika"],"inLanguage":"az"},{"@type":"WebPage","@id":"https:\/\/www.meydan.tv\/az\/article\/ilham-eliyev-ateskes-olduqca-kovrekdir-ermenistan-veziyyete-nezaret-ede-bilmir\/","url":"https:\/\/www.meydan.tv\/az\/article\/ilham-eliyev-ateskes-olduqca-kovrekdir-ermenistan-veziyyete-nezaret-ede-bilmir\/","name":"\u0130lham \u018fliyev: At\u0259\u015fk\u0259s olduqca k\u00f6vr\u0259kdir, Erm\u0259nistan v\u0259ziyy\u0259t\u0259 n\u0259zar\u0259t ed\u0259 bilmir - MEYDAN.TV","isPartOf":{"@id":"https:\/\/www.meydan.tv\/az\/#website"},"primaryImageOfPage":{"@id":"https:\/\/www.meydan.tv\/az\/article\/ilham-eliyev-ateskes-olduqca-kovrekdir-ermenistan-veziyyete-nezaret-ede-bilmir\/#primaryimage"},"image":{"@id":"https:\/\/www.meydan.tv\/az\/article\/ilham-eliyev-ateskes-olduqca-kovrekdir-ermenistan-veziyyete-nezaret-ede-bilmir\/#primaryimage"},"thumbnailUrl":"https:\/\/www.meydan.tv\/wp-content\/uploads\/22701.jpg","datePublished":"2016-06-07T16:44:39+00:00","breadcrumb":{"@id":"https:\/\/www.meydan.tv\/az\/article\/ilham-eliyev-ateskes-olduqca-kovrekdir-ermenistan-veziyyete-nezaret-ede-bilmir\/#breadcrumb"},"inLanguage":"az","potentialAction":[{"@type":"ReadAction","target":["https:\/\/www.meydan.tv\/az\/article\/ilham-eliyev-ateskes-olduqca-kovrekdir-ermenistan-veziyyete-nezaret-ede-bilmir\/"]}]},{"@type":"ImageObject","inLanguage":"az","@id":"https:\/\/www.meydan.tv\/az\/article\/ilham-eliyev-ateskes-olduqca-kovrekdir-ermenistan-veziyyete-nezaret-ede-bilmir\/#primaryimage","url":"https:\/\/www.meydan.tv\/wp-content\/uploads\/22701.jpg","contentUrl":"https:\/\/www.meydan.tv\/wp-content\/uploads\/22701.jpg","width":750,"height":524,"caption":"Source:"},{"@type":"BreadcrumbList","@id":"https:\/\/www.meydan.tv\/az\/article\/ilham-eliyev-ateskes-olduqca-kovrekdir-ermenistan-veziyyete-nezaret-ede-bilmir\/#breadcrumb","itemListElement":[{"@type":"ListItem","position":1,"name":"Ana s\u0259hif\u0259","item":"https:\/\/www.meydan.tv\/az\/"},{"@type":"ListItem","position":2,"name":"Analitika","item":"https:\/\/www.meydan.tv\/az\/section\/analitika\/"},{"@type":"ListItem","position":3,"name":"\u0130lham \u018fliyev: At\u0259\u015fk\u0259s olduqca k\u00f6vr\u0259kdir, Erm\u0259nistan v\u0259ziyy\u0259t\u0259 n\u0259zar\u0259t ed\u0259 bilmir"}]},{"@type":"WebSite","@id":"https:\/\/www.meydan.tv\/az\/#website","url":"https:\/\/www.meydan.tv\/az\/","name":"MEYDAN.TV","description":"Meydan TV Az\u0259rbaycan\u0131n media m\u0259kan\u0131ndak\u0131 alternativ s\u0259sidir","publisher":{"@id":"https:\/\/www.meydan.tv\/az\/#organization"},"potentialAction":[{"@type":"SearchAction","target":{"@type":"EntryPoint","urlTemplate":"https:\/\/www.meydan.tv\/az\/?s={search_term_string}"},"query-input":{"@type":"PropertyValueSpecification","valueRequired":true,"valueName":"search_term_string"}}],"inLanguage":"az"},{"@type":"Organization","@id":"https:\/\/www.meydan.tv\/az\/#organization","name":"Meydan TV","url":"https:\/\/www.meydan.tv\/az\/","logo":{"@type":"ImageObject","inLanguage":"az","@id":"https:\/\/www.meydan.tv\/az\/#\/schema\/logo\/image\/","url":"https:\/\/www.meydan.tv\/wp-content\/uploads\/2021\/07\/meydan-logo.svg","contentUrl":"https:\/\/www.meydan.tv\/wp-content\/uploads\/2021\/07\/meydan-logo.svg","width":195,"height":46,"caption":"Meydan TV"},"image":{"@id":"https:\/\/www.meydan.tv\/az\/#\/schema\/logo\/image\/"}},{"@type":"Person","@id":"https:\/\/www.meydan.tv\/az\/#\/schema\/person\/10d11eccf6da3662cf5fdab9806ea91a","name":"user-manager"}]}},"_links":{"self":[{"href":"https:\/\/www.meydan.tv\/az\/wp-json\/wp\/v2\/posts\/176503","targetHints":{"allow":["GET"]}}],"collection":[{"href":"https:\/\/www.meydan.tv\/az\/wp-json\/wp\/v2\/posts"}],"about":[{"href":"https:\/\/www.meydan.tv\/az\/wp-json\/wp\/v2\/types\/post"}],"author":[{"embeddable":true,"href":"https:\/\/www.meydan.tv\/az\/wp-json\/wp\/v2\/users\/11"}],"replies":[{"embeddable":true,"href":"https:\/\/www.meydan.tv\/az\/wp-json\/wp\/v2\/comments?post=176503"}],"version-history":[{"count":0,"href":"https:\/\/www.meydan.tv\/az\/wp-json\/wp\/v2\/posts\/176503\/revisions"}],"wp:featuredmedia":[{"embeddable":true,"href":"https:\/\/www.meydan.tv\/az\/wp-json\/wp\/v2\/media\/59770"}],"wp:attachment":[{"href":"https:\/\/www.meydan.tv\/az\/wp-json\/wp\/v2\/media?parent=176503"}],"wp:term":[{"taxonomy":"category","embeddable":true,"href":"https:\/\/www.meydan.tv\/az\/wp-json\/wp\/v2\/categories?post=176503"},{"taxonomy":"post_tag","embeddable":true,"href":"https:\/\/www.meydan.tv\/az\/wp-json\/wp\/v2\/tags?post=176503"}],"curies":[{"name":"wp","href":"https:\/\/api.w.org\/{rel}","templated":true}]}}