{"id":176472,"date":"2016-06-06T18:58:34","date_gmt":"2016-06-06T18:58:34","guid":{"rendered":"https:\/\/www.meydan.tv\/article\/kemaleddin-heyderov-cavid-huseynovu-niye-xilas-ede-bilmedi\/"},"modified":"2016-06-06T18:58:34","modified_gmt":"2016-06-06T18:58:34","slug":"kemaleddin-heyderov-cavid-huseynovu-niye-xilas-ede-bilmedi","status":"publish","type":"post","link":"https:\/\/www.meydan.tv\/az\/article\/kemaleddin-heyderov-cavid-huseynovu-niye-xilas-ede-bilmedi\/","title":{"rendered":"K\u0259mal\u0259ddin Heyd\u0259rov Cavid H\u00fcseynovu niy\u0259 xilas ed\u0259 bilm\u0259di?"},"content":{"rendered":"<figure class=\"wp-block-image size-large\">\n  <img decoding=\"async\" src=\"https:\/\/www.meydan.tv\/az\/59665\/\" alt=\"\" class=\"wp-image-59665\"\/><figcaption><\/figcaption><\/figure>\n<p>\n  <i><br \/>\n    Oliqarxlar\u0131n\u00a0 \u00f6z aralar\u0131ndak\u0131 m\u00fcbariz\u0259 qanunun \u015fah olmas\u0131na yard\u0131m\u00e7\u0131 olur<br \/>\n  <\/i>\n<\/p>\n<\/p>\n<p>\n  Jurnalist Rasim \u018fliyevin d\u00f6y\u00fcl\u0259r\u0259k \u00f6ld\u00fcr\u00fclm\u0259sind\u0259 t\u0259qsirli bilin\u0259nl\u0259rin m\u0259hk\u0259m prosesi yekunla\u015f\u0131b. D\u00f6y\u00fclm\u0259d\u0259 birba\u015fa i\u015ftirak ed\u0259n El\u015f\u0259n \u0130smay\u0131lov 13 il, Arif \u018fliyev 12 il 6 ay, Camal M\u0259mm\u0259dov 11 il, Samir Mustafayev 9 il , K\u0259nan M\u0259d\u0259tov 9 il m\u00fcdd\u0259tin\u0259 azadl\u0131qdan m\u0259hrum edilib.\n<\/p>\n<p>\n  H\u0259min i\u015f \u00fczr\u0259 t\u0259qsirli bilin\u0259n \u201cQ\u0259b\u0259l\u0259\u201dnin v\u0259 Az\u0259rbaycan y\u0131\u011fmas\u0131n\u0131n futbol\u00e7usu Cavid H\u00fcseynovun i\u015fi ayr\u0131ca icraata g\u00f6t\u00fcr\u00fclm\u00fc\u015fd\u00fc. M\u0259hk\u0259m\u0259nin q\u0259rar\u0131 il\u0259 Cinay\u0259t M\u0259c\u0259ll\u0259sinin 307.1 (a\u011f\u0131r cinay\u0259tin haz\u0131rlanmas\u0131 v\u0259 t\u00f6r\u0259dilm\u0259sini bil\u0259r\u0259k h\u0259min cinay\u0259t bar\u0259sind\u0259 x\u0259b\u0259r verm\u0259m\u0259) v\u0259 307.2-ci (qabaqcadan v\u0259d etm\u0259d\u0259n a\u011f\u0131r cinay\u0259ti gizl\u0259tm\u0259) madd\u0259l\u0259ri il\u0259 t\u0259qsirl\u0259ndiril\u0259n Cavid H\u00fcseynov 4 il m\u00fcdd\u0259tin\u0259 azadl\u0131qdan m\u0259hrum edilib.\n<\/p>\n<p>\n  <b><br \/>\n    \u018fsas motiv: Hans\u0131sa oliqarx\u0131n himay\u0259sind\u0259 olan klubun futbol\u00e7usu niy\u0259 c\u0259zaland\u0131?<br \/>\n  <\/b>\n<\/p>\n<p>\n  Futbol\u00e7unun bel\u0259 c\u0259zaya m\u0259ruz qalmas\u0131 c\u0259miyy\u0259td\u0259 geni\u015f m\u00fczakir\u0259 olunur. S\u0259b\u0259b d\u0259 b\u0259llidir. Ax\u0131 Az\u0259rbaycanda qanun \u015fah yox, \u015fah qanundu. H\u00fcseynova veril\u0259n c\u0259zadan sonra apar\u0131lan m\u00fczakir\u0259l\u0259rd\u0259\u00a0 onun g\u00fcnahkar olub-olmamas\u0131\u00a0 \u0259sas motiv say\u0131lm\u0131r. \u018fsas motiv \u201chans\u0131sa oliqarx\u0131n himay\u0259sind\u0259 olan klubun futbol\u00e7usu niy\u0259 c\u0259zaland\u0131\u201d sual\u0131 \u0259traf\u0131ndad\u0131r.\n<\/p>\n<p>\n  Ax\u0131 indiy\u0259 q\u0259d\u0259r \u00f6lk\u0259d\u0259 says\u0131z-hesabs\u0131z cinay\u0259t hadis\u0259l\u0259ri ba\u015f verib ki, cinay\u0259ti t\u00f6r\u0259d\u0259nl\u0259r oliqarxlar\u0131n himay\u0259sind\u0259 oldu\u011fu \u00fc\u00e7\u00fcn onlara he\u00e7 bir c\u0259za verilm\u0259yib. Ba\u015fqa sah\u0259l\u0259ri qoyaq bir k\u0259nara, el\u0259 futbol t\u0259s\u0259rr\u00fcfat\u0131nda da bel\u0259 olay ya\u015fan\u0131b. Bir ne\u00e7\u0259 il \u0259vv\u0259l \u201cNeft\u00e7i\u201dnin futbol\u00e7usu Araz Abdullayev y\u00fcks\u0259k s\u00fcr\u0259tl\u0259 idar\u0259 etdiyi avtomobill\u0259 bir n\u0259f\u0259rin \u00f6l\u00fcm\u00fcn\u0259, bir n\u0259f\u0259rin is\u0259 a\u011f\u0131r d\u0259r\u0259c\u0259li b\u0259d\u0259n x\u0259sar\u0259ti almas\u0131na s\u0259b\u0259b olmu\u015fdu. Ancaq Araz Abdullayev he\u00e7 bir g\u00fcn d\u0259 h\u0259bsd\u0259 olmad\u0131. Niy\u0259? Ona g\u00f6r\u0259 ki, AFFA-n\u0131n prerzidenti R\u00f6vn\u0259q Abdullayevin himay\u0259si alt\u0131nda idi.\n<\/p>\n<p>\n  Cavid H\u00fcseynov da f\u00f6vq\u0259lad\u0259 halla naziri K\u0259mal\u0259ddin Heyd\u0259rovun himay\u0259si alt\u0131nda olan bir klubun &#8211; \u201cQ\u0259b\u0259l\u0259\u201dnin \u015f\u0259r\u0259fini qoruyurdu. Bu klubun prezidenti nazirin o\u011flu Tale Heyd\u0259rovdur.\n<\/p>\n<p>\n  <b><br \/>\n    \u018fvv\u0259l \u201cazadl\u0131\u011fa \u00e7\u0131xacaq\u201d dedil\u0259r<br \/>\n  <\/b>\n<\/p>\n<p>\n  T\u0259sad\u00fcfi deyil ki, jurnalistin \u00f6ld\u00fcr\u00fclm\u0259sind\u0259n sonra \u201cQ\u0259b\u0259l\u0259\u201d r\u0259hb\u0259rliyi m\u0259tbuata a\u00e7\u0131qlama ver\u0259r\u0259k, Cavid H\u00fcseynovun g\u00fcnahs\u0131z oldu\u011funa \u0259minlikl\u0259rini ifad\u0259 edir, futbol\u00e7unun tezlikl\u0259 azadl\u0131\u011fa \u00e7\u0131xaca\u011f\u0131n\u0131 bildirirdil\u0259r. Amma g\u00fcn ke\u00e7dikc\u0259, \u201cQ\u0259b\u0259l\u0259\u201d r\u0259smil\u0259rinin bu \u0259minlikl\u0259ri itir v\u0259 Cavid H\u00fcseynov bar\u0259d\u0259 a\u00e7\u0131qlama verm\u0259kd\u0259n yay\u0131n\u0131rd\u0131lar. Cavid H\u00fcseynovun \u00fcz\u0259rind\u0259n Rasim \u018fliyevin q\u0259tlind\u0259 t\u0259\u015fkilat\u00e7\u0131 olma ittiham\u0131 l\u0259\u011fv edildikd\u0259n sonra \u201cQ\u0259b\u0259l\u0259\u201dnin vitse-prezidenti Fariz N\u0259c\u0259fovun m\u0259tbuata verdiyi a\u00e7\u0131qlamaya (<br \/>\n  <a href=\"http:\/\/sputnik.az\/news\/20151220\/403108663.html\"><br \/>\n    http:\/\/sputnik.az\/news\/20151220\/403108663.html<br \/>\n  <\/a><br \/>\n  ) diqq\u0259t ed\u0259k: \u201c\u00dcmid edirik ki, h\u0259bsd\u0259 olmas\u0131na s\u0259b\u0259b olan madd\u0259 d\u0259 m\u0259hk\u0259m\u0259d\u0259n sonra g\u00f6t\u00fcr\u00fcl\u0259c\u0259k v\u0259 Cavid geri d\u00f6n\u0259c\u0259k. Tezlikl\u0259 q\u0131\u015f toplan\u0131\u015f\u0131n\u0131 da biziml\u0259 ke\u00e7\u0259nd\u0259n sonra, bu, el\u0259 yeni legioner alma\u011f\u0131m\u0131za b\u0259rab\u0259r bir \u015fey olacaq\u201d.\n<\/p>\n<p>\n  Fariz N\u0259c\u0259fov bu a\u00e7\u0131qlaman\u0131 2015-ci ilin dekabr ay\u0131nda vermi\u015fdi.\n<\/p>\n<p>\n  <b><br \/>\n    Sonra is\u0259 \u201cbizim futbol\u00e7u deyil\u201d dedil\u0259r<br \/>\n  <\/b>\n<\/p>\n<figure class=\"wp-block-image size-large\">\n  <img decoding=\"async\" src=\"https:\/\/www.meydan.tv\/az\/sebuhi-sefiyarli-2\/\" alt=\"S\u0259buhi S\u0259fiyarl\u0131\" class=\"wp-image-59662\"\/><figcaption>\n    S\u0259buhi S\u0259fiyarl\u0131<br \/>\n  <\/figcaption><\/figure>\n<p>\n  2016-c\u0131 ilin aprel ay\u0131nda is\u0259 \u201cQ\u0259b\u0259l\u0259\u201dnin menceri S\u0259buhi S\u0259fiyarl\u0131n\u0131n \u201cFutbol+\u201d q\u0259zetin\u0259 verdiyi a\u00e7\u0131qlamadan hiss olunur ki, klub r\u0259smil\u0259ri art\u0131q Cavidin h\u0259bsi il\u0259 bar\u0131\u015f\u0131blar v\u0259 onu m\u00fcdafi\u0259 etm\u0259k niyy\u0259tind\u0259 deyill\u0259r: \u201cT\u0259bii ki, ba\u015f vermi\u015f hadis\u0259y\u0259 g\u00f6r\u0259 \u00fcz\u00fcl\u00fcr\u00fck. H\u0259m r\u0259hm\u0259tlik, h\u0259m d\u0259 Cavid H\u00fcseynov bax\u0131m\u0131ndan. V\u0259 ilk g\u00fcnd\u0259n demi\u015fik ki, m\u0259hk\u0259m\u0259 prosesi bit\u0259n\u0259 q\u0259d\u0259r Cavid &#8220;Q\u0259b\u0259l\u0259&#8221;nin futbol\u00e7usu deyil. G\u00fcnah\u0131 s\u00fcbuta yetirils\u0259, c\u0259zas\u0131n\u0131 alacaq. Yox, &#8220;t\u0259miz&#8221; \u00e7\u0131xsa, yenid\u0259n kluba qay\u0131d\u0131b r\u0259hb\u0259rlik v\u0259 ba\u015f m\u0259\u015fq\u00e7i il\u0259 s\u00f6hb\u0259t ed\u0259 bil\u0259r. Bizim futbol\u00e7umuz olmad\u0131\u011f\u0131 \u00fc\u00e7\u00fcn m\u0259hk\u0259m\u0259 prosesin\u0259 qat\u0131lma\u011f\u0131m\u0131z m\u0259qs\u0259d\u0259uy\u011fun deyil. M\u0259n\u0259vi d\u0259st\u0259k verdik, ya verm\u0259dik, f\u0259rqi yoxdu. Son s\u00f6z\u00fc m\u0259hk\u0259m\u0259 dey\u0259c\u0259k\u201d.\n<\/p>\n<p>\n  S\u0259buhi S\u0259fiyarl\u0131 \u201cilk g\u00fcnd\u0259n demi\u015fik ki, m\u0259hk\u0259m\u0259 prosesi bit\u0259n\u0259 q\u0259d\u0259r Cavid &#8220;Q\u0259b\u0259l\u0259&#8221;nin futbol\u00e7usu deyil\u201d des\u0259 d\u0259, faktlar tam f\u0259rqli m\u0259nz\u0259r\u0259 ortaya \u00e7\u0131xar\u0131r. Cavid h\u0259bsd\u0259 oldu\u011fu m\u00fcdd\u0259td\u0259 \u201cQ\u0259b\u0259l\u0259\u201dnin futbol\u00e7usu deyildis\u0259, onda AZAL-la oyunda qol vurduqdan sonra \u201cQ\u0259b\u0259l\u0259\u201dli futbol\u00e7ular Cavid H\u00fcseynovun formas\u0131n\u0131 n\u00fcmayi\u015f etdir\u0259r\u0259k, ona niy\u0259 d\u0259st\u0259k olurdular? T\u0259bii ki, futbol\u00e7ular bu add\u0131m\u0131 r\u0259hb\u0259rlikl\u0259 m\u0259sl\u0259h\u0259tl\u0259\u015fm\u0259d\u0259n ata bilm\u0259zdil\u0259r.\n<\/p>\n<p>\n  Hadis\u0259l\u0259rin xronologiyas\u0131 onu g\u00f6st\u0259rir ki, \u201cQ\u0259b\u0259l\u0259\u201d r\u0259hb\u0259rliyi Cavid H\u00fcseynovun tezlikl\u0259 azadl\u0131\u011fa \u00e7\u0131xaca\u011f\u0131na \u0259min olub. Ancaq sonradan hadis\u0259l\u0259r tam ba\u015fqa m\u00fcst\u0259vid\u0259 c\u0259r\u0259yan edib. Prokuror Cavid\u0259 4 il h\u0259bs c\u0259zas\u0131 ist\u0259mi\u015fdi. M\u0259hk\u0259m\u0259 d\u0259 ona el\u0259 bu q\u0259d\u0259r i\u015f k\u0259sdi. He\u00e7 bir y\u00fcng\u00fcll\u0259\u015fdirici hal\u0131 &#8211; hadis\u0259d\u0259 birba\u015fa i\u015ftirak\u00e7\u0131 olmamas\u0131n\u0131, Cavidin atas\u0131n\u0131n \u015f\u0259hid olmas\u0131n\u0131 v\u0259 himay\u0259sind\u0259 azya\u015fl\u0131 u\u015faqlar\u0131n olmas\u0131n\u0131 n\u0259z\u0259r\u0259 almadan.\n<\/p>\n<p>\n  <b><br \/>\n    Bu m\u0259s\u0259l\u0259d\u0259n Heyd\u0259rovla m\u00fcbariz\u0259 aparan qruplar yararlan\u0131blar<br \/>\n  <\/b>\n<\/p>\n<p>\n  C\u0259miyy\u0259td\u0259 is\u0259 ba\u015fqa s\u00f6z-s\u00f6hb\u0259t hakimdi. Cavid H\u00fcseynovla ba\u011fl\u0131 m\u0259s\u0259l\u0259ninin hakimiyy\u0259tdaxili m\u00fcbariz\u0259nin m\u0259rk\u0259zind\u0259 oldu\u011fu iddia olunur. H\u00fcseynovun h\u0259bsi K\u0259mal\u0259ddin Heyd\u0259rovun hakimiyy\u0259t daxilind\u0259ki imkanlar\u0131n\u0131n z\u0259ifl\u0259m\u0259sinin t\u0259zah\u00fcr\u00fc hesab edilir. Cavid H\u00fcseynov m\u0259s\u0259l\u0259sind\u0259n Heyd\u0259rovla m\u00fcbariz\u0259 aparan qruplar maksimum yararlan\u0131blar. \u018fslind\u0259 nazirin vurulmas\u0131 prosesi Bak\u0131n\u0131n Bin\u0259q\u0259di rayonundak\u0131 \u00e7oxm\u0259rt\u0259b\u0259li binada ba\u015f ver\u0259n yan\u011f\u0131n zaman\u0131 ba\u015flam\u0131\u015fd\u0131. Sad\u0259c\u0259, h\u0259min vaxt bu yan\u011f\u0131nda Heyd\u0259rovu g\u00fcnahkar kimi t\u0259qdim ed\u0259 bilm\u0259dil\u0259r. Daha do\u011frusu, prezidentin yan\u0131nda ke\u00e7irl\u0259n m\u00fc\u015favir\u0259d\u0259 buna c\u0259hd edildi, binaya \u00fczl\u00fckl\u0259rin F\u00f6vq\u0259lad\u0259 Hallar Nazirliyinin icaz\u0259sind\u0259n sonra vuruldu\u011fu bildirildi. Amma prezident bu arqumeti q\u0259bul etm\u0259y\u0259r\u0259k, Heyd\u0259rovu qurban verm\u0259kd\u0259n vaz ke\u00e7di. Bin\u0259q\u0259di rayonunda bina 2015-ci ilin 19 may\u0131nda yanm\u0131\u015fd\u0131.\n<\/p>\n<p>\n  <b><br \/>\n    \u201cApollon\u201dla oyunda polis q\u0259ddarl\u0131\u011f\u0131 v\u0259 b\u0259yanat<br \/>\n  <\/b>\n<\/p>\n<p>\n  \u00d6t\u0259n il avqustun 6-da \u201cQ\u0259b\u0259l\u0259\u201d Avropa Liqas\u0131n\u0131n 3-c\u00fc t\u0259snifat m\u0259rh\u0259l\u0259sind\u0259 Kiprin \u201cApollon\u201d klubunu q\u0259bul etdi. Bak\u0131dak\u0131 \u201cBakcell Arena\u201dda ke\u00e7iril\u0259n oyun insidentsiz \u00f6t\u00fc\u015fm\u0259di. Polis he\u00e7 bir l\u00fczum olmadan \u201cQ\u0259b\u0259l\u0259\u201dnin q\u0259l\u0259b\u0259ni bayram ed\u0259n azarke\u015fl\u0259rin\u0259 qar\u015f\u0131 zorak\u0131l\u0131q n\u00fcmayi\u015f etdirdi. Avqustun 8-d\u0259 \u201cQ\u0259b\u0259l\u0259\u201d futbol klubu bununla ba\u011fl\u0131 k\u0259skin b\u0259yant (<br \/>\n  <a href=\"http:\/\/www.anspress.com\/idman\/08-08-2015\/qebele-polis-zorakiligi-ile-bagli-beyanat-yaydi\"><br \/>\n    http:\/\/www.anspress.com\/idman\/08-08-2015\/qebele-polis-zorakiligi-ile-bagli-beyanat-yaydi<br \/>\n  <\/a><br \/>\n  ) yayd\u0131. B\u0259yanatda polisin zorak\u0131l\u0131\u011f\u0131 x\u00fcsusi olaraq vur\u011fulan\u0131rd\u0131:\n<\/p>\n<p>\n  \u201cV\u0259zif\u0259si tribunalarda t\u0259hl\u00fck\u0259sizliyi t\u0259min etm\u0259k olan polis oyunboyu g\u00f6st\u0259rdiyi aqressiyan\u0131 final fitind\u0259n sonra d\u0259h\u015f\u0259tli h\u0259dd\u0259 \u00e7atd\u0131rd\u0131. Bel\u0259 ki, hadis\u0259y\u0259 dair \u015f\u0259kil v\u0259 videolarda g\u00f6r\u00fcnd\u00fcy\u00fc kimi, m\u0259nas\u0131na izah ver\u0259 bilm\u0259diyimiz zorak\u0131l\u0131qla yeniyetm\u0259 azarke\u015fl\u0259rimizi d\u0259y\u0259n\u0259kl\u0259 d\u00f6ym\u0259kd\u0259n, h\u0259tta tribunan\u0131n yuxar\u0131 m\u0259rt\u0259b\u0259sind\u0259n a\u015fa\u011f\u0131 atmaqdan \u00e7\u0259kinm\u0259dil\u0259r\u201d.\n<\/p>\n<p>\n  El\u0259 avqustun 8-d\u0259 &#8211; b\u0259yanat yay\u0131lan g\u00fcn m\u0259rhum jurnalist Rasim \u018fliyev \u201cQ\u0259b\u0259l\u0259\u201dnin futbol\u00e7usu Cavid H\u00fcseynovun qohumlar\u0131 t\u0259r\u0259find\u0259n d\u00f6y\u00fcl\u00fcr. X\u0259st\u0259xanaya yerl\u0259\u015fdiril\u0259n jurnalist orda v\u0259fat edir. Polis \u00f6z i\u015fini operativ h\u0259yata ke\u00e7irir, jurnalisti d\u00f6y\u0259nl\u0259r v\u0259 Cavid H\u00fcseynov d\u0259rhal h\u0259bs olunurlar. \u201cQ\u0259b\u0259l\u0259\u201d r\u0259hb\u0259rliyi Cavid H\u00fcseynovu xilas ed\u0259 bilmir. Bel\u0259 g\u00f6r\u00fcn\u00fcr ki, \u0259slind\u0259 onu xilas etm\u0259y\u0259\u00a0 K\u0259mal\u0259ddin Heyd\u0259rovun g\u00fcc\u00fc \u00e7atm\u0131r. Bel\u0259c\u0259, oliqarxlar\u0131n\u00a0 \u00f6z aralar\u0131ndak\u0131 m\u00fcbariz\u0259 qanunun \u015fah olmas\u0131na yard\u0131m\u00e7\u0131 olur.\n<\/p>\n<p>\n  <b><br \/>\n    Heyd\u0259rovun\u00a0 cavab\u0131 \u201cQ\u0259b\u0259l\u0259\u201dnin da\u011f\u0131lmas\u0131 olacaq?<br \/>\n  <\/b>\n<\/p>\n<figure class=\"wp-block-image size-large\">\n  <img decoding=\"async\" src=\"https:\/\/www.meydan.tv\/az\/kamaleddin-heyderov-2\/\" alt=\"Kamal\u0259ddin Heyd\u0259rov\" class=\"wp-image-59668\"\/><figcaption>\n    Kamal\u0259ddin Heyd\u0259rov<br \/>\n  <\/figcaption><\/figure>\n<p>\n  Heyd\u0259rovun s\u0131x\u0131\u015fd\u0131r\u0131lmas\u0131 il\u0259 ba\u011fl\u0131 daha bir fakt: Az\u0259rbaycan kubokunun yar\u0131mfinal\u0131nda ke\u00e7iril\u0259n \u201cNeft\u00e7i\u201d &#8211; \u201cQ\u0259b\u0259l\u0259\u201d oyunundan sonra Tale Heyd\u0259rovun komandas\u0131 hakim haqs\u0131zl\u0131\u011f\u0131na etiraz \u0259lam\u0259ti olaraq, b\u0259yanat yayd\u0131. B\u0259yantda h\u0259d\u0259 d\u0259 var idi : \u201c\u00c7empionat\u0131 t\u0259rk ed\u0259rik!\u201d\n<\/p>\n<p>\n  \u201cQ\u0259b\u0259l\u0259\u201d \u00e7empionat\u0131 t\u0259rk etm\u0259di, yayda Az\u0259rbaycan\u0131 Avropa Liqas\u0131nda t\u0259msil ed\u0259c\u0259k.\u00a0 M\u0259ntiql\u0259 klub bu m\u0259sul yar\u0131\u015f \u00f6nc\u0259si hey\u0259ti g\u00fccl\u0259ndirm\u0259lidir. Ancaq apar\u0131c\u0131 futbol\u00e7ular bir-bir komandan\u0131 t\u0259rk edir. Futbol kluarlar\u0131nda yay\u0131lan m\u0259lumatda bildirilir ki, \u201cQ\u0259b\u0259l\u0259\u201d avrokubok oyunlar\u0131ndan\u00a0 sonra f\u0259aliyy\u0259tini dayand\u0131racaq. Bunun da K\u0259mal\u0259ddin Heyd\u0259rovun\u00a0 hakimiyy\u0259t daxilind\u0259 s\u0131x\u0131\u015fd\u0131r\u0131lmas\u0131na \u00f6z\u00fcn\u0259m\u0259xsus cavab\u0131 olaca\u011f\u0131 deyilir.\n<\/p>\n<\/p><\/p>\n","protected":false},"excerpt":{"rendered":"<p>Oliqarxlar\u0131n  \u00f6z aralar\u0131ndak\u0131 m\u00fcbariz\u0259 qanunun \u015fah olmas\u0131na yard\u0131m\u00e7\u0131 olur<\/p>\n","protected":false},"author":11,"featured_media":59665,"comment_status":"closed","ping_status":"open","sticky":false,"template":"","format":"standard","meta":{"_acf_changed":false,"_sitemap_exclude":false,"_sitemap_priority":"","_sitemap_frequency":"","footnotes":""},"categories":[51],"tags":[],"class_list":["post-176472","post","type-post","status-publish","format-standard","has-post-thumbnail","hentry","category-analitika","infinite-scroll-item","generate-columns","tablet-grid-50","mobile-grid-100","grid-parent","grid-33","no-featured-image-padding"],"acf":[],"yoast_head":"<!-- This site is optimized with the Yoast SEO plugin v27.5 - https:\/\/yoast.com\/product\/yoast-seo-wordpress\/ -->\n<title>K\u0259mal\u0259ddin Heyd\u0259rov Cavid H\u00fcseynovu niy\u0259 xilas ed\u0259 bilm\u0259di? - MEYDAN.TV<\/title>\n<meta name=\"robots\" content=\"index, follow, max-snippet:-1, max-image-preview:large, max-video-preview:-1\" \/>\n<link rel=\"canonical\" href=\"https:\/\/www.meydan.tv\/az\/article\/kemaleddin-heyderov-cavid-huseynovu-niye-xilas-ede-bilmedi\/\" \/>\n<meta property=\"og:locale\" content=\"az_AZ\" \/>\n<meta property=\"og:type\" content=\"article\" \/>\n<meta property=\"og:title\" content=\"K\u0259mal\u0259ddin Heyd\u0259rov Cavid H\u00fcseynovu niy\u0259 xilas ed\u0259 bilm\u0259di? - MEYDAN.TV\" \/>\n<meta property=\"og:description\" content=\"Oliqarxlar\u0131n \u00f6z aralar\u0131ndak\u0131 m\u00fcbariz\u0259 qanunun \u015fah olmas\u0131na yard\u0131m\u00e7\u0131 olur\" \/>\n<meta property=\"og:url\" content=\"https:\/\/www.meydan.tv\/az\/article\/kemaleddin-heyderov-cavid-huseynovu-niye-xilas-ede-bilmedi\/\" \/>\n<meta property=\"og:site_name\" content=\"MEYDAN.TV\" \/>\n<meta property=\"article:published_time\" content=\"2016-06-06T18:58:34+00:00\" \/>\n<meta property=\"og:image\" content=\"https:\/\/www.meydan.tv\/wp-content\/uploads\/22665.jpg\" \/>\n\t<meta property=\"og:image:width\" content=\"712\" \/>\n\t<meta property=\"og:image:height\" content=\"400\" \/>\n\t<meta property=\"og:image:type\" content=\"image\/jpeg\" \/>\n<meta name=\"author\" content=\"user-manager\" \/>\n<meta name=\"twitter:card\" content=\"summary_large_image\" \/>\n<script type=\"application\/ld+json\" class=\"yoast-schema-graph\">{\"@context\":\"https:\\\/\\\/schema.org\",\"@graph\":[{\"@type\":\"Article\",\"@id\":\"https:\\\/\\\/www.meydan.tv\\\/az\\\/article\\\/kemaleddin-heyderov-cavid-huseynovu-niye-xilas-ede-bilmedi\\\/#article\",\"isPartOf\":{\"@id\":\"https:\\\/\\\/www.meydan.tv\\\/az\\\/article\\\/kemaleddin-heyderov-cavid-huseynovu-niye-xilas-ede-bilmedi\\\/\"},\"author\":{\"name\":\"user-manager\",\"@id\":\"https:\\\/\\\/www.meydan.tv\\\/az\\\/#\\\/schema\\\/person\\\/10d11eccf6da3662cf5fdab9806ea91a\"},\"headline\":\"K\u0259mal\u0259ddin Heyd\u0259rov Cavid H\u00fcseynovu niy\u0259 xilas ed\u0259 bilm\u0259di?\",\"datePublished\":\"2016-06-06T18:58:34+00:00\",\"mainEntityOfPage\":{\"@id\":\"https:\\\/\\\/www.meydan.tv\\\/az\\\/article\\\/kemaleddin-heyderov-cavid-huseynovu-niye-xilas-ede-bilmedi\\\/\"},\"wordCount\":1704,\"publisher\":{\"@id\":\"https:\\\/\\\/www.meydan.tv\\\/az\\\/#organization\"},\"image\":{\"@id\":\"https:\\\/\\\/www.meydan.tv\\\/az\\\/article\\\/kemaleddin-heyderov-cavid-huseynovu-niye-xilas-ede-bilmedi\\\/#primaryimage\"},\"thumbnailUrl\":\"https:\\\/\\\/www.meydan.tv\\\/wp-content\\\/uploads\\\/22665.jpg\",\"articleSection\":[\"Analitika\"],\"inLanguage\":\"az\"},{\"@type\":\"WebPage\",\"@id\":\"https:\\\/\\\/www.meydan.tv\\\/az\\\/article\\\/kemaleddin-heyderov-cavid-huseynovu-niye-xilas-ede-bilmedi\\\/\",\"url\":\"https:\\\/\\\/www.meydan.tv\\\/az\\\/article\\\/kemaleddin-heyderov-cavid-huseynovu-niye-xilas-ede-bilmedi\\\/\",\"name\":\"K\u0259mal\u0259ddin Heyd\u0259rov Cavid H\u00fcseynovu niy\u0259 xilas ed\u0259 bilm\u0259di? - MEYDAN.TV\",\"isPartOf\":{\"@id\":\"https:\\\/\\\/www.meydan.tv\\\/az\\\/#website\"},\"primaryImageOfPage\":{\"@id\":\"https:\\\/\\\/www.meydan.tv\\\/az\\\/article\\\/kemaleddin-heyderov-cavid-huseynovu-niye-xilas-ede-bilmedi\\\/#primaryimage\"},\"image\":{\"@id\":\"https:\\\/\\\/www.meydan.tv\\\/az\\\/article\\\/kemaleddin-heyderov-cavid-huseynovu-niye-xilas-ede-bilmedi\\\/#primaryimage\"},\"thumbnailUrl\":\"https:\\\/\\\/www.meydan.tv\\\/wp-content\\\/uploads\\\/22665.jpg\",\"datePublished\":\"2016-06-06T18:58:34+00:00\",\"breadcrumb\":{\"@id\":\"https:\\\/\\\/www.meydan.tv\\\/az\\\/article\\\/kemaleddin-heyderov-cavid-huseynovu-niye-xilas-ede-bilmedi\\\/#breadcrumb\"},\"inLanguage\":\"az\",\"potentialAction\":[{\"@type\":\"ReadAction\",\"target\":[\"https:\\\/\\\/www.meydan.tv\\\/az\\\/article\\\/kemaleddin-heyderov-cavid-huseynovu-niye-xilas-ede-bilmedi\\\/\"]}]},{\"@type\":\"ImageObject\",\"inLanguage\":\"az\",\"@id\":\"https:\\\/\\\/www.meydan.tv\\\/az\\\/article\\\/kemaleddin-heyderov-cavid-huseynovu-niye-xilas-ede-bilmedi\\\/#primaryimage\",\"url\":\"https:\\\/\\\/www.meydan.tv\\\/wp-content\\\/uploads\\\/22665.jpg\",\"contentUrl\":\"https:\\\/\\\/www.meydan.tv\\\/wp-content\\\/uploads\\\/22665.jpg\",\"width\":712,\"height\":400,\"caption\":\"Source:\"},{\"@type\":\"BreadcrumbList\",\"@id\":\"https:\\\/\\\/www.meydan.tv\\\/az\\\/article\\\/kemaleddin-heyderov-cavid-huseynovu-niye-xilas-ede-bilmedi\\\/#breadcrumb\",\"itemListElement\":[{\"@type\":\"ListItem\",\"position\":1,\"name\":\"Ana s\u0259hif\u0259\",\"item\":\"https:\\\/\\\/www.meydan.tv\\\/az\\\/\"},{\"@type\":\"ListItem\",\"position\":2,\"name\":\"Analitika\",\"item\":\"https:\\\/\\\/www.meydan.tv\\\/az\\\/section\\\/analitika\\\/\"},{\"@type\":\"ListItem\",\"position\":3,\"name\":\"K\u0259mal\u0259ddin Heyd\u0259rov Cavid H\u00fcseynovu niy\u0259 xilas ed\u0259 bilm\u0259di?\"}]},{\"@type\":\"WebSite\",\"@id\":\"https:\\\/\\\/www.meydan.tv\\\/az\\\/#website\",\"url\":\"https:\\\/\\\/www.meydan.tv\\\/az\\\/\",\"name\":\"MEYDAN.TV\",\"description\":\"Meydan TV Az\u0259rbaycan\u0131n media m\u0259kan\u0131ndak\u0131 alternativ s\u0259sidir\",\"publisher\":{\"@id\":\"https:\\\/\\\/www.meydan.tv\\\/az\\\/#organization\"},\"potentialAction\":[{\"@type\":\"SearchAction\",\"target\":{\"@type\":\"EntryPoint\",\"urlTemplate\":\"https:\\\/\\\/www.meydan.tv\\\/az\\\/?s={search_term_string}\"},\"query-input\":{\"@type\":\"PropertyValueSpecification\",\"valueRequired\":true,\"valueName\":\"search_term_string\"}}],\"inLanguage\":\"az\"},{\"@type\":\"Organization\",\"@id\":\"https:\\\/\\\/www.meydan.tv\\\/az\\\/#organization\",\"name\":\"Meydan TV\",\"url\":\"https:\\\/\\\/www.meydan.tv\\\/az\\\/\",\"logo\":{\"@type\":\"ImageObject\",\"inLanguage\":\"az\",\"@id\":\"https:\\\/\\\/www.meydan.tv\\\/az\\\/#\\\/schema\\\/logo\\\/image\\\/\",\"url\":\"https:\\\/\\\/www.meydan.tv\\\/wp-content\\\/uploads\\\/2021\\\/07\\\/meydan-logo.svg\",\"contentUrl\":\"https:\\\/\\\/www.meydan.tv\\\/wp-content\\\/uploads\\\/2021\\\/07\\\/meydan-logo.svg\",\"width\":195,\"height\":46,\"caption\":\"Meydan TV\"},\"image\":{\"@id\":\"https:\\\/\\\/www.meydan.tv\\\/az\\\/#\\\/schema\\\/logo\\\/image\\\/\"}},{\"@type\":\"Person\",\"@id\":\"https:\\\/\\\/www.meydan.tv\\\/az\\\/#\\\/schema\\\/person\\\/10d11eccf6da3662cf5fdab9806ea91a\",\"name\":\"user-manager\"}]}<\/script>\n<!-- \/ Yoast SEO plugin. -->","yoast_head_json":{"title":"K\u0259mal\u0259ddin Heyd\u0259rov Cavid H\u00fcseynovu niy\u0259 xilas ed\u0259 bilm\u0259di? - MEYDAN.TV","robots":{"index":"index","follow":"follow","max-snippet":"max-snippet:-1","max-image-preview":"max-image-preview:large","max-video-preview":"max-video-preview:-1"},"canonical":"https:\/\/www.meydan.tv\/az\/article\/kemaleddin-heyderov-cavid-huseynovu-niye-xilas-ede-bilmedi\/","og_locale":"az_AZ","og_type":"article","og_title":"K\u0259mal\u0259ddin Heyd\u0259rov Cavid H\u00fcseynovu niy\u0259 xilas ed\u0259 bilm\u0259di? - MEYDAN.TV","og_description":"Oliqarxlar\u0131n \u00f6z aralar\u0131ndak\u0131 m\u00fcbariz\u0259 qanunun \u015fah olmas\u0131na yard\u0131m\u00e7\u0131 olur","og_url":"https:\/\/www.meydan.tv\/az\/article\/kemaleddin-heyderov-cavid-huseynovu-niye-xilas-ede-bilmedi\/","og_site_name":"MEYDAN.TV","article_published_time":"2016-06-06T18:58:34+00:00","og_image":[{"width":712,"height":400,"url":"https:\/\/www.meydan.tv\/wp-content\/uploads\/22665.jpg","type":"image\/jpeg"}],"author":"user-manager","twitter_card":"summary_large_image","schema":{"@context":"https:\/\/schema.org","@graph":[{"@type":"Article","@id":"https:\/\/www.meydan.tv\/az\/article\/kemaleddin-heyderov-cavid-huseynovu-niye-xilas-ede-bilmedi\/#article","isPartOf":{"@id":"https:\/\/www.meydan.tv\/az\/article\/kemaleddin-heyderov-cavid-huseynovu-niye-xilas-ede-bilmedi\/"},"author":{"name":"user-manager","@id":"https:\/\/www.meydan.tv\/az\/#\/schema\/person\/10d11eccf6da3662cf5fdab9806ea91a"},"headline":"K\u0259mal\u0259ddin Heyd\u0259rov Cavid H\u00fcseynovu niy\u0259 xilas ed\u0259 bilm\u0259di?","datePublished":"2016-06-06T18:58:34+00:00","mainEntityOfPage":{"@id":"https:\/\/www.meydan.tv\/az\/article\/kemaleddin-heyderov-cavid-huseynovu-niye-xilas-ede-bilmedi\/"},"wordCount":1704,"publisher":{"@id":"https:\/\/www.meydan.tv\/az\/#organization"},"image":{"@id":"https:\/\/www.meydan.tv\/az\/article\/kemaleddin-heyderov-cavid-huseynovu-niye-xilas-ede-bilmedi\/#primaryimage"},"thumbnailUrl":"https:\/\/www.meydan.tv\/wp-content\/uploads\/22665.jpg","articleSection":["Analitika"],"inLanguage":"az"},{"@type":"WebPage","@id":"https:\/\/www.meydan.tv\/az\/article\/kemaleddin-heyderov-cavid-huseynovu-niye-xilas-ede-bilmedi\/","url":"https:\/\/www.meydan.tv\/az\/article\/kemaleddin-heyderov-cavid-huseynovu-niye-xilas-ede-bilmedi\/","name":"K\u0259mal\u0259ddin Heyd\u0259rov Cavid H\u00fcseynovu niy\u0259 xilas ed\u0259 bilm\u0259di? - MEYDAN.TV","isPartOf":{"@id":"https:\/\/www.meydan.tv\/az\/#website"},"primaryImageOfPage":{"@id":"https:\/\/www.meydan.tv\/az\/article\/kemaleddin-heyderov-cavid-huseynovu-niye-xilas-ede-bilmedi\/#primaryimage"},"image":{"@id":"https:\/\/www.meydan.tv\/az\/article\/kemaleddin-heyderov-cavid-huseynovu-niye-xilas-ede-bilmedi\/#primaryimage"},"thumbnailUrl":"https:\/\/www.meydan.tv\/wp-content\/uploads\/22665.jpg","datePublished":"2016-06-06T18:58:34+00:00","breadcrumb":{"@id":"https:\/\/www.meydan.tv\/az\/article\/kemaleddin-heyderov-cavid-huseynovu-niye-xilas-ede-bilmedi\/#breadcrumb"},"inLanguage":"az","potentialAction":[{"@type":"ReadAction","target":["https:\/\/www.meydan.tv\/az\/article\/kemaleddin-heyderov-cavid-huseynovu-niye-xilas-ede-bilmedi\/"]}]},{"@type":"ImageObject","inLanguage":"az","@id":"https:\/\/www.meydan.tv\/az\/article\/kemaleddin-heyderov-cavid-huseynovu-niye-xilas-ede-bilmedi\/#primaryimage","url":"https:\/\/www.meydan.tv\/wp-content\/uploads\/22665.jpg","contentUrl":"https:\/\/www.meydan.tv\/wp-content\/uploads\/22665.jpg","width":712,"height":400,"caption":"Source:"},{"@type":"BreadcrumbList","@id":"https:\/\/www.meydan.tv\/az\/article\/kemaleddin-heyderov-cavid-huseynovu-niye-xilas-ede-bilmedi\/#breadcrumb","itemListElement":[{"@type":"ListItem","position":1,"name":"Ana s\u0259hif\u0259","item":"https:\/\/www.meydan.tv\/az\/"},{"@type":"ListItem","position":2,"name":"Analitika","item":"https:\/\/www.meydan.tv\/az\/section\/analitika\/"},{"@type":"ListItem","position":3,"name":"K\u0259mal\u0259ddin Heyd\u0259rov Cavid H\u00fcseynovu niy\u0259 xilas ed\u0259 bilm\u0259di?"}]},{"@type":"WebSite","@id":"https:\/\/www.meydan.tv\/az\/#website","url":"https:\/\/www.meydan.tv\/az\/","name":"MEYDAN.TV","description":"Meydan TV Az\u0259rbaycan\u0131n media m\u0259kan\u0131ndak\u0131 alternativ s\u0259sidir","publisher":{"@id":"https:\/\/www.meydan.tv\/az\/#organization"},"potentialAction":[{"@type":"SearchAction","target":{"@type":"EntryPoint","urlTemplate":"https:\/\/www.meydan.tv\/az\/?s={search_term_string}"},"query-input":{"@type":"PropertyValueSpecification","valueRequired":true,"valueName":"search_term_string"}}],"inLanguage":"az"},{"@type":"Organization","@id":"https:\/\/www.meydan.tv\/az\/#organization","name":"Meydan TV","url":"https:\/\/www.meydan.tv\/az\/","logo":{"@type":"ImageObject","inLanguage":"az","@id":"https:\/\/www.meydan.tv\/az\/#\/schema\/logo\/image\/","url":"https:\/\/www.meydan.tv\/wp-content\/uploads\/2021\/07\/meydan-logo.svg","contentUrl":"https:\/\/www.meydan.tv\/wp-content\/uploads\/2021\/07\/meydan-logo.svg","width":195,"height":46,"caption":"Meydan TV"},"image":{"@id":"https:\/\/www.meydan.tv\/az\/#\/schema\/logo\/image\/"}},{"@type":"Person","@id":"https:\/\/www.meydan.tv\/az\/#\/schema\/person\/10d11eccf6da3662cf5fdab9806ea91a","name":"user-manager"}]}},"_links":{"self":[{"href":"https:\/\/www.meydan.tv\/az\/wp-json\/wp\/v2\/posts\/176472","targetHints":{"allow":["GET"]}}],"collection":[{"href":"https:\/\/www.meydan.tv\/az\/wp-json\/wp\/v2\/posts"}],"about":[{"href":"https:\/\/www.meydan.tv\/az\/wp-json\/wp\/v2\/types\/post"}],"author":[{"embeddable":true,"href":"https:\/\/www.meydan.tv\/az\/wp-json\/wp\/v2\/users\/11"}],"replies":[{"embeddable":true,"href":"https:\/\/www.meydan.tv\/az\/wp-json\/wp\/v2\/comments?post=176472"}],"version-history":[{"count":0,"href":"https:\/\/www.meydan.tv\/az\/wp-json\/wp\/v2\/posts\/176472\/revisions"}],"wp:featuredmedia":[{"embeddable":true,"href":"https:\/\/www.meydan.tv\/az\/wp-json\/wp\/v2\/media\/59665"}],"wp:attachment":[{"href":"https:\/\/www.meydan.tv\/az\/wp-json\/wp\/v2\/media?parent=176472"}],"wp:term":[{"taxonomy":"category","embeddable":true,"href":"https:\/\/www.meydan.tv\/az\/wp-json\/wp\/v2\/categories?post=176472"},{"taxonomy":"post_tag","embeddable":true,"href":"https:\/\/www.meydan.tv\/az\/wp-json\/wp\/v2\/tags?post=176472"}],"curies":[{"name":"wp","href":"https:\/\/api.w.org\/{rel}","templated":true}]}}