{"id":176467,"date":"2016-06-06T17:58:38","date_gmt":"2016-06-06T17:58:38","guid":{"rendered":"https:\/\/www.meydan.tv\/article\/guclu-dovlet-qloballasmaya-qarsi\/"},"modified":"2016-06-06T17:58:38","modified_gmt":"2016-06-06T17:58:38","slug":"guclu-dovlet-qloballasmaya-qarsi","status":"publish","type":"post","link":"https:\/\/www.meydan.tv\/az\/article\/guclu-dovlet-qloballasmaya-qarsi\/","title":{"rendered":"&#8221;G\u00fccl\u00fc d\u00f6vl\u0259t&#8221; qloballa\u015fmaya qar\u015f\u0131"},"content":{"rendered":"<figure class=\"wp-block-image size-large\">\n  <img decoding=\"async\" src=\"https:\/\/www.meydan.tv\/az\/59641\/\" alt=\"\" class=\"wp-image-59641\"\/><figcaption><\/figcaption><\/figure>\n<figure class=\"wp-block-image size-large\">\n  <img decoding=\"async\" src=\"https:\/\/www.meydan.tv\/az\/59641\/\" alt=\"\" class=\"wp-image-59641\"\/><figcaption><\/figcaption><\/figure>\n<p>\n  <i><br \/>\n    Hakimiyy\u0259t bu &#8221;g\u00fccl\u00fc&#8221; d\u00f6vl\u0259td\u0259 Q\u0259rbin maraqlar\u0131n\u0131n ifad\u0259\u00e7isinin ba\u015fqas\u0131 deyil, m\u0259hz o oldu\u011funu \u0259ks etdir\u0259n g\u00fcz\u0259\u015ftl\u0259r axtar\u0131r, onlar\u0131 \u0259sasland\u0131r\u0131r v\u0259 t\u0259klif edir<br \/>\n  <\/i>\n<\/p>\n<p>\n  Prezident Administrasiyas\u0131n\u0131n r\u0259hb\u0259ri Ramiz Mehdiyev iyunun 1-d\u0259 g\u0259l\u0259c\u0259k kitab\u0131n\u0131n \u201cG\u00fccl\u00fc Az\u0259rbaycan d\u00f6vl\u0259ti qloballa\u015fma \u015f\u0259raitind\u0259 milli ideyan\u0131n \u0259ksi kimi\u201d hiss\u0259sini d\u0259rc ed\u0259r\u0259k, bununla prezident \u0130lham \u018fliyevin v\u0259 onun yax\u0131n \u0259traf\u0131n\u0131n maraqlar sistemin\u0259 v\u0259 komandan\u0131n bax\u0131\u015f\u0131n\u0131 ifad\u0259 edib.\n<\/p>\n<p>\n  M\u0259qal\u0259 iki \u015f\u0259rh \u00fcslubunda t\u0259qdim edilib, onlar yaln\u0131z g\u00fccl\u00fc d\u00f6vl\u0259tin qloballa\u015fm\u0131\u015f d\u00fcnya ideyalar\u0131n\u0131n b\u0259l\u0259d\u00e7isi olmas\u0131 haqq\u0131nda ziddiyy\u0259tli tezis\u0259 q\u0259rb-akademik v\u0259 kommunist-deklarativ dill\u0259rl\u0259 b\u0259ra\u0259t qazand\u0131r\u0131lmas\u0131 il\u0259 s\u0259ciyy\u0259l\u0259nir.\n<\/p>\n<p>\n  Mehdiyev avtoritarizmd\u0259n liberalizm\u0259 ke\u00e7idd\u0259 m\u00fcmk\u00fcn olan yegan\u0259 sistem kimi Az\u0259rbaycan\u0131n haz\u0131rki d\u00f6vl\u0259t sisteminin qorunub saxlanmas\u0131 z\u0259rur\u0259tini \u0259sasland\u0131rma\u011fa \u00e7al\u0131\u015f\u0131r. Bu yana\u015fma m\u0259qal\u0259nin yekun hiss\u0259sind\u0259 daha ayd\u0131n \u015f\u0259kild\u0259 ifad\u0259 olunub: \u201cd\u00fcnyada qloballa\u015fma prosesl\u0259rinin g\u00fccl\u0259ndiyi \u015f\u0259raitd\u0259 bel\u0259 g\u00fccl\u00fc d\u00f6vl\u0259t qurulmas\u0131 XXI \u0259srin \u0259n s\u0259m\u0259r\u0259li modelidir. Az\u0259rbaycan\u0131n d\u00f6vl\u0259t quruculu\u011funda m\u0259hz bu modeld\u0259n istifad\u0259 etm\u0259si d\u0259 do\u011fru se\u00e7im olub. \u00c7\u00fcnki prezident idar\u0259etm\u0259 formas\u0131 olan g\u00fccl\u00fc d\u00f6vl\u0259t\u0259 s\u00f6yk\u0259n\u0259r\u0259k milli ideyan\u0131n m\u00fcasir innovativ inki\u015faf d\u00f6vr\u00fc il\u0259 uzla\u015fan yeni v\u0259zif\u0259l\u0259rinin h\u0259llin\u0259 ke\u00e7m\u0259k olar\u201d.\n<\/p>\n<p>\n  Mehdiyevin qloballa\u015fman\u0131n (AB\u015e, B\u00f6y\u00fck Britaniya, beyn\u0259lxalq maliyy\u0259 institutlar\u0131, transmilli \u015firk\u0259tl\u0259r t\u0259r\u0259find\u0259n yay\u0131lan v\u0259 yerli v\u0259t\u0259nda\u015f c\u0259miyy\u0259ti t\u0259r\u0259find\u0259n d\u0259st\u0259kl\u0259n\u0259n) t\u0259hl\u00fck\u0259l\u0259ri v\u0259 dig\u0259r t\u0259r\u0259fd\u0259n qloballa\u015fma prosesl\u0259ri kontekstind\u0259n k\u0259narda d\u00f6vl\u0259tin maraqlar\u0131n\u0131n qorunmas\u0131 z\u0259rur\u0259ti haqq\u0131nda ziddiyy\u0259tli fikirl\u0259ri hakimiyy\u0259tin d\u00fc\u015fd\u00fcy\u00fc v\u0259ziyy\u0259tin n\u0259 q\u0259d\u0259r ac\u0131nacaql\u0131 oldu\u011funu n\u00fcmayi\u015f etdirir. Prezident \u018fliyev Bak\u0131da Neft v\u0259 Qaz S\u0259rgisind\u0259 \u00e7\u0131x\u0131\u015f\u0131nda hakimiyy\u0259tin neftd\u0259n as\u0131l\u0131 iqtisadiyyat\u0131n \u00e7\u00f6k\u00fc\u015f\u00fcnd\u0259n \u201cstress ya\u015fad\u0131\u011f\u0131n\u0131\u201d b\u0259yan ed\u0259r\u0259k bu v\u0259ziyy\u0259ti \u0259n ayd\u0131n \u015f\u0259kild\u0259 ifad\u0259 edib.\n<\/p>\n<p>\n  Mahiyy\u0259tc\u0259, g\u00fccl\u00fc d\u00f6vl\u0259t dedikd\u0259 Mehdiyev t\u0259msil etdiyi g\u00fccl\u00fc hakimiyy\u0259ti n\u0259z\u0259rd\u0259 tutur v\u0259 m\u0259qal\u0259d\u0259 d\u0259f\u0259l\u0259rl\u0259 ondan b\u0259hs edir. Buna g\u00f6r\u0259 \u201cg\u00fccl\u00fc d\u00f6vl\u0259t\u201d dedikd\u0259 (ictimai institutlar da daxil olmaqla) x\u00fcsusi bir \u015fey &#8211; \u201cg\u00fccl\u00fc hakimiyy\u0259t\u201d v\u0259 ya m\u00fcasir Az\u0259rbaycan \u015f\u0259raitind\u0259 f\u0259rdl\u0259rin \u00f6lk\u0259 Konstitusiyas\u0131nda v\u0259 qanunlar\u0131nda n\u0259z\u0259rd\u0259 tutulmu\u015f h\u00fcquq v\u0259 azadl\u0131qlar\u0131n\u0131 pozmaq al\u0259ti olan rejimi ba\u015fa d\u00fc\u015fm\u0259k laz\u0131md\u0131r.\n<\/p>\n<p>\n  Sovet \u0259n\u0259n\u0259l\u0259ri il\u0259 yaz\u0131lm\u0131\u015f m\u0259qal\u0259nin mahiyy\u0259tini d\u0259rk etdikd\u0259 g\u00f6rm\u0259k olar ki, o, hakimiyy\u0259tin Q\u0259rb v\u0259 Az\u0259rbaycan aras\u0131ndak\u0131 m\u00fcnasib\u0259tl\u0259rin haz\u0131rki v\u0259ziyy\u0259tin\u0259 reaksiyas\u0131d\u0131r. Qloballa\u015fma prosesl\u0259ri \u015f\u0259raitind\u0259 \u201cg\u00fccl\u00fc d\u00f6vl\u0259tin\u201d ayr\u0131l\u0131qda m\u00f6vcud olmas\u0131 ideyas\u0131ndan imtina ed\u0259 bilm\u0259y\u0259n hakimiyy\u0259tin \u00e7a\u015f-ba\u015f qald\u0131\u011f\u0131 sezilir. Qeyd etm\u0259k laz\u0131md\u0131r ki, Mehdiyevin \u0259vv\u0259lki ill\u0259rd\u0259 vur\u011fulad\u0131\u011f\u0131 \u201cm\u00fcasirl\u0259\u015fm\u0259\u201d, \u201csuveren demokratiya\u201d, \u201cm\u00fcst\u0259snal\u0131q\u201d, indi is\u0259 \u201cg\u00fccl\u00fc d\u00f6vl\u0259t\u201d ideyalar\u0131 u\u011fursuzlu\u011fa u\u011fram\u0131\u015f ayr\u0131ca bir \u00f6lk\u0259d\u0259 kommunizm qurmaq bar\u0259d\u0259 utopik ideyan\u0131 xat\u0131rlad\u0131r.\n<\/p>\n<p>\n  G\u00fccl\u00fc d\u00f6vl\u0259t ideyas\u0131 yeni deyil v\u0259 haz\u0131rki Az\u0259rbaycan\u0131 quranlar\u0131n d\u00fc\u015f\u00fcnc\u0259sin\u0259 g\u00f6r\u0259 qlobal d\u00fcnyada \u00f6lk\u0259nin t\u0259crid \u015f\u0259kild\u0259 \u00fczm\u0259sini v\u0259 \u015f\u0259xsi maraqlar\u0131n\u0131 d\u00f6vl\u0259t maraqlar\u0131 il\u0259 bir tutan elitan\u0131n bu maraqlar\u0131n\u0131 t\u0259min etm\u0259li olan neft bumu d\u00f6vr\u00fcnd\u0259 bu ideya f\u0259al \u015f\u0259kild\u0259 yay\u0131l\u0131b. \u00d6z \u015falvar\u0131n\u0131n cibini d\u00f6vl\u0259t b\u00fcdc\u0259sinin kis\u0259si il\u0259 bir tutan Bak\u0131 meri Abutal\u0131bov bunu kifay\u0259t q\u0259d\u0259r ayd\u0131n \u015f\u0259kild\u0259 ifad\u0259 edib.\n<\/p>\n<p>\n  Faktiki olaraq, Mehdiyev m\u0259qal\u0259d\u0259, \u0259vv\u0259ll\u0259r d\u0259 oldu\u011fu kimi, Q\u0259rb v\u0259 dig\u0259r t\u0259r\u0259fda\u015flar\u0131 inand\u0131rma\u011fa \u00e7al\u0131\u015f\u0131r ki, g\u00fccl\u00fc hakimiyy\u0259t, \u0130lham \u018fliyevin \u015f\u0259xsind\u0259 g\u00fccl\u00fc d\u00f6vl\u0259t stabilliyi v\u0259 t\u0259crid edilmi\u015f Az\u0259rbaycan\u0131n t\u0259dric\u0259n d\u00fcnyaya tranzaksiyas\u0131n\u0131 t\u0259min ed\u0259 bil\u0259. \u00d6lk\u0259nin qloballa\u015fma m\u00fcnasib\u0259tl\u0259ri sistemin\u0259 s\u00fcr\u0259tli deyil, m\u0259hz t\u0259dric\u0259n daxil olmas\u0131 hakimiyy\u0259t v\u0259 beyn\u0259lxalq d\u00f6vl\u0259t v\u0259 maliyy\u0259 institutlar\u0131 aras\u0131nda qar\u015f\u0131l\u0131ql\u0131 m\u00fcnasib\u0259tl\u0259rd\u0259 \u0259sas problemdir. Bu m\u00f6vzu ona g\u00f6r\u0259 aktuald\u0131r ki, qlobal d\u00fcnyan\u0131n n\u00fcmay\u0259nd\u0259l\u0259ri f\u0259lak\u0259t\u0259 u\u011fram\u0131\u015f rejim\u0259 maliyy\u0259 v\u0259 dig\u0259r yard\u0131mlar\u0131n verilm\u0259si \u015f\u0259rti kimi Az\u0259rbaycanda gecikmi\u015f islahatlar\u0131n s\u00fcr\u0259tl\u0259ndirilm\u0259sind\u0259 israr edir.\n<\/p>\n<p>\n  M\u0259qal\u0259 g\u00f6st\u0259rir ki, hakimiyy\u0259t bu \u201cg\u00fccl\u00fc\u201d d\u00f6vl\u0259td\u0259 Q\u0259rbin maraqlar\u0131n\u0131n ifad\u0259\u00e7isinin ba\u015fqas\u0131 deyil, m\u0259hz o oldu\u011funu \u0259ks etdir\u0259n g\u00fcz\u0259\u015ftl\u0259r axtar\u0131r, onlar\u0131 \u0259sasland\u0131r\u0131r v\u0259 t\u0259klif edir. Bu, k\u00f6hn\u0259 tezisdir v\u0259 \u00f6lk\u0259nin m\u00fcxt\u0259lif inki\u015faf d\u00f6vrl\u0259rind\u0259 Q\u0259rbin vaxta\u015f\u0131r\u0131 israr etdiyi islahatlar\u0131n t\u0259xir\u0259 sal\u0131nmas\u0131n\u0131n \u0259sasland\u0131r\u0131lmas\u0131 kimi istifad\u0259 olunub.\n<\/p>\n<p>\n  Amma son bir ild\u0259 ba\u015f ver\u0259n hadis\u0259l\u0259r g\u00f6st\u0259rir ki, Mehdiyevin Az\u0259rbaycan\u0131n qloballa\u015fmaya Az\u0259rbaycanda g\u00f6rd\u00fcy\u00fc \u201cg\u00fccl\u00fc d\u00f6vl\u0259t\u201d vasit\u0259sil\u0259 uy\u011funla\u015fmas\u0131 haqq\u0131nda tezisi \u0259sass\u0131zd\u0131r.\n<\/p>\n<p>\n  Az\u0259rbayanda \u201cg\u00fccl\u00fc d\u00f6vl\u0259tin\u201d Mehdiyev \u0259lam\u0259tl\u0259rin\u0259 a\u015fa\u011f\u0131dak\u0131lar daxildir:\n<\/p>\n<p>\n  <i><br \/>\n    &#8211; tam suverenliy\u0259 malikdir, dem\u0259li, \u00f6z daxili v\u0259 xarici siyas\u0259tind\u0259 ba\u015fqa d\u00f6vl\u0259tl\u0259rd\u0259n v\u0259 ya beyn\u0259laxlq t\u0259\u015fkilatlardan as\u0131l\u0131 deyil;<br \/>\n  <\/i>\n<\/p>\n<p>\n  <i><br \/>\n    &#8211; milli iqtisadiyyat\u0131n\u0131 v\u0259 istehsal sah\u0259sini \u0259n yeni texnologiyalar \u0259sas\u0131nda inki\u015faf etdirir;<br \/>\n  <\/i>\n<\/p>\n<p>\n  <i><br \/>\n    &#8211; Az\u0259rbaycan\u0131n b\u00fct\u00fcn etnoslar\u0131n\u0131n d\u00f6vl\u0259t ideologiyas\u0131 olan, d\u00f6vl\u0259t t\u0259r\u0259find\u0259n t\u0259sdiq edil\u0259n tolerantl\u0131q v\u0259 multikulturalizm kimi elementl\u0259ri ehtiva ed\u0259n g\u00fccl\u00fc \u201cAz\u0259rbaycan\u00e7\u0131l\u0131q\u201d milli ideologiyas\u0131na malikdir;<br \/>\n  <\/i>\n<\/p>\n<p>\n  <i><br \/>\n    &#8211; milli m\u0259d\u0259niyy\u0259tini, elm v\u0259 t\u0259hsili, idman\u0131 v\u0259 t\u0259cr\u00fcbi tibbi inki\u015faf etdirir;<br \/>\n  <\/i>\n<\/p>\n<p>\n  <i><br \/>\n    &#8211; t\u0259qa\u00fcd\u00e7\u00fcl\u0259rin v\u0259 azt\u0259minatl\u0131 v\u0259t\u0259nda\u015flar\u0131n qay\u011f\u0131s\u0131na qal\u0131r;<br \/>\n  <\/i>\n<\/p>\n<p>\n  <i><br \/>\n    &#8211; qanuna uy\u011fun olaraq ictimai asayi\u015fi s\u0259m\u0259r\u0259li \u015f\u0259kild\u0259 t\u0259min edir;<br \/>\n  <\/i>\n<\/p>\n<p>\n  <i><br \/>\n    &#8211; d\u00f6vl\u0259tin \u0259razi b\u00fct\u00f6vl\u00fcy\u00fcn\u00fcn b\u0259rpas\u0131 z\u0259rur\u0259ti il\u0259 \u0259laq\u0259dar Milli Silahl\u0131 Q\u00fcvv\u0259l\u0259ri inki\u015faf etdirir;<br \/>\n  <\/i>\n<\/p>\n<p>\n  <i><br \/>\n    &#8211; m\u00fcst\u0259qil f\u0259alliyy\u0259tl\u0259rind\u0259 milli maraqlara v\u0259 d\u00f6vl\u0259t maraqlar\u0131na \u0259saslanan qeyri-h\u00f6kum\u0259t (v\u0259t\u0259nda\u015f) strukturlar\u0131n\u0131 h\u0259r c\u00fcr d\u0259st\u0259kl\u0259yir;<br \/>\n  <\/i>\n<\/p>\n<p>\n  <i><br \/>\n    &#8211; qanuna uy\u011fun olaraq radikal qruplar\u0131n, x\u00fcsus\u0259n ba\u015fqa d\u00f6vl\u0259tl\u0259r v\u0259 ya beyn\u0259lxalq t\u0259\u015fkilatlar t\u0259r\u0259find\u0259n maliyy\u0259l\u0259\u015fdiril\u0259n qruplar\u0131n f\u0259aliyy\u0259tinin qar\u015f\u0131s\u0131n\u0131 m\u0259har\u0259tl\u0259 al\u0131r v\u0259 s.<br \/>\n  <\/i>\n<\/p>\n<p>\n  Birm\u0259nal\u0131 olaraq, b\u00fct\u00fcn bu \u0259lam\u0259tl\u0259r g\u00fccl\u00fc iqtisadi b\u00f6hran v\u0259 sistem b\u00f6hran\u0131 \u015f\u0259raitind\u0259 ciddi deformasiyaya m\u0259ruz qal\u0131blar. Mehdiyev 2014-c\u00fc ild\u0259 rejimin kadrlar\u0131n\u0131n v\u0259ziyy\u0259tini t\u0259nqid ed\u0259r\u0259k, bu b\u00f6hran\u0131n m\u00f6vcudlu\u011funu etiraf etmi\u015fdi. B\u00f6hran ciddi s\u0259hvl\u0259r n\u0259tic\u0259sind\u0259 v\u0259 ilk n\u00f6vb\u0259d\u0259 2003-c\u00fc ild\u0259 \u0130lham \u018fliyevin hakimiyy\u0259t\u0259 g\u0259lm\u0259sind\u0259n sonra \u201csuveren d\u00f6vl\u0259t\u201d v\u0259 qloballa\u015fma aras\u0131nda prioritetin yanl\u0131\u015f m\u00fc\u0259yy\u0259n edilm\u0259si il\u0259 \u0259laq\u0259dar yaran\u0131b. \u018fslind\u0259 Heyd\u0259r \u018fliyevin eyni zamanda \u201cg\u00fccl\u00fc d\u00f6vl\u0259t\u201d qurulmas\u0131ndan v\u0259 qloballa\u015fmada i\u015ftirakdan (BMT, AT\u018fT, \u0130slam \u018fm\u0259kda\u015fl\u0131q T\u0259\u015fkilat\u0131, MDB, \u0130qtisadi \u018fm\u0259kda\u015fl\u0131q T\u0259\u015fkilat\u0131, NATO FTP, A\u015e-a\u0259 daxil olma, A\u0130 qar\u015f\u0131s\u0131nda \u00f6hd\u0259likl\u0259r) ibar\u0259t olan paralel siyasi kursu dayand\u0131r\u0131l\u0131b.\n<\/p>\n<p>\n  2004-2005-ci ill\u0259rd\u0259 Turan agentliyi \u201cAvropa modeli vahid Qafqaz m\u0259kan\u0131 formala\u015fd\u0131r\u0131lmas\u0131n\u0131n \u0259sas\u0131 kimi\u201d (avqust, 2004) v\u0259 \u201cAz\u0259rbaycan v\u0259 Avropa perspektivl\u0259ri\u201d (fevral, 2005) adl\u0131 m\u0259qal\u0259l\u0259rd\u0259 suverenlik qurulmas\u0131n\u0131n qloballa\u015fmadan \u00fcst\u00fcn tutulmas\u0131n\u0131n yanl\u0131\u015f oldu\u011fu, d\u00f6vl\u0259t \u00fc\u00e7\u00fcn \u00e7ox ir\u0259li ged\u0259n n\u0259tic\u0259l\u0259ri olaca\u011f\u0131 bar\u0259d\u0259 x\u0259b\u0259rdarl\u0131q etmi\u015fdi. Sonuncu m\u0259qal\u0259d\u0259 agentlik dinc Qafqaz m\u0259kan\u0131n\u0131n formala\u015fd\u0131r\u0131lmas\u0131na olan mane\u0259l\u0259r haqq\u0131nda dan\u0131\u015fark\u0259n x\u00fcsusil\u0259 inki\u015faf etmi\u015f \u00f6lk\u0259l\u0259rin f\u0259al \u015f\u0259kild\u0259 c\u0259lb edildiyi qloballa\u015fma prosesi il\u0259 Az\u0259rbaycan v\u0259 iki dig\u0259r C\u0259nubi Qafqaz \u00f6lk\u0259sinin m\u0259\u015f\u011ful oldu\u011fu milli d\u00f6vl\u0259t quruculu\u011fu prosesi aras\u0131ndak\u0131 ziddiyy\u0259ti vur\u011fulay\u0131rd\u0131: \u201cB\u0259s ziddiyy\u0259t n\u0259d\u0259dir? A\u0130 \u00f6lk\u0259l\u0259ri \u0259vv\u0259lc\u0259 suveren d\u00f6vl\u0259t kimi formala\u015f\u0131blar v\u0259 yaln\u0131z bundan sonra t\u0259dric\u0259n v\u0259 ard\u0131c\u0131l \u015f\u0259kild\u0259 \u0130ttifaq\u0131n xeyrin\u0259 \u00f6z suverenlikl\u0259rind\u0259n imtina etm\u0259y\u0259 ba\u015flay\u0131blar: vahid \u015f\u0259kl\u0259 sal\u0131nm\u0131\u015f qanunvericilik, vahid h\u0259rbi komandanl\u0131q, vahid valyuta, a\u00e7\u0131q s\u0259rh\u0259dl\u0259r, mal v\u0259 i\u015f\u00e7i q\u00fcvv\u0259nin s\u0259rb\u0259st h\u0259r\u0259k\u0259ti, vahid Konstitusiya. Bizim halda CQ \u00f6lk\u0259l\u0259ri bir t\u0259r\u0259fd\u0259n suveren d\u00f6vl\u0259t quruculu\u011fu yolundan ke\u00e7irl\u0259r, dig\u0259r t\u0259r\u0259fd\u0259n is\u0259 paralel olaraq qloballa\u015fman\u0131n t\u0259l\u0259bl\u0259rin\u0259 ayaq uydurmaq, y\u0259ni suverenlikd\u0259n imtina etm\u0259k m\u0259cburiyy\u0259tind\u0259dirl\u0259r. Hakimiyy\u0259timizin atd\u0131\u011f\u0131 add\u0131mlara \u0259sas\u0259n t\u0259xmin etm\u0259k olar ki, o, ilk n\u00f6vb\u0259d\u0259 suverenliyin t\u0259sdiq edilm\u0259si il\u0259 m\u0259\u015f\u011fuldurlar v\u0259 yaln\u0131z bundan sonra qlobal \u00e7a\u011f\u0131r\u0131\u015flara reaksiya verm\u0259y\u0259 haz\u0131rla\u015f\u0131r. Bu halda biz d\u00fcnyada ged\u0259n prosesl\u0259rd\u0259n v\u0259 Avropaya inteqrasiyadan daha \u00e7ox gerid\u0259 qalmaqla risk edirik. Bizim vaxt\u0131m\u0131z yoxdur. 15 ild\u0259 informasiya texnologilayar\u0131 d\u00fcnyasn\u0131n n\u0259 q\u0259d\u0259r s\u00fcr\u0259tl\u0259 d\u0259yi\u015fdiyin\u0259 diqq\u0259t yetirm\u0259k kifay\u0259tdir. D\u00fcnya nizam-intizam\u0131 da bu \u015f\u0259kild\u0259 d\u0259yi\u015fir. Biz qloballa\u015fma prosesin\u0259 f\u0259al \u015f\u0259kild\u0259 daxil olmal\u0131 v\u0259 bu g\u00fcn qloballa\u015fman\u0131n \u00f6n\u00fcnd\u0259 ged\u0259n \u00f6lk\u0259l\u0259rin etdiyi kimi, \u00f6z maraqlar\u0131m\u0131z\u0131 (siyasi, iqtisadi, informasiya) d\u00f6vl\u0259t s\u0259rh\u0259dl\u0259rimizin h\u00fcdudlar\u0131ndan k\u0259narda t\u0259min etm\u0259yi \u00f6yr\u0259nm\u0259liyik\u201d.<\/p>\n","protected":false},"excerpt":{"rendered":"<p>Hakimiyy\u0259t bu &#8221;g\u00fccl\u00fc&#8221; d\u00f6vl\u0259td\u0259 Q\u0259rbin maraqlar\u0131n\u0131n ifad\u0259\u00e7isinin ba\u015fqas\u0131 deyil, m\u0259hz o oldu\u011funu \u0259ks etdir\u0259n g\u00fcz\u0259\u015ftl\u0259r axtar\u0131r, onlar\u0131 \u0259sasland\u0131r\u0131r v\u0259 t\u0259klif edir<\/p>\n","protected":false},"author":11,"featured_media":59641,"comment_status":"closed","ping_status":"open","sticky":false,"template":"","format":"standard","meta":{"_acf_changed":false,"_sitemap_exclude":false,"_sitemap_priority":"","_sitemap_frequency":"","footnotes":""},"categories":[51],"tags":[],"class_list":["post-176467","post","type-post","status-publish","format-standard","has-post-thumbnail","hentry","category-analitika","infinite-scroll-item","generate-columns","tablet-grid-50","mobile-grid-100","grid-parent","grid-33","no-featured-image-padding"],"acf":[],"yoast_head":"<!-- This site is optimized with the Yoast SEO plugin v27.5 - https:\/\/yoast.com\/product\/yoast-seo-wordpress\/ -->\n<title>&#039;&#039;G\u00fccl\u00fc d\u00f6vl\u0259t&#039;&#039; qloballa\u015fmaya qar\u015f\u0131 - MEYDAN.TV<\/title>\n<meta name=\"robots\" content=\"index, follow, max-snippet:-1, max-image-preview:large, max-video-preview:-1\" \/>\n<link rel=\"canonical\" href=\"https:\/\/www.meydan.tv\/az\/article\/guclu-dovlet-qloballasmaya-qarsi\/\" \/>\n<meta property=\"og:locale\" content=\"az_AZ\" \/>\n<meta property=\"og:type\" content=\"article\" \/>\n<meta property=\"og:title\" content=\"&#039;&#039;G\u00fccl\u00fc d\u00f6vl\u0259t&#039;&#039; qloballa\u015fmaya qar\u015f\u0131 - MEYDAN.TV\" \/>\n<meta property=\"og:description\" content=\"Hakimiyy\u0259t bu &#039;&#039;g\u00fccl\u00fc&#039;&#039; d\u00f6vl\u0259td\u0259 Q\u0259rbin maraqlar\u0131n\u0131n ifad\u0259\u00e7isinin ba\u015fqas\u0131 deyil, m\u0259hz o oldu\u011funu \u0259ks etdir\u0259n g\u00fcz\u0259\u015ftl\u0259r axtar\u0131r, onlar\u0131 \u0259sasland\u0131r\u0131r v\u0259 t\u0259klif edir\" \/>\n<meta property=\"og:url\" content=\"https:\/\/www.meydan.tv\/az\/article\/guclu-dovlet-qloballasmaya-qarsi\/\" \/>\n<meta property=\"og:site_name\" content=\"MEYDAN.TV\" \/>\n<meta property=\"article:published_time\" content=\"2016-06-06T17:58:38+00:00\" \/>\n<meta property=\"og:image\" content=\"https:\/\/www.meydan.tv\/wp-content\/uploads\/22661.jpg\" \/>\n\t<meta property=\"og:image:width\" content=\"600\" \/>\n\t<meta property=\"og:image:height\" content=\"729\" \/>\n\t<meta property=\"og:image:type\" content=\"image\/jpeg\" \/>\n<meta name=\"author\" content=\"user-manager\" \/>\n<meta name=\"twitter:card\" content=\"summary_large_image\" \/>\n<script type=\"application\/ld+json\" class=\"yoast-schema-graph\">{\"@context\":\"https:\\\/\\\/schema.org\",\"@graph\":[{\"@type\":\"Article\",\"@id\":\"https:\\\/\\\/www.meydan.tv\\\/az\\\/article\\\/guclu-dovlet-qloballasmaya-qarsi\\\/#article\",\"isPartOf\":{\"@id\":\"https:\\\/\\\/www.meydan.tv\\\/az\\\/article\\\/guclu-dovlet-qloballasmaya-qarsi\\\/\"},\"author\":{\"name\":\"user-manager\",\"@id\":\"https:\\\/\\\/www.meydan.tv\\\/az\\\/#\\\/schema\\\/person\\\/10d11eccf6da3662cf5fdab9806ea91a\"},\"headline\":\"&#8221;G\u00fccl\u00fc d\u00f6vl\u0259t&#8221; qloballa\u015fmaya qar\u015f\u0131\",\"datePublished\":\"2016-06-06T17:58:38+00:00\",\"mainEntityOfPage\":{\"@id\":\"https:\\\/\\\/www.meydan.tv\\\/az\\\/article\\\/guclu-dovlet-qloballasmaya-qarsi\\\/\"},\"wordCount\":1852,\"publisher\":{\"@id\":\"https:\\\/\\\/www.meydan.tv\\\/az\\\/#organization\"},\"image\":{\"@id\":\"https:\\\/\\\/www.meydan.tv\\\/az\\\/article\\\/guclu-dovlet-qloballasmaya-qarsi\\\/#primaryimage\"},\"thumbnailUrl\":\"https:\\\/\\\/www.meydan.tv\\\/wp-content\\\/uploads\\\/22661.jpg\",\"articleSection\":[\"Analitika\"],\"inLanguage\":\"az\"},{\"@type\":\"WebPage\",\"@id\":\"https:\\\/\\\/www.meydan.tv\\\/az\\\/article\\\/guclu-dovlet-qloballasmaya-qarsi\\\/\",\"url\":\"https:\\\/\\\/www.meydan.tv\\\/az\\\/article\\\/guclu-dovlet-qloballasmaya-qarsi\\\/\",\"name\":\"''G\u00fccl\u00fc d\u00f6vl\u0259t'' qloballa\u015fmaya qar\u015f\u0131 - MEYDAN.TV\",\"isPartOf\":{\"@id\":\"https:\\\/\\\/www.meydan.tv\\\/az\\\/#website\"},\"primaryImageOfPage\":{\"@id\":\"https:\\\/\\\/www.meydan.tv\\\/az\\\/article\\\/guclu-dovlet-qloballasmaya-qarsi\\\/#primaryimage\"},\"image\":{\"@id\":\"https:\\\/\\\/www.meydan.tv\\\/az\\\/article\\\/guclu-dovlet-qloballasmaya-qarsi\\\/#primaryimage\"},\"thumbnailUrl\":\"https:\\\/\\\/www.meydan.tv\\\/wp-content\\\/uploads\\\/22661.jpg\",\"datePublished\":\"2016-06-06T17:58:38+00:00\",\"breadcrumb\":{\"@id\":\"https:\\\/\\\/www.meydan.tv\\\/az\\\/article\\\/guclu-dovlet-qloballasmaya-qarsi\\\/#breadcrumb\"},\"inLanguage\":\"az\",\"potentialAction\":[{\"@type\":\"ReadAction\",\"target\":[\"https:\\\/\\\/www.meydan.tv\\\/az\\\/article\\\/guclu-dovlet-qloballasmaya-qarsi\\\/\"]}]},{\"@type\":\"ImageObject\",\"inLanguage\":\"az\",\"@id\":\"https:\\\/\\\/www.meydan.tv\\\/az\\\/article\\\/guclu-dovlet-qloballasmaya-qarsi\\\/#primaryimage\",\"url\":\"https:\\\/\\\/www.meydan.tv\\\/wp-content\\\/uploads\\\/22661.jpg\",\"contentUrl\":\"https:\\\/\\\/www.meydan.tv\\\/wp-content\\\/uploads\\\/22661.jpg\",\"width\":600,\"height\":729,\"caption\":\"Source:\"},{\"@type\":\"BreadcrumbList\",\"@id\":\"https:\\\/\\\/www.meydan.tv\\\/az\\\/article\\\/guclu-dovlet-qloballasmaya-qarsi\\\/#breadcrumb\",\"itemListElement\":[{\"@type\":\"ListItem\",\"position\":1,\"name\":\"Ana s\u0259hif\u0259\",\"item\":\"https:\\\/\\\/www.meydan.tv\\\/az\\\/\"},{\"@type\":\"ListItem\",\"position\":2,\"name\":\"Analitika\",\"item\":\"https:\\\/\\\/www.meydan.tv\\\/az\\\/section\\\/analitika\\\/\"},{\"@type\":\"ListItem\",\"position\":3,\"name\":\"&#8221;G\u00fccl\u00fc d\u00f6vl\u0259t&#8221; qloballa\u015fmaya qar\u015f\u0131\"}]},{\"@type\":\"WebSite\",\"@id\":\"https:\\\/\\\/www.meydan.tv\\\/az\\\/#website\",\"url\":\"https:\\\/\\\/www.meydan.tv\\\/az\\\/\",\"name\":\"MEYDAN.TV\",\"description\":\"Meydan TV Az\u0259rbaycan\u0131n media m\u0259kan\u0131ndak\u0131 alternativ s\u0259sidir\",\"publisher\":{\"@id\":\"https:\\\/\\\/www.meydan.tv\\\/az\\\/#organization\"},\"potentialAction\":[{\"@type\":\"SearchAction\",\"target\":{\"@type\":\"EntryPoint\",\"urlTemplate\":\"https:\\\/\\\/www.meydan.tv\\\/az\\\/?s={search_term_string}\"},\"query-input\":{\"@type\":\"PropertyValueSpecification\",\"valueRequired\":true,\"valueName\":\"search_term_string\"}}],\"inLanguage\":\"az\"},{\"@type\":\"Organization\",\"@id\":\"https:\\\/\\\/www.meydan.tv\\\/az\\\/#organization\",\"name\":\"Meydan TV\",\"url\":\"https:\\\/\\\/www.meydan.tv\\\/az\\\/\",\"logo\":{\"@type\":\"ImageObject\",\"inLanguage\":\"az\",\"@id\":\"https:\\\/\\\/www.meydan.tv\\\/az\\\/#\\\/schema\\\/logo\\\/image\\\/\",\"url\":\"https:\\\/\\\/www.meydan.tv\\\/wp-content\\\/uploads\\\/2021\\\/07\\\/meydan-logo.svg\",\"contentUrl\":\"https:\\\/\\\/www.meydan.tv\\\/wp-content\\\/uploads\\\/2021\\\/07\\\/meydan-logo.svg\",\"width\":195,\"height\":46,\"caption\":\"Meydan TV\"},\"image\":{\"@id\":\"https:\\\/\\\/www.meydan.tv\\\/az\\\/#\\\/schema\\\/logo\\\/image\\\/\"}},{\"@type\":\"Person\",\"@id\":\"https:\\\/\\\/www.meydan.tv\\\/az\\\/#\\\/schema\\\/person\\\/10d11eccf6da3662cf5fdab9806ea91a\",\"name\":\"user-manager\"}]}<\/script>\n<!-- \/ Yoast SEO plugin. -->","yoast_head_json":{"title":"''G\u00fccl\u00fc d\u00f6vl\u0259t'' qloballa\u015fmaya qar\u015f\u0131 - MEYDAN.TV","robots":{"index":"index","follow":"follow","max-snippet":"max-snippet:-1","max-image-preview":"max-image-preview:large","max-video-preview":"max-video-preview:-1"},"canonical":"https:\/\/www.meydan.tv\/az\/article\/guclu-dovlet-qloballasmaya-qarsi\/","og_locale":"az_AZ","og_type":"article","og_title":"''G\u00fccl\u00fc d\u00f6vl\u0259t'' qloballa\u015fmaya qar\u015f\u0131 - MEYDAN.TV","og_description":"Hakimiyy\u0259t bu ''g\u00fccl\u00fc'' d\u00f6vl\u0259td\u0259 Q\u0259rbin maraqlar\u0131n\u0131n ifad\u0259\u00e7isinin ba\u015fqas\u0131 deyil, m\u0259hz o oldu\u011funu \u0259ks etdir\u0259n g\u00fcz\u0259\u015ftl\u0259r axtar\u0131r, onlar\u0131 \u0259sasland\u0131r\u0131r v\u0259 t\u0259klif edir","og_url":"https:\/\/www.meydan.tv\/az\/article\/guclu-dovlet-qloballasmaya-qarsi\/","og_site_name":"MEYDAN.TV","article_published_time":"2016-06-06T17:58:38+00:00","og_image":[{"width":600,"height":729,"url":"https:\/\/www.meydan.tv\/wp-content\/uploads\/22661.jpg","type":"image\/jpeg"}],"author":"user-manager","twitter_card":"summary_large_image","schema":{"@context":"https:\/\/schema.org","@graph":[{"@type":"Article","@id":"https:\/\/www.meydan.tv\/az\/article\/guclu-dovlet-qloballasmaya-qarsi\/#article","isPartOf":{"@id":"https:\/\/www.meydan.tv\/az\/article\/guclu-dovlet-qloballasmaya-qarsi\/"},"author":{"name":"user-manager","@id":"https:\/\/www.meydan.tv\/az\/#\/schema\/person\/10d11eccf6da3662cf5fdab9806ea91a"},"headline":"&#8221;G\u00fccl\u00fc d\u00f6vl\u0259t&#8221; qloballa\u015fmaya qar\u015f\u0131","datePublished":"2016-06-06T17:58:38+00:00","mainEntityOfPage":{"@id":"https:\/\/www.meydan.tv\/az\/article\/guclu-dovlet-qloballasmaya-qarsi\/"},"wordCount":1852,"publisher":{"@id":"https:\/\/www.meydan.tv\/az\/#organization"},"image":{"@id":"https:\/\/www.meydan.tv\/az\/article\/guclu-dovlet-qloballasmaya-qarsi\/#primaryimage"},"thumbnailUrl":"https:\/\/www.meydan.tv\/wp-content\/uploads\/22661.jpg","articleSection":["Analitika"],"inLanguage":"az"},{"@type":"WebPage","@id":"https:\/\/www.meydan.tv\/az\/article\/guclu-dovlet-qloballasmaya-qarsi\/","url":"https:\/\/www.meydan.tv\/az\/article\/guclu-dovlet-qloballasmaya-qarsi\/","name":"''G\u00fccl\u00fc d\u00f6vl\u0259t'' qloballa\u015fmaya qar\u015f\u0131 - MEYDAN.TV","isPartOf":{"@id":"https:\/\/www.meydan.tv\/az\/#website"},"primaryImageOfPage":{"@id":"https:\/\/www.meydan.tv\/az\/article\/guclu-dovlet-qloballasmaya-qarsi\/#primaryimage"},"image":{"@id":"https:\/\/www.meydan.tv\/az\/article\/guclu-dovlet-qloballasmaya-qarsi\/#primaryimage"},"thumbnailUrl":"https:\/\/www.meydan.tv\/wp-content\/uploads\/22661.jpg","datePublished":"2016-06-06T17:58:38+00:00","breadcrumb":{"@id":"https:\/\/www.meydan.tv\/az\/article\/guclu-dovlet-qloballasmaya-qarsi\/#breadcrumb"},"inLanguage":"az","potentialAction":[{"@type":"ReadAction","target":["https:\/\/www.meydan.tv\/az\/article\/guclu-dovlet-qloballasmaya-qarsi\/"]}]},{"@type":"ImageObject","inLanguage":"az","@id":"https:\/\/www.meydan.tv\/az\/article\/guclu-dovlet-qloballasmaya-qarsi\/#primaryimage","url":"https:\/\/www.meydan.tv\/wp-content\/uploads\/22661.jpg","contentUrl":"https:\/\/www.meydan.tv\/wp-content\/uploads\/22661.jpg","width":600,"height":729,"caption":"Source:"},{"@type":"BreadcrumbList","@id":"https:\/\/www.meydan.tv\/az\/article\/guclu-dovlet-qloballasmaya-qarsi\/#breadcrumb","itemListElement":[{"@type":"ListItem","position":1,"name":"Ana s\u0259hif\u0259","item":"https:\/\/www.meydan.tv\/az\/"},{"@type":"ListItem","position":2,"name":"Analitika","item":"https:\/\/www.meydan.tv\/az\/section\/analitika\/"},{"@type":"ListItem","position":3,"name":"&#8221;G\u00fccl\u00fc d\u00f6vl\u0259t&#8221; qloballa\u015fmaya qar\u015f\u0131"}]},{"@type":"WebSite","@id":"https:\/\/www.meydan.tv\/az\/#website","url":"https:\/\/www.meydan.tv\/az\/","name":"MEYDAN.TV","description":"Meydan TV Az\u0259rbaycan\u0131n media m\u0259kan\u0131ndak\u0131 alternativ s\u0259sidir","publisher":{"@id":"https:\/\/www.meydan.tv\/az\/#organization"},"potentialAction":[{"@type":"SearchAction","target":{"@type":"EntryPoint","urlTemplate":"https:\/\/www.meydan.tv\/az\/?s={search_term_string}"},"query-input":{"@type":"PropertyValueSpecification","valueRequired":true,"valueName":"search_term_string"}}],"inLanguage":"az"},{"@type":"Organization","@id":"https:\/\/www.meydan.tv\/az\/#organization","name":"Meydan TV","url":"https:\/\/www.meydan.tv\/az\/","logo":{"@type":"ImageObject","inLanguage":"az","@id":"https:\/\/www.meydan.tv\/az\/#\/schema\/logo\/image\/","url":"https:\/\/www.meydan.tv\/wp-content\/uploads\/2021\/07\/meydan-logo.svg","contentUrl":"https:\/\/www.meydan.tv\/wp-content\/uploads\/2021\/07\/meydan-logo.svg","width":195,"height":46,"caption":"Meydan TV"},"image":{"@id":"https:\/\/www.meydan.tv\/az\/#\/schema\/logo\/image\/"}},{"@type":"Person","@id":"https:\/\/www.meydan.tv\/az\/#\/schema\/person\/10d11eccf6da3662cf5fdab9806ea91a","name":"user-manager"}]}},"_links":{"self":[{"href":"https:\/\/www.meydan.tv\/az\/wp-json\/wp\/v2\/posts\/176467","targetHints":{"allow":["GET"]}}],"collection":[{"href":"https:\/\/www.meydan.tv\/az\/wp-json\/wp\/v2\/posts"}],"about":[{"href":"https:\/\/www.meydan.tv\/az\/wp-json\/wp\/v2\/types\/post"}],"author":[{"embeddable":true,"href":"https:\/\/www.meydan.tv\/az\/wp-json\/wp\/v2\/users\/11"}],"replies":[{"embeddable":true,"href":"https:\/\/www.meydan.tv\/az\/wp-json\/wp\/v2\/comments?post=176467"}],"version-history":[{"count":0,"href":"https:\/\/www.meydan.tv\/az\/wp-json\/wp\/v2\/posts\/176467\/revisions"}],"wp:featuredmedia":[{"embeddable":true,"href":"https:\/\/www.meydan.tv\/az\/wp-json\/wp\/v2\/media\/59641"}],"wp:attachment":[{"href":"https:\/\/www.meydan.tv\/az\/wp-json\/wp\/v2\/media?parent=176467"}],"wp:term":[{"taxonomy":"category","embeddable":true,"href":"https:\/\/www.meydan.tv\/az\/wp-json\/wp\/v2\/categories?post=176467"},{"taxonomy":"post_tag","embeddable":true,"href":"https:\/\/www.meydan.tv\/az\/wp-json\/wp\/v2\/tags?post=176467"}],"curies":[{"name":"wp","href":"https:\/\/api.w.org\/{rel}","templated":true}]}}