{"id":176464,"date":"2016-06-06T17:01:26","date_gmt":"2016-06-06T17:01:26","guid":{"rendered":"https:\/\/www.meydan.tv\/article\/servet-berabersizliyi-milli-gelirden-kime-ne-catir\/"},"modified":"2016-06-06T17:01:26","modified_gmt":"2016-06-06T17:01:26","slug":"servet-berabersizliyi-milli-gelirden-kime-ne-catir","status":"publish","type":"post","link":"https:\/\/www.meydan.tv\/az\/article\/servet-berabersizliyi-milli-gelirden-kime-ne-catir\/","title":{"rendered":"S\u0259rv\u0259t b\u0259rab\u0259rsizliyi: milli g\u0259lird\u0259n kim\u0259 n\u0259 \u00e7at\u0131r?"},"content":{"rendered":"<figure class=\"wp-block-image size-large\">\n  <img decoding=\"async\" src=\"https:\/\/www.meydan.tv\/az\/59644\/\" alt=\"\" class=\"wp-image-59644\"\/><figcaption><\/figcaption><\/figure>\n<figure class=\"wp-block-image size-large\">\n  <img decoding=\"async\" src=\"https:\/\/www.meydan.tv\/az\/59647\/\" alt=\"\" class=\"wp-image-59647\"\/><figcaption><\/figcaption><\/figure>\n<p>\n  <i><br \/>\n    Bizd\u0259 m\u00fclkiyy\u0259t sahibl\u0259ri mlli g\u0259lird\u0259n daha b\u00f6y\u00fck pay g\u00f6t\u00fcr\u00fcr<br \/>\n  <\/i>\n<\/p>\n<p>\n  <br \/>\n  Sonuncu yaz\u0131m s\u0259rv\u0259t qeyri-b\u0259rab\u0259rliyi il\u0259 ba\u011fl\u0131 idi &#8211; amma g\u0259lirl\u0259rin deyil, \u0259mlak v\u0259 aktivl\u0259rin \u0259n \u00fcst s\u0259viyy\u0259d\u0259 olan \u0259hali qruplar\u0131n\u0131n \u0259lind\u0259 t\u0259m\u0259rk\u00fczl\u0259\u015fm\u0259sinin do\u011furdu\u011fu b\u0259rab\u0259rsizliyin\u0259 h\u0259sr edilmi\u015fdi.\n<\/p>\n<p>\n  H\u0259min yaz\u0131da \u0259limiz \u00e7atan m\u0259lumatlardan ayd\u0131n g\u00f6r\u00fcn\u00fcrd\u00fc ki, da\u015f\u0131nmaz v\u0259 da\u015f\u0131nar \u0259mlak fondunun, maliyy\u0259 akitvl\u0259rinin \u0259h\u0259miyy\u0259tli hiss\u0259sinin (\u0259n az\u0131ndan yar\u0131s\u0131ndan \u00e7oxu) \u0259halinin \u00fcst s\u0259viyy\u0259d\u0259 yer tutan 5%-lik k\u0259siminin \u0259lind\u0259 c\u0259ml\u0259nm\u0259si \u00e7ox reald\u0131r. Bahal\u0131 avtomobil park\u0131n\u0131n, bank depozitl\u0259rinin v\u0259 kreditl\u0259rin \u0259n az\u0131 75-80%-nin b\u00fct\u00fcn iqisadi subyektl\u0259rin \u0259n yax\u015f\u0131 halda z\u0259ngin onda birliy\u0259 m\u0259xsus olmas\u0131 h\u0259l\u0259lik \u0259mlak qeyri-b\u0259rab\u0259rliyinin s\u0259viyy\u0259sini kobud da olsa qiym\u0259tl\u0259ndirm\u0259k, bu istiqam\u0259td\u0259 h\u0259tta ibtidai s\u0259viyy\u0259d\u0259 t\u0259s\u0259vv\u00fcr formala\u015fd\u0131rmaq \u00fc\u00e7\u00fcn biz\u0259 yardm ed\u0259 bil\u0259c\u0259k nadir m\u0259lumatlar say\u0131la bil\u0259r.\n<\/p>\n<p>\n  Ka\u015f Az\u0259rbaycanda da b\u00fct\u00fcnl\u00fckl\u0259 ev t\u0259s\u0259rr\u00fcfatlar\u0131 inki\u015faf etmi\u015f \u00f6lk\u0259l\u0259rd\u0259 oldu\u011fu kimi elektron formada g\u0259lir v\u0259 \u0259mlak b\u0259yannam\u0259si t\u0259qdim ed\u0259ydi. O zaman \u0259halinin \u0259n \u00fcst s\u0131radak\u0131 onda birind\u0259 h\u0259r 1000 n\u0259f\u0259r hesab\u0131 il\u0259 m\u0259nzil v\u0259 qeyri-ya\u015fay\u0131\u015f obyekt\u0259rinin say\u0131 il\u0259 \u0259halin\u0131n orta t\u0259b\u0259q\u0259d\u0259n a\u015fa\u011f\u0131 s\u0259viyy\u0259 hesab edil\u0259n 50%-lik k\u0259simi \u00fczr\u0259 eyni g\u00f6st\u0259ricini m\u00fcqayis\u0259 etm\u0259kl\u0259 real m\u0259nz\u0259rini ayd\u0131n g\u00f6rm\u0259k olard\u0131. \u018fslind\u0259 normal v\u0259 \u015f\u0259ffaf h\u00f6kum\u0259t bu m\u0259lumat bazas\u0131n\u0131 yaratma\u011fa, onlar \u0259sas\u0131nda t\u0259hlill\u0259r aparma\u011fa, bel\u0259 informasiyalar\u0131 ictimail\u0259\u015fdirm\u0259y\u0259 \u00f6z\u00fc maraql\u0131 olmal\u0131d\u0131. \u018fn az\u0131 o s\u0259b\u0259bd\u0259n ki, \u00f6lk\u0259d\u0259 \u0259dal\u0259tli sosial m\u00fchitin yarad\u0131lmas\u0131, effektiv iqtisadi siyas\u0259tin formala\u015fd\u0131r\u0131lmas\u0131, uzunm\u00fcdd\u0259tli siyasi, iqtisadi v\u0259 sosial sabitliyin z\u0259man\u0259t alt\u0131na al\u0131nmas\u0131na v\u0259sil\u0259 olan orta sinfin m\u00f6vcudlu\u011fu m\u0259hz g\u0259lir v\u0259 \u0259mlak b\u00f6lg\u00fcs\u00fcnd\u0259 \u0259dal\u0259tliliyin t\u0259min edilm\u0259sind\u0259n as\u0131l\u0131d\u0131r.\n<\/p>\n<p>\n  M\u0259hz h\u00f6kum\u0259tin g\u0259lir v\u0259 \u0259mlak t\u0259m\u0259rk\u00fczl\u0259\u015fm\u0259sil\u0259 ba\u011fl\u0131 son d\u0259r\u0259c\u0259 h\u0259rt\u0259r\u0259fli m\u0259lumat bazas\u0131na malik olmas\u0131 say\u0259sind\u0259 a\u015fa\u011f\u0131dak\u0131 probleml\u0259rin h\u0259llin\u0259 nail ola bil\u0259r:\n<\/p>\n<ul>\n<li>\n      <b><br \/>\n        <i><br \/>\n          Yoxsulluqla ger\u00e7\u0259k m\u00fcbariz\u0259 \u00fc\u00e7\u00fcn siyas\u0259t mexanizml\u0259ri v\u0259 al\u0259tl\u0259ri;<br \/>\n        <\/i><br \/>\n      <\/b>\n    <\/li>\n<li>\n      <b><br \/>\n        <i><br \/>\n          Yoxsullara s\u0259m\u0259r\u0259li yard\u0131m sisteminin qurulmas\u0131;<br \/>\n        <\/i><br \/>\n      <\/b>\n    <\/li>\n<li>\n      <b><br \/>\n        <i><br \/>\n          Z\u0259nginl\u0259rin g\u0259lir v\u0259 \u0259mlak\u0131n\u0131n vergiy\u0259 c\u0259lb edilm\u0259si yolu il\u0259 g\u0259lirl\u0259rin b\u00f6lg\u00fcs\u00fc v\u0259 yenid\u0259n b\u00f6lg\u00fcs\u00fcnd\u0259 daha<br \/>\n        <\/i><br \/>\n      <\/b><br \/>\n      <b><br \/>\n        <i><br \/>\n          \u0259dal\u0259tli<br \/>\n        <\/i><br \/>\n      <\/b><br \/>\n      <b><br \/>\n        <i><br \/>\n          mexanizml\u0259rin yarad\u0131lmas\u0131;<br \/>\n        <\/i><br \/>\n      <\/b>\n    <\/li>\n<li>\n      <b><br \/>\n        <i><br \/>\n          B\u00fct\u00fcn bu m\u0259qs\u0259dl\u0259r \u00fc\u00e7\u00fcn h\u00f6kum\u0259tin z\u0259ruri maliyy\u0259 bazas\u0131 formala\u015fd\u0131r\u0131lmas\u0131;<br \/>\n        <\/i><br \/>\n      <\/b>\n    <\/li>\n<\/ul>\n<p>\n  <b><br \/>\n    <i><br \/>\n      Orta sinfin ayaqda qala bilm\u0259si \u00fc\u00e7\u00fcn bu sinf\u0259 y\u00f6n\u0259lik d\u0259st\u0259kl\u0259yici vergi v\u0259 s\u0259rmay\u0259 sisteminin formala\u015fd\u0131r\u0131lmas\u0131.<br \/>\n    <\/i><br \/>\n  <\/b>\n<\/p>\n<p>\n  <br \/>\n  H\u00f6kum\u0259t h\u0259tta m\u00fcst\u0259qil t\u0259hlil institutlar\u0131n\u0131n bu m\u0259lumatlara \u00e7\u0131x\u0131\u015f imkan\u0131n\u0131n yarad\u0131lmas\u0131nda maraql\u0131 olmal\u0131d\u0131r.<br \/>\n  <br \/>\n  \u018flb\u0259tt\u0259, se\u00e7icinin s\u0259si il\u0259 formala\u015fan, hesabatl\u0131, \u015f\u0259ffaf v\u0259 demokratik (i\u015ftirak\u00e7\u0131) h\u00f6kum\u0259tl\u0259r \u00fc\u00e7\u00fcn bu ke\u00e7\u0259rlidir. Bir halda ki, m\u0259murlar kresloya xalqa xidm\u0259t vasit\u0259si kimi deyil, daha \u00e7ox z\u0259nginl\u0259\u015fm\u0259k vasit\u0259si kimi bax\u0131rlar, \u0259n \u00fcstd\u0259ki 10%-lik z\u0259ngin k\u0259simi istinas\u0131z olaraq \u00f6zl\u0259ri t\u0259msil edirl\u0259r, onlar m\u00fcmk\u00fcn oldu\u011fu q\u0259d\u0259r bel\u0259 m\u0259lumatlar\u0131n n\u0259inki ictimal\u0259\u015fdirilm\u0259sin\u0259, h\u0259tta tarix \u00fc\u00e7\u00fcn iz qalmas\u0131n dey\u0259 h\u0259min m\u0259lumat bazas\u0131n\u0131n yarad\u0131lmamas\u0131na \u00e7al\u0131\u015fmas\u0131 t\u0259biidir. Bununla ba\u011fl\u0131 birc\u0259 s\u00fcbut: m\u00f6vcud qanunvericiliy\u0259 g\u00f6r\u0259 \u0259mlaka m\u00fclkiyy\u0259t s\u0259n\u0259di ver\u0259rk\u0259n s\u0259lahiyy\u0259tli orqan (reyestr xidm\u0259ti) \u0259mlak\u0131n d\u0259y\u0259rini d\u0259 m\u00fc\u0259yy\u0259n edib g\u00f6st\u0259rm\u0259lidir. Son 2-3 ild\u0259 m\u00fclkiyy\u0259t s\u0259n\u0259di alan \u0259n az\u0131 3-4 n\u0259f\u0259r dost-tan\u0131\u015fdan soru\u015fdum, onlardan he\u00e7 biri m\u00fclkiyy\u0259ti t\u0259sdiql\u0259y\u0259n s\u0259n\u0259dd\u0259 d\u0259y\u0259ri m\u00fc\u0259yy\u0259n ed\u0259n r\u0259q\u0259m oldu\u011funu t\u0259sdiql\u0259m\u0259di. \u018fslind\u0259 onsuz da s\u0259n\u0259d veril\u0259rk\u0259n \u0259mlaka bax\u0131\u015f ke\u00e7ilir v\u0259 qiym\u0259tl\u0259ndirici \u015firk\u0259tl\u0259rl\u0259 m\u00fcqavil\u0259 \u0259sas\u0131nda b\u00fct\u00fcn \u0259mlak\u0131n bazar d\u0259y\u0259rini m\u00fc\u0259yy\u0259n edib m\u0259lumat bazas\u0131nda \u0259mlak\u0131 t\u0259yinat\u0131na v\u0259 d\u0259y\u0259rin\u0259 g\u00f6r\u0259 qrupla\u015fd\u0131rmaq, f\u0259rdi m\u0259lumat azadl\u0131\u011f\u0131n\u0131 pozmadan (m\u00fclkiyy\u0259t sahibl\u0259rinin ad\u0131 \u00e7\u0259kilm\u0259d\u0259n) yaln\u0131z r\u0259q\u0259ml\u0259rin \u0259ks olundu\u011fu bu bazan\u0131 online saxlamaq olar.\n<\/p>\n<p>\n  Ayd\u0131n m\u0259s\u0259l\u0259dir ki, indiki idar\u0259etm\u0259 m\u00fchitind\u0259, bu, bizim \u00fc\u00e7\u00fcn x\u0259yal olaraq qalacaq. Bir h\u00f6kum\u0259t ki, kommersiya obyektl\u0259rinin t\u0259sis\u00e7il\u0259rinin ismini a\u00e7\u0131qlama\u011f\u0131 qanunla qada\u011fan edir, ondan m\u00fclkiyy\u0259tin d\u0259y\u0259rini a\u00e7\u0131qlaya bil\u0259c\u0259yini g\u00f6zl\u0259y\u0259c\u0259k q\u0259d\u0259r sad\u0259l\u00f6vh olma\u011fa da g\u0259r\u0259k yoxdu.\n<\/p>\n<p>\n  \u018fslind\u0259 yazaca\u011f\u0131m m\u00f6vzunun \u0259sas mesaj\u0131ndan xeyli uzaqla\u015fd\u0131m: bu yaz\u0131n\u0131n m\u0259qs\u0259di s\u0259rv\u0259t b\u0259rab\u0259rsizliyinin miqyas\u0131n\u0131 milli g\u0259liri b\u00f6lg\u00fcs\u00fc vasit\u0259sil\u0259 d\u0259 a\u00e7\u0131b g\u00f6st\u0259rm\u0259kdir. N\u0259z\u0259ri yana\u015fmalar v\u0259 terminl\u0259rl\u0259 sizi \u00e7ox yormadan q\u0131saca deyim ki, milli g\u0259lir \u00f6lk\u0259 daxilind\u0259 mal v\u0259 xidm\u0259tl\u0259rin yarad\u0131lmas\u0131 n\u0259tic\u0259sind\u0259 proses i\u015ftirak\u00e7\u0131lar\u0131na \u00e7atan g\u0259lirl\u0259rin m\u0259cmusudu: milli g\u0259lir \u0259m\u0259k g\u0259lirl\u0259ri formas\u0131nda i\u015f\u00e7il\u0259r\u0259, m\u00fclkiyy\u0259td\u0259n g\u0259lirl\u0259r formas\u0131nda sahibkarlara, vergi g\u0259lirl\u0259ri formas\u0131nda h\u00f6kum\u0259t\u0259 \u00e7atan g\u0259lirl\u0259rin c\u0259mini \u0259hat\u0259 edir. Milli g\u0259lirl\u0259 \u00dcmumi Daxili M\u0259hsul aras\u0131nda f\u0259rq \u00f6lk\u0259nin qalan d\u00fcnya il\u0259 iqtisadi \u0259laq\u0259l\u0259rinin saldosu q\u0259d\u0259rdir. Ayd\u0131n olsun dey\u0259 r\u0259q\u0259ml\u0259 izah edim: 2015-ci ild\u0259 Az\u0259rbaycan\u0131n \u00dcDM-i 54.5 milyard olub. Amma Az\u0259rbaycana\u00a0d\u00fcnya \u00f6lk\u0259l\u0259rin\u0259 \u00f6d\u0259diyi \u0259m\u0259k haqq\u0131, pul transferl\u0259ri, m\u00fclkiyy\u0259t v\u0259 investisiya g\u0259lirl\u0259ri h\u0259min \u00f6lk\u0259l\u0259rd\u0259n eyni m\u0259nb\u0259l\u0259r \u00fczr\u0259 ald\u0131\u011f\u0131 g\u0259lirl\u0259rd\u0259n 1.9 milyard manat az olub &#8211; y\u0259ni m\u0259nfi 1.9 milyard manatl\u0131q saldo. Saldo m\u00fcsb\u0259t olduqda, \u00dcDM m\u0259bl\u0259\u011fini bu h\u0259cmd\u0259 art\u0131rmaq, m\u0259nfi olduqda h\u0259min h\u0259cmd\u0259 azaltmaq laz\u0131md\u0131. Dem\u0259li, indiki halda Az\u0259rbaycan\u0131n milli g\u0259liri 52.6 milyard manat (54.5 mlrd. manat -1.9 mlrd. manat) t\u0259\u015fkil edir.<br \/>\n  <br \/>\n  Milli g\u0259lirin \u0259m\u0259k v\u0259 m\u00fclkiyy\u0259t sahibl\u0259ri aras\u0131nda b\u00f6lg\u00fcs\u00fc n\u0259 q\u0259d\u0259r proporsional olursa, c\u0259miyy\u0259td\u0259 s\u0259rv\u0259t v\u0259 g\u0259lir b\u00f6lg\u00fcs\u00fc d\u0259 bir o q\u0259d\u0259r adal\u0259tli olur. Az\u0259rbaycanda r\u0259smi statistikan\u0131n m\u0259lumatlar\u0131n\u0131n inki\u015faf etmi\u015f \u00f6lk\u0259l\u0259rl\u0259 m\u00fcqayis\u0259si g\u00f6st\u0259rir ki, bizd\u0259 m\u00fclkiyy\u0259t sahibl\u0259ri mlli g\u0259lird\u0259n daha b\u00f6y\u00fck pay g\u00f6t\u00fcr\u00fcr. \u018fm\u0259k sahibl\u0259ri v\u0259 h\u00f6kum\u0259tin milli g\u0259lirind\u0259n ald\u0131\u011f\u0131 pay h\u0259dd\u0259n art\u0131q ki\u00e7ikdir. R\u0259q\u0259ml\u0259r\u0259 diqq\u0259t ed\u0259k: Az\u0259rbaycan\u0131n t\u0259xmin\u0259n 53 milyard manatl\u0131q milli g\u0259lirinin 10.5 milyard manat\u0131 v\u0259 ya (19.8%) \u0259m\u0259k g\u0259lirl\u0259ri kimi i\u015fl\u0259y\u0259nl\u0259r\u0259, 4.5 milyard manat\u0131 (8.4%) istehsal v\u0259 idxala vergil\u0259r formas\u0131nda (m\u0259nf\u0259\u0259t vergisi istisna olmaqla) h\u00f6kum\u0259t\u0259, 38 milyard manat\u0131 (71.8%) \u00fcmumi m\u0259nf\u0259\u0259t (qar\u0131\u015f\u0131q g\u0259lirl\u0259r) fomas\u0131nda sahibkarlara v\u0259 m\u00fclkiyy\u0259t sahibl\u0259rin\u0259 \u00e7at\u0131r. M\u0259lumat \u00fc\u00e7\u00fcn deyim ki, \u00fcmumi m\u0259nf\u0259\u0259t\u0259 (qar\u0131\u015f\u0131q g\u0259lirl\u0259r) m\u00fclkiyy\u0259tin icar\u0259sind\u0259n renta g\u0259lirl\u0259ri, qiym\u0259tli ka\u011f\u0131zlardan v\u0259 depozitl\u0259rd\u0259n faiz g\u0259lirl\u0259ri v\u0259 sahibkarlar\u0131n istehsal (xidm\u0259t) f\u0259aliyy\u0259tind\u0259n \u0259ld\u0259 edilmi\u015f b\u00f6l\u00fc\u015fd\u00fcr\u00fclm\u0259mi\u015f m\u0259nf\u0259\u0259t daxildir.\n<\/p>\n<p>\n  \u0130ndi eyni r\u0259q\u0259ml\u0259ri d\u00fcnyada sosial d\u00f6vl\u0259t kimi tan\u0131nan bir s\u0131ra \u00f6lk\u0259l\u0259rin timsal\u0131nda n\u0259z\u0259rd\u0259n ke\u00e7ir\u0259k: \u0130sve\u00e7, \u0130sve\u00e7r\u0259 v\u0259 Almaniyada milli g\u0259lirin orta hesabla 50-55%-i \u0259m\u0259k g\u0259lirl\u0259ri formas\u0131nda i\u015f\u00e7il\u0259r\u0259, 15-20%-i vergil\u0259r formas\u0131nda h\u00f6kum\u0259t\u0259 \u00e7at\u0131r. G\u00f6r\u00fcnd\u00fcy\u00fc kimi, bu \u00f6lk\u0259l\u0259r\u0259d\u0259 muzdlu \u00e7al\u0131\u015fanlara v\u0259 h\u00f6kum\u0259t\u0259 \u00e7atan pay 65-75%, sahibkarlara v\u0259 m\u00fclkiyy\u0259t sahibl\u0259rin\u0259 \u00e7atan hiss\u0259 25-35% interval\u0131ndad\u0131 (bizd\u0259kinin tam \u0259ksi olan m\u0259nz\u0259r\u0259).<br \/>\n  <br \/>\n  \u015e\u00fcbh\u0259siz ki, Az\u0259rbaycanda gizli iqtisadiyyat\u0131n real miqyas\u0131n\u0131n y\u00fcks\u0259k olmas\u0131 milli g\u0259lirin m\u0259bl\u0259\u011finin d\u0259 daha b\u00f6y\u00fck olmas\u0131 dem\u0259kdir. Amma gizli iqtisadiyyat\u0131n da g\u0259lirl\u0259rinin \u0259sas hiss\u0259si yen\u0259 d\u0259 sahibkarlar\u0131n v\u0259 m\u00fclkiyy\u0259t\u00e7il\u0259rin g\u0259lirl\u0259rin\u0259 aiddir. \u00c7\u00fcnki sahibkar h\u00f6kum\u0259t\u0259 vergini yay\u0131nd\u0131r\u0131rsa, bu qazanc \u00f6z\u00fcn\u0259 qal\u0131r. Onlar vergid\u0259n yay\u0131nd\u0131rd\u0131qlar\u0131 g\u0259lirin bir hiss\u0259sini qeyri-r\u0259smi maa\u015flar\u0131n verilm\u0259sin\u0259 y\u00f6n\u0259ldir, yerd\u0259 qalan hiss\u0259si yen\u0259 d\u0259 \u00f6z\u00fcn\u0259 qal\u0131r.\n<\/p>\n<p>\n  Ola bil\u0259r gizli iqtisadiyyat hesab\u0131na milli g\u0259lirin real h\u0259cmi r\u0259smi b\u0259yan edil\u0259nd\u0259n xeyli b\u00f6y\u00fckd\u00fcr (b\u0259zi m\u0259lumatlara g\u00f6r\u0259 gizli iqtisadiyyat 40-50% interval\u0131nda d\u0259yi\u015fir). Amma \u015f\u00fcbh\u0259siz ki, h\u0259tta gizli g\u0259lirl\u0259r n\u0259z\u0259r al\u0131nsa bel\u0259, b\u00f6lg\u00fc el\u0259 r\u0259smi elan edil\u0259n s\u0259viyy\u0259d\u0259di: milli g\u0259lirin h\u0259r 4 manat\u0131ndan 3-\u00fc m\u00fclkiyy\u0259td\u0259n g\u0259lirl\u0259r\u0259, yaln\u0131z 1 manat\u0131 \u0259m\u0259yi il\u0259 pul qazananlara v\u0259 h\u00f6kum\u0259tin b\u00fcdc\u0259sin\u0259 \u00e7at\u0131r.\n<\/p>\n<p>\n  T\u0259s\u0259vv\u00fcr edin ki, sosial \u0259dal\u0259tin \u0259n \u00fcst s\u0259viyy\u0259d\u0259 oldu\u011fu, haz\u0131rda milli g\u0259lirin t\u0259xmin\u0259n 25%-n\u0259 m\u00fclkiyy\u0259t\u00e7il\u0259rin sahib \u00e7\u0131xd\u0131\u011f\u0131 sosial d\u00f6vl\u0259tl\u0259rd\u0259 (m\u0259s\u0259l\u0259n, \u0130sve\u00e7) s\u0259rv\u0259tin \u0259n yax\u015f\u0131 halda 35-40%-i \u0259halnin \u0259n z\u0259ngin 10%-n\u0259 m\u0259xsusdur.\n<\/p>\n<p>\n  \u0130ndi bizim v\u0259ziyy\u0259timizi n\u0259z\u0259r\u0259 al\u0131n: r\u0259smi statistika \u00f6z\u00fc etiraf edir ki, milli g\u0259lirin 75%-i m\u00fclkiyy\u0259t sahibl\u0259rin\u0259 m\u0259xsusdur&#8230;\n<\/p>\n<p>\n  <b><br \/>\n    <i><br \/>\n      \u00a0http:\/\/rovsanaghayev.blogspot.co.uk\/2016\/06\/srvt-brabrsziliyi-milli-glirdn-kim-n.html<br \/>\n    <\/i><br \/>\n  <\/b><\/p>\n","protected":false},"excerpt":{"rendered":"<p>Bizd\u0259 m\u00fclkiyy\u0259t sahibl\u0259ri mlli g\u0259lird\u0259n daha b\u00f6y\u00fck pay g\u00f6t\u00fcr\u00fcr<\/p>\n","protected":false},"author":11,"featured_media":59644,"comment_status":"closed","ping_status":"open","sticky":false,"template":"","format":"standard","meta":{"_acf_changed":false,"_sitemap_exclude":false,"_sitemap_priority":"","_sitemap_frequency":"","footnotes":""},"categories":[51],"tags":[],"class_list":["post-176464","post","type-post","status-publish","format-standard","has-post-thumbnail","hentry","category-analitika","infinite-scroll-item","generate-columns","tablet-grid-50","mobile-grid-100","grid-parent","grid-33","no-featured-image-padding"],"acf":[],"yoast_head":"<!-- This site is optimized with the Yoast SEO plugin v27.5 - https:\/\/yoast.com\/product\/yoast-seo-wordpress\/ -->\n<title>S\u0259rv\u0259t b\u0259rab\u0259rsizliyi: milli g\u0259lird\u0259n kim\u0259 n\u0259 \u00e7at\u0131r? - MEYDAN.TV<\/title>\n<meta name=\"robots\" content=\"index, follow, max-snippet:-1, max-image-preview:large, max-video-preview:-1\" \/>\n<link rel=\"canonical\" href=\"https:\/\/www.meydan.tv\/az\/article\/servet-berabersizliyi-milli-gelirden-kime-ne-catir\/\" \/>\n<meta property=\"og:locale\" content=\"az_AZ\" \/>\n<meta property=\"og:type\" content=\"article\" \/>\n<meta property=\"og:title\" content=\"S\u0259rv\u0259t b\u0259rab\u0259rsizliyi: milli g\u0259lird\u0259n kim\u0259 n\u0259 \u00e7at\u0131r? - MEYDAN.TV\" \/>\n<meta property=\"og:description\" content=\"Bizd\u0259 m\u00fclkiyy\u0259t sahibl\u0259ri mlli g\u0259lird\u0259n daha b\u00f6y\u00fck pay g\u00f6t\u00fcr\u00fcr\" \/>\n<meta property=\"og:url\" content=\"https:\/\/www.meydan.tv\/az\/article\/servet-berabersizliyi-milli-gelirden-kime-ne-catir\/\" \/>\n<meta property=\"og:site_name\" content=\"MEYDAN.TV\" \/>\n<meta property=\"article:published_time\" content=\"2016-06-06T17:01:26+00:00\" \/>\n<meta property=\"og:image\" content=\"https:\/\/www.meydan.tv\/wp-content\/uploads\/22659.jpg\" \/>\n\t<meta property=\"og:image:width\" content=\"500\" \/>\n\t<meta property=\"og:image:height\" content=\"304\" \/>\n\t<meta property=\"og:image:type\" content=\"image\/jpeg\" \/>\n<meta name=\"author\" content=\"user-manager\" \/>\n<meta name=\"twitter:card\" content=\"summary_large_image\" \/>\n<script type=\"application\/ld+json\" class=\"yoast-schema-graph\">{\"@context\":\"https:\\\/\\\/schema.org\",\"@graph\":[{\"@type\":\"Article\",\"@id\":\"https:\\\/\\\/www.meydan.tv\\\/az\\\/article\\\/servet-berabersizliyi-milli-gelirden-kime-ne-catir\\\/#article\",\"isPartOf\":{\"@id\":\"https:\\\/\\\/www.meydan.tv\\\/az\\\/article\\\/servet-berabersizliyi-milli-gelirden-kime-ne-catir\\\/\"},\"author\":{\"name\":\"user-manager\",\"@id\":\"https:\\\/\\\/www.meydan.tv\\\/az\\\/#\\\/schema\\\/person\\\/10d11eccf6da3662cf5fdab9806ea91a\"},\"headline\":\"S\u0259rv\u0259t b\u0259rab\u0259rsizliyi: milli g\u0259lird\u0259n kim\u0259 n\u0259 \u00e7at\u0131r?\",\"datePublished\":\"2016-06-06T17:01:26+00:00\",\"mainEntityOfPage\":{\"@id\":\"https:\\\/\\\/www.meydan.tv\\\/az\\\/article\\\/servet-berabersizliyi-milli-gelirden-kime-ne-catir\\\/\"},\"wordCount\":1836,\"publisher\":{\"@id\":\"https:\\\/\\\/www.meydan.tv\\\/az\\\/#organization\"},\"image\":{\"@id\":\"https:\\\/\\\/www.meydan.tv\\\/az\\\/article\\\/servet-berabersizliyi-milli-gelirden-kime-ne-catir\\\/#primaryimage\"},\"thumbnailUrl\":\"https:\\\/\\\/www.meydan.tv\\\/wp-content\\\/uploads\\\/22659.jpg\",\"articleSection\":[\"Analitika\"],\"inLanguage\":\"az\"},{\"@type\":\"WebPage\",\"@id\":\"https:\\\/\\\/www.meydan.tv\\\/az\\\/article\\\/servet-berabersizliyi-milli-gelirden-kime-ne-catir\\\/\",\"url\":\"https:\\\/\\\/www.meydan.tv\\\/az\\\/article\\\/servet-berabersizliyi-milli-gelirden-kime-ne-catir\\\/\",\"name\":\"S\u0259rv\u0259t b\u0259rab\u0259rsizliyi: milli g\u0259lird\u0259n kim\u0259 n\u0259 \u00e7at\u0131r? - MEYDAN.TV\",\"isPartOf\":{\"@id\":\"https:\\\/\\\/www.meydan.tv\\\/az\\\/#website\"},\"primaryImageOfPage\":{\"@id\":\"https:\\\/\\\/www.meydan.tv\\\/az\\\/article\\\/servet-berabersizliyi-milli-gelirden-kime-ne-catir\\\/#primaryimage\"},\"image\":{\"@id\":\"https:\\\/\\\/www.meydan.tv\\\/az\\\/article\\\/servet-berabersizliyi-milli-gelirden-kime-ne-catir\\\/#primaryimage\"},\"thumbnailUrl\":\"https:\\\/\\\/www.meydan.tv\\\/wp-content\\\/uploads\\\/22659.jpg\",\"datePublished\":\"2016-06-06T17:01:26+00:00\",\"breadcrumb\":{\"@id\":\"https:\\\/\\\/www.meydan.tv\\\/az\\\/article\\\/servet-berabersizliyi-milli-gelirden-kime-ne-catir\\\/#breadcrumb\"},\"inLanguage\":\"az\",\"potentialAction\":[{\"@type\":\"ReadAction\",\"target\":[\"https:\\\/\\\/www.meydan.tv\\\/az\\\/article\\\/servet-berabersizliyi-milli-gelirden-kime-ne-catir\\\/\"]}]},{\"@type\":\"ImageObject\",\"inLanguage\":\"az\",\"@id\":\"https:\\\/\\\/www.meydan.tv\\\/az\\\/article\\\/servet-berabersizliyi-milli-gelirden-kime-ne-catir\\\/#primaryimage\",\"url\":\"https:\\\/\\\/www.meydan.tv\\\/wp-content\\\/uploads\\\/22659.jpg\",\"contentUrl\":\"https:\\\/\\\/www.meydan.tv\\\/wp-content\\\/uploads\\\/22659.jpg\",\"width\":500,\"height\":304,\"caption\":\"Source:\"},{\"@type\":\"BreadcrumbList\",\"@id\":\"https:\\\/\\\/www.meydan.tv\\\/az\\\/article\\\/servet-berabersizliyi-milli-gelirden-kime-ne-catir\\\/#breadcrumb\",\"itemListElement\":[{\"@type\":\"ListItem\",\"position\":1,\"name\":\"Ana s\u0259hif\u0259\",\"item\":\"https:\\\/\\\/www.meydan.tv\\\/az\\\/\"},{\"@type\":\"ListItem\",\"position\":2,\"name\":\"Analitika\",\"item\":\"https:\\\/\\\/www.meydan.tv\\\/az\\\/section\\\/analitika\\\/\"},{\"@type\":\"ListItem\",\"position\":3,\"name\":\"S\u0259rv\u0259t b\u0259rab\u0259rsizliyi: milli g\u0259lird\u0259n kim\u0259 n\u0259 \u00e7at\u0131r?\"}]},{\"@type\":\"WebSite\",\"@id\":\"https:\\\/\\\/www.meydan.tv\\\/az\\\/#website\",\"url\":\"https:\\\/\\\/www.meydan.tv\\\/az\\\/\",\"name\":\"MEYDAN.TV\",\"description\":\"Meydan TV Az\u0259rbaycan\u0131n media m\u0259kan\u0131ndak\u0131 alternativ s\u0259sidir\",\"publisher\":{\"@id\":\"https:\\\/\\\/www.meydan.tv\\\/az\\\/#organization\"},\"potentialAction\":[{\"@type\":\"SearchAction\",\"target\":{\"@type\":\"EntryPoint\",\"urlTemplate\":\"https:\\\/\\\/www.meydan.tv\\\/az\\\/?s={search_term_string}\"},\"query-input\":{\"@type\":\"PropertyValueSpecification\",\"valueRequired\":true,\"valueName\":\"search_term_string\"}}],\"inLanguage\":\"az\"},{\"@type\":\"Organization\",\"@id\":\"https:\\\/\\\/www.meydan.tv\\\/az\\\/#organization\",\"name\":\"Meydan TV\",\"url\":\"https:\\\/\\\/www.meydan.tv\\\/az\\\/\",\"logo\":{\"@type\":\"ImageObject\",\"inLanguage\":\"az\",\"@id\":\"https:\\\/\\\/www.meydan.tv\\\/az\\\/#\\\/schema\\\/logo\\\/image\\\/\",\"url\":\"https:\\\/\\\/www.meydan.tv\\\/wp-content\\\/uploads\\\/2021\\\/07\\\/meydan-logo.svg\",\"contentUrl\":\"https:\\\/\\\/www.meydan.tv\\\/wp-content\\\/uploads\\\/2021\\\/07\\\/meydan-logo.svg\",\"width\":195,\"height\":46,\"caption\":\"Meydan TV\"},\"image\":{\"@id\":\"https:\\\/\\\/www.meydan.tv\\\/az\\\/#\\\/schema\\\/logo\\\/image\\\/\"}},{\"@type\":\"Person\",\"@id\":\"https:\\\/\\\/www.meydan.tv\\\/az\\\/#\\\/schema\\\/person\\\/10d11eccf6da3662cf5fdab9806ea91a\",\"name\":\"user-manager\"}]}<\/script>\n<!-- \/ Yoast SEO plugin. -->","yoast_head_json":{"title":"S\u0259rv\u0259t b\u0259rab\u0259rsizliyi: milli g\u0259lird\u0259n kim\u0259 n\u0259 \u00e7at\u0131r? - MEYDAN.TV","robots":{"index":"index","follow":"follow","max-snippet":"max-snippet:-1","max-image-preview":"max-image-preview:large","max-video-preview":"max-video-preview:-1"},"canonical":"https:\/\/www.meydan.tv\/az\/article\/servet-berabersizliyi-milli-gelirden-kime-ne-catir\/","og_locale":"az_AZ","og_type":"article","og_title":"S\u0259rv\u0259t b\u0259rab\u0259rsizliyi: milli g\u0259lird\u0259n kim\u0259 n\u0259 \u00e7at\u0131r? - MEYDAN.TV","og_description":"Bizd\u0259 m\u00fclkiyy\u0259t sahibl\u0259ri mlli g\u0259lird\u0259n daha b\u00f6y\u00fck pay g\u00f6t\u00fcr\u00fcr","og_url":"https:\/\/www.meydan.tv\/az\/article\/servet-berabersizliyi-milli-gelirden-kime-ne-catir\/","og_site_name":"MEYDAN.TV","article_published_time":"2016-06-06T17:01:26+00:00","og_image":[{"width":500,"height":304,"url":"https:\/\/www.meydan.tv\/wp-content\/uploads\/22659.jpg","type":"image\/jpeg"}],"author":"user-manager","twitter_card":"summary_large_image","schema":{"@context":"https:\/\/schema.org","@graph":[{"@type":"Article","@id":"https:\/\/www.meydan.tv\/az\/article\/servet-berabersizliyi-milli-gelirden-kime-ne-catir\/#article","isPartOf":{"@id":"https:\/\/www.meydan.tv\/az\/article\/servet-berabersizliyi-milli-gelirden-kime-ne-catir\/"},"author":{"name":"user-manager","@id":"https:\/\/www.meydan.tv\/az\/#\/schema\/person\/10d11eccf6da3662cf5fdab9806ea91a"},"headline":"S\u0259rv\u0259t b\u0259rab\u0259rsizliyi: milli g\u0259lird\u0259n kim\u0259 n\u0259 \u00e7at\u0131r?","datePublished":"2016-06-06T17:01:26+00:00","mainEntityOfPage":{"@id":"https:\/\/www.meydan.tv\/az\/article\/servet-berabersizliyi-milli-gelirden-kime-ne-catir\/"},"wordCount":1836,"publisher":{"@id":"https:\/\/www.meydan.tv\/az\/#organization"},"image":{"@id":"https:\/\/www.meydan.tv\/az\/article\/servet-berabersizliyi-milli-gelirden-kime-ne-catir\/#primaryimage"},"thumbnailUrl":"https:\/\/www.meydan.tv\/wp-content\/uploads\/22659.jpg","articleSection":["Analitika"],"inLanguage":"az"},{"@type":"WebPage","@id":"https:\/\/www.meydan.tv\/az\/article\/servet-berabersizliyi-milli-gelirden-kime-ne-catir\/","url":"https:\/\/www.meydan.tv\/az\/article\/servet-berabersizliyi-milli-gelirden-kime-ne-catir\/","name":"S\u0259rv\u0259t b\u0259rab\u0259rsizliyi: milli g\u0259lird\u0259n kim\u0259 n\u0259 \u00e7at\u0131r? - MEYDAN.TV","isPartOf":{"@id":"https:\/\/www.meydan.tv\/az\/#website"},"primaryImageOfPage":{"@id":"https:\/\/www.meydan.tv\/az\/article\/servet-berabersizliyi-milli-gelirden-kime-ne-catir\/#primaryimage"},"image":{"@id":"https:\/\/www.meydan.tv\/az\/article\/servet-berabersizliyi-milli-gelirden-kime-ne-catir\/#primaryimage"},"thumbnailUrl":"https:\/\/www.meydan.tv\/wp-content\/uploads\/22659.jpg","datePublished":"2016-06-06T17:01:26+00:00","breadcrumb":{"@id":"https:\/\/www.meydan.tv\/az\/article\/servet-berabersizliyi-milli-gelirden-kime-ne-catir\/#breadcrumb"},"inLanguage":"az","potentialAction":[{"@type":"ReadAction","target":["https:\/\/www.meydan.tv\/az\/article\/servet-berabersizliyi-milli-gelirden-kime-ne-catir\/"]}]},{"@type":"ImageObject","inLanguage":"az","@id":"https:\/\/www.meydan.tv\/az\/article\/servet-berabersizliyi-milli-gelirden-kime-ne-catir\/#primaryimage","url":"https:\/\/www.meydan.tv\/wp-content\/uploads\/22659.jpg","contentUrl":"https:\/\/www.meydan.tv\/wp-content\/uploads\/22659.jpg","width":500,"height":304,"caption":"Source:"},{"@type":"BreadcrumbList","@id":"https:\/\/www.meydan.tv\/az\/article\/servet-berabersizliyi-milli-gelirden-kime-ne-catir\/#breadcrumb","itemListElement":[{"@type":"ListItem","position":1,"name":"Ana s\u0259hif\u0259","item":"https:\/\/www.meydan.tv\/az\/"},{"@type":"ListItem","position":2,"name":"Analitika","item":"https:\/\/www.meydan.tv\/az\/section\/analitika\/"},{"@type":"ListItem","position":3,"name":"S\u0259rv\u0259t b\u0259rab\u0259rsizliyi: milli g\u0259lird\u0259n kim\u0259 n\u0259 \u00e7at\u0131r?"}]},{"@type":"WebSite","@id":"https:\/\/www.meydan.tv\/az\/#website","url":"https:\/\/www.meydan.tv\/az\/","name":"MEYDAN.TV","description":"Meydan TV Az\u0259rbaycan\u0131n media m\u0259kan\u0131ndak\u0131 alternativ s\u0259sidir","publisher":{"@id":"https:\/\/www.meydan.tv\/az\/#organization"},"potentialAction":[{"@type":"SearchAction","target":{"@type":"EntryPoint","urlTemplate":"https:\/\/www.meydan.tv\/az\/?s={search_term_string}"},"query-input":{"@type":"PropertyValueSpecification","valueRequired":true,"valueName":"search_term_string"}}],"inLanguage":"az"},{"@type":"Organization","@id":"https:\/\/www.meydan.tv\/az\/#organization","name":"Meydan TV","url":"https:\/\/www.meydan.tv\/az\/","logo":{"@type":"ImageObject","inLanguage":"az","@id":"https:\/\/www.meydan.tv\/az\/#\/schema\/logo\/image\/","url":"https:\/\/www.meydan.tv\/wp-content\/uploads\/2021\/07\/meydan-logo.svg","contentUrl":"https:\/\/www.meydan.tv\/wp-content\/uploads\/2021\/07\/meydan-logo.svg","width":195,"height":46,"caption":"Meydan TV"},"image":{"@id":"https:\/\/www.meydan.tv\/az\/#\/schema\/logo\/image\/"}},{"@type":"Person","@id":"https:\/\/www.meydan.tv\/az\/#\/schema\/person\/10d11eccf6da3662cf5fdab9806ea91a","name":"user-manager"}]}},"_links":{"self":[{"href":"https:\/\/www.meydan.tv\/az\/wp-json\/wp\/v2\/posts\/176464","targetHints":{"allow":["GET"]}}],"collection":[{"href":"https:\/\/www.meydan.tv\/az\/wp-json\/wp\/v2\/posts"}],"about":[{"href":"https:\/\/www.meydan.tv\/az\/wp-json\/wp\/v2\/types\/post"}],"author":[{"embeddable":true,"href":"https:\/\/www.meydan.tv\/az\/wp-json\/wp\/v2\/users\/11"}],"replies":[{"embeddable":true,"href":"https:\/\/www.meydan.tv\/az\/wp-json\/wp\/v2\/comments?post=176464"}],"version-history":[{"count":0,"href":"https:\/\/www.meydan.tv\/az\/wp-json\/wp\/v2\/posts\/176464\/revisions"}],"wp:featuredmedia":[{"embeddable":true,"href":"https:\/\/www.meydan.tv\/az\/wp-json\/wp\/v2\/media\/59644"}],"wp:attachment":[{"href":"https:\/\/www.meydan.tv\/az\/wp-json\/wp\/v2\/media?parent=176464"}],"wp:term":[{"taxonomy":"category","embeddable":true,"href":"https:\/\/www.meydan.tv\/az\/wp-json\/wp\/v2\/categories?post=176464"},{"taxonomy":"post_tag","embeddable":true,"href":"https:\/\/www.meydan.tv\/az\/wp-json\/wp\/v2\/tags?post=176464"}],"curies":[{"name":"wp","href":"https:\/\/api.w.org\/{rel}","templated":true}]}}