{"id":176419,"date":"2016-06-03T18:51:53","date_gmt":"2016-06-03T18:51:53","guid":{"rendered":"https:\/\/www.meydan.tv\/article\/kohne-iqtidarin-yeni-muxalifet-arzusu-deyismeyib-1-ci-yazi\/"},"modified":"2016-06-03T18:51:53","modified_gmt":"2016-06-03T18:51:53","slug":"kohne-iqtidarin-yeni-muxalifet-arzusu-deyismeyib-1-ci-yazi","status":"publish","type":"post","link":"https:\/\/www.meydan.tv\/az\/article\/kohne-iqtidarin-yeni-muxalifet-arzusu-deyismeyib-1-ci-yazi\/","title":{"rendered":"K\u00f6hn\u0259 iqtidar\u0131n \u201cyeni m\u00fcxalif\u0259t\u201d arzusu d\u0259yi\u015fm\u0259yib&#8230;  (1-ci yaz\u0131)"},"content":{"rendered":"<figure class=\"wp-block-image size-large\">\n  <img decoding=\"async\" src=\"https:\/\/www.meydan.tv\/az\/nesimi-memmedli\/\" alt=\"N\u0259simi M\u0259mm\u0259dli\" class=\"wp-image-55611\"\/><figcaption>\n    N\u0259simi M\u0259mm\u0259dli<br \/>\n  <\/figcaption><\/figure>\n<p>\n  <b><br \/>\n    \u00dc\u00e7\u00fcnc\u00fc d\u0259f\u0259 \u201cyeni q\u00fcvv\u0259\u201d tezisinin t\u0259krar g\u00fcnd\u0259m\u0259 g\u0259lm\u0259si aktualla\u015fmaqdad\u0131r<br \/>\n  <\/b><\/p>\n<p>  Bu m\u00f6vzu hal-haz\u0131rda m\u00f6vcud g\u00fcnd\u0259min aktual m\u0259s\u0259l\u0259l\u0259ri s\u0131ras\u0131nda olmasa da, m\u00fct\u0259madi olaraq g\u00fcnd\u0259m\u0259 g\u0259lir v\u0259 m\u00fczakir\u0259l\u0259r\u0259 a\u00e7\u0131qd\u0131r. \u018fsas\u0259n d\u0259 bu m\u00fczakir\u0259l\u0259r\u0259 maraq g\u00f6st\u0259r\u0259n \u015f\u0259xsl\u0259r siyasi iddial\u0131, t\u0259\u015fkilatlanmaya meylli v\u0259 d\u0259yi\u015fiklikl\u0259r\u0259 can atan f\u0259al insanlar olduqlar\u0131 \u00fc\u00e7\u00fcn daha pe\u015f\u0259kar yana\u015fma s\u0259rgil\u0259y\u0259 bilirl\u0259r.<\/p>\n<p>  Siyasi maraqlar\u0131n\u0131n ayd\u0131n \u00e7\u0259r\u00e7iv\u0259si olan yetkin insanlar \u00fc\u00e7\u00fcn siyasi m\u00fczakir\u0259l\u0259rd\u0259 \u201cxo\u015flam\u0131ram\u201d, \u201cb\u0259y\u0259nmir\u0259m\u201d, \u201cd\u0259st\u0259kl\u0259mir\u0259m\u201d, \u201cnifr\u0259t edir\u0259m\u201d kimi \u00f6z\u0259l bax\u0131\u015flardan do\u011fan ifad\u0259l\u0259r v\u0259 ya onlar\u0131n tam \u0259ksi \u00e7ox az \u0259h\u0259miyy\u0259tlidir. \u0130ctimai-siyasi m\u00fcnasib\u0259tl\u0259rin \u0259sas\u0131n\u0131 geni\u015f m\u0259nada maraqlar t\u0259\u015fkil etdiyind\u0259n m\u0259s\u0259l\u0259y\u0259 emosional yana\u015fman\u0131n q\u00fcsurlu n\u0259tic\u0259 do\u011furaca\u011f\u0131n\u0131 bel\u0259 \u015f\u0259xsl\u0259r\u0259 izah etm\u0259y\u0259 d\u0259 l\u00fczum yoxdur.<\/p>\n<p>  He\u00e7 k\u0259s\u0259 sirr deyil ki, \u00f6lk\u0259nin siyasi h\u0259yat\u0131nda n\u0259z\u0259r\u0259 \u00e7arpacaq dur\u011funluq h\u00f6km s\u00fcr\u00fcr. Dem\u0259k olar ki, b\u00fct\u00fcn k\u00fctl\u0259vi demokratik institutlar\u0131n \u0259n k\u0259skin f\u0259aliyy\u0259t b\u00f6hran\u0131 ya\u015fan\u0131r. Bel\u0259 bir \u015f\u0259raitd\u0259n nec\u0259 \u00e7\u0131xmaq yollar\u0131 \u0259traf\u0131nda didd\u0259t \u00e7\u0259k\u0259n t\u0259\u015f\u0259bb\u00fcsl\u0259r\u0259 rast g\u0259lm\u0259s\u0259k d\u0259, m\u00fczakir\u0259l\u0259ri vacib hesab edirik.<\/p>\n<p>  <b><br \/>\n    Siyasi dur\u011funlu\u011fun t\u0259m\u0259l s\u0259b\u0259bl\u0259ri<br \/>\n  <\/b><\/p>\n<p>  Oxucu auditoriyam\u0131z \u0259sas\u0259n savadl\u0131, sosial-siyasi prosesl\u0259rd\u0259n x\u0259b\u0259rdar olan, bilgili v\u0259 f\u0259al v\u0259t\u0259nda\u015flar oldu\u011fu \u00fc\u00e7\u00fcn m\u00f6vcud siyasi dur\u011funlu\u011fun, b\u00f6hran\u0131n s\u0259b\u0259bl\u0259ri haqq\u0131nda da geni\u015f izahata z\u0259rur\u0259t olmad\u0131\u011f\u0131n\u0131 d\u00fc\u015f\u00fcn\u00fcr\u00fck.<\/p>\n<p>  Q\u0131saca olaraq dey\u0259 bil\u0259rik ki, d\u00f6vl\u0259tin b\u00fct\u00fcn resurslar\u0131 h\u00f6kum\u0259t t\u0259r\u0259find\u0259n s\u0259f\u0259rb\u0259r edil\u0259r\u0259k real alternativ g\u00f6r\u00fcnt\u00fcn\u00fcn yox edilm\u0259sin\u0259 y\u00f6n\u0259ldilib. H\u00fcquq-m\u00fchafiz\u0259 orqanlar\u0131n\u0131n g\u00fcc\u00fc il\u0259 v\u0259t\u0259nda\u015f c\u0259miyy\u0259ti total t\u0259zyiq alt\u0131na sal\u0131n\u0131b, m\u00fcxalif siyasi partiyalar\u0131n \u0259n elementar f\u0259aliyy\u0259t imkanlar\u0131 repressiv metodlarla m\u0259hdudla\u015fd\u0131r\u0131l\u0131b, \u0259n c\u00fczi demokratik ortam bel\u0259 m\u00f6vcud deyil.<\/p>\n<p>  S\u0259rb\u0259st topla\u015fma\u011fa, birl\u0259\u015fm\u0259y\u0259, fikir p\u00fcl\u00fcralizmin\u0259, ifad\u0259 azadl\u0131\u011f\u0131na v\u0259 dig\u0259r t\u0259m\u0259l siyasi h\u00fcquqlara q\u0259nim k\u0259sil\u0259n avtoritar rejiml\u0259rin m\u0259nims\u0259diyi idar\u0259etm\u0259 metodlar\u0131n\u0131n t\u0259tbiqi istiqam\u0259tind\u0259 c\u0259hdl\u0259r a\u00e7\u0131q-ayd\u0131n m\u00fc\u015fahid\u0259 edilir. H\u00f6kum\u0259tin v\u0259t\u0259nda\u015f c\u0259miyy\u0259ti v\u0259 m\u00fcxalif\u0259t \u00fc\u00e7\u00fcn m\u00fc\u0259yy\u0259n etdiyi m\u0259hdud \u00e7\u0259r\u00e7iv\u0259d\u0259n k\u0259nara \u00e7\u0131xmaq maddi s\u0131x\u0131nt\u0131, c\u0259rim\u0259l\u0259r, inzibati h\u0259bsl\u0259r v\u0259 h\u0259tta \u00e7ox a\u011f\u0131r repressiyaya m\u0259ruz qalmaqla sonuclana bilir.<\/p>\n<p>  \u00d6z siyasi m\u00fcbariz\u0259sini haql\u0131 olaraq h\u00fcquq v\u0259 qanunlar \u00e7\u0259r\u00e7iv\u0259sind\u0259 dinc m\u00fcbariz\u0259 metodlar\u0131 il\u0259 t\u0259s\u0259vv\u00fcr ed\u0259n m\u00fcxalif\u0259tin m\u00f6vcud \u015f\u0259raitd\u0259 bundan art\u0131q n\u0259 is\u0259 etm\u0259si m\u00fcmk\u00fcns\u00fczd\u00fcr. Geni\u015f v\u0259t\u0259nda\u015f f\u0259all\u0131\u011f\u0131 ba\u015f verm\u0259dikc\u0259, bu imkanlar m\u0259hdud olaraq qalacaq. Bel\u0259 bir ortam\u0131n yaratd\u0131\u011f\u0131 siyasi dur\u011funlu\u011fu \u0259n\u0259n\u0259vi yana\u015fmalarla a\u015fmaq xeyli m\u00fcmk\u00fcns\u00fcz g\u00f6r\u00fcnd\u00fcy\u00fc \u00fc\u00e7\u00fcn haql\u0131 olaraq yeni yana\u015fmalar t\u0259tbiq ed\u0259 bil\u0259n yeni q\u00fcvv\u0259l\u0259rin yaranmas\u0131na g\u00f6zl\u0259ntil\u0259r artmaqdad\u0131r.<\/p>\n<p>  <b><br \/>\n    \u201cYeni q\u00fcvv\u0259\u201d anlay\u0131\u015f\u0131 il\u0259 ilk tan\u0131\u015fl\u0131\u011f\u0131m<br \/>\n  <\/b><\/p>\n<p>  \u015e\u0259xsi t\u0259cr\u00fcb\u0259m\u0259 \u0259sas\u0259n dey\u0259 bil\u0259r\u0259m ki, \u00f6lk\u0259 siyas\u0259tind\u0259 \u201cyeni q\u00fcvv\u0259\u201d anlay\u0131\u015f\u0131 il\u0259 ilk tan\u0131\u015fl\u0131\u011f\u0131m t\u0259qrib\u0259n 18 il \u00f6nc\u0259y\u0259, 1998-ci il\u0259 t\u0259sad\u00fcf edir. O zaman siyasi f\u0259aliyy\u0259tl\u0259 yana\u015f\u0131, h\u0259m d\u0259 m\u00fcxalif y\u00f6n\u00fcml\u00fc G\u0259nc Demokratlar H\u0259r\u0259kat\u0131 adl\u0131 k\u00fctl\u0259vi g\u0259ncl\u0259r t\u0259\u015fkilat\u0131na r\u0259hb\u0259rlik etdiyim \u00fc\u00e7\u00fcn tez-tez g\u00fcnd\u0259min m\u00f6vzular\u0131 il\u0259 ba\u011fl\u0131 median\u0131n suallar\u0131n\u0131 cavabland\u0131r\u0131rd\u0131m.<\/p>\n<p>  H\u0259min d\u00f6vr\u00fc xat\u0131rlayan h\u0259r k\u0259s t\u0259sdiq ed\u0259r ki, o zaman eks-prezident AXCP s\u0259dri m\u0259rhum \u018fb\u00fclf\u0259z El\u00e7ib\u0259y Prezident se\u00e7kisi \u00f6nc\u0259si f\u0259al siyasi m\u00fcbariz\u0259y\u0259 r\u0259hb\u0259rlik edirdi v\u0259 \u00fcmumiyy\u0259tl\u0259, m\u00fcxalif\u0259tin y\u00fcks\u0259li\u015f d\u00f6vr\u00fc ba\u015flam\u0131\u015fd\u0131.\u00a0 X\u00fcsusil\u0259 d\u0259 siyasi prosesl\u0259rd\u0259 g\u0259ncl\u0259rin \u00e7\u0259kisi s\u00fcr\u0259tl\u0259 art\u0131rd\u0131. H\u0259r iki siyasi d\u00fc\u015f\u0259rg\u0259 g\u0259ncl\u0259r\u0259 y\u00f6n\u0259lik f\u0259al siyas\u0259t apar\u0131rd\u0131.<br \/>\n  <br \/>\n  1997-ci ild\u0259 t\u0259sis olunan \u201cG\u0259ncl\u0259r g\u00fcn\u00fc\u201dn\u00fcn ild\u00f6n\u00fcm\u00fcnd\u0259 eks-prezident m\u0259rhum Heyd\u0259r \u018fliyevin \u00f6z \u00e7\u0131x\u0131\u015f\u0131nda s\u0259sl\u0259ndirdiyi \u201c\u00f6lk\u0259 g\u0259ncl\u0259rinin siyas\u0259td\u0259 yeni q\u00fcvv\u0259 kimi ortaya \u00e7\u0131xmas\u0131na ehtiyac oldu\u011fu\u201d tezisi g\u0259ncl\u0259r aras\u0131nda geni\u015f m\u00fczakir\u0259y\u0259 s\u0259b\u0259b olmu\u015fdu. Bu fikirin \u0259traf\u0131nda a\u00e7\u0131lan m\u00fczakir\u0259l\u0259rd\u0259 m\u0259n d\u0259 GT-n\u0131n r\u0259hb\u0259ri kimi i\u015ftirak etmi\u015fdim v\u0259 o zaman n\u0259\u015fr edil\u0259n \u201cAx\u015fam\u201d q\u0259zetind\u0259 bu m\u00f6vzuya m\u00fcnasib\u0259tim ifad\u0259 olunan geni\u015f m\u00fcsahib\u0259m d\u0259 n\u0259\u015fr olunub.<\/p>\n<p>  H\u0259min \u0259r\u0259f\u0259d\u0259 h\u0259tta m\u00fcxalif partiyalar\u0131n daxilind\u0259 d\u0259 \u201cyeni q\u00fcvv\u0259\u201d anlay\u0131\u015f\u0131 \u0259traf\u0131nda s\u00fcni m\u00fczakir\u0259l\u0259r apar\u0131l\u0131r, yeni-yeni partiyalar\u0131n yaranmas\u0131, \u00f6z\u00fcn\u00fc \u00fc\u00e7\u00fcnc\u00fc q\u00fcvv\u0259 kimi topluma t\u0259qdim etm\u0259k c\u0259hdl\u0259ri kifay\u0259t q\u0259d\u0259r populyar idi.<\/p>\n<p>  Bir m\u00fcdd\u0259t siyasi g\u00fcnd\u0259md\u0259 dola\u015fan \u201cyeni q\u00fcvv\u0259\u201d tezisi hakimiyy\u0259t daxili m\u00fc\u0259yy\u0259n siyasi add\u0131mlardan, x\u00fcsusil\u0259 d\u0259 1999-cu ild\u0259 \u0130lham \u018fliyevin YAP s\u0259drin 1-ci m\u00fcavini se\u00e7ilm\u0259sind\u0259n sonra\u00a0 g\u00fcnd\u0259md\u0259n m\u00fcv\u0259qq\u0259ti olaraq \u00e7\u0131xar\u0131ld\u0131. Konkret olaraq bu tezis o zaman birm\u0259nal\u0131 olaraq iqtidar\u0131n yeni g\u00f6r\u00fcnt\u00fcd\u0259 davam etm\u0259sin\u0259 xidm\u0259t etdi.<\/p>\n<p>  \u201cYeni q\u00fcvv\u0259\u201d tezisinin ikinci d\u0259f\u0259 aktualla\u015fmas\u0131 2005-ci ild\u0259 m\u00fcxalif\u0259tin \u0259traf\u0131nda n\u0259h\u0259ng g\u00fcc m\u0259rk\u0259zinin yaranmas\u0131 v\u0259 real alternativ\u0259 \u00e7evrilm\u0259si prosesininin y\u00fcks\u0259ldiyi d\u00f6vr\u0259 t\u0259sad\u00fcf edir. \u0130qtidar h\u0259rbi-polis v\u0259 iqtisadi g\u00fcc\u0259 tam sahib olsa da ictimai fikird\u0259 siyasi oponentl\u0259rin\u0259 ciddi \u015f\u0259kild\u0259 uduzurdu.<\/p>\n<p>  Nar\u0131nc\u0131 inqilablar\u0131n dal\u011fas\u0131nda meydanlarda k\u00fctl\u0259vi etirazlardan do\u011fan m\u00fcxalif g\u00fcc\u00fcn hakimiyy\u0259t \u00fc\u00e7\u00fcn t\u00f6r\u0259tdiyi siyasi t\u0259hl\u00fck\u0259ni \u00f6nl\u0259m\u0259k m\u0259qs\u0259dil\u0259 polis zorak\u0131l\u0131\u011f\u0131 il\u0259 yana\u015f\u0131, \u201cyeni q\u00fcvv\u0259\u201d t\u0259bli\u011fat tezisl\u0259ri d\u0259 g\u00fcnd\u0259m\u0259 qaytar\u0131ld\u0131. Toplumda bel\u0259 r\u0259y yarad\u0131l\u0131rd\u0131 ki, MDB m\u0259kan\u0131nda ba\u015f ver\u0259n hakimiyy\u0259t d\u0259yi\u015fiklikl\u0259rini o \u00f6lk\u0259l\u0259rd\u0259 m\u00f6vcud olan \u201cyeni q\u00fcvv\u0259\u201d l\u0259r realla\u015fd\u0131rd\u0131 v\u0259 \u0259n\u0259n\u0259vi siyasi q\u00fcvv\u0259l\u0259rl\u0259 bu i\u015fin perspektivi yoxdur.<\/p>\n<p>  Repressiv metodlardan istifad\u0259 ed\u0259r\u0259k m\u00fcxalif\u0259tin z\u0259ifl\u0259dilm\u0259si il\u0259 paralel, \u201cyeni q\u00fcvv\u0259\u201d tezisl\u0259ri \u0259rtaf\u0131nda total t\u0259bli\u011fat kampaniyas\u0131 da apar\u0131ld\u0131. H\u0259tta, bu m\u00fczakir\u0259l\u0259r\u0259 m\u00fcxalif\u0259tin daxilind\u0259n d\u0259 d\u0259st\u0259k almaqla median\u0131n g\u00fcc\u00fc il\u0259 ictimai fikri xeyli d\u0259r\u0259c\u0259d\u0259 istiqam\u0259tl\u0259ndirm\u0259k m\u00fcmk\u00fcn oldu.<\/p>\n<p>  \u00dc\u00e7\u00fcnc\u00fc d\u0259f\u0259 \u201cyeni q\u00fcvv\u0259\u201d tezisinin t\u0259krar g\u00fcnd\u0259m\u0259 g\u0259lm\u0259si aktualla\u015fmaqdad\u0131r. \u00d6lk\u0259d\u0259 d\u0259rin maliyy\u0259-iqtisadi b\u00f6hran\u0131 h\u00f6km s\u00fcr\u00fcr, sosial-siyasi g\u0259rginlik pik h\u0259dd\u0259dir, geosiyasi maraqlar\u0131n regiona fokslanmas\u0131 prosesi ba\u015flay\u0131b. Bu g\u0259rginlikl\u0259r fonunda 2018-ci ilin n\u00f6vb\u0259ti Prezident se\u00e7kisinin \u00e7ox t\u0259lat\u00fcml\u00fc ke\u00e7m\u0259si ehtimal\u0131 art\u0131r.<\/p>\n<p>  \u0130qtidar yetkilil\u0259ri anlay\u0131r ki, bel\u0259 sosial-siyasi g\u0259rginlikd\u0259 25 il i\u015f ba\u015f\u0131nda olan eyni komanda il\u0259 Prezident se\u00e7kisin\u0259 getm\u0259k \u00e7ox b\u00f6y\u00fck siyasi risk yaradacaq. M\u00f6vcud komanda toplumun etimad\u0131n\u0131 kifay\u0259t q\u0259d\u0259r itirib. \u018fn yum\u015faq ifad\u0259 ets\u0259k, tamamil\u0259 korrupsiyaya u\u011fram\u0131\u015f, monopolist, faydal\u0131 i\u015f \u0259msal\u0131 s\u0131f\u0131r\u0131n alt\u0131na d\u00fc\u015fm\u00fc\u015f bir imic da\u015f\u0131y\u0131r. Odur ki, h\u0259l\u0259lik ciddi n\u0259z\u0259r\u0259 \u00e7arpmasa da, daxili d\u0259yi\u015fiklikl\u0259r\u0259 haz\u0131rl\u0131q i\u015fl\u0259rin\u0259 start veril\u0259c\u0259yini d\u0259 g\u00f6zl\u0259m\u0259k olar. Y\u0259qin ki, yax\u0131n vaxtlarda komandan\u0131n zahiri g\u00f6r\u00fcn\u00fc\u015f\u00fcn\u0259 d\u0259 n\u0259z\u0259r\u0259 \u00e7arpacaq \u0259l g\u0259zdiril\u0259c\u0259k.<\/p>\n<p>  Bununla yana\u015f\u0131, h\u0259m m\u00fc\u0259yy\u0259n qanunvericilik islahatlar\u0131, h\u0259m d\u0259 yum\u015faq siyasi gedi\u015f imitasiyas\u0131 il\u0259 yeni siyasi situasiya yarad\u0131la bil\u0259r. \u0130lk n\u00f6vb\u0259d\u0259, \u201cyeni q\u00fcvv\u0259\u201d tezisi il\u0259 diqq\u0259ti m\u00fcxalif\u0259tin \u0259sas g\u00fcc m\u0259rk\u0259zind\u0259n yay\u0131nd\u0131rma\u011fa v\u0259 \u015firnikl\u0259ndirici gedi\u015fl\u0259rl\u0259 etiraz\u00e7\u0131 f\u0259al elektorat\u0131n \u0259sas q\u00fcvv\u0259 \u0259traf\u0131nda birl\u0259\u015fm\u0259sinin qar\u015f\u0131s\u0131n\u0131 alma\u011fa c\u0259hd edil\u0259c\u0259yi istisna deyil.<br \/>\n  <br \/>\n  \u00c7\u00fcnki m\u00fcxalif\u0259tin uzun zaman d\u0259yi\u015fiklikl\u0259r\u0259 nail ola bilm\u0259m\u0259sinin toplumda do\u011furdu\u011fu t\u0259bii m\u0259nfi ictimai r\u0259y m\u00f6vcuddur v\u0259 bu hal, do\u011frudan da, \u0259n\u0259n\u0259vi m\u00fcxalif\u0259tin z\u0259r\u0259rin\u0259 i\u015fl\u0259yir. H\u0259m d\u0259 bel\u0259 bir r\u0259yin m\u00f6hk\u0259ml\u0259ndirilm\u0259si \u00fc\u00e7\u00fcn iqtidar\u0131n n\u0259zar\u0259tind\u0259 \u00e7al\u0131\u015fan gizli m\u0259rk\u0259zl\u0259rin olmas\u0131 da istisna deyil.<\/p>\n<p>  D\u0259yi\u015fiklik arzusunda olan insanlar\u0131n, x\u00fcsusil\u0259 d\u0259 g\u0259ncl\u0259rin m\u00fc\u0259yy\u0259n bir qismi yanl\u0131\u015f olaraq bel\u0259 d\u00fc\u015f\u00fcn\u00fcr ki, \u0259n\u0259n\u0259vi m\u00fcxalif\u0259tin meydandan \u00e7\u0259kilm\u0259si il\u0259 b\u0259lk\u0259 d\u0259 k\u00f6kl\u00fc d\u0259yi\u015fiklikl\u0259r\u0259 nail olmaq m\u00fcmk\u00fcn olacaq. Durumun t\u0259hlili onu g\u00f6st\u0259rir ki, yax\u0131n vaxtlarda el\u0259 bir siyasi situasiya yarana bil\u0259r ki, iqtidar\u0131n gizli t\u0259bli\u011fat\u00e7\u0131lar\u0131 il\u0259, s\u0259mimi olaraq \u00f6zl\u0259rini \u201cyeni q\u00fcvv\u0259\u201d hesab ed\u0259nl\u0259rin t\u0259bli\u011fat\u00e7\u0131lar\u0131 aras\u0131nda raz\u0131la\u015fd\u0131r\u0131lmayan bir ittifaq yaranar. \u0130ndiy\u0259d\u0259k h\u0259r hans\u0131 d\u0259yi\u015fiklikl\u0259rin ba\u015f verm\u0259m\u0259sinin s\u0259b\u0259bl\u0259rini \u0259n\u0259n\u0259vi m\u00fcxalif\u0259tin rolu kimi topluma q\u0259bul etdirm\u0259k istiqam\u0259tind\u0259 total f\u0259aliyy\u0259t\u0259 start veril\u0259c\u0259yi d\u0259 istisna deyil. \u0130qtidar\u0131n bel\u0259 bir plan\u0131n\u0131n olmas\u0131 ehtimal\u0131 \u0259lb\u0259tt\u0259 ki, s\u0259mimi \u015f\u0259kild\u0259 yeni q\u00fcvv\u0259 kimi ortaya \u00e7\u0131xma\u011fa c\u0259hd ed\u0259nl\u0259rd\u0259n \u015f\u00fcbh\u0259l\u0259nm\u0259k \u00fc\u00e7\u00fcn \u0259sas olmamal\u0131d\u0131r. Toplumun s\u00fcr\u0259tl\u0259 t\u0259\u015fkilatlanmas\u0131 \u00fc\u00e7\u00fcn b\u00fct\u00fcn t\u0259\u015f\u0259bb\u00fcsl\u0259r \u015f\u0259ffaf \u015f\u0259kild\u0259 davam etm\u0259lidir. \u0130st\u0259nil\u0259n halda \u201cyeni q\u00fcvv\u0259\u201dnin ger\u00e7\u0259k h\u0259d\u0259fi q\u0131sa zaman i\u00e7\u0259risind\u0259 siyasi m\u00fcnasib\u0259tl\u0259rd\u0259 \u00f6z\u00fcn\u00fc g\u00f6st\u0259r\u0259c\u0259k.\n<\/p>\n<p>\n  <i><br \/>\n    (m\u00f6vzunun davam\u0131 var&#8230;)<br \/>\n  <\/i><\/p>\n","protected":false},"excerpt":{"rendered":"<p>Bu m\u00f6vzu hal-haz\u0131rda m\u00f6vcud g\u00fcnd\u0259min aktual m\u0259s\u0259l\u0259l\u0259ri s\u0131ras\u0131nda olmasa da, m\u00fct\u0259madi olaraq g\u00fcnd\u0259m\u0259 g\u0259lir v\u0259 m\u00fczakir\u0259l\u0259r\u0259 a\u00e7\u0131qd\u0131r. \u018fsas\u0259n d\u0259 bu m\u00fczakir\u0259l\u0259r\u0259 maraq g\u00f6st\u0259r\u0259n \u015f\u0259xsl\u0259r siyasi iddial\u0131, t\u0259\u015fkilatlanmaya meylli v\u0259 d\u0259yi\u015fiklikl\u0259r\u0259 can atan f\u0259al insanlar olduqlar\u0131 \u00fc\u00e7\u00fcn daha pe\u015f\u0259kar yana\u015fma s\u0259rgil\u0259y\u0259 bilirl\u0259r.<\/p>\n","protected":false},"author":11,"featured_media":55611,"comment_status":"closed","ping_status":"open","sticky":false,"template":"","format":"standard","meta":{"_acf_changed":false,"_sitemap_exclude":false,"_sitemap_priority":"","_sitemap_frequency":"","footnotes":""},"categories":[51],"tags":[],"class_list":["post-176419","post","type-post","status-publish","format-standard","has-post-thumbnail","hentry","category-analitika","infinite-scroll-item","generate-columns","tablet-grid-50","mobile-grid-100","grid-parent","grid-33","no-featured-image-padding"],"acf":[],"yoast_head":"<!-- This site is optimized with the Yoast SEO plugin v27.5 - https:\/\/yoast.com\/product\/yoast-seo-wordpress\/ -->\n<title>K\u00f6hn\u0259 iqtidar\u0131n \u201cyeni m\u00fcxalif\u0259t\u201d arzusu d\u0259yi\u015fm\u0259yib... (1-ci yaz\u0131) - MEYDAN.TV<\/title>\n<meta name=\"robots\" content=\"index, follow, max-snippet:-1, max-image-preview:large, max-video-preview:-1\" \/>\n<link rel=\"canonical\" href=\"https:\/\/www.meydan.tv\/az\/article\/kohne-iqtidarin-yeni-muxalifet-arzusu-deyismeyib-1-ci-yazi\/\" \/>\n<meta property=\"og:locale\" content=\"az_AZ\" \/>\n<meta property=\"og:type\" content=\"article\" \/>\n<meta property=\"og:title\" content=\"K\u00f6hn\u0259 iqtidar\u0131n \u201cyeni m\u00fcxalif\u0259t\u201d arzusu d\u0259yi\u015fm\u0259yib... (1-ci yaz\u0131) - MEYDAN.TV\" \/>\n<meta property=\"og:description\" content=\"Bu m\u00f6vzu hal-haz\u0131rda m\u00f6vcud g\u00fcnd\u0259min aktual m\u0259s\u0259l\u0259l\u0259ri s\u0131ras\u0131nda olmasa da, m\u00fct\u0259madi olaraq g\u00fcnd\u0259m\u0259 g\u0259lir v\u0259 m\u00fczakir\u0259l\u0259r\u0259 a\u00e7\u0131qd\u0131r. \u018fsas\u0259n d\u0259 bu m\u00fczakir\u0259l\u0259r\u0259 maraq g\u00f6st\u0259r\u0259n \u015f\u0259xsl\u0259r siyasi iddial\u0131, t\u0259\u015fkilatlanmaya meylli v\u0259 d\u0259yi\u015fiklikl\u0259r\u0259 can atan f\u0259al insanlar olduqlar\u0131 \u00fc\u00e7\u00fcn daha pe\u015f\u0259kar yana\u015fma s\u0259rgil\u0259y\u0259 bilirl\u0259r.\" \/>\n<meta property=\"og:url\" content=\"https:\/\/www.meydan.tv\/az\/article\/kohne-iqtidarin-yeni-muxalifet-arzusu-deyismeyib-1-ci-yazi\/\" \/>\n<meta property=\"og:site_name\" content=\"MEYDAN.TV\" \/>\n<meta property=\"article:published_time\" content=\"2016-06-03T18:51:53+00:00\" \/>\n<meta property=\"og:image\" content=\"https:\/\/www.meydan.tv\/wp-content\/uploads\/21007.jpg\" \/>\n\t<meta property=\"og:image:width\" content=\"700\" \/>\n\t<meta property=\"og:image:height\" content=\"425\" \/>\n\t<meta property=\"og:image:type\" content=\"image\/jpeg\" \/>\n<meta name=\"author\" content=\"user-manager\" \/>\n<meta name=\"twitter:card\" content=\"summary_large_image\" \/>\n<script type=\"application\/ld+json\" class=\"yoast-schema-graph\">{\"@context\":\"https:\\\/\\\/schema.org\",\"@graph\":[{\"@type\":\"Article\",\"@id\":\"https:\\\/\\\/www.meydan.tv\\\/az\\\/article\\\/kohne-iqtidarin-yeni-muxalifet-arzusu-deyismeyib-1-ci-yazi\\\/#article\",\"isPartOf\":{\"@id\":\"https:\\\/\\\/www.meydan.tv\\\/az\\\/article\\\/kohne-iqtidarin-yeni-muxalifet-arzusu-deyismeyib-1-ci-yazi\\\/\"},\"author\":{\"name\":\"user-manager\",\"@id\":\"https:\\\/\\\/www.meydan.tv\\\/az\\\/#\\\/schema\\\/person\\\/10d11eccf6da3662cf5fdab9806ea91a\"},\"headline\":\"K\u00f6hn\u0259 iqtidar\u0131n \u201cyeni m\u00fcxalif\u0259t\u201d arzusu d\u0259yi\u015fm\u0259yib&#8230; (1-ci yaz\u0131)\",\"datePublished\":\"2016-06-03T18:51:53+00:00\",\"mainEntityOfPage\":{\"@id\":\"https:\\\/\\\/www.meydan.tv\\\/az\\\/article\\\/kohne-iqtidarin-yeni-muxalifet-arzusu-deyismeyib-1-ci-yazi\\\/\"},\"wordCount\":1900,\"publisher\":{\"@id\":\"https:\\\/\\\/www.meydan.tv\\\/az\\\/#organization\"},\"image\":{\"@id\":\"https:\\\/\\\/www.meydan.tv\\\/az\\\/article\\\/kohne-iqtidarin-yeni-muxalifet-arzusu-deyismeyib-1-ci-yazi\\\/#primaryimage\"},\"thumbnailUrl\":\"https:\\\/\\\/www.meydan.tv\\\/wp-content\\\/uploads\\\/21007.jpg\",\"articleSection\":[\"Analitika\"],\"inLanguage\":\"az\"},{\"@type\":\"WebPage\",\"@id\":\"https:\\\/\\\/www.meydan.tv\\\/az\\\/article\\\/kohne-iqtidarin-yeni-muxalifet-arzusu-deyismeyib-1-ci-yazi\\\/\",\"url\":\"https:\\\/\\\/www.meydan.tv\\\/az\\\/article\\\/kohne-iqtidarin-yeni-muxalifet-arzusu-deyismeyib-1-ci-yazi\\\/\",\"name\":\"K\u00f6hn\u0259 iqtidar\u0131n \u201cyeni m\u00fcxalif\u0259t\u201d arzusu d\u0259yi\u015fm\u0259yib... (1-ci yaz\u0131) - MEYDAN.TV\",\"isPartOf\":{\"@id\":\"https:\\\/\\\/www.meydan.tv\\\/az\\\/#website\"},\"primaryImageOfPage\":{\"@id\":\"https:\\\/\\\/www.meydan.tv\\\/az\\\/article\\\/kohne-iqtidarin-yeni-muxalifet-arzusu-deyismeyib-1-ci-yazi\\\/#primaryimage\"},\"image\":{\"@id\":\"https:\\\/\\\/www.meydan.tv\\\/az\\\/article\\\/kohne-iqtidarin-yeni-muxalifet-arzusu-deyismeyib-1-ci-yazi\\\/#primaryimage\"},\"thumbnailUrl\":\"https:\\\/\\\/www.meydan.tv\\\/wp-content\\\/uploads\\\/21007.jpg\",\"datePublished\":\"2016-06-03T18:51:53+00:00\",\"breadcrumb\":{\"@id\":\"https:\\\/\\\/www.meydan.tv\\\/az\\\/article\\\/kohne-iqtidarin-yeni-muxalifet-arzusu-deyismeyib-1-ci-yazi\\\/#breadcrumb\"},\"inLanguage\":\"az\",\"potentialAction\":[{\"@type\":\"ReadAction\",\"target\":[\"https:\\\/\\\/www.meydan.tv\\\/az\\\/article\\\/kohne-iqtidarin-yeni-muxalifet-arzusu-deyismeyib-1-ci-yazi\\\/\"]}]},{\"@type\":\"ImageObject\",\"inLanguage\":\"az\",\"@id\":\"https:\\\/\\\/www.meydan.tv\\\/az\\\/article\\\/kohne-iqtidarin-yeni-muxalifet-arzusu-deyismeyib-1-ci-yazi\\\/#primaryimage\",\"url\":\"https:\\\/\\\/www.meydan.tv\\\/wp-content\\\/uploads\\\/21007.jpg\",\"contentUrl\":\"https:\\\/\\\/www.meydan.tv\\\/wp-content\\\/uploads\\\/21007.jpg\",\"width\":700,\"height\":425,\"caption\":\"Source:\"},{\"@type\":\"BreadcrumbList\",\"@id\":\"https:\\\/\\\/www.meydan.tv\\\/az\\\/article\\\/kohne-iqtidarin-yeni-muxalifet-arzusu-deyismeyib-1-ci-yazi\\\/#breadcrumb\",\"itemListElement\":[{\"@type\":\"ListItem\",\"position\":1,\"name\":\"Ana s\u0259hif\u0259\",\"item\":\"https:\\\/\\\/www.meydan.tv\\\/az\\\/\"},{\"@type\":\"ListItem\",\"position\":2,\"name\":\"Analitika\",\"item\":\"https:\\\/\\\/www.meydan.tv\\\/az\\\/section\\\/analitika\\\/\"},{\"@type\":\"ListItem\",\"position\":3,\"name\":\"K\u00f6hn\u0259 iqtidar\u0131n \u201cyeni m\u00fcxalif\u0259t\u201d arzusu d\u0259yi\u015fm\u0259yib&#8230; (1-ci yaz\u0131)\"}]},{\"@type\":\"WebSite\",\"@id\":\"https:\\\/\\\/www.meydan.tv\\\/az\\\/#website\",\"url\":\"https:\\\/\\\/www.meydan.tv\\\/az\\\/\",\"name\":\"MEYDAN.TV\",\"description\":\"Meydan TV Az\u0259rbaycan\u0131n media m\u0259kan\u0131ndak\u0131 alternativ s\u0259sidir\",\"publisher\":{\"@id\":\"https:\\\/\\\/www.meydan.tv\\\/az\\\/#organization\"},\"potentialAction\":[{\"@type\":\"SearchAction\",\"target\":{\"@type\":\"EntryPoint\",\"urlTemplate\":\"https:\\\/\\\/www.meydan.tv\\\/az\\\/?s={search_term_string}\"},\"query-input\":{\"@type\":\"PropertyValueSpecification\",\"valueRequired\":true,\"valueName\":\"search_term_string\"}}],\"inLanguage\":\"az\"},{\"@type\":\"Organization\",\"@id\":\"https:\\\/\\\/www.meydan.tv\\\/az\\\/#organization\",\"name\":\"Meydan TV\",\"url\":\"https:\\\/\\\/www.meydan.tv\\\/az\\\/\",\"logo\":{\"@type\":\"ImageObject\",\"inLanguage\":\"az\",\"@id\":\"https:\\\/\\\/www.meydan.tv\\\/az\\\/#\\\/schema\\\/logo\\\/image\\\/\",\"url\":\"https:\\\/\\\/www.meydan.tv\\\/wp-content\\\/uploads\\\/2021\\\/07\\\/meydan-logo.svg\",\"contentUrl\":\"https:\\\/\\\/www.meydan.tv\\\/wp-content\\\/uploads\\\/2021\\\/07\\\/meydan-logo.svg\",\"width\":195,\"height\":46,\"caption\":\"Meydan TV\"},\"image\":{\"@id\":\"https:\\\/\\\/www.meydan.tv\\\/az\\\/#\\\/schema\\\/logo\\\/image\\\/\"}},{\"@type\":\"Person\",\"@id\":\"https:\\\/\\\/www.meydan.tv\\\/az\\\/#\\\/schema\\\/person\\\/10d11eccf6da3662cf5fdab9806ea91a\",\"name\":\"user-manager\"}]}<\/script>\n<!-- \/ Yoast SEO plugin. -->","yoast_head_json":{"title":"K\u00f6hn\u0259 iqtidar\u0131n \u201cyeni m\u00fcxalif\u0259t\u201d arzusu d\u0259yi\u015fm\u0259yib... (1-ci yaz\u0131) - MEYDAN.TV","robots":{"index":"index","follow":"follow","max-snippet":"max-snippet:-1","max-image-preview":"max-image-preview:large","max-video-preview":"max-video-preview:-1"},"canonical":"https:\/\/www.meydan.tv\/az\/article\/kohne-iqtidarin-yeni-muxalifet-arzusu-deyismeyib-1-ci-yazi\/","og_locale":"az_AZ","og_type":"article","og_title":"K\u00f6hn\u0259 iqtidar\u0131n \u201cyeni m\u00fcxalif\u0259t\u201d arzusu d\u0259yi\u015fm\u0259yib... (1-ci yaz\u0131) - MEYDAN.TV","og_description":"Bu m\u00f6vzu hal-haz\u0131rda m\u00f6vcud g\u00fcnd\u0259min aktual m\u0259s\u0259l\u0259l\u0259ri s\u0131ras\u0131nda olmasa da, m\u00fct\u0259madi olaraq g\u00fcnd\u0259m\u0259 g\u0259lir v\u0259 m\u00fczakir\u0259l\u0259r\u0259 a\u00e7\u0131qd\u0131r. \u018fsas\u0259n d\u0259 bu m\u00fczakir\u0259l\u0259r\u0259 maraq g\u00f6st\u0259r\u0259n \u015f\u0259xsl\u0259r siyasi iddial\u0131, t\u0259\u015fkilatlanmaya meylli v\u0259 d\u0259yi\u015fiklikl\u0259r\u0259 can atan f\u0259al insanlar olduqlar\u0131 \u00fc\u00e7\u00fcn daha pe\u015f\u0259kar yana\u015fma s\u0259rgil\u0259y\u0259 bilirl\u0259r.","og_url":"https:\/\/www.meydan.tv\/az\/article\/kohne-iqtidarin-yeni-muxalifet-arzusu-deyismeyib-1-ci-yazi\/","og_site_name":"MEYDAN.TV","article_published_time":"2016-06-03T18:51:53+00:00","og_image":[{"width":700,"height":425,"url":"https:\/\/www.meydan.tv\/wp-content\/uploads\/21007.jpg","type":"image\/jpeg"}],"author":"user-manager","twitter_card":"summary_large_image","schema":{"@context":"https:\/\/schema.org","@graph":[{"@type":"Article","@id":"https:\/\/www.meydan.tv\/az\/article\/kohne-iqtidarin-yeni-muxalifet-arzusu-deyismeyib-1-ci-yazi\/#article","isPartOf":{"@id":"https:\/\/www.meydan.tv\/az\/article\/kohne-iqtidarin-yeni-muxalifet-arzusu-deyismeyib-1-ci-yazi\/"},"author":{"name":"user-manager","@id":"https:\/\/www.meydan.tv\/az\/#\/schema\/person\/10d11eccf6da3662cf5fdab9806ea91a"},"headline":"K\u00f6hn\u0259 iqtidar\u0131n \u201cyeni m\u00fcxalif\u0259t\u201d arzusu d\u0259yi\u015fm\u0259yib&#8230; (1-ci yaz\u0131)","datePublished":"2016-06-03T18:51:53+00:00","mainEntityOfPage":{"@id":"https:\/\/www.meydan.tv\/az\/article\/kohne-iqtidarin-yeni-muxalifet-arzusu-deyismeyib-1-ci-yazi\/"},"wordCount":1900,"publisher":{"@id":"https:\/\/www.meydan.tv\/az\/#organization"},"image":{"@id":"https:\/\/www.meydan.tv\/az\/article\/kohne-iqtidarin-yeni-muxalifet-arzusu-deyismeyib-1-ci-yazi\/#primaryimage"},"thumbnailUrl":"https:\/\/www.meydan.tv\/wp-content\/uploads\/21007.jpg","articleSection":["Analitika"],"inLanguage":"az"},{"@type":"WebPage","@id":"https:\/\/www.meydan.tv\/az\/article\/kohne-iqtidarin-yeni-muxalifet-arzusu-deyismeyib-1-ci-yazi\/","url":"https:\/\/www.meydan.tv\/az\/article\/kohne-iqtidarin-yeni-muxalifet-arzusu-deyismeyib-1-ci-yazi\/","name":"K\u00f6hn\u0259 iqtidar\u0131n \u201cyeni m\u00fcxalif\u0259t\u201d arzusu d\u0259yi\u015fm\u0259yib... (1-ci yaz\u0131) - MEYDAN.TV","isPartOf":{"@id":"https:\/\/www.meydan.tv\/az\/#website"},"primaryImageOfPage":{"@id":"https:\/\/www.meydan.tv\/az\/article\/kohne-iqtidarin-yeni-muxalifet-arzusu-deyismeyib-1-ci-yazi\/#primaryimage"},"image":{"@id":"https:\/\/www.meydan.tv\/az\/article\/kohne-iqtidarin-yeni-muxalifet-arzusu-deyismeyib-1-ci-yazi\/#primaryimage"},"thumbnailUrl":"https:\/\/www.meydan.tv\/wp-content\/uploads\/21007.jpg","datePublished":"2016-06-03T18:51:53+00:00","breadcrumb":{"@id":"https:\/\/www.meydan.tv\/az\/article\/kohne-iqtidarin-yeni-muxalifet-arzusu-deyismeyib-1-ci-yazi\/#breadcrumb"},"inLanguage":"az","potentialAction":[{"@type":"ReadAction","target":["https:\/\/www.meydan.tv\/az\/article\/kohne-iqtidarin-yeni-muxalifet-arzusu-deyismeyib-1-ci-yazi\/"]}]},{"@type":"ImageObject","inLanguage":"az","@id":"https:\/\/www.meydan.tv\/az\/article\/kohne-iqtidarin-yeni-muxalifet-arzusu-deyismeyib-1-ci-yazi\/#primaryimage","url":"https:\/\/www.meydan.tv\/wp-content\/uploads\/21007.jpg","contentUrl":"https:\/\/www.meydan.tv\/wp-content\/uploads\/21007.jpg","width":700,"height":425,"caption":"Source:"},{"@type":"BreadcrumbList","@id":"https:\/\/www.meydan.tv\/az\/article\/kohne-iqtidarin-yeni-muxalifet-arzusu-deyismeyib-1-ci-yazi\/#breadcrumb","itemListElement":[{"@type":"ListItem","position":1,"name":"Ana s\u0259hif\u0259","item":"https:\/\/www.meydan.tv\/az\/"},{"@type":"ListItem","position":2,"name":"Analitika","item":"https:\/\/www.meydan.tv\/az\/section\/analitika\/"},{"@type":"ListItem","position":3,"name":"K\u00f6hn\u0259 iqtidar\u0131n \u201cyeni m\u00fcxalif\u0259t\u201d arzusu d\u0259yi\u015fm\u0259yib&#8230; (1-ci yaz\u0131)"}]},{"@type":"WebSite","@id":"https:\/\/www.meydan.tv\/az\/#website","url":"https:\/\/www.meydan.tv\/az\/","name":"MEYDAN.TV","description":"Meydan TV Az\u0259rbaycan\u0131n media m\u0259kan\u0131ndak\u0131 alternativ s\u0259sidir","publisher":{"@id":"https:\/\/www.meydan.tv\/az\/#organization"},"potentialAction":[{"@type":"SearchAction","target":{"@type":"EntryPoint","urlTemplate":"https:\/\/www.meydan.tv\/az\/?s={search_term_string}"},"query-input":{"@type":"PropertyValueSpecification","valueRequired":true,"valueName":"search_term_string"}}],"inLanguage":"az"},{"@type":"Organization","@id":"https:\/\/www.meydan.tv\/az\/#organization","name":"Meydan TV","url":"https:\/\/www.meydan.tv\/az\/","logo":{"@type":"ImageObject","inLanguage":"az","@id":"https:\/\/www.meydan.tv\/az\/#\/schema\/logo\/image\/","url":"https:\/\/www.meydan.tv\/wp-content\/uploads\/2021\/07\/meydan-logo.svg","contentUrl":"https:\/\/www.meydan.tv\/wp-content\/uploads\/2021\/07\/meydan-logo.svg","width":195,"height":46,"caption":"Meydan TV"},"image":{"@id":"https:\/\/www.meydan.tv\/az\/#\/schema\/logo\/image\/"}},{"@type":"Person","@id":"https:\/\/www.meydan.tv\/az\/#\/schema\/person\/10d11eccf6da3662cf5fdab9806ea91a","name":"user-manager"}]}},"_links":{"self":[{"href":"https:\/\/www.meydan.tv\/az\/wp-json\/wp\/v2\/posts\/176419","targetHints":{"allow":["GET"]}}],"collection":[{"href":"https:\/\/www.meydan.tv\/az\/wp-json\/wp\/v2\/posts"}],"about":[{"href":"https:\/\/www.meydan.tv\/az\/wp-json\/wp\/v2\/types\/post"}],"author":[{"embeddable":true,"href":"https:\/\/www.meydan.tv\/az\/wp-json\/wp\/v2\/users\/11"}],"replies":[{"embeddable":true,"href":"https:\/\/www.meydan.tv\/az\/wp-json\/wp\/v2\/comments?post=176419"}],"version-history":[{"count":0,"href":"https:\/\/www.meydan.tv\/az\/wp-json\/wp\/v2\/posts\/176419\/revisions"}],"wp:featuredmedia":[{"embeddable":true,"href":"https:\/\/www.meydan.tv\/az\/wp-json\/wp\/v2\/media\/55611"}],"wp:attachment":[{"href":"https:\/\/www.meydan.tv\/az\/wp-json\/wp\/v2\/media?parent=176419"}],"wp:term":[{"taxonomy":"category","embeddable":true,"href":"https:\/\/www.meydan.tv\/az\/wp-json\/wp\/v2\/categories?post=176419"},{"taxonomy":"post_tag","embeddable":true,"href":"https:\/\/www.meydan.tv\/az\/wp-json\/wp\/v2\/tags?post=176419"}],"curies":[{"name":"wp","href":"https:\/\/api.w.org\/{rel}","templated":true}]}}