{"id":176373,"date":"2016-06-02T13:39:50","date_gmt":"2016-06-02T13:39:50","guid":{"rendered":"https:\/\/www.meydan.tv\/article\/rauf-mirqedirov-mesele-ondadir-ki-ateskes-limiti-bitib\/"},"modified":"2016-06-02T13:39:50","modified_gmt":"2016-06-02T13:39:50","slug":"rauf-mirqedirov-mesele-ondadir-ki-ateskes-limiti-bitib","status":"publish","type":"post","link":"https:\/\/www.meydan.tv\/az\/article\/rauf-mirqedirov-mesele-ondadir-ki-ateskes-limiti-bitib\/","title":{"rendered":"Rauf Mirq\u0259dirov: M\u0259s\u0259l\u0259 ondad\u0131r ki, at\u0259\u015fk\u0259s limiti bitib"},"content":{"rendered":"<figure class=\"wp-block-image size-large\">\n  <img decoding=\"async\" src=\"https:\/\/www.meydan.tv\/az\/59248\/\" alt=\"\" class=\"wp-image-59248\"\/><figcaption><\/figcaption><\/figure>\n<p>\n  <i><br \/>\n    &#8221;Beyn\u0259lxalq g\u00fccl\u0259rin &#8221;Qaraba\u011f m\u00fcnaqi\u015f\u0259sinin h\u0259rbi h\u0259lli yoxdur&#8221; a\u00e7\u0131qlamas\u0131 absurd ifad\u0259dir&#8221;<br \/>\n  <\/i><\/p>\n<p>  Son bir h\u0259ft\u0259d\u0259 Az\u0259rbaycan v\u0259 Erm\u0259nistan medias\u0131n\u0131n \u0259sas m\u00fczakir\u0259 m\u00f6vzusu bu ay prezidentl\u0259rin Vyanada g\u00f6zl\u0259nil\u0259n g\u00f6r\u00fc\u015f\u00fcd\u00fcr. Prezidentin k\u00f6m\u0259k\u00e7isi \u018fli H\u0259s\u0259nov da iyun g\u00f6r\u00fc\u015f\u00fcnd\u0259n m\u00fch\u00fcm q\u0259rarlar g\u00f6zl\u0259diyini gizl\u0259tm\u0259yib. O, AzTV-y\u0259 m\u00fcsahib\u0259sind\u0259 iyunda AT\u018fT-in Minsk Qrupunun h\u0259ms\u0259dr \u00f6lk\u0259l\u0259rind\u0259n Erm\u0259nistana ciddi t\u0259zyiq g\u00f6st\u0259rm\u0259l\u0259rini v\u0259 \u0130r\u0259van\u0131 konstruktiv m\u00f6vqey\u0259 m\u0259cbur ed\u0259c\u0259kl\u0259rini g\u00f6zl\u0259dikl\u0259rini bildirib: \u201cDan\u0131\u015f\u0131qlar m\u00fcsb\u0259t n\u0259tic\u0259 ver\u0259rs\u0259, t\u0259r\u0259fl\u0259r m\u00fcnaqi\u015f\u0259nin m\u0259rh\u0259l\u0259li h\u0259lli \u00fc\u00e7\u00fcn g\u00fcz\u0259\u015ft\u0259 ged\u0259c\u0259kl\u0259r. S\u00fclh dan\u0131\u015f\u0131qlar\u0131 n\u0259tic\u0259 verm\u0259zs\u0259, status-kvo aradan qald\u0131r\u0131lmazsa, m\u00fcharib\u0259 qa\u00e7\u0131lmazd\u0131r. Bunu b\u00fct\u00fcn beyn\u0259lxalq al\u0259m bilir. M\u00fcharib\u0259 ba\u015flayacaqsa, Az\u0259rbaycan \u00f6z torpaqlar\u0131n\u0131 q\u0131sa m\u00fcdd\u0259td\u0259 azad ed\u0259c\u0259k&#8221;.<\/p>\n<p>  AT\u018fT-in Minsk qrupunun amerikal\u0131 h\u0259ms\u0259dri Ceyms Uorlik may\u0131n 31-d\u0259 bildirib ki, Elmar M\u0259mm\u0259dyarovla AT\u018fT ara\u015fd\u0131rma mexanizminin yarad\u0131lmas\u0131 \u00fc\u00e7\u00fcn t\u0259klifl\u0259r bar\u0259d\u0259 fikir m\u00fcbadil\u0259si apar\u0131b v\u0259 h\u0259rt\u0259r\u0259fli s\u00fclh sazi\u015finin elementl\u0259rini m\u00fczakir\u0259 edibl\u0259r.<\/p>\n<figure class=\"wp-block-image size-large\">\n  <img decoding=\"async\" src=\"https:\/\/www.meydan.tv\/az\/ceyms-uorlik-3\/\" alt=\"Ceyms Uorlik\" class=\"wp-image-59251\"\/><figcaption>\n    Ceyms Uorlik<br \/>\n  <\/figcaption><\/figure>\n<p>\n  Diplomat h\u0259m\u00e7inin eyni m\u0259s\u0259l\u0259l\u0259ri m\u00fczakir\u0259 etm\u0259k \u00fc\u00e7\u00fcn Erm\u0259nistan xarici i\u015fl\u0259r naziri Edvard Nalbandyanla iyunun 2-d\u0259 Parisd\u0259 g\u00f6r\u00fc\u015f\u0259c\u0259yini deyib: \u201cPrezidentl\u0259rin n\u00f6vb\u0259ti g\u00f6r\u00fc\u015f\u00fc il\u0259 ba\u011fl\u0131 d\u0259qiq tarix olmasa da, bu g\u00f6r\u00fc\u015f\u00fcn iyunda ba\u015f tutaca\u011f\u0131n\u0131 g\u00f6zl\u0259yirik. Bu, at\u0259\u015fk\u0259sin m\u00f6hk\u0259ml\u0259ndirilm\u0259si, ara\u015fd\u0131rma mexanizminin h\u0259yata ke\u00e7irilm\u0259si il\u0259 ba\u011fl\u0131 raz\u0131la\u015fman\u0131n \u0259ld\u0259 olunmas\u0131, h\u0259rt\u0259r\u0259fli s\u00fclh sazi\u015fin\u0259 aparacaq dan\u0131\u015f\u0131qlara raz\u0131l\u0131q verilm\u0259si bax\u0131m\u0131ndan t\u0259r\u0259fl\u0259r \u00fc\u00e7\u00fcn \u00e7ox vacib g\u00f6r\u00fc\u015f olacaq. H\u0259ms\u0259drl\u0259r problemin s\u00fclh yolu il\u0259 davaml\u0131 h\u0259llin\u0259 nail olmaq \u00fc\u00e7\u00fcn t\u0259r\u0259fl\u0259rl\u0259 birlikd\u0259 s\u0259yl\u0259rini davam etdir\u0259c\u0259k\u201d.<\/p>\n<p>  \u0130yun g\u00f6r\u00fc\u015f\u00fc \u00f6nc\u0259si r\u0259smi \u015f\u0259xsl\u0259rin v\u0259 diplomatlar\u0131n b\u0259yanatlar\u0131n\u0131, o c\u00fcml\u0259d\u0259n, qar\u015f\u0131l\u0131ql\u0131 ittihamlar\u0131 Meydan TV-y\u0259 \u015f\u0259rh ed\u0259n siyasi \u015f\u0259rh\u00e7i Rauf Mirq\u0259dirov haz\u0131rki d\u00f6n\u0259md\u0259 \u0259sas m\u0259s\u0259l\u0259nin t\u0259r\u0259fl\u0259rin m\u0259qs\u0259dl\u0259rini anlamaqdan ibar\u0259t oldu\u011funu d\u00fc\u015f\u00fcn\u00fcr:\n<\/p>\n<p>\n  &#8220;Prinsipc\u0259, Amerika v\u0259 Rusiya \u00f6z maraqlar\u0131 \u00e7\u0259r\u00e7iv\u0259sind\u0259 v\u0259 m\u00fc\u0259yy\u0259n \u015f\u0259rtl\u0259r daxilind\u0259 Erm\u0259nistanla Az\u0259rbaycan aras\u0131nda s\u00fclh sazi\u015finin imzalanmas\u0131n\u0131n \u0259leyhin\u0259 deyill\u0259r. Sad\u0259c\u0259, problem odur ki, Va\u015finqtonla Moskvan\u0131n maraqlar\u0131 h\u0259mi\u015f\u0259 \u00fcst-\u00fcst\u0259 d\u00fc\u015fm\u00fcr. Onlar\u0131n m\u00fcnaqi\u015f\u0259nin h\u0259llin\u0259 bax\u0131\u015fda maraqlar \u00e7\u0259r\u00e7iv\u0259si bir q\u0259d\u0259r f\u0259rqlidir. Va\u015finqton v\u0259 Moskva m\u00fcnaqi\u015f\u0259nin \u00f6z maraqlar\u0131 \u00e7\u0259r\u00e7iv\u0259sind\u0259 h\u0259llinin qeyri-m\u00fcmk\u00fcnl\u00fcy\u00fcn\u00fc d\u0259rk ed\u0259nd\u0259, m\u00f6vcud status-kvonun saxlanmas\u0131n\u0131 daha d\u00fczg\u00fcn say\u0131rlar. Haz\u0131rda qeyri-m\u00fc\u0259yy\u0259nlik var v\u0259 he\u00e7 bir t\u0259r\u0259f m\u00fctl\u0259q \u00fcst\u00fcnl\u00fcy\u0259 malik deyil. M\u00fcnaqi\u015f\u0259nin h\u0259lli bu v\u0259 ya dig\u0259r d\u0259r\u0259c\u0259d\u0259 bu qeyri-m\u00fc\u0259yy\u0259nliyi aradan qald\u0131ra bil\u0259r. Ancaq h\u0259r iki t\u0259r\u0259f bu qeyri-m\u00fc\u0259yy\u0259nliyi \u00f6z xeyrin\u0259 g\u00f6t\u00fcrm\u0259k ist\u0259yir&#8221;.\n<\/p>\n<p>\n  R.Mirq\u0259dirov d\u00fc\u015f\u00fcn\u00fcr ki, haz\u0131rda Az\u0259rbaycan v\u0259 Erm\u0259nistan\u0131n maraqlar\u0131 bir q\u0259d\u0259r f\u0259rqlidir: &#8220;\u018fg\u0259r uzunm\u00fcdd\u0259tli perspektiv\u0259 n\u0259z\u0259r salsaq, iki respublikan\u0131n maraqlar\u0131 prinsipc\u0259 \u00fcst-\u00fcst\u0259 d\u00fc\u015f\u00fcr. \u00c7\u00fcnki h\u0259r iki t\u0259r\u0259f \u00f6z\u00fcn\u00fcn inki\u015faf\u0131n\u0131 \u0259sas g\u00f6t\u00fcr\u00fcb m\u00fcnaqi\u015f\u0259nin tezlikl\u0259 h\u0259llind\u0259 maraql\u0131 olmal\u0131d\u0131r. M\u0259s\u0259l\u0259 ondad\u0131r ki, m\u00fcnaqi\u015f\u0259nin uzanmas\u0131 h\u0259r iki respublikaya b\u00f6y\u00fck g\u00fccl\u0259rin t\u0259sir imkanlar\u0131n\u0131 art\u0131r\u0131r, onlar\u0131n xarici siyas\u0259td\u0259 \u00f6z maraqlar\u0131 \u00e7\u0259r\u00e7iv\u0259sind\u0259 h\u0259r\u0259k\u0259t imkanlar\u0131n\u0131 is\u0259 m\u0259hdudla\u015fd\u0131r\u0131r. Bu bax\u0131mdan orta v\u0259 uzunm\u00fcdd\u0259tli perspektiv \u00fc\u00e7\u00fcn Az\u0259rbaycan v\u0259 Erm\u0259nistana m\u00fcnaqi\u015f\u0259nin tezlikl\u0259 h\u0259lli daha vacibdir. \u0130ndi is\u0259 q\u0131sa v\u0259 qism\u0259n orta perspektiv g\u00fcnd\u0259m\u0259 \u00e7\u0131x\u0131b. H\u0259m d\u0259 Az\u0259rbaycan \u00fc\u00e7\u00fcn m\u00fcnaqi\u015f\u0259nin tezlikl\u0259 h\u0259lli, \u0259n az\u0131ndan h\u0259lli trendl\u0259rinin m\u00fc\u0259yy\u0259nl\u0259\u015fm\u0259si \u00e7ox laz\u0131md\u0131r. Erm\u0259nistanda is\u0259 v\u0259ziyy\u0259t bir az f\u0259rqlidir, onlar\u0131n i\u015f\u011fal olunmu\u015f \u0259razil\u0259ri bo\u015faltmaq problemi var. Bu, daxili siyas\u0259td\u0259 h\u0259mi\u015f\u0259 spekulyasiya predmetin\u0259 \u00e7evril\u0259c\u0259k. Y\u0259ni Az\u0259rbaycan m\u00fcnaqi\u015f\u0259nin h\u0259lli y\u00f6n\u00fcnd\u0259 n\u0259s\u0259 ald\u0259 etm\u0259lidirs\u0259, Erm\u0259nistan n\u0259s\u0259 itirm\u0259lidir, \u00f6z\u00fcn\u00fcn olmad\u0131\u011f\u0131 \u015feyl\u0259ri. M\u0259s\u0259l\u0259 ondad\u0131r ki, Erm\u0259nistan Da\u011fl\u0131q Qaraba\u011f \u0259traf\u0131 rayonlar\u0131n\u0131 i\u015f\u011fal n\u0259tic\u0259sind\u0259 \u0259ld\u0259 edib. Bu halda \u0259g\u0259r beyn\u0259lxalq g\u00fccl\u0259r birinci m\u0259rh\u0259l\u0259d\u0259 etimad t\u0259dbirl\u0259rini \u00f6n plana \u00e7\u0259k\u0259 bils\u0259l\u0259r, ikinci m\u0259rh\u0259l\u0259d\u0259 is\u0259 m\u00fcnaqi\u015f\u0259nin h\u0259lli yollar\u0131n\u0131n ara\u015fd\u0131r\u0131lmas\u0131 v\u0259 tap\u0131lmas\u0131 qoyularsa, biz uduzaca\u011f\u0131q. \u00c7\u00fcnki m\u00fcnaqi\u015f\u0259nin siyasi h\u0259lli yolu tap\u0131lmadan h\u0259r hans\u0131 etimad t\u0259dbirl\u0259ri n\u0259tic\u0259 etibar\u0131yla m\u00f6vcud status-kvonun qorunmas\u0131na xidm\u0259t edir. Ona g\u00f6r\u0259 d\u0259 Az\u0259rbaycan etimad t\u0259dbirl\u0259rinin m\u00fcnaqi\u015f\u0259nin siyasi h\u0259lli prosesil\u0259 paralel getm\u0259sin\u0259 \u00e7al\u0131\u015fmal\u0131d\u0131r&#8221;. Ekspert d\u00fc\u015f\u00fcn\u00fcr ki, dan\u0131\u015f\u0131qlar\u0131n indiki m\u0259rh\u0259l\u0259sind\u0259 r\u0259smi Bak\u0131 daha \u00e7ox bunun \u00fcz\u0259rind\u0259 dayanmal\u0131 v\u0259 onlar\u0131 bir-birind\u0259n ay\u0131rmamal\u0131d\u0131r: &#8220;Amma Rusiya v\u0259 b\u0259zi q\u0259rb ekspertl\u0259ri \u0259ksini d\u00fc\u015f\u00fcn\u00fcr. Onlar fikirl\u0259\u015fir ki, etimad t\u0259dbirl\u0259ri olmadan m\u00fcnaqi\u015f\u0259nin siyasi h\u0259lli yolu m\u00fcmk\u00fcn deyil. \u018fslind\u0259, m\u00fcnaqi\u015f\u0259nin h\u0259lli yollar\u0131n\u0131n istiqam\u0259tl\u0259nm\u0259si yolunda at\u0131lan add\u0131mlar etimad\u0131n g\u00fccl\u0259nm\u0259sin\u0259 g\u0259tirm\u0259lidir. Sual da bel\u0259 qoyulmad\u0131r: he\u00e7 bir siyasi h\u0259ll yollar\u0131n\u0131 g\u00f6rm\u0259d\u0259n hans\u0131 qar\u015f\u0131l\u0131ql\u0131 etimaddan s\u00f6hb\u0259t ged\u0259 bil\u0259r? Bunun n\u0259tic\u0259sind\u0259 Da\u011fl\u0131q Qaraba\u011f\u0131n statusunun h\u0259llin\u0259 g\u0259l\u0259 bil\u0259rik. Hans\u0131 h\u0259ll olacaq, bu, art\u0131q sonrak\u0131 i\u015fdir.\n<\/p>\n<figure class=\"wp-block-image size-large\">\n  <img decoding=\"async\" src=\"https:\/\/www.meydan.tv\/az\/59254\/\" alt=\"\" class=\"wp-image-59254\"\/><figcaption>\n    Rauf Mirq\u0259dirov<br \/>\n  <\/figcaption><\/figure>\n<p>\n  Siyasi \u015f\u0259rh\u00e7i t\u0259\u0259ss\u00fcfl\u0259nir ki, r\u0259smi Bak\u0131 BMT T\u015e-nin 4 q\u0259tnam\u0259sini xat\u0131rladanda, yaln\u0131z \u0259razil\u0259rin azad olunmas\u0131ndan dan\u0131\u015f\u0131r. Ancaq h\u0259min q\u0259tnam\u0259l\u0259rd\u0259 b\u00fct\u00fcn etimad t\u0259dbirl\u0259ri n\u0259z\u0259rd\u0259 tutulub&#8221;.\n<\/p>\n<p>\n  R.Mirq\u0259dirov \u018f.H\u0259s\u0259novun \u201cS\u00fclh dan\u0131\u015f\u0131qlar\u0131 n\u0259tic\u0259 verm\u0259zs\u0259, status-kvo aradan qald\u0131r\u0131lmazsa, m\u00fcharib\u0259 qa\u00e7\u0131lmazd\u0131r\u201d a\u00e7\u0131qlamas\u0131n\u0131 bel\u0259 \u015f\u0259rh etdi: \u201cG\u00fcc\u00fcn t\u0259tbiqi m\u00fcnaqi\u015f\u0259l\u0259rin h\u0259llind\u0259 h\u0259mi\u015f\u0259 vasit\u0259 olub, n\u0259tic\u0259 etibar\u0131yla h\u0259r \u015fey diplomatlar\u0131n vasit\u0259sil\u0259 beyn\u0259lxalq h\u00fcquq \u00e7\u0259r\u00e7iv\u0259sin\u0259 sal\u0131n\u0131r. Ona g\u00f6r\u0259 beyn\u0259lxalq g\u00fccl\u0259rin \u201cQaraba\u011f m\u00fcnaqi\u015f\u0259sinin h\u0259rbi h\u0259lli yoxdur\u201d a\u00e7\u0131qlamas\u0131 absurd ifad\u0259dir. \u015e\u0259raitd\u0259n as\u0131l\u0131 olaraq Az\u0259rbaycan bu v\u0259 ya dig\u0259r vasit\u0259l\u0259rd\u0259n istifad\u0259 d\u0259 ed\u0259 bil\u0259r. Do\u011frudan da, yax\u0131n vaxtlarda add\u0131m at\u0131lmazsa, m\u00fcnaqi\u015f\u0259nin q\u0131z\u0131\u015fmas\u0131 qa\u00e7\u0131lmazd\u0131r. M\u0259s\u0259l\u0259 ondad\u0131r ki, at\u0259\u015fk\u0259s limiti bitib. Amma bu halda iki amili ciddi n\u0259z\u0259r\u0259 almal\u0131y\u0131q, birinci: Az\u0259rbaycan-Erm\u0259nistan q\u00fcvv\u0259l\u0259r nisb\u0259tind\u0259ki ger\u00e7\u0259klikdir ki, bizim \u00fcst\u00fcnl\u00fcy\u00fcm\u00fcz \u015f\u00fcbh\u0259sizdir. Bura maliyy\u0259, insan, h\u0259rbi resurslar daxildir. Bundan daha ciddi ikinci amildir, xarici g\u00fccl\u0259r. Bu haqda dan\u0131\u015fanda, ilk n\u00f6vb\u0259d\u0259, Rusiya amilini n\u0259z\u0259r\u0259 almal\u0131y\u0131q. Rusiya regionda yegan\u0259 h\u0259rbi-siyasi m\u00f6vcudlu\u011fu olan g\u00fccd\u00fcr. \u018fg\u0259r hakimiyy\u0259t Rusiyan\u0131n \u0259n az\u0131ndan neytral qalmas\u0131n\u0131 t\u0259min ed\u0259c\u0259k add\u0131mlar at\u0131bsa v\u0259 bu add\u0131mlar\u0131n n\u0259tic\u0259si Az\u0259rbaycan\u0131n uzunm\u00fcdd\u0259tli strateji maraqlar\u0131na zidd deyils\u0259, o zaman h\u0259rbi g\u00fccd\u0259n istifad\u0259 etm\u0259k olar. \u018fks t\u0259qdird\u0259, g\u00fccd\u0259n istifad\u0259 Rusiyan\u0131n m\u00fcnaqi\u015f\u0259y\u0259 m\u00fcdaxil\u0259sin\u0259 g\u0259tir\u0259c\u0259k, bunun n\u0259tic\u0259l\u0259ri is\u0259 \u00e7ox ac\u0131nacaql\u0131 ola bil\u0259r. \u00c7\u00fcnki regionda Rusiyan\u0131n h\u0259rbi m\u00fcdaxil\u0259sin\u0259 mane olacaq ba\u015fqa h\u0259rbi g\u00fcc yoxdur, biz bunu n\u0259z\u0259r\u0259 almal\u0131y\u0131q. Rusiyan\u0131n h\u0259rbi m\u00fcdaxil\u0259sinin qar\u015f\u0131s\u0131n\u0131 alma\u011f\u0131n iki yolu var. Birincisi, Moskvayla dil tapmal\u0131y\u0131q, bu is\u0259 Az\u0259rbaycan\u0131n milli maraqlar\u0131na zidd add\u0131mlardan ke\u00e7ir. \u0130nanmaq ist\u0259m\u0259zdim ki, Az\u0259rbaycan buna getsin. \u0130kinci yol regionda Rusiyan\u0131n h\u0259rbi g\u00fcc\u00fcn\u00fc neytralla\u015fd\u0131ra bil\u0259c\u0259k dig\u0259r h\u0259rbi-siyasi m\u00f6vcudiyy\u0259ti yaratmaqd\u0131r. Bu is\u0259 NATO v\u0259 T\u00fcrkiy\u0259 ola bil\u0259r\u201d.<\/p>\n","protected":false},"excerpt":{"rendered":"<p>&#8221;Beyn\u0259lxalq g\u00fccl\u0259rin &#8221;Qaraba\u011f m\u00fcnaqi\u015f\u0259sinin h\u0259rbi h\u0259lli yoxdur&#8221; a\u00e7\u0131qlamas\u0131 absurd ifad\u0259dir&#8221;<\/p>\n","protected":false},"author":11,"featured_media":59248,"comment_status":"closed","ping_status":"open","sticky":false,"template":"","format":"standard","meta":{"_acf_changed":false,"_sitemap_exclude":false,"_sitemap_priority":"","_sitemap_frequency":"","footnotes":""},"categories":[51],"tags":[],"class_list":["post-176373","post","type-post","status-publish","format-standard","has-post-thumbnail","hentry","category-analitika","infinite-scroll-item","generate-columns","tablet-grid-50","mobile-grid-100","grid-parent","grid-33","no-featured-image-padding"],"acf":[],"yoast_head":"<!-- This site is optimized with the Yoast SEO plugin v27.5 - https:\/\/yoast.com\/product\/yoast-seo-wordpress\/ -->\n<title>Rauf Mirq\u0259dirov: M\u0259s\u0259l\u0259 ondad\u0131r ki, at\u0259\u015fk\u0259s limiti bitib - MEYDAN.TV<\/title>\n<meta name=\"robots\" content=\"index, follow, max-snippet:-1, max-image-preview:large, max-video-preview:-1\" \/>\n<link rel=\"canonical\" href=\"https:\/\/www.meydan.tv\/az\/article\/rauf-mirqedirov-mesele-ondadir-ki-ateskes-limiti-bitib\/\" \/>\n<meta property=\"og:locale\" content=\"az_AZ\" \/>\n<meta property=\"og:type\" content=\"article\" \/>\n<meta property=\"og:title\" content=\"Rauf Mirq\u0259dirov: M\u0259s\u0259l\u0259 ondad\u0131r ki, at\u0259\u015fk\u0259s limiti bitib - MEYDAN.TV\" \/>\n<meta property=\"og:description\" content=\"&#039;&#039;Beyn\u0259lxalq g\u00fccl\u0259rin &#039;&#039;Qaraba\u011f m\u00fcnaqi\u015f\u0259sinin h\u0259rbi h\u0259lli yoxdur&#039;&#039; a\u00e7\u0131qlamas\u0131 absurd ifad\u0259dir&#039;&#039;\" \/>\n<meta property=\"og:url\" content=\"https:\/\/www.meydan.tv\/az\/article\/rauf-mirqedirov-mesele-ondadir-ki-ateskes-limiti-bitib\/\" \/>\n<meta property=\"og:site_name\" content=\"MEYDAN.TV\" \/>\n<meta property=\"article:published_time\" content=\"2016-06-02T13:39:50+00:00\" \/>\n<meta property=\"og:image\" content=\"https:\/\/www.meydan.tv\/wp-content\/uploads\/22522.jpg\" \/>\n\t<meta property=\"og:image:width\" content=\"768\" \/>\n\t<meta property=\"og:image:height\" content=\"493\" \/>\n\t<meta property=\"og:image:type\" content=\"image\/jpeg\" \/>\n<meta name=\"author\" content=\"user-manager\" \/>\n<meta name=\"twitter:card\" content=\"summary_large_image\" \/>\n<script type=\"application\/ld+json\" class=\"yoast-schema-graph\">{\"@context\":\"https:\\\/\\\/schema.org\",\"@graph\":[{\"@type\":\"Article\",\"@id\":\"https:\\\/\\\/www.meydan.tv\\\/az\\\/article\\\/rauf-mirqedirov-mesele-ondadir-ki-ateskes-limiti-bitib\\\/#article\",\"isPartOf\":{\"@id\":\"https:\\\/\\\/www.meydan.tv\\\/az\\\/article\\\/rauf-mirqedirov-mesele-ondadir-ki-ateskes-limiti-bitib\\\/\"},\"author\":{\"name\":\"user-manager\",\"@id\":\"https:\\\/\\\/www.meydan.tv\\\/az\\\/#\\\/schema\\\/person\\\/10d11eccf6da3662cf5fdab9806ea91a\"},\"headline\":\"Rauf Mirq\u0259dirov: M\u0259s\u0259l\u0259 ondad\u0131r ki, at\u0259\u015fk\u0259s limiti bitib\",\"datePublished\":\"2016-06-02T13:39:50+00:00\",\"mainEntityOfPage\":{\"@id\":\"https:\\\/\\\/www.meydan.tv\\\/az\\\/article\\\/rauf-mirqedirov-mesele-ondadir-ki-ateskes-limiti-bitib\\\/\"},\"wordCount\":1593,\"publisher\":{\"@id\":\"https:\\\/\\\/www.meydan.tv\\\/az\\\/#organization\"},\"image\":{\"@id\":\"https:\\\/\\\/www.meydan.tv\\\/az\\\/article\\\/rauf-mirqedirov-mesele-ondadir-ki-ateskes-limiti-bitib\\\/#primaryimage\"},\"thumbnailUrl\":\"https:\\\/\\\/www.meydan.tv\\\/wp-content\\\/uploads\\\/22522.jpg\",\"articleSection\":[\"Analitika\"],\"inLanguage\":\"az\"},{\"@type\":\"WebPage\",\"@id\":\"https:\\\/\\\/www.meydan.tv\\\/az\\\/article\\\/rauf-mirqedirov-mesele-ondadir-ki-ateskes-limiti-bitib\\\/\",\"url\":\"https:\\\/\\\/www.meydan.tv\\\/az\\\/article\\\/rauf-mirqedirov-mesele-ondadir-ki-ateskes-limiti-bitib\\\/\",\"name\":\"Rauf Mirq\u0259dirov: M\u0259s\u0259l\u0259 ondad\u0131r ki, at\u0259\u015fk\u0259s limiti bitib - MEYDAN.TV\",\"isPartOf\":{\"@id\":\"https:\\\/\\\/www.meydan.tv\\\/az\\\/#website\"},\"primaryImageOfPage\":{\"@id\":\"https:\\\/\\\/www.meydan.tv\\\/az\\\/article\\\/rauf-mirqedirov-mesele-ondadir-ki-ateskes-limiti-bitib\\\/#primaryimage\"},\"image\":{\"@id\":\"https:\\\/\\\/www.meydan.tv\\\/az\\\/article\\\/rauf-mirqedirov-mesele-ondadir-ki-ateskes-limiti-bitib\\\/#primaryimage\"},\"thumbnailUrl\":\"https:\\\/\\\/www.meydan.tv\\\/wp-content\\\/uploads\\\/22522.jpg\",\"datePublished\":\"2016-06-02T13:39:50+00:00\",\"breadcrumb\":{\"@id\":\"https:\\\/\\\/www.meydan.tv\\\/az\\\/article\\\/rauf-mirqedirov-mesele-ondadir-ki-ateskes-limiti-bitib\\\/#breadcrumb\"},\"inLanguage\":\"az\",\"potentialAction\":[{\"@type\":\"ReadAction\",\"target\":[\"https:\\\/\\\/www.meydan.tv\\\/az\\\/article\\\/rauf-mirqedirov-mesele-ondadir-ki-ateskes-limiti-bitib\\\/\"]}]},{\"@type\":\"ImageObject\",\"inLanguage\":\"az\",\"@id\":\"https:\\\/\\\/www.meydan.tv\\\/az\\\/article\\\/rauf-mirqedirov-mesele-ondadir-ki-ateskes-limiti-bitib\\\/#primaryimage\",\"url\":\"https:\\\/\\\/www.meydan.tv\\\/wp-content\\\/uploads\\\/22522.jpg\",\"contentUrl\":\"https:\\\/\\\/www.meydan.tv\\\/wp-content\\\/uploads\\\/22522.jpg\",\"width\":768,\"height\":493,\"caption\":\"Source:\"},{\"@type\":\"BreadcrumbList\",\"@id\":\"https:\\\/\\\/www.meydan.tv\\\/az\\\/article\\\/rauf-mirqedirov-mesele-ondadir-ki-ateskes-limiti-bitib\\\/#breadcrumb\",\"itemListElement\":[{\"@type\":\"ListItem\",\"position\":1,\"name\":\"Ana s\u0259hif\u0259\",\"item\":\"https:\\\/\\\/www.meydan.tv\\\/az\\\/\"},{\"@type\":\"ListItem\",\"position\":2,\"name\":\"Analitika\",\"item\":\"https:\\\/\\\/www.meydan.tv\\\/az\\\/section\\\/analitika\\\/\"},{\"@type\":\"ListItem\",\"position\":3,\"name\":\"Rauf Mirq\u0259dirov: M\u0259s\u0259l\u0259 ondad\u0131r ki, at\u0259\u015fk\u0259s limiti bitib\"}]},{\"@type\":\"WebSite\",\"@id\":\"https:\\\/\\\/www.meydan.tv\\\/az\\\/#website\",\"url\":\"https:\\\/\\\/www.meydan.tv\\\/az\\\/\",\"name\":\"MEYDAN.TV\",\"description\":\"Meydan TV Az\u0259rbaycan\u0131n media m\u0259kan\u0131ndak\u0131 alternativ s\u0259sidir\",\"publisher\":{\"@id\":\"https:\\\/\\\/www.meydan.tv\\\/az\\\/#organization\"},\"potentialAction\":[{\"@type\":\"SearchAction\",\"target\":{\"@type\":\"EntryPoint\",\"urlTemplate\":\"https:\\\/\\\/www.meydan.tv\\\/az\\\/?s={search_term_string}\"},\"query-input\":{\"@type\":\"PropertyValueSpecification\",\"valueRequired\":true,\"valueName\":\"search_term_string\"}}],\"inLanguage\":\"az\"},{\"@type\":\"Organization\",\"@id\":\"https:\\\/\\\/www.meydan.tv\\\/az\\\/#organization\",\"name\":\"Meydan TV\",\"url\":\"https:\\\/\\\/www.meydan.tv\\\/az\\\/\",\"logo\":{\"@type\":\"ImageObject\",\"inLanguage\":\"az\",\"@id\":\"https:\\\/\\\/www.meydan.tv\\\/az\\\/#\\\/schema\\\/logo\\\/image\\\/\",\"url\":\"https:\\\/\\\/www.meydan.tv\\\/wp-content\\\/uploads\\\/2021\\\/07\\\/meydan-logo.svg\",\"contentUrl\":\"https:\\\/\\\/www.meydan.tv\\\/wp-content\\\/uploads\\\/2021\\\/07\\\/meydan-logo.svg\",\"width\":195,\"height\":46,\"caption\":\"Meydan TV\"},\"image\":{\"@id\":\"https:\\\/\\\/www.meydan.tv\\\/az\\\/#\\\/schema\\\/logo\\\/image\\\/\"}},{\"@type\":\"Person\",\"@id\":\"https:\\\/\\\/www.meydan.tv\\\/az\\\/#\\\/schema\\\/person\\\/10d11eccf6da3662cf5fdab9806ea91a\",\"name\":\"user-manager\"}]}<\/script>\n<!-- \/ Yoast SEO plugin. -->","yoast_head_json":{"title":"Rauf Mirq\u0259dirov: M\u0259s\u0259l\u0259 ondad\u0131r ki, at\u0259\u015fk\u0259s limiti bitib - MEYDAN.TV","robots":{"index":"index","follow":"follow","max-snippet":"max-snippet:-1","max-image-preview":"max-image-preview:large","max-video-preview":"max-video-preview:-1"},"canonical":"https:\/\/www.meydan.tv\/az\/article\/rauf-mirqedirov-mesele-ondadir-ki-ateskes-limiti-bitib\/","og_locale":"az_AZ","og_type":"article","og_title":"Rauf Mirq\u0259dirov: M\u0259s\u0259l\u0259 ondad\u0131r ki, at\u0259\u015fk\u0259s limiti bitib - MEYDAN.TV","og_description":"''Beyn\u0259lxalq g\u00fccl\u0259rin ''Qaraba\u011f m\u00fcnaqi\u015f\u0259sinin h\u0259rbi h\u0259lli yoxdur'' a\u00e7\u0131qlamas\u0131 absurd ifad\u0259dir''","og_url":"https:\/\/www.meydan.tv\/az\/article\/rauf-mirqedirov-mesele-ondadir-ki-ateskes-limiti-bitib\/","og_site_name":"MEYDAN.TV","article_published_time":"2016-06-02T13:39:50+00:00","og_image":[{"width":768,"height":493,"url":"https:\/\/www.meydan.tv\/wp-content\/uploads\/22522.jpg","type":"image\/jpeg"}],"author":"user-manager","twitter_card":"summary_large_image","schema":{"@context":"https:\/\/schema.org","@graph":[{"@type":"Article","@id":"https:\/\/www.meydan.tv\/az\/article\/rauf-mirqedirov-mesele-ondadir-ki-ateskes-limiti-bitib\/#article","isPartOf":{"@id":"https:\/\/www.meydan.tv\/az\/article\/rauf-mirqedirov-mesele-ondadir-ki-ateskes-limiti-bitib\/"},"author":{"name":"user-manager","@id":"https:\/\/www.meydan.tv\/az\/#\/schema\/person\/10d11eccf6da3662cf5fdab9806ea91a"},"headline":"Rauf Mirq\u0259dirov: M\u0259s\u0259l\u0259 ondad\u0131r ki, at\u0259\u015fk\u0259s limiti bitib","datePublished":"2016-06-02T13:39:50+00:00","mainEntityOfPage":{"@id":"https:\/\/www.meydan.tv\/az\/article\/rauf-mirqedirov-mesele-ondadir-ki-ateskes-limiti-bitib\/"},"wordCount":1593,"publisher":{"@id":"https:\/\/www.meydan.tv\/az\/#organization"},"image":{"@id":"https:\/\/www.meydan.tv\/az\/article\/rauf-mirqedirov-mesele-ondadir-ki-ateskes-limiti-bitib\/#primaryimage"},"thumbnailUrl":"https:\/\/www.meydan.tv\/wp-content\/uploads\/22522.jpg","articleSection":["Analitika"],"inLanguage":"az"},{"@type":"WebPage","@id":"https:\/\/www.meydan.tv\/az\/article\/rauf-mirqedirov-mesele-ondadir-ki-ateskes-limiti-bitib\/","url":"https:\/\/www.meydan.tv\/az\/article\/rauf-mirqedirov-mesele-ondadir-ki-ateskes-limiti-bitib\/","name":"Rauf Mirq\u0259dirov: M\u0259s\u0259l\u0259 ondad\u0131r ki, at\u0259\u015fk\u0259s limiti bitib - MEYDAN.TV","isPartOf":{"@id":"https:\/\/www.meydan.tv\/az\/#website"},"primaryImageOfPage":{"@id":"https:\/\/www.meydan.tv\/az\/article\/rauf-mirqedirov-mesele-ondadir-ki-ateskes-limiti-bitib\/#primaryimage"},"image":{"@id":"https:\/\/www.meydan.tv\/az\/article\/rauf-mirqedirov-mesele-ondadir-ki-ateskes-limiti-bitib\/#primaryimage"},"thumbnailUrl":"https:\/\/www.meydan.tv\/wp-content\/uploads\/22522.jpg","datePublished":"2016-06-02T13:39:50+00:00","breadcrumb":{"@id":"https:\/\/www.meydan.tv\/az\/article\/rauf-mirqedirov-mesele-ondadir-ki-ateskes-limiti-bitib\/#breadcrumb"},"inLanguage":"az","potentialAction":[{"@type":"ReadAction","target":["https:\/\/www.meydan.tv\/az\/article\/rauf-mirqedirov-mesele-ondadir-ki-ateskes-limiti-bitib\/"]}]},{"@type":"ImageObject","inLanguage":"az","@id":"https:\/\/www.meydan.tv\/az\/article\/rauf-mirqedirov-mesele-ondadir-ki-ateskes-limiti-bitib\/#primaryimage","url":"https:\/\/www.meydan.tv\/wp-content\/uploads\/22522.jpg","contentUrl":"https:\/\/www.meydan.tv\/wp-content\/uploads\/22522.jpg","width":768,"height":493,"caption":"Source:"},{"@type":"BreadcrumbList","@id":"https:\/\/www.meydan.tv\/az\/article\/rauf-mirqedirov-mesele-ondadir-ki-ateskes-limiti-bitib\/#breadcrumb","itemListElement":[{"@type":"ListItem","position":1,"name":"Ana s\u0259hif\u0259","item":"https:\/\/www.meydan.tv\/az\/"},{"@type":"ListItem","position":2,"name":"Analitika","item":"https:\/\/www.meydan.tv\/az\/section\/analitika\/"},{"@type":"ListItem","position":3,"name":"Rauf Mirq\u0259dirov: M\u0259s\u0259l\u0259 ondad\u0131r ki, at\u0259\u015fk\u0259s limiti bitib"}]},{"@type":"WebSite","@id":"https:\/\/www.meydan.tv\/az\/#website","url":"https:\/\/www.meydan.tv\/az\/","name":"MEYDAN.TV","description":"Meydan TV Az\u0259rbaycan\u0131n media m\u0259kan\u0131ndak\u0131 alternativ s\u0259sidir","publisher":{"@id":"https:\/\/www.meydan.tv\/az\/#organization"},"potentialAction":[{"@type":"SearchAction","target":{"@type":"EntryPoint","urlTemplate":"https:\/\/www.meydan.tv\/az\/?s={search_term_string}"},"query-input":{"@type":"PropertyValueSpecification","valueRequired":true,"valueName":"search_term_string"}}],"inLanguage":"az"},{"@type":"Organization","@id":"https:\/\/www.meydan.tv\/az\/#organization","name":"Meydan TV","url":"https:\/\/www.meydan.tv\/az\/","logo":{"@type":"ImageObject","inLanguage":"az","@id":"https:\/\/www.meydan.tv\/az\/#\/schema\/logo\/image\/","url":"https:\/\/www.meydan.tv\/wp-content\/uploads\/2021\/07\/meydan-logo.svg","contentUrl":"https:\/\/www.meydan.tv\/wp-content\/uploads\/2021\/07\/meydan-logo.svg","width":195,"height":46,"caption":"Meydan TV"},"image":{"@id":"https:\/\/www.meydan.tv\/az\/#\/schema\/logo\/image\/"}},{"@type":"Person","@id":"https:\/\/www.meydan.tv\/az\/#\/schema\/person\/10d11eccf6da3662cf5fdab9806ea91a","name":"user-manager"}]}},"_links":{"self":[{"href":"https:\/\/www.meydan.tv\/az\/wp-json\/wp\/v2\/posts\/176373","targetHints":{"allow":["GET"]}}],"collection":[{"href":"https:\/\/www.meydan.tv\/az\/wp-json\/wp\/v2\/posts"}],"about":[{"href":"https:\/\/www.meydan.tv\/az\/wp-json\/wp\/v2\/types\/post"}],"author":[{"embeddable":true,"href":"https:\/\/www.meydan.tv\/az\/wp-json\/wp\/v2\/users\/11"}],"replies":[{"embeddable":true,"href":"https:\/\/www.meydan.tv\/az\/wp-json\/wp\/v2\/comments?post=176373"}],"version-history":[{"count":0,"href":"https:\/\/www.meydan.tv\/az\/wp-json\/wp\/v2\/posts\/176373\/revisions"}],"wp:featuredmedia":[{"embeddable":true,"href":"https:\/\/www.meydan.tv\/az\/wp-json\/wp\/v2\/media\/59248"}],"wp:attachment":[{"href":"https:\/\/www.meydan.tv\/az\/wp-json\/wp\/v2\/media?parent=176373"}],"wp:term":[{"taxonomy":"category","embeddable":true,"href":"https:\/\/www.meydan.tv\/az\/wp-json\/wp\/v2\/categories?post=176373"},{"taxonomy":"post_tag","embeddable":true,"href":"https:\/\/www.meydan.tv\/az\/wp-json\/wp\/v2\/tags?post=176373"}],"curies":[{"name":"wp","href":"https:\/\/api.w.org\/{rel}","templated":true}]}}