{"id":176360,"date":"2016-06-01T22:25:32","date_gmt":"2016-06-01T22:25:32","guid":{"rendered":"https:\/\/www.meydan.tv\/article\/abs-in-indiki-liderleri-putinin-eline-su-tokmeye-deymez\/"},"modified":"2016-06-01T22:25:32","modified_gmt":"2016-06-01T22:25:32","slug":"abs-in-indiki-liderleri-putinin-eline-su-tokmeye-deymez","status":"publish","type":"post","link":"https:\/\/www.meydan.tv\/az\/article\/abs-in-indiki-liderleri-putinin-eline-su-tokmeye-deymez\/","title":{"rendered":"&#8221;AB\u015e-\u0131n indiki liderl\u0259ri Putinin \u0259lin\u0259 su t\u00f6km\u0259y\u0259 d\u0259ym\u0259z&#8221;"},"content":{"rendered":"<p>\n  <i><br \/>\n    Ramiz Mehdiyev yen\u0259 Q\u0259rbi t\u0259nqid edir<br \/>\n  <\/i>\n<\/p>\n<p>\n  Prezident Administrasiyas\u0131n\u0131n r\u0259hb\u0259ri Ramiz Mehdiyev Q\u0259rbin \u00fcnvan\u0131na k\u0259skin t\u0259nqid v\u0259 ittihamlarla dolu n\u00f6vb\u0259ti m\u0259qal\u0259 d\u0259rc etdirib.\n<\/p>\n<p>\n  1news.az sayt\u0131nda d\u0259rc edil\u0259n\u00a0 \u201cQloballa\u015fma \u015f\u0259raitind\u0259 g\u00fccl\u00fc Az\u0259rbaycan d\u00f6vl\u0259ti milli ideyan\u0131n t\u0259sviri kimi\u201d adl\u0131 m\u0259qal\u0259 R. Mehdiyevin g\u0259l\u0259c\u0259k kitab\u0131n\u0131n ba\u015fl\u0131\u011f\u0131d\u0131r.\n<\/p>\n<p>\n  R.Mehdiyev\u0259 g\u00f6r\u0259, Az\u0259rbaycan g\u00fccl\u00fc d\u00f6vl\u0259t formala\u015fd\u0131rmaqla \u00f6z suverenliyini Q\u0259rbin m\u0259nfi t\u0259sirind\u0259n qoruya bil\u0259r. Yaln\u0131z bu yolla Q\u0259rbin \u201cd\u00fcnya h\u00f6kmranl\u0131\u011f\u0131 yaratmaq\u201d\u00a0 c\u0259hdl\u0259rinin qar\u015f\u0131s\u0131n\u0131 almaq olar.\n<\/p>\n<p>\n  Onun fikrinc\u0259, d\u00fcnyada iki konseptual ideya aras\u0131nda qar\u015f\u0131durma var: bir t\u0259r\u0259fd\u0259n bunlar qloballa\u015fma (neoliberalistl\u0259r) t\u0259r\u0259fdarlar\u0131d\u0131r ki, milli s\u0259rh\u0259dl\u0259rin sililm\u0259si v\u0259 d\u00f6vl\u0259t m\u00fcst\u0259qilliyinin pozulmas\u0131 \u00fczr\u0259 i\u015fl\u0259r apar\u0131rlar; dig\u0259r t\u0259r\u0259fd\u0259n is\u0259 bunlar suveren d\u00f6vl\u0259tl\u0259rin onlar\u0131n \u00f6z \u0259razi b\u00fct\u00f6vl\u00fcy\u00fc \u00e7\u0259r\u00e7iv\u0259sind\u0259 m\u00f6vcudlu\u011funa obyektiv qanunauy\u011funluq kimi bax\u0131rlar.\n<\/p>\n<p>\n  R.Mehdiyev \u00fcst\u00fcnl\u00fcy\u00fc ikinci m\u00f6vqey\u0259 verdiyini gizl\u0259tmir.\n<\/p>\n<p>\n  Onun fikrinc\u0259, \u201cd\u00f6vl\u0259tl\u0259rin suverenliyinin pozulmas\u0131nda\u201d Beyn\u0259lxalq Valyuta Fondu, D\u00fcnya Bank\u0131, \u00dcmumd\u00fcnya Ticar\u0259t T\u0259\u015fkilat\u0131 v\u0259 dig\u0259r beyn\u0259lxalq maliyy\u0259 institutlar\u0131 rol oynay\u0131r ki, onlar ba\u015fqa \u00f6lk\u0259l\u0259rin iqtisadiyyatlar\u0131\u00a0 \u00fcz\u0259rind\u0259 \u00f6z n\u0259zar\u0259tl\u0259rini h\u0259r v\u0259chl\u0259 m\u00f6hk\u0259ml\u0259ndirm\u0259y\u0259 \u00e7al\u0131\u015f\u0131rlar.\n<\/p>\n<p>\n  M\u00fcasir qlobal prosesl\u0259rd\u0259 siyasi birlikl\u0259r v\u0259 v\u0259t\u0259nda\u015f qurumlar\u0131 da da\u011f\u0131d\u0131c\u0131 rol oynaya bil\u0259r. \u00c7ox zaman sonuncular\u0131n siyas\u0259ti xarici q\u00fcvv\u0259l\u0259r t\u0259r\u0259find\u0259n d\u0259st\u0259kl\u0259nmi\u015f olur, R.Mehdiyev gileyl\u0259nir.\n<\/p>\n<p>\n  <b><br \/>\n    Q\u0259rb d\u00f6vl\u0259tl\u0259rinin siyasi sisteml\u0259rini t\u0259nqid ed\u0259n R.Mehdiyev \u201cmilli liderl\u0259rin\u201d olmamas\u0131n\u0131 onlar\u0131n ba\u015fl\u0131ca n\u00f6qsan\u0131 kimi g\u00f6r\u00fcr.<br \/>\n  <\/b>\n<\/p>\n<p>\n  \u201cBir \u00e7ox Q\u0259rb \u00f6lk\u0259l\u0259rind\u0259 v\u0259ziyy\u0259t g\u00f6st\u0259rir ki, bu \u00f6lk\u0259l\u0259rd\u0259 r\u0259hb\u0259rliy\u0259 \u00fcmumilikd\u0259 mill\u0259tin yox, korporativ qruplar\u0131n maraqlar\u0131n\u0131 ifad\u0259\u00a0 ed\u0259nl\u0259r g\u0259libl\u0259r.\n<\/p>\n<p>\n  <b><br \/>\n    R.Mehdiyev AB\u015e k\u00f6\u015f\u0259 yazar\u0131 Paul Kreyqd\u0259n sitat g\u0259tirib. Bel\u0259 ki, o yaz\u0131r ki, \u201cAmerikan\u0131n indiki liderl\u0259ri Vladimir Putinin v\u0259 ya \u00c7in, Boliviya,\u00a0 Venesuela, Argentina, Braziliya v\u0259 ya Hindistan liderl\u0259rinin \u201c\u0259lin\u0259 su t\u00f6km\u0259y\u0259 d\u0259ym\u0259z\u201d.<br \/>\n  <\/b>\n<\/p>\n<p>\n  Mehdiyev hesab edir ki, g\u00fccl\u00fc d\u00f6vl\u0259t yaln\u0131z prezident idar\u0259\u00e7iliyi sistemind\u0259 m\u00fcmk\u00fcnd\u00fcr. H\u0259tta d\u00fcnyada qloballa\u015fma prosesl\u0259rinin g\u00fccl\u0259ndiyi \u015f\u0259raitd\u0259 \u00a0bel\u0259 g\u00fccl\u00fc d\u00f6vl\u0259t quruculu\u011fu XXI \u0259srin \u0259n effektiv modelidir, o vur\u011fulay\u0131b.<\/p>\n","protected":false},"excerpt":{"rendered":"<p>Ramiz Mehdiyev yen\u0259 Q\u0259rbi t\u0259nqid edir<\/p>\n","protected":false},"author":11,"featured_media":59212,"comment_status":"closed","ping_status":"open","sticky":false,"template":"","format":"standard","meta":{"_acf_changed":false,"_sitemap_exclude":false,"_sitemap_priority":"","_sitemap_frequency":"","footnotes":""},"categories":[51],"tags":[],"class_list":["post-176360","post","type-post","status-publish","format-standard","has-post-thumbnail","hentry","category-analitika","infinite-scroll-item","generate-columns","tablet-grid-50","mobile-grid-100","grid-parent","grid-33","no-featured-image-padding"],"acf":[],"yoast_head":"<!-- This site is optimized with the Yoast SEO plugin v27.5 - https:\/\/yoast.com\/product\/yoast-seo-wordpress\/ -->\n<title>&#039;&#039;AB\u015e-\u0131n indiki liderl\u0259ri Putinin \u0259lin\u0259 su t\u00f6km\u0259y\u0259 d\u0259ym\u0259z&#039;&#039; - MEYDAN.TV<\/title>\n<meta name=\"robots\" content=\"index, follow, max-snippet:-1, max-image-preview:large, max-video-preview:-1\" \/>\n<link rel=\"canonical\" href=\"https:\/\/www.meydan.tv\/az\/article\/abs-in-indiki-liderleri-putinin-eline-su-tokmeye-deymez\/\" \/>\n<meta property=\"og:locale\" content=\"az_AZ\" \/>\n<meta property=\"og:type\" content=\"article\" \/>\n<meta property=\"og:title\" content=\"&#039;&#039;AB\u015e-\u0131n indiki liderl\u0259ri Putinin \u0259lin\u0259 su t\u00f6km\u0259y\u0259 d\u0259ym\u0259z&#039;&#039; - MEYDAN.TV\" \/>\n<meta property=\"og:description\" content=\"Ramiz Mehdiyev yen\u0259 Q\u0259rbi t\u0259nqid edir\" \/>\n<meta property=\"og:url\" content=\"https:\/\/www.meydan.tv\/az\/article\/abs-in-indiki-liderleri-putinin-eline-su-tokmeye-deymez\/\" \/>\n<meta property=\"og:site_name\" content=\"MEYDAN.TV\" \/>\n<meta property=\"article:published_time\" content=\"2016-06-01T22:25:32+00:00\" \/>\n<meta property=\"og:image\" content=\"https:\/\/www.meydan.tv\/wp-content\/uploads\/22510.jpg\" \/>\n\t<meta property=\"og:image:width\" content=\"1890\" \/>\n\t<meta property=\"og:image:height\" content=\"1255\" \/>\n\t<meta property=\"og:image:type\" content=\"image\/jpeg\" \/>\n<meta name=\"author\" content=\"user-manager\" \/>\n<meta name=\"twitter:card\" content=\"summary_large_image\" \/>\n<script type=\"application\/ld+json\" class=\"yoast-schema-graph\">{\"@context\":\"https:\\\/\\\/schema.org\",\"@graph\":[{\"@type\":\"Article\",\"@id\":\"https:\\\/\\\/www.meydan.tv\\\/az\\\/article\\\/abs-in-indiki-liderleri-putinin-eline-su-tokmeye-deymez\\\/#article\",\"isPartOf\":{\"@id\":\"https:\\\/\\\/www.meydan.tv\\\/az\\\/article\\\/abs-in-indiki-liderleri-putinin-eline-su-tokmeye-deymez\\\/\"},\"author\":{\"name\":\"user-manager\",\"@id\":\"https:\\\/\\\/www.meydan.tv\\\/az\\\/#\\\/schema\\\/person\\\/10d11eccf6da3662cf5fdab9806ea91a\"},\"headline\":\"&#8221;AB\u015e-\u0131n indiki liderl\u0259ri Putinin \u0259lin\u0259 su t\u00f6km\u0259y\u0259 d\u0259ym\u0259z&#8221;\",\"datePublished\":\"2016-06-01T22:25:32+00:00\",\"mainEntityOfPage\":{\"@id\":\"https:\\\/\\\/www.meydan.tv\\\/az\\\/article\\\/abs-in-indiki-liderleri-putinin-eline-su-tokmeye-deymez\\\/\"},\"wordCount\":492,\"publisher\":{\"@id\":\"https:\\\/\\\/www.meydan.tv\\\/az\\\/#organization\"},\"image\":{\"@id\":\"https:\\\/\\\/www.meydan.tv\\\/az\\\/article\\\/abs-in-indiki-liderleri-putinin-eline-su-tokmeye-deymez\\\/#primaryimage\"},\"thumbnailUrl\":\"https:\\\/\\\/www.meydan.tv\\\/wp-content\\\/uploads\\\/22510.jpg\",\"articleSection\":[\"Analitika\"],\"inLanguage\":\"az\"},{\"@type\":\"WebPage\",\"@id\":\"https:\\\/\\\/www.meydan.tv\\\/az\\\/article\\\/abs-in-indiki-liderleri-putinin-eline-su-tokmeye-deymez\\\/\",\"url\":\"https:\\\/\\\/www.meydan.tv\\\/az\\\/article\\\/abs-in-indiki-liderleri-putinin-eline-su-tokmeye-deymez\\\/\",\"name\":\"''AB\u015e-\u0131n indiki liderl\u0259ri Putinin \u0259lin\u0259 su t\u00f6km\u0259y\u0259 d\u0259ym\u0259z'' - MEYDAN.TV\",\"isPartOf\":{\"@id\":\"https:\\\/\\\/www.meydan.tv\\\/az\\\/#website\"},\"primaryImageOfPage\":{\"@id\":\"https:\\\/\\\/www.meydan.tv\\\/az\\\/article\\\/abs-in-indiki-liderleri-putinin-eline-su-tokmeye-deymez\\\/#primaryimage\"},\"image\":{\"@id\":\"https:\\\/\\\/www.meydan.tv\\\/az\\\/article\\\/abs-in-indiki-liderleri-putinin-eline-su-tokmeye-deymez\\\/#primaryimage\"},\"thumbnailUrl\":\"https:\\\/\\\/www.meydan.tv\\\/wp-content\\\/uploads\\\/22510.jpg\",\"datePublished\":\"2016-06-01T22:25:32+00:00\",\"breadcrumb\":{\"@id\":\"https:\\\/\\\/www.meydan.tv\\\/az\\\/article\\\/abs-in-indiki-liderleri-putinin-eline-su-tokmeye-deymez\\\/#breadcrumb\"},\"inLanguage\":\"az\",\"potentialAction\":[{\"@type\":\"ReadAction\",\"target\":[\"https:\\\/\\\/www.meydan.tv\\\/az\\\/article\\\/abs-in-indiki-liderleri-putinin-eline-su-tokmeye-deymez\\\/\"]}]},{\"@type\":\"ImageObject\",\"inLanguage\":\"az\",\"@id\":\"https:\\\/\\\/www.meydan.tv\\\/az\\\/article\\\/abs-in-indiki-liderleri-putinin-eline-su-tokmeye-deymez\\\/#primaryimage\",\"url\":\"https:\\\/\\\/www.meydan.tv\\\/wp-content\\\/uploads\\\/22510.jpg\",\"contentUrl\":\"https:\\\/\\\/www.meydan.tv\\\/wp-content\\\/uploads\\\/22510.jpg\",\"width\":1890,\"height\":1255,\"caption\":\"Source:\"},{\"@type\":\"BreadcrumbList\",\"@id\":\"https:\\\/\\\/www.meydan.tv\\\/az\\\/article\\\/abs-in-indiki-liderleri-putinin-eline-su-tokmeye-deymez\\\/#breadcrumb\",\"itemListElement\":[{\"@type\":\"ListItem\",\"position\":1,\"name\":\"Ana s\u0259hif\u0259\",\"item\":\"https:\\\/\\\/www.meydan.tv\\\/az\\\/\"},{\"@type\":\"ListItem\",\"position\":2,\"name\":\"Analitika\",\"item\":\"https:\\\/\\\/www.meydan.tv\\\/az\\\/section\\\/analitika\\\/\"},{\"@type\":\"ListItem\",\"position\":3,\"name\":\"&#8221;AB\u015e-\u0131n indiki liderl\u0259ri Putinin \u0259lin\u0259 su t\u00f6km\u0259y\u0259 d\u0259ym\u0259z&#8221;\"}]},{\"@type\":\"WebSite\",\"@id\":\"https:\\\/\\\/www.meydan.tv\\\/az\\\/#website\",\"url\":\"https:\\\/\\\/www.meydan.tv\\\/az\\\/\",\"name\":\"MEYDAN.TV\",\"description\":\"Meydan TV Az\u0259rbaycan\u0131n media m\u0259kan\u0131ndak\u0131 alternativ s\u0259sidir\",\"publisher\":{\"@id\":\"https:\\\/\\\/www.meydan.tv\\\/az\\\/#organization\"},\"potentialAction\":[{\"@type\":\"SearchAction\",\"target\":{\"@type\":\"EntryPoint\",\"urlTemplate\":\"https:\\\/\\\/www.meydan.tv\\\/az\\\/?s={search_term_string}\"},\"query-input\":{\"@type\":\"PropertyValueSpecification\",\"valueRequired\":true,\"valueName\":\"search_term_string\"}}],\"inLanguage\":\"az\"},{\"@type\":\"Organization\",\"@id\":\"https:\\\/\\\/www.meydan.tv\\\/az\\\/#organization\",\"name\":\"Meydan TV\",\"url\":\"https:\\\/\\\/www.meydan.tv\\\/az\\\/\",\"logo\":{\"@type\":\"ImageObject\",\"inLanguage\":\"az\",\"@id\":\"https:\\\/\\\/www.meydan.tv\\\/az\\\/#\\\/schema\\\/logo\\\/image\\\/\",\"url\":\"https:\\\/\\\/www.meydan.tv\\\/wp-content\\\/uploads\\\/2021\\\/07\\\/meydan-logo.svg\",\"contentUrl\":\"https:\\\/\\\/www.meydan.tv\\\/wp-content\\\/uploads\\\/2021\\\/07\\\/meydan-logo.svg\",\"width\":195,\"height\":46,\"caption\":\"Meydan TV\"},\"image\":{\"@id\":\"https:\\\/\\\/www.meydan.tv\\\/az\\\/#\\\/schema\\\/logo\\\/image\\\/\"}},{\"@type\":\"Person\",\"@id\":\"https:\\\/\\\/www.meydan.tv\\\/az\\\/#\\\/schema\\\/person\\\/10d11eccf6da3662cf5fdab9806ea91a\",\"name\":\"user-manager\"}]}<\/script>\n<!-- \/ Yoast SEO plugin. -->","yoast_head_json":{"title":"''AB\u015e-\u0131n indiki liderl\u0259ri Putinin \u0259lin\u0259 su t\u00f6km\u0259y\u0259 d\u0259ym\u0259z'' - MEYDAN.TV","robots":{"index":"index","follow":"follow","max-snippet":"max-snippet:-1","max-image-preview":"max-image-preview:large","max-video-preview":"max-video-preview:-1"},"canonical":"https:\/\/www.meydan.tv\/az\/article\/abs-in-indiki-liderleri-putinin-eline-su-tokmeye-deymez\/","og_locale":"az_AZ","og_type":"article","og_title":"''AB\u015e-\u0131n indiki liderl\u0259ri Putinin \u0259lin\u0259 su t\u00f6km\u0259y\u0259 d\u0259ym\u0259z'' - MEYDAN.TV","og_description":"Ramiz Mehdiyev yen\u0259 Q\u0259rbi t\u0259nqid edir","og_url":"https:\/\/www.meydan.tv\/az\/article\/abs-in-indiki-liderleri-putinin-eline-su-tokmeye-deymez\/","og_site_name":"MEYDAN.TV","article_published_time":"2016-06-01T22:25:32+00:00","og_image":[{"width":1890,"height":1255,"url":"https:\/\/www.meydan.tv\/wp-content\/uploads\/22510.jpg","type":"image\/jpeg"}],"author":"user-manager","twitter_card":"summary_large_image","schema":{"@context":"https:\/\/schema.org","@graph":[{"@type":"Article","@id":"https:\/\/www.meydan.tv\/az\/article\/abs-in-indiki-liderleri-putinin-eline-su-tokmeye-deymez\/#article","isPartOf":{"@id":"https:\/\/www.meydan.tv\/az\/article\/abs-in-indiki-liderleri-putinin-eline-su-tokmeye-deymez\/"},"author":{"name":"user-manager","@id":"https:\/\/www.meydan.tv\/az\/#\/schema\/person\/10d11eccf6da3662cf5fdab9806ea91a"},"headline":"&#8221;AB\u015e-\u0131n indiki liderl\u0259ri Putinin \u0259lin\u0259 su t\u00f6km\u0259y\u0259 d\u0259ym\u0259z&#8221;","datePublished":"2016-06-01T22:25:32+00:00","mainEntityOfPage":{"@id":"https:\/\/www.meydan.tv\/az\/article\/abs-in-indiki-liderleri-putinin-eline-su-tokmeye-deymez\/"},"wordCount":492,"publisher":{"@id":"https:\/\/www.meydan.tv\/az\/#organization"},"image":{"@id":"https:\/\/www.meydan.tv\/az\/article\/abs-in-indiki-liderleri-putinin-eline-su-tokmeye-deymez\/#primaryimage"},"thumbnailUrl":"https:\/\/www.meydan.tv\/wp-content\/uploads\/22510.jpg","articleSection":["Analitika"],"inLanguage":"az"},{"@type":"WebPage","@id":"https:\/\/www.meydan.tv\/az\/article\/abs-in-indiki-liderleri-putinin-eline-su-tokmeye-deymez\/","url":"https:\/\/www.meydan.tv\/az\/article\/abs-in-indiki-liderleri-putinin-eline-su-tokmeye-deymez\/","name":"''AB\u015e-\u0131n indiki liderl\u0259ri Putinin \u0259lin\u0259 su t\u00f6km\u0259y\u0259 d\u0259ym\u0259z'' - MEYDAN.TV","isPartOf":{"@id":"https:\/\/www.meydan.tv\/az\/#website"},"primaryImageOfPage":{"@id":"https:\/\/www.meydan.tv\/az\/article\/abs-in-indiki-liderleri-putinin-eline-su-tokmeye-deymez\/#primaryimage"},"image":{"@id":"https:\/\/www.meydan.tv\/az\/article\/abs-in-indiki-liderleri-putinin-eline-su-tokmeye-deymez\/#primaryimage"},"thumbnailUrl":"https:\/\/www.meydan.tv\/wp-content\/uploads\/22510.jpg","datePublished":"2016-06-01T22:25:32+00:00","breadcrumb":{"@id":"https:\/\/www.meydan.tv\/az\/article\/abs-in-indiki-liderleri-putinin-eline-su-tokmeye-deymez\/#breadcrumb"},"inLanguage":"az","potentialAction":[{"@type":"ReadAction","target":["https:\/\/www.meydan.tv\/az\/article\/abs-in-indiki-liderleri-putinin-eline-su-tokmeye-deymez\/"]}]},{"@type":"ImageObject","inLanguage":"az","@id":"https:\/\/www.meydan.tv\/az\/article\/abs-in-indiki-liderleri-putinin-eline-su-tokmeye-deymez\/#primaryimage","url":"https:\/\/www.meydan.tv\/wp-content\/uploads\/22510.jpg","contentUrl":"https:\/\/www.meydan.tv\/wp-content\/uploads\/22510.jpg","width":1890,"height":1255,"caption":"Source:"},{"@type":"BreadcrumbList","@id":"https:\/\/www.meydan.tv\/az\/article\/abs-in-indiki-liderleri-putinin-eline-su-tokmeye-deymez\/#breadcrumb","itemListElement":[{"@type":"ListItem","position":1,"name":"Ana s\u0259hif\u0259","item":"https:\/\/www.meydan.tv\/az\/"},{"@type":"ListItem","position":2,"name":"Analitika","item":"https:\/\/www.meydan.tv\/az\/section\/analitika\/"},{"@type":"ListItem","position":3,"name":"&#8221;AB\u015e-\u0131n indiki liderl\u0259ri Putinin \u0259lin\u0259 su t\u00f6km\u0259y\u0259 d\u0259ym\u0259z&#8221;"}]},{"@type":"WebSite","@id":"https:\/\/www.meydan.tv\/az\/#website","url":"https:\/\/www.meydan.tv\/az\/","name":"MEYDAN.TV","description":"Meydan TV Az\u0259rbaycan\u0131n media m\u0259kan\u0131ndak\u0131 alternativ s\u0259sidir","publisher":{"@id":"https:\/\/www.meydan.tv\/az\/#organization"},"potentialAction":[{"@type":"SearchAction","target":{"@type":"EntryPoint","urlTemplate":"https:\/\/www.meydan.tv\/az\/?s={search_term_string}"},"query-input":{"@type":"PropertyValueSpecification","valueRequired":true,"valueName":"search_term_string"}}],"inLanguage":"az"},{"@type":"Organization","@id":"https:\/\/www.meydan.tv\/az\/#organization","name":"Meydan TV","url":"https:\/\/www.meydan.tv\/az\/","logo":{"@type":"ImageObject","inLanguage":"az","@id":"https:\/\/www.meydan.tv\/az\/#\/schema\/logo\/image\/","url":"https:\/\/www.meydan.tv\/wp-content\/uploads\/2021\/07\/meydan-logo.svg","contentUrl":"https:\/\/www.meydan.tv\/wp-content\/uploads\/2021\/07\/meydan-logo.svg","width":195,"height":46,"caption":"Meydan TV"},"image":{"@id":"https:\/\/www.meydan.tv\/az\/#\/schema\/logo\/image\/"}},{"@type":"Person","@id":"https:\/\/www.meydan.tv\/az\/#\/schema\/person\/10d11eccf6da3662cf5fdab9806ea91a","name":"user-manager"}]}},"_links":{"self":[{"href":"https:\/\/www.meydan.tv\/az\/wp-json\/wp\/v2\/posts\/176360","targetHints":{"allow":["GET"]}}],"collection":[{"href":"https:\/\/www.meydan.tv\/az\/wp-json\/wp\/v2\/posts"}],"about":[{"href":"https:\/\/www.meydan.tv\/az\/wp-json\/wp\/v2\/types\/post"}],"author":[{"embeddable":true,"href":"https:\/\/www.meydan.tv\/az\/wp-json\/wp\/v2\/users\/11"}],"replies":[{"embeddable":true,"href":"https:\/\/www.meydan.tv\/az\/wp-json\/wp\/v2\/comments?post=176360"}],"version-history":[{"count":0,"href":"https:\/\/www.meydan.tv\/az\/wp-json\/wp\/v2\/posts\/176360\/revisions"}],"wp:featuredmedia":[{"embeddable":true,"href":"https:\/\/www.meydan.tv\/az\/wp-json\/wp\/v2\/media\/59212"}],"wp:attachment":[{"href":"https:\/\/www.meydan.tv\/az\/wp-json\/wp\/v2\/media?parent=176360"}],"wp:term":[{"taxonomy":"category","embeddable":true,"href":"https:\/\/www.meydan.tv\/az\/wp-json\/wp\/v2\/categories?post=176360"},{"taxonomy":"post_tag","embeddable":true,"href":"https:\/\/www.meydan.tv\/az\/wp-json\/wp\/v2\/tags?post=176360"}],"curies":[{"name":"wp","href":"https:\/\/api.w.org\/{rel}","templated":true}]}}