{"id":176323,"date":"2016-05-31T21:04:38","date_gmt":"2016-05-31T21:04:38","guid":{"rendered":"https:\/\/www.meydan.tv\/article\/idman-siyasi-idareetmenin-bir-parcasi\/"},"modified":"2016-05-31T21:04:38","modified_gmt":"2016-05-31T21:04:38","slug":"idman-siyasi-idareetmenin-bir-parcasi","status":"publish","type":"post","link":"https:\/\/www.meydan.tv\/az\/article\/idman-siyasi-idareetmenin-bir-parcasi\/","title":{"rendered":"\u0130dman &#8211; siyasi idar\u0259etm\u0259nin bir par\u00e7as\u0131?"},"content":{"rendered":"<figure class=\"wp-block-image size-large\">\n  <img decoding=\"async\" src=\"https:\/\/www.meydan.tv\/az\/59101\/\" alt=\"\" class=\"wp-image-59101\"\/><figcaption><\/figcaption><\/figure>\n<figure class=\"wp-block-image size-large\">\n  <img decoding=\"async\" src=\"https:\/\/www.meydan.tv\/az\/59104\/\" alt=\"\" class=\"wp-image-59104\"\/><figcaption><\/figcaption><\/figure>\n<p>\n  Bil\u0259nl\u0259r\u0259 ayd\u0131nd\u0131r ki, sovet siyasi sistemind\u0259 h\u0259r \u015fey, tamamil\u0259 h\u0259r \u015fey siyasi hakimiyy\u0259tin n\u0259zar\u0259tind\u0259 idi. H\u0259tta bu, sad\u0259c\u0259 n\u0259zar\u0259t deyildi, tamamil\u0259 h\u0259r \u015fey siyasi irad\u0259nin ehtiyac\u0131ndan v\u0259 onun m\u0259qs\u0259din\u0259 xidm\u0259t etm\u0259k ehtiyac\u0131ndan yaran\u0131rd\u0131. Bundan k\u0259narda he\u00e7 n\u0259 yox idi. Bu siyasi sistem b\u00f6y\u00fck bir ma\u015f\u0131n kimi h\u0259r \u015feyi \u00f6z i\u00e7in\u0259 al\u0131r, onu mahiyy\u0259tind\u0259n uzaqla\u015fd\u0131r\u0131r v\u0259 \u00f6z m\u0259qs\u0259dl\u0259ri \u00fc\u00e7\u00fcn istifad\u0259 vasit\u0259l\u0259rind\u0259n birin\u0259 \u00e7evirirdi. \u018fd\u0259biyyatdan tutmu\u015f, idmana q\u0259d\u0259r h\u0259r \u015fey bu rejim\u0259 laz\u0131m oldu\u011fu \u00fc\u00e7\u00fcn, bu rejim\u0259 qulluq etm\u0259sin\u0259 g\u00f6r\u0259 vard\u0131.\n<\/p>\n<p>\n  He\u00e7 bir sah\u0259nin m\u00fcst\u0259qilliyind\u0259n s\u00f6hb\u0259t bel\u0259 ged\u0259 bilm\u0259zdi, onlar \u0259sl mahiyy\u0259tin\u0259 uy\u011fun f\u0259aliyy\u0259t g\u00f6st\u0259r\u0259 bilm\u0259zdi. H\u0259r bir sah\u0259 mahiyy\u0259tind\u0259n as\u0131l\u0131 olmayaraq b\u00f6y\u00fck imperiyan\u0131n siyasi irad\u0259sin\u0259, kommunizm ideologiyas\u0131na xidm\u0259t ed\u0259c\u0259kdi.\n<\/p>\n<p>\n  Bunlardan biri d\u0259 idman idi. \u0130dman \u00e7ox zaman k\u00fctl\u0259nin \u0259yl\u0259nc\u0259si rolu oynay\u0131b. \u0130yirminci \u0259srd\u0259 Sovet imperiyas\u0131 idman\u0131 \u00f6z siyasi maraqlar\u0131 \u00fc\u00e7\u00fcn b\u00f6y\u00fck al\u0259t\u0259 \u00e7evirmi\u015f iki d\u00f6vl\u0259td\u0259n biri idi. \u201cKommunizm v\u0259 Sosializmin idmana t\u0259siri\u201d kitab\u0131nda m\u00fc\u0259llifl\u0259r Parnaurd v\u0259 J. Riordan bu iki ideologiyan\u0131n idman\u0131 \u00f6z siyasi sisteminin nec\u0259 b\u00f6y\u00fck bir par\u00e7as\u0131na \u00e7evirdiyi haqq\u0131nda yaz\u0131r. \u0130dman b\u00f6y\u00fck t\u0259bli\u011fat rolunu oynay\u0131rd\u0131, o h\u0259m k\u00fctl\u0259ni co\u015fdurur, h\u0259m onlara milli q\u00fcrur ya\u015fad\u0131r, eyni zamanda \u015f\u0259r ideologiyan\u0131n t\u0259bli\u011fat ma\u015f\u0131n\u0131na \u00e7evrilirdi.\n<\/p>\n<p>\n  Onlar \u00f6z \u0259z\u0259m\u0259tl\u0259rini, \u00f6z g\u00fccl\u0259rini idman yar\u0131\u015flar\u0131yla n\u00fcmayi\u015f etdirirdil\u0259r. \u0130dman hakim sinfin, onun g\u00fcc\u00fcn\u00fcn t\u0259c\u0259ss\u00fcm\u00fc idi. T\u0259sad\u00fcfi deyil ki, o d\u00f6vrd\u0259 almanlar idman\u00e7\u0131lar\u0131 do\u011fma yurdu qoruyan \u0259sk\u0259rl\u0259r adland\u0131r\u0131rd\u0131. Sovetl\u0259rd\u0259 d\u0259 idman hakim sinf\u0259 \u0259n \u201cyax\u015f\u0131\u201d formada xidm\u0259t etmi\u015fdi. Bu \u0259n z\u0259r\u0259rsiz mill\u0259t quruculu\u011fu prosesi, co\u015f\u011fu v\u0259 birlik yaratma formas\u0131 idi. Nec\u0259 dey\u0259rl\u0259r, a\u011falar\u0131n \u0259yl\u0259nc\u0259si k\u00fctl\u0259nin sevincin\u0259 s\u0259b\u0259b olurdu.\n<\/p>\n<p>\n  \u0130dman yar\u0131\u015flar\u0131n\u0131n u\u011furu idman\u00e7\u0131n\u0131n simas\u0131nda dahi r\u0259hb\u0259rl\u0259rin diqq\u0259ti v\u0259 qay\u011f\u0131s\u0131 n\u0259tic\u0259sind\u0259 xalqa b\u0259x\u015f olunan sevinc v\u0259 xo\u015fb\u0259xtlik idi. H\u0259min idman\u00e7\u0131lar, ham\u0131m\u0131z\u0131n q\u00fcrur v\u0259 sevinc m\u0259nb\u0259yi idi. \u00c7ox zaman da bu idman\u00e7\u0131lar g\u00fcc orqanlar\u0131na i\u015f\u0259 c\u0259lb olunur v\u0259 ya hans\u0131sa v\u0259zif\u0259 sahibi olurdular. Bir s\u00f6zl\u0259, idman fa\u015fist ideologiyalar, diktaturalar v\u0259 m\u00fcxt\u0259lif rejiml\u0259r \u00fc\u00e7\u00fcn \u00e7ox \u0259lveri\u015fli al\u0259t olub \u00e7ox zaman.\n<\/p>\n<p>\n  Bu g\u00fcnki h\u0259yat\u0131m\u0131z\u0131n h\u0259r bir sah\u0259si sovet t\u0259cr\u00fcb\u0259sin\u0259 \u0259salan\u0131r v\u0259 sovet irsinin b\u0259z\u0259n eynisi, b\u0259z\u0259ns\u0259 davam\u0131ndan ibar\u0259tdir. \u0130dman\u0131n \u00f6lk\u0259nin ictimai siyasi h\u0259yat\u0131n\u0131n vacib hiss\u0259si olmas\u0131, idman\u00e7\u0131lar\u0131n g\u00fcc orqanlar\u0131na c\u0259lb olunmas\u0131 sovetd\u0259n qalma bir irsdir. Bu rejiml\u0259rin \u00f6z siyasi d\u00f6vrl\u0259rind\u0259 istifad\u0259 etdikl\u0259ri \u0259n laz\u0131ml\u0131 vasit\u0259dir. Bu t\u0259cr\u00fcb\u0259 bu g\u00fcn d\u0259 davam etdirilir.\n<\/p>\n<p>\n  Bu yax\u0131nlarda Olimpia \u00e7empionu Elnur M\u0259mm\u0259dlinin D\u00f6vl\u0259t T\u0259hl\u00fck\u0259sizlik Xidm\u0259tin\u0259 i\u015f\u0259 q\u0259bul olunmas\u0131 haqq\u0131nda x\u0259b\u0259r sovetd\u0259nqalma bu irsi siyasi t\u0259f\u0259kk\u00fcr\u00fcn bariz n\u00fcm\u00fcn\u0259si idi. Baxmayaraq ki, bu he\u00e7 d\u0259 qeyri-adi hadis\u0259 hesab olunmamal\u0131d\u0131, n\u0259d\u0259ns\u0259 sosial \u015f\u0259b\u0259k\u0259l\u0259rd\u0259 geni\u015f m\u00fczakir\u0259l\u0259r\u0259 s\u0259b\u0259b oldu. Halbuki, idman \u00f6lk\u0259mizd\u0259 lap \u00e7oxdan hakimiyy\u0259tin prioritetl\u0259rind\u0259n biri, siyasi idar\u0259 etm\u0259nin \u0259sas vasit\u0259si olub.\n<\/p>\n<p>\n  \u018fvv\u0259la, b\u00f6y\u00fck idman h\u0259v\u0259skar\u0131 kimi \u00f6lk\u0259 prezidenti indiki m\u0259qama Olimpia komit\u0259sinin r\u0259hb\u0259ri v\u0259zif\u0259sind\u0259n g\u0259lmi\u015fdi. V\u0259 lap \u0259vv\u0259ld\u0259n idmana x\u00fcsusi qay\u011f\u0131s\u0131 il\u0259 se\u00e7ilib. \u0130kincisi, biz d\u00fcnyada \u00e7ox g\u00fcman yegan\u0259 \u00f6lk\u0259yik ki, \u00f6z\u00fcm\u00fcz\u00fc idman \u00f6lk\u0259si elan etmi\u015fik. Sonras\u0131 da bizim idmana x\u0259rcl\u0259diyimiz pullar\u0131n say\u0131-hesab\u0131 yoxdur v\u0259 he\u00e7 kim bu m\u0259nada bizl\u0259 yar\u0131\u015fa bilm\u0259z. Birinci Avropa Oyunlar\u0131ndan sonra ikinci bel\u0259 \u00f6lk\u0259 \u00e7\u0131xmad\u0131 ki, o q\u0259d\u0259r pulu x\u0259rcl\u0259y\u0259 bilsin.\n<\/p>\n<p>\n  Bu m\u0259nada siyasi sistemi, m\u0259d\u0259niyy\u0259ti, tarixi, d\u0259y\u0259rl\u0259ri, d\u00fc\u015f\u00fcnc\u0259si v\u0259 t\u0259f\u0259kk\u00fcr\u00fc sovet m\u0259hsulu v\u0259 sovet irsinin davam\u0131 olan bir c\u0259miyy\u0259t v\u0259 \u00f6lk\u0259yik. \u0130dman\u0131n bu g\u00fcn c\u0259miyy\u0259timizd\u0259 v\u0259 ictimai siyasi h\u0259yat\u0131m\u0131zdak\u0131 yeri bax\u0131m\u0131ndan Rusiya, Da\u011f\u0131stan, \u00c7ecenistan kimi \u00f6lk\u0259l\u0259r qrupuna aidik. Elnur M\u0259mm\u0259dli yeni hadis\u0259 oldu\u011fu \u00fc\u00e7\u00fcn xeyli maraq do\u011furdu. Halbuki, art\u0131q uzun m\u00fcdd\u0259tdir, idman \u00f6lk\u0259mizd\u0259 siyasi idar\u0259etm\u0259nin \u0259n vacib atributlar\u0131ndan biridir.\n<\/p>\n<p>\n  \u0130dman\u00e7\u0131lar\u0131n bir qismi d\u0259, bu m\u0259nada bu idar\u0259 etm\u0259nin bir par\u00e7as\u0131d\u0131rlar. Onlar qar\u015f\u0131l\u0131\u011f\u0131nda milyonlar, v\u0259zif\u0259l\u0259r qazand\u0131\u011f\u0131 idman u\u011furlar\u0131 xalq\u0131m\u0131za prezidentimizin diqq\u0259t v\u0259 qay\u011f\u0131s\u0131 n\u0259tic\u0259sind\u0259 b\u0259x\u015f olur. Biz ham\u0131m\u0131z bu q\u0259l\u0259b\u0259l\u0259rd\u0259n b\u00f6y\u00fck sevinc hissini ya\u015fay\u0131r, q\u00fcrurlan\u0131r\u0131q. \u0130dman\u00e7\u0131lar is\u0259 sad\u0259c\u0259 bir t\u0259b\u0259q\u0259 kimi, hakim sinf\u0259 \u00e7ox laz\u0131ml\u0131 adamlar oldu\u011fu \u00fc\u00e7\u00fcn v\u0259 \u0259slind\u0259 bu idar\u0259etm\u0259nin vacib komponenti kimi onlara v\u0259zif\u0259 verilm\u0259sind\u0259 qeyri-adi he\u00e7n\u0259 yoxdu. \u00c7\u00fcnki onlar xalq\u0131m\u0131za q\u0259l\u0259b\u0259l\u0259r b\u0259x\u015f etmi\u015f v\u0259 onda birlik yaratm\u0131\u015f insanlard\u0131r. \u00dcst\u0259lik, onlar\u0131n say\u0259sind\u0259 \u00f6lk\u0259miz d\u00fcnyada tan\u0131n\u0131r.\n<\/p>\n<p>\n  G\u0259r\u0259k, h\u0259r bir idmansev\u0259r bunlar\u0131 yax\u015f\u0131-yax\u015f\u0131 yad\u0131nda saxlas\u0131n.\n<\/p>\n<p>\n  Sonda v\u0259zif\u0259 da\u015f\u0131yan idman\u00e7\u0131lar\u0131m\u0131z\u0131n siyah\u0131s\u0131n\u0131 verm\u0259k ist\u0259y\u0259rdim.\n<\/p>\n<p>\n  Zemfira Meftah\u0259ndinova &#8211; Polis polkovnik-leytenant\u0131<br \/>\n  <br \/>\n  A\u011fas\u0131 M\u0259mm\u0259dov &#8211; G\u00f6mr\u00fck xidm\u0259ti kapitan\u0131<br \/>\n  <br \/>\n  Zulfiyy\u0259 M\u0259mm\u0259dova &#8211; Bak\u0131 Ba\u015f G\u00f6mr\u00fck Xidm\u0259ti, inspektor<br \/>\n  <br \/>\n  Eduard M\u0259mm\u0259dov &#8211; Daxili i\u015fl\u0259r Nazirliyi, Polis mayoru<br \/>\n  <br \/>\n  F\u00fczuli M\u0259mm\u0259dov &#8211; FHN, polkovnik<br \/>\n  <br \/>\n  S\u0259hriman A\u011fayev &#8211; G\u00f6mr\u00fck komit\u0259si, leytenant<br \/>\n  <br \/>\n  Ceyhun M\u0259mm\u0259dov &#8211; N\u0259rimanov rayon Polis idar\u0259si, polkovnik-leytenant<br \/>\n  <br \/>\n  F\u0259rid Mansurov &#8211; Vergil\u0259r Nazirliyi, m\u00fcst\u0259ntiq<br \/>\n  <br \/>\n  Namiq Abdullayev &#8211; Polis polkovnik-leytenant\u0131<br \/>\n  <br \/>\n  X\u0259z\u0259r \u0130sayev &#8211; D\u00f6vl\u0259t G\u00f6mr\u00fck komit\u0259si, polkovnik<br \/>\n  <br \/>\n  Ulvi Quliyev &#8211; Deputat<br \/>\n  <br \/>\n  Araz Musayev &#8211; FHN, mayor\n<\/p>\n<p>\n  M\u0259nb\u0259l\u0259r:\n<\/p>\n<p>\n  http:\/\/sportinfo.az\/mnews\/9806<br \/>\n  <br \/>\n  http:\/\/publika.az\/p\/10836\n<\/p>\n<p>\n  <b><br \/>\n    Yaz\u0131 m\u00fc\u0259llifin \u015f\u0259xsi m\u00f6vqeyini \u0259ks etdirir. M\u00fc\u0259llifin m\u00f6vqeyi Meydan.Tv-nin m\u00f6vqeyi il\u0259 \u00fcst-\u00fcst\u0259 d\u00fc\u015fm\u0259y\u0259 bil\u0259r.<br \/>\n  <\/b><\/p>\n","protected":false},"excerpt":{"rendered":"<p>\u0130dman\u00e7\u0131lar g\u00fcc strukturlar\u0131nda&#8230;<\/p>\n","protected":false},"author":11,"featured_media":59101,"comment_status":"closed","ping_status":"open","sticky":false,"template":"","format":"standard","meta":{"_acf_changed":false,"_sitemap_exclude":false,"_sitemap_priority":"","_sitemap_frequency":"","footnotes":""},"categories":[57],"tags":[],"class_list":["post-176323","post","type-post","status-publish","format-standard","has-post-thumbnail","hentry","category-menim-fikrimce","infinite-scroll-item","generate-columns","tablet-grid-50","mobile-grid-100","grid-parent","grid-33","no-featured-image-padding"],"acf":[],"yoast_head":"<!-- This site is optimized with the Yoast SEO plugin v27.5 - https:\/\/yoast.com\/product\/yoast-seo-wordpress\/ -->\n<title>\u0130dman - siyasi idar\u0259etm\u0259nin bir par\u00e7as\u0131? - MEYDAN.TV<\/title>\n<meta name=\"robots\" content=\"index, follow, max-snippet:-1, max-image-preview:large, max-video-preview:-1\" \/>\n<link rel=\"canonical\" href=\"https:\/\/www.meydan.tv\/az\/article\/idman-siyasi-idareetmenin-bir-parcasi\/\" \/>\n<meta property=\"og:locale\" content=\"az_AZ\" \/>\n<meta property=\"og:type\" content=\"article\" \/>\n<meta property=\"og:title\" content=\"\u0130dman - siyasi idar\u0259etm\u0259nin bir par\u00e7as\u0131? - MEYDAN.TV\" \/>\n<meta property=\"og:description\" content=\"\u0130dman\u00e7\u0131lar g\u00fcc strukturlar\u0131nda...\" \/>\n<meta property=\"og:url\" content=\"https:\/\/www.meydan.tv\/az\/article\/idman-siyasi-idareetmenin-bir-parcasi\/\" \/>\n<meta property=\"og:site_name\" content=\"MEYDAN.TV\" \/>\n<meta property=\"article:published_time\" content=\"2016-05-31T21:04:38+00:00\" \/>\n<meta property=\"og:image\" content=\"https:\/\/www.meydan.tv\/wp-content\/uploads\/22467.jpg\" \/>\n\t<meta property=\"og:image:width\" content=\"400\" \/>\n\t<meta property=\"og:image:height\" content=\"400\" \/>\n\t<meta property=\"og:image:type\" content=\"image\/jpeg\" \/>\n<meta name=\"author\" content=\"user-manager\" \/>\n<meta name=\"twitter:card\" content=\"summary_large_image\" \/>\n<script type=\"application\/ld+json\" class=\"yoast-schema-graph\">{\"@context\":\"https:\\\/\\\/schema.org\",\"@graph\":[{\"@type\":\"Article\",\"@id\":\"https:\\\/\\\/www.meydan.tv\\\/az\\\/article\\\/idman-siyasi-idareetmenin-bir-parcasi\\\/#article\",\"isPartOf\":{\"@id\":\"https:\\\/\\\/www.meydan.tv\\\/az\\\/article\\\/idman-siyasi-idareetmenin-bir-parcasi\\\/\"},\"author\":{\"name\":\"user-manager\",\"@id\":\"https:\\\/\\\/www.meydan.tv\\\/az\\\/#\\\/schema\\\/person\\\/10d11eccf6da3662cf5fdab9806ea91a\"},\"headline\":\"\u0130dman &#8211; siyasi idar\u0259etm\u0259nin bir par\u00e7as\u0131?\",\"datePublished\":\"2016-05-31T21:04:38+00:00\",\"mainEntityOfPage\":{\"@id\":\"https:\\\/\\\/www.meydan.tv\\\/az\\\/article\\\/idman-siyasi-idareetmenin-bir-parcasi\\\/\"},\"wordCount\":1200,\"publisher\":{\"@id\":\"https:\\\/\\\/www.meydan.tv\\\/az\\\/#organization\"},\"image\":{\"@id\":\"https:\\\/\\\/www.meydan.tv\\\/az\\\/article\\\/idman-siyasi-idareetmenin-bir-parcasi\\\/#primaryimage\"},\"thumbnailUrl\":\"https:\\\/\\\/www.meydan.tv\\\/wp-content\\\/uploads\\\/22467.jpg\",\"articleSection\":[\"M\u0259nim Fikrimc\u0259\"],\"inLanguage\":\"az\"},{\"@type\":\"WebPage\",\"@id\":\"https:\\\/\\\/www.meydan.tv\\\/az\\\/article\\\/idman-siyasi-idareetmenin-bir-parcasi\\\/\",\"url\":\"https:\\\/\\\/www.meydan.tv\\\/az\\\/article\\\/idman-siyasi-idareetmenin-bir-parcasi\\\/\",\"name\":\"\u0130dman - siyasi idar\u0259etm\u0259nin bir par\u00e7as\u0131? - MEYDAN.TV\",\"isPartOf\":{\"@id\":\"https:\\\/\\\/www.meydan.tv\\\/az\\\/#website\"},\"primaryImageOfPage\":{\"@id\":\"https:\\\/\\\/www.meydan.tv\\\/az\\\/article\\\/idman-siyasi-idareetmenin-bir-parcasi\\\/#primaryimage\"},\"image\":{\"@id\":\"https:\\\/\\\/www.meydan.tv\\\/az\\\/article\\\/idman-siyasi-idareetmenin-bir-parcasi\\\/#primaryimage\"},\"thumbnailUrl\":\"https:\\\/\\\/www.meydan.tv\\\/wp-content\\\/uploads\\\/22467.jpg\",\"datePublished\":\"2016-05-31T21:04:38+00:00\",\"breadcrumb\":{\"@id\":\"https:\\\/\\\/www.meydan.tv\\\/az\\\/article\\\/idman-siyasi-idareetmenin-bir-parcasi\\\/#breadcrumb\"},\"inLanguage\":\"az\",\"potentialAction\":[{\"@type\":\"ReadAction\",\"target\":[\"https:\\\/\\\/www.meydan.tv\\\/az\\\/article\\\/idman-siyasi-idareetmenin-bir-parcasi\\\/\"]}]},{\"@type\":\"ImageObject\",\"inLanguage\":\"az\",\"@id\":\"https:\\\/\\\/www.meydan.tv\\\/az\\\/article\\\/idman-siyasi-idareetmenin-bir-parcasi\\\/#primaryimage\",\"url\":\"https:\\\/\\\/www.meydan.tv\\\/wp-content\\\/uploads\\\/22467.jpg\",\"contentUrl\":\"https:\\\/\\\/www.meydan.tv\\\/wp-content\\\/uploads\\\/22467.jpg\",\"width\":400,\"height\":400,\"caption\":\"Source:\"},{\"@type\":\"BreadcrumbList\",\"@id\":\"https:\\\/\\\/www.meydan.tv\\\/az\\\/article\\\/idman-siyasi-idareetmenin-bir-parcasi\\\/#breadcrumb\",\"itemListElement\":[{\"@type\":\"ListItem\",\"position\":1,\"name\":\"Ana s\u0259hif\u0259\",\"item\":\"https:\\\/\\\/www.meydan.tv\\\/az\\\/\"},{\"@type\":\"ListItem\",\"position\":2,\"name\":\"M\u0259nim Fikrimc\u0259\",\"item\":\"https:\\\/\\\/www.meydan.tv\\\/az\\\/section\\\/menim-fikrimce\\\/\"},{\"@type\":\"ListItem\",\"position\":3,\"name\":\"\u0130dman &#8211; siyasi idar\u0259etm\u0259nin bir par\u00e7as\u0131?\"}]},{\"@type\":\"WebSite\",\"@id\":\"https:\\\/\\\/www.meydan.tv\\\/az\\\/#website\",\"url\":\"https:\\\/\\\/www.meydan.tv\\\/az\\\/\",\"name\":\"MEYDAN.TV\",\"description\":\"Meydan TV Az\u0259rbaycan\u0131n media m\u0259kan\u0131ndak\u0131 alternativ s\u0259sidir\",\"publisher\":{\"@id\":\"https:\\\/\\\/www.meydan.tv\\\/az\\\/#organization\"},\"potentialAction\":[{\"@type\":\"SearchAction\",\"target\":{\"@type\":\"EntryPoint\",\"urlTemplate\":\"https:\\\/\\\/www.meydan.tv\\\/az\\\/?s={search_term_string}\"},\"query-input\":{\"@type\":\"PropertyValueSpecification\",\"valueRequired\":true,\"valueName\":\"search_term_string\"}}],\"inLanguage\":\"az\"},{\"@type\":\"Organization\",\"@id\":\"https:\\\/\\\/www.meydan.tv\\\/az\\\/#organization\",\"name\":\"Meydan TV\",\"url\":\"https:\\\/\\\/www.meydan.tv\\\/az\\\/\",\"logo\":{\"@type\":\"ImageObject\",\"inLanguage\":\"az\",\"@id\":\"https:\\\/\\\/www.meydan.tv\\\/az\\\/#\\\/schema\\\/logo\\\/image\\\/\",\"url\":\"https:\\\/\\\/www.meydan.tv\\\/wp-content\\\/uploads\\\/2021\\\/07\\\/meydan-logo.svg\",\"contentUrl\":\"https:\\\/\\\/www.meydan.tv\\\/wp-content\\\/uploads\\\/2021\\\/07\\\/meydan-logo.svg\",\"width\":195,\"height\":46,\"caption\":\"Meydan TV\"},\"image\":{\"@id\":\"https:\\\/\\\/www.meydan.tv\\\/az\\\/#\\\/schema\\\/logo\\\/image\\\/\"}},{\"@type\":\"Person\",\"@id\":\"https:\\\/\\\/www.meydan.tv\\\/az\\\/#\\\/schema\\\/person\\\/10d11eccf6da3662cf5fdab9806ea91a\",\"name\":\"user-manager\"}]}<\/script>\n<!-- \/ Yoast SEO plugin. -->","yoast_head_json":{"title":"\u0130dman - siyasi idar\u0259etm\u0259nin bir par\u00e7as\u0131? - MEYDAN.TV","robots":{"index":"index","follow":"follow","max-snippet":"max-snippet:-1","max-image-preview":"max-image-preview:large","max-video-preview":"max-video-preview:-1"},"canonical":"https:\/\/www.meydan.tv\/az\/article\/idman-siyasi-idareetmenin-bir-parcasi\/","og_locale":"az_AZ","og_type":"article","og_title":"\u0130dman - siyasi idar\u0259etm\u0259nin bir par\u00e7as\u0131? - MEYDAN.TV","og_description":"\u0130dman\u00e7\u0131lar g\u00fcc strukturlar\u0131nda...","og_url":"https:\/\/www.meydan.tv\/az\/article\/idman-siyasi-idareetmenin-bir-parcasi\/","og_site_name":"MEYDAN.TV","article_published_time":"2016-05-31T21:04:38+00:00","og_image":[{"width":400,"height":400,"url":"https:\/\/www.meydan.tv\/wp-content\/uploads\/22467.jpg","type":"image\/jpeg"}],"author":"user-manager","twitter_card":"summary_large_image","schema":{"@context":"https:\/\/schema.org","@graph":[{"@type":"Article","@id":"https:\/\/www.meydan.tv\/az\/article\/idman-siyasi-idareetmenin-bir-parcasi\/#article","isPartOf":{"@id":"https:\/\/www.meydan.tv\/az\/article\/idman-siyasi-idareetmenin-bir-parcasi\/"},"author":{"name":"user-manager","@id":"https:\/\/www.meydan.tv\/az\/#\/schema\/person\/10d11eccf6da3662cf5fdab9806ea91a"},"headline":"\u0130dman &#8211; siyasi idar\u0259etm\u0259nin bir par\u00e7as\u0131?","datePublished":"2016-05-31T21:04:38+00:00","mainEntityOfPage":{"@id":"https:\/\/www.meydan.tv\/az\/article\/idman-siyasi-idareetmenin-bir-parcasi\/"},"wordCount":1200,"publisher":{"@id":"https:\/\/www.meydan.tv\/az\/#organization"},"image":{"@id":"https:\/\/www.meydan.tv\/az\/article\/idman-siyasi-idareetmenin-bir-parcasi\/#primaryimage"},"thumbnailUrl":"https:\/\/www.meydan.tv\/wp-content\/uploads\/22467.jpg","articleSection":["M\u0259nim Fikrimc\u0259"],"inLanguage":"az"},{"@type":"WebPage","@id":"https:\/\/www.meydan.tv\/az\/article\/idman-siyasi-idareetmenin-bir-parcasi\/","url":"https:\/\/www.meydan.tv\/az\/article\/idman-siyasi-idareetmenin-bir-parcasi\/","name":"\u0130dman - siyasi idar\u0259etm\u0259nin bir par\u00e7as\u0131? - MEYDAN.TV","isPartOf":{"@id":"https:\/\/www.meydan.tv\/az\/#website"},"primaryImageOfPage":{"@id":"https:\/\/www.meydan.tv\/az\/article\/idman-siyasi-idareetmenin-bir-parcasi\/#primaryimage"},"image":{"@id":"https:\/\/www.meydan.tv\/az\/article\/idman-siyasi-idareetmenin-bir-parcasi\/#primaryimage"},"thumbnailUrl":"https:\/\/www.meydan.tv\/wp-content\/uploads\/22467.jpg","datePublished":"2016-05-31T21:04:38+00:00","breadcrumb":{"@id":"https:\/\/www.meydan.tv\/az\/article\/idman-siyasi-idareetmenin-bir-parcasi\/#breadcrumb"},"inLanguage":"az","potentialAction":[{"@type":"ReadAction","target":["https:\/\/www.meydan.tv\/az\/article\/idman-siyasi-idareetmenin-bir-parcasi\/"]}]},{"@type":"ImageObject","inLanguage":"az","@id":"https:\/\/www.meydan.tv\/az\/article\/idman-siyasi-idareetmenin-bir-parcasi\/#primaryimage","url":"https:\/\/www.meydan.tv\/wp-content\/uploads\/22467.jpg","contentUrl":"https:\/\/www.meydan.tv\/wp-content\/uploads\/22467.jpg","width":400,"height":400,"caption":"Source:"},{"@type":"BreadcrumbList","@id":"https:\/\/www.meydan.tv\/az\/article\/idman-siyasi-idareetmenin-bir-parcasi\/#breadcrumb","itemListElement":[{"@type":"ListItem","position":1,"name":"Ana s\u0259hif\u0259","item":"https:\/\/www.meydan.tv\/az\/"},{"@type":"ListItem","position":2,"name":"M\u0259nim Fikrimc\u0259","item":"https:\/\/www.meydan.tv\/az\/section\/menim-fikrimce\/"},{"@type":"ListItem","position":3,"name":"\u0130dman &#8211; siyasi idar\u0259etm\u0259nin bir par\u00e7as\u0131?"}]},{"@type":"WebSite","@id":"https:\/\/www.meydan.tv\/az\/#website","url":"https:\/\/www.meydan.tv\/az\/","name":"MEYDAN.TV","description":"Meydan TV Az\u0259rbaycan\u0131n media m\u0259kan\u0131ndak\u0131 alternativ s\u0259sidir","publisher":{"@id":"https:\/\/www.meydan.tv\/az\/#organization"},"potentialAction":[{"@type":"SearchAction","target":{"@type":"EntryPoint","urlTemplate":"https:\/\/www.meydan.tv\/az\/?s={search_term_string}"},"query-input":{"@type":"PropertyValueSpecification","valueRequired":true,"valueName":"search_term_string"}}],"inLanguage":"az"},{"@type":"Organization","@id":"https:\/\/www.meydan.tv\/az\/#organization","name":"Meydan TV","url":"https:\/\/www.meydan.tv\/az\/","logo":{"@type":"ImageObject","inLanguage":"az","@id":"https:\/\/www.meydan.tv\/az\/#\/schema\/logo\/image\/","url":"https:\/\/www.meydan.tv\/wp-content\/uploads\/2021\/07\/meydan-logo.svg","contentUrl":"https:\/\/www.meydan.tv\/wp-content\/uploads\/2021\/07\/meydan-logo.svg","width":195,"height":46,"caption":"Meydan TV"},"image":{"@id":"https:\/\/www.meydan.tv\/az\/#\/schema\/logo\/image\/"}},{"@type":"Person","@id":"https:\/\/www.meydan.tv\/az\/#\/schema\/person\/10d11eccf6da3662cf5fdab9806ea91a","name":"user-manager"}]}},"_links":{"self":[{"href":"https:\/\/www.meydan.tv\/az\/wp-json\/wp\/v2\/posts\/176323","targetHints":{"allow":["GET"]}}],"collection":[{"href":"https:\/\/www.meydan.tv\/az\/wp-json\/wp\/v2\/posts"}],"about":[{"href":"https:\/\/www.meydan.tv\/az\/wp-json\/wp\/v2\/types\/post"}],"author":[{"embeddable":true,"href":"https:\/\/www.meydan.tv\/az\/wp-json\/wp\/v2\/users\/11"}],"replies":[{"embeddable":true,"href":"https:\/\/www.meydan.tv\/az\/wp-json\/wp\/v2\/comments?post=176323"}],"version-history":[{"count":0,"href":"https:\/\/www.meydan.tv\/az\/wp-json\/wp\/v2\/posts\/176323\/revisions"}],"wp:featuredmedia":[{"embeddable":true,"href":"https:\/\/www.meydan.tv\/az\/wp-json\/wp\/v2\/media\/59101"}],"wp:attachment":[{"href":"https:\/\/www.meydan.tv\/az\/wp-json\/wp\/v2\/media?parent=176323"}],"wp:term":[{"taxonomy":"category","embeddable":true,"href":"https:\/\/www.meydan.tv\/az\/wp-json\/wp\/v2\/categories?post=176323"},{"taxonomy":"post_tag","embeddable":true,"href":"https:\/\/www.meydan.tv\/az\/wp-json\/wp\/v2\/tags?post=176323"}],"curies":[{"name":"wp","href":"https:\/\/api.w.org\/{rel}","templated":true}]}}