{"id":176316,"date":"2016-05-31T18:59:37","date_gmt":"2016-05-31T18:59:37","guid":{"rendered":"https:\/\/www.meydan.tv\/article\/elmar-memmedyarov-status-kvonu-deyismek-ucun-basqa-bir-gorusun-kecirileceyini-gozleyirik\/"},"modified":"2016-05-31T18:59:37","modified_gmt":"2016-05-31T18:59:37","slug":"elmar-memmedyarov-status-kvonu-deyismek-ucun-basqa-bir-gorusun-kecirileceyini-gozleyirik","status":"publish","type":"post","link":"https:\/\/www.meydan.tv\/az\/article\/elmar-memmedyarov-status-kvonu-deyismek-ucun-basqa-bir-gorusun-kecirileceyini-gozleyirik\/","title":{"rendered":"Elmar M\u0259mm\u0259dyarov: Status-kvonu d\u0259yi\u015fm\u0259k \u00fc\u00e7\u00fcn ba\u015fqa bir g\u00f6r\u00fc\u015f\u00fcn ke\u00e7iril\u0259c\u0259yini g\u00f6zl\u0259yirik"},"content":{"rendered":"<figure class=\"wp-block-image size-large\">\n  <img decoding=\"async\" src=\"https:\/\/www.meydan.tv\/az\/59083\/\" alt=\"\" class=\"wp-image-59083\"\/><figcaption><\/figcaption><\/figure>\n<figure class=\"wp-block-image size-large\">\n  <img decoding=\"async\" src=\"https:\/\/www.meydan.tv\/az\/59083\/\" alt=\"\" class=\"wp-image-59083\"\/><figcaption><\/figcaption><\/figure>\n<p>\n  <i><br \/>\n    Nazir \u00a0status-kvonun d\u0259yi\u015fdirilm\u0259si \u00fc\u00e7\u00fcn i\u015f\u011fal fakt\u0131na son qoyulmal\u0131 v\u0259 Erm\u0259nistan qo\u015funlar\u0131n\u0131n i\u015f\u011fal olunmu\u015f Az\u0259rbaycan \u0259razil\u0259rind\u0259n \u00e7\u0131xar\u0131lmal\u0131 oldu\u011funu diqq\u0259t\u0259 \u00e7atd\u0131r\u0131b<br \/>\n  <\/i>\n<\/p>\n<p>\n  \u201cMay\u0131n 16-da Vyanada AT\u018fT-in Minsk qrupunun h\u0259ms\u0259dr \u00f6lk\u0259l\u0259rinin xarici i\u015fl\u0259r nazirl\u0259rinin i\u015ftirak\u0131 il\u0259 Erm\u0259nistan v\u0259 Az\u0259rbaycan prezidentl\u0259rinin g\u00f6r\u00fc\u015f\u00fc ke\u00e7irildi, iyunda status-kvonu d\u0259yi\u015fm\u0259k \u00fc\u00e7\u00fcn \u0259h\u0259miyy\u0259tli ir\u0259lil\u0259yi\u015f \u0259ld\u0259 etm\u0259k m\u0259qs\u0259dil\u0259 ba\u015fqa bir g\u00f6r\u00fc\u015f\u00fcn ke\u00e7iril\u0259c\u0259yini g\u00f6zl\u0259yirik\u201d.\n<\/p>\n<p>\n  &#8220;Report&#8221; x\u0259b\u0259r verir ki, bunu Az\u0259rbaycan\u0131n xarici i\u015fl\u0259r naziri Elmar M\u0259mm\u0259dyarov NATO-nun m\u0259nzil q\u0259rargah\u0131nda ke\u00e7iril\u0259n Az\u0259rbaycan-NATO iclas\u0131 \u00e7\u0259r\u00e7iv\u0259sind\u0259 t\u0259\u015fkilat\u0131n ali orqan\u0131 olan \u015eimali Atlantika \u015euras\u0131nda \u00e7\u0131x\u0131\u015f edib.\n<\/p>\n<p>\n  E.M\u0259mm\u0259dyarov Az\u0259rbaycan v\u0259 NATO \u00fczv d\u00f6vl\u0259tl\u0259ri aras\u0131nda S\u00fclh namin\u0259 T\u0259r\u0259fda\u015fl\u0131q \u00fczr\u0259 \u00c7\u0259r\u00e7iv\u0259 S\u0259n\u0259di v\u0259 Avro-Atlantika T\u0259r\u0259fda\u015fl\u0131q \u015euras\u0131n\u0131n \u018fsas S\u0259n\u0259di \u0259sas\u0131nda siyasi v\u0259 h\u0259rbi \u0259m\u0259kda\u015fl\u0131\u011f\u0131n inki\u015faf etdiyini qeyd ed\u0259r\u0259k, Az\u0259rbaycan\u0131n f\u0259al sur\u0259td\u0259 NATO-nun F\u0259rdi T\u0259r\u0259fda\u015fl\u0131q \u00fczr\u0259 F\u0259aliyy\u0259t Proqram\u0131, Planla\u015fd\u0131rma v\u0259 T\u0259hlil Prosesi v\u0259 \u018fm\u0259liyyat \u0130mkanlar\u0131 Konsepsiyas\u0131 kimi proqramlar\u0131nda i\u015ftirak etdiyini vur\u011fulay\u0131b.\n<\/p>\n<p>\n  NATO il\u0259 \u0259m\u0259kda\u015fl\u0131\u011f\u0131n Az\u0259rbaycan\u0131n h\u0259rbi v\u0259 t\u0259hl\u00fck\u0259sizlik q\u00fcvv\u0259l\u0259rinin islahat\u0131 v\u0259 NATO \u00f6lk\u0259l\u0259rinin silahl\u0131 q\u00fcvv\u0259l\u0259ri il\u0259 operativ uzla\u015fman\u0131n g\u00fccl\u0259nm\u0259sind\u0259 m\u00fch\u00fcm rol oynad\u0131\u011f\u0131n\u0131 dey\u0259n xarici i\u015fl\u0259r naziri \u00f6lk\u0259 zabitl\u0259rinin bu g\u00fcn Alyans\u0131n q\u0259rargahlar\u0131nda da xidm\u0259t etdiyini bildirib. Az\u0259rbaycan\u0131n beyn\u0259lxalq s\u00fclh v\u0259 t\u0259hl\u00fck\u0259sizliy\u0259 t\u00f6hf\u0259 verm\u0259k \u00fc\u00e7\u00fcn NATO \u00f6lk\u0259l\u0259ri il\u0259 birlikd\u0259 Kosovo \u0259m\u0259liyyat\u0131na (KFOR) v\u0259 \u018ffqan\u0131standa \u0130SAF v\u0259 Q\u0259tiyy\u0259tli D\u0259st\u0259k missiyalar\u0131na t\u00f6hf\u0259 verdiyini qeyd ed\u0259n E.M\u0259mm\u0259dyarov Az\u0259rbaycan\u0131n \u018ffqan\u0131stanla ikit\u0259r\u0259fli \u0259sasda da \u0259laq\u0259l\u0259rinin inki\u015faf\u0131 bar\u0259d\u0259 m\u0259lumat verib.\n<\/p>\n<p>\n  X\u0130N ba\u015f\u00e7\u0131s\u0131 bir \u00e7ox NATO \u00fczv d\u00f6vl\u0259tl\u0259ri il\u0259 birlikd\u0259 Az\u0259rbaycan\u0131n TANAP v\u0259 TAP qaz k\u0259m\u0259ri layih\u0259l\u0259rini icra etdiyini diqq\u0259t\u0259 \u00e7atd\u0131raraq NATO-da Az\u0259rbaycan\u0131n s\u0259drlik etdiyi i\u015f\u00e7i qrup \u00e7\u0259r\u00e7iv\u0259sind\u0259 x\u00fcsusi \u0259h\u0259miyy\u0259tli infrastrukturun qorunmas\u0131na dair m\u00fcnt\u0259z\u0259m seminarlar\u0131n praktiki \u0259h\u0259miyy\u0259tini vur\u011fulay\u0131b.\n<\/p>\n<p>\n  C\u0259nubi Qafqaz regionundak\u0131 v\u0259ziyy\u0259td\u0259n dan\u0131\u015fan E.M\u0259mm\u0259dyarov \u0259lav\u0259 edib ki, 20 ild\u0259n art\u0131q d\u00f6vr \u0259rzind\u0259 Az\u0259rbaycan\u0131n beyn\u0259lxalq s\u0259viyy\u0259d\u0259 tan\u0131nm\u0131\u015f s\u0259rh\u0259dl\u0259ri pozulub, 20 faiz \u0259razil\u0259ri Erm\u0259nistan\u0131n qanunsuz i\u015f\u011fal\u0131 alt\u0131ndad\u0131r v\u0259 i\u015f\u011fal olunmu\u015f \u0259razil\u0259rd\u0259 bir milyondan art\u0131q soyda\u015f\u0131m\u0131z qanl\u0131 etnik t\u0259mizl\u0259m\u0259y\u0259 m\u0259ruz qal\u0131b. Erm\u0259nistan\u0131n t\u0259hriki v\u0259 t\u0259xribat\u0131 il\u0259 c\u0259bh\u0259 x\u0259ttind\u0259 ba\u015f vermi\u015f son g\u0259rginlik bar\u0259d\u0259 \u0259trafl\u0131 m\u0259lumat ver\u0259n X\u0130N ba\u015f\u00e7\u0131s\u0131 i\u015f\u011fal fakt\u0131na \u0259saslanan status-kvonun g\u0259rginlik m\u0259nb\u0259yi olmaqda davam etdiyini vur\u011fulay\u0131b.\n<\/p>\n<p>\n  AT\u018fT-in Minsk qrupunun h\u0259ms\u0259drl\u0259ri v\u0259 b\u00fct\u00fcn beyn\u0259lxalq ictimaiyy\u0259tin m\u00f6vcud status-kvonu etibars\u0131z, qeyri-davaml\u0131 v\u0259 q\u0259buledilm\u0259z hesab etdiyini dey\u0259n E.M\u0259mm\u0259dyarov status-kvonun d\u0259yi\u015fdirilm\u0259si \u00fc\u00e7\u00fcn i\u015f\u011fal fakt\u0131na son qoyulmal\u0131 v\u0259 Erm\u0259nistan qo\u015funlar\u0131n\u0131n i\u015f\u011fal olunmu\u015f Az\u0259rbaycan \u0259razil\u0259rind\u0259n \u00e7\u0131xar\u0131lmal\u0131 oldu\u011funu diqq\u0259t\u0259 \u00e7atd\u0131r\u0131b.\n<\/p>\n<p>\n  Erm\u0259nistan\u0131n Az\u0259rbaycan\u0131 \u201c\u00e7irkli bombalar\u201d il\u0259 h\u0259d\u0259l\u0259m\u0259si, k\u00fctl\u0259vi q\u0131r\u011f\u0131n silahlar\u0131n\u0131n yay\u0131lmamas\u0131na dair beyn\u0259lxalq konvensiyalar \u0259sas\u0131nda \u00fcz\u0259rin\u0259 g\u00f6t\u00fcrd\u00fcy\u00fc \u00f6hd\u0259likl\u0259r\u0259 \u0259m\u0259l etm\u0259m\u0259si bar\u0259d\u0259 m\u0259lumat ver\u0259n nazir r\u0259smi Yerevan\u0131n dan\u0131\u015f\u0131qlar prosesin\u0259 yen\u0259 d\u0259 x\u0259l\u0259l vurmaq siyas\u0259ti y\u00fcr\u00fctd\u00fcy\u00fcn\u00fc bildirib. O, Erm\u0259nistan\u0131n BMT Nizamnam\u0259si v\u0259 Helsinki Yekun Akt\u0131na uy\u011fun olaraq, dig\u0259r d\u00f6vl\u0259tl\u0259rin \u0259razi b\u00fct\u00f6vl\u00fcy\u00fc, suverenliyi v\u0259 beyn\u0259lxalq s\u0259viyy\u0259d\u0259 tan\u0131nm\u0131\u015f s\u0259rh\u0259dl\u0259rin\u0259 h\u00f6rm\u0259t etm\u0259k v\u0259 ona qar\u015f\u0131 g\u00fcc t\u0259tbiq etm\u0259k v\u0259 ya g\u00fcc t\u0259tbiq ed\u0259r\u0259k h\u0259d\u0259l\u0259m\u0259kd\u0259n \u00e7\u0259kinm\u0259k kimi \u00f6hd\u0259likl\u0259r g\u00f6t\u00fcrd\u00fcy\u00fcn\u00fc xat\u0131rladaraq, r\u0259smi Bak\u0131n\u0131n Erm\u0259nistandan m\u0259hz buna \u0259m\u0259l etm\u0259yi v\u0259 beyn\u0259lxalq ictimaiyy\u0259td\u0259n d\u0259 bunu t\u0259l\u0259b etm\u0259yi g\u00f6zl\u0259diyini vur\u011fulay\u0131b.\n<\/p>\n<p>\n  Nazir NATO-nun \u00f6z zirv\u0259 toplant\u0131lar\u0131n\u0131n yekun b\u0259yanatlarda bu m\u0259s\u0259l\u0259y\u0259 m\u00fcnasib\u0259td\u0259 ifad\u0259 olunan q\u0259ti v\u0259 ard\u0131c\u0131l m\u00f6vqeyin y\u00fcks\u0259k qiym\u0259tl\u0259ndirildiyini deyib. \u0130clas \u0259snas\u0131nda NATO \u00fczv d\u00f6vl\u0259tl\u0259rinin \u015eimali Atlantika \u015euras\u0131nda t\u0259msil olunan daimi n\u00fcmay\u0259nd\u0259l\u0259ri \u00e7\u0131x\u0131\u015f edibl\u0259r. Nazir Elmar M\u0259mm\u0259dyarov NATO \u00fczv d\u00f6vl\u0259tl\u0259rinin n\u00fcmay\u0259nd\u0259l\u0259rinin suallar\u0131n\u0131 cavabland\u0131r\u0131b.<\/p>\n","protected":false},"excerpt":{"rendered":"<p>Nazir  status-kvonun d\u0259yi\u015fdirilm\u0259si \u00fc\u00e7\u00fcn i\u015f\u011fal fakt\u0131na son qoyulmal\u0131 v\u0259 Erm\u0259nistan qo\u015funlar\u0131n\u0131n i\u015f\u011fal olunmu\u015f Az\u0259rbaycan \u0259razil\u0259rind\u0259n \u00e7\u0131xar\u0131lmal\u0131 oldu\u011funu diqq\u0259t\u0259 \u00e7atd\u0131r\u0131b<\/p>\n","protected":false},"author":11,"featured_media":59083,"comment_status":"closed","ping_status":"open","sticky":false,"template":"","format":"standard","meta":{"_acf_changed":false,"_sitemap_exclude":false,"_sitemap_priority":"","_sitemap_frequency":"","footnotes":""},"categories":[51],"tags":[],"class_list":["post-176316","post","type-post","status-publish","format-standard","has-post-thumbnail","hentry","category-analitika","infinite-scroll-item","generate-columns","tablet-grid-50","mobile-grid-100","grid-parent","grid-33","no-featured-image-padding"],"acf":[],"yoast_head":"<!-- This site is optimized with the Yoast SEO plugin v27.5 - https:\/\/yoast.com\/product\/yoast-seo-wordpress\/ -->\n<title>Elmar M\u0259mm\u0259dyarov: Status-kvonu d\u0259yi\u015fm\u0259k \u00fc\u00e7\u00fcn ba\u015fqa bir g\u00f6r\u00fc\u015f\u00fcn ke\u00e7iril\u0259c\u0259yini g\u00f6zl\u0259yirik - MEYDAN.TV<\/title>\n<meta name=\"robots\" content=\"index, follow, max-snippet:-1, max-image-preview:large, max-video-preview:-1\" \/>\n<link rel=\"canonical\" href=\"https:\/\/www.meydan.tv\/az\/article\/elmar-memmedyarov-status-kvonu-deyismek-ucun-basqa-bir-gorusun-kecirileceyini-gozleyirik\/\" \/>\n<meta property=\"og:locale\" content=\"az_AZ\" \/>\n<meta property=\"og:type\" content=\"article\" \/>\n<meta property=\"og:title\" content=\"Elmar M\u0259mm\u0259dyarov: Status-kvonu d\u0259yi\u015fm\u0259k \u00fc\u00e7\u00fcn ba\u015fqa bir g\u00f6r\u00fc\u015f\u00fcn ke\u00e7iril\u0259c\u0259yini g\u00f6zl\u0259yirik - MEYDAN.TV\" \/>\n<meta property=\"og:description\" content=\"Nazir status-kvonun d\u0259yi\u015fdirilm\u0259si \u00fc\u00e7\u00fcn i\u015f\u011fal fakt\u0131na son qoyulmal\u0131 v\u0259 Erm\u0259nistan qo\u015funlar\u0131n\u0131n i\u015f\u011fal olunmu\u015f Az\u0259rbaycan \u0259razil\u0259rind\u0259n \u00e7\u0131xar\u0131lmal\u0131 oldu\u011funu diqq\u0259t\u0259 \u00e7atd\u0131r\u0131b\" \/>\n<meta property=\"og:url\" content=\"https:\/\/www.meydan.tv\/az\/article\/elmar-memmedyarov-status-kvonu-deyismek-ucun-basqa-bir-gorusun-kecirileceyini-gozleyirik\/\" \/>\n<meta property=\"og:site_name\" content=\"MEYDAN.TV\" \/>\n<meta property=\"article:published_time\" content=\"2016-05-31T18:59:37+00:00\" \/>\n<meta property=\"og:image\" content=\"https:\/\/www.meydan.tv\/wp-content\/uploads\/22461.jpg\" \/>\n\t<meta property=\"og:image:width\" content=\"467\" \/>\n\t<meta property=\"og:image:height\" content=\"350\" \/>\n\t<meta property=\"og:image:type\" content=\"image\/jpeg\" \/>\n<meta name=\"author\" content=\"user-manager\" \/>\n<meta name=\"twitter:card\" content=\"summary_large_image\" \/>\n<script type=\"application\/ld+json\" class=\"yoast-schema-graph\">{\"@context\":\"https:\\\/\\\/schema.org\",\"@graph\":[{\"@type\":\"Article\",\"@id\":\"https:\\\/\\\/www.meydan.tv\\\/az\\\/article\\\/elmar-memmedyarov-status-kvonu-deyismek-ucun-basqa-bir-gorusun-kecirileceyini-gozleyirik\\\/#article\",\"isPartOf\":{\"@id\":\"https:\\\/\\\/www.meydan.tv\\\/az\\\/article\\\/elmar-memmedyarov-status-kvonu-deyismek-ucun-basqa-bir-gorusun-kecirileceyini-gozleyirik\\\/\"},\"author\":{\"name\":\"user-manager\",\"@id\":\"https:\\\/\\\/www.meydan.tv\\\/az\\\/#\\\/schema\\\/person\\\/10d11eccf6da3662cf5fdab9806ea91a\"},\"headline\":\"Elmar M\u0259mm\u0259dyarov: Status-kvonu d\u0259yi\u015fm\u0259k \u00fc\u00e7\u00fcn ba\u015fqa bir g\u00f6r\u00fc\u015f\u00fcn ke\u00e7iril\u0259c\u0259yini g\u00f6zl\u0259yirik\",\"datePublished\":\"2016-05-31T18:59:37+00:00\",\"mainEntityOfPage\":{\"@id\":\"https:\\\/\\\/www.meydan.tv\\\/az\\\/article\\\/elmar-memmedyarov-status-kvonu-deyismek-ucun-basqa-bir-gorusun-kecirileceyini-gozleyirik\\\/\"},\"wordCount\":940,\"publisher\":{\"@id\":\"https:\\\/\\\/www.meydan.tv\\\/az\\\/#organization\"},\"image\":{\"@id\":\"https:\\\/\\\/www.meydan.tv\\\/az\\\/article\\\/elmar-memmedyarov-status-kvonu-deyismek-ucun-basqa-bir-gorusun-kecirileceyini-gozleyirik\\\/#primaryimage\"},\"thumbnailUrl\":\"https:\\\/\\\/www.meydan.tv\\\/wp-content\\\/uploads\\\/22461.jpg\",\"articleSection\":[\"Analitika\"],\"inLanguage\":\"az\"},{\"@type\":\"WebPage\",\"@id\":\"https:\\\/\\\/www.meydan.tv\\\/az\\\/article\\\/elmar-memmedyarov-status-kvonu-deyismek-ucun-basqa-bir-gorusun-kecirileceyini-gozleyirik\\\/\",\"url\":\"https:\\\/\\\/www.meydan.tv\\\/az\\\/article\\\/elmar-memmedyarov-status-kvonu-deyismek-ucun-basqa-bir-gorusun-kecirileceyini-gozleyirik\\\/\",\"name\":\"Elmar M\u0259mm\u0259dyarov: Status-kvonu d\u0259yi\u015fm\u0259k \u00fc\u00e7\u00fcn ba\u015fqa bir g\u00f6r\u00fc\u015f\u00fcn ke\u00e7iril\u0259c\u0259yini g\u00f6zl\u0259yirik - MEYDAN.TV\",\"isPartOf\":{\"@id\":\"https:\\\/\\\/www.meydan.tv\\\/az\\\/#website\"},\"primaryImageOfPage\":{\"@id\":\"https:\\\/\\\/www.meydan.tv\\\/az\\\/article\\\/elmar-memmedyarov-status-kvonu-deyismek-ucun-basqa-bir-gorusun-kecirileceyini-gozleyirik\\\/#primaryimage\"},\"image\":{\"@id\":\"https:\\\/\\\/www.meydan.tv\\\/az\\\/article\\\/elmar-memmedyarov-status-kvonu-deyismek-ucun-basqa-bir-gorusun-kecirileceyini-gozleyirik\\\/#primaryimage\"},\"thumbnailUrl\":\"https:\\\/\\\/www.meydan.tv\\\/wp-content\\\/uploads\\\/22461.jpg\",\"datePublished\":\"2016-05-31T18:59:37+00:00\",\"breadcrumb\":{\"@id\":\"https:\\\/\\\/www.meydan.tv\\\/az\\\/article\\\/elmar-memmedyarov-status-kvonu-deyismek-ucun-basqa-bir-gorusun-kecirileceyini-gozleyirik\\\/#breadcrumb\"},\"inLanguage\":\"az\",\"potentialAction\":[{\"@type\":\"ReadAction\",\"target\":[\"https:\\\/\\\/www.meydan.tv\\\/az\\\/article\\\/elmar-memmedyarov-status-kvonu-deyismek-ucun-basqa-bir-gorusun-kecirileceyini-gozleyirik\\\/\"]}]},{\"@type\":\"ImageObject\",\"inLanguage\":\"az\",\"@id\":\"https:\\\/\\\/www.meydan.tv\\\/az\\\/article\\\/elmar-memmedyarov-status-kvonu-deyismek-ucun-basqa-bir-gorusun-kecirileceyini-gozleyirik\\\/#primaryimage\",\"url\":\"https:\\\/\\\/www.meydan.tv\\\/wp-content\\\/uploads\\\/22461.jpg\",\"contentUrl\":\"https:\\\/\\\/www.meydan.tv\\\/wp-content\\\/uploads\\\/22461.jpg\",\"width\":467,\"height\":350,\"caption\":\"Source:\"},{\"@type\":\"BreadcrumbList\",\"@id\":\"https:\\\/\\\/www.meydan.tv\\\/az\\\/article\\\/elmar-memmedyarov-status-kvonu-deyismek-ucun-basqa-bir-gorusun-kecirileceyini-gozleyirik\\\/#breadcrumb\",\"itemListElement\":[{\"@type\":\"ListItem\",\"position\":1,\"name\":\"Ana s\u0259hif\u0259\",\"item\":\"https:\\\/\\\/www.meydan.tv\\\/az\\\/\"},{\"@type\":\"ListItem\",\"position\":2,\"name\":\"Analitika\",\"item\":\"https:\\\/\\\/www.meydan.tv\\\/az\\\/section\\\/analitika\\\/\"},{\"@type\":\"ListItem\",\"position\":3,\"name\":\"Elmar M\u0259mm\u0259dyarov: Status-kvonu d\u0259yi\u015fm\u0259k \u00fc\u00e7\u00fcn ba\u015fqa bir g\u00f6r\u00fc\u015f\u00fcn ke\u00e7iril\u0259c\u0259yini g\u00f6zl\u0259yirik\"}]},{\"@type\":\"WebSite\",\"@id\":\"https:\\\/\\\/www.meydan.tv\\\/az\\\/#website\",\"url\":\"https:\\\/\\\/www.meydan.tv\\\/az\\\/\",\"name\":\"MEYDAN.TV\",\"description\":\"Meydan TV Az\u0259rbaycan\u0131n media m\u0259kan\u0131ndak\u0131 alternativ s\u0259sidir\",\"publisher\":{\"@id\":\"https:\\\/\\\/www.meydan.tv\\\/az\\\/#organization\"},\"potentialAction\":[{\"@type\":\"SearchAction\",\"target\":{\"@type\":\"EntryPoint\",\"urlTemplate\":\"https:\\\/\\\/www.meydan.tv\\\/az\\\/?s={search_term_string}\"},\"query-input\":{\"@type\":\"PropertyValueSpecification\",\"valueRequired\":true,\"valueName\":\"search_term_string\"}}],\"inLanguage\":\"az\"},{\"@type\":\"Organization\",\"@id\":\"https:\\\/\\\/www.meydan.tv\\\/az\\\/#organization\",\"name\":\"Meydan TV\",\"url\":\"https:\\\/\\\/www.meydan.tv\\\/az\\\/\",\"logo\":{\"@type\":\"ImageObject\",\"inLanguage\":\"az\",\"@id\":\"https:\\\/\\\/www.meydan.tv\\\/az\\\/#\\\/schema\\\/logo\\\/image\\\/\",\"url\":\"https:\\\/\\\/www.meydan.tv\\\/wp-content\\\/uploads\\\/2021\\\/07\\\/meydan-logo.svg\",\"contentUrl\":\"https:\\\/\\\/www.meydan.tv\\\/wp-content\\\/uploads\\\/2021\\\/07\\\/meydan-logo.svg\",\"width\":195,\"height\":46,\"caption\":\"Meydan TV\"},\"image\":{\"@id\":\"https:\\\/\\\/www.meydan.tv\\\/az\\\/#\\\/schema\\\/logo\\\/image\\\/\"}},{\"@type\":\"Person\",\"@id\":\"https:\\\/\\\/www.meydan.tv\\\/az\\\/#\\\/schema\\\/person\\\/10d11eccf6da3662cf5fdab9806ea91a\",\"name\":\"user-manager\"}]}<\/script>\n<!-- \/ Yoast SEO plugin. -->","yoast_head_json":{"title":"Elmar M\u0259mm\u0259dyarov: Status-kvonu d\u0259yi\u015fm\u0259k \u00fc\u00e7\u00fcn ba\u015fqa bir g\u00f6r\u00fc\u015f\u00fcn ke\u00e7iril\u0259c\u0259yini g\u00f6zl\u0259yirik - MEYDAN.TV","robots":{"index":"index","follow":"follow","max-snippet":"max-snippet:-1","max-image-preview":"max-image-preview:large","max-video-preview":"max-video-preview:-1"},"canonical":"https:\/\/www.meydan.tv\/az\/article\/elmar-memmedyarov-status-kvonu-deyismek-ucun-basqa-bir-gorusun-kecirileceyini-gozleyirik\/","og_locale":"az_AZ","og_type":"article","og_title":"Elmar M\u0259mm\u0259dyarov: Status-kvonu d\u0259yi\u015fm\u0259k \u00fc\u00e7\u00fcn ba\u015fqa bir g\u00f6r\u00fc\u015f\u00fcn ke\u00e7iril\u0259c\u0259yini g\u00f6zl\u0259yirik - MEYDAN.TV","og_description":"Nazir status-kvonun d\u0259yi\u015fdirilm\u0259si \u00fc\u00e7\u00fcn i\u015f\u011fal fakt\u0131na son qoyulmal\u0131 v\u0259 Erm\u0259nistan qo\u015funlar\u0131n\u0131n i\u015f\u011fal olunmu\u015f Az\u0259rbaycan \u0259razil\u0259rind\u0259n \u00e7\u0131xar\u0131lmal\u0131 oldu\u011funu diqq\u0259t\u0259 \u00e7atd\u0131r\u0131b","og_url":"https:\/\/www.meydan.tv\/az\/article\/elmar-memmedyarov-status-kvonu-deyismek-ucun-basqa-bir-gorusun-kecirileceyini-gozleyirik\/","og_site_name":"MEYDAN.TV","article_published_time":"2016-05-31T18:59:37+00:00","og_image":[{"width":467,"height":350,"url":"https:\/\/www.meydan.tv\/wp-content\/uploads\/22461.jpg","type":"image\/jpeg"}],"author":"user-manager","twitter_card":"summary_large_image","schema":{"@context":"https:\/\/schema.org","@graph":[{"@type":"Article","@id":"https:\/\/www.meydan.tv\/az\/article\/elmar-memmedyarov-status-kvonu-deyismek-ucun-basqa-bir-gorusun-kecirileceyini-gozleyirik\/#article","isPartOf":{"@id":"https:\/\/www.meydan.tv\/az\/article\/elmar-memmedyarov-status-kvonu-deyismek-ucun-basqa-bir-gorusun-kecirileceyini-gozleyirik\/"},"author":{"name":"user-manager","@id":"https:\/\/www.meydan.tv\/az\/#\/schema\/person\/10d11eccf6da3662cf5fdab9806ea91a"},"headline":"Elmar M\u0259mm\u0259dyarov: Status-kvonu d\u0259yi\u015fm\u0259k \u00fc\u00e7\u00fcn ba\u015fqa bir g\u00f6r\u00fc\u015f\u00fcn ke\u00e7iril\u0259c\u0259yini g\u00f6zl\u0259yirik","datePublished":"2016-05-31T18:59:37+00:00","mainEntityOfPage":{"@id":"https:\/\/www.meydan.tv\/az\/article\/elmar-memmedyarov-status-kvonu-deyismek-ucun-basqa-bir-gorusun-kecirileceyini-gozleyirik\/"},"wordCount":940,"publisher":{"@id":"https:\/\/www.meydan.tv\/az\/#organization"},"image":{"@id":"https:\/\/www.meydan.tv\/az\/article\/elmar-memmedyarov-status-kvonu-deyismek-ucun-basqa-bir-gorusun-kecirileceyini-gozleyirik\/#primaryimage"},"thumbnailUrl":"https:\/\/www.meydan.tv\/wp-content\/uploads\/22461.jpg","articleSection":["Analitika"],"inLanguage":"az"},{"@type":"WebPage","@id":"https:\/\/www.meydan.tv\/az\/article\/elmar-memmedyarov-status-kvonu-deyismek-ucun-basqa-bir-gorusun-kecirileceyini-gozleyirik\/","url":"https:\/\/www.meydan.tv\/az\/article\/elmar-memmedyarov-status-kvonu-deyismek-ucun-basqa-bir-gorusun-kecirileceyini-gozleyirik\/","name":"Elmar M\u0259mm\u0259dyarov: Status-kvonu d\u0259yi\u015fm\u0259k \u00fc\u00e7\u00fcn ba\u015fqa bir g\u00f6r\u00fc\u015f\u00fcn ke\u00e7iril\u0259c\u0259yini g\u00f6zl\u0259yirik - MEYDAN.TV","isPartOf":{"@id":"https:\/\/www.meydan.tv\/az\/#website"},"primaryImageOfPage":{"@id":"https:\/\/www.meydan.tv\/az\/article\/elmar-memmedyarov-status-kvonu-deyismek-ucun-basqa-bir-gorusun-kecirileceyini-gozleyirik\/#primaryimage"},"image":{"@id":"https:\/\/www.meydan.tv\/az\/article\/elmar-memmedyarov-status-kvonu-deyismek-ucun-basqa-bir-gorusun-kecirileceyini-gozleyirik\/#primaryimage"},"thumbnailUrl":"https:\/\/www.meydan.tv\/wp-content\/uploads\/22461.jpg","datePublished":"2016-05-31T18:59:37+00:00","breadcrumb":{"@id":"https:\/\/www.meydan.tv\/az\/article\/elmar-memmedyarov-status-kvonu-deyismek-ucun-basqa-bir-gorusun-kecirileceyini-gozleyirik\/#breadcrumb"},"inLanguage":"az","potentialAction":[{"@type":"ReadAction","target":["https:\/\/www.meydan.tv\/az\/article\/elmar-memmedyarov-status-kvonu-deyismek-ucun-basqa-bir-gorusun-kecirileceyini-gozleyirik\/"]}]},{"@type":"ImageObject","inLanguage":"az","@id":"https:\/\/www.meydan.tv\/az\/article\/elmar-memmedyarov-status-kvonu-deyismek-ucun-basqa-bir-gorusun-kecirileceyini-gozleyirik\/#primaryimage","url":"https:\/\/www.meydan.tv\/wp-content\/uploads\/22461.jpg","contentUrl":"https:\/\/www.meydan.tv\/wp-content\/uploads\/22461.jpg","width":467,"height":350,"caption":"Source:"},{"@type":"BreadcrumbList","@id":"https:\/\/www.meydan.tv\/az\/article\/elmar-memmedyarov-status-kvonu-deyismek-ucun-basqa-bir-gorusun-kecirileceyini-gozleyirik\/#breadcrumb","itemListElement":[{"@type":"ListItem","position":1,"name":"Ana s\u0259hif\u0259","item":"https:\/\/www.meydan.tv\/az\/"},{"@type":"ListItem","position":2,"name":"Analitika","item":"https:\/\/www.meydan.tv\/az\/section\/analitika\/"},{"@type":"ListItem","position":3,"name":"Elmar M\u0259mm\u0259dyarov: Status-kvonu d\u0259yi\u015fm\u0259k \u00fc\u00e7\u00fcn ba\u015fqa bir g\u00f6r\u00fc\u015f\u00fcn ke\u00e7iril\u0259c\u0259yini g\u00f6zl\u0259yirik"}]},{"@type":"WebSite","@id":"https:\/\/www.meydan.tv\/az\/#website","url":"https:\/\/www.meydan.tv\/az\/","name":"MEYDAN.TV","description":"Meydan TV Az\u0259rbaycan\u0131n media m\u0259kan\u0131ndak\u0131 alternativ s\u0259sidir","publisher":{"@id":"https:\/\/www.meydan.tv\/az\/#organization"},"potentialAction":[{"@type":"SearchAction","target":{"@type":"EntryPoint","urlTemplate":"https:\/\/www.meydan.tv\/az\/?s={search_term_string}"},"query-input":{"@type":"PropertyValueSpecification","valueRequired":true,"valueName":"search_term_string"}}],"inLanguage":"az"},{"@type":"Organization","@id":"https:\/\/www.meydan.tv\/az\/#organization","name":"Meydan TV","url":"https:\/\/www.meydan.tv\/az\/","logo":{"@type":"ImageObject","inLanguage":"az","@id":"https:\/\/www.meydan.tv\/az\/#\/schema\/logo\/image\/","url":"https:\/\/www.meydan.tv\/wp-content\/uploads\/2021\/07\/meydan-logo.svg","contentUrl":"https:\/\/www.meydan.tv\/wp-content\/uploads\/2021\/07\/meydan-logo.svg","width":195,"height":46,"caption":"Meydan TV"},"image":{"@id":"https:\/\/www.meydan.tv\/az\/#\/schema\/logo\/image\/"}},{"@type":"Person","@id":"https:\/\/www.meydan.tv\/az\/#\/schema\/person\/10d11eccf6da3662cf5fdab9806ea91a","name":"user-manager"}]}},"_links":{"self":[{"href":"https:\/\/www.meydan.tv\/az\/wp-json\/wp\/v2\/posts\/176316","targetHints":{"allow":["GET"]}}],"collection":[{"href":"https:\/\/www.meydan.tv\/az\/wp-json\/wp\/v2\/posts"}],"about":[{"href":"https:\/\/www.meydan.tv\/az\/wp-json\/wp\/v2\/types\/post"}],"author":[{"embeddable":true,"href":"https:\/\/www.meydan.tv\/az\/wp-json\/wp\/v2\/users\/11"}],"replies":[{"embeddable":true,"href":"https:\/\/www.meydan.tv\/az\/wp-json\/wp\/v2\/comments?post=176316"}],"version-history":[{"count":0,"href":"https:\/\/www.meydan.tv\/az\/wp-json\/wp\/v2\/posts\/176316\/revisions"}],"wp:featuredmedia":[{"embeddable":true,"href":"https:\/\/www.meydan.tv\/az\/wp-json\/wp\/v2\/media\/59083"}],"wp:attachment":[{"href":"https:\/\/www.meydan.tv\/az\/wp-json\/wp\/v2\/media?parent=176316"}],"wp:term":[{"taxonomy":"category","embeddable":true,"href":"https:\/\/www.meydan.tv\/az\/wp-json\/wp\/v2\/categories?post=176316"},{"taxonomy":"post_tag","embeddable":true,"href":"https:\/\/www.meydan.tv\/az\/wp-json\/wp\/v2\/tags?post=176316"}],"curies":[{"name":"wp","href":"https:\/\/api.w.org\/{rel}","templated":true}]}}