{"id":176311,"date":"2016-05-31T17:23:09","date_gmt":"2016-05-31T17:23:09","guid":{"rendered":"https:\/\/www.meydan.tv\/article\/azerbaycan-qraffitisi\/"},"modified":"2016-05-31T17:23:09","modified_gmt":"2016-05-31T17:23:09","slug":"azerbaycan-qraffitisi","status":"publish","type":"post","link":"https:\/\/www.meydan.tv\/az\/article\/azerbaycan-qraffitisi\/","title":{"rendered":"Az\u0259rbaycan Qraffitisi"},"content":{"rendered":"<figure class=\"wp-block-image size-large\">\n  <img decoding=\"async\" src=\"https:\/\/www.meydan.tv\/az\/59071\/\" alt=\"\" class=\"wp-image-59071\"\/><figcaption><\/figcaption><\/figure>\n<p>\n  <i><br \/>\n    G\u0259ncl\u0259r b\u00f6y\u00fck n\u0259slin t\u0259cr\u00fcb\u0259li qiyam\u00e7\u0131lar\u0131ndan f\u0259rqli olaraq, daha s\u0259mimi v\u0259 daha do\u011fru\u00e7udurlar<br \/>\n  <\/i>\n<\/p>\n<p>\n  May\u0131n 10-da Az\u0259rbaycan v\u0259 b\u0259lk\u0259 d\u0259, b\u00fct\u00fcn d\u00fcnya misli g\u00f6r\u00fcnm\u0259mi\u015f hadis\u0259nin \u015fahidi oldu \u2013 Bak\u0131n\u0131n m\u0259rk\u0259zind\u0259 \u201c\u00fcmummilli lider\u201d Heyd\u0259r \u018fliyevin \u0259lini M\u0259rk\u0259zi Bank\u0131n binas\u0131na do\u011fru uzadan abid\u0259sinin postamentind\u0259 \u015f\u0259kil \u00e7\u0259kilib.\n<\/p>\n<p>\n  \u201cQul Bayram\u0131n\u0131z M\u00fcbar\u0259k!\u201d, \u201cFuck the system!\u201d (R\u0259dd olsun sistem!) qraffitisinin m\u00fc\u0259llifi iki g\u0259nc \u2013 Bayram M\u0259mm\u0259dov v\u0259 Qiyas \u0130brahimov idi. Onlardan biri 2013-c\u00fc ilin mart\u0131nda Bak\u0131da F\u0259vvar\u0259l\u0259r Meydan\u0131nda \u201c\u018fsg\u0259r \u00f6l\u00fcml\u0259rin\u0259 yox!\u201d aksiyas\u0131ndan sonra ba\u015f vermi\u015f h\u0259bsl\u0259r n\u0259tic\u0259sind\u0259 hakimiyy\u0259tin da\u011f\u0131td\u0131\u011f\u0131 N\u0130DA m\u00fclayim etiraz\u00e7\u0131 g\u0259ncl\u0259r h\u0259r\u0259kat\u0131n\u0131n \u00fczv\u00fcd\u00fcr.\n<\/p>\n<p>\n  \u0130slahatlar apar\u0131lmas\u0131 v\u0259 v\u0259ziyy\u0259tin yenid\u0259n qiym\u0259tl\u0259ndirilm\u0259si haqq\u0131nda v\u0259dl\u0259r\u0259 baxmayaraq, bu d\u0259f\u0259 d\u0259 hakimiyy\u0259tin reaksiyas\u0131 standart oldu. O\u011flanlar d\u0259rhal tap\u0131ld\u0131, h\u0259bs olundu, fiziki v\u0259 m\u0259n\u0259vi t\u0259hqirl\u0259r\u0259 m\u0259ruz qoyuldu v\u0259 narkotik saxlamaq ittiham\u0131 il\u0259 h\u0259bsxanaya sal\u0131nd\u0131. Bunun ard\u0131nca qorxutma m\u0259qs\u0259dil\u0259 abid\u0259nin \u00fcz\u0259rind\u0259 \u015f\u0259kil \u00e7\u0259kilm\u0259si il\u0259 \u0259laq\u0259si olmayan \u00fc\u00e7 g\u0259nc daha h\u0259bs edildi.\n<\/p>\n<p>\n  Liderin postamentind\u0259ki qraffiti \u00f6z-\u00f6zl\u00fcy\u00fcnd\u0259 Az\u0259rbaycan h\u0259qiq\u0259tl\u0259ri \u00fc\u00e7\u00fcn qeyri-adi bir \u015feydir. \u0130lk d\u0259f\u0259dir ki, H.\u018fliyevin abid\u0259sind\u0259 aerozol boyas\u0131 il\u0259 yaz\u0131 yaz\u0131l\u0131b v\u0259 bu, b\u0259zi \u015feyl\u0259rd\u0259n x\u0259b\u0259r verir. \u0130lk n\u00f6vb\u0259d\u0259 b\u00f6hran\u0131n oldu\u011funu g\u00f6st\u0259rir. He\u00e7 kim \u00fc\u00e7\u00fcn sirr deyil ki, b\u00f6hran var v\u0259 hakimiyy\u0259tin islahatlar\u0131 \u00e7ox gecikdirdiyi, vaxta\u015f\u0131r\u0131 yaln\u0131z v\u0259ziyy\u0259tin sabitl\u0259\u015fdirilm\u0259si \u00fczr\u0259 islahat\u00e7\u0131 add\u0131mlar kimi q\u0259l\u0259m\u0259 verdiyi ayr\u0131-ayr\u0131 t\u0259dbirl\u0259r g\u00f6rd\u00fcy\u00fc \u00fc\u00e7\u00fcn getdikc\u0259 daha uzunm\u00fcdd\u0259tli xarakter al\u0131r. H\u0259tta d\u00fcz\u0259ldilmi\u015f statistik m\u0259lumatlar bel\u0259 \u00f6lk\u0259d\u0259 v\u0259ziyy\u0259tin getdikc\u0259 pisl\u0259\u015fdiyini g\u00f6st\u0259rir \u2013 \u00dcDM, xarici ticar\u0259t, istehlak\u00e7\u0131 bazar\u0131 g\u00f6st\u0259ricil\u0259ri m\u0259nfidir. \u0130kincisi, c\u0259miyy\u0259td\u0259 etiraz\u00e7\u0131 \u0259hval-ruhiyy\u0259nin artmas\u0131n\u0131 g\u00f6st\u0259rir ki, g\u0259ncl\u0259r bunun indikatorudur. Qiym\u0259tl\u0259rin bahala\u015fmas\u0131 v\u0259 hakimiyy\u0259tin f\u0259aliyy\u0259tsizliyi fonunda \u0259halinin g\u0259lirl\u0259ri azal\u0131r, i\u015fsizlik art\u0131r. \u00dc\u00e7\u00fcnc\u00fcs\u00fc, son 20 ild\u0259 orta v\u0259 ali m\u0259kt\u0259bl\u0259rd\u0259 v\u0259 K\u0130V-d\u0259 yay\u0131lan yaltaq ideologiyada d\u0259rin \u00e7atlaq oldu\u011funu g\u00f6st\u0259rir. Az\u0259rbaycan \u00f6z liderinin v\u0259 siyasi sistemin hakimiyy\u0259t da\u015f\u0131y\u0131c\u0131lar\u0131n\u0131n m\u00fcst\u0259snal\u0131\u011f\u0131 ideyas\u0131n\u0131 t\u0259tbiq ed\u0259n\u00a0avtoritar ideologiya il\u0259 doyurulub.\n<\/p>\n<p>\n  Bu avtoritarizm ideologiyas\u0131 azad c\u0259miyy\u0259t ideyalar\u0131n\u0131 ifad\u0259 ed\u0259n virtual pl\u00fcralist informasiya d\u00fcnyas\u0131 il\u0259 ciddi ziddiyy\u0259t t\u0259\u015fkil edir. Art\u0131q informasiya d\u00fcnyas\u0131n\u0131n se\u00e7im azadl\u0131\u011f\u0131 ideologiyas\u0131 g\u0259nc n\u0259slin, o c\u00fcml\u0259d\u0259n rejim hadiml\u0259rin varisl\u0259rini bel\u0259 \u00a0b\u00fcr\u00fcy\u00fcb.\n<\/p>\n<p>\n  Qeyd etm\u0259k laz\u0131md\u0131r ki, bu, 2015-ci ilin \u0259vv\u0259ll\u0259rind\u0259 hakimiyy\u0259tin iqtisadi b\u00f6hran\u0131n basq\u0131s\u0131 v\u0259 xarici siyasi t\u0259zyiq alt\u0131nda v\u0259t\u0259nda\u015f c\u0259miyy\u0259tinin bo\u011fulmas\u0131 siyas\u0259tin\u0259 fasil\u0259 verm\u0259sind\u0259n sonra g\u0259nc f\u0259allar\u0131n ilk h\u0259bsidir. T\u0259xmin\u0259n \u00fc\u00e7 il \u0259vv\u0259l hakimiyy\u0259t y\u00fcz\u0259 yax\u0131n v\u0259t\u0259nda\u015f c\u0259miyy\u0259ti f\u0259al\u0131n\u0131, o c\u00fcml\u0259d\u0259n g\u0259nc qiyam\u00e7\u0131lar\u0131 h\u0259bs ed\u0259r\u0259k, ictimai-siyasi m\u0259kanda yekun kimi g\u00f6r\u00fcn\u0259n t\u0259mizl\u0259m\u0259 aparm\u0131\u015fd\u0131. Onlar\u0131n bir hiss\u0259si h\u0259l\u0259 d\u0259 siyasi m\u0259hbuslar siyah\u0131s\u0131ndad\u0131r.\n<\/p>\n<p>\n  Bu qraffiti \u00e7a\u011f\u0131r\u0131\u015f\u0131 avtoritar siyas\u0259tin perspektivsiz v\u0259 hakimiyy\u0259tin h\u0259r\u0259k\u0259tl\u0259rind\u0259 m\u00fc\u015fahid\u0259 olunan onu qoruyub saxlamaq c\u0259hdl\u0259rinin m\u0259nas\u0131z oldu\u011funu g\u00f6st\u0259rir.\n<\/p>\n<p>\n  Subm\u0259d\u0259niyy\u0259t kimi qraffiti, hans\u0131 sah\u0259y\u0259 &#8211; m\u0259d\u0259niyy\u0259t\u0259, siyas\u0259t\u0259, iqtisadiyyata, ideologiyaya aid olmas\u0131ndan as\u0131l\u0131 olmayaraq, h\u0259mi\u015f\u0259 ist\u0259nil\u0259n hakimiyy\u0259t\u0259, h\u0259tta demokratik hakimiyy\u0259t\u0259 qar\u015f\u0131 m\u00fcxalif kimi q\u0259bul edilib. Ona qar\u015f\u0131 m\u00fcbariz\u0259 apar\u0131l\u0131b v\u0259 apar\u0131l\u0131r, amma onu diqq\u0259t\u0259 almaq m\u0259cburiyy\u0259tind\u0259dirl\u0259r, bel\u0259 ki, onda h\u0259mi\u015f\u0259 d\u00fczg\u00fcn ifad\u0259 tapmaq olar, Fransada 1968-ci ilin yaz\u0131nda t\u0259l\u0259b\u0259 etirazlar\u0131 zaman\u0131 oldu\u011fu kimi. \u0130\u011fti\u015fa\u015flar iqtisadiyyat\u0131n uzunm\u00fcdd\u0259tli inki\u015fafdan sonra g\u0259l\u0259n, prezident de Qollun \u015f\u0259xsi xarizmas\u0131n\u0131n g\u00fccl\u0259nm\u0259si, d\u00f6vl\u0259tin azadl\u0131qsev\u0259r frans\u0131zlar\u0131n h\u0259yat\u0131na m\u00fcdaxil\u0259si il\u0259 m\u00fc\u015faiy\u0259t olunan q\u0131sam\u00fcdd\u0259tli t\u0259n\u0259zz\u00fcl\u00fc zaman\u0131 ba\u015f vermi\u015fdi. Bu hadis\u0259l\u0259r \u00e7oxmilyonluq t\u0259till\u0259r, de Qollun hakimiyy\u0259td\u0259n getm\u0259si il\u0259 ba\u015fa \u00e7at\u0131b v\u0259 Be\u015finci Respublikan\u0131n yenid\u0259n formala\u015fmas\u0131na start verib. Bu Respublikan\u0131n \u0259n m\u00fch\u00fcm prinsipi v\u0259t\u0259nda\u015f h\u00fcquq v\u0259 azadl\u0131qlar\u0131na h\u00f6rm\u0259t prinsipi idi.\n<\/p>\n<p>\n  Az\u0259rbaycanda, siyasi olmasa bel\u0259, qraffiti Fransa, Britaniya v\u0259 ya \u0259r\u0259b qraffitisind\u0259n he\u00e7 n\u0259 il\u0259 f\u0259rql\u0259nmir, onun ist\u0259nil\u0259n formas\u0131na diqq\u0259tl\u0259 baxmaq pis olmazd\u0131. G\u0259ncl\u0259r b\u00f6y\u00fck n\u0259slin t\u0259cr\u00fcb\u0259li qiyam\u00e7\u0131lar\u0131ndan f\u0259rqli olaraq, daha s\u0259mimi v\u0259 daha do\u011fru\u00e7udurlar. Vaxtil\u0259 dahi Onore de Balzak\u0131n dediyi kimi:<br \/>\n  <i><br \/>\n    \u201cH\u0259qiq\u0259t eynil\u0259 ac\u0131 i\u00e7ki kimidir, dad\u0131 xo\u015fag\u0259lm\u0259zdir, amma sa\u011flaml\u0131\u011f\u0131 b\u0259rpa edir\u201d.<br \/>\n  <\/i><\/p>\n","protected":false},"excerpt":{"rendered":"<p>G\u0259ncl\u0259r b\u00f6y\u00fck n\u0259slin t\u0259cr\u00fcb\u0259li qiyam\u00e7\u0131lar\u0131ndan f\u0259rqli olaraq, daha s\u0259mimi v\u0259 daha do\u011fru\u00e7udurlar<\/p>\n","protected":false},"author":11,"featured_media":59071,"comment_status":"closed","ping_status":"open","sticky":false,"template":"","format":"standard","meta":{"_acf_changed":false,"_sitemap_exclude":false,"_sitemap_priority":"","_sitemap_frequency":"","footnotes":""},"categories":[51],"tags":[],"class_list":["post-176311","post","type-post","status-publish","format-standard","has-post-thumbnail","hentry","category-analitika","infinite-scroll-item","generate-columns","tablet-grid-50","mobile-grid-100","grid-parent","grid-33","no-featured-image-padding"],"acf":[],"yoast_head":"<!-- This site is optimized with the Yoast SEO plugin v27.5 - https:\/\/yoast.com\/product\/yoast-seo-wordpress\/ -->\n<title>Az\u0259rbaycan Qraffitisi - MEYDAN.TV<\/title>\n<meta name=\"robots\" content=\"index, follow, max-snippet:-1, max-image-preview:large, max-video-preview:-1\" \/>\n<link rel=\"canonical\" href=\"https:\/\/www.meydan.tv\/az\/article\/azerbaycan-qraffitisi\/\" \/>\n<meta property=\"og:locale\" content=\"az_AZ\" \/>\n<meta property=\"og:type\" content=\"article\" \/>\n<meta property=\"og:title\" content=\"Az\u0259rbaycan Qraffitisi - MEYDAN.TV\" \/>\n<meta property=\"og:description\" content=\"G\u0259ncl\u0259r b\u00f6y\u00fck n\u0259slin t\u0259cr\u00fcb\u0259li qiyam\u00e7\u0131lar\u0131ndan f\u0259rqli olaraq, daha s\u0259mimi v\u0259 daha do\u011fru\u00e7udurlar\" \/>\n<meta property=\"og:url\" content=\"https:\/\/www.meydan.tv\/az\/article\/azerbaycan-qraffitisi\/\" \/>\n<meta property=\"og:site_name\" content=\"MEYDAN.TV\" \/>\n<meta property=\"article:published_time\" content=\"2016-05-31T17:23:09+00:00\" \/>\n<meta property=\"og:image\" content=\"https:\/\/www.meydan.tv\/wp-content\/uploads\/22458.jpg\" \/>\n\t<meta property=\"og:image:width\" content=\"960\" \/>\n\t<meta property=\"og:image:height\" content=\"540\" \/>\n\t<meta property=\"og:image:type\" content=\"image\/jpeg\" \/>\n<meta name=\"author\" content=\"user-manager\" \/>\n<meta name=\"twitter:card\" content=\"summary_large_image\" \/>\n<script type=\"application\/ld+json\" class=\"yoast-schema-graph\">{\"@context\":\"https:\\\/\\\/schema.org\",\"@graph\":[{\"@type\":\"Article\",\"@id\":\"https:\\\/\\\/www.meydan.tv\\\/az\\\/article\\\/azerbaycan-qraffitisi\\\/#article\",\"isPartOf\":{\"@id\":\"https:\\\/\\\/www.meydan.tv\\\/az\\\/article\\\/azerbaycan-qraffitisi\\\/\"},\"author\":{\"name\":\"user-manager\",\"@id\":\"https:\\\/\\\/www.meydan.tv\\\/az\\\/#\\\/schema\\\/person\\\/10d11eccf6da3662cf5fdab9806ea91a\"},\"headline\":\"Az\u0259rbaycan Qraffitisi\",\"datePublished\":\"2016-05-31T17:23:09+00:00\",\"mainEntityOfPage\":{\"@id\":\"https:\\\/\\\/www.meydan.tv\\\/az\\\/article\\\/azerbaycan-qraffitisi\\\/\"},\"wordCount\":959,\"publisher\":{\"@id\":\"https:\\\/\\\/www.meydan.tv\\\/az\\\/#organization\"},\"image\":{\"@id\":\"https:\\\/\\\/www.meydan.tv\\\/az\\\/article\\\/azerbaycan-qraffitisi\\\/#primaryimage\"},\"thumbnailUrl\":\"https:\\\/\\\/www.meydan.tv\\\/wp-content\\\/uploads\\\/22458.jpg\",\"articleSection\":[\"Analitika\"],\"inLanguage\":\"az\"},{\"@type\":\"WebPage\",\"@id\":\"https:\\\/\\\/www.meydan.tv\\\/az\\\/article\\\/azerbaycan-qraffitisi\\\/\",\"url\":\"https:\\\/\\\/www.meydan.tv\\\/az\\\/article\\\/azerbaycan-qraffitisi\\\/\",\"name\":\"Az\u0259rbaycan Qraffitisi - MEYDAN.TV\",\"isPartOf\":{\"@id\":\"https:\\\/\\\/www.meydan.tv\\\/az\\\/#website\"},\"primaryImageOfPage\":{\"@id\":\"https:\\\/\\\/www.meydan.tv\\\/az\\\/article\\\/azerbaycan-qraffitisi\\\/#primaryimage\"},\"image\":{\"@id\":\"https:\\\/\\\/www.meydan.tv\\\/az\\\/article\\\/azerbaycan-qraffitisi\\\/#primaryimage\"},\"thumbnailUrl\":\"https:\\\/\\\/www.meydan.tv\\\/wp-content\\\/uploads\\\/22458.jpg\",\"datePublished\":\"2016-05-31T17:23:09+00:00\",\"breadcrumb\":{\"@id\":\"https:\\\/\\\/www.meydan.tv\\\/az\\\/article\\\/azerbaycan-qraffitisi\\\/#breadcrumb\"},\"inLanguage\":\"az\",\"potentialAction\":[{\"@type\":\"ReadAction\",\"target\":[\"https:\\\/\\\/www.meydan.tv\\\/az\\\/article\\\/azerbaycan-qraffitisi\\\/\"]}]},{\"@type\":\"ImageObject\",\"inLanguage\":\"az\",\"@id\":\"https:\\\/\\\/www.meydan.tv\\\/az\\\/article\\\/azerbaycan-qraffitisi\\\/#primaryimage\",\"url\":\"https:\\\/\\\/www.meydan.tv\\\/wp-content\\\/uploads\\\/22458.jpg\",\"contentUrl\":\"https:\\\/\\\/www.meydan.tv\\\/wp-content\\\/uploads\\\/22458.jpg\",\"width\":960,\"height\":540,\"caption\":\"Source:\"},{\"@type\":\"BreadcrumbList\",\"@id\":\"https:\\\/\\\/www.meydan.tv\\\/az\\\/article\\\/azerbaycan-qraffitisi\\\/#breadcrumb\",\"itemListElement\":[{\"@type\":\"ListItem\",\"position\":1,\"name\":\"Ana s\u0259hif\u0259\",\"item\":\"https:\\\/\\\/www.meydan.tv\\\/az\\\/\"},{\"@type\":\"ListItem\",\"position\":2,\"name\":\"Analitika\",\"item\":\"https:\\\/\\\/www.meydan.tv\\\/az\\\/section\\\/analitika\\\/\"},{\"@type\":\"ListItem\",\"position\":3,\"name\":\"Az\u0259rbaycan Qraffitisi\"}]},{\"@type\":\"WebSite\",\"@id\":\"https:\\\/\\\/www.meydan.tv\\\/az\\\/#website\",\"url\":\"https:\\\/\\\/www.meydan.tv\\\/az\\\/\",\"name\":\"MEYDAN.TV\",\"description\":\"Meydan TV Az\u0259rbaycan\u0131n media m\u0259kan\u0131ndak\u0131 alternativ s\u0259sidir\",\"publisher\":{\"@id\":\"https:\\\/\\\/www.meydan.tv\\\/az\\\/#organization\"},\"potentialAction\":[{\"@type\":\"SearchAction\",\"target\":{\"@type\":\"EntryPoint\",\"urlTemplate\":\"https:\\\/\\\/www.meydan.tv\\\/az\\\/?s={search_term_string}\"},\"query-input\":{\"@type\":\"PropertyValueSpecification\",\"valueRequired\":true,\"valueName\":\"search_term_string\"}}],\"inLanguage\":\"az\"},{\"@type\":\"Organization\",\"@id\":\"https:\\\/\\\/www.meydan.tv\\\/az\\\/#organization\",\"name\":\"Meydan TV\",\"url\":\"https:\\\/\\\/www.meydan.tv\\\/az\\\/\",\"logo\":{\"@type\":\"ImageObject\",\"inLanguage\":\"az\",\"@id\":\"https:\\\/\\\/www.meydan.tv\\\/az\\\/#\\\/schema\\\/logo\\\/image\\\/\",\"url\":\"https:\\\/\\\/www.meydan.tv\\\/wp-content\\\/uploads\\\/2021\\\/07\\\/meydan-logo.svg\",\"contentUrl\":\"https:\\\/\\\/www.meydan.tv\\\/wp-content\\\/uploads\\\/2021\\\/07\\\/meydan-logo.svg\",\"width\":195,\"height\":46,\"caption\":\"Meydan TV\"},\"image\":{\"@id\":\"https:\\\/\\\/www.meydan.tv\\\/az\\\/#\\\/schema\\\/logo\\\/image\\\/\"}},{\"@type\":\"Person\",\"@id\":\"https:\\\/\\\/www.meydan.tv\\\/az\\\/#\\\/schema\\\/person\\\/10d11eccf6da3662cf5fdab9806ea91a\",\"name\":\"user-manager\"}]}<\/script>\n<!-- \/ Yoast SEO plugin. -->","yoast_head_json":{"title":"Az\u0259rbaycan Qraffitisi - MEYDAN.TV","robots":{"index":"index","follow":"follow","max-snippet":"max-snippet:-1","max-image-preview":"max-image-preview:large","max-video-preview":"max-video-preview:-1"},"canonical":"https:\/\/www.meydan.tv\/az\/article\/azerbaycan-qraffitisi\/","og_locale":"az_AZ","og_type":"article","og_title":"Az\u0259rbaycan Qraffitisi - MEYDAN.TV","og_description":"G\u0259ncl\u0259r b\u00f6y\u00fck n\u0259slin t\u0259cr\u00fcb\u0259li qiyam\u00e7\u0131lar\u0131ndan f\u0259rqli olaraq, daha s\u0259mimi v\u0259 daha do\u011fru\u00e7udurlar","og_url":"https:\/\/www.meydan.tv\/az\/article\/azerbaycan-qraffitisi\/","og_site_name":"MEYDAN.TV","article_published_time":"2016-05-31T17:23:09+00:00","og_image":[{"width":960,"height":540,"url":"https:\/\/www.meydan.tv\/wp-content\/uploads\/22458.jpg","type":"image\/jpeg"}],"author":"user-manager","twitter_card":"summary_large_image","schema":{"@context":"https:\/\/schema.org","@graph":[{"@type":"Article","@id":"https:\/\/www.meydan.tv\/az\/article\/azerbaycan-qraffitisi\/#article","isPartOf":{"@id":"https:\/\/www.meydan.tv\/az\/article\/azerbaycan-qraffitisi\/"},"author":{"name":"user-manager","@id":"https:\/\/www.meydan.tv\/az\/#\/schema\/person\/10d11eccf6da3662cf5fdab9806ea91a"},"headline":"Az\u0259rbaycan Qraffitisi","datePublished":"2016-05-31T17:23:09+00:00","mainEntityOfPage":{"@id":"https:\/\/www.meydan.tv\/az\/article\/azerbaycan-qraffitisi\/"},"wordCount":959,"publisher":{"@id":"https:\/\/www.meydan.tv\/az\/#organization"},"image":{"@id":"https:\/\/www.meydan.tv\/az\/article\/azerbaycan-qraffitisi\/#primaryimage"},"thumbnailUrl":"https:\/\/www.meydan.tv\/wp-content\/uploads\/22458.jpg","articleSection":["Analitika"],"inLanguage":"az"},{"@type":"WebPage","@id":"https:\/\/www.meydan.tv\/az\/article\/azerbaycan-qraffitisi\/","url":"https:\/\/www.meydan.tv\/az\/article\/azerbaycan-qraffitisi\/","name":"Az\u0259rbaycan Qraffitisi - MEYDAN.TV","isPartOf":{"@id":"https:\/\/www.meydan.tv\/az\/#website"},"primaryImageOfPage":{"@id":"https:\/\/www.meydan.tv\/az\/article\/azerbaycan-qraffitisi\/#primaryimage"},"image":{"@id":"https:\/\/www.meydan.tv\/az\/article\/azerbaycan-qraffitisi\/#primaryimage"},"thumbnailUrl":"https:\/\/www.meydan.tv\/wp-content\/uploads\/22458.jpg","datePublished":"2016-05-31T17:23:09+00:00","breadcrumb":{"@id":"https:\/\/www.meydan.tv\/az\/article\/azerbaycan-qraffitisi\/#breadcrumb"},"inLanguage":"az","potentialAction":[{"@type":"ReadAction","target":["https:\/\/www.meydan.tv\/az\/article\/azerbaycan-qraffitisi\/"]}]},{"@type":"ImageObject","inLanguage":"az","@id":"https:\/\/www.meydan.tv\/az\/article\/azerbaycan-qraffitisi\/#primaryimage","url":"https:\/\/www.meydan.tv\/wp-content\/uploads\/22458.jpg","contentUrl":"https:\/\/www.meydan.tv\/wp-content\/uploads\/22458.jpg","width":960,"height":540,"caption":"Source:"},{"@type":"BreadcrumbList","@id":"https:\/\/www.meydan.tv\/az\/article\/azerbaycan-qraffitisi\/#breadcrumb","itemListElement":[{"@type":"ListItem","position":1,"name":"Ana s\u0259hif\u0259","item":"https:\/\/www.meydan.tv\/az\/"},{"@type":"ListItem","position":2,"name":"Analitika","item":"https:\/\/www.meydan.tv\/az\/section\/analitika\/"},{"@type":"ListItem","position":3,"name":"Az\u0259rbaycan Qraffitisi"}]},{"@type":"WebSite","@id":"https:\/\/www.meydan.tv\/az\/#website","url":"https:\/\/www.meydan.tv\/az\/","name":"MEYDAN.TV","description":"Meydan TV Az\u0259rbaycan\u0131n media m\u0259kan\u0131ndak\u0131 alternativ s\u0259sidir","publisher":{"@id":"https:\/\/www.meydan.tv\/az\/#organization"},"potentialAction":[{"@type":"SearchAction","target":{"@type":"EntryPoint","urlTemplate":"https:\/\/www.meydan.tv\/az\/?s={search_term_string}"},"query-input":{"@type":"PropertyValueSpecification","valueRequired":true,"valueName":"search_term_string"}}],"inLanguage":"az"},{"@type":"Organization","@id":"https:\/\/www.meydan.tv\/az\/#organization","name":"Meydan TV","url":"https:\/\/www.meydan.tv\/az\/","logo":{"@type":"ImageObject","inLanguage":"az","@id":"https:\/\/www.meydan.tv\/az\/#\/schema\/logo\/image\/","url":"https:\/\/www.meydan.tv\/wp-content\/uploads\/2021\/07\/meydan-logo.svg","contentUrl":"https:\/\/www.meydan.tv\/wp-content\/uploads\/2021\/07\/meydan-logo.svg","width":195,"height":46,"caption":"Meydan TV"},"image":{"@id":"https:\/\/www.meydan.tv\/az\/#\/schema\/logo\/image\/"}},{"@type":"Person","@id":"https:\/\/www.meydan.tv\/az\/#\/schema\/person\/10d11eccf6da3662cf5fdab9806ea91a","name":"user-manager"}]}},"_links":{"self":[{"href":"https:\/\/www.meydan.tv\/az\/wp-json\/wp\/v2\/posts\/176311","targetHints":{"allow":["GET"]}}],"collection":[{"href":"https:\/\/www.meydan.tv\/az\/wp-json\/wp\/v2\/posts"}],"about":[{"href":"https:\/\/www.meydan.tv\/az\/wp-json\/wp\/v2\/types\/post"}],"author":[{"embeddable":true,"href":"https:\/\/www.meydan.tv\/az\/wp-json\/wp\/v2\/users\/11"}],"replies":[{"embeddable":true,"href":"https:\/\/www.meydan.tv\/az\/wp-json\/wp\/v2\/comments?post=176311"}],"version-history":[{"count":0,"href":"https:\/\/www.meydan.tv\/az\/wp-json\/wp\/v2\/posts\/176311\/revisions"}],"wp:featuredmedia":[{"embeddable":true,"href":"https:\/\/www.meydan.tv\/az\/wp-json\/wp\/v2\/media\/59071"}],"wp:attachment":[{"href":"https:\/\/www.meydan.tv\/az\/wp-json\/wp\/v2\/media?parent=176311"}],"wp:term":[{"taxonomy":"category","embeddable":true,"href":"https:\/\/www.meydan.tv\/az\/wp-json\/wp\/v2\/categories?post=176311"},{"taxonomy":"post_tag","embeddable":true,"href":"https:\/\/www.meydan.tv\/az\/wp-json\/wp\/v2\/tags?post=176311"}],"curies":[{"name":"wp","href":"https:\/\/api.w.org\/{rel}","templated":true}]}}