{"id":176308,"date":"2016-05-31T17:01:22","date_gmt":"2016-05-31T17:01:22","guid":{"rendered":"https:\/\/www.meydan.tv\/article\/cemiyyetimizin-vetendasliq-problemi\/"},"modified":"2016-05-31T17:01:22","modified_gmt":"2016-05-31T17:01:22","slug":"cemiyyetimizin-vetendasliq-problemi","status":"publish","type":"post","link":"https:\/\/www.meydan.tv\/az\/article\/cemiyyetimizin-vetendasliq-problemi\/","title":{"rendered":"C\u0259miyy\u0259timizin v\u0259t\u0259nda\u015fl\u0131q problemi"},"content":{"rendered":"<figure class=\"wp-block-image size-large\">\n  <img decoding=\"async\" src=\"https:\/\/www.meydan.tv\/az\/59062\/\" alt=\"\" class=\"wp-image-59062\"\/><figcaption><\/figcaption><\/figure>\n<p>\n  F\u0259al v\u0259t\u0259nda\u015f formala\u015fd\u0131rma i\u015fi Az\u0259rbaycan kimi avtoritar \u00f6lk\u0259l\u0259rd\u0259 bir drama hesab edilir\n<\/p>\n<p>\n  D\u00f6vl\u0259t v\u0259 v\u0259t\u0259nda\u015f aras\u0131nda m\u00fcnasib\u0259ti obrazl\u0131 olaraq bel\u0259 ifad\u0259 etm\u0259k olar: \u018fg\u0259r d\u00f6vl\u0259t bir sarayd\u0131rsa, h\u0259r bir v\u0259t\u0259nda\u015f h\u0259min saray\u0131n bir k\u0259rpicidir. K\u0259rpicl\u0259rsiz saray olmad\u0131\u011f\u0131 kimi v\u0259t\u0259nda\u015flars\u0131z da d\u00f6vl\u0259t m\u00f6vc\u00fcd ola bilm\u0259z.\n<\/p>\n<p>\n  D\u00fc\u015f\u00fcn\u00fcr\u0259m ki, Az\u0259rbaycan c\u0259miyy\u0259ti \u00fc\u00e7\u00fcn problemli m\u0259s\u0259l\u0259l\u0259rd\u0259n biri d\u00f6vl\u0259t v\u0259 v\u0259t\u0259nda\u015f m\u00f6vzusula ba\u011fl\u0131 marifl\u0259ndirm\u0259 i\u015fidir. Yum\u015faq des\u0259k, Az\u0259rbaycanda \u201cV\u0259t\u0259nda\u015fl\u0131q\u201d institutunun b\u0259xti g\u0259tirm\u0259yib. Bel\u0259 ki, r\u0259smi d\u00f6vl\u0259t qurumlar\u0131 \u00f6lk\u0259d\u0259 q\u00fcvv\u0259d\u0259 olan Konstitusiya v\u0259 qanunlar \u00e7\u0259r\u00e7iv\u0259sind\u0259 f\u0259al, f\u0259aliyy\u0259tinin proqnozla\u015fd\u0131r\u0131lmas\u0131 \u00e7\u0259tin olan, \u201cip\u0259-sapa yatmayan\u201d v\u0259t\u0259nda\u015f\u0131n m\u00f6vc\u00fcd olmas\u0131nda maraql\u0131 deyil, onun h\u0259r hans\u0131 formada c\u00fcc\u0259rm\u0259sin\u0259 is\u0259 aqressiv yana\u015f\u0131r v\u0259 ilk imkandaca onu k\u00f6k\u00fcnd\u0259n, h\u0259tta \u0259xlaqa v\u0259 m\u0259n\u0259viyyata s\u0131\u011fmayan formada m\u0259hv etm\u0259y\u0259 s\u0259y g\u00f6st\u0259rir. Bu s\u0259b\u0259bd\u0259n c\u0259miyy\u0259timiz f\u0259al v\u0259t\u0259nda\u015f yeti\u015fdirm\u0259 problemil\u0259 \u00fcz-\u00fcz\u0259dir.\n<\/p>\n<p>\n  Normal c\u0259miyy\u0259tl\u0259rd\u0259 h\u00f6kum\u0259t s\u0259lahiyy\u0259tin\u0259 daxil olan m\u0259s\u0259l\u0259l\u0259rl\u0259 ba\u011fl\u0131 v\u0259t\u0259nda\u015flarla dialoqa s\u0259y g\u00f6st\u0259rir, onlara hesabat verir, bu v\u0259 ya dig\u0259r x\u00fcsusatla ba\u011fl\u0131 v\u0259t\u0259nda\u015f\u0131n m\u00f6vqeyini \u00f6yr\u0259nm\u0259y\u0259 \u00e7al\u0131\u015f\u0131r, h\u0259tta onlar\u0131n f\u0259alla\u015fd\u0131rl\u0131mas\u0131 \u00fc\u00e7\u00fcn m\u00fcxt\u0259lif layih\u0259l\u0259r h\u0259yata ke\u00e7irir. \u018fg\u0259r h\u0259r hans\u0131 probleml\u0259 ba\u011fl\u0131 h\u00f6kum\u0259t\u0259 siqnal daxil olursa, reaksiya olaraq d\u0259rhal aidiyyati v\u0259t\u0259nda\u015f c\u0259miyy\u0259ti qurumlar\u0131 vasit\u0259sil\u0259 v\u0259t\u0259nda\u015flar m\u0259lumatland\u0131r\u0131l\u0131r v\u0259 s\u00f6z\u00fcged\u0259n problemin h\u0259llil\u0259 ba\u011fl\u0131 onlar\u0131n m\u00f6vqeyi \u00f6yr\u0259nilir v\u0259 bu istiqam\u0259td\u0259 v\u0259t\u0259nda\u015f stimulla\u015fd\u0131r\u0131l\u0131r. Nec\u0259 dey\u0259rl\u0259r, h\u00f6kum\u0259t v\u0259t\u0259nda\u015f\u0131 d\u0259v\u0259t edir, onda motivasiya yaratma\u011fa c\u0259hd edir v\u0259 problemin h\u0259lli \u00fc\u00e7\u00fcn onlar\u0131 birl\u0259\u015fdirir. Bunun \u00fc\u00e7\u00fcn h\u0259tta haz\u0131rda Avropa d\u00f6vl\u0259tl\u0259rinin \u0259ks\u0259riyy\u0259tind\u0259 m\u0259kt\u0259bl\u0259rd\u0259 f\u0259al v\u0259t\u0259nda\u015f formala\u015fd\u0131rmaqla ba\u011fl\u0131 x\u00fcsusi f\u0259nn t\u0259dris edilir.\n<\/p>\n<p>\n  F\u0259al v\u0259t\u0259nda\u015f formala\u015fd\u0131rma i\u015fi Az\u0259rbaycan kimi avtoritar \u00f6lk\u0259l\u0259rd\u0259 bir drama hesab edilir. Ona g\u00f6r\u0259 d\u0259 bizim \u00fc\u00e7\u00fcn bel\u0259 m\u0259s\u0259l\u0259l\u0259r arzu olaraq qal\u0131r v\u0259 yax\u0131n perspektivd\u0259 d\u00f6vl\u0259timizin bu prinsipl\u0259rl\u0259 idar\u0259 olunmas\u0131na ke\u00e7id\u0259 \u00fcmidl\u0259r \u00fcf\u00fcqd\u0259 bel\u0259 g\u00f6rs\u0259nmir. Amma bu, he\u00e7 d\u0259 c\u0259miyy\u0259timizin passiv qalmas\u0131na haqq qazand\u0131ra bilm\u0259z v\u0259 indiki \u015f\u0259raitd\u0259 bu istiqam\u0259td\u0259 olan bir s\u0131ra i\u015fl\u0259ri m\u00fcxalif siyasi partiyalar, m\u00fcxt\u0259lif v\u0259t\u0259nda\u015f c\u0259miyy\u0259ti strukturlar\u0131 v\u0259 ayr\u0131-ayr\u0131 f\u0259al v\u0259t\u0259nda\u015flar \u00f6z \u00fcz\u0259rin\u0259 g\u00f6t\u00fcrm\u0259y\u0259 borcludur.\n<\/p>\n<p>\n  F\u0259al v\u0259t\u0259nda\u015fl\u0131q h\u0259r bir v\u0259t\u0259nda\u015f\u0131n ya\u015fad\u0131\u011f\u0131 m\u00fchitd\u0259n ba\u015flayaraq, \u0259traf\u0131nda c\u0259r\u0259yan ed\u0259n v\u0259 c\u0259miyy\u0259tin m\u0259nafeyin\u0259 uy\u011fun olan i\u015fl\u0259rd\u0259 onun i\u015ftirak\u0131n\u0131 \u015f\u0259rtl\u0259ndirir. Bu zaman publik debatlarda, siyasi prosesl\u0259rd\u0259 v\u0259 demokratik institutlar\u0131n i\u015find\u0259 i\u015ftirak vacib t\u0259l\u0259bdir. D\u00fcnyan\u0131n apar\u0131c\u0131 sosioloqlar\u0131 iddia edirl\u0259r ki, bu n\u00f6v i\u015fl\u0259r\u0259d\u0259 v\u0259t\u0259nda\u015f\u0131n i\u015ftirak etm\u0259diyi v\u0259 onun k\u00fcnc\u0259 s\u0131x\u0131ld\u0131\u011f\u0131 v\u0259 ya s\u0131x\u0131\u015fd\u0131r\u0131ld\u0131\u011f\u0131 (marginalla\u015fd\u0131\u011f\u0131) c\u0259miyy\u0259tl\u0259rd\u0259 hans\u0131sa norma, d\u0259y\u0259r v\u0259 \u0259xlaq\u0131n inki\u015faf\u0131ndan s\u00f6hb\u0259t ged\u0259 bilm\u0259z. \u018flb\u0259tt\u0259, f\u0259al v\u0259t\u0259nda\u015fl\u0131q f\u0259rdd\u0259n m\u00fc\u0259yy\u0259n keyfiyy\u0259tl\u0259rin da\u015f\u0131y\u0131c\u0131s\u0131 olmas\u0131n\u0131 t\u0259l\u0259b edir. Bu bir t\u0259r\u0259fd\u0259n fikrini ifad\u0259 etm\u0259k, kifay\u0259tedici biliy\u0259 malik olmaq v\u0259 siyasi prosesl\u0259rd\u0259n ba\u015f \u00e7\u0131xarmaq il\u0259 ba\u011fl\u0131d\u0131rsa, dig\u0259r t\u0259r\u0259fd\u0259n inand\u0131rma, qulaq asma, g\u00fcz\u0259\u015ft\u0259 getm\u0259 bacar\u0131\u011f\u0131 il\u0259 \u015f\u0259rtl\u0259nir.\n<\/p>\n<p>\n  F\u0259al v\u0259t\u0259nda\u015fl\u0131q etm\u0259k \u00fc\u00e7\u00fcn h\u0259r bir f\u0259rdin \u201cv\u0259t\u0259nda\u015fl\u0131q\u201d statusunun m\u0259zmunu il\u0259 ba\u011fl\u0131 b\u0259zi bilgil\u0259r\u0259 malik olmas\u0131 da \u015f\u0259rtdir. Bel\u0259 statusun m\u0259zmununa a\u015fa\u011f\u0131dak\u0131 aspektl\u0259r daxildir:\n<\/p>\n<p>\n  1) h\u00fcquqi aspekt: bu, \u00f6z\u00fcnd\u0259 b\u00fct\u00fcn v\u0259t\u0259nda\u015flar\u0131n, onlar\u0131n malik oldu\u011fu h\u00fcquqlar v\u0259 da\u015f\u0131d\u0131\u011f\u0131 v\u0259zif\u0259l\u0259rl\u0259 ba\u011fl\u0131, qanun qar\u015f\u0131s\u0131nda b\u0259rab\u0259r olmas\u0131n\u0131 ehtiva edir. H\u00fcquqi aspekt qanunlarla elan edil\u0259n h\u00fcquqlara m\u00fcnasib\u0259td\u0259 b\u00fct\u00fcn v\u0259t\u0259nda\u015flara b\u0259rab\u0259r imkanlar v\u0259d edir. T\u0259hsil h\u00fcququ il\u0259 ba\u011fl\u0131 b\u00fct\u00fcn v\u0259t\u0259nda\u015flar \u00fc\u00e7\u00fcn b\u0259rab\u0259r start imkanlar\u0131, orduda xidm\u0259tl\u0259 ba\u011fl\u0131 \u00f6hd\u0259liyin ham\u0131n\u0131n b\u0259rab\u0259r b\u00f6l\u00fc\u015fm\u0259si misal\u0131 v\u0259t\u0259nda\u015fl\u0131\u011f\u0131n h\u00fcquqi aspektinin dair\u0259sini, m\u0259nc\u0259, yax\u015f\u0131 c\u0131z\u0131r. M\u00fcst\u0259qil m\u0259hk\u0259m\u0259 sistemi v\u0259t\u0259nda\u015f\u0131l\u0131\u011f\u0131n h\u00fcquqi aspektinin t\u0259minat\u00e7\u0131s\u0131 rolunda \u00e7\u0131x\u0131\u015f edir.\n<\/p>\n<p>\n  2) siyasi aspekt: bu, h\u0259r bir v\u0259t\u0259nda\u015f\u0131n siyas\u0259td\u0259 passiv v\u0259 aktiv i\u015ftirak\u0131n\u0131 \u015f\u0259rtl\u0259ndirir. M\u0259lumdur ki, ke\u015fmi\u015f sovet rejimind\u0259 DTK (KQB) adland\u0131r\u0131lan n\u0259h\u0259ng bir sistemin \u0259sas v\u0259zif\u0259l\u0259rind\u0259n biri v\u0259t\u0259nda\u015flar\u0131 siyas\u0259tl\u0259 m\u0259\u015f\u011ful olmaqdan \u00e7\u0259kidirm\u0259k idi. H\u0259min sistemin varisl\u0259ri olan Az\u0259rbaycan\u0131n haz\u0131rk\u0131 x\u00fcsusi xidm\u0259t orqanlar\u0131 s\u00f6z\u00fc ged\u0259n funksiyan\u0131 da v\u0259r\u0259s\u0259lik yolu il\u0259 \u0259xz etmi\u015f, insanlar\u0131 siyas\u0259tl\u0259 m\u0259\u015f\u011ful olmaqdan \u00e7\u0259kindirm\u0259k \u00fc\u00e7\u00fcn a\u011fla g\u0259l\u0259n v\u0259 g\u0259lm\u0259y\u0259n b\u00fct\u00fcn vasit\u0259l\u0259rd\u0259n istifad\u0259 edirl\u0259r. \u018fslind\u0259 is\u0259 siyas\u0259tl\u0259 m\u0259\u015f\u011ful olma h\u0259r bir f\u0259rdin v\u0259t\u0259nda\u015fl\u0131q borcudur. Siyasi aspekt d\u0259 h\u0259r bir v\u0259t\u0259nda\u015fa onun respublika \u00fcs\u00fcl-idar\u0259\u00e7iliyind\u0259 d\u00f6vl\u0259t ba\u015f\u00e7\u0131s\u0131 olma\u011fa \u2013 prezidentliy\u0259, parlament \u00fczvl\u00fcy\u00fcn\u0259 v\u0259 yaxud dig\u0259r se\u00e7kili orqanlara se\u00e7ilm\u0259k h\u00fcququ (passiv) v\u0259 ya onlar\u0131 se\u00e7m\u0259k (aktiv) h\u00fcququ verir. Siyasi partiyalar\u0131n m\u00f6vc\u00fcdlu\u011fu, prezident v\u0259 parlament institutlar\u0131 v\u0259t\u0259nda\u015fl\u0131\u011f\u0131n siyasi aspektin realiz\u0259si \u00fc\u00e7\u00fcn vacib \u015f\u0259rtdir.\n<\/p>\n<p>\n  3) sosial aspekt: bu v\u0259t\u0259nda\u015f\u0131n d\u00f6vl\u0259t t\u0259r\u0259find\u0259n ayr\u0131lan sosial xidm\u0259tl\u0259r\u0259 \u00e7at\u0131ml\u0131l\u0131qda b\u0259rab\u0259rliyi ehtiva edir. B\u0259z\u0259n tez-tez e\u015fidirik ki, Qaraba\u011f m\u00fcharib\u0259sind\u0259 \u0259lil d\u00fc\u015f\u0259n v\u0259t\u0259nda\u015f \u0259lillik \u00fc\u00e7\u00fcn t\u0259yin edil\u0259n sosial haqq\u0131n\u0131 ala bilmir. V\u0259 yaxud Qaraba\u011f m\u00fcharib\u0259sind\u0259n x\u0259b\u0259ri olmayan v\u0259 ba\u015fqa s\u0259b\u0259bl\u0259rd\u0259n \u0259lil d\u00fc\u015f\u0259n v\u0259t\u0259nda\u015f bel\u0259 xidm\u0259td\u0259n istifad\u0259 edir. H\u0259r iki hal yolverilm\u0259zdir. Sosiall\u0131q eyni zamanda c\u0259miyy\u0259tin i\u015fl\u0259rind\u0259 i\u015ftirak\u00e7\u0131l\u0131\u011f\u0131 n\u0259z\u0259rd\u0259 tutur. Bu m\u0259nada \u0259g\u0259r siyasi aspekt s\u0131rf d\u00f6vl\u0259tl\u0259, d\u00f6vl\u0259ti idar\u0259 etm\u0259kd\u0259 i\u015ftirak\u00e7\u0131l\u0131qla ba\u011fl\u0131d\u0131rsa, sosial aspekt c\u0259miyy\u0259tl\u0259, c\u0259miyy\u0259tin i\u015fl\u0259rind\u0259 i\u015ftirakla da \u0259laq\u0259lidir. Normal c\u0259miyy\u0259tl\u0259rd\u0259 d\u00f6vl\u0259t bel\u0259 i\u015ftirak\u00e7\u0131l\u0131\u011f\u0131n mara\u011f\u0131nda durur. Bura m\u00fcxt\u0259lif formada t\u0259\u015f\u0259bb\u00fcsl\u0259r g\u00f6st\u0259rm\u0259k, qeyri-h\u00f6k\u00fcm\u0259t y\u00f6n\u00fcml\u00fc t\u0259sisatlar yaratmaq, k\u00f6n\u00fcll\u00fcl\u00fck prinsipl\u0259ri \u0259sas\u0131nda pozitiv n\u00fcmun\u0259l\u0259r ortaya qoymaq v\u0259 s. f\u0259aliyy\u0259tl\u0259r daxildir. V\u0259t\u0259nda\u015fl\u0131\u011f\u0131n sosial aspekti d\u00f6vl\u0259tin sosial funksiyalar da\u015f\u0131y\u0131c\u0131s\u0131 olmas\u0131n\u0131 \u015f\u0259rtl\u0259ndirir.\n<\/p>\n<p>\n  4) m\u0259d\u0259ni aspekt: bu, v\u0259t\u0259nda\u015f\u0131n f\u0259rdi indentifikasiyas\u0131na h\u00fcququnu ifad\u0259 edir. Az\u0259rbaycanda ili elan olunan multikultralizm bu aspektl\u0259 ba\u011fl\u0131 olan m\u0259s\u0259l\u0259dir. Bununla ba\u011fl\u0131 bir t\u0259r\u0259fd\u0259n v\u0259t\u0259nda\u015fl\u0131q \u00fc\u00e7\u00fcn milli, etnik v\u0259 dini m\u0259nsubiyy\u0259t baryer ola bilm\u0259z, dig\u0259r t\u0259r\u0259fd\u0259n is\u0259 bel\u0259 statusda olan h\u0259r bir f\u0259rd\u0259 \u00f6z\u00fcn\u00fcn milli, etnik, dini m\u0259nsubiyy\u0259tini ifad\u0259 etm\u0259d\u0259 v\u0259 bununla ba\u011fl\u0131 \u00f6z\u00fcn\u00fc realiz\u0259d\u0259 d\u00f6vl\u0259t azadl\u0131q imkan\u0131 verir.\n<\/p>\n<p>\n  Az\u0259rbaycanda f\u0259al v\u0259t\u0259nda\u015f olma imkan\u0131 m\u0259hdud oldu\u011fu kimi bel\u0259 statusunun m\u0259zmunu da bu g\u00fcn natamamd\u0131r. Onu \u0259t\u0259-qana g\u0259tirm\u0259k is\u0259 h\u0259r bir f\u0259rdin bu i\u015f\u0259 t\u00f6hf\u0259 verm\u0259sind\u0259 maraql\u0131 olmas\u0131ndan ke\u00e7ir&#8230;<\/p>\n","protected":false},"excerpt":{"rendered":"<p>F\u0259al v\u0259t\u0259nda\u015f formala\u015fd\u0131rma i\u015fi Az\u0259rbaycan kimi avtoritar \u00f6lk\u0259l\u0259rd\u0259 bir drama hesab edilir<\/p>\n","protected":false},"author":11,"featured_media":59062,"comment_status":"closed","ping_status":"open","sticky":false,"template":"","format":"standard","meta":{"_acf_changed":false,"_sitemap_exclude":false,"_sitemap_priority":"","_sitemap_frequency":"","footnotes":""},"categories":[51],"tags":[],"class_list":["post-176308","post","type-post","status-publish","format-standard","has-post-thumbnail","hentry","category-analitika","infinite-scroll-item","generate-columns","tablet-grid-50","mobile-grid-100","grid-parent","grid-33","no-featured-image-padding"],"acf":[],"yoast_head":"<!-- This site is optimized with the Yoast SEO plugin v27.5 - https:\/\/yoast.com\/product\/yoast-seo-wordpress\/ -->\n<title>C\u0259miyy\u0259timizin v\u0259t\u0259nda\u015fl\u0131q problemi - MEYDAN.TV<\/title>\n<meta name=\"robots\" content=\"index, follow, max-snippet:-1, max-image-preview:large, max-video-preview:-1\" \/>\n<link rel=\"canonical\" href=\"https:\/\/www.meydan.tv\/az\/article\/cemiyyetimizin-vetendasliq-problemi\/\" \/>\n<meta property=\"og:locale\" content=\"az_AZ\" \/>\n<meta property=\"og:type\" content=\"article\" \/>\n<meta property=\"og:title\" content=\"C\u0259miyy\u0259timizin v\u0259t\u0259nda\u015fl\u0131q problemi - MEYDAN.TV\" \/>\n<meta property=\"og:description\" content=\"F\u0259al v\u0259t\u0259nda\u015f formala\u015fd\u0131rma i\u015fi Az\u0259rbaycan kimi avtoritar \u00f6lk\u0259l\u0259rd\u0259 bir drama hesab edilir\" \/>\n<meta property=\"og:url\" content=\"https:\/\/www.meydan.tv\/az\/article\/cemiyyetimizin-vetendasliq-problemi\/\" \/>\n<meta property=\"og:site_name\" content=\"MEYDAN.TV\" \/>\n<meta property=\"article:published_time\" content=\"2016-05-31T17:01:22+00:00\" \/>\n<meta property=\"og:image\" content=\"https:\/\/www.meydan.tv\/wp-content\/uploads\/22453.png\" \/>\n\t<meta property=\"og:image:width\" content=\"810\" \/>\n\t<meta property=\"og:image:height\" content=\"450\" \/>\n\t<meta property=\"og:image:type\" content=\"image\/png\" \/>\n<meta name=\"author\" content=\"user-manager\" \/>\n<meta name=\"twitter:card\" content=\"summary_large_image\" \/>\n<script type=\"application\/ld+json\" class=\"yoast-schema-graph\">{\"@context\":\"https:\\\/\\\/schema.org\",\"@graph\":[{\"@type\":\"Article\",\"@id\":\"https:\\\/\\\/www.meydan.tv\\\/az\\\/article\\\/cemiyyetimizin-vetendasliq-problemi\\\/#article\",\"isPartOf\":{\"@id\":\"https:\\\/\\\/www.meydan.tv\\\/az\\\/article\\\/cemiyyetimizin-vetendasliq-problemi\\\/\"},\"author\":{\"name\":\"user-manager\",\"@id\":\"https:\\\/\\\/www.meydan.tv\\\/az\\\/#\\\/schema\\\/person\\\/10d11eccf6da3662cf5fdab9806ea91a\"},\"headline\":\"C\u0259miyy\u0259timizin v\u0259t\u0259nda\u015fl\u0131q problemi\",\"datePublished\":\"2016-05-31T17:01:22+00:00\",\"mainEntityOfPage\":{\"@id\":\"https:\\\/\\\/www.meydan.tv\\\/az\\\/article\\\/cemiyyetimizin-vetendasliq-problemi\\\/\"},\"wordCount\":1541,\"publisher\":{\"@id\":\"https:\\\/\\\/www.meydan.tv\\\/az\\\/#organization\"},\"image\":{\"@id\":\"https:\\\/\\\/www.meydan.tv\\\/az\\\/article\\\/cemiyyetimizin-vetendasliq-problemi\\\/#primaryimage\"},\"thumbnailUrl\":\"https:\\\/\\\/www.meydan.tv\\\/wp-content\\\/uploads\\\/22453.png\",\"articleSection\":[\"Analitika\"],\"inLanguage\":\"az\"},{\"@type\":\"WebPage\",\"@id\":\"https:\\\/\\\/www.meydan.tv\\\/az\\\/article\\\/cemiyyetimizin-vetendasliq-problemi\\\/\",\"url\":\"https:\\\/\\\/www.meydan.tv\\\/az\\\/article\\\/cemiyyetimizin-vetendasliq-problemi\\\/\",\"name\":\"C\u0259miyy\u0259timizin v\u0259t\u0259nda\u015fl\u0131q problemi - MEYDAN.TV\",\"isPartOf\":{\"@id\":\"https:\\\/\\\/www.meydan.tv\\\/az\\\/#website\"},\"primaryImageOfPage\":{\"@id\":\"https:\\\/\\\/www.meydan.tv\\\/az\\\/article\\\/cemiyyetimizin-vetendasliq-problemi\\\/#primaryimage\"},\"image\":{\"@id\":\"https:\\\/\\\/www.meydan.tv\\\/az\\\/article\\\/cemiyyetimizin-vetendasliq-problemi\\\/#primaryimage\"},\"thumbnailUrl\":\"https:\\\/\\\/www.meydan.tv\\\/wp-content\\\/uploads\\\/22453.png\",\"datePublished\":\"2016-05-31T17:01:22+00:00\",\"breadcrumb\":{\"@id\":\"https:\\\/\\\/www.meydan.tv\\\/az\\\/article\\\/cemiyyetimizin-vetendasliq-problemi\\\/#breadcrumb\"},\"inLanguage\":\"az\",\"potentialAction\":[{\"@type\":\"ReadAction\",\"target\":[\"https:\\\/\\\/www.meydan.tv\\\/az\\\/article\\\/cemiyyetimizin-vetendasliq-problemi\\\/\"]}]},{\"@type\":\"ImageObject\",\"inLanguage\":\"az\",\"@id\":\"https:\\\/\\\/www.meydan.tv\\\/az\\\/article\\\/cemiyyetimizin-vetendasliq-problemi\\\/#primaryimage\",\"url\":\"https:\\\/\\\/www.meydan.tv\\\/wp-content\\\/uploads\\\/22453.png\",\"contentUrl\":\"https:\\\/\\\/www.meydan.tv\\\/wp-content\\\/uploads\\\/22453.png\",\"width\":810,\"height\":450,\"caption\":\"Source:\"},{\"@type\":\"BreadcrumbList\",\"@id\":\"https:\\\/\\\/www.meydan.tv\\\/az\\\/article\\\/cemiyyetimizin-vetendasliq-problemi\\\/#breadcrumb\",\"itemListElement\":[{\"@type\":\"ListItem\",\"position\":1,\"name\":\"Ana s\u0259hif\u0259\",\"item\":\"https:\\\/\\\/www.meydan.tv\\\/az\\\/\"},{\"@type\":\"ListItem\",\"position\":2,\"name\":\"Analitika\",\"item\":\"https:\\\/\\\/www.meydan.tv\\\/az\\\/section\\\/analitika\\\/\"},{\"@type\":\"ListItem\",\"position\":3,\"name\":\"C\u0259miyy\u0259timizin v\u0259t\u0259nda\u015fl\u0131q problemi\"}]},{\"@type\":\"WebSite\",\"@id\":\"https:\\\/\\\/www.meydan.tv\\\/az\\\/#website\",\"url\":\"https:\\\/\\\/www.meydan.tv\\\/az\\\/\",\"name\":\"MEYDAN.TV\",\"description\":\"Meydan TV Az\u0259rbaycan\u0131n media m\u0259kan\u0131ndak\u0131 alternativ s\u0259sidir\",\"publisher\":{\"@id\":\"https:\\\/\\\/www.meydan.tv\\\/az\\\/#organization\"},\"potentialAction\":[{\"@type\":\"SearchAction\",\"target\":{\"@type\":\"EntryPoint\",\"urlTemplate\":\"https:\\\/\\\/www.meydan.tv\\\/az\\\/?s={search_term_string}\"},\"query-input\":{\"@type\":\"PropertyValueSpecification\",\"valueRequired\":true,\"valueName\":\"search_term_string\"}}],\"inLanguage\":\"az\"},{\"@type\":\"Organization\",\"@id\":\"https:\\\/\\\/www.meydan.tv\\\/az\\\/#organization\",\"name\":\"Meydan TV\",\"url\":\"https:\\\/\\\/www.meydan.tv\\\/az\\\/\",\"logo\":{\"@type\":\"ImageObject\",\"inLanguage\":\"az\",\"@id\":\"https:\\\/\\\/www.meydan.tv\\\/az\\\/#\\\/schema\\\/logo\\\/image\\\/\",\"url\":\"https:\\\/\\\/www.meydan.tv\\\/wp-content\\\/uploads\\\/2021\\\/07\\\/meydan-logo.svg\",\"contentUrl\":\"https:\\\/\\\/www.meydan.tv\\\/wp-content\\\/uploads\\\/2021\\\/07\\\/meydan-logo.svg\",\"width\":195,\"height\":46,\"caption\":\"Meydan TV\"},\"image\":{\"@id\":\"https:\\\/\\\/www.meydan.tv\\\/az\\\/#\\\/schema\\\/logo\\\/image\\\/\"}},{\"@type\":\"Person\",\"@id\":\"https:\\\/\\\/www.meydan.tv\\\/az\\\/#\\\/schema\\\/person\\\/10d11eccf6da3662cf5fdab9806ea91a\",\"name\":\"user-manager\"}]}<\/script>\n<!-- \/ Yoast SEO plugin. -->","yoast_head_json":{"title":"C\u0259miyy\u0259timizin v\u0259t\u0259nda\u015fl\u0131q problemi - MEYDAN.TV","robots":{"index":"index","follow":"follow","max-snippet":"max-snippet:-1","max-image-preview":"max-image-preview:large","max-video-preview":"max-video-preview:-1"},"canonical":"https:\/\/www.meydan.tv\/az\/article\/cemiyyetimizin-vetendasliq-problemi\/","og_locale":"az_AZ","og_type":"article","og_title":"C\u0259miyy\u0259timizin v\u0259t\u0259nda\u015fl\u0131q problemi - MEYDAN.TV","og_description":"F\u0259al v\u0259t\u0259nda\u015f formala\u015fd\u0131rma i\u015fi Az\u0259rbaycan kimi avtoritar \u00f6lk\u0259l\u0259rd\u0259 bir drama hesab edilir","og_url":"https:\/\/www.meydan.tv\/az\/article\/cemiyyetimizin-vetendasliq-problemi\/","og_site_name":"MEYDAN.TV","article_published_time":"2016-05-31T17:01:22+00:00","og_image":[{"width":810,"height":450,"url":"https:\/\/www.meydan.tv\/wp-content\/uploads\/22453.png","type":"image\/png"}],"author":"user-manager","twitter_card":"summary_large_image","schema":{"@context":"https:\/\/schema.org","@graph":[{"@type":"Article","@id":"https:\/\/www.meydan.tv\/az\/article\/cemiyyetimizin-vetendasliq-problemi\/#article","isPartOf":{"@id":"https:\/\/www.meydan.tv\/az\/article\/cemiyyetimizin-vetendasliq-problemi\/"},"author":{"name":"user-manager","@id":"https:\/\/www.meydan.tv\/az\/#\/schema\/person\/10d11eccf6da3662cf5fdab9806ea91a"},"headline":"C\u0259miyy\u0259timizin v\u0259t\u0259nda\u015fl\u0131q problemi","datePublished":"2016-05-31T17:01:22+00:00","mainEntityOfPage":{"@id":"https:\/\/www.meydan.tv\/az\/article\/cemiyyetimizin-vetendasliq-problemi\/"},"wordCount":1541,"publisher":{"@id":"https:\/\/www.meydan.tv\/az\/#organization"},"image":{"@id":"https:\/\/www.meydan.tv\/az\/article\/cemiyyetimizin-vetendasliq-problemi\/#primaryimage"},"thumbnailUrl":"https:\/\/www.meydan.tv\/wp-content\/uploads\/22453.png","articleSection":["Analitika"],"inLanguage":"az"},{"@type":"WebPage","@id":"https:\/\/www.meydan.tv\/az\/article\/cemiyyetimizin-vetendasliq-problemi\/","url":"https:\/\/www.meydan.tv\/az\/article\/cemiyyetimizin-vetendasliq-problemi\/","name":"C\u0259miyy\u0259timizin v\u0259t\u0259nda\u015fl\u0131q problemi - MEYDAN.TV","isPartOf":{"@id":"https:\/\/www.meydan.tv\/az\/#website"},"primaryImageOfPage":{"@id":"https:\/\/www.meydan.tv\/az\/article\/cemiyyetimizin-vetendasliq-problemi\/#primaryimage"},"image":{"@id":"https:\/\/www.meydan.tv\/az\/article\/cemiyyetimizin-vetendasliq-problemi\/#primaryimage"},"thumbnailUrl":"https:\/\/www.meydan.tv\/wp-content\/uploads\/22453.png","datePublished":"2016-05-31T17:01:22+00:00","breadcrumb":{"@id":"https:\/\/www.meydan.tv\/az\/article\/cemiyyetimizin-vetendasliq-problemi\/#breadcrumb"},"inLanguage":"az","potentialAction":[{"@type":"ReadAction","target":["https:\/\/www.meydan.tv\/az\/article\/cemiyyetimizin-vetendasliq-problemi\/"]}]},{"@type":"ImageObject","inLanguage":"az","@id":"https:\/\/www.meydan.tv\/az\/article\/cemiyyetimizin-vetendasliq-problemi\/#primaryimage","url":"https:\/\/www.meydan.tv\/wp-content\/uploads\/22453.png","contentUrl":"https:\/\/www.meydan.tv\/wp-content\/uploads\/22453.png","width":810,"height":450,"caption":"Source:"},{"@type":"BreadcrumbList","@id":"https:\/\/www.meydan.tv\/az\/article\/cemiyyetimizin-vetendasliq-problemi\/#breadcrumb","itemListElement":[{"@type":"ListItem","position":1,"name":"Ana s\u0259hif\u0259","item":"https:\/\/www.meydan.tv\/az\/"},{"@type":"ListItem","position":2,"name":"Analitika","item":"https:\/\/www.meydan.tv\/az\/section\/analitika\/"},{"@type":"ListItem","position":3,"name":"C\u0259miyy\u0259timizin v\u0259t\u0259nda\u015fl\u0131q problemi"}]},{"@type":"WebSite","@id":"https:\/\/www.meydan.tv\/az\/#website","url":"https:\/\/www.meydan.tv\/az\/","name":"MEYDAN.TV","description":"Meydan TV Az\u0259rbaycan\u0131n media m\u0259kan\u0131ndak\u0131 alternativ s\u0259sidir","publisher":{"@id":"https:\/\/www.meydan.tv\/az\/#organization"},"potentialAction":[{"@type":"SearchAction","target":{"@type":"EntryPoint","urlTemplate":"https:\/\/www.meydan.tv\/az\/?s={search_term_string}"},"query-input":{"@type":"PropertyValueSpecification","valueRequired":true,"valueName":"search_term_string"}}],"inLanguage":"az"},{"@type":"Organization","@id":"https:\/\/www.meydan.tv\/az\/#organization","name":"Meydan TV","url":"https:\/\/www.meydan.tv\/az\/","logo":{"@type":"ImageObject","inLanguage":"az","@id":"https:\/\/www.meydan.tv\/az\/#\/schema\/logo\/image\/","url":"https:\/\/www.meydan.tv\/wp-content\/uploads\/2021\/07\/meydan-logo.svg","contentUrl":"https:\/\/www.meydan.tv\/wp-content\/uploads\/2021\/07\/meydan-logo.svg","width":195,"height":46,"caption":"Meydan TV"},"image":{"@id":"https:\/\/www.meydan.tv\/az\/#\/schema\/logo\/image\/"}},{"@type":"Person","@id":"https:\/\/www.meydan.tv\/az\/#\/schema\/person\/10d11eccf6da3662cf5fdab9806ea91a","name":"user-manager"}]}},"_links":{"self":[{"href":"https:\/\/www.meydan.tv\/az\/wp-json\/wp\/v2\/posts\/176308","targetHints":{"allow":["GET"]}}],"collection":[{"href":"https:\/\/www.meydan.tv\/az\/wp-json\/wp\/v2\/posts"}],"about":[{"href":"https:\/\/www.meydan.tv\/az\/wp-json\/wp\/v2\/types\/post"}],"author":[{"embeddable":true,"href":"https:\/\/www.meydan.tv\/az\/wp-json\/wp\/v2\/users\/11"}],"replies":[{"embeddable":true,"href":"https:\/\/www.meydan.tv\/az\/wp-json\/wp\/v2\/comments?post=176308"}],"version-history":[{"count":0,"href":"https:\/\/www.meydan.tv\/az\/wp-json\/wp\/v2\/posts\/176308\/revisions"}],"wp:featuredmedia":[{"embeddable":true,"href":"https:\/\/www.meydan.tv\/az\/wp-json\/wp\/v2\/media\/59062"}],"wp:attachment":[{"href":"https:\/\/www.meydan.tv\/az\/wp-json\/wp\/v2\/media?parent=176308"}],"wp:term":[{"taxonomy":"category","embeddable":true,"href":"https:\/\/www.meydan.tv\/az\/wp-json\/wp\/v2\/categories?post=176308"},{"taxonomy":"post_tag","embeddable":true,"href":"https:\/\/www.meydan.tv\/az\/wp-json\/wp\/v2\/tags?post=176308"}],"curies":[{"name":"wp","href":"https:\/\/api.w.org\/{rel}","templated":true}]}}