{"id":176284,"date":"2016-05-30T17:37:23","date_gmt":"2016-05-30T17:37:23","guid":{"rendered":"https:\/\/www.meydan.tv\/article\/muharibenin-qadin-tanrilari\/"},"modified":"2016-05-30T17:37:23","modified_gmt":"2016-05-30T17:37:23","slug":"muharibenin-qadin-tanrilari","status":"publish","type":"post","link":"https:\/\/www.meydan.tv\/az\/article\/muharibenin-qadin-tanrilari\/","title":{"rendered":"M\u00fcharib\u0259nin qad\u0131n tanr\u0131lar\u0131&#8230;"},"content":{"rendered":"<figure class=\"wp-block-image size-large\">\n  <img decoding=\"async\" src=\"https:\/\/www.meydan.tv\/az\/58886\/\" alt=\"\" class=\"wp-image-58886\"\/><figcaption><\/figcaption><\/figure>\n<figure class=\"wp-block-image size-large\">\n  <img decoding=\"async\" src=\"https:\/\/www.meydan.tv\/az\/58889\/\" alt=\"\" class=\"wp-image-58889\"\/><figcaption><\/figcaption><\/figure>\n<p>\n  Patriarxatl\u0131\u011f\u0131n meydana g\u0259lm\u0259sind\u0259, ki\u015fi fiqurunun qaba\u011fa \u00e7\u0259kilm\u0259sind\u0259, ya da \u00fcst\u0259 \u00e7\u0131xar\u0131lmas\u0131nda, el\u0259 ki\u015fil\u0259rin \u00f6zl\u0259rinin k\u0259\u015ff etdiyi g\u00fcman edil\u0259n, m\u00fcharib\u0259l\u0259rin \u00e7ox ciddi rolu olub.\n<\/p>\n<p>\n  Tarix boyu m\u00fcharib\u0259l\u0259rin ideya vericil\u0259ri, t\u0259\u015fkilat\u00e7\u0131lar\u0131, i\u015ftirak\u00e7\u0131lar\u0131 (b\u0259zi istisnalar\u0131 g\u00f6z \u00f6n\u00fcn\u0259 almasaq) ki\u015fil\u0259r say\u0131l\u0131r, ba\u015fqa c\u00fcr des\u0259k, m\u00fcharib\u0259y\u0259 ki\u015fi s\u0259n\u0259ti kimi bax\u0131l\u0131r. Bu bax\u0131\u015f, \u00e7ox zaman \u201cqad\u0131n\u201d\u0259v\u0259zin\u0259 i\u015fl\u0259dil\u0259n \u201carvad\u201d s\u00f6z\u00fcn\u00fcn h\u0259m t\u0259hqir, s\u00f6y\u00fc\u015f, m\u0259sx\u0259r\u0259 doldurulmu\u015f m\u0259zmunda qavranmas\u0131na, h\u0259m d\u0259 d\u00f6y\u00fc\u015f\u00fcn, c\u0259sar\u0259tin, igidliyin, qorxmazl\u0131\u011f\u0131n antonimi kimi q\u0259bul edilm\u0259sin\u0259 yol a\u00e7\u0131r.\n<\/p>\n<p>\n  Bu yaz\u0131mda m\u00fcharib\u0259nin ilk d\u0259f\u0259 harada, n\u0259 zaman, n\u0259 \u00fcst\u00fcnd\u0259, n\u0259 q\u0259d\u0259r m\u00fcdd\u0259td\u0259, n\u0259 il\u0259, nec\u0259 edildiyin\u0259 toxunmayaca\u011fam. Q\u0259dim insanlar\u0131n min ill\u0259r boyunca inand\u0131\u011f\u0131, idolunu, b\u00fct\u00fcn\u00fc, heyk\u0259lini d\u00fcz\u0259ldib sitayi\u015f etdiyi, qurbanlar verdiyi, ad\u0131na ilahil\u0259r qo\u015fub kultlar, rituallar ke\u00e7irdiyi, m\u0259b\u0259dl\u0259r, \u015f\u0259h\u0259rl\u0259r qurdu\u011fu, simvolunu ba\u015flar\u0131n\u0131n \u00fcz\u0259rind\u0259 g\u0259zdirdiyi (ilk bayraqlar bel\u0259 yaran\u0131b) m\u00fcharib\u0259 tanr\u0131lar\u0131ndan yazaca\u011fam:\n<\/p>\n<p>\n  &#8211; m\u00fcharib\u0259l\u0259rd\u0259 hans\u0131 t\u0259r\u0259fin qalib, ya da m\u0259\u011flub olaca\u011f\u0131na q\u0259rar ver\u0259n, \u0259sg\u0259rl\u0259ri bu d\u00fcnyada v\u0259 o d\u00fcnyada qoruyan, d\u00f6y\u00fc\u015fl\u0259rd\u0259 n\u0259r\u0259 \u00e7\u0259kib d\u00fc\u015fm\u0259nin can\u0131na qorxu salan, b\u0259z\u0259n d\u00f6y\u00fc\u015fl\u0259r\u0259 girib vuru\u015fan, ba\u015f\u00e7\u0131n\u0131, \u00f6lk\u0259ni, yurdu qoruyan m\u00fcharib\u0259 tanr\u0131lar\u0131ndan;\n<\/p>\n<p>\n  -bir az da konkretl\u0259\u015fdirs\u0259k: m\u00fcharib\u0259nin qad\u0131n cinsind\u0259 t\u0259s\u0259vv\u00fcr edil\u0259n tanr\u0131lar\u0131ndan; (ki\u015fi m\u00fcharib\u0259 tanr\u0131lar\u0131 daha sonrak\u0131 d\u00f6vrl\u0259rd\u0259 meydana \u00e7\u0131x\u0131b. Bu m\u00f6vzuya n\u00f6vb\u0259ti yaz\u0131mda geni\u015f yer ver\u0259c\u0259y\u0259m);\n<\/p>\n<p>\n  &#8211; d\u00fcnyan\u0131n dem\u0259k olar ki, h\u0259r yan\u0131nda g\u00fcc, hakimiyy\u0259t simvolu kimi aslan, p\u0259l\u0259ng, b\u0259birl\u0259rl\u0259, b\u0259z\u0259n qu\u015flarla (Humay qu\u015fu); \u00f6l\u00fcm simvolu kimi qar\u011fa-quz\u011funlarla; d\u00f6y\u00fc\u015f simvolu kimi m\u00fcxt\u0259lif silahlarla t\u0259svir edil\u0259n bu di\u015fi allahlardan: Yax\u0131n v\u0259 Orta \u015e\u0259rqd\u0259\u2013\u0130nanna, Nanayya, \u0130\u015ftar, Astarte, A\u015ftoret, Anat, Kade\u015f Atarqatis, Nahunta, Anahit, Aqasaya; Misird\u0259 \u2013 Neit, Saxmet, Menhit, Pakhet; Hindistanda \u2013 Durqa, Skandamata, Chamunda, Kali, Kathyayini, Kottravey; Yunan\u0131standa \u2013 Afina, Alala, Enyo, Bia, Eri\u015f; Anadoluda \u2013 Kibele, Nike, Soska, \u015eau\u015fka; Romada \u2013 Viktoriya, Minerva, Nerio, Bellona; Avropada \u2013 Morriqan, Alaisiagae, Namxeyn, Anu, Bandha, Cathubodva, Maxa, Neman, Badb, Andarta, Andraste, Aefron, Freyya, Aqrona; Asiyada \u2013 Humay, Bayana; Amerikada\u2013 (aztekl\u0259rd\u0259) Siuakoatl; Afrikada \u2013Oya, \u0130fri; Latviyda\u2013 Kare Mate&#8230;\n<\/p>\n<p>\n  M\u00fcharib\u0259-qad\u0131n paradoksu il\u0259 \u201cm\u00fcharib\u0259nin qad\u0131n tanr\u0131lar\u0131\u201danlay\u0131\u015f\u0131 uyu\u015furmu? Hans\u0131 s\u0259b\u0259bd\u0259n m\u00fcharib\u0259 tanr\u0131lar\u0131 qad\u0131n cinsind\u0259 idil\u0259r?\n<\/p>\n<p>\n  H\u0259r \u015feyd\u0259n qabaq bu qad\u0131n-tanr\u0131lar\u0131n t\u0259kc\u0259 m\u00fcharib\u0259 tanr\u0131lar\u0131 olmad\u0131\u011f\u0131n\u0131 dem\u0259k laz\u0131md\u0131r. M\u00fcharib\u0259l\u0259r meydana g\u0259l\u0259n\u0259 q\u0259d\u0259r onlar sevgi, do\u011fum, b\u0259r\u0259k\u0259t, m\u0259hsuldarl\u0131q i\u015fin\u0259 bax\u0131rd\u0131lar. M\u00fcharib\u0259 bir xalq\u0131n, \u00f6lk\u0259nin \u00f6l\u00fcm-dirim m\u0259s\u0259l\u0259si oldu\u011funa g\u00f6r\u0259, onun taleyini h\u0259ll ed\u0259n tanr\u0131 \u2013 tanr\u0131lar\u0131n \u0259n g\u00fccl\u00fcs\u00fc, \u0259n q\u00fcdr\u0259tlisi, \u0259n a\u011f\u0131ll\u0131s\u0131, \u0259n \u0259v\u0259zedilm\u0259zi olmal\u0131yd\u0131. Bu kriteriy\u0259 uy\u011fun g\u0259l\u0259n tanr\u0131lar is\u0259 yuxar\u0131da deyildiyi kimi sevgi, do\u011fum v\u0259 b\u0259r\u0259k\u0259t tanr\u0131lar\u0131 idi.\n<\/p>\n<p>\n  Arxeoloqlara g\u00f6r\u0259 d\u00fcnyada ilk m\u00fcharib\u0259 7 min il \u0259vv\u0259l Misird\u0259 ba\u015f verib. Buran\u0131n Suriya oldu\u011funu dey\u0259nl\u0259r d\u0259 var. M\u00fcharib\u0259l\u0259r meydana g\u0259l\u0259n vaxtlar hakim ilahi status ana-tanr\u0131lara, ya da m\u00fcxt\u0259lif t\u0259bi\u0259t \u00fcns\u00fcrl\u0259ri kimi qavran\u0131lan di\u015fi g\u00fccl\u0259r\u0259 m\u0259xsus idi. Q\u0259dimd\u0259 do\u011fum, yaratma, b\u0259r\u0259k\u0259t, m\u0259hsuldarl\u0131q tanr\u0131lar\u0131 il\u0259 yana\u015f\u0131,qida axtar\u0131\u015f\u0131na k\u00f6m\u0259k ed\u0259n ov tanr\u0131lar\u0131 da qad\u0131n cinsind\u0259 d\u00fc\u015f\u00fcn\u00fcl\u00fcrd\u00fc. Tanr\u0131n\u0131n erk\u0259k (m\u0259s\u0259l\u0259n, bu\u011fa), ya da ki\u015fi formas\u0131nda (andropomorf) t\u0259s\u0259vv\u00fcr\u00fc daha sonrak\u0131 d\u00f6vrl\u0259rin b\u0259hr\u0259sidir.\n<\/p>\n<p>\n  Arxaik insanlar \u00f6l\u00fcmd\u0259n sonra yenid\u0259n do\u011fulacaqlar\u0131na inand\u0131qlar\u0131na g\u00f6r\u0259 do\u011fum tanr\u0131lar\u0131n\u0131 h\u0259m d\u0259 yenid\u0259n do\u011fuma m\u0259sul hesab edirdil\u0259r. Bu s\u0259b\u0259bd\u0259n d\u0259 m\u0259zarlara, bir d\u0259f\u0259 d\u0259 d\u00fcnyaya g\u0259lm\u0259yi asanla\u015fd\u0131rs\u0131n v\u0259 tezl\u0259\u015fdirsin dey\u0259 ana-tanr\u0131n\u0131n ki\u00e7ik b\u00fctl\u0259rini, ya da simvollar\u0131n\u0131 qoyurdular. (Yeri g\u0259lmi\u015fk\u0259n,dinl\u0259rd\u0259 \u00f6l\u00fcl\u0259rin yenid\u0259n diril\u0259c\u0259yi ideyas\u0131 bel\u0259 t\u0259s\u0259vv\u00fcrl\u0259rin qal\u0131\u011f\u0131d\u0131r. Monoteist dinl\u0259rin h\u0259r \u00fc\u00e7\u00fcnd\u0259 \u2013 y\u0259hudilikd\u0259, xristianl\u0131qda v\u0259 islamda bu ideya var.) Sonralar \u00f6l\u00fcm haqq\u0131nda insanlar\u0131n fikirl\u0259rind\u0259 b\u0259lli d\u0259yi\u015fiklikl\u0259r ba\u015f vers\u0259 d\u0259, qad\u0131n-tanr\u0131lar\u0131n \u00f6l\u00fcml\u0259 assosiasiya olmas\u0131 davam etdi.\n<\/p>\n<p>\n  Bel\u0259likl\u0259, h\u0259yat ver\u0259n, b\u0259sl\u0259y\u0259n v\u0259 qoruyan x\u00fcsusiyy\u0259tl\u0259rl\u0259, \u00f6ld\u00fcr\u0259n v\u0259 t\u0259krar h\u0259yata g\u0259tir\u0259n\u2013 dirild\u0259n,can ver\u0259n-can alan, yaradan-da\u011f\u0131dan, b\u0259r\u0259k\u0259t paylayan-acl\u0131q g\u0259tir\u0259n x\u00fcsusiyy\u0259tl\u0259r ana-tanr\u0131 obraz\u0131nda birl\u0259\u015fdi.\n<\/p>\n<p>\n  Sava\u015flar meydana \u00e7\u0131xandan v\u0259 k\u00fctl\u0259vil\u0259\u015f\u0259nd\u0259n, h\u0259tta \u201cki\u015fi s\u0259n\u0259ti\u201d say\u0131landan sonra do\u011fuma, b\u0259r\u0259k\u0259t\u0259, m\u0259hsuldarl\u0131\u011fa, ova yiy\u0259lik ed\u0259n ana-tanr\u0131lar ordunu da qoruyan, \u015fans g\u0259tir\u0259n, q\u0259l\u0259b\u0259 ver\u0259n, \u0259sg\u0259r ruhlar\u0131n\u0131 himay\u0259 ed\u0259n, b\u0259z\u0259n d\u0259 onlar\u0131n \u00f6l\u00fcm\u00fcn\u0259 s\u0259b\u0259b olan g\u00fc\u00e7 yiy\u0259l\u0259ri kimi d\u0259 d\u00fc\u015f\u00fcn\u00fclm\u0259y\u0259 ba\u015flad\u0131.\n<\/p>\n<p>\n  TAR\u0130X\u0130N \u0130LK QADIN SAVA\u015e TANRISI \u2013 \u0130NANNA\n<\/p>\n<p>\n  \u201cTarixin ba\u015flan\u011f\u0131c\u0131\u201dnda (Kramer) dayanan sumerlil\u0259rin inam sistemind\u0259 \u0259n q\u00fcdr\u0259tli tanr\u0131lardan biri d\u0259, h\u00f6km\u00fc h\u0259m yerl\u0259r\u0259, h\u0259m d\u0259 g\u00f6yl\u0259r\u0259 \u00e7atan qad\u0131n-tanr\u0131 \u0130nannad\u0131r. Yax\u0131n v\u0259 Orta \u015e\u0259rq bir yana dursun, Hindistandan Sibir\u0259c\u0259n, Afrikadan Avropayacan \u2013 bu qad\u0131n-tanr\u0131n\u0131n t\u0259sirl\u0259rinin yay\u0131ld\u0131\u011f\u0131n\u0131 g\u00f6r\u00fcr\u00fck.\n<\/p>\n<figure class=\"wp-block-image size-large\">\n  <img decoding=\"async\" src=\"https:\/\/www.meydan.tv\/az\/inanna\/\" alt=\"\u0130nanna\" class=\"wp-image-58892\"\/><figcaption>\n    \u0130nanna<br \/>\n  <\/figcaption><\/figure>\n<p>\n  \u0130nanna e\u015fq tanr\u0131s\u0131 olmaqla yana\u015f\u0131, h\u0259m d\u0259 m\u00fcharib\u0259 tanr\u0131s\u0131 idi. Onun ax\u015fam ulduzu Venera (Z\u00f6hr\u0259) sevgini, s\u0259h\u0259r (dan) ulduzu is\u0259 sava\u015f\u0131 t\u0259msil edirdi.\n<\/p>\n<p>\n  Yaz bayram\u0131 (indiki Novruz) \u0259r\u0259f\u0259sind\u0259 \u0130nanna il\u0259 Dumuzinin h\u0259r d\u0259f\u0259 yenil\u0259n\u0259n toyunda \u0130nannan\u0131n r\u0259mzi musiqi al\u0259ti kimi \u00e7\u0259ngd\u0259n, Dumuzinin r\u0259mzi musiqi al\u0259ti kimi t\u00fct\u0259kd\u0259n istifad\u0259 edilirdi. Yeri g\u0259lmi\u015fk\u0259n, Dumuzi h\u0259m d\u0259 ki\u00e7ik ba\u015fl\u0131 heyvanlar\u0131n\u2013 qoyun-quzu s\u00fcr\u00fcl\u0259rinin tanr\u0131s\u0131 oldu\u011funa g\u00f6r\u0259 ona \u00e7oban tanr\u0131s\u0131 da deyilirdi. (\u0130lahi bir titul say\u0131lan \u00e7oban titulu ta xristianl\u0131\u011fa q\u0259d\u0259r g\u0259lib \u00e7at\u0131b:\u0130sa da \u00e7oban adland\u0131r\u0131l\u0131rd\u0131.) Bel\u0259likl\u0259, t\u00fct\u0259k coban tanr\u0131s\u0131 Dumuzinin m\u00fcq\u0259dd\u0259s al\u0259ti oldu\u011fundan, indiy\u0259d\u0259k \u00e7obanlar\u0131n musiqi al\u0259ti kimi istifad\u0259 edilir. T\u00fct\u0259k s\u0259sini dinl\u0259y\u0259-dinl\u0259y\u0259 otlayan s\u00fcr\u00fcn\u00fcn b\u0259r\u0259k\u0259tli olaca\u011f\u0131na inam h\u0259l\u0259 d\u0259 ya\u015fay\u0131r.\n<\/p>\n<p>\n  C\u018fNG\u0130 V\u018f \u0130NANNA\n<\/p>\n<p>\n  \u0130nannan\u0131n musiqi al\u0259ti \u00e7\u0259ng h\u0259m d\u0259 sava\u015f il\u0259 ba\u011fl\u0131 bir simli musiqi al\u0259ti idi. Sonralar \u00e7\u0259ng sava\u015f m\u0259nas\u0131nda (c\u0259ng) i\u015fl\u0259dilm\u0259y\u0259 ba\u015flad\u0131. \u201eC\u0259ngav\u0259r\u201c s\u00f6z\u00fcnd\u0259 g\u00f6r\u00fcld\u00fcy\u00fc kimi c\u0259ng s\u00f6z\u00fc sava\u015fla d\u00f6y\u00fc\u015fl\u0259, g\u00fcl\u0259\u015fl\u0259 \u0259laq\u0259lidir. Az\u0259rbaycan h\u0259rbi r\u0259qsl\u0259rind\u0259n biri d\u0259 c\u0259ngi adlan\u0131r. San\u0131ram ki, bu r\u0259qsin k\u00f6k\u00fc sava\u015f tanr\u0131s\u0131 \u0130nannan\u0131n \u00e7\u0259ng musiqi al\u0259tin\u0259 q\u0259d\u0259r gedib \u00e7\u0131x\u0131r. H\u0259m h\u0259rbi m\u0259rasiml\u0259rd\u0259, h\u0259m sava\u015flarda, h\u0259md\u0259 Yaz bayram\u0131 \u0259r\u0259f\u0259sind\u0259ki g\u00fcl\u0259\u015f yar\u0131\u015flar\u0131nda v\u0259 p\u0259hlivanlar\u0131n i\u015ftirak etdiyi zorxanalarda c\u0259ngi \u00e7al\u0131n\u0131rd\u0131. Bu \u0259n\u0259n\u0259 d\u0259 Az\u0259rbaycanda indiy\u0259 kimi qorunur. Az\u0259rbaycan\u0131n \u0259n q\u0259dim r\u0259qsl\u0259rind\u0259n biri \u2013 C\u0259ngi d\u00f6y\u00fc\u015f ruhu il\u0259 doludur.\n<\/p>\n<p>\n  G\u00d6Z MUNCU\u011eU V\u018f \u0130NANNA\n<\/p>\n<p>\n  \u0130nannan\u0131n somvollar\u0131ndan bir d\u0259 g\u00f6z idoludur.\n<\/p>\n<p>\n  G\u00f6z idollar\u0131na ilk d\u0259f\u0259 1937-38-ci ill\u0259rd\u0259 Quzey Suriyada Tell Barak (q\u0259dim Naqar) \u015f\u0259h\u0259rind\u0259 Mallowan t\u0259r\u0259find\u0259n G\u00f6z m\u0259b\u0259di (Eye Temple) ad\u0131 veril\u0259n yerd\u0259, qaz\u0131nt\u0131larda rast g\u0259linmi\u015fdir. Suriyada, \u0130raqda, \u0130randa, \u0130sraild\u0259, T\u00fcrkiy\u0259d\u0259 minl\u0259rl\u0259 g\u00f6z idollar\u0131 tap\u0131lm\u0131\u015fd\u0131r.\n<\/p>\n<p>\n  Q\u0259dim Sumerd\u0259 g\u00f6z kultu \u00e7ox geni\u015f yay\u0131lm\u0131\u015fd\u0131. G\u00f6z idollar\u0131 Sumer ana-tanr\u0131s\u0131 Ninqal v\u0259 onun q\u0131z\u0131 \u0130nannan\u0131 simvoliz\u0259 edirdi. Sumer m\u0259tnl\u0259rind\u0259 \u0130nannan\u0131n \u201ch\u0259r \u015feyi bil\u0259n, g\u00f6r\u0259n, h\u0259r \u015fey\u0259 n\u0259zar\u0259t ed\u0259n\u201d g\u00f6zl\u0259ri il\u0259 ba\u011fl\u0131 \u00e7oxlu ifad\u0259l\u0259r var.\n<\/p>\n<p>\n  Q\u0259dim Sumer \u015f\u0259h\u0259ri Urukun xarabal\u0131qlar\u0131nda tap\u0131lan, haz\u0131rda Luvr muzeyind\u0259 saxlan\u0131lan bir silindr m\u00f6h\u00fcr\u00fc var. M\u00f6h\u00fcr\u00fcn \u00fcz\u0259rind\u0259 qad\u0131n-tanr\u0131 \u0130nannan\u0131n, daha do\u011frusu onun simvolu kimi g\u00f6z idolunun qar\u015f\u0131s\u0131nda s\u0259cd\u0259 v\u0259ziyy\u0259tind\u0259 oturub yalvaran, ondan n\u0259 is\u0259 ist\u0259y\u0259n qad\u0131nlar t\u0259svir olunub.\n<\/p>\n<p>\n  T\u00fcrkiy\u0259d\u0259 Hac\u0131n\u0259bi t\u0259p\u0259sind\u0259 gec kalkolitik d\u00f6vr\u0259 aid (e.\u0259. 3850-3650) tap\u0131lan silindr m\u00f6h\u00fcr\u00fcnd\u0259 d\u0259 Uruk m\u00f6h\u00fcr\u00fcn\u0259 ox\u015far kompozisiya \u0259ks olunub: \u0259ll\u0259rind\u0259 d\u00f6y\u00fc\u015f al\u0259ti \u2013 yay tutub sol t\u0259r\u0259f\u0259 do\u011fru ged\u0259n adamlar v\u0259 sa\u011f t\u0259r\u0259fd\u0259 \u0130nannan\u0131n g\u00f6z \u015f\u0259klind\u0259 olan simvolu qar\u015f\u0131s\u0131nda \u00e7\u00f6mb\u0259lib yalvar\u0131rcas\u0131na oturan iki qad\u0131n. \u00c7ox b\u00f6y\u00fck ehtimalla burada da \u0259rl\u0259rini sava\u015fa yola salan qad\u0131nlar\u0131n sava\u015f tanr\u0131s\u0131 \u0130nannaya yalvarmalar\u0131 ifad\u0259 edilib.\n<\/p>\n<p>\n  Yeri g\u0259lmi\u015fk\u0259n, onu da dey\u0259k ki, qoruyuculuq funksiyas\u0131n\u0131 saxlamaqla g\u00f6z idollar\u0131 yava\u015f-yava\u015f miniat\u00fcrl\u0259\u015f\u0259r\u0259k, g\u00f6z muncu\u011fu, n\u0259z\u0259rlik formas\u0131na d\u00fc\u015f\u00fcb. Bu g\u00fcn d\u0259 k\u00f6rp\u0259 u\u015faqlar\u0131n qoluna, boynuna tax\u0131lan g\u00f6z muncu\u011fundak\u0131 g\u00f6z simvolunun k\u00f6k\u00fc \u0130nannan\u0131n qoruyucu v\u0259 pis ruhlar\u0131 m\u0259hv ed\u0259n g\u00f6zl\u0259rin\u0259 dayan\u0131r.\n<\/p>\n<p>\n  (ard\u0131 var)\n<\/p>\n<div>\n<p>\n      <b><br \/>\n        Yaz\u0131 m\u00fc\u0259llifin \u015f\u0259xsi m\u00f6vqeyini \u0259ks etdirir. M\u00fc\u0259llifin m\u00f6vqeyi Meydan.Tv-nin m\u00f6vqeyi il\u0259 \u00fcst-\u00fcst\u0259 d\u00fc\u015fm\u0259y\u0259 bil\u0259r.<br \/>\n      <\/b>\n    <\/p>\n<\/p><\/div><\/p>\n","protected":false},"excerpt":{"rendered":"<p>(1-ci yaz\u0131)<\/p>\n","protected":false},"author":11,"featured_media":58886,"comment_status":"closed","ping_status":"open","sticky":false,"template":"","format":"standard","meta":{"_acf_changed":false,"_sitemap_exclude":false,"_sitemap_priority":"","_sitemap_frequency":"","footnotes":""},"categories":[57],"tags":[],"class_list":["post-176284","post","type-post","status-publish","format-standard","has-post-thumbnail","hentry","category-menim-fikrimce","infinite-scroll-item","generate-columns","tablet-grid-50","mobile-grid-100","grid-parent","grid-33","no-featured-image-padding"],"acf":[],"yoast_head":"<!-- This site is optimized with the Yoast SEO plugin v27.5 - https:\/\/yoast.com\/product\/yoast-seo-wordpress\/ -->\n<title>M\u00fcharib\u0259nin qad\u0131n tanr\u0131lar\u0131... - MEYDAN.TV<\/title>\n<meta name=\"robots\" content=\"index, follow, max-snippet:-1, max-image-preview:large, max-video-preview:-1\" \/>\n<link rel=\"canonical\" href=\"https:\/\/www.meydan.tv\/az\/article\/muharibenin-qadin-tanrilari\/\" \/>\n<meta property=\"og:locale\" content=\"az_AZ\" \/>\n<meta property=\"og:type\" content=\"article\" \/>\n<meta property=\"og:title\" content=\"M\u00fcharib\u0259nin qad\u0131n tanr\u0131lar\u0131... - MEYDAN.TV\" \/>\n<meta property=\"og:description\" content=\"(1-ci yaz\u0131)\" \/>\n<meta property=\"og:url\" content=\"https:\/\/www.meydan.tv\/az\/article\/muharibenin-qadin-tanrilari\/\" \/>\n<meta property=\"og:site_name\" content=\"MEYDAN.TV\" \/>\n<meta property=\"article:published_time\" content=\"2016-05-30T17:37:23+00:00\" \/>\n<meta property=\"og:image\" content=\"https:\/\/www.meydan.tv\/wp-content\/uploads\/22374.jpg\" \/>\n\t<meta property=\"og:image:width\" content=\"500\" \/>\n\t<meta property=\"og:image:height\" content=\"500\" \/>\n\t<meta property=\"og:image:type\" content=\"image\/jpeg\" \/>\n<meta name=\"author\" content=\"user-manager\" \/>\n<meta name=\"twitter:card\" content=\"summary_large_image\" \/>\n<script type=\"application\/ld+json\" class=\"yoast-schema-graph\">{\"@context\":\"https:\\\/\\\/schema.org\",\"@graph\":[{\"@type\":\"Article\",\"@id\":\"https:\\\/\\\/www.meydan.tv\\\/az\\\/article\\\/muharibenin-qadin-tanrilari\\\/#article\",\"isPartOf\":{\"@id\":\"https:\\\/\\\/www.meydan.tv\\\/az\\\/article\\\/muharibenin-qadin-tanrilari\\\/\"},\"author\":{\"name\":\"user-manager\",\"@id\":\"https:\\\/\\\/www.meydan.tv\\\/az\\\/#\\\/schema\\\/person\\\/10d11eccf6da3662cf5fdab9806ea91a\"},\"headline\":\"M\u00fcharib\u0259nin qad\u0131n tanr\u0131lar\u0131&#8230;\",\"datePublished\":\"2016-05-30T17:37:23+00:00\",\"mainEntityOfPage\":{\"@id\":\"https:\\\/\\\/www.meydan.tv\\\/az\\\/article\\\/muharibenin-qadin-tanrilari\\\/\"},\"wordCount\":1842,\"publisher\":{\"@id\":\"https:\\\/\\\/www.meydan.tv\\\/az\\\/#organization\"},\"image\":{\"@id\":\"https:\\\/\\\/www.meydan.tv\\\/az\\\/article\\\/muharibenin-qadin-tanrilari\\\/#primaryimage\"},\"thumbnailUrl\":\"https:\\\/\\\/www.meydan.tv\\\/wp-content\\\/uploads\\\/22374.jpg\",\"articleSection\":[\"M\u0259nim Fikrimc\u0259\"],\"inLanguage\":\"az\"},{\"@type\":\"WebPage\",\"@id\":\"https:\\\/\\\/www.meydan.tv\\\/az\\\/article\\\/muharibenin-qadin-tanrilari\\\/\",\"url\":\"https:\\\/\\\/www.meydan.tv\\\/az\\\/article\\\/muharibenin-qadin-tanrilari\\\/\",\"name\":\"M\u00fcharib\u0259nin qad\u0131n tanr\u0131lar\u0131... - MEYDAN.TV\",\"isPartOf\":{\"@id\":\"https:\\\/\\\/www.meydan.tv\\\/az\\\/#website\"},\"primaryImageOfPage\":{\"@id\":\"https:\\\/\\\/www.meydan.tv\\\/az\\\/article\\\/muharibenin-qadin-tanrilari\\\/#primaryimage\"},\"image\":{\"@id\":\"https:\\\/\\\/www.meydan.tv\\\/az\\\/article\\\/muharibenin-qadin-tanrilari\\\/#primaryimage\"},\"thumbnailUrl\":\"https:\\\/\\\/www.meydan.tv\\\/wp-content\\\/uploads\\\/22374.jpg\",\"datePublished\":\"2016-05-30T17:37:23+00:00\",\"breadcrumb\":{\"@id\":\"https:\\\/\\\/www.meydan.tv\\\/az\\\/article\\\/muharibenin-qadin-tanrilari\\\/#breadcrumb\"},\"inLanguage\":\"az\",\"potentialAction\":[{\"@type\":\"ReadAction\",\"target\":[\"https:\\\/\\\/www.meydan.tv\\\/az\\\/article\\\/muharibenin-qadin-tanrilari\\\/\"]}]},{\"@type\":\"ImageObject\",\"inLanguage\":\"az\",\"@id\":\"https:\\\/\\\/www.meydan.tv\\\/az\\\/article\\\/muharibenin-qadin-tanrilari\\\/#primaryimage\",\"url\":\"https:\\\/\\\/www.meydan.tv\\\/wp-content\\\/uploads\\\/22374.jpg\",\"contentUrl\":\"https:\\\/\\\/www.meydan.tv\\\/wp-content\\\/uploads\\\/22374.jpg\",\"width\":500,\"height\":500,\"caption\":\"Source:\"},{\"@type\":\"BreadcrumbList\",\"@id\":\"https:\\\/\\\/www.meydan.tv\\\/az\\\/article\\\/muharibenin-qadin-tanrilari\\\/#breadcrumb\",\"itemListElement\":[{\"@type\":\"ListItem\",\"position\":1,\"name\":\"Ana s\u0259hif\u0259\",\"item\":\"https:\\\/\\\/www.meydan.tv\\\/az\\\/\"},{\"@type\":\"ListItem\",\"position\":2,\"name\":\"M\u0259nim Fikrimc\u0259\",\"item\":\"https:\\\/\\\/www.meydan.tv\\\/az\\\/section\\\/menim-fikrimce\\\/\"},{\"@type\":\"ListItem\",\"position\":3,\"name\":\"M\u00fcharib\u0259nin qad\u0131n tanr\u0131lar\u0131&#8230;\"}]},{\"@type\":\"WebSite\",\"@id\":\"https:\\\/\\\/www.meydan.tv\\\/az\\\/#website\",\"url\":\"https:\\\/\\\/www.meydan.tv\\\/az\\\/\",\"name\":\"MEYDAN.TV\",\"description\":\"Meydan TV Az\u0259rbaycan\u0131n media m\u0259kan\u0131ndak\u0131 alternativ s\u0259sidir\",\"publisher\":{\"@id\":\"https:\\\/\\\/www.meydan.tv\\\/az\\\/#organization\"},\"potentialAction\":[{\"@type\":\"SearchAction\",\"target\":{\"@type\":\"EntryPoint\",\"urlTemplate\":\"https:\\\/\\\/www.meydan.tv\\\/az\\\/?s={search_term_string}\"},\"query-input\":{\"@type\":\"PropertyValueSpecification\",\"valueRequired\":true,\"valueName\":\"search_term_string\"}}],\"inLanguage\":\"az\"},{\"@type\":\"Organization\",\"@id\":\"https:\\\/\\\/www.meydan.tv\\\/az\\\/#organization\",\"name\":\"Meydan TV\",\"url\":\"https:\\\/\\\/www.meydan.tv\\\/az\\\/\",\"logo\":{\"@type\":\"ImageObject\",\"inLanguage\":\"az\",\"@id\":\"https:\\\/\\\/www.meydan.tv\\\/az\\\/#\\\/schema\\\/logo\\\/image\\\/\",\"url\":\"https:\\\/\\\/www.meydan.tv\\\/wp-content\\\/uploads\\\/2021\\\/07\\\/meydan-logo.svg\",\"contentUrl\":\"https:\\\/\\\/www.meydan.tv\\\/wp-content\\\/uploads\\\/2021\\\/07\\\/meydan-logo.svg\",\"width\":195,\"height\":46,\"caption\":\"Meydan TV\"},\"image\":{\"@id\":\"https:\\\/\\\/www.meydan.tv\\\/az\\\/#\\\/schema\\\/logo\\\/image\\\/\"}},{\"@type\":\"Person\",\"@id\":\"https:\\\/\\\/www.meydan.tv\\\/az\\\/#\\\/schema\\\/person\\\/10d11eccf6da3662cf5fdab9806ea91a\",\"name\":\"user-manager\"}]}<\/script>\n<!-- \/ Yoast SEO plugin. -->","yoast_head_json":{"title":"M\u00fcharib\u0259nin qad\u0131n tanr\u0131lar\u0131... - MEYDAN.TV","robots":{"index":"index","follow":"follow","max-snippet":"max-snippet:-1","max-image-preview":"max-image-preview:large","max-video-preview":"max-video-preview:-1"},"canonical":"https:\/\/www.meydan.tv\/az\/article\/muharibenin-qadin-tanrilari\/","og_locale":"az_AZ","og_type":"article","og_title":"M\u00fcharib\u0259nin qad\u0131n tanr\u0131lar\u0131... - MEYDAN.TV","og_description":"(1-ci yaz\u0131)","og_url":"https:\/\/www.meydan.tv\/az\/article\/muharibenin-qadin-tanrilari\/","og_site_name":"MEYDAN.TV","article_published_time":"2016-05-30T17:37:23+00:00","og_image":[{"width":500,"height":500,"url":"https:\/\/www.meydan.tv\/wp-content\/uploads\/22374.jpg","type":"image\/jpeg"}],"author":"user-manager","twitter_card":"summary_large_image","schema":{"@context":"https:\/\/schema.org","@graph":[{"@type":"Article","@id":"https:\/\/www.meydan.tv\/az\/article\/muharibenin-qadin-tanrilari\/#article","isPartOf":{"@id":"https:\/\/www.meydan.tv\/az\/article\/muharibenin-qadin-tanrilari\/"},"author":{"name":"user-manager","@id":"https:\/\/www.meydan.tv\/az\/#\/schema\/person\/10d11eccf6da3662cf5fdab9806ea91a"},"headline":"M\u00fcharib\u0259nin qad\u0131n tanr\u0131lar\u0131&#8230;","datePublished":"2016-05-30T17:37:23+00:00","mainEntityOfPage":{"@id":"https:\/\/www.meydan.tv\/az\/article\/muharibenin-qadin-tanrilari\/"},"wordCount":1842,"publisher":{"@id":"https:\/\/www.meydan.tv\/az\/#organization"},"image":{"@id":"https:\/\/www.meydan.tv\/az\/article\/muharibenin-qadin-tanrilari\/#primaryimage"},"thumbnailUrl":"https:\/\/www.meydan.tv\/wp-content\/uploads\/22374.jpg","articleSection":["M\u0259nim Fikrimc\u0259"],"inLanguage":"az"},{"@type":"WebPage","@id":"https:\/\/www.meydan.tv\/az\/article\/muharibenin-qadin-tanrilari\/","url":"https:\/\/www.meydan.tv\/az\/article\/muharibenin-qadin-tanrilari\/","name":"M\u00fcharib\u0259nin qad\u0131n tanr\u0131lar\u0131... - MEYDAN.TV","isPartOf":{"@id":"https:\/\/www.meydan.tv\/az\/#website"},"primaryImageOfPage":{"@id":"https:\/\/www.meydan.tv\/az\/article\/muharibenin-qadin-tanrilari\/#primaryimage"},"image":{"@id":"https:\/\/www.meydan.tv\/az\/article\/muharibenin-qadin-tanrilari\/#primaryimage"},"thumbnailUrl":"https:\/\/www.meydan.tv\/wp-content\/uploads\/22374.jpg","datePublished":"2016-05-30T17:37:23+00:00","breadcrumb":{"@id":"https:\/\/www.meydan.tv\/az\/article\/muharibenin-qadin-tanrilari\/#breadcrumb"},"inLanguage":"az","potentialAction":[{"@type":"ReadAction","target":["https:\/\/www.meydan.tv\/az\/article\/muharibenin-qadin-tanrilari\/"]}]},{"@type":"ImageObject","inLanguage":"az","@id":"https:\/\/www.meydan.tv\/az\/article\/muharibenin-qadin-tanrilari\/#primaryimage","url":"https:\/\/www.meydan.tv\/wp-content\/uploads\/22374.jpg","contentUrl":"https:\/\/www.meydan.tv\/wp-content\/uploads\/22374.jpg","width":500,"height":500,"caption":"Source:"},{"@type":"BreadcrumbList","@id":"https:\/\/www.meydan.tv\/az\/article\/muharibenin-qadin-tanrilari\/#breadcrumb","itemListElement":[{"@type":"ListItem","position":1,"name":"Ana s\u0259hif\u0259","item":"https:\/\/www.meydan.tv\/az\/"},{"@type":"ListItem","position":2,"name":"M\u0259nim Fikrimc\u0259","item":"https:\/\/www.meydan.tv\/az\/section\/menim-fikrimce\/"},{"@type":"ListItem","position":3,"name":"M\u00fcharib\u0259nin qad\u0131n tanr\u0131lar\u0131&#8230;"}]},{"@type":"WebSite","@id":"https:\/\/www.meydan.tv\/az\/#website","url":"https:\/\/www.meydan.tv\/az\/","name":"MEYDAN.TV","description":"Meydan TV Az\u0259rbaycan\u0131n media m\u0259kan\u0131ndak\u0131 alternativ s\u0259sidir","publisher":{"@id":"https:\/\/www.meydan.tv\/az\/#organization"},"potentialAction":[{"@type":"SearchAction","target":{"@type":"EntryPoint","urlTemplate":"https:\/\/www.meydan.tv\/az\/?s={search_term_string}"},"query-input":{"@type":"PropertyValueSpecification","valueRequired":true,"valueName":"search_term_string"}}],"inLanguage":"az"},{"@type":"Organization","@id":"https:\/\/www.meydan.tv\/az\/#organization","name":"Meydan TV","url":"https:\/\/www.meydan.tv\/az\/","logo":{"@type":"ImageObject","inLanguage":"az","@id":"https:\/\/www.meydan.tv\/az\/#\/schema\/logo\/image\/","url":"https:\/\/www.meydan.tv\/wp-content\/uploads\/2021\/07\/meydan-logo.svg","contentUrl":"https:\/\/www.meydan.tv\/wp-content\/uploads\/2021\/07\/meydan-logo.svg","width":195,"height":46,"caption":"Meydan TV"},"image":{"@id":"https:\/\/www.meydan.tv\/az\/#\/schema\/logo\/image\/"}},{"@type":"Person","@id":"https:\/\/www.meydan.tv\/az\/#\/schema\/person\/10d11eccf6da3662cf5fdab9806ea91a","name":"user-manager"}]}},"_links":{"self":[{"href":"https:\/\/www.meydan.tv\/az\/wp-json\/wp\/v2\/posts\/176284","targetHints":{"allow":["GET"]}}],"collection":[{"href":"https:\/\/www.meydan.tv\/az\/wp-json\/wp\/v2\/posts"}],"about":[{"href":"https:\/\/www.meydan.tv\/az\/wp-json\/wp\/v2\/types\/post"}],"author":[{"embeddable":true,"href":"https:\/\/www.meydan.tv\/az\/wp-json\/wp\/v2\/users\/11"}],"replies":[{"embeddable":true,"href":"https:\/\/www.meydan.tv\/az\/wp-json\/wp\/v2\/comments?post=176284"}],"version-history":[{"count":0,"href":"https:\/\/www.meydan.tv\/az\/wp-json\/wp\/v2\/posts\/176284\/revisions"}],"wp:featuredmedia":[{"embeddable":true,"href":"https:\/\/www.meydan.tv\/az\/wp-json\/wp\/v2\/media\/58886"}],"wp:attachment":[{"href":"https:\/\/www.meydan.tv\/az\/wp-json\/wp\/v2\/media?parent=176284"}],"wp:term":[{"taxonomy":"category","embeddable":true,"href":"https:\/\/www.meydan.tv\/az\/wp-json\/wp\/v2\/categories?post=176284"},{"taxonomy":"post_tag","embeddable":true,"href":"https:\/\/www.meydan.tv\/az\/wp-json\/wp\/v2\/tags?post=176284"}],"curies":[{"name":"wp","href":"https:\/\/api.w.org\/{rel}","templated":true}]}}