{"id":176238,"date":"2016-05-27T16:55:15","date_gmt":"2016-05-27T16:55:15","guid":{"rendered":"https:\/\/www.meydan.tv\/article\/sefir-kim-deyir-ki-rusiya-qarabag-munaqisesini-15-20-deqiqeye-hell-ede-biler-yanilir\/"},"modified":"2016-05-27T16:55:15","modified_gmt":"2016-05-27T16:55:15","slug":"sefir-kim-deyir-ki-rusiya-qarabag-munaqisesini-15-20-deqiqeye-hell-ede-biler-yanilir","status":"publish","type":"post","link":"https:\/\/www.meydan.tv\/az\/article\/sefir-kim-deyir-ki-rusiya-qarabag-munaqisesini-15-20-deqiqeye-hell-ede-biler-yanilir\/","title":{"rendered":"S\u0259fir: Kim deyir ki, Rusiya Qaraba\u011f m\u00fcnaqi\u015f\u0259sini 15-20 d\u0259qiq\u0259y\u0259 h\u0259ll ed\u0259 bil\u0259r, yan\u0131l\u0131r"},"content":{"rendered":"<figure class=\"wp-block-image size-large\">\n  <img decoding=\"async\" src=\"https:\/\/www.meydan.tv\/az\/58754\/\" alt=\"\" class=\"wp-image-58754\"\/><figcaption><\/figcaption><\/figure>\n<figure class=\"wp-block-image size-large\">\n  <img decoding=\"async\" src=\"https:\/\/www.meydan.tv\/az\/58754\/\" alt=\"\" class=\"wp-image-58754\"\/><figcaption><\/figcaption><\/figure>\n<p>\n  <i><br \/>\n    &#8221;M\u00fcnaqi\u015f\u0259 t\u0259r\u0259fl\u0259ri v\u0259 beyn\u0259lxalq ictimaiyy\u0259t bundan d\u00fczg\u00fcn n\u0259tic\u0259l\u0259r \u00e7\u0131xarmal\u0131d\u0131r&#8221;<br \/>\n  <\/i>\n<\/p>\n<p>\n  \u201cDa\u011fl\u0131q Qaraba\u011f m\u00fcnaqi\u015f\u0259sini Az\u0259rbaycanla Erm\u0259nistan \u00f6zl\u0259ri h\u0259ll etm\u0259lidir\u201d.<\/p>\n<p>  APA-n\u0131n Rusiyan\u0131n Az\u0259rbaycandak\u0131 s\u0259firliyinin sayt\u0131na istinad\u0259n verdiyi m\u0259lumata g\u00f6r\u0259, bunu Rusiyan\u0131n \u00f6lk\u0259mizd\u0259ki s\u0259firi Vladimir Doroxin Az\u0259rbaycan D\u00f6vl\u0259t \u0130qtisad Universitetind\u0259 t\u0259l\u0259b\u0259l\u0259rin suallar\u0131n\u0131 cavabland\u0131rark\u0259n deyib.<\/p>\n<p>  \u201cKims\u0259 deyirs\u0259 ki, Rusiya m\u00fcnaqi\u015f\u0259ni 15-20 d\u0259qiq\u0259y\u0259 h\u0259ll ed\u0259 bil\u0259r, o yan\u0131l\u0131r. Rusiya yaln\u0131z vasit\u0259\u00e7i ola bil\u0259r. H\u0259r hans\u0131 t\u0259r\u0259f\u0259 t\u0259zyiq g\u00f6st\u0259rm\u0259kl\u0259, laz\u0131mi n\u0259tic\u0259 \u0259ld\u0259 oluna bilm\u0259z. \u018fsas\u0259n etimad olmal\u0131d\u0131r, onu is\u0259 yaln\u0131z \u00f6lk\u0259l\u0259r yarada bil\u0259r\u201d, &#8211; dey\u0259 o vur\u011fulay\u0131b.<\/p>\n<p>  Diplomat qeyd edib ki, aprelin \u0259vv\u0259lind\u0259 ba\u015f ver\u0259n hadis\u0259l\u0259rin haz\u0131rk\u0131 v\u0259ziyy\u0259tin n\u0259 d\u0259r\u0259c\u0259d\u0259 t\u0259hl\u00fck\u0259li oldu\u011funu g\u00f6st\u0259rib: \u201cBir \u015fey d\u0259 a\u00e7\u0131q-ayd\u0131n m\u0259lum oldu ki, yegan\u0259 m\u0259ntiqli yol problemin s\u00fclh yolu il\u0259 h\u0259llidir. M\u00fcnaqi\u015f\u0259 t\u0259r\u0259fl\u0259ri v\u0259 beyn\u0259lxalq ictimaiyy\u0259t bundan d\u00fczg\u00fcn n\u0259tic\u0259l\u0259r \u00e7\u0131xarmal\u0131d\u0131r. Rusiya da n\u0259tic\u0259 \u00e7\u0131xar\u0131r v\u0259 vasit\u0259\u00e7ilik s\u0259yl\u0259rini art\u0131racaq\u201d.\n<\/p>\n<p>\n  Eyni zamanda, s\u0259fir Doroxin T\u00fcrkiy\u0259-Rusiya m\u00fcnasib\u0259tl\u0259rin\u0259 d\u0259 toxunub v\u0259 ba\u015f ver\u0259nl\u0259rin Rusiya-Az\u0259rbaycan m\u00fcnasib\u0259tl\u0259rin\u0259 m\u0259nfi t\u0259sir etm\u0259diyini s\u00f6yl\u0259yib.<\/p>\n<p>  O bildirib ki, r\u0259smi Moskva Az\u0259rbaycan\u0131n bu m\u0259s\u0259l\u0259d\u0259 \u00f6l\u00e7\u00fcl\u00fc siyas\u0259tini y\u00fcks\u0259k qiym\u0259tl\u0259ndirir: \u201cBizim \u0259m\u0259kda\u015fl\u0131\u011f\u0131m\u0131z s\u0131na\u011fa davam g\u0259tirdi. M\u0259nim Az\u0259rbaycanda y\u00fcks\u0259k v\u0259zif\u0259li h\u0259ms\u00f6hb\u0259tl\u0259rimd\u0259n biri dedi ki, \u201cbiz Rusiya v\u0259 T\u00fcrkiy\u0259 aras\u0131nda ba\u015f ver\u0259nl\u0259rd\u0259n sizd\u0259n \u00e7ox narahatl\u0131q ke\u00e7iririk\u201d. D\u00fc\u015f\u00fcn\u00fcr\u0259m ki, o \u015fi\u015firtm\u0259yib. Az\u0259rbaycan \u00fc\u00e7\u00fcn n\u0259inki iki yax\u0131n \u00f6lk\u0259 aras\u0131nda m\u00fcnaqi\u015f\u0259ni g\u00f6rm\u0259k emosional \u015f\u0259kild\u0259 a\u011fr\u0131l\u0131d\u0131r, h\u0259m d\u0259 o d\u00fczg\u00fcn praktik add\u0131mlar atmal\u0131d\u0131r. Tarixi oxuyanlar bilir ki, Rusiya-T\u00fcrkiy\u0259 m\u00fcnasib\u0259tl\u0259ri h\u0259r zaman m\u00fcr\u0259kk\u0259b olub. Bir ne\u00e7\u0259 m\u00fcharib\u0259l\u0259r olub. D\u00fczd\u00fcr, sonradan biz h\u0259mi\u015f\u0259 bar\u0131\u015fm\u0131\u015f\u0131q. \u00dcmid edir\u0259m ki, bu, haz\u0131rki v\u0259ziyy\u0259td\u0259 d\u0259 ba\u015f ver\u0259c\u0259k. H\u0259r \u015fey T\u00fcrkiy\u0259 t\u0259r\u0259find\u0259n as\u0131l\u0131d\u0131r. Onlar n\u0259 etm\u0259li olduqlar\u0131n\u0131 bilirl\u0259r\u201d.<\/p>\n","protected":false},"excerpt":{"rendered":"<p>&#8221;M\u00fcnaqi\u015f\u0259 t\u0259r\u0259fl\u0259ri v\u0259 beyn\u0259lxalq ictimaiyy\u0259t bundan d\u00fczg\u00fcn n\u0259tic\u0259l\u0259r \u00e7\u0131xarmal\u0131d\u0131r&#8221;<\/p>\n","protected":false},"author":11,"featured_media":58754,"comment_status":"closed","ping_status":"open","sticky":false,"template":"","format":"standard","meta":{"_acf_changed":false,"_sitemap_exclude":false,"_sitemap_priority":"","_sitemap_frequency":"","footnotes":""},"categories":[51],"tags":[],"class_list":["post-176238","post","type-post","status-publish","format-standard","has-post-thumbnail","hentry","category-analitika","infinite-scroll-item","generate-columns","tablet-grid-50","mobile-grid-100","grid-parent","grid-33","no-featured-image-padding"],"acf":[],"yoast_head":"<!-- This site is optimized with the Yoast SEO plugin v27.5 - https:\/\/yoast.com\/product\/yoast-seo-wordpress\/ -->\n<title>S\u0259fir: Kim deyir ki, Rusiya Qaraba\u011f m\u00fcnaqi\u015f\u0259sini 15-20 d\u0259qiq\u0259y\u0259 h\u0259ll ed\u0259 bil\u0259r, yan\u0131l\u0131r - MEYDAN.TV<\/title>\n<meta name=\"robots\" content=\"index, follow, max-snippet:-1, max-image-preview:large, max-video-preview:-1\" \/>\n<link rel=\"canonical\" href=\"https:\/\/www.meydan.tv\/az\/article\/sefir-kim-deyir-ki-rusiya-qarabag-munaqisesini-15-20-deqiqeye-hell-ede-biler-yanilir\/\" \/>\n<meta property=\"og:locale\" content=\"az_AZ\" \/>\n<meta property=\"og:type\" content=\"article\" \/>\n<meta property=\"og:title\" content=\"S\u0259fir: Kim deyir ki, Rusiya Qaraba\u011f m\u00fcnaqi\u015f\u0259sini 15-20 d\u0259qiq\u0259y\u0259 h\u0259ll ed\u0259 bil\u0259r, yan\u0131l\u0131r - MEYDAN.TV\" \/>\n<meta property=\"og:description\" content=\"&#039;&#039;M\u00fcnaqi\u015f\u0259 t\u0259r\u0259fl\u0259ri v\u0259 beyn\u0259lxalq ictimaiyy\u0259t bundan d\u00fczg\u00fcn n\u0259tic\u0259l\u0259r \u00e7\u0131xarmal\u0131d\u0131r&#039;&#039;\" \/>\n<meta property=\"og:url\" content=\"https:\/\/www.meydan.tv\/az\/article\/sefir-kim-deyir-ki-rusiya-qarabag-munaqisesini-15-20-deqiqeye-hell-ede-biler-yanilir\/\" \/>\n<meta property=\"og:site_name\" content=\"MEYDAN.TV\" \/>\n<meta property=\"article:published_time\" content=\"2016-05-27T16:55:15+00:00\" \/>\n<meta property=\"og:image\" content=\"https:\/\/www.meydan.tv\/wp-content\/uploads\/22305.jpg\" \/>\n\t<meta property=\"og:image:width\" content=\"600\" \/>\n\t<meta property=\"og:image:height\" content=\"400\" \/>\n\t<meta property=\"og:image:type\" content=\"image\/jpeg\" \/>\n<meta name=\"author\" content=\"user-manager\" \/>\n<meta name=\"twitter:card\" content=\"summary_large_image\" \/>\n<script type=\"application\/ld+json\" class=\"yoast-schema-graph\">{\"@context\":\"https:\\\/\\\/schema.org\",\"@graph\":[{\"@type\":\"Article\",\"@id\":\"https:\\\/\\\/www.meydan.tv\\\/az\\\/article\\\/sefir-kim-deyir-ki-rusiya-qarabag-munaqisesini-15-20-deqiqeye-hell-ede-biler-yanilir\\\/#article\",\"isPartOf\":{\"@id\":\"https:\\\/\\\/www.meydan.tv\\\/az\\\/article\\\/sefir-kim-deyir-ki-rusiya-qarabag-munaqisesini-15-20-deqiqeye-hell-ede-biler-yanilir\\\/\"},\"author\":{\"name\":\"user-manager\",\"@id\":\"https:\\\/\\\/www.meydan.tv\\\/az\\\/#\\\/schema\\\/person\\\/10d11eccf6da3662cf5fdab9806ea91a\"},\"headline\":\"S\u0259fir: Kim deyir ki, Rusiya Qaraba\u011f m\u00fcnaqi\u015f\u0259sini 15-20 d\u0259qiq\u0259y\u0259 h\u0259ll ed\u0259 bil\u0259r, yan\u0131l\u0131r\",\"datePublished\":\"2016-05-27T16:55:15+00:00\",\"mainEntityOfPage\":{\"@id\":\"https:\\\/\\\/www.meydan.tv\\\/az\\\/article\\\/sefir-kim-deyir-ki-rusiya-qarabag-munaqisesini-15-20-deqiqeye-hell-ede-biler-yanilir\\\/\"},\"wordCount\":490,\"publisher\":{\"@id\":\"https:\\\/\\\/www.meydan.tv\\\/az\\\/#organization\"},\"image\":{\"@id\":\"https:\\\/\\\/www.meydan.tv\\\/az\\\/article\\\/sefir-kim-deyir-ki-rusiya-qarabag-munaqisesini-15-20-deqiqeye-hell-ede-biler-yanilir\\\/#primaryimage\"},\"thumbnailUrl\":\"https:\\\/\\\/www.meydan.tv\\\/wp-content\\\/uploads\\\/22305.jpg\",\"articleSection\":[\"Analitika\"],\"inLanguage\":\"az\"},{\"@type\":\"WebPage\",\"@id\":\"https:\\\/\\\/www.meydan.tv\\\/az\\\/article\\\/sefir-kim-deyir-ki-rusiya-qarabag-munaqisesini-15-20-deqiqeye-hell-ede-biler-yanilir\\\/\",\"url\":\"https:\\\/\\\/www.meydan.tv\\\/az\\\/article\\\/sefir-kim-deyir-ki-rusiya-qarabag-munaqisesini-15-20-deqiqeye-hell-ede-biler-yanilir\\\/\",\"name\":\"S\u0259fir: Kim deyir ki, Rusiya Qaraba\u011f m\u00fcnaqi\u015f\u0259sini 15-20 d\u0259qiq\u0259y\u0259 h\u0259ll ed\u0259 bil\u0259r, yan\u0131l\u0131r - MEYDAN.TV\",\"isPartOf\":{\"@id\":\"https:\\\/\\\/www.meydan.tv\\\/az\\\/#website\"},\"primaryImageOfPage\":{\"@id\":\"https:\\\/\\\/www.meydan.tv\\\/az\\\/article\\\/sefir-kim-deyir-ki-rusiya-qarabag-munaqisesini-15-20-deqiqeye-hell-ede-biler-yanilir\\\/#primaryimage\"},\"image\":{\"@id\":\"https:\\\/\\\/www.meydan.tv\\\/az\\\/article\\\/sefir-kim-deyir-ki-rusiya-qarabag-munaqisesini-15-20-deqiqeye-hell-ede-biler-yanilir\\\/#primaryimage\"},\"thumbnailUrl\":\"https:\\\/\\\/www.meydan.tv\\\/wp-content\\\/uploads\\\/22305.jpg\",\"datePublished\":\"2016-05-27T16:55:15+00:00\",\"breadcrumb\":{\"@id\":\"https:\\\/\\\/www.meydan.tv\\\/az\\\/article\\\/sefir-kim-deyir-ki-rusiya-qarabag-munaqisesini-15-20-deqiqeye-hell-ede-biler-yanilir\\\/#breadcrumb\"},\"inLanguage\":\"az\",\"potentialAction\":[{\"@type\":\"ReadAction\",\"target\":[\"https:\\\/\\\/www.meydan.tv\\\/az\\\/article\\\/sefir-kim-deyir-ki-rusiya-qarabag-munaqisesini-15-20-deqiqeye-hell-ede-biler-yanilir\\\/\"]}]},{\"@type\":\"ImageObject\",\"inLanguage\":\"az\",\"@id\":\"https:\\\/\\\/www.meydan.tv\\\/az\\\/article\\\/sefir-kim-deyir-ki-rusiya-qarabag-munaqisesini-15-20-deqiqeye-hell-ede-biler-yanilir\\\/#primaryimage\",\"url\":\"https:\\\/\\\/www.meydan.tv\\\/wp-content\\\/uploads\\\/22305.jpg\",\"contentUrl\":\"https:\\\/\\\/www.meydan.tv\\\/wp-content\\\/uploads\\\/22305.jpg\",\"width\":600,\"height\":400,\"caption\":\"Source:\"},{\"@type\":\"BreadcrumbList\",\"@id\":\"https:\\\/\\\/www.meydan.tv\\\/az\\\/article\\\/sefir-kim-deyir-ki-rusiya-qarabag-munaqisesini-15-20-deqiqeye-hell-ede-biler-yanilir\\\/#breadcrumb\",\"itemListElement\":[{\"@type\":\"ListItem\",\"position\":1,\"name\":\"Ana s\u0259hif\u0259\",\"item\":\"https:\\\/\\\/www.meydan.tv\\\/az\\\/\"},{\"@type\":\"ListItem\",\"position\":2,\"name\":\"Analitika\",\"item\":\"https:\\\/\\\/www.meydan.tv\\\/az\\\/section\\\/analitika\\\/\"},{\"@type\":\"ListItem\",\"position\":3,\"name\":\"S\u0259fir: Kim deyir ki, Rusiya Qaraba\u011f m\u00fcnaqi\u015f\u0259sini 15-20 d\u0259qiq\u0259y\u0259 h\u0259ll ed\u0259 bil\u0259r, yan\u0131l\u0131r\"}]},{\"@type\":\"WebSite\",\"@id\":\"https:\\\/\\\/www.meydan.tv\\\/az\\\/#website\",\"url\":\"https:\\\/\\\/www.meydan.tv\\\/az\\\/\",\"name\":\"MEYDAN.TV\",\"description\":\"Meydan TV Az\u0259rbaycan\u0131n media m\u0259kan\u0131ndak\u0131 alternativ s\u0259sidir\",\"publisher\":{\"@id\":\"https:\\\/\\\/www.meydan.tv\\\/az\\\/#organization\"},\"potentialAction\":[{\"@type\":\"SearchAction\",\"target\":{\"@type\":\"EntryPoint\",\"urlTemplate\":\"https:\\\/\\\/www.meydan.tv\\\/az\\\/?s={search_term_string}\"},\"query-input\":{\"@type\":\"PropertyValueSpecification\",\"valueRequired\":true,\"valueName\":\"search_term_string\"}}],\"inLanguage\":\"az\"},{\"@type\":\"Organization\",\"@id\":\"https:\\\/\\\/www.meydan.tv\\\/az\\\/#organization\",\"name\":\"Meydan TV\",\"url\":\"https:\\\/\\\/www.meydan.tv\\\/az\\\/\",\"logo\":{\"@type\":\"ImageObject\",\"inLanguage\":\"az\",\"@id\":\"https:\\\/\\\/www.meydan.tv\\\/az\\\/#\\\/schema\\\/logo\\\/image\\\/\",\"url\":\"https:\\\/\\\/www.meydan.tv\\\/wp-content\\\/uploads\\\/2021\\\/07\\\/meydan-logo.svg\",\"contentUrl\":\"https:\\\/\\\/www.meydan.tv\\\/wp-content\\\/uploads\\\/2021\\\/07\\\/meydan-logo.svg\",\"width\":195,\"height\":46,\"caption\":\"Meydan TV\"},\"image\":{\"@id\":\"https:\\\/\\\/www.meydan.tv\\\/az\\\/#\\\/schema\\\/logo\\\/image\\\/\"}},{\"@type\":\"Person\",\"@id\":\"https:\\\/\\\/www.meydan.tv\\\/az\\\/#\\\/schema\\\/person\\\/10d11eccf6da3662cf5fdab9806ea91a\",\"name\":\"user-manager\"}]}<\/script>\n<!-- \/ Yoast SEO plugin. -->","yoast_head_json":{"title":"S\u0259fir: Kim deyir ki, Rusiya Qaraba\u011f m\u00fcnaqi\u015f\u0259sini 15-20 d\u0259qiq\u0259y\u0259 h\u0259ll ed\u0259 bil\u0259r, yan\u0131l\u0131r - MEYDAN.TV","robots":{"index":"index","follow":"follow","max-snippet":"max-snippet:-1","max-image-preview":"max-image-preview:large","max-video-preview":"max-video-preview:-1"},"canonical":"https:\/\/www.meydan.tv\/az\/article\/sefir-kim-deyir-ki-rusiya-qarabag-munaqisesini-15-20-deqiqeye-hell-ede-biler-yanilir\/","og_locale":"az_AZ","og_type":"article","og_title":"S\u0259fir: Kim deyir ki, Rusiya Qaraba\u011f m\u00fcnaqi\u015f\u0259sini 15-20 d\u0259qiq\u0259y\u0259 h\u0259ll ed\u0259 bil\u0259r, yan\u0131l\u0131r - MEYDAN.TV","og_description":"''M\u00fcnaqi\u015f\u0259 t\u0259r\u0259fl\u0259ri v\u0259 beyn\u0259lxalq ictimaiyy\u0259t bundan d\u00fczg\u00fcn n\u0259tic\u0259l\u0259r \u00e7\u0131xarmal\u0131d\u0131r''","og_url":"https:\/\/www.meydan.tv\/az\/article\/sefir-kim-deyir-ki-rusiya-qarabag-munaqisesini-15-20-deqiqeye-hell-ede-biler-yanilir\/","og_site_name":"MEYDAN.TV","article_published_time":"2016-05-27T16:55:15+00:00","og_image":[{"width":600,"height":400,"url":"https:\/\/www.meydan.tv\/wp-content\/uploads\/22305.jpg","type":"image\/jpeg"}],"author":"user-manager","twitter_card":"summary_large_image","schema":{"@context":"https:\/\/schema.org","@graph":[{"@type":"Article","@id":"https:\/\/www.meydan.tv\/az\/article\/sefir-kim-deyir-ki-rusiya-qarabag-munaqisesini-15-20-deqiqeye-hell-ede-biler-yanilir\/#article","isPartOf":{"@id":"https:\/\/www.meydan.tv\/az\/article\/sefir-kim-deyir-ki-rusiya-qarabag-munaqisesini-15-20-deqiqeye-hell-ede-biler-yanilir\/"},"author":{"name":"user-manager","@id":"https:\/\/www.meydan.tv\/az\/#\/schema\/person\/10d11eccf6da3662cf5fdab9806ea91a"},"headline":"S\u0259fir: Kim deyir ki, Rusiya Qaraba\u011f m\u00fcnaqi\u015f\u0259sini 15-20 d\u0259qiq\u0259y\u0259 h\u0259ll ed\u0259 bil\u0259r, yan\u0131l\u0131r","datePublished":"2016-05-27T16:55:15+00:00","mainEntityOfPage":{"@id":"https:\/\/www.meydan.tv\/az\/article\/sefir-kim-deyir-ki-rusiya-qarabag-munaqisesini-15-20-deqiqeye-hell-ede-biler-yanilir\/"},"wordCount":490,"publisher":{"@id":"https:\/\/www.meydan.tv\/az\/#organization"},"image":{"@id":"https:\/\/www.meydan.tv\/az\/article\/sefir-kim-deyir-ki-rusiya-qarabag-munaqisesini-15-20-deqiqeye-hell-ede-biler-yanilir\/#primaryimage"},"thumbnailUrl":"https:\/\/www.meydan.tv\/wp-content\/uploads\/22305.jpg","articleSection":["Analitika"],"inLanguage":"az"},{"@type":"WebPage","@id":"https:\/\/www.meydan.tv\/az\/article\/sefir-kim-deyir-ki-rusiya-qarabag-munaqisesini-15-20-deqiqeye-hell-ede-biler-yanilir\/","url":"https:\/\/www.meydan.tv\/az\/article\/sefir-kim-deyir-ki-rusiya-qarabag-munaqisesini-15-20-deqiqeye-hell-ede-biler-yanilir\/","name":"S\u0259fir: Kim deyir ki, Rusiya Qaraba\u011f m\u00fcnaqi\u015f\u0259sini 15-20 d\u0259qiq\u0259y\u0259 h\u0259ll ed\u0259 bil\u0259r, yan\u0131l\u0131r - MEYDAN.TV","isPartOf":{"@id":"https:\/\/www.meydan.tv\/az\/#website"},"primaryImageOfPage":{"@id":"https:\/\/www.meydan.tv\/az\/article\/sefir-kim-deyir-ki-rusiya-qarabag-munaqisesini-15-20-deqiqeye-hell-ede-biler-yanilir\/#primaryimage"},"image":{"@id":"https:\/\/www.meydan.tv\/az\/article\/sefir-kim-deyir-ki-rusiya-qarabag-munaqisesini-15-20-deqiqeye-hell-ede-biler-yanilir\/#primaryimage"},"thumbnailUrl":"https:\/\/www.meydan.tv\/wp-content\/uploads\/22305.jpg","datePublished":"2016-05-27T16:55:15+00:00","breadcrumb":{"@id":"https:\/\/www.meydan.tv\/az\/article\/sefir-kim-deyir-ki-rusiya-qarabag-munaqisesini-15-20-deqiqeye-hell-ede-biler-yanilir\/#breadcrumb"},"inLanguage":"az","potentialAction":[{"@type":"ReadAction","target":["https:\/\/www.meydan.tv\/az\/article\/sefir-kim-deyir-ki-rusiya-qarabag-munaqisesini-15-20-deqiqeye-hell-ede-biler-yanilir\/"]}]},{"@type":"ImageObject","inLanguage":"az","@id":"https:\/\/www.meydan.tv\/az\/article\/sefir-kim-deyir-ki-rusiya-qarabag-munaqisesini-15-20-deqiqeye-hell-ede-biler-yanilir\/#primaryimage","url":"https:\/\/www.meydan.tv\/wp-content\/uploads\/22305.jpg","contentUrl":"https:\/\/www.meydan.tv\/wp-content\/uploads\/22305.jpg","width":600,"height":400,"caption":"Source:"},{"@type":"BreadcrumbList","@id":"https:\/\/www.meydan.tv\/az\/article\/sefir-kim-deyir-ki-rusiya-qarabag-munaqisesini-15-20-deqiqeye-hell-ede-biler-yanilir\/#breadcrumb","itemListElement":[{"@type":"ListItem","position":1,"name":"Ana s\u0259hif\u0259","item":"https:\/\/www.meydan.tv\/az\/"},{"@type":"ListItem","position":2,"name":"Analitika","item":"https:\/\/www.meydan.tv\/az\/section\/analitika\/"},{"@type":"ListItem","position":3,"name":"S\u0259fir: Kim deyir ki, Rusiya Qaraba\u011f m\u00fcnaqi\u015f\u0259sini 15-20 d\u0259qiq\u0259y\u0259 h\u0259ll ed\u0259 bil\u0259r, yan\u0131l\u0131r"}]},{"@type":"WebSite","@id":"https:\/\/www.meydan.tv\/az\/#website","url":"https:\/\/www.meydan.tv\/az\/","name":"MEYDAN.TV","description":"Meydan TV Az\u0259rbaycan\u0131n media m\u0259kan\u0131ndak\u0131 alternativ s\u0259sidir","publisher":{"@id":"https:\/\/www.meydan.tv\/az\/#organization"},"potentialAction":[{"@type":"SearchAction","target":{"@type":"EntryPoint","urlTemplate":"https:\/\/www.meydan.tv\/az\/?s={search_term_string}"},"query-input":{"@type":"PropertyValueSpecification","valueRequired":true,"valueName":"search_term_string"}}],"inLanguage":"az"},{"@type":"Organization","@id":"https:\/\/www.meydan.tv\/az\/#organization","name":"Meydan TV","url":"https:\/\/www.meydan.tv\/az\/","logo":{"@type":"ImageObject","inLanguage":"az","@id":"https:\/\/www.meydan.tv\/az\/#\/schema\/logo\/image\/","url":"https:\/\/www.meydan.tv\/wp-content\/uploads\/2021\/07\/meydan-logo.svg","contentUrl":"https:\/\/www.meydan.tv\/wp-content\/uploads\/2021\/07\/meydan-logo.svg","width":195,"height":46,"caption":"Meydan TV"},"image":{"@id":"https:\/\/www.meydan.tv\/az\/#\/schema\/logo\/image\/"}},{"@type":"Person","@id":"https:\/\/www.meydan.tv\/az\/#\/schema\/person\/10d11eccf6da3662cf5fdab9806ea91a","name":"user-manager"}]}},"_links":{"self":[{"href":"https:\/\/www.meydan.tv\/az\/wp-json\/wp\/v2\/posts\/176238","targetHints":{"allow":["GET"]}}],"collection":[{"href":"https:\/\/www.meydan.tv\/az\/wp-json\/wp\/v2\/posts"}],"about":[{"href":"https:\/\/www.meydan.tv\/az\/wp-json\/wp\/v2\/types\/post"}],"author":[{"embeddable":true,"href":"https:\/\/www.meydan.tv\/az\/wp-json\/wp\/v2\/users\/11"}],"replies":[{"embeddable":true,"href":"https:\/\/www.meydan.tv\/az\/wp-json\/wp\/v2\/comments?post=176238"}],"version-history":[{"count":0,"href":"https:\/\/www.meydan.tv\/az\/wp-json\/wp\/v2\/posts\/176238\/revisions"}],"wp:featuredmedia":[{"embeddable":true,"href":"https:\/\/www.meydan.tv\/az\/wp-json\/wp\/v2\/media\/58754"}],"wp:attachment":[{"href":"https:\/\/www.meydan.tv\/az\/wp-json\/wp\/v2\/media?parent=176238"}],"wp:term":[{"taxonomy":"category","embeddable":true,"href":"https:\/\/www.meydan.tv\/az\/wp-json\/wp\/v2\/categories?post=176238"},{"taxonomy":"post_tag","embeddable":true,"href":"https:\/\/www.meydan.tv\/az\/wp-json\/wp\/v2\/tags?post=176238"}],"curies":[{"name":"wp","href":"https:\/\/api.w.org\/{rel}","templated":true}]}}