{"id":176226,"date":"2016-05-27T12:41:27","date_gmt":"2016-05-27T12:41:27","guid":{"rendered":"https:\/\/www.meydan.tv\/article\/elxan-sahinoglu-dialoq-teklifini-gundeme-getirmeyin-zamanidir\/"},"modified":"2016-05-27T12:41:27","modified_gmt":"2016-05-27T12:41:27","slug":"elxan-sahinoglu-dialoq-teklifini-gundeme-getirmeyin-zamanidir","status":"publish","type":"post","link":"https:\/\/www.meydan.tv\/az\/article\/elxan-sahinoglu-dialoq-teklifini-gundeme-getirmeyin-zamanidir\/","title":{"rendered":"Elxan \u015eahino\u011flu: Dialoq t\u0259klifini g\u00fcnd\u0259m\u0259 g\u0259tirm\u0259yin zaman\u0131d\u0131r"},"content":{"rendered":"<figure class=\"wp-block-image size-large\">\n  <img decoding=\"async\" src=\"https:\/\/www.meydan.tv\/az\/58718\/\" alt=\"\" class=\"wp-image-58718\"\/><figcaption><\/figcaption><\/figure>\n<p>\n  <i><br \/>\n    &#8221;\u018fg\u0259r separat\u00e7\u0131lar\u0131n r\u0259hb\u0259rl\u0259ri icma n\u00fcmay\u0259nd\u0259l\u0259rin\u0259 dialoqa qada\u011fa qoysalar, m\u00fczakir\u0259l\u0259rd\u0259n \u00e7\u0259kin\u0259n t\u0259r\u0259fin kim olaca\u011f\u0131 bir daha a\u015fkarlanacaq&#8221;<br \/>\n  <\/i>\n<\/p>\n<p>\n  Erm\u0259nistan xarici i\u015fl\u0259r naziri Edvard Nalbandyan yeni a\u00e7\u0131qlamas\u0131nda deyib ki, Da\u011fl\u0131q Qaraba\u011f\u0131n \u201ct\u0259msil\u00e7il\u0259rinin\u201d i\u015ftirak\u0131 olmadan he\u00e7 bir s\u0259n\u0259d\u0259 imza atmayacaqlar. Bu erm\u0259nil\u0259rin \u00e7oxdank\u0131 t\u0259xribat\u0131d\u0131r. Sanki torpaqlar\u0131 i\u015f\u011fal alt\u0131nda saxlayan Erm\u0259nistan yox, Da\u011fl\u0131q Qaraba\u011f\u0131n azsayl\u0131 \u201ct\u0259msil\u00e7il\u0259ridir\u201d.\n<\/p>\n<p>\n  Bu fikirl\u0259ri \u00f6z Facebook s\u0259hif\u0259sind\u0259 &#8220;Atlas&#8221; Ara\u015fd\u0131rmalar M\u0259rk\u0259zinin r\u0259hb\u0259ri, siyasi \u015f\u0259rh\u00e7i Elxan \u015eahino\u011flu yaz\u0131b.\n<\/p>\n<p>\n  Onun fikrinc\u0259, Erm\u0259nistan beyn\u0259lxalq al\u0259m\u0259 m\u00fcnaqi\u015f\u0259nin Az\u0259rbaycanla Da\u011fl\u0131q Qaraba\u011fda ya\u015fayan erm\u0259nil\u0259r aras\u0131nda oldu\u011funu s\u0131r\u0131ma\u011fa \u00e7al\u0131\u015f\u0131r: &#8220;Halbuki, b\u00fct\u00fcn d\u00fcnya, h\u0259tta m\u00fctt\u0259fiql\u0259ri Rusiya yax\u015f\u0131 bilir\u00a0ki, Da\u011fl\u0131q Qaraba\u011fda Erm\u0259nistan qo\u015funu yerl\u0259\u015fir. Ona g\u00f6r\u0259 d\u0259 m\u0259ntiqi olaraq biz Da\u011fl\u0131q Qaraba\u011f separat\u00e7\u0131lar\u0131 il\u0259 deyil, onlara h\u0259rbi d\u0259st\u0259k ver\u0259n, i\u015f\u011fal alt\u0131ndak\u0131 torpaqlar\u0131m\u0131zda qo\u015funlar\u0131n\u0131 yerl\u0259\u015fdir\u0259n Erm\u0259nistanda m\u00fczakir\u0259 aparmaq m\u0259cburiyy\u0259tind\u0259yik&#8221;.\n<\/p>\n<p>\n  Siyasi \u015f\u0259rh\u00e7i d\u00fc\u015f\u00fcn\u00fcr ki, Da\u011fl\u0131q Qaraba\u011f Az\u0259rbaycan icmas\u0131n\u0131n r\u0259hb\u0259rliyi indiki h\u0259ssas \u2013 d\u00fcnyan\u0131n g\u00f6z\u00fcn\u00fcn Da\u011fl\u0131q Qaraba\u011f dikildiyi m\u0259qamda erm\u0259ni icmas\u0131 il\u0259 dialoqa haz\u0131r oldu\u011fu mesaj\u0131n\u0131 verm\u0259lidir: &#8220;Bu biz\u0259 iki bax\u0131mdan vacibdir. Birincisi, b\u00fct\u00fcn d\u00fcnya g\u00f6r\u0259r ki, biz \u0259razimizd\u0259 ya\u015fayan erm\u0259nil\u0259rl\u0259 dialoqdan \u00e7\u0259kinmirik, ancaq onlarla dialoqu d\u00f6vl\u0259t institutlar\u0131 yox, indiki m\u0259rh\u0259l\u0259d\u0259 Da\u011fl\u0131q Qaraba\u011fdan qovulan az\u0259rbaycanl\u0131lar aparmal\u0131d\u0131rlar. Ax\u0131 m\u00fcnaqi\u015f\u0259 nizamlanarsa Da\u011fl\u0131q Qaraba\u011fdak\u0131 erm\u0259nil\u0259rl\u0259 az\u0259rbaycanl\u0131lar birg\u0259 ya\u015famal\u0131d\u0131rlar. Qoy, el\u0259 indid\u0259n aktiv dialoqa ba\u015flas\u0131nlar ki, g\u0259l\u0259c\u0259k birg\u0259 h\u0259yat\u0131n konturlar\u0131n\u0131 m\u00fc\u0259yy\u0259nl\u0259\u015fdirsinl\u0259r. \u0130kincisi, Da\u011fl\u0131q Qaraba\u011f\u0131n az\u0259rbaycanl\u0131 t\u0259msil\u00e7il\u0259ri dialoq t\u0259klifi g\u00f6st\u0259r\u0259r ki, biz bu b\u00f6lg\u0259d\u0259 ya\u015fayan erm\u0259nil\u0259ri \u00f6z v\u0259t\u0259nda\u015f\u0131m\u0131z say\u0131r\u0131q. Dialoq t\u0259klifi g\u00fcnd\u0259m\u0259 g\u0259tirm\u0259yin zaman\u0131d\u0131r. Yox, \u0259g\u0259r separat\u00e7\u0131lar\u0131n r\u0259hb\u0259rl\u0259ri icma n\u00fcmay\u0259nd\u0259l\u0259rin\u0259 dialoqa qada\u011fa qoysalar, m\u00fczakir\u0259l\u0259rd\u0259n \u00e7\u0259kin\u0259n t\u0259r\u0259fin kim olaca\u011f\u0131 bir daha a\u015fkarlanacaq. Beyn\u0259lxalq al\u0259min g\u00f6z\u00fc qar\u015f\u0131s\u0131nda dialoqdan yay\u0131nma h\u0259m d\u0259 onu g\u00f6st\u0259r\u0259c\u0259k ki, erm\u0259ni separat\u00e7\u0131lar\u0131 az\u0259rbaycanl\u0131lar\u0131n geri qay\u0131d\u0131\u015f\u0131na m\u0259nfi yana\u015f\u0131rlar. Ona g\u00f6r\u0259 d\u0259 bu t\u0259klifi Minsk Qrupunun g\u00fcnd\u0259min\u0259 g\u0259tirm\u0259k laz\u0131md\u0131r. Dialoq olarsa, mesajlar\u0131m\u0131z\u0131 birba\u015fa Da\u011fl\u0131q Qaraba\u011f erm\u0259nil\u0259rin\u0259 \u00e7atd\u0131ra bil\u0259rik. Ayd\u0131nd\u0131r ki, h\u0259r iki t\u0259r\u0259f \u00f6z m\u00f6vqeyind\u0259n geri \u00e7\u0259kilm\u0259y\u0259c\u0259k. Ancaq n\u00f6vb\u0259ti h\u0259rbi toqqu\u015fmadan \u00f6nc\u0259 Da\u011fl\u0131q Qaraba\u011fda ya\u015fayan erm\u0259nil\u0259r bilm\u0259lidirl\u0259r ki, bizim m\u00fclki insanlarla problemimiz yoxdur v\u0259 onlar\u0131n h\u0259yatlar\u0131n\u0131 rahat davam etdirm\u0259l\u0259ri \u00fc\u00e7\u00fcn konkret t\u0259klifl\u0259rimiz var. Yeri g\u0259lmi\u015fk\u0259n, h\u0259min konkret t\u0259klifl\u0259rin \u00fcz\u0259rind\u0259 d\u0259 m\u00fc\u0259yy\u0259n \u00e7al\u0131\u015fmalar apar\u0131la bil\u0259r. Bu t\u0259klifl\u0259rd\u0259 Da\u011fl\u0131q Qaraba\u011f\u0131n erm\u0259ni v\u0259 az\u0259rbaycanl\u0131 \u0259halisinin iqtisadi v\u0259 sosial probleml\u0259rinin h\u0259llind\u0259n tutmu\u015f torpaqlar\u0131n bec\u0259rilm\u0259sin\u0259 q\u0259d\u0259r qeyri-siyasi m\u0259s\u0259l\u0259l\u0259r m\u00fczakir\u0259 oluna bil\u0259r&#8221;.\n<\/p><\/p>\n","protected":false},"excerpt":{"rendered":"<p>&#8221;\u018fg\u0259r separat\u00e7\u0131lar\u0131n r\u0259hb\u0259rl\u0259ri icma n\u00fcmay\u0259nd\u0259l\u0259rin\u0259 dialoqa qada\u011fa qoysalar, m\u00fczakir\u0259l\u0259rd\u0259n \u00e7\u0259kin\u0259n t\u0259r\u0259fin kim olaca\u011f\u0131 bir daha a\u015fkarlanacaq&#8221;<\/p>\n","protected":false},"author":11,"featured_media":58718,"comment_status":"closed","ping_status":"open","sticky":false,"template":"","format":"standard","meta":{"_acf_changed":false,"_sitemap_exclude":false,"_sitemap_priority":"","_sitemap_frequency":"","footnotes":""},"categories":[51],"tags":[],"class_list":["post-176226","post","type-post","status-publish","format-standard","has-post-thumbnail","hentry","category-analitika","infinite-scroll-item","generate-columns","tablet-grid-50","mobile-grid-100","grid-parent","grid-33","no-featured-image-padding"],"acf":[],"yoast_head":"<!-- This site is optimized with the Yoast SEO plugin v27.5 - https:\/\/yoast.com\/product\/yoast-seo-wordpress\/ -->\n<title>Elxan \u015eahino\u011flu: Dialoq t\u0259klifini g\u00fcnd\u0259m\u0259 g\u0259tirm\u0259yin zaman\u0131d\u0131r - MEYDAN.TV<\/title>\n<meta name=\"robots\" content=\"index, follow, max-snippet:-1, max-image-preview:large, max-video-preview:-1\" \/>\n<link rel=\"canonical\" href=\"https:\/\/www.meydan.tv\/az\/article\/elxan-sahinoglu-dialoq-teklifini-gundeme-getirmeyin-zamanidir\/\" \/>\n<meta property=\"og:locale\" content=\"az_AZ\" \/>\n<meta property=\"og:type\" content=\"article\" \/>\n<meta property=\"og:title\" content=\"Elxan \u015eahino\u011flu: Dialoq t\u0259klifini g\u00fcnd\u0259m\u0259 g\u0259tirm\u0259yin zaman\u0131d\u0131r - MEYDAN.TV\" \/>\n<meta property=\"og:description\" content=\"&#039;&#039;\u018fg\u0259r separat\u00e7\u0131lar\u0131n r\u0259hb\u0259rl\u0259ri icma n\u00fcmay\u0259nd\u0259l\u0259rin\u0259 dialoqa qada\u011fa qoysalar, m\u00fczakir\u0259l\u0259rd\u0259n \u00e7\u0259kin\u0259n t\u0259r\u0259fin kim olaca\u011f\u0131 bir daha a\u015fkarlanacaq&#039;&#039;\" \/>\n<meta property=\"og:url\" content=\"https:\/\/www.meydan.tv\/az\/article\/elxan-sahinoglu-dialoq-teklifini-gundeme-getirmeyin-zamanidir\/\" \/>\n<meta property=\"og:site_name\" content=\"MEYDAN.TV\" \/>\n<meta property=\"article:published_time\" content=\"2016-05-27T12:41:27+00:00\" \/>\n<meta property=\"og:image\" content=\"https:\/\/www.meydan.tv\/wp-content\/uploads\/22291.jpg\" \/>\n\t<meta property=\"og:image:width\" content=\"768\" \/>\n\t<meta property=\"og:image:height\" content=\"477\" \/>\n\t<meta property=\"og:image:type\" content=\"image\/jpeg\" \/>\n<meta name=\"author\" content=\"user-manager\" \/>\n<meta name=\"twitter:card\" content=\"summary_large_image\" \/>\n<script type=\"application\/ld+json\" class=\"yoast-schema-graph\">{\"@context\":\"https:\\\/\\\/schema.org\",\"@graph\":[{\"@type\":\"Article\",\"@id\":\"https:\\\/\\\/www.meydan.tv\\\/az\\\/article\\\/elxan-sahinoglu-dialoq-teklifini-gundeme-getirmeyin-zamanidir\\\/#article\",\"isPartOf\":{\"@id\":\"https:\\\/\\\/www.meydan.tv\\\/az\\\/article\\\/elxan-sahinoglu-dialoq-teklifini-gundeme-getirmeyin-zamanidir\\\/\"},\"author\":{\"name\":\"user-manager\",\"@id\":\"https:\\\/\\\/www.meydan.tv\\\/az\\\/#\\\/schema\\\/person\\\/10d11eccf6da3662cf5fdab9806ea91a\"},\"headline\":\"Elxan \u015eahino\u011flu: Dialoq t\u0259klifini g\u00fcnd\u0259m\u0259 g\u0259tirm\u0259yin zaman\u0131d\u0131r\",\"datePublished\":\"2016-05-27T12:41:27+00:00\",\"mainEntityOfPage\":{\"@id\":\"https:\\\/\\\/www.meydan.tv\\\/az\\\/article\\\/elxan-sahinoglu-dialoq-teklifini-gundeme-getirmeyin-zamanidir\\\/\"},\"wordCount\":681,\"publisher\":{\"@id\":\"https:\\\/\\\/www.meydan.tv\\\/az\\\/#organization\"},\"image\":{\"@id\":\"https:\\\/\\\/www.meydan.tv\\\/az\\\/article\\\/elxan-sahinoglu-dialoq-teklifini-gundeme-getirmeyin-zamanidir\\\/#primaryimage\"},\"thumbnailUrl\":\"https:\\\/\\\/www.meydan.tv\\\/wp-content\\\/uploads\\\/22291.jpg\",\"articleSection\":[\"Analitika\"],\"inLanguage\":\"az\"},{\"@type\":\"WebPage\",\"@id\":\"https:\\\/\\\/www.meydan.tv\\\/az\\\/article\\\/elxan-sahinoglu-dialoq-teklifini-gundeme-getirmeyin-zamanidir\\\/\",\"url\":\"https:\\\/\\\/www.meydan.tv\\\/az\\\/article\\\/elxan-sahinoglu-dialoq-teklifini-gundeme-getirmeyin-zamanidir\\\/\",\"name\":\"Elxan \u015eahino\u011flu: Dialoq t\u0259klifini g\u00fcnd\u0259m\u0259 g\u0259tirm\u0259yin zaman\u0131d\u0131r - MEYDAN.TV\",\"isPartOf\":{\"@id\":\"https:\\\/\\\/www.meydan.tv\\\/az\\\/#website\"},\"primaryImageOfPage\":{\"@id\":\"https:\\\/\\\/www.meydan.tv\\\/az\\\/article\\\/elxan-sahinoglu-dialoq-teklifini-gundeme-getirmeyin-zamanidir\\\/#primaryimage\"},\"image\":{\"@id\":\"https:\\\/\\\/www.meydan.tv\\\/az\\\/article\\\/elxan-sahinoglu-dialoq-teklifini-gundeme-getirmeyin-zamanidir\\\/#primaryimage\"},\"thumbnailUrl\":\"https:\\\/\\\/www.meydan.tv\\\/wp-content\\\/uploads\\\/22291.jpg\",\"datePublished\":\"2016-05-27T12:41:27+00:00\",\"breadcrumb\":{\"@id\":\"https:\\\/\\\/www.meydan.tv\\\/az\\\/article\\\/elxan-sahinoglu-dialoq-teklifini-gundeme-getirmeyin-zamanidir\\\/#breadcrumb\"},\"inLanguage\":\"az\",\"potentialAction\":[{\"@type\":\"ReadAction\",\"target\":[\"https:\\\/\\\/www.meydan.tv\\\/az\\\/article\\\/elxan-sahinoglu-dialoq-teklifini-gundeme-getirmeyin-zamanidir\\\/\"]}]},{\"@type\":\"ImageObject\",\"inLanguage\":\"az\",\"@id\":\"https:\\\/\\\/www.meydan.tv\\\/az\\\/article\\\/elxan-sahinoglu-dialoq-teklifini-gundeme-getirmeyin-zamanidir\\\/#primaryimage\",\"url\":\"https:\\\/\\\/www.meydan.tv\\\/wp-content\\\/uploads\\\/22291.jpg\",\"contentUrl\":\"https:\\\/\\\/www.meydan.tv\\\/wp-content\\\/uploads\\\/22291.jpg\",\"width\":768,\"height\":477,\"caption\":\"Source:\"},{\"@type\":\"BreadcrumbList\",\"@id\":\"https:\\\/\\\/www.meydan.tv\\\/az\\\/article\\\/elxan-sahinoglu-dialoq-teklifini-gundeme-getirmeyin-zamanidir\\\/#breadcrumb\",\"itemListElement\":[{\"@type\":\"ListItem\",\"position\":1,\"name\":\"Ana s\u0259hif\u0259\",\"item\":\"https:\\\/\\\/www.meydan.tv\\\/az\\\/\"},{\"@type\":\"ListItem\",\"position\":2,\"name\":\"Analitika\",\"item\":\"https:\\\/\\\/www.meydan.tv\\\/az\\\/section\\\/analitika\\\/\"},{\"@type\":\"ListItem\",\"position\":3,\"name\":\"Elxan \u015eahino\u011flu: Dialoq t\u0259klifini g\u00fcnd\u0259m\u0259 g\u0259tirm\u0259yin zaman\u0131d\u0131r\"}]},{\"@type\":\"WebSite\",\"@id\":\"https:\\\/\\\/www.meydan.tv\\\/az\\\/#website\",\"url\":\"https:\\\/\\\/www.meydan.tv\\\/az\\\/\",\"name\":\"MEYDAN.TV\",\"description\":\"Meydan TV Az\u0259rbaycan\u0131n media m\u0259kan\u0131ndak\u0131 alternativ s\u0259sidir\",\"publisher\":{\"@id\":\"https:\\\/\\\/www.meydan.tv\\\/az\\\/#organization\"},\"potentialAction\":[{\"@type\":\"SearchAction\",\"target\":{\"@type\":\"EntryPoint\",\"urlTemplate\":\"https:\\\/\\\/www.meydan.tv\\\/az\\\/?s={search_term_string}\"},\"query-input\":{\"@type\":\"PropertyValueSpecification\",\"valueRequired\":true,\"valueName\":\"search_term_string\"}}],\"inLanguage\":\"az\"},{\"@type\":\"Organization\",\"@id\":\"https:\\\/\\\/www.meydan.tv\\\/az\\\/#organization\",\"name\":\"Meydan TV\",\"url\":\"https:\\\/\\\/www.meydan.tv\\\/az\\\/\",\"logo\":{\"@type\":\"ImageObject\",\"inLanguage\":\"az\",\"@id\":\"https:\\\/\\\/www.meydan.tv\\\/az\\\/#\\\/schema\\\/logo\\\/image\\\/\",\"url\":\"https:\\\/\\\/www.meydan.tv\\\/wp-content\\\/uploads\\\/2021\\\/07\\\/meydan-logo.svg\",\"contentUrl\":\"https:\\\/\\\/www.meydan.tv\\\/wp-content\\\/uploads\\\/2021\\\/07\\\/meydan-logo.svg\",\"width\":195,\"height\":46,\"caption\":\"Meydan TV\"},\"image\":{\"@id\":\"https:\\\/\\\/www.meydan.tv\\\/az\\\/#\\\/schema\\\/logo\\\/image\\\/\"}},{\"@type\":\"Person\",\"@id\":\"https:\\\/\\\/www.meydan.tv\\\/az\\\/#\\\/schema\\\/person\\\/10d11eccf6da3662cf5fdab9806ea91a\",\"name\":\"user-manager\"}]}<\/script>\n<!-- \/ Yoast SEO plugin. -->","yoast_head_json":{"title":"Elxan \u015eahino\u011flu: Dialoq t\u0259klifini g\u00fcnd\u0259m\u0259 g\u0259tirm\u0259yin zaman\u0131d\u0131r - MEYDAN.TV","robots":{"index":"index","follow":"follow","max-snippet":"max-snippet:-1","max-image-preview":"max-image-preview:large","max-video-preview":"max-video-preview:-1"},"canonical":"https:\/\/www.meydan.tv\/az\/article\/elxan-sahinoglu-dialoq-teklifini-gundeme-getirmeyin-zamanidir\/","og_locale":"az_AZ","og_type":"article","og_title":"Elxan \u015eahino\u011flu: Dialoq t\u0259klifini g\u00fcnd\u0259m\u0259 g\u0259tirm\u0259yin zaman\u0131d\u0131r - MEYDAN.TV","og_description":"''\u018fg\u0259r separat\u00e7\u0131lar\u0131n r\u0259hb\u0259rl\u0259ri icma n\u00fcmay\u0259nd\u0259l\u0259rin\u0259 dialoqa qada\u011fa qoysalar, m\u00fczakir\u0259l\u0259rd\u0259n \u00e7\u0259kin\u0259n t\u0259r\u0259fin kim olaca\u011f\u0131 bir daha a\u015fkarlanacaq''","og_url":"https:\/\/www.meydan.tv\/az\/article\/elxan-sahinoglu-dialoq-teklifini-gundeme-getirmeyin-zamanidir\/","og_site_name":"MEYDAN.TV","article_published_time":"2016-05-27T12:41:27+00:00","og_image":[{"width":768,"height":477,"url":"https:\/\/www.meydan.tv\/wp-content\/uploads\/22291.jpg","type":"image\/jpeg"}],"author":"user-manager","twitter_card":"summary_large_image","schema":{"@context":"https:\/\/schema.org","@graph":[{"@type":"Article","@id":"https:\/\/www.meydan.tv\/az\/article\/elxan-sahinoglu-dialoq-teklifini-gundeme-getirmeyin-zamanidir\/#article","isPartOf":{"@id":"https:\/\/www.meydan.tv\/az\/article\/elxan-sahinoglu-dialoq-teklifini-gundeme-getirmeyin-zamanidir\/"},"author":{"name":"user-manager","@id":"https:\/\/www.meydan.tv\/az\/#\/schema\/person\/10d11eccf6da3662cf5fdab9806ea91a"},"headline":"Elxan \u015eahino\u011flu: Dialoq t\u0259klifini g\u00fcnd\u0259m\u0259 g\u0259tirm\u0259yin zaman\u0131d\u0131r","datePublished":"2016-05-27T12:41:27+00:00","mainEntityOfPage":{"@id":"https:\/\/www.meydan.tv\/az\/article\/elxan-sahinoglu-dialoq-teklifini-gundeme-getirmeyin-zamanidir\/"},"wordCount":681,"publisher":{"@id":"https:\/\/www.meydan.tv\/az\/#organization"},"image":{"@id":"https:\/\/www.meydan.tv\/az\/article\/elxan-sahinoglu-dialoq-teklifini-gundeme-getirmeyin-zamanidir\/#primaryimage"},"thumbnailUrl":"https:\/\/www.meydan.tv\/wp-content\/uploads\/22291.jpg","articleSection":["Analitika"],"inLanguage":"az"},{"@type":"WebPage","@id":"https:\/\/www.meydan.tv\/az\/article\/elxan-sahinoglu-dialoq-teklifini-gundeme-getirmeyin-zamanidir\/","url":"https:\/\/www.meydan.tv\/az\/article\/elxan-sahinoglu-dialoq-teklifini-gundeme-getirmeyin-zamanidir\/","name":"Elxan \u015eahino\u011flu: Dialoq t\u0259klifini g\u00fcnd\u0259m\u0259 g\u0259tirm\u0259yin zaman\u0131d\u0131r - MEYDAN.TV","isPartOf":{"@id":"https:\/\/www.meydan.tv\/az\/#website"},"primaryImageOfPage":{"@id":"https:\/\/www.meydan.tv\/az\/article\/elxan-sahinoglu-dialoq-teklifini-gundeme-getirmeyin-zamanidir\/#primaryimage"},"image":{"@id":"https:\/\/www.meydan.tv\/az\/article\/elxan-sahinoglu-dialoq-teklifini-gundeme-getirmeyin-zamanidir\/#primaryimage"},"thumbnailUrl":"https:\/\/www.meydan.tv\/wp-content\/uploads\/22291.jpg","datePublished":"2016-05-27T12:41:27+00:00","breadcrumb":{"@id":"https:\/\/www.meydan.tv\/az\/article\/elxan-sahinoglu-dialoq-teklifini-gundeme-getirmeyin-zamanidir\/#breadcrumb"},"inLanguage":"az","potentialAction":[{"@type":"ReadAction","target":["https:\/\/www.meydan.tv\/az\/article\/elxan-sahinoglu-dialoq-teklifini-gundeme-getirmeyin-zamanidir\/"]}]},{"@type":"ImageObject","inLanguage":"az","@id":"https:\/\/www.meydan.tv\/az\/article\/elxan-sahinoglu-dialoq-teklifini-gundeme-getirmeyin-zamanidir\/#primaryimage","url":"https:\/\/www.meydan.tv\/wp-content\/uploads\/22291.jpg","contentUrl":"https:\/\/www.meydan.tv\/wp-content\/uploads\/22291.jpg","width":768,"height":477,"caption":"Source:"},{"@type":"BreadcrumbList","@id":"https:\/\/www.meydan.tv\/az\/article\/elxan-sahinoglu-dialoq-teklifini-gundeme-getirmeyin-zamanidir\/#breadcrumb","itemListElement":[{"@type":"ListItem","position":1,"name":"Ana s\u0259hif\u0259","item":"https:\/\/www.meydan.tv\/az\/"},{"@type":"ListItem","position":2,"name":"Analitika","item":"https:\/\/www.meydan.tv\/az\/section\/analitika\/"},{"@type":"ListItem","position":3,"name":"Elxan \u015eahino\u011flu: Dialoq t\u0259klifini g\u00fcnd\u0259m\u0259 g\u0259tirm\u0259yin zaman\u0131d\u0131r"}]},{"@type":"WebSite","@id":"https:\/\/www.meydan.tv\/az\/#website","url":"https:\/\/www.meydan.tv\/az\/","name":"MEYDAN.TV","description":"Meydan TV Az\u0259rbaycan\u0131n media m\u0259kan\u0131ndak\u0131 alternativ s\u0259sidir","publisher":{"@id":"https:\/\/www.meydan.tv\/az\/#organization"},"potentialAction":[{"@type":"SearchAction","target":{"@type":"EntryPoint","urlTemplate":"https:\/\/www.meydan.tv\/az\/?s={search_term_string}"},"query-input":{"@type":"PropertyValueSpecification","valueRequired":true,"valueName":"search_term_string"}}],"inLanguage":"az"},{"@type":"Organization","@id":"https:\/\/www.meydan.tv\/az\/#organization","name":"Meydan TV","url":"https:\/\/www.meydan.tv\/az\/","logo":{"@type":"ImageObject","inLanguage":"az","@id":"https:\/\/www.meydan.tv\/az\/#\/schema\/logo\/image\/","url":"https:\/\/www.meydan.tv\/wp-content\/uploads\/2021\/07\/meydan-logo.svg","contentUrl":"https:\/\/www.meydan.tv\/wp-content\/uploads\/2021\/07\/meydan-logo.svg","width":195,"height":46,"caption":"Meydan TV"},"image":{"@id":"https:\/\/www.meydan.tv\/az\/#\/schema\/logo\/image\/"}},{"@type":"Person","@id":"https:\/\/www.meydan.tv\/az\/#\/schema\/person\/10d11eccf6da3662cf5fdab9806ea91a","name":"user-manager"}]}},"_links":{"self":[{"href":"https:\/\/www.meydan.tv\/az\/wp-json\/wp\/v2\/posts\/176226","targetHints":{"allow":["GET"]}}],"collection":[{"href":"https:\/\/www.meydan.tv\/az\/wp-json\/wp\/v2\/posts"}],"about":[{"href":"https:\/\/www.meydan.tv\/az\/wp-json\/wp\/v2\/types\/post"}],"author":[{"embeddable":true,"href":"https:\/\/www.meydan.tv\/az\/wp-json\/wp\/v2\/users\/11"}],"replies":[{"embeddable":true,"href":"https:\/\/www.meydan.tv\/az\/wp-json\/wp\/v2\/comments?post=176226"}],"version-history":[{"count":0,"href":"https:\/\/www.meydan.tv\/az\/wp-json\/wp\/v2\/posts\/176226\/revisions"}],"wp:featuredmedia":[{"embeddable":true,"href":"https:\/\/www.meydan.tv\/az\/wp-json\/wp\/v2\/media\/58718"}],"wp:attachment":[{"href":"https:\/\/www.meydan.tv\/az\/wp-json\/wp\/v2\/media?parent=176226"}],"wp:term":[{"taxonomy":"category","embeddable":true,"href":"https:\/\/www.meydan.tv\/az\/wp-json\/wp\/v2\/categories?post=176226"},{"taxonomy":"post_tag","embeddable":true,"href":"https:\/\/www.meydan.tv\/az\/wp-json\/wp\/v2\/tags?post=176226"}],"curies":[{"name":"wp","href":"https:\/\/api.w.org\/{rel}","templated":true}]}}