{"id":176216,"date":"2016-05-26T22:18:12","date_gmt":"2016-05-26T22:18:12","guid":{"rendered":"https:\/\/www.meydan.tv\/article\/midas-leneti\/"},"modified":"2016-05-26T22:18:12","modified_gmt":"2016-05-26T22:18:12","slug":"midas-leneti","status":"publish","type":"post","link":"https:\/\/www.meydan.tv\/az\/article\/midas-leneti\/","title":{"rendered":"Midas l\u0259n\u0259ti"},"content":{"rendered":"<figure class=\"wp-block-image size-large\">\n  <img decoding=\"async\" src=\"https:\/\/www.meydan.tv\/az\/58670\/\" alt=\"\" class=\"wp-image-58670\"\/><figcaption><\/figcaption><\/figure>\n<figure class=\"wp-block-image size-large\">\n  <img decoding=\"async\" src=\"https:\/\/www.meydan.tv\/az\/58667\/\" alt=\"\" class=\"wp-image-58667\"\/><figcaption><\/figcaption><\/figure>\n<p>\n  Uza\u011fa getm\u0259y\u0259k, AB\u015e-\u0131n prezidenti Ri\u00e7ard Niksonu \u201cUotergeyt\u201d mehmanxanas\u0131nda Demokrat partiyas\u0131n\u0131n se\u00e7ki q\u0259rargah\u0131na gizli girmi\u015f adamlar\u0131n istintaq i\u015fi bar\u0259sind\u0259 apar\u0131lm\u0131\u015f ara\u015fd\u0131rma yaz\u0131lar\u0131 istefa verm\u0259y\u0259 m\u0259cbur etm\u0259dimi?\n<\/p>\n<p>\n  Yaxud, dig\u0259r klassik n\u00fcmun\u0259ni yada salaq: Federal Almaniyada G\u00fcnter Valraf adl\u0131 sar\u0131\u015f\u0131n v\u0259 g\u00f6yg\u00f6z bir jurnalist sa\u00e7\u0131n\u0131 qara r\u0259ng\u0259 boyad\u0131, g\u00f6z\u00fcn\u0259 qara linzalar taxd\u0131, \u00f6z ana dilini t\u00fcrk miqrant\u0131 kimi s\u0131nd\u0131rd\u0131, zavoda v\u0259 tikintiy\u0259 i\u015f\u0259 d\u00fcz\u0259lib, orada uzun m\u00fcdd\u0259t i\u015fl\u0259y\u0259nd\u0259n sonra b\u00fct\u00fcn \u0259ld\u0259 etdiyi m\u0259lumat\u0131 Almaniyada miqrantlar\u0131n \u00fczl\u0259\u015fdiyi ifrat istismar v\u0259 ayr\u0131-se\u00e7kilik bar\u0259d\u0259 yazd\u0131\u011f\u0131 kitabla b\u00fct\u00fcn alman xalq\u0131na x\u0259b\u0259r verdi.\n<\/p>\n<p>\n  Dedi ki, \u201cbizim d\u00f6vl\u0259td\u0259 miqrantlar\u0131n insan h\u00fcquqlar\u0131 biab\u0131r\u00e7\u0131 t\u0259rzd\u0259 pozulur!\u201d Bu ara\u015fd\u0131rma \u0259sas\u0131nda ne\u00e7\u0259 cinay\u0259t i\u015finin ba\u015flanmas\u0131n\u0131, bundestaq\u0131n ne\u00e7\u0259 yeni qanun q\u0259bul etdiyini b\u00fct\u00fcn jurnalistika fak\u00fclt\u0259l\u0259rind\u0259 t\u0259dris edib Valraf\u0131n bu i\u015fini ara\u015fd\u0131rma jurnalistikas\u0131n\u0131n tarixind\u0259 \u0259n parlaq s\u0259hif\u0259 say\u0131rlar.\n<\/p>\n<p>\n  M\u00fcst\u0259qil Az\u0259rbaycanda da ara\u015fd\u0131rma\u00e7\u0131 jurnalistika inki\u015faf etm\u0259y\u0259 \u00e7al\u0131\u015f\u0131rd\u0131. F\u0259q\u0259t zal\u0131m f\u0259l\u0259k qoymad\u0131.<br \/>\n  <br \/>\n  2011-ci ild\u0259 Soros Fondunun t\u0259\u015fkil etdiyi ara\u015fd\u0131rma\u00e7\u0131lar\u0131n m\u00fcsabiq\u0259sind\u0259 m\u00fcnsif hey\u0259tinin \u00fczv\u00fc kimi xeyli sevinmi\u015fdim.Bizim az\u0259ri jurnalist xan\u0131mlar\u0131n v\u0259 b\u0259yl\u0259rin m\u00fcsabiq\u0259y\u0259 t\u0259qdim etdikl\u0259ri i\u015fl\u0259rl\u0259 tan\u0131\u015f olduqca f\u0259r\u0259hl\u0259nirdim. T\u0259bii ki, onlardan Valraf s\u0259viyy\u0259sini g\u00f6zl\u0259m\u0259k h\u0259l\u0259 tez idi, lakin \u201cAz\u0259rbaycan da Almaniya deyil\u201d d\u00fc\u015f\u00fcn\u0259r\u0259k bu ba\u015flan\u011f\u0131c\u0131 \u00e7ox u\u011furlu say\u0131rd\u0131m.\n<\/p>\n<p>\n  Jurnalistl\u0259rd\u0259n yaln\u0131z Nicat Da\u011flar Valrafsaya\u011f\u0131 i\u015fl\u0259mi\u015fdi. \u00d6z\u00fcn\u00fc fermer q\u0259l\u0259m\u0259 ver\u0259r\u0259k \u201cAqrolizinq\u201dd\u0259n k\u0259nd t\u0259s\u0259rr\u00fcfat\u0131 ma\u015f\u0131nlar\u0131 g\u00f6t\u00fcrm\u0259k \u00fc\u00e7\u00fcn dan\u0131\u015f\u0131qlara ba\u015flam\u0131\u015f v\u0259 bu birliyin m\u00fc\u015ft\u0259ril\u0259ri v\u0259 d\u00f6vl\u0259ti nec\u0259 talan etm\u0259sinin mexanizmini a\u00e7m\u0131\u015fd\u0131. Ba\u015fqa bir ara\u015fd\u0131rmas\u0131nda Nicat Da\u011flar \u201cSokar\u201d\u0131n izi il\u0259 gedib y\u00fcz milyonlar\u0131n talan olundu\u011fu xarici \u00f6lk\u0259 layih\u0259l\u0259rin\u0259 gedib \u00e7\u0131xm\u0131\u015fd\u0131.\n<\/p>\n<p>\n  M\u00fcsabiq\u0259d\u0259 i\u015ftirak etmi\u015f h\u0259r bir jurnalist \u00f6z ara\u015fd\u0131rmas\u0131 il\u0259 s\u00fcbut etmi\u015fdi ki, \u00f6lk\u0259mizd\u0259 o\u011furluq v\u0259 r\u00fc\u015fv\u0259t\u0259 bula\u015fmam\u0131\u015f bir sah\u0259 bel\u0259 yoxdur. \u00d6lk\u0259ni xaricd\u0259 tan\u0131td\u0131rmaqdan g\u00f6z\u0259l n\u0259 ola bil\u0259r? F\u0259r\u0259h Sabirq\u0131z\u0131 \u015fanl\u0131 YAP qurulu\u015funun bu i\u015f \u00fc\u00e7\u00fcn ayr\u0131lan 30 milyon manatdan \u00e7ox v\u0259saitin nec\u0259 gizli, qanunsuz v\u0259 s\u0259m\u0259r\u0259siz x\u0259rcl\u0259m\u0259sinin \u00fcst\u00fcn\u00fc a\u00e7m\u0131\u015fd\u0131. R\u0259na Allahverdiyeva milli t\u0259hsil sisteminin b\u00f6y\u00fck m\u0259sr\u0259fl\u0259r\u0259 r\u0259\u011fm\u0259n tam s\u0259m\u0259r\u0259siz i\u015fl\u0259m\u0259sini r\u0259q\u0259ml\u0259rl\u0259 ortaya qoymu\u015fdu.\n<\/p>\n<p>\n  Arif\u0259 Kaz\u0131mova Ab\u015feronun su t\u0259chizat\u0131n\u0131n yax\u015f\u0131la\u015fd\u0131r\u0131lmas\u0131 \u00fc\u00e7\u00fcn ayr\u0131lm\u0131\u015f b\u00f6y\u00fck v\u0259saitin tarmar edilm\u0259sini t\u0259svir ed\u0259rk\u0259n yad\u0131ma Mirz\u0259 C\u0259lilin, \u018fziz Nesinin q\u0259hr\u0259manlar\u0131 d\u00fc\u015f\u00fcrd\u00fc. N\u00fc\u015fab\u0259 F\u0259tullayeva Olimpiya kompleksl\u0259rinin tikintisi \u00fc\u00e7\u00fcn ayr\u0131lm\u0131\u015f 200 milyon manat\u0131n m\u00fcqabilind\u0259 \u00f6lk\u0259mizin g\u00f6z\u0259 \u00e7arpan idman u\u011furu \u0259ld\u0259 etm\u0259diyini xat\u0131rlatm\u0131\u015fd\u0131. Elxan Salahov ara\u015fd\u0131rmas\u0131n\u0131n mahiyy\u0259tini \u201cBahal\u0131 diaqnostika m\u0259rk\u0259zl\u0259rinin ucuz sonlu\u011fu\u201d ba\u015fl\u0131\u011f\u0131 il\u0259 s\u0259rrast ifad\u0259 etmi\u015fdi.\n<\/p>\n<p>\n  F\u0259rman N\u0259biyev \u00f6z ara\u015fd\u0131rmas\u0131 il\u0259 \u201cSon \u00fc\u00e7 ild\u0259 \u201cAz\u0259renerji\u201d ASC v\u0259 onun yerli qurumlar\u0131 smart-kart tipli say\u011faclar\u0131n al\u0131nmas\u0131 v\u0259 qura\u015fd\u0131r\u0131lmas\u0131 prosesind\u0259 ictimaiyy\u0259td\u0259n n\u0259yi gizl\u0259dibl\u0259r\u201d sual\u0131n\u0131n cavab\u0131n\u0131 vermi\u015fdi. Hicran H\u0259midova \u201cMilyonlar su kimi i\u00e7ilir\u201d yazark\u0259n rayonlarda, el-obalarda xalq\u0131n keyfiyy\u0259tsiz su v\u0259 ya susuzluq il\u0259 \u00fcz-\u00fcz\u0259 qalmas\u0131n\u0131, bu d\u0259rd\u0259 \u00e7ar\u0259 q\u0131lmaq \u00fc\u00e7\u00fcn ayr\u0131lan v\u0259saitin na\u015f\u0131 v\u0259 \u0259li\u0259yri m\u0259murlar t\u0259r\u0259find\u0259n s\u0259m\u0259r\u0259siz x\u0259rcl\u0259nm\u0259sini t\u0259svir v\u0259 t\u0259hlil etmi\u015fdi.\n<\/p>\n<p>\n  Z\u00fclf\u00fcqar H\u00fcseynzad\u0259 sanki h\u0259mkar\u0131n\u0131n \u00fcr\u0259yini oxuyub \u00f6z ara\u015fd\u0131rmas\u0131n\u0131 \u201cSu kimi sovrulan pullar\u201d qoyub, m\u0259zmunu da s\u0259rl\u00f6vh\u0259y\u0259 uy\u011fun yazm\u0131\u015fd\u0131. \u018ffsun Sucayev istilik t\u0259chizat\u0131 sistemind\u0259 inhisar\u00e7\u0131 \u015firk\u0259tin israf\u00e7\u0131l\u0131\u011f\u0131 v\u0259 \u00f6zba\u015f\u0131nal\u0131\u011f\u0131 bar\u0259sind\u0259 yaz\u0131 t\u0259qdim etmi\u015fdi. Xalid Vahido\u011flu k\u0259nd yollar\u0131n\u0131 b\u00fcdc\u0259 v\u0259saitini m\u0259nims\u0259m\u0259k \u00fc\u00e7\u00fcn n\u00f6vb\u0259ti t\u0259l\u0259 adland\u0131rd\u0131\u011f\u0131n\u0131 s\u00fcbut etm\u0259kd\u0259n \u00f6tr\u00fc bu yollar\u0131 add\u0131mlam\u0131\u015f, \u00f6z g\u00f6z\u00fc il\u0259 m\u00fc\u015fahid\u0259 v\u0259 t\u0259svir etmi\u015fdi.\n<\/p>\n<p>\n  H\u0259min m\u00fcsabiq\u0259y\u0259 t\u0259qdim edilmi\u015f ara\u015fd\u0131rmalar\u0131n ham\u0131s\u0131n\u0131 xat\u0131latmaq m\u0259nim m\u0259qs\u0259dim deyil. Sad\u0259c\u0259 yada salmaq ist\u0259yir\u0259m ki, Az\u0259rbaycan jurnalistikas\u0131nda \u00e7ox canl\u0131 v\u0259 \u00e7evik bir ara\u015fd\u0131rma janr\u0131 yaran\u0131rd\u0131. Bu ara\u015fd\u0131rmalar s\u0259m\u0259r\u0259li v\u0259 h\u0259qiq\u0259t\u0259n xalq\u0131na xidm\u0259t etm\u0259k ist\u0259y\u0259n hakimiyy\u0259t \u00fc\u00e7\u00fcn b\u00f6y\u00fck fayda g\u0259tir\u0259 bil\u0259rdi. Lakin onu b\u00f6y\u00fcm\u0259y\u0259 qoymad\u0131lar. Niy\u0259?<br \/>\n  <br \/>\n  \u00c7\u00fcnki bu ara\u015fd\u0131rmalar\u0131n ham\u0131s\u0131nin ortaq m\u0259xr\u0259ci var idi. Az\u0259rbaycan jurnalisti n\u0259d\u0259n olur-olsun yaz\u0131rsa, qa\u00e7\u0131lmaz bir t\u0259rzd\u0259 m\u00fcst\u0259qil d\u00f6vl\u0259timizin dan\u0131lmaz c\u00f6vh\u0259ri olan o\u011furluq v\u0259 r\u00fc\u015fv\u0259t\u0259 g\u0259lib dir\u0259nir. \u0130st\u0259r ekologiya, ist\u0259r su v\u0259 kanalizasiya, ist\u0259r Avrovizion m\u00fcsabiq\u0259si, ist\u0259r idman stadionlar\u0131n\u0131n tikintisi, ist\u0259r yol h\u0259r\u0259k\u0259tinin intellektual idar\u0259 edilm\u0259si sisteminin qurulmas\u0131, ist\u0259r k\u0259nd t\u0259s\u0259rr\u00fcfat\u0131 m\u0259hsullar\u0131n\u0131n saxlanmas\u0131 \u00fc\u00e7\u00fcn soyuducular\u0131n tikilm\u0259si, ist\u0259r x\u0259r\u00e7\u0259nf x\u0259st\u0259l\u0259rinin m\u00fcalic\u0259si \u00fc\u00e7\u00fcn ayr\u0131lan b\u00fcdc\u0259 v\u0259saitinin x\u0259rcl\u0259nm\u0259si, ham\u0131s\u0131, ham\u0131s\u0131&#8230; o\u011furluq v\u0259 r\u00fc\u015fv\u0259t m\u0259nb\u0259yidir.\n<\/p>\n<p>\n  Q\u0259dim yunan \u0259satirind\u0259 tamahkarl\u0131\u011f\u0131na g\u00f6r\u0259 l\u0259n\u0259tl\u0259nmi\u015f \u015fah Midas \u0259lini n\u0259y\u0259 vururdusa, h\u0259min \u0259\u015fya q\u0131z\u0131la d\u00f6n\u00fcrd\u00fc v\u0259 q\u0131z\u0131l i\u00e7ind\u0259 \u00fcz\u0259n Midas ac\u0131ndan \u00f6lm\u00fc\u015fd\u00fc. \u0130ndi d\u0259 bizim hakimiyy\u0259t hans\u0131 i\u015fin qulpundan yap\u0131\u015f\u0131rsa, h\u0259min i\u015f m\u00fctl\u0259q o\u011furluq v\u0259 r\u00fc\u015fv\u0259t m\u0259nb\u0259yin\u0259 \u00e7evrilir v\u0259 xalqa he\u00e7 bir xeyir g\u0259tirmir. Qalmaq v\u0259 ya\u015famaq ist\u0259y\u0259n hakimiyy\u0259t n\u0259 etm\u0259lidir? Q\u00fcsuru \u0259halinin, ilk n\u00f6vb\u0259d\u0259 jurnalistl\u0259rin k\u00f6m\u0259yi il\u0259 a\u00e7maq v\u0259 sonra o\u011frular bar\u0259d\u0259 cinay\u0259t i\u015fi qald\u0131r\u0131b onlar\u0131 c\u0259zaland\u0131rmaq yolu il\u0259 v\u0259ziyy\u0259ti islah etm\u0259k&#8230;\n<\/p>\n<p>\n  Bizd\u0259 n\u0259 ba\u015f verdi? Bu yaz\u0131lar d\u0259rc olundu, m\u00fcsabiq\u0259 ke\u00e7di, \u0259n yax\u015f\u0131 ara\u015fd\u0131rmalara m\u00fckafat verildi, h\u00f6kum\u0259tin he\u00e7 t\u00fck\u00fc t\u0259rp\u0259nm\u0259di, h\u0259min o\u011furluq v\u0259 talan sonrak\u0131 ill\u0259rd\u0259 d\u0259 t\u0259krar olundu. T\u0259bii ki, d\u00fcz s\u00f6z\u00fc dey\u0259n a\u011f\u0131zlar\u0131 qapatmaq laz\u0131m idi, buna g\u00f6r\u0259 v\u0259t\u0259nda\u015f c\u0259miyy\u0259ti \u00f6z\u0259kl\u0259rin\u0259 d\u00f6vl\u0259tin t\u0259zyiqi g\u00fccl\u0259ndi, xarici donor t\u0259\u015fkilatlar\u0131 bir sinif kimi l\u0259\u011fv edildi.<br \/>\n  <br \/>\n  Bunun xeyri oldumu? Neft ucuzla\u015fd\u0131, m\u00fcft\u0259 pullar hesab\u0131na \u015fi\u015fmi\u015f b\u00fcdc\u0259 ki\u00e7ildi, bacar\u0131qs\u0131z v\u0259 t\u00fcfeyli hakim z\u00fcmr\u0259 \u00f6lk\u0259y\u0259 he\u00e7 bir \u00e7\u0131x\u0131\u015f yolu g\u00f6st\u0259r\u0259 bilm\u0259y\u0259r\u0259k s\u0259m\u0259r\u0259siz v\u0259 m\u0259nas\u0131z t\u0259mrinl\u0259r\u0259 ba\u015f vurdu.\n<\/p>\n<p>\n  Hakimiyy\u0259tin sinfi mahiyy\u0259ti onu sinfi h\u0259mr\u0259yliy\u0259 s\u00f6vq edir, f\u0259q\u0259t bu h\u0259mr\u0259yliyin ax\u0131r\u0131 m\u00fctl\u0259q \u201cEldar Mahmudov i\u015fi\u201d tipli sonluqla n\u0259tic\u0259l\u0259n\u0259c\u0259k. \u00d6lk\u0259 sa\u011falmaq v\u0259 sa\u011f qalmaq ist\u0259yirs\u0259, dan\u0131\u015fan a\u011f\u0131zlar\u0131, g\u00f6r\u0259n g\u00f6zl\u0259ri qapatmamal\u0131d\u0131r.\n<\/p>\n<p>\n  <b><br \/>\n    Yaz\u0131 m\u00fc\u0259llifin \u015f\u0259xsi m\u00f6vqeyini \u0259ks etdirir. M\u00fc\u0259llifin m\u00f6vqeyi Meydan.Tv-nin m\u00f6vqeyi il\u0259 \u00fcst-\u00fcst\u0259 d\u00fc\u015fm\u0259y\u0259 bil\u0259r.<br \/>\n  <\/b><\/p>\n","protected":false},"excerpt":{"rendered":"<p>Demokratik d\u00f6vl\u0259tl\u0259rd\u0259 ara\u015fd\u0131rma i\u015fl\u0259rinin m\u00fcst\u0259sna \u0259h\u0259miyy\u0259ti<\/p>\n","protected":false},"author":11,"featured_media":58670,"comment_status":"closed","ping_status":"open","sticky":false,"template":"","format":"standard","meta":{"_acf_changed":false,"_sitemap_exclude":false,"_sitemap_priority":"","_sitemap_frequency":"","footnotes":""},"categories":[57],"tags":[],"class_list":["post-176216","post","type-post","status-publish","format-standard","has-post-thumbnail","hentry","category-menim-fikrimce","infinite-scroll-item","generate-columns","tablet-grid-50","mobile-grid-100","grid-parent","grid-33","no-featured-image-padding"],"acf":[],"yoast_head":"<!-- This site is optimized with the Yoast SEO plugin v27.5 - https:\/\/yoast.com\/product\/yoast-seo-wordpress\/ -->\n<title>Midas l\u0259n\u0259ti - MEYDAN.TV<\/title>\n<meta name=\"robots\" content=\"index, follow, max-snippet:-1, max-image-preview:large, max-video-preview:-1\" \/>\n<link rel=\"canonical\" href=\"https:\/\/www.meydan.tv\/az\/article\/midas-leneti\/\" \/>\n<meta property=\"og:locale\" content=\"az_AZ\" \/>\n<meta property=\"og:type\" content=\"article\" \/>\n<meta property=\"og:title\" content=\"Midas l\u0259n\u0259ti - MEYDAN.TV\" \/>\n<meta property=\"og:description\" content=\"Demokratik d\u00f6vl\u0259tl\u0259rd\u0259 ara\u015fd\u0131rma i\u015fl\u0259rinin m\u00fcst\u0259sna \u0259h\u0259miyy\u0259ti\" \/>\n<meta property=\"og:url\" content=\"https:\/\/www.meydan.tv\/az\/article\/midas-leneti\/\" \/>\n<meta property=\"og:site_name\" content=\"MEYDAN.TV\" \/>\n<meta property=\"article:published_time\" content=\"2016-05-26T22:18:12+00:00\" \/>\n<meta property=\"og:image\" content=\"https:\/\/www.meydan.tv\/wp-content\/uploads\/22273.jpg\" \/>\n\t<meta property=\"og:image:width\" content=\"500\" \/>\n\t<meta property=\"og:image:height\" content=\"500\" \/>\n\t<meta property=\"og:image:type\" content=\"image\/jpeg\" \/>\n<meta name=\"author\" content=\"user-manager\" \/>\n<meta name=\"twitter:card\" content=\"summary_large_image\" \/>\n<script type=\"application\/ld+json\" class=\"yoast-schema-graph\">{\"@context\":\"https:\\\/\\\/schema.org\",\"@graph\":[{\"@type\":\"Article\",\"@id\":\"https:\\\/\\\/www.meydan.tv\\\/az\\\/article\\\/midas-leneti\\\/#article\",\"isPartOf\":{\"@id\":\"https:\\\/\\\/www.meydan.tv\\\/az\\\/article\\\/midas-leneti\\\/\"},\"author\":{\"name\":\"user-manager\",\"@id\":\"https:\\\/\\\/www.meydan.tv\\\/az\\\/#\\\/schema\\\/person\\\/10d11eccf6da3662cf5fdab9806ea91a\"},\"headline\":\"Midas l\u0259n\u0259ti\",\"datePublished\":\"2016-05-26T22:18:12+00:00\",\"mainEntityOfPage\":{\"@id\":\"https:\\\/\\\/www.meydan.tv\\\/az\\\/article\\\/midas-leneti\\\/\"},\"wordCount\":1415,\"publisher\":{\"@id\":\"https:\\\/\\\/www.meydan.tv\\\/az\\\/#organization\"},\"image\":{\"@id\":\"https:\\\/\\\/www.meydan.tv\\\/az\\\/article\\\/midas-leneti\\\/#primaryimage\"},\"thumbnailUrl\":\"https:\\\/\\\/www.meydan.tv\\\/wp-content\\\/uploads\\\/22273.jpg\",\"articleSection\":[\"M\u0259nim Fikrimc\u0259\"],\"inLanguage\":\"az\"},{\"@type\":\"WebPage\",\"@id\":\"https:\\\/\\\/www.meydan.tv\\\/az\\\/article\\\/midas-leneti\\\/\",\"url\":\"https:\\\/\\\/www.meydan.tv\\\/az\\\/article\\\/midas-leneti\\\/\",\"name\":\"Midas l\u0259n\u0259ti - MEYDAN.TV\",\"isPartOf\":{\"@id\":\"https:\\\/\\\/www.meydan.tv\\\/az\\\/#website\"},\"primaryImageOfPage\":{\"@id\":\"https:\\\/\\\/www.meydan.tv\\\/az\\\/article\\\/midas-leneti\\\/#primaryimage\"},\"image\":{\"@id\":\"https:\\\/\\\/www.meydan.tv\\\/az\\\/article\\\/midas-leneti\\\/#primaryimage\"},\"thumbnailUrl\":\"https:\\\/\\\/www.meydan.tv\\\/wp-content\\\/uploads\\\/22273.jpg\",\"datePublished\":\"2016-05-26T22:18:12+00:00\",\"breadcrumb\":{\"@id\":\"https:\\\/\\\/www.meydan.tv\\\/az\\\/article\\\/midas-leneti\\\/#breadcrumb\"},\"inLanguage\":\"az\",\"potentialAction\":[{\"@type\":\"ReadAction\",\"target\":[\"https:\\\/\\\/www.meydan.tv\\\/az\\\/article\\\/midas-leneti\\\/\"]}]},{\"@type\":\"ImageObject\",\"inLanguage\":\"az\",\"@id\":\"https:\\\/\\\/www.meydan.tv\\\/az\\\/article\\\/midas-leneti\\\/#primaryimage\",\"url\":\"https:\\\/\\\/www.meydan.tv\\\/wp-content\\\/uploads\\\/22273.jpg\",\"contentUrl\":\"https:\\\/\\\/www.meydan.tv\\\/wp-content\\\/uploads\\\/22273.jpg\",\"width\":500,\"height\":500,\"caption\":\"Source:\"},{\"@type\":\"BreadcrumbList\",\"@id\":\"https:\\\/\\\/www.meydan.tv\\\/az\\\/article\\\/midas-leneti\\\/#breadcrumb\",\"itemListElement\":[{\"@type\":\"ListItem\",\"position\":1,\"name\":\"Ana s\u0259hif\u0259\",\"item\":\"https:\\\/\\\/www.meydan.tv\\\/az\\\/\"},{\"@type\":\"ListItem\",\"position\":2,\"name\":\"M\u0259nim Fikrimc\u0259\",\"item\":\"https:\\\/\\\/www.meydan.tv\\\/az\\\/section\\\/menim-fikrimce\\\/\"},{\"@type\":\"ListItem\",\"position\":3,\"name\":\"Midas l\u0259n\u0259ti\"}]},{\"@type\":\"WebSite\",\"@id\":\"https:\\\/\\\/www.meydan.tv\\\/az\\\/#website\",\"url\":\"https:\\\/\\\/www.meydan.tv\\\/az\\\/\",\"name\":\"MEYDAN.TV\",\"description\":\"Meydan TV Az\u0259rbaycan\u0131n media m\u0259kan\u0131ndak\u0131 alternativ s\u0259sidir\",\"publisher\":{\"@id\":\"https:\\\/\\\/www.meydan.tv\\\/az\\\/#organization\"},\"potentialAction\":[{\"@type\":\"SearchAction\",\"target\":{\"@type\":\"EntryPoint\",\"urlTemplate\":\"https:\\\/\\\/www.meydan.tv\\\/az\\\/?s={search_term_string}\"},\"query-input\":{\"@type\":\"PropertyValueSpecification\",\"valueRequired\":true,\"valueName\":\"search_term_string\"}}],\"inLanguage\":\"az\"},{\"@type\":\"Organization\",\"@id\":\"https:\\\/\\\/www.meydan.tv\\\/az\\\/#organization\",\"name\":\"Meydan TV\",\"url\":\"https:\\\/\\\/www.meydan.tv\\\/az\\\/\",\"logo\":{\"@type\":\"ImageObject\",\"inLanguage\":\"az\",\"@id\":\"https:\\\/\\\/www.meydan.tv\\\/az\\\/#\\\/schema\\\/logo\\\/image\\\/\",\"url\":\"https:\\\/\\\/www.meydan.tv\\\/wp-content\\\/uploads\\\/2021\\\/07\\\/meydan-logo.svg\",\"contentUrl\":\"https:\\\/\\\/www.meydan.tv\\\/wp-content\\\/uploads\\\/2021\\\/07\\\/meydan-logo.svg\",\"width\":195,\"height\":46,\"caption\":\"Meydan TV\"},\"image\":{\"@id\":\"https:\\\/\\\/www.meydan.tv\\\/az\\\/#\\\/schema\\\/logo\\\/image\\\/\"}},{\"@type\":\"Person\",\"@id\":\"https:\\\/\\\/www.meydan.tv\\\/az\\\/#\\\/schema\\\/person\\\/10d11eccf6da3662cf5fdab9806ea91a\",\"name\":\"user-manager\"}]}<\/script>\n<!-- \/ Yoast SEO plugin. -->","yoast_head_json":{"title":"Midas l\u0259n\u0259ti - MEYDAN.TV","robots":{"index":"index","follow":"follow","max-snippet":"max-snippet:-1","max-image-preview":"max-image-preview:large","max-video-preview":"max-video-preview:-1"},"canonical":"https:\/\/www.meydan.tv\/az\/article\/midas-leneti\/","og_locale":"az_AZ","og_type":"article","og_title":"Midas l\u0259n\u0259ti - MEYDAN.TV","og_description":"Demokratik d\u00f6vl\u0259tl\u0259rd\u0259 ara\u015fd\u0131rma i\u015fl\u0259rinin m\u00fcst\u0259sna \u0259h\u0259miyy\u0259ti","og_url":"https:\/\/www.meydan.tv\/az\/article\/midas-leneti\/","og_site_name":"MEYDAN.TV","article_published_time":"2016-05-26T22:18:12+00:00","og_image":[{"width":500,"height":500,"url":"https:\/\/www.meydan.tv\/wp-content\/uploads\/22273.jpg","type":"image\/jpeg"}],"author":"user-manager","twitter_card":"summary_large_image","schema":{"@context":"https:\/\/schema.org","@graph":[{"@type":"Article","@id":"https:\/\/www.meydan.tv\/az\/article\/midas-leneti\/#article","isPartOf":{"@id":"https:\/\/www.meydan.tv\/az\/article\/midas-leneti\/"},"author":{"name":"user-manager","@id":"https:\/\/www.meydan.tv\/az\/#\/schema\/person\/10d11eccf6da3662cf5fdab9806ea91a"},"headline":"Midas l\u0259n\u0259ti","datePublished":"2016-05-26T22:18:12+00:00","mainEntityOfPage":{"@id":"https:\/\/www.meydan.tv\/az\/article\/midas-leneti\/"},"wordCount":1415,"publisher":{"@id":"https:\/\/www.meydan.tv\/az\/#organization"},"image":{"@id":"https:\/\/www.meydan.tv\/az\/article\/midas-leneti\/#primaryimage"},"thumbnailUrl":"https:\/\/www.meydan.tv\/wp-content\/uploads\/22273.jpg","articleSection":["M\u0259nim Fikrimc\u0259"],"inLanguage":"az"},{"@type":"WebPage","@id":"https:\/\/www.meydan.tv\/az\/article\/midas-leneti\/","url":"https:\/\/www.meydan.tv\/az\/article\/midas-leneti\/","name":"Midas l\u0259n\u0259ti - MEYDAN.TV","isPartOf":{"@id":"https:\/\/www.meydan.tv\/az\/#website"},"primaryImageOfPage":{"@id":"https:\/\/www.meydan.tv\/az\/article\/midas-leneti\/#primaryimage"},"image":{"@id":"https:\/\/www.meydan.tv\/az\/article\/midas-leneti\/#primaryimage"},"thumbnailUrl":"https:\/\/www.meydan.tv\/wp-content\/uploads\/22273.jpg","datePublished":"2016-05-26T22:18:12+00:00","breadcrumb":{"@id":"https:\/\/www.meydan.tv\/az\/article\/midas-leneti\/#breadcrumb"},"inLanguage":"az","potentialAction":[{"@type":"ReadAction","target":["https:\/\/www.meydan.tv\/az\/article\/midas-leneti\/"]}]},{"@type":"ImageObject","inLanguage":"az","@id":"https:\/\/www.meydan.tv\/az\/article\/midas-leneti\/#primaryimage","url":"https:\/\/www.meydan.tv\/wp-content\/uploads\/22273.jpg","contentUrl":"https:\/\/www.meydan.tv\/wp-content\/uploads\/22273.jpg","width":500,"height":500,"caption":"Source:"},{"@type":"BreadcrumbList","@id":"https:\/\/www.meydan.tv\/az\/article\/midas-leneti\/#breadcrumb","itemListElement":[{"@type":"ListItem","position":1,"name":"Ana s\u0259hif\u0259","item":"https:\/\/www.meydan.tv\/az\/"},{"@type":"ListItem","position":2,"name":"M\u0259nim Fikrimc\u0259","item":"https:\/\/www.meydan.tv\/az\/section\/menim-fikrimce\/"},{"@type":"ListItem","position":3,"name":"Midas l\u0259n\u0259ti"}]},{"@type":"WebSite","@id":"https:\/\/www.meydan.tv\/az\/#website","url":"https:\/\/www.meydan.tv\/az\/","name":"MEYDAN.TV","description":"Meydan TV Az\u0259rbaycan\u0131n media m\u0259kan\u0131ndak\u0131 alternativ s\u0259sidir","publisher":{"@id":"https:\/\/www.meydan.tv\/az\/#organization"},"potentialAction":[{"@type":"SearchAction","target":{"@type":"EntryPoint","urlTemplate":"https:\/\/www.meydan.tv\/az\/?s={search_term_string}"},"query-input":{"@type":"PropertyValueSpecification","valueRequired":true,"valueName":"search_term_string"}}],"inLanguage":"az"},{"@type":"Organization","@id":"https:\/\/www.meydan.tv\/az\/#organization","name":"Meydan TV","url":"https:\/\/www.meydan.tv\/az\/","logo":{"@type":"ImageObject","inLanguage":"az","@id":"https:\/\/www.meydan.tv\/az\/#\/schema\/logo\/image\/","url":"https:\/\/www.meydan.tv\/wp-content\/uploads\/2021\/07\/meydan-logo.svg","contentUrl":"https:\/\/www.meydan.tv\/wp-content\/uploads\/2021\/07\/meydan-logo.svg","width":195,"height":46,"caption":"Meydan TV"},"image":{"@id":"https:\/\/www.meydan.tv\/az\/#\/schema\/logo\/image\/"}},{"@type":"Person","@id":"https:\/\/www.meydan.tv\/az\/#\/schema\/person\/10d11eccf6da3662cf5fdab9806ea91a","name":"user-manager"}]}},"_links":{"self":[{"href":"https:\/\/www.meydan.tv\/az\/wp-json\/wp\/v2\/posts\/176216","targetHints":{"allow":["GET"]}}],"collection":[{"href":"https:\/\/www.meydan.tv\/az\/wp-json\/wp\/v2\/posts"}],"about":[{"href":"https:\/\/www.meydan.tv\/az\/wp-json\/wp\/v2\/types\/post"}],"author":[{"embeddable":true,"href":"https:\/\/www.meydan.tv\/az\/wp-json\/wp\/v2\/users\/11"}],"replies":[{"embeddable":true,"href":"https:\/\/www.meydan.tv\/az\/wp-json\/wp\/v2\/comments?post=176216"}],"version-history":[{"count":0,"href":"https:\/\/www.meydan.tv\/az\/wp-json\/wp\/v2\/posts\/176216\/revisions"}],"wp:featuredmedia":[{"embeddable":true,"href":"https:\/\/www.meydan.tv\/az\/wp-json\/wp\/v2\/media\/58670"}],"wp:attachment":[{"href":"https:\/\/www.meydan.tv\/az\/wp-json\/wp\/v2\/media?parent=176216"}],"wp:term":[{"taxonomy":"category","embeddable":true,"href":"https:\/\/www.meydan.tv\/az\/wp-json\/wp\/v2\/categories?post=176216"},{"taxonomy":"post_tag","embeddable":true,"href":"https:\/\/www.meydan.tv\/az\/wp-json\/wp\/v2\/tags?post=176216"}],"curies":[{"name":"wp","href":"https:\/\/api.w.org\/{rel}","templated":true}]}}