{"id":176179,"date":"2016-05-25T19:15:41","date_gmt":"2016-05-25T19:15:41","guid":{"rendered":"https:\/\/www.meydan.tv\/article\/ermeni-kesfiyyatci-azerbaycanin-azad-etdiyi-yuksekliklerden-danisdi\/"},"modified":"2016-05-25T19:15:41","modified_gmt":"2016-05-25T19:15:41","slug":"ermeni-kesfiyyatci-azerbaycanin-azad-etdiyi-yuksekliklerden-danisdi","status":"publish","type":"post","link":"https:\/\/www.meydan.tv\/az\/article\/ermeni-kesfiyyatci-azerbaycanin-azad-etdiyi-yuksekliklerden-danisdi\/","title":{"rendered":"Erm\u0259ni k\u0259\u015ffiyyat\u00e7\u0131 Az\u0259rbaycan\u0131n azad etdiyi y\u00fcks\u0259klikl\u0259rd\u0259n dan\u0131\u015fd\u0131"},"content":{"rendered":"<figure class=\"wp-block-image size-large\">\n  <img decoding=\"async\" src=\"https:\/\/www.meydan.tv\/az\/vova-vardanov\/\" alt=\"Vova Vardanov\" class=\"wp-image-58553\"\/><figcaption>\n    Vova Vardanov<br \/>\n  <\/figcaption><\/figure>\n<p>\n  <i><br \/>\n    &#8221;Art\u0131q qar\u015f\u0131 t\u0259r\u0259f Tal\u0131\u015f k\u0259ndi istiqam\u0259tind\u0259 bizim m\u00f6vqel\u0259rimizi g\u00f6r\u0259 bilir&#8221;<br \/>\n  <\/i>\n<\/p>\n<p>\n  \u201cTaktiki n\u00f6qteyi-n\u0259z\u0259rd\u0259n onlar (az\u0259rbaycanl\u0131lar-red.) onlarla h\u0259rb\u00e7imizi m\u0259hv ed\u0259 bil\u0259rl\u0259r\u201d.<\/p>\n<p>  Bunu \u0130r\u0259vanda ke\u00e7iril\u0259n m\u0259tbuat konfrans\u0131nda ke\u00e7mi\u015f k\u0259\u015ffiyyat\u00e7\u0131 Vova Vardanov deyib.<\/p>\n<p>  O bildirib ki, aprel d\u00f6y\u00fc\u015fl\u0259rind\u0259n sonra Az\u0259rbaycan ordusu art\u0131q erm\u0259ni m\u00f6vqel\u0259rini a\u00e7\u0131q-ayd\u0131n m\u00fc\u015fahid\u0259 ed\u0259 bilir.<\/p>\n<p>  \u201cM\u00fczakir\u0259 olunan h\u0259min 700-800 hektar \u0259razi s\u0259ng\u0259rl\u0259r aras\u0131ndak\u0131 neytral x\u0259tdir. \u018flb\u0259tt\u0259 ki, bu, vacib \u0259razidir. Bir m\u00f6vqe b\u00f6y\u00fck strateji \u0259h\u0259miyy\u0259t\u0259 malik olmaya bil\u0259r, lakin b\u00f6y\u00fck taktiki v\u0259 operativ \u00f6n\u0259m da\u015f\u0131d\u0131\u011f\u0131 birm\u0259nal\u0131d\u0131r. \u00c7\u00fcnki art\u0131q qar\u015f\u0131 t\u0259r\u0259f Tal\u0131\u015f k\u0259ndi istiqam\u0259tind\u0259 bizim m\u00f6vqel\u0259rimizi g\u00f6r\u0259 bilir\u201d, &#8211; dey\u0259 o vur\u011fulay\u0131b.<\/p>\n<p>  <b><br \/>\n    <i><br \/>\n      APA<br \/>\n    <\/i><br \/>\n  <\/b><\/p>\n","protected":false},"excerpt":{"rendered":"<p>&#8221;Art\u0131q qar\u015f\u0131 t\u0259r\u0259f Tal\u0131\u015f k\u0259ndi istiqam\u0259tind\u0259 bizim m\u00f6vqel\u0259rimizi g\u00f6r\u0259 bilir&#8221;<\/p>\n","protected":false},"author":11,"featured_media":58553,"comment_status":"closed","ping_status":"open","sticky":false,"template":"","format":"standard","meta":{"_acf_changed":false,"_sitemap_exclude":false,"_sitemap_priority":"","_sitemap_frequency":"","footnotes":""},"categories":[51],"tags":[],"class_list":["post-176179","post","type-post","status-publish","format-standard","has-post-thumbnail","hentry","category-analitika","infinite-scroll-item","generate-columns","tablet-grid-50","mobile-grid-100","grid-parent","grid-33","no-featured-image-padding"],"acf":[],"yoast_head":"<!-- This site is optimized with the Yoast SEO plugin v27.5 - https:\/\/yoast.com\/product\/yoast-seo-wordpress\/ -->\n<title>Erm\u0259ni k\u0259\u015ffiyyat\u00e7\u0131 Az\u0259rbaycan\u0131n azad etdiyi y\u00fcks\u0259klikl\u0259rd\u0259n dan\u0131\u015fd\u0131 - MEYDAN.TV<\/title>\n<meta name=\"robots\" content=\"index, follow, max-snippet:-1, max-image-preview:large, max-video-preview:-1\" \/>\n<link rel=\"canonical\" href=\"https:\/\/www.meydan.tv\/az\/article\/ermeni-kesfiyyatci-azerbaycanin-azad-etdiyi-yuksekliklerden-danisdi\/\" \/>\n<meta property=\"og:locale\" content=\"az_AZ\" \/>\n<meta property=\"og:type\" content=\"article\" \/>\n<meta property=\"og:title\" content=\"Erm\u0259ni k\u0259\u015ffiyyat\u00e7\u0131 Az\u0259rbaycan\u0131n azad etdiyi y\u00fcks\u0259klikl\u0259rd\u0259n dan\u0131\u015fd\u0131 - MEYDAN.TV\" \/>\n<meta property=\"og:description\" content=\"&#039;&#039;Art\u0131q qar\u015f\u0131 t\u0259r\u0259f Tal\u0131\u015f k\u0259ndi istiqam\u0259tind\u0259 bizim m\u00f6vqel\u0259rimizi g\u00f6r\u0259 bilir&#039;&#039;\" \/>\n<meta property=\"og:url\" content=\"https:\/\/www.meydan.tv\/az\/article\/ermeni-kesfiyyatci-azerbaycanin-azad-etdiyi-yuksekliklerden-danisdi\/\" \/>\n<meta property=\"og:site_name\" content=\"MEYDAN.TV\" \/>\n<meta property=\"article:published_time\" content=\"2016-05-25T19:15:41+00:00\" \/>\n<meta property=\"og:image\" content=\"https:\/\/www.meydan.tv\/wp-content\/uploads\/22211.jpg\" \/>\n\t<meta property=\"og:image:width\" content=\"750\" \/>\n\t<meta property=\"og:image:height\" content=\"499\" \/>\n\t<meta property=\"og:image:type\" content=\"image\/jpeg\" \/>\n<meta name=\"author\" content=\"user-manager\" \/>\n<meta name=\"twitter:card\" content=\"summary_large_image\" \/>\n<script type=\"application\/ld+json\" class=\"yoast-schema-graph\">{\"@context\":\"https:\\\/\\\/schema.org\",\"@graph\":[{\"@type\":\"Article\",\"@id\":\"https:\\\/\\\/www.meydan.tv\\\/az\\\/article\\\/ermeni-kesfiyyatci-azerbaycanin-azad-etdiyi-yuksekliklerden-danisdi\\\/#article\",\"isPartOf\":{\"@id\":\"https:\\\/\\\/www.meydan.tv\\\/az\\\/article\\\/ermeni-kesfiyyatci-azerbaycanin-azad-etdiyi-yuksekliklerden-danisdi\\\/\"},\"author\":{\"name\":\"user-manager\",\"@id\":\"https:\\\/\\\/www.meydan.tv\\\/az\\\/#\\\/schema\\\/person\\\/10d11eccf6da3662cf5fdab9806ea91a\"},\"headline\":\"Erm\u0259ni k\u0259\u015ffiyyat\u00e7\u0131 Az\u0259rbaycan\u0131n azad etdiyi y\u00fcks\u0259klikl\u0259rd\u0259n dan\u0131\u015fd\u0131\",\"datePublished\":\"2016-05-25T19:15:41+00:00\",\"mainEntityOfPage\":{\"@id\":\"https:\\\/\\\/www.meydan.tv\\\/az\\\/article\\\/ermeni-kesfiyyatci-azerbaycanin-azad-etdiyi-yuksekliklerden-danisdi\\\/\"},\"wordCount\":178,\"publisher\":{\"@id\":\"https:\\\/\\\/www.meydan.tv\\\/az\\\/#organization\"},\"image\":{\"@id\":\"https:\\\/\\\/www.meydan.tv\\\/az\\\/article\\\/ermeni-kesfiyyatci-azerbaycanin-azad-etdiyi-yuksekliklerden-danisdi\\\/#primaryimage\"},\"thumbnailUrl\":\"https:\\\/\\\/www.meydan.tv\\\/wp-content\\\/uploads\\\/22211.jpg\",\"articleSection\":[\"Analitika\"],\"inLanguage\":\"az\"},{\"@type\":\"WebPage\",\"@id\":\"https:\\\/\\\/www.meydan.tv\\\/az\\\/article\\\/ermeni-kesfiyyatci-azerbaycanin-azad-etdiyi-yuksekliklerden-danisdi\\\/\",\"url\":\"https:\\\/\\\/www.meydan.tv\\\/az\\\/article\\\/ermeni-kesfiyyatci-azerbaycanin-azad-etdiyi-yuksekliklerden-danisdi\\\/\",\"name\":\"Erm\u0259ni k\u0259\u015ffiyyat\u00e7\u0131 Az\u0259rbaycan\u0131n azad etdiyi y\u00fcks\u0259klikl\u0259rd\u0259n dan\u0131\u015fd\u0131 - MEYDAN.TV\",\"isPartOf\":{\"@id\":\"https:\\\/\\\/www.meydan.tv\\\/az\\\/#website\"},\"primaryImageOfPage\":{\"@id\":\"https:\\\/\\\/www.meydan.tv\\\/az\\\/article\\\/ermeni-kesfiyyatci-azerbaycanin-azad-etdiyi-yuksekliklerden-danisdi\\\/#primaryimage\"},\"image\":{\"@id\":\"https:\\\/\\\/www.meydan.tv\\\/az\\\/article\\\/ermeni-kesfiyyatci-azerbaycanin-azad-etdiyi-yuksekliklerden-danisdi\\\/#primaryimage\"},\"thumbnailUrl\":\"https:\\\/\\\/www.meydan.tv\\\/wp-content\\\/uploads\\\/22211.jpg\",\"datePublished\":\"2016-05-25T19:15:41+00:00\",\"breadcrumb\":{\"@id\":\"https:\\\/\\\/www.meydan.tv\\\/az\\\/article\\\/ermeni-kesfiyyatci-azerbaycanin-azad-etdiyi-yuksekliklerden-danisdi\\\/#breadcrumb\"},\"inLanguage\":\"az\",\"potentialAction\":[{\"@type\":\"ReadAction\",\"target\":[\"https:\\\/\\\/www.meydan.tv\\\/az\\\/article\\\/ermeni-kesfiyyatci-azerbaycanin-azad-etdiyi-yuksekliklerden-danisdi\\\/\"]}]},{\"@type\":\"ImageObject\",\"inLanguage\":\"az\",\"@id\":\"https:\\\/\\\/www.meydan.tv\\\/az\\\/article\\\/ermeni-kesfiyyatci-azerbaycanin-azad-etdiyi-yuksekliklerden-danisdi\\\/#primaryimage\",\"url\":\"https:\\\/\\\/www.meydan.tv\\\/wp-content\\\/uploads\\\/22211.jpg\",\"contentUrl\":\"https:\\\/\\\/www.meydan.tv\\\/wp-content\\\/uploads\\\/22211.jpg\",\"width\":750,\"height\":499,\"caption\":\"Source:\"},{\"@type\":\"BreadcrumbList\",\"@id\":\"https:\\\/\\\/www.meydan.tv\\\/az\\\/article\\\/ermeni-kesfiyyatci-azerbaycanin-azad-etdiyi-yuksekliklerden-danisdi\\\/#breadcrumb\",\"itemListElement\":[{\"@type\":\"ListItem\",\"position\":1,\"name\":\"Ana s\u0259hif\u0259\",\"item\":\"https:\\\/\\\/www.meydan.tv\\\/az\\\/\"},{\"@type\":\"ListItem\",\"position\":2,\"name\":\"Analitika\",\"item\":\"https:\\\/\\\/www.meydan.tv\\\/az\\\/section\\\/analitika\\\/\"},{\"@type\":\"ListItem\",\"position\":3,\"name\":\"Erm\u0259ni k\u0259\u015ffiyyat\u00e7\u0131 Az\u0259rbaycan\u0131n azad etdiyi y\u00fcks\u0259klikl\u0259rd\u0259n dan\u0131\u015fd\u0131\"}]},{\"@type\":\"WebSite\",\"@id\":\"https:\\\/\\\/www.meydan.tv\\\/az\\\/#website\",\"url\":\"https:\\\/\\\/www.meydan.tv\\\/az\\\/\",\"name\":\"MEYDAN.TV\",\"description\":\"Meydan TV Az\u0259rbaycan\u0131n media m\u0259kan\u0131ndak\u0131 alternativ s\u0259sidir\",\"publisher\":{\"@id\":\"https:\\\/\\\/www.meydan.tv\\\/az\\\/#organization\"},\"potentialAction\":[{\"@type\":\"SearchAction\",\"target\":{\"@type\":\"EntryPoint\",\"urlTemplate\":\"https:\\\/\\\/www.meydan.tv\\\/az\\\/?s={search_term_string}\"},\"query-input\":{\"@type\":\"PropertyValueSpecification\",\"valueRequired\":true,\"valueName\":\"search_term_string\"}}],\"inLanguage\":\"az\"},{\"@type\":\"Organization\",\"@id\":\"https:\\\/\\\/www.meydan.tv\\\/az\\\/#organization\",\"name\":\"Meydan TV\",\"url\":\"https:\\\/\\\/www.meydan.tv\\\/az\\\/\",\"logo\":{\"@type\":\"ImageObject\",\"inLanguage\":\"az\",\"@id\":\"https:\\\/\\\/www.meydan.tv\\\/az\\\/#\\\/schema\\\/logo\\\/image\\\/\",\"url\":\"https:\\\/\\\/www.meydan.tv\\\/wp-content\\\/uploads\\\/2021\\\/07\\\/meydan-logo.svg\",\"contentUrl\":\"https:\\\/\\\/www.meydan.tv\\\/wp-content\\\/uploads\\\/2021\\\/07\\\/meydan-logo.svg\",\"width\":195,\"height\":46,\"caption\":\"Meydan TV\"},\"image\":{\"@id\":\"https:\\\/\\\/www.meydan.tv\\\/az\\\/#\\\/schema\\\/logo\\\/image\\\/\"}},{\"@type\":\"Person\",\"@id\":\"https:\\\/\\\/www.meydan.tv\\\/az\\\/#\\\/schema\\\/person\\\/10d11eccf6da3662cf5fdab9806ea91a\",\"name\":\"user-manager\"}]}<\/script>\n<!-- \/ Yoast SEO plugin. -->","yoast_head_json":{"title":"Erm\u0259ni k\u0259\u015ffiyyat\u00e7\u0131 Az\u0259rbaycan\u0131n azad etdiyi y\u00fcks\u0259klikl\u0259rd\u0259n dan\u0131\u015fd\u0131 - MEYDAN.TV","robots":{"index":"index","follow":"follow","max-snippet":"max-snippet:-1","max-image-preview":"max-image-preview:large","max-video-preview":"max-video-preview:-1"},"canonical":"https:\/\/www.meydan.tv\/az\/article\/ermeni-kesfiyyatci-azerbaycanin-azad-etdiyi-yuksekliklerden-danisdi\/","og_locale":"az_AZ","og_type":"article","og_title":"Erm\u0259ni k\u0259\u015ffiyyat\u00e7\u0131 Az\u0259rbaycan\u0131n azad etdiyi y\u00fcks\u0259klikl\u0259rd\u0259n dan\u0131\u015fd\u0131 - MEYDAN.TV","og_description":"''Art\u0131q qar\u015f\u0131 t\u0259r\u0259f Tal\u0131\u015f k\u0259ndi istiqam\u0259tind\u0259 bizim m\u00f6vqel\u0259rimizi g\u00f6r\u0259 bilir''","og_url":"https:\/\/www.meydan.tv\/az\/article\/ermeni-kesfiyyatci-azerbaycanin-azad-etdiyi-yuksekliklerden-danisdi\/","og_site_name":"MEYDAN.TV","article_published_time":"2016-05-25T19:15:41+00:00","og_image":[{"width":750,"height":499,"url":"https:\/\/www.meydan.tv\/wp-content\/uploads\/22211.jpg","type":"image\/jpeg"}],"author":"user-manager","twitter_card":"summary_large_image","schema":{"@context":"https:\/\/schema.org","@graph":[{"@type":"Article","@id":"https:\/\/www.meydan.tv\/az\/article\/ermeni-kesfiyyatci-azerbaycanin-azad-etdiyi-yuksekliklerden-danisdi\/#article","isPartOf":{"@id":"https:\/\/www.meydan.tv\/az\/article\/ermeni-kesfiyyatci-azerbaycanin-azad-etdiyi-yuksekliklerden-danisdi\/"},"author":{"name":"user-manager","@id":"https:\/\/www.meydan.tv\/az\/#\/schema\/person\/10d11eccf6da3662cf5fdab9806ea91a"},"headline":"Erm\u0259ni k\u0259\u015ffiyyat\u00e7\u0131 Az\u0259rbaycan\u0131n azad etdiyi y\u00fcks\u0259klikl\u0259rd\u0259n dan\u0131\u015fd\u0131","datePublished":"2016-05-25T19:15:41+00:00","mainEntityOfPage":{"@id":"https:\/\/www.meydan.tv\/az\/article\/ermeni-kesfiyyatci-azerbaycanin-azad-etdiyi-yuksekliklerden-danisdi\/"},"wordCount":178,"publisher":{"@id":"https:\/\/www.meydan.tv\/az\/#organization"},"image":{"@id":"https:\/\/www.meydan.tv\/az\/article\/ermeni-kesfiyyatci-azerbaycanin-azad-etdiyi-yuksekliklerden-danisdi\/#primaryimage"},"thumbnailUrl":"https:\/\/www.meydan.tv\/wp-content\/uploads\/22211.jpg","articleSection":["Analitika"],"inLanguage":"az"},{"@type":"WebPage","@id":"https:\/\/www.meydan.tv\/az\/article\/ermeni-kesfiyyatci-azerbaycanin-azad-etdiyi-yuksekliklerden-danisdi\/","url":"https:\/\/www.meydan.tv\/az\/article\/ermeni-kesfiyyatci-azerbaycanin-azad-etdiyi-yuksekliklerden-danisdi\/","name":"Erm\u0259ni k\u0259\u015ffiyyat\u00e7\u0131 Az\u0259rbaycan\u0131n azad etdiyi y\u00fcks\u0259klikl\u0259rd\u0259n dan\u0131\u015fd\u0131 - MEYDAN.TV","isPartOf":{"@id":"https:\/\/www.meydan.tv\/az\/#website"},"primaryImageOfPage":{"@id":"https:\/\/www.meydan.tv\/az\/article\/ermeni-kesfiyyatci-azerbaycanin-azad-etdiyi-yuksekliklerden-danisdi\/#primaryimage"},"image":{"@id":"https:\/\/www.meydan.tv\/az\/article\/ermeni-kesfiyyatci-azerbaycanin-azad-etdiyi-yuksekliklerden-danisdi\/#primaryimage"},"thumbnailUrl":"https:\/\/www.meydan.tv\/wp-content\/uploads\/22211.jpg","datePublished":"2016-05-25T19:15:41+00:00","breadcrumb":{"@id":"https:\/\/www.meydan.tv\/az\/article\/ermeni-kesfiyyatci-azerbaycanin-azad-etdiyi-yuksekliklerden-danisdi\/#breadcrumb"},"inLanguage":"az","potentialAction":[{"@type":"ReadAction","target":["https:\/\/www.meydan.tv\/az\/article\/ermeni-kesfiyyatci-azerbaycanin-azad-etdiyi-yuksekliklerden-danisdi\/"]}]},{"@type":"ImageObject","inLanguage":"az","@id":"https:\/\/www.meydan.tv\/az\/article\/ermeni-kesfiyyatci-azerbaycanin-azad-etdiyi-yuksekliklerden-danisdi\/#primaryimage","url":"https:\/\/www.meydan.tv\/wp-content\/uploads\/22211.jpg","contentUrl":"https:\/\/www.meydan.tv\/wp-content\/uploads\/22211.jpg","width":750,"height":499,"caption":"Source:"},{"@type":"BreadcrumbList","@id":"https:\/\/www.meydan.tv\/az\/article\/ermeni-kesfiyyatci-azerbaycanin-azad-etdiyi-yuksekliklerden-danisdi\/#breadcrumb","itemListElement":[{"@type":"ListItem","position":1,"name":"Ana s\u0259hif\u0259","item":"https:\/\/www.meydan.tv\/az\/"},{"@type":"ListItem","position":2,"name":"Analitika","item":"https:\/\/www.meydan.tv\/az\/section\/analitika\/"},{"@type":"ListItem","position":3,"name":"Erm\u0259ni k\u0259\u015ffiyyat\u00e7\u0131 Az\u0259rbaycan\u0131n azad etdiyi y\u00fcks\u0259klikl\u0259rd\u0259n dan\u0131\u015fd\u0131"}]},{"@type":"WebSite","@id":"https:\/\/www.meydan.tv\/az\/#website","url":"https:\/\/www.meydan.tv\/az\/","name":"MEYDAN.TV","description":"Meydan TV Az\u0259rbaycan\u0131n media m\u0259kan\u0131ndak\u0131 alternativ s\u0259sidir","publisher":{"@id":"https:\/\/www.meydan.tv\/az\/#organization"},"potentialAction":[{"@type":"SearchAction","target":{"@type":"EntryPoint","urlTemplate":"https:\/\/www.meydan.tv\/az\/?s={search_term_string}"},"query-input":{"@type":"PropertyValueSpecification","valueRequired":true,"valueName":"search_term_string"}}],"inLanguage":"az"},{"@type":"Organization","@id":"https:\/\/www.meydan.tv\/az\/#organization","name":"Meydan TV","url":"https:\/\/www.meydan.tv\/az\/","logo":{"@type":"ImageObject","inLanguage":"az","@id":"https:\/\/www.meydan.tv\/az\/#\/schema\/logo\/image\/","url":"https:\/\/www.meydan.tv\/wp-content\/uploads\/2021\/07\/meydan-logo.svg","contentUrl":"https:\/\/www.meydan.tv\/wp-content\/uploads\/2021\/07\/meydan-logo.svg","width":195,"height":46,"caption":"Meydan TV"},"image":{"@id":"https:\/\/www.meydan.tv\/az\/#\/schema\/logo\/image\/"}},{"@type":"Person","@id":"https:\/\/www.meydan.tv\/az\/#\/schema\/person\/10d11eccf6da3662cf5fdab9806ea91a","name":"user-manager"}]}},"_links":{"self":[{"href":"https:\/\/www.meydan.tv\/az\/wp-json\/wp\/v2\/posts\/176179","targetHints":{"allow":["GET"]}}],"collection":[{"href":"https:\/\/www.meydan.tv\/az\/wp-json\/wp\/v2\/posts"}],"about":[{"href":"https:\/\/www.meydan.tv\/az\/wp-json\/wp\/v2\/types\/post"}],"author":[{"embeddable":true,"href":"https:\/\/www.meydan.tv\/az\/wp-json\/wp\/v2\/users\/11"}],"replies":[{"embeddable":true,"href":"https:\/\/www.meydan.tv\/az\/wp-json\/wp\/v2\/comments?post=176179"}],"version-history":[{"count":0,"href":"https:\/\/www.meydan.tv\/az\/wp-json\/wp\/v2\/posts\/176179\/revisions"}],"wp:featuredmedia":[{"embeddable":true,"href":"https:\/\/www.meydan.tv\/az\/wp-json\/wp\/v2\/media\/58553"}],"wp:attachment":[{"href":"https:\/\/www.meydan.tv\/az\/wp-json\/wp\/v2\/media?parent=176179"}],"wp:term":[{"taxonomy":"category","embeddable":true,"href":"https:\/\/www.meydan.tv\/az\/wp-json\/wp\/v2\/categories?post=176179"},{"taxonomy":"post_tag","embeddable":true,"href":"https:\/\/www.meydan.tv\/az\/wp-json\/wp\/v2\/tags?post=176179"}],"curies":[{"name":"wp","href":"https:\/\/api.w.org\/{rel}","templated":true}]}}