{"id":176122,"date":"2016-05-23T18:49:08","date_gmt":"2016-05-23T18:49:08","guid":{"rendered":"https:\/\/www.meydan.tv\/article\/erkin-qedirli-azerbaycana-basqa-cur-dusunmeye-sans-qoymayiblar\/"},"modified":"2016-05-23T18:49:08","modified_gmt":"2016-05-23T18:49:08","slug":"erkin-qedirli-azerbaycana-basqa-cur-dusunmeye-sans-qoymayiblar","status":"publish","type":"post","link":"https:\/\/www.meydan.tv\/az\/article\/erkin-qedirli-azerbaycana-basqa-cur-dusunmeye-sans-qoymayiblar\/","title":{"rendered":"Erkin Q\u0259dirli: &#8221;Az\u0259rbaycana ba\u015fqa c\u00fcr d\u00fc\u015f\u00fcnm\u0259y\u0259 \u015fans qoymay\u0131blar&#8221;"},"content":{"rendered":"<figure class=\"wp-block-image size-large\">\n  <img decoding=\"async\" src=\"https:\/\/www.meydan.tv\/az\/58385\/\" alt=\"\" class=\"wp-image-58385\"\/><figcaption><\/figcaption><\/figure>\n<figure class=\"wp-block-image size-large\">\n  <img decoding=\"async\" src=\"https:\/\/www.meydan.tv\/az\/58385\/\" alt=\"\" class=\"wp-image-58385\"\/><figcaption>\n    Elmar M\u0259mm\u0259dyarov<br \/>\n  <\/figcaption><\/figure>\n<p>\n  <i><br \/>\n    &#8221;Bu, &#8221;Az\u0259rbaycan\u0131n g\u00fcc t\u0259tbiq etm\u0259k haqq\u0131 var&#8221; fikrinin diplomatik ifad\u0259sidir&#8221;<br \/>\n  <\/i>\n<\/p>\n<p>\n  <br \/>\n  \u201cC\u0259hb\u0259 x\u0259ttind\u0259 ba\u015f vermi\u015f son g\u0259rginlik h\u0259y\u0259can t\u0259bili \u00e7ald\u0131 ki, Erm\u0259nistan-Az\u0259rbaycan m\u00fcnaqi\u015f\u0259sinin nizamlanmas\u0131ndak\u0131 status-kvo zorak\u0131l\u0131q v\u0259 ciddi h\u0259rbi toqqu\u015fmalara g\u0259tirib \u00e7\u0131xara bil\u0259r. H\u0259r bir k\u0259s q\u0259bul edir ki, status kvo etibars\u0131z, davams\u0131z v\u0259 q\u0259buledilm\u0259zdir. H\u0259rbsizl\u0259\u015fdirilm\u0259 v\u0259 qo\u015funlar\u0131n \u00e7\u0131xar\u0131lmas\u0131 t\u0259min olunmal\u0131d\u0131r\u201d.<\/p>\n<p>  Bunu Az\u0259rbaycan xarici i\u015fl\u0259r naziri Elmar M\u0259mm\u0259dyarov \u015e\u0259rq T\u0259r\u0259fda\u015fl\u0131\u011f\u0131 \u00f6lk\u0259l\u0259rinin X\u0130N r\u0259hb\u0259rl\u0259rinin g\u00f6r\u00fc\u015f\u00fcnd\u0259 \u00e7\u0131x\u0131\u015f\u0131 zaman\u0131 deyib.\n<\/p>\n<p>\n  O qeyd edib ki, konstruktiv dan\u0131\u015f\u0131qlar yolu il\u0259 bu v\u0259ziyy\u0259td\u0259n \u00e7\u0131x\u0131\u015f regiona arzu olunan s\u00fclh v\u0259 sabitliyi g\u0259tir\u0259 bil\u0259r: \u201cBuna baxmayaraq, Az\u0259rbaycan\u0131 \u201c\u00e7irkli bombalar\u201dla h\u0259d\u0259l\u0259y\u0259n b\u0259yanatlar Erm\u0259nistan\u0131n bu istiqam\u0259td\u0259 niyy\u0259tinin olmamas\u0131ndan x\u0259b\u0259r verir. Bu bax\u0131mdan, biz beyn\u0259lxalq ictimaiyy\u0259ti Erm\u0259nistan\u0131n k\u00fctl\u0259vi q\u0131r\u011f\u0131n silahlar\u0131n\u0131n yay\u0131lmamas\u0131na dair beyn\u0259lxalq konvensiyalara m\u00fcvafiq olaraq \u00fcz\u0259rin\u0259 g\u00f6t\u00fcrd\u00fcy\u00fc \u00f6hd\u0259likl\u0259r\u0259 \u0259m\u0259l etm\u0259m\u0259sini diqq\u0259tl\u0259 g\u00f6zd\u0259n ke\u00e7irm\u0259y\u0259 \u00e7a\u011f\u0131r\u0131r\u0131q. Bu, x\u00fcsusil\u0259 Erm\u0259nistan t\u0259r\u0259find\u0259n radioaktiv materiallar\u0131n potensial olaraq \u00fc\u00e7\u00fcnc\u00fc \u00f6lk\u0259l\u0259r\u0259 qeyri-qanuni d\u00f6vriyy\u0259si il\u0259 ba\u011fl\u0131 \u0259vv\u0259ll\u0259r v\u0259 bu yax\u0131nlarda a\u015fkar olunmu\u015f b\u0259dnam cinay\u0259t hallar\u0131 bax\u0131m\u0131ndan \u00e7ox vacibdir\u201d.<\/p>\n<p>  Nazirin a\u00e7\u0131qlamas\u0131n\u0131 Meydan TV-y\u0259 \u015f\u0259rh ed\u0259n ReAL \u0130dar\u0259 Hey\u0259tinin \u00fczv\u00fc Erkin Q\u0259dirli bildirib ki, &#8220;status-kvo&#8221; i\u015f\u011fal dem\u0259kdir, \u0259g\u0259r i\u015f\u011fal qal\u0131rsa, Az\u0259rbaycan\u0131n g\u00fcc t\u0259tbiq etm\u0259y\u0259 d\u0259 haqq\u0131 var. Bu, \u00e7ox ayd\u0131n bir h\u0259qiq\u0259tdir. Sad\u0259c\u0259, \u0259vv\u0259ll\u0259r status-kvo f\u0259rqli izah olunurdusa, aprel d\u00f6y\u00fc\u015fl\u0259rind\u0259n sonra ritorika bir az d\u0259yi\u015fib.\n<\/p>\n<p>\n  E.Q\u0259dirli onu da \u0259lav\u0259 edib ki, status-kvo g\u00fcc\u00fcn t\u0259tbiqin\u0259 haqq qazand\u0131r\u0131r. Bu, &#8220;Az\u0259rbaycan\u0131n g\u00fcc t\u0259tbiq etm\u0259k haqq\u0131 var&#8221; fikrinin diplomatik ifad\u0259sidir.\n<\/p>\n<figure class=\"wp-block-image size-large\">\n  <img decoding=\"async\" src=\"https:\/\/www.meydan.tv\/az\/erkin-qedirli-4\/\" alt=\"Erkin Q\u0259dirli\" class=\"wp-image-58388\"\/><figcaption>\n    Erkin Q\u0259dirli<br \/>\n  <\/figcaption><\/figure>\n<p>\n  <br \/>\n  Onun fikrinc\u0259, prezidentl\u0259rin iyun g\u00f6r\u00fc\u015f\u00fc n\u0259tic\u0259siz bit\u0259rs\u0259, h\u0259r \u015fey ola bil\u0259r: &#8220;N\u0259 q\u0259d\u0259r ki, i\u015f\u011fal var. m\u00fcharib\u0259 ehtimal\u0131 h\u0259mi\u015f\u0259 var. \u00c7\u00fcnki Az\u0259rbaycana ba\u015fqa c\u00fcr d\u00fc\u015f\u00fcnm\u0259y\u0259 \u015fans da qoymay\u0131blar. 20 ildir dan\u0131\u015f\u0131qlar gedir, n\u0259 \u00fcmidvericvi t\u0259klif var, n\u0259 d\u0259 n\u0259tic\u0259&#8221;.<\/p>\n","protected":false},"excerpt":{"rendered":"<p>&#8221;Bu, &#8221;Az\u0259rbaycan\u0131n g\u00fcc t\u0259tbiq etm\u0259k haqq\u0131 var&#8221; fikrinin diplomatik ifad\u0259sidir&#8221;<\/p>\n","protected":false},"author":11,"featured_media":58385,"comment_status":"closed","ping_status":"open","sticky":false,"template":"","format":"standard","meta":{"_acf_changed":false,"_sitemap_exclude":false,"_sitemap_priority":"","_sitemap_frequency":"","footnotes":""},"categories":[51],"tags":[],"class_list":["post-176122","post","type-post","status-publish","format-standard","has-post-thumbnail","hentry","category-analitika","infinite-scroll-item","generate-columns","tablet-grid-50","mobile-grid-100","grid-parent","grid-33","no-featured-image-padding"],"acf":[],"yoast_head":"<!-- This site is optimized with the Yoast SEO plugin v27.5 - https:\/\/yoast.com\/product\/yoast-seo-wordpress\/ -->\n<title>Erkin Q\u0259dirli: &#039;&#039;Az\u0259rbaycana ba\u015fqa c\u00fcr d\u00fc\u015f\u00fcnm\u0259y\u0259 \u015fans qoymay\u0131blar&#039;&#039; - MEYDAN.TV<\/title>\n<meta name=\"robots\" content=\"index, follow, max-snippet:-1, max-image-preview:large, max-video-preview:-1\" \/>\n<link rel=\"canonical\" href=\"https:\/\/www.meydan.tv\/az\/article\/erkin-qedirli-azerbaycana-basqa-cur-dusunmeye-sans-qoymayiblar\/\" \/>\n<meta property=\"og:locale\" content=\"az_AZ\" \/>\n<meta property=\"og:type\" content=\"article\" \/>\n<meta property=\"og:title\" content=\"Erkin Q\u0259dirli: &#039;&#039;Az\u0259rbaycana ba\u015fqa c\u00fcr d\u00fc\u015f\u00fcnm\u0259y\u0259 \u015fans qoymay\u0131blar&#039;&#039; - MEYDAN.TV\" \/>\n<meta property=\"og:description\" content=\"&#039;&#039;Bu, &#039;&#039;Az\u0259rbaycan\u0131n g\u00fcc t\u0259tbiq etm\u0259k haqq\u0131 var&#039;&#039; fikrinin diplomatik ifad\u0259sidir&#039;&#039;\" \/>\n<meta property=\"og:url\" content=\"https:\/\/www.meydan.tv\/az\/article\/erkin-qedirli-azerbaycana-basqa-cur-dusunmeye-sans-qoymayiblar\/\" \/>\n<meta property=\"og:site_name\" content=\"MEYDAN.TV\" \/>\n<meta property=\"article:published_time\" content=\"2016-05-23T18:49:08+00:00\" \/>\n<meta property=\"og:image\" content=\"https:\/\/www.meydan.tv\/wp-content\/uploads\/22144.jpg\" \/>\n\t<meta property=\"og:image:width\" content=\"640\" \/>\n\t<meta property=\"og:image:height\" content=\"360\" \/>\n\t<meta property=\"og:image:type\" content=\"image\/jpeg\" \/>\n<meta name=\"author\" content=\"user-manager\" \/>\n<meta name=\"twitter:card\" content=\"summary_large_image\" \/>\n<script type=\"application\/ld+json\" class=\"yoast-schema-graph\">{\"@context\":\"https:\\\/\\\/schema.org\",\"@graph\":[{\"@type\":\"Article\",\"@id\":\"https:\\\/\\\/www.meydan.tv\\\/az\\\/article\\\/erkin-qedirli-azerbaycana-basqa-cur-dusunmeye-sans-qoymayiblar\\\/#article\",\"isPartOf\":{\"@id\":\"https:\\\/\\\/www.meydan.tv\\\/az\\\/article\\\/erkin-qedirli-azerbaycana-basqa-cur-dusunmeye-sans-qoymayiblar\\\/\"},\"author\":{\"name\":\"user-manager\",\"@id\":\"https:\\\/\\\/www.meydan.tv\\\/az\\\/#\\\/schema\\\/person\\\/10d11eccf6da3662cf5fdab9806ea91a\"},\"headline\":\"Erkin Q\u0259dirli: &#8221;Az\u0259rbaycana ba\u015fqa c\u00fcr d\u00fc\u015f\u00fcnm\u0259y\u0259 \u015fans qoymay\u0131blar&#8221;\",\"datePublished\":\"2016-05-23T18:49:08+00:00\",\"mainEntityOfPage\":{\"@id\":\"https:\\\/\\\/www.meydan.tv\\\/az\\\/article\\\/erkin-qedirli-azerbaycana-basqa-cur-dusunmeye-sans-qoymayiblar\\\/\"},\"wordCount\":463,\"publisher\":{\"@id\":\"https:\\\/\\\/www.meydan.tv\\\/az\\\/#organization\"},\"image\":{\"@id\":\"https:\\\/\\\/www.meydan.tv\\\/az\\\/article\\\/erkin-qedirli-azerbaycana-basqa-cur-dusunmeye-sans-qoymayiblar\\\/#primaryimage\"},\"thumbnailUrl\":\"https:\\\/\\\/www.meydan.tv\\\/wp-content\\\/uploads\\\/22144.jpg\",\"articleSection\":[\"Analitika\"],\"inLanguage\":\"az\"},{\"@type\":\"WebPage\",\"@id\":\"https:\\\/\\\/www.meydan.tv\\\/az\\\/article\\\/erkin-qedirli-azerbaycana-basqa-cur-dusunmeye-sans-qoymayiblar\\\/\",\"url\":\"https:\\\/\\\/www.meydan.tv\\\/az\\\/article\\\/erkin-qedirli-azerbaycana-basqa-cur-dusunmeye-sans-qoymayiblar\\\/\",\"name\":\"Erkin Q\u0259dirli: ''Az\u0259rbaycana ba\u015fqa c\u00fcr d\u00fc\u015f\u00fcnm\u0259y\u0259 \u015fans qoymay\u0131blar'' - MEYDAN.TV\",\"isPartOf\":{\"@id\":\"https:\\\/\\\/www.meydan.tv\\\/az\\\/#website\"},\"primaryImageOfPage\":{\"@id\":\"https:\\\/\\\/www.meydan.tv\\\/az\\\/article\\\/erkin-qedirli-azerbaycana-basqa-cur-dusunmeye-sans-qoymayiblar\\\/#primaryimage\"},\"image\":{\"@id\":\"https:\\\/\\\/www.meydan.tv\\\/az\\\/article\\\/erkin-qedirli-azerbaycana-basqa-cur-dusunmeye-sans-qoymayiblar\\\/#primaryimage\"},\"thumbnailUrl\":\"https:\\\/\\\/www.meydan.tv\\\/wp-content\\\/uploads\\\/22144.jpg\",\"datePublished\":\"2016-05-23T18:49:08+00:00\",\"breadcrumb\":{\"@id\":\"https:\\\/\\\/www.meydan.tv\\\/az\\\/article\\\/erkin-qedirli-azerbaycana-basqa-cur-dusunmeye-sans-qoymayiblar\\\/#breadcrumb\"},\"inLanguage\":\"az\",\"potentialAction\":[{\"@type\":\"ReadAction\",\"target\":[\"https:\\\/\\\/www.meydan.tv\\\/az\\\/article\\\/erkin-qedirli-azerbaycana-basqa-cur-dusunmeye-sans-qoymayiblar\\\/\"]}]},{\"@type\":\"ImageObject\",\"inLanguage\":\"az\",\"@id\":\"https:\\\/\\\/www.meydan.tv\\\/az\\\/article\\\/erkin-qedirli-azerbaycana-basqa-cur-dusunmeye-sans-qoymayiblar\\\/#primaryimage\",\"url\":\"https:\\\/\\\/www.meydan.tv\\\/wp-content\\\/uploads\\\/22144.jpg\",\"contentUrl\":\"https:\\\/\\\/www.meydan.tv\\\/wp-content\\\/uploads\\\/22144.jpg\",\"width\":640,\"height\":360,\"caption\":\"Source:\"},{\"@type\":\"BreadcrumbList\",\"@id\":\"https:\\\/\\\/www.meydan.tv\\\/az\\\/article\\\/erkin-qedirli-azerbaycana-basqa-cur-dusunmeye-sans-qoymayiblar\\\/#breadcrumb\",\"itemListElement\":[{\"@type\":\"ListItem\",\"position\":1,\"name\":\"Ana s\u0259hif\u0259\",\"item\":\"https:\\\/\\\/www.meydan.tv\\\/az\\\/\"},{\"@type\":\"ListItem\",\"position\":2,\"name\":\"Analitika\",\"item\":\"https:\\\/\\\/www.meydan.tv\\\/az\\\/section\\\/analitika\\\/\"},{\"@type\":\"ListItem\",\"position\":3,\"name\":\"Erkin Q\u0259dirli: &#8221;Az\u0259rbaycana ba\u015fqa c\u00fcr d\u00fc\u015f\u00fcnm\u0259y\u0259 \u015fans qoymay\u0131blar&#8221;\"}]},{\"@type\":\"WebSite\",\"@id\":\"https:\\\/\\\/www.meydan.tv\\\/az\\\/#website\",\"url\":\"https:\\\/\\\/www.meydan.tv\\\/az\\\/\",\"name\":\"MEYDAN.TV\",\"description\":\"Meydan TV Az\u0259rbaycan\u0131n media m\u0259kan\u0131ndak\u0131 alternativ s\u0259sidir\",\"publisher\":{\"@id\":\"https:\\\/\\\/www.meydan.tv\\\/az\\\/#organization\"},\"potentialAction\":[{\"@type\":\"SearchAction\",\"target\":{\"@type\":\"EntryPoint\",\"urlTemplate\":\"https:\\\/\\\/www.meydan.tv\\\/az\\\/?s={search_term_string}\"},\"query-input\":{\"@type\":\"PropertyValueSpecification\",\"valueRequired\":true,\"valueName\":\"search_term_string\"}}],\"inLanguage\":\"az\"},{\"@type\":\"Organization\",\"@id\":\"https:\\\/\\\/www.meydan.tv\\\/az\\\/#organization\",\"name\":\"Meydan TV\",\"url\":\"https:\\\/\\\/www.meydan.tv\\\/az\\\/\",\"logo\":{\"@type\":\"ImageObject\",\"inLanguage\":\"az\",\"@id\":\"https:\\\/\\\/www.meydan.tv\\\/az\\\/#\\\/schema\\\/logo\\\/image\\\/\",\"url\":\"https:\\\/\\\/www.meydan.tv\\\/wp-content\\\/uploads\\\/2021\\\/07\\\/meydan-logo.svg\",\"contentUrl\":\"https:\\\/\\\/www.meydan.tv\\\/wp-content\\\/uploads\\\/2021\\\/07\\\/meydan-logo.svg\",\"width\":195,\"height\":46,\"caption\":\"Meydan TV\"},\"image\":{\"@id\":\"https:\\\/\\\/www.meydan.tv\\\/az\\\/#\\\/schema\\\/logo\\\/image\\\/\"}},{\"@type\":\"Person\",\"@id\":\"https:\\\/\\\/www.meydan.tv\\\/az\\\/#\\\/schema\\\/person\\\/10d11eccf6da3662cf5fdab9806ea91a\",\"name\":\"user-manager\"}]}<\/script>\n<!-- \/ Yoast SEO plugin. -->","yoast_head_json":{"title":"Erkin Q\u0259dirli: ''Az\u0259rbaycana ba\u015fqa c\u00fcr d\u00fc\u015f\u00fcnm\u0259y\u0259 \u015fans qoymay\u0131blar'' - MEYDAN.TV","robots":{"index":"index","follow":"follow","max-snippet":"max-snippet:-1","max-image-preview":"max-image-preview:large","max-video-preview":"max-video-preview:-1"},"canonical":"https:\/\/www.meydan.tv\/az\/article\/erkin-qedirli-azerbaycana-basqa-cur-dusunmeye-sans-qoymayiblar\/","og_locale":"az_AZ","og_type":"article","og_title":"Erkin Q\u0259dirli: ''Az\u0259rbaycana ba\u015fqa c\u00fcr d\u00fc\u015f\u00fcnm\u0259y\u0259 \u015fans qoymay\u0131blar'' - MEYDAN.TV","og_description":"''Bu, ''Az\u0259rbaycan\u0131n g\u00fcc t\u0259tbiq etm\u0259k haqq\u0131 var'' fikrinin diplomatik ifad\u0259sidir''","og_url":"https:\/\/www.meydan.tv\/az\/article\/erkin-qedirli-azerbaycana-basqa-cur-dusunmeye-sans-qoymayiblar\/","og_site_name":"MEYDAN.TV","article_published_time":"2016-05-23T18:49:08+00:00","og_image":[{"width":640,"height":360,"url":"https:\/\/www.meydan.tv\/wp-content\/uploads\/22144.jpg","type":"image\/jpeg"}],"author":"user-manager","twitter_card":"summary_large_image","schema":{"@context":"https:\/\/schema.org","@graph":[{"@type":"Article","@id":"https:\/\/www.meydan.tv\/az\/article\/erkin-qedirli-azerbaycana-basqa-cur-dusunmeye-sans-qoymayiblar\/#article","isPartOf":{"@id":"https:\/\/www.meydan.tv\/az\/article\/erkin-qedirli-azerbaycana-basqa-cur-dusunmeye-sans-qoymayiblar\/"},"author":{"name":"user-manager","@id":"https:\/\/www.meydan.tv\/az\/#\/schema\/person\/10d11eccf6da3662cf5fdab9806ea91a"},"headline":"Erkin Q\u0259dirli: &#8221;Az\u0259rbaycana ba\u015fqa c\u00fcr d\u00fc\u015f\u00fcnm\u0259y\u0259 \u015fans qoymay\u0131blar&#8221;","datePublished":"2016-05-23T18:49:08+00:00","mainEntityOfPage":{"@id":"https:\/\/www.meydan.tv\/az\/article\/erkin-qedirli-azerbaycana-basqa-cur-dusunmeye-sans-qoymayiblar\/"},"wordCount":463,"publisher":{"@id":"https:\/\/www.meydan.tv\/az\/#organization"},"image":{"@id":"https:\/\/www.meydan.tv\/az\/article\/erkin-qedirli-azerbaycana-basqa-cur-dusunmeye-sans-qoymayiblar\/#primaryimage"},"thumbnailUrl":"https:\/\/www.meydan.tv\/wp-content\/uploads\/22144.jpg","articleSection":["Analitika"],"inLanguage":"az"},{"@type":"WebPage","@id":"https:\/\/www.meydan.tv\/az\/article\/erkin-qedirli-azerbaycana-basqa-cur-dusunmeye-sans-qoymayiblar\/","url":"https:\/\/www.meydan.tv\/az\/article\/erkin-qedirli-azerbaycana-basqa-cur-dusunmeye-sans-qoymayiblar\/","name":"Erkin Q\u0259dirli: ''Az\u0259rbaycana ba\u015fqa c\u00fcr d\u00fc\u015f\u00fcnm\u0259y\u0259 \u015fans qoymay\u0131blar'' - MEYDAN.TV","isPartOf":{"@id":"https:\/\/www.meydan.tv\/az\/#website"},"primaryImageOfPage":{"@id":"https:\/\/www.meydan.tv\/az\/article\/erkin-qedirli-azerbaycana-basqa-cur-dusunmeye-sans-qoymayiblar\/#primaryimage"},"image":{"@id":"https:\/\/www.meydan.tv\/az\/article\/erkin-qedirli-azerbaycana-basqa-cur-dusunmeye-sans-qoymayiblar\/#primaryimage"},"thumbnailUrl":"https:\/\/www.meydan.tv\/wp-content\/uploads\/22144.jpg","datePublished":"2016-05-23T18:49:08+00:00","breadcrumb":{"@id":"https:\/\/www.meydan.tv\/az\/article\/erkin-qedirli-azerbaycana-basqa-cur-dusunmeye-sans-qoymayiblar\/#breadcrumb"},"inLanguage":"az","potentialAction":[{"@type":"ReadAction","target":["https:\/\/www.meydan.tv\/az\/article\/erkin-qedirli-azerbaycana-basqa-cur-dusunmeye-sans-qoymayiblar\/"]}]},{"@type":"ImageObject","inLanguage":"az","@id":"https:\/\/www.meydan.tv\/az\/article\/erkin-qedirli-azerbaycana-basqa-cur-dusunmeye-sans-qoymayiblar\/#primaryimage","url":"https:\/\/www.meydan.tv\/wp-content\/uploads\/22144.jpg","contentUrl":"https:\/\/www.meydan.tv\/wp-content\/uploads\/22144.jpg","width":640,"height":360,"caption":"Source:"},{"@type":"BreadcrumbList","@id":"https:\/\/www.meydan.tv\/az\/article\/erkin-qedirli-azerbaycana-basqa-cur-dusunmeye-sans-qoymayiblar\/#breadcrumb","itemListElement":[{"@type":"ListItem","position":1,"name":"Ana s\u0259hif\u0259","item":"https:\/\/www.meydan.tv\/az\/"},{"@type":"ListItem","position":2,"name":"Analitika","item":"https:\/\/www.meydan.tv\/az\/section\/analitika\/"},{"@type":"ListItem","position":3,"name":"Erkin Q\u0259dirli: &#8221;Az\u0259rbaycana ba\u015fqa c\u00fcr d\u00fc\u015f\u00fcnm\u0259y\u0259 \u015fans qoymay\u0131blar&#8221;"}]},{"@type":"WebSite","@id":"https:\/\/www.meydan.tv\/az\/#website","url":"https:\/\/www.meydan.tv\/az\/","name":"MEYDAN.TV","description":"Meydan TV Az\u0259rbaycan\u0131n media m\u0259kan\u0131ndak\u0131 alternativ s\u0259sidir","publisher":{"@id":"https:\/\/www.meydan.tv\/az\/#organization"},"potentialAction":[{"@type":"SearchAction","target":{"@type":"EntryPoint","urlTemplate":"https:\/\/www.meydan.tv\/az\/?s={search_term_string}"},"query-input":{"@type":"PropertyValueSpecification","valueRequired":true,"valueName":"search_term_string"}}],"inLanguage":"az"},{"@type":"Organization","@id":"https:\/\/www.meydan.tv\/az\/#organization","name":"Meydan TV","url":"https:\/\/www.meydan.tv\/az\/","logo":{"@type":"ImageObject","inLanguage":"az","@id":"https:\/\/www.meydan.tv\/az\/#\/schema\/logo\/image\/","url":"https:\/\/www.meydan.tv\/wp-content\/uploads\/2021\/07\/meydan-logo.svg","contentUrl":"https:\/\/www.meydan.tv\/wp-content\/uploads\/2021\/07\/meydan-logo.svg","width":195,"height":46,"caption":"Meydan TV"},"image":{"@id":"https:\/\/www.meydan.tv\/az\/#\/schema\/logo\/image\/"}},{"@type":"Person","@id":"https:\/\/www.meydan.tv\/az\/#\/schema\/person\/10d11eccf6da3662cf5fdab9806ea91a","name":"user-manager"}]}},"_links":{"self":[{"href":"https:\/\/www.meydan.tv\/az\/wp-json\/wp\/v2\/posts\/176122","targetHints":{"allow":["GET"]}}],"collection":[{"href":"https:\/\/www.meydan.tv\/az\/wp-json\/wp\/v2\/posts"}],"about":[{"href":"https:\/\/www.meydan.tv\/az\/wp-json\/wp\/v2\/types\/post"}],"author":[{"embeddable":true,"href":"https:\/\/www.meydan.tv\/az\/wp-json\/wp\/v2\/users\/11"}],"replies":[{"embeddable":true,"href":"https:\/\/www.meydan.tv\/az\/wp-json\/wp\/v2\/comments?post=176122"}],"version-history":[{"count":0,"href":"https:\/\/www.meydan.tv\/az\/wp-json\/wp\/v2\/posts\/176122\/revisions"}],"wp:featuredmedia":[{"embeddable":true,"href":"https:\/\/www.meydan.tv\/az\/wp-json\/wp\/v2\/media\/58385"}],"wp:attachment":[{"href":"https:\/\/www.meydan.tv\/az\/wp-json\/wp\/v2\/media?parent=176122"}],"wp:term":[{"taxonomy":"category","embeddable":true,"href":"https:\/\/www.meydan.tv\/az\/wp-json\/wp\/v2\/categories?post=176122"},{"taxonomy":"post_tag","embeddable":true,"href":"https:\/\/www.meydan.tv\/az\/wp-json\/wp\/v2\/tags?post=176122"}],"curies":[{"name":"wp","href":"https:\/\/api.w.org\/{rel}","templated":true}]}}