{"id":176119,"date":"2016-05-23T18:08:26","date_gmt":"2016-05-23T18:08:26","guid":{"rendered":"https:\/\/www.meydan.tv\/article\/bir-kucuye-sahib-cixa-bilmedim\/"},"modified":"2016-05-23T18:08:26","modified_gmt":"2016-05-23T18:08:26","slug":"bir-kucuye-sahib-cixa-bilmedim","status":"publish","type":"post","link":"https:\/\/www.meydan.tv\/az\/article\/bir-kucuye-sahib-cixa-bilmedim\/","title":{"rendered":"Bir k\u00fc\u00e7\u00fcy\u0259 sahib \u00e7\u0131xa bilm\u0259dim"},"content":{"rendered":"<figure class=\"wp-block-image size-large\">\n  <img decoding=\"async\" src=\"https:\/\/www.meydan.tv\/az\/58367\/\" alt=\"\" class=\"wp-image-58367\"\/><figcaption><\/figcaption><\/figure>\n<figure class=\"wp-block-image size-large\">\n  <img decoding=\"async\" src=\"https:\/\/www.meydan.tv\/az\/58373\/\" alt=\"\" class=\"wp-image-58373\"\/><figcaption><\/figcaption><\/figure>\n<p>\n  Oliqarx Q\u0259b\u0259l\u0259sinin m\u0259rk\u0259zind\u0259 balaca bir k\u00fc\u00e7\u00fck \u00e7\u0259n\u0259sini s\u0259kiy\u0259 dayay\u0131b q\u0259mli g\u00f6zl\u0259riyl\u0259 g\u0259lib-ged\u0259nl\u0259rin ayaqlar\u0131na bax\u0131r. Bu b\u00f6y\u00fck d\u00fcnyada o balaca k\u00fc\u00e7\u00fcy\u00fcn b\u00f6yr\u00fcnd\u0259n-ba\u015f\u0131ndan ke\u00e7\u0259n o ayaqlardan qorxulu d\u00fc\u015fm\u0259ni yoxdu. \u00c7\u00fcnki, s\u0259h\u0259rd\u0259n-ax\u015fama q\u0259d\u0259r bir loxma \u00e7\u00f6r\u0259k dal\u0131nca g\u0259z\u0259n kirli ayaqqab\u0131l\u0131 o ayaqlar\u0131n onun can\u0131n\u0131 incitm\u0259si an m\u0259s\u0259l\u0259sidir. Kimi toxundan, kimi ac\u0131ndan ona bir t\u0259pik vurub ke\u00e7\u0259r. Vurmayanlar da sif\u0259tl\u0259rini tur\u015fudub el\u0259 baxarlar ki, guya h\u0259yatlar\u0131ndak\u0131 b\u00fct\u00fcn u\u011fursuzluqlara g\u00f6r\u0259 o bapbalaca varl\u0131q g\u00fcnahkard\u0131&#8230;\n<\/p>\n<p>\n  Ondan acsan-a\u00e7\u0131qdasanm\u0131? \u2013 dey\u0259 soru\u015fmuram. K\u00f6rp\u0259 qab\u0131r\u011falar\u0131n\u0131 h\u0259tta m\u0259nim eyn\u0259ksiz g\u00f6zl\u0259riml\u0259 saymaq olar. S\u0259ni incidirl\u0259rmi? &#8211; soru\u015fmuram. Sad\u0259c\u0259 yax\u0131nla\u015fan h\u0259r add\u0131ma g\u00f6r\u0259 y\u0131\u011f\u0131lan titr\u0259k b\u0259d\u0259nini g\u00f6rm\u0259m\u0259k \u00fc\u00e7\u00fcn g\u00f6zl\u0259rimi yumuram. Ad\u0131n n\u0259dir? \u2013 dey\u0259 d\u0259 soru\u015fmuram. Ah, yavrum, he\u00e7 \u00e7a\u011f\u0131ran olurmu ki, s\u0259ni&#8230; T\u0259pikl\u0259r var ik\u0259n topuqlar b\u0259rab\u0259rind\u0259ki canl\u0131ya kim k\u0259lm\u0259 s\u0259rf ed\u0259c\u0259k bu \u00f6lk\u0259d\u0259?\n<\/p>\n<p>\n  \u00c7\u00fcnki, bura bir alman, frans\u0131z, ingilis v\u0259 yaxud he\u00e7 olmasa rus \u015f\u0259h\u0259ri deyil ki, heyvanlar\u0131n h\u00fcquqlar\u0131 insanlar\u0131n h\u00fcquqlar\u0131 q\u0259d\u0259r qorunsun. Sizin d\u0259 kor qism\u0259tiniz\u0259 buralar kimi yerl\u0259r d\u00fc\u015f\u00fcb. Ki, n\u0259 insan kimi insan olmaq olur, n\u0259 heyvan kimi heyvan. H\u0259m d\u0259 yaln\u0131z har\u0131nlam\u0131\u015f yuxar\u0131lar deyil, s\u0259fill\u0259\u015fmi\u015f a\u015fa\u011f\u0131lar da h\u0259v\u0259sl\u0259 bu haqq\u0131 \u0259limizd\u0259n alma\u011fa \u00e7al\u0131\u015f\u0131rlar.\n<\/p>\n<p>\n  \u0130lk g\u00f6rd\u00fcy\u00fcmd\u0259 \u00fcr\u0259yimd\u0259n s\u0259ni ev\u0259 aparmaq ke\u00e7di. \u018fn az\u0131ndan qarn\u0131n ac qalmaz, ba\u015f\u0131n\u0131n \u00fcst\u00fcnd\u0259 balaca bir dam\u0131n, oynama\u011fa t\u0259hl\u00fck\u0259siz h\u0259y\u0259tin olard\u0131. Amma d\u0259rhal hans\u0131 \u00f6lk\u0259nin hans\u0131 b\u00f6lg\u0259sind\u0259, hans\u0131 b\u00f6lg\u0259nin hans\u0131 m\u0259hl\u0259sind\u0259 ya\u015fad\u0131\u011f\u0131m\u0131 xat\u0131rlay\u0131b bu ist\u0259yi be\u015fiyind\u0259c\u0259 bo\u011fdum. Bilirs\u0259nmi niy\u0259? U\u015faq vaxt\u0131 m\u0259\u015fhur bir yaz\u0131\u00e7\u0131n\u0131n kitab\u0131n\u0131 oxuyandan yad\u0131mda qal\u0131b. Orda t\u0259xmin\u0259n bel\u0259 bir fikir vard\u0131 ki, h\u0259r k\u0259s sahib \u00e7\u0131xd\u0131\u011f\u0131 canl\u0131 \u00fc\u00e7\u00fcn m\u0259suliyy\u0259t da\u015f\u0131y\u0131r. Y\u0259ni, bu \u00f6lk\u0259d\u0259 \u0259n m\u00fcmk\u00fcns\u00fcz \u00f6hd\u0259lik, \u00f6d\u0259nilm\u0259y\u0259n borc&#8230;\n<\/p>\n<p>\n  M\u0259hz bu s\u0259b\u0259bd\u0259n s\u0259n k\u00fc\u00e7\u0259d\u0259, m\u0259nim fikrim-x\u0259yal\u0131m da s\u0259nin yan\u0131nda qald\u0131.\n<\/p>\n<p>\n  \u018flb\u0259tt\u0259, m\u0259n yuxar\u0131da sadalad\u0131\u011f\u0131m \u00f6lk\u0259l\u0259rin v\u0259t\u0259nda\u015f\u0131 olsayd\u0131m v\u0259 ad\u0131m m\u0259s\u0259l\u0259n, Barbara, Mari, Meri v\u0259 yaxud Ma\u015fa olsayd\u0131, s\u0259nin d\u0259 \u00f6z\u00fcn\u0259 g\u00f6r\u0259 q\u0259\u015f\u0259ng bir ad\u0131n olard\u0131. V\u0259 o halda m\u0259n sakit vicdanla, s\u0259n is\u0259 is\u0259 rahat yerd\u0259 ya\u015fay\u0131b d\u00fcnyan\u0131 vecimiz\u0259 almayacaqd\u0131q. Amma neyl\u0259y\u0259s\u0259n ki, m\u0259n b\u00f6y\u00fck Mirz\u0259 C\u0259lilin \u201c\u00d6l\u00fcl\u0259r\u201dind\u0259ki Nazl\u0131dan birc\u0259 qar\u0131\u015f qaba\u011fa getm\u0259mi\u015f\u0259m. N\u0259inki k\u00fc\u00e7\u0259d\u0259ki ki\u00e7icik heyvan\u0131, he\u00e7 \u00f6z\u00fcm\u00fc d\u0259 qoruya bilm\u0259r\u0259m. Bu halda s\u0259n\u0259 ad qoyma\u011fa da ixtiyar\u0131m yoxdu. Amma \u00fcr\u0259yimin k\u00f6vr\u0259k bir gu\u015f\u0259sind\u0259 Q\u0259rib kimi ya\u015fayacaqsan. \u00d6z elind\u0259 v\u0259 evind\u0259 q\u0259rib olan m\u0259nim kimi&#8230;\n<\/p>\n<p>\n  S\u0259ni daha da \u00fczm\u0259k ist\u0259m\u0259zdim, amma bilm\u0259yin vacib olan m\u0259s\u0259l\u0259l\u0259r var, Q\u0259ribim&#8230;\n<\/p>\n<p>\n  O g\u00fcnl\u0259ri d\u00fckandan s\u0259n\u0259 yem\u0259y\u0259 bir \u015feyl\u0259r alanda \u201cx\u00f6zeyin\u201d dedi ki, bu h\u0259r\u0259k\u0259tl\u0259 m\u0259n s\u0259ni qudurduram. Onun qand\u0131\u011f\u0131na g\u00f6r\u0259 heyvanlar\u0131n g\u00fcnl\u0259rl\u0259 ac qalmas\u0131 t\u0259bii hal imi\u015f. \u018fks halda onlar d\u0259rid\u0259n-qab\u0131qdan \u00e7\u0131x\u0131b \u00f6zl\u0259rin\u0259 bir par\u00e7a s\u00fcm\u00fck tapa bil\u0259rmi\u015fl\u0259r. Dem\u0259yin\u0259 heyvanlar dedi, amma anlad\u0131m ki, s\u00f6hb\u0259t eyni zamanda ikinci sinif hesab etdiyi bizl\u0259r\u0259 aiddir.\n<\/p>\n<p>\n  Sonra o s\u00f6zl\u0259rd\u0259n bir daha istifad\u0259 ed\u0259 bilm\u0259r\u0259m dey\u0259 \u0259li \u201cayfon\u201dlu, alt\u0131 \u201cC\u0130P\u201dli, ba\u015f\u0131n\u0131n \u00fcst\u00fc kameral\u0131 \u201cXudayar b\u0259y\u0259\u201d cavab verm\u0259dim. Y\u0259ni, ona x\u0259rcl\u0259y\u0259c\u0259yim s\u00f6zl\u0259r\u0259 yaz\u0131\u011f\u0131m g\u0259ldi. Yoxsa dey\u0259rdim ki, ay t\u0259p\u0259g\u00f6z, bu \u00f6lk\u0259d\u0259 y\u00fczl\u0259rl\u0259 savadl\u0131, diplomlu adam bir loxma daimi \u00e7\u00f6r\u0259k tapa bilmir, indi bu \u0259l boyda dilsiz-a\u011f\u0131zs\u0131z heyvan axtar\u0131b kimd\u0259n, hardan n\u0259 tapacaq?\n<\/p>\n<p>\n  Dedim-dem\u0259dim s\u0259n m\u0259ni bo\u015f ver, onsuz da buralarda n\u0259 yolla olur-olsun m\u0259ns\u0259b\u0259 \u00e7atanlar gerid\u0259 buraxd\u0131qlar\u0131n\u0131 h\u0259r f\u00fcrs\u0259td\u0259 al\u00e7altma\u011fa \u00e7al\u0131\u015f\u0131rlar. Bununla s\u00fcm\u00fck kimi qabaqlar\u0131na at\u0131lan t\u0259minatl\u0131 h\u0259yat \u00fc\u00e7\u00fcn itirdikl\u0259rinin qisas\u0131n\u0131 al\u0131rlar guya.\n<\/p>\n<p>\n  V\u0259 o adamda s\u00fcr-s\u00fcm\u00fck m\u00f6vzusuna h\u0259ssasl\u0131q da \u00e7ox y\u0259qin ki, burdan qaynaqlan\u0131r. Olsun, bizim \u00fc\u00e7\u00fcn n\u0259 f\u0259rq ed\u0259r adamlar s\u00fcms\u00fck olandan sonra&#8230;\n<\/p>\n<p>\n  H\u0259m d\u0259 bizim onlar\u0131 d\u0259yi\u015fdirm\u0259y\u0259 g\u00fcc\u00fcm\u00fcz \u00e7atmaz ki&#8230; Ya\u015fad\u0131\u011f\u0131m\u0131z \u015f\u0259rtl\u0259rl\u0259 yaln\u0131z \u00f6z\u00fcm\u00fcz\u00fc oldu\u011fumuz kimi saxlaya bils\u0259k \u0259n b\u00f6y\u00fck q\u0259nim\u0259tdir. Qald\u0131 ki, m\u0259nim s\u0259n\u0259 yen\u0259 bir x\u0259b\u0259rim var.<br \/>\n  <br \/>\n  Unutma, Q\u0259ribim:\n<\/p>\n<p>\n  Art\u0131q yay m\u00f6vs\u00fcm\u00fc ba\u015flay\u0131r. Bir yandan can\u0131n isin\u0259c\u0259k dey\u0259 sevins\u0259m d\u0259, bir yandan da \u00fcr\u0259yimi qorxu al\u0131r. \u00c7\u00fcnki, yay gec\u0259l\u0259ri t\u0259hl\u00fck\u0259li olur buralarda. Yaylaqlanma\u011fa g\u0259l\u0259n \u201celita\u201d balalar qiym\u0259ti \u00f6zl\u0259rind\u0259n baha avtomobill\u0259ri q\u0259fil \u015fah\u0259 qald\u0131r\u0131b \u201cg\u00f6b\u0259k\u201d oynad\u0131rlar. Aman\u0131n g\u00fcn\u00fcd\u00fcr, \u015f\u0259r vaxt\u0131 yoldan-irizd\u0259n uzaq ol, can\u0131m balacam&#8230;\n<\/p>\n<p>\n  <b><br \/>\n    Yaz\u0131 m\u00fc\u0259llifin \u015f\u0259xsi m\u00f6vqeyini \u0259ks etdirir. M\u00fc\u0259llifin m\u00f6vqeyi Meydan.Tv-nin m\u00f6vqeyi il\u0259 \u00fcst-\u00fcst\u0259 d\u00fc\u015fm\u0259y\u0259 bil\u0259r.<br \/>\n  <\/b>\n<\/p>\n<p><div><\/div><\/p>\n","protected":false},"excerpt":{"rendered":"<p>Unutma Q\u0259ribim, biz avropal\u0131 deyilik&#8230;.<\/p>\n","protected":false},"author":11,"featured_media":58367,"comment_status":"closed","ping_status":"open","sticky":false,"template":"","format":"standard","meta":{"_acf_changed":false,"_sitemap_exclude":false,"_sitemap_priority":"","_sitemap_frequency":"","footnotes":""},"categories":[57],"tags":[],"class_list":["post-176119","post","type-post","status-publish","format-standard","has-post-thumbnail","hentry","category-menim-fikrimce","infinite-scroll-item","generate-columns","tablet-grid-50","mobile-grid-100","grid-parent","grid-33","no-featured-image-padding"],"acf":[],"yoast_head":"<!-- This site is optimized with the Yoast SEO plugin v27.5 - https:\/\/yoast.com\/product\/yoast-seo-wordpress\/ -->\n<title>Bir k\u00fc\u00e7\u00fcy\u0259 sahib \u00e7\u0131xa bilm\u0259dim - MEYDAN.TV<\/title>\n<meta name=\"robots\" content=\"index, follow, max-snippet:-1, max-image-preview:large, max-video-preview:-1\" \/>\n<link rel=\"canonical\" href=\"https:\/\/www.meydan.tv\/az\/article\/bir-kucuye-sahib-cixa-bilmedim\/\" \/>\n<meta property=\"og:locale\" content=\"az_AZ\" \/>\n<meta property=\"og:type\" content=\"article\" \/>\n<meta property=\"og:title\" content=\"Bir k\u00fc\u00e7\u00fcy\u0259 sahib \u00e7\u0131xa bilm\u0259dim - MEYDAN.TV\" \/>\n<meta property=\"og:description\" content=\"Unutma Q\u0259ribim, biz avropal\u0131 deyilik....\" \/>\n<meta property=\"og:url\" content=\"https:\/\/www.meydan.tv\/az\/article\/bir-kucuye-sahib-cixa-bilmedim\/\" \/>\n<meta property=\"og:site_name\" content=\"MEYDAN.TV\" \/>\n<meta property=\"article:published_time\" content=\"2016-05-23T18:08:26+00:00\" \/>\n<meta property=\"og:image\" content=\"https:\/\/www.meydan.tv\/wp-content\/uploads\/22136.jpg\" \/>\n\t<meta property=\"og:image:width\" content=\"500\" \/>\n\t<meta property=\"og:image:height\" content=\"500\" \/>\n\t<meta property=\"og:image:type\" content=\"image\/jpeg\" \/>\n<meta name=\"author\" content=\"user-manager\" \/>\n<meta name=\"twitter:card\" content=\"summary_large_image\" \/>\n<script type=\"application\/ld+json\" class=\"yoast-schema-graph\">{\"@context\":\"https:\\\/\\\/schema.org\",\"@graph\":[{\"@type\":\"Article\",\"@id\":\"https:\\\/\\\/www.meydan.tv\\\/az\\\/article\\\/bir-kucuye-sahib-cixa-bilmedim\\\/#article\",\"isPartOf\":{\"@id\":\"https:\\\/\\\/www.meydan.tv\\\/az\\\/article\\\/bir-kucuye-sahib-cixa-bilmedim\\\/\"},\"author\":{\"name\":\"user-manager\",\"@id\":\"https:\\\/\\\/www.meydan.tv\\\/az\\\/#\\\/schema\\\/person\\\/10d11eccf6da3662cf5fdab9806ea91a\"},\"headline\":\"Bir k\u00fc\u00e7\u00fcy\u0259 sahib \u00e7\u0131xa bilm\u0259dim\",\"datePublished\":\"2016-05-23T18:08:26+00:00\",\"mainEntityOfPage\":{\"@id\":\"https:\\\/\\\/www.meydan.tv\\\/az\\\/article\\\/bir-kucuye-sahib-cixa-bilmedim\\\/\"},\"wordCount\":1049,\"publisher\":{\"@id\":\"https:\\\/\\\/www.meydan.tv\\\/az\\\/#organization\"},\"image\":{\"@id\":\"https:\\\/\\\/www.meydan.tv\\\/az\\\/article\\\/bir-kucuye-sahib-cixa-bilmedim\\\/#primaryimage\"},\"thumbnailUrl\":\"https:\\\/\\\/www.meydan.tv\\\/wp-content\\\/uploads\\\/22136.jpg\",\"articleSection\":[\"M\u0259nim Fikrimc\u0259\"],\"inLanguage\":\"az\"},{\"@type\":\"WebPage\",\"@id\":\"https:\\\/\\\/www.meydan.tv\\\/az\\\/article\\\/bir-kucuye-sahib-cixa-bilmedim\\\/\",\"url\":\"https:\\\/\\\/www.meydan.tv\\\/az\\\/article\\\/bir-kucuye-sahib-cixa-bilmedim\\\/\",\"name\":\"Bir k\u00fc\u00e7\u00fcy\u0259 sahib \u00e7\u0131xa bilm\u0259dim - MEYDAN.TV\",\"isPartOf\":{\"@id\":\"https:\\\/\\\/www.meydan.tv\\\/az\\\/#website\"},\"primaryImageOfPage\":{\"@id\":\"https:\\\/\\\/www.meydan.tv\\\/az\\\/article\\\/bir-kucuye-sahib-cixa-bilmedim\\\/#primaryimage\"},\"image\":{\"@id\":\"https:\\\/\\\/www.meydan.tv\\\/az\\\/article\\\/bir-kucuye-sahib-cixa-bilmedim\\\/#primaryimage\"},\"thumbnailUrl\":\"https:\\\/\\\/www.meydan.tv\\\/wp-content\\\/uploads\\\/22136.jpg\",\"datePublished\":\"2016-05-23T18:08:26+00:00\",\"breadcrumb\":{\"@id\":\"https:\\\/\\\/www.meydan.tv\\\/az\\\/article\\\/bir-kucuye-sahib-cixa-bilmedim\\\/#breadcrumb\"},\"inLanguage\":\"az\",\"potentialAction\":[{\"@type\":\"ReadAction\",\"target\":[\"https:\\\/\\\/www.meydan.tv\\\/az\\\/article\\\/bir-kucuye-sahib-cixa-bilmedim\\\/\"]}]},{\"@type\":\"ImageObject\",\"inLanguage\":\"az\",\"@id\":\"https:\\\/\\\/www.meydan.tv\\\/az\\\/article\\\/bir-kucuye-sahib-cixa-bilmedim\\\/#primaryimage\",\"url\":\"https:\\\/\\\/www.meydan.tv\\\/wp-content\\\/uploads\\\/22136.jpg\",\"contentUrl\":\"https:\\\/\\\/www.meydan.tv\\\/wp-content\\\/uploads\\\/22136.jpg\",\"width\":500,\"height\":500,\"caption\":\"Source:\"},{\"@type\":\"BreadcrumbList\",\"@id\":\"https:\\\/\\\/www.meydan.tv\\\/az\\\/article\\\/bir-kucuye-sahib-cixa-bilmedim\\\/#breadcrumb\",\"itemListElement\":[{\"@type\":\"ListItem\",\"position\":1,\"name\":\"Ana s\u0259hif\u0259\",\"item\":\"https:\\\/\\\/www.meydan.tv\\\/az\\\/\"},{\"@type\":\"ListItem\",\"position\":2,\"name\":\"M\u0259nim Fikrimc\u0259\",\"item\":\"https:\\\/\\\/www.meydan.tv\\\/az\\\/section\\\/menim-fikrimce\\\/\"},{\"@type\":\"ListItem\",\"position\":3,\"name\":\"Bir k\u00fc\u00e7\u00fcy\u0259 sahib \u00e7\u0131xa bilm\u0259dim\"}]},{\"@type\":\"WebSite\",\"@id\":\"https:\\\/\\\/www.meydan.tv\\\/az\\\/#website\",\"url\":\"https:\\\/\\\/www.meydan.tv\\\/az\\\/\",\"name\":\"MEYDAN.TV\",\"description\":\"Meydan TV Az\u0259rbaycan\u0131n media m\u0259kan\u0131ndak\u0131 alternativ s\u0259sidir\",\"publisher\":{\"@id\":\"https:\\\/\\\/www.meydan.tv\\\/az\\\/#organization\"},\"potentialAction\":[{\"@type\":\"SearchAction\",\"target\":{\"@type\":\"EntryPoint\",\"urlTemplate\":\"https:\\\/\\\/www.meydan.tv\\\/az\\\/?s={search_term_string}\"},\"query-input\":{\"@type\":\"PropertyValueSpecification\",\"valueRequired\":true,\"valueName\":\"search_term_string\"}}],\"inLanguage\":\"az\"},{\"@type\":\"Organization\",\"@id\":\"https:\\\/\\\/www.meydan.tv\\\/az\\\/#organization\",\"name\":\"Meydan TV\",\"url\":\"https:\\\/\\\/www.meydan.tv\\\/az\\\/\",\"logo\":{\"@type\":\"ImageObject\",\"inLanguage\":\"az\",\"@id\":\"https:\\\/\\\/www.meydan.tv\\\/az\\\/#\\\/schema\\\/logo\\\/image\\\/\",\"url\":\"https:\\\/\\\/www.meydan.tv\\\/wp-content\\\/uploads\\\/2021\\\/07\\\/meydan-logo.svg\",\"contentUrl\":\"https:\\\/\\\/www.meydan.tv\\\/wp-content\\\/uploads\\\/2021\\\/07\\\/meydan-logo.svg\",\"width\":195,\"height\":46,\"caption\":\"Meydan TV\"},\"image\":{\"@id\":\"https:\\\/\\\/www.meydan.tv\\\/az\\\/#\\\/schema\\\/logo\\\/image\\\/\"}},{\"@type\":\"Person\",\"@id\":\"https:\\\/\\\/www.meydan.tv\\\/az\\\/#\\\/schema\\\/person\\\/10d11eccf6da3662cf5fdab9806ea91a\",\"name\":\"user-manager\"}]}<\/script>\n<!-- \/ Yoast SEO plugin. -->","yoast_head_json":{"title":"Bir k\u00fc\u00e7\u00fcy\u0259 sahib \u00e7\u0131xa bilm\u0259dim - MEYDAN.TV","robots":{"index":"index","follow":"follow","max-snippet":"max-snippet:-1","max-image-preview":"max-image-preview:large","max-video-preview":"max-video-preview:-1"},"canonical":"https:\/\/www.meydan.tv\/az\/article\/bir-kucuye-sahib-cixa-bilmedim\/","og_locale":"az_AZ","og_type":"article","og_title":"Bir k\u00fc\u00e7\u00fcy\u0259 sahib \u00e7\u0131xa bilm\u0259dim - MEYDAN.TV","og_description":"Unutma Q\u0259ribim, biz avropal\u0131 deyilik....","og_url":"https:\/\/www.meydan.tv\/az\/article\/bir-kucuye-sahib-cixa-bilmedim\/","og_site_name":"MEYDAN.TV","article_published_time":"2016-05-23T18:08:26+00:00","og_image":[{"width":500,"height":500,"url":"https:\/\/www.meydan.tv\/wp-content\/uploads\/22136.jpg","type":"image\/jpeg"}],"author":"user-manager","twitter_card":"summary_large_image","schema":{"@context":"https:\/\/schema.org","@graph":[{"@type":"Article","@id":"https:\/\/www.meydan.tv\/az\/article\/bir-kucuye-sahib-cixa-bilmedim\/#article","isPartOf":{"@id":"https:\/\/www.meydan.tv\/az\/article\/bir-kucuye-sahib-cixa-bilmedim\/"},"author":{"name":"user-manager","@id":"https:\/\/www.meydan.tv\/az\/#\/schema\/person\/10d11eccf6da3662cf5fdab9806ea91a"},"headline":"Bir k\u00fc\u00e7\u00fcy\u0259 sahib \u00e7\u0131xa bilm\u0259dim","datePublished":"2016-05-23T18:08:26+00:00","mainEntityOfPage":{"@id":"https:\/\/www.meydan.tv\/az\/article\/bir-kucuye-sahib-cixa-bilmedim\/"},"wordCount":1049,"publisher":{"@id":"https:\/\/www.meydan.tv\/az\/#organization"},"image":{"@id":"https:\/\/www.meydan.tv\/az\/article\/bir-kucuye-sahib-cixa-bilmedim\/#primaryimage"},"thumbnailUrl":"https:\/\/www.meydan.tv\/wp-content\/uploads\/22136.jpg","articleSection":["M\u0259nim Fikrimc\u0259"],"inLanguage":"az"},{"@type":"WebPage","@id":"https:\/\/www.meydan.tv\/az\/article\/bir-kucuye-sahib-cixa-bilmedim\/","url":"https:\/\/www.meydan.tv\/az\/article\/bir-kucuye-sahib-cixa-bilmedim\/","name":"Bir k\u00fc\u00e7\u00fcy\u0259 sahib \u00e7\u0131xa bilm\u0259dim - MEYDAN.TV","isPartOf":{"@id":"https:\/\/www.meydan.tv\/az\/#website"},"primaryImageOfPage":{"@id":"https:\/\/www.meydan.tv\/az\/article\/bir-kucuye-sahib-cixa-bilmedim\/#primaryimage"},"image":{"@id":"https:\/\/www.meydan.tv\/az\/article\/bir-kucuye-sahib-cixa-bilmedim\/#primaryimage"},"thumbnailUrl":"https:\/\/www.meydan.tv\/wp-content\/uploads\/22136.jpg","datePublished":"2016-05-23T18:08:26+00:00","breadcrumb":{"@id":"https:\/\/www.meydan.tv\/az\/article\/bir-kucuye-sahib-cixa-bilmedim\/#breadcrumb"},"inLanguage":"az","potentialAction":[{"@type":"ReadAction","target":["https:\/\/www.meydan.tv\/az\/article\/bir-kucuye-sahib-cixa-bilmedim\/"]}]},{"@type":"ImageObject","inLanguage":"az","@id":"https:\/\/www.meydan.tv\/az\/article\/bir-kucuye-sahib-cixa-bilmedim\/#primaryimage","url":"https:\/\/www.meydan.tv\/wp-content\/uploads\/22136.jpg","contentUrl":"https:\/\/www.meydan.tv\/wp-content\/uploads\/22136.jpg","width":500,"height":500,"caption":"Source:"},{"@type":"BreadcrumbList","@id":"https:\/\/www.meydan.tv\/az\/article\/bir-kucuye-sahib-cixa-bilmedim\/#breadcrumb","itemListElement":[{"@type":"ListItem","position":1,"name":"Ana s\u0259hif\u0259","item":"https:\/\/www.meydan.tv\/az\/"},{"@type":"ListItem","position":2,"name":"M\u0259nim Fikrimc\u0259","item":"https:\/\/www.meydan.tv\/az\/section\/menim-fikrimce\/"},{"@type":"ListItem","position":3,"name":"Bir k\u00fc\u00e7\u00fcy\u0259 sahib \u00e7\u0131xa bilm\u0259dim"}]},{"@type":"WebSite","@id":"https:\/\/www.meydan.tv\/az\/#website","url":"https:\/\/www.meydan.tv\/az\/","name":"MEYDAN.TV","description":"Meydan TV Az\u0259rbaycan\u0131n media m\u0259kan\u0131ndak\u0131 alternativ s\u0259sidir","publisher":{"@id":"https:\/\/www.meydan.tv\/az\/#organization"},"potentialAction":[{"@type":"SearchAction","target":{"@type":"EntryPoint","urlTemplate":"https:\/\/www.meydan.tv\/az\/?s={search_term_string}"},"query-input":{"@type":"PropertyValueSpecification","valueRequired":true,"valueName":"search_term_string"}}],"inLanguage":"az"},{"@type":"Organization","@id":"https:\/\/www.meydan.tv\/az\/#organization","name":"Meydan TV","url":"https:\/\/www.meydan.tv\/az\/","logo":{"@type":"ImageObject","inLanguage":"az","@id":"https:\/\/www.meydan.tv\/az\/#\/schema\/logo\/image\/","url":"https:\/\/www.meydan.tv\/wp-content\/uploads\/2021\/07\/meydan-logo.svg","contentUrl":"https:\/\/www.meydan.tv\/wp-content\/uploads\/2021\/07\/meydan-logo.svg","width":195,"height":46,"caption":"Meydan TV"},"image":{"@id":"https:\/\/www.meydan.tv\/az\/#\/schema\/logo\/image\/"}},{"@type":"Person","@id":"https:\/\/www.meydan.tv\/az\/#\/schema\/person\/10d11eccf6da3662cf5fdab9806ea91a","name":"user-manager"}]}},"_links":{"self":[{"href":"https:\/\/www.meydan.tv\/az\/wp-json\/wp\/v2\/posts\/176119","targetHints":{"allow":["GET"]}}],"collection":[{"href":"https:\/\/www.meydan.tv\/az\/wp-json\/wp\/v2\/posts"}],"about":[{"href":"https:\/\/www.meydan.tv\/az\/wp-json\/wp\/v2\/types\/post"}],"author":[{"embeddable":true,"href":"https:\/\/www.meydan.tv\/az\/wp-json\/wp\/v2\/users\/11"}],"replies":[{"embeddable":true,"href":"https:\/\/www.meydan.tv\/az\/wp-json\/wp\/v2\/comments?post=176119"}],"version-history":[{"count":0,"href":"https:\/\/www.meydan.tv\/az\/wp-json\/wp\/v2\/posts\/176119\/revisions"}],"wp:featuredmedia":[{"embeddable":true,"href":"https:\/\/www.meydan.tv\/az\/wp-json\/wp\/v2\/media\/58367"}],"wp:attachment":[{"href":"https:\/\/www.meydan.tv\/az\/wp-json\/wp\/v2\/media?parent=176119"}],"wp:term":[{"taxonomy":"category","embeddable":true,"href":"https:\/\/www.meydan.tv\/az\/wp-json\/wp\/v2\/categories?post=176119"},{"taxonomy":"post_tag","embeddable":true,"href":"https:\/\/www.meydan.tv\/az\/wp-json\/wp\/v2\/tags?post=176119"}],"curies":[{"name":"wp","href":"https:\/\/api.w.org\/{rel}","templated":true}]}}