{"id":176078,"date":"2016-05-20T14:23:20","date_gmt":"2016-05-20T14:23:20","guid":{"rendered":"https:\/\/www.meydan.tv\/article\/rusiya-suhlmeramlilar-barede-danismagin-tez-oldugunu-dusunur\/"},"modified":"2016-05-20T14:23:20","modified_gmt":"2016-05-20T14:23:20","slug":"rusiya-suhlmeramlilar-barede-danismagin-tez-oldugunu-dusunur","status":"publish","type":"post","link":"https:\/\/www.meydan.tv\/az\/article\/rusiya-suhlmeramlilar-barede-danismagin-tez-oldugunu-dusunur\/","title":{"rendered":"Rusiya s\u00fchlm\u0259raml\u0131lar bar\u0259d\u0259 dan\u0131\u015fma\u011f\u0131n tez oldu\u011funu d\u00fc\u015f\u00fcn\u00fcr"},"content":{"rendered":"<figure class=\"wp-block-image size-large\">\n  <img decoding=\"async\" src=\"https:\/\/www.meydan.tv\/az\/rusiya-xin-2\/\" alt=\"Rusiya X\u0130N\" class=\"wp-image-58193\"\/><figcaption>\n    Rusiya X\u0130N<br \/>\n  <\/figcaption><\/figure>\n<p>\n  <i><br \/>\n    &#8221;He\u00e7 kim r\u0259sm\u0259n bu c\u00fcr t\u0259klif ir\u0259li s\u00fcrm\u0259yib&#8221;<br \/>\n  <\/i>\n<\/p>\n<p>\n  \u201cQaraba\u011f m\u00fcnaqi\u015f\u0259si il\u0259 ba\u011fl\u0131 raz\u0131l\u0131q \u0259ld\u0259 edil\u0259n zaman ilkin m\u0259rh\u0259l\u0259d\u0259 s\u00fclhm\u0259raml\u0131 q\u00fcvv\u0259l\u0259r b\u00f6lg\u0259d\u0259 yerl\u0259\u015fdiril\u0259 bil\u0259r. Bu m\u0259s\u0259l\u0259d\u0259 qaba\u011fa qa\u00e7ma\u011fa ehtiyac yoxdur, ona aktuall\u0131q s\u0259viyy\u0259sin\u0259 uy\u011fun olaraq qay\u0131tmaq laz\u0131md\u0131r\u201d.<br \/>\n  <br \/>\n  APA-n\u0131n m\u0259lumat\u0131na g\u00f6r\u0259, bunu Moskvada erm\u0259ni jurnalistl\u0259r\u0259 a\u00e7\u0131qlamas\u0131nda Rusiya Xarici \u0130\u015fl\u0259r Nazirliyinin MDB \u00f6lk\u0259l\u0259ri \u00fczr\u0259 IV Departamentinin direktoru Aleksey Pavlovskiy deyib.<\/p>\n<p>  S\u00fclhm\u0259raml\u0131 q\u00fcvv\u0259l\u0259rin Da\u011fl\u0131q Qaraba\u011fda yerl\u0259\u015fdirilm\u0259si ehtimal\u0131na g\u0259ldikd\u0259 is\u0259 A. Pavlovskiy qeyd edib ki, m\u0259s\u0259l\u0259 Madrid prinsipl\u0259rind\u0259n ba\u015flayaraq dan\u0131\u015f\u0131qlar masas\u0131 \u00fcz\u0259rind\u0259 olan nizamlanma sxeml\u0259rind\u0259 yer al\u0131b. \u201cQaraba\u011f m\u00fcnaqi\u015f\u0259sinin h\u0259rbi yolla h\u0259llinin olmamas\u0131 haqq\u0131nda fundamental ideyan\u0131n d\u0259st\u0259kl\u0259nm\u0259si \u0259n \u0259sas m\u0259s\u0259l\u0259dir. Bu ideya b\u0259z\u0259n ritorik, b\u0259z\u0259n is\u0259 t\u0259cr\u00fcb\u0259d\u0259 \u015f\u00fcbh\u0259 alt\u0131na al\u0131n\u0131r. Rusiya v\u0259 dig\u0259r h\u0259ms\u0259dr \u00f6lk\u0259l\u0259r birm\u0259nal\u0131 olaraq ka\u011f\u0131z \u00fcz\u0259rind\u0259 \u00f6z m\u00f6vqeyini t\u0259sdiql\u0259m\u0259lidir ki, 1994-1995-ci ill\u0259rd\u0259 \u0259ld\u0259 olunan raz\u0131la\u015fmalar at\u0259\u015fk\u0259s v\u0259 s\u00fclh prosesinin davam etdirilm\u0259si \u00fc\u00e7\u00fcn fundament olaraq qal\u0131r\u201d.<\/p>\n<p>  Da\u011fl\u0131q Qaraba\u011f separat\u00e7\u0131lar\u0131n\u0131n t\u0259r\u0259f kimi dan\u0131\u015f\u0131qlar prosesin\u0259 qay\u0131tmas\u0131 m\u0259s\u0259l\u0259sin\u0259 toxunan rusiyal\u0131 diplomat Erm\u0259nistan\u0131n \u201cDQR\u201din dan\u0131\u015f\u0131qlar prosesind\u0259 t\u0259r\u0259f kimi t\u0259msil\u00e7iliyi haqq\u0131nda r\u0259smi b\u0259yanat verm\u0259diyinin vur\u011fulay\u0131b. \u201cHe\u00e7 kim r\u0259sm\u0259n bu c\u00fcr t\u0259klif ir\u0259li s\u00fcrm\u0259yib\u201d, &#8211; dey\u0259 o qeyd edib.<\/p>\n","protected":false},"excerpt":{"rendered":"<p>&#8221;He\u00e7 kim r\u0259sm\u0259n bu c\u00fcr t\u0259klif ir\u0259li s\u00fcrm\u0259yib&#8221;<\/p>\n","protected":false},"author":11,"featured_media":58193,"comment_status":"closed","ping_status":"open","sticky":false,"template":"","format":"standard","meta":{"_acf_changed":false,"_sitemap_exclude":false,"_sitemap_priority":"","_sitemap_frequency":"","footnotes":""},"categories":[51],"tags":[],"class_list":["post-176078","post","type-post","status-publish","format-standard","has-post-thumbnail","hentry","category-analitika","infinite-scroll-item","generate-columns","tablet-grid-50","mobile-grid-100","grid-parent","grid-33","no-featured-image-padding"],"acf":[],"yoast_head":"<!-- This site is optimized with the Yoast SEO plugin v27.5 - https:\/\/yoast.com\/product\/yoast-seo-wordpress\/ -->\n<title>Rusiya s\u00fchlm\u0259raml\u0131lar bar\u0259d\u0259 dan\u0131\u015fma\u011f\u0131n tez oldu\u011funu d\u00fc\u015f\u00fcn\u00fcr - MEYDAN.TV<\/title>\n<meta name=\"robots\" content=\"index, follow, max-snippet:-1, max-image-preview:large, max-video-preview:-1\" \/>\n<link rel=\"canonical\" href=\"https:\/\/www.meydan.tv\/az\/article\/rusiya-suhlmeramlilar-barede-danismagin-tez-oldugunu-dusunur\/\" \/>\n<meta property=\"og:locale\" content=\"az_AZ\" \/>\n<meta property=\"og:type\" content=\"article\" \/>\n<meta property=\"og:title\" content=\"Rusiya s\u00fchlm\u0259raml\u0131lar bar\u0259d\u0259 dan\u0131\u015fma\u011f\u0131n tez oldu\u011funu d\u00fc\u015f\u00fcn\u00fcr - MEYDAN.TV\" \/>\n<meta property=\"og:description\" content=\"&#039;&#039;He\u00e7 kim r\u0259sm\u0259n bu c\u00fcr t\u0259klif ir\u0259li s\u00fcrm\u0259yib&#039;&#039;\" \/>\n<meta property=\"og:url\" content=\"https:\/\/www.meydan.tv\/az\/article\/rusiya-suhlmeramlilar-barede-danismagin-tez-oldugunu-dusunur\/\" \/>\n<meta property=\"og:site_name\" content=\"MEYDAN.TV\" \/>\n<meta property=\"article:published_time\" content=\"2016-05-20T14:23:20+00:00\" \/>\n<meta property=\"og:image\" content=\"https:\/\/www.meydan.tv\/wp-content\/uploads\/22059.gif\" \/>\n\t<meta property=\"og:image:width\" content=\"768\" \/>\n\t<meta property=\"og:image:height\" content=\"567\" \/>\n\t<meta property=\"og:image:type\" content=\"image\/gif\" \/>\n<meta name=\"author\" content=\"user-manager\" \/>\n<meta name=\"twitter:card\" content=\"summary_large_image\" \/>\n<script type=\"application\/ld+json\" class=\"yoast-schema-graph\">{\"@context\":\"https:\\\/\\\/schema.org\",\"@graph\":[{\"@type\":\"Article\",\"@id\":\"https:\\\/\\\/www.meydan.tv\\\/az\\\/article\\\/rusiya-suhlmeramlilar-barede-danismagin-tez-oldugunu-dusunur\\\/#article\",\"isPartOf\":{\"@id\":\"https:\\\/\\\/www.meydan.tv\\\/az\\\/article\\\/rusiya-suhlmeramlilar-barede-danismagin-tez-oldugunu-dusunur\\\/\"},\"author\":{\"name\":\"user-manager\",\"@id\":\"https:\\\/\\\/www.meydan.tv\\\/az\\\/#\\\/schema\\\/person\\\/10d11eccf6da3662cf5fdab9806ea91a\"},\"headline\":\"Rusiya s\u00fchlm\u0259raml\u0131lar bar\u0259d\u0259 dan\u0131\u015fma\u011f\u0131n tez oldu\u011funu d\u00fc\u015f\u00fcn\u00fcr\",\"datePublished\":\"2016-05-20T14:23:20+00:00\",\"mainEntityOfPage\":{\"@id\":\"https:\\\/\\\/www.meydan.tv\\\/az\\\/article\\\/rusiya-suhlmeramlilar-barede-danismagin-tez-oldugunu-dusunur\\\/\"},\"wordCount\":336,\"publisher\":{\"@id\":\"https:\\\/\\\/www.meydan.tv\\\/az\\\/#organization\"},\"image\":{\"@id\":\"https:\\\/\\\/www.meydan.tv\\\/az\\\/article\\\/rusiya-suhlmeramlilar-barede-danismagin-tez-oldugunu-dusunur\\\/#primaryimage\"},\"thumbnailUrl\":\"https:\\\/\\\/www.meydan.tv\\\/wp-content\\\/uploads\\\/22059.gif\",\"articleSection\":[\"Analitika\"],\"inLanguage\":\"az\"},{\"@type\":\"WebPage\",\"@id\":\"https:\\\/\\\/www.meydan.tv\\\/az\\\/article\\\/rusiya-suhlmeramlilar-barede-danismagin-tez-oldugunu-dusunur\\\/\",\"url\":\"https:\\\/\\\/www.meydan.tv\\\/az\\\/article\\\/rusiya-suhlmeramlilar-barede-danismagin-tez-oldugunu-dusunur\\\/\",\"name\":\"Rusiya s\u00fchlm\u0259raml\u0131lar bar\u0259d\u0259 dan\u0131\u015fma\u011f\u0131n tez oldu\u011funu d\u00fc\u015f\u00fcn\u00fcr - MEYDAN.TV\",\"isPartOf\":{\"@id\":\"https:\\\/\\\/www.meydan.tv\\\/az\\\/#website\"},\"primaryImageOfPage\":{\"@id\":\"https:\\\/\\\/www.meydan.tv\\\/az\\\/article\\\/rusiya-suhlmeramlilar-barede-danismagin-tez-oldugunu-dusunur\\\/#primaryimage\"},\"image\":{\"@id\":\"https:\\\/\\\/www.meydan.tv\\\/az\\\/article\\\/rusiya-suhlmeramlilar-barede-danismagin-tez-oldugunu-dusunur\\\/#primaryimage\"},\"thumbnailUrl\":\"https:\\\/\\\/www.meydan.tv\\\/wp-content\\\/uploads\\\/22059.gif\",\"datePublished\":\"2016-05-20T14:23:20+00:00\",\"breadcrumb\":{\"@id\":\"https:\\\/\\\/www.meydan.tv\\\/az\\\/article\\\/rusiya-suhlmeramlilar-barede-danismagin-tez-oldugunu-dusunur\\\/#breadcrumb\"},\"inLanguage\":\"az\",\"potentialAction\":[{\"@type\":\"ReadAction\",\"target\":[\"https:\\\/\\\/www.meydan.tv\\\/az\\\/article\\\/rusiya-suhlmeramlilar-barede-danismagin-tez-oldugunu-dusunur\\\/\"]}]},{\"@type\":\"ImageObject\",\"inLanguage\":\"az\",\"@id\":\"https:\\\/\\\/www.meydan.tv\\\/az\\\/article\\\/rusiya-suhlmeramlilar-barede-danismagin-tez-oldugunu-dusunur\\\/#primaryimage\",\"url\":\"https:\\\/\\\/www.meydan.tv\\\/wp-content\\\/uploads\\\/22059.gif\",\"contentUrl\":\"https:\\\/\\\/www.meydan.tv\\\/wp-content\\\/uploads\\\/22059.gif\",\"width\":768,\"height\":567,\"caption\":\"Source:\"},{\"@type\":\"BreadcrumbList\",\"@id\":\"https:\\\/\\\/www.meydan.tv\\\/az\\\/article\\\/rusiya-suhlmeramlilar-barede-danismagin-tez-oldugunu-dusunur\\\/#breadcrumb\",\"itemListElement\":[{\"@type\":\"ListItem\",\"position\":1,\"name\":\"Ana s\u0259hif\u0259\",\"item\":\"https:\\\/\\\/www.meydan.tv\\\/az\\\/\"},{\"@type\":\"ListItem\",\"position\":2,\"name\":\"Analitika\",\"item\":\"https:\\\/\\\/www.meydan.tv\\\/az\\\/section\\\/analitika\\\/\"},{\"@type\":\"ListItem\",\"position\":3,\"name\":\"Rusiya s\u00fchlm\u0259raml\u0131lar bar\u0259d\u0259 dan\u0131\u015fma\u011f\u0131n tez oldu\u011funu d\u00fc\u015f\u00fcn\u00fcr\"}]},{\"@type\":\"WebSite\",\"@id\":\"https:\\\/\\\/www.meydan.tv\\\/az\\\/#website\",\"url\":\"https:\\\/\\\/www.meydan.tv\\\/az\\\/\",\"name\":\"MEYDAN.TV\",\"description\":\"Meydan TV Az\u0259rbaycan\u0131n media m\u0259kan\u0131ndak\u0131 alternativ s\u0259sidir\",\"publisher\":{\"@id\":\"https:\\\/\\\/www.meydan.tv\\\/az\\\/#organization\"},\"potentialAction\":[{\"@type\":\"SearchAction\",\"target\":{\"@type\":\"EntryPoint\",\"urlTemplate\":\"https:\\\/\\\/www.meydan.tv\\\/az\\\/?s={search_term_string}\"},\"query-input\":{\"@type\":\"PropertyValueSpecification\",\"valueRequired\":true,\"valueName\":\"search_term_string\"}}],\"inLanguage\":\"az\"},{\"@type\":\"Organization\",\"@id\":\"https:\\\/\\\/www.meydan.tv\\\/az\\\/#organization\",\"name\":\"Meydan TV\",\"url\":\"https:\\\/\\\/www.meydan.tv\\\/az\\\/\",\"logo\":{\"@type\":\"ImageObject\",\"inLanguage\":\"az\",\"@id\":\"https:\\\/\\\/www.meydan.tv\\\/az\\\/#\\\/schema\\\/logo\\\/image\\\/\",\"url\":\"https:\\\/\\\/www.meydan.tv\\\/wp-content\\\/uploads\\\/2021\\\/07\\\/meydan-logo.svg\",\"contentUrl\":\"https:\\\/\\\/www.meydan.tv\\\/wp-content\\\/uploads\\\/2021\\\/07\\\/meydan-logo.svg\",\"width\":195,\"height\":46,\"caption\":\"Meydan TV\"},\"image\":{\"@id\":\"https:\\\/\\\/www.meydan.tv\\\/az\\\/#\\\/schema\\\/logo\\\/image\\\/\"}},{\"@type\":\"Person\",\"@id\":\"https:\\\/\\\/www.meydan.tv\\\/az\\\/#\\\/schema\\\/person\\\/10d11eccf6da3662cf5fdab9806ea91a\",\"name\":\"user-manager\"}]}<\/script>\n<!-- \/ Yoast SEO plugin. -->","yoast_head_json":{"title":"Rusiya s\u00fchlm\u0259raml\u0131lar bar\u0259d\u0259 dan\u0131\u015fma\u011f\u0131n tez oldu\u011funu d\u00fc\u015f\u00fcn\u00fcr - MEYDAN.TV","robots":{"index":"index","follow":"follow","max-snippet":"max-snippet:-1","max-image-preview":"max-image-preview:large","max-video-preview":"max-video-preview:-1"},"canonical":"https:\/\/www.meydan.tv\/az\/article\/rusiya-suhlmeramlilar-barede-danismagin-tez-oldugunu-dusunur\/","og_locale":"az_AZ","og_type":"article","og_title":"Rusiya s\u00fchlm\u0259raml\u0131lar bar\u0259d\u0259 dan\u0131\u015fma\u011f\u0131n tez oldu\u011funu d\u00fc\u015f\u00fcn\u00fcr - MEYDAN.TV","og_description":"''He\u00e7 kim r\u0259sm\u0259n bu c\u00fcr t\u0259klif ir\u0259li s\u00fcrm\u0259yib''","og_url":"https:\/\/www.meydan.tv\/az\/article\/rusiya-suhlmeramlilar-barede-danismagin-tez-oldugunu-dusunur\/","og_site_name":"MEYDAN.TV","article_published_time":"2016-05-20T14:23:20+00:00","og_image":[{"width":768,"height":567,"url":"https:\/\/www.meydan.tv\/wp-content\/uploads\/22059.gif","type":"image\/gif"}],"author":"user-manager","twitter_card":"summary_large_image","schema":{"@context":"https:\/\/schema.org","@graph":[{"@type":"Article","@id":"https:\/\/www.meydan.tv\/az\/article\/rusiya-suhlmeramlilar-barede-danismagin-tez-oldugunu-dusunur\/#article","isPartOf":{"@id":"https:\/\/www.meydan.tv\/az\/article\/rusiya-suhlmeramlilar-barede-danismagin-tez-oldugunu-dusunur\/"},"author":{"name":"user-manager","@id":"https:\/\/www.meydan.tv\/az\/#\/schema\/person\/10d11eccf6da3662cf5fdab9806ea91a"},"headline":"Rusiya s\u00fchlm\u0259raml\u0131lar bar\u0259d\u0259 dan\u0131\u015fma\u011f\u0131n tez oldu\u011funu d\u00fc\u015f\u00fcn\u00fcr","datePublished":"2016-05-20T14:23:20+00:00","mainEntityOfPage":{"@id":"https:\/\/www.meydan.tv\/az\/article\/rusiya-suhlmeramlilar-barede-danismagin-tez-oldugunu-dusunur\/"},"wordCount":336,"publisher":{"@id":"https:\/\/www.meydan.tv\/az\/#organization"},"image":{"@id":"https:\/\/www.meydan.tv\/az\/article\/rusiya-suhlmeramlilar-barede-danismagin-tez-oldugunu-dusunur\/#primaryimage"},"thumbnailUrl":"https:\/\/www.meydan.tv\/wp-content\/uploads\/22059.gif","articleSection":["Analitika"],"inLanguage":"az"},{"@type":"WebPage","@id":"https:\/\/www.meydan.tv\/az\/article\/rusiya-suhlmeramlilar-barede-danismagin-tez-oldugunu-dusunur\/","url":"https:\/\/www.meydan.tv\/az\/article\/rusiya-suhlmeramlilar-barede-danismagin-tez-oldugunu-dusunur\/","name":"Rusiya s\u00fchlm\u0259raml\u0131lar bar\u0259d\u0259 dan\u0131\u015fma\u011f\u0131n tez oldu\u011funu d\u00fc\u015f\u00fcn\u00fcr - MEYDAN.TV","isPartOf":{"@id":"https:\/\/www.meydan.tv\/az\/#website"},"primaryImageOfPage":{"@id":"https:\/\/www.meydan.tv\/az\/article\/rusiya-suhlmeramlilar-barede-danismagin-tez-oldugunu-dusunur\/#primaryimage"},"image":{"@id":"https:\/\/www.meydan.tv\/az\/article\/rusiya-suhlmeramlilar-barede-danismagin-tez-oldugunu-dusunur\/#primaryimage"},"thumbnailUrl":"https:\/\/www.meydan.tv\/wp-content\/uploads\/22059.gif","datePublished":"2016-05-20T14:23:20+00:00","breadcrumb":{"@id":"https:\/\/www.meydan.tv\/az\/article\/rusiya-suhlmeramlilar-barede-danismagin-tez-oldugunu-dusunur\/#breadcrumb"},"inLanguage":"az","potentialAction":[{"@type":"ReadAction","target":["https:\/\/www.meydan.tv\/az\/article\/rusiya-suhlmeramlilar-barede-danismagin-tez-oldugunu-dusunur\/"]}]},{"@type":"ImageObject","inLanguage":"az","@id":"https:\/\/www.meydan.tv\/az\/article\/rusiya-suhlmeramlilar-barede-danismagin-tez-oldugunu-dusunur\/#primaryimage","url":"https:\/\/www.meydan.tv\/wp-content\/uploads\/22059.gif","contentUrl":"https:\/\/www.meydan.tv\/wp-content\/uploads\/22059.gif","width":768,"height":567,"caption":"Source:"},{"@type":"BreadcrumbList","@id":"https:\/\/www.meydan.tv\/az\/article\/rusiya-suhlmeramlilar-barede-danismagin-tez-oldugunu-dusunur\/#breadcrumb","itemListElement":[{"@type":"ListItem","position":1,"name":"Ana s\u0259hif\u0259","item":"https:\/\/www.meydan.tv\/az\/"},{"@type":"ListItem","position":2,"name":"Analitika","item":"https:\/\/www.meydan.tv\/az\/section\/analitika\/"},{"@type":"ListItem","position":3,"name":"Rusiya s\u00fchlm\u0259raml\u0131lar bar\u0259d\u0259 dan\u0131\u015fma\u011f\u0131n tez oldu\u011funu d\u00fc\u015f\u00fcn\u00fcr"}]},{"@type":"WebSite","@id":"https:\/\/www.meydan.tv\/az\/#website","url":"https:\/\/www.meydan.tv\/az\/","name":"MEYDAN.TV","description":"Meydan TV Az\u0259rbaycan\u0131n media m\u0259kan\u0131ndak\u0131 alternativ s\u0259sidir","publisher":{"@id":"https:\/\/www.meydan.tv\/az\/#organization"},"potentialAction":[{"@type":"SearchAction","target":{"@type":"EntryPoint","urlTemplate":"https:\/\/www.meydan.tv\/az\/?s={search_term_string}"},"query-input":{"@type":"PropertyValueSpecification","valueRequired":true,"valueName":"search_term_string"}}],"inLanguage":"az"},{"@type":"Organization","@id":"https:\/\/www.meydan.tv\/az\/#organization","name":"Meydan TV","url":"https:\/\/www.meydan.tv\/az\/","logo":{"@type":"ImageObject","inLanguage":"az","@id":"https:\/\/www.meydan.tv\/az\/#\/schema\/logo\/image\/","url":"https:\/\/www.meydan.tv\/wp-content\/uploads\/2021\/07\/meydan-logo.svg","contentUrl":"https:\/\/www.meydan.tv\/wp-content\/uploads\/2021\/07\/meydan-logo.svg","width":195,"height":46,"caption":"Meydan TV"},"image":{"@id":"https:\/\/www.meydan.tv\/az\/#\/schema\/logo\/image\/"}},{"@type":"Person","@id":"https:\/\/www.meydan.tv\/az\/#\/schema\/person\/10d11eccf6da3662cf5fdab9806ea91a","name":"user-manager"}]}},"_links":{"self":[{"href":"https:\/\/www.meydan.tv\/az\/wp-json\/wp\/v2\/posts\/176078","targetHints":{"allow":["GET"]}}],"collection":[{"href":"https:\/\/www.meydan.tv\/az\/wp-json\/wp\/v2\/posts"}],"about":[{"href":"https:\/\/www.meydan.tv\/az\/wp-json\/wp\/v2\/types\/post"}],"author":[{"embeddable":true,"href":"https:\/\/www.meydan.tv\/az\/wp-json\/wp\/v2\/users\/11"}],"replies":[{"embeddable":true,"href":"https:\/\/www.meydan.tv\/az\/wp-json\/wp\/v2\/comments?post=176078"}],"version-history":[{"count":0,"href":"https:\/\/www.meydan.tv\/az\/wp-json\/wp\/v2\/posts\/176078\/revisions"}],"wp:featuredmedia":[{"embeddable":true,"href":"https:\/\/www.meydan.tv\/az\/wp-json\/wp\/v2\/media\/58193"}],"wp:attachment":[{"href":"https:\/\/www.meydan.tv\/az\/wp-json\/wp\/v2\/media?parent=176078"}],"wp:term":[{"taxonomy":"category","embeddable":true,"href":"https:\/\/www.meydan.tv\/az\/wp-json\/wp\/v2\/categories?post=176078"},{"taxonomy":"post_tag","embeddable":true,"href":"https:\/\/www.meydan.tv\/az\/wp-json\/wp\/v2\/tags?post=176078"}],"curies":[{"name":"wp","href":"https:\/\/api.w.org\/{rel}","templated":true}]}}